{"id":483961,"date":"2014-02-05T15:40:28","date_gmt":"2014-02-05T16:40:28","guid":{"rendered":"http:\/\/www.eldigitaldeasturias.com\/noticias\/?p=483961"},"modified":"2014-02-05T15:40:28","modified_gmt":"2014-02-05T16:40:28","slug":"un-nuevo-temporal-afectara-manana-a-asturias","status":"publish","type":"post","link":"https:\/\/www.eldigitaldeasturias.com\/noticias\/un-nuevo-temporal-afectara-manana-a-asturias\/","title":{"rendered":"Un nuevo temporal afectar\u00e1 ma\u00f1ana a Asturias"},"content":{"rendered":"<p><img loading=\"lazy\" decoding=\"async\" class=\"alignleft size-medium wp-image-483568\" alt=\"olas\" src=\"https:\/\/www.eldigitaldeasturias.com\/noticias\/wp-content\/uploads\/2014\/02\/olas-360x269.jpg\" width=\"360\" height=\"269\" \/>Madrid\/Oviedo, 5 feb (EFE).- Una nueva borrasca atl\u00e1ntica pr\u00f3xima a las costas de Galicia dar\u00e1 lugar a un nuevo temporal con vientos fuertes o muy fuertes en Galicia, Asturias, Cantabria, zonas de alta monta\u00f1a de la mitad norte peninsular y Castilla y Le\u00f3n.<\/p>\n<p>El Principado estar\u00e1 ma\u00f1ana en alerta naranja por vientos de hasta 120 kil\u00f3metros por hora en la Suroccidental asturiana, la Cordillera y Picos de Europa, y de hasta 110 en la Central, Valles Mineros y litoral occidental asturiano.<\/p>\n<p>El litoral asturiano tambi\u00e9n estar\u00e1 en alerta naranja por fen\u00f3menos costeros por olas de entre cinco y siete metros.<\/p>\n<p>Seg\u00fan ha explicado a Efe la portavoz de la Aemet, Ana Casals, hoy se han llegado a registrar rachas de viento de 101 kil\u00f3metros por hora en zonas de Asturias y en A Coru\u00f1a, y \u00abla superborrasca\u00bb de estos \u00faltimos d\u00edas se restringe al sur peninsular.<\/p>\n<p>\u00abEsta semana y la que viene vendr\u00e1 con un paso sucesivo de frentes, asociados a borrascas profundas atl\u00e1nticas, que nos dejar\u00e1n lluvias muy importantes. Afectar\u00e1 en especial a Galicia\u00bb.<\/p>\n<p>En general, no habr\u00e1 grandes nevadas ni heladas, pero s\u00ed lluvias.<\/p>\n","protected":false},"excerpt":{"rendered":"<p>Madrid\/Oviedo, 5 feb (EFE).- Una nueva borrasca atl\u00e1ntica pr\u00f3xima a las costas de Galicia dar\u00e1 lugar a un nuevo temporal con vientos fuertes o muy fuertes en Galicia, Asturias, Cantabria, zonas de alta monta\u00f1a de la mitad norte peninsular y Castilla y Le\u00f3n. El Principado estar\u00e1 ma\u00f1ana en alerta naranja por vientos de hasta 120 [&hellip;]<\/p>\n","protected":false},"author":1,"featured_media":483568,"comment_status":"closed","ping_status":"open","sticky":false,"template":"","format":"standard","meta":{"footnotes":""},"categories":[1,12],"tags":[],"class_list":["post-483961","post","type-post","status-publish","format-standard","has-post-thumbnail","hentry","category-actualidad","category-actualidad-asturias"],"aioseo_notices":[],"aioseo_head":"\n\t\t<!-- All in One SEO Pro 5.0.1 - aioseo.com -->\n\t<meta name=\"description\" content=\"Madrid\/Oviedo, 5 feb (EFE).- Una nueva borrasca atl\u00e1ntica pr\u00f3xima a las costas de Galicia dar\u00e1 lugar a un nuevo temporal con vientos fuertes o muy fuertes en Galicia, Asturias, Cantabria, zonas de alta monta\u00f1a de la mitad norte peninsular y Castilla y Le\u00f3n. El Principado estar\u00e1 ma\u00f1ana en alerta naranja por vientos de hasta 120\" \/>\n\t<meta name=\"robots\" content=\"max-image-preview:large\" \/>\n\t<meta name=\"author\" content=\"El Digital de Asturias\"\/>\n\t<meta name=\"google-site-verification\" content=\"UA-38556648-1\" \/>\n\t<meta name=\"msvalidate.01\" content=\"7dfe9f3f1b24437ab69f4f2559babe99\" \/>\n\t<meta name=\"keywords\" content=\"actualidad,actualidad asturias\" \/>\n\t<link rel=\"canonical\" href=\"https:\/\/www.eldigitaldeasturias.com\/noticias\/un-nuevo-temporal-afectara-manana-a-asturias\/\" \/>\n\t<meta name=\"generator\" content=\"All in One SEO Pro (AIOSEO) 5.0.1\" \/>\n\t\t<meta property=\"og:locale\" content=\"es_ES\" \/>\n\t\t<meta property=\"og:site_name\" content=\"El Digital de Asturias\" \/>\n\t\t<meta property=\"og:type\" content=\"article\" \/>\n\t\t<meta property=\"og:title\" content=\"Un nuevo temporal afectar\u00e1 ma\u00f1ana a Asturias - El Digital de Asturias\" \/>\n\t\t<meta property=\"og:description\" content=\"Madrid\/Oviedo, 5 feb (EFE).- Una nueva borrasca atl\u00e1ntica pr\u00f3xima a las costas de Galicia dar\u00e1 lugar a un nuevo temporal con vientos fuertes o muy fuertes en Galicia, Asturias, Cantabria, zonas de alta monta\u00f1a de la mitad norte peninsular y Castilla y Le\u00f3n. El Principado estar\u00e1 ma\u00f1ana en alerta naranja por vientos de hasta 120\" \/>\n\t\t<meta property=\"og:url\" content=\"https:\/\/www.eldigitaldeasturias.com\/noticias\/un-nuevo-temporal-afectara-manana-a-asturias\/\" \/>\n\t\t<meta property=\"article:tag\" content=\"actualidad\" \/>\n\t\t<meta property=\"article:tag\" content=\"actualidad asturias\" \/>\n\t\t<meta property=\"article:published_time\" content=\"2014-02-05T16:40:28+00:00\" \/>\n\t\t<meta property=\"article:modified_time\" content=\"2014-02-05T16:40:28+00:00\" \/>\n\t\t<meta property=\"article:publisher\" content=\"https:\/\/facebook.com\/eldigitaldeasturias\" \/>\n\t\t<meta name=\"twitter:card\" content=\"summary_large_image\" \/>\n\t\t<meta name=\"twitter:title\" content=\"Un nuevo temporal afectar\u00e1 ma\u00f1ana a Asturias - El Digital de Asturias\" \/>\n\t\t<meta name=\"twitter:description\" content=\"Madrid\/Oviedo, 5 feb (EFE).- Una nueva borrasca atl\u00e1ntica pr\u00f3xima a las costas de Galicia dar\u00e1 lugar a un nuevo temporal con vientos fuertes o muy fuertes en Galicia, Asturias, Cantabria, zonas de alta monta\u00f1a de la mitad norte peninsular y Castilla y Le\u00f3n. El Principado estar\u00e1 ma\u00f1ana en alerta naranja por vientos de hasta 120\" \/>\n\t\t<meta name=\"twitter:label1\" content=\"Escrito por\" \/>\n\t\t<meta name=\"twitter:data1\" content=\"El Digital de Asturias\" \/>\n\t\t<meta name=\"twitter:label2\" content=\"Tiempo de lectura estimado\" \/>\n\t\t<meta name=\"twitter:data2\" content=\"1 minuto\" \/>\n\t\t<script type=\"application\/ld+json\" class=\"aioseo-schema\">\n\t\t\t{\"@context\":\"https:\\\/\\\/schema.org\",\"@graph\":[{\"@type\":\"BlogPosting\",\"@id\":\"https:\\\/\\\/www.eldigitaldeasturias.com\\\/noticias\\\/un-nuevo-temporal-afectara-manana-a-asturias\\\/#blogposting\",\"name\":\"Un nuevo temporal afectar\\u00e1 ma\\u00f1ana a Asturias - El Digital de Asturias\",\"headline\":\"Un nuevo temporal afectar\\u00e1 ma\\u00f1ana a Asturias\",\"author\":{\"@id\":\"https:\\\/\\\/www.eldigitaldeasturias.com\\\/noticias\\\/author\\\/admin\\\/#author\"},\"publisher\":{\"@id\":\"https:\\\/\\\/www.eldigitaldeasturias.com\\\/noticias\\\/#organization\"},\"image\":{\"@type\":\"ImageObject\",\"url\":483568},\"datePublished\":\"2014-02-05T15:40:28+01:00\",\"dateModified\":\"2014-02-05T15:40:28+01:00\",\"inLanguage\":\"es-ES\",\"mainEntityOfPage\":{\"@id\":\"https:\\\/\\\/www.eldigitaldeasturias.com\\\/noticias\\\/un-nuevo-temporal-afectara-manana-a-asturias\\\/#webpage\"},\"isPartOf\":{\"@id\":\"https:\\\/\\\/www.eldigitaldeasturias.com\\\/noticias\\\/un-nuevo-temporal-afectara-manana-a-asturias\\\/#webpage\"},\"articleSection\":\"Actualidad, Actualidad Asturias\"},{\"@type\":\"BreadcrumbList\",\"@id\":\"https:\\\/\\\/www.eldigitaldeasturias.com\\\/noticias\\\/un-nuevo-temporal-afectara-manana-a-asturias\\\/#breadcrumblist\",\"itemListElement\":[{\"@type\":\"ListItem\",\"@id\":\"https:\\\/\\\/www.eldigitaldeasturias.com\\\/noticias#listItem\",\"position\":1,\"name\":\"Home\",\"item\":\"https:\\\/\\\/www.eldigitaldeasturias.com\\\/noticias\",\"nextItem\":{\"@type\":\"ListItem\",\"@id\":\"https:\\\/\\\/www.eldigitaldeasturias.com\\\/noticias\\\/category\\\/actualidad\\\/#listItem\",\"name\":\"Actualidad\"}},{\"@type\":\"ListItem\",\"@id\":\"https:\\\/\\\/www.eldigitaldeasturias.com\\\/noticias\\\/category\\\/actualidad\\\/#listItem\",\"position\":2,\"name\":\"Actualidad\",\"item\":\"https:\\\/\\\/www.eldigitaldeasturias.com\\\/noticias\\\/category\\\/actualidad\\\/\",\"nextItem\":{\"@type\":\"ListItem\",\"@id\":\"https:\\\/\\\/www.eldigitaldeasturias.com\\\/noticias\\\/un-nuevo-temporal-afectara-manana-a-asturias\\\/#listItem\",\"name\":\"Un nuevo temporal afectar\\u00e1 ma\\u00f1ana a Asturias\"},\"previousItem\":{\"@type\":\"ListItem\",\"@id\":\"https:\\\/\\\/www.eldigitaldeasturias.com\\\/noticias#listItem\",\"name\":\"Home\"}},{\"@type\":\"ListItem\",\"@id\":\"https:\\\/\\\/www.eldigitaldeasturias.com\\\/noticias\\\/un-nuevo-temporal-afectara-manana-a-asturias\\\/#listItem\",\"position\":3,\"name\":\"Un nuevo temporal afectar\\u00e1 ma\\u00f1ana a Asturias\",\"previousItem\":{\"@type\":\"ListItem\",\"@id\":\"https:\\\/\\\/www.eldigitaldeasturias.com\\\/noticias\\\/category\\\/actualidad\\\/#listItem\",\"name\":\"Actualidad\"}}]},{\"@type\":\"Organization\",\"@id\":\"https:\\\/\\\/www.eldigitaldeasturias.com\\\/noticias\\\/#organization\",\"name\":\"El Digital de Asturias\",\"description\":\"Hemeroteca\",\"url\":\"https:\\\/\\\/www.eldigitaldeasturias.com\\\/noticias\\\/\",\"email\":\"info@eldigitaldeasturias.com\",\"telephone\":\"+34652131393\",\"logo\":{\"@type\":\"ImageObject\",\"url\":\"https:\\\/\\\/www.eldigitaldeasturias.com\\\/noticias\\\/wp-content\\\/uploads\\\/2020\\\/12\\\/EDA.jpg\",\"@id\":\"https:\\\/\\\/www.eldigitaldeasturias.com\\\/noticias\\\/un-nuevo-temporal-afectara-manana-a-asturias\\\/#organizationLogo\"},\"image\":{\"@id\":\"https:\\\/\\\/www.eldigitaldeasturias.com\\\/noticias\\\/un-nuevo-temporal-afectara-manana-a-asturias\\\/#organizationLogo\"},\"sameAs\":[\"https:\\\/\\\/facebook.com\\\/eldigitaldeasturias\",\"https:\\\/\\\/www.youtube.com\\\/channel\\\/UCZP-2wLEB9Rv6erhFmqVnvg\"],\"address\":{\"@id\":\"https:\\\/\\\/www.eldigitaldeasturias.com\\\/noticias\\\/#postaladdress\",\"@type\":\"PostalAddress\",\"streetAddress\":\"san antonio 4\",\"postalCode\":\"33430\",\"addressLocality\":\"Cand\\u00e1s\",\"addressRegion\":\"Asturias\",\"addressCountry\":\"ES\"}},{\"@type\":\"Person\",\"@id\":\"https:\\\/\\\/www.eldigitaldeasturias.com\\\/noticias\\\/author\\\/admin\\\/#author\",\"url\":\"https:\\\/\\\/www.eldigitaldeasturias.com\\\/noticias\\\/author\\\/admin\\\/\",\"name\":\"El Digital de Asturias\",\"image\":{\"@type\":\"ImageObject\",\"@id\":\"https:\\\/\\\/www.eldigitaldeasturias.com\\\/noticias\\\/un-nuevo-temporal-afectara-manana-a-asturias\\\/#authorImage\",\"url\":\"https:\\\/\\\/secure.gravatar.com\\\/avatar\\\/df2aeffc32bcd13f8d26072ef8a91b623d677766deac7f97ca815868cd41bf5e?s=96&d=mm&r=g\",\"width\":96,\"height\":96,\"caption\":\"El Digital de Asturias\"}},{\"@type\":\"WebPage\",\"@id\":\"https:\\\/\\\/www.eldigitaldeasturias.com\\\/noticias\\\/un-nuevo-temporal-afectara-manana-a-asturias\\\/#webpage\",\"url\":\"https:\\\/\\\/www.eldigitaldeasturias.com\\\/noticias\\\/un-nuevo-temporal-afectara-manana-a-asturias\\\/\",\"name\":\"Un nuevo temporal afectar\\u00e1 ma\\u00f1ana a Asturias - El Digital de Asturias\",\"description\":\"Madrid\\\/Oviedo, 5 feb (EFE).- Una nueva borrasca atl\\u00e1ntica pr\\u00f3xima a las costas de Galicia dar\\u00e1 lugar a un nuevo temporal con vientos fuertes o muy fuertes en Galicia, Asturias, Cantabria, zonas de alta monta\\u00f1a de la mitad norte peninsular y Castilla y Le\\u00f3n. El Principado estar\\u00e1 ma\\u00f1ana en alerta naranja por vientos de hasta 120\",\"inLanguage\":\"es-ES\",\"isPartOf\":{\"@id\":\"https:\\\/\\\/www.eldigitaldeasturias.com\\\/noticias\\\/#website\"},\"breadcrumb\":{\"@id\":\"https:\\\/\\\/www.eldigitaldeasturias.com\\\/noticias\\\/un-nuevo-temporal-afectara-manana-a-asturias\\\/#breadcrumblist\"},\"author\":{\"@id\":\"https:\\\/\\\/www.eldigitaldeasturias.com\\\/noticias\\\/author\\\/admin\\\/#author\"},\"creator\":{\"@id\":\"https:\\\/\\\/www.eldigitaldeasturias.com\\\/noticias\\\/author\\\/admin\\\/#author\"},\"image\":{\"@type\":\"ImageObject\",\"url\":483568,\"@id\":\"https:\\\/\\\/www.eldigitaldeasturias.com\\\/noticias\\\/un-nuevo-temporal-afectara-manana-a-asturias\\\/#mainImage\"},\"primaryImageOfPage\":{\"@id\":\"https:\\\/\\\/www.eldigitaldeasturias.com\\\/noticias\\\/un-nuevo-temporal-afectara-manana-a-asturias\\\/#mainImage\"},\"datePublished\":\"2014-02-05T15:40:28+01:00\",\"dateModified\":\"2014-02-05T15:40:28+01:00\"},{\"@type\":\"WebSite\",\"@id\":\"https:\\\/\\\/www.eldigitaldeasturias.com\\\/noticias\\\/#website\",\"url\":\"https:\\\/\\\/www.eldigitaldeasturias.com\\\/noticias\\\/\",\"name\":\"El Digital de Asturias - Diario de actualidad y noticias\",\"alternateName\":\"El Digital de Asturias - Diario de actualidad y noticias\",\"description\":\"Hemeroteca\",\"inLanguage\":\"es-ES\",\"publisher\":{\"@id\":\"https:\\\/\\\/www.eldigitaldeasturias.com\\\/noticias\\\/#organization\"}}]}\n\t\t<\/script>\n\t\t<!-- All in One SEO Pro -->\r\n\t\t<title>Un nuevo temporal afectar\u00e1 ma\u00f1ana a Asturias - El Digital de Asturias<\/title>\n\n","aioseo_head_json":{"title":"Un nuevo temporal afectar\u00e1 ma\u00f1ana a Asturias - El Digital de Asturias","description":"Madrid\/Oviedo, 5 feb (EFE).- Una nueva borrasca atl\u00e1ntica pr\u00f3xima a las costas de Galicia dar\u00e1 lugar a un nuevo temporal con vientos fuertes o muy fuertes en Galicia, Asturias, Cantabria, zonas de alta monta\u00f1a de la mitad norte peninsular y Castilla y Le\u00f3n. El Principado estar\u00e1 ma\u00f1ana en alerta naranja por vientos de hasta 120","canonical_url":"https:\/\/www.eldigitaldeasturias.com\/noticias\/un-nuevo-temporal-afectara-manana-a-asturias\/","robots":"max-image-preview:large","keywords":"actualidad,actualidad asturias","webmasterTools":{"google-site-verification":"UA-38556648-1","msvalidate.01":"7dfe9f3f1b24437ab69f4f2559babe99","miscellaneous":""},"schema":{"@context":"https:\/\/schema.org","@graph":[{"@type":"BlogPosting","@id":"https:\/\/www.eldigitaldeasturias.com\/noticias\/un-nuevo-temporal-afectara-manana-a-asturias\/#blogposting","name":"Un nuevo temporal afectar\u00e1 ma\u00f1ana a Asturias - El Digital de Asturias","headline":"Un nuevo temporal afectar\u00e1 ma\u00f1ana a Asturias","author":{"@id":"https:\/\/www.eldigitaldeasturias.com\/noticias\/author\/admin\/#author"},"publisher":{"@id":"https:\/\/www.eldigitaldeasturias.com\/noticias\/#organization"},"image":{"@type":"ImageObject","url":483568},"datePublished":"2014-02-05T15:40:28+01:00","dateModified":"2014-02-05T15:40:28+01:00","inLanguage":"es-ES","mainEntityOfPage":{"@id":"https:\/\/www.eldigitaldeasturias.com\/noticias\/un-nuevo-temporal-afectara-manana-a-asturias\/#webpage"},"isPartOf":{"@id":"https:\/\/www.eldigitaldeasturias.com\/noticias\/un-nuevo-temporal-afectara-manana-a-asturias\/#webpage"},"articleSection":"Actualidad, Actualidad Asturias"},{"@type":"BreadcrumbList","@id":"https:\/\/www.eldigitaldeasturias.com\/noticias\/un-nuevo-temporal-afectara-manana-a-asturias\/#breadcrumblist","itemListElement":[{"@type":"ListItem","@id":"https:\/\/www.eldigitaldeasturias.com\/noticias#listItem","position":1,"name":"Home","item":"https:\/\/www.eldigitaldeasturias.com\/noticias","nextItem":{"@type":"ListItem","@id":"https:\/\/www.eldigitaldeasturias.com\/noticias\/category\/actualidad\/#listItem","name":"Actualidad"}},{"@type":"ListItem","@id":"https:\/\/www.eldigitaldeasturias.com\/noticias\/category\/actualidad\/#listItem","position":2,"name":"Actualidad","item":"https:\/\/www.eldigitaldeasturias.com\/noticias\/category\/actualidad\/","nextItem":{"@type":"ListItem","@id":"https:\/\/www.eldigitaldeasturias.com\/noticias\/un-nuevo-temporal-afectara-manana-a-asturias\/#listItem","name":"Un nuevo temporal afectar\u00e1 ma\u00f1ana a Asturias"},"previousItem":{"@type":"ListItem","@id":"https:\/\/www.eldigitaldeasturias.com\/noticias#listItem","name":"Home"}},{"@type":"ListItem","@id":"https:\/\/www.eldigitaldeasturias.com\/noticias\/un-nuevo-temporal-afectara-manana-a-asturias\/#listItem","position":3,"name":"Un nuevo temporal afectar\u00e1 ma\u00f1ana a Asturias","previousItem":{"@type":"ListItem","@id":"https:\/\/www.eldigitaldeasturias.com\/noticias\/category\/actualidad\/#listItem","name":"Actualidad"}}]},{"@type":"Organization","@id":"https:\/\/www.eldigitaldeasturias.com\/noticias\/#organization","name":"El Digital de Asturias","description":"Hemeroteca","url":"https:\/\/www.eldigitaldeasturias.com\/noticias\/","email":"info@eldigitaldeasturias.com","telephone":"+34652131393","logo":{"@type":"ImageObject","url":"https:\/\/www.eldigitaldeasturias.com\/noticias\/wp-content\/uploads\/2020\/12\/EDA.jpg","@id":"https:\/\/www.eldigitaldeasturias.com\/noticias\/un-nuevo-temporal-afectara-manana-a-asturias\/#organizationLogo"},"image":{"@id":"https:\/\/www.eldigitaldeasturias.com\/noticias\/un-nuevo-temporal-afectara-manana-a-asturias\/#organizationLogo"},"sameAs":["https:\/\/facebook.com\/eldigitaldeasturias","https:\/\/www.youtube.com\/channel\/UCZP-2wLEB9Rv6erhFmqVnvg"],"address":{"@id":"https:\/\/www.eldigitaldeasturias.com\/noticias\/#postaladdress","@type":"PostalAddress","streetAddress":"san antonio 4","postalCode":"33430","addressLocality":"Cand\u00e1s","addressRegion":"Asturias","addressCountry":"ES"}},{"@type":"Person","@id":"https:\/\/www.eldigitaldeasturias.com\/noticias\/author\/admin\/#author","url":"https:\/\/www.eldigitaldeasturias.com\/noticias\/author\/admin\/","name":"El Digital de Asturias","image":{"@type":"ImageObject","@id":"https:\/\/www.eldigitaldeasturias.com\/noticias\/un-nuevo-temporal-afectara-manana-a-asturias\/#authorImage","url":"https:\/\/secure.gravatar.com\/avatar\/df2aeffc32bcd13f8d26072ef8a91b623d677766deac7f97ca815868cd41bf5e?s=96&d=mm&r=g","width":96,"height":96,"caption":"El Digital de Asturias"}},{"@type":"WebPage","@id":"https:\/\/www.eldigitaldeasturias.com\/noticias\/un-nuevo-temporal-afectara-manana-a-asturias\/#webpage","url":"https:\/\/www.eldigitaldeasturias.com\/noticias\/un-nuevo-temporal-afectara-manana-a-asturias\/","name":"Un nuevo temporal afectar\u00e1 ma\u00f1ana a Asturias - El Digital de Asturias","description":"Madrid\/Oviedo, 5 feb (EFE).- Una nueva borrasca atl\u00e1ntica pr\u00f3xima a las costas de Galicia dar\u00e1 lugar a un nuevo temporal con vientos fuertes o muy fuertes en Galicia, Asturias, Cantabria, zonas de alta monta\u00f1a de la mitad norte peninsular y Castilla y Le\u00f3n. El Principado estar\u00e1 ma\u00f1ana en alerta naranja por vientos de hasta 120","inLanguage":"es-ES","isPartOf":{"@id":"https:\/\/www.eldigitaldeasturias.com\/noticias\/#website"},"breadcrumb":{"@id":"https:\/\/www.eldigitaldeasturias.com\/noticias\/un-nuevo-temporal-afectara-manana-a-asturias\/#breadcrumblist"},"author":{"@id":"https:\/\/www.eldigitaldeasturias.com\/noticias\/author\/admin\/#author"},"creator":{"@id":"https:\/\/www.eldigitaldeasturias.com\/noticias\/author\/admin\/#author"},"image":{"@type":"ImageObject","url":483568,"@id":"https:\/\/www.eldigitaldeasturias.com\/noticias\/un-nuevo-temporal-afectara-manana-a-asturias\/#mainImage"},"primaryImageOfPage":{"@id":"https:\/\/www.eldigitaldeasturias.com\/noticias\/un-nuevo-temporal-afectara-manana-a-asturias\/#mainImage"},"datePublished":"2014-02-05T15:40:28+01:00","dateModified":"2014-02-05T15:40:28+01:00"},{"@type":"WebSite","@id":"https:\/\/www.eldigitaldeasturias.com\/noticias\/#website","url":"https:\/\/www.eldigitaldeasturias.com\/noticias\/","name":"El Digital de Asturias - Diario de actualidad y noticias","alternateName":"El Digital de Asturias - Diario de actualidad y noticias","description":"Hemeroteca","inLanguage":"es-ES","publisher":{"@id":"https:\/\/www.eldigitaldeasturias.com\/noticias\/#organization"}}]},"og:locale":"es_ES","og:site_name":"El Digital de Asturias","og:type":"article","og:title":"Un nuevo temporal afectar\u00e1 ma\u00f1ana a Asturias - El Digital de Asturias","og:description":"Madrid\/Oviedo, 5 feb (EFE).- Una nueva borrasca atl\u00e1ntica pr\u00f3xima a las costas de Galicia dar\u00e1 lugar a un nuevo temporal con vientos fuertes o muy fuertes en Galicia, Asturias, Cantabria, zonas de alta monta\u00f1a de la mitad norte peninsular y Castilla y Le\u00f3n. El Principado estar\u00e1 ma\u00f1ana en alerta naranja por vientos de hasta 120","og:url":"https:\/\/www.eldigitaldeasturias.com\/noticias\/un-nuevo-temporal-afectara-manana-a-asturias\/","article:tag":["actualidad","actualidad asturias"],"article:published_time":"2014-02-05T16:40:28+00:00","article:modified_time":"2014-02-05T16:40:28+00:00","article:publisher":"https:\/\/facebook.com\/eldigitaldeasturias","twitter:card":"summary_large_image","twitter:title":"Un nuevo temporal afectar\u00e1 ma\u00f1ana a Asturias - El Digital de Asturias","twitter:description":"Madrid\/Oviedo, 5 feb (EFE).- Una nueva borrasca atl\u00e1ntica pr\u00f3xima a las costas de Galicia dar\u00e1 lugar a un nuevo temporal con vientos fuertes o muy fuertes en Galicia, Asturias, Cantabria, zonas de alta monta\u00f1a de la mitad norte peninsular y Castilla y Le\u00f3n. El Principado estar\u00e1 ma\u00f1ana en alerta naranja por vientos de hasta 120","twitter:label1":"Escrito por","twitter:data1":"El Digital de Asturias","twitter:label2":"Tiempo de lectura estimado","twitter:data2":"1 minuto"},"aioseo_meta_data":{"post_id":"483961","title":null,"description":null,"keywords":null,"keyphrases":null,"primary_term":null,"canonical_url":null,"og_title":null,"og_description":null,"og_object_type":"default","og_image_type":"default","og_image_url":null,"og_image_width":null,"og_image_height":null,"og_image_custom_url":null,"og_image_custom_fields":null,"og_video":null,"og_custom_url":null,"og_article_section":null,"og_article_tags":null,"twitter_use_og":true,"twitter_card":"default","twitter_image_type":"default","twitter_image_url":null,"twitter_image_custom_url":null,"twitter_image_custom_fields":null,"twitter_title":null,"twitter_description":null,"schema":{"blockGraphs":[],"customGraphs":[],"default":{"data":{"Article":[],"Course":[],"Dataset":[],"FAQPage":[],"Movie":[],"Person":[],"Product":[],"ProductReview":[],"Car":[],"Recipe":[],"Service":[],"SoftwareApplication":[],"WebPage":[]},"graphName":"","isEnabled":true},"graphs":[],"defaultGraph":"","defaultPostTypeGraph":""},"schema_type":null,"schema_type_options":null,"pillar_content":false,"robots_default":true,"robots_noindex":false,"robots_noarchive":false,"robots_nosnippet":false,"robots_nofollow":false,"robots_noimageindex":false,"robots_noodp":false,"robots_notranslate":false,"robots_max_snippet":null,"robots_max_videopreview":null,"robots_max_imagepreview":"none","priority":null,"frequency":null,"local_seo":null,"seo_analyzer_scan_date":"2026-06-02 14:24:42","breadcrumb_settings":null,"limit_modified_date":false,"open_ai":null,"ai":null,"created":"2020-11-14 22:54:55","updated":"2026-06-02 14:24:42","focus_keyword":null,"additional_keywords":null,"truseo_locale":null},"aioseo_breadcrumb":"<div class=\"aioseo-breadcrumbs\"><span class=\"aioseo-breadcrumb\">\n\t<a href=\"https:\/\/www.eldigitaldeasturias.com\/noticias\" title=\"Home\">Home<\/a>\n<\/span><span class=\"aioseo-breadcrumb-separator\">\u2013<\/span><span class=\"aioseo-breadcrumb\">\n\t<a href=\"https:\/\/www.eldigitaldeasturias.com\/noticias\/category\/actualidad\/\" title=\"Actualidad\">Actualidad<\/a>\n<\/span><span class=\"aioseo-breadcrumb-separator\">\u2013<\/span><span class=\"aioseo-breadcrumb\">\n\t<a href=\"https:\/\/www.eldigitaldeasturias.com\/noticias\/un-nuevo-temporal-afectara-manana-a-asturias\/\" title=\"Un nuevo temporal afectar\u00e1 ma\u00f1ana a Asturias\">Un nuevo temporal afectar\u00e1 ma\u00f1ana a Asturias<\/a>\n<\/span><\/div>","aioseo_breadcrumb_json":[{"label":"Home","link":"https:\/\/www.eldigitaldeasturias.com\/noticias"},{"label":"Actualidad","link":"https:\/\/www.eldigitaldeasturias.com\/noticias\/category\/actualidad\/"},{"label":"Un nuevo temporal afectar\u00e1 ma\u00f1ana a Asturias","link":"https:\/\/www.eldigitaldeasturias.com\/noticias\/un-nuevo-temporal-afectara-manana-a-asturias\/"}],"_links":{"self":[{"href":"https:\/\/www.eldigitaldeasturias.com\/noticias\/wp-json\/wp\/v2\/posts\/483961","targetHints":{"allow":["GET"]}}],"collection":[{"href":"https:\/\/www.eldigitaldeasturias.com\/noticias\/wp-json\/wp\/v2\/posts"}],"about":[{"href":"https:\/\/www.eldigitaldeasturias.com\/noticias\/wp-json\/wp\/v2\/types\/post"}],"author":[{"embeddable":true,"href":"https:\/\/www.eldigitaldeasturias.com\/noticias\/wp-json\/wp\/v2\/users\/1"}],"replies":[{"embeddable":true,"href":"https:\/\/www.eldigitaldeasturias.com\/noticias\/wp-json\/wp\/v2\/comments?post=483961"}],"version-history":[{"count":0,"href":"https:\/\/www.eldigitaldeasturias.com\/noticias\/wp-json\/wp\/v2\/posts\/483961\/revisions"}],"wp:attachment":[{"href":"https:\/\/www.eldigitaldeasturias.com\/noticias\/wp-json\/wp\/v2\/media?parent=483961"}],"wp:term":[{"taxonomy":"category","embeddable":true,"href":"https:\/\/www.eldigitaldeasturias.com\/noticias\/wp-json\/wp\/v2\/categories?post=483961"},{"taxonomy":"post_tag","embeddable":true,"href":"https:\/\/www.eldigitaldeasturias.com\/noticias\/wp-json\/wp\/v2\/tags?post=483961"}],"curies":[{"name":"wp","href":"https:\/\/api.w.org\/{rel}","templated":true}]}}