{"id":483959,"date":"2014-02-05T15:38:18","date_gmt":"2014-02-05T16:38:18","guid":{"rendered":"http:\/\/www.eldigitaldeasturias.com\/noticias\/?p=483959"},"modified":"2014-02-05T15:38:18","modified_gmt":"2014-02-05T16:38:18","slug":"el-sporting-busca-la-renovacion-de-sergio-alvarez-y-alex-barrera","status":"publish","type":"post","link":"https:\/\/www.eldigitaldeasturias.com\/noticias\/el-sporting-busca-la-renovacion-de-sergio-alvarez-y-alex-barrera\/","title":{"rendered":"El Sporting busca la renovaci\u00f3n de Sergio \u00c1lvarez y \u00c1lex Barrera"},"content":{"rendered":"<p><img loading=\"lazy\" decoding=\"async\" class=\"alignleft size-medium wp-image-480629\" alt=\"MOLINON\" src=\"https:\/\/www.eldigitaldeasturias.com\/noticias\/wp-content\/uploads\/2014\/01\/MOLINON-360x202.jpg\" width=\"360\" height=\"202\" \/>Gij\u00f3n, 5 ene (EFE).- El Sporting negocia la renovaci\u00f3n de los contratos de los centrocampistas Sergio \u00c1lvarez y Alex Barrera, una vez firmadas las de Alberto Lora y Nacho Cases, en un intento de asegurarse la continuidad de los mejores j\u00f3venes formados en la Escuela de Mareo, que esta temporada han adquirido un protagonismo mayor.<\/p>\n<p>Sergio \u00c1lvarez comenz\u00f3 la temporada fuera del equipo, e incluso estuvo algunas semanas entrenando al margen puesto que la intenci\u00f3n del entrenador era la de cederle, pero mediada la primera vuelta Sandoval le puso en el puesto que ven\u00eda ocupando\u00a0 L\u00f3pez Garai, cuestionado por la afici\u00f3n, y desde entonces es titular indiscutible.<\/p>\n<p>Sergio finaliza contrato en junio de 2015, pero la intenci\u00f3n del club es la de prolongarle el contrato tres o cuatro temporadas m\u00e1s.<\/p>\n<p>El club ya ha mantenido los primeros contactos con la empresa de representaci\u00f3n que lleva al jugador y la intenci\u00f3n de ambas partes es la de alcanzar un acuerdo.<\/p>\n<p>Por su parte, Alex Barrera se gan\u00f3 un puesto de titular en la pretemporada, aunque ya hab\u00eda dispuesto de bastantes minutos la pasada campa\u00f1a, y en estos momentos es uno de los jugadores m\u00e1s queridos por la afici\u00f3n por su entrega en cada partido.<\/p>\n<p>Esta aportaci\u00f3n al equipo ha sido muy bien valorada por los responsables del club y en este caso, m\u00e1s que una ampliaci\u00f3n de contrato, ya que el vigente lo es hasta 2016, de lo que se trata es de mejorar las condiciones econ\u00f3micas porque Alex Barrera es uno de los futbolistas que menos cobra de la plantilla rojiblanca.<\/p>\n<p>El consejo de administraci\u00f3n est\u00e1 inmerso en estos momentos en la renovaci\u00f3n de los jugadores m\u00e1s importantes de la actual plantilla y en esa tarea tambi\u00e9n tiene muy avanzado acuerdos con inversores privados que aportar\u00e1n el mill\u00f3n de euros necesario para quedarse en propiedad con el serbio Stefan Scepovic con quien tambi\u00e9n hay un principio de acuerdo, pendiente s\u00f3lo de que el Sporting logre el ascenso a Primera divisi\u00f3n.<\/p>\n<p>El Sporting no consigui\u00f3 que ninguna entidad bancaria le diese un cr\u00e9dito por esa cantidad y tampoco quer\u00eda ponerse en manos de un fondo de inversi\u00f3n, pero est\u00e1 a punto de reunir la cantidad a trav\u00e9s de varios pr\u00e9stamos de varias empresas y personas a t\u00edtulo individual.<\/p>\n<p>El club gijon\u00e9s garantiza devolver el pr\u00e9stamo bien a trav\u00e9s de los mayores ingresos que recibir\u00e1 si asciende a Primera o bien con lo recaudado por el traspaso del jugador en caso de no ascender ya que Scepovic puso como \u00fanica condici\u00f3n para su continuidad la de jugar en la m\u00e1xima categor\u00eda.<\/p>\n<p>Scepovic no se ha entrenado esta ma\u00f1ana debido a una afecci\u00f3n v\u00edrica que no parece que vaya a privarle de jugar el pr\u00f3ximo domingo ante la Ponferradina.<\/p>\n<p>El partido que ha levantado gran expectaci\u00f3n ya que el Sporting est\u00e1 en un buen momento de forma y viene de jugar uno de sus mejores partidos de la temporada en Mallorca.<\/p>\n<p>Tampoco se entren\u00f3 L\u00f3pez Garai debido a unas molestias musculares si bien este jugador no s\u00f3lo se ha ca\u00eddo del equipo titular, sino de las convocatorias, en su caso, en favor de Sergio \u00c1lvarez<\/p>\n","protected":false},"excerpt":{"rendered":"<p>Gij\u00f3n, 5 ene (EFE).- El Sporting negocia la renovaci\u00f3n de los contratos de los centrocampistas Sergio \u00c1lvarez y Alex Barrera, una vez firmadas las de Alberto Lora y Nacho Cases, en un intento de asegurarse la continuidad de los mejores j\u00f3venes formados en la Escuela de Mareo, que esta temporada han adquirido un protagonismo mayor. [&hellip;]<\/p>\n","protected":false},"author":1,"featured_media":1132184,"comment_status":"closed","ping_status":"open","sticky":false,"template":"","format":"standard","meta":{"footnotes":""},"categories":[1],"tags":[],"class_list":["post-483959","post","type-post","status-publish","format-standard","has-post-thumbnail","hentry","category-actualidad"],"aioseo_notices":[],"aioseo_head":"\n\t\t<!-- All in One SEO Pro 5.0.1 - aioseo.com -->\n\t<meta name=\"description\" content=\"Gij\u00f3n, 5 ene (EFE).- El Sporting negocia la renovaci\u00f3n de los contratos de los centrocampistas Sergio \u00c1lvarez y Alex Barrera, una vez firmadas las de Alberto Lora y Nacho Cases, en un intento de asegurarse la continuidad de los mejores j\u00f3venes formados en la Escuela de Mareo, que esta temporada han adquirido un protagonismo mayor.\" \/>\n\t<meta name=\"robots\" content=\"max-image-preview:large\" \/>\n\t<meta name=\"author\" content=\"El Digital de Asturias\"\/>\n\t<meta name=\"google-site-verification\" content=\"UA-38556648-1\" \/>\n\t<meta name=\"msvalidate.01\" content=\"7dfe9f3f1b24437ab69f4f2559babe99\" \/>\n\t<meta name=\"keywords\" content=\"actualidad\" \/>\n\t<link rel=\"canonical\" href=\"https:\/\/www.eldigitaldeasturias.com\/noticias\/el-sporting-busca-la-renovacion-de-sergio-alvarez-y-alex-barrera\/\" \/>\n\t<meta name=\"generator\" content=\"All in One SEO Pro (AIOSEO) 5.0.1\" \/>\n\t\t<meta property=\"og:locale\" content=\"es_ES\" \/>\n\t\t<meta property=\"og:site_name\" content=\"El Digital de Asturias\" \/>\n\t\t<meta property=\"og:type\" content=\"article\" \/>\n\t\t<meta property=\"og:title\" content=\"El Sporting busca la renovaci\u00f3n de Sergio \u00c1lvarez y \u00c1lex Barrera - El Digital de Asturias\" \/>\n\t\t<meta property=\"og:description\" content=\"Gij\u00f3n, 5 ene (EFE).- El Sporting negocia la renovaci\u00f3n de los contratos de los centrocampistas Sergio \u00c1lvarez y Alex Barrera, una vez firmadas las de Alberto Lora y Nacho Cases, en un intento de asegurarse la continuidad de los mejores j\u00f3venes formados en la Escuela de Mareo, que esta temporada han adquirido un protagonismo mayor.\" \/>\n\t\t<meta property=\"og:url\" content=\"https:\/\/www.eldigitaldeasturias.com\/noticias\/el-sporting-busca-la-renovacion-de-sergio-alvarez-y-alex-barrera\/\" \/>\n\t\t<meta property=\"og:image\" content=\"https:\/\/www.eldigitaldeasturias.com\/noticias\/wp-content\/uploads\/2026\/06\/Contenidos.jpg\" \/>\n\t\t<meta property=\"og:image:secure_url\" content=\"https:\/\/www.eldigitaldeasturias.com\/noticias\/wp-content\/uploads\/2026\/06\/Contenidos.jpg\" \/>\n\t\t<meta property=\"og:image:width\" content=\"1265\" \/>\n\t\t<meta property=\"og:image:height\" content=\"697\" \/>\n\t\t<meta property=\"article:tag\" content=\"actualidad\" \/>\n\t\t<meta property=\"article:published_time\" content=\"2014-02-05T16:38:18+00:00\" \/>\n\t\t<meta property=\"article:modified_time\" content=\"2014-02-05T16:38:18+00:00\" \/>\n\t\t<meta property=\"article:publisher\" content=\"https:\/\/facebook.com\/eldigitaldeasturias\" \/>\n\t\t<meta name=\"twitter:card\" content=\"summary_large_image\" \/>\n\t\t<meta name=\"twitter:title\" content=\"El Sporting busca la renovaci\u00f3n de Sergio \u00c1lvarez y \u00c1lex Barrera - El Digital de Asturias\" \/>\n\t\t<meta name=\"twitter:description\" content=\"Gij\u00f3n, 5 ene (EFE).- El Sporting negocia la renovaci\u00f3n de los contratos de los centrocampistas Sergio \u00c1lvarez y Alex Barrera, una vez firmadas las de Alberto Lora y Nacho Cases, en un intento de asegurarse la continuidad de los mejores j\u00f3venes formados en la Escuela de Mareo, que esta temporada han adquirido un protagonismo mayor.\" \/>\n\t\t<meta name=\"twitter:image\" content=\"https:\/\/www.eldigitaldeasturias.com\/noticias\/wp-content\/uploads\/2026\/06\/Contenidos.jpg\" \/>\n\t\t<meta name=\"twitter:label1\" content=\"Escrito por\" \/>\n\t\t<meta name=\"twitter:data1\" content=\"El Digital de Asturias\" \/>\n\t\t<meta name=\"twitter:label2\" content=\"Tiempo de lectura estimado\" \/>\n\t\t<meta name=\"twitter:data2\" content=\"3 minutos\" \/>\n\t\t<script type=\"application\/ld+json\" class=\"aioseo-schema\">\n\t\t\t{\"@context\":\"https:\\\/\\\/schema.org\",\"@graph\":[{\"@type\":\"BlogPosting\",\"@id\":\"https:\\\/\\\/www.eldigitaldeasturias.com\\\/noticias\\\/el-sporting-busca-la-renovacion-de-sergio-alvarez-y-alex-barrera\\\/#blogposting\",\"name\":\"El Sporting busca la renovaci\\u00f3n de Sergio \\u00c1lvarez y \\u00c1lex Barrera - El Digital de Asturias\",\"headline\":\"El Sporting busca la renovaci\\u00f3n de Sergio \\u00c1lvarez y \\u00c1lex Barrera\",\"author\":{\"@id\":\"https:\\\/\\\/www.eldigitaldeasturias.com\\\/noticias\\\/author\\\/admin\\\/#author\"},\"publisher\":{\"@id\":\"https:\\\/\\\/www.eldigitaldeasturias.com\\\/noticias\\\/#organization\"},\"image\":{\"@type\":\"ImageObject\",\"url\":\"https:\\\/\\\/www.eldigitaldeasturias.com\\\/noticias\\\/wp-content\\\/uploads\\\/2026\\\/06\\\/Contenidos.jpg\",\"width\":1265,\"height\":697,\"caption\":\"Contenidos\"},\"datePublished\":\"2014-02-05T15:38:18+01:00\",\"dateModified\":\"2014-02-05T15:38:18+01:00\",\"inLanguage\":\"es-ES\",\"mainEntityOfPage\":{\"@id\":\"https:\\\/\\\/www.eldigitaldeasturias.com\\\/noticias\\\/el-sporting-busca-la-renovacion-de-sergio-alvarez-y-alex-barrera\\\/#webpage\"},\"isPartOf\":{\"@id\":\"https:\\\/\\\/www.eldigitaldeasturias.com\\\/noticias\\\/el-sporting-busca-la-renovacion-de-sergio-alvarez-y-alex-barrera\\\/#webpage\"},\"articleSection\":\"Actualidad\"},{\"@type\":\"BreadcrumbList\",\"@id\":\"https:\\\/\\\/www.eldigitaldeasturias.com\\\/noticias\\\/el-sporting-busca-la-renovacion-de-sergio-alvarez-y-alex-barrera\\\/#breadcrumblist\",\"itemListElement\":[{\"@type\":\"ListItem\",\"@id\":\"https:\\\/\\\/www.eldigitaldeasturias.com\\\/noticias#listItem\",\"position\":1,\"name\":\"Home\",\"item\":\"https:\\\/\\\/www.eldigitaldeasturias.com\\\/noticias\",\"nextItem\":{\"@type\":\"ListItem\",\"@id\":\"https:\\\/\\\/www.eldigitaldeasturias.com\\\/noticias\\\/category\\\/actualidad\\\/#listItem\",\"name\":\"Actualidad\"}},{\"@type\":\"ListItem\",\"@id\":\"https:\\\/\\\/www.eldigitaldeasturias.com\\\/noticias\\\/category\\\/actualidad\\\/#listItem\",\"position\":2,\"name\":\"Actualidad\",\"item\":\"https:\\\/\\\/www.eldigitaldeasturias.com\\\/noticias\\\/category\\\/actualidad\\\/\",\"nextItem\":{\"@type\":\"ListItem\",\"@id\":\"https:\\\/\\\/www.eldigitaldeasturias.com\\\/noticias\\\/el-sporting-busca-la-renovacion-de-sergio-alvarez-y-alex-barrera\\\/#listItem\",\"name\":\"El Sporting busca la renovaci\\u00f3n de Sergio \\u00c1lvarez y \\u00c1lex Barrera\"},\"previousItem\":{\"@type\":\"ListItem\",\"@id\":\"https:\\\/\\\/www.eldigitaldeasturias.com\\\/noticias#listItem\",\"name\":\"Home\"}},{\"@type\":\"ListItem\",\"@id\":\"https:\\\/\\\/www.eldigitaldeasturias.com\\\/noticias\\\/el-sporting-busca-la-renovacion-de-sergio-alvarez-y-alex-barrera\\\/#listItem\",\"position\":3,\"name\":\"El Sporting busca la renovaci\\u00f3n de Sergio \\u00c1lvarez y \\u00c1lex Barrera\",\"previousItem\":{\"@type\":\"ListItem\",\"@id\":\"https:\\\/\\\/www.eldigitaldeasturias.com\\\/noticias\\\/category\\\/actualidad\\\/#listItem\",\"name\":\"Actualidad\"}}]},{\"@type\":\"Organization\",\"@id\":\"https:\\\/\\\/www.eldigitaldeasturias.com\\\/noticias\\\/#organization\",\"name\":\"El Digital de Asturias\",\"description\":\"Hemeroteca\",\"url\":\"https:\\\/\\\/www.eldigitaldeasturias.com\\\/noticias\\\/\",\"email\":\"info@eldigitaldeasturias.com\",\"telephone\":\"+34652131393\",\"logo\":{\"@type\":\"ImageObject\",\"url\":\"https:\\\/\\\/www.eldigitaldeasturias.com\\\/noticias\\\/wp-content\\\/uploads\\\/2020\\\/12\\\/EDA.jpg\",\"@id\":\"https:\\\/\\\/www.eldigitaldeasturias.com\\\/noticias\\\/el-sporting-busca-la-renovacion-de-sergio-alvarez-y-alex-barrera\\\/#organizationLogo\"},\"image\":{\"@id\":\"https:\\\/\\\/www.eldigitaldeasturias.com\\\/noticias\\\/el-sporting-busca-la-renovacion-de-sergio-alvarez-y-alex-barrera\\\/#organizationLogo\"},\"sameAs\":[\"https:\\\/\\\/facebook.com\\\/eldigitaldeasturias\",\"https:\\\/\\\/www.youtube.com\\\/channel\\\/UCZP-2wLEB9Rv6erhFmqVnvg\"],\"address\":{\"@id\":\"https:\\\/\\\/www.eldigitaldeasturias.com\\\/noticias\\\/#postaladdress\",\"@type\":\"PostalAddress\",\"streetAddress\":\"san antonio 4\",\"postalCode\":\"33430\",\"addressLocality\":\"Cand\\u00e1s\",\"addressRegion\":\"Asturias\",\"addressCountry\":\"ES\"}},{\"@type\":\"Person\",\"@id\":\"https:\\\/\\\/www.eldigitaldeasturias.com\\\/noticias\\\/author\\\/admin\\\/#author\",\"url\":\"https:\\\/\\\/www.eldigitaldeasturias.com\\\/noticias\\\/author\\\/admin\\\/\",\"name\":\"El Digital de Asturias\",\"image\":{\"@type\":\"ImageObject\",\"@id\":\"https:\\\/\\\/www.eldigitaldeasturias.com\\\/noticias\\\/el-sporting-busca-la-renovacion-de-sergio-alvarez-y-alex-barrera\\\/#authorImage\",\"url\":\"https:\\\/\\\/secure.gravatar.com\\\/avatar\\\/df2aeffc32bcd13f8d26072ef8a91b623d677766deac7f97ca815868cd41bf5e?s=96&d=mm&r=g\",\"width\":96,\"height\":96,\"caption\":\"El Digital de Asturias\"}},{\"@type\":\"WebPage\",\"@id\":\"https:\\\/\\\/www.eldigitaldeasturias.com\\\/noticias\\\/el-sporting-busca-la-renovacion-de-sergio-alvarez-y-alex-barrera\\\/#webpage\",\"url\":\"https:\\\/\\\/www.eldigitaldeasturias.com\\\/noticias\\\/el-sporting-busca-la-renovacion-de-sergio-alvarez-y-alex-barrera\\\/\",\"name\":\"El Sporting busca la renovaci\\u00f3n de Sergio \\u00c1lvarez y \\u00c1lex Barrera - El Digital de Asturias\",\"description\":\"Gij\\u00f3n, 5 ene (EFE).- El Sporting negocia la renovaci\\u00f3n de los contratos de los centrocampistas Sergio \\u00c1lvarez y Alex Barrera, una vez firmadas las de Alberto Lora y Nacho Cases, en un intento de asegurarse la continuidad de los mejores j\\u00f3venes formados en la Escuela de Mareo, que esta temporada han adquirido un protagonismo mayor.\",\"inLanguage\":\"es-ES\",\"isPartOf\":{\"@id\":\"https:\\\/\\\/www.eldigitaldeasturias.com\\\/noticias\\\/#website\"},\"breadcrumb\":{\"@id\":\"https:\\\/\\\/www.eldigitaldeasturias.com\\\/noticias\\\/el-sporting-busca-la-renovacion-de-sergio-alvarez-y-alex-barrera\\\/#breadcrumblist\"},\"author\":{\"@id\":\"https:\\\/\\\/www.eldigitaldeasturias.com\\\/noticias\\\/author\\\/admin\\\/#author\"},\"creator\":{\"@id\":\"https:\\\/\\\/www.eldigitaldeasturias.com\\\/noticias\\\/author\\\/admin\\\/#author\"},\"image\":{\"@type\":\"ImageObject\",\"url\":\"https:\\\/\\\/www.eldigitaldeasturias.com\\\/noticias\\\/wp-content\\\/uploads\\\/2026\\\/06\\\/Contenidos.jpg\",\"@id\":\"https:\\\/\\\/www.eldigitaldeasturias.com\\\/noticias\\\/el-sporting-busca-la-renovacion-de-sergio-alvarez-y-alex-barrera\\\/#mainImage\",\"width\":1265,\"height\":697,\"caption\":\"Contenidos\"},\"primaryImageOfPage\":{\"@id\":\"https:\\\/\\\/www.eldigitaldeasturias.com\\\/noticias\\\/el-sporting-busca-la-renovacion-de-sergio-alvarez-y-alex-barrera\\\/#mainImage\"},\"datePublished\":\"2014-02-05T15:38:18+01:00\",\"dateModified\":\"2014-02-05T15:38:18+01:00\"},{\"@type\":\"WebSite\",\"@id\":\"https:\\\/\\\/www.eldigitaldeasturias.com\\\/noticias\\\/#website\",\"url\":\"https:\\\/\\\/www.eldigitaldeasturias.com\\\/noticias\\\/\",\"name\":\"El Digital de Asturias - Diario de actualidad y noticias\",\"alternateName\":\"El Digital de Asturias - Diario de actualidad y noticias\",\"description\":\"Hemeroteca\",\"inLanguage\":\"es-ES\",\"publisher\":{\"@id\":\"https:\\\/\\\/www.eldigitaldeasturias.com\\\/noticias\\\/#organization\"}}]}\n\t\t<\/script>\n\t\t<!-- All in One SEO Pro -->\r\n\t\t<title>El Sporting busca la renovaci\u00f3n de Sergio \u00c1lvarez y \u00c1lex Barrera - El Digital de Asturias<\/title>\n\n","aioseo_head_json":{"title":"El Sporting busca la renovaci\u00f3n de Sergio \u00c1lvarez y \u00c1lex Barrera - El Digital de Asturias","description":"Gij\u00f3n, 5 ene (EFE).- El Sporting negocia la renovaci\u00f3n de los contratos de los centrocampistas Sergio \u00c1lvarez y Alex Barrera, una vez firmadas las de Alberto Lora y Nacho Cases, en un intento de asegurarse la continuidad de los mejores j\u00f3venes formados en la Escuela de Mareo, que esta temporada han adquirido un protagonismo mayor.","canonical_url":"https:\/\/www.eldigitaldeasturias.com\/noticias\/el-sporting-busca-la-renovacion-de-sergio-alvarez-y-alex-barrera\/","robots":"max-image-preview:large","keywords":"actualidad","webmasterTools":{"google-site-verification":"UA-38556648-1","msvalidate.01":"7dfe9f3f1b24437ab69f4f2559babe99","miscellaneous":""},"schema":{"@context":"https:\/\/schema.org","@graph":[{"@type":"BlogPosting","@id":"https:\/\/www.eldigitaldeasturias.com\/noticias\/el-sporting-busca-la-renovacion-de-sergio-alvarez-y-alex-barrera\/#blogposting","name":"El Sporting busca la renovaci\u00f3n de Sergio \u00c1lvarez y \u00c1lex Barrera - El Digital de Asturias","headline":"El Sporting busca la renovaci\u00f3n de Sergio \u00c1lvarez y \u00c1lex Barrera","author":{"@id":"https:\/\/www.eldigitaldeasturias.com\/noticias\/author\/admin\/#author"},"publisher":{"@id":"https:\/\/www.eldigitaldeasturias.com\/noticias\/#organization"},"image":{"@type":"ImageObject","url":"https:\/\/www.eldigitaldeasturias.com\/noticias\/wp-content\/uploads\/2026\/06\/Contenidos.jpg","width":1265,"height":697,"caption":"Contenidos"},"datePublished":"2014-02-05T15:38:18+01:00","dateModified":"2014-02-05T15:38:18+01:00","inLanguage":"es-ES","mainEntityOfPage":{"@id":"https:\/\/www.eldigitaldeasturias.com\/noticias\/el-sporting-busca-la-renovacion-de-sergio-alvarez-y-alex-barrera\/#webpage"},"isPartOf":{"@id":"https:\/\/www.eldigitaldeasturias.com\/noticias\/el-sporting-busca-la-renovacion-de-sergio-alvarez-y-alex-barrera\/#webpage"},"articleSection":"Actualidad"},{"@type":"BreadcrumbList","@id":"https:\/\/www.eldigitaldeasturias.com\/noticias\/el-sporting-busca-la-renovacion-de-sergio-alvarez-y-alex-barrera\/#breadcrumblist","itemListElement":[{"@type":"ListItem","@id":"https:\/\/www.eldigitaldeasturias.com\/noticias#listItem","position":1,"name":"Home","item":"https:\/\/www.eldigitaldeasturias.com\/noticias","nextItem":{"@type":"ListItem","@id":"https:\/\/www.eldigitaldeasturias.com\/noticias\/category\/actualidad\/#listItem","name":"Actualidad"}},{"@type":"ListItem","@id":"https:\/\/www.eldigitaldeasturias.com\/noticias\/category\/actualidad\/#listItem","position":2,"name":"Actualidad","item":"https:\/\/www.eldigitaldeasturias.com\/noticias\/category\/actualidad\/","nextItem":{"@type":"ListItem","@id":"https:\/\/www.eldigitaldeasturias.com\/noticias\/el-sporting-busca-la-renovacion-de-sergio-alvarez-y-alex-barrera\/#listItem","name":"El Sporting busca la renovaci\u00f3n de Sergio \u00c1lvarez y \u00c1lex Barrera"},"previousItem":{"@type":"ListItem","@id":"https:\/\/www.eldigitaldeasturias.com\/noticias#listItem","name":"Home"}},{"@type":"ListItem","@id":"https:\/\/www.eldigitaldeasturias.com\/noticias\/el-sporting-busca-la-renovacion-de-sergio-alvarez-y-alex-barrera\/#listItem","position":3,"name":"El Sporting busca la renovaci\u00f3n de Sergio \u00c1lvarez y \u00c1lex Barrera","previousItem":{"@type":"ListItem","@id":"https:\/\/www.eldigitaldeasturias.com\/noticias\/category\/actualidad\/#listItem","name":"Actualidad"}}]},{"@type":"Organization","@id":"https:\/\/www.eldigitaldeasturias.com\/noticias\/#organization","name":"El Digital de Asturias","description":"Hemeroteca","url":"https:\/\/www.eldigitaldeasturias.com\/noticias\/","email":"info@eldigitaldeasturias.com","telephone":"+34652131393","logo":{"@type":"ImageObject","url":"https:\/\/www.eldigitaldeasturias.com\/noticias\/wp-content\/uploads\/2020\/12\/EDA.jpg","@id":"https:\/\/www.eldigitaldeasturias.com\/noticias\/el-sporting-busca-la-renovacion-de-sergio-alvarez-y-alex-barrera\/#organizationLogo"},"image":{"@id":"https:\/\/www.eldigitaldeasturias.com\/noticias\/el-sporting-busca-la-renovacion-de-sergio-alvarez-y-alex-barrera\/#organizationLogo"},"sameAs":["https:\/\/facebook.com\/eldigitaldeasturias","https:\/\/www.youtube.com\/channel\/UCZP-2wLEB9Rv6erhFmqVnvg"],"address":{"@id":"https:\/\/www.eldigitaldeasturias.com\/noticias\/#postaladdress","@type":"PostalAddress","streetAddress":"san antonio 4","postalCode":"33430","addressLocality":"Cand\u00e1s","addressRegion":"Asturias","addressCountry":"ES"}},{"@type":"Person","@id":"https:\/\/www.eldigitaldeasturias.com\/noticias\/author\/admin\/#author","url":"https:\/\/www.eldigitaldeasturias.com\/noticias\/author\/admin\/","name":"El Digital de Asturias","image":{"@type":"ImageObject","@id":"https:\/\/www.eldigitaldeasturias.com\/noticias\/el-sporting-busca-la-renovacion-de-sergio-alvarez-y-alex-barrera\/#authorImage","url":"https:\/\/secure.gravatar.com\/avatar\/df2aeffc32bcd13f8d26072ef8a91b623d677766deac7f97ca815868cd41bf5e?s=96&d=mm&r=g","width":96,"height":96,"caption":"El Digital de Asturias"}},{"@type":"WebPage","@id":"https:\/\/www.eldigitaldeasturias.com\/noticias\/el-sporting-busca-la-renovacion-de-sergio-alvarez-y-alex-barrera\/#webpage","url":"https:\/\/www.eldigitaldeasturias.com\/noticias\/el-sporting-busca-la-renovacion-de-sergio-alvarez-y-alex-barrera\/","name":"El Sporting busca la renovaci\u00f3n de Sergio \u00c1lvarez y \u00c1lex Barrera - El Digital de Asturias","description":"Gij\u00f3n, 5 ene (EFE).- El Sporting negocia la renovaci\u00f3n de los contratos de los centrocampistas Sergio \u00c1lvarez y Alex Barrera, una vez firmadas las de Alberto Lora y Nacho Cases, en un intento de asegurarse la continuidad de los mejores j\u00f3venes formados en la Escuela de Mareo, que esta temporada han adquirido un protagonismo mayor.","inLanguage":"es-ES","isPartOf":{"@id":"https:\/\/www.eldigitaldeasturias.com\/noticias\/#website"},"breadcrumb":{"@id":"https:\/\/www.eldigitaldeasturias.com\/noticias\/el-sporting-busca-la-renovacion-de-sergio-alvarez-y-alex-barrera\/#breadcrumblist"},"author":{"@id":"https:\/\/www.eldigitaldeasturias.com\/noticias\/author\/admin\/#author"},"creator":{"@id":"https:\/\/www.eldigitaldeasturias.com\/noticias\/author\/admin\/#author"},"image":{"@type":"ImageObject","url":"https:\/\/www.eldigitaldeasturias.com\/noticias\/wp-content\/uploads\/2026\/06\/Contenidos.jpg","@id":"https:\/\/www.eldigitaldeasturias.com\/noticias\/el-sporting-busca-la-renovacion-de-sergio-alvarez-y-alex-barrera\/#mainImage","width":1265,"height":697,"caption":"Contenidos"},"primaryImageOfPage":{"@id":"https:\/\/www.eldigitaldeasturias.com\/noticias\/el-sporting-busca-la-renovacion-de-sergio-alvarez-y-alex-barrera\/#mainImage"},"datePublished":"2014-02-05T15:38:18+01:00","dateModified":"2014-02-05T15:38:18+01:00"},{"@type":"WebSite","@id":"https:\/\/www.eldigitaldeasturias.com\/noticias\/#website","url":"https:\/\/www.eldigitaldeasturias.com\/noticias\/","name":"El Digital de Asturias - Diario de actualidad y noticias","alternateName":"El Digital de Asturias - Diario de actualidad y noticias","description":"Hemeroteca","inLanguage":"es-ES","publisher":{"@id":"https:\/\/www.eldigitaldeasturias.com\/noticias\/#organization"}}]},"og:locale":"es_ES","og:site_name":"El Digital de Asturias","og:type":"article","og:title":"El Sporting busca la renovaci\u00f3n de Sergio \u00c1lvarez y \u00c1lex Barrera - El Digital de Asturias","og:description":"Gij\u00f3n, 5 ene (EFE).- El Sporting negocia la renovaci\u00f3n de los contratos de los centrocampistas Sergio \u00c1lvarez y Alex Barrera, una vez firmadas las de Alberto Lora y Nacho Cases, en un intento de asegurarse la continuidad de los mejores j\u00f3venes formados en la Escuela de Mareo, que esta temporada han adquirido un protagonismo mayor.","og:url":"https:\/\/www.eldigitaldeasturias.com\/noticias\/el-sporting-busca-la-renovacion-de-sergio-alvarez-y-alex-barrera\/","og:image":"https:\/\/www.eldigitaldeasturias.com\/noticias\/wp-content\/uploads\/2026\/06\/Contenidos.jpg","og:image:secure_url":"https:\/\/www.eldigitaldeasturias.com\/noticias\/wp-content\/uploads\/2026\/06\/Contenidos.jpg","og:image:width":1265,"og:image:height":697,"article:tag":["actualidad"],"article:published_time":"2014-02-05T16:38:18+00:00","article:modified_time":"2014-02-05T16:38:18+00:00","article:publisher":"https:\/\/facebook.com\/eldigitaldeasturias","twitter:card":"summary_large_image","twitter:title":"El Sporting busca la renovaci\u00f3n de Sergio \u00c1lvarez y \u00c1lex Barrera - El Digital de Asturias","twitter:description":"Gij\u00f3n, 5 ene (EFE).- El Sporting negocia la renovaci\u00f3n de los contratos de los centrocampistas Sergio \u00c1lvarez y Alex Barrera, una vez firmadas las de Alberto Lora y Nacho Cases, en un intento de asegurarse la continuidad de los mejores j\u00f3venes formados en la Escuela de Mareo, que esta temporada han adquirido un protagonismo mayor.","twitter:image":"https:\/\/www.eldigitaldeasturias.com\/noticias\/wp-content\/uploads\/2026\/06\/Contenidos.jpg","twitter:label1":"Escrito por","twitter:data1":"El Digital de Asturias","twitter:label2":"Tiempo de lectura estimado","twitter:data2":"3 minutos"},"aioseo_meta_data":{"post_id":"483959","title":null,"description":null,"keywords":null,"keyphrases":null,"primary_term":null,"canonical_url":null,"og_title":null,"og_description":null,"og_object_type":"default","og_image_type":"default","og_image_url":null,"og_image_width":null,"og_image_height":null,"og_image_custom_url":null,"og_image_custom_fields":null,"og_video":null,"og_custom_url":null,"og_article_section":null,"og_article_tags":null,"twitter_use_og":true,"twitter_card":"default","twitter_image_type":"default","twitter_image_url":null,"twitter_image_custom_url":null,"twitter_image_custom_fields":null,"twitter_title":null,"twitter_description":null,"schema":{"blockGraphs":[],"customGraphs":[],"default":{"data":{"Article":[],"Course":[],"Dataset":[],"FAQPage":[],"Movie":[],"Person":[],"Product":[],"ProductReview":[],"Car":[],"Recipe":[],"Service":[],"SoftwareApplication":[],"WebPage":[]},"graphName":"","isEnabled":true},"graphs":[],"defaultGraph":"","defaultPostTypeGraph":""},"schema_type":null,"schema_type_options":null,"pillar_content":false,"robots_default":true,"robots_noindex":false,"robots_noarchive":false,"robots_nosnippet":false,"robots_nofollow":false,"robots_noimageindex":false,"robots_noodp":false,"robots_notranslate":false,"robots_max_snippet":null,"robots_max_videopreview":null,"robots_max_imagepreview":"none","priority":null,"frequency":null,"local_seo":null,"seo_analyzer_scan_date":"2026-06-02 14:24:41","breadcrumb_settings":null,"limit_modified_date":false,"open_ai":null,"ai":null,"created":"2020-11-14 22:54:55","updated":"2026-06-02 14:24:41","focus_keyword":null,"additional_keywords":null,"truseo_locale":null},"aioseo_breadcrumb":"<div class=\"aioseo-breadcrumbs\"><span class=\"aioseo-breadcrumb\">\n\t<a href=\"https:\/\/www.eldigitaldeasturias.com\/noticias\" title=\"Home\">Home<\/a>\n<\/span><span class=\"aioseo-breadcrumb-separator\">\u2013<\/span><span class=\"aioseo-breadcrumb\">\n\t<a href=\"https:\/\/www.eldigitaldeasturias.com\/noticias\/category\/actualidad\/\" title=\"Actualidad\">Actualidad<\/a>\n<\/span><span class=\"aioseo-breadcrumb-separator\">\u2013<\/span><span class=\"aioseo-breadcrumb\">\n\t<a href=\"https:\/\/www.eldigitaldeasturias.com\/noticias\/el-sporting-busca-la-renovacion-de-sergio-alvarez-y-alex-barrera\/\" title=\"El Sporting busca la renovaci\u00f3n de Sergio \u00c1lvarez y \u00c1lex Barrera\">El Sporting busca la renovaci\u00f3n de Sergio \u00c1lvarez y \u00c1lex Barrera<\/a>\n<\/span><\/div>","aioseo_breadcrumb_json":[{"label":"Home","link":"https:\/\/www.eldigitaldeasturias.com\/noticias"},{"label":"Actualidad","link":"https:\/\/www.eldigitaldeasturias.com\/noticias\/category\/actualidad\/"},{"label":"El Sporting busca la renovaci\u00f3n de Sergio \u00c1lvarez y \u00c1lex Barrera","link":"https:\/\/www.eldigitaldeasturias.com\/noticias\/el-sporting-busca-la-renovacion-de-sergio-alvarez-y-alex-barrera\/"}],"_links":{"self":[{"href":"https:\/\/www.eldigitaldeasturias.com\/noticias\/wp-json\/wp\/v2\/posts\/483959","targetHints":{"allow":["GET"]}}],"collection":[{"href":"https:\/\/www.eldigitaldeasturias.com\/noticias\/wp-json\/wp\/v2\/posts"}],"about":[{"href":"https:\/\/www.eldigitaldeasturias.com\/noticias\/wp-json\/wp\/v2\/types\/post"}],"author":[{"embeddable":true,"href":"https:\/\/www.eldigitaldeasturias.com\/noticias\/wp-json\/wp\/v2\/users\/1"}],"replies":[{"embeddable":true,"href":"https:\/\/www.eldigitaldeasturias.com\/noticias\/wp-json\/wp\/v2\/comments?post=483959"}],"version-history":[{"count":0,"href":"https:\/\/www.eldigitaldeasturias.com\/noticias\/wp-json\/wp\/v2\/posts\/483959\/revisions"}],"wp:featuredmedia":[{"embeddable":true,"href":"https:\/\/www.eldigitaldeasturias.com\/noticias\/wp-json\/wp\/v2\/media\/1132184"}],"wp:attachment":[{"href":"https:\/\/www.eldigitaldeasturias.com\/noticias\/wp-json\/wp\/v2\/media?parent=483959"}],"wp:term":[{"taxonomy":"category","embeddable":true,"href":"https:\/\/www.eldigitaldeasturias.com\/noticias\/wp-json\/wp\/v2\/categories?post=483959"},{"taxonomy":"post_tag","embeddable":true,"href":"https:\/\/www.eldigitaldeasturias.com\/noticias\/wp-json\/wp\/v2\/tags?post=483959"}],"curies":[{"name":"wp","href":"https:\/\/api.w.org\/{rel}","templated":true}]}}