{"id":483940,"date":"2014-02-05T14:46:29","date_gmt":"2014-02-05T15:46:29","guid":{"rendered":"http:\/\/www.eldigitaldeasturias.com\/noticias\/?p=483940"},"modified":"2014-02-05T14:46:29","modified_gmt":"2014-02-05T15:46:29","slug":"kuala-lumpur-releva-a-rio-de-janeiro-como-sede-de-la-gala-de-los-laureus","status":"publish","type":"post","link":"https:\/\/www.eldigitaldeasturias.com\/noticias\/kuala-lumpur-releva-a-rio-de-janeiro-como-sede-de-la-gala-de-los-laureus\/","title":{"rendered":"Kuala Lumpur releva a R\u00edo de Janeiro como sede de la Gala de los Laureus"},"content":{"rendered":"<p><img loading=\"lazy\" decoding=\"async\" class=\"alignleft size-medium wp-image-483941\" alt=\"5911318w\" src=\"https:\/\/www.eldigitaldeasturias.com\/noticias\/wp-content\/uploads\/2014\/02\/5911318w-360x239.jpg\" width=\"360\" height=\"239\" \/>Madrid, 5 feb (EFE).- Kuala Lumpur releva a R\u00edo de Janeiro como escenario de la Gala de los Premios Laureus a los mejores deportistas de 2014, que se celebrar\u00e1 el mi\u00e9rcoles 26 de marzo, informa en un comunicado la organizaci\u00f3n de los galardones.<\/p>\n<p>Tras la rescisi\u00f3n del contrato entre la ciudad brasile\u00f1a y Laureus finalmente hoy se confirma a la ciudad malaya como sede del acto de entrega de los conocidos \u00d3scar del deporte.<\/p>\n<p>En a\u00f1os anteriores se celebr\u00f3 en M\u00f3naco, Lisboa, Estoril (Portugal), Barcelona, San Petersburgo (Rusia) y Abu Dabi.<\/p>\n<p>A la gala de los premios asisten leyendas vivas del deporte y se rinde homenaje de forma anual a los \u00e9xitos de los mejores deportistas del mundo.<\/p>\n<p>\u00abEstoy encantado de que los premios de 2014 se vayan a organizar en Kuala Lumpur, Malasia. El hecho de que Laureus tenga lugar en el sureste asi\u00e1tico por vez primera constituye un desarrollo tremendamente emocionante, que permite que el mensaje de Laureus se extienda hasta una nueva parte del mundo\u00bb, indica el exvallista estadounidense Edwin Moses, presidente de la Academia Laureus.<\/p>\n<p>El explusmarquista mundial se\u00f1ala que \u00abva a ser un acto muy emotivo dado que se trata de los primeros premios que celebramos desde el fallecimiento de nuestro presidente de honor, el gran Nelson Mandela\u00bb, y se muestra convencido de que la gala \u00abser\u00e1 un acontecimiento inolvidable\u00bb que permitir\u00e1 rendir homenaje al expresidente sudafricano.<\/p>\n<p>En la ceremonia de los Laureus de 2000, Mandela afirm\u00f3: \u00abEl deporte tiene el poder de cambiar el mundo. Tiene el poder de inspirar. Tiene el poder de unir a la gente como pocas cosas pueden hacerlo. El deporte puede despertar la esperanza donde antes solo hab\u00eda desesperaci\u00f3n\u00bb.<\/p>\n<p>Entre los grandes del deporte premiados en las \u00faltimas ediciones se encuentran Usain Bolt, Sebastian Coe, Novak Djokovic, Roger Federer, Alex Ferguson, Lewis Hamilton, Kelly Holmes, Rafael Nadal, Pel\u00e9, Steve Redgrave, Ronaldo, Michael Schumacher, Kelly Slater, Shaun White, Serena Williams y Zinedine Zidane.<\/p>\n<p>El dinero recaudado por estos premios es donado a m\u00e1s de 140 proyectos comunitarios deportivos de todo el mundo que ayudan a mejorar las vidas de m\u00e1s de mill\u00f3n y medio de j\u00f3venes, seg\u00fan la Academia. Desde su inicio Laureus ha recaudado m\u00e1s de 60 millones de euros para apoyar proyectos por todo el planeta.<\/p>\n<p>Los ganadores de los premios Laureus son seleccionados por el jurado deportivo por excelencia: los 46 miembros de la Laureus World Sports Academy, leyendas vivas del deporte que rinden homenaje a los mejores atletas de la actualidad: Giacomo Agostini, Marcus Allen, Franz Beckenbauer, Boris Becker, Ian Botham, Sergey Bubka, Bobby Charlton, Sebastian Coe, Nadia Comaneci, Yaping Deng, Marcel Desailly, Kapil Dev, Mick Doohan, David Douillet, Emerson Fittipaldi, Sean Fitzpatrick, Dawn Fraser, Cathy Freeman, Tanni Grey-Thompson, Marvelous Marvin Hagler, Mika H\u00e4kkinen, Tony Hawk, Mike Horn, Miguel Indurain, Michael Johnson, Kip Keino, Franz Klammer, Dan Marino, Edwin Moses, Nawal El Moutawakel, Robby Naish, Ilie Nastase, Martina Navratilova, Alexey Nemov, Jack Nicklaus, Gary Player, Morn\u00e9 du Plessis, Hugo Porta, Steve Redgrave, Vivian Richards, Monica Seles, Mark Spitz, Daley Thompson, Alberto Tomba, Steve Waugh y Katarina Witt.<\/p>\n","protected":false},"excerpt":{"rendered":"<p>Madrid, 5 feb (EFE).- Kuala Lumpur releva a R\u00edo de Janeiro como escenario de la Gala de los Premios Laureus a los mejores deportistas de 2014, que se celebrar\u00e1 el mi\u00e9rcoles 26 de marzo, informa en un comunicado la organizaci\u00f3n de los galardones. Tras la rescisi\u00f3n del contrato entre la ciudad brasile\u00f1a y Laureus finalmente [&hellip;]<\/p>\n","protected":false},"author":1,"featured_media":483941,"comment_status":"closed","ping_status":"open","sticky":false,"template":"","format":"standard","meta":{"footnotes":""},"categories":[1],"tags":[],"class_list":["post-483940","post","type-post","status-publish","format-standard","has-post-thumbnail","hentry","category-actualidad"],"aioseo_notices":[],"aioseo_head":"\n\t\t<!-- All in One SEO Pro 5.0.1 - aioseo.com -->\n\t<meta name=\"description\" content=\"Madrid, 5 feb (EFE).- Kuala Lumpur releva a R\u00edo de Janeiro como escenario de la Gala de los Premios Laureus a los mejores deportistas de 2014, que se celebrar\u00e1 el mi\u00e9rcoles 26 de marzo, informa en un comunicado la organizaci\u00f3n de los galardones. Tras la rescisi\u00f3n del contrato entre la ciudad brasile\u00f1a y Laureus finalmente\" \/>\n\t<meta name=\"robots\" content=\"max-image-preview:large\" \/>\n\t<meta name=\"author\" content=\"El Digital de Asturias\"\/>\n\t<meta name=\"google-site-verification\" content=\"UA-38556648-1\" \/>\n\t<meta name=\"msvalidate.01\" content=\"7dfe9f3f1b24437ab69f4f2559babe99\" \/>\n\t<meta name=\"keywords\" content=\"actualidad\" \/>\n\t<link rel=\"canonical\" href=\"https:\/\/www.eldigitaldeasturias.com\/noticias\/kuala-lumpur-releva-a-rio-de-janeiro-como-sede-de-la-gala-de-los-laureus\/\" \/>\n\t<meta name=\"generator\" content=\"All in One SEO Pro (AIOSEO) 5.0.1\" \/>\n\t\t<meta property=\"og:locale\" content=\"es_ES\" \/>\n\t\t<meta property=\"og:site_name\" content=\"El Digital de Asturias\" \/>\n\t\t<meta property=\"og:type\" content=\"article\" \/>\n\t\t<meta property=\"og:title\" content=\"Kuala Lumpur releva a R\u00edo de Janeiro como sede de la Gala de los Laureus - El Digital de Asturias\" \/>\n\t\t<meta property=\"og:description\" content=\"Madrid, 5 feb (EFE).- Kuala Lumpur releva a R\u00edo de Janeiro como escenario de la Gala de los Premios Laureus a los mejores deportistas de 2014, que se celebrar\u00e1 el mi\u00e9rcoles 26 de marzo, informa en un comunicado la organizaci\u00f3n de los galardones. Tras la rescisi\u00f3n del contrato entre la ciudad brasile\u00f1a y Laureus finalmente\" \/>\n\t\t<meta property=\"og:url\" content=\"https:\/\/www.eldigitaldeasturias.com\/noticias\/kuala-lumpur-releva-a-rio-de-janeiro-como-sede-de-la-gala-de-los-laureus\/\" \/>\n\t\t<meta property=\"article:tag\" content=\"actualidad\" \/>\n\t\t<meta property=\"article:published_time\" content=\"2014-02-05T15:46:29+00:00\" \/>\n\t\t<meta property=\"article:modified_time\" content=\"2014-02-05T15:46:29+00:00\" \/>\n\t\t<meta property=\"article:publisher\" content=\"https:\/\/facebook.com\/eldigitaldeasturias\" \/>\n\t\t<meta name=\"twitter:card\" content=\"summary_large_image\" \/>\n\t\t<meta name=\"twitter:title\" content=\"Kuala Lumpur releva a R\u00edo de Janeiro como sede de la Gala de los Laureus - El Digital de Asturias\" \/>\n\t\t<meta name=\"twitter:description\" content=\"Madrid, 5 feb (EFE).- Kuala Lumpur releva a R\u00edo de Janeiro como escenario de la Gala de los Premios Laureus a los mejores deportistas de 2014, que se celebrar\u00e1 el mi\u00e9rcoles 26 de marzo, informa en un comunicado la organizaci\u00f3n de los galardones. Tras la rescisi\u00f3n del contrato entre la ciudad brasile\u00f1a y Laureus finalmente\" \/>\n\t\t<meta name=\"twitter:label1\" content=\"Escrito por\" \/>\n\t\t<meta name=\"twitter:data1\" content=\"El Digital de Asturias\" \/>\n\t\t<meta name=\"twitter:label2\" content=\"Tiempo de lectura estimado\" \/>\n\t\t<meta name=\"twitter:data2\" content=\"3 minutos\" \/>\n\t\t<script type=\"application\/ld+json\" class=\"aioseo-schema\">\n\t\t\t{\"@context\":\"https:\\\/\\\/schema.org\",\"@graph\":[{\"@type\":\"BlogPosting\",\"@id\":\"https:\\\/\\\/www.eldigitaldeasturias.com\\\/noticias\\\/kuala-lumpur-releva-a-rio-de-janeiro-como-sede-de-la-gala-de-los-laureus\\\/#blogposting\",\"name\":\"Kuala Lumpur releva a R\\u00edo de Janeiro como sede de la Gala de los Laureus - El Digital de Asturias\",\"headline\":\"Kuala Lumpur releva a R\\u00edo de Janeiro como sede de la Gala de los Laureus\",\"author\":{\"@id\":\"https:\\\/\\\/www.eldigitaldeasturias.com\\\/noticias\\\/author\\\/admin\\\/#author\"},\"publisher\":{\"@id\":\"https:\\\/\\\/www.eldigitaldeasturias.com\\\/noticias\\\/#organization\"},\"image\":{\"@type\":\"ImageObject\",\"url\":483941},\"datePublished\":\"2014-02-05T14:46:29+01:00\",\"dateModified\":\"2014-02-05T14:46:29+01:00\",\"inLanguage\":\"es-ES\",\"mainEntityOfPage\":{\"@id\":\"https:\\\/\\\/www.eldigitaldeasturias.com\\\/noticias\\\/kuala-lumpur-releva-a-rio-de-janeiro-como-sede-de-la-gala-de-los-laureus\\\/#webpage\"},\"isPartOf\":{\"@id\":\"https:\\\/\\\/www.eldigitaldeasturias.com\\\/noticias\\\/kuala-lumpur-releva-a-rio-de-janeiro-como-sede-de-la-gala-de-los-laureus\\\/#webpage\"},\"articleSection\":\"Actualidad\"},{\"@type\":\"BreadcrumbList\",\"@id\":\"https:\\\/\\\/www.eldigitaldeasturias.com\\\/noticias\\\/kuala-lumpur-releva-a-rio-de-janeiro-como-sede-de-la-gala-de-los-laureus\\\/#breadcrumblist\",\"itemListElement\":[{\"@type\":\"ListItem\",\"@id\":\"https:\\\/\\\/www.eldigitaldeasturias.com\\\/noticias#listItem\",\"position\":1,\"name\":\"Home\",\"item\":\"https:\\\/\\\/www.eldigitaldeasturias.com\\\/noticias\",\"nextItem\":{\"@type\":\"ListItem\",\"@id\":\"https:\\\/\\\/www.eldigitaldeasturias.com\\\/noticias\\\/category\\\/actualidad\\\/#listItem\",\"name\":\"Actualidad\"}},{\"@type\":\"ListItem\",\"@id\":\"https:\\\/\\\/www.eldigitaldeasturias.com\\\/noticias\\\/category\\\/actualidad\\\/#listItem\",\"position\":2,\"name\":\"Actualidad\",\"item\":\"https:\\\/\\\/www.eldigitaldeasturias.com\\\/noticias\\\/category\\\/actualidad\\\/\",\"nextItem\":{\"@type\":\"ListItem\",\"@id\":\"https:\\\/\\\/www.eldigitaldeasturias.com\\\/noticias\\\/kuala-lumpur-releva-a-rio-de-janeiro-como-sede-de-la-gala-de-los-laureus\\\/#listItem\",\"name\":\"Kuala Lumpur releva a R\\u00edo de Janeiro como sede de la Gala de los Laureus\"},\"previousItem\":{\"@type\":\"ListItem\",\"@id\":\"https:\\\/\\\/www.eldigitaldeasturias.com\\\/noticias#listItem\",\"name\":\"Home\"}},{\"@type\":\"ListItem\",\"@id\":\"https:\\\/\\\/www.eldigitaldeasturias.com\\\/noticias\\\/kuala-lumpur-releva-a-rio-de-janeiro-como-sede-de-la-gala-de-los-laureus\\\/#listItem\",\"position\":3,\"name\":\"Kuala Lumpur releva a R\\u00edo de Janeiro como sede de la Gala de los Laureus\",\"previousItem\":{\"@type\":\"ListItem\",\"@id\":\"https:\\\/\\\/www.eldigitaldeasturias.com\\\/noticias\\\/category\\\/actualidad\\\/#listItem\",\"name\":\"Actualidad\"}}]},{\"@type\":\"Organization\",\"@id\":\"https:\\\/\\\/www.eldigitaldeasturias.com\\\/noticias\\\/#organization\",\"name\":\"El Digital de Asturias\",\"description\":\"Hemeroteca\",\"url\":\"https:\\\/\\\/www.eldigitaldeasturias.com\\\/noticias\\\/\",\"email\":\"info@eldigitaldeasturias.com\",\"telephone\":\"+34652131393\",\"logo\":{\"@type\":\"ImageObject\",\"url\":\"https:\\\/\\\/www.eldigitaldeasturias.com\\\/noticias\\\/wp-content\\\/uploads\\\/2020\\\/12\\\/EDA.jpg\",\"@id\":\"https:\\\/\\\/www.eldigitaldeasturias.com\\\/noticias\\\/kuala-lumpur-releva-a-rio-de-janeiro-como-sede-de-la-gala-de-los-laureus\\\/#organizationLogo\"},\"image\":{\"@id\":\"https:\\\/\\\/www.eldigitaldeasturias.com\\\/noticias\\\/kuala-lumpur-releva-a-rio-de-janeiro-como-sede-de-la-gala-de-los-laureus\\\/#organizationLogo\"},\"sameAs\":[\"https:\\\/\\\/facebook.com\\\/eldigitaldeasturias\",\"https:\\\/\\\/www.youtube.com\\\/channel\\\/UCZP-2wLEB9Rv6erhFmqVnvg\"],\"address\":{\"@id\":\"https:\\\/\\\/www.eldigitaldeasturias.com\\\/noticias\\\/#postaladdress\",\"@type\":\"PostalAddress\",\"streetAddress\":\"san antonio 4\",\"postalCode\":\"33430\",\"addressLocality\":\"Cand\\u00e1s\",\"addressRegion\":\"Asturias\",\"addressCountry\":\"ES\"}},{\"@type\":\"Person\",\"@id\":\"https:\\\/\\\/www.eldigitaldeasturias.com\\\/noticias\\\/author\\\/admin\\\/#author\",\"url\":\"https:\\\/\\\/www.eldigitaldeasturias.com\\\/noticias\\\/author\\\/admin\\\/\",\"name\":\"El Digital de Asturias\",\"image\":{\"@type\":\"ImageObject\",\"@id\":\"https:\\\/\\\/www.eldigitaldeasturias.com\\\/noticias\\\/kuala-lumpur-releva-a-rio-de-janeiro-como-sede-de-la-gala-de-los-laureus\\\/#authorImage\",\"url\":\"https:\\\/\\\/secure.gravatar.com\\\/avatar\\\/df2aeffc32bcd13f8d26072ef8a91b623d677766deac7f97ca815868cd41bf5e?s=96&d=mm&r=g\",\"width\":96,\"height\":96,\"caption\":\"El Digital de Asturias\"}},{\"@type\":\"WebPage\",\"@id\":\"https:\\\/\\\/www.eldigitaldeasturias.com\\\/noticias\\\/kuala-lumpur-releva-a-rio-de-janeiro-como-sede-de-la-gala-de-los-laureus\\\/#webpage\",\"url\":\"https:\\\/\\\/www.eldigitaldeasturias.com\\\/noticias\\\/kuala-lumpur-releva-a-rio-de-janeiro-como-sede-de-la-gala-de-los-laureus\\\/\",\"name\":\"Kuala Lumpur releva a R\\u00edo de Janeiro como sede de la Gala de los Laureus - El Digital de Asturias\",\"description\":\"Madrid, 5 feb (EFE).- Kuala Lumpur releva a R\\u00edo de Janeiro como escenario de la Gala de los Premios Laureus a los mejores deportistas de 2014, que se celebrar\\u00e1 el mi\\u00e9rcoles 26 de marzo, informa en un comunicado la organizaci\\u00f3n de los galardones. Tras la rescisi\\u00f3n del contrato entre la ciudad brasile\\u00f1a y Laureus finalmente\",\"inLanguage\":\"es-ES\",\"isPartOf\":{\"@id\":\"https:\\\/\\\/www.eldigitaldeasturias.com\\\/noticias\\\/#website\"},\"breadcrumb\":{\"@id\":\"https:\\\/\\\/www.eldigitaldeasturias.com\\\/noticias\\\/kuala-lumpur-releva-a-rio-de-janeiro-como-sede-de-la-gala-de-los-laureus\\\/#breadcrumblist\"},\"author\":{\"@id\":\"https:\\\/\\\/www.eldigitaldeasturias.com\\\/noticias\\\/author\\\/admin\\\/#author\"},\"creator\":{\"@id\":\"https:\\\/\\\/www.eldigitaldeasturias.com\\\/noticias\\\/author\\\/admin\\\/#author\"},\"image\":{\"@type\":\"ImageObject\",\"url\":483941,\"@id\":\"https:\\\/\\\/www.eldigitaldeasturias.com\\\/noticias\\\/kuala-lumpur-releva-a-rio-de-janeiro-como-sede-de-la-gala-de-los-laureus\\\/#mainImage\"},\"primaryImageOfPage\":{\"@id\":\"https:\\\/\\\/www.eldigitaldeasturias.com\\\/noticias\\\/kuala-lumpur-releva-a-rio-de-janeiro-como-sede-de-la-gala-de-los-laureus\\\/#mainImage\"},\"datePublished\":\"2014-02-05T14:46:29+01:00\",\"dateModified\":\"2014-02-05T14:46:29+01:00\"},{\"@type\":\"WebSite\",\"@id\":\"https:\\\/\\\/www.eldigitaldeasturias.com\\\/noticias\\\/#website\",\"url\":\"https:\\\/\\\/www.eldigitaldeasturias.com\\\/noticias\\\/\",\"name\":\"El Digital de Asturias - Diario de actualidad y noticias\",\"alternateName\":\"El Digital de Asturias - Diario de actualidad y noticias\",\"description\":\"Hemeroteca\",\"inLanguage\":\"es-ES\",\"publisher\":{\"@id\":\"https:\\\/\\\/www.eldigitaldeasturias.com\\\/noticias\\\/#organization\"}}]}\n\t\t<\/script>\n\t\t<!-- All in One SEO Pro -->\r\n\t\t<title>Kuala Lumpur releva a R\u00edo de Janeiro como sede de la Gala de los Laureus - El Digital de Asturias<\/title>\n\n","aioseo_head_json":{"title":"Kuala Lumpur releva a R\u00edo de Janeiro como sede de la Gala de los Laureus - El Digital de Asturias","description":"Madrid, 5 feb (EFE).- Kuala Lumpur releva a R\u00edo de Janeiro como escenario de la Gala de los Premios Laureus a los mejores deportistas de 2014, que se celebrar\u00e1 el mi\u00e9rcoles 26 de marzo, informa en un comunicado la organizaci\u00f3n de los galardones. Tras la rescisi\u00f3n del contrato entre la ciudad brasile\u00f1a y Laureus finalmente","canonical_url":"https:\/\/www.eldigitaldeasturias.com\/noticias\/kuala-lumpur-releva-a-rio-de-janeiro-como-sede-de-la-gala-de-los-laureus\/","robots":"max-image-preview:large","keywords":"actualidad","webmasterTools":{"google-site-verification":"UA-38556648-1","msvalidate.01":"7dfe9f3f1b24437ab69f4f2559babe99","miscellaneous":""},"schema":{"@context":"https:\/\/schema.org","@graph":[{"@type":"BlogPosting","@id":"https:\/\/www.eldigitaldeasturias.com\/noticias\/kuala-lumpur-releva-a-rio-de-janeiro-como-sede-de-la-gala-de-los-laureus\/#blogposting","name":"Kuala Lumpur releva a R\u00edo de Janeiro como sede de la Gala de los Laureus - El Digital de Asturias","headline":"Kuala Lumpur releva a R\u00edo de Janeiro como sede de la Gala de los Laureus","author":{"@id":"https:\/\/www.eldigitaldeasturias.com\/noticias\/author\/admin\/#author"},"publisher":{"@id":"https:\/\/www.eldigitaldeasturias.com\/noticias\/#organization"},"image":{"@type":"ImageObject","url":483941},"datePublished":"2014-02-05T14:46:29+01:00","dateModified":"2014-02-05T14:46:29+01:00","inLanguage":"es-ES","mainEntityOfPage":{"@id":"https:\/\/www.eldigitaldeasturias.com\/noticias\/kuala-lumpur-releva-a-rio-de-janeiro-como-sede-de-la-gala-de-los-laureus\/#webpage"},"isPartOf":{"@id":"https:\/\/www.eldigitaldeasturias.com\/noticias\/kuala-lumpur-releva-a-rio-de-janeiro-como-sede-de-la-gala-de-los-laureus\/#webpage"},"articleSection":"Actualidad"},{"@type":"BreadcrumbList","@id":"https:\/\/www.eldigitaldeasturias.com\/noticias\/kuala-lumpur-releva-a-rio-de-janeiro-como-sede-de-la-gala-de-los-laureus\/#breadcrumblist","itemListElement":[{"@type":"ListItem","@id":"https:\/\/www.eldigitaldeasturias.com\/noticias#listItem","position":1,"name":"Home","item":"https:\/\/www.eldigitaldeasturias.com\/noticias","nextItem":{"@type":"ListItem","@id":"https:\/\/www.eldigitaldeasturias.com\/noticias\/category\/actualidad\/#listItem","name":"Actualidad"}},{"@type":"ListItem","@id":"https:\/\/www.eldigitaldeasturias.com\/noticias\/category\/actualidad\/#listItem","position":2,"name":"Actualidad","item":"https:\/\/www.eldigitaldeasturias.com\/noticias\/category\/actualidad\/","nextItem":{"@type":"ListItem","@id":"https:\/\/www.eldigitaldeasturias.com\/noticias\/kuala-lumpur-releva-a-rio-de-janeiro-como-sede-de-la-gala-de-los-laureus\/#listItem","name":"Kuala Lumpur releva a R\u00edo de Janeiro como sede de la Gala de los Laureus"},"previousItem":{"@type":"ListItem","@id":"https:\/\/www.eldigitaldeasturias.com\/noticias#listItem","name":"Home"}},{"@type":"ListItem","@id":"https:\/\/www.eldigitaldeasturias.com\/noticias\/kuala-lumpur-releva-a-rio-de-janeiro-como-sede-de-la-gala-de-los-laureus\/#listItem","position":3,"name":"Kuala Lumpur releva a R\u00edo de Janeiro como sede de la Gala de los Laureus","previousItem":{"@type":"ListItem","@id":"https:\/\/www.eldigitaldeasturias.com\/noticias\/category\/actualidad\/#listItem","name":"Actualidad"}}]},{"@type":"Organization","@id":"https:\/\/www.eldigitaldeasturias.com\/noticias\/#organization","name":"El Digital de Asturias","description":"Hemeroteca","url":"https:\/\/www.eldigitaldeasturias.com\/noticias\/","email":"info@eldigitaldeasturias.com","telephone":"+34652131393","logo":{"@type":"ImageObject","url":"https:\/\/www.eldigitaldeasturias.com\/noticias\/wp-content\/uploads\/2020\/12\/EDA.jpg","@id":"https:\/\/www.eldigitaldeasturias.com\/noticias\/kuala-lumpur-releva-a-rio-de-janeiro-como-sede-de-la-gala-de-los-laureus\/#organizationLogo"},"image":{"@id":"https:\/\/www.eldigitaldeasturias.com\/noticias\/kuala-lumpur-releva-a-rio-de-janeiro-como-sede-de-la-gala-de-los-laureus\/#organizationLogo"},"sameAs":["https:\/\/facebook.com\/eldigitaldeasturias","https:\/\/www.youtube.com\/channel\/UCZP-2wLEB9Rv6erhFmqVnvg"],"address":{"@id":"https:\/\/www.eldigitaldeasturias.com\/noticias\/#postaladdress","@type":"PostalAddress","streetAddress":"san antonio 4","postalCode":"33430","addressLocality":"Cand\u00e1s","addressRegion":"Asturias","addressCountry":"ES"}},{"@type":"Person","@id":"https:\/\/www.eldigitaldeasturias.com\/noticias\/author\/admin\/#author","url":"https:\/\/www.eldigitaldeasturias.com\/noticias\/author\/admin\/","name":"El Digital de Asturias","image":{"@type":"ImageObject","@id":"https:\/\/www.eldigitaldeasturias.com\/noticias\/kuala-lumpur-releva-a-rio-de-janeiro-como-sede-de-la-gala-de-los-laureus\/#authorImage","url":"https:\/\/secure.gravatar.com\/avatar\/df2aeffc32bcd13f8d26072ef8a91b623d677766deac7f97ca815868cd41bf5e?s=96&d=mm&r=g","width":96,"height":96,"caption":"El Digital de Asturias"}},{"@type":"WebPage","@id":"https:\/\/www.eldigitaldeasturias.com\/noticias\/kuala-lumpur-releva-a-rio-de-janeiro-como-sede-de-la-gala-de-los-laureus\/#webpage","url":"https:\/\/www.eldigitaldeasturias.com\/noticias\/kuala-lumpur-releva-a-rio-de-janeiro-como-sede-de-la-gala-de-los-laureus\/","name":"Kuala Lumpur releva a R\u00edo de Janeiro como sede de la Gala de los Laureus - El Digital de Asturias","description":"Madrid, 5 feb (EFE).- Kuala Lumpur releva a R\u00edo de Janeiro como escenario de la Gala de los Premios Laureus a los mejores deportistas de 2014, que se celebrar\u00e1 el mi\u00e9rcoles 26 de marzo, informa en un comunicado la organizaci\u00f3n de los galardones. Tras la rescisi\u00f3n del contrato entre la ciudad brasile\u00f1a y Laureus finalmente","inLanguage":"es-ES","isPartOf":{"@id":"https:\/\/www.eldigitaldeasturias.com\/noticias\/#website"},"breadcrumb":{"@id":"https:\/\/www.eldigitaldeasturias.com\/noticias\/kuala-lumpur-releva-a-rio-de-janeiro-como-sede-de-la-gala-de-los-laureus\/#breadcrumblist"},"author":{"@id":"https:\/\/www.eldigitaldeasturias.com\/noticias\/author\/admin\/#author"},"creator":{"@id":"https:\/\/www.eldigitaldeasturias.com\/noticias\/author\/admin\/#author"},"image":{"@type":"ImageObject","url":483941,"@id":"https:\/\/www.eldigitaldeasturias.com\/noticias\/kuala-lumpur-releva-a-rio-de-janeiro-como-sede-de-la-gala-de-los-laureus\/#mainImage"},"primaryImageOfPage":{"@id":"https:\/\/www.eldigitaldeasturias.com\/noticias\/kuala-lumpur-releva-a-rio-de-janeiro-como-sede-de-la-gala-de-los-laureus\/#mainImage"},"datePublished":"2014-02-05T14:46:29+01:00","dateModified":"2014-02-05T14:46:29+01:00"},{"@type":"WebSite","@id":"https:\/\/www.eldigitaldeasturias.com\/noticias\/#website","url":"https:\/\/www.eldigitaldeasturias.com\/noticias\/","name":"El Digital de Asturias - Diario de actualidad y noticias","alternateName":"El Digital de Asturias - Diario de actualidad y noticias","description":"Hemeroteca","inLanguage":"es-ES","publisher":{"@id":"https:\/\/www.eldigitaldeasturias.com\/noticias\/#organization"}}]},"og:locale":"es_ES","og:site_name":"El Digital de Asturias","og:type":"article","og:title":"Kuala Lumpur releva a R\u00edo de Janeiro como sede de la Gala de los Laureus - El Digital de Asturias","og:description":"Madrid, 5 feb (EFE).- Kuala Lumpur releva a R\u00edo de Janeiro como escenario de la Gala de los Premios Laureus a los mejores deportistas de 2014, que se celebrar\u00e1 el mi\u00e9rcoles 26 de marzo, informa en un comunicado la organizaci\u00f3n de los galardones. Tras la rescisi\u00f3n del contrato entre la ciudad brasile\u00f1a y Laureus finalmente","og:url":"https:\/\/www.eldigitaldeasturias.com\/noticias\/kuala-lumpur-releva-a-rio-de-janeiro-como-sede-de-la-gala-de-los-laureus\/","article:tag":["actualidad"],"article:published_time":"2014-02-05T15:46:29+00:00","article:modified_time":"2014-02-05T15:46:29+00:00","article:publisher":"https:\/\/facebook.com\/eldigitaldeasturias","twitter:card":"summary_large_image","twitter:title":"Kuala Lumpur releva a R\u00edo de Janeiro como sede de la Gala de los Laureus - El Digital de Asturias","twitter:description":"Madrid, 5 feb (EFE).- Kuala Lumpur releva a R\u00edo de Janeiro como escenario de la Gala de los Premios Laureus a los mejores deportistas de 2014, que se celebrar\u00e1 el mi\u00e9rcoles 26 de marzo, informa en un comunicado la organizaci\u00f3n de los galardones. Tras la rescisi\u00f3n del contrato entre la ciudad brasile\u00f1a y Laureus finalmente","twitter:label1":"Escrito por","twitter:data1":"El Digital de Asturias","twitter:label2":"Tiempo de lectura estimado","twitter:data2":"3 minutos"},"aioseo_meta_data":{"post_id":"483940","title":null,"description":null,"keywords":null,"keyphrases":null,"primary_term":null,"canonical_url":null,"og_title":null,"og_description":null,"og_object_type":"default","og_image_type":"default","og_image_url":null,"og_image_width":null,"og_image_height":null,"og_image_custom_url":null,"og_image_custom_fields":null,"og_video":null,"og_custom_url":null,"og_article_section":null,"og_article_tags":null,"twitter_use_og":true,"twitter_card":"default","twitter_image_type":"default","twitter_image_url":null,"twitter_image_custom_url":null,"twitter_image_custom_fields":null,"twitter_title":null,"twitter_description":null,"schema":{"blockGraphs":[],"customGraphs":[],"default":{"data":{"Article":[],"Course":[],"Dataset":[],"FAQPage":[],"Movie":[],"Person":[],"Product":[],"ProductReview":[],"Car":[],"Recipe":[],"Service":[],"SoftwareApplication":[],"WebPage":[]},"graphName":"","isEnabled":true},"graphs":[],"defaultGraph":"","defaultPostTypeGraph":""},"schema_type":null,"schema_type_options":null,"pillar_content":false,"robots_default":true,"robots_noindex":false,"robots_noarchive":false,"robots_nosnippet":false,"robots_nofollow":false,"robots_noimageindex":false,"robots_noodp":false,"robots_notranslate":false,"robots_max_snippet":null,"robots_max_videopreview":null,"robots_max_imagepreview":"none","priority":null,"frequency":null,"local_seo":null,"seo_analyzer_scan_date":"2026-06-02 14:20:50","breadcrumb_settings":null,"limit_modified_date":false,"open_ai":null,"ai":null,"created":"2020-11-14 22:54:55","updated":"2026-06-02 14:20:50","focus_keyword":null,"additional_keywords":null,"truseo_locale":null},"aioseo_breadcrumb":"<div class=\"aioseo-breadcrumbs\"><span class=\"aioseo-breadcrumb\">\n\t<a href=\"https:\/\/www.eldigitaldeasturias.com\/noticias\" title=\"Home\">Home<\/a>\n<\/span><span class=\"aioseo-breadcrumb-separator\">\u2013<\/span><span class=\"aioseo-breadcrumb\">\n\t<a href=\"https:\/\/www.eldigitaldeasturias.com\/noticias\/category\/actualidad\/\" title=\"Actualidad\">Actualidad<\/a>\n<\/span><span class=\"aioseo-breadcrumb-separator\">\u2013<\/span><span class=\"aioseo-breadcrumb\">\n\t<a href=\"https:\/\/www.eldigitaldeasturias.com\/noticias\/kuala-lumpur-releva-a-rio-de-janeiro-como-sede-de-la-gala-de-los-laureus\/\" title=\"Kuala Lumpur releva a R\u00edo de Janeiro como sede de la Gala de los Laureus\">Kuala Lumpur releva a R\u00edo de Janeiro como sede de la Gala de los Laureus<\/a>\n<\/span><\/div>","aioseo_breadcrumb_json":[{"label":"Home","link":"https:\/\/www.eldigitaldeasturias.com\/noticias"},{"label":"Actualidad","link":"https:\/\/www.eldigitaldeasturias.com\/noticias\/category\/actualidad\/"},{"label":"Kuala Lumpur releva a R\u00edo de Janeiro como sede de la Gala de los Laureus","link":"https:\/\/www.eldigitaldeasturias.com\/noticias\/kuala-lumpur-releva-a-rio-de-janeiro-como-sede-de-la-gala-de-los-laureus\/"}],"_links":{"self":[{"href":"https:\/\/www.eldigitaldeasturias.com\/noticias\/wp-json\/wp\/v2\/posts\/483940","targetHints":{"allow":["GET"]}}],"collection":[{"href":"https:\/\/www.eldigitaldeasturias.com\/noticias\/wp-json\/wp\/v2\/posts"}],"about":[{"href":"https:\/\/www.eldigitaldeasturias.com\/noticias\/wp-json\/wp\/v2\/types\/post"}],"author":[{"embeddable":true,"href":"https:\/\/www.eldigitaldeasturias.com\/noticias\/wp-json\/wp\/v2\/users\/1"}],"replies":[{"embeddable":true,"href":"https:\/\/www.eldigitaldeasturias.com\/noticias\/wp-json\/wp\/v2\/comments?post=483940"}],"version-history":[{"count":0,"href":"https:\/\/www.eldigitaldeasturias.com\/noticias\/wp-json\/wp\/v2\/posts\/483940\/revisions"}],"wp:attachment":[{"href":"https:\/\/www.eldigitaldeasturias.com\/noticias\/wp-json\/wp\/v2\/media?parent=483940"}],"wp:term":[{"taxonomy":"category","embeddable":true,"href":"https:\/\/www.eldigitaldeasturias.com\/noticias\/wp-json\/wp\/v2\/categories?post=483940"},{"taxonomy":"post_tag","embeddable":true,"href":"https:\/\/www.eldigitaldeasturias.com\/noticias\/wp-json\/wp\/v2\/tags?post=483940"}],"curies":[{"name":"wp","href":"https:\/\/api.w.org\/{rel}","templated":true}]}}