{"id":483920,"date":"2014-02-05T13:09:25","date_gmt":"2014-02-05T14:09:25","guid":{"rendered":"http:\/\/www.eldigitaldeasturias.com\/noticias\/?p=483920"},"modified":"2014-02-05T14:46:47","modified_gmt":"2014-02-05T15:46:47","slug":"el-sector-servicios-sube-en-enero-al-ritmo-mas-fuerte-en-seis-anos-y-medio","status":"publish","type":"post","link":"https:\/\/www.eldigitaldeasturias.com\/noticias\/el-sector-servicios-sube-en-enero-al-ritmo-mas-fuerte-en-seis-anos-y-medio\/","title":{"rendered":"El sector servicios sube en enero al ritmo m\u00e1s fuerte en seis a\u00f1os y medio"},"content":{"rendered":"<p><img loading=\"lazy\" decoding=\"async\" class=\"alignleft size-medium wp-image-483921\" alt=\"5911250wbar\" src=\"https:\/\/www.eldigitaldeasturias.com\/noticias\/wp-content\/uploads\/2014\/02\/5911250w-360x224.jpg\" width=\"360\" height=\"224\" \/>Madrid, 5 feb (EFE).- La actividad comercial del sector servicios espa\u00f1ol aument\u00f3 en enero al ritmo m\u00e1s fuerte en seis a\u00f1os y medio, seg\u00fan el \u00edndice PMI elaborado por Markit.<\/p>\n<p>As\u00ed, el \u00edndice de actividad comercial aument\u00f3 hasta 54,9 en enero frente al 54,2 registrado en diciembre, lo que supone el tercer incremento mensual consecutivo y la expansi\u00f3n m\u00e1s fuerte desde julio de 2007.<\/p>\n<p>Un \u00edndice situado por encima del nivel 50 indica una expansi\u00f3n, mientras que por debajo significa una contracci\u00f3n.<\/p>\n<p>Asimismo, el empleo se estabiliz\u00f3 y rompi\u00f3 una secuencia de destrucci\u00f3n que se remontaba a marzo de 2008.<\/p>\n<p>Adem\u00e1s, Markit se\u00f1ala que las empresas continuaron ofreciendo fuertes descuentos de precios, mientras que los costes aumentaron despu\u00e9s de haberse mantenido sin cambios en diciembre.<\/p>\n<p>Los seis sectores principales cubiertos por el estudio tuvieron un incremento de la actividad comercial, liderado por el de Transportes y Almacenamientos, frente al alza m\u00e1s d\u00e9bil de las empresas de Alquileres y Actividades Empresariales.<\/p>\n<p>El optimismo respecto a las perspectivas de la actividad en los pr\u00f3ximos doce meses se situ\u00f3 en su nivel m\u00e1s alto desde julio de 2007.<\/p>\n<p>Por otra parte, la econom\u00eda de la zona del euro se expandi\u00f3 en enero al ritmo m\u00e1s fuerte desde junio de 2011 y por s\u00e9ptimo mes consecutivo.<\/p>\n<p>El \u00edndice PMI Compuesto de la Actividad Total se situ\u00f3 en 52,9 frente al 52,1 registrado en diciembre.<\/p>\n<p>Este incremento estuvo encabezado por el sector manufacturero, donde el crecimiento acelerado de los nuevos pedidos en total y de los nuevos pedidos para exportaciones impuls\u00f3 el ritmo de expansi\u00f3n de la producci\u00f3n a su m\u00e1ximo nivel en casi tres a\u00f1os.<\/p>\n<p>El sector servicios se expandi\u00f3 por sexto mes consecutivo hasta el 51,6 en enero frente al 51 de diciembre.<\/p>\n","protected":false},"excerpt":{"rendered":"<p>Madrid, 5 feb (EFE).- La actividad comercial del sector servicios espa\u00f1ol aument\u00f3 en enero al ritmo m\u00e1s fuerte en seis a\u00f1os y medio, seg\u00fan el \u00edndice PMI elaborado por Markit. As\u00ed, el \u00edndice de actividad comercial aument\u00f3 hasta 54,9 en enero frente al 54,2 registrado en diciembre, lo que supone el tercer incremento mensual consecutivo [&hellip;]<\/p>\n","protected":false},"author":1,"featured_media":483921,"comment_status":"closed","ping_status":"open","sticky":false,"template":"","format":"standard","meta":{"footnotes":""},"categories":[1],"tags":[],"class_list":["post-483920","post","type-post","status-publish","format-standard","has-post-thumbnail","hentry","category-actualidad"],"aioseo_notices":[],"aioseo_head":"\n\t\t<!-- All in One SEO Pro 5.0.1 - aioseo.com -->\n\t<meta name=\"description\" content=\"Madrid, 5 feb (EFE).- La actividad comercial del sector servicios espa\u00f1ol aument\u00f3 en enero al ritmo m\u00e1s fuerte en seis a\u00f1os y medio, seg\u00fan el \u00edndice PMI elaborado por Markit. As\u00ed, el \u00edndice de actividad comercial aument\u00f3 hasta 54,9 en enero frente al 54,2 registrado en diciembre, lo que supone el tercer incremento mensual consecutivo\" \/>\n\t<meta name=\"robots\" content=\"max-image-preview:large\" \/>\n\t<meta name=\"author\" content=\"El Digital de Asturias\"\/>\n\t<meta name=\"google-site-verification\" content=\"UA-38556648-1\" \/>\n\t<meta name=\"msvalidate.01\" content=\"7dfe9f3f1b24437ab69f4f2559babe99\" \/>\n\t<meta name=\"keywords\" content=\"actualidad\" \/>\n\t<link rel=\"canonical\" href=\"https:\/\/www.eldigitaldeasturias.com\/noticias\/el-sector-servicios-sube-en-enero-al-ritmo-mas-fuerte-en-seis-anos-y-medio\/\" \/>\n\t<meta name=\"generator\" content=\"All in One SEO Pro (AIOSEO) 5.0.1\" \/>\n\t\t<meta property=\"og:locale\" content=\"es_ES\" \/>\n\t\t<meta property=\"og:site_name\" content=\"El Digital de Asturias\" \/>\n\t\t<meta property=\"og:type\" content=\"article\" \/>\n\t\t<meta property=\"og:title\" content=\"El sector servicios sube en enero al ritmo m\u00e1s fuerte en seis a\u00f1os y medio - El Digital de Asturias\" \/>\n\t\t<meta property=\"og:description\" content=\"Madrid, 5 feb (EFE).- La actividad comercial del sector servicios espa\u00f1ol aument\u00f3 en enero al ritmo m\u00e1s fuerte en seis a\u00f1os y medio, seg\u00fan el \u00edndice PMI elaborado por Markit. As\u00ed, el \u00edndice de actividad comercial aument\u00f3 hasta 54,9 en enero frente al 54,2 registrado en diciembre, lo que supone el tercer incremento mensual consecutivo\" \/>\n\t\t<meta property=\"og:url\" content=\"https:\/\/www.eldigitaldeasturias.com\/noticias\/el-sector-servicios-sube-en-enero-al-ritmo-mas-fuerte-en-seis-anos-y-medio\/\" \/>\n\t\t<meta property=\"article:tag\" content=\"actualidad\" \/>\n\t\t<meta property=\"article:published_time\" content=\"2014-02-05T14:09:25+00:00\" \/>\n\t\t<meta property=\"article:modified_time\" content=\"2014-02-05T15:46:47+00:00\" \/>\n\t\t<meta property=\"article:publisher\" content=\"https:\/\/facebook.com\/eldigitaldeasturias\" \/>\n\t\t<meta name=\"twitter:card\" content=\"summary_large_image\" \/>\n\t\t<meta name=\"twitter:title\" content=\"El sector servicios sube en enero al ritmo m\u00e1s fuerte en seis a\u00f1os y medio - El Digital de Asturias\" \/>\n\t\t<meta name=\"twitter:description\" content=\"Madrid, 5 feb (EFE).- La actividad comercial del sector servicios espa\u00f1ol aument\u00f3 en enero al ritmo m\u00e1s fuerte en seis a\u00f1os y medio, seg\u00fan el \u00edndice PMI elaborado por Markit. As\u00ed, el \u00edndice de actividad comercial aument\u00f3 hasta 54,9 en enero frente al 54,2 registrado en diciembre, lo que supone el tercer incremento mensual consecutivo\" \/>\n\t\t<meta name=\"twitter:label1\" content=\"Escrito por\" \/>\n\t\t<meta name=\"twitter:data1\" content=\"El Digital de Asturias\" \/>\n\t\t<meta name=\"twitter:label2\" content=\"Tiempo de lectura estimado\" \/>\n\t\t<meta name=\"twitter:data2\" content=\"2 minutos\" \/>\n\t\t<script type=\"application\/ld+json\" class=\"aioseo-schema\">\n\t\t\t{\"@context\":\"https:\\\/\\\/schema.org\",\"@graph\":[{\"@type\":\"BlogPosting\",\"@id\":\"https:\\\/\\\/www.eldigitaldeasturias.com\\\/noticias\\\/el-sector-servicios-sube-en-enero-al-ritmo-mas-fuerte-en-seis-anos-y-medio\\\/#blogposting\",\"name\":\"El sector servicios sube en enero al ritmo m\\u00e1s fuerte en seis a\\u00f1os y medio - El Digital de Asturias\",\"headline\":\"El sector servicios sube en enero al ritmo m\\u00e1s fuerte en seis a\\u00f1os y medio\",\"author\":{\"@id\":\"https:\\\/\\\/www.eldigitaldeasturias.com\\\/noticias\\\/author\\\/admin\\\/#author\"},\"publisher\":{\"@id\":\"https:\\\/\\\/www.eldigitaldeasturias.com\\\/noticias\\\/#organization\"},\"image\":{\"@type\":\"ImageObject\",\"url\":483921},\"datePublished\":\"2014-02-05T13:09:25+01:00\",\"dateModified\":\"2014-02-05T14:46:47+01:00\",\"inLanguage\":\"es-ES\",\"mainEntityOfPage\":{\"@id\":\"https:\\\/\\\/www.eldigitaldeasturias.com\\\/noticias\\\/el-sector-servicios-sube-en-enero-al-ritmo-mas-fuerte-en-seis-anos-y-medio\\\/#webpage\"},\"isPartOf\":{\"@id\":\"https:\\\/\\\/www.eldigitaldeasturias.com\\\/noticias\\\/el-sector-servicios-sube-en-enero-al-ritmo-mas-fuerte-en-seis-anos-y-medio\\\/#webpage\"},\"articleSection\":\"Actualidad\"},{\"@type\":\"BreadcrumbList\",\"@id\":\"https:\\\/\\\/www.eldigitaldeasturias.com\\\/noticias\\\/el-sector-servicios-sube-en-enero-al-ritmo-mas-fuerte-en-seis-anos-y-medio\\\/#breadcrumblist\",\"itemListElement\":[{\"@type\":\"ListItem\",\"@id\":\"https:\\\/\\\/www.eldigitaldeasturias.com\\\/noticias#listItem\",\"position\":1,\"name\":\"Home\",\"item\":\"https:\\\/\\\/www.eldigitaldeasturias.com\\\/noticias\",\"nextItem\":{\"@type\":\"ListItem\",\"@id\":\"https:\\\/\\\/www.eldigitaldeasturias.com\\\/noticias\\\/category\\\/actualidad\\\/#listItem\",\"name\":\"Actualidad\"}},{\"@type\":\"ListItem\",\"@id\":\"https:\\\/\\\/www.eldigitaldeasturias.com\\\/noticias\\\/category\\\/actualidad\\\/#listItem\",\"position\":2,\"name\":\"Actualidad\",\"item\":\"https:\\\/\\\/www.eldigitaldeasturias.com\\\/noticias\\\/category\\\/actualidad\\\/\",\"nextItem\":{\"@type\":\"ListItem\",\"@id\":\"https:\\\/\\\/www.eldigitaldeasturias.com\\\/noticias\\\/el-sector-servicios-sube-en-enero-al-ritmo-mas-fuerte-en-seis-anos-y-medio\\\/#listItem\",\"name\":\"El sector servicios sube en enero al ritmo m\\u00e1s fuerte en seis a\\u00f1os y medio\"},\"previousItem\":{\"@type\":\"ListItem\",\"@id\":\"https:\\\/\\\/www.eldigitaldeasturias.com\\\/noticias#listItem\",\"name\":\"Home\"}},{\"@type\":\"ListItem\",\"@id\":\"https:\\\/\\\/www.eldigitaldeasturias.com\\\/noticias\\\/el-sector-servicios-sube-en-enero-al-ritmo-mas-fuerte-en-seis-anos-y-medio\\\/#listItem\",\"position\":3,\"name\":\"El sector servicios sube en enero al ritmo m\\u00e1s fuerte en seis a\\u00f1os y medio\",\"previousItem\":{\"@type\":\"ListItem\",\"@id\":\"https:\\\/\\\/www.eldigitaldeasturias.com\\\/noticias\\\/category\\\/actualidad\\\/#listItem\",\"name\":\"Actualidad\"}}]},{\"@type\":\"Organization\",\"@id\":\"https:\\\/\\\/www.eldigitaldeasturias.com\\\/noticias\\\/#organization\",\"name\":\"El Digital de Asturias\",\"description\":\"Hemeroteca\",\"url\":\"https:\\\/\\\/www.eldigitaldeasturias.com\\\/noticias\\\/\",\"email\":\"info@eldigitaldeasturias.com\",\"telephone\":\"+34652131393\",\"logo\":{\"@type\":\"ImageObject\",\"url\":\"https:\\\/\\\/www.eldigitaldeasturias.com\\\/noticias\\\/wp-content\\\/uploads\\\/2020\\\/12\\\/EDA.jpg\",\"@id\":\"https:\\\/\\\/www.eldigitaldeasturias.com\\\/noticias\\\/el-sector-servicios-sube-en-enero-al-ritmo-mas-fuerte-en-seis-anos-y-medio\\\/#organizationLogo\"},\"image\":{\"@id\":\"https:\\\/\\\/www.eldigitaldeasturias.com\\\/noticias\\\/el-sector-servicios-sube-en-enero-al-ritmo-mas-fuerte-en-seis-anos-y-medio\\\/#organizationLogo\"},\"sameAs\":[\"https:\\\/\\\/facebook.com\\\/eldigitaldeasturias\",\"https:\\\/\\\/www.youtube.com\\\/channel\\\/UCZP-2wLEB9Rv6erhFmqVnvg\"],\"address\":{\"@id\":\"https:\\\/\\\/www.eldigitaldeasturias.com\\\/noticias\\\/#postaladdress\",\"@type\":\"PostalAddress\",\"streetAddress\":\"san antonio 4\",\"postalCode\":\"33430\",\"addressLocality\":\"Cand\\u00e1s\",\"addressRegion\":\"Asturias\",\"addressCountry\":\"ES\"}},{\"@type\":\"Person\",\"@id\":\"https:\\\/\\\/www.eldigitaldeasturias.com\\\/noticias\\\/author\\\/admin\\\/#author\",\"url\":\"https:\\\/\\\/www.eldigitaldeasturias.com\\\/noticias\\\/author\\\/admin\\\/\",\"name\":\"El Digital de Asturias\",\"image\":{\"@type\":\"ImageObject\",\"@id\":\"https:\\\/\\\/www.eldigitaldeasturias.com\\\/noticias\\\/el-sector-servicios-sube-en-enero-al-ritmo-mas-fuerte-en-seis-anos-y-medio\\\/#authorImage\",\"url\":\"https:\\\/\\\/secure.gravatar.com\\\/avatar\\\/df2aeffc32bcd13f8d26072ef8a91b623d677766deac7f97ca815868cd41bf5e?s=96&d=mm&r=g\",\"width\":96,\"height\":96,\"caption\":\"El Digital de Asturias\"}},{\"@type\":\"WebPage\",\"@id\":\"https:\\\/\\\/www.eldigitaldeasturias.com\\\/noticias\\\/el-sector-servicios-sube-en-enero-al-ritmo-mas-fuerte-en-seis-anos-y-medio\\\/#webpage\",\"url\":\"https:\\\/\\\/www.eldigitaldeasturias.com\\\/noticias\\\/el-sector-servicios-sube-en-enero-al-ritmo-mas-fuerte-en-seis-anos-y-medio\\\/\",\"name\":\"El sector servicios sube en enero al ritmo m\\u00e1s fuerte en seis a\\u00f1os y medio - El Digital de Asturias\",\"description\":\"Madrid, 5 feb (EFE).- La actividad comercial del sector servicios espa\\u00f1ol aument\\u00f3 en enero al ritmo m\\u00e1s fuerte en seis a\\u00f1os y medio, seg\\u00fan el \\u00edndice PMI elaborado por Markit. As\\u00ed, el \\u00edndice de actividad comercial aument\\u00f3 hasta 54,9 en enero frente al 54,2 registrado en diciembre, lo que supone el tercer incremento mensual consecutivo\",\"inLanguage\":\"es-ES\",\"isPartOf\":{\"@id\":\"https:\\\/\\\/www.eldigitaldeasturias.com\\\/noticias\\\/#website\"},\"breadcrumb\":{\"@id\":\"https:\\\/\\\/www.eldigitaldeasturias.com\\\/noticias\\\/el-sector-servicios-sube-en-enero-al-ritmo-mas-fuerte-en-seis-anos-y-medio\\\/#breadcrumblist\"},\"author\":{\"@id\":\"https:\\\/\\\/www.eldigitaldeasturias.com\\\/noticias\\\/author\\\/admin\\\/#author\"},\"creator\":{\"@id\":\"https:\\\/\\\/www.eldigitaldeasturias.com\\\/noticias\\\/author\\\/admin\\\/#author\"},\"image\":{\"@type\":\"ImageObject\",\"url\":483921,\"@id\":\"https:\\\/\\\/www.eldigitaldeasturias.com\\\/noticias\\\/el-sector-servicios-sube-en-enero-al-ritmo-mas-fuerte-en-seis-anos-y-medio\\\/#mainImage\"},\"primaryImageOfPage\":{\"@id\":\"https:\\\/\\\/www.eldigitaldeasturias.com\\\/noticias\\\/el-sector-servicios-sube-en-enero-al-ritmo-mas-fuerte-en-seis-anos-y-medio\\\/#mainImage\"},\"datePublished\":\"2014-02-05T13:09:25+01:00\",\"dateModified\":\"2014-02-05T14:46:47+01:00\"},{\"@type\":\"WebSite\",\"@id\":\"https:\\\/\\\/www.eldigitaldeasturias.com\\\/noticias\\\/#website\",\"url\":\"https:\\\/\\\/www.eldigitaldeasturias.com\\\/noticias\\\/\",\"name\":\"El Digital de Asturias - Diario de actualidad y noticias\",\"alternateName\":\"El Digital de Asturias - Diario de actualidad y noticias\",\"description\":\"Hemeroteca\",\"inLanguage\":\"es-ES\",\"publisher\":{\"@id\":\"https:\\\/\\\/www.eldigitaldeasturias.com\\\/noticias\\\/#organization\"}}]}\n\t\t<\/script>\n\t\t<!-- All in One SEO Pro -->\r\n\t\t<title>El sector servicios sube en enero al ritmo m\u00e1s fuerte en seis a\u00f1os y medio - El Digital de Asturias<\/title>\n\n","aioseo_head_json":{"title":"El sector servicios sube en enero al ritmo m\u00e1s fuerte en seis a\u00f1os y medio - El Digital de Asturias","description":"Madrid, 5 feb (EFE).- La actividad comercial del sector servicios espa\u00f1ol aument\u00f3 en enero al ritmo m\u00e1s fuerte en seis a\u00f1os y medio, seg\u00fan el \u00edndice PMI elaborado por Markit. As\u00ed, el \u00edndice de actividad comercial aument\u00f3 hasta 54,9 en enero frente al 54,2 registrado en diciembre, lo que supone el tercer incremento mensual consecutivo","canonical_url":"https:\/\/www.eldigitaldeasturias.com\/noticias\/el-sector-servicios-sube-en-enero-al-ritmo-mas-fuerte-en-seis-anos-y-medio\/","robots":"max-image-preview:large","keywords":"actualidad","webmasterTools":{"google-site-verification":"UA-38556648-1","msvalidate.01":"7dfe9f3f1b24437ab69f4f2559babe99","miscellaneous":""},"schema":{"@context":"https:\/\/schema.org","@graph":[{"@type":"BlogPosting","@id":"https:\/\/www.eldigitaldeasturias.com\/noticias\/el-sector-servicios-sube-en-enero-al-ritmo-mas-fuerte-en-seis-anos-y-medio\/#blogposting","name":"El sector servicios sube en enero al ritmo m\u00e1s fuerte en seis a\u00f1os y medio - El Digital de Asturias","headline":"El sector servicios sube en enero al ritmo m\u00e1s fuerte en seis a\u00f1os y medio","author":{"@id":"https:\/\/www.eldigitaldeasturias.com\/noticias\/author\/admin\/#author"},"publisher":{"@id":"https:\/\/www.eldigitaldeasturias.com\/noticias\/#organization"},"image":{"@type":"ImageObject","url":483921},"datePublished":"2014-02-05T13:09:25+01:00","dateModified":"2014-02-05T14:46:47+01:00","inLanguage":"es-ES","mainEntityOfPage":{"@id":"https:\/\/www.eldigitaldeasturias.com\/noticias\/el-sector-servicios-sube-en-enero-al-ritmo-mas-fuerte-en-seis-anos-y-medio\/#webpage"},"isPartOf":{"@id":"https:\/\/www.eldigitaldeasturias.com\/noticias\/el-sector-servicios-sube-en-enero-al-ritmo-mas-fuerte-en-seis-anos-y-medio\/#webpage"},"articleSection":"Actualidad"},{"@type":"BreadcrumbList","@id":"https:\/\/www.eldigitaldeasturias.com\/noticias\/el-sector-servicios-sube-en-enero-al-ritmo-mas-fuerte-en-seis-anos-y-medio\/#breadcrumblist","itemListElement":[{"@type":"ListItem","@id":"https:\/\/www.eldigitaldeasturias.com\/noticias#listItem","position":1,"name":"Home","item":"https:\/\/www.eldigitaldeasturias.com\/noticias","nextItem":{"@type":"ListItem","@id":"https:\/\/www.eldigitaldeasturias.com\/noticias\/category\/actualidad\/#listItem","name":"Actualidad"}},{"@type":"ListItem","@id":"https:\/\/www.eldigitaldeasturias.com\/noticias\/category\/actualidad\/#listItem","position":2,"name":"Actualidad","item":"https:\/\/www.eldigitaldeasturias.com\/noticias\/category\/actualidad\/","nextItem":{"@type":"ListItem","@id":"https:\/\/www.eldigitaldeasturias.com\/noticias\/el-sector-servicios-sube-en-enero-al-ritmo-mas-fuerte-en-seis-anos-y-medio\/#listItem","name":"El sector servicios sube en enero al ritmo m\u00e1s fuerte en seis a\u00f1os y medio"},"previousItem":{"@type":"ListItem","@id":"https:\/\/www.eldigitaldeasturias.com\/noticias#listItem","name":"Home"}},{"@type":"ListItem","@id":"https:\/\/www.eldigitaldeasturias.com\/noticias\/el-sector-servicios-sube-en-enero-al-ritmo-mas-fuerte-en-seis-anos-y-medio\/#listItem","position":3,"name":"El sector servicios sube en enero al ritmo m\u00e1s fuerte en seis a\u00f1os y medio","previousItem":{"@type":"ListItem","@id":"https:\/\/www.eldigitaldeasturias.com\/noticias\/category\/actualidad\/#listItem","name":"Actualidad"}}]},{"@type":"Organization","@id":"https:\/\/www.eldigitaldeasturias.com\/noticias\/#organization","name":"El Digital de Asturias","description":"Hemeroteca","url":"https:\/\/www.eldigitaldeasturias.com\/noticias\/","email":"info@eldigitaldeasturias.com","telephone":"+34652131393","logo":{"@type":"ImageObject","url":"https:\/\/www.eldigitaldeasturias.com\/noticias\/wp-content\/uploads\/2020\/12\/EDA.jpg","@id":"https:\/\/www.eldigitaldeasturias.com\/noticias\/el-sector-servicios-sube-en-enero-al-ritmo-mas-fuerte-en-seis-anos-y-medio\/#organizationLogo"},"image":{"@id":"https:\/\/www.eldigitaldeasturias.com\/noticias\/el-sector-servicios-sube-en-enero-al-ritmo-mas-fuerte-en-seis-anos-y-medio\/#organizationLogo"},"sameAs":["https:\/\/facebook.com\/eldigitaldeasturias","https:\/\/www.youtube.com\/channel\/UCZP-2wLEB9Rv6erhFmqVnvg"],"address":{"@id":"https:\/\/www.eldigitaldeasturias.com\/noticias\/#postaladdress","@type":"PostalAddress","streetAddress":"san antonio 4","postalCode":"33430","addressLocality":"Cand\u00e1s","addressRegion":"Asturias","addressCountry":"ES"}},{"@type":"Person","@id":"https:\/\/www.eldigitaldeasturias.com\/noticias\/author\/admin\/#author","url":"https:\/\/www.eldigitaldeasturias.com\/noticias\/author\/admin\/","name":"El Digital de Asturias","image":{"@type":"ImageObject","@id":"https:\/\/www.eldigitaldeasturias.com\/noticias\/el-sector-servicios-sube-en-enero-al-ritmo-mas-fuerte-en-seis-anos-y-medio\/#authorImage","url":"https:\/\/secure.gravatar.com\/avatar\/df2aeffc32bcd13f8d26072ef8a91b623d677766deac7f97ca815868cd41bf5e?s=96&d=mm&r=g","width":96,"height":96,"caption":"El Digital de Asturias"}},{"@type":"WebPage","@id":"https:\/\/www.eldigitaldeasturias.com\/noticias\/el-sector-servicios-sube-en-enero-al-ritmo-mas-fuerte-en-seis-anos-y-medio\/#webpage","url":"https:\/\/www.eldigitaldeasturias.com\/noticias\/el-sector-servicios-sube-en-enero-al-ritmo-mas-fuerte-en-seis-anos-y-medio\/","name":"El sector servicios sube en enero al ritmo m\u00e1s fuerte en seis a\u00f1os y medio - El Digital de Asturias","description":"Madrid, 5 feb (EFE).- La actividad comercial del sector servicios espa\u00f1ol aument\u00f3 en enero al ritmo m\u00e1s fuerte en seis a\u00f1os y medio, seg\u00fan el \u00edndice PMI elaborado por Markit. As\u00ed, el \u00edndice de actividad comercial aument\u00f3 hasta 54,9 en enero frente al 54,2 registrado en diciembre, lo que supone el tercer incremento mensual consecutivo","inLanguage":"es-ES","isPartOf":{"@id":"https:\/\/www.eldigitaldeasturias.com\/noticias\/#website"},"breadcrumb":{"@id":"https:\/\/www.eldigitaldeasturias.com\/noticias\/el-sector-servicios-sube-en-enero-al-ritmo-mas-fuerte-en-seis-anos-y-medio\/#breadcrumblist"},"author":{"@id":"https:\/\/www.eldigitaldeasturias.com\/noticias\/author\/admin\/#author"},"creator":{"@id":"https:\/\/www.eldigitaldeasturias.com\/noticias\/author\/admin\/#author"},"image":{"@type":"ImageObject","url":483921,"@id":"https:\/\/www.eldigitaldeasturias.com\/noticias\/el-sector-servicios-sube-en-enero-al-ritmo-mas-fuerte-en-seis-anos-y-medio\/#mainImage"},"primaryImageOfPage":{"@id":"https:\/\/www.eldigitaldeasturias.com\/noticias\/el-sector-servicios-sube-en-enero-al-ritmo-mas-fuerte-en-seis-anos-y-medio\/#mainImage"},"datePublished":"2014-02-05T13:09:25+01:00","dateModified":"2014-02-05T14:46:47+01:00"},{"@type":"WebSite","@id":"https:\/\/www.eldigitaldeasturias.com\/noticias\/#website","url":"https:\/\/www.eldigitaldeasturias.com\/noticias\/","name":"El Digital de Asturias - Diario de actualidad y noticias","alternateName":"El Digital de Asturias - Diario de actualidad y noticias","description":"Hemeroteca","inLanguage":"es-ES","publisher":{"@id":"https:\/\/www.eldigitaldeasturias.com\/noticias\/#organization"}}]},"og:locale":"es_ES","og:site_name":"El Digital de Asturias","og:type":"article","og:title":"El sector servicios sube en enero al ritmo m\u00e1s fuerte en seis a\u00f1os y medio - El Digital de Asturias","og:description":"Madrid, 5 feb (EFE).- La actividad comercial del sector servicios espa\u00f1ol aument\u00f3 en enero al ritmo m\u00e1s fuerte en seis a\u00f1os y medio, seg\u00fan el \u00edndice PMI elaborado por Markit. As\u00ed, el \u00edndice de actividad comercial aument\u00f3 hasta 54,9 en enero frente al 54,2 registrado en diciembre, lo que supone el tercer incremento mensual consecutivo","og:url":"https:\/\/www.eldigitaldeasturias.com\/noticias\/el-sector-servicios-sube-en-enero-al-ritmo-mas-fuerte-en-seis-anos-y-medio\/","article:tag":["actualidad"],"article:published_time":"2014-02-05T14:09:25+00:00","article:modified_time":"2014-02-05T15:46:47+00:00","article:publisher":"https:\/\/facebook.com\/eldigitaldeasturias","twitter:card":"summary_large_image","twitter:title":"El sector servicios sube en enero al ritmo m\u00e1s fuerte en seis a\u00f1os y medio - El Digital de Asturias","twitter:description":"Madrid, 5 feb (EFE).- La actividad comercial del sector servicios espa\u00f1ol aument\u00f3 en enero al ritmo m\u00e1s fuerte en seis a\u00f1os y medio, seg\u00fan el \u00edndice PMI elaborado por Markit. As\u00ed, el \u00edndice de actividad comercial aument\u00f3 hasta 54,9 en enero frente al 54,2 registrado en diciembre, lo que supone el tercer incremento mensual consecutivo","twitter:label1":"Escrito por","twitter:data1":"El Digital de Asturias","twitter:label2":"Tiempo de lectura estimado","twitter:data2":"2 minutos"},"aioseo_meta_data":{"post_id":"483920","title":null,"description":null,"keywords":null,"keyphrases":null,"primary_term":null,"canonical_url":null,"og_title":null,"og_description":null,"og_object_type":"default","og_image_type":"default","og_image_url":null,"og_image_width":null,"og_image_height":null,"og_image_custom_url":null,"og_image_custom_fields":null,"og_video":null,"og_custom_url":null,"og_article_section":null,"og_article_tags":null,"twitter_use_og":true,"twitter_card":"default","twitter_image_type":"default","twitter_image_url":null,"twitter_image_custom_url":null,"twitter_image_custom_fields":null,"twitter_title":null,"twitter_description":null,"schema":{"blockGraphs":[],"customGraphs":[],"default":{"data":{"Article":[],"Course":[],"Dataset":[],"FAQPage":[],"Movie":[],"Person":[],"Product":[],"ProductReview":[],"Car":[],"Recipe":[],"Service":[],"SoftwareApplication":[],"WebPage":[]},"graphName":"","isEnabled":true},"graphs":[],"defaultGraph":"","defaultPostTypeGraph":""},"schema_type":null,"schema_type_options":null,"pillar_content":false,"robots_default":true,"robots_noindex":false,"robots_noarchive":false,"robots_nosnippet":false,"robots_nofollow":false,"robots_noimageindex":false,"robots_noodp":false,"robots_notranslate":false,"robots_max_snippet":null,"robots_max_videopreview":null,"robots_max_imagepreview":"none","priority":null,"frequency":null,"local_seo":null,"seo_analyzer_scan_date":"2026-06-02 14:16:49","breadcrumb_settings":null,"limit_modified_date":false,"open_ai":null,"ai":null,"created":"2020-11-14 22:54:54","updated":"2026-06-02 14:16:49","focus_keyword":null,"additional_keywords":null,"truseo_locale":null},"aioseo_breadcrumb":"<div class=\"aioseo-breadcrumbs\"><span class=\"aioseo-breadcrumb\">\n\t<a href=\"https:\/\/www.eldigitaldeasturias.com\/noticias\" title=\"Home\">Home<\/a>\n<\/span><span class=\"aioseo-breadcrumb-separator\">\u2013<\/span><span class=\"aioseo-breadcrumb\">\n\t<a href=\"https:\/\/www.eldigitaldeasturias.com\/noticias\/category\/actualidad\/\" title=\"Actualidad\">Actualidad<\/a>\n<\/span><span class=\"aioseo-breadcrumb-separator\">\u2013<\/span><span class=\"aioseo-breadcrumb\">\n\t<a href=\"https:\/\/www.eldigitaldeasturias.com\/noticias\/el-sector-servicios-sube-en-enero-al-ritmo-mas-fuerte-en-seis-anos-y-medio\/\" title=\"El sector servicios sube en enero al ritmo m\u00e1s fuerte en seis a\u00f1os y medio\">El sector servicios sube en enero al ritmo m\u00e1s fuerte en seis a\u00f1os y medio<\/a>\n<\/span><\/div>","aioseo_breadcrumb_json":[{"label":"Home","link":"https:\/\/www.eldigitaldeasturias.com\/noticias"},{"label":"Actualidad","link":"https:\/\/www.eldigitaldeasturias.com\/noticias\/category\/actualidad\/"},{"label":"El sector servicios sube en enero al ritmo m\u00e1s fuerte en seis a\u00f1os y medio","link":"https:\/\/www.eldigitaldeasturias.com\/noticias\/el-sector-servicios-sube-en-enero-al-ritmo-mas-fuerte-en-seis-anos-y-medio\/"}],"_links":{"self":[{"href":"https:\/\/www.eldigitaldeasturias.com\/noticias\/wp-json\/wp\/v2\/posts\/483920","targetHints":{"allow":["GET"]}}],"collection":[{"href":"https:\/\/www.eldigitaldeasturias.com\/noticias\/wp-json\/wp\/v2\/posts"}],"about":[{"href":"https:\/\/www.eldigitaldeasturias.com\/noticias\/wp-json\/wp\/v2\/types\/post"}],"author":[{"embeddable":true,"href":"https:\/\/www.eldigitaldeasturias.com\/noticias\/wp-json\/wp\/v2\/users\/1"}],"replies":[{"embeddable":true,"href":"https:\/\/www.eldigitaldeasturias.com\/noticias\/wp-json\/wp\/v2\/comments?post=483920"}],"version-history":[{"count":0,"href":"https:\/\/www.eldigitaldeasturias.com\/noticias\/wp-json\/wp\/v2\/posts\/483920\/revisions"}],"wp:attachment":[{"href":"https:\/\/www.eldigitaldeasturias.com\/noticias\/wp-json\/wp\/v2\/media?parent=483920"}],"wp:term":[{"taxonomy":"category","embeddable":true,"href":"https:\/\/www.eldigitaldeasturias.com\/noticias\/wp-json\/wp\/v2\/categories?post=483920"},{"taxonomy":"post_tag","embeddable":true,"href":"https:\/\/www.eldigitaldeasturias.com\/noticias\/wp-json\/wp\/v2\/tags?post=483920"}],"curies":[{"name":"wp","href":"https:\/\/api.w.org\/{rel}","templated":true}]}}