{"id":483917,"date":"2014-02-05T13:08:00","date_gmt":"2014-02-05T14:08:00","guid":{"rendered":"http:\/\/www.eldigitaldeasturias.com\/noticias\/?p=483917"},"modified":"2014-02-05T13:08:00","modified_gmt":"2014-02-05T14:08:00","slug":"ashton-viajara-por-primera-vez-a-iran-en-marzo","status":"publish","type":"post","link":"https:\/\/www.eldigitaldeasturias.com\/noticias\/ashton-viajara-por-primera-vez-a-iran-en-marzo\/","title":{"rendered":"Ashton viajar\u00e1 por primera vez a Ir\u00e1n en marzo"},"content":{"rendered":"<p><img loading=\"lazy\" decoding=\"async\" class=\"alignleft size-medium wp-image-483918\" alt=\"5911239w\" src=\"https:\/\/www.eldigitaldeasturias.com\/noticias\/wp-content\/uploads\/2014\/02\/5911239w-360x247.jpg\" width=\"360\" height=\"247\" \/>Teher\u00e1n, 5 feb (EFE).- La jefa de la diplomacia de la Uni\u00f3n Europea (UE), Catherine Ashton, viajar\u00e1 por primera vez oficialmente a Ir\u00e1n a principios de marzo, inform\u00f3 hoy la agencia estudiantil de noticias iran\u00ed, Isna.<\/p>\n<p>Seg\u00fan la agencia, la visita de Ashton responde a la invitaci\u00f3n que le efectu\u00f3 el ministro iran\u00ed de Asuntos Exteriores, Mohamad Yavad Zarif, durante la pasada Asamblea General de las Naciones Unidas en Nueva York.<\/p>\n<p>La jefa de la diplomacia de la UE viaja a Ir\u00e1n tambi\u00e9n calidad de responsable del equipo del G5+1 (China, Rusia, EEUU, Francia y Reino Unido m\u00e1s Alemania) en las negociaciones nucleares con las autoridades de Teher\u00e1n.<\/p>\n<p>Zarif inform\u00f3 ayer de que se reunir\u00e1 en Viena con Ashton el pr\u00f3ximo d\u00eda 18, un d\u00eda antes del comienzo de la nueva ronda de conversaciones sobre el programa nuclear iran\u00ed.<\/p>\n<p>Ir\u00e1n y las grandes potencias mundiales tienen previsto continuar estas negociaciones en marzo y abril para llegar a una soluci\u00f3n definitiva.<\/p>\n<p>El pasado 20 de enero, con la entrada en vigor del Plan de Acci\u00f3n aprobado en noviembre en Ginebra, Ir\u00e1n dio el primer paso para poner fin a una d\u00e9cada de crisis nuclear, con la suspensi\u00f3n del enriquecimiento de uranio superior al 5 por ciento.<\/p>\n<p>A cambio, la ONU, la UE y EEUU no podr\u00e1n imponer nuevas sanciones a Ir\u00e1n, deber\u00e1n permitir las ventas de crudo a los clientes actuales al nivel actual y dejar\u00e1n repatriar m\u00e1s de 4.000 millones de d\u00f3lares iran\u00edes obtenidos de la venta de petr\u00f3leo que est\u00e1n congelados en cuentas extranjeras.<\/p>\n<p>Este plan tiene una validez de seis meses y durante este tiempo Ir\u00e1n y el G5+1 tiene tiempo para encontrarle una soluci\u00f3n definitiva a la crisis.<\/p>\n","protected":false},"excerpt":{"rendered":"<p>Teher\u00e1n, 5 feb (EFE).- La jefa de la diplomacia de la Uni\u00f3n Europea (UE), Catherine Ashton, viajar\u00e1 por primera vez oficialmente a Ir\u00e1n a principios de marzo, inform\u00f3 hoy la agencia estudiantil de noticias iran\u00ed, Isna. Seg\u00fan la agencia, la visita de Ashton responde a la invitaci\u00f3n que le efectu\u00f3 el ministro iran\u00ed de Asuntos [&hellip;]<\/p>\n","protected":false},"author":1,"featured_media":483918,"comment_status":"closed","ping_status":"open","sticky":false,"template":"","format":"standard","meta":{"footnotes":""},"categories":[1],"tags":[],"class_list":["post-483917","post","type-post","status-publish","format-standard","has-post-thumbnail","hentry","category-actualidad"],"aioseo_notices":[],"aioseo_head":"\n\t\t<!-- All in One SEO Pro 5.0.1 - aioseo.com -->\n\t<meta name=\"description\" content=\"Teher\u00e1n, 5 feb (EFE).- La jefa de la diplomacia de la Uni\u00f3n Europea (UE), Catherine Ashton, viajar\u00e1 por primera vez oficialmente a Ir\u00e1n a principios de marzo, inform\u00f3 hoy la agencia estudiantil de noticias iran\u00ed, Isna. Seg\u00fan la agencia, la visita de Ashton responde a la invitaci\u00f3n que le efectu\u00f3 el ministro iran\u00ed de Asuntos\" \/>\n\t<meta name=\"robots\" content=\"max-image-preview:large\" \/>\n\t<meta name=\"author\" content=\"El Digital de Asturias\"\/>\n\t<meta name=\"google-site-verification\" content=\"UA-38556648-1\" \/>\n\t<meta name=\"msvalidate.01\" content=\"7dfe9f3f1b24437ab69f4f2559babe99\" \/>\n\t<meta name=\"keywords\" content=\"actualidad\" \/>\n\t<link rel=\"canonical\" href=\"https:\/\/www.eldigitaldeasturias.com\/noticias\/ashton-viajara-por-primera-vez-a-iran-en-marzo\/\" \/>\n\t<meta name=\"generator\" content=\"All in One SEO Pro (AIOSEO) 5.0.1\" \/>\n\t\t<meta property=\"og:locale\" content=\"es_ES\" \/>\n\t\t<meta property=\"og:site_name\" content=\"El Digital de Asturias\" \/>\n\t\t<meta property=\"og:type\" content=\"article\" \/>\n\t\t<meta property=\"og:title\" content=\"Ashton viajar\u00e1 por primera vez a Ir\u00e1n en marzo - El Digital de Asturias\" \/>\n\t\t<meta property=\"og:description\" content=\"Teher\u00e1n, 5 feb (EFE).- La jefa de la diplomacia de la Uni\u00f3n Europea (UE), Catherine Ashton, viajar\u00e1 por primera vez oficialmente a Ir\u00e1n a principios de marzo, inform\u00f3 hoy la agencia estudiantil de noticias iran\u00ed, Isna. Seg\u00fan la agencia, la visita de Ashton responde a la invitaci\u00f3n que le efectu\u00f3 el ministro iran\u00ed de Asuntos\" \/>\n\t\t<meta property=\"og:url\" content=\"https:\/\/www.eldigitaldeasturias.com\/noticias\/ashton-viajara-por-primera-vez-a-iran-en-marzo\/\" \/>\n\t\t<meta property=\"article:tag\" content=\"actualidad\" \/>\n\t\t<meta property=\"article:published_time\" content=\"2014-02-05T14:08:00+00:00\" \/>\n\t\t<meta property=\"article:modified_time\" content=\"2014-02-05T14:08:00+00:00\" \/>\n\t\t<meta property=\"article:publisher\" content=\"https:\/\/facebook.com\/eldigitaldeasturias\" \/>\n\t\t<meta name=\"twitter:card\" content=\"summary_large_image\" \/>\n\t\t<meta name=\"twitter:title\" content=\"Ashton viajar\u00e1 por primera vez a Ir\u00e1n en marzo - El Digital de Asturias\" \/>\n\t\t<meta name=\"twitter:description\" content=\"Teher\u00e1n, 5 feb (EFE).- La jefa de la diplomacia de la Uni\u00f3n Europea (UE), Catherine Ashton, viajar\u00e1 por primera vez oficialmente a Ir\u00e1n a principios de marzo, inform\u00f3 hoy la agencia estudiantil de noticias iran\u00ed, Isna. Seg\u00fan la agencia, la visita de Ashton responde a la invitaci\u00f3n que le efectu\u00f3 el ministro iran\u00ed de Asuntos\" \/>\n\t\t<meta name=\"twitter:label1\" content=\"Escrito por\" \/>\n\t\t<meta name=\"twitter:data1\" content=\"El Digital de Asturias\" \/>\n\t\t<meta name=\"twitter:label2\" content=\"Tiempo de lectura estimado\" \/>\n\t\t<meta name=\"twitter:data2\" content=\"2 minutos\" \/>\n\t\t<script type=\"application\/ld+json\" class=\"aioseo-schema\">\n\t\t\t{\"@context\":\"https:\\\/\\\/schema.org\",\"@graph\":[{\"@type\":\"BlogPosting\",\"@id\":\"https:\\\/\\\/www.eldigitaldeasturias.com\\\/noticias\\\/ashton-viajara-por-primera-vez-a-iran-en-marzo\\\/#blogposting\",\"name\":\"Ashton viajar\\u00e1 por primera vez a Ir\\u00e1n en marzo - El Digital de Asturias\",\"headline\":\"Ashton viajar\\u00e1 por primera vez a Ir\\u00e1n en marzo\",\"author\":{\"@id\":\"https:\\\/\\\/www.eldigitaldeasturias.com\\\/noticias\\\/author\\\/admin\\\/#author\"},\"publisher\":{\"@id\":\"https:\\\/\\\/www.eldigitaldeasturias.com\\\/noticias\\\/#organization\"},\"image\":{\"@type\":\"ImageObject\",\"url\":483918},\"datePublished\":\"2014-02-05T13:08:00+01:00\",\"dateModified\":\"2014-02-05T13:08:00+01:00\",\"inLanguage\":\"es-ES\",\"mainEntityOfPage\":{\"@id\":\"https:\\\/\\\/www.eldigitaldeasturias.com\\\/noticias\\\/ashton-viajara-por-primera-vez-a-iran-en-marzo\\\/#webpage\"},\"isPartOf\":{\"@id\":\"https:\\\/\\\/www.eldigitaldeasturias.com\\\/noticias\\\/ashton-viajara-por-primera-vez-a-iran-en-marzo\\\/#webpage\"},\"articleSection\":\"Actualidad\"},{\"@type\":\"BreadcrumbList\",\"@id\":\"https:\\\/\\\/www.eldigitaldeasturias.com\\\/noticias\\\/ashton-viajara-por-primera-vez-a-iran-en-marzo\\\/#breadcrumblist\",\"itemListElement\":[{\"@type\":\"ListItem\",\"@id\":\"https:\\\/\\\/www.eldigitaldeasturias.com\\\/noticias#listItem\",\"position\":1,\"name\":\"Home\",\"item\":\"https:\\\/\\\/www.eldigitaldeasturias.com\\\/noticias\",\"nextItem\":{\"@type\":\"ListItem\",\"@id\":\"https:\\\/\\\/www.eldigitaldeasturias.com\\\/noticias\\\/category\\\/actualidad\\\/#listItem\",\"name\":\"Actualidad\"}},{\"@type\":\"ListItem\",\"@id\":\"https:\\\/\\\/www.eldigitaldeasturias.com\\\/noticias\\\/category\\\/actualidad\\\/#listItem\",\"position\":2,\"name\":\"Actualidad\",\"item\":\"https:\\\/\\\/www.eldigitaldeasturias.com\\\/noticias\\\/category\\\/actualidad\\\/\",\"nextItem\":{\"@type\":\"ListItem\",\"@id\":\"https:\\\/\\\/www.eldigitaldeasturias.com\\\/noticias\\\/ashton-viajara-por-primera-vez-a-iran-en-marzo\\\/#listItem\",\"name\":\"Ashton viajar\\u00e1 por primera vez a Ir\\u00e1n en marzo\"},\"previousItem\":{\"@type\":\"ListItem\",\"@id\":\"https:\\\/\\\/www.eldigitaldeasturias.com\\\/noticias#listItem\",\"name\":\"Home\"}},{\"@type\":\"ListItem\",\"@id\":\"https:\\\/\\\/www.eldigitaldeasturias.com\\\/noticias\\\/ashton-viajara-por-primera-vez-a-iran-en-marzo\\\/#listItem\",\"position\":3,\"name\":\"Ashton viajar\\u00e1 por primera vez a Ir\\u00e1n en marzo\",\"previousItem\":{\"@type\":\"ListItem\",\"@id\":\"https:\\\/\\\/www.eldigitaldeasturias.com\\\/noticias\\\/category\\\/actualidad\\\/#listItem\",\"name\":\"Actualidad\"}}]},{\"@type\":\"Organization\",\"@id\":\"https:\\\/\\\/www.eldigitaldeasturias.com\\\/noticias\\\/#organization\",\"name\":\"El Digital de Asturias\",\"description\":\"Hemeroteca\",\"url\":\"https:\\\/\\\/www.eldigitaldeasturias.com\\\/noticias\\\/\",\"email\":\"info@eldigitaldeasturias.com\",\"telephone\":\"+34652131393\",\"logo\":{\"@type\":\"ImageObject\",\"url\":\"https:\\\/\\\/www.eldigitaldeasturias.com\\\/noticias\\\/wp-content\\\/uploads\\\/2020\\\/12\\\/EDA.jpg\",\"@id\":\"https:\\\/\\\/www.eldigitaldeasturias.com\\\/noticias\\\/ashton-viajara-por-primera-vez-a-iran-en-marzo\\\/#organizationLogo\"},\"image\":{\"@id\":\"https:\\\/\\\/www.eldigitaldeasturias.com\\\/noticias\\\/ashton-viajara-por-primera-vez-a-iran-en-marzo\\\/#organizationLogo\"},\"sameAs\":[\"https:\\\/\\\/facebook.com\\\/eldigitaldeasturias\",\"https:\\\/\\\/www.youtube.com\\\/channel\\\/UCZP-2wLEB9Rv6erhFmqVnvg\"],\"address\":{\"@id\":\"https:\\\/\\\/www.eldigitaldeasturias.com\\\/noticias\\\/#postaladdress\",\"@type\":\"PostalAddress\",\"streetAddress\":\"san antonio 4\",\"postalCode\":\"33430\",\"addressLocality\":\"Cand\\u00e1s\",\"addressRegion\":\"Asturias\",\"addressCountry\":\"ES\"}},{\"@type\":\"Person\",\"@id\":\"https:\\\/\\\/www.eldigitaldeasturias.com\\\/noticias\\\/author\\\/admin\\\/#author\",\"url\":\"https:\\\/\\\/www.eldigitaldeasturias.com\\\/noticias\\\/author\\\/admin\\\/\",\"name\":\"El Digital de Asturias\",\"image\":{\"@type\":\"ImageObject\",\"@id\":\"https:\\\/\\\/www.eldigitaldeasturias.com\\\/noticias\\\/ashton-viajara-por-primera-vez-a-iran-en-marzo\\\/#authorImage\",\"url\":\"https:\\\/\\\/secure.gravatar.com\\\/avatar\\\/df2aeffc32bcd13f8d26072ef8a91b623d677766deac7f97ca815868cd41bf5e?s=96&d=mm&r=g\",\"width\":96,\"height\":96,\"caption\":\"El Digital de Asturias\"}},{\"@type\":\"WebPage\",\"@id\":\"https:\\\/\\\/www.eldigitaldeasturias.com\\\/noticias\\\/ashton-viajara-por-primera-vez-a-iran-en-marzo\\\/#webpage\",\"url\":\"https:\\\/\\\/www.eldigitaldeasturias.com\\\/noticias\\\/ashton-viajara-por-primera-vez-a-iran-en-marzo\\\/\",\"name\":\"Ashton viajar\\u00e1 por primera vez a Ir\\u00e1n en marzo - El Digital de Asturias\",\"description\":\"Teher\\u00e1n, 5 feb (EFE).- La jefa de la diplomacia de la Uni\\u00f3n Europea (UE), Catherine Ashton, viajar\\u00e1 por primera vez oficialmente a Ir\\u00e1n a principios de marzo, inform\\u00f3 hoy la agencia estudiantil de noticias iran\\u00ed, Isna. Seg\\u00fan la agencia, la visita de Ashton responde a la invitaci\\u00f3n que le efectu\\u00f3 el ministro iran\\u00ed de Asuntos\",\"inLanguage\":\"es-ES\",\"isPartOf\":{\"@id\":\"https:\\\/\\\/www.eldigitaldeasturias.com\\\/noticias\\\/#website\"},\"breadcrumb\":{\"@id\":\"https:\\\/\\\/www.eldigitaldeasturias.com\\\/noticias\\\/ashton-viajara-por-primera-vez-a-iran-en-marzo\\\/#breadcrumblist\"},\"author\":{\"@id\":\"https:\\\/\\\/www.eldigitaldeasturias.com\\\/noticias\\\/author\\\/admin\\\/#author\"},\"creator\":{\"@id\":\"https:\\\/\\\/www.eldigitaldeasturias.com\\\/noticias\\\/author\\\/admin\\\/#author\"},\"image\":{\"@type\":\"ImageObject\",\"url\":483918,\"@id\":\"https:\\\/\\\/www.eldigitaldeasturias.com\\\/noticias\\\/ashton-viajara-por-primera-vez-a-iran-en-marzo\\\/#mainImage\"},\"primaryImageOfPage\":{\"@id\":\"https:\\\/\\\/www.eldigitaldeasturias.com\\\/noticias\\\/ashton-viajara-por-primera-vez-a-iran-en-marzo\\\/#mainImage\"},\"datePublished\":\"2014-02-05T13:08:00+01:00\",\"dateModified\":\"2014-02-05T13:08:00+01:00\"},{\"@type\":\"WebSite\",\"@id\":\"https:\\\/\\\/www.eldigitaldeasturias.com\\\/noticias\\\/#website\",\"url\":\"https:\\\/\\\/www.eldigitaldeasturias.com\\\/noticias\\\/\",\"name\":\"El Digital de Asturias - Diario de actualidad y noticias\",\"alternateName\":\"El Digital de Asturias - Diario de actualidad y noticias\",\"description\":\"Hemeroteca\",\"inLanguage\":\"es-ES\",\"publisher\":{\"@id\":\"https:\\\/\\\/www.eldigitaldeasturias.com\\\/noticias\\\/#organization\"}}]}\n\t\t<\/script>\n\t\t<!-- All in One SEO Pro -->\r\n\t\t<title>Ashton viajar\u00e1 por primera vez a Ir\u00e1n en marzo - El Digital de Asturias<\/title>\n\n","aioseo_head_json":{"title":"Ashton viajar\u00e1 por primera vez a Ir\u00e1n en marzo - El Digital de Asturias","description":"Teher\u00e1n, 5 feb (EFE).- La jefa de la diplomacia de la Uni\u00f3n Europea (UE), Catherine Ashton, viajar\u00e1 por primera vez oficialmente a Ir\u00e1n a principios de marzo, inform\u00f3 hoy la agencia estudiantil de noticias iran\u00ed, Isna. Seg\u00fan la agencia, la visita de Ashton responde a la invitaci\u00f3n que le efectu\u00f3 el ministro iran\u00ed de Asuntos","canonical_url":"https:\/\/www.eldigitaldeasturias.com\/noticias\/ashton-viajara-por-primera-vez-a-iran-en-marzo\/","robots":"max-image-preview:large","keywords":"actualidad","webmasterTools":{"google-site-verification":"UA-38556648-1","msvalidate.01":"7dfe9f3f1b24437ab69f4f2559babe99","miscellaneous":""},"schema":{"@context":"https:\/\/schema.org","@graph":[{"@type":"BlogPosting","@id":"https:\/\/www.eldigitaldeasturias.com\/noticias\/ashton-viajara-por-primera-vez-a-iran-en-marzo\/#blogposting","name":"Ashton viajar\u00e1 por primera vez a Ir\u00e1n en marzo - El Digital de Asturias","headline":"Ashton viajar\u00e1 por primera vez a Ir\u00e1n en marzo","author":{"@id":"https:\/\/www.eldigitaldeasturias.com\/noticias\/author\/admin\/#author"},"publisher":{"@id":"https:\/\/www.eldigitaldeasturias.com\/noticias\/#organization"},"image":{"@type":"ImageObject","url":483918},"datePublished":"2014-02-05T13:08:00+01:00","dateModified":"2014-02-05T13:08:00+01:00","inLanguage":"es-ES","mainEntityOfPage":{"@id":"https:\/\/www.eldigitaldeasturias.com\/noticias\/ashton-viajara-por-primera-vez-a-iran-en-marzo\/#webpage"},"isPartOf":{"@id":"https:\/\/www.eldigitaldeasturias.com\/noticias\/ashton-viajara-por-primera-vez-a-iran-en-marzo\/#webpage"},"articleSection":"Actualidad"},{"@type":"BreadcrumbList","@id":"https:\/\/www.eldigitaldeasturias.com\/noticias\/ashton-viajara-por-primera-vez-a-iran-en-marzo\/#breadcrumblist","itemListElement":[{"@type":"ListItem","@id":"https:\/\/www.eldigitaldeasturias.com\/noticias#listItem","position":1,"name":"Home","item":"https:\/\/www.eldigitaldeasturias.com\/noticias","nextItem":{"@type":"ListItem","@id":"https:\/\/www.eldigitaldeasturias.com\/noticias\/category\/actualidad\/#listItem","name":"Actualidad"}},{"@type":"ListItem","@id":"https:\/\/www.eldigitaldeasturias.com\/noticias\/category\/actualidad\/#listItem","position":2,"name":"Actualidad","item":"https:\/\/www.eldigitaldeasturias.com\/noticias\/category\/actualidad\/","nextItem":{"@type":"ListItem","@id":"https:\/\/www.eldigitaldeasturias.com\/noticias\/ashton-viajara-por-primera-vez-a-iran-en-marzo\/#listItem","name":"Ashton viajar\u00e1 por primera vez a Ir\u00e1n en marzo"},"previousItem":{"@type":"ListItem","@id":"https:\/\/www.eldigitaldeasturias.com\/noticias#listItem","name":"Home"}},{"@type":"ListItem","@id":"https:\/\/www.eldigitaldeasturias.com\/noticias\/ashton-viajara-por-primera-vez-a-iran-en-marzo\/#listItem","position":3,"name":"Ashton viajar\u00e1 por primera vez a Ir\u00e1n en marzo","previousItem":{"@type":"ListItem","@id":"https:\/\/www.eldigitaldeasturias.com\/noticias\/category\/actualidad\/#listItem","name":"Actualidad"}}]},{"@type":"Organization","@id":"https:\/\/www.eldigitaldeasturias.com\/noticias\/#organization","name":"El Digital de Asturias","description":"Hemeroteca","url":"https:\/\/www.eldigitaldeasturias.com\/noticias\/","email":"info@eldigitaldeasturias.com","telephone":"+34652131393","logo":{"@type":"ImageObject","url":"https:\/\/www.eldigitaldeasturias.com\/noticias\/wp-content\/uploads\/2020\/12\/EDA.jpg","@id":"https:\/\/www.eldigitaldeasturias.com\/noticias\/ashton-viajara-por-primera-vez-a-iran-en-marzo\/#organizationLogo"},"image":{"@id":"https:\/\/www.eldigitaldeasturias.com\/noticias\/ashton-viajara-por-primera-vez-a-iran-en-marzo\/#organizationLogo"},"sameAs":["https:\/\/facebook.com\/eldigitaldeasturias","https:\/\/www.youtube.com\/channel\/UCZP-2wLEB9Rv6erhFmqVnvg"],"address":{"@id":"https:\/\/www.eldigitaldeasturias.com\/noticias\/#postaladdress","@type":"PostalAddress","streetAddress":"san antonio 4","postalCode":"33430","addressLocality":"Cand\u00e1s","addressRegion":"Asturias","addressCountry":"ES"}},{"@type":"Person","@id":"https:\/\/www.eldigitaldeasturias.com\/noticias\/author\/admin\/#author","url":"https:\/\/www.eldigitaldeasturias.com\/noticias\/author\/admin\/","name":"El Digital de Asturias","image":{"@type":"ImageObject","@id":"https:\/\/www.eldigitaldeasturias.com\/noticias\/ashton-viajara-por-primera-vez-a-iran-en-marzo\/#authorImage","url":"https:\/\/secure.gravatar.com\/avatar\/df2aeffc32bcd13f8d26072ef8a91b623d677766deac7f97ca815868cd41bf5e?s=96&d=mm&r=g","width":96,"height":96,"caption":"El Digital de Asturias"}},{"@type":"WebPage","@id":"https:\/\/www.eldigitaldeasturias.com\/noticias\/ashton-viajara-por-primera-vez-a-iran-en-marzo\/#webpage","url":"https:\/\/www.eldigitaldeasturias.com\/noticias\/ashton-viajara-por-primera-vez-a-iran-en-marzo\/","name":"Ashton viajar\u00e1 por primera vez a Ir\u00e1n en marzo - El Digital de Asturias","description":"Teher\u00e1n, 5 feb (EFE).- La jefa de la diplomacia de la Uni\u00f3n Europea (UE), Catherine Ashton, viajar\u00e1 por primera vez oficialmente a Ir\u00e1n a principios de marzo, inform\u00f3 hoy la agencia estudiantil de noticias iran\u00ed, Isna. Seg\u00fan la agencia, la visita de Ashton responde a la invitaci\u00f3n que le efectu\u00f3 el ministro iran\u00ed de Asuntos","inLanguage":"es-ES","isPartOf":{"@id":"https:\/\/www.eldigitaldeasturias.com\/noticias\/#website"},"breadcrumb":{"@id":"https:\/\/www.eldigitaldeasturias.com\/noticias\/ashton-viajara-por-primera-vez-a-iran-en-marzo\/#breadcrumblist"},"author":{"@id":"https:\/\/www.eldigitaldeasturias.com\/noticias\/author\/admin\/#author"},"creator":{"@id":"https:\/\/www.eldigitaldeasturias.com\/noticias\/author\/admin\/#author"},"image":{"@type":"ImageObject","url":483918,"@id":"https:\/\/www.eldigitaldeasturias.com\/noticias\/ashton-viajara-por-primera-vez-a-iran-en-marzo\/#mainImage"},"primaryImageOfPage":{"@id":"https:\/\/www.eldigitaldeasturias.com\/noticias\/ashton-viajara-por-primera-vez-a-iran-en-marzo\/#mainImage"},"datePublished":"2014-02-05T13:08:00+01:00","dateModified":"2014-02-05T13:08:00+01:00"},{"@type":"WebSite","@id":"https:\/\/www.eldigitaldeasturias.com\/noticias\/#website","url":"https:\/\/www.eldigitaldeasturias.com\/noticias\/","name":"El Digital de Asturias - Diario de actualidad y noticias","alternateName":"El Digital de Asturias - Diario de actualidad y noticias","description":"Hemeroteca","inLanguage":"es-ES","publisher":{"@id":"https:\/\/www.eldigitaldeasturias.com\/noticias\/#organization"}}]},"og:locale":"es_ES","og:site_name":"El Digital de Asturias","og:type":"article","og:title":"Ashton viajar\u00e1 por primera vez a Ir\u00e1n en marzo - El Digital de Asturias","og:description":"Teher\u00e1n, 5 feb (EFE).- La jefa de la diplomacia de la Uni\u00f3n Europea (UE), Catherine Ashton, viajar\u00e1 por primera vez oficialmente a Ir\u00e1n a principios de marzo, inform\u00f3 hoy la agencia estudiantil de noticias iran\u00ed, Isna. Seg\u00fan la agencia, la visita de Ashton responde a la invitaci\u00f3n que le efectu\u00f3 el ministro iran\u00ed de Asuntos","og:url":"https:\/\/www.eldigitaldeasturias.com\/noticias\/ashton-viajara-por-primera-vez-a-iran-en-marzo\/","article:tag":["actualidad"],"article:published_time":"2014-02-05T14:08:00+00:00","article:modified_time":"2014-02-05T14:08:00+00:00","article:publisher":"https:\/\/facebook.com\/eldigitaldeasturias","twitter:card":"summary_large_image","twitter:title":"Ashton viajar\u00e1 por primera vez a Ir\u00e1n en marzo - El Digital de Asturias","twitter:description":"Teher\u00e1n, 5 feb (EFE).- La jefa de la diplomacia de la Uni\u00f3n Europea (UE), Catherine Ashton, viajar\u00e1 por primera vez oficialmente a Ir\u00e1n a principios de marzo, inform\u00f3 hoy la agencia estudiantil de noticias iran\u00ed, Isna. Seg\u00fan la agencia, la visita de Ashton responde a la invitaci\u00f3n que le efectu\u00f3 el ministro iran\u00ed de Asuntos","twitter:label1":"Escrito por","twitter:data1":"El Digital de Asturias","twitter:label2":"Tiempo de lectura estimado","twitter:data2":"2 minutos"},"aioseo_meta_data":{"post_id":"483917","title":null,"description":null,"keywords":null,"keyphrases":null,"primary_term":null,"canonical_url":null,"og_title":null,"og_description":null,"og_object_type":"default","og_image_type":"default","og_image_url":null,"og_image_width":null,"og_image_height":null,"og_image_custom_url":null,"og_image_custom_fields":null,"og_video":null,"og_custom_url":null,"og_article_section":null,"og_article_tags":null,"twitter_use_og":true,"twitter_card":"default","twitter_image_type":"default","twitter_image_url":null,"twitter_image_custom_url":null,"twitter_image_custom_fields":null,"twitter_title":null,"twitter_description":null,"schema":{"blockGraphs":[],"customGraphs":[],"default":{"data":{"Article":[],"Course":[],"Dataset":[],"FAQPage":[],"Movie":[],"Person":[],"Product":[],"ProductReview":[],"Car":[],"Recipe":[],"Service":[],"SoftwareApplication":[],"WebPage":[]},"graphName":"","isEnabled":true},"graphs":[],"defaultGraph":"","defaultPostTypeGraph":""},"schema_type":null,"schema_type_options":null,"pillar_content":false,"robots_default":true,"robots_noindex":false,"robots_noarchive":false,"robots_nosnippet":false,"robots_nofollow":false,"robots_noimageindex":false,"robots_noodp":false,"robots_notranslate":false,"robots_max_snippet":null,"robots_max_videopreview":null,"robots_max_imagepreview":"none","priority":null,"frequency":null,"local_seo":null,"seo_analyzer_scan_date":"2026-06-02 14:14:54","breadcrumb_settings":null,"limit_modified_date":false,"open_ai":null,"ai":null,"created":"2020-11-14 22:54:54","updated":"2026-06-02 14:14:54","focus_keyword":null,"additional_keywords":null,"truseo_locale":null},"aioseo_breadcrumb":"<div class=\"aioseo-breadcrumbs\"><span class=\"aioseo-breadcrumb\">\n\t<a href=\"https:\/\/www.eldigitaldeasturias.com\/noticias\" title=\"Home\">Home<\/a>\n<\/span><span class=\"aioseo-breadcrumb-separator\">\u2013<\/span><span class=\"aioseo-breadcrumb\">\n\t<a href=\"https:\/\/www.eldigitaldeasturias.com\/noticias\/category\/actualidad\/\" title=\"Actualidad\">Actualidad<\/a>\n<\/span><span class=\"aioseo-breadcrumb-separator\">\u2013<\/span><span class=\"aioseo-breadcrumb\">\n\t<a href=\"https:\/\/www.eldigitaldeasturias.com\/noticias\/ashton-viajara-por-primera-vez-a-iran-en-marzo\/\" title=\"Ashton viajar\u00e1 por primera vez a Ir\u00e1n en marzo\">Ashton viajar\u00e1 por primera vez a Ir\u00e1n en marzo<\/a>\n<\/span><\/div>","aioseo_breadcrumb_json":[{"label":"Home","link":"https:\/\/www.eldigitaldeasturias.com\/noticias"},{"label":"Actualidad","link":"https:\/\/www.eldigitaldeasturias.com\/noticias\/category\/actualidad\/"},{"label":"Ashton viajar\u00e1 por primera vez a Ir\u00e1n en marzo","link":"https:\/\/www.eldigitaldeasturias.com\/noticias\/ashton-viajara-por-primera-vez-a-iran-en-marzo\/"}],"_links":{"self":[{"href":"https:\/\/www.eldigitaldeasturias.com\/noticias\/wp-json\/wp\/v2\/posts\/483917","targetHints":{"allow":["GET"]}}],"collection":[{"href":"https:\/\/www.eldigitaldeasturias.com\/noticias\/wp-json\/wp\/v2\/posts"}],"about":[{"href":"https:\/\/www.eldigitaldeasturias.com\/noticias\/wp-json\/wp\/v2\/types\/post"}],"author":[{"embeddable":true,"href":"https:\/\/www.eldigitaldeasturias.com\/noticias\/wp-json\/wp\/v2\/users\/1"}],"replies":[{"embeddable":true,"href":"https:\/\/www.eldigitaldeasturias.com\/noticias\/wp-json\/wp\/v2\/comments?post=483917"}],"version-history":[{"count":0,"href":"https:\/\/www.eldigitaldeasturias.com\/noticias\/wp-json\/wp\/v2\/posts\/483917\/revisions"}],"wp:attachment":[{"href":"https:\/\/www.eldigitaldeasturias.com\/noticias\/wp-json\/wp\/v2\/media?parent=483917"}],"wp:term":[{"taxonomy":"category","embeddable":true,"href":"https:\/\/www.eldigitaldeasturias.com\/noticias\/wp-json\/wp\/v2\/categories?post=483917"},{"taxonomy":"post_tag","embeddable":true,"href":"https:\/\/www.eldigitaldeasturias.com\/noticias\/wp-json\/wp\/v2\/tags?post=483917"}],"curies":[{"name":"wp","href":"https:\/\/api.w.org\/{rel}","templated":true}]}}