{"id":483887,"date":"2014-02-05T12:53:46","date_gmt":"2014-02-05T13:53:46","guid":{"rendered":"http:\/\/www.eldigitaldeasturias.com\/noticias\/?p=483887"},"modified":"2014-02-05T12:53:46","modified_gmt":"2014-02-05T13:53:46","slug":"el-pp-dice-que-llevar-a-victimas-policiales-a-las-aulas-alienta-la-teoria-del-conflicto","status":"publish","type":"post","link":"https:\/\/www.eldigitaldeasturias.com\/noticias\/el-pp-dice-que-llevar-a-victimas-policiales-a-las-aulas-alienta-la-teoria-del-conflicto\/","title":{"rendered":"El PP dice que llevar a v\u00edctimas policiales a las aulas alienta la teor\u00eda del conflicto"},"content":{"rendered":"<p><img loading=\"lazy\" decoding=\"async\" class=\"alignleft size-medium wp-image-483888\" alt=\"5911083w\" src=\"https:\/\/www.eldigitaldeasturias.com\/noticias\/wp-content\/uploads\/2014\/02\/5911083w-360x239.jpg\" width=\"360\" height=\"239\" \/>Bilbao, 5 feb (EFE).- El secretario general del PP vasco, I\u00f1aki Oyarz\u00e1bal, ha afirmado hoy que la medida del Gobierno Vasco de llevar a las aulas el testimonio de las v\u00edctimas de abusos policiales es un \u00aberror\u00bb que va a generar \u00abconfusi\u00f3n\u00bb y a alentar la \u00abteor\u00eda del conflicto\u00bb en Euskadi que predica la izquierda abertzale.<\/p>\n<p>Oyarz\u00e1bal, en declaraciones a RNE, ha rechazado de plano esta decisi\u00f3n, enmarcada en el proyecto del Plan de Paz y Convivencia 2013-16 en el \u00e1mbito educativo que aprob\u00f3 ayer, martes, el Gobierno del PNV.<\/p>\n<p>Al testimonio de las v\u00edctimas de ETA, del Batall\u00f3n Vasco Espa\u00f1ol o del GAL, se unir\u00e1 ahora la visi\u00f3n ante los escolares de las v\u00edctimas de abusos policiales entre 1969 y 1978.<\/p>\n<p>Para Oyarz\u00e1bal, esta medida es \u00ababsurda\u00bb porque el plan que se puso en marcha con el anterior Gobierno socialista en el \u00e1mbito educativo estaba dirigido a que las v\u00edctimas de ETA fueran las protagonistas con el fin de hacer \u00abpedagog\u00eda en las aulas para deslegitimar el terrorismo\u00bb.<\/p>\n<p>\u00abEl empe\u00f1o de los nacionalistas por llevar ahora a otro tipo de v\u00edctimas de abusos policiales nos parece que no tiene sentido, porque no hay ning\u00fan tipo de caldo de cultivo que justifique la violencia policial. No hay nada que contrarrestar\u00bb, ha argumentado.<\/p>\n<p>Lo que va a generar es \u00abconfusi\u00f3n\u00bb y \u00abalentar el discurso de la izquierda abertzale, que lo que busca es dibujar un presunto conflicto y presentar la violencia terrorista como violencia de respuesta a una supuesta imposici\u00f3n del Estado\u00bb, ha sostenido Oyarz\u00e1bal.<\/p>\n","protected":false},"excerpt":{"rendered":"<p>Bilbao, 5 feb (EFE).- El secretario general del PP vasco, I\u00f1aki Oyarz\u00e1bal, ha afirmado hoy que la medida del Gobierno Vasco de llevar a las aulas el testimonio de las v\u00edctimas de abusos policiales es un \u00aberror\u00bb que va a generar \u00abconfusi\u00f3n\u00bb y a alentar la \u00abteor\u00eda del conflicto\u00bb en Euskadi que predica la izquierda [&hellip;]<\/p>\n","protected":false},"author":1,"featured_media":483888,"comment_status":"closed","ping_status":"open","sticky":false,"template":"","format":"standard","meta":{"footnotes":""},"categories":[1],"tags":[],"class_list":["post-483887","post","type-post","status-publish","format-standard","has-post-thumbnail","hentry","category-actualidad"],"aioseo_notices":[],"aioseo_head":"\n\t\t<!-- All in One SEO Pro 5.0.1 - aioseo.com -->\n\t<meta name=\"description\" content=\"Bilbao, 5 feb (EFE).- El secretario general del PP vasco, I\u00f1aki Oyarz\u00e1bal, ha afirmado hoy que la medida del Gobierno Vasco de llevar a las aulas el testimonio de las v\u00edctimas de abusos policiales es un &quot;error&quot; que va a generar &quot;confusi\u00f3n&quot; y a alentar la &quot;teor\u00eda del conflicto&quot; en Euskadi que predica la izquierda\" \/>\n\t<meta name=\"robots\" content=\"max-image-preview:large\" \/>\n\t<meta name=\"author\" content=\"El Digital de Asturias\"\/>\n\t<meta name=\"google-site-verification\" content=\"UA-38556648-1\" \/>\n\t<meta name=\"msvalidate.01\" content=\"7dfe9f3f1b24437ab69f4f2559babe99\" \/>\n\t<meta name=\"keywords\" content=\"actualidad\" \/>\n\t<link rel=\"canonical\" href=\"https:\/\/www.eldigitaldeasturias.com\/noticias\/el-pp-dice-que-llevar-a-victimas-policiales-a-las-aulas-alienta-la-teoria-del-conflicto\/\" \/>\n\t<meta name=\"generator\" content=\"All in One SEO Pro (AIOSEO) 5.0.1\" \/>\n\t\t<meta property=\"og:locale\" content=\"es_ES\" \/>\n\t\t<meta property=\"og:site_name\" content=\"El Digital de Asturias\" \/>\n\t\t<meta property=\"og:type\" content=\"article\" \/>\n\t\t<meta property=\"og:title\" content=\"El PP dice que llevar a v\u00edctimas policiales a las aulas alienta la teor\u00eda del conflicto - El Digital de Asturias\" \/>\n\t\t<meta property=\"og:description\" content=\"Bilbao, 5 feb (EFE).- El secretario general del PP vasco, I\u00f1aki Oyarz\u00e1bal, ha afirmado hoy que la medida del Gobierno Vasco de llevar a las aulas el testimonio de las v\u00edctimas de abusos policiales es un &quot;error&quot; que va a generar &quot;confusi\u00f3n&quot; y a alentar la &quot;teor\u00eda del conflicto&quot; en Euskadi que predica la izquierda\" \/>\n\t\t<meta property=\"og:url\" content=\"https:\/\/www.eldigitaldeasturias.com\/noticias\/el-pp-dice-que-llevar-a-victimas-policiales-a-las-aulas-alienta-la-teoria-del-conflicto\/\" \/>\n\t\t<meta property=\"article:tag\" content=\"actualidad\" \/>\n\t\t<meta property=\"article:published_time\" content=\"2014-02-05T13:53:46+00:00\" \/>\n\t\t<meta property=\"article:modified_time\" content=\"2014-02-05T13:53:46+00:00\" \/>\n\t\t<meta property=\"article:publisher\" content=\"https:\/\/facebook.com\/eldigitaldeasturias\" \/>\n\t\t<meta name=\"twitter:card\" content=\"summary_large_image\" \/>\n\t\t<meta name=\"twitter:title\" content=\"El PP dice que llevar a v\u00edctimas policiales a las aulas alienta la teor\u00eda del conflicto - El Digital de Asturias\" \/>\n\t\t<meta name=\"twitter:description\" content=\"Bilbao, 5 feb (EFE).- El secretario general del PP vasco, I\u00f1aki Oyarz\u00e1bal, ha afirmado hoy que la medida del Gobierno Vasco de llevar a las aulas el testimonio de las v\u00edctimas de abusos policiales es un &quot;error&quot; que va a generar &quot;confusi\u00f3n&quot; y a alentar la &quot;teor\u00eda del conflicto&quot; en Euskadi que predica la izquierda\" \/>\n\t\t<meta name=\"twitter:label1\" content=\"Escrito por\" \/>\n\t\t<meta name=\"twitter:data1\" content=\"El Digital de Asturias\" \/>\n\t\t<meta name=\"twitter:label2\" content=\"Tiempo de lectura estimado\" \/>\n\t\t<meta name=\"twitter:data2\" content=\"1 minuto\" \/>\n\t\t<script type=\"application\/ld+json\" class=\"aioseo-schema\">\n\t\t\t{\"@context\":\"https:\\\/\\\/schema.org\",\"@graph\":[{\"@type\":\"BlogPosting\",\"@id\":\"https:\\\/\\\/www.eldigitaldeasturias.com\\\/noticias\\\/el-pp-dice-que-llevar-a-victimas-policiales-a-las-aulas-alienta-la-teoria-del-conflicto\\\/#blogposting\",\"name\":\"El PP dice que llevar a v\\u00edctimas policiales a las aulas alienta la teor\\u00eda del conflicto - El Digital de Asturias\",\"headline\":\"El PP dice que llevar a v\\u00edctimas policiales a las aulas alienta la teor\\u00eda del conflicto\",\"author\":{\"@id\":\"https:\\\/\\\/www.eldigitaldeasturias.com\\\/noticias\\\/author\\\/admin\\\/#author\"},\"publisher\":{\"@id\":\"https:\\\/\\\/www.eldigitaldeasturias.com\\\/noticias\\\/#organization\"},\"image\":{\"@type\":\"ImageObject\",\"url\":483888},\"datePublished\":\"2014-02-05T12:53:46+01:00\",\"dateModified\":\"2014-02-05T12:53:46+01:00\",\"inLanguage\":\"es-ES\",\"mainEntityOfPage\":{\"@id\":\"https:\\\/\\\/www.eldigitaldeasturias.com\\\/noticias\\\/el-pp-dice-que-llevar-a-victimas-policiales-a-las-aulas-alienta-la-teoria-del-conflicto\\\/#webpage\"},\"isPartOf\":{\"@id\":\"https:\\\/\\\/www.eldigitaldeasturias.com\\\/noticias\\\/el-pp-dice-que-llevar-a-victimas-policiales-a-las-aulas-alienta-la-teoria-del-conflicto\\\/#webpage\"},\"articleSection\":\"Actualidad\"},{\"@type\":\"BreadcrumbList\",\"@id\":\"https:\\\/\\\/www.eldigitaldeasturias.com\\\/noticias\\\/el-pp-dice-que-llevar-a-victimas-policiales-a-las-aulas-alienta-la-teoria-del-conflicto\\\/#breadcrumblist\",\"itemListElement\":[{\"@type\":\"ListItem\",\"@id\":\"https:\\\/\\\/www.eldigitaldeasturias.com\\\/noticias#listItem\",\"position\":1,\"name\":\"Home\",\"item\":\"https:\\\/\\\/www.eldigitaldeasturias.com\\\/noticias\",\"nextItem\":{\"@type\":\"ListItem\",\"@id\":\"https:\\\/\\\/www.eldigitaldeasturias.com\\\/noticias\\\/category\\\/actualidad\\\/#listItem\",\"name\":\"Actualidad\"}},{\"@type\":\"ListItem\",\"@id\":\"https:\\\/\\\/www.eldigitaldeasturias.com\\\/noticias\\\/category\\\/actualidad\\\/#listItem\",\"position\":2,\"name\":\"Actualidad\",\"item\":\"https:\\\/\\\/www.eldigitaldeasturias.com\\\/noticias\\\/category\\\/actualidad\\\/\",\"nextItem\":{\"@type\":\"ListItem\",\"@id\":\"https:\\\/\\\/www.eldigitaldeasturias.com\\\/noticias\\\/el-pp-dice-que-llevar-a-victimas-policiales-a-las-aulas-alienta-la-teoria-del-conflicto\\\/#listItem\",\"name\":\"El PP dice que llevar a v\\u00edctimas policiales a las aulas alienta la teor\\u00eda del conflicto\"},\"previousItem\":{\"@type\":\"ListItem\",\"@id\":\"https:\\\/\\\/www.eldigitaldeasturias.com\\\/noticias#listItem\",\"name\":\"Home\"}},{\"@type\":\"ListItem\",\"@id\":\"https:\\\/\\\/www.eldigitaldeasturias.com\\\/noticias\\\/el-pp-dice-que-llevar-a-victimas-policiales-a-las-aulas-alienta-la-teoria-del-conflicto\\\/#listItem\",\"position\":3,\"name\":\"El PP dice que llevar a v\\u00edctimas policiales a las aulas alienta la teor\\u00eda del conflicto\",\"previousItem\":{\"@type\":\"ListItem\",\"@id\":\"https:\\\/\\\/www.eldigitaldeasturias.com\\\/noticias\\\/category\\\/actualidad\\\/#listItem\",\"name\":\"Actualidad\"}}]},{\"@type\":\"Organization\",\"@id\":\"https:\\\/\\\/www.eldigitaldeasturias.com\\\/noticias\\\/#organization\",\"name\":\"El Digital de Asturias\",\"description\":\"Hemeroteca\",\"url\":\"https:\\\/\\\/www.eldigitaldeasturias.com\\\/noticias\\\/\",\"email\":\"info@eldigitaldeasturias.com\",\"telephone\":\"+34652131393\",\"logo\":{\"@type\":\"ImageObject\",\"url\":\"https:\\\/\\\/www.eldigitaldeasturias.com\\\/noticias\\\/wp-content\\\/uploads\\\/2020\\\/12\\\/EDA.jpg\",\"@id\":\"https:\\\/\\\/www.eldigitaldeasturias.com\\\/noticias\\\/el-pp-dice-que-llevar-a-victimas-policiales-a-las-aulas-alienta-la-teoria-del-conflicto\\\/#organizationLogo\"},\"image\":{\"@id\":\"https:\\\/\\\/www.eldigitaldeasturias.com\\\/noticias\\\/el-pp-dice-que-llevar-a-victimas-policiales-a-las-aulas-alienta-la-teoria-del-conflicto\\\/#organizationLogo\"},\"sameAs\":[\"https:\\\/\\\/facebook.com\\\/eldigitaldeasturias\",\"https:\\\/\\\/www.youtube.com\\\/channel\\\/UCZP-2wLEB9Rv6erhFmqVnvg\"],\"address\":{\"@id\":\"https:\\\/\\\/www.eldigitaldeasturias.com\\\/noticias\\\/#postaladdress\",\"@type\":\"PostalAddress\",\"streetAddress\":\"san antonio 4\",\"postalCode\":\"33430\",\"addressLocality\":\"Cand\\u00e1s\",\"addressRegion\":\"Asturias\",\"addressCountry\":\"ES\"}},{\"@type\":\"Person\",\"@id\":\"https:\\\/\\\/www.eldigitaldeasturias.com\\\/noticias\\\/author\\\/admin\\\/#author\",\"url\":\"https:\\\/\\\/www.eldigitaldeasturias.com\\\/noticias\\\/author\\\/admin\\\/\",\"name\":\"El Digital de Asturias\",\"image\":{\"@type\":\"ImageObject\",\"@id\":\"https:\\\/\\\/www.eldigitaldeasturias.com\\\/noticias\\\/el-pp-dice-que-llevar-a-victimas-policiales-a-las-aulas-alienta-la-teoria-del-conflicto\\\/#authorImage\",\"url\":\"https:\\\/\\\/secure.gravatar.com\\\/avatar\\\/df2aeffc32bcd13f8d26072ef8a91b623d677766deac7f97ca815868cd41bf5e?s=96&d=mm&r=g\",\"width\":96,\"height\":96,\"caption\":\"El Digital de Asturias\"}},{\"@type\":\"WebPage\",\"@id\":\"https:\\\/\\\/www.eldigitaldeasturias.com\\\/noticias\\\/el-pp-dice-que-llevar-a-victimas-policiales-a-las-aulas-alienta-la-teoria-del-conflicto\\\/#webpage\",\"url\":\"https:\\\/\\\/www.eldigitaldeasturias.com\\\/noticias\\\/el-pp-dice-que-llevar-a-victimas-policiales-a-las-aulas-alienta-la-teoria-del-conflicto\\\/\",\"name\":\"El PP dice que llevar a v\\u00edctimas policiales a las aulas alienta la teor\\u00eda del conflicto - El Digital de Asturias\",\"description\":\"Bilbao, 5 feb (EFE).- El secretario general del PP vasco, I\\u00f1aki Oyarz\\u00e1bal, ha afirmado hoy que la medida del Gobierno Vasco de llevar a las aulas el testimonio de las v\\u00edctimas de abusos policiales es un \\\"error\\\" que va a generar \\\"confusi\\u00f3n\\\" y a alentar la \\\"teor\\u00eda del conflicto\\\" en Euskadi que predica la izquierda\",\"inLanguage\":\"es-ES\",\"isPartOf\":{\"@id\":\"https:\\\/\\\/www.eldigitaldeasturias.com\\\/noticias\\\/#website\"},\"breadcrumb\":{\"@id\":\"https:\\\/\\\/www.eldigitaldeasturias.com\\\/noticias\\\/el-pp-dice-que-llevar-a-victimas-policiales-a-las-aulas-alienta-la-teoria-del-conflicto\\\/#breadcrumblist\"},\"author\":{\"@id\":\"https:\\\/\\\/www.eldigitaldeasturias.com\\\/noticias\\\/author\\\/admin\\\/#author\"},\"creator\":{\"@id\":\"https:\\\/\\\/www.eldigitaldeasturias.com\\\/noticias\\\/author\\\/admin\\\/#author\"},\"image\":{\"@type\":\"ImageObject\",\"url\":483888,\"@id\":\"https:\\\/\\\/www.eldigitaldeasturias.com\\\/noticias\\\/el-pp-dice-que-llevar-a-victimas-policiales-a-las-aulas-alienta-la-teoria-del-conflicto\\\/#mainImage\"},\"primaryImageOfPage\":{\"@id\":\"https:\\\/\\\/www.eldigitaldeasturias.com\\\/noticias\\\/el-pp-dice-que-llevar-a-victimas-policiales-a-las-aulas-alienta-la-teoria-del-conflicto\\\/#mainImage\"},\"datePublished\":\"2014-02-05T12:53:46+01:00\",\"dateModified\":\"2014-02-05T12:53:46+01:00\"},{\"@type\":\"WebSite\",\"@id\":\"https:\\\/\\\/www.eldigitaldeasturias.com\\\/noticias\\\/#website\",\"url\":\"https:\\\/\\\/www.eldigitaldeasturias.com\\\/noticias\\\/\",\"name\":\"El Digital de Asturias - Diario de actualidad y noticias\",\"alternateName\":\"El Digital de Asturias - Diario de actualidad y noticias\",\"description\":\"Hemeroteca\",\"inLanguage\":\"es-ES\",\"publisher\":{\"@id\":\"https:\\\/\\\/www.eldigitaldeasturias.com\\\/noticias\\\/#organization\"}}]}\n\t\t<\/script>\n\t\t<!-- All in One SEO Pro -->\r\n\t\t<title>El PP dice que llevar a v\u00edctimas policiales a las aulas alienta la teor\u00eda del conflicto - El Digital de Asturias<\/title>\n\n","aioseo_head_json":{"title":"El PP dice que llevar a v\u00edctimas policiales a las aulas alienta la teor\u00eda del conflicto - El Digital de Asturias","description":"Bilbao, 5 feb (EFE).- El secretario general del PP vasco, I\u00f1aki Oyarz\u00e1bal, ha afirmado hoy que la medida del Gobierno Vasco de llevar a las aulas el testimonio de las v\u00edctimas de abusos policiales es un \"error\" que va a generar \"confusi\u00f3n\" y a alentar la \"teor\u00eda del conflicto\" en Euskadi que predica la izquierda","canonical_url":"https:\/\/www.eldigitaldeasturias.com\/noticias\/el-pp-dice-que-llevar-a-victimas-policiales-a-las-aulas-alienta-la-teoria-del-conflicto\/","robots":"max-image-preview:large","keywords":"actualidad","webmasterTools":{"google-site-verification":"UA-38556648-1","msvalidate.01":"7dfe9f3f1b24437ab69f4f2559babe99","miscellaneous":""},"schema":{"@context":"https:\/\/schema.org","@graph":[{"@type":"BlogPosting","@id":"https:\/\/www.eldigitaldeasturias.com\/noticias\/el-pp-dice-que-llevar-a-victimas-policiales-a-las-aulas-alienta-la-teoria-del-conflicto\/#blogposting","name":"El PP dice que llevar a v\u00edctimas policiales a las aulas alienta la teor\u00eda del conflicto - El Digital de Asturias","headline":"El PP dice que llevar a v\u00edctimas policiales a las aulas alienta la teor\u00eda del conflicto","author":{"@id":"https:\/\/www.eldigitaldeasturias.com\/noticias\/author\/admin\/#author"},"publisher":{"@id":"https:\/\/www.eldigitaldeasturias.com\/noticias\/#organization"},"image":{"@type":"ImageObject","url":483888},"datePublished":"2014-02-05T12:53:46+01:00","dateModified":"2014-02-05T12:53:46+01:00","inLanguage":"es-ES","mainEntityOfPage":{"@id":"https:\/\/www.eldigitaldeasturias.com\/noticias\/el-pp-dice-que-llevar-a-victimas-policiales-a-las-aulas-alienta-la-teoria-del-conflicto\/#webpage"},"isPartOf":{"@id":"https:\/\/www.eldigitaldeasturias.com\/noticias\/el-pp-dice-que-llevar-a-victimas-policiales-a-las-aulas-alienta-la-teoria-del-conflicto\/#webpage"},"articleSection":"Actualidad"},{"@type":"BreadcrumbList","@id":"https:\/\/www.eldigitaldeasturias.com\/noticias\/el-pp-dice-que-llevar-a-victimas-policiales-a-las-aulas-alienta-la-teoria-del-conflicto\/#breadcrumblist","itemListElement":[{"@type":"ListItem","@id":"https:\/\/www.eldigitaldeasturias.com\/noticias#listItem","position":1,"name":"Home","item":"https:\/\/www.eldigitaldeasturias.com\/noticias","nextItem":{"@type":"ListItem","@id":"https:\/\/www.eldigitaldeasturias.com\/noticias\/category\/actualidad\/#listItem","name":"Actualidad"}},{"@type":"ListItem","@id":"https:\/\/www.eldigitaldeasturias.com\/noticias\/category\/actualidad\/#listItem","position":2,"name":"Actualidad","item":"https:\/\/www.eldigitaldeasturias.com\/noticias\/category\/actualidad\/","nextItem":{"@type":"ListItem","@id":"https:\/\/www.eldigitaldeasturias.com\/noticias\/el-pp-dice-que-llevar-a-victimas-policiales-a-las-aulas-alienta-la-teoria-del-conflicto\/#listItem","name":"El PP dice que llevar a v\u00edctimas policiales a las aulas alienta la teor\u00eda del conflicto"},"previousItem":{"@type":"ListItem","@id":"https:\/\/www.eldigitaldeasturias.com\/noticias#listItem","name":"Home"}},{"@type":"ListItem","@id":"https:\/\/www.eldigitaldeasturias.com\/noticias\/el-pp-dice-que-llevar-a-victimas-policiales-a-las-aulas-alienta-la-teoria-del-conflicto\/#listItem","position":3,"name":"El PP dice que llevar a v\u00edctimas policiales a las aulas alienta la teor\u00eda del conflicto","previousItem":{"@type":"ListItem","@id":"https:\/\/www.eldigitaldeasturias.com\/noticias\/category\/actualidad\/#listItem","name":"Actualidad"}}]},{"@type":"Organization","@id":"https:\/\/www.eldigitaldeasturias.com\/noticias\/#organization","name":"El Digital de Asturias","description":"Hemeroteca","url":"https:\/\/www.eldigitaldeasturias.com\/noticias\/","email":"info@eldigitaldeasturias.com","telephone":"+34652131393","logo":{"@type":"ImageObject","url":"https:\/\/www.eldigitaldeasturias.com\/noticias\/wp-content\/uploads\/2020\/12\/EDA.jpg","@id":"https:\/\/www.eldigitaldeasturias.com\/noticias\/el-pp-dice-que-llevar-a-victimas-policiales-a-las-aulas-alienta-la-teoria-del-conflicto\/#organizationLogo"},"image":{"@id":"https:\/\/www.eldigitaldeasturias.com\/noticias\/el-pp-dice-que-llevar-a-victimas-policiales-a-las-aulas-alienta-la-teoria-del-conflicto\/#organizationLogo"},"sameAs":["https:\/\/facebook.com\/eldigitaldeasturias","https:\/\/www.youtube.com\/channel\/UCZP-2wLEB9Rv6erhFmqVnvg"],"address":{"@id":"https:\/\/www.eldigitaldeasturias.com\/noticias\/#postaladdress","@type":"PostalAddress","streetAddress":"san antonio 4","postalCode":"33430","addressLocality":"Cand\u00e1s","addressRegion":"Asturias","addressCountry":"ES"}},{"@type":"Person","@id":"https:\/\/www.eldigitaldeasturias.com\/noticias\/author\/admin\/#author","url":"https:\/\/www.eldigitaldeasturias.com\/noticias\/author\/admin\/","name":"El Digital de Asturias","image":{"@type":"ImageObject","@id":"https:\/\/www.eldigitaldeasturias.com\/noticias\/el-pp-dice-que-llevar-a-victimas-policiales-a-las-aulas-alienta-la-teoria-del-conflicto\/#authorImage","url":"https:\/\/secure.gravatar.com\/avatar\/df2aeffc32bcd13f8d26072ef8a91b623d677766deac7f97ca815868cd41bf5e?s=96&d=mm&r=g","width":96,"height":96,"caption":"El Digital de Asturias"}},{"@type":"WebPage","@id":"https:\/\/www.eldigitaldeasturias.com\/noticias\/el-pp-dice-que-llevar-a-victimas-policiales-a-las-aulas-alienta-la-teoria-del-conflicto\/#webpage","url":"https:\/\/www.eldigitaldeasturias.com\/noticias\/el-pp-dice-que-llevar-a-victimas-policiales-a-las-aulas-alienta-la-teoria-del-conflicto\/","name":"El PP dice que llevar a v\u00edctimas policiales a las aulas alienta la teor\u00eda del conflicto - El Digital de Asturias","description":"Bilbao, 5 feb (EFE).- El secretario general del PP vasco, I\u00f1aki Oyarz\u00e1bal, ha afirmado hoy que la medida del Gobierno Vasco de llevar a las aulas el testimonio de las v\u00edctimas de abusos policiales es un \"error\" que va a generar \"confusi\u00f3n\" y a alentar la \"teor\u00eda del conflicto\" en Euskadi que predica la izquierda","inLanguage":"es-ES","isPartOf":{"@id":"https:\/\/www.eldigitaldeasturias.com\/noticias\/#website"},"breadcrumb":{"@id":"https:\/\/www.eldigitaldeasturias.com\/noticias\/el-pp-dice-que-llevar-a-victimas-policiales-a-las-aulas-alienta-la-teoria-del-conflicto\/#breadcrumblist"},"author":{"@id":"https:\/\/www.eldigitaldeasturias.com\/noticias\/author\/admin\/#author"},"creator":{"@id":"https:\/\/www.eldigitaldeasturias.com\/noticias\/author\/admin\/#author"},"image":{"@type":"ImageObject","url":483888,"@id":"https:\/\/www.eldigitaldeasturias.com\/noticias\/el-pp-dice-que-llevar-a-victimas-policiales-a-las-aulas-alienta-la-teoria-del-conflicto\/#mainImage"},"primaryImageOfPage":{"@id":"https:\/\/www.eldigitaldeasturias.com\/noticias\/el-pp-dice-que-llevar-a-victimas-policiales-a-las-aulas-alienta-la-teoria-del-conflicto\/#mainImage"},"datePublished":"2014-02-05T12:53:46+01:00","dateModified":"2014-02-05T12:53:46+01:00"},{"@type":"WebSite","@id":"https:\/\/www.eldigitaldeasturias.com\/noticias\/#website","url":"https:\/\/www.eldigitaldeasturias.com\/noticias\/","name":"El Digital de Asturias - Diario de actualidad y noticias","alternateName":"El Digital de Asturias - Diario de actualidad y noticias","description":"Hemeroteca","inLanguage":"es-ES","publisher":{"@id":"https:\/\/www.eldigitaldeasturias.com\/noticias\/#organization"}}]},"og:locale":"es_ES","og:site_name":"El Digital de Asturias","og:type":"article","og:title":"El PP dice que llevar a v\u00edctimas policiales a las aulas alienta la teor\u00eda del conflicto - El Digital de Asturias","og:description":"Bilbao, 5 feb (EFE).- El secretario general del PP vasco, I\u00f1aki Oyarz\u00e1bal, ha afirmado hoy que la medida del Gobierno Vasco de llevar a las aulas el testimonio de las v\u00edctimas de abusos policiales es un &quot;error&quot; que va a generar &quot;confusi\u00f3n&quot; y a alentar la &quot;teor\u00eda del conflicto&quot; en Euskadi que predica la izquierda","og:url":"https:\/\/www.eldigitaldeasturias.com\/noticias\/el-pp-dice-que-llevar-a-victimas-policiales-a-las-aulas-alienta-la-teoria-del-conflicto\/","article:tag":["actualidad"],"article:published_time":"2014-02-05T13:53:46+00:00","article:modified_time":"2014-02-05T13:53:46+00:00","article:publisher":"https:\/\/facebook.com\/eldigitaldeasturias","twitter:card":"summary_large_image","twitter:title":"El PP dice que llevar a v\u00edctimas policiales a las aulas alienta la teor\u00eda del conflicto - El Digital de Asturias","twitter:description":"Bilbao, 5 feb (EFE).- El secretario general del PP vasco, I\u00f1aki Oyarz\u00e1bal, ha afirmado hoy que la medida del Gobierno Vasco de llevar a las aulas el testimonio de las v\u00edctimas de abusos policiales es un &quot;error&quot; que va a generar &quot;confusi\u00f3n&quot; y a alentar la &quot;teor\u00eda del conflicto&quot; en Euskadi que predica la izquierda","twitter:label1":"Escrito por","twitter:data1":"El Digital de Asturias","twitter:label2":"Tiempo de lectura estimado","twitter:data2":"1 minuto"},"aioseo_meta_data":{"post_id":"483887","title":null,"description":null,"keywords":null,"keyphrases":null,"primary_term":null,"canonical_url":null,"og_title":null,"og_description":null,"og_object_type":"default","og_image_type":"default","og_image_url":null,"og_image_width":null,"og_image_height":null,"og_image_custom_url":null,"og_image_custom_fields":null,"og_video":null,"og_custom_url":null,"og_article_section":null,"og_article_tags":null,"twitter_use_og":true,"twitter_card":"default","twitter_image_type":"default","twitter_image_url":null,"twitter_image_custom_url":null,"twitter_image_custom_fields":null,"twitter_title":null,"twitter_description":null,"schema":{"blockGraphs":[],"customGraphs":[],"default":{"data":{"Article":[],"Course":[],"Dataset":[],"FAQPage":[],"Movie":[],"Person":[],"Product":[],"ProductReview":[],"Car":[],"Recipe":[],"Service":[],"SoftwareApplication":[],"WebPage":[]},"graphName":"","isEnabled":true},"graphs":[],"defaultGraph":"","defaultPostTypeGraph":""},"schema_type":null,"schema_type_options":null,"pillar_content":false,"robots_default":true,"robots_noindex":false,"robots_noarchive":false,"robots_nosnippet":false,"robots_nofollow":false,"robots_noimageindex":false,"robots_noodp":false,"robots_notranslate":false,"robots_max_snippet":null,"robots_max_videopreview":null,"robots_max_imagepreview":"none","priority":null,"frequency":null,"local_seo":null,"seo_analyzer_scan_date":"2026-06-02 14:11:31","breadcrumb_settings":null,"limit_modified_date":false,"open_ai":null,"ai":null,"created":"2020-11-14 22:54:54","updated":"2026-06-02 14:11:31","focus_keyword":null,"additional_keywords":null,"truseo_locale":null},"aioseo_breadcrumb":"<div class=\"aioseo-breadcrumbs\"><span class=\"aioseo-breadcrumb\">\n\t<a href=\"https:\/\/www.eldigitaldeasturias.com\/noticias\" title=\"Home\">Home<\/a>\n<\/span><span class=\"aioseo-breadcrumb-separator\">\u2013<\/span><span class=\"aioseo-breadcrumb\">\n\t<a href=\"https:\/\/www.eldigitaldeasturias.com\/noticias\/category\/actualidad\/\" title=\"Actualidad\">Actualidad<\/a>\n<\/span><span class=\"aioseo-breadcrumb-separator\">\u2013<\/span><span class=\"aioseo-breadcrumb\">\n\t<a href=\"https:\/\/www.eldigitaldeasturias.com\/noticias\/el-pp-dice-que-llevar-a-victimas-policiales-a-las-aulas-alienta-la-teoria-del-conflicto\/\" title=\"El PP dice que llevar a v\u00edctimas policiales a las aulas alienta la teor\u00eda del conflicto\">El PP dice que llevar a v\u00edctimas policiales a las aulas alienta la teor\u00eda del conflicto<\/a>\n<\/span><\/div>","aioseo_breadcrumb_json":[{"label":"Home","link":"https:\/\/www.eldigitaldeasturias.com\/noticias"},{"label":"Actualidad","link":"https:\/\/www.eldigitaldeasturias.com\/noticias\/category\/actualidad\/"},{"label":"El PP dice que llevar a v\u00edctimas policiales a las aulas alienta la teor\u00eda del conflicto","link":"https:\/\/www.eldigitaldeasturias.com\/noticias\/el-pp-dice-que-llevar-a-victimas-policiales-a-las-aulas-alienta-la-teoria-del-conflicto\/"}],"_links":{"self":[{"href":"https:\/\/www.eldigitaldeasturias.com\/noticias\/wp-json\/wp\/v2\/posts\/483887","targetHints":{"allow":["GET"]}}],"collection":[{"href":"https:\/\/www.eldigitaldeasturias.com\/noticias\/wp-json\/wp\/v2\/posts"}],"about":[{"href":"https:\/\/www.eldigitaldeasturias.com\/noticias\/wp-json\/wp\/v2\/types\/post"}],"author":[{"embeddable":true,"href":"https:\/\/www.eldigitaldeasturias.com\/noticias\/wp-json\/wp\/v2\/users\/1"}],"replies":[{"embeddable":true,"href":"https:\/\/www.eldigitaldeasturias.com\/noticias\/wp-json\/wp\/v2\/comments?post=483887"}],"version-history":[{"count":0,"href":"https:\/\/www.eldigitaldeasturias.com\/noticias\/wp-json\/wp\/v2\/posts\/483887\/revisions"}],"wp:attachment":[{"href":"https:\/\/www.eldigitaldeasturias.com\/noticias\/wp-json\/wp\/v2\/media?parent=483887"}],"wp:term":[{"taxonomy":"category","embeddable":true,"href":"https:\/\/www.eldigitaldeasturias.com\/noticias\/wp-json\/wp\/v2\/categories?post=483887"},{"taxonomy":"post_tag","embeddable":true,"href":"https:\/\/www.eldigitaldeasturias.com\/noticias\/wp-json\/wp\/v2\/tags?post=483887"}],"curies":[{"name":"wp","href":"https:\/\/api.w.org\/{rel}","templated":true}]}}