{"id":483872,"date":"2014-02-05T12:46:10","date_gmt":"2014-02-05T13:46:10","guid":{"rendered":"http:\/\/www.eldigitaldeasturias.com\/noticias\/?p=483872"},"modified":"2014-02-05T12:46:10","modified_gmt":"2014-02-05T13:46:10","slug":"el-pentagono-asegura-que-rusia-no-senala-a-espana-por-acoger-el-escudo","status":"publish","type":"post","link":"https:\/\/www.eldigitaldeasturias.com\/noticias\/el-pentagono-asegura-que-rusia-no-senala-a-espana-por-acoger-el-escudo\/","title":{"rendered":"El Pent\u00e1gono asegura que Rusia no se\u00f1ala a Espa\u00f1a por acoger el escudo"},"content":{"rendered":"<p><img loading=\"lazy\" decoding=\"async\" class=\"alignleft size-medium wp-image-483873\" alt=\"5910748w\" src=\"https:\/\/www.eldigitaldeasturias.com\/noticias\/wp-content\/uploads\/2014\/02\/5910748w-360x241.jpg\" width=\"360\" height=\"241\" \/>Washington, 5 feb (EFE).- El despliegue de un primer destructor estadounidense en la base espa\u00f1ola de Rota (C\u00e1diz) para el sistema de defensa bal\u00edstico de la OTAN no es una afrenta a Rusia, pa\u00eds que seg\u00fan un alto responsable del Pent\u00e1gono \u00abha decidido tener un problema\u00bb con un escudo antimisiles que no se despliega pensando en Mosc\u00fa, sino en otras amenazas como Ir\u00e1n.<\/p>\n<p>En entrevista con Efe, el subsecretario de Defensa adjunto de EEUU para Europa y la Alianza Atl\u00e1ntica (OTAN), James Townsend, destac\u00f3 el importante paso que representa la llegada la pr\u00f3xima semana a Rota del destructor USS Donald Cook, con la \u00faltima tecnolog\u00eda de misiles guiados y radares.<\/p>\n<p>El despliegue de destructores con misiles guiados en Rota es la primera parte de una estrategia por fases, que modelaron el presidente estadounidense, Barack Obama, y el anterior secretario de Defensa estadounidense, Le\u00f3n Panetta, para crear un paraguas defensivo sobre Europa, y que se completar\u00e1 con la instalaci\u00f3n de misiles y radares en Polonia y Ruman\u00eda.<\/p>\n<p>Rusia ha criticado estos despliegues, especialmente desde el regreso de Vlad\u00edmir Putin al poder, y en diciembre amenaz\u00f3 con desplegar en el enclave europeo de Kaliningrado misiles nucleares t\u00e1cticos Iskander.<\/p>\n<p>Townsend dijo que Estados Unidos y los socios de la OTAN han intentado trabajar conjuntamente con Mosc\u00fa para eliminar los recelos y hacer frente a amenazas conjuntas, algo que nunca se ha plasmado en avances concretos.<\/p>\n<p>\u00abRusia ha elegido tener un problema con el programa antimisiles de la OTAN en general. No creo que est\u00e9n apuntando ahora con un dedo acusador espec\u00edficamente a Espa\u00f1a o a los destructores (en Rota)\u00bb, explic\u00f3 Townsend.<\/p>\n<p>El Donald Cook es el primer nav\u00edo de un total de cuatro que ir\u00e1n llegando hasta 2015 para establecerse permanentemente en Rota, donde no solo formar\u00e1n parte del escudo antimisiles europeo, sino que participar\u00e1n en misiones de seguridad mar\u00edtima y respuesta temprana a crisis.<\/p>\n<p>Townsend dijo que este despliegue, la primera piedra del escudo antimisiles europeo, est\u00e1 pensado \u00abpara responder a lo desconocido\u00bb y garantizar la seguridad en el Mediterr\u00e1neo y Norte del \u00c1frica a largo plazo, algo \u00abque Espa\u00f1a conoce muy bien y de lo que nos ha venido previniendo desde los 80\u00bb.<\/p>\n<p>El alto funcionario de Defensa estadounidense resalt\u00f3 que en un entorno de recortes presupuestarios en gasto militar que afecta a todos los miembros de la Alianza es necesario cooperar para \u00abdentro de nuestras posibilidades y con lo que puede aportar cada uno\u00bb estar preparados ante posibles amenazas.<\/p>\n<p>El responsable del Pent\u00e1gono record\u00f3 que el sistema antimisiles especialmente est\u00e1 pensado para amenazas provenientes de Oriente Medio, algo que asegur\u00f3 demuestran las ambiciones armament\u00edsticas y posiblemente nucleares de Ir\u00e1n.<\/p>\n<p>\u00abIr\u00e1n demuestra que la amenaza misil\u00edstica no es solo una teor\u00eda\u00bb, asegur\u00f3 Townsend, que reiter\u00f3 un argumento que defendi\u00f3 el secretario de Defensa, Chuck Hagel, en la reciente Conferencia de Seguridad de M\u00fanich.<\/p>\n<p>Adem\u00e1s, los destructores podr\u00edan movilizarse en caso de una eventual intervenci\u00f3n militar en el Mediterr\u00e1neo y ser\u00e1n un elemento esencial en entrenamientos y ejercicios conjuntos con Espa\u00f1a, uno de los pocos pa\u00edses de la OTAN con nav\u00edos integrados con el sistema antimisiles Aegis.<\/p>\n<p>Estados Unidos, que aporta la parte esencial del sistema antimisiles europeo, ha comenzado a blindar una regi\u00f3n compleja: con Rusia intentando mantener su influencia en Europa del Este, con Ir\u00e1n bajo presi\u00f3n para que no desarrolle su tecnolog\u00eda nuclear, Siria en plena guerra civil y un Norte de \u00c1frica inestable desde las revueltas de la \u00abPrimavera \u00c1rabe\u00bb.<\/p>\n<p>Especialmente este \u00faltimo hecho hizo que el Pent\u00e1gono volviera a llamar a la puerta de sus aliados espa\u00f1oles y solicitara establecer una fuerza de medio millar de infantes de Marina en la base a\u00e9rea de Mor\u00f3n (Sevilla), otro de los centros militares que Washington utiliza en territorio espa\u00f1ol desde la firma de los Pactos de Madrid de 1953.<\/p>\n<p>Este destacamento se fij\u00f3 la pasada primavera para responder a amenazas terroristas en el norte de \u00c1frica tras la muerte en septiembre de 2012 del embajador estadounidense en Libia, Chris Stevens, y otros tres estadounidenses en un ataque armado, y se est\u00e1 barajando la posibilidad de extender la misi\u00f3n.<\/p>\n<p>\u00c1frica se ha convertido en un foco estrat\u00e9gico para Estados Unidos desde la formaci\u00f3n de un comando militar independiente para el continente en 2008 y especialmente por la presencia de grupos vinculados a Al Qaeda en el S\u00e1hara y el Sahel.<\/p>\n<p>Para estas misiones de inteligencia y contraterrorismo el Pent\u00e1gono ha colaborado muy de cerca con Francia y en diferente grado con Espa\u00f1a.<\/p>\n<p>\u00abEspa\u00f1a es un socio muy importante para nosotros y para la OTAN. Espa\u00f1a no se sienta a esperar y se queda de brazos cruzados. Ha demostrado el liderazgo en la comunidad internacional durante siglos y quiere continuar ese rol\u00bb, indic\u00f3 Townsend.<\/p>\n<p>Jairo Mej\u00eda<\/p>\n","protected":false},"excerpt":{"rendered":"<p>Washington, 5 feb (EFE).- El despliegue de un primer destructor estadounidense en la base espa\u00f1ola de Rota (C\u00e1diz) para el sistema de defensa bal\u00edstico de la OTAN no es una afrenta a Rusia, pa\u00eds que seg\u00fan un alto responsable del Pent\u00e1gono \u00abha decidido tener un problema\u00bb con un escudo antimisiles que no se despliega pensando [&hellip;]<\/p>\n","protected":false},"author":1,"featured_media":483873,"comment_status":"closed","ping_status":"open","sticky":false,"template":"","format":"standard","meta":{"footnotes":""},"categories":[1],"tags":[],"class_list":["post-483872","post","type-post","status-publish","format-standard","has-post-thumbnail","hentry","category-actualidad"],"aioseo_notices":[],"aioseo_head":"\n\t\t<!-- All in One SEO Pro 5.0.1 - aioseo.com -->\n\t<meta name=\"description\" content=\"Washington, 5 feb (EFE).- El despliegue de un primer destructor estadounidense en la base espa\u00f1ola de Rota (C\u00e1diz) para el sistema de defensa bal\u00edstico de la OTAN no es una afrenta a Rusia, pa\u00eds que seg\u00fan un alto responsable del Pent\u00e1gono &quot;ha decidido tener un problema&quot; con un escudo antimisiles que no se despliega pensando\" \/>\n\t<meta name=\"robots\" content=\"max-image-preview:large\" \/>\n\t<meta name=\"author\" content=\"El Digital de Asturias\"\/>\n\t<meta name=\"google-site-verification\" content=\"UA-38556648-1\" \/>\n\t<meta name=\"msvalidate.01\" content=\"7dfe9f3f1b24437ab69f4f2559babe99\" \/>\n\t<meta name=\"keywords\" content=\"actualidad\" \/>\n\t<link rel=\"canonical\" href=\"https:\/\/www.eldigitaldeasturias.com\/noticias\/el-pentagono-asegura-que-rusia-no-senala-a-espana-por-acoger-el-escudo\/\" \/>\n\t<meta name=\"generator\" content=\"All in One SEO Pro (AIOSEO) 5.0.1\" \/>\n\t\t<meta property=\"og:locale\" content=\"es_ES\" \/>\n\t\t<meta property=\"og:site_name\" content=\"El Digital de Asturias\" \/>\n\t\t<meta property=\"og:type\" content=\"article\" \/>\n\t\t<meta property=\"og:title\" content=\"El Pent\u00e1gono asegura que Rusia no se\u00f1ala a Espa\u00f1a por acoger el escudo - El Digital de Asturias\" \/>\n\t\t<meta property=\"og:description\" content=\"Washington, 5 feb (EFE).- El despliegue de un primer destructor estadounidense en la base espa\u00f1ola de Rota (C\u00e1diz) para el sistema de defensa bal\u00edstico de la OTAN no es una afrenta a Rusia, pa\u00eds que seg\u00fan un alto responsable del Pent\u00e1gono &quot;ha decidido tener un problema&quot; con un escudo antimisiles que no se despliega pensando\" \/>\n\t\t<meta property=\"og:url\" content=\"https:\/\/www.eldigitaldeasturias.com\/noticias\/el-pentagono-asegura-que-rusia-no-senala-a-espana-por-acoger-el-escudo\/\" \/>\n\t\t<meta property=\"article:tag\" content=\"actualidad\" \/>\n\t\t<meta property=\"article:published_time\" content=\"2014-02-05T13:46:10+00:00\" \/>\n\t\t<meta property=\"article:modified_time\" content=\"2014-02-05T13:46:10+00:00\" \/>\n\t\t<meta property=\"article:publisher\" content=\"https:\/\/facebook.com\/eldigitaldeasturias\" \/>\n\t\t<meta name=\"twitter:card\" content=\"summary_large_image\" \/>\n\t\t<meta name=\"twitter:title\" content=\"El Pent\u00e1gono asegura que Rusia no se\u00f1ala a Espa\u00f1a por acoger el escudo - El Digital de Asturias\" \/>\n\t\t<meta name=\"twitter:description\" content=\"Washington, 5 feb (EFE).- El despliegue de un primer destructor estadounidense en la base espa\u00f1ola de Rota (C\u00e1diz) para el sistema de defensa bal\u00edstico de la OTAN no es una afrenta a Rusia, pa\u00eds que seg\u00fan un alto responsable del Pent\u00e1gono &quot;ha decidido tener un problema&quot; con un escudo antimisiles que no se despliega pensando\" \/>\n\t\t<meta name=\"twitter:label1\" content=\"Escrito por\" \/>\n\t\t<meta name=\"twitter:data1\" content=\"El Digital de Asturias\" \/>\n\t\t<meta name=\"twitter:label2\" content=\"Tiempo de lectura estimado\" \/>\n\t\t<meta name=\"twitter:data2\" content=\"4 minutos\" \/>\n\t\t<script type=\"application\/ld+json\" class=\"aioseo-schema\">\n\t\t\t{\"@context\":\"https:\\\/\\\/schema.org\",\"@graph\":[{\"@type\":\"BlogPosting\",\"@id\":\"https:\\\/\\\/www.eldigitaldeasturias.com\\\/noticias\\\/el-pentagono-asegura-que-rusia-no-senala-a-espana-por-acoger-el-escudo\\\/#blogposting\",\"name\":\"El Pent\\u00e1gono asegura que Rusia no se\\u00f1ala a Espa\\u00f1a por acoger el escudo - El Digital de Asturias\",\"headline\":\"El Pent\\u00e1gono asegura que Rusia no se\\u00f1ala a Espa\\u00f1a por acoger el escudo\",\"author\":{\"@id\":\"https:\\\/\\\/www.eldigitaldeasturias.com\\\/noticias\\\/author\\\/admin\\\/#author\"},\"publisher\":{\"@id\":\"https:\\\/\\\/www.eldigitaldeasturias.com\\\/noticias\\\/#organization\"},\"image\":{\"@type\":\"ImageObject\",\"url\":483873},\"datePublished\":\"2014-02-05T12:46:10+01:00\",\"dateModified\":\"2014-02-05T12:46:10+01:00\",\"inLanguage\":\"es-ES\",\"mainEntityOfPage\":{\"@id\":\"https:\\\/\\\/www.eldigitaldeasturias.com\\\/noticias\\\/el-pentagono-asegura-que-rusia-no-senala-a-espana-por-acoger-el-escudo\\\/#webpage\"},\"isPartOf\":{\"@id\":\"https:\\\/\\\/www.eldigitaldeasturias.com\\\/noticias\\\/el-pentagono-asegura-que-rusia-no-senala-a-espana-por-acoger-el-escudo\\\/#webpage\"},\"articleSection\":\"Actualidad\"},{\"@type\":\"BreadcrumbList\",\"@id\":\"https:\\\/\\\/www.eldigitaldeasturias.com\\\/noticias\\\/el-pentagono-asegura-que-rusia-no-senala-a-espana-por-acoger-el-escudo\\\/#breadcrumblist\",\"itemListElement\":[{\"@type\":\"ListItem\",\"@id\":\"https:\\\/\\\/www.eldigitaldeasturias.com\\\/noticias#listItem\",\"position\":1,\"name\":\"Home\",\"item\":\"https:\\\/\\\/www.eldigitaldeasturias.com\\\/noticias\",\"nextItem\":{\"@type\":\"ListItem\",\"@id\":\"https:\\\/\\\/www.eldigitaldeasturias.com\\\/noticias\\\/category\\\/actualidad\\\/#listItem\",\"name\":\"Actualidad\"}},{\"@type\":\"ListItem\",\"@id\":\"https:\\\/\\\/www.eldigitaldeasturias.com\\\/noticias\\\/category\\\/actualidad\\\/#listItem\",\"position\":2,\"name\":\"Actualidad\",\"item\":\"https:\\\/\\\/www.eldigitaldeasturias.com\\\/noticias\\\/category\\\/actualidad\\\/\",\"nextItem\":{\"@type\":\"ListItem\",\"@id\":\"https:\\\/\\\/www.eldigitaldeasturias.com\\\/noticias\\\/el-pentagono-asegura-que-rusia-no-senala-a-espana-por-acoger-el-escudo\\\/#listItem\",\"name\":\"El Pent\\u00e1gono asegura que Rusia no se\\u00f1ala a Espa\\u00f1a por acoger el escudo\"},\"previousItem\":{\"@type\":\"ListItem\",\"@id\":\"https:\\\/\\\/www.eldigitaldeasturias.com\\\/noticias#listItem\",\"name\":\"Home\"}},{\"@type\":\"ListItem\",\"@id\":\"https:\\\/\\\/www.eldigitaldeasturias.com\\\/noticias\\\/el-pentagono-asegura-que-rusia-no-senala-a-espana-por-acoger-el-escudo\\\/#listItem\",\"position\":3,\"name\":\"El Pent\\u00e1gono asegura que Rusia no se\\u00f1ala a Espa\\u00f1a por acoger el escudo\",\"previousItem\":{\"@type\":\"ListItem\",\"@id\":\"https:\\\/\\\/www.eldigitaldeasturias.com\\\/noticias\\\/category\\\/actualidad\\\/#listItem\",\"name\":\"Actualidad\"}}]},{\"@type\":\"Organization\",\"@id\":\"https:\\\/\\\/www.eldigitaldeasturias.com\\\/noticias\\\/#organization\",\"name\":\"El Digital de Asturias\",\"description\":\"Hemeroteca\",\"url\":\"https:\\\/\\\/www.eldigitaldeasturias.com\\\/noticias\\\/\",\"email\":\"info@eldigitaldeasturias.com\",\"telephone\":\"+34652131393\",\"logo\":{\"@type\":\"ImageObject\",\"url\":\"https:\\\/\\\/www.eldigitaldeasturias.com\\\/noticias\\\/wp-content\\\/uploads\\\/2020\\\/12\\\/EDA.jpg\",\"@id\":\"https:\\\/\\\/www.eldigitaldeasturias.com\\\/noticias\\\/el-pentagono-asegura-que-rusia-no-senala-a-espana-por-acoger-el-escudo\\\/#organizationLogo\"},\"image\":{\"@id\":\"https:\\\/\\\/www.eldigitaldeasturias.com\\\/noticias\\\/el-pentagono-asegura-que-rusia-no-senala-a-espana-por-acoger-el-escudo\\\/#organizationLogo\"},\"sameAs\":[\"https:\\\/\\\/facebook.com\\\/eldigitaldeasturias\",\"https:\\\/\\\/www.youtube.com\\\/channel\\\/UCZP-2wLEB9Rv6erhFmqVnvg\"],\"address\":{\"@id\":\"https:\\\/\\\/www.eldigitaldeasturias.com\\\/noticias\\\/#postaladdress\",\"@type\":\"PostalAddress\",\"streetAddress\":\"san antonio 4\",\"postalCode\":\"33430\",\"addressLocality\":\"Cand\\u00e1s\",\"addressRegion\":\"Asturias\",\"addressCountry\":\"ES\"}},{\"@type\":\"Person\",\"@id\":\"https:\\\/\\\/www.eldigitaldeasturias.com\\\/noticias\\\/author\\\/admin\\\/#author\",\"url\":\"https:\\\/\\\/www.eldigitaldeasturias.com\\\/noticias\\\/author\\\/admin\\\/\",\"name\":\"El Digital de Asturias\",\"image\":{\"@type\":\"ImageObject\",\"@id\":\"https:\\\/\\\/www.eldigitaldeasturias.com\\\/noticias\\\/el-pentagono-asegura-que-rusia-no-senala-a-espana-por-acoger-el-escudo\\\/#authorImage\",\"url\":\"https:\\\/\\\/secure.gravatar.com\\\/avatar\\\/df2aeffc32bcd13f8d26072ef8a91b623d677766deac7f97ca815868cd41bf5e?s=96&d=mm&r=g\",\"width\":96,\"height\":96,\"caption\":\"El Digital de Asturias\"}},{\"@type\":\"WebPage\",\"@id\":\"https:\\\/\\\/www.eldigitaldeasturias.com\\\/noticias\\\/el-pentagono-asegura-que-rusia-no-senala-a-espana-por-acoger-el-escudo\\\/#webpage\",\"url\":\"https:\\\/\\\/www.eldigitaldeasturias.com\\\/noticias\\\/el-pentagono-asegura-que-rusia-no-senala-a-espana-por-acoger-el-escudo\\\/\",\"name\":\"El Pent\\u00e1gono asegura que Rusia no se\\u00f1ala a Espa\\u00f1a por acoger el escudo - El Digital de Asturias\",\"description\":\"Washington, 5 feb (EFE).- El despliegue de un primer destructor estadounidense en la base espa\\u00f1ola de Rota (C\\u00e1diz) para el sistema de defensa bal\\u00edstico de la OTAN no es una afrenta a Rusia, pa\\u00eds que seg\\u00fan un alto responsable del Pent\\u00e1gono \\\"ha decidido tener un problema\\\" con un escudo antimisiles que no se despliega pensando\",\"inLanguage\":\"es-ES\",\"isPartOf\":{\"@id\":\"https:\\\/\\\/www.eldigitaldeasturias.com\\\/noticias\\\/#website\"},\"breadcrumb\":{\"@id\":\"https:\\\/\\\/www.eldigitaldeasturias.com\\\/noticias\\\/el-pentagono-asegura-que-rusia-no-senala-a-espana-por-acoger-el-escudo\\\/#breadcrumblist\"},\"author\":{\"@id\":\"https:\\\/\\\/www.eldigitaldeasturias.com\\\/noticias\\\/author\\\/admin\\\/#author\"},\"creator\":{\"@id\":\"https:\\\/\\\/www.eldigitaldeasturias.com\\\/noticias\\\/author\\\/admin\\\/#author\"},\"image\":{\"@type\":\"ImageObject\",\"url\":483873,\"@id\":\"https:\\\/\\\/www.eldigitaldeasturias.com\\\/noticias\\\/el-pentagono-asegura-que-rusia-no-senala-a-espana-por-acoger-el-escudo\\\/#mainImage\"},\"primaryImageOfPage\":{\"@id\":\"https:\\\/\\\/www.eldigitaldeasturias.com\\\/noticias\\\/el-pentagono-asegura-que-rusia-no-senala-a-espana-por-acoger-el-escudo\\\/#mainImage\"},\"datePublished\":\"2014-02-05T12:46:10+01:00\",\"dateModified\":\"2014-02-05T12:46:10+01:00\"},{\"@type\":\"WebSite\",\"@id\":\"https:\\\/\\\/www.eldigitaldeasturias.com\\\/noticias\\\/#website\",\"url\":\"https:\\\/\\\/www.eldigitaldeasturias.com\\\/noticias\\\/\",\"name\":\"El Digital de Asturias - Diario de actualidad y noticias\",\"alternateName\":\"El Digital de Asturias - Diario de actualidad y noticias\",\"description\":\"Hemeroteca\",\"inLanguage\":\"es-ES\",\"publisher\":{\"@id\":\"https:\\\/\\\/www.eldigitaldeasturias.com\\\/noticias\\\/#organization\"}}]}\n\t\t<\/script>\n\t\t<!-- All in One SEO Pro -->\r\n\t\t<title>El Pent\u00e1gono asegura que Rusia no se\u00f1ala a Espa\u00f1a por acoger el escudo - El Digital de Asturias<\/title>\n\n","aioseo_head_json":{"title":"El Pent\u00e1gono asegura que Rusia no se\u00f1ala a Espa\u00f1a por acoger el escudo - El Digital de Asturias","description":"Washington, 5 feb (EFE).- El despliegue de un primer destructor estadounidense en la base espa\u00f1ola de Rota (C\u00e1diz) para el sistema de defensa bal\u00edstico de la OTAN no es una afrenta a Rusia, pa\u00eds que seg\u00fan un alto responsable del Pent\u00e1gono \"ha decidido tener un problema\" con un escudo antimisiles que no se despliega pensando","canonical_url":"https:\/\/www.eldigitaldeasturias.com\/noticias\/el-pentagono-asegura-que-rusia-no-senala-a-espana-por-acoger-el-escudo\/","robots":"max-image-preview:large","keywords":"actualidad","webmasterTools":{"google-site-verification":"UA-38556648-1","msvalidate.01":"7dfe9f3f1b24437ab69f4f2559babe99","miscellaneous":""},"schema":{"@context":"https:\/\/schema.org","@graph":[{"@type":"BlogPosting","@id":"https:\/\/www.eldigitaldeasturias.com\/noticias\/el-pentagono-asegura-que-rusia-no-senala-a-espana-por-acoger-el-escudo\/#blogposting","name":"El Pent\u00e1gono asegura que Rusia no se\u00f1ala a Espa\u00f1a por acoger el escudo - El Digital de Asturias","headline":"El Pent\u00e1gono asegura que Rusia no se\u00f1ala a Espa\u00f1a por acoger el escudo","author":{"@id":"https:\/\/www.eldigitaldeasturias.com\/noticias\/author\/admin\/#author"},"publisher":{"@id":"https:\/\/www.eldigitaldeasturias.com\/noticias\/#organization"},"image":{"@type":"ImageObject","url":483873},"datePublished":"2014-02-05T12:46:10+01:00","dateModified":"2014-02-05T12:46:10+01:00","inLanguage":"es-ES","mainEntityOfPage":{"@id":"https:\/\/www.eldigitaldeasturias.com\/noticias\/el-pentagono-asegura-que-rusia-no-senala-a-espana-por-acoger-el-escudo\/#webpage"},"isPartOf":{"@id":"https:\/\/www.eldigitaldeasturias.com\/noticias\/el-pentagono-asegura-que-rusia-no-senala-a-espana-por-acoger-el-escudo\/#webpage"},"articleSection":"Actualidad"},{"@type":"BreadcrumbList","@id":"https:\/\/www.eldigitaldeasturias.com\/noticias\/el-pentagono-asegura-que-rusia-no-senala-a-espana-por-acoger-el-escudo\/#breadcrumblist","itemListElement":[{"@type":"ListItem","@id":"https:\/\/www.eldigitaldeasturias.com\/noticias#listItem","position":1,"name":"Home","item":"https:\/\/www.eldigitaldeasturias.com\/noticias","nextItem":{"@type":"ListItem","@id":"https:\/\/www.eldigitaldeasturias.com\/noticias\/category\/actualidad\/#listItem","name":"Actualidad"}},{"@type":"ListItem","@id":"https:\/\/www.eldigitaldeasturias.com\/noticias\/category\/actualidad\/#listItem","position":2,"name":"Actualidad","item":"https:\/\/www.eldigitaldeasturias.com\/noticias\/category\/actualidad\/","nextItem":{"@type":"ListItem","@id":"https:\/\/www.eldigitaldeasturias.com\/noticias\/el-pentagono-asegura-que-rusia-no-senala-a-espana-por-acoger-el-escudo\/#listItem","name":"El Pent\u00e1gono asegura que Rusia no se\u00f1ala a Espa\u00f1a por acoger el escudo"},"previousItem":{"@type":"ListItem","@id":"https:\/\/www.eldigitaldeasturias.com\/noticias#listItem","name":"Home"}},{"@type":"ListItem","@id":"https:\/\/www.eldigitaldeasturias.com\/noticias\/el-pentagono-asegura-que-rusia-no-senala-a-espana-por-acoger-el-escudo\/#listItem","position":3,"name":"El Pent\u00e1gono asegura que Rusia no se\u00f1ala a Espa\u00f1a por acoger el escudo","previousItem":{"@type":"ListItem","@id":"https:\/\/www.eldigitaldeasturias.com\/noticias\/category\/actualidad\/#listItem","name":"Actualidad"}}]},{"@type":"Organization","@id":"https:\/\/www.eldigitaldeasturias.com\/noticias\/#organization","name":"El Digital de Asturias","description":"Hemeroteca","url":"https:\/\/www.eldigitaldeasturias.com\/noticias\/","email":"info@eldigitaldeasturias.com","telephone":"+34652131393","logo":{"@type":"ImageObject","url":"https:\/\/www.eldigitaldeasturias.com\/noticias\/wp-content\/uploads\/2020\/12\/EDA.jpg","@id":"https:\/\/www.eldigitaldeasturias.com\/noticias\/el-pentagono-asegura-que-rusia-no-senala-a-espana-por-acoger-el-escudo\/#organizationLogo"},"image":{"@id":"https:\/\/www.eldigitaldeasturias.com\/noticias\/el-pentagono-asegura-que-rusia-no-senala-a-espana-por-acoger-el-escudo\/#organizationLogo"},"sameAs":["https:\/\/facebook.com\/eldigitaldeasturias","https:\/\/www.youtube.com\/channel\/UCZP-2wLEB9Rv6erhFmqVnvg"],"address":{"@id":"https:\/\/www.eldigitaldeasturias.com\/noticias\/#postaladdress","@type":"PostalAddress","streetAddress":"san antonio 4","postalCode":"33430","addressLocality":"Cand\u00e1s","addressRegion":"Asturias","addressCountry":"ES"}},{"@type":"Person","@id":"https:\/\/www.eldigitaldeasturias.com\/noticias\/author\/admin\/#author","url":"https:\/\/www.eldigitaldeasturias.com\/noticias\/author\/admin\/","name":"El Digital de Asturias","image":{"@type":"ImageObject","@id":"https:\/\/www.eldigitaldeasturias.com\/noticias\/el-pentagono-asegura-que-rusia-no-senala-a-espana-por-acoger-el-escudo\/#authorImage","url":"https:\/\/secure.gravatar.com\/avatar\/df2aeffc32bcd13f8d26072ef8a91b623d677766deac7f97ca815868cd41bf5e?s=96&d=mm&r=g","width":96,"height":96,"caption":"El Digital de Asturias"}},{"@type":"WebPage","@id":"https:\/\/www.eldigitaldeasturias.com\/noticias\/el-pentagono-asegura-que-rusia-no-senala-a-espana-por-acoger-el-escudo\/#webpage","url":"https:\/\/www.eldigitaldeasturias.com\/noticias\/el-pentagono-asegura-que-rusia-no-senala-a-espana-por-acoger-el-escudo\/","name":"El Pent\u00e1gono asegura que Rusia no se\u00f1ala a Espa\u00f1a por acoger el escudo - El Digital de Asturias","description":"Washington, 5 feb (EFE).- El despliegue de un primer destructor estadounidense en la base espa\u00f1ola de Rota (C\u00e1diz) para el sistema de defensa bal\u00edstico de la OTAN no es una afrenta a Rusia, pa\u00eds que seg\u00fan un alto responsable del Pent\u00e1gono \"ha decidido tener un problema\" con un escudo antimisiles que no se despliega pensando","inLanguage":"es-ES","isPartOf":{"@id":"https:\/\/www.eldigitaldeasturias.com\/noticias\/#website"},"breadcrumb":{"@id":"https:\/\/www.eldigitaldeasturias.com\/noticias\/el-pentagono-asegura-que-rusia-no-senala-a-espana-por-acoger-el-escudo\/#breadcrumblist"},"author":{"@id":"https:\/\/www.eldigitaldeasturias.com\/noticias\/author\/admin\/#author"},"creator":{"@id":"https:\/\/www.eldigitaldeasturias.com\/noticias\/author\/admin\/#author"},"image":{"@type":"ImageObject","url":483873,"@id":"https:\/\/www.eldigitaldeasturias.com\/noticias\/el-pentagono-asegura-que-rusia-no-senala-a-espana-por-acoger-el-escudo\/#mainImage"},"primaryImageOfPage":{"@id":"https:\/\/www.eldigitaldeasturias.com\/noticias\/el-pentagono-asegura-que-rusia-no-senala-a-espana-por-acoger-el-escudo\/#mainImage"},"datePublished":"2014-02-05T12:46:10+01:00","dateModified":"2014-02-05T12:46:10+01:00"},{"@type":"WebSite","@id":"https:\/\/www.eldigitaldeasturias.com\/noticias\/#website","url":"https:\/\/www.eldigitaldeasturias.com\/noticias\/","name":"El Digital de Asturias - Diario de actualidad y noticias","alternateName":"El Digital de Asturias - Diario de actualidad y noticias","description":"Hemeroteca","inLanguage":"es-ES","publisher":{"@id":"https:\/\/www.eldigitaldeasturias.com\/noticias\/#organization"}}]},"og:locale":"es_ES","og:site_name":"El Digital de Asturias","og:type":"article","og:title":"El Pent\u00e1gono asegura que Rusia no se\u00f1ala a Espa\u00f1a por acoger el escudo - El Digital de Asturias","og:description":"Washington, 5 feb (EFE).- El despliegue de un primer destructor estadounidense en la base espa\u00f1ola de Rota (C\u00e1diz) para el sistema de defensa bal\u00edstico de la OTAN no es una afrenta a Rusia, pa\u00eds que seg\u00fan un alto responsable del Pent\u00e1gono &quot;ha decidido tener un problema&quot; con un escudo antimisiles que no se despliega pensando","og:url":"https:\/\/www.eldigitaldeasturias.com\/noticias\/el-pentagono-asegura-que-rusia-no-senala-a-espana-por-acoger-el-escudo\/","article:tag":["actualidad"],"article:published_time":"2014-02-05T13:46:10+00:00","article:modified_time":"2014-02-05T13:46:10+00:00","article:publisher":"https:\/\/facebook.com\/eldigitaldeasturias","twitter:card":"summary_large_image","twitter:title":"El Pent\u00e1gono asegura que Rusia no se\u00f1ala a Espa\u00f1a por acoger el escudo - El Digital de Asturias","twitter:description":"Washington, 5 feb (EFE).- El despliegue de un primer destructor estadounidense en la base espa\u00f1ola de Rota (C\u00e1diz) para el sistema de defensa bal\u00edstico de la OTAN no es una afrenta a Rusia, pa\u00eds que seg\u00fan un alto responsable del Pent\u00e1gono &quot;ha decidido tener un problema&quot; con un escudo antimisiles que no se despliega pensando","twitter:label1":"Escrito por","twitter:data1":"El Digital de Asturias","twitter:label2":"Tiempo de lectura estimado","twitter:data2":"4 minutos"},"aioseo_meta_data":{"post_id":"483872","title":null,"description":null,"keywords":null,"keyphrases":null,"primary_term":null,"canonical_url":null,"og_title":null,"og_description":null,"og_object_type":"default","og_image_type":"default","og_image_url":null,"og_image_width":null,"og_image_height":null,"og_image_custom_url":null,"og_image_custom_fields":null,"og_video":null,"og_custom_url":null,"og_article_section":null,"og_article_tags":null,"twitter_use_og":true,"twitter_card":"default","twitter_image_type":"default","twitter_image_url":null,"twitter_image_custom_url":null,"twitter_image_custom_fields":null,"twitter_title":null,"twitter_description":null,"schema":{"blockGraphs":[],"customGraphs":[],"default":{"data":{"Article":[],"Course":[],"Dataset":[],"FAQPage":[],"Movie":[],"Person":[],"Product":[],"ProductReview":[],"Car":[],"Recipe":[],"Service":[],"SoftwareApplication":[],"WebPage":[]},"graphName":"","isEnabled":true},"graphs":[],"defaultGraph":"","defaultPostTypeGraph":""},"schema_type":null,"schema_type_options":null,"pillar_content":false,"robots_default":true,"robots_noindex":false,"robots_noarchive":false,"robots_nosnippet":false,"robots_nofollow":false,"robots_noimageindex":false,"robots_noodp":false,"robots_notranslate":false,"robots_max_snippet":null,"robots_max_videopreview":null,"robots_max_imagepreview":"none","priority":null,"frequency":null,"local_seo":null,"seo_analyzer_scan_date":"2026-06-02 14:08:49","breadcrumb_settings":null,"limit_modified_date":false,"open_ai":null,"ai":null,"created":"2020-11-14 22:54:54","updated":"2026-06-02 14:08:49","focus_keyword":null,"additional_keywords":null,"truseo_locale":null},"aioseo_breadcrumb":"<div class=\"aioseo-breadcrumbs\"><span class=\"aioseo-breadcrumb\">\n\t<a href=\"https:\/\/www.eldigitaldeasturias.com\/noticias\" title=\"Home\">Home<\/a>\n<\/span><span class=\"aioseo-breadcrumb-separator\">\u2013<\/span><span class=\"aioseo-breadcrumb\">\n\t<a href=\"https:\/\/www.eldigitaldeasturias.com\/noticias\/category\/actualidad\/\" title=\"Actualidad\">Actualidad<\/a>\n<\/span><span class=\"aioseo-breadcrumb-separator\">\u2013<\/span><span class=\"aioseo-breadcrumb\">\n\t<a href=\"https:\/\/www.eldigitaldeasturias.com\/noticias\/el-pentagono-asegura-que-rusia-no-senala-a-espana-por-acoger-el-escudo\/\" title=\"El Pent\u00e1gono asegura que Rusia no se\u00f1ala a Espa\u00f1a por acoger el escudo\">El Pent\u00e1gono asegura que Rusia no se\u00f1ala a Espa\u00f1a por acoger el escudo<\/a>\n<\/span><\/div>","aioseo_breadcrumb_json":[{"label":"Home","link":"https:\/\/www.eldigitaldeasturias.com\/noticias"},{"label":"Actualidad","link":"https:\/\/www.eldigitaldeasturias.com\/noticias\/category\/actualidad\/"},{"label":"El Pent\u00e1gono asegura que Rusia no se\u00f1ala a Espa\u00f1a por acoger el escudo","link":"https:\/\/www.eldigitaldeasturias.com\/noticias\/el-pentagono-asegura-que-rusia-no-senala-a-espana-por-acoger-el-escudo\/"}],"_links":{"self":[{"href":"https:\/\/www.eldigitaldeasturias.com\/noticias\/wp-json\/wp\/v2\/posts\/483872","targetHints":{"allow":["GET"]}}],"collection":[{"href":"https:\/\/www.eldigitaldeasturias.com\/noticias\/wp-json\/wp\/v2\/posts"}],"about":[{"href":"https:\/\/www.eldigitaldeasturias.com\/noticias\/wp-json\/wp\/v2\/types\/post"}],"author":[{"embeddable":true,"href":"https:\/\/www.eldigitaldeasturias.com\/noticias\/wp-json\/wp\/v2\/users\/1"}],"replies":[{"embeddable":true,"href":"https:\/\/www.eldigitaldeasturias.com\/noticias\/wp-json\/wp\/v2\/comments?post=483872"}],"version-history":[{"count":0,"href":"https:\/\/www.eldigitaldeasturias.com\/noticias\/wp-json\/wp\/v2\/posts\/483872\/revisions"}],"wp:attachment":[{"href":"https:\/\/www.eldigitaldeasturias.com\/noticias\/wp-json\/wp\/v2\/media?parent=483872"}],"wp:term":[{"taxonomy":"category","embeddable":true,"href":"https:\/\/www.eldigitaldeasturias.com\/noticias\/wp-json\/wp\/v2\/categories?post=483872"},{"taxonomy":"post_tag","embeddable":true,"href":"https:\/\/www.eldigitaldeasturias.com\/noticias\/wp-json\/wp\/v2\/tags?post=483872"}],"curies":[{"name":"wp","href":"https:\/\/api.w.org\/{rel}","templated":true}]}}