{"id":483823,"date":"2014-02-05T02:34:38","date_gmt":"2014-02-05T03:34:38","guid":{"rendered":"http:\/\/www.eldigitaldeasturias.com\/noticias\/?p=483823"},"modified":"2014-02-05T02:34:38","modified_gmt":"2014-02-05T03:34:38","slug":"relevado-el-jefe-de-inteligencia-del-ejercito-colombiano-por-el-caso-de-espionaje","status":"publish","type":"post","link":"https:\/\/www.eldigitaldeasturias.com\/noticias\/relevado-el-jefe-de-inteligencia-del-ejercito-colombiano-por-el-caso-de-espionaje\/","title":{"rendered":"Relevado el jefe de Inteligencia del Ej\u00e9rcito colombiano por el caso de espionaje"},"content":{"rendered":"<p><img loading=\"lazy\" decoding=\"async\" class=\"alignleft size-medium wp-image-483824\" alt=\"5909911w\" src=\"https:\/\/www.eldigitaldeasturias.com\/noticias\/wp-content\/uploads\/2014\/02\/5909911w-360x243.jpg\" width=\"360\" height=\"243\" \/>Bogot\u00e1, 4 feb (EFE).- El ministro de Defensa de Colombia, Juan Carlos Pinz\u00f3n, orden\u00f3 hoy el relevo del jefe de Inteligencia del Ej\u00e9rcito, general Mauricio Ricardo Z\u00fa\u00f1iga, por el supuesto espionaje a los negociadores del Gobierno en los di\u00e1logos de paz con las FARC en Cuba y a l\u00edderes de la izquierda.<\/p>\n<p>La medida tambi\u00e9n afecta al director de la Central de Inteligencia T\u00e9cnica del Ej\u00e9rcito (Citec), general Oscar Zuluaga, a\u00f1adi\u00f3 el ministro tras una reuni\u00f3n con el fiscal general, Eduardo Montealegre, para analizar la situaci\u00f3n.<\/p>\n","protected":false},"excerpt":{"rendered":"<p>Bogot\u00e1, 4 feb (EFE).- El ministro de Defensa de Colombia, Juan Carlos Pinz\u00f3n, orden\u00f3 hoy el relevo del jefe de Inteligencia del Ej\u00e9rcito, general Mauricio Ricardo Z\u00fa\u00f1iga, por el supuesto espionaje a los negociadores del Gobierno en los di\u00e1logos de paz con las FARC en Cuba y a l\u00edderes de la izquierda. La medida tambi\u00e9n [&hellip;]<\/p>\n","protected":false},"author":1,"featured_media":483824,"comment_status":"closed","ping_status":"open","sticky":false,"template":"","format":"standard","meta":{"footnotes":""},"categories":[1],"tags":[],"class_list":["post-483823","post","type-post","status-publish","format-standard","has-post-thumbnail","hentry","category-actualidad"],"aioseo_notices":[],"aioseo_head":"\n\t\t<!-- All in One SEO Pro 5.0.1 - aioseo.com -->\n\t<meta name=\"description\" content=\"Bogot\u00e1, 4 feb (EFE).- El ministro de Defensa de Colombia, Juan Carlos Pinz\u00f3n, orden\u00f3 hoy el relevo del jefe de Inteligencia del Ej\u00e9rcito, general Mauricio Ricardo Z\u00fa\u00f1iga, por el supuesto espionaje a los negociadores del Gobierno en los di\u00e1logos de paz con las FARC en Cuba y a l\u00edderes de la izquierda. La medida tambi\u00e9n\" \/>\n\t<meta name=\"robots\" content=\"max-image-preview:large\" \/>\n\t<meta name=\"author\" content=\"El Digital de Asturias\"\/>\n\t<meta name=\"google-site-verification\" content=\"UA-38556648-1\" \/>\n\t<meta name=\"msvalidate.01\" content=\"7dfe9f3f1b24437ab69f4f2559babe99\" \/>\n\t<meta name=\"keywords\" content=\"actualidad\" \/>\n\t<link rel=\"canonical\" href=\"https:\/\/www.eldigitaldeasturias.com\/noticias\/relevado-el-jefe-de-inteligencia-del-ejercito-colombiano-por-el-caso-de-espionaje\/\" \/>\n\t<meta name=\"generator\" content=\"All in One SEO Pro (AIOSEO) 5.0.1\" \/>\n\t\t<meta property=\"og:locale\" content=\"es_ES\" \/>\n\t\t<meta property=\"og:site_name\" content=\"El Digital de Asturias\" \/>\n\t\t<meta property=\"og:type\" content=\"article\" \/>\n\t\t<meta property=\"og:title\" content=\"Relevado el jefe de Inteligencia del Ej\u00e9rcito colombiano por el caso de espionaje - El Digital de Asturias\" \/>\n\t\t<meta property=\"og:description\" content=\"Bogot\u00e1, 4 feb (EFE).- El ministro de Defensa de Colombia, Juan Carlos Pinz\u00f3n, orden\u00f3 hoy el relevo del jefe de Inteligencia del Ej\u00e9rcito, general Mauricio Ricardo Z\u00fa\u00f1iga, por el supuesto espionaje a los negociadores del Gobierno en los di\u00e1logos de paz con las FARC en Cuba y a l\u00edderes de la izquierda. La medida tambi\u00e9n\" \/>\n\t\t<meta property=\"og:url\" content=\"https:\/\/www.eldigitaldeasturias.com\/noticias\/relevado-el-jefe-de-inteligencia-del-ejercito-colombiano-por-el-caso-de-espionaje\/\" \/>\n\t\t<meta property=\"article:tag\" content=\"actualidad\" \/>\n\t\t<meta property=\"article:published_time\" content=\"2014-02-05T03:34:38+00:00\" \/>\n\t\t<meta property=\"article:modified_time\" content=\"2014-02-05T03:34:38+00:00\" \/>\n\t\t<meta property=\"article:publisher\" content=\"https:\/\/facebook.com\/eldigitaldeasturias\" \/>\n\t\t<meta name=\"twitter:card\" content=\"summary_large_image\" \/>\n\t\t<meta name=\"twitter:title\" content=\"Relevado el jefe de Inteligencia del Ej\u00e9rcito colombiano por el caso de espionaje - El Digital de Asturias\" \/>\n\t\t<meta name=\"twitter:description\" content=\"Bogot\u00e1, 4 feb (EFE).- El ministro de Defensa de Colombia, Juan Carlos Pinz\u00f3n, orden\u00f3 hoy el relevo del jefe de Inteligencia del Ej\u00e9rcito, general Mauricio Ricardo Z\u00fa\u00f1iga, por el supuesto espionaje a los negociadores del Gobierno en los di\u00e1logos de paz con las FARC en Cuba y a l\u00edderes de la izquierda. La medida tambi\u00e9n\" \/>\n\t\t<meta name=\"twitter:label1\" content=\"Escrito por\" \/>\n\t\t<meta name=\"twitter:data1\" content=\"El Digital de Asturias\" \/>\n\t\t<script type=\"application\/ld+json\" class=\"aioseo-schema\">\n\t\t\t{\"@context\":\"https:\\\/\\\/schema.org\",\"@graph\":[{\"@type\":\"BlogPosting\",\"@id\":\"https:\\\/\\\/www.eldigitaldeasturias.com\\\/noticias\\\/relevado-el-jefe-de-inteligencia-del-ejercito-colombiano-por-el-caso-de-espionaje\\\/#blogposting\",\"name\":\"Relevado el jefe de Inteligencia del Ej\\u00e9rcito colombiano por el caso de espionaje - El Digital de Asturias\",\"headline\":\"Relevado el jefe de Inteligencia del Ej\\u00e9rcito colombiano por el caso de espionaje\",\"author\":{\"@id\":\"https:\\\/\\\/www.eldigitaldeasturias.com\\\/noticias\\\/author\\\/admin\\\/#author\"},\"publisher\":{\"@id\":\"https:\\\/\\\/www.eldigitaldeasturias.com\\\/noticias\\\/#organization\"},\"image\":{\"@type\":\"ImageObject\",\"url\":483824},\"datePublished\":\"2014-02-05T02:34:38+01:00\",\"dateModified\":\"2014-02-05T02:34:38+01:00\",\"inLanguage\":\"es-ES\",\"mainEntityOfPage\":{\"@id\":\"https:\\\/\\\/www.eldigitaldeasturias.com\\\/noticias\\\/relevado-el-jefe-de-inteligencia-del-ejercito-colombiano-por-el-caso-de-espionaje\\\/#webpage\"},\"isPartOf\":{\"@id\":\"https:\\\/\\\/www.eldigitaldeasturias.com\\\/noticias\\\/relevado-el-jefe-de-inteligencia-del-ejercito-colombiano-por-el-caso-de-espionaje\\\/#webpage\"},\"articleSection\":\"Actualidad\"},{\"@type\":\"BreadcrumbList\",\"@id\":\"https:\\\/\\\/www.eldigitaldeasturias.com\\\/noticias\\\/relevado-el-jefe-de-inteligencia-del-ejercito-colombiano-por-el-caso-de-espionaje\\\/#breadcrumblist\",\"itemListElement\":[{\"@type\":\"ListItem\",\"@id\":\"https:\\\/\\\/www.eldigitaldeasturias.com\\\/noticias#listItem\",\"position\":1,\"name\":\"Home\",\"item\":\"https:\\\/\\\/www.eldigitaldeasturias.com\\\/noticias\",\"nextItem\":{\"@type\":\"ListItem\",\"@id\":\"https:\\\/\\\/www.eldigitaldeasturias.com\\\/noticias\\\/category\\\/actualidad\\\/#listItem\",\"name\":\"Actualidad\"}},{\"@type\":\"ListItem\",\"@id\":\"https:\\\/\\\/www.eldigitaldeasturias.com\\\/noticias\\\/category\\\/actualidad\\\/#listItem\",\"position\":2,\"name\":\"Actualidad\",\"item\":\"https:\\\/\\\/www.eldigitaldeasturias.com\\\/noticias\\\/category\\\/actualidad\\\/\",\"nextItem\":{\"@type\":\"ListItem\",\"@id\":\"https:\\\/\\\/www.eldigitaldeasturias.com\\\/noticias\\\/relevado-el-jefe-de-inteligencia-del-ejercito-colombiano-por-el-caso-de-espionaje\\\/#listItem\",\"name\":\"Relevado el jefe de Inteligencia del Ej\\u00e9rcito colombiano por el caso de espionaje\"},\"previousItem\":{\"@type\":\"ListItem\",\"@id\":\"https:\\\/\\\/www.eldigitaldeasturias.com\\\/noticias#listItem\",\"name\":\"Home\"}},{\"@type\":\"ListItem\",\"@id\":\"https:\\\/\\\/www.eldigitaldeasturias.com\\\/noticias\\\/relevado-el-jefe-de-inteligencia-del-ejercito-colombiano-por-el-caso-de-espionaje\\\/#listItem\",\"position\":3,\"name\":\"Relevado el jefe de Inteligencia del Ej\\u00e9rcito colombiano por el caso de espionaje\",\"previousItem\":{\"@type\":\"ListItem\",\"@id\":\"https:\\\/\\\/www.eldigitaldeasturias.com\\\/noticias\\\/category\\\/actualidad\\\/#listItem\",\"name\":\"Actualidad\"}}]},{\"@type\":\"Organization\",\"@id\":\"https:\\\/\\\/www.eldigitaldeasturias.com\\\/noticias\\\/#organization\",\"name\":\"El Digital de Asturias\",\"description\":\"Hemeroteca\",\"url\":\"https:\\\/\\\/www.eldigitaldeasturias.com\\\/noticias\\\/\",\"email\":\"info@eldigitaldeasturias.com\",\"telephone\":\"+34652131393\",\"logo\":{\"@type\":\"ImageObject\",\"url\":\"https:\\\/\\\/www.eldigitaldeasturias.com\\\/noticias\\\/wp-content\\\/uploads\\\/2020\\\/12\\\/EDA.jpg\",\"@id\":\"https:\\\/\\\/www.eldigitaldeasturias.com\\\/noticias\\\/relevado-el-jefe-de-inteligencia-del-ejercito-colombiano-por-el-caso-de-espionaje\\\/#organizationLogo\"},\"image\":{\"@id\":\"https:\\\/\\\/www.eldigitaldeasturias.com\\\/noticias\\\/relevado-el-jefe-de-inteligencia-del-ejercito-colombiano-por-el-caso-de-espionaje\\\/#organizationLogo\"},\"sameAs\":[\"https:\\\/\\\/facebook.com\\\/eldigitaldeasturias\",\"https:\\\/\\\/www.youtube.com\\\/channel\\\/UCZP-2wLEB9Rv6erhFmqVnvg\"],\"address\":{\"@id\":\"https:\\\/\\\/www.eldigitaldeasturias.com\\\/noticias\\\/#postaladdress\",\"@type\":\"PostalAddress\",\"streetAddress\":\"san antonio 4\",\"postalCode\":\"33430\",\"addressLocality\":\"Cand\\u00e1s\",\"addressRegion\":\"Asturias\",\"addressCountry\":\"ES\"}},{\"@type\":\"Person\",\"@id\":\"https:\\\/\\\/www.eldigitaldeasturias.com\\\/noticias\\\/author\\\/admin\\\/#author\",\"url\":\"https:\\\/\\\/www.eldigitaldeasturias.com\\\/noticias\\\/author\\\/admin\\\/\",\"name\":\"El Digital de Asturias\",\"image\":{\"@type\":\"ImageObject\",\"@id\":\"https:\\\/\\\/www.eldigitaldeasturias.com\\\/noticias\\\/relevado-el-jefe-de-inteligencia-del-ejercito-colombiano-por-el-caso-de-espionaje\\\/#authorImage\",\"url\":\"https:\\\/\\\/secure.gravatar.com\\\/avatar\\\/df2aeffc32bcd13f8d26072ef8a91b623d677766deac7f97ca815868cd41bf5e?s=96&d=mm&r=g\",\"width\":96,\"height\":96,\"caption\":\"El Digital de Asturias\"}},{\"@type\":\"WebPage\",\"@id\":\"https:\\\/\\\/www.eldigitaldeasturias.com\\\/noticias\\\/relevado-el-jefe-de-inteligencia-del-ejercito-colombiano-por-el-caso-de-espionaje\\\/#webpage\",\"url\":\"https:\\\/\\\/www.eldigitaldeasturias.com\\\/noticias\\\/relevado-el-jefe-de-inteligencia-del-ejercito-colombiano-por-el-caso-de-espionaje\\\/\",\"name\":\"Relevado el jefe de Inteligencia del Ej\\u00e9rcito colombiano por el caso de espionaje - El Digital de Asturias\",\"description\":\"Bogot\\u00e1, 4 feb (EFE).- El ministro de Defensa de Colombia, Juan Carlos Pinz\\u00f3n, orden\\u00f3 hoy el relevo del jefe de Inteligencia del Ej\\u00e9rcito, general Mauricio Ricardo Z\\u00fa\\u00f1iga, por el supuesto espionaje a los negociadores del Gobierno en los di\\u00e1logos de paz con las FARC en Cuba y a l\\u00edderes de la izquierda. La medida tambi\\u00e9n\",\"inLanguage\":\"es-ES\",\"isPartOf\":{\"@id\":\"https:\\\/\\\/www.eldigitaldeasturias.com\\\/noticias\\\/#website\"},\"breadcrumb\":{\"@id\":\"https:\\\/\\\/www.eldigitaldeasturias.com\\\/noticias\\\/relevado-el-jefe-de-inteligencia-del-ejercito-colombiano-por-el-caso-de-espionaje\\\/#breadcrumblist\"},\"author\":{\"@id\":\"https:\\\/\\\/www.eldigitaldeasturias.com\\\/noticias\\\/author\\\/admin\\\/#author\"},\"creator\":{\"@id\":\"https:\\\/\\\/www.eldigitaldeasturias.com\\\/noticias\\\/author\\\/admin\\\/#author\"},\"image\":{\"@type\":\"ImageObject\",\"url\":483824,\"@id\":\"https:\\\/\\\/www.eldigitaldeasturias.com\\\/noticias\\\/relevado-el-jefe-de-inteligencia-del-ejercito-colombiano-por-el-caso-de-espionaje\\\/#mainImage\"},\"primaryImageOfPage\":{\"@id\":\"https:\\\/\\\/www.eldigitaldeasturias.com\\\/noticias\\\/relevado-el-jefe-de-inteligencia-del-ejercito-colombiano-por-el-caso-de-espionaje\\\/#mainImage\"},\"datePublished\":\"2014-02-05T02:34:38+01:00\",\"dateModified\":\"2014-02-05T02:34:38+01:00\"},{\"@type\":\"WebSite\",\"@id\":\"https:\\\/\\\/www.eldigitaldeasturias.com\\\/noticias\\\/#website\",\"url\":\"https:\\\/\\\/www.eldigitaldeasturias.com\\\/noticias\\\/\",\"name\":\"El Digital de Asturias - Diario de actualidad y noticias\",\"alternateName\":\"El Digital de Asturias - Diario de actualidad y noticias\",\"description\":\"Hemeroteca\",\"inLanguage\":\"es-ES\",\"publisher\":{\"@id\":\"https:\\\/\\\/www.eldigitaldeasturias.com\\\/noticias\\\/#organization\"}}]}\n\t\t<\/script>\n\t\t<!-- All in One SEO Pro -->\r\n\t\t<title>Relevado el jefe de Inteligencia del Ej\u00e9rcito colombiano por el caso de espionaje - El Digital de Asturias<\/title>\n\n","aioseo_head_json":{"title":"Relevado el jefe de Inteligencia del Ej\u00e9rcito colombiano por el caso de espionaje - El Digital de Asturias","description":"Bogot\u00e1, 4 feb (EFE).- El ministro de Defensa de Colombia, Juan Carlos Pinz\u00f3n, orden\u00f3 hoy el relevo del jefe de Inteligencia del Ej\u00e9rcito, general Mauricio Ricardo Z\u00fa\u00f1iga, por el supuesto espionaje a los negociadores del Gobierno en los di\u00e1logos de paz con las FARC en Cuba y a l\u00edderes de la izquierda. La medida tambi\u00e9n","canonical_url":"https:\/\/www.eldigitaldeasturias.com\/noticias\/relevado-el-jefe-de-inteligencia-del-ejercito-colombiano-por-el-caso-de-espionaje\/","robots":"max-image-preview:large","keywords":"actualidad","webmasterTools":{"google-site-verification":"UA-38556648-1","msvalidate.01":"7dfe9f3f1b24437ab69f4f2559babe99","miscellaneous":""},"schema":{"@context":"https:\/\/schema.org","@graph":[{"@type":"BlogPosting","@id":"https:\/\/www.eldigitaldeasturias.com\/noticias\/relevado-el-jefe-de-inteligencia-del-ejercito-colombiano-por-el-caso-de-espionaje\/#blogposting","name":"Relevado el jefe de Inteligencia del Ej\u00e9rcito colombiano por el caso de espionaje - El Digital de Asturias","headline":"Relevado el jefe de Inteligencia del Ej\u00e9rcito colombiano por el caso de espionaje","author":{"@id":"https:\/\/www.eldigitaldeasturias.com\/noticias\/author\/admin\/#author"},"publisher":{"@id":"https:\/\/www.eldigitaldeasturias.com\/noticias\/#organization"},"image":{"@type":"ImageObject","url":483824},"datePublished":"2014-02-05T02:34:38+01:00","dateModified":"2014-02-05T02:34:38+01:00","inLanguage":"es-ES","mainEntityOfPage":{"@id":"https:\/\/www.eldigitaldeasturias.com\/noticias\/relevado-el-jefe-de-inteligencia-del-ejercito-colombiano-por-el-caso-de-espionaje\/#webpage"},"isPartOf":{"@id":"https:\/\/www.eldigitaldeasturias.com\/noticias\/relevado-el-jefe-de-inteligencia-del-ejercito-colombiano-por-el-caso-de-espionaje\/#webpage"},"articleSection":"Actualidad"},{"@type":"BreadcrumbList","@id":"https:\/\/www.eldigitaldeasturias.com\/noticias\/relevado-el-jefe-de-inteligencia-del-ejercito-colombiano-por-el-caso-de-espionaje\/#breadcrumblist","itemListElement":[{"@type":"ListItem","@id":"https:\/\/www.eldigitaldeasturias.com\/noticias#listItem","position":1,"name":"Home","item":"https:\/\/www.eldigitaldeasturias.com\/noticias","nextItem":{"@type":"ListItem","@id":"https:\/\/www.eldigitaldeasturias.com\/noticias\/category\/actualidad\/#listItem","name":"Actualidad"}},{"@type":"ListItem","@id":"https:\/\/www.eldigitaldeasturias.com\/noticias\/category\/actualidad\/#listItem","position":2,"name":"Actualidad","item":"https:\/\/www.eldigitaldeasturias.com\/noticias\/category\/actualidad\/","nextItem":{"@type":"ListItem","@id":"https:\/\/www.eldigitaldeasturias.com\/noticias\/relevado-el-jefe-de-inteligencia-del-ejercito-colombiano-por-el-caso-de-espionaje\/#listItem","name":"Relevado el jefe de Inteligencia del Ej\u00e9rcito colombiano por el caso de espionaje"},"previousItem":{"@type":"ListItem","@id":"https:\/\/www.eldigitaldeasturias.com\/noticias#listItem","name":"Home"}},{"@type":"ListItem","@id":"https:\/\/www.eldigitaldeasturias.com\/noticias\/relevado-el-jefe-de-inteligencia-del-ejercito-colombiano-por-el-caso-de-espionaje\/#listItem","position":3,"name":"Relevado el jefe de Inteligencia del Ej\u00e9rcito colombiano por el caso de espionaje","previousItem":{"@type":"ListItem","@id":"https:\/\/www.eldigitaldeasturias.com\/noticias\/category\/actualidad\/#listItem","name":"Actualidad"}}]},{"@type":"Organization","@id":"https:\/\/www.eldigitaldeasturias.com\/noticias\/#organization","name":"El Digital de Asturias","description":"Hemeroteca","url":"https:\/\/www.eldigitaldeasturias.com\/noticias\/","email":"info@eldigitaldeasturias.com","telephone":"+34652131393","logo":{"@type":"ImageObject","url":"https:\/\/www.eldigitaldeasturias.com\/noticias\/wp-content\/uploads\/2020\/12\/EDA.jpg","@id":"https:\/\/www.eldigitaldeasturias.com\/noticias\/relevado-el-jefe-de-inteligencia-del-ejercito-colombiano-por-el-caso-de-espionaje\/#organizationLogo"},"image":{"@id":"https:\/\/www.eldigitaldeasturias.com\/noticias\/relevado-el-jefe-de-inteligencia-del-ejercito-colombiano-por-el-caso-de-espionaje\/#organizationLogo"},"sameAs":["https:\/\/facebook.com\/eldigitaldeasturias","https:\/\/www.youtube.com\/channel\/UCZP-2wLEB9Rv6erhFmqVnvg"],"address":{"@id":"https:\/\/www.eldigitaldeasturias.com\/noticias\/#postaladdress","@type":"PostalAddress","streetAddress":"san antonio 4","postalCode":"33430","addressLocality":"Cand\u00e1s","addressRegion":"Asturias","addressCountry":"ES"}},{"@type":"Person","@id":"https:\/\/www.eldigitaldeasturias.com\/noticias\/author\/admin\/#author","url":"https:\/\/www.eldigitaldeasturias.com\/noticias\/author\/admin\/","name":"El Digital de Asturias","image":{"@type":"ImageObject","@id":"https:\/\/www.eldigitaldeasturias.com\/noticias\/relevado-el-jefe-de-inteligencia-del-ejercito-colombiano-por-el-caso-de-espionaje\/#authorImage","url":"https:\/\/secure.gravatar.com\/avatar\/df2aeffc32bcd13f8d26072ef8a91b623d677766deac7f97ca815868cd41bf5e?s=96&d=mm&r=g","width":96,"height":96,"caption":"El Digital de Asturias"}},{"@type":"WebPage","@id":"https:\/\/www.eldigitaldeasturias.com\/noticias\/relevado-el-jefe-de-inteligencia-del-ejercito-colombiano-por-el-caso-de-espionaje\/#webpage","url":"https:\/\/www.eldigitaldeasturias.com\/noticias\/relevado-el-jefe-de-inteligencia-del-ejercito-colombiano-por-el-caso-de-espionaje\/","name":"Relevado el jefe de Inteligencia del Ej\u00e9rcito colombiano por el caso de espionaje - El Digital de Asturias","description":"Bogot\u00e1, 4 feb (EFE).- El ministro de Defensa de Colombia, Juan Carlos Pinz\u00f3n, orden\u00f3 hoy el relevo del jefe de Inteligencia del Ej\u00e9rcito, general Mauricio Ricardo Z\u00fa\u00f1iga, por el supuesto espionaje a los negociadores del Gobierno en los di\u00e1logos de paz con las FARC en Cuba y a l\u00edderes de la izquierda. La medida tambi\u00e9n","inLanguage":"es-ES","isPartOf":{"@id":"https:\/\/www.eldigitaldeasturias.com\/noticias\/#website"},"breadcrumb":{"@id":"https:\/\/www.eldigitaldeasturias.com\/noticias\/relevado-el-jefe-de-inteligencia-del-ejercito-colombiano-por-el-caso-de-espionaje\/#breadcrumblist"},"author":{"@id":"https:\/\/www.eldigitaldeasturias.com\/noticias\/author\/admin\/#author"},"creator":{"@id":"https:\/\/www.eldigitaldeasturias.com\/noticias\/author\/admin\/#author"},"image":{"@type":"ImageObject","url":483824,"@id":"https:\/\/www.eldigitaldeasturias.com\/noticias\/relevado-el-jefe-de-inteligencia-del-ejercito-colombiano-por-el-caso-de-espionaje\/#mainImage"},"primaryImageOfPage":{"@id":"https:\/\/www.eldigitaldeasturias.com\/noticias\/relevado-el-jefe-de-inteligencia-del-ejercito-colombiano-por-el-caso-de-espionaje\/#mainImage"},"datePublished":"2014-02-05T02:34:38+01:00","dateModified":"2014-02-05T02:34:38+01:00"},{"@type":"WebSite","@id":"https:\/\/www.eldigitaldeasturias.com\/noticias\/#website","url":"https:\/\/www.eldigitaldeasturias.com\/noticias\/","name":"El Digital de Asturias - Diario de actualidad y noticias","alternateName":"El Digital de Asturias - Diario de actualidad y noticias","description":"Hemeroteca","inLanguage":"es-ES","publisher":{"@id":"https:\/\/www.eldigitaldeasturias.com\/noticias\/#organization"}}]},"og:locale":"es_ES","og:site_name":"El Digital de Asturias","og:type":"article","og:title":"Relevado el jefe de Inteligencia del Ej\u00e9rcito colombiano por el caso de espionaje - El Digital de Asturias","og:description":"Bogot\u00e1, 4 feb (EFE).- El ministro de Defensa de Colombia, Juan Carlos Pinz\u00f3n, orden\u00f3 hoy el relevo del jefe de Inteligencia del Ej\u00e9rcito, general Mauricio Ricardo Z\u00fa\u00f1iga, por el supuesto espionaje a los negociadores del Gobierno en los di\u00e1logos de paz con las FARC en Cuba y a l\u00edderes de la izquierda. La medida tambi\u00e9n","og:url":"https:\/\/www.eldigitaldeasturias.com\/noticias\/relevado-el-jefe-de-inteligencia-del-ejercito-colombiano-por-el-caso-de-espionaje\/","article:tag":["actualidad"],"article:published_time":"2014-02-05T03:34:38+00:00","article:modified_time":"2014-02-05T03:34:38+00:00","article:publisher":"https:\/\/facebook.com\/eldigitaldeasturias","twitter:card":"summary_large_image","twitter:title":"Relevado el jefe de Inteligencia del Ej\u00e9rcito colombiano por el caso de espionaje - El Digital de Asturias","twitter:description":"Bogot\u00e1, 4 feb (EFE).- El ministro de Defensa de Colombia, Juan Carlos Pinz\u00f3n, orden\u00f3 hoy el relevo del jefe de Inteligencia del Ej\u00e9rcito, general Mauricio Ricardo Z\u00fa\u00f1iga, por el supuesto espionaje a los negociadores del Gobierno en los di\u00e1logos de paz con las FARC en Cuba y a l\u00edderes de la izquierda. La medida tambi\u00e9n","twitter:label1":"Escrito por","twitter:data1":"El Digital de Asturias"},"aioseo_meta_data":{"post_id":"483823","title":null,"description":null,"keywords":null,"keyphrases":null,"primary_term":null,"canonical_url":null,"og_title":null,"og_description":null,"og_object_type":"default","og_image_type":"default","og_image_url":null,"og_image_width":null,"og_image_height":null,"og_image_custom_url":null,"og_image_custom_fields":null,"og_video":null,"og_custom_url":null,"og_article_section":null,"og_article_tags":null,"twitter_use_og":true,"twitter_card":"default","twitter_image_type":"default","twitter_image_url":null,"twitter_image_custom_url":null,"twitter_image_custom_fields":null,"twitter_title":null,"twitter_description":null,"schema":{"blockGraphs":[],"customGraphs":[],"default":{"data":{"Article":[],"Course":[],"Dataset":[],"FAQPage":[],"Movie":[],"Person":[],"Product":[],"ProductReview":[],"Car":[],"Recipe":[],"Service":[],"SoftwareApplication":[],"WebPage":[]},"graphName":"","isEnabled":true},"graphs":[],"defaultGraph":"","defaultPostTypeGraph":""},"schema_type":null,"schema_type_options":null,"pillar_content":false,"robots_default":true,"robots_noindex":false,"robots_noarchive":false,"robots_nosnippet":false,"robots_nofollow":false,"robots_noimageindex":false,"robots_noodp":false,"robots_notranslate":false,"robots_max_snippet":null,"robots_max_videopreview":null,"robots_max_imagepreview":"none","priority":null,"frequency":null,"local_seo":null,"seo_analyzer_scan_date":"2026-06-02 13:58:51","breadcrumb_settings":null,"limit_modified_date":false,"open_ai":null,"ai":null,"created":"2020-11-14 22:54:54","updated":"2026-06-02 13:58:51","focus_keyword":null,"additional_keywords":null,"truseo_locale":null},"aioseo_breadcrumb":"<div class=\"aioseo-breadcrumbs\"><span class=\"aioseo-breadcrumb\">\n\t<a href=\"https:\/\/www.eldigitaldeasturias.com\/noticias\" title=\"Home\">Home<\/a>\n<\/span><span class=\"aioseo-breadcrumb-separator\">\u2013<\/span><span class=\"aioseo-breadcrumb\">\n\t<a href=\"https:\/\/www.eldigitaldeasturias.com\/noticias\/category\/actualidad\/\" title=\"Actualidad\">Actualidad<\/a>\n<\/span><span class=\"aioseo-breadcrumb-separator\">\u2013<\/span><span class=\"aioseo-breadcrumb\">\n\t<a href=\"https:\/\/www.eldigitaldeasturias.com\/noticias\/relevado-el-jefe-de-inteligencia-del-ejercito-colombiano-por-el-caso-de-espionaje\/\" title=\"Relevado el jefe de Inteligencia del Ej\u00e9rcito colombiano por el caso de espionaje\">Relevado el jefe de Inteligencia del Ej\u00e9rcito colombiano por el caso de espionaje<\/a>\n<\/span><\/div>","aioseo_breadcrumb_json":[{"label":"Home","link":"https:\/\/www.eldigitaldeasturias.com\/noticias"},{"label":"Actualidad","link":"https:\/\/www.eldigitaldeasturias.com\/noticias\/category\/actualidad\/"},{"label":"Relevado el jefe de Inteligencia del Ej\u00e9rcito colombiano por el caso de espionaje","link":"https:\/\/www.eldigitaldeasturias.com\/noticias\/relevado-el-jefe-de-inteligencia-del-ejercito-colombiano-por-el-caso-de-espionaje\/"}],"_links":{"self":[{"href":"https:\/\/www.eldigitaldeasturias.com\/noticias\/wp-json\/wp\/v2\/posts\/483823","targetHints":{"allow":["GET"]}}],"collection":[{"href":"https:\/\/www.eldigitaldeasturias.com\/noticias\/wp-json\/wp\/v2\/posts"}],"about":[{"href":"https:\/\/www.eldigitaldeasturias.com\/noticias\/wp-json\/wp\/v2\/types\/post"}],"author":[{"embeddable":true,"href":"https:\/\/www.eldigitaldeasturias.com\/noticias\/wp-json\/wp\/v2\/users\/1"}],"replies":[{"embeddable":true,"href":"https:\/\/www.eldigitaldeasturias.com\/noticias\/wp-json\/wp\/v2\/comments?post=483823"}],"version-history":[{"count":0,"href":"https:\/\/www.eldigitaldeasturias.com\/noticias\/wp-json\/wp\/v2\/posts\/483823\/revisions"}],"wp:attachment":[{"href":"https:\/\/www.eldigitaldeasturias.com\/noticias\/wp-json\/wp\/v2\/media?parent=483823"}],"wp:term":[{"taxonomy":"category","embeddable":true,"href":"https:\/\/www.eldigitaldeasturias.com\/noticias\/wp-json\/wp\/v2\/categories?post=483823"},{"taxonomy":"post_tag","embeddable":true,"href":"https:\/\/www.eldigitaldeasturias.com\/noticias\/wp-json\/wp\/v2\/tags?post=483823"}],"curies":[{"name":"wp","href":"https:\/\/api.w.org\/{rel}","templated":true}]}}