{"id":483817,"date":"2014-02-05T02:21:57","date_gmt":"2014-02-05T03:21:57","guid":{"rendered":"http:\/\/www.eldigitaldeasturias.com\/noticias\/?p=483817"},"modified":"2014-02-05T02:21:57","modified_gmt":"2014-02-05T03:21:57","slug":"cristina-fernandez-pide-a-los-empresarios-inversion-en-vez-de-subida-de-precios","status":"publish","type":"post","link":"https:\/\/www.eldigitaldeasturias.com\/noticias\/cristina-fernandez-pide-a-los-empresarios-inversion-en-vez-de-subida-de-precios\/","title":{"rendered":"Cristina Fern\u00e1ndez pide a los empresarios inversi\u00f3n en vez de subida de precios"},"content":{"rendered":"<p><img loading=\"lazy\" decoding=\"async\" class=\"alignleft size-medium wp-image-483818\" alt=\"5910471w\" src=\"https:\/\/www.eldigitaldeasturias.com\/noticias\/wp-content\/uploads\/2014\/02\/5910471w-360x234.jpg\" width=\"360\" height=\"234\" \/>Buenos Aires, 4 feb (EFE).- La presidenta argentina, Cristina Fern\u00e1ndez, pidi\u00f3 hoy a los empresarios de su pa\u00eds que dejen de evadir divisas al exterior y aumenten sus inversiones en vez de aumentar los precios, que han dado un salto tras la devaluaci\u00f3n del peso de hace dos semanas y sugiri\u00f3 cambios en el modelo de subsidios.<\/p>\n<p>\u00abNo vamos a permitir que sigan saqueando el bolsillo de los argentinos\u00bb, dijo Fern\u00e1ndez en su primer acto p\u00fablico tras la fuerte devaluaci\u00f3n que sufri\u00f3 el peso argentino a finales del pasado mes, depreciaci\u00f3n que ya comenz\u00f3 a trasladarse a los precios al consumidor.<\/p>\n<p>Desde la sede del Ejecutivo y con un discurso trasmitido por cadena nacional, la mandataria pidi\u00f3 a los empresarios que \u00abno le mientan a la gente\u00bb porque \u00abnadie puede trasladar\u00bb la apreciaci\u00f3n del d\u00f3lar, que fue del 23 % en enero, \u00aba todos los precios de la econom\u00eda\u00bb ya que no todos los sectores tienen costes en d\u00f3lares.<\/p>\n<p>\u00abEs hora de que todos los sectores asuman la responsabilidad para que todo siga funcionando. Una presidenta sola no puede\u00bb, afirm\u00f3.<\/p>\n<p>En su discurso, Fern\u00e1ndez anunci\u00f3 un aumento del 11,31 por ciento en las jubilaciones que cobran 7,3 millones de retirados y un alza del 200 % en la asignaci\u00f3n escolar anual que cobran 1,9 millones de familias.<\/p>\n<p>La mandataria defendi\u00f3 estas medidas, neg\u00f3 que sean de corte \u00abpopulista\u00bb o que provoquen inflaci\u00f3n, sino que, por el contrario, mejoran el consumo.<\/p>\n<p>Fern\u00e1ndez sostuvo que \u00abdel otro lado\u00bb, en referencia a industrias y comercios, \u00abparece que solo aumentan los precios\u00bb.<\/p>\n<p>\u00abSer\u00eda bueno que aumenten las inversiones\u00bb, dijo la mandataria a modo de reclamo dirigido a los empresarios, quienes, seg\u00fan asegur\u00f3, con medidas como las anunciadas hoy que aumentan los ingresos, las compa\u00f1\u00edas \u00abtienen aseguradas las ganancias\u00bb.<\/p>\n<p>En esa l\u00ednea, les demand\u00f3 que en vez de evadir divisas al exterior \u00abreinviertan y apuesten por su pa\u00eds, que ha cre\u00eddo en ellos y ha sostenido el desarrollo de una industria nacional\u00bb.<\/p>\n<p>En medio de la turbulencia econ\u00f3mica, Fern\u00e1ndez reivindic\u00f3 su \u00abmodelo\u00bb y dijo que el Estado no se quedar\u00e1 cruzado de brazos y \u00abnunca va a dejar librado a la suerte al resto de los argentinos\u00bb.<\/p>\n<p>La presidenta tambi\u00e9n cuestion\u00f3 al sector sindical, incluso a dirigentes gremiales oficialistas que en los \u00faltimos d\u00edas advirtieron que, por la inflaci\u00f3n, el salario no alcanza para el sustento.<\/p>\n<p>\u00abYo no creo que el salario no alcance o alg\u00fan argentino se muera de hambre\u00bb, asegur\u00f3 Fern\u00e1ndez, ante un auditorio que inclu\u00eda a sindicalistas oficialistas.<\/p>\n<p>La inflaci\u00f3n, que seg\u00fan proyecciones privadas ser\u00e1 este a\u00f1o de entre el 30 y el 35 %, ya ha comenzado a estar presente en las negociaciones salariales, con demandas de ajuste que tienen como base un 30%.<\/p>\n<p>Fern\u00e1ndez critic\u00f3 a los gremios por plantear un aumento de salarios como la \u00ab\u00fanica soluci\u00f3n\u00bb a los incrementos de precios y advirti\u00f3 que, as\u00ed, \u00abse va a entrar en un desfiladero en el que los \u00fanicos perjudicados ser\u00e1n los miles de trabajadores a quienes hay que garantizarles precios justos\u00bb.<\/p>\n<p>Tras indicar que los primeros en sufrir cualquiera crisis son los trabajadores, Fern\u00e1ndez alert\u00f3 que la situaci\u00f3n econ\u00f3mica mundial \u00abviene complicada, tambi\u00e9n para los pa\u00edses emergentes\u00bb.<\/p>\n<p>Reclam\u00f3 a los sindicatos que se sumen a los consumidores para controlar el programa \u00abPrecios cuidados\u00bb, que estipula el precio de dos centenares de productos de consumo masivo.<\/p>\n<p>La mandataria se refiri\u00f3 a la flexibilizaci\u00f3n del \u00abcepo\u00bb cambiario, puesto en marcha el pasado 27 de enero, que permite la compra limitada de d\u00f3lares para ahorro personal.<\/p>\n<p>Desde entonces, el Fisco autoriz\u00f3 compras de d\u00f3lares por 223 millones, de las cuales se hicieron efectivas adquisiciones por 140 millones.<\/p>\n<p>Fern\u00e1ndez sostuvo que la mayor\u00eda de estos compradores son trabajadores en relaci\u00f3n de dependencia, que pueden destinar el 20% de sus salarios a la compra de divisas extranjeras.<\/p>\n<p>Por ello, habl\u00f3 de \u00abprosperidad\u00bb y, en este sentido, afirm\u00f3 que es \u00abevidente que hay sectores que ya no necesitan los subsidios\u00bb que el Estado afronta.<\/p>\n<p>\u00abNo es justo que un trabajador compre d\u00f3lares y se les subsidie la luz, el agua y el gas\u00bb, dijo la gobernante, quien advirti\u00f3 que deben revisarse estos \u00abdesequilibrios\u00bb.<\/p>\n<p>Al t\u00e9rmino de su discurso, la presidenta se dirigi\u00f3 a cientos de simpatizantes que abarrotaban la Casa Rosada y les exhort\u00f3 a colaborar con el Gobierno en la tarea de controlar los precios.<\/p>\n","protected":false},"excerpt":{"rendered":"<p>Buenos Aires, 4 feb (EFE).- La presidenta argentina, Cristina Fern\u00e1ndez, pidi\u00f3 hoy a los empresarios de su pa\u00eds que dejen de evadir divisas al exterior y aumenten sus inversiones en vez de aumentar los precios, que han dado un salto tras la devaluaci\u00f3n del peso de hace dos semanas y sugiri\u00f3 cambios en el modelo [&hellip;]<\/p>\n","protected":false},"author":1,"featured_media":483818,"comment_status":"closed","ping_status":"open","sticky":false,"template":"","format":"standard","meta":{"footnotes":""},"categories":[1],"tags":[],"class_list":["post-483817","post","type-post","status-publish","format-standard","has-post-thumbnail","hentry","category-actualidad"],"aioseo_notices":[],"aioseo_head":"\n\t\t<!-- All in One SEO Pro 5.0.1 - aioseo.com -->\n\t<meta name=\"description\" content=\"Buenos Aires, 4 feb (EFE).- La presidenta argentina, Cristina Fern\u00e1ndez, pidi\u00f3 hoy a los empresarios de su pa\u00eds que dejen de evadir divisas al exterior y aumenten sus inversiones en vez de aumentar los precios, que han dado un salto tras la devaluaci\u00f3n del peso de hace dos semanas y sugiri\u00f3 cambios en el modelo\" \/>\n\t<meta name=\"robots\" content=\"max-image-preview:large\" \/>\n\t<meta name=\"author\" content=\"El Digital de Asturias\"\/>\n\t<meta name=\"google-site-verification\" content=\"UA-38556648-1\" \/>\n\t<meta name=\"msvalidate.01\" content=\"7dfe9f3f1b24437ab69f4f2559babe99\" \/>\n\t<meta name=\"keywords\" content=\"actualidad\" \/>\n\t<link rel=\"canonical\" href=\"https:\/\/www.eldigitaldeasturias.com\/noticias\/cristina-fernandez-pide-a-los-empresarios-inversion-en-vez-de-subida-de-precios\/\" \/>\n\t<meta name=\"generator\" content=\"All in One SEO Pro (AIOSEO) 5.0.1\" \/>\n\t\t<meta property=\"og:locale\" content=\"es_ES\" \/>\n\t\t<meta property=\"og:site_name\" content=\"El Digital de Asturias\" \/>\n\t\t<meta property=\"og:type\" content=\"article\" \/>\n\t\t<meta property=\"og:title\" content=\"Cristina Fern\u00e1ndez pide a los empresarios inversi\u00f3n en vez de subida de precios - El Digital de Asturias\" \/>\n\t\t<meta property=\"og:description\" content=\"Buenos Aires, 4 feb (EFE).- La presidenta argentina, Cristina Fern\u00e1ndez, pidi\u00f3 hoy a los empresarios de su pa\u00eds que dejen de evadir divisas al exterior y aumenten sus inversiones en vez de aumentar los precios, que han dado un salto tras la devaluaci\u00f3n del peso de hace dos semanas y sugiri\u00f3 cambios en el modelo\" \/>\n\t\t<meta property=\"og:url\" content=\"https:\/\/www.eldigitaldeasturias.com\/noticias\/cristina-fernandez-pide-a-los-empresarios-inversion-en-vez-de-subida-de-precios\/\" \/>\n\t\t<meta property=\"article:tag\" content=\"actualidad\" \/>\n\t\t<meta property=\"article:published_time\" content=\"2014-02-05T03:21:57+00:00\" \/>\n\t\t<meta property=\"article:modified_time\" content=\"2014-02-05T03:21:57+00:00\" \/>\n\t\t<meta property=\"article:publisher\" content=\"https:\/\/facebook.com\/eldigitaldeasturias\" \/>\n\t\t<meta name=\"twitter:card\" content=\"summary_large_image\" \/>\n\t\t<meta name=\"twitter:title\" content=\"Cristina Fern\u00e1ndez pide a los empresarios inversi\u00f3n en vez de subida de precios - El Digital de Asturias\" \/>\n\t\t<meta name=\"twitter:description\" content=\"Buenos Aires, 4 feb (EFE).- La presidenta argentina, Cristina Fern\u00e1ndez, pidi\u00f3 hoy a los empresarios de su pa\u00eds que dejen de evadir divisas al exterior y aumenten sus inversiones en vez de aumentar los precios, que han dado un salto tras la devaluaci\u00f3n del peso de hace dos semanas y sugiri\u00f3 cambios en el modelo\" \/>\n\t\t<meta name=\"twitter:label1\" content=\"Escrito por\" \/>\n\t\t<meta name=\"twitter:data1\" content=\"El Digital de Asturias\" \/>\n\t\t<meta name=\"twitter:label2\" content=\"Tiempo de lectura estimado\" \/>\n\t\t<meta name=\"twitter:data2\" content=\"4 minutos\" \/>\n\t\t<script type=\"application\/ld+json\" class=\"aioseo-schema\">\n\t\t\t{\"@context\":\"https:\\\/\\\/schema.org\",\"@graph\":[{\"@type\":\"BlogPosting\",\"@id\":\"https:\\\/\\\/www.eldigitaldeasturias.com\\\/noticias\\\/cristina-fernandez-pide-a-los-empresarios-inversion-en-vez-de-subida-de-precios\\\/#blogposting\",\"name\":\"Cristina Fern\\u00e1ndez pide a los empresarios inversi\\u00f3n en vez de subida de precios - El Digital de Asturias\",\"headline\":\"Cristina Fern\\u00e1ndez pide a los empresarios inversi\\u00f3n en vez de subida de precios\",\"author\":{\"@id\":\"https:\\\/\\\/www.eldigitaldeasturias.com\\\/noticias\\\/author\\\/admin\\\/#author\"},\"publisher\":{\"@id\":\"https:\\\/\\\/www.eldigitaldeasturias.com\\\/noticias\\\/#organization\"},\"image\":{\"@type\":\"ImageObject\",\"url\":483818},\"datePublished\":\"2014-02-05T02:21:57+01:00\",\"dateModified\":\"2014-02-05T02:21:57+01:00\",\"inLanguage\":\"es-ES\",\"mainEntityOfPage\":{\"@id\":\"https:\\\/\\\/www.eldigitaldeasturias.com\\\/noticias\\\/cristina-fernandez-pide-a-los-empresarios-inversion-en-vez-de-subida-de-precios\\\/#webpage\"},\"isPartOf\":{\"@id\":\"https:\\\/\\\/www.eldigitaldeasturias.com\\\/noticias\\\/cristina-fernandez-pide-a-los-empresarios-inversion-en-vez-de-subida-de-precios\\\/#webpage\"},\"articleSection\":\"Actualidad\"},{\"@type\":\"BreadcrumbList\",\"@id\":\"https:\\\/\\\/www.eldigitaldeasturias.com\\\/noticias\\\/cristina-fernandez-pide-a-los-empresarios-inversion-en-vez-de-subida-de-precios\\\/#breadcrumblist\",\"itemListElement\":[{\"@type\":\"ListItem\",\"@id\":\"https:\\\/\\\/www.eldigitaldeasturias.com\\\/noticias#listItem\",\"position\":1,\"name\":\"Home\",\"item\":\"https:\\\/\\\/www.eldigitaldeasturias.com\\\/noticias\",\"nextItem\":{\"@type\":\"ListItem\",\"@id\":\"https:\\\/\\\/www.eldigitaldeasturias.com\\\/noticias\\\/category\\\/actualidad\\\/#listItem\",\"name\":\"Actualidad\"}},{\"@type\":\"ListItem\",\"@id\":\"https:\\\/\\\/www.eldigitaldeasturias.com\\\/noticias\\\/category\\\/actualidad\\\/#listItem\",\"position\":2,\"name\":\"Actualidad\",\"item\":\"https:\\\/\\\/www.eldigitaldeasturias.com\\\/noticias\\\/category\\\/actualidad\\\/\",\"nextItem\":{\"@type\":\"ListItem\",\"@id\":\"https:\\\/\\\/www.eldigitaldeasturias.com\\\/noticias\\\/cristina-fernandez-pide-a-los-empresarios-inversion-en-vez-de-subida-de-precios\\\/#listItem\",\"name\":\"Cristina Fern\\u00e1ndez pide a los empresarios inversi\\u00f3n en vez de subida de precios\"},\"previousItem\":{\"@type\":\"ListItem\",\"@id\":\"https:\\\/\\\/www.eldigitaldeasturias.com\\\/noticias#listItem\",\"name\":\"Home\"}},{\"@type\":\"ListItem\",\"@id\":\"https:\\\/\\\/www.eldigitaldeasturias.com\\\/noticias\\\/cristina-fernandez-pide-a-los-empresarios-inversion-en-vez-de-subida-de-precios\\\/#listItem\",\"position\":3,\"name\":\"Cristina Fern\\u00e1ndez pide a los empresarios inversi\\u00f3n en vez de subida de precios\",\"previousItem\":{\"@type\":\"ListItem\",\"@id\":\"https:\\\/\\\/www.eldigitaldeasturias.com\\\/noticias\\\/category\\\/actualidad\\\/#listItem\",\"name\":\"Actualidad\"}}]},{\"@type\":\"Organization\",\"@id\":\"https:\\\/\\\/www.eldigitaldeasturias.com\\\/noticias\\\/#organization\",\"name\":\"El Digital de Asturias\",\"description\":\"Hemeroteca\",\"url\":\"https:\\\/\\\/www.eldigitaldeasturias.com\\\/noticias\\\/\",\"email\":\"info@eldigitaldeasturias.com\",\"telephone\":\"+34652131393\",\"logo\":{\"@type\":\"ImageObject\",\"url\":\"https:\\\/\\\/www.eldigitaldeasturias.com\\\/noticias\\\/wp-content\\\/uploads\\\/2020\\\/12\\\/EDA.jpg\",\"@id\":\"https:\\\/\\\/www.eldigitaldeasturias.com\\\/noticias\\\/cristina-fernandez-pide-a-los-empresarios-inversion-en-vez-de-subida-de-precios\\\/#organizationLogo\"},\"image\":{\"@id\":\"https:\\\/\\\/www.eldigitaldeasturias.com\\\/noticias\\\/cristina-fernandez-pide-a-los-empresarios-inversion-en-vez-de-subida-de-precios\\\/#organizationLogo\"},\"sameAs\":[\"https:\\\/\\\/facebook.com\\\/eldigitaldeasturias\",\"https:\\\/\\\/www.youtube.com\\\/channel\\\/UCZP-2wLEB9Rv6erhFmqVnvg\"],\"address\":{\"@id\":\"https:\\\/\\\/www.eldigitaldeasturias.com\\\/noticias\\\/#postaladdress\",\"@type\":\"PostalAddress\",\"streetAddress\":\"san antonio 4\",\"postalCode\":\"33430\",\"addressLocality\":\"Cand\\u00e1s\",\"addressRegion\":\"Asturias\",\"addressCountry\":\"ES\"}},{\"@type\":\"Person\",\"@id\":\"https:\\\/\\\/www.eldigitaldeasturias.com\\\/noticias\\\/author\\\/admin\\\/#author\",\"url\":\"https:\\\/\\\/www.eldigitaldeasturias.com\\\/noticias\\\/author\\\/admin\\\/\",\"name\":\"El Digital de Asturias\",\"image\":{\"@type\":\"ImageObject\",\"@id\":\"https:\\\/\\\/www.eldigitaldeasturias.com\\\/noticias\\\/cristina-fernandez-pide-a-los-empresarios-inversion-en-vez-de-subida-de-precios\\\/#authorImage\",\"url\":\"https:\\\/\\\/secure.gravatar.com\\\/avatar\\\/df2aeffc32bcd13f8d26072ef8a91b623d677766deac7f97ca815868cd41bf5e?s=96&d=mm&r=g\",\"width\":96,\"height\":96,\"caption\":\"El Digital de Asturias\"}},{\"@type\":\"WebPage\",\"@id\":\"https:\\\/\\\/www.eldigitaldeasturias.com\\\/noticias\\\/cristina-fernandez-pide-a-los-empresarios-inversion-en-vez-de-subida-de-precios\\\/#webpage\",\"url\":\"https:\\\/\\\/www.eldigitaldeasturias.com\\\/noticias\\\/cristina-fernandez-pide-a-los-empresarios-inversion-en-vez-de-subida-de-precios\\\/\",\"name\":\"Cristina Fern\\u00e1ndez pide a los empresarios inversi\\u00f3n en vez de subida de precios - El Digital de Asturias\",\"description\":\"Buenos Aires, 4 feb (EFE).- La presidenta argentina, Cristina Fern\\u00e1ndez, pidi\\u00f3 hoy a los empresarios de su pa\\u00eds que dejen de evadir divisas al exterior y aumenten sus inversiones en vez de aumentar los precios, que han dado un salto tras la devaluaci\\u00f3n del peso de hace dos semanas y sugiri\\u00f3 cambios en el modelo\",\"inLanguage\":\"es-ES\",\"isPartOf\":{\"@id\":\"https:\\\/\\\/www.eldigitaldeasturias.com\\\/noticias\\\/#website\"},\"breadcrumb\":{\"@id\":\"https:\\\/\\\/www.eldigitaldeasturias.com\\\/noticias\\\/cristina-fernandez-pide-a-los-empresarios-inversion-en-vez-de-subida-de-precios\\\/#breadcrumblist\"},\"author\":{\"@id\":\"https:\\\/\\\/www.eldigitaldeasturias.com\\\/noticias\\\/author\\\/admin\\\/#author\"},\"creator\":{\"@id\":\"https:\\\/\\\/www.eldigitaldeasturias.com\\\/noticias\\\/author\\\/admin\\\/#author\"},\"image\":{\"@type\":\"ImageObject\",\"url\":483818,\"@id\":\"https:\\\/\\\/www.eldigitaldeasturias.com\\\/noticias\\\/cristina-fernandez-pide-a-los-empresarios-inversion-en-vez-de-subida-de-precios\\\/#mainImage\"},\"primaryImageOfPage\":{\"@id\":\"https:\\\/\\\/www.eldigitaldeasturias.com\\\/noticias\\\/cristina-fernandez-pide-a-los-empresarios-inversion-en-vez-de-subida-de-precios\\\/#mainImage\"},\"datePublished\":\"2014-02-05T02:21:57+01:00\",\"dateModified\":\"2014-02-05T02:21:57+01:00\"},{\"@type\":\"WebSite\",\"@id\":\"https:\\\/\\\/www.eldigitaldeasturias.com\\\/noticias\\\/#website\",\"url\":\"https:\\\/\\\/www.eldigitaldeasturias.com\\\/noticias\\\/\",\"name\":\"El Digital de Asturias - Diario de actualidad y noticias\",\"alternateName\":\"El Digital de Asturias - Diario de actualidad y noticias\",\"description\":\"Hemeroteca\",\"inLanguage\":\"es-ES\",\"publisher\":{\"@id\":\"https:\\\/\\\/www.eldigitaldeasturias.com\\\/noticias\\\/#organization\"}}]}\n\t\t<\/script>\n\t\t<!-- All in One SEO Pro -->\r\n\t\t<title>Cristina Fern\u00e1ndez pide a los empresarios inversi\u00f3n en vez de subida de precios - El Digital de Asturias<\/title>\n\n","aioseo_head_json":{"title":"Cristina Fern\u00e1ndez pide a los empresarios inversi\u00f3n en vez de subida de precios - El Digital de Asturias","description":"Buenos Aires, 4 feb (EFE).- La presidenta argentina, Cristina Fern\u00e1ndez, pidi\u00f3 hoy a los empresarios de su pa\u00eds que dejen de evadir divisas al exterior y aumenten sus inversiones en vez de aumentar los precios, que han dado un salto tras la devaluaci\u00f3n del peso de hace dos semanas y sugiri\u00f3 cambios en el modelo","canonical_url":"https:\/\/www.eldigitaldeasturias.com\/noticias\/cristina-fernandez-pide-a-los-empresarios-inversion-en-vez-de-subida-de-precios\/","robots":"max-image-preview:large","keywords":"actualidad","webmasterTools":{"google-site-verification":"UA-38556648-1","msvalidate.01":"7dfe9f3f1b24437ab69f4f2559babe99","miscellaneous":""},"schema":{"@context":"https:\/\/schema.org","@graph":[{"@type":"BlogPosting","@id":"https:\/\/www.eldigitaldeasturias.com\/noticias\/cristina-fernandez-pide-a-los-empresarios-inversion-en-vez-de-subida-de-precios\/#blogposting","name":"Cristina Fern\u00e1ndez pide a los empresarios inversi\u00f3n en vez de subida de precios - El Digital de Asturias","headline":"Cristina Fern\u00e1ndez pide a los empresarios inversi\u00f3n en vez de subida de precios","author":{"@id":"https:\/\/www.eldigitaldeasturias.com\/noticias\/author\/admin\/#author"},"publisher":{"@id":"https:\/\/www.eldigitaldeasturias.com\/noticias\/#organization"},"image":{"@type":"ImageObject","url":483818},"datePublished":"2014-02-05T02:21:57+01:00","dateModified":"2014-02-05T02:21:57+01:00","inLanguage":"es-ES","mainEntityOfPage":{"@id":"https:\/\/www.eldigitaldeasturias.com\/noticias\/cristina-fernandez-pide-a-los-empresarios-inversion-en-vez-de-subida-de-precios\/#webpage"},"isPartOf":{"@id":"https:\/\/www.eldigitaldeasturias.com\/noticias\/cristina-fernandez-pide-a-los-empresarios-inversion-en-vez-de-subida-de-precios\/#webpage"},"articleSection":"Actualidad"},{"@type":"BreadcrumbList","@id":"https:\/\/www.eldigitaldeasturias.com\/noticias\/cristina-fernandez-pide-a-los-empresarios-inversion-en-vez-de-subida-de-precios\/#breadcrumblist","itemListElement":[{"@type":"ListItem","@id":"https:\/\/www.eldigitaldeasturias.com\/noticias#listItem","position":1,"name":"Home","item":"https:\/\/www.eldigitaldeasturias.com\/noticias","nextItem":{"@type":"ListItem","@id":"https:\/\/www.eldigitaldeasturias.com\/noticias\/category\/actualidad\/#listItem","name":"Actualidad"}},{"@type":"ListItem","@id":"https:\/\/www.eldigitaldeasturias.com\/noticias\/category\/actualidad\/#listItem","position":2,"name":"Actualidad","item":"https:\/\/www.eldigitaldeasturias.com\/noticias\/category\/actualidad\/","nextItem":{"@type":"ListItem","@id":"https:\/\/www.eldigitaldeasturias.com\/noticias\/cristina-fernandez-pide-a-los-empresarios-inversion-en-vez-de-subida-de-precios\/#listItem","name":"Cristina Fern\u00e1ndez pide a los empresarios inversi\u00f3n en vez de subida de precios"},"previousItem":{"@type":"ListItem","@id":"https:\/\/www.eldigitaldeasturias.com\/noticias#listItem","name":"Home"}},{"@type":"ListItem","@id":"https:\/\/www.eldigitaldeasturias.com\/noticias\/cristina-fernandez-pide-a-los-empresarios-inversion-en-vez-de-subida-de-precios\/#listItem","position":3,"name":"Cristina Fern\u00e1ndez pide a los empresarios inversi\u00f3n en vez de subida de precios","previousItem":{"@type":"ListItem","@id":"https:\/\/www.eldigitaldeasturias.com\/noticias\/category\/actualidad\/#listItem","name":"Actualidad"}}]},{"@type":"Organization","@id":"https:\/\/www.eldigitaldeasturias.com\/noticias\/#organization","name":"El Digital de Asturias","description":"Hemeroteca","url":"https:\/\/www.eldigitaldeasturias.com\/noticias\/","email":"info@eldigitaldeasturias.com","telephone":"+34652131393","logo":{"@type":"ImageObject","url":"https:\/\/www.eldigitaldeasturias.com\/noticias\/wp-content\/uploads\/2020\/12\/EDA.jpg","@id":"https:\/\/www.eldigitaldeasturias.com\/noticias\/cristina-fernandez-pide-a-los-empresarios-inversion-en-vez-de-subida-de-precios\/#organizationLogo"},"image":{"@id":"https:\/\/www.eldigitaldeasturias.com\/noticias\/cristina-fernandez-pide-a-los-empresarios-inversion-en-vez-de-subida-de-precios\/#organizationLogo"},"sameAs":["https:\/\/facebook.com\/eldigitaldeasturias","https:\/\/www.youtube.com\/channel\/UCZP-2wLEB9Rv6erhFmqVnvg"],"address":{"@id":"https:\/\/www.eldigitaldeasturias.com\/noticias\/#postaladdress","@type":"PostalAddress","streetAddress":"san antonio 4","postalCode":"33430","addressLocality":"Cand\u00e1s","addressRegion":"Asturias","addressCountry":"ES"}},{"@type":"Person","@id":"https:\/\/www.eldigitaldeasturias.com\/noticias\/author\/admin\/#author","url":"https:\/\/www.eldigitaldeasturias.com\/noticias\/author\/admin\/","name":"El Digital de Asturias","image":{"@type":"ImageObject","@id":"https:\/\/www.eldigitaldeasturias.com\/noticias\/cristina-fernandez-pide-a-los-empresarios-inversion-en-vez-de-subida-de-precios\/#authorImage","url":"https:\/\/secure.gravatar.com\/avatar\/df2aeffc32bcd13f8d26072ef8a91b623d677766deac7f97ca815868cd41bf5e?s=96&d=mm&r=g","width":96,"height":96,"caption":"El Digital de Asturias"}},{"@type":"WebPage","@id":"https:\/\/www.eldigitaldeasturias.com\/noticias\/cristina-fernandez-pide-a-los-empresarios-inversion-en-vez-de-subida-de-precios\/#webpage","url":"https:\/\/www.eldigitaldeasturias.com\/noticias\/cristina-fernandez-pide-a-los-empresarios-inversion-en-vez-de-subida-de-precios\/","name":"Cristina Fern\u00e1ndez pide a los empresarios inversi\u00f3n en vez de subida de precios - El Digital de Asturias","description":"Buenos Aires, 4 feb (EFE).- La presidenta argentina, Cristina Fern\u00e1ndez, pidi\u00f3 hoy a los empresarios de su pa\u00eds que dejen de evadir divisas al exterior y aumenten sus inversiones en vez de aumentar los precios, que han dado un salto tras la devaluaci\u00f3n del peso de hace dos semanas y sugiri\u00f3 cambios en el modelo","inLanguage":"es-ES","isPartOf":{"@id":"https:\/\/www.eldigitaldeasturias.com\/noticias\/#website"},"breadcrumb":{"@id":"https:\/\/www.eldigitaldeasturias.com\/noticias\/cristina-fernandez-pide-a-los-empresarios-inversion-en-vez-de-subida-de-precios\/#breadcrumblist"},"author":{"@id":"https:\/\/www.eldigitaldeasturias.com\/noticias\/author\/admin\/#author"},"creator":{"@id":"https:\/\/www.eldigitaldeasturias.com\/noticias\/author\/admin\/#author"},"image":{"@type":"ImageObject","url":483818,"@id":"https:\/\/www.eldigitaldeasturias.com\/noticias\/cristina-fernandez-pide-a-los-empresarios-inversion-en-vez-de-subida-de-precios\/#mainImage"},"primaryImageOfPage":{"@id":"https:\/\/www.eldigitaldeasturias.com\/noticias\/cristina-fernandez-pide-a-los-empresarios-inversion-en-vez-de-subida-de-precios\/#mainImage"},"datePublished":"2014-02-05T02:21:57+01:00","dateModified":"2014-02-05T02:21:57+01:00"},{"@type":"WebSite","@id":"https:\/\/www.eldigitaldeasturias.com\/noticias\/#website","url":"https:\/\/www.eldigitaldeasturias.com\/noticias\/","name":"El Digital de Asturias - Diario de actualidad y noticias","alternateName":"El Digital de Asturias - Diario de actualidad y noticias","description":"Hemeroteca","inLanguage":"es-ES","publisher":{"@id":"https:\/\/www.eldigitaldeasturias.com\/noticias\/#organization"}}]},"og:locale":"es_ES","og:site_name":"El Digital de Asturias","og:type":"article","og:title":"Cristina Fern\u00e1ndez pide a los empresarios inversi\u00f3n en vez de subida de precios - El Digital de Asturias","og:description":"Buenos Aires, 4 feb (EFE).- La presidenta argentina, Cristina Fern\u00e1ndez, pidi\u00f3 hoy a los empresarios de su pa\u00eds que dejen de evadir divisas al exterior y aumenten sus inversiones en vez de aumentar los precios, que han dado un salto tras la devaluaci\u00f3n del peso de hace dos semanas y sugiri\u00f3 cambios en el modelo","og:url":"https:\/\/www.eldigitaldeasturias.com\/noticias\/cristina-fernandez-pide-a-los-empresarios-inversion-en-vez-de-subida-de-precios\/","article:tag":["actualidad"],"article:published_time":"2014-02-05T03:21:57+00:00","article:modified_time":"2014-02-05T03:21:57+00:00","article:publisher":"https:\/\/facebook.com\/eldigitaldeasturias","twitter:card":"summary_large_image","twitter:title":"Cristina Fern\u00e1ndez pide a los empresarios inversi\u00f3n en vez de subida de precios - El Digital de Asturias","twitter:description":"Buenos Aires, 4 feb (EFE).- La presidenta argentina, Cristina Fern\u00e1ndez, pidi\u00f3 hoy a los empresarios de su pa\u00eds que dejen de evadir divisas al exterior y aumenten sus inversiones en vez de aumentar los precios, que han dado un salto tras la devaluaci\u00f3n del peso de hace dos semanas y sugiri\u00f3 cambios en el modelo","twitter:label1":"Escrito por","twitter:data1":"El Digital de Asturias","twitter:label2":"Tiempo de lectura estimado","twitter:data2":"4 minutos"},"aioseo_meta_data":{"post_id":"483817","title":null,"description":null,"keywords":null,"keyphrases":null,"primary_term":null,"canonical_url":null,"og_title":null,"og_description":null,"og_object_type":"default","og_image_type":"default","og_image_url":null,"og_image_width":null,"og_image_height":null,"og_image_custom_url":null,"og_image_custom_fields":null,"og_video":null,"og_custom_url":null,"og_article_section":null,"og_article_tags":null,"twitter_use_og":true,"twitter_card":"default","twitter_image_type":"default","twitter_image_url":null,"twitter_image_custom_url":null,"twitter_image_custom_fields":null,"twitter_title":null,"twitter_description":null,"schema":{"blockGraphs":[],"customGraphs":[],"default":{"data":{"Article":[],"Course":[],"Dataset":[],"FAQPage":[],"Movie":[],"Person":[],"Product":[],"ProductReview":[],"Car":[],"Recipe":[],"Service":[],"SoftwareApplication":[],"WebPage":[]},"graphName":"","isEnabled":true},"graphs":[],"defaultGraph":"","defaultPostTypeGraph":""},"schema_type":null,"schema_type_options":null,"pillar_content":false,"robots_default":true,"robots_noindex":false,"robots_noarchive":false,"robots_nosnippet":false,"robots_nofollow":false,"robots_noimageindex":false,"robots_noodp":false,"robots_notranslate":false,"robots_max_snippet":null,"robots_max_videopreview":null,"robots_max_imagepreview":"none","priority":null,"frequency":null,"local_seo":null,"seo_analyzer_scan_date":"2026-06-02 13:56:52","breadcrumb_settings":null,"limit_modified_date":false,"open_ai":null,"ai":null,"created":"2020-11-14 22:54:54","updated":"2026-06-02 13:56:52","focus_keyword":null,"additional_keywords":null,"truseo_locale":null},"aioseo_breadcrumb":"<div class=\"aioseo-breadcrumbs\"><span class=\"aioseo-breadcrumb\">\n\t<a href=\"https:\/\/www.eldigitaldeasturias.com\/noticias\" title=\"Home\">Home<\/a>\n<\/span><span class=\"aioseo-breadcrumb-separator\">\u2013<\/span><span class=\"aioseo-breadcrumb\">\n\t<a href=\"https:\/\/www.eldigitaldeasturias.com\/noticias\/category\/actualidad\/\" title=\"Actualidad\">Actualidad<\/a>\n<\/span><span class=\"aioseo-breadcrumb-separator\">\u2013<\/span><span class=\"aioseo-breadcrumb\">\n\t<a href=\"https:\/\/www.eldigitaldeasturias.com\/noticias\/cristina-fernandez-pide-a-los-empresarios-inversion-en-vez-de-subida-de-precios\/\" title=\"Cristina Fern\u00e1ndez pide a los empresarios inversi\u00f3n en vez de subida de precios\">Cristina Fern\u00e1ndez pide a los empresarios inversi\u00f3n en vez de subida de precios<\/a>\n<\/span><\/div>","aioseo_breadcrumb_json":[{"label":"Home","link":"https:\/\/www.eldigitaldeasturias.com\/noticias"},{"label":"Actualidad","link":"https:\/\/www.eldigitaldeasturias.com\/noticias\/category\/actualidad\/"},{"label":"Cristina Fern\u00e1ndez pide a los empresarios inversi\u00f3n en vez de subida de precios","link":"https:\/\/www.eldigitaldeasturias.com\/noticias\/cristina-fernandez-pide-a-los-empresarios-inversion-en-vez-de-subida-de-precios\/"}],"_links":{"self":[{"href":"https:\/\/www.eldigitaldeasturias.com\/noticias\/wp-json\/wp\/v2\/posts\/483817","targetHints":{"allow":["GET"]}}],"collection":[{"href":"https:\/\/www.eldigitaldeasturias.com\/noticias\/wp-json\/wp\/v2\/posts"}],"about":[{"href":"https:\/\/www.eldigitaldeasturias.com\/noticias\/wp-json\/wp\/v2\/types\/post"}],"author":[{"embeddable":true,"href":"https:\/\/www.eldigitaldeasturias.com\/noticias\/wp-json\/wp\/v2\/users\/1"}],"replies":[{"embeddable":true,"href":"https:\/\/www.eldigitaldeasturias.com\/noticias\/wp-json\/wp\/v2\/comments?post=483817"}],"version-history":[{"count":0,"href":"https:\/\/www.eldigitaldeasturias.com\/noticias\/wp-json\/wp\/v2\/posts\/483817\/revisions"}],"wp:attachment":[{"href":"https:\/\/www.eldigitaldeasturias.com\/noticias\/wp-json\/wp\/v2\/media?parent=483817"}],"wp:term":[{"taxonomy":"category","embeddable":true,"href":"https:\/\/www.eldigitaldeasturias.com\/noticias\/wp-json\/wp\/v2\/categories?post=483817"},{"taxonomy":"post_tag","embeddable":true,"href":"https:\/\/www.eldigitaldeasturias.com\/noticias\/wp-json\/wp\/v2\/tags?post=483817"}],"curies":[{"name":"wp","href":"https:\/\/api.w.org\/{rel}","templated":true}]}}