{"id":483773,"date":"2014-02-05T01:49:21","date_gmt":"2014-02-05T02:49:21","guid":{"rendered":"http:\/\/www.eldigitaldeasturias.com\/noticias\/?p=483773"},"modified":"2014-02-05T01:49:21","modified_gmt":"2014-02-05T02:49:21","slug":"de-blasio-no-participara-en-el-desfile-de-san-patricio","status":"publish","type":"post","link":"https:\/\/www.eldigitaldeasturias.com\/noticias\/de-blasio-no-participara-en-el-desfile-de-san-patricio\/","title":{"rendered":"De Blasio no participar\u00e1 en el desfile de San Patricio"},"content":{"rendered":"<p><img loading=\"lazy\" decoding=\"async\" class=\"alignleft size-medium wp-image-483774\" alt=\"5910022w\" src=\"https:\/\/www.eldigitaldeasturias.com\/noticias\/wp-content\/uploads\/2014\/02\/5910022w-360x256.jpg\" width=\"360\" height=\"256\" \/>Nueva York, 4 feb (EFE).- El alcalde de Nueva York, Bill de Blasio, anunci\u00f3 hoy que no participar\u00e1 en el pr\u00f3ximo desfile de San Patricio debido a que los organizadores no permiten marchar con s\u00edmbolos homosexuales.<\/p>\n<p>El desfile neoyorquino data de 1762, por lo que antecede incluso de la independencia de Estados Unidos, y es uno de los momentos m\u00e1s festivos en una ciudad en la que la influencia de la inmigraci\u00f3n irlandesa fue muy fuerte durante siglos.<\/p>\n<p>\u00abNo planeo marchar en el desfile\u00bb, dijo hoy De Blasio en una conferencia de prensa, en la que a\u00f1adi\u00f3 que tampoco particip\u00f3 cuando era defensor del pueblo, mientras que el anterior alcalde, Michael Bloomberg, no falt\u00f3 a la cita durante sus doce a\u00f1os en el cargo.<\/p>\n<p>De Blasio a\u00f1adi\u00f3 que participar\u00e1 en otros eventos en honor de la herencia irlandesa de Nueva York, aunque recalc\u00f3 que \u00abestoy en desacuerdo con los organizadores del desfile por su exclusi\u00f3n de algunas personas de esta ciudad\u00bb.<\/p>\n<p>Se espera que aproximadamente un mill\u00f3n de personas participe el pr\u00f3ximo 17 de marzo, d\u00eda de San Patricio, patr\u00f3n de Irlanda y uno de los s\u00edmbolos del catolicismo en Estados Unidos, en el tradicional desfile por la Quinta Avenida neoyorquina.<\/p>\n<p>De Blasio asegur\u00f3 que respeta el derecho de los trabajadores municipales a desfilar con uniforme (muchos polic\u00edas y bomberos de la ciudad, por ejemplo, siguen siendo de origen irland\u00e9s), ya que algunos grupos de defensa de los derechos homosexuales han pedido que se proh\u00edba acudir a los funcionarios uniformados.<\/p>\n<p>\u00abCreo que los trabajadores municipales uniformados tienen el derecho de participar si quieren, y respeto ese derecho\u00bb, recalc\u00f3 el alcalde.<\/p>\n<p>Bill Donahue, presidente de la Liga Cat\u00f3lica, lament\u00f3 en un comunicado que \u00abesta es la primera vez en la historia de Nueva York que su alcalde ha decidido boicotear el desfile de San Patricio\u00bb.<\/p>\n<p>Donahue defini\u00f3 como \u00abun gran mito\u00bb la idea de que el desfile es anti gay, y explic\u00f3 que lo que la organizaci\u00f3n busca es que no se llame la atenci\u00f3n sobre ninguna causa, sea la homosexualidad o el aborto.<\/p>\n<p>\u00abEn los \u00faltimos a\u00f1os he invitado a los gays a desfilar&#8230; siempre que no llamen la atenci\u00f3n sobre s\u00ed mismos o causas extr\u00ednsecas. El desfile no es sobre la homosexualidad o el aborto, o nada que no sea honrar a San Patricio\u00bb, a\u00f1adi\u00f3.<\/p>\n","protected":false},"excerpt":{"rendered":"<p>Nueva York, 4 feb (EFE).- El alcalde de Nueva York, Bill de Blasio, anunci\u00f3 hoy que no participar\u00e1 en el pr\u00f3ximo desfile de San Patricio debido a que los organizadores no permiten marchar con s\u00edmbolos homosexuales. El desfile neoyorquino data de 1762, por lo que antecede incluso de la independencia de Estados Unidos, y es [&hellip;]<\/p>\n","protected":false},"author":1,"featured_media":483774,"comment_status":"closed","ping_status":"open","sticky":false,"template":"","format":"standard","meta":{"footnotes":""},"categories":[1],"tags":[],"class_list":["post-483773","post","type-post","status-publish","format-standard","has-post-thumbnail","hentry","category-actualidad"],"aioseo_notices":[],"aioseo_head":"\n\t\t<!-- All in One SEO Pro 5.0.1 - aioseo.com -->\n\t<meta name=\"description\" content=\"Nueva York, 4 feb (EFE).- El alcalde de Nueva York, Bill de Blasio, anunci\u00f3 hoy que no participar\u00e1 en el pr\u00f3ximo desfile de San Patricio debido a que los organizadores no permiten marchar con s\u00edmbolos homosexuales. El desfile neoyorquino data de 1762, por lo que antecede incluso de la independencia de Estados Unidos, y es\" \/>\n\t<meta name=\"robots\" content=\"max-image-preview:large\" \/>\n\t<meta name=\"author\" content=\"El Digital de Asturias\"\/>\n\t<meta name=\"google-site-verification\" content=\"UA-38556648-1\" \/>\n\t<meta name=\"msvalidate.01\" content=\"7dfe9f3f1b24437ab69f4f2559babe99\" \/>\n\t<meta name=\"keywords\" content=\"actualidad\" \/>\n\t<link rel=\"canonical\" href=\"https:\/\/www.eldigitaldeasturias.com\/noticias\/de-blasio-no-participara-en-el-desfile-de-san-patricio\/\" \/>\n\t<meta name=\"generator\" content=\"All in One SEO Pro (AIOSEO) 5.0.1\" \/>\n\t\t<meta property=\"og:locale\" content=\"es_ES\" \/>\n\t\t<meta property=\"og:site_name\" content=\"El Digital de Asturias\" \/>\n\t\t<meta property=\"og:type\" content=\"article\" \/>\n\t\t<meta property=\"og:title\" content=\"De Blasio no participar\u00e1 en el desfile de San Patricio - El Digital de Asturias\" \/>\n\t\t<meta property=\"og:description\" content=\"Nueva York, 4 feb (EFE).- El alcalde de Nueva York, Bill de Blasio, anunci\u00f3 hoy que no participar\u00e1 en el pr\u00f3ximo desfile de San Patricio debido a que los organizadores no permiten marchar con s\u00edmbolos homosexuales. El desfile neoyorquino data de 1762, por lo que antecede incluso de la independencia de Estados Unidos, y es\" \/>\n\t\t<meta property=\"og:url\" content=\"https:\/\/www.eldigitaldeasturias.com\/noticias\/de-blasio-no-participara-en-el-desfile-de-san-patricio\/\" \/>\n\t\t<meta property=\"article:tag\" content=\"actualidad\" \/>\n\t\t<meta property=\"article:published_time\" content=\"2014-02-05T02:49:21+00:00\" \/>\n\t\t<meta property=\"article:modified_time\" content=\"2014-02-05T02:49:21+00:00\" \/>\n\t\t<meta property=\"article:publisher\" content=\"https:\/\/facebook.com\/eldigitaldeasturias\" \/>\n\t\t<meta name=\"twitter:card\" content=\"summary_large_image\" \/>\n\t\t<meta name=\"twitter:title\" content=\"De Blasio no participar\u00e1 en el desfile de San Patricio - El Digital de Asturias\" \/>\n\t\t<meta name=\"twitter:description\" content=\"Nueva York, 4 feb (EFE).- El alcalde de Nueva York, Bill de Blasio, anunci\u00f3 hoy que no participar\u00e1 en el pr\u00f3ximo desfile de San Patricio debido a que los organizadores no permiten marchar con s\u00edmbolos homosexuales. El desfile neoyorquino data de 1762, por lo que antecede incluso de la independencia de Estados Unidos, y es\" \/>\n\t\t<meta name=\"twitter:label1\" content=\"Escrito por\" \/>\n\t\t<meta name=\"twitter:data1\" content=\"El Digital de Asturias\" \/>\n\t\t<meta name=\"twitter:label2\" content=\"Tiempo de lectura estimado\" \/>\n\t\t<meta name=\"twitter:data2\" content=\"2 minutos\" \/>\n\t\t<script type=\"application\/ld+json\" class=\"aioseo-schema\">\n\t\t\t{\"@context\":\"https:\\\/\\\/schema.org\",\"@graph\":[{\"@type\":\"BlogPosting\",\"@id\":\"https:\\\/\\\/www.eldigitaldeasturias.com\\\/noticias\\\/de-blasio-no-participara-en-el-desfile-de-san-patricio\\\/#blogposting\",\"name\":\"De Blasio no participar\\u00e1 en el desfile de San Patricio - El Digital de Asturias\",\"headline\":\"De Blasio no participar\\u00e1 en el desfile de San Patricio\",\"author\":{\"@id\":\"https:\\\/\\\/www.eldigitaldeasturias.com\\\/noticias\\\/author\\\/admin\\\/#author\"},\"publisher\":{\"@id\":\"https:\\\/\\\/www.eldigitaldeasturias.com\\\/noticias\\\/#organization\"},\"image\":{\"@type\":\"ImageObject\",\"url\":483774},\"datePublished\":\"2014-02-05T01:49:21+01:00\",\"dateModified\":\"2014-02-05T01:49:21+01:00\",\"inLanguage\":\"es-ES\",\"mainEntityOfPage\":{\"@id\":\"https:\\\/\\\/www.eldigitaldeasturias.com\\\/noticias\\\/de-blasio-no-participara-en-el-desfile-de-san-patricio\\\/#webpage\"},\"isPartOf\":{\"@id\":\"https:\\\/\\\/www.eldigitaldeasturias.com\\\/noticias\\\/de-blasio-no-participara-en-el-desfile-de-san-patricio\\\/#webpage\"},\"articleSection\":\"Actualidad\"},{\"@type\":\"BreadcrumbList\",\"@id\":\"https:\\\/\\\/www.eldigitaldeasturias.com\\\/noticias\\\/de-blasio-no-participara-en-el-desfile-de-san-patricio\\\/#breadcrumblist\",\"itemListElement\":[{\"@type\":\"ListItem\",\"@id\":\"https:\\\/\\\/www.eldigitaldeasturias.com\\\/noticias#listItem\",\"position\":1,\"name\":\"Home\",\"item\":\"https:\\\/\\\/www.eldigitaldeasturias.com\\\/noticias\",\"nextItem\":{\"@type\":\"ListItem\",\"@id\":\"https:\\\/\\\/www.eldigitaldeasturias.com\\\/noticias\\\/category\\\/actualidad\\\/#listItem\",\"name\":\"Actualidad\"}},{\"@type\":\"ListItem\",\"@id\":\"https:\\\/\\\/www.eldigitaldeasturias.com\\\/noticias\\\/category\\\/actualidad\\\/#listItem\",\"position\":2,\"name\":\"Actualidad\",\"item\":\"https:\\\/\\\/www.eldigitaldeasturias.com\\\/noticias\\\/category\\\/actualidad\\\/\",\"nextItem\":{\"@type\":\"ListItem\",\"@id\":\"https:\\\/\\\/www.eldigitaldeasturias.com\\\/noticias\\\/de-blasio-no-participara-en-el-desfile-de-san-patricio\\\/#listItem\",\"name\":\"De Blasio no participar\\u00e1 en el desfile de San Patricio\"},\"previousItem\":{\"@type\":\"ListItem\",\"@id\":\"https:\\\/\\\/www.eldigitaldeasturias.com\\\/noticias#listItem\",\"name\":\"Home\"}},{\"@type\":\"ListItem\",\"@id\":\"https:\\\/\\\/www.eldigitaldeasturias.com\\\/noticias\\\/de-blasio-no-participara-en-el-desfile-de-san-patricio\\\/#listItem\",\"position\":3,\"name\":\"De Blasio no participar\\u00e1 en el desfile de San Patricio\",\"previousItem\":{\"@type\":\"ListItem\",\"@id\":\"https:\\\/\\\/www.eldigitaldeasturias.com\\\/noticias\\\/category\\\/actualidad\\\/#listItem\",\"name\":\"Actualidad\"}}]},{\"@type\":\"Organization\",\"@id\":\"https:\\\/\\\/www.eldigitaldeasturias.com\\\/noticias\\\/#organization\",\"name\":\"El Digital de Asturias\",\"description\":\"Hemeroteca\",\"url\":\"https:\\\/\\\/www.eldigitaldeasturias.com\\\/noticias\\\/\",\"email\":\"info@eldigitaldeasturias.com\",\"telephone\":\"+34652131393\",\"logo\":{\"@type\":\"ImageObject\",\"url\":\"https:\\\/\\\/www.eldigitaldeasturias.com\\\/noticias\\\/wp-content\\\/uploads\\\/2020\\\/12\\\/EDA.jpg\",\"@id\":\"https:\\\/\\\/www.eldigitaldeasturias.com\\\/noticias\\\/de-blasio-no-participara-en-el-desfile-de-san-patricio\\\/#organizationLogo\"},\"image\":{\"@id\":\"https:\\\/\\\/www.eldigitaldeasturias.com\\\/noticias\\\/de-blasio-no-participara-en-el-desfile-de-san-patricio\\\/#organizationLogo\"},\"sameAs\":[\"https:\\\/\\\/facebook.com\\\/eldigitaldeasturias\",\"https:\\\/\\\/www.youtube.com\\\/channel\\\/UCZP-2wLEB9Rv6erhFmqVnvg\"],\"address\":{\"@id\":\"https:\\\/\\\/www.eldigitaldeasturias.com\\\/noticias\\\/#postaladdress\",\"@type\":\"PostalAddress\",\"streetAddress\":\"san antonio 4\",\"postalCode\":\"33430\",\"addressLocality\":\"Cand\\u00e1s\",\"addressRegion\":\"Asturias\",\"addressCountry\":\"ES\"}},{\"@type\":\"Person\",\"@id\":\"https:\\\/\\\/www.eldigitaldeasturias.com\\\/noticias\\\/author\\\/admin\\\/#author\",\"url\":\"https:\\\/\\\/www.eldigitaldeasturias.com\\\/noticias\\\/author\\\/admin\\\/\",\"name\":\"El Digital de Asturias\",\"image\":{\"@type\":\"ImageObject\",\"@id\":\"https:\\\/\\\/www.eldigitaldeasturias.com\\\/noticias\\\/de-blasio-no-participara-en-el-desfile-de-san-patricio\\\/#authorImage\",\"url\":\"https:\\\/\\\/secure.gravatar.com\\\/avatar\\\/df2aeffc32bcd13f8d26072ef8a91b623d677766deac7f97ca815868cd41bf5e?s=96&d=mm&r=g\",\"width\":96,\"height\":96,\"caption\":\"El Digital de Asturias\"}},{\"@type\":\"WebPage\",\"@id\":\"https:\\\/\\\/www.eldigitaldeasturias.com\\\/noticias\\\/de-blasio-no-participara-en-el-desfile-de-san-patricio\\\/#webpage\",\"url\":\"https:\\\/\\\/www.eldigitaldeasturias.com\\\/noticias\\\/de-blasio-no-participara-en-el-desfile-de-san-patricio\\\/\",\"name\":\"De Blasio no participar\\u00e1 en el desfile de San Patricio - El Digital de Asturias\",\"description\":\"Nueva York, 4 feb (EFE).- El alcalde de Nueva York, Bill de Blasio, anunci\\u00f3 hoy que no participar\\u00e1 en el pr\\u00f3ximo desfile de San Patricio debido a que los organizadores no permiten marchar con s\\u00edmbolos homosexuales. El desfile neoyorquino data de 1762, por lo que antecede incluso de la independencia de Estados Unidos, y es\",\"inLanguage\":\"es-ES\",\"isPartOf\":{\"@id\":\"https:\\\/\\\/www.eldigitaldeasturias.com\\\/noticias\\\/#website\"},\"breadcrumb\":{\"@id\":\"https:\\\/\\\/www.eldigitaldeasturias.com\\\/noticias\\\/de-blasio-no-participara-en-el-desfile-de-san-patricio\\\/#breadcrumblist\"},\"author\":{\"@id\":\"https:\\\/\\\/www.eldigitaldeasturias.com\\\/noticias\\\/author\\\/admin\\\/#author\"},\"creator\":{\"@id\":\"https:\\\/\\\/www.eldigitaldeasturias.com\\\/noticias\\\/author\\\/admin\\\/#author\"},\"image\":{\"@type\":\"ImageObject\",\"url\":483774,\"@id\":\"https:\\\/\\\/www.eldigitaldeasturias.com\\\/noticias\\\/de-blasio-no-participara-en-el-desfile-de-san-patricio\\\/#mainImage\"},\"primaryImageOfPage\":{\"@id\":\"https:\\\/\\\/www.eldigitaldeasturias.com\\\/noticias\\\/de-blasio-no-participara-en-el-desfile-de-san-patricio\\\/#mainImage\"},\"datePublished\":\"2014-02-05T01:49:21+01:00\",\"dateModified\":\"2014-02-05T01:49:21+01:00\"},{\"@type\":\"WebSite\",\"@id\":\"https:\\\/\\\/www.eldigitaldeasturias.com\\\/noticias\\\/#website\",\"url\":\"https:\\\/\\\/www.eldigitaldeasturias.com\\\/noticias\\\/\",\"name\":\"El Digital de Asturias - Diario de actualidad y noticias\",\"alternateName\":\"El Digital de Asturias - Diario de actualidad y noticias\",\"description\":\"Hemeroteca\",\"inLanguage\":\"es-ES\",\"publisher\":{\"@id\":\"https:\\\/\\\/www.eldigitaldeasturias.com\\\/noticias\\\/#organization\"}}]}\n\t\t<\/script>\n\t\t<!-- All in One SEO Pro -->\r\n\t\t<title>De Blasio no participar\u00e1 en el desfile de San Patricio - El Digital de Asturias<\/title>\n\n","aioseo_head_json":{"title":"De Blasio no participar\u00e1 en el desfile de San Patricio - El Digital de Asturias","description":"Nueva York, 4 feb (EFE).- El alcalde de Nueva York, Bill de Blasio, anunci\u00f3 hoy que no participar\u00e1 en el pr\u00f3ximo desfile de San Patricio debido a que los organizadores no permiten marchar con s\u00edmbolos homosexuales. El desfile neoyorquino data de 1762, por lo que antecede incluso de la independencia de Estados Unidos, y es","canonical_url":"https:\/\/www.eldigitaldeasturias.com\/noticias\/de-blasio-no-participara-en-el-desfile-de-san-patricio\/","robots":"max-image-preview:large","keywords":"actualidad","webmasterTools":{"google-site-verification":"UA-38556648-1","msvalidate.01":"7dfe9f3f1b24437ab69f4f2559babe99","miscellaneous":""},"schema":{"@context":"https:\/\/schema.org","@graph":[{"@type":"BlogPosting","@id":"https:\/\/www.eldigitaldeasturias.com\/noticias\/de-blasio-no-participara-en-el-desfile-de-san-patricio\/#blogposting","name":"De Blasio no participar\u00e1 en el desfile de San Patricio - El Digital de Asturias","headline":"De Blasio no participar\u00e1 en el desfile de San Patricio","author":{"@id":"https:\/\/www.eldigitaldeasturias.com\/noticias\/author\/admin\/#author"},"publisher":{"@id":"https:\/\/www.eldigitaldeasturias.com\/noticias\/#organization"},"image":{"@type":"ImageObject","url":483774},"datePublished":"2014-02-05T01:49:21+01:00","dateModified":"2014-02-05T01:49:21+01:00","inLanguage":"es-ES","mainEntityOfPage":{"@id":"https:\/\/www.eldigitaldeasturias.com\/noticias\/de-blasio-no-participara-en-el-desfile-de-san-patricio\/#webpage"},"isPartOf":{"@id":"https:\/\/www.eldigitaldeasturias.com\/noticias\/de-blasio-no-participara-en-el-desfile-de-san-patricio\/#webpage"},"articleSection":"Actualidad"},{"@type":"BreadcrumbList","@id":"https:\/\/www.eldigitaldeasturias.com\/noticias\/de-blasio-no-participara-en-el-desfile-de-san-patricio\/#breadcrumblist","itemListElement":[{"@type":"ListItem","@id":"https:\/\/www.eldigitaldeasturias.com\/noticias#listItem","position":1,"name":"Home","item":"https:\/\/www.eldigitaldeasturias.com\/noticias","nextItem":{"@type":"ListItem","@id":"https:\/\/www.eldigitaldeasturias.com\/noticias\/category\/actualidad\/#listItem","name":"Actualidad"}},{"@type":"ListItem","@id":"https:\/\/www.eldigitaldeasturias.com\/noticias\/category\/actualidad\/#listItem","position":2,"name":"Actualidad","item":"https:\/\/www.eldigitaldeasturias.com\/noticias\/category\/actualidad\/","nextItem":{"@type":"ListItem","@id":"https:\/\/www.eldigitaldeasturias.com\/noticias\/de-blasio-no-participara-en-el-desfile-de-san-patricio\/#listItem","name":"De Blasio no participar\u00e1 en el desfile de San Patricio"},"previousItem":{"@type":"ListItem","@id":"https:\/\/www.eldigitaldeasturias.com\/noticias#listItem","name":"Home"}},{"@type":"ListItem","@id":"https:\/\/www.eldigitaldeasturias.com\/noticias\/de-blasio-no-participara-en-el-desfile-de-san-patricio\/#listItem","position":3,"name":"De Blasio no participar\u00e1 en el desfile de San Patricio","previousItem":{"@type":"ListItem","@id":"https:\/\/www.eldigitaldeasturias.com\/noticias\/category\/actualidad\/#listItem","name":"Actualidad"}}]},{"@type":"Organization","@id":"https:\/\/www.eldigitaldeasturias.com\/noticias\/#organization","name":"El Digital de Asturias","description":"Hemeroteca","url":"https:\/\/www.eldigitaldeasturias.com\/noticias\/","email":"info@eldigitaldeasturias.com","telephone":"+34652131393","logo":{"@type":"ImageObject","url":"https:\/\/www.eldigitaldeasturias.com\/noticias\/wp-content\/uploads\/2020\/12\/EDA.jpg","@id":"https:\/\/www.eldigitaldeasturias.com\/noticias\/de-blasio-no-participara-en-el-desfile-de-san-patricio\/#organizationLogo"},"image":{"@id":"https:\/\/www.eldigitaldeasturias.com\/noticias\/de-blasio-no-participara-en-el-desfile-de-san-patricio\/#organizationLogo"},"sameAs":["https:\/\/facebook.com\/eldigitaldeasturias","https:\/\/www.youtube.com\/channel\/UCZP-2wLEB9Rv6erhFmqVnvg"],"address":{"@id":"https:\/\/www.eldigitaldeasturias.com\/noticias\/#postaladdress","@type":"PostalAddress","streetAddress":"san antonio 4","postalCode":"33430","addressLocality":"Cand\u00e1s","addressRegion":"Asturias","addressCountry":"ES"}},{"@type":"Person","@id":"https:\/\/www.eldigitaldeasturias.com\/noticias\/author\/admin\/#author","url":"https:\/\/www.eldigitaldeasturias.com\/noticias\/author\/admin\/","name":"El Digital de Asturias","image":{"@type":"ImageObject","@id":"https:\/\/www.eldigitaldeasturias.com\/noticias\/de-blasio-no-participara-en-el-desfile-de-san-patricio\/#authorImage","url":"https:\/\/secure.gravatar.com\/avatar\/df2aeffc32bcd13f8d26072ef8a91b623d677766deac7f97ca815868cd41bf5e?s=96&d=mm&r=g","width":96,"height":96,"caption":"El Digital de Asturias"}},{"@type":"WebPage","@id":"https:\/\/www.eldigitaldeasturias.com\/noticias\/de-blasio-no-participara-en-el-desfile-de-san-patricio\/#webpage","url":"https:\/\/www.eldigitaldeasturias.com\/noticias\/de-blasio-no-participara-en-el-desfile-de-san-patricio\/","name":"De Blasio no participar\u00e1 en el desfile de San Patricio - El Digital de Asturias","description":"Nueva York, 4 feb (EFE).- El alcalde de Nueva York, Bill de Blasio, anunci\u00f3 hoy que no participar\u00e1 en el pr\u00f3ximo desfile de San Patricio debido a que los organizadores no permiten marchar con s\u00edmbolos homosexuales. El desfile neoyorquino data de 1762, por lo que antecede incluso de la independencia de Estados Unidos, y es","inLanguage":"es-ES","isPartOf":{"@id":"https:\/\/www.eldigitaldeasturias.com\/noticias\/#website"},"breadcrumb":{"@id":"https:\/\/www.eldigitaldeasturias.com\/noticias\/de-blasio-no-participara-en-el-desfile-de-san-patricio\/#breadcrumblist"},"author":{"@id":"https:\/\/www.eldigitaldeasturias.com\/noticias\/author\/admin\/#author"},"creator":{"@id":"https:\/\/www.eldigitaldeasturias.com\/noticias\/author\/admin\/#author"},"image":{"@type":"ImageObject","url":483774,"@id":"https:\/\/www.eldigitaldeasturias.com\/noticias\/de-blasio-no-participara-en-el-desfile-de-san-patricio\/#mainImage"},"primaryImageOfPage":{"@id":"https:\/\/www.eldigitaldeasturias.com\/noticias\/de-blasio-no-participara-en-el-desfile-de-san-patricio\/#mainImage"},"datePublished":"2014-02-05T01:49:21+01:00","dateModified":"2014-02-05T01:49:21+01:00"},{"@type":"WebSite","@id":"https:\/\/www.eldigitaldeasturias.com\/noticias\/#website","url":"https:\/\/www.eldigitaldeasturias.com\/noticias\/","name":"El Digital de Asturias - Diario de actualidad y noticias","alternateName":"El Digital de Asturias - Diario de actualidad y noticias","description":"Hemeroteca","inLanguage":"es-ES","publisher":{"@id":"https:\/\/www.eldigitaldeasturias.com\/noticias\/#organization"}}]},"og:locale":"es_ES","og:site_name":"El Digital de Asturias","og:type":"article","og:title":"De Blasio no participar\u00e1 en el desfile de San Patricio - El Digital de Asturias","og:description":"Nueva York, 4 feb (EFE).- El alcalde de Nueva York, Bill de Blasio, anunci\u00f3 hoy que no participar\u00e1 en el pr\u00f3ximo desfile de San Patricio debido a que los organizadores no permiten marchar con s\u00edmbolos homosexuales. El desfile neoyorquino data de 1762, por lo que antecede incluso de la independencia de Estados Unidos, y es","og:url":"https:\/\/www.eldigitaldeasturias.com\/noticias\/de-blasio-no-participara-en-el-desfile-de-san-patricio\/","article:tag":["actualidad"],"article:published_time":"2014-02-05T02:49:21+00:00","article:modified_time":"2014-02-05T02:49:21+00:00","article:publisher":"https:\/\/facebook.com\/eldigitaldeasturias","twitter:card":"summary_large_image","twitter:title":"De Blasio no participar\u00e1 en el desfile de San Patricio - El Digital de Asturias","twitter:description":"Nueva York, 4 feb (EFE).- El alcalde de Nueva York, Bill de Blasio, anunci\u00f3 hoy que no participar\u00e1 en el pr\u00f3ximo desfile de San Patricio debido a que los organizadores no permiten marchar con s\u00edmbolos homosexuales. El desfile neoyorquino data de 1762, por lo que antecede incluso de la independencia de Estados Unidos, y es","twitter:label1":"Escrito por","twitter:data1":"El Digital de Asturias","twitter:label2":"Tiempo de lectura estimado","twitter:data2":"2 minutos"},"aioseo_meta_data":{"post_id":"483773","title":null,"description":null,"keywords":null,"keyphrases":null,"primary_term":null,"canonical_url":null,"og_title":null,"og_description":null,"og_object_type":"default","og_image_type":"default","og_image_url":null,"og_image_width":null,"og_image_height":null,"og_image_custom_url":null,"og_image_custom_fields":null,"og_video":null,"og_custom_url":null,"og_article_section":null,"og_article_tags":null,"twitter_use_og":true,"twitter_card":"default","twitter_image_type":"default","twitter_image_url":null,"twitter_image_custom_url":null,"twitter_image_custom_fields":null,"twitter_title":null,"twitter_description":null,"schema":{"blockGraphs":[],"customGraphs":[],"default":{"data":{"Article":[],"Course":[],"Dataset":[],"FAQPage":[],"Movie":[],"Person":[],"Product":[],"ProductReview":[],"Car":[],"Recipe":[],"Service":[],"SoftwareApplication":[],"WebPage":[]},"graphName":"","isEnabled":true},"graphs":[],"defaultGraph":"","defaultPostTypeGraph":""},"schema_type":null,"schema_type_options":null,"pillar_content":false,"robots_default":true,"robots_noindex":false,"robots_noarchive":false,"robots_nosnippet":false,"robots_nofollow":false,"robots_noimageindex":false,"robots_noodp":false,"robots_notranslate":false,"robots_max_snippet":null,"robots_max_videopreview":null,"robots_max_imagepreview":"none","priority":null,"frequency":null,"local_seo":null,"seo_analyzer_scan_date":"2026-06-02 13:50:52","breadcrumb_settings":null,"limit_modified_date":false,"open_ai":null,"ai":null,"created":"2020-11-14 22:54:51","updated":"2026-06-02 13:50:52","focus_keyword":null,"additional_keywords":null,"truseo_locale":null},"aioseo_breadcrumb":"<div class=\"aioseo-breadcrumbs\"><span class=\"aioseo-breadcrumb\">\n\t<a href=\"https:\/\/www.eldigitaldeasturias.com\/noticias\" title=\"Home\">Home<\/a>\n<\/span><span class=\"aioseo-breadcrumb-separator\">\u2013<\/span><span class=\"aioseo-breadcrumb\">\n\t<a href=\"https:\/\/www.eldigitaldeasturias.com\/noticias\/category\/actualidad\/\" title=\"Actualidad\">Actualidad<\/a>\n<\/span><span class=\"aioseo-breadcrumb-separator\">\u2013<\/span><span class=\"aioseo-breadcrumb\">\n\t<a href=\"https:\/\/www.eldigitaldeasturias.com\/noticias\/de-blasio-no-participara-en-el-desfile-de-san-patricio\/\" title=\"De Blasio no participar\u00e1 en el desfile de San Patricio\">De Blasio no participar\u00e1 en el desfile de San Patricio<\/a>\n<\/span><\/div>","aioseo_breadcrumb_json":[{"label":"Home","link":"https:\/\/www.eldigitaldeasturias.com\/noticias"},{"label":"Actualidad","link":"https:\/\/www.eldigitaldeasturias.com\/noticias\/category\/actualidad\/"},{"label":"De Blasio no participar\u00e1 en el desfile de San Patricio","link":"https:\/\/www.eldigitaldeasturias.com\/noticias\/de-blasio-no-participara-en-el-desfile-de-san-patricio\/"}],"_links":{"self":[{"href":"https:\/\/www.eldigitaldeasturias.com\/noticias\/wp-json\/wp\/v2\/posts\/483773","targetHints":{"allow":["GET"]}}],"collection":[{"href":"https:\/\/www.eldigitaldeasturias.com\/noticias\/wp-json\/wp\/v2\/posts"}],"about":[{"href":"https:\/\/www.eldigitaldeasturias.com\/noticias\/wp-json\/wp\/v2\/types\/post"}],"author":[{"embeddable":true,"href":"https:\/\/www.eldigitaldeasturias.com\/noticias\/wp-json\/wp\/v2\/users\/1"}],"replies":[{"embeddable":true,"href":"https:\/\/www.eldigitaldeasturias.com\/noticias\/wp-json\/wp\/v2\/comments?post=483773"}],"version-history":[{"count":0,"href":"https:\/\/www.eldigitaldeasturias.com\/noticias\/wp-json\/wp\/v2\/posts\/483773\/revisions"}],"wp:attachment":[{"href":"https:\/\/www.eldigitaldeasturias.com\/noticias\/wp-json\/wp\/v2\/media?parent=483773"}],"wp:term":[{"taxonomy":"category","embeddable":true,"href":"https:\/\/www.eldigitaldeasturias.com\/noticias\/wp-json\/wp\/v2\/categories?post=483773"},{"taxonomy":"post_tag","embeddable":true,"href":"https:\/\/www.eldigitaldeasturias.com\/noticias\/wp-json\/wp\/v2\/tags?post=483773"}],"curies":[{"name":"wp","href":"https:\/\/api.w.org\/{rel}","templated":true}]}}