{"id":483758,"date":"2014-02-05T01:41:17","date_gmt":"2014-02-05T02:41:17","guid":{"rendered":"http:\/\/www.eldigitaldeasturias.com\/noticias\/?p=483758"},"modified":"2014-02-05T01:41:17","modified_gmt":"2014-02-05T02:41:17","slug":"la-onu-confirma-la-liberacion-de-dos-de-21-empleados-secuestrados-en-siria","status":"publish","type":"post","link":"https:\/\/www.eldigitaldeasturias.com\/noticias\/la-onu-confirma-la-liberacion-de-dos-de-21-empleados-secuestrados-en-siria\/","title":{"rendered":"La ONU confirma la liberaci\u00f3n de dos de 21 empleados secuestrados en Siria"},"content":{"rendered":"<p><img loading=\"lazy\" decoding=\"async\" class=\"alignleft size-medium wp-image-483759\" alt=\"5909658w\" src=\"https:\/\/www.eldigitaldeasturias.com\/noticias\/wp-content\/uploads\/2014\/02\/5909658w-360x276.jpg\" width=\"360\" height=\"276\" \/>Naciones Unidas, 4 feb (EFE).- La ONU confirm\u00f3 hoy que dos de los 21 trabajadores de la organizaci\u00f3n que permanecen secuestrados en Siria fueron liberados en las \u00faltimas horas.<\/p>\n<p>\u00abPuedo confirmar que dos de nuestros empleados han sido liberados de los 21 que permanec\u00edan retenidos\u00bb, dijo hoy ante la prensa el portavoz de la ONU, Martin Nesirky.<\/p>\n<p>El portavoz del secretario general, Ban Ki-moon, no detall\u00f3 si los dos trabajadores liberados estaban en manos de fuerzas del r\u00e9gimen de Bachar al Asad o de la oposici\u00f3n armada.<\/p>\n<p>\u00abNo quiero entrar en m\u00e1s detalles\u00bb, reiter\u00f3 Nesirky ante las preguntas de los periodistas.<\/p>\n<p>La mayor\u00eda de los empleados de la organizaci\u00f3n secuestrados son de nacionalidad siria pero Nesirky dijo que en este momento no puede confirmar el origen de los liberados.<\/p>\n<p>Las liberaciones anunciadas hoy tienen lugar mientras el Gobierno sirio y la oposici\u00f3n se preparan para una segunda ronda de negociaciones de paz que arrancar\u00e1n el 10 de febrero.<\/p>\n<p>Las conversaciones arrancaron el pasado 22 de enero en la ciudad suiza de Montreaux y despu\u00e9s continuaron en Ginebra, bajo los auspicios del mediador internacional, Lajdar Brahimi.<\/p>\n<p>Aunque aceptan seguir conversando, las partes difieren en las prioridades, ya que el r\u00e9gimen quiere centrarse en la lucha contra el terrorismo, y la oposici\u00f3n en la transici\u00f3n pol\u00edtica.<\/p>\n","protected":false},"excerpt":{"rendered":"<p>Naciones Unidas, 4 feb (EFE).- La ONU confirm\u00f3 hoy que dos de los 21 trabajadores de la organizaci\u00f3n que permanecen secuestrados en Siria fueron liberados en las \u00faltimas horas. \u00abPuedo confirmar que dos de nuestros empleados han sido liberados de los 21 que permanec\u00edan retenidos\u00bb, dijo hoy ante la prensa el portavoz de la ONU, [&hellip;]<\/p>\n","protected":false},"author":1,"featured_media":483759,"comment_status":"closed","ping_status":"open","sticky":false,"template":"","format":"standard","meta":{"footnotes":""},"categories":[1],"tags":[],"class_list":["post-483758","post","type-post","status-publish","format-standard","has-post-thumbnail","hentry","category-actualidad"],"aioseo_notices":[],"aioseo_head":"\n\t\t<!-- All in One SEO Pro 5.0.1 - aioseo.com -->\n\t<meta name=\"description\" content=\"Naciones Unidas, 4 feb (EFE).- La ONU confirm\u00f3 hoy que dos de los 21 trabajadores de la organizaci\u00f3n que permanecen secuestrados en Siria fueron liberados en las \u00faltimas horas. &quot;Puedo confirmar que dos de nuestros empleados han sido liberados de los 21 que permanec\u00edan retenidos&quot;, dijo hoy ante la prensa el portavoz de la ONU,\" \/>\n\t<meta name=\"robots\" content=\"max-image-preview:large\" \/>\n\t<meta name=\"author\" content=\"El Digital de Asturias\"\/>\n\t<meta name=\"google-site-verification\" content=\"UA-38556648-1\" \/>\n\t<meta name=\"msvalidate.01\" content=\"7dfe9f3f1b24437ab69f4f2559babe99\" \/>\n\t<meta name=\"keywords\" content=\"actualidad\" \/>\n\t<link rel=\"canonical\" href=\"https:\/\/www.eldigitaldeasturias.com\/noticias\/la-onu-confirma-la-liberacion-de-dos-de-21-empleados-secuestrados-en-siria\/\" \/>\n\t<meta name=\"generator\" content=\"All in One SEO Pro (AIOSEO) 5.0.1\" \/>\n\t\t<meta property=\"og:locale\" content=\"es_ES\" \/>\n\t\t<meta property=\"og:site_name\" content=\"El Digital de Asturias\" \/>\n\t\t<meta property=\"og:type\" content=\"article\" \/>\n\t\t<meta property=\"og:title\" content=\"La ONU confirma la liberaci\u00f3n de dos de 21 empleados secuestrados en Siria - El Digital de Asturias\" \/>\n\t\t<meta property=\"og:description\" content=\"Naciones Unidas, 4 feb (EFE).- La ONU confirm\u00f3 hoy que dos de los 21 trabajadores de la organizaci\u00f3n que permanecen secuestrados en Siria fueron liberados en las \u00faltimas horas. &quot;Puedo confirmar que dos de nuestros empleados han sido liberados de los 21 que permanec\u00edan retenidos&quot;, dijo hoy ante la prensa el portavoz de la ONU,\" \/>\n\t\t<meta property=\"og:url\" content=\"https:\/\/www.eldigitaldeasturias.com\/noticias\/la-onu-confirma-la-liberacion-de-dos-de-21-empleados-secuestrados-en-siria\/\" \/>\n\t\t<meta property=\"article:tag\" content=\"actualidad\" \/>\n\t\t<meta property=\"article:published_time\" content=\"2014-02-05T02:41:17+00:00\" \/>\n\t\t<meta property=\"article:modified_time\" content=\"2014-02-05T02:41:17+00:00\" \/>\n\t\t<meta property=\"article:publisher\" content=\"https:\/\/facebook.com\/eldigitaldeasturias\" \/>\n\t\t<meta name=\"twitter:card\" content=\"summary_large_image\" \/>\n\t\t<meta name=\"twitter:title\" content=\"La ONU confirma la liberaci\u00f3n de dos de 21 empleados secuestrados en Siria - El Digital de Asturias\" \/>\n\t\t<meta name=\"twitter:description\" content=\"Naciones Unidas, 4 feb (EFE).- La ONU confirm\u00f3 hoy que dos de los 21 trabajadores de la organizaci\u00f3n que permanecen secuestrados en Siria fueron liberados en las \u00faltimas horas. &quot;Puedo confirmar que dos de nuestros empleados han sido liberados de los 21 que permanec\u00edan retenidos&quot;, dijo hoy ante la prensa el portavoz de la ONU,\" \/>\n\t\t<meta name=\"twitter:label1\" content=\"Escrito por\" \/>\n\t\t<meta name=\"twitter:data1\" content=\"El Digital de Asturias\" \/>\n\t\t<meta name=\"twitter:label2\" content=\"Tiempo de lectura estimado\" \/>\n\t\t<meta name=\"twitter:data2\" content=\"1 minuto\" \/>\n\t\t<script type=\"application\/ld+json\" class=\"aioseo-schema\">\n\t\t\t{\"@context\":\"https:\\\/\\\/schema.org\",\"@graph\":[{\"@type\":\"BlogPosting\",\"@id\":\"https:\\\/\\\/www.eldigitaldeasturias.com\\\/noticias\\\/la-onu-confirma-la-liberacion-de-dos-de-21-empleados-secuestrados-en-siria\\\/#blogposting\",\"name\":\"La ONU confirma la liberaci\\u00f3n de dos de 21 empleados secuestrados en Siria - El Digital de Asturias\",\"headline\":\"La ONU confirma la liberaci\\u00f3n de dos de 21 empleados secuestrados en Siria\",\"author\":{\"@id\":\"https:\\\/\\\/www.eldigitaldeasturias.com\\\/noticias\\\/author\\\/admin\\\/#author\"},\"publisher\":{\"@id\":\"https:\\\/\\\/www.eldigitaldeasturias.com\\\/noticias\\\/#organization\"},\"image\":{\"@type\":\"ImageObject\",\"url\":483759},\"datePublished\":\"2014-02-05T01:41:17+01:00\",\"dateModified\":\"2014-02-05T01:41:17+01:00\",\"inLanguage\":\"es-ES\",\"mainEntityOfPage\":{\"@id\":\"https:\\\/\\\/www.eldigitaldeasturias.com\\\/noticias\\\/la-onu-confirma-la-liberacion-de-dos-de-21-empleados-secuestrados-en-siria\\\/#webpage\"},\"isPartOf\":{\"@id\":\"https:\\\/\\\/www.eldigitaldeasturias.com\\\/noticias\\\/la-onu-confirma-la-liberacion-de-dos-de-21-empleados-secuestrados-en-siria\\\/#webpage\"},\"articleSection\":\"Actualidad\"},{\"@type\":\"BreadcrumbList\",\"@id\":\"https:\\\/\\\/www.eldigitaldeasturias.com\\\/noticias\\\/la-onu-confirma-la-liberacion-de-dos-de-21-empleados-secuestrados-en-siria\\\/#breadcrumblist\",\"itemListElement\":[{\"@type\":\"ListItem\",\"@id\":\"https:\\\/\\\/www.eldigitaldeasturias.com\\\/noticias#listItem\",\"position\":1,\"name\":\"Home\",\"item\":\"https:\\\/\\\/www.eldigitaldeasturias.com\\\/noticias\",\"nextItem\":{\"@type\":\"ListItem\",\"@id\":\"https:\\\/\\\/www.eldigitaldeasturias.com\\\/noticias\\\/category\\\/actualidad\\\/#listItem\",\"name\":\"Actualidad\"}},{\"@type\":\"ListItem\",\"@id\":\"https:\\\/\\\/www.eldigitaldeasturias.com\\\/noticias\\\/category\\\/actualidad\\\/#listItem\",\"position\":2,\"name\":\"Actualidad\",\"item\":\"https:\\\/\\\/www.eldigitaldeasturias.com\\\/noticias\\\/category\\\/actualidad\\\/\",\"nextItem\":{\"@type\":\"ListItem\",\"@id\":\"https:\\\/\\\/www.eldigitaldeasturias.com\\\/noticias\\\/la-onu-confirma-la-liberacion-de-dos-de-21-empleados-secuestrados-en-siria\\\/#listItem\",\"name\":\"La ONU confirma la liberaci\\u00f3n de dos de 21 empleados secuestrados en Siria\"},\"previousItem\":{\"@type\":\"ListItem\",\"@id\":\"https:\\\/\\\/www.eldigitaldeasturias.com\\\/noticias#listItem\",\"name\":\"Home\"}},{\"@type\":\"ListItem\",\"@id\":\"https:\\\/\\\/www.eldigitaldeasturias.com\\\/noticias\\\/la-onu-confirma-la-liberacion-de-dos-de-21-empleados-secuestrados-en-siria\\\/#listItem\",\"position\":3,\"name\":\"La ONU confirma la liberaci\\u00f3n de dos de 21 empleados secuestrados en Siria\",\"previousItem\":{\"@type\":\"ListItem\",\"@id\":\"https:\\\/\\\/www.eldigitaldeasturias.com\\\/noticias\\\/category\\\/actualidad\\\/#listItem\",\"name\":\"Actualidad\"}}]},{\"@type\":\"Organization\",\"@id\":\"https:\\\/\\\/www.eldigitaldeasturias.com\\\/noticias\\\/#organization\",\"name\":\"El Digital de Asturias\",\"description\":\"Hemeroteca\",\"url\":\"https:\\\/\\\/www.eldigitaldeasturias.com\\\/noticias\\\/\",\"email\":\"info@eldigitaldeasturias.com\",\"telephone\":\"+34652131393\",\"logo\":{\"@type\":\"ImageObject\",\"url\":\"https:\\\/\\\/www.eldigitaldeasturias.com\\\/noticias\\\/wp-content\\\/uploads\\\/2020\\\/12\\\/EDA.jpg\",\"@id\":\"https:\\\/\\\/www.eldigitaldeasturias.com\\\/noticias\\\/la-onu-confirma-la-liberacion-de-dos-de-21-empleados-secuestrados-en-siria\\\/#organizationLogo\"},\"image\":{\"@id\":\"https:\\\/\\\/www.eldigitaldeasturias.com\\\/noticias\\\/la-onu-confirma-la-liberacion-de-dos-de-21-empleados-secuestrados-en-siria\\\/#organizationLogo\"},\"sameAs\":[\"https:\\\/\\\/facebook.com\\\/eldigitaldeasturias\",\"https:\\\/\\\/www.youtube.com\\\/channel\\\/UCZP-2wLEB9Rv6erhFmqVnvg\"],\"address\":{\"@id\":\"https:\\\/\\\/www.eldigitaldeasturias.com\\\/noticias\\\/#postaladdress\",\"@type\":\"PostalAddress\",\"streetAddress\":\"san antonio 4\",\"postalCode\":\"33430\",\"addressLocality\":\"Cand\\u00e1s\",\"addressRegion\":\"Asturias\",\"addressCountry\":\"ES\"}},{\"@type\":\"Person\",\"@id\":\"https:\\\/\\\/www.eldigitaldeasturias.com\\\/noticias\\\/author\\\/admin\\\/#author\",\"url\":\"https:\\\/\\\/www.eldigitaldeasturias.com\\\/noticias\\\/author\\\/admin\\\/\",\"name\":\"El Digital de Asturias\",\"image\":{\"@type\":\"ImageObject\",\"@id\":\"https:\\\/\\\/www.eldigitaldeasturias.com\\\/noticias\\\/la-onu-confirma-la-liberacion-de-dos-de-21-empleados-secuestrados-en-siria\\\/#authorImage\",\"url\":\"https:\\\/\\\/secure.gravatar.com\\\/avatar\\\/df2aeffc32bcd13f8d26072ef8a91b623d677766deac7f97ca815868cd41bf5e?s=96&d=mm&r=g\",\"width\":96,\"height\":96,\"caption\":\"El Digital de Asturias\"}},{\"@type\":\"WebPage\",\"@id\":\"https:\\\/\\\/www.eldigitaldeasturias.com\\\/noticias\\\/la-onu-confirma-la-liberacion-de-dos-de-21-empleados-secuestrados-en-siria\\\/#webpage\",\"url\":\"https:\\\/\\\/www.eldigitaldeasturias.com\\\/noticias\\\/la-onu-confirma-la-liberacion-de-dos-de-21-empleados-secuestrados-en-siria\\\/\",\"name\":\"La ONU confirma la liberaci\\u00f3n de dos de 21 empleados secuestrados en Siria - El Digital de Asturias\",\"description\":\"Naciones Unidas, 4 feb (EFE).- La ONU confirm\\u00f3 hoy que dos de los 21 trabajadores de la organizaci\\u00f3n que permanecen secuestrados en Siria fueron liberados en las \\u00faltimas horas. \\\"Puedo confirmar que dos de nuestros empleados han sido liberados de los 21 que permanec\\u00edan retenidos\\\", dijo hoy ante la prensa el portavoz de la ONU,\",\"inLanguage\":\"es-ES\",\"isPartOf\":{\"@id\":\"https:\\\/\\\/www.eldigitaldeasturias.com\\\/noticias\\\/#website\"},\"breadcrumb\":{\"@id\":\"https:\\\/\\\/www.eldigitaldeasturias.com\\\/noticias\\\/la-onu-confirma-la-liberacion-de-dos-de-21-empleados-secuestrados-en-siria\\\/#breadcrumblist\"},\"author\":{\"@id\":\"https:\\\/\\\/www.eldigitaldeasturias.com\\\/noticias\\\/author\\\/admin\\\/#author\"},\"creator\":{\"@id\":\"https:\\\/\\\/www.eldigitaldeasturias.com\\\/noticias\\\/author\\\/admin\\\/#author\"},\"image\":{\"@type\":\"ImageObject\",\"url\":483759,\"@id\":\"https:\\\/\\\/www.eldigitaldeasturias.com\\\/noticias\\\/la-onu-confirma-la-liberacion-de-dos-de-21-empleados-secuestrados-en-siria\\\/#mainImage\"},\"primaryImageOfPage\":{\"@id\":\"https:\\\/\\\/www.eldigitaldeasturias.com\\\/noticias\\\/la-onu-confirma-la-liberacion-de-dos-de-21-empleados-secuestrados-en-siria\\\/#mainImage\"},\"datePublished\":\"2014-02-05T01:41:17+01:00\",\"dateModified\":\"2014-02-05T01:41:17+01:00\"},{\"@type\":\"WebSite\",\"@id\":\"https:\\\/\\\/www.eldigitaldeasturias.com\\\/noticias\\\/#website\",\"url\":\"https:\\\/\\\/www.eldigitaldeasturias.com\\\/noticias\\\/\",\"name\":\"El Digital de Asturias - Diario de actualidad y noticias\",\"alternateName\":\"El Digital de Asturias - Diario de actualidad y noticias\",\"description\":\"Hemeroteca\",\"inLanguage\":\"es-ES\",\"publisher\":{\"@id\":\"https:\\\/\\\/www.eldigitaldeasturias.com\\\/noticias\\\/#organization\"}}]}\n\t\t<\/script>\n\t\t<!-- All in One SEO Pro -->\r\n\t\t<title>La ONU confirma la liberaci\u00f3n de dos de 21 empleados secuestrados en Siria - El Digital de Asturias<\/title>\n\n","aioseo_head_json":{"title":"La ONU confirma la liberaci\u00f3n de dos de 21 empleados secuestrados en Siria - El Digital de Asturias","description":"Naciones Unidas, 4 feb (EFE).- La ONU confirm\u00f3 hoy que dos de los 21 trabajadores de la organizaci\u00f3n que permanecen secuestrados en Siria fueron liberados en las \u00faltimas horas. \"Puedo confirmar que dos de nuestros empleados han sido liberados de los 21 que permanec\u00edan retenidos\", dijo hoy ante la prensa el portavoz de la ONU,","canonical_url":"https:\/\/www.eldigitaldeasturias.com\/noticias\/la-onu-confirma-la-liberacion-de-dos-de-21-empleados-secuestrados-en-siria\/","robots":"max-image-preview:large","keywords":"actualidad","webmasterTools":{"google-site-verification":"UA-38556648-1","msvalidate.01":"7dfe9f3f1b24437ab69f4f2559babe99","miscellaneous":""},"schema":{"@context":"https:\/\/schema.org","@graph":[{"@type":"BlogPosting","@id":"https:\/\/www.eldigitaldeasturias.com\/noticias\/la-onu-confirma-la-liberacion-de-dos-de-21-empleados-secuestrados-en-siria\/#blogposting","name":"La ONU confirma la liberaci\u00f3n de dos de 21 empleados secuestrados en Siria - El Digital de Asturias","headline":"La ONU confirma la liberaci\u00f3n de dos de 21 empleados secuestrados en Siria","author":{"@id":"https:\/\/www.eldigitaldeasturias.com\/noticias\/author\/admin\/#author"},"publisher":{"@id":"https:\/\/www.eldigitaldeasturias.com\/noticias\/#organization"},"image":{"@type":"ImageObject","url":483759},"datePublished":"2014-02-05T01:41:17+01:00","dateModified":"2014-02-05T01:41:17+01:00","inLanguage":"es-ES","mainEntityOfPage":{"@id":"https:\/\/www.eldigitaldeasturias.com\/noticias\/la-onu-confirma-la-liberacion-de-dos-de-21-empleados-secuestrados-en-siria\/#webpage"},"isPartOf":{"@id":"https:\/\/www.eldigitaldeasturias.com\/noticias\/la-onu-confirma-la-liberacion-de-dos-de-21-empleados-secuestrados-en-siria\/#webpage"},"articleSection":"Actualidad"},{"@type":"BreadcrumbList","@id":"https:\/\/www.eldigitaldeasturias.com\/noticias\/la-onu-confirma-la-liberacion-de-dos-de-21-empleados-secuestrados-en-siria\/#breadcrumblist","itemListElement":[{"@type":"ListItem","@id":"https:\/\/www.eldigitaldeasturias.com\/noticias#listItem","position":1,"name":"Home","item":"https:\/\/www.eldigitaldeasturias.com\/noticias","nextItem":{"@type":"ListItem","@id":"https:\/\/www.eldigitaldeasturias.com\/noticias\/category\/actualidad\/#listItem","name":"Actualidad"}},{"@type":"ListItem","@id":"https:\/\/www.eldigitaldeasturias.com\/noticias\/category\/actualidad\/#listItem","position":2,"name":"Actualidad","item":"https:\/\/www.eldigitaldeasturias.com\/noticias\/category\/actualidad\/","nextItem":{"@type":"ListItem","@id":"https:\/\/www.eldigitaldeasturias.com\/noticias\/la-onu-confirma-la-liberacion-de-dos-de-21-empleados-secuestrados-en-siria\/#listItem","name":"La ONU confirma la liberaci\u00f3n de dos de 21 empleados secuestrados en Siria"},"previousItem":{"@type":"ListItem","@id":"https:\/\/www.eldigitaldeasturias.com\/noticias#listItem","name":"Home"}},{"@type":"ListItem","@id":"https:\/\/www.eldigitaldeasturias.com\/noticias\/la-onu-confirma-la-liberacion-de-dos-de-21-empleados-secuestrados-en-siria\/#listItem","position":3,"name":"La ONU confirma la liberaci\u00f3n de dos de 21 empleados secuestrados en Siria","previousItem":{"@type":"ListItem","@id":"https:\/\/www.eldigitaldeasturias.com\/noticias\/category\/actualidad\/#listItem","name":"Actualidad"}}]},{"@type":"Organization","@id":"https:\/\/www.eldigitaldeasturias.com\/noticias\/#organization","name":"El Digital de Asturias","description":"Hemeroteca","url":"https:\/\/www.eldigitaldeasturias.com\/noticias\/","email":"info@eldigitaldeasturias.com","telephone":"+34652131393","logo":{"@type":"ImageObject","url":"https:\/\/www.eldigitaldeasturias.com\/noticias\/wp-content\/uploads\/2020\/12\/EDA.jpg","@id":"https:\/\/www.eldigitaldeasturias.com\/noticias\/la-onu-confirma-la-liberacion-de-dos-de-21-empleados-secuestrados-en-siria\/#organizationLogo"},"image":{"@id":"https:\/\/www.eldigitaldeasturias.com\/noticias\/la-onu-confirma-la-liberacion-de-dos-de-21-empleados-secuestrados-en-siria\/#organizationLogo"},"sameAs":["https:\/\/facebook.com\/eldigitaldeasturias","https:\/\/www.youtube.com\/channel\/UCZP-2wLEB9Rv6erhFmqVnvg"],"address":{"@id":"https:\/\/www.eldigitaldeasturias.com\/noticias\/#postaladdress","@type":"PostalAddress","streetAddress":"san antonio 4","postalCode":"33430","addressLocality":"Cand\u00e1s","addressRegion":"Asturias","addressCountry":"ES"}},{"@type":"Person","@id":"https:\/\/www.eldigitaldeasturias.com\/noticias\/author\/admin\/#author","url":"https:\/\/www.eldigitaldeasturias.com\/noticias\/author\/admin\/","name":"El Digital de Asturias","image":{"@type":"ImageObject","@id":"https:\/\/www.eldigitaldeasturias.com\/noticias\/la-onu-confirma-la-liberacion-de-dos-de-21-empleados-secuestrados-en-siria\/#authorImage","url":"https:\/\/secure.gravatar.com\/avatar\/df2aeffc32bcd13f8d26072ef8a91b623d677766deac7f97ca815868cd41bf5e?s=96&d=mm&r=g","width":96,"height":96,"caption":"El Digital de Asturias"}},{"@type":"WebPage","@id":"https:\/\/www.eldigitaldeasturias.com\/noticias\/la-onu-confirma-la-liberacion-de-dos-de-21-empleados-secuestrados-en-siria\/#webpage","url":"https:\/\/www.eldigitaldeasturias.com\/noticias\/la-onu-confirma-la-liberacion-de-dos-de-21-empleados-secuestrados-en-siria\/","name":"La ONU confirma la liberaci\u00f3n de dos de 21 empleados secuestrados en Siria - El Digital de Asturias","description":"Naciones Unidas, 4 feb (EFE).- La ONU confirm\u00f3 hoy que dos de los 21 trabajadores de la organizaci\u00f3n que permanecen secuestrados en Siria fueron liberados en las \u00faltimas horas. \"Puedo confirmar que dos de nuestros empleados han sido liberados de los 21 que permanec\u00edan retenidos\", dijo hoy ante la prensa el portavoz de la ONU,","inLanguage":"es-ES","isPartOf":{"@id":"https:\/\/www.eldigitaldeasturias.com\/noticias\/#website"},"breadcrumb":{"@id":"https:\/\/www.eldigitaldeasturias.com\/noticias\/la-onu-confirma-la-liberacion-de-dos-de-21-empleados-secuestrados-en-siria\/#breadcrumblist"},"author":{"@id":"https:\/\/www.eldigitaldeasturias.com\/noticias\/author\/admin\/#author"},"creator":{"@id":"https:\/\/www.eldigitaldeasturias.com\/noticias\/author\/admin\/#author"},"image":{"@type":"ImageObject","url":483759,"@id":"https:\/\/www.eldigitaldeasturias.com\/noticias\/la-onu-confirma-la-liberacion-de-dos-de-21-empleados-secuestrados-en-siria\/#mainImage"},"primaryImageOfPage":{"@id":"https:\/\/www.eldigitaldeasturias.com\/noticias\/la-onu-confirma-la-liberacion-de-dos-de-21-empleados-secuestrados-en-siria\/#mainImage"},"datePublished":"2014-02-05T01:41:17+01:00","dateModified":"2014-02-05T01:41:17+01:00"},{"@type":"WebSite","@id":"https:\/\/www.eldigitaldeasturias.com\/noticias\/#website","url":"https:\/\/www.eldigitaldeasturias.com\/noticias\/","name":"El Digital de Asturias - Diario de actualidad y noticias","alternateName":"El Digital de Asturias - Diario de actualidad y noticias","description":"Hemeroteca","inLanguage":"es-ES","publisher":{"@id":"https:\/\/www.eldigitaldeasturias.com\/noticias\/#organization"}}]},"og:locale":"es_ES","og:site_name":"El Digital de Asturias","og:type":"article","og:title":"La ONU confirma la liberaci\u00f3n de dos de 21 empleados secuestrados en Siria - El Digital de Asturias","og:description":"Naciones Unidas, 4 feb (EFE).- La ONU confirm\u00f3 hoy que dos de los 21 trabajadores de la organizaci\u00f3n que permanecen secuestrados en Siria fueron liberados en las \u00faltimas horas. &quot;Puedo confirmar que dos de nuestros empleados han sido liberados de los 21 que permanec\u00edan retenidos&quot;, dijo hoy ante la prensa el portavoz de la ONU,","og:url":"https:\/\/www.eldigitaldeasturias.com\/noticias\/la-onu-confirma-la-liberacion-de-dos-de-21-empleados-secuestrados-en-siria\/","article:tag":["actualidad"],"article:published_time":"2014-02-05T02:41:17+00:00","article:modified_time":"2014-02-05T02:41:17+00:00","article:publisher":"https:\/\/facebook.com\/eldigitaldeasturias","twitter:card":"summary_large_image","twitter:title":"La ONU confirma la liberaci\u00f3n de dos de 21 empleados secuestrados en Siria - El Digital de Asturias","twitter:description":"Naciones Unidas, 4 feb (EFE).- La ONU confirm\u00f3 hoy que dos de los 21 trabajadores de la organizaci\u00f3n que permanecen secuestrados en Siria fueron liberados en las \u00faltimas horas. &quot;Puedo confirmar que dos de nuestros empleados han sido liberados de los 21 que permanec\u00edan retenidos&quot;, dijo hoy ante la prensa el portavoz de la ONU,","twitter:label1":"Escrito por","twitter:data1":"El Digital de Asturias","twitter:label2":"Tiempo de lectura estimado","twitter:data2":"1 minuto"},"aioseo_meta_data":{"post_id":"483758","title":null,"description":null,"keywords":null,"keyphrases":null,"primary_term":null,"canonical_url":null,"og_title":null,"og_description":null,"og_object_type":"default","og_image_type":"default","og_image_url":null,"og_image_width":null,"og_image_height":null,"og_image_custom_url":null,"og_image_custom_fields":null,"og_video":null,"og_custom_url":null,"og_article_section":null,"og_article_tags":null,"twitter_use_og":true,"twitter_card":"default","twitter_image_type":"default","twitter_image_url":null,"twitter_image_custom_url":null,"twitter_image_custom_fields":null,"twitter_title":null,"twitter_description":null,"schema":{"blockGraphs":[],"customGraphs":[],"default":{"data":{"Article":[],"Course":[],"Dataset":[],"FAQPage":[],"Movie":[],"Person":[],"Product":[],"ProductReview":[],"Car":[],"Recipe":[],"Service":[],"SoftwareApplication":[],"WebPage":[]},"graphName":"","isEnabled":true},"graphs":[],"defaultGraph":"","defaultPostTypeGraph":""},"schema_type":null,"schema_type_options":null,"pillar_content":false,"robots_default":true,"robots_noindex":false,"robots_noarchive":false,"robots_nosnippet":false,"robots_nofollow":false,"robots_noimageindex":false,"robots_noodp":false,"robots_notranslate":false,"robots_max_snippet":null,"robots_max_videopreview":null,"robots_max_imagepreview":"none","priority":null,"frequency":null,"local_seo":null,"seo_analyzer_scan_date":"2026-06-02 13:46:55","breadcrumb_settings":null,"limit_modified_date":false,"open_ai":null,"ai":null,"created":"2020-11-14 22:54:51","updated":"2026-06-02 13:46:55","focus_keyword":null,"additional_keywords":null,"truseo_locale":null},"aioseo_breadcrumb":"<div class=\"aioseo-breadcrumbs\"><span class=\"aioseo-breadcrumb\">\n\t<a href=\"https:\/\/www.eldigitaldeasturias.com\/noticias\" title=\"Home\">Home<\/a>\n<\/span><span class=\"aioseo-breadcrumb-separator\">\u2013<\/span><span class=\"aioseo-breadcrumb\">\n\t<a href=\"https:\/\/www.eldigitaldeasturias.com\/noticias\/category\/actualidad\/\" title=\"Actualidad\">Actualidad<\/a>\n<\/span><span class=\"aioseo-breadcrumb-separator\">\u2013<\/span><span class=\"aioseo-breadcrumb\">\n\t<a href=\"https:\/\/www.eldigitaldeasturias.com\/noticias\/la-onu-confirma-la-liberacion-de-dos-de-21-empleados-secuestrados-en-siria\/\" title=\"La ONU confirma la liberaci\u00f3n de dos de 21 empleados secuestrados en Siria\">La ONU confirma la liberaci\u00f3n de dos de 21 empleados secuestrados en Siria<\/a>\n<\/span><\/div>","aioseo_breadcrumb_json":[{"label":"Home","link":"https:\/\/www.eldigitaldeasturias.com\/noticias"},{"label":"Actualidad","link":"https:\/\/www.eldigitaldeasturias.com\/noticias\/category\/actualidad\/"},{"label":"La ONU confirma la liberaci\u00f3n de dos de 21 empleados secuestrados en Siria","link":"https:\/\/www.eldigitaldeasturias.com\/noticias\/la-onu-confirma-la-liberacion-de-dos-de-21-empleados-secuestrados-en-siria\/"}],"_links":{"self":[{"href":"https:\/\/www.eldigitaldeasturias.com\/noticias\/wp-json\/wp\/v2\/posts\/483758","targetHints":{"allow":["GET"]}}],"collection":[{"href":"https:\/\/www.eldigitaldeasturias.com\/noticias\/wp-json\/wp\/v2\/posts"}],"about":[{"href":"https:\/\/www.eldigitaldeasturias.com\/noticias\/wp-json\/wp\/v2\/types\/post"}],"author":[{"embeddable":true,"href":"https:\/\/www.eldigitaldeasturias.com\/noticias\/wp-json\/wp\/v2\/users\/1"}],"replies":[{"embeddable":true,"href":"https:\/\/www.eldigitaldeasturias.com\/noticias\/wp-json\/wp\/v2\/comments?post=483758"}],"version-history":[{"count":0,"href":"https:\/\/www.eldigitaldeasturias.com\/noticias\/wp-json\/wp\/v2\/posts\/483758\/revisions"}],"wp:attachment":[{"href":"https:\/\/www.eldigitaldeasturias.com\/noticias\/wp-json\/wp\/v2\/media?parent=483758"}],"wp:term":[{"taxonomy":"category","embeddable":true,"href":"https:\/\/www.eldigitaldeasturias.com\/noticias\/wp-json\/wp\/v2\/categories?post=483758"},{"taxonomy":"post_tag","embeddable":true,"href":"https:\/\/www.eldigitaldeasturias.com\/noticias\/wp-json\/wp\/v2\/tags?post=483758"}],"curies":[{"name":"wp","href":"https:\/\/api.w.org\/{rel}","templated":true}]}}