{"id":483755,"date":"2014-02-05T01:38:46","date_gmt":"2014-02-05T02:38:46","guid":{"rendered":"http:\/\/www.eldigitaldeasturias.com\/noticias\/?p=483755"},"modified":"2014-02-05T01:38:46","modified_gmt":"2014-02-05T02:38:46","slug":"santos-vincula-a-las-fuerzas-oscuras-del-espionaje-con-la-persecucion-a-la-izquierda","status":"publish","type":"post","link":"https:\/\/www.eldigitaldeasturias.com\/noticias\/santos-vincula-a-las-fuerzas-oscuras-del-espionaje-con-la-persecucion-a-la-izquierda\/","title":{"rendered":"Santos vincula a las \u00abfuerzas oscuras\u00bb del espionaje con la persecuci\u00f3n a la izquierda"},"content":{"rendered":"<p><img loading=\"lazy\" decoding=\"async\" class=\"alignleft size-medium wp-image-483756\" alt=\"5909913w\" src=\"https:\/\/www.eldigitaldeasturias.com\/noticias\/wp-content\/uploads\/2014\/02\/5909913w-360x244.jpg\" width=\"360\" height=\"244\" \/>Bogot\u00e1, 4 feb (EFE).- El presidente de Colombia, Juan Manuel Santos, vincul\u00f3 hoy a las \u00abfuerzas oscuras\u00bb que a su juicio est\u00e1n detr\u00e1s del caso de espionaje extraoficial a los negociadores de paz y otros personajes con las persecuciones contra l\u00edderes de la izquierda.<\/p>\n<p>El gobernante dijo que hab\u00eda ordenado al director de la Polic\u00eda Nacional, general Rodolfo Palomino, investigar \u00abhasta el fondo\u00bb las denuncias del partido izquierdista Uni\u00f3n Patri\u00f3tica y de su candidata presidencial, A\u00edda Avella, de amenazas que han recibido supuestamente de la banda criminal Los Rastrojos a trav\u00e9s de octavillas y mensajes por internet.<\/p>\n<p>\u00ab\u00bfQui\u00e9n est\u00e1 detr\u00e1s de eso? \u00bfSer\u00e1n Los Rastrojos? Porque lo que me dicen a m\u00ed es que Los Rastrojos, primero que todo, no tienen hoy en d\u00eda la capacidad para ejecutar este tipo de amenazas, que Los Rastrojos nunca han utilizado estos procedimientos\u00bb, cuestion\u00f3.<\/p>\n<p>Santos se pregunt\u00f3 entonces \u00ab\u00bfqui\u00e9n hay detr\u00e1s de lo que se ha denunciado?\u00bb, e insisti\u00f3: \u00ab\u00bfQu\u00e9 fuerzas oscuras est\u00e1n detr\u00e1s de esto? No sabemos, pero es lo que hay que investigar\u00bb.<\/p>\n<p>Avella y otros 17 l\u00edderes de la UP, del movimiento izquierdista Marcha Patri\u00f3tica y de la Mesa Agropecuaria Popular de Interlocuci\u00f3n (MIA) aparecieron en correos y en panfletos en los que se ofrecen recompensas de hasta 50 millones de pesos (unos 25.000 d\u00f3lares) por sus cabezas.<\/p>\n<p>Entre ellos est\u00e1n el director del semanario comunista Voz, Carlos Lozano, y la exsenadora Piedad C\u00f3rdoba, ambos dirigentes de Marcha Patri\u00f3tica.<\/p>\n<p>Santos pidi\u00f3 tambi\u00e9n al director de la Unidad Nacional de Protecci\u00f3n, Andr\u00e9s Villamizar, que proteja a las personas \u00abque est\u00e1n siendo supuestamente amenazadas\u00bb.<\/p>\n<p>\u00abMe dicen que 15 de los 18 ya tienen esquemas de seguridad personal. Pero aqu\u00ed m\u00e1s vale pecar por exceso que por defecto y he dado las instrucciones precisas para que a A\u00edda Avella y a todas estas personas les tengan una protecci\u00f3n especial\u00bb, subray\u00f3 el jefe de Estado colombiano.<\/p>\n<p>Avella regres\u00f3 en 2013 tras 17 a\u00f1os en Suiza, donde se refugi\u00f3 despu\u00e9s de sufrir un atentado con un cohete en una \u00e9poca en la que grupos paramilitares en connivencia con organismos del Estado asesinaron al menos a 3.000 miembros de la Uni\u00f3n Patri\u00f3tica, que naci\u00f3 en 1985 a ra\u00edz de un pacto entre el Gobierno de entonces con las FARC.<\/p>\n<p>C\u00f3rdoba figura tambi\u00e9n en el grupo de objetivos investigados desde la supuesta central clandestina que denunci\u00f3 la revista Semana en su edici\u00f3n digital, entre los que se encuentran los negociadores del Gobierno colombiano en el di\u00e1logo de paz con las FARC.<\/p>\n<p>El presidente orden\u00f3 tambi\u00e9n \u00abinvestigar a fondo\u00bb a los supuestos responsables de este caso de espionaje, a quienes identific\u00f3 como a \u00abfuerzas oscuras que est\u00e1n tratando de sabotear procesos como el proceso de paz\u00bb.<\/p>\n","protected":false},"excerpt":{"rendered":"<p>Bogot\u00e1, 4 feb (EFE).- El presidente de Colombia, Juan Manuel Santos, vincul\u00f3 hoy a las \u00abfuerzas oscuras\u00bb que a su juicio est\u00e1n detr\u00e1s del caso de espionaje extraoficial a los negociadores de paz y otros personajes con las persecuciones contra l\u00edderes de la izquierda. El gobernante dijo que hab\u00eda ordenado al director de la Polic\u00eda [&hellip;]<\/p>\n","protected":false},"author":1,"featured_media":483756,"comment_status":"closed","ping_status":"open","sticky":false,"template":"","format":"standard","meta":{"footnotes":""},"categories":[1],"tags":[],"class_list":["post-483755","post","type-post","status-publish","format-standard","has-post-thumbnail","hentry","category-actualidad"],"aioseo_notices":[],"aioseo_head":"\n\t\t<!-- All in One SEO Pro 5.0.1 - aioseo.com -->\n\t<meta name=\"description\" content=\"Bogot\u00e1, 4 feb (EFE).- El presidente de Colombia, Juan Manuel Santos, vincul\u00f3 hoy a las &quot;fuerzas oscuras&quot; que a su juicio est\u00e1n detr\u00e1s del caso de espionaje extraoficial a los negociadores de paz y otros personajes con las persecuciones contra l\u00edderes de la izquierda. El gobernante dijo que hab\u00eda ordenado al director de la Polic\u00eda\" \/>\n\t<meta name=\"robots\" content=\"max-image-preview:large\" \/>\n\t<meta name=\"author\" content=\"El Digital de Asturias\"\/>\n\t<meta name=\"google-site-verification\" content=\"UA-38556648-1\" \/>\n\t<meta name=\"msvalidate.01\" content=\"7dfe9f3f1b24437ab69f4f2559babe99\" \/>\n\t<meta name=\"keywords\" content=\"actualidad\" \/>\n\t<link rel=\"canonical\" href=\"https:\/\/www.eldigitaldeasturias.com\/noticias\/santos-vincula-a-las-fuerzas-oscuras-del-espionaje-con-la-persecucion-a-la-izquierda\/\" \/>\n\t<meta name=\"generator\" content=\"All in One SEO Pro (AIOSEO) 5.0.1\" \/>\n\t\t<meta property=\"og:locale\" content=\"es_ES\" \/>\n\t\t<meta property=\"og:site_name\" content=\"El Digital de Asturias\" \/>\n\t\t<meta property=\"og:type\" content=\"article\" \/>\n\t\t<meta property=\"og:title\" content=\"Santos vincula a las \u00abfuerzas oscuras\u00bb del espionaje con la persecuci\u00f3n a la izquierda - El Digital de Asturias\" \/>\n\t\t<meta property=\"og:description\" content=\"Bogot\u00e1, 4 feb (EFE).- El presidente de Colombia, Juan Manuel Santos, vincul\u00f3 hoy a las &quot;fuerzas oscuras&quot; que a su juicio est\u00e1n detr\u00e1s del caso de espionaje extraoficial a los negociadores de paz y otros personajes con las persecuciones contra l\u00edderes de la izquierda. El gobernante dijo que hab\u00eda ordenado al director de la Polic\u00eda\" \/>\n\t\t<meta property=\"og:url\" content=\"https:\/\/www.eldigitaldeasturias.com\/noticias\/santos-vincula-a-las-fuerzas-oscuras-del-espionaje-con-la-persecucion-a-la-izquierda\/\" \/>\n\t\t<meta property=\"article:tag\" content=\"actualidad\" \/>\n\t\t<meta property=\"article:published_time\" content=\"2014-02-05T02:38:46+00:00\" \/>\n\t\t<meta property=\"article:modified_time\" content=\"2014-02-05T02:38:46+00:00\" \/>\n\t\t<meta property=\"article:publisher\" content=\"https:\/\/facebook.com\/eldigitaldeasturias\" \/>\n\t\t<meta name=\"twitter:card\" content=\"summary_large_image\" \/>\n\t\t<meta name=\"twitter:title\" content=\"Santos vincula a las \u00abfuerzas oscuras\u00bb del espionaje con la persecuci\u00f3n a la izquierda - El Digital de Asturias\" \/>\n\t\t<meta name=\"twitter:description\" content=\"Bogot\u00e1, 4 feb (EFE).- El presidente de Colombia, Juan Manuel Santos, vincul\u00f3 hoy a las &quot;fuerzas oscuras&quot; que a su juicio est\u00e1n detr\u00e1s del caso de espionaje extraoficial a los negociadores de paz y otros personajes con las persecuciones contra l\u00edderes de la izquierda. El gobernante dijo que hab\u00eda ordenado al director de la Polic\u00eda\" \/>\n\t\t<meta name=\"twitter:label1\" content=\"Escrito por\" \/>\n\t\t<meta name=\"twitter:data1\" content=\"El Digital de Asturias\" \/>\n\t\t<meta name=\"twitter:label2\" content=\"Tiempo de lectura estimado\" \/>\n\t\t<meta name=\"twitter:data2\" content=\"2 minutos\" \/>\n\t\t<script type=\"application\/ld+json\" class=\"aioseo-schema\">\n\t\t\t{\"@context\":\"https:\\\/\\\/schema.org\",\"@graph\":[{\"@type\":\"BlogPosting\",\"@id\":\"https:\\\/\\\/www.eldigitaldeasturias.com\\\/noticias\\\/santos-vincula-a-las-fuerzas-oscuras-del-espionaje-con-la-persecucion-a-la-izquierda\\\/#blogposting\",\"name\":\"Santos vincula a las \\u00abfuerzas oscuras\\u00bb del espionaje con la persecuci\\u00f3n a la izquierda - El Digital de Asturias\",\"headline\":\"Santos vincula a las \\u00abfuerzas oscuras\\u00bb del espionaje con la persecuci\\u00f3n a la izquierda\",\"author\":{\"@id\":\"https:\\\/\\\/www.eldigitaldeasturias.com\\\/noticias\\\/author\\\/admin\\\/#author\"},\"publisher\":{\"@id\":\"https:\\\/\\\/www.eldigitaldeasturias.com\\\/noticias\\\/#organization\"},\"image\":{\"@type\":\"ImageObject\",\"url\":483756},\"datePublished\":\"2014-02-05T01:38:46+01:00\",\"dateModified\":\"2014-02-05T01:38:46+01:00\",\"inLanguage\":\"es-ES\",\"mainEntityOfPage\":{\"@id\":\"https:\\\/\\\/www.eldigitaldeasturias.com\\\/noticias\\\/santos-vincula-a-las-fuerzas-oscuras-del-espionaje-con-la-persecucion-a-la-izquierda\\\/#webpage\"},\"isPartOf\":{\"@id\":\"https:\\\/\\\/www.eldigitaldeasturias.com\\\/noticias\\\/santos-vincula-a-las-fuerzas-oscuras-del-espionaje-con-la-persecucion-a-la-izquierda\\\/#webpage\"},\"articleSection\":\"Actualidad\"},{\"@type\":\"BreadcrumbList\",\"@id\":\"https:\\\/\\\/www.eldigitaldeasturias.com\\\/noticias\\\/santos-vincula-a-las-fuerzas-oscuras-del-espionaje-con-la-persecucion-a-la-izquierda\\\/#breadcrumblist\",\"itemListElement\":[{\"@type\":\"ListItem\",\"@id\":\"https:\\\/\\\/www.eldigitaldeasturias.com\\\/noticias#listItem\",\"position\":1,\"name\":\"Home\",\"item\":\"https:\\\/\\\/www.eldigitaldeasturias.com\\\/noticias\",\"nextItem\":{\"@type\":\"ListItem\",\"@id\":\"https:\\\/\\\/www.eldigitaldeasturias.com\\\/noticias\\\/category\\\/actualidad\\\/#listItem\",\"name\":\"Actualidad\"}},{\"@type\":\"ListItem\",\"@id\":\"https:\\\/\\\/www.eldigitaldeasturias.com\\\/noticias\\\/category\\\/actualidad\\\/#listItem\",\"position\":2,\"name\":\"Actualidad\",\"item\":\"https:\\\/\\\/www.eldigitaldeasturias.com\\\/noticias\\\/category\\\/actualidad\\\/\",\"nextItem\":{\"@type\":\"ListItem\",\"@id\":\"https:\\\/\\\/www.eldigitaldeasturias.com\\\/noticias\\\/santos-vincula-a-las-fuerzas-oscuras-del-espionaje-con-la-persecucion-a-la-izquierda\\\/#listItem\",\"name\":\"Santos vincula a las \\u00abfuerzas oscuras\\u00bb del espionaje con la persecuci\\u00f3n a la izquierda\"},\"previousItem\":{\"@type\":\"ListItem\",\"@id\":\"https:\\\/\\\/www.eldigitaldeasturias.com\\\/noticias#listItem\",\"name\":\"Home\"}},{\"@type\":\"ListItem\",\"@id\":\"https:\\\/\\\/www.eldigitaldeasturias.com\\\/noticias\\\/santos-vincula-a-las-fuerzas-oscuras-del-espionaje-con-la-persecucion-a-la-izquierda\\\/#listItem\",\"position\":3,\"name\":\"Santos vincula a las \\u00abfuerzas oscuras\\u00bb del espionaje con la persecuci\\u00f3n a la izquierda\",\"previousItem\":{\"@type\":\"ListItem\",\"@id\":\"https:\\\/\\\/www.eldigitaldeasturias.com\\\/noticias\\\/category\\\/actualidad\\\/#listItem\",\"name\":\"Actualidad\"}}]},{\"@type\":\"Organization\",\"@id\":\"https:\\\/\\\/www.eldigitaldeasturias.com\\\/noticias\\\/#organization\",\"name\":\"El Digital de Asturias\",\"description\":\"Hemeroteca\",\"url\":\"https:\\\/\\\/www.eldigitaldeasturias.com\\\/noticias\\\/\",\"email\":\"info@eldigitaldeasturias.com\",\"telephone\":\"+34652131393\",\"logo\":{\"@type\":\"ImageObject\",\"url\":\"https:\\\/\\\/www.eldigitaldeasturias.com\\\/noticias\\\/wp-content\\\/uploads\\\/2020\\\/12\\\/EDA.jpg\",\"@id\":\"https:\\\/\\\/www.eldigitaldeasturias.com\\\/noticias\\\/santos-vincula-a-las-fuerzas-oscuras-del-espionaje-con-la-persecucion-a-la-izquierda\\\/#organizationLogo\"},\"image\":{\"@id\":\"https:\\\/\\\/www.eldigitaldeasturias.com\\\/noticias\\\/santos-vincula-a-las-fuerzas-oscuras-del-espionaje-con-la-persecucion-a-la-izquierda\\\/#organizationLogo\"},\"sameAs\":[\"https:\\\/\\\/facebook.com\\\/eldigitaldeasturias\",\"https:\\\/\\\/www.youtube.com\\\/channel\\\/UCZP-2wLEB9Rv6erhFmqVnvg\"],\"address\":{\"@id\":\"https:\\\/\\\/www.eldigitaldeasturias.com\\\/noticias\\\/#postaladdress\",\"@type\":\"PostalAddress\",\"streetAddress\":\"san antonio 4\",\"postalCode\":\"33430\",\"addressLocality\":\"Cand\\u00e1s\",\"addressRegion\":\"Asturias\",\"addressCountry\":\"ES\"}},{\"@type\":\"Person\",\"@id\":\"https:\\\/\\\/www.eldigitaldeasturias.com\\\/noticias\\\/author\\\/admin\\\/#author\",\"url\":\"https:\\\/\\\/www.eldigitaldeasturias.com\\\/noticias\\\/author\\\/admin\\\/\",\"name\":\"El Digital de Asturias\",\"image\":{\"@type\":\"ImageObject\",\"@id\":\"https:\\\/\\\/www.eldigitaldeasturias.com\\\/noticias\\\/santos-vincula-a-las-fuerzas-oscuras-del-espionaje-con-la-persecucion-a-la-izquierda\\\/#authorImage\",\"url\":\"https:\\\/\\\/secure.gravatar.com\\\/avatar\\\/df2aeffc32bcd13f8d26072ef8a91b623d677766deac7f97ca815868cd41bf5e?s=96&d=mm&r=g\",\"width\":96,\"height\":96,\"caption\":\"El Digital de Asturias\"}},{\"@type\":\"WebPage\",\"@id\":\"https:\\\/\\\/www.eldigitaldeasturias.com\\\/noticias\\\/santos-vincula-a-las-fuerzas-oscuras-del-espionaje-con-la-persecucion-a-la-izquierda\\\/#webpage\",\"url\":\"https:\\\/\\\/www.eldigitaldeasturias.com\\\/noticias\\\/santos-vincula-a-las-fuerzas-oscuras-del-espionaje-con-la-persecucion-a-la-izquierda\\\/\",\"name\":\"Santos vincula a las \\u00abfuerzas oscuras\\u00bb del espionaje con la persecuci\\u00f3n a la izquierda - El Digital de Asturias\",\"description\":\"Bogot\\u00e1, 4 feb (EFE).- El presidente de Colombia, Juan Manuel Santos, vincul\\u00f3 hoy a las \\\"fuerzas oscuras\\\" que a su juicio est\\u00e1n detr\\u00e1s del caso de espionaje extraoficial a los negociadores de paz y otros personajes con las persecuciones contra l\\u00edderes de la izquierda. El gobernante dijo que hab\\u00eda ordenado al director de la Polic\\u00eda\",\"inLanguage\":\"es-ES\",\"isPartOf\":{\"@id\":\"https:\\\/\\\/www.eldigitaldeasturias.com\\\/noticias\\\/#website\"},\"breadcrumb\":{\"@id\":\"https:\\\/\\\/www.eldigitaldeasturias.com\\\/noticias\\\/santos-vincula-a-las-fuerzas-oscuras-del-espionaje-con-la-persecucion-a-la-izquierda\\\/#breadcrumblist\"},\"author\":{\"@id\":\"https:\\\/\\\/www.eldigitaldeasturias.com\\\/noticias\\\/author\\\/admin\\\/#author\"},\"creator\":{\"@id\":\"https:\\\/\\\/www.eldigitaldeasturias.com\\\/noticias\\\/author\\\/admin\\\/#author\"},\"image\":{\"@type\":\"ImageObject\",\"url\":483756,\"@id\":\"https:\\\/\\\/www.eldigitaldeasturias.com\\\/noticias\\\/santos-vincula-a-las-fuerzas-oscuras-del-espionaje-con-la-persecucion-a-la-izquierda\\\/#mainImage\"},\"primaryImageOfPage\":{\"@id\":\"https:\\\/\\\/www.eldigitaldeasturias.com\\\/noticias\\\/santos-vincula-a-las-fuerzas-oscuras-del-espionaje-con-la-persecucion-a-la-izquierda\\\/#mainImage\"},\"datePublished\":\"2014-02-05T01:38:46+01:00\",\"dateModified\":\"2014-02-05T01:38:46+01:00\"},{\"@type\":\"WebSite\",\"@id\":\"https:\\\/\\\/www.eldigitaldeasturias.com\\\/noticias\\\/#website\",\"url\":\"https:\\\/\\\/www.eldigitaldeasturias.com\\\/noticias\\\/\",\"name\":\"El Digital de Asturias - Diario de actualidad y noticias\",\"alternateName\":\"El Digital de Asturias - Diario de actualidad y noticias\",\"description\":\"Hemeroteca\",\"inLanguage\":\"es-ES\",\"publisher\":{\"@id\":\"https:\\\/\\\/www.eldigitaldeasturias.com\\\/noticias\\\/#organization\"}}]}\n\t\t<\/script>\n\t\t<!-- All in One SEO Pro -->\r\n\t\t<title>Santos vincula a las \u00abfuerzas oscuras\u00bb del espionaje con la persecuci\u00f3n a la izquierda - El Digital de Asturias<\/title>\n\n","aioseo_head_json":{"title":"Santos vincula a las \u00abfuerzas oscuras\u00bb del espionaje con la persecuci\u00f3n a la izquierda - El Digital de Asturias","description":"Bogot\u00e1, 4 feb (EFE).- El presidente de Colombia, Juan Manuel Santos, vincul\u00f3 hoy a las \"fuerzas oscuras\" que a su juicio est\u00e1n detr\u00e1s del caso de espionaje extraoficial a los negociadores de paz y otros personajes con las persecuciones contra l\u00edderes de la izquierda. El gobernante dijo que hab\u00eda ordenado al director de la Polic\u00eda","canonical_url":"https:\/\/www.eldigitaldeasturias.com\/noticias\/santos-vincula-a-las-fuerzas-oscuras-del-espionaje-con-la-persecucion-a-la-izquierda\/","robots":"max-image-preview:large","keywords":"actualidad","webmasterTools":{"google-site-verification":"UA-38556648-1","msvalidate.01":"7dfe9f3f1b24437ab69f4f2559babe99","miscellaneous":""},"schema":{"@context":"https:\/\/schema.org","@graph":[{"@type":"BlogPosting","@id":"https:\/\/www.eldigitaldeasturias.com\/noticias\/santos-vincula-a-las-fuerzas-oscuras-del-espionaje-con-la-persecucion-a-la-izquierda\/#blogposting","name":"Santos vincula a las \u00abfuerzas oscuras\u00bb del espionaje con la persecuci\u00f3n a la izquierda - El Digital de Asturias","headline":"Santos vincula a las \u00abfuerzas oscuras\u00bb del espionaje con la persecuci\u00f3n a la izquierda","author":{"@id":"https:\/\/www.eldigitaldeasturias.com\/noticias\/author\/admin\/#author"},"publisher":{"@id":"https:\/\/www.eldigitaldeasturias.com\/noticias\/#organization"},"image":{"@type":"ImageObject","url":483756},"datePublished":"2014-02-05T01:38:46+01:00","dateModified":"2014-02-05T01:38:46+01:00","inLanguage":"es-ES","mainEntityOfPage":{"@id":"https:\/\/www.eldigitaldeasturias.com\/noticias\/santos-vincula-a-las-fuerzas-oscuras-del-espionaje-con-la-persecucion-a-la-izquierda\/#webpage"},"isPartOf":{"@id":"https:\/\/www.eldigitaldeasturias.com\/noticias\/santos-vincula-a-las-fuerzas-oscuras-del-espionaje-con-la-persecucion-a-la-izquierda\/#webpage"},"articleSection":"Actualidad"},{"@type":"BreadcrumbList","@id":"https:\/\/www.eldigitaldeasturias.com\/noticias\/santos-vincula-a-las-fuerzas-oscuras-del-espionaje-con-la-persecucion-a-la-izquierda\/#breadcrumblist","itemListElement":[{"@type":"ListItem","@id":"https:\/\/www.eldigitaldeasturias.com\/noticias#listItem","position":1,"name":"Home","item":"https:\/\/www.eldigitaldeasturias.com\/noticias","nextItem":{"@type":"ListItem","@id":"https:\/\/www.eldigitaldeasturias.com\/noticias\/category\/actualidad\/#listItem","name":"Actualidad"}},{"@type":"ListItem","@id":"https:\/\/www.eldigitaldeasturias.com\/noticias\/category\/actualidad\/#listItem","position":2,"name":"Actualidad","item":"https:\/\/www.eldigitaldeasturias.com\/noticias\/category\/actualidad\/","nextItem":{"@type":"ListItem","@id":"https:\/\/www.eldigitaldeasturias.com\/noticias\/santos-vincula-a-las-fuerzas-oscuras-del-espionaje-con-la-persecucion-a-la-izquierda\/#listItem","name":"Santos vincula a las \u00abfuerzas oscuras\u00bb del espionaje con la persecuci\u00f3n a la izquierda"},"previousItem":{"@type":"ListItem","@id":"https:\/\/www.eldigitaldeasturias.com\/noticias#listItem","name":"Home"}},{"@type":"ListItem","@id":"https:\/\/www.eldigitaldeasturias.com\/noticias\/santos-vincula-a-las-fuerzas-oscuras-del-espionaje-con-la-persecucion-a-la-izquierda\/#listItem","position":3,"name":"Santos vincula a las \u00abfuerzas oscuras\u00bb del espionaje con la persecuci\u00f3n a la izquierda","previousItem":{"@type":"ListItem","@id":"https:\/\/www.eldigitaldeasturias.com\/noticias\/category\/actualidad\/#listItem","name":"Actualidad"}}]},{"@type":"Organization","@id":"https:\/\/www.eldigitaldeasturias.com\/noticias\/#organization","name":"El Digital de Asturias","description":"Hemeroteca","url":"https:\/\/www.eldigitaldeasturias.com\/noticias\/","email":"info@eldigitaldeasturias.com","telephone":"+34652131393","logo":{"@type":"ImageObject","url":"https:\/\/www.eldigitaldeasturias.com\/noticias\/wp-content\/uploads\/2020\/12\/EDA.jpg","@id":"https:\/\/www.eldigitaldeasturias.com\/noticias\/santos-vincula-a-las-fuerzas-oscuras-del-espionaje-con-la-persecucion-a-la-izquierda\/#organizationLogo"},"image":{"@id":"https:\/\/www.eldigitaldeasturias.com\/noticias\/santos-vincula-a-las-fuerzas-oscuras-del-espionaje-con-la-persecucion-a-la-izquierda\/#organizationLogo"},"sameAs":["https:\/\/facebook.com\/eldigitaldeasturias","https:\/\/www.youtube.com\/channel\/UCZP-2wLEB9Rv6erhFmqVnvg"],"address":{"@id":"https:\/\/www.eldigitaldeasturias.com\/noticias\/#postaladdress","@type":"PostalAddress","streetAddress":"san antonio 4","postalCode":"33430","addressLocality":"Cand\u00e1s","addressRegion":"Asturias","addressCountry":"ES"}},{"@type":"Person","@id":"https:\/\/www.eldigitaldeasturias.com\/noticias\/author\/admin\/#author","url":"https:\/\/www.eldigitaldeasturias.com\/noticias\/author\/admin\/","name":"El Digital de Asturias","image":{"@type":"ImageObject","@id":"https:\/\/www.eldigitaldeasturias.com\/noticias\/santos-vincula-a-las-fuerzas-oscuras-del-espionaje-con-la-persecucion-a-la-izquierda\/#authorImage","url":"https:\/\/secure.gravatar.com\/avatar\/df2aeffc32bcd13f8d26072ef8a91b623d677766deac7f97ca815868cd41bf5e?s=96&d=mm&r=g","width":96,"height":96,"caption":"El Digital de Asturias"}},{"@type":"WebPage","@id":"https:\/\/www.eldigitaldeasturias.com\/noticias\/santos-vincula-a-las-fuerzas-oscuras-del-espionaje-con-la-persecucion-a-la-izquierda\/#webpage","url":"https:\/\/www.eldigitaldeasturias.com\/noticias\/santos-vincula-a-las-fuerzas-oscuras-del-espionaje-con-la-persecucion-a-la-izquierda\/","name":"Santos vincula a las \u00abfuerzas oscuras\u00bb del espionaje con la persecuci\u00f3n a la izquierda - El Digital de Asturias","description":"Bogot\u00e1, 4 feb (EFE).- El presidente de Colombia, Juan Manuel Santos, vincul\u00f3 hoy a las \"fuerzas oscuras\" que a su juicio est\u00e1n detr\u00e1s del caso de espionaje extraoficial a los negociadores de paz y otros personajes con las persecuciones contra l\u00edderes de la izquierda. El gobernante dijo que hab\u00eda ordenado al director de la Polic\u00eda","inLanguage":"es-ES","isPartOf":{"@id":"https:\/\/www.eldigitaldeasturias.com\/noticias\/#website"},"breadcrumb":{"@id":"https:\/\/www.eldigitaldeasturias.com\/noticias\/santos-vincula-a-las-fuerzas-oscuras-del-espionaje-con-la-persecucion-a-la-izquierda\/#breadcrumblist"},"author":{"@id":"https:\/\/www.eldigitaldeasturias.com\/noticias\/author\/admin\/#author"},"creator":{"@id":"https:\/\/www.eldigitaldeasturias.com\/noticias\/author\/admin\/#author"},"image":{"@type":"ImageObject","url":483756,"@id":"https:\/\/www.eldigitaldeasturias.com\/noticias\/santos-vincula-a-las-fuerzas-oscuras-del-espionaje-con-la-persecucion-a-la-izquierda\/#mainImage"},"primaryImageOfPage":{"@id":"https:\/\/www.eldigitaldeasturias.com\/noticias\/santos-vincula-a-las-fuerzas-oscuras-del-espionaje-con-la-persecucion-a-la-izquierda\/#mainImage"},"datePublished":"2014-02-05T01:38:46+01:00","dateModified":"2014-02-05T01:38:46+01:00"},{"@type":"WebSite","@id":"https:\/\/www.eldigitaldeasturias.com\/noticias\/#website","url":"https:\/\/www.eldigitaldeasturias.com\/noticias\/","name":"El Digital de Asturias - Diario de actualidad y noticias","alternateName":"El Digital de Asturias - Diario de actualidad y noticias","description":"Hemeroteca","inLanguage":"es-ES","publisher":{"@id":"https:\/\/www.eldigitaldeasturias.com\/noticias\/#organization"}}]},"og:locale":"es_ES","og:site_name":"El Digital de Asturias","og:type":"article","og:title":"Santos vincula a las \u00abfuerzas oscuras\u00bb del espionaje con la persecuci\u00f3n a la izquierda - El Digital de Asturias","og:description":"Bogot\u00e1, 4 feb (EFE).- El presidente de Colombia, Juan Manuel Santos, vincul\u00f3 hoy a las &quot;fuerzas oscuras&quot; que a su juicio est\u00e1n detr\u00e1s del caso de espionaje extraoficial a los negociadores de paz y otros personajes con las persecuciones contra l\u00edderes de la izquierda. El gobernante dijo que hab\u00eda ordenado al director de la Polic\u00eda","og:url":"https:\/\/www.eldigitaldeasturias.com\/noticias\/santos-vincula-a-las-fuerzas-oscuras-del-espionaje-con-la-persecucion-a-la-izquierda\/","article:tag":["actualidad"],"article:published_time":"2014-02-05T02:38:46+00:00","article:modified_time":"2014-02-05T02:38:46+00:00","article:publisher":"https:\/\/facebook.com\/eldigitaldeasturias","twitter:card":"summary_large_image","twitter:title":"Santos vincula a las \u00abfuerzas oscuras\u00bb del espionaje con la persecuci\u00f3n a la izquierda - El Digital de Asturias","twitter:description":"Bogot\u00e1, 4 feb (EFE).- El presidente de Colombia, Juan Manuel Santos, vincul\u00f3 hoy a las &quot;fuerzas oscuras&quot; que a su juicio est\u00e1n detr\u00e1s del caso de espionaje extraoficial a los negociadores de paz y otros personajes con las persecuciones contra l\u00edderes de la izquierda. El gobernante dijo que hab\u00eda ordenado al director de la Polic\u00eda","twitter:label1":"Escrito por","twitter:data1":"El Digital de Asturias","twitter:label2":"Tiempo de lectura estimado","twitter:data2":"2 minutos"},"aioseo_meta_data":{"post_id":"483755","title":null,"description":null,"keywords":null,"keyphrases":null,"primary_term":null,"canonical_url":null,"og_title":null,"og_description":null,"og_object_type":"default","og_image_type":"default","og_image_url":null,"og_image_width":null,"og_image_height":null,"og_image_custom_url":null,"og_image_custom_fields":null,"og_video":null,"og_custom_url":null,"og_article_section":null,"og_article_tags":null,"twitter_use_og":true,"twitter_card":"default","twitter_image_type":"default","twitter_image_url":null,"twitter_image_custom_url":null,"twitter_image_custom_fields":null,"twitter_title":null,"twitter_description":null,"schema":{"blockGraphs":[],"customGraphs":[],"default":{"data":{"Article":[],"Course":[],"Dataset":[],"FAQPage":[],"Movie":[],"Person":[],"Product":[],"ProductReview":[],"Car":[],"Recipe":[],"Service":[],"SoftwareApplication":[],"WebPage":[]},"graphName":"","isEnabled":true},"graphs":[],"defaultGraph":"","defaultPostTypeGraph":""},"schema_type":null,"schema_type_options":null,"pillar_content":false,"robots_default":true,"robots_noindex":false,"robots_noarchive":false,"robots_nosnippet":false,"robots_nofollow":false,"robots_noimageindex":false,"robots_noodp":false,"robots_notranslate":false,"robots_max_snippet":null,"robots_max_videopreview":null,"robots_max_imagepreview":"none","priority":null,"frequency":null,"local_seo":null,"seo_analyzer_scan_date":"2026-06-02 13:46:54","breadcrumb_settings":null,"limit_modified_date":false,"open_ai":null,"ai":null,"created":"2020-11-14 22:54:51","updated":"2026-06-02 13:46:54","focus_keyword":null,"additional_keywords":null,"truseo_locale":null},"aioseo_breadcrumb":"<div class=\"aioseo-breadcrumbs\"><span class=\"aioseo-breadcrumb\">\n\t<a href=\"https:\/\/www.eldigitaldeasturias.com\/noticias\" title=\"Home\">Home<\/a>\n<\/span><span class=\"aioseo-breadcrumb-separator\">\u2013<\/span><span class=\"aioseo-breadcrumb\">\n\t<a href=\"https:\/\/www.eldigitaldeasturias.com\/noticias\/category\/actualidad\/\" title=\"Actualidad\">Actualidad<\/a>\n<\/span><span class=\"aioseo-breadcrumb-separator\">\u2013<\/span><span class=\"aioseo-breadcrumb\">\n\t<a href=\"https:\/\/www.eldigitaldeasturias.com\/noticias\/santos-vincula-a-las-fuerzas-oscuras-del-espionaje-con-la-persecucion-a-la-izquierda\/\" title=\"Santos vincula a las \u00abfuerzas oscuras\u00bb del espionaje con la persecuci\u00f3n a la izquierda\">Santos vincula a las \u00abfuerzas oscuras\u00bb del espionaje con la persecuci\u00f3n a la izquierda<\/a>\n<\/span><\/div>","aioseo_breadcrumb_json":[{"label":"Home","link":"https:\/\/www.eldigitaldeasturias.com\/noticias"},{"label":"Actualidad","link":"https:\/\/www.eldigitaldeasturias.com\/noticias\/category\/actualidad\/"},{"label":"Santos vincula a las \u00abfuerzas oscuras\u00bb del espionaje con la persecuci\u00f3n a la izquierda","link":"https:\/\/www.eldigitaldeasturias.com\/noticias\/santos-vincula-a-las-fuerzas-oscuras-del-espionaje-con-la-persecucion-a-la-izquierda\/"}],"_links":{"self":[{"href":"https:\/\/www.eldigitaldeasturias.com\/noticias\/wp-json\/wp\/v2\/posts\/483755","targetHints":{"allow":["GET"]}}],"collection":[{"href":"https:\/\/www.eldigitaldeasturias.com\/noticias\/wp-json\/wp\/v2\/posts"}],"about":[{"href":"https:\/\/www.eldigitaldeasturias.com\/noticias\/wp-json\/wp\/v2\/types\/post"}],"author":[{"embeddable":true,"href":"https:\/\/www.eldigitaldeasturias.com\/noticias\/wp-json\/wp\/v2\/users\/1"}],"replies":[{"embeddable":true,"href":"https:\/\/www.eldigitaldeasturias.com\/noticias\/wp-json\/wp\/v2\/comments?post=483755"}],"version-history":[{"count":0,"href":"https:\/\/www.eldigitaldeasturias.com\/noticias\/wp-json\/wp\/v2\/posts\/483755\/revisions"}],"wp:attachment":[{"href":"https:\/\/www.eldigitaldeasturias.com\/noticias\/wp-json\/wp\/v2\/media?parent=483755"}],"wp:term":[{"taxonomy":"category","embeddable":true,"href":"https:\/\/www.eldigitaldeasturias.com\/noticias\/wp-json\/wp\/v2\/categories?post=483755"},{"taxonomy":"post_tag","embeddable":true,"href":"https:\/\/www.eldigitaldeasturias.com\/noticias\/wp-json\/wp\/v2\/tags?post=483755"}],"curies":[{"name":"wp","href":"https:\/\/api.w.org\/{rel}","templated":true}]}}