{"id":483752,"date":"2014-02-05T01:37:19","date_gmt":"2014-02-05T02:37:19","guid":{"rendered":"http:\/\/www.eldigitaldeasturias.com\/noticias\/?p=483752"},"modified":"2014-02-05T01:37:19","modified_gmt":"2014-02-05T02:37:19","slug":"cifuentes-dice-sobre-el-caso-gurtel-que-es-un-goteo-que-no-hay-quien-lo-aguante","status":"publish","type":"post","link":"https:\/\/www.eldigitaldeasturias.com\/noticias\/cifuentes-dice-sobre-el-caso-gurtel-que-es-un-goteo-que-no-hay-quien-lo-aguante\/","title":{"rendered":"Cifuentes dice sobre el caso G\u00fcrtel que \u00abes un goteo que no hay quien lo aguante\u00bb"},"content":{"rendered":"<p><img loading=\"lazy\" decoding=\"async\" class=\"alignleft size-medium wp-image-483753\" alt=\"5909083w\" src=\"https:\/\/www.eldigitaldeasturias.com\/noticias\/wp-content\/uploads\/2014\/02\/5909083w-360x229.jpg\" width=\"360\" height=\"229\" \/>Madrid, 4 feb (EFE).- La delegada del Gobierno en Madrid, Cristina Cifuentes, ha dicho hoy que el caso G\u00fcrtel es \u00abun goteo que no hay quien lo aguante\u00bb y ha apelado hoy a la presunci\u00f3n de inocencia del que fuera secretario general del PP Francisco \u00c1lvarez-Cascos como a la \u00abde cualquier persona\u00bb.<\/p>\n<p>Cifuentes se ha expresado as\u00ed en EFE Encuentros, cita informativa en la sede central de la Agencia EFE, al ser preguntada por los informes que aseguran que \u00c1lvarez-Cascos fue el mayor beneficiario de supuestos cobros ilegales en esta trama.<\/p>\n<p>\u00abYo creo en la presunci\u00f3n de inocencia de cualquier persona\u00bb, ha reiterado la delegada del Gobierno, antes de recalcar que \u00abla culpabilidad se tiene que demostrar\u00bb, toda vez que \u00abla inocencia se presume en un Estado de derecho como el nuestro\u00bb.<\/p>\n<p>Una vez puntualizado esto, ha proseguido Cifuentes, el informe de la polic\u00eda judicial, de la Unidad de Delincuencia Econ\u00f3mica y Fiscal (UDEF), \u00abno establece que se haya cometido ning\u00fan delito\u00bb.<\/p>\n<p>Al respecto, la dirigente popular ha recordado que la comisi\u00f3n de los delitos \u00abs\u00f3lo la puede establecer un juez\u00bb, tras recordar que \u00abla polic\u00eda lo que hace es emitir un informe donde dice que hay una serie de indicios de un determinado tipo de actuaciones\u00bb.<\/p>\n<p>\u00abY l\u00f3gicamente tiene que ser el juez quien decida si ah\u00ed se ha cometido alg\u00fan delito o puede haber un comportamiento punible o no\u00bb, ha apuntado.<\/p>\n<p>En la cita en EFE Encuentros, patrocinados por el Grupo Arturo Cantoblanco, la delegada del Gobierno ha dicho confiar en la justicia y en que se \u00abact\u00fae r\u00e1pidamente y se termine de instruir el caso de una vez\u00bb porque llevamos ya cinco o seis a\u00f1os\u00bb y, verdaderamente, ha remachado, \u00abesto es un goteo que no hay quien lo aguante\u00bb.<\/p>\n<p>\u00abSer\u00eda muy positivo que el tema judicialmente se determinara en lo que fuera, en la instrucci\u00f3n, y que este tema se pueda zanjar cuanto antes\u00bb, ha concluido.<\/p>\n","protected":false},"excerpt":{"rendered":"<p>Madrid, 4 feb (EFE).- La delegada del Gobierno en Madrid, Cristina Cifuentes, ha dicho hoy que el caso G\u00fcrtel es \u00abun goteo que no hay quien lo aguante\u00bb y ha apelado hoy a la presunci\u00f3n de inocencia del que fuera secretario general del PP Francisco \u00c1lvarez-Cascos como a la \u00abde cualquier persona\u00bb. Cifuentes se ha [&hellip;]<\/p>\n","protected":false},"author":1,"featured_media":483753,"comment_status":"closed","ping_status":"open","sticky":false,"template":"","format":"standard","meta":{"footnotes":""},"categories":[1],"tags":[],"class_list":["post-483752","post","type-post","status-publish","format-standard","has-post-thumbnail","hentry","category-actualidad"],"aioseo_notices":[],"aioseo_head":"\n\t\t<!-- All in One SEO Pro 5.0.1 - aioseo.com -->\n\t<meta name=\"description\" content=\"Madrid, 4 feb (EFE).- La delegada del Gobierno en Madrid, Cristina Cifuentes, ha dicho hoy que el caso G\u00fcrtel es &quot;un goteo que no hay quien lo aguante&quot; y ha apelado hoy a la presunci\u00f3n de inocencia del que fuera secretario general del PP Francisco \u00c1lvarez-Cascos como a la &quot;de cualquier persona&quot;. Cifuentes se ha\" \/>\n\t<meta name=\"robots\" content=\"max-image-preview:large\" \/>\n\t<meta name=\"author\" content=\"El Digital de Asturias\"\/>\n\t<meta name=\"google-site-verification\" content=\"UA-38556648-1\" \/>\n\t<meta name=\"msvalidate.01\" content=\"7dfe9f3f1b24437ab69f4f2559babe99\" \/>\n\t<meta name=\"keywords\" content=\"actualidad\" \/>\n\t<link rel=\"canonical\" href=\"https:\/\/www.eldigitaldeasturias.com\/noticias\/cifuentes-dice-sobre-el-caso-gurtel-que-es-un-goteo-que-no-hay-quien-lo-aguante\/\" \/>\n\t<meta name=\"generator\" content=\"All in One SEO Pro (AIOSEO) 5.0.1\" \/>\n\t\t<meta property=\"og:locale\" content=\"es_ES\" \/>\n\t\t<meta property=\"og:site_name\" content=\"El Digital de Asturias\" \/>\n\t\t<meta property=\"og:type\" content=\"article\" \/>\n\t\t<meta property=\"og:title\" content=\"Cifuentes dice sobre el caso G\u00fcrtel que \u00abes un goteo que no hay quien lo aguante\u00bb - El Digital de Asturias\" \/>\n\t\t<meta property=\"og:description\" content=\"Madrid, 4 feb (EFE).- La delegada del Gobierno en Madrid, Cristina Cifuentes, ha dicho hoy que el caso G\u00fcrtel es &quot;un goteo que no hay quien lo aguante&quot; y ha apelado hoy a la presunci\u00f3n de inocencia del que fuera secretario general del PP Francisco \u00c1lvarez-Cascos como a la &quot;de cualquier persona&quot;. Cifuentes se ha\" \/>\n\t\t<meta property=\"og:url\" content=\"https:\/\/www.eldigitaldeasturias.com\/noticias\/cifuentes-dice-sobre-el-caso-gurtel-que-es-un-goteo-que-no-hay-quien-lo-aguante\/\" \/>\n\t\t<meta property=\"article:tag\" content=\"actualidad\" \/>\n\t\t<meta property=\"article:published_time\" content=\"2014-02-05T02:37:19+00:00\" \/>\n\t\t<meta property=\"article:modified_time\" content=\"2014-02-05T02:37:19+00:00\" \/>\n\t\t<meta property=\"article:publisher\" content=\"https:\/\/facebook.com\/eldigitaldeasturias\" \/>\n\t\t<meta name=\"twitter:card\" content=\"summary_large_image\" \/>\n\t\t<meta name=\"twitter:title\" content=\"Cifuentes dice sobre el caso G\u00fcrtel que \u00abes un goteo que no hay quien lo aguante\u00bb - El Digital de Asturias\" \/>\n\t\t<meta name=\"twitter:description\" content=\"Madrid, 4 feb (EFE).- La delegada del Gobierno en Madrid, Cristina Cifuentes, ha dicho hoy que el caso G\u00fcrtel es &quot;un goteo que no hay quien lo aguante&quot; y ha apelado hoy a la presunci\u00f3n de inocencia del que fuera secretario general del PP Francisco \u00c1lvarez-Cascos como a la &quot;de cualquier persona&quot;. Cifuentes se ha\" \/>\n\t\t<meta name=\"twitter:label1\" content=\"Escrito por\" \/>\n\t\t<meta name=\"twitter:data1\" content=\"El Digital de Asturias\" \/>\n\t\t<meta name=\"twitter:label2\" content=\"Tiempo de lectura estimado\" \/>\n\t\t<meta name=\"twitter:data2\" content=\"2 minutos\" \/>\n\t\t<script type=\"application\/ld+json\" class=\"aioseo-schema\">\n\t\t\t{\"@context\":\"https:\\\/\\\/schema.org\",\"@graph\":[{\"@type\":\"BlogPosting\",\"@id\":\"https:\\\/\\\/www.eldigitaldeasturias.com\\\/noticias\\\/cifuentes-dice-sobre-el-caso-gurtel-que-es-un-goteo-que-no-hay-quien-lo-aguante\\\/#blogposting\",\"name\":\"Cifuentes dice sobre el caso G\\u00fcrtel que \\u00abes un goteo que no hay quien lo aguante\\u00bb - El Digital de Asturias\",\"headline\":\"Cifuentes dice sobre el caso G\\u00fcrtel que \\u00abes un goteo que no hay quien lo aguante\\u00bb\",\"author\":{\"@id\":\"https:\\\/\\\/www.eldigitaldeasturias.com\\\/noticias\\\/author\\\/admin\\\/#author\"},\"publisher\":{\"@id\":\"https:\\\/\\\/www.eldigitaldeasturias.com\\\/noticias\\\/#organization\"},\"image\":{\"@type\":\"ImageObject\",\"url\":483753},\"datePublished\":\"2014-02-05T01:37:19+01:00\",\"dateModified\":\"2014-02-05T01:37:19+01:00\",\"inLanguage\":\"es-ES\",\"mainEntityOfPage\":{\"@id\":\"https:\\\/\\\/www.eldigitaldeasturias.com\\\/noticias\\\/cifuentes-dice-sobre-el-caso-gurtel-que-es-un-goteo-que-no-hay-quien-lo-aguante\\\/#webpage\"},\"isPartOf\":{\"@id\":\"https:\\\/\\\/www.eldigitaldeasturias.com\\\/noticias\\\/cifuentes-dice-sobre-el-caso-gurtel-que-es-un-goteo-que-no-hay-quien-lo-aguante\\\/#webpage\"},\"articleSection\":\"Actualidad\"},{\"@type\":\"BreadcrumbList\",\"@id\":\"https:\\\/\\\/www.eldigitaldeasturias.com\\\/noticias\\\/cifuentes-dice-sobre-el-caso-gurtel-que-es-un-goteo-que-no-hay-quien-lo-aguante\\\/#breadcrumblist\",\"itemListElement\":[{\"@type\":\"ListItem\",\"@id\":\"https:\\\/\\\/www.eldigitaldeasturias.com\\\/noticias#listItem\",\"position\":1,\"name\":\"Home\",\"item\":\"https:\\\/\\\/www.eldigitaldeasturias.com\\\/noticias\",\"nextItem\":{\"@type\":\"ListItem\",\"@id\":\"https:\\\/\\\/www.eldigitaldeasturias.com\\\/noticias\\\/category\\\/actualidad\\\/#listItem\",\"name\":\"Actualidad\"}},{\"@type\":\"ListItem\",\"@id\":\"https:\\\/\\\/www.eldigitaldeasturias.com\\\/noticias\\\/category\\\/actualidad\\\/#listItem\",\"position\":2,\"name\":\"Actualidad\",\"item\":\"https:\\\/\\\/www.eldigitaldeasturias.com\\\/noticias\\\/category\\\/actualidad\\\/\",\"nextItem\":{\"@type\":\"ListItem\",\"@id\":\"https:\\\/\\\/www.eldigitaldeasturias.com\\\/noticias\\\/cifuentes-dice-sobre-el-caso-gurtel-que-es-un-goteo-que-no-hay-quien-lo-aguante\\\/#listItem\",\"name\":\"Cifuentes dice sobre el caso G\\u00fcrtel que \\u00abes un goteo que no hay quien lo aguante\\u00bb\"},\"previousItem\":{\"@type\":\"ListItem\",\"@id\":\"https:\\\/\\\/www.eldigitaldeasturias.com\\\/noticias#listItem\",\"name\":\"Home\"}},{\"@type\":\"ListItem\",\"@id\":\"https:\\\/\\\/www.eldigitaldeasturias.com\\\/noticias\\\/cifuentes-dice-sobre-el-caso-gurtel-que-es-un-goteo-que-no-hay-quien-lo-aguante\\\/#listItem\",\"position\":3,\"name\":\"Cifuentes dice sobre el caso G\\u00fcrtel que \\u00abes un goteo que no hay quien lo aguante\\u00bb\",\"previousItem\":{\"@type\":\"ListItem\",\"@id\":\"https:\\\/\\\/www.eldigitaldeasturias.com\\\/noticias\\\/category\\\/actualidad\\\/#listItem\",\"name\":\"Actualidad\"}}]},{\"@type\":\"Organization\",\"@id\":\"https:\\\/\\\/www.eldigitaldeasturias.com\\\/noticias\\\/#organization\",\"name\":\"El Digital de Asturias\",\"description\":\"Hemeroteca\",\"url\":\"https:\\\/\\\/www.eldigitaldeasturias.com\\\/noticias\\\/\",\"email\":\"info@eldigitaldeasturias.com\",\"telephone\":\"+34652131393\",\"logo\":{\"@type\":\"ImageObject\",\"url\":\"https:\\\/\\\/www.eldigitaldeasturias.com\\\/noticias\\\/wp-content\\\/uploads\\\/2020\\\/12\\\/EDA.jpg\",\"@id\":\"https:\\\/\\\/www.eldigitaldeasturias.com\\\/noticias\\\/cifuentes-dice-sobre-el-caso-gurtel-que-es-un-goteo-que-no-hay-quien-lo-aguante\\\/#organizationLogo\"},\"image\":{\"@id\":\"https:\\\/\\\/www.eldigitaldeasturias.com\\\/noticias\\\/cifuentes-dice-sobre-el-caso-gurtel-que-es-un-goteo-que-no-hay-quien-lo-aguante\\\/#organizationLogo\"},\"sameAs\":[\"https:\\\/\\\/facebook.com\\\/eldigitaldeasturias\",\"https:\\\/\\\/www.youtube.com\\\/channel\\\/UCZP-2wLEB9Rv6erhFmqVnvg\"],\"address\":{\"@id\":\"https:\\\/\\\/www.eldigitaldeasturias.com\\\/noticias\\\/#postaladdress\",\"@type\":\"PostalAddress\",\"streetAddress\":\"san antonio 4\",\"postalCode\":\"33430\",\"addressLocality\":\"Cand\\u00e1s\",\"addressRegion\":\"Asturias\",\"addressCountry\":\"ES\"}},{\"@type\":\"Person\",\"@id\":\"https:\\\/\\\/www.eldigitaldeasturias.com\\\/noticias\\\/author\\\/admin\\\/#author\",\"url\":\"https:\\\/\\\/www.eldigitaldeasturias.com\\\/noticias\\\/author\\\/admin\\\/\",\"name\":\"El Digital de Asturias\",\"image\":{\"@type\":\"ImageObject\",\"@id\":\"https:\\\/\\\/www.eldigitaldeasturias.com\\\/noticias\\\/cifuentes-dice-sobre-el-caso-gurtel-que-es-un-goteo-que-no-hay-quien-lo-aguante\\\/#authorImage\",\"url\":\"https:\\\/\\\/secure.gravatar.com\\\/avatar\\\/df2aeffc32bcd13f8d26072ef8a91b623d677766deac7f97ca815868cd41bf5e?s=96&d=mm&r=g\",\"width\":96,\"height\":96,\"caption\":\"El Digital de Asturias\"}},{\"@type\":\"WebPage\",\"@id\":\"https:\\\/\\\/www.eldigitaldeasturias.com\\\/noticias\\\/cifuentes-dice-sobre-el-caso-gurtel-que-es-un-goteo-que-no-hay-quien-lo-aguante\\\/#webpage\",\"url\":\"https:\\\/\\\/www.eldigitaldeasturias.com\\\/noticias\\\/cifuentes-dice-sobre-el-caso-gurtel-que-es-un-goteo-que-no-hay-quien-lo-aguante\\\/\",\"name\":\"Cifuentes dice sobre el caso G\\u00fcrtel que \\u00abes un goteo que no hay quien lo aguante\\u00bb - El Digital de Asturias\",\"description\":\"Madrid, 4 feb (EFE).- La delegada del Gobierno en Madrid, Cristina Cifuentes, ha dicho hoy que el caso G\\u00fcrtel es \\\"un goteo que no hay quien lo aguante\\\" y ha apelado hoy a la presunci\\u00f3n de inocencia del que fuera secretario general del PP Francisco \\u00c1lvarez-Cascos como a la \\\"de cualquier persona\\\". Cifuentes se ha\",\"inLanguage\":\"es-ES\",\"isPartOf\":{\"@id\":\"https:\\\/\\\/www.eldigitaldeasturias.com\\\/noticias\\\/#website\"},\"breadcrumb\":{\"@id\":\"https:\\\/\\\/www.eldigitaldeasturias.com\\\/noticias\\\/cifuentes-dice-sobre-el-caso-gurtel-que-es-un-goteo-que-no-hay-quien-lo-aguante\\\/#breadcrumblist\"},\"author\":{\"@id\":\"https:\\\/\\\/www.eldigitaldeasturias.com\\\/noticias\\\/author\\\/admin\\\/#author\"},\"creator\":{\"@id\":\"https:\\\/\\\/www.eldigitaldeasturias.com\\\/noticias\\\/author\\\/admin\\\/#author\"},\"image\":{\"@type\":\"ImageObject\",\"url\":483753,\"@id\":\"https:\\\/\\\/www.eldigitaldeasturias.com\\\/noticias\\\/cifuentes-dice-sobre-el-caso-gurtel-que-es-un-goteo-que-no-hay-quien-lo-aguante\\\/#mainImage\"},\"primaryImageOfPage\":{\"@id\":\"https:\\\/\\\/www.eldigitaldeasturias.com\\\/noticias\\\/cifuentes-dice-sobre-el-caso-gurtel-que-es-un-goteo-que-no-hay-quien-lo-aguante\\\/#mainImage\"},\"datePublished\":\"2014-02-05T01:37:19+01:00\",\"dateModified\":\"2014-02-05T01:37:19+01:00\"},{\"@type\":\"WebSite\",\"@id\":\"https:\\\/\\\/www.eldigitaldeasturias.com\\\/noticias\\\/#website\",\"url\":\"https:\\\/\\\/www.eldigitaldeasturias.com\\\/noticias\\\/\",\"name\":\"El Digital de Asturias - Diario de actualidad y noticias\",\"alternateName\":\"El Digital de Asturias - Diario de actualidad y noticias\",\"description\":\"Hemeroteca\",\"inLanguage\":\"es-ES\",\"publisher\":{\"@id\":\"https:\\\/\\\/www.eldigitaldeasturias.com\\\/noticias\\\/#organization\"}}]}\n\t\t<\/script>\n\t\t<!-- All in One SEO Pro -->\r\n\t\t<title>Cifuentes dice sobre el caso G\u00fcrtel que \u00abes un goteo que no hay quien lo aguante\u00bb - El Digital de Asturias<\/title>\n\n","aioseo_head_json":{"title":"Cifuentes dice sobre el caso G\u00fcrtel que \u00abes un goteo que no hay quien lo aguante\u00bb - El Digital de Asturias","description":"Madrid, 4 feb (EFE).- La delegada del Gobierno en Madrid, Cristina Cifuentes, ha dicho hoy que el caso G\u00fcrtel es \"un goteo que no hay quien lo aguante\" y ha apelado hoy a la presunci\u00f3n de inocencia del que fuera secretario general del PP Francisco \u00c1lvarez-Cascos como a la \"de cualquier persona\". Cifuentes se ha","canonical_url":"https:\/\/www.eldigitaldeasturias.com\/noticias\/cifuentes-dice-sobre-el-caso-gurtel-que-es-un-goteo-que-no-hay-quien-lo-aguante\/","robots":"max-image-preview:large","keywords":"actualidad","webmasterTools":{"google-site-verification":"UA-38556648-1","msvalidate.01":"7dfe9f3f1b24437ab69f4f2559babe99","miscellaneous":""},"schema":{"@context":"https:\/\/schema.org","@graph":[{"@type":"BlogPosting","@id":"https:\/\/www.eldigitaldeasturias.com\/noticias\/cifuentes-dice-sobre-el-caso-gurtel-que-es-un-goteo-que-no-hay-quien-lo-aguante\/#blogposting","name":"Cifuentes dice sobre el caso G\u00fcrtel que \u00abes un goteo que no hay quien lo aguante\u00bb - El Digital de Asturias","headline":"Cifuentes dice sobre el caso G\u00fcrtel que \u00abes un goteo que no hay quien lo aguante\u00bb","author":{"@id":"https:\/\/www.eldigitaldeasturias.com\/noticias\/author\/admin\/#author"},"publisher":{"@id":"https:\/\/www.eldigitaldeasturias.com\/noticias\/#organization"},"image":{"@type":"ImageObject","url":483753},"datePublished":"2014-02-05T01:37:19+01:00","dateModified":"2014-02-05T01:37:19+01:00","inLanguage":"es-ES","mainEntityOfPage":{"@id":"https:\/\/www.eldigitaldeasturias.com\/noticias\/cifuentes-dice-sobre-el-caso-gurtel-que-es-un-goteo-que-no-hay-quien-lo-aguante\/#webpage"},"isPartOf":{"@id":"https:\/\/www.eldigitaldeasturias.com\/noticias\/cifuentes-dice-sobre-el-caso-gurtel-que-es-un-goteo-que-no-hay-quien-lo-aguante\/#webpage"},"articleSection":"Actualidad"},{"@type":"BreadcrumbList","@id":"https:\/\/www.eldigitaldeasturias.com\/noticias\/cifuentes-dice-sobre-el-caso-gurtel-que-es-un-goteo-que-no-hay-quien-lo-aguante\/#breadcrumblist","itemListElement":[{"@type":"ListItem","@id":"https:\/\/www.eldigitaldeasturias.com\/noticias#listItem","position":1,"name":"Home","item":"https:\/\/www.eldigitaldeasturias.com\/noticias","nextItem":{"@type":"ListItem","@id":"https:\/\/www.eldigitaldeasturias.com\/noticias\/category\/actualidad\/#listItem","name":"Actualidad"}},{"@type":"ListItem","@id":"https:\/\/www.eldigitaldeasturias.com\/noticias\/category\/actualidad\/#listItem","position":2,"name":"Actualidad","item":"https:\/\/www.eldigitaldeasturias.com\/noticias\/category\/actualidad\/","nextItem":{"@type":"ListItem","@id":"https:\/\/www.eldigitaldeasturias.com\/noticias\/cifuentes-dice-sobre-el-caso-gurtel-que-es-un-goteo-que-no-hay-quien-lo-aguante\/#listItem","name":"Cifuentes dice sobre el caso G\u00fcrtel que \u00abes un goteo que no hay quien lo aguante\u00bb"},"previousItem":{"@type":"ListItem","@id":"https:\/\/www.eldigitaldeasturias.com\/noticias#listItem","name":"Home"}},{"@type":"ListItem","@id":"https:\/\/www.eldigitaldeasturias.com\/noticias\/cifuentes-dice-sobre-el-caso-gurtel-que-es-un-goteo-que-no-hay-quien-lo-aguante\/#listItem","position":3,"name":"Cifuentes dice sobre el caso G\u00fcrtel que \u00abes un goteo que no hay quien lo aguante\u00bb","previousItem":{"@type":"ListItem","@id":"https:\/\/www.eldigitaldeasturias.com\/noticias\/category\/actualidad\/#listItem","name":"Actualidad"}}]},{"@type":"Organization","@id":"https:\/\/www.eldigitaldeasturias.com\/noticias\/#organization","name":"El Digital de Asturias","description":"Hemeroteca","url":"https:\/\/www.eldigitaldeasturias.com\/noticias\/","email":"info@eldigitaldeasturias.com","telephone":"+34652131393","logo":{"@type":"ImageObject","url":"https:\/\/www.eldigitaldeasturias.com\/noticias\/wp-content\/uploads\/2020\/12\/EDA.jpg","@id":"https:\/\/www.eldigitaldeasturias.com\/noticias\/cifuentes-dice-sobre-el-caso-gurtel-que-es-un-goteo-que-no-hay-quien-lo-aguante\/#organizationLogo"},"image":{"@id":"https:\/\/www.eldigitaldeasturias.com\/noticias\/cifuentes-dice-sobre-el-caso-gurtel-que-es-un-goteo-que-no-hay-quien-lo-aguante\/#organizationLogo"},"sameAs":["https:\/\/facebook.com\/eldigitaldeasturias","https:\/\/www.youtube.com\/channel\/UCZP-2wLEB9Rv6erhFmqVnvg"],"address":{"@id":"https:\/\/www.eldigitaldeasturias.com\/noticias\/#postaladdress","@type":"PostalAddress","streetAddress":"san antonio 4","postalCode":"33430","addressLocality":"Cand\u00e1s","addressRegion":"Asturias","addressCountry":"ES"}},{"@type":"Person","@id":"https:\/\/www.eldigitaldeasturias.com\/noticias\/author\/admin\/#author","url":"https:\/\/www.eldigitaldeasturias.com\/noticias\/author\/admin\/","name":"El Digital de Asturias","image":{"@type":"ImageObject","@id":"https:\/\/www.eldigitaldeasturias.com\/noticias\/cifuentes-dice-sobre-el-caso-gurtel-que-es-un-goteo-que-no-hay-quien-lo-aguante\/#authorImage","url":"https:\/\/secure.gravatar.com\/avatar\/df2aeffc32bcd13f8d26072ef8a91b623d677766deac7f97ca815868cd41bf5e?s=96&d=mm&r=g","width":96,"height":96,"caption":"El Digital de Asturias"}},{"@type":"WebPage","@id":"https:\/\/www.eldigitaldeasturias.com\/noticias\/cifuentes-dice-sobre-el-caso-gurtel-que-es-un-goteo-que-no-hay-quien-lo-aguante\/#webpage","url":"https:\/\/www.eldigitaldeasturias.com\/noticias\/cifuentes-dice-sobre-el-caso-gurtel-que-es-un-goteo-que-no-hay-quien-lo-aguante\/","name":"Cifuentes dice sobre el caso G\u00fcrtel que \u00abes un goteo que no hay quien lo aguante\u00bb - El Digital de Asturias","description":"Madrid, 4 feb (EFE).- La delegada del Gobierno en Madrid, Cristina Cifuentes, ha dicho hoy que el caso G\u00fcrtel es \"un goteo que no hay quien lo aguante\" y ha apelado hoy a la presunci\u00f3n de inocencia del que fuera secretario general del PP Francisco \u00c1lvarez-Cascos como a la \"de cualquier persona\". Cifuentes se ha","inLanguage":"es-ES","isPartOf":{"@id":"https:\/\/www.eldigitaldeasturias.com\/noticias\/#website"},"breadcrumb":{"@id":"https:\/\/www.eldigitaldeasturias.com\/noticias\/cifuentes-dice-sobre-el-caso-gurtel-que-es-un-goteo-que-no-hay-quien-lo-aguante\/#breadcrumblist"},"author":{"@id":"https:\/\/www.eldigitaldeasturias.com\/noticias\/author\/admin\/#author"},"creator":{"@id":"https:\/\/www.eldigitaldeasturias.com\/noticias\/author\/admin\/#author"},"image":{"@type":"ImageObject","url":483753,"@id":"https:\/\/www.eldigitaldeasturias.com\/noticias\/cifuentes-dice-sobre-el-caso-gurtel-que-es-un-goteo-que-no-hay-quien-lo-aguante\/#mainImage"},"primaryImageOfPage":{"@id":"https:\/\/www.eldigitaldeasturias.com\/noticias\/cifuentes-dice-sobre-el-caso-gurtel-que-es-un-goteo-que-no-hay-quien-lo-aguante\/#mainImage"},"datePublished":"2014-02-05T01:37:19+01:00","dateModified":"2014-02-05T01:37:19+01:00"},{"@type":"WebSite","@id":"https:\/\/www.eldigitaldeasturias.com\/noticias\/#website","url":"https:\/\/www.eldigitaldeasturias.com\/noticias\/","name":"El Digital de Asturias - Diario de actualidad y noticias","alternateName":"El Digital de Asturias - Diario de actualidad y noticias","description":"Hemeroteca","inLanguage":"es-ES","publisher":{"@id":"https:\/\/www.eldigitaldeasturias.com\/noticias\/#organization"}}]},"og:locale":"es_ES","og:site_name":"El Digital de Asturias","og:type":"article","og:title":"Cifuentes dice sobre el caso G\u00fcrtel que \u00abes un goteo que no hay quien lo aguante\u00bb - El Digital de Asturias","og:description":"Madrid, 4 feb (EFE).- La delegada del Gobierno en Madrid, Cristina Cifuentes, ha dicho hoy que el caso G\u00fcrtel es &quot;un goteo que no hay quien lo aguante&quot; y ha apelado hoy a la presunci\u00f3n de inocencia del que fuera secretario general del PP Francisco \u00c1lvarez-Cascos como a la &quot;de cualquier persona&quot;. Cifuentes se ha","og:url":"https:\/\/www.eldigitaldeasturias.com\/noticias\/cifuentes-dice-sobre-el-caso-gurtel-que-es-un-goteo-que-no-hay-quien-lo-aguante\/","article:tag":["actualidad"],"article:published_time":"2014-02-05T02:37:19+00:00","article:modified_time":"2014-02-05T02:37:19+00:00","article:publisher":"https:\/\/facebook.com\/eldigitaldeasturias","twitter:card":"summary_large_image","twitter:title":"Cifuentes dice sobre el caso G\u00fcrtel que \u00abes un goteo que no hay quien lo aguante\u00bb - El Digital de Asturias","twitter:description":"Madrid, 4 feb (EFE).- La delegada del Gobierno en Madrid, Cristina Cifuentes, ha dicho hoy que el caso G\u00fcrtel es &quot;un goteo que no hay quien lo aguante&quot; y ha apelado hoy a la presunci\u00f3n de inocencia del que fuera secretario general del PP Francisco \u00c1lvarez-Cascos como a la &quot;de cualquier persona&quot;. Cifuentes se ha","twitter:label1":"Escrito por","twitter:data1":"El Digital de Asturias","twitter:label2":"Tiempo de lectura estimado","twitter:data2":"2 minutos"},"aioseo_meta_data":{"post_id":"483752","title":null,"description":null,"keywords":null,"keyphrases":null,"primary_term":null,"canonical_url":null,"og_title":null,"og_description":null,"og_object_type":"default","og_image_type":"default","og_image_url":null,"og_image_width":null,"og_image_height":null,"og_image_custom_url":null,"og_image_custom_fields":null,"og_video":null,"og_custom_url":null,"og_article_section":null,"og_article_tags":null,"twitter_use_og":true,"twitter_card":"default","twitter_image_type":"default","twitter_image_url":null,"twitter_image_custom_url":null,"twitter_image_custom_fields":null,"twitter_title":null,"twitter_description":null,"schema":{"blockGraphs":[],"customGraphs":[],"default":{"data":{"Article":[],"Course":[],"Dataset":[],"FAQPage":[],"Movie":[],"Person":[],"Product":[],"ProductReview":[],"Car":[],"Recipe":[],"Service":[],"SoftwareApplication":[],"WebPage":[]},"graphName":"","isEnabled":true},"graphs":[],"defaultGraph":"","defaultPostTypeGraph":""},"schema_type":null,"schema_type_options":null,"pillar_content":false,"robots_default":true,"robots_noindex":false,"robots_noarchive":false,"robots_nosnippet":false,"robots_nofollow":false,"robots_noimageindex":false,"robots_noodp":false,"robots_notranslate":false,"robots_max_snippet":null,"robots_max_videopreview":null,"robots_max_imagepreview":"none","priority":null,"frequency":null,"local_seo":null,"seo_analyzer_scan_date":"2026-06-02 13:46:54","breadcrumb_settings":null,"limit_modified_date":false,"open_ai":null,"ai":null,"created":"2020-11-14 22:54:51","updated":"2026-06-02 13:46:54","focus_keyword":null,"additional_keywords":null,"truseo_locale":null},"aioseo_breadcrumb":"<div class=\"aioseo-breadcrumbs\"><span class=\"aioseo-breadcrumb\">\n\t<a href=\"https:\/\/www.eldigitaldeasturias.com\/noticias\" title=\"Home\">Home<\/a>\n<\/span><span class=\"aioseo-breadcrumb-separator\">\u2013<\/span><span class=\"aioseo-breadcrumb\">\n\t<a href=\"https:\/\/www.eldigitaldeasturias.com\/noticias\/category\/actualidad\/\" title=\"Actualidad\">Actualidad<\/a>\n<\/span><span class=\"aioseo-breadcrumb-separator\">\u2013<\/span><span class=\"aioseo-breadcrumb\">\n\t<a href=\"https:\/\/www.eldigitaldeasturias.com\/noticias\/cifuentes-dice-sobre-el-caso-gurtel-que-es-un-goteo-que-no-hay-quien-lo-aguante\/\" title=\"Cifuentes dice sobre el caso G\u00fcrtel que \u00abes un goteo que no hay quien lo aguante\u00bb\">Cifuentes dice sobre el caso G\u00fcrtel que \u00abes un goteo que no hay quien lo aguante\u00bb<\/a>\n<\/span><\/div>","aioseo_breadcrumb_json":[{"label":"Home","link":"https:\/\/www.eldigitaldeasturias.com\/noticias"},{"label":"Actualidad","link":"https:\/\/www.eldigitaldeasturias.com\/noticias\/category\/actualidad\/"},{"label":"Cifuentes dice sobre el caso G\u00fcrtel que \u00abes un goteo que no hay quien lo aguante\u00bb","link":"https:\/\/www.eldigitaldeasturias.com\/noticias\/cifuentes-dice-sobre-el-caso-gurtel-que-es-un-goteo-que-no-hay-quien-lo-aguante\/"}],"_links":{"self":[{"href":"https:\/\/www.eldigitaldeasturias.com\/noticias\/wp-json\/wp\/v2\/posts\/483752","targetHints":{"allow":["GET"]}}],"collection":[{"href":"https:\/\/www.eldigitaldeasturias.com\/noticias\/wp-json\/wp\/v2\/posts"}],"about":[{"href":"https:\/\/www.eldigitaldeasturias.com\/noticias\/wp-json\/wp\/v2\/types\/post"}],"author":[{"embeddable":true,"href":"https:\/\/www.eldigitaldeasturias.com\/noticias\/wp-json\/wp\/v2\/users\/1"}],"replies":[{"embeddable":true,"href":"https:\/\/www.eldigitaldeasturias.com\/noticias\/wp-json\/wp\/v2\/comments?post=483752"}],"version-history":[{"count":0,"href":"https:\/\/www.eldigitaldeasturias.com\/noticias\/wp-json\/wp\/v2\/posts\/483752\/revisions"}],"wp:attachment":[{"href":"https:\/\/www.eldigitaldeasturias.com\/noticias\/wp-json\/wp\/v2\/media?parent=483752"}],"wp:term":[{"taxonomy":"category","embeddable":true,"href":"https:\/\/www.eldigitaldeasturias.com\/noticias\/wp-json\/wp\/v2\/categories?post=483752"},{"taxonomy":"post_tag","embeddable":true,"href":"https:\/\/www.eldigitaldeasturias.com\/noticias\/wp-json\/wp\/v2\/tags?post=483752"}],"curies":[{"name":"wp","href":"https:\/\/api.w.org\/{rel}","templated":true}]}}