{"id":483731,"date":"2014-02-05T01:27:59","date_gmt":"2014-02-05T02:27:59","guid":{"rendered":"http:\/\/www.eldigitaldeasturias.com\/noticias\/?p=483731"},"modified":"2014-02-05T01:27:59","modified_gmt":"2014-02-05T02:27:59","slug":"el-tribunal-electoral-comienza-a-contar-uno-a-uno-los-votos-en-costa-rica","status":"publish","type":"post","link":"https:\/\/www.eldigitaldeasturias.com\/noticias\/el-tribunal-electoral-comienza-a-contar-uno-a-uno-los-votos-en-costa-rica\/","title":{"rendered":"El tribunal electoral comienza a contar uno a uno los votos en Costa Rica"},"content":{"rendered":"<p><img loading=\"lazy\" decoding=\"async\" class=\"alignleft size-medium wp-image-483732\" alt=\"5909600w\" src=\"https:\/\/www.eldigitaldeasturias.com\/noticias\/wp-content\/uploads\/2014\/02\/5909600w-360x238.jpg\" width=\"360\" height=\"238\" \/>San Jos\u00e9, 4 feb (EFE).- El Tribunal Supremo de Elecciones de Costa Rica (TSE) comenz\u00f3 hoy a contar a mano, uno a uno, los votos de los comicios del pasado domingo, en los que qued\u00f3 definido que los candidatos Luis Guillermo Sol\u00eds y Johnny Araya se deber\u00e1n enfrentar en una segunda vuelta.<\/p>\n<p>El director de registro electoral del TSE, H\u00e9ctor Fern\u00e1ndez, declar\u00f3 en una conferencia de prensa que los partidos pol\u00edticos tienen derecho a inscribir fiscales para el proceso de contabilizar las papeletas.<\/p>\n<p>La mayor\u00eda del material electoral ya se encuentra en el tribunal, pues a\u00fan faltan por llegar sacos procedentes de algunos consulados donde por primera vez en la historia del pa\u00eds se efectu\u00f3 el voto en el exterior.<\/p>\n<p>El TSE tiene como plazo legal un mes para contabilizar los votos a mano, pero sus representantes han asegurado que esperan terminar en la mitad de ese tiempo para luego comenzar a contar las papeletas de la elecci\u00f3n de diputados.<\/p>\n<p>Los resultados oficiales de las votaciones para diputados deben estar listos como m\u00e1ximo el \u00faltimo d\u00eda de abril, seg\u00fan la ley.<\/p>\n<p>El TSE asegur\u00f3 el lunes que el proceso electoral se desarroll\u00f3 en absoluta tranquilidad y que no se reportaron irregularidades que pusieran en duda la transparencia.<\/p>\n<p>Los resultados provisionales del TSE, con el 89 % de las mesas escrutadas, muestran a Sol\u00eds, del centro izquierdista Partido Acci\u00f3n Ciudadana (PAC), con un apoyo del 30,95 %, mientras el aspirante del gobernante Partido Liberaci\u00f3n Nacional (PLN), Johnny Araya, suma un 29,56 %.<\/p>\n<p>El resto del porcentaje de votaci\u00f3n se dividi\u00f3 entre los otros 11 candidatos que se inscribieron para los comicios.<\/p>\n<p>Con estos resultados, ninguno de los dos super\u00f3 el 40 % necesario para triunfar el domingo, por lo que se deber\u00e1 realizar una segunda vuelta electoral el 6 de abril.<\/p>\n<p>El C\u00f3digo Electoral establece que en caso de que haya una diferencia menor al 2 % entre los dos candidatos m\u00e1s votados, se deben contar las papeletas una por una, antes de que el TSE realice un anuncio oficial sobre los resultados.<\/p>\n<p>Para las elecciones del pasado domingo estaban habilitados para votar cerca de 3,1 millones de personas y el abstencionismo se ubic\u00f3 en alrededor del 31 %.<\/p>\n","protected":false},"excerpt":{"rendered":"<p>San Jos\u00e9, 4 feb (EFE).- El Tribunal Supremo de Elecciones de Costa Rica (TSE) comenz\u00f3 hoy a contar a mano, uno a uno, los votos de los comicios del pasado domingo, en los que qued\u00f3 definido que los candidatos Luis Guillermo Sol\u00eds y Johnny Araya se deber\u00e1n enfrentar en una segunda vuelta. El director de [&hellip;]<\/p>\n","protected":false},"author":1,"featured_media":483732,"comment_status":"closed","ping_status":"open","sticky":false,"template":"","format":"standard","meta":{"footnotes":""},"categories":[1],"tags":[],"class_list":["post-483731","post","type-post","status-publish","format-standard","has-post-thumbnail","hentry","category-actualidad"],"aioseo_notices":[],"aioseo_head":"\n\t\t<!-- All in One SEO Pro 5.0.1 - aioseo.com -->\n\t<meta name=\"description\" content=\"San Jos\u00e9, 4 feb (EFE).- El Tribunal Supremo de Elecciones de Costa Rica (TSE) comenz\u00f3 hoy a contar a mano, uno a uno, los votos de los comicios del pasado domingo, en los que qued\u00f3 definido que los candidatos Luis Guillermo Sol\u00eds y Johnny Araya se deber\u00e1n enfrentar en una segunda vuelta. El director de\" \/>\n\t<meta name=\"robots\" content=\"max-image-preview:large\" \/>\n\t<meta name=\"author\" content=\"El Digital de Asturias\"\/>\n\t<meta name=\"google-site-verification\" content=\"UA-38556648-1\" \/>\n\t<meta name=\"msvalidate.01\" content=\"7dfe9f3f1b24437ab69f4f2559babe99\" \/>\n\t<meta name=\"keywords\" content=\"actualidad\" \/>\n\t<link rel=\"canonical\" href=\"https:\/\/www.eldigitaldeasturias.com\/noticias\/el-tribunal-electoral-comienza-a-contar-uno-a-uno-los-votos-en-costa-rica\/\" \/>\n\t<meta name=\"generator\" content=\"All in One SEO Pro (AIOSEO) 5.0.1\" \/>\n\t\t<meta property=\"og:locale\" content=\"es_ES\" \/>\n\t\t<meta property=\"og:site_name\" content=\"El Digital de Asturias\" \/>\n\t\t<meta property=\"og:type\" content=\"article\" \/>\n\t\t<meta property=\"og:title\" content=\"El tribunal electoral comienza a contar uno a uno los votos en Costa Rica - El Digital de Asturias\" \/>\n\t\t<meta property=\"og:description\" content=\"San Jos\u00e9, 4 feb (EFE).- El Tribunal Supremo de Elecciones de Costa Rica (TSE) comenz\u00f3 hoy a contar a mano, uno a uno, los votos de los comicios del pasado domingo, en los que qued\u00f3 definido que los candidatos Luis Guillermo Sol\u00eds y Johnny Araya se deber\u00e1n enfrentar en una segunda vuelta. El director de\" \/>\n\t\t<meta property=\"og:url\" content=\"https:\/\/www.eldigitaldeasturias.com\/noticias\/el-tribunal-electoral-comienza-a-contar-uno-a-uno-los-votos-en-costa-rica\/\" \/>\n\t\t<meta property=\"article:tag\" content=\"actualidad\" \/>\n\t\t<meta property=\"article:published_time\" content=\"2014-02-05T02:27:59+00:00\" \/>\n\t\t<meta property=\"article:modified_time\" content=\"2014-02-05T02:27:59+00:00\" \/>\n\t\t<meta property=\"article:publisher\" content=\"https:\/\/facebook.com\/eldigitaldeasturias\" \/>\n\t\t<meta name=\"twitter:card\" content=\"summary_large_image\" \/>\n\t\t<meta name=\"twitter:title\" content=\"El tribunal electoral comienza a contar uno a uno los votos en Costa Rica - El Digital de Asturias\" \/>\n\t\t<meta name=\"twitter:description\" content=\"San Jos\u00e9, 4 feb (EFE).- El Tribunal Supremo de Elecciones de Costa Rica (TSE) comenz\u00f3 hoy a contar a mano, uno a uno, los votos de los comicios del pasado domingo, en los que qued\u00f3 definido que los candidatos Luis Guillermo Sol\u00eds y Johnny Araya se deber\u00e1n enfrentar en una segunda vuelta. El director de\" \/>\n\t\t<meta name=\"twitter:label1\" content=\"Escrito por\" \/>\n\t\t<meta name=\"twitter:data1\" content=\"El Digital de Asturias\" \/>\n\t\t<meta name=\"twitter:label2\" content=\"Tiempo de lectura estimado\" \/>\n\t\t<meta name=\"twitter:data2\" content=\"2 minutos\" \/>\n\t\t<script type=\"application\/ld+json\" class=\"aioseo-schema\">\n\t\t\t{\"@context\":\"https:\\\/\\\/schema.org\",\"@graph\":[{\"@type\":\"BlogPosting\",\"@id\":\"https:\\\/\\\/www.eldigitaldeasturias.com\\\/noticias\\\/el-tribunal-electoral-comienza-a-contar-uno-a-uno-los-votos-en-costa-rica\\\/#blogposting\",\"name\":\"El tribunal electoral comienza a contar uno a uno los votos en Costa Rica - El Digital de Asturias\",\"headline\":\"El tribunal electoral comienza a contar uno a uno los votos en Costa Rica\",\"author\":{\"@id\":\"https:\\\/\\\/www.eldigitaldeasturias.com\\\/noticias\\\/author\\\/admin\\\/#author\"},\"publisher\":{\"@id\":\"https:\\\/\\\/www.eldigitaldeasturias.com\\\/noticias\\\/#organization\"},\"image\":{\"@type\":\"ImageObject\",\"url\":483732},\"datePublished\":\"2014-02-05T01:27:59+01:00\",\"dateModified\":\"2014-02-05T01:27:59+01:00\",\"inLanguage\":\"es-ES\",\"mainEntityOfPage\":{\"@id\":\"https:\\\/\\\/www.eldigitaldeasturias.com\\\/noticias\\\/el-tribunal-electoral-comienza-a-contar-uno-a-uno-los-votos-en-costa-rica\\\/#webpage\"},\"isPartOf\":{\"@id\":\"https:\\\/\\\/www.eldigitaldeasturias.com\\\/noticias\\\/el-tribunal-electoral-comienza-a-contar-uno-a-uno-los-votos-en-costa-rica\\\/#webpage\"},\"articleSection\":\"Actualidad\"},{\"@type\":\"BreadcrumbList\",\"@id\":\"https:\\\/\\\/www.eldigitaldeasturias.com\\\/noticias\\\/el-tribunal-electoral-comienza-a-contar-uno-a-uno-los-votos-en-costa-rica\\\/#breadcrumblist\",\"itemListElement\":[{\"@type\":\"ListItem\",\"@id\":\"https:\\\/\\\/www.eldigitaldeasturias.com\\\/noticias#listItem\",\"position\":1,\"name\":\"Home\",\"item\":\"https:\\\/\\\/www.eldigitaldeasturias.com\\\/noticias\",\"nextItem\":{\"@type\":\"ListItem\",\"@id\":\"https:\\\/\\\/www.eldigitaldeasturias.com\\\/noticias\\\/category\\\/actualidad\\\/#listItem\",\"name\":\"Actualidad\"}},{\"@type\":\"ListItem\",\"@id\":\"https:\\\/\\\/www.eldigitaldeasturias.com\\\/noticias\\\/category\\\/actualidad\\\/#listItem\",\"position\":2,\"name\":\"Actualidad\",\"item\":\"https:\\\/\\\/www.eldigitaldeasturias.com\\\/noticias\\\/category\\\/actualidad\\\/\",\"nextItem\":{\"@type\":\"ListItem\",\"@id\":\"https:\\\/\\\/www.eldigitaldeasturias.com\\\/noticias\\\/el-tribunal-electoral-comienza-a-contar-uno-a-uno-los-votos-en-costa-rica\\\/#listItem\",\"name\":\"El tribunal electoral comienza a contar uno a uno los votos en Costa Rica\"},\"previousItem\":{\"@type\":\"ListItem\",\"@id\":\"https:\\\/\\\/www.eldigitaldeasturias.com\\\/noticias#listItem\",\"name\":\"Home\"}},{\"@type\":\"ListItem\",\"@id\":\"https:\\\/\\\/www.eldigitaldeasturias.com\\\/noticias\\\/el-tribunal-electoral-comienza-a-contar-uno-a-uno-los-votos-en-costa-rica\\\/#listItem\",\"position\":3,\"name\":\"El tribunal electoral comienza a contar uno a uno los votos en Costa Rica\",\"previousItem\":{\"@type\":\"ListItem\",\"@id\":\"https:\\\/\\\/www.eldigitaldeasturias.com\\\/noticias\\\/category\\\/actualidad\\\/#listItem\",\"name\":\"Actualidad\"}}]},{\"@type\":\"Organization\",\"@id\":\"https:\\\/\\\/www.eldigitaldeasturias.com\\\/noticias\\\/#organization\",\"name\":\"El Digital de Asturias\",\"description\":\"Hemeroteca\",\"url\":\"https:\\\/\\\/www.eldigitaldeasturias.com\\\/noticias\\\/\",\"email\":\"info@eldigitaldeasturias.com\",\"telephone\":\"+34652131393\",\"logo\":{\"@type\":\"ImageObject\",\"url\":\"https:\\\/\\\/www.eldigitaldeasturias.com\\\/noticias\\\/wp-content\\\/uploads\\\/2020\\\/12\\\/EDA.jpg\",\"@id\":\"https:\\\/\\\/www.eldigitaldeasturias.com\\\/noticias\\\/el-tribunal-electoral-comienza-a-contar-uno-a-uno-los-votos-en-costa-rica\\\/#organizationLogo\"},\"image\":{\"@id\":\"https:\\\/\\\/www.eldigitaldeasturias.com\\\/noticias\\\/el-tribunal-electoral-comienza-a-contar-uno-a-uno-los-votos-en-costa-rica\\\/#organizationLogo\"},\"sameAs\":[\"https:\\\/\\\/facebook.com\\\/eldigitaldeasturias\",\"https:\\\/\\\/www.youtube.com\\\/channel\\\/UCZP-2wLEB9Rv6erhFmqVnvg\"],\"address\":{\"@id\":\"https:\\\/\\\/www.eldigitaldeasturias.com\\\/noticias\\\/#postaladdress\",\"@type\":\"PostalAddress\",\"streetAddress\":\"san antonio 4\",\"postalCode\":\"33430\",\"addressLocality\":\"Cand\\u00e1s\",\"addressRegion\":\"Asturias\",\"addressCountry\":\"ES\"}},{\"@type\":\"Person\",\"@id\":\"https:\\\/\\\/www.eldigitaldeasturias.com\\\/noticias\\\/author\\\/admin\\\/#author\",\"url\":\"https:\\\/\\\/www.eldigitaldeasturias.com\\\/noticias\\\/author\\\/admin\\\/\",\"name\":\"El Digital de Asturias\",\"image\":{\"@type\":\"ImageObject\",\"@id\":\"https:\\\/\\\/www.eldigitaldeasturias.com\\\/noticias\\\/el-tribunal-electoral-comienza-a-contar-uno-a-uno-los-votos-en-costa-rica\\\/#authorImage\",\"url\":\"https:\\\/\\\/secure.gravatar.com\\\/avatar\\\/df2aeffc32bcd13f8d26072ef8a91b623d677766deac7f97ca815868cd41bf5e?s=96&d=mm&r=g\",\"width\":96,\"height\":96,\"caption\":\"El Digital de Asturias\"}},{\"@type\":\"WebPage\",\"@id\":\"https:\\\/\\\/www.eldigitaldeasturias.com\\\/noticias\\\/el-tribunal-electoral-comienza-a-contar-uno-a-uno-los-votos-en-costa-rica\\\/#webpage\",\"url\":\"https:\\\/\\\/www.eldigitaldeasturias.com\\\/noticias\\\/el-tribunal-electoral-comienza-a-contar-uno-a-uno-los-votos-en-costa-rica\\\/\",\"name\":\"El tribunal electoral comienza a contar uno a uno los votos en Costa Rica - El Digital de Asturias\",\"description\":\"San Jos\\u00e9, 4 feb (EFE).- El Tribunal Supremo de Elecciones de Costa Rica (TSE) comenz\\u00f3 hoy a contar a mano, uno a uno, los votos de los comicios del pasado domingo, en los que qued\\u00f3 definido que los candidatos Luis Guillermo Sol\\u00eds y Johnny Araya se deber\\u00e1n enfrentar en una segunda vuelta. El director de\",\"inLanguage\":\"es-ES\",\"isPartOf\":{\"@id\":\"https:\\\/\\\/www.eldigitaldeasturias.com\\\/noticias\\\/#website\"},\"breadcrumb\":{\"@id\":\"https:\\\/\\\/www.eldigitaldeasturias.com\\\/noticias\\\/el-tribunal-electoral-comienza-a-contar-uno-a-uno-los-votos-en-costa-rica\\\/#breadcrumblist\"},\"author\":{\"@id\":\"https:\\\/\\\/www.eldigitaldeasturias.com\\\/noticias\\\/author\\\/admin\\\/#author\"},\"creator\":{\"@id\":\"https:\\\/\\\/www.eldigitaldeasturias.com\\\/noticias\\\/author\\\/admin\\\/#author\"},\"image\":{\"@type\":\"ImageObject\",\"url\":483732,\"@id\":\"https:\\\/\\\/www.eldigitaldeasturias.com\\\/noticias\\\/el-tribunal-electoral-comienza-a-contar-uno-a-uno-los-votos-en-costa-rica\\\/#mainImage\"},\"primaryImageOfPage\":{\"@id\":\"https:\\\/\\\/www.eldigitaldeasturias.com\\\/noticias\\\/el-tribunal-electoral-comienza-a-contar-uno-a-uno-los-votos-en-costa-rica\\\/#mainImage\"},\"datePublished\":\"2014-02-05T01:27:59+01:00\",\"dateModified\":\"2014-02-05T01:27:59+01:00\"},{\"@type\":\"WebSite\",\"@id\":\"https:\\\/\\\/www.eldigitaldeasturias.com\\\/noticias\\\/#website\",\"url\":\"https:\\\/\\\/www.eldigitaldeasturias.com\\\/noticias\\\/\",\"name\":\"El Digital de Asturias - Diario de actualidad y noticias\",\"alternateName\":\"El Digital de Asturias - Diario de actualidad y noticias\",\"description\":\"Hemeroteca\",\"inLanguage\":\"es-ES\",\"publisher\":{\"@id\":\"https:\\\/\\\/www.eldigitaldeasturias.com\\\/noticias\\\/#organization\"}}]}\n\t\t<\/script>\n\t\t<!-- All in One SEO Pro -->\r\n\t\t<title>El tribunal electoral comienza a contar uno a uno los votos en Costa Rica - El Digital de Asturias<\/title>\n\n","aioseo_head_json":{"title":"El tribunal electoral comienza a contar uno a uno los votos en Costa Rica - El Digital de Asturias","description":"San Jos\u00e9, 4 feb (EFE).- El Tribunal Supremo de Elecciones de Costa Rica (TSE) comenz\u00f3 hoy a contar a mano, uno a uno, los votos de los comicios del pasado domingo, en los que qued\u00f3 definido que los candidatos Luis Guillermo Sol\u00eds y Johnny Araya se deber\u00e1n enfrentar en una segunda vuelta. El director de","canonical_url":"https:\/\/www.eldigitaldeasturias.com\/noticias\/el-tribunal-electoral-comienza-a-contar-uno-a-uno-los-votos-en-costa-rica\/","robots":"max-image-preview:large","keywords":"actualidad","webmasterTools":{"google-site-verification":"UA-38556648-1","msvalidate.01":"7dfe9f3f1b24437ab69f4f2559babe99","miscellaneous":""},"schema":{"@context":"https:\/\/schema.org","@graph":[{"@type":"BlogPosting","@id":"https:\/\/www.eldigitaldeasturias.com\/noticias\/el-tribunal-electoral-comienza-a-contar-uno-a-uno-los-votos-en-costa-rica\/#blogposting","name":"El tribunal electoral comienza a contar uno a uno los votos en Costa Rica - El Digital de Asturias","headline":"El tribunal electoral comienza a contar uno a uno los votos en Costa Rica","author":{"@id":"https:\/\/www.eldigitaldeasturias.com\/noticias\/author\/admin\/#author"},"publisher":{"@id":"https:\/\/www.eldigitaldeasturias.com\/noticias\/#organization"},"image":{"@type":"ImageObject","url":483732},"datePublished":"2014-02-05T01:27:59+01:00","dateModified":"2014-02-05T01:27:59+01:00","inLanguage":"es-ES","mainEntityOfPage":{"@id":"https:\/\/www.eldigitaldeasturias.com\/noticias\/el-tribunal-electoral-comienza-a-contar-uno-a-uno-los-votos-en-costa-rica\/#webpage"},"isPartOf":{"@id":"https:\/\/www.eldigitaldeasturias.com\/noticias\/el-tribunal-electoral-comienza-a-contar-uno-a-uno-los-votos-en-costa-rica\/#webpage"},"articleSection":"Actualidad"},{"@type":"BreadcrumbList","@id":"https:\/\/www.eldigitaldeasturias.com\/noticias\/el-tribunal-electoral-comienza-a-contar-uno-a-uno-los-votos-en-costa-rica\/#breadcrumblist","itemListElement":[{"@type":"ListItem","@id":"https:\/\/www.eldigitaldeasturias.com\/noticias#listItem","position":1,"name":"Home","item":"https:\/\/www.eldigitaldeasturias.com\/noticias","nextItem":{"@type":"ListItem","@id":"https:\/\/www.eldigitaldeasturias.com\/noticias\/category\/actualidad\/#listItem","name":"Actualidad"}},{"@type":"ListItem","@id":"https:\/\/www.eldigitaldeasturias.com\/noticias\/category\/actualidad\/#listItem","position":2,"name":"Actualidad","item":"https:\/\/www.eldigitaldeasturias.com\/noticias\/category\/actualidad\/","nextItem":{"@type":"ListItem","@id":"https:\/\/www.eldigitaldeasturias.com\/noticias\/el-tribunal-electoral-comienza-a-contar-uno-a-uno-los-votos-en-costa-rica\/#listItem","name":"El tribunal electoral comienza a contar uno a uno los votos en Costa Rica"},"previousItem":{"@type":"ListItem","@id":"https:\/\/www.eldigitaldeasturias.com\/noticias#listItem","name":"Home"}},{"@type":"ListItem","@id":"https:\/\/www.eldigitaldeasturias.com\/noticias\/el-tribunal-electoral-comienza-a-contar-uno-a-uno-los-votos-en-costa-rica\/#listItem","position":3,"name":"El tribunal electoral comienza a contar uno a uno los votos en Costa Rica","previousItem":{"@type":"ListItem","@id":"https:\/\/www.eldigitaldeasturias.com\/noticias\/category\/actualidad\/#listItem","name":"Actualidad"}}]},{"@type":"Organization","@id":"https:\/\/www.eldigitaldeasturias.com\/noticias\/#organization","name":"El Digital de Asturias","description":"Hemeroteca","url":"https:\/\/www.eldigitaldeasturias.com\/noticias\/","email":"info@eldigitaldeasturias.com","telephone":"+34652131393","logo":{"@type":"ImageObject","url":"https:\/\/www.eldigitaldeasturias.com\/noticias\/wp-content\/uploads\/2020\/12\/EDA.jpg","@id":"https:\/\/www.eldigitaldeasturias.com\/noticias\/el-tribunal-electoral-comienza-a-contar-uno-a-uno-los-votos-en-costa-rica\/#organizationLogo"},"image":{"@id":"https:\/\/www.eldigitaldeasturias.com\/noticias\/el-tribunal-electoral-comienza-a-contar-uno-a-uno-los-votos-en-costa-rica\/#organizationLogo"},"sameAs":["https:\/\/facebook.com\/eldigitaldeasturias","https:\/\/www.youtube.com\/channel\/UCZP-2wLEB9Rv6erhFmqVnvg"],"address":{"@id":"https:\/\/www.eldigitaldeasturias.com\/noticias\/#postaladdress","@type":"PostalAddress","streetAddress":"san antonio 4","postalCode":"33430","addressLocality":"Cand\u00e1s","addressRegion":"Asturias","addressCountry":"ES"}},{"@type":"Person","@id":"https:\/\/www.eldigitaldeasturias.com\/noticias\/author\/admin\/#author","url":"https:\/\/www.eldigitaldeasturias.com\/noticias\/author\/admin\/","name":"El Digital de Asturias","image":{"@type":"ImageObject","@id":"https:\/\/www.eldigitaldeasturias.com\/noticias\/el-tribunal-electoral-comienza-a-contar-uno-a-uno-los-votos-en-costa-rica\/#authorImage","url":"https:\/\/secure.gravatar.com\/avatar\/df2aeffc32bcd13f8d26072ef8a91b623d677766deac7f97ca815868cd41bf5e?s=96&d=mm&r=g","width":96,"height":96,"caption":"El Digital de Asturias"}},{"@type":"WebPage","@id":"https:\/\/www.eldigitaldeasturias.com\/noticias\/el-tribunal-electoral-comienza-a-contar-uno-a-uno-los-votos-en-costa-rica\/#webpage","url":"https:\/\/www.eldigitaldeasturias.com\/noticias\/el-tribunal-electoral-comienza-a-contar-uno-a-uno-los-votos-en-costa-rica\/","name":"El tribunal electoral comienza a contar uno a uno los votos en Costa Rica - El Digital de Asturias","description":"San Jos\u00e9, 4 feb (EFE).- El Tribunal Supremo de Elecciones de Costa Rica (TSE) comenz\u00f3 hoy a contar a mano, uno a uno, los votos de los comicios del pasado domingo, en los que qued\u00f3 definido que los candidatos Luis Guillermo Sol\u00eds y Johnny Araya se deber\u00e1n enfrentar en una segunda vuelta. El director de","inLanguage":"es-ES","isPartOf":{"@id":"https:\/\/www.eldigitaldeasturias.com\/noticias\/#website"},"breadcrumb":{"@id":"https:\/\/www.eldigitaldeasturias.com\/noticias\/el-tribunal-electoral-comienza-a-contar-uno-a-uno-los-votos-en-costa-rica\/#breadcrumblist"},"author":{"@id":"https:\/\/www.eldigitaldeasturias.com\/noticias\/author\/admin\/#author"},"creator":{"@id":"https:\/\/www.eldigitaldeasturias.com\/noticias\/author\/admin\/#author"},"image":{"@type":"ImageObject","url":483732,"@id":"https:\/\/www.eldigitaldeasturias.com\/noticias\/el-tribunal-electoral-comienza-a-contar-uno-a-uno-los-votos-en-costa-rica\/#mainImage"},"primaryImageOfPage":{"@id":"https:\/\/www.eldigitaldeasturias.com\/noticias\/el-tribunal-electoral-comienza-a-contar-uno-a-uno-los-votos-en-costa-rica\/#mainImage"},"datePublished":"2014-02-05T01:27:59+01:00","dateModified":"2014-02-05T01:27:59+01:00"},{"@type":"WebSite","@id":"https:\/\/www.eldigitaldeasturias.com\/noticias\/#website","url":"https:\/\/www.eldigitaldeasturias.com\/noticias\/","name":"El Digital de Asturias - Diario de actualidad y noticias","alternateName":"El Digital de Asturias - Diario de actualidad y noticias","description":"Hemeroteca","inLanguage":"es-ES","publisher":{"@id":"https:\/\/www.eldigitaldeasturias.com\/noticias\/#organization"}}]},"og:locale":"es_ES","og:site_name":"El Digital de Asturias","og:type":"article","og:title":"El tribunal electoral comienza a contar uno a uno los votos en Costa Rica - El Digital de Asturias","og:description":"San Jos\u00e9, 4 feb (EFE).- El Tribunal Supremo de Elecciones de Costa Rica (TSE) comenz\u00f3 hoy a contar a mano, uno a uno, los votos de los comicios del pasado domingo, en los que qued\u00f3 definido que los candidatos Luis Guillermo Sol\u00eds y Johnny Araya se deber\u00e1n enfrentar en una segunda vuelta. El director de","og:url":"https:\/\/www.eldigitaldeasturias.com\/noticias\/el-tribunal-electoral-comienza-a-contar-uno-a-uno-los-votos-en-costa-rica\/","article:tag":["actualidad"],"article:published_time":"2014-02-05T02:27:59+00:00","article:modified_time":"2014-02-05T02:27:59+00:00","article:publisher":"https:\/\/facebook.com\/eldigitaldeasturias","twitter:card":"summary_large_image","twitter:title":"El tribunal electoral comienza a contar uno a uno los votos en Costa Rica - El Digital de Asturias","twitter:description":"San Jos\u00e9, 4 feb (EFE).- El Tribunal Supremo de Elecciones de Costa Rica (TSE) comenz\u00f3 hoy a contar a mano, uno a uno, los votos de los comicios del pasado domingo, en los que qued\u00f3 definido que los candidatos Luis Guillermo Sol\u00eds y Johnny Araya se deber\u00e1n enfrentar en una segunda vuelta. El director de","twitter:label1":"Escrito por","twitter:data1":"El Digital de Asturias","twitter:label2":"Tiempo de lectura estimado","twitter:data2":"2 minutos"},"aioseo_meta_data":{"post_id":"483731","title":null,"description":null,"keywords":null,"keyphrases":null,"primary_term":null,"canonical_url":null,"og_title":null,"og_description":null,"og_object_type":"default","og_image_type":"default","og_image_url":null,"og_image_width":null,"og_image_height":null,"og_image_custom_url":null,"og_image_custom_fields":null,"og_video":null,"og_custom_url":null,"og_article_section":null,"og_article_tags":null,"twitter_use_og":true,"twitter_card":"default","twitter_image_type":"default","twitter_image_url":null,"twitter_image_custom_url":null,"twitter_image_custom_fields":null,"twitter_title":null,"twitter_description":null,"schema":{"blockGraphs":[],"customGraphs":[],"default":{"data":{"Article":[],"Course":[],"Dataset":[],"FAQPage":[],"Movie":[],"Person":[],"Product":[],"ProductReview":[],"Car":[],"Recipe":[],"Service":[],"SoftwareApplication":[],"WebPage":[]},"graphName":"","isEnabled":true},"graphs":[],"defaultGraph":"","defaultPostTypeGraph":""},"schema_type":null,"schema_type_options":null,"pillar_content":false,"robots_default":true,"robots_noindex":false,"robots_noarchive":false,"robots_nosnippet":false,"robots_nofollow":false,"robots_noimageindex":false,"robots_noodp":false,"robots_notranslate":false,"robots_max_snippet":null,"robots_max_videopreview":null,"robots_max_imagepreview":"none","priority":null,"frequency":null,"local_seo":null,"seo_analyzer_scan_date":"2026-06-02 13:42:52","breadcrumb_settings":null,"limit_modified_date":false,"open_ai":null,"ai":null,"created":"2020-11-14 22:54:51","updated":"2026-06-02 13:42:52","focus_keyword":null,"additional_keywords":null,"truseo_locale":null},"aioseo_breadcrumb":"<div class=\"aioseo-breadcrumbs\"><span class=\"aioseo-breadcrumb\">\n\t<a href=\"https:\/\/www.eldigitaldeasturias.com\/noticias\" title=\"Home\">Home<\/a>\n<\/span><span class=\"aioseo-breadcrumb-separator\">\u2013<\/span><span class=\"aioseo-breadcrumb\">\n\t<a href=\"https:\/\/www.eldigitaldeasturias.com\/noticias\/category\/actualidad\/\" title=\"Actualidad\">Actualidad<\/a>\n<\/span><span class=\"aioseo-breadcrumb-separator\">\u2013<\/span><span class=\"aioseo-breadcrumb\">\n\t<a href=\"https:\/\/www.eldigitaldeasturias.com\/noticias\/el-tribunal-electoral-comienza-a-contar-uno-a-uno-los-votos-en-costa-rica\/\" title=\"El tribunal electoral comienza a contar uno a uno los votos en Costa Rica\">El tribunal electoral comienza a contar uno a uno los votos en Costa Rica<\/a>\n<\/span><\/div>","aioseo_breadcrumb_json":[{"label":"Home","link":"https:\/\/www.eldigitaldeasturias.com\/noticias"},{"label":"Actualidad","link":"https:\/\/www.eldigitaldeasturias.com\/noticias\/category\/actualidad\/"},{"label":"El tribunal electoral comienza a contar uno a uno los votos en Costa Rica","link":"https:\/\/www.eldigitaldeasturias.com\/noticias\/el-tribunal-electoral-comienza-a-contar-uno-a-uno-los-votos-en-costa-rica\/"}],"_links":{"self":[{"href":"https:\/\/www.eldigitaldeasturias.com\/noticias\/wp-json\/wp\/v2\/posts\/483731","targetHints":{"allow":["GET"]}}],"collection":[{"href":"https:\/\/www.eldigitaldeasturias.com\/noticias\/wp-json\/wp\/v2\/posts"}],"about":[{"href":"https:\/\/www.eldigitaldeasturias.com\/noticias\/wp-json\/wp\/v2\/types\/post"}],"author":[{"embeddable":true,"href":"https:\/\/www.eldigitaldeasturias.com\/noticias\/wp-json\/wp\/v2\/users\/1"}],"replies":[{"embeddable":true,"href":"https:\/\/www.eldigitaldeasturias.com\/noticias\/wp-json\/wp\/v2\/comments?post=483731"}],"version-history":[{"count":0,"href":"https:\/\/www.eldigitaldeasturias.com\/noticias\/wp-json\/wp\/v2\/posts\/483731\/revisions"}],"wp:attachment":[{"href":"https:\/\/www.eldigitaldeasturias.com\/noticias\/wp-json\/wp\/v2\/media?parent=483731"}],"wp:term":[{"taxonomy":"category","embeddable":true,"href":"https:\/\/www.eldigitaldeasturias.com\/noticias\/wp-json\/wp\/v2\/categories?post=483731"},{"taxonomy":"post_tag","embeddable":true,"href":"https:\/\/www.eldigitaldeasturias.com\/noticias\/wp-json\/wp\/v2\/tags?post=483731"}],"curies":[{"name":"wp","href":"https:\/\/api.w.org\/{rel}","templated":true}]}}