{"id":483718,"date":"2014-02-05T01:20:56","date_gmt":"2014-02-05T02:20:56","guid":{"rendered":"http:\/\/www.eldigitaldeasturias.com\/noticias\/?p=483718"},"modified":"2014-02-05T01:20:56","modified_gmt":"2014-02-05T02:20:56","slug":"colombia-fortalecera-la-restitucion-de-tierras-con-el-apoyo-de-la-fao-y-de-suecia","status":"publish","type":"post","link":"https:\/\/www.eldigitaldeasturias.com\/noticias\/colombia-fortalecera-la-restitucion-de-tierras-con-el-apoyo-de-la-fao-y-de-suecia\/","title":{"rendered":"Colombia fortalecer\u00e1 la restituci\u00f3n de tierras con el apoyo de la FAO y de Suecia"},"content":{"rendered":"<p><img loading=\"lazy\" decoding=\"async\" class=\"alignleft size-medium wp-image-483719\" alt=\"5909593w\" src=\"https:\/\/www.eldigitaldeasturias.com\/noticias\/wp-content\/uploads\/2014\/02\/5909593w-360x227.jpg\" width=\"360\" height=\"227\" \/>Bogot\u00e1, 4 feb (EFE).- El Gobierno colombiano y la FAO anunciaron hoy un programa para fortalecer de manera sostenible el proceso de restituci\u00f3n de tierras a v\u00edctimas del conflicto armado, que contar\u00e1 con un aporte inicial de 6,3 millones de d\u00f3lares de la cooperaci\u00f3n sueca.<\/p>\n<p>El proyecto apoyar\u00e1 la implementaci\u00f3n de la Ley de V\u00edctimas y Restituci\u00f3n de Tierras, que entr\u00f3 en vigor en 2012 y que se ha consolidado gracias al apoyo financiero del Gobierno sueco y a la firma de un convenio por dos a\u00f1os entre la Unidad de Restituci\u00f3n de Tierras del Gobierno colombiano y la Organizaci\u00f3n de las Naciones Unidas para la Alimentaci\u00f3n y la Agricultura (FAO).<\/p>\n<p>\u00abEn este proceso llevamos trabajando un a\u00f1o, y el horizonte de los recursos es de tres a\u00f1os, se trata de generar un efecto bola de nieve, que vaya creciendo\u00bb, manifest\u00f3 el representante de la FAO en Colombia, Rafael Zavala.<\/p>\n<p>Seg\u00fan el funcionario, \u00aben la medida en que se vaya generando un fondo de inversiones producto de otras entidades que participan en el Sistema Nacional de Atenci\u00f3n y Reparaci\u00f3n de V\u00edctimas, esto puede avanzar m\u00e1s all\u00e1 de los tres a\u00f1os\u00bb.<\/p>\n<p>La embajadora de Suecia en Colombia, Marie Andersson de Frutos, dijo a Efe que \u00abesta es una alianza estrat\u00e9gica, un paso adelante para avanzar en la restituci\u00f3n de tierras y en la sostenibilidad de los campesinos\u00bb, pues lo que se busca finalmente es que los desplazados por el conflicto armado \u00abrealmente tengan oportunidades de quedarse en su tierra\u00bb.<\/p>\n<p>\u00abLas primeras experiencias que ten\u00edamos con restituci\u00f3n, era que los campesinos llegaban all\u00e1 y las tierras estaban abandonas por 10 a\u00f1os, es dif\u00edcil empezar de nuevo\u00bb, coment\u00f3 la diplom\u00e1tica.<\/p>\n<p>El programa financiado por Suecia se aplicar\u00e1 inicialmente en regiones en las que est\u00e1 en funcionamiento el programa de restituci\u00f3n de tierras en los departamentos de Antioquia, Choc\u00f3, Cesar, Magdalena, Sucre, C\u00f3rdoba, Tolima, Norte de Santander, Nari\u00f1o, Putumayo, Bol\u00edvar y Meta.<\/p>\n<p>Con esta iniciativa se espera beneficiar inicialmente a cerca de 1.300 familias que ser\u00e1n asesoradas en un proceso de reinserci\u00f3n productiva que les va a permitir asegurar su permanencia en las propiedades recuperadas.<\/p>\n<p>Al respecto el director de la Unidad de Restituci\u00f3n de Tierras, Ricardo Sabogal, dijo aunque la inversi\u00f3n inicial sueca ser\u00e1 de 6,3 millones de d\u00f3lares, \u00abel Gobierno Nacional va ayudar tambi\u00e9n a esas familias con recursos importantes que se determinar\u00e1n a partir de los proyectos productivos que cada una de ellas formule\u00bb.<\/p>\n<p>El proyecto tambi\u00e9n pretende hacer un seguimiento de los casos de 700 familias ind\u00edgenas y afrodescendientes a las que se les pedir\u00e1 un testimonio detallado de su situaci\u00f3n de abandono y desplazamiento para tomar las acciones correspondientes de reparaci\u00f3n.<\/p>\n","protected":false},"excerpt":{"rendered":"<p>Bogot\u00e1, 4 feb (EFE).- El Gobierno colombiano y la FAO anunciaron hoy un programa para fortalecer de manera sostenible el proceso de restituci\u00f3n de tierras a v\u00edctimas del conflicto armado, que contar\u00e1 con un aporte inicial de 6,3 millones de d\u00f3lares de la cooperaci\u00f3n sueca. El proyecto apoyar\u00e1 la implementaci\u00f3n de la Ley de V\u00edctimas [&hellip;]<\/p>\n","protected":false},"author":1,"featured_media":483719,"comment_status":"closed","ping_status":"open","sticky":false,"template":"","format":"standard","meta":{"footnotes":""},"categories":[1],"tags":[],"class_list":["post-483718","post","type-post","status-publish","format-standard","has-post-thumbnail","hentry","category-actualidad"],"aioseo_notices":[],"aioseo_head":"\n\t\t<!-- All in One SEO Pro 5.0.1 - aioseo.com -->\n\t<meta name=\"description\" content=\"Bogot\u00e1, 4 feb (EFE).- El Gobierno colombiano y la FAO anunciaron hoy un programa para fortalecer de manera sostenible el proceso de restituci\u00f3n de tierras a v\u00edctimas del conflicto armado, que contar\u00e1 con un aporte inicial de 6,3 millones de d\u00f3lares de la cooperaci\u00f3n sueca. El proyecto apoyar\u00e1 la implementaci\u00f3n de la Ley de V\u00edctimas\" \/>\n\t<meta name=\"robots\" content=\"max-image-preview:large\" \/>\n\t<meta name=\"author\" content=\"El Digital de Asturias\"\/>\n\t<meta name=\"google-site-verification\" content=\"UA-38556648-1\" \/>\n\t<meta name=\"msvalidate.01\" content=\"7dfe9f3f1b24437ab69f4f2559babe99\" \/>\n\t<meta name=\"keywords\" content=\"actualidad\" \/>\n\t<link rel=\"canonical\" href=\"https:\/\/www.eldigitaldeasturias.com\/noticias\/colombia-fortalecera-la-restitucion-de-tierras-con-el-apoyo-de-la-fao-y-de-suecia\/\" \/>\n\t<meta name=\"generator\" content=\"All in One SEO Pro (AIOSEO) 5.0.1\" \/>\n\t\t<meta property=\"og:locale\" content=\"es_ES\" \/>\n\t\t<meta property=\"og:site_name\" content=\"El Digital de Asturias\" \/>\n\t\t<meta property=\"og:type\" content=\"article\" \/>\n\t\t<meta property=\"og:title\" content=\"Colombia fortalecer\u00e1 la restituci\u00f3n de tierras con el apoyo de la FAO y de Suecia - El Digital de Asturias\" \/>\n\t\t<meta property=\"og:description\" content=\"Bogot\u00e1, 4 feb (EFE).- El Gobierno colombiano y la FAO anunciaron hoy un programa para fortalecer de manera sostenible el proceso de restituci\u00f3n de tierras a v\u00edctimas del conflicto armado, que contar\u00e1 con un aporte inicial de 6,3 millones de d\u00f3lares de la cooperaci\u00f3n sueca. El proyecto apoyar\u00e1 la implementaci\u00f3n de la Ley de V\u00edctimas\" \/>\n\t\t<meta property=\"og:url\" content=\"https:\/\/www.eldigitaldeasturias.com\/noticias\/colombia-fortalecera-la-restitucion-de-tierras-con-el-apoyo-de-la-fao-y-de-suecia\/\" \/>\n\t\t<meta property=\"article:tag\" content=\"actualidad\" \/>\n\t\t<meta property=\"article:published_time\" content=\"2014-02-05T02:20:56+00:00\" \/>\n\t\t<meta property=\"article:modified_time\" content=\"2014-02-05T02:20:56+00:00\" \/>\n\t\t<meta property=\"article:publisher\" content=\"https:\/\/facebook.com\/eldigitaldeasturias\" \/>\n\t\t<meta name=\"twitter:card\" content=\"summary_large_image\" \/>\n\t\t<meta name=\"twitter:title\" content=\"Colombia fortalecer\u00e1 la restituci\u00f3n de tierras con el apoyo de la FAO y de Suecia - El Digital de Asturias\" \/>\n\t\t<meta name=\"twitter:description\" content=\"Bogot\u00e1, 4 feb (EFE).- El Gobierno colombiano y la FAO anunciaron hoy un programa para fortalecer de manera sostenible el proceso de restituci\u00f3n de tierras a v\u00edctimas del conflicto armado, que contar\u00e1 con un aporte inicial de 6,3 millones de d\u00f3lares de la cooperaci\u00f3n sueca. El proyecto apoyar\u00e1 la implementaci\u00f3n de la Ley de V\u00edctimas\" \/>\n\t\t<meta name=\"twitter:label1\" content=\"Escrito por\" \/>\n\t\t<meta name=\"twitter:data1\" content=\"El Digital de Asturias\" \/>\n\t\t<meta name=\"twitter:label2\" content=\"Tiempo de lectura estimado\" \/>\n\t\t<meta name=\"twitter:data2\" content=\"2 minutos\" \/>\n\t\t<script type=\"application\/ld+json\" class=\"aioseo-schema\">\n\t\t\t{\"@context\":\"https:\\\/\\\/schema.org\",\"@graph\":[{\"@type\":\"BlogPosting\",\"@id\":\"https:\\\/\\\/www.eldigitaldeasturias.com\\\/noticias\\\/colombia-fortalecera-la-restitucion-de-tierras-con-el-apoyo-de-la-fao-y-de-suecia\\\/#blogposting\",\"name\":\"Colombia fortalecer\\u00e1 la restituci\\u00f3n de tierras con el apoyo de la FAO y de Suecia - El Digital de Asturias\",\"headline\":\"Colombia fortalecer\\u00e1 la restituci\\u00f3n de tierras con el apoyo de la FAO y de Suecia\",\"author\":{\"@id\":\"https:\\\/\\\/www.eldigitaldeasturias.com\\\/noticias\\\/author\\\/admin\\\/#author\"},\"publisher\":{\"@id\":\"https:\\\/\\\/www.eldigitaldeasturias.com\\\/noticias\\\/#organization\"},\"image\":{\"@type\":\"ImageObject\",\"url\":483719},\"datePublished\":\"2014-02-05T01:20:56+01:00\",\"dateModified\":\"2014-02-05T01:20:56+01:00\",\"inLanguage\":\"es-ES\",\"mainEntityOfPage\":{\"@id\":\"https:\\\/\\\/www.eldigitaldeasturias.com\\\/noticias\\\/colombia-fortalecera-la-restitucion-de-tierras-con-el-apoyo-de-la-fao-y-de-suecia\\\/#webpage\"},\"isPartOf\":{\"@id\":\"https:\\\/\\\/www.eldigitaldeasturias.com\\\/noticias\\\/colombia-fortalecera-la-restitucion-de-tierras-con-el-apoyo-de-la-fao-y-de-suecia\\\/#webpage\"},\"articleSection\":\"Actualidad\"},{\"@type\":\"BreadcrumbList\",\"@id\":\"https:\\\/\\\/www.eldigitaldeasturias.com\\\/noticias\\\/colombia-fortalecera-la-restitucion-de-tierras-con-el-apoyo-de-la-fao-y-de-suecia\\\/#breadcrumblist\",\"itemListElement\":[{\"@type\":\"ListItem\",\"@id\":\"https:\\\/\\\/www.eldigitaldeasturias.com\\\/noticias#listItem\",\"position\":1,\"name\":\"Home\",\"item\":\"https:\\\/\\\/www.eldigitaldeasturias.com\\\/noticias\",\"nextItem\":{\"@type\":\"ListItem\",\"@id\":\"https:\\\/\\\/www.eldigitaldeasturias.com\\\/noticias\\\/category\\\/actualidad\\\/#listItem\",\"name\":\"Actualidad\"}},{\"@type\":\"ListItem\",\"@id\":\"https:\\\/\\\/www.eldigitaldeasturias.com\\\/noticias\\\/category\\\/actualidad\\\/#listItem\",\"position\":2,\"name\":\"Actualidad\",\"item\":\"https:\\\/\\\/www.eldigitaldeasturias.com\\\/noticias\\\/category\\\/actualidad\\\/\",\"nextItem\":{\"@type\":\"ListItem\",\"@id\":\"https:\\\/\\\/www.eldigitaldeasturias.com\\\/noticias\\\/colombia-fortalecera-la-restitucion-de-tierras-con-el-apoyo-de-la-fao-y-de-suecia\\\/#listItem\",\"name\":\"Colombia fortalecer\\u00e1 la restituci\\u00f3n de tierras con el apoyo de la FAO y de Suecia\"},\"previousItem\":{\"@type\":\"ListItem\",\"@id\":\"https:\\\/\\\/www.eldigitaldeasturias.com\\\/noticias#listItem\",\"name\":\"Home\"}},{\"@type\":\"ListItem\",\"@id\":\"https:\\\/\\\/www.eldigitaldeasturias.com\\\/noticias\\\/colombia-fortalecera-la-restitucion-de-tierras-con-el-apoyo-de-la-fao-y-de-suecia\\\/#listItem\",\"position\":3,\"name\":\"Colombia fortalecer\\u00e1 la restituci\\u00f3n de tierras con el apoyo de la FAO y de Suecia\",\"previousItem\":{\"@type\":\"ListItem\",\"@id\":\"https:\\\/\\\/www.eldigitaldeasturias.com\\\/noticias\\\/category\\\/actualidad\\\/#listItem\",\"name\":\"Actualidad\"}}]},{\"@type\":\"Organization\",\"@id\":\"https:\\\/\\\/www.eldigitaldeasturias.com\\\/noticias\\\/#organization\",\"name\":\"El Digital de Asturias\",\"description\":\"Hemeroteca\",\"url\":\"https:\\\/\\\/www.eldigitaldeasturias.com\\\/noticias\\\/\",\"email\":\"info@eldigitaldeasturias.com\",\"telephone\":\"+34652131393\",\"logo\":{\"@type\":\"ImageObject\",\"url\":\"https:\\\/\\\/www.eldigitaldeasturias.com\\\/noticias\\\/wp-content\\\/uploads\\\/2020\\\/12\\\/EDA.jpg\",\"@id\":\"https:\\\/\\\/www.eldigitaldeasturias.com\\\/noticias\\\/colombia-fortalecera-la-restitucion-de-tierras-con-el-apoyo-de-la-fao-y-de-suecia\\\/#organizationLogo\"},\"image\":{\"@id\":\"https:\\\/\\\/www.eldigitaldeasturias.com\\\/noticias\\\/colombia-fortalecera-la-restitucion-de-tierras-con-el-apoyo-de-la-fao-y-de-suecia\\\/#organizationLogo\"},\"sameAs\":[\"https:\\\/\\\/facebook.com\\\/eldigitaldeasturias\",\"https:\\\/\\\/www.youtube.com\\\/channel\\\/UCZP-2wLEB9Rv6erhFmqVnvg\"],\"address\":{\"@id\":\"https:\\\/\\\/www.eldigitaldeasturias.com\\\/noticias\\\/#postaladdress\",\"@type\":\"PostalAddress\",\"streetAddress\":\"san antonio 4\",\"postalCode\":\"33430\",\"addressLocality\":\"Cand\\u00e1s\",\"addressRegion\":\"Asturias\",\"addressCountry\":\"ES\"}},{\"@type\":\"Person\",\"@id\":\"https:\\\/\\\/www.eldigitaldeasturias.com\\\/noticias\\\/author\\\/admin\\\/#author\",\"url\":\"https:\\\/\\\/www.eldigitaldeasturias.com\\\/noticias\\\/author\\\/admin\\\/\",\"name\":\"El Digital de Asturias\",\"image\":{\"@type\":\"ImageObject\",\"@id\":\"https:\\\/\\\/www.eldigitaldeasturias.com\\\/noticias\\\/colombia-fortalecera-la-restitucion-de-tierras-con-el-apoyo-de-la-fao-y-de-suecia\\\/#authorImage\",\"url\":\"https:\\\/\\\/secure.gravatar.com\\\/avatar\\\/df2aeffc32bcd13f8d26072ef8a91b623d677766deac7f97ca815868cd41bf5e?s=96&d=mm&r=g\",\"width\":96,\"height\":96,\"caption\":\"El Digital de Asturias\"}},{\"@type\":\"WebPage\",\"@id\":\"https:\\\/\\\/www.eldigitaldeasturias.com\\\/noticias\\\/colombia-fortalecera-la-restitucion-de-tierras-con-el-apoyo-de-la-fao-y-de-suecia\\\/#webpage\",\"url\":\"https:\\\/\\\/www.eldigitaldeasturias.com\\\/noticias\\\/colombia-fortalecera-la-restitucion-de-tierras-con-el-apoyo-de-la-fao-y-de-suecia\\\/\",\"name\":\"Colombia fortalecer\\u00e1 la restituci\\u00f3n de tierras con el apoyo de la FAO y de Suecia - El Digital de Asturias\",\"description\":\"Bogot\\u00e1, 4 feb (EFE).- El Gobierno colombiano y la FAO anunciaron hoy un programa para fortalecer de manera sostenible el proceso de restituci\\u00f3n de tierras a v\\u00edctimas del conflicto armado, que contar\\u00e1 con un aporte inicial de 6,3 millones de d\\u00f3lares de la cooperaci\\u00f3n sueca. El proyecto apoyar\\u00e1 la implementaci\\u00f3n de la Ley de V\\u00edctimas\",\"inLanguage\":\"es-ES\",\"isPartOf\":{\"@id\":\"https:\\\/\\\/www.eldigitaldeasturias.com\\\/noticias\\\/#website\"},\"breadcrumb\":{\"@id\":\"https:\\\/\\\/www.eldigitaldeasturias.com\\\/noticias\\\/colombia-fortalecera-la-restitucion-de-tierras-con-el-apoyo-de-la-fao-y-de-suecia\\\/#breadcrumblist\"},\"author\":{\"@id\":\"https:\\\/\\\/www.eldigitaldeasturias.com\\\/noticias\\\/author\\\/admin\\\/#author\"},\"creator\":{\"@id\":\"https:\\\/\\\/www.eldigitaldeasturias.com\\\/noticias\\\/author\\\/admin\\\/#author\"},\"image\":{\"@type\":\"ImageObject\",\"url\":483719,\"@id\":\"https:\\\/\\\/www.eldigitaldeasturias.com\\\/noticias\\\/colombia-fortalecera-la-restitucion-de-tierras-con-el-apoyo-de-la-fao-y-de-suecia\\\/#mainImage\"},\"primaryImageOfPage\":{\"@id\":\"https:\\\/\\\/www.eldigitaldeasturias.com\\\/noticias\\\/colombia-fortalecera-la-restitucion-de-tierras-con-el-apoyo-de-la-fao-y-de-suecia\\\/#mainImage\"},\"datePublished\":\"2014-02-05T01:20:56+01:00\",\"dateModified\":\"2014-02-05T01:20:56+01:00\"},{\"@type\":\"WebSite\",\"@id\":\"https:\\\/\\\/www.eldigitaldeasturias.com\\\/noticias\\\/#website\",\"url\":\"https:\\\/\\\/www.eldigitaldeasturias.com\\\/noticias\\\/\",\"name\":\"El Digital de Asturias - Diario de actualidad y noticias\",\"alternateName\":\"El Digital de Asturias - Diario de actualidad y noticias\",\"description\":\"Hemeroteca\",\"inLanguage\":\"es-ES\",\"publisher\":{\"@id\":\"https:\\\/\\\/www.eldigitaldeasturias.com\\\/noticias\\\/#organization\"}}]}\n\t\t<\/script>\n\t\t<!-- All in One SEO Pro -->\r\n\t\t<title>Colombia fortalecer\u00e1 la restituci\u00f3n de tierras con el apoyo de la FAO y de Suecia - El Digital de Asturias<\/title>\n\n","aioseo_head_json":{"title":"Colombia fortalecer\u00e1 la restituci\u00f3n de tierras con el apoyo de la FAO y de Suecia - El Digital de Asturias","description":"Bogot\u00e1, 4 feb (EFE).- El Gobierno colombiano y la FAO anunciaron hoy un programa para fortalecer de manera sostenible el proceso de restituci\u00f3n de tierras a v\u00edctimas del conflicto armado, que contar\u00e1 con un aporte inicial de 6,3 millones de d\u00f3lares de la cooperaci\u00f3n sueca. El proyecto apoyar\u00e1 la implementaci\u00f3n de la Ley de V\u00edctimas","canonical_url":"https:\/\/www.eldigitaldeasturias.com\/noticias\/colombia-fortalecera-la-restitucion-de-tierras-con-el-apoyo-de-la-fao-y-de-suecia\/","robots":"max-image-preview:large","keywords":"actualidad","webmasterTools":{"google-site-verification":"UA-38556648-1","msvalidate.01":"7dfe9f3f1b24437ab69f4f2559babe99","miscellaneous":""},"schema":{"@context":"https:\/\/schema.org","@graph":[{"@type":"BlogPosting","@id":"https:\/\/www.eldigitaldeasturias.com\/noticias\/colombia-fortalecera-la-restitucion-de-tierras-con-el-apoyo-de-la-fao-y-de-suecia\/#blogposting","name":"Colombia fortalecer\u00e1 la restituci\u00f3n de tierras con el apoyo de la FAO y de Suecia - El Digital de Asturias","headline":"Colombia fortalecer\u00e1 la restituci\u00f3n de tierras con el apoyo de la FAO y de Suecia","author":{"@id":"https:\/\/www.eldigitaldeasturias.com\/noticias\/author\/admin\/#author"},"publisher":{"@id":"https:\/\/www.eldigitaldeasturias.com\/noticias\/#organization"},"image":{"@type":"ImageObject","url":483719},"datePublished":"2014-02-05T01:20:56+01:00","dateModified":"2014-02-05T01:20:56+01:00","inLanguage":"es-ES","mainEntityOfPage":{"@id":"https:\/\/www.eldigitaldeasturias.com\/noticias\/colombia-fortalecera-la-restitucion-de-tierras-con-el-apoyo-de-la-fao-y-de-suecia\/#webpage"},"isPartOf":{"@id":"https:\/\/www.eldigitaldeasturias.com\/noticias\/colombia-fortalecera-la-restitucion-de-tierras-con-el-apoyo-de-la-fao-y-de-suecia\/#webpage"},"articleSection":"Actualidad"},{"@type":"BreadcrumbList","@id":"https:\/\/www.eldigitaldeasturias.com\/noticias\/colombia-fortalecera-la-restitucion-de-tierras-con-el-apoyo-de-la-fao-y-de-suecia\/#breadcrumblist","itemListElement":[{"@type":"ListItem","@id":"https:\/\/www.eldigitaldeasturias.com\/noticias#listItem","position":1,"name":"Home","item":"https:\/\/www.eldigitaldeasturias.com\/noticias","nextItem":{"@type":"ListItem","@id":"https:\/\/www.eldigitaldeasturias.com\/noticias\/category\/actualidad\/#listItem","name":"Actualidad"}},{"@type":"ListItem","@id":"https:\/\/www.eldigitaldeasturias.com\/noticias\/category\/actualidad\/#listItem","position":2,"name":"Actualidad","item":"https:\/\/www.eldigitaldeasturias.com\/noticias\/category\/actualidad\/","nextItem":{"@type":"ListItem","@id":"https:\/\/www.eldigitaldeasturias.com\/noticias\/colombia-fortalecera-la-restitucion-de-tierras-con-el-apoyo-de-la-fao-y-de-suecia\/#listItem","name":"Colombia fortalecer\u00e1 la restituci\u00f3n de tierras con el apoyo de la FAO y de Suecia"},"previousItem":{"@type":"ListItem","@id":"https:\/\/www.eldigitaldeasturias.com\/noticias#listItem","name":"Home"}},{"@type":"ListItem","@id":"https:\/\/www.eldigitaldeasturias.com\/noticias\/colombia-fortalecera-la-restitucion-de-tierras-con-el-apoyo-de-la-fao-y-de-suecia\/#listItem","position":3,"name":"Colombia fortalecer\u00e1 la restituci\u00f3n de tierras con el apoyo de la FAO y de Suecia","previousItem":{"@type":"ListItem","@id":"https:\/\/www.eldigitaldeasturias.com\/noticias\/category\/actualidad\/#listItem","name":"Actualidad"}}]},{"@type":"Organization","@id":"https:\/\/www.eldigitaldeasturias.com\/noticias\/#organization","name":"El Digital de Asturias","description":"Hemeroteca","url":"https:\/\/www.eldigitaldeasturias.com\/noticias\/","email":"info@eldigitaldeasturias.com","telephone":"+34652131393","logo":{"@type":"ImageObject","url":"https:\/\/www.eldigitaldeasturias.com\/noticias\/wp-content\/uploads\/2020\/12\/EDA.jpg","@id":"https:\/\/www.eldigitaldeasturias.com\/noticias\/colombia-fortalecera-la-restitucion-de-tierras-con-el-apoyo-de-la-fao-y-de-suecia\/#organizationLogo"},"image":{"@id":"https:\/\/www.eldigitaldeasturias.com\/noticias\/colombia-fortalecera-la-restitucion-de-tierras-con-el-apoyo-de-la-fao-y-de-suecia\/#organizationLogo"},"sameAs":["https:\/\/facebook.com\/eldigitaldeasturias","https:\/\/www.youtube.com\/channel\/UCZP-2wLEB9Rv6erhFmqVnvg"],"address":{"@id":"https:\/\/www.eldigitaldeasturias.com\/noticias\/#postaladdress","@type":"PostalAddress","streetAddress":"san antonio 4","postalCode":"33430","addressLocality":"Cand\u00e1s","addressRegion":"Asturias","addressCountry":"ES"}},{"@type":"Person","@id":"https:\/\/www.eldigitaldeasturias.com\/noticias\/author\/admin\/#author","url":"https:\/\/www.eldigitaldeasturias.com\/noticias\/author\/admin\/","name":"El Digital de Asturias","image":{"@type":"ImageObject","@id":"https:\/\/www.eldigitaldeasturias.com\/noticias\/colombia-fortalecera-la-restitucion-de-tierras-con-el-apoyo-de-la-fao-y-de-suecia\/#authorImage","url":"https:\/\/secure.gravatar.com\/avatar\/df2aeffc32bcd13f8d26072ef8a91b623d677766deac7f97ca815868cd41bf5e?s=96&d=mm&r=g","width":96,"height":96,"caption":"El Digital de Asturias"}},{"@type":"WebPage","@id":"https:\/\/www.eldigitaldeasturias.com\/noticias\/colombia-fortalecera-la-restitucion-de-tierras-con-el-apoyo-de-la-fao-y-de-suecia\/#webpage","url":"https:\/\/www.eldigitaldeasturias.com\/noticias\/colombia-fortalecera-la-restitucion-de-tierras-con-el-apoyo-de-la-fao-y-de-suecia\/","name":"Colombia fortalecer\u00e1 la restituci\u00f3n de tierras con el apoyo de la FAO y de Suecia - El Digital de Asturias","description":"Bogot\u00e1, 4 feb (EFE).- El Gobierno colombiano y la FAO anunciaron hoy un programa para fortalecer de manera sostenible el proceso de restituci\u00f3n de tierras a v\u00edctimas del conflicto armado, que contar\u00e1 con un aporte inicial de 6,3 millones de d\u00f3lares de la cooperaci\u00f3n sueca. El proyecto apoyar\u00e1 la implementaci\u00f3n de la Ley de V\u00edctimas","inLanguage":"es-ES","isPartOf":{"@id":"https:\/\/www.eldigitaldeasturias.com\/noticias\/#website"},"breadcrumb":{"@id":"https:\/\/www.eldigitaldeasturias.com\/noticias\/colombia-fortalecera-la-restitucion-de-tierras-con-el-apoyo-de-la-fao-y-de-suecia\/#breadcrumblist"},"author":{"@id":"https:\/\/www.eldigitaldeasturias.com\/noticias\/author\/admin\/#author"},"creator":{"@id":"https:\/\/www.eldigitaldeasturias.com\/noticias\/author\/admin\/#author"},"image":{"@type":"ImageObject","url":483719,"@id":"https:\/\/www.eldigitaldeasturias.com\/noticias\/colombia-fortalecera-la-restitucion-de-tierras-con-el-apoyo-de-la-fao-y-de-suecia\/#mainImage"},"primaryImageOfPage":{"@id":"https:\/\/www.eldigitaldeasturias.com\/noticias\/colombia-fortalecera-la-restitucion-de-tierras-con-el-apoyo-de-la-fao-y-de-suecia\/#mainImage"},"datePublished":"2014-02-05T01:20:56+01:00","dateModified":"2014-02-05T01:20:56+01:00"},{"@type":"WebSite","@id":"https:\/\/www.eldigitaldeasturias.com\/noticias\/#website","url":"https:\/\/www.eldigitaldeasturias.com\/noticias\/","name":"El Digital de Asturias - Diario de actualidad y noticias","alternateName":"El Digital de Asturias - Diario de actualidad y noticias","description":"Hemeroteca","inLanguage":"es-ES","publisher":{"@id":"https:\/\/www.eldigitaldeasturias.com\/noticias\/#organization"}}]},"og:locale":"es_ES","og:site_name":"El Digital de Asturias","og:type":"article","og:title":"Colombia fortalecer\u00e1 la restituci\u00f3n de tierras con el apoyo de la FAO y de Suecia - El Digital de Asturias","og:description":"Bogot\u00e1, 4 feb (EFE).- El Gobierno colombiano y la FAO anunciaron hoy un programa para fortalecer de manera sostenible el proceso de restituci\u00f3n de tierras a v\u00edctimas del conflicto armado, que contar\u00e1 con un aporte inicial de 6,3 millones de d\u00f3lares de la cooperaci\u00f3n sueca. El proyecto apoyar\u00e1 la implementaci\u00f3n de la Ley de V\u00edctimas","og:url":"https:\/\/www.eldigitaldeasturias.com\/noticias\/colombia-fortalecera-la-restitucion-de-tierras-con-el-apoyo-de-la-fao-y-de-suecia\/","article:tag":["actualidad"],"article:published_time":"2014-02-05T02:20:56+00:00","article:modified_time":"2014-02-05T02:20:56+00:00","article:publisher":"https:\/\/facebook.com\/eldigitaldeasturias","twitter:card":"summary_large_image","twitter:title":"Colombia fortalecer\u00e1 la restituci\u00f3n de tierras con el apoyo de la FAO y de Suecia - El Digital de Asturias","twitter:description":"Bogot\u00e1, 4 feb (EFE).- El Gobierno colombiano y la FAO anunciaron hoy un programa para fortalecer de manera sostenible el proceso de restituci\u00f3n de tierras a v\u00edctimas del conflicto armado, que contar\u00e1 con un aporte inicial de 6,3 millones de d\u00f3lares de la cooperaci\u00f3n sueca. El proyecto apoyar\u00e1 la implementaci\u00f3n de la Ley de V\u00edctimas","twitter:label1":"Escrito por","twitter:data1":"El Digital de Asturias","twitter:label2":"Tiempo de lectura estimado","twitter:data2":"2 minutos"},"aioseo_meta_data":{"post_id":"483718","title":null,"description":null,"keywords":null,"keyphrases":null,"primary_term":null,"canonical_url":null,"og_title":null,"og_description":null,"og_object_type":"default","og_image_type":"default","og_image_url":null,"og_image_width":null,"og_image_height":null,"og_image_custom_url":null,"og_image_custom_fields":null,"og_video":null,"og_custom_url":null,"og_article_section":null,"og_article_tags":null,"twitter_use_og":true,"twitter_card":"default","twitter_image_type":"default","twitter_image_url":null,"twitter_image_custom_url":null,"twitter_image_custom_fields":null,"twitter_title":null,"twitter_description":null,"schema":{"blockGraphs":[],"customGraphs":[],"default":{"data":{"Article":[],"Course":[],"Dataset":[],"FAQPage":[],"Movie":[],"Person":[],"Product":[],"ProductReview":[],"Car":[],"Recipe":[],"Service":[],"SoftwareApplication":[],"WebPage":[]},"graphName":"","isEnabled":true},"graphs":[],"defaultGraph":"","defaultPostTypeGraph":""},"schema_type":null,"schema_type_options":null,"pillar_content":false,"robots_default":true,"robots_noindex":false,"robots_noarchive":false,"robots_nosnippet":false,"robots_nofollow":false,"robots_noimageindex":false,"robots_noodp":false,"robots_notranslate":false,"robots_max_snippet":null,"robots_max_videopreview":null,"robots_max_imagepreview":"none","priority":null,"frequency":null,"local_seo":null,"seo_analyzer_scan_date":"2026-06-02 13:40:56","breadcrumb_settings":null,"limit_modified_date":false,"open_ai":null,"ai":null,"created":"2020-11-14 22:54:50","updated":"2026-06-02 13:40:56","focus_keyword":null,"additional_keywords":null,"truseo_locale":null},"aioseo_breadcrumb":"<div class=\"aioseo-breadcrumbs\"><span class=\"aioseo-breadcrumb\">\n\t<a href=\"https:\/\/www.eldigitaldeasturias.com\/noticias\" title=\"Home\">Home<\/a>\n<\/span><span class=\"aioseo-breadcrumb-separator\">\u2013<\/span><span class=\"aioseo-breadcrumb\">\n\t<a href=\"https:\/\/www.eldigitaldeasturias.com\/noticias\/category\/actualidad\/\" title=\"Actualidad\">Actualidad<\/a>\n<\/span><span class=\"aioseo-breadcrumb-separator\">\u2013<\/span><span class=\"aioseo-breadcrumb\">\n\t<a href=\"https:\/\/www.eldigitaldeasturias.com\/noticias\/colombia-fortalecera-la-restitucion-de-tierras-con-el-apoyo-de-la-fao-y-de-suecia\/\" title=\"Colombia fortalecer\u00e1 la restituci\u00f3n de tierras con el apoyo de la FAO y de Suecia\">Colombia fortalecer\u00e1 la restituci\u00f3n de tierras con el apoyo de la FAO y de Suecia<\/a>\n<\/span><\/div>","aioseo_breadcrumb_json":[{"label":"Home","link":"https:\/\/www.eldigitaldeasturias.com\/noticias"},{"label":"Actualidad","link":"https:\/\/www.eldigitaldeasturias.com\/noticias\/category\/actualidad\/"},{"label":"Colombia fortalecer\u00e1 la restituci\u00f3n de tierras con el apoyo de la FAO y de Suecia","link":"https:\/\/www.eldigitaldeasturias.com\/noticias\/colombia-fortalecera-la-restitucion-de-tierras-con-el-apoyo-de-la-fao-y-de-suecia\/"}],"_links":{"self":[{"href":"https:\/\/www.eldigitaldeasturias.com\/noticias\/wp-json\/wp\/v2\/posts\/483718","targetHints":{"allow":["GET"]}}],"collection":[{"href":"https:\/\/www.eldigitaldeasturias.com\/noticias\/wp-json\/wp\/v2\/posts"}],"about":[{"href":"https:\/\/www.eldigitaldeasturias.com\/noticias\/wp-json\/wp\/v2\/types\/post"}],"author":[{"embeddable":true,"href":"https:\/\/www.eldigitaldeasturias.com\/noticias\/wp-json\/wp\/v2\/users\/1"}],"replies":[{"embeddable":true,"href":"https:\/\/www.eldigitaldeasturias.com\/noticias\/wp-json\/wp\/v2\/comments?post=483718"}],"version-history":[{"count":0,"href":"https:\/\/www.eldigitaldeasturias.com\/noticias\/wp-json\/wp\/v2\/posts\/483718\/revisions"}],"wp:attachment":[{"href":"https:\/\/www.eldigitaldeasturias.com\/noticias\/wp-json\/wp\/v2\/media?parent=483718"}],"wp:term":[{"taxonomy":"category","embeddable":true,"href":"https:\/\/www.eldigitaldeasturias.com\/noticias\/wp-json\/wp\/v2\/categories?post=483718"},{"taxonomy":"post_tag","embeddable":true,"href":"https:\/\/www.eldigitaldeasturias.com\/noticias\/wp-json\/wp\/v2\/tags?post=483718"}],"curies":[{"name":"wp","href":"https:\/\/api.w.org\/{rel}","templated":true}]}}