{"id":483706,"date":"2014-02-05T01:13:27","date_gmt":"2014-02-05T02:13:27","guid":{"rendered":"http:\/\/www.eldigitaldeasturias.com\/noticias\/?p=483706"},"modified":"2014-02-05T01:13:27","modified_gmt":"2014-02-05T02:13:27","slug":"el-presidente-libanes-defiende-las-elecciones-para-elegir-a-su-sustituto","status":"publish","type":"post","link":"https:\/\/www.eldigitaldeasturias.com\/noticias\/el-presidente-libanes-defiende-las-elecciones-para-elegir-a-su-sustituto\/","title":{"rendered":"El presidente liban\u00e9s defiende las elecciones para elegir a su sustituto"},"content":{"rendered":"<p><img loading=\"lazy\" decoding=\"async\" class=\"alignleft size-medium wp-image-483707\" alt=\"5909521w\" src=\"https:\/\/www.eldigitaldeasturias.com\/noticias\/wp-content\/uploads\/2014\/02\/5909521w-360x235.jpg\" width=\"360\" height=\"235\" \/>Beirut, 4 feb (EFE).- El presidente del L\u00edbano, Michel Suleiman, defendi\u00f3 hoy la convocatoria de elecciones para elegir a la persona que lo sustituir\u00e1 despu\u00e9s del pr\u00f3ximo 25 de mayo, cuando termina su mandato, pese a la par\u00e1lisis pol\u00edtica que reina en el pa\u00eds.<\/p>\n<p>En una entrevista a la revista de la Seguridad Nacional, Suleiman reconoci\u00f3 que ya est\u00e1 preparando su discurso de despedida y destac\u00f3 la importancia de la \u00abdemocracia, la rotaci\u00f3n del poder, el debate, el di\u00e1logo y el voto\u00bb.<\/p>\n<p>\u00abLa presidencia es la br\u00fajula de las instituciones. Se equivoca aquel que piensa bloquear la elecci\u00f3n para que no haya suficiente qu\u00f3rum (en el Parlamento), ya que torpedear\u00e1 el voto, lo que es una acci\u00f3n antidemocr\u00e1tica\u00bb, dijo el jefe del Estado.<\/p>\n<p>Suleiman insisti\u00f3 en que se debe aplicar la actual Constituci\u00f3n y el acuerdo de Taif, que en 1989 puso fin a tres lustros de guerra civil en el L\u00edbano y estableci\u00f3 la divisi\u00f3n confesional del poder.<\/p>\n<p>\u00abAspiro a entregar las riendas del poder al nuevo presidente de modo normal\u00bb, afirm\u00f3 el mandatario, que augur\u00f3 un \u00abfuturo pr\u00f3spero para el pa\u00eds y el fin de la tempestad en Siria\u00bb.<\/p>\n<p>El mandato del actual mandatario termina el pr\u00f3ximo 25 de mayo y el Parlamento tendr\u00e1 que elegir a su sucesor, que tambi\u00e9n debe pertenecer a la comunidad maronita (cat\u00f3lica de Oriente), entre los meses de marzo y abril.<\/p>\n<p>Seg\u00fan el reparto confesional, el jefe de Gobierno debe pertenecer a la comunidad musulmana sun\u00ed y el del Parlamento, a la comunidad musulmana chi\u00ed.<\/p>\n<p>Hay dudas sobre la fecha de celebraci\u00f3n de las elecciones presidenciales, ya que las instituciones del Estado est\u00e1n actualmente paralizadas, aunque algunos pol\u00edticos ya han hecho p\u00fablica su candidatura.<\/p>\n<p>El jefe del partido ecologista \u00abSalvaguardia del medio ambiente\u00bb, Bechara Abi Yunes, anunci\u00f3 hoy de modo oficial que concurrir\u00e1 a esos comicios en defensa de las \u00ablibertades pol\u00edticas, econ\u00f3micas y de prensa\u00bb.<\/p>\n<p>L\u00edbano est\u00e1 sin gobierno desde marzo pasado tras la dimisi\u00f3n del de Nayib Mikati y su sucesor, Tamam Salam, fue designado en abril pero no ha podido formar un gabinete desde entonces por las diferencias entre los grupos pol\u00edticos favorables y contrarios al r\u00e9gimen sirio.<\/p>\n<p>Mientras, el Parlamento est\u00e1 paralizado desde el a\u00f1o pasado, cuando prorrog\u00f3 su mandato hasta noviembre de 2014.<\/p>\n","protected":false},"excerpt":{"rendered":"<p>Beirut, 4 feb (EFE).- El presidente del L\u00edbano, Michel Suleiman, defendi\u00f3 hoy la convocatoria de elecciones para elegir a la persona que lo sustituir\u00e1 despu\u00e9s del pr\u00f3ximo 25 de mayo, cuando termina su mandato, pese a la par\u00e1lisis pol\u00edtica que reina en el pa\u00eds. En una entrevista a la revista de la Seguridad Nacional, Suleiman [&hellip;]<\/p>\n","protected":false},"author":1,"featured_media":483707,"comment_status":"closed","ping_status":"open","sticky":false,"template":"","format":"standard","meta":{"footnotes":""},"categories":[1],"tags":[],"class_list":["post-483706","post","type-post","status-publish","format-standard","has-post-thumbnail","hentry","category-actualidad"],"aioseo_notices":[],"aioseo_head":"\n\t\t<!-- All in One SEO Pro 5.0.1 - aioseo.com -->\n\t<meta name=\"description\" content=\"Beirut, 4 feb (EFE).- El presidente del L\u00edbano, Michel Suleiman, defendi\u00f3 hoy la convocatoria de elecciones para elegir a la persona que lo sustituir\u00e1 despu\u00e9s del pr\u00f3ximo 25 de mayo, cuando termina su mandato, pese a la par\u00e1lisis pol\u00edtica que reina en el pa\u00eds. En una entrevista a la revista de la Seguridad Nacional, Suleiman\" \/>\n\t<meta name=\"robots\" content=\"max-image-preview:large\" \/>\n\t<meta name=\"author\" content=\"El Digital de Asturias\"\/>\n\t<meta name=\"google-site-verification\" content=\"UA-38556648-1\" \/>\n\t<meta name=\"msvalidate.01\" content=\"7dfe9f3f1b24437ab69f4f2559babe99\" \/>\n\t<meta name=\"keywords\" content=\"actualidad\" \/>\n\t<link rel=\"canonical\" href=\"https:\/\/www.eldigitaldeasturias.com\/noticias\/el-presidente-libanes-defiende-las-elecciones-para-elegir-a-su-sustituto\/\" \/>\n\t<meta name=\"generator\" content=\"All in One SEO Pro (AIOSEO) 5.0.1\" \/>\n\t\t<meta property=\"og:locale\" content=\"es_ES\" \/>\n\t\t<meta property=\"og:site_name\" content=\"El Digital de Asturias\" \/>\n\t\t<meta property=\"og:type\" content=\"article\" \/>\n\t\t<meta property=\"og:title\" content=\"El presidente liban\u00e9s defiende las elecciones para elegir a su sustituto - El Digital de Asturias\" \/>\n\t\t<meta property=\"og:description\" content=\"Beirut, 4 feb (EFE).- El presidente del L\u00edbano, Michel Suleiman, defendi\u00f3 hoy la convocatoria de elecciones para elegir a la persona que lo sustituir\u00e1 despu\u00e9s del pr\u00f3ximo 25 de mayo, cuando termina su mandato, pese a la par\u00e1lisis pol\u00edtica que reina en el pa\u00eds. En una entrevista a la revista de la Seguridad Nacional, Suleiman\" \/>\n\t\t<meta property=\"og:url\" content=\"https:\/\/www.eldigitaldeasturias.com\/noticias\/el-presidente-libanes-defiende-las-elecciones-para-elegir-a-su-sustituto\/\" \/>\n\t\t<meta property=\"article:tag\" content=\"actualidad\" \/>\n\t\t<meta property=\"article:published_time\" content=\"2014-02-05T02:13:27+00:00\" \/>\n\t\t<meta property=\"article:modified_time\" content=\"2014-02-05T02:13:27+00:00\" \/>\n\t\t<meta property=\"article:publisher\" content=\"https:\/\/facebook.com\/eldigitaldeasturias\" \/>\n\t\t<meta name=\"twitter:card\" content=\"summary_large_image\" \/>\n\t\t<meta name=\"twitter:title\" content=\"El presidente liban\u00e9s defiende las elecciones para elegir a su sustituto - El Digital de Asturias\" \/>\n\t\t<meta name=\"twitter:description\" content=\"Beirut, 4 feb (EFE).- El presidente del L\u00edbano, Michel Suleiman, defendi\u00f3 hoy la convocatoria de elecciones para elegir a la persona que lo sustituir\u00e1 despu\u00e9s del pr\u00f3ximo 25 de mayo, cuando termina su mandato, pese a la par\u00e1lisis pol\u00edtica que reina en el pa\u00eds. En una entrevista a la revista de la Seguridad Nacional, Suleiman\" \/>\n\t\t<meta name=\"twitter:label1\" content=\"Escrito por\" \/>\n\t\t<meta name=\"twitter:data1\" content=\"El Digital de Asturias\" \/>\n\t\t<meta name=\"twitter:label2\" content=\"Tiempo de lectura estimado\" \/>\n\t\t<meta name=\"twitter:data2\" content=\"2 minutos\" \/>\n\t\t<script type=\"application\/ld+json\" class=\"aioseo-schema\">\n\t\t\t{\"@context\":\"https:\\\/\\\/schema.org\",\"@graph\":[{\"@type\":\"BlogPosting\",\"@id\":\"https:\\\/\\\/www.eldigitaldeasturias.com\\\/noticias\\\/el-presidente-libanes-defiende-las-elecciones-para-elegir-a-su-sustituto\\\/#blogposting\",\"name\":\"El presidente liban\\u00e9s defiende las elecciones para elegir a su sustituto - El Digital de Asturias\",\"headline\":\"El presidente liban\\u00e9s defiende las elecciones para elegir a su sustituto\",\"author\":{\"@id\":\"https:\\\/\\\/www.eldigitaldeasturias.com\\\/noticias\\\/author\\\/admin\\\/#author\"},\"publisher\":{\"@id\":\"https:\\\/\\\/www.eldigitaldeasturias.com\\\/noticias\\\/#organization\"},\"image\":{\"@type\":\"ImageObject\",\"url\":483707},\"datePublished\":\"2014-02-05T01:13:27+01:00\",\"dateModified\":\"2014-02-05T01:13:27+01:00\",\"inLanguage\":\"es-ES\",\"mainEntityOfPage\":{\"@id\":\"https:\\\/\\\/www.eldigitaldeasturias.com\\\/noticias\\\/el-presidente-libanes-defiende-las-elecciones-para-elegir-a-su-sustituto\\\/#webpage\"},\"isPartOf\":{\"@id\":\"https:\\\/\\\/www.eldigitaldeasturias.com\\\/noticias\\\/el-presidente-libanes-defiende-las-elecciones-para-elegir-a-su-sustituto\\\/#webpage\"},\"articleSection\":\"Actualidad\"},{\"@type\":\"BreadcrumbList\",\"@id\":\"https:\\\/\\\/www.eldigitaldeasturias.com\\\/noticias\\\/el-presidente-libanes-defiende-las-elecciones-para-elegir-a-su-sustituto\\\/#breadcrumblist\",\"itemListElement\":[{\"@type\":\"ListItem\",\"@id\":\"https:\\\/\\\/www.eldigitaldeasturias.com\\\/noticias#listItem\",\"position\":1,\"name\":\"Home\",\"item\":\"https:\\\/\\\/www.eldigitaldeasturias.com\\\/noticias\",\"nextItem\":{\"@type\":\"ListItem\",\"@id\":\"https:\\\/\\\/www.eldigitaldeasturias.com\\\/noticias\\\/category\\\/actualidad\\\/#listItem\",\"name\":\"Actualidad\"}},{\"@type\":\"ListItem\",\"@id\":\"https:\\\/\\\/www.eldigitaldeasturias.com\\\/noticias\\\/category\\\/actualidad\\\/#listItem\",\"position\":2,\"name\":\"Actualidad\",\"item\":\"https:\\\/\\\/www.eldigitaldeasturias.com\\\/noticias\\\/category\\\/actualidad\\\/\",\"nextItem\":{\"@type\":\"ListItem\",\"@id\":\"https:\\\/\\\/www.eldigitaldeasturias.com\\\/noticias\\\/el-presidente-libanes-defiende-las-elecciones-para-elegir-a-su-sustituto\\\/#listItem\",\"name\":\"El presidente liban\\u00e9s defiende las elecciones para elegir a su sustituto\"},\"previousItem\":{\"@type\":\"ListItem\",\"@id\":\"https:\\\/\\\/www.eldigitaldeasturias.com\\\/noticias#listItem\",\"name\":\"Home\"}},{\"@type\":\"ListItem\",\"@id\":\"https:\\\/\\\/www.eldigitaldeasturias.com\\\/noticias\\\/el-presidente-libanes-defiende-las-elecciones-para-elegir-a-su-sustituto\\\/#listItem\",\"position\":3,\"name\":\"El presidente liban\\u00e9s defiende las elecciones para elegir a su sustituto\",\"previousItem\":{\"@type\":\"ListItem\",\"@id\":\"https:\\\/\\\/www.eldigitaldeasturias.com\\\/noticias\\\/category\\\/actualidad\\\/#listItem\",\"name\":\"Actualidad\"}}]},{\"@type\":\"Organization\",\"@id\":\"https:\\\/\\\/www.eldigitaldeasturias.com\\\/noticias\\\/#organization\",\"name\":\"El Digital de Asturias\",\"description\":\"Hemeroteca\",\"url\":\"https:\\\/\\\/www.eldigitaldeasturias.com\\\/noticias\\\/\",\"email\":\"info@eldigitaldeasturias.com\",\"telephone\":\"+34652131393\",\"logo\":{\"@type\":\"ImageObject\",\"url\":\"https:\\\/\\\/www.eldigitaldeasturias.com\\\/noticias\\\/wp-content\\\/uploads\\\/2020\\\/12\\\/EDA.jpg\",\"@id\":\"https:\\\/\\\/www.eldigitaldeasturias.com\\\/noticias\\\/el-presidente-libanes-defiende-las-elecciones-para-elegir-a-su-sustituto\\\/#organizationLogo\"},\"image\":{\"@id\":\"https:\\\/\\\/www.eldigitaldeasturias.com\\\/noticias\\\/el-presidente-libanes-defiende-las-elecciones-para-elegir-a-su-sustituto\\\/#organizationLogo\"},\"sameAs\":[\"https:\\\/\\\/facebook.com\\\/eldigitaldeasturias\",\"https:\\\/\\\/www.youtube.com\\\/channel\\\/UCZP-2wLEB9Rv6erhFmqVnvg\"],\"address\":{\"@id\":\"https:\\\/\\\/www.eldigitaldeasturias.com\\\/noticias\\\/#postaladdress\",\"@type\":\"PostalAddress\",\"streetAddress\":\"san antonio 4\",\"postalCode\":\"33430\",\"addressLocality\":\"Cand\\u00e1s\",\"addressRegion\":\"Asturias\",\"addressCountry\":\"ES\"}},{\"@type\":\"Person\",\"@id\":\"https:\\\/\\\/www.eldigitaldeasturias.com\\\/noticias\\\/author\\\/admin\\\/#author\",\"url\":\"https:\\\/\\\/www.eldigitaldeasturias.com\\\/noticias\\\/author\\\/admin\\\/\",\"name\":\"El Digital de Asturias\",\"image\":{\"@type\":\"ImageObject\",\"@id\":\"https:\\\/\\\/www.eldigitaldeasturias.com\\\/noticias\\\/el-presidente-libanes-defiende-las-elecciones-para-elegir-a-su-sustituto\\\/#authorImage\",\"url\":\"https:\\\/\\\/secure.gravatar.com\\\/avatar\\\/df2aeffc32bcd13f8d26072ef8a91b623d677766deac7f97ca815868cd41bf5e?s=96&d=mm&r=g\",\"width\":96,\"height\":96,\"caption\":\"El Digital de Asturias\"}},{\"@type\":\"WebPage\",\"@id\":\"https:\\\/\\\/www.eldigitaldeasturias.com\\\/noticias\\\/el-presidente-libanes-defiende-las-elecciones-para-elegir-a-su-sustituto\\\/#webpage\",\"url\":\"https:\\\/\\\/www.eldigitaldeasturias.com\\\/noticias\\\/el-presidente-libanes-defiende-las-elecciones-para-elegir-a-su-sustituto\\\/\",\"name\":\"El presidente liban\\u00e9s defiende las elecciones para elegir a su sustituto - El Digital de Asturias\",\"description\":\"Beirut, 4 feb (EFE).- El presidente del L\\u00edbano, Michel Suleiman, defendi\\u00f3 hoy la convocatoria de elecciones para elegir a la persona que lo sustituir\\u00e1 despu\\u00e9s del pr\\u00f3ximo 25 de mayo, cuando termina su mandato, pese a la par\\u00e1lisis pol\\u00edtica que reina en el pa\\u00eds. En una entrevista a la revista de la Seguridad Nacional, Suleiman\",\"inLanguage\":\"es-ES\",\"isPartOf\":{\"@id\":\"https:\\\/\\\/www.eldigitaldeasturias.com\\\/noticias\\\/#website\"},\"breadcrumb\":{\"@id\":\"https:\\\/\\\/www.eldigitaldeasturias.com\\\/noticias\\\/el-presidente-libanes-defiende-las-elecciones-para-elegir-a-su-sustituto\\\/#breadcrumblist\"},\"author\":{\"@id\":\"https:\\\/\\\/www.eldigitaldeasturias.com\\\/noticias\\\/author\\\/admin\\\/#author\"},\"creator\":{\"@id\":\"https:\\\/\\\/www.eldigitaldeasturias.com\\\/noticias\\\/author\\\/admin\\\/#author\"},\"image\":{\"@type\":\"ImageObject\",\"url\":483707,\"@id\":\"https:\\\/\\\/www.eldigitaldeasturias.com\\\/noticias\\\/el-presidente-libanes-defiende-las-elecciones-para-elegir-a-su-sustituto\\\/#mainImage\"},\"primaryImageOfPage\":{\"@id\":\"https:\\\/\\\/www.eldigitaldeasturias.com\\\/noticias\\\/el-presidente-libanes-defiende-las-elecciones-para-elegir-a-su-sustituto\\\/#mainImage\"},\"datePublished\":\"2014-02-05T01:13:27+01:00\",\"dateModified\":\"2014-02-05T01:13:27+01:00\"},{\"@type\":\"WebSite\",\"@id\":\"https:\\\/\\\/www.eldigitaldeasturias.com\\\/noticias\\\/#website\",\"url\":\"https:\\\/\\\/www.eldigitaldeasturias.com\\\/noticias\\\/\",\"name\":\"El Digital de Asturias - Diario de actualidad y noticias\",\"alternateName\":\"El Digital de Asturias - Diario de actualidad y noticias\",\"description\":\"Hemeroteca\",\"inLanguage\":\"es-ES\",\"publisher\":{\"@id\":\"https:\\\/\\\/www.eldigitaldeasturias.com\\\/noticias\\\/#organization\"}}]}\n\t\t<\/script>\n\t\t<!-- All in One SEO Pro -->\r\n\t\t<title>El presidente liban\u00e9s defiende las elecciones para elegir a su sustituto - El Digital de Asturias<\/title>\n\n","aioseo_head_json":{"title":"El presidente liban\u00e9s defiende las elecciones para elegir a su sustituto - El Digital de Asturias","description":"Beirut, 4 feb (EFE).- El presidente del L\u00edbano, Michel Suleiman, defendi\u00f3 hoy la convocatoria de elecciones para elegir a la persona que lo sustituir\u00e1 despu\u00e9s del pr\u00f3ximo 25 de mayo, cuando termina su mandato, pese a la par\u00e1lisis pol\u00edtica que reina en el pa\u00eds. En una entrevista a la revista de la Seguridad Nacional, Suleiman","canonical_url":"https:\/\/www.eldigitaldeasturias.com\/noticias\/el-presidente-libanes-defiende-las-elecciones-para-elegir-a-su-sustituto\/","robots":"max-image-preview:large","keywords":"actualidad","webmasterTools":{"google-site-verification":"UA-38556648-1","msvalidate.01":"7dfe9f3f1b24437ab69f4f2559babe99","miscellaneous":""},"schema":{"@context":"https:\/\/schema.org","@graph":[{"@type":"BlogPosting","@id":"https:\/\/www.eldigitaldeasturias.com\/noticias\/el-presidente-libanes-defiende-las-elecciones-para-elegir-a-su-sustituto\/#blogposting","name":"El presidente liban\u00e9s defiende las elecciones para elegir a su sustituto - El Digital de Asturias","headline":"El presidente liban\u00e9s defiende las elecciones para elegir a su sustituto","author":{"@id":"https:\/\/www.eldigitaldeasturias.com\/noticias\/author\/admin\/#author"},"publisher":{"@id":"https:\/\/www.eldigitaldeasturias.com\/noticias\/#organization"},"image":{"@type":"ImageObject","url":483707},"datePublished":"2014-02-05T01:13:27+01:00","dateModified":"2014-02-05T01:13:27+01:00","inLanguage":"es-ES","mainEntityOfPage":{"@id":"https:\/\/www.eldigitaldeasturias.com\/noticias\/el-presidente-libanes-defiende-las-elecciones-para-elegir-a-su-sustituto\/#webpage"},"isPartOf":{"@id":"https:\/\/www.eldigitaldeasturias.com\/noticias\/el-presidente-libanes-defiende-las-elecciones-para-elegir-a-su-sustituto\/#webpage"},"articleSection":"Actualidad"},{"@type":"BreadcrumbList","@id":"https:\/\/www.eldigitaldeasturias.com\/noticias\/el-presidente-libanes-defiende-las-elecciones-para-elegir-a-su-sustituto\/#breadcrumblist","itemListElement":[{"@type":"ListItem","@id":"https:\/\/www.eldigitaldeasturias.com\/noticias#listItem","position":1,"name":"Home","item":"https:\/\/www.eldigitaldeasturias.com\/noticias","nextItem":{"@type":"ListItem","@id":"https:\/\/www.eldigitaldeasturias.com\/noticias\/category\/actualidad\/#listItem","name":"Actualidad"}},{"@type":"ListItem","@id":"https:\/\/www.eldigitaldeasturias.com\/noticias\/category\/actualidad\/#listItem","position":2,"name":"Actualidad","item":"https:\/\/www.eldigitaldeasturias.com\/noticias\/category\/actualidad\/","nextItem":{"@type":"ListItem","@id":"https:\/\/www.eldigitaldeasturias.com\/noticias\/el-presidente-libanes-defiende-las-elecciones-para-elegir-a-su-sustituto\/#listItem","name":"El presidente liban\u00e9s defiende las elecciones para elegir a su sustituto"},"previousItem":{"@type":"ListItem","@id":"https:\/\/www.eldigitaldeasturias.com\/noticias#listItem","name":"Home"}},{"@type":"ListItem","@id":"https:\/\/www.eldigitaldeasturias.com\/noticias\/el-presidente-libanes-defiende-las-elecciones-para-elegir-a-su-sustituto\/#listItem","position":3,"name":"El presidente liban\u00e9s defiende las elecciones para elegir a su sustituto","previousItem":{"@type":"ListItem","@id":"https:\/\/www.eldigitaldeasturias.com\/noticias\/category\/actualidad\/#listItem","name":"Actualidad"}}]},{"@type":"Organization","@id":"https:\/\/www.eldigitaldeasturias.com\/noticias\/#organization","name":"El Digital de Asturias","description":"Hemeroteca","url":"https:\/\/www.eldigitaldeasturias.com\/noticias\/","email":"info@eldigitaldeasturias.com","telephone":"+34652131393","logo":{"@type":"ImageObject","url":"https:\/\/www.eldigitaldeasturias.com\/noticias\/wp-content\/uploads\/2020\/12\/EDA.jpg","@id":"https:\/\/www.eldigitaldeasturias.com\/noticias\/el-presidente-libanes-defiende-las-elecciones-para-elegir-a-su-sustituto\/#organizationLogo"},"image":{"@id":"https:\/\/www.eldigitaldeasturias.com\/noticias\/el-presidente-libanes-defiende-las-elecciones-para-elegir-a-su-sustituto\/#organizationLogo"},"sameAs":["https:\/\/facebook.com\/eldigitaldeasturias","https:\/\/www.youtube.com\/channel\/UCZP-2wLEB9Rv6erhFmqVnvg"],"address":{"@id":"https:\/\/www.eldigitaldeasturias.com\/noticias\/#postaladdress","@type":"PostalAddress","streetAddress":"san antonio 4","postalCode":"33430","addressLocality":"Cand\u00e1s","addressRegion":"Asturias","addressCountry":"ES"}},{"@type":"Person","@id":"https:\/\/www.eldigitaldeasturias.com\/noticias\/author\/admin\/#author","url":"https:\/\/www.eldigitaldeasturias.com\/noticias\/author\/admin\/","name":"El Digital de Asturias","image":{"@type":"ImageObject","@id":"https:\/\/www.eldigitaldeasturias.com\/noticias\/el-presidente-libanes-defiende-las-elecciones-para-elegir-a-su-sustituto\/#authorImage","url":"https:\/\/secure.gravatar.com\/avatar\/df2aeffc32bcd13f8d26072ef8a91b623d677766deac7f97ca815868cd41bf5e?s=96&d=mm&r=g","width":96,"height":96,"caption":"El Digital de Asturias"}},{"@type":"WebPage","@id":"https:\/\/www.eldigitaldeasturias.com\/noticias\/el-presidente-libanes-defiende-las-elecciones-para-elegir-a-su-sustituto\/#webpage","url":"https:\/\/www.eldigitaldeasturias.com\/noticias\/el-presidente-libanes-defiende-las-elecciones-para-elegir-a-su-sustituto\/","name":"El presidente liban\u00e9s defiende las elecciones para elegir a su sustituto - El Digital de Asturias","description":"Beirut, 4 feb (EFE).- El presidente del L\u00edbano, Michel Suleiman, defendi\u00f3 hoy la convocatoria de elecciones para elegir a la persona que lo sustituir\u00e1 despu\u00e9s del pr\u00f3ximo 25 de mayo, cuando termina su mandato, pese a la par\u00e1lisis pol\u00edtica que reina en el pa\u00eds. En una entrevista a la revista de la Seguridad Nacional, Suleiman","inLanguage":"es-ES","isPartOf":{"@id":"https:\/\/www.eldigitaldeasturias.com\/noticias\/#website"},"breadcrumb":{"@id":"https:\/\/www.eldigitaldeasturias.com\/noticias\/el-presidente-libanes-defiende-las-elecciones-para-elegir-a-su-sustituto\/#breadcrumblist"},"author":{"@id":"https:\/\/www.eldigitaldeasturias.com\/noticias\/author\/admin\/#author"},"creator":{"@id":"https:\/\/www.eldigitaldeasturias.com\/noticias\/author\/admin\/#author"},"image":{"@type":"ImageObject","url":483707,"@id":"https:\/\/www.eldigitaldeasturias.com\/noticias\/el-presidente-libanes-defiende-las-elecciones-para-elegir-a-su-sustituto\/#mainImage"},"primaryImageOfPage":{"@id":"https:\/\/www.eldigitaldeasturias.com\/noticias\/el-presidente-libanes-defiende-las-elecciones-para-elegir-a-su-sustituto\/#mainImage"},"datePublished":"2014-02-05T01:13:27+01:00","dateModified":"2014-02-05T01:13:27+01:00"},{"@type":"WebSite","@id":"https:\/\/www.eldigitaldeasturias.com\/noticias\/#website","url":"https:\/\/www.eldigitaldeasturias.com\/noticias\/","name":"El Digital de Asturias - Diario de actualidad y noticias","alternateName":"El Digital de Asturias - Diario de actualidad y noticias","description":"Hemeroteca","inLanguage":"es-ES","publisher":{"@id":"https:\/\/www.eldigitaldeasturias.com\/noticias\/#organization"}}]},"og:locale":"es_ES","og:site_name":"El Digital de Asturias","og:type":"article","og:title":"El presidente liban\u00e9s defiende las elecciones para elegir a su sustituto - El Digital de Asturias","og:description":"Beirut, 4 feb (EFE).- El presidente del L\u00edbano, Michel Suleiman, defendi\u00f3 hoy la convocatoria de elecciones para elegir a la persona que lo sustituir\u00e1 despu\u00e9s del pr\u00f3ximo 25 de mayo, cuando termina su mandato, pese a la par\u00e1lisis pol\u00edtica que reina en el pa\u00eds. En una entrevista a la revista de la Seguridad Nacional, Suleiman","og:url":"https:\/\/www.eldigitaldeasturias.com\/noticias\/el-presidente-libanes-defiende-las-elecciones-para-elegir-a-su-sustituto\/","article:tag":["actualidad"],"article:published_time":"2014-02-05T02:13:27+00:00","article:modified_time":"2014-02-05T02:13:27+00:00","article:publisher":"https:\/\/facebook.com\/eldigitaldeasturias","twitter:card":"summary_large_image","twitter:title":"El presidente liban\u00e9s defiende las elecciones para elegir a su sustituto - El Digital de Asturias","twitter:description":"Beirut, 4 feb (EFE).- El presidente del L\u00edbano, Michel Suleiman, defendi\u00f3 hoy la convocatoria de elecciones para elegir a la persona que lo sustituir\u00e1 despu\u00e9s del pr\u00f3ximo 25 de mayo, cuando termina su mandato, pese a la par\u00e1lisis pol\u00edtica que reina en el pa\u00eds. En una entrevista a la revista de la Seguridad Nacional, Suleiman","twitter:label1":"Escrito por","twitter:data1":"El Digital de Asturias","twitter:label2":"Tiempo de lectura estimado","twitter:data2":"2 minutos"},"aioseo_meta_data":{"post_id":"483706","title":null,"description":null,"keywords":null,"keyphrases":null,"primary_term":null,"canonical_url":null,"og_title":null,"og_description":null,"og_object_type":"default","og_image_type":"default","og_image_url":null,"og_image_width":null,"og_image_height":null,"og_image_custom_url":null,"og_image_custom_fields":null,"og_video":null,"og_custom_url":null,"og_article_section":null,"og_article_tags":null,"twitter_use_og":true,"twitter_card":"default","twitter_image_type":"default","twitter_image_url":null,"twitter_image_custom_url":null,"twitter_image_custom_fields":null,"twitter_title":null,"twitter_description":null,"schema":{"blockGraphs":[],"customGraphs":[],"default":{"data":{"Article":[],"Course":[],"Dataset":[],"FAQPage":[],"Movie":[],"Person":[],"Product":[],"ProductReview":[],"Car":[],"Recipe":[],"Service":[],"SoftwareApplication":[],"WebPage":[]},"graphName":"","isEnabled":true},"graphs":[],"defaultGraph":"","defaultPostTypeGraph":""},"schema_type":null,"schema_type_options":null,"pillar_content":false,"robots_default":true,"robots_noindex":false,"robots_noarchive":false,"robots_nosnippet":false,"robots_nofollow":false,"robots_noimageindex":false,"robots_noodp":false,"robots_notranslate":false,"robots_max_snippet":null,"robots_max_videopreview":null,"robots_max_imagepreview":"none","priority":null,"frequency":null,"local_seo":null,"seo_analyzer_scan_date":"2026-06-02 13:38:47","breadcrumb_settings":null,"limit_modified_date":false,"open_ai":null,"ai":null,"created":"2020-11-14 22:54:50","updated":"2026-06-02 13:38:47","focus_keyword":null,"additional_keywords":null,"truseo_locale":null},"aioseo_breadcrumb":"<div class=\"aioseo-breadcrumbs\"><span class=\"aioseo-breadcrumb\">\n\t<a href=\"https:\/\/www.eldigitaldeasturias.com\/noticias\" title=\"Home\">Home<\/a>\n<\/span><span class=\"aioseo-breadcrumb-separator\">\u2013<\/span><span class=\"aioseo-breadcrumb\">\n\t<a href=\"https:\/\/www.eldigitaldeasturias.com\/noticias\/category\/actualidad\/\" title=\"Actualidad\">Actualidad<\/a>\n<\/span><span class=\"aioseo-breadcrumb-separator\">\u2013<\/span><span class=\"aioseo-breadcrumb\">\n\t<a href=\"https:\/\/www.eldigitaldeasturias.com\/noticias\/el-presidente-libanes-defiende-las-elecciones-para-elegir-a-su-sustituto\/\" title=\"El presidente liban\u00e9s defiende las elecciones para elegir a su sustituto\">El presidente liban\u00e9s defiende las elecciones para elegir a su sustituto<\/a>\n<\/span><\/div>","aioseo_breadcrumb_json":[{"label":"Home","link":"https:\/\/www.eldigitaldeasturias.com\/noticias"},{"label":"Actualidad","link":"https:\/\/www.eldigitaldeasturias.com\/noticias\/category\/actualidad\/"},{"label":"El presidente liban\u00e9s defiende las elecciones para elegir a su sustituto","link":"https:\/\/www.eldigitaldeasturias.com\/noticias\/el-presidente-libanes-defiende-las-elecciones-para-elegir-a-su-sustituto\/"}],"_links":{"self":[{"href":"https:\/\/www.eldigitaldeasturias.com\/noticias\/wp-json\/wp\/v2\/posts\/483706","targetHints":{"allow":["GET"]}}],"collection":[{"href":"https:\/\/www.eldigitaldeasturias.com\/noticias\/wp-json\/wp\/v2\/posts"}],"about":[{"href":"https:\/\/www.eldigitaldeasturias.com\/noticias\/wp-json\/wp\/v2\/types\/post"}],"author":[{"embeddable":true,"href":"https:\/\/www.eldigitaldeasturias.com\/noticias\/wp-json\/wp\/v2\/users\/1"}],"replies":[{"embeddable":true,"href":"https:\/\/www.eldigitaldeasturias.com\/noticias\/wp-json\/wp\/v2\/comments?post=483706"}],"version-history":[{"count":0,"href":"https:\/\/www.eldigitaldeasturias.com\/noticias\/wp-json\/wp\/v2\/posts\/483706\/revisions"}],"wp:attachment":[{"href":"https:\/\/www.eldigitaldeasturias.com\/noticias\/wp-json\/wp\/v2\/media?parent=483706"}],"wp:term":[{"taxonomy":"category","embeddable":true,"href":"https:\/\/www.eldigitaldeasturias.com\/noticias\/wp-json\/wp\/v2\/categories?post=483706"},{"taxonomy":"post_tag","embeddable":true,"href":"https:\/\/www.eldigitaldeasturias.com\/noticias\/wp-json\/wp\/v2\/tags?post=483706"}],"curies":[{"name":"wp","href":"https:\/\/api.w.org\/{rel}","templated":true}]}}