{"id":483670,"date":"2014-02-05T00:55:06","date_gmt":"2014-02-05T01:55:06","guid":{"rendered":"http:\/\/www.eldigitaldeasturias.com\/noticias\/?p=483670"},"modified":"2014-02-05T00:55:08","modified_gmt":"2014-02-05T01:55:08","slug":"berlin-y-ankara-exigen-un-acuerdo-sobre-los-corredores-humanitarios-en-siria","status":"publish","type":"post","link":"https:\/\/www.eldigitaldeasturias.com\/noticias\/berlin-y-ankara-exigen-un-acuerdo-sobre-los-corredores-humanitarios-en-siria\/","title":{"rendered":"Berl\u00edn y Ankara exigen un acuerdo sobre los corredores humanitarios en Siria"},"content":{"rendered":"<p><img loading=\"lazy\" decoding=\"async\" class=\"alignleft size-medium wp-image-483671\" alt=\"5909089w\" src=\"https:\/\/www.eldigitaldeasturias.com\/noticias\/wp-content\/uploads\/2014\/02\/5909089w-360x256.jpg\" width=\"360\" height=\"256\" \/>Berl\u00edn, 4 feb (EFE).- La canciller alemana, Angela Merkel, y el primer ministro turco, Recep Tayyip Erdogan, exigieron hoy un r\u00e1pido acuerdo para establecer corredores humanitarios en Siria y criticaron el bloqueo, aunque con distintos matices, que sufre el Consejo de Seguridad de la ONU.<\/p>\n<p>La cumbre, en la que tambi\u00e9n se habl\u00f3 del proceso de adhesi\u00f3n de Turqu\u00eda a la Uni\u00f3n Europea, tuvo lugar dentro de una visita de Erdogan a Berl\u00edn de marcado car\u00e1cter electoral, ya que este a\u00f1o hay presidenciales en su pa\u00eds y probablemente se presente como candidato.<\/p>\n<p>Merkel denunci\u00f3 que la situaci\u00f3n humanitaria en Siria es \u00abinsoportable\u00bb, se mostr\u00f3 horrorizada por los barriles bomba y lament\u00f3 que la primera ronda de negociaciones entre el Gobierno sirio y la oposici\u00f3n, que acab\u00f3 el pasado viernes en Ginebra, no lograse ni un m\u00ednimo avance en el \u00e1mbito humanitario.<\/p>\n<p>Adem\u00e1s, consider\u00f3 que el Consejo de Seguridad de Naciones Unidas debe seguir instando a las partes a llegar a un acuerdo en este \u00e1mbito, el considerado como m\u00e1s apremiante y, te\u00f3ricamente, menos controvertido.<\/p>\n<p>La canciller destac\u00f3 que Rusia es un elemento \u00abclave\u00bb en el Consejo de Seguridad -en referencia a las veces que ha amenazado con vetar resoluciones sobre su aliada, Siria- y mostr\u00f3 la disposici\u00f3n del Ejecutivo alem\u00e1n a seguir negociando con Mosc\u00fa, Pek\u00edn y Teher\u00e1n.<\/p>\n<p>Erdogan carg\u00f3, en un tono mucho m\u00e1s cr\u00edtico, contra el Consejo de Seguridad, al que tild\u00f3 de \u00abincapaz de trabajar\u00bb y de insensible ante una \u00abtragedia humana\u00bb en la que ya han muerto \u00abm\u00e1s de 150.000 personas\u00bb.<\/p>\n<p>\u00abNo se puede aceptar\u00bb que el m\u00e1ximo organismo de la ONU -donde s\u00f3lo Rusia, Estados Unidos, Reino Unido, Francia y China tienen derecho de veto- contemple estas cifras como \u00abquien ve un partido de f\u00fatbol\u00bb, afirm\u00f3 Erdog\u00e1n.<\/p>\n<p>El primer ministro turco, uno de los l\u00edderes m\u00e1s abiertamente contrarios al r\u00e9gimen del presidente sirio, Bachar al Asad, lament\u00f3 tambi\u00e9n que la primera ronda de las negociaciones de paz concluyese sin el menor avance.<\/p>\n<p>\u00abNo ha habido ning\u00fan resultado positivo y por el momento tampoco se puede intuir que en el futuro vaya a haberlos\u00bb, resumi\u00f3 Erdogan.<\/p>\n<p>El primer ministro turco critic\u00f3 asimismo a la ONU por la escasa ayuda que est\u00e1 recibiendo para atender a los centenares de miles de refugiados sirios que entran en su pa\u00eds y asegur\u00f3 que, independientemente de la magnitud de ese respaldo, Turqu\u00eda les seguir\u00e1 atendiendo.<\/p>\n<p>Merkel reconoci\u00f3 ese esfuerzo, garantiz\u00f3 el apoyo de Berl\u00edn y consider\u00f3 que \u00abEuropa tiene que dar m\u00e1s pasos\u00bb en la acogida de refugiados.<\/p>\n<p>Otro asunto clave del encuentro fue el proceso de adhesi\u00f3n de Turqu\u00eda a la UE, donde Berl\u00edn juega un papel esencial por su peso espec\u00edfico dentro del bloque y su importante comunidad turca, de unos tres millones de miembros.<\/p>\n<p>Merkel reiter\u00f3 que ella se muestra \u00abesc\u00e9ptica\u00bb ante una incorporaci\u00f3n completa de Ankara a la UE y recalc\u00f3 que el proceso tiene un \u00abfinal abierto\u00bb, esto es, que podr\u00eda concluir sin la admisi\u00f3n de Turqu\u00eda.<\/p>\n<p>Por su parte, Erdogan asegur\u00f3 que su pa\u00eds quiere acercarse a los Veintiocho y, en una intervenci\u00f3n previa a su encuentro con la canciller, asegur\u00f3 que \u00abla UE necesita a Turqu\u00eda\u00bb.<\/p>\n<p>Recientemente se ha abierto el cap\u00edtulo 22 de las negociaciones, sobre pol\u00edtica regional, mientras el 23 (\u00abDerechos Judiciales y Fundamentales\u00bb) y el 24 (\u00abJusticia, Libertad y Seguridad\u00bb), se encuentran bloqueados por Chipre, con el que Ankara se encuentra enfrentada por la Rep\u00fablica Turca del Norte de Chipre.<\/p>\n<p>Erdogan, asediado en casa por varios casos de corrupci\u00f3n, visita Berl\u00edn con la mirada puesta en las pr\u00f3ximas elecciones de su pa\u00eds: las municipales de marzo, en las que lo fundamental es \u00abel n\u00famero de votos\u00bb total que consiga cada partido, y las presidenciales del verano.<\/p>\n<p>Por primera vez el jefe del Estado turco ser\u00e1 elegido directamente, y Erdogan, que no puede presentarse a la reelecci\u00f3n como primer ministro tras tres legislaturas, probablemente se postule como candidato.<\/p>\n<p>La agenda de su visita a Berl\u00edn, donde no han faltado las protestas de varios centenares de sus opositores, se cierra hoy con un mitin en el que ha dado cita a alrededor de 4.000 personas.<\/p>\n<p>Se estima que de los casi tres millones de personas de origen turco que residen en Alemania, cerca de la mitad son mayores de edad y tienen pasaporte turco y, por tanto, derecho a participar en estos comicios.<\/p>\n<p>Juan Palop<\/p>\n","protected":false},"excerpt":{"rendered":"<p>Berl\u00edn, 4 feb (EFE).- La canciller alemana, Angela Merkel, y el primer ministro turco, Recep Tayyip Erdogan, exigieron hoy un r\u00e1pido acuerdo para establecer corredores humanitarios en Siria y criticaron el bloqueo, aunque con distintos matices, que sufre el Consejo de Seguridad de la ONU. La cumbre, en la que tambi\u00e9n se habl\u00f3 del proceso [&hellip;]<\/p>\n","protected":false},"author":1,"featured_media":483671,"comment_status":"closed","ping_status":"open","sticky":false,"template":"","format":"standard","meta":{"footnotes":""},"categories":[1],"tags":[],"class_list":["post-483670","post","type-post","status-publish","format-standard","has-post-thumbnail","hentry","category-actualidad"],"aioseo_notices":[],"aioseo_head":"\n\t\t<!-- All in One SEO Pro 5.0.1 - aioseo.com -->\n\t<meta name=\"description\" content=\"Berl\u00edn, 4 feb (EFE).- La canciller alemana, Angela Merkel, y el primer ministro turco, Recep Tayyip Erdogan, exigieron hoy un r\u00e1pido acuerdo para establecer corredores humanitarios en Siria y criticaron el bloqueo, aunque con distintos matices, que sufre el Consejo de Seguridad de la ONU. La cumbre, en la que tambi\u00e9n se habl\u00f3 del proceso\" \/>\n\t<meta name=\"robots\" content=\"max-image-preview:large\" \/>\n\t<meta name=\"author\" content=\"El Digital de Asturias\"\/>\n\t<meta name=\"google-site-verification\" content=\"UA-38556648-1\" \/>\n\t<meta name=\"msvalidate.01\" content=\"7dfe9f3f1b24437ab69f4f2559babe99\" \/>\n\t<meta name=\"keywords\" content=\"actualidad\" \/>\n\t<link rel=\"canonical\" href=\"https:\/\/www.eldigitaldeasturias.com\/noticias\/berlin-y-ankara-exigen-un-acuerdo-sobre-los-corredores-humanitarios-en-siria\/\" \/>\n\t<meta name=\"generator\" content=\"All in One SEO Pro (AIOSEO) 5.0.1\" \/>\n\t\t<meta property=\"og:locale\" content=\"es_ES\" \/>\n\t\t<meta property=\"og:site_name\" content=\"El Digital de Asturias\" \/>\n\t\t<meta property=\"og:type\" content=\"article\" \/>\n\t\t<meta property=\"og:title\" content=\"Berl\u00edn y Ankara exigen un acuerdo sobre los corredores humanitarios en Siria - El Digital de Asturias\" \/>\n\t\t<meta property=\"og:description\" content=\"Berl\u00edn, 4 feb (EFE).- La canciller alemana, Angela Merkel, y el primer ministro turco, Recep Tayyip Erdogan, exigieron hoy un r\u00e1pido acuerdo para establecer corredores humanitarios en Siria y criticaron el bloqueo, aunque con distintos matices, que sufre el Consejo de Seguridad de la ONU. La cumbre, en la que tambi\u00e9n se habl\u00f3 del proceso\" \/>\n\t\t<meta property=\"og:url\" content=\"https:\/\/www.eldigitaldeasturias.com\/noticias\/berlin-y-ankara-exigen-un-acuerdo-sobre-los-corredores-humanitarios-en-siria\/\" \/>\n\t\t<meta property=\"article:tag\" content=\"actualidad\" \/>\n\t\t<meta property=\"article:published_time\" content=\"2014-02-05T01:55:06+00:00\" \/>\n\t\t<meta property=\"article:modified_time\" content=\"2014-02-05T01:55:08+00:00\" \/>\n\t\t<meta property=\"article:publisher\" content=\"https:\/\/facebook.com\/eldigitaldeasturias\" \/>\n\t\t<meta name=\"twitter:card\" content=\"summary_large_image\" \/>\n\t\t<meta name=\"twitter:title\" content=\"Berl\u00edn y Ankara exigen un acuerdo sobre los corredores humanitarios en Siria - El Digital de Asturias\" \/>\n\t\t<meta name=\"twitter:description\" content=\"Berl\u00edn, 4 feb (EFE).- La canciller alemana, Angela Merkel, y el primer ministro turco, Recep Tayyip Erdogan, exigieron hoy un r\u00e1pido acuerdo para establecer corredores humanitarios en Siria y criticaron el bloqueo, aunque con distintos matices, que sufre el Consejo de Seguridad de la ONU. La cumbre, en la que tambi\u00e9n se habl\u00f3 del proceso\" \/>\n\t\t<meta name=\"twitter:label1\" content=\"Escrito por\" \/>\n\t\t<meta name=\"twitter:data1\" content=\"El Digital de Asturias\" \/>\n\t\t<meta name=\"twitter:label2\" content=\"Tiempo de lectura estimado\" \/>\n\t\t<meta name=\"twitter:data2\" content=\"4 minutos\" \/>\n\t\t<script type=\"application\/ld+json\" class=\"aioseo-schema\">\n\t\t\t{\"@context\":\"https:\\\/\\\/schema.org\",\"@graph\":[{\"@type\":\"BlogPosting\",\"@id\":\"https:\\\/\\\/www.eldigitaldeasturias.com\\\/noticias\\\/berlin-y-ankara-exigen-un-acuerdo-sobre-los-corredores-humanitarios-en-siria\\\/#blogposting\",\"name\":\"Berl\\u00edn y Ankara exigen un acuerdo sobre los corredores humanitarios en Siria - El Digital de Asturias\",\"headline\":\"Berl\\u00edn y Ankara exigen un acuerdo sobre los corredores humanitarios en Siria\",\"author\":{\"@id\":\"https:\\\/\\\/www.eldigitaldeasturias.com\\\/noticias\\\/author\\\/admin\\\/#author\"},\"publisher\":{\"@id\":\"https:\\\/\\\/www.eldigitaldeasturias.com\\\/noticias\\\/#organization\"},\"image\":{\"@type\":\"ImageObject\",\"url\":483671},\"datePublished\":\"2014-02-05T00:55:06+01:00\",\"dateModified\":\"2014-02-05T00:55:08+01:00\",\"inLanguage\":\"es-ES\",\"mainEntityOfPage\":{\"@id\":\"https:\\\/\\\/www.eldigitaldeasturias.com\\\/noticias\\\/berlin-y-ankara-exigen-un-acuerdo-sobre-los-corredores-humanitarios-en-siria\\\/#webpage\"},\"isPartOf\":{\"@id\":\"https:\\\/\\\/www.eldigitaldeasturias.com\\\/noticias\\\/berlin-y-ankara-exigen-un-acuerdo-sobre-los-corredores-humanitarios-en-siria\\\/#webpage\"},\"articleSection\":\"Actualidad\"},{\"@type\":\"BreadcrumbList\",\"@id\":\"https:\\\/\\\/www.eldigitaldeasturias.com\\\/noticias\\\/berlin-y-ankara-exigen-un-acuerdo-sobre-los-corredores-humanitarios-en-siria\\\/#breadcrumblist\",\"itemListElement\":[{\"@type\":\"ListItem\",\"@id\":\"https:\\\/\\\/www.eldigitaldeasturias.com\\\/noticias#listItem\",\"position\":1,\"name\":\"Home\",\"item\":\"https:\\\/\\\/www.eldigitaldeasturias.com\\\/noticias\",\"nextItem\":{\"@type\":\"ListItem\",\"@id\":\"https:\\\/\\\/www.eldigitaldeasturias.com\\\/noticias\\\/category\\\/actualidad\\\/#listItem\",\"name\":\"Actualidad\"}},{\"@type\":\"ListItem\",\"@id\":\"https:\\\/\\\/www.eldigitaldeasturias.com\\\/noticias\\\/category\\\/actualidad\\\/#listItem\",\"position\":2,\"name\":\"Actualidad\",\"item\":\"https:\\\/\\\/www.eldigitaldeasturias.com\\\/noticias\\\/category\\\/actualidad\\\/\",\"nextItem\":{\"@type\":\"ListItem\",\"@id\":\"https:\\\/\\\/www.eldigitaldeasturias.com\\\/noticias\\\/berlin-y-ankara-exigen-un-acuerdo-sobre-los-corredores-humanitarios-en-siria\\\/#listItem\",\"name\":\"Berl\\u00edn y Ankara exigen un acuerdo sobre los corredores humanitarios en Siria\"},\"previousItem\":{\"@type\":\"ListItem\",\"@id\":\"https:\\\/\\\/www.eldigitaldeasturias.com\\\/noticias#listItem\",\"name\":\"Home\"}},{\"@type\":\"ListItem\",\"@id\":\"https:\\\/\\\/www.eldigitaldeasturias.com\\\/noticias\\\/berlin-y-ankara-exigen-un-acuerdo-sobre-los-corredores-humanitarios-en-siria\\\/#listItem\",\"position\":3,\"name\":\"Berl\\u00edn y Ankara exigen un acuerdo sobre los corredores humanitarios en Siria\",\"previousItem\":{\"@type\":\"ListItem\",\"@id\":\"https:\\\/\\\/www.eldigitaldeasturias.com\\\/noticias\\\/category\\\/actualidad\\\/#listItem\",\"name\":\"Actualidad\"}}]},{\"@type\":\"Organization\",\"@id\":\"https:\\\/\\\/www.eldigitaldeasturias.com\\\/noticias\\\/#organization\",\"name\":\"El Digital de Asturias\",\"description\":\"Hemeroteca\",\"url\":\"https:\\\/\\\/www.eldigitaldeasturias.com\\\/noticias\\\/\",\"email\":\"info@eldigitaldeasturias.com\",\"telephone\":\"+34652131393\",\"logo\":{\"@type\":\"ImageObject\",\"url\":\"https:\\\/\\\/www.eldigitaldeasturias.com\\\/noticias\\\/wp-content\\\/uploads\\\/2020\\\/12\\\/EDA.jpg\",\"@id\":\"https:\\\/\\\/www.eldigitaldeasturias.com\\\/noticias\\\/berlin-y-ankara-exigen-un-acuerdo-sobre-los-corredores-humanitarios-en-siria\\\/#organizationLogo\"},\"image\":{\"@id\":\"https:\\\/\\\/www.eldigitaldeasturias.com\\\/noticias\\\/berlin-y-ankara-exigen-un-acuerdo-sobre-los-corredores-humanitarios-en-siria\\\/#organizationLogo\"},\"sameAs\":[\"https:\\\/\\\/facebook.com\\\/eldigitaldeasturias\",\"https:\\\/\\\/www.youtube.com\\\/channel\\\/UCZP-2wLEB9Rv6erhFmqVnvg\"],\"address\":{\"@id\":\"https:\\\/\\\/www.eldigitaldeasturias.com\\\/noticias\\\/#postaladdress\",\"@type\":\"PostalAddress\",\"streetAddress\":\"san antonio 4\",\"postalCode\":\"33430\",\"addressLocality\":\"Cand\\u00e1s\",\"addressRegion\":\"Asturias\",\"addressCountry\":\"ES\"}},{\"@type\":\"Person\",\"@id\":\"https:\\\/\\\/www.eldigitaldeasturias.com\\\/noticias\\\/author\\\/admin\\\/#author\",\"url\":\"https:\\\/\\\/www.eldigitaldeasturias.com\\\/noticias\\\/author\\\/admin\\\/\",\"name\":\"El Digital de Asturias\",\"image\":{\"@type\":\"ImageObject\",\"@id\":\"https:\\\/\\\/www.eldigitaldeasturias.com\\\/noticias\\\/berlin-y-ankara-exigen-un-acuerdo-sobre-los-corredores-humanitarios-en-siria\\\/#authorImage\",\"url\":\"https:\\\/\\\/secure.gravatar.com\\\/avatar\\\/df2aeffc32bcd13f8d26072ef8a91b623d677766deac7f97ca815868cd41bf5e?s=96&d=mm&r=g\",\"width\":96,\"height\":96,\"caption\":\"El Digital de Asturias\"}},{\"@type\":\"WebPage\",\"@id\":\"https:\\\/\\\/www.eldigitaldeasturias.com\\\/noticias\\\/berlin-y-ankara-exigen-un-acuerdo-sobre-los-corredores-humanitarios-en-siria\\\/#webpage\",\"url\":\"https:\\\/\\\/www.eldigitaldeasturias.com\\\/noticias\\\/berlin-y-ankara-exigen-un-acuerdo-sobre-los-corredores-humanitarios-en-siria\\\/\",\"name\":\"Berl\\u00edn y Ankara exigen un acuerdo sobre los corredores humanitarios en Siria - El Digital de Asturias\",\"description\":\"Berl\\u00edn, 4 feb (EFE).- La canciller alemana, Angela Merkel, y el primer ministro turco, Recep Tayyip Erdogan, exigieron hoy un r\\u00e1pido acuerdo para establecer corredores humanitarios en Siria y criticaron el bloqueo, aunque con distintos matices, que sufre el Consejo de Seguridad de la ONU. La cumbre, en la que tambi\\u00e9n se habl\\u00f3 del proceso\",\"inLanguage\":\"es-ES\",\"isPartOf\":{\"@id\":\"https:\\\/\\\/www.eldigitaldeasturias.com\\\/noticias\\\/#website\"},\"breadcrumb\":{\"@id\":\"https:\\\/\\\/www.eldigitaldeasturias.com\\\/noticias\\\/berlin-y-ankara-exigen-un-acuerdo-sobre-los-corredores-humanitarios-en-siria\\\/#breadcrumblist\"},\"author\":{\"@id\":\"https:\\\/\\\/www.eldigitaldeasturias.com\\\/noticias\\\/author\\\/admin\\\/#author\"},\"creator\":{\"@id\":\"https:\\\/\\\/www.eldigitaldeasturias.com\\\/noticias\\\/author\\\/admin\\\/#author\"},\"image\":{\"@type\":\"ImageObject\",\"url\":483671,\"@id\":\"https:\\\/\\\/www.eldigitaldeasturias.com\\\/noticias\\\/berlin-y-ankara-exigen-un-acuerdo-sobre-los-corredores-humanitarios-en-siria\\\/#mainImage\"},\"primaryImageOfPage\":{\"@id\":\"https:\\\/\\\/www.eldigitaldeasturias.com\\\/noticias\\\/berlin-y-ankara-exigen-un-acuerdo-sobre-los-corredores-humanitarios-en-siria\\\/#mainImage\"},\"datePublished\":\"2014-02-05T00:55:06+01:00\",\"dateModified\":\"2014-02-05T00:55:08+01:00\"},{\"@type\":\"WebSite\",\"@id\":\"https:\\\/\\\/www.eldigitaldeasturias.com\\\/noticias\\\/#website\",\"url\":\"https:\\\/\\\/www.eldigitaldeasturias.com\\\/noticias\\\/\",\"name\":\"El Digital de Asturias - Diario de actualidad y noticias\",\"alternateName\":\"El Digital de Asturias - Diario de actualidad y noticias\",\"description\":\"Hemeroteca\",\"inLanguage\":\"es-ES\",\"publisher\":{\"@id\":\"https:\\\/\\\/www.eldigitaldeasturias.com\\\/noticias\\\/#organization\"}}]}\n\t\t<\/script>\n\t\t<!-- All in One SEO Pro -->\r\n\t\t<title>Berl\u00edn y Ankara exigen un acuerdo sobre los corredores humanitarios en Siria - El Digital de Asturias<\/title>\n\n","aioseo_head_json":{"title":"Berl\u00edn y Ankara exigen un acuerdo sobre los corredores humanitarios en Siria - El Digital de Asturias","description":"Berl\u00edn, 4 feb (EFE).- La canciller alemana, Angela Merkel, y el primer ministro turco, Recep Tayyip Erdogan, exigieron hoy un r\u00e1pido acuerdo para establecer corredores humanitarios en Siria y criticaron el bloqueo, aunque con distintos matices, que sufre el Consejo de Seguridad de la ONU. La cumbre, en la que tambi\u00e9n se habl\u00f3 del proceso","canonical_url":"https:\/\/www.eldigitaldeasturias.com\/noticias\/berlin-y-ankara-exigen-un-acuerdo-sobre-los-corredores-humanitarios-en-siria\/","robots":"max-image-preview:large","keywords":"actualidad","webmasterTools":{"google-site-verification":"UA-38556648-1","msvalidate.01":"7dfe9f3f1b24437ab69f4f2559babe99","miscellaneous":""},"schema":{"@context":"https:\/\/schema.org","@graph":[{"@type":"BlogPosting","@id":"https:\/\/www.eldigitaldeasturias.com\/noticias\/berlin-y-ankara-exigen-un-acuerdo-sobre-los-corredores-humanitarios-en-siria\/#blogposting","name":"Berl\u00edn y Ankara exigen un acuerdo sobre los corredores humanitarios en Siria - El Digital de Asturias","headline":"Berl\u00edn y Ankara exigen un acuerdo sobre los corredores humanitarios en Siria","author":{"@id":"https:\/\/www.eldigitaldeasturias.com\/noticias\/author\/admin\/#author"},"publisher":{"@id":"https:\/\/www.eldigitaldeasturias.com\/noticias\/#organization"},"image":{"@type":"ImageObject","url":483671},"datePublished":"2014-02-05T00:55:06+01:00","dateModified":"2014-02-05T00:55:08+01:00","inLanguage":"es-ES","mainEntityOfPage":{"@id":"https:\/\/www.eldigitaldeasturias.com\/noticias\/berlin-y-ankara-exigen-un-acuerdo-sobre-los-corredores-humanitarios-en-siria\/#webpage"},"isPartOf":{"@id":"https:\/\/www.eldigitaldeasturias.com\/noticias\/berlin-y-ankara-exigen-un-acuerdo-sobre-los-corredores-humanitarios-en-siria\/#webpage"},"articleSection":"Actualidad"},{"@type":"BreadcrumbList","@id":"https:\/\/www.eldigitaldeasturias.com\/noticias\/berlin-y-ankara-exigen-un-acuerdo-sobre-los-corredores-humanitarios-en-siria\/#breadcrumblist","itemListElement":[{"@type":"ListItem","@id":"https:\/\/www.eldigitaldeasturias.com\/noticias#listItem","position":1,"name":"Home","item":"https:\/\/www.eldigitaldeasturias.com\/noticias","nextItem":{"@type":"ListItem","@id":"https:\/\/www.eldigitaldeasturias.com\/noticias\/category\/actualidad\/#listItem","name":"Actualidad"}},{"@type":"ListItem","@id":"https:\/\/www.eldigitaldeasturias.com\/noticias\/category\/actualidad\/#listItem","position":2,"name":"Actualidad","item":"https:\/\/www.eldigitaldeasturias.com\/noticias\/category\/actualidad\/","nextItem":{"@type":"ListItem","@id":"https:\/\/www.eldigitaldeasturias.com\/noticias\/berlin-y-ankara-exigen-un-acuerdo-sobre-los-corredores-humanitarios-en-siria\/#listItem","name":"Berl\u00edn y Ankara exigen un acuerdo sobre los corredores humanitarios en Siria"},"previousItem":{"@type":"ListItem","@id":"https:\/\/www.eldigitaldeasturias.com\/noticias#listItem","name":"Home"}},{"@type":"ListItem","@id":"https:\/\/www.eldigitaldeasturias.com\/noticias\/berlin-y-ankara-exigen-un-acuerdo-sobre-los-corredores-humanitarios-en-siria\/#listItem","position":3,"name":"Berl\u00edn y Ankara exigen un acuerdo sobre los corredores humanitarios en Siria","previousItem":{"@type":"ListItem","@id":"https:\/\/www.eldigitaldeasturias.com\/noticias\/category\/actualidad\/#listItem","name":"Actualidad"}}]},{"@type":"Organization","@id":"https:\/\/www.eldigitaldeasturias.com\/noticias\/#organization","name":"El Digital de Asturias","description":"Hemeroteca","url":"https:\/\/www.eldigitaldeasturias.com\/noticias\/","email":"info@eldigitaldeasturias.com","telephone":"+34652131393","logo":{"@type":"ImageObject","url":"https:\/\/www.eldigitaldeasturias.com\/noticias\/wp-content\/uploads\/2020\/12\/EDA.jpg","@id":"https:\/\/www.eldigitaldeasturias.com\/noticias\/berlin-y-ankara-exigen-un-acuerdo-sobre-los-corredores-humanitarios-en-siria\/#organizationLogo"},"image":{"@id":"https:\/\/www.eldigitaldeasturias.com\/noticias\/berlin-y-ankara-exigen-un-acuerdo-sobre-los-corredores-humanitarios-en-siria\/#organizationLogo"},"sameAs":["https:\/\/facebook.com\/eldigitaldeasturias","https:\/\/www.youtube.com\/channel\/UCZP-2wLEB9Rv6erhFmqVnvg"],"address":{"@id":"https:\/\/www.eldigitaldeasturias.com\/noticias\/#postaladdress","@type":"PostalAddress","streetAddress":"san antonio 4","postalCode":"33430","addressLocality":"Cand\u00e1s","addressRegion":"Asturias","addressCountry":"ES"}},{"@type":"Person","@id":"https:\/\/www.eldigitaldeasturias.com\/noticias\/author\/admin\/#author","url":"https:\/\/www.eldigitaldeasturias.com\/noticias\/author\/admin\/","name":"El Digital de Asturias","image":{"@type":"ImageObject","@id":"https:\/\/www.eldigitaldeasturias.com\/noticias\/berlin-y-ankara-exigen-un-acuerdo-sobre-los-corredores-humanitarios-en-siria\/#authorImage","url":"https:\/\/secure.gravatar.com\/avatar\/df2aeffc32bcd13f8d26072ef8a91b623d677766deac7f97ca815868cd41bf5e?s=96&d=mm&r=g","width":96,"height":96,"caption":"El Digital de Asturias"}},{"@type":"WebPage","@id":"https:\/\/www.eldigitaldeasturias.com\/noticias\/berlin-y-ankara-exigen-un-acuerdo-sobre-los-corredores-humanitarios-en-siria\/#webpage","url":"https:\/\/www.eldigitaldeasturias.com\/noticias\/berlin-y-ankara-exigen-un-acuerdo-sobre-los-corredores-humanitarios-en-siria\/","name":"Berl\u00edn y Ankara exigen un acuerdo sobre los corredores humanitarios en Siria - El Digital de Asturias","description":"Berl\u00edn, 4 feb (EFE).- La canciller alemana, Angela Merkel, y el primer ministro turco, Recep Tayyip Erdogan, exigieron hoy un r\u00e1pido acuerdo para establecer corredores humanitarios en Siria y criticaron el bloqueo, aunque con distintos matices, que sufre el Consejo de Seguridad de la ONU. La cumbre, en la que tambi\u00e9n se habl\u00f3 del proceso","inLanguage":"es-ES","isPartOf":{"@id":"https:\/\/www.eldigitaldeasturias.com\/noticias\/#website"},"breadcrumb":{"@id":"https:\/\/www.eldigitaldeasturias.com\/noticias\/berlin-y-ankara-exigen-un-acuerdo-sobre-los-corredores-humanitarios-en-siria\/#breadcrumblist"},"author":{"@id":"https:\/\/www.eldigitaldeasturias.com\/noticias\/author\/admin\/#author"},"creator":{"@id":"https:\/\/www.eldigitaldeasturias.com\/noticias\/author\/admin\/#author"},"image":{"@type":"ImageObject","url":483671,"@id":"https:\/\/www.eldigitaldeasturias.com\/noticias\/berlin-y-ankara-exigen-un-acuerdo-sobre-los-corredores-humanitarios-en-siria\/#mainImage"},"primaryImageOfPage":{"@id":"https:\/\/www.eldigitaldeasturias.com\/noticias\/berlin-y-ankara-exigen-un-acuerdo-sobre-los-corredores-humanitarios-en-siria\/#mainImage"},"datePublished":"2014-02-05T00:55:06+01:00","dateModified":"2014-02-05T00:55:08+01:00"},{"@type":"WebSite","@id":"https:\/\/www.eldigitaldeasturias.com\/noticias\/#website","url":"https:\/\/www.eldigitaldeasturias.com\/noticias\/","name":"El Digital de Asturias - Diario de actualidad y noticias","alternateName":"El Digital de Asturias - Diario de actualidad y noticias","description":"Hemeroteca","inLanguage":"es-ES","publisher":{"@id":"https:\/\/www.eldigitaldeasturias.com\/noticias\/#organization"}}]},"og:locale":"es_ES","og:site_name":"El Digital de Asturias","og:type":"article","og:title":"Berl\u00edn y Ankara exigen un acuerdo sobre los corredores humanitarios en Siria - El Digital de Asturias","og:description":"Berl\u00edn, 4 feb (EFE).- La canciller alemana, Angela Merkel, y el primer ministro turco, Recep Tayyip Erdogan, exigieron hoy un r\u00e1pido acuerdo para establecer corredores humanitarios en Siria y criticaron el bloqueo, aunque con distintos matices, que sufre el Consejo de Seguridad de la ONU. La cumbre, en la que tambi\u00e9n se habl\u00f3 del proceso","og:url":"https:\/\/www.eldigitaldeasturias.com\/noticias\/berlin-y-ankara-exigen-un-acuerdo-sobre-los-corredores-humanitarios-en-siria\/","article:tag":["actualidad"],"article:published_time":"2014-02-05T01:55:06+00:00","article:modified_time":"2014-02-05T01:55:08+00:00","article:publisher":"https:\/\/facebook.com\/eldigitaldeasturias","twitter:card":"summary_large_image","twitter:title":"Berl\u00edn y Ankara exigen un acuerdo sobre los corredores humanitarios en Siria - El Digital de Asturias","twitter:description":"Berl\u00edn, 4 feb (EFE).- La canciller alemana, Angela Merkel, y el primer ministro turco, Recep Tayyip Erdogan, exigieron hoy un r\u00e1pido acuerdo para establecer corredores humanitarios en Siria y criticaron el bloqueo, aunque con distintos matices, que sufre el Consejo de Seguridad de la ONU. La cumbre, en la que tambi\u00e9n se habl\u00f3 del proceso","twitter:label1":"Escrito por","twitter:data1":"El Digital de Asturias","twitter:label2":"Tiempo de lectura estimado","twitter:data2":"4 minutos"},"aioseo_meta_data":{"post_id":"483670","title":null,"description":null,"keywords":null,"keyphrases":null,"primary_term":null,"canonical_url":null,"og_title":null,"og_description":null,"og_object_type":"default","og_image_type":"default","og_image_url":null,"og_image_width":null,"og_image_height":null,"og_image_custom_url":null,"og_image_custom_fields":null,"og_video":null,"og_custom_url":null,"og_article_section":null,"og_article_tags":null,"twitter_use_og":true,"twitter_card":"default","twitter_image_type":"default","twitter_image_url":null,"twitter_image_custom_url":null,"twitter_image_custom_fields":null,"twitter_title":null,"twitter_description":null,"schema":{"blockGraphs":[],"customGraphs":[],"default":{"data":{"Article":[],"Course":[],"Dataset":[],"FAQPage":[],"Movie":[],"Person":[],"Product":[],"ProductReview":[],"Car":[],"Recipe":[],"Service":[],"SoftwareApplication":[],"WebPage":[]},"graphName":"","isEnabled":true},"graphs":[],"defaultGraph":"","defaultPostTypeGraph":""},"schema_type":null,"schema_type_options":null,"pillar_content":false,"robots_default":true,"robots_noindex":false,"robots_noarchive":false,"robots_nosnippet":false,"robots_nofollow":false,"robots_noimageindex":false,"robots_noodp":false,"robots_notranslate":false,"robots_max_snippet":null,"robots_max_videopreview":null,"robots_max_imagepreview":"none","priority":null,"frequency":null,"local_seo":null,"seo_analyzer_scan_date":"2026-06-02 13:32:55","breadcrumb_settings":null,"limit_modified_date":false,"open_ai":null,"ai":null,"created":"2020-11-14 22:54:50","updated":"2026-06-02 13:32:55","focus_keyword":null,"additional_keywords":null,"truseo_locale":null},"aioseo_breadcrumb":"<div class=\"aioseo-breadcrumbs\"><span class=\"aioseo-breadcrumb\">\n\t<a href=\"https:\/\/www.eldigitaldeasturias.com\/noticias\" title=\"Home\">Home<\/a>\n<\/span><span class=\"aioseo-breadcrumb-separator\">\u2013<\/span><span class=\"aioseo-breadcrumb\">\n\t<a href=\"https:\/\/www.eldigitaldeasturias.com\/noticias\/category\/actualidad\/\" title=\"Actualidad\">Actualidad<\/a>\n<\/span><span class=\"aioseo-breadcrumb-separator\">\u2013<\/span><span class=\"aioseo-breadcrumb\">\n\t<a href=\"https:\/\/www.eldigitaldeasturias.com\/noticias\/berlin-y-ankara-exigen-un-acuerdo-sobre-los-corredores-humanitarios-en-siria\/\" title=\"Berl\u00edn y Ankara exigen un acuerdo sobre los corredores humanitarios en Siria\">Berl\u00edn y Ankara exigen un acuerdo sobre los corredores humanitarios en Siria<\/a>\n<\/span><\/div>","aioseo_breadcrumb_json":[{"label":"Home","link":"https:\/\/www.eldigitaldeasturias.com\/noticias"},{"label":"Actualidad","link":"https:\/\/www.eldigitaldeasturias.com\/noticias\/category\/actualidad\/"},{"label":"Berl\u00edn y Ankara exigen un acuerdo sobre los corredores humanitarios en Siria","link":"https:\/\/www.eldigitaldeasturias.com\/noticias\/berlin-y-ankara-exigen-un-acuerdo-sobre-los-corredores-humanitarios-en-siria\/"}],"_links":{"self":[{"href":"https:\/\/www.eldigitaldeasturias.com\/noticias\/wp-json\/wp\/v2\/posts\/483670","targetHints":{"allow":["GET"]}}],"collection":[{"href":"https:\/\/www.eldigitaldeasturias.com\/noticias\/wp-json\/wp\/v2\/posts"}],"about":[{"href":"https:\/\/www.eldigitaldeasturias.com\/noticias\/wp-json\/wp\/v2\/types\/post"}],"author":[{"embeddable":true,"href":"https:\/\/www.eldigitaldeasturias.com\/noticias\/wp-json\/wp\/v2\/users\/1"}],"replies":[{"embeddable":true,"href":"https:\/\/www.eldigitaldeasturias.com\/noticias\/wp-json\/wp\/v2\/comments?post=483670"}],"version-history":[{"count":0,"href":"https:\/\/www.eldigitaldeasturias.com\/noticias\/wp-json\/wp\/v2\/posts\/483670\/revisions"}],"wp:attachment":[{"href":"https:\/\/www.eldigitaldeasturias.com\/noticias\/wp-json\/wp\/v2\/media?parent=483670"}],"wp:term":[{"taxonomy":"category","embeddable":true,"href":"https:\/\/www.eldigitaldeasturias.com\/noticias\/wp-json\/wp\/v2\/categories?post=483670"},{"taxonomy":"post_tag","embeddable":true,"href":"https:\/\/www.eldigitaldeasturias.com\/noticias\/wp-json\/wp\/v2\/tags?post=483670"}],"curies":[{"name":"wp","href":"https:\/\/api.w.org\/{rel}","templated":true}]}}