{"id":483661,"date":"2014-02-05T00:50:30","date_gmt":"2014-02-05T01:50:30","guid":{"rendered":"http:\/\/www.eldigitaldeasturias.com\/noticias\/?p=483661"},"modified":"2014-02-05T00:50:30","modified_gmt":"2014-02-05T01:50:30","slug":"galicia-ha-perdido-931-autonomos-en-enero","status":"publish","type":"post","link":"https:\/\/www.eldigitaldeasturias.com\/noticias\/galicia-ha-perdido-931-autonomos-en-enero\/","title":{"rendered":"Galicia ha perdido 931 aut\u00f3nomos en enero"},"content":{"rendered":"<p><img loading=\"lazy\" decoding=\"async\" class=\"alignleft size-medium wp-image-483662\" alt=\"5908962w\" src=\"https:\/\/www.eldigitaldeasturias.com\/noticias\/wp-content\/uploads\/2014\/02\/5908962w-360x238.jpg\" width=\"360\" height=\"238\" \/>Santiago de Compostela, 4 feb (EFE).- Galicia ha perdido en el mes de enero un total de 931 aut\u00f3nomos, un 0,4 por ciento, hasta situarse en 213.442, seg\u00fan la Asociaci\u00f3n de Trabajadores Aut\u00f3nomos Galicia (ATA).<\/p>\n<p>Por provincias, Pontevedra es la que ha descendido m\u00e1s su n\u00famero de trabajadores por cuenta propia, con 376 menos (0,6%); seguida de Ourense (-146, -0,6%), A Coru\u00f1a (-306, -0,4%) y Lugo (-104, -0,3%).<\/p>\n<p>Todos los sectores han visto descender su n\u00famero de afiliados en Galicia, especialmente la Construcci\u00f3n (-1%), Actividades Art\u00edsticas (-0,9%), Hosteler\u00eda (-0,7%), Actividades Administrativas (-0,5%), Comercio (-0,4%), Agricultura (-0,3%) y Transporte (-0,3%).<\/p>\n","protected":false},"excerpt":{"rendered":"<p>Santiago de Compostela, 4 feb (EFE).- Galicia ha perdido en el mes de enero un total de 931 aut\u00f3nomos, un 0,4 por ciento, hasta situarse en 213.442, seg\u00fan la Asociaci\u00f3n de Trabajadores Aut\u00f3nomos Galicia (ATA). Por provincias, Pontevedra es la que ha descendido m\u00e1s su n\u00famero de trabajadores por cuenta propia, con 376 menos (0,6%); [&hellip;]<\/p>\n","protected":false},"author":1,"featured_media":483662,"comment_status":"closed","ping_status":"open","sticky":false,"template":"","format":"standard","meta":{"footnotes":""},"categories":[1],"tags":[],"class_list":["post-483661","post","type-post","status-publish","format-standard","has-post-thumbnail","hentry","category-actualidad"],"aioseo_notices":[],"aioseo_head":"\n\t\t<!-- All in One SEO Pro 5.0.1 - aioseo.com -->\n\t<meta name=\"description\" content=\"Santiago de Compostela, 4 feb (EFE).- Galicia ha perdido en el mes de enero un total de 931 aut\u00f3nomos, un 0,4 por ciento, hasta situarse en 213.442, seg\u00fan la Asociaci\u00f3n de Trabajadores Aut\u00f3nomos Galicia (ATA). Por provincias, Pontevedra es la que ha descendido m\u00e1s su n\u00famero de trabajadores por cuenta propia, con 376 menos (0,6%);\" \/>\n\t<meta name=\"robots\" content=\"max-image-preview:large\" \/>\n\t<meta name=\"author\" content=\"El Digital de Asturias\"\/>\n\t<meta name=\"google-site-verification\" content=\"UA-38556648-1\" \/>\n\t<meta name=\"msvalidate.01\" content=\"7dfe9f3f1b24437ab69f4f2559babe99\" \/>\n\t<meta name=\"keywords\" content=\"actualidad\" \/>\n\t<link rel=\"canonical\" href=\"https:\/\/www.eldigitaldeasturias.com\/noticias\/galicia-ha-perdido-931-autonomos-en-enero\/\" \/>\n\t<meta name=\"generator\" content=\"All in One SEO Pro (AIOSEO) 5.0.1\" \/>\n\t\t<meta property=\"og:locale\" content=\"es_ES\" \/>\n\t\t<meta property=\"og:site_name\" content=\"El Digital de Asturias\" \/>\n\t\t<meta property=\"og:type\" content=\"article\" \/>\n\t\t<meta property=\"og:title\" content=\"Galicia ha perdido 931 aut\u00f3nomos en enero - El Digital de Asturias\" \/>\n\t\t<meta property=\"og:description\" content=\"Santiago de Compostela, 4 feb (EFE).- Galicia ha perdido en el mes de enero un total de 931 aut\u00f3nomos, un 0,4 por ciento, hasta situarse en 213.442, seg\u00fan la Asociaci\u00f3n de Trabajadores Aut\u00f3nomos Galicia (ATA). Por provincias, Pontevedra es la que ha descendido m\u00e1s su n\u00famero de trabajadores por cuenta propia, con 376 menos (0,6%);\" \/>\n\t\t<meta property=\"og:url\" content=\"https:\/\/www.eldigitaldeasturias.com\/noticias\/galicia-ha-perdido-931-autonomos-en-enero\/\" \/>\n\t\t<meta property=\"article:tag\" content=\"actualidad\" \/>\n\t\t<meta property=\"article:published_time\" content=\"2014-02-05T01:50:30+00:00\" \/>\n\t\t<meta property=\"article:modified_time\" content=\"2014-02-05T01:50:30+00:00\" \/>\n\t\t<meta property=\"article:publisher\" content=\"https:\/\/facebook.com\/eldigitaldeasturias\" \/>\n\t\t<meta name=\"twitter:card\" content=\"summary_large_image\" \/>\n\t\t<meta name=\"twitter:title\" content=\"Galicia ha perdido 931 aut\u00f3nomos en enero - El Digital de Asturias\" \/>\n\t\t<meta name=\"twitter:description\" content=\"Santiago de Compostela, 4 feb (EFE).- Galicia ha perdido en el mes de enero un total de 931 aut\u00f3nomos, un 0,4 por ciento, hasta situarse en 213.442, seg\u00fan la Asociaci\u00f3n de Trabajadores Aut\u00f3nomos Galicia (ATA). Por provincias, Pontevedra es la que ha descendido m\u00e1s su n\u00famero de trabajadores por cuenta propia, con 376 menos (0,6%);\" \/>\n\t\t<meta name=\"twitter:label1\" content=\"Escrito por\" \/>\n\t\t<meta name=\"twitter:data1\" content=\"El Digital de Asturias\" \/>\n\t\t<meta name=\"twitter:label2\" content=\"Tiempo de lectura estimado\" \/>\n\t\t<meta name=\"twitter:data2\" content=\"1 minuto\" \/>\n\t\t<script type=\"application\/ld+json\" class=\"aioseo-schema\">\n\t\t\t{\"@context\":\"https:\\\/\\\/schema.org\",\"@graph\":[{\"@type\":\"BlogPosting\",\"@id\":\"https:\\\/\\\/www.eldigitaldeasturias.com\\\/noticias\\\/galicia-ha-perdido-931-autonomos-en-enero\\\/#blogposting\",\"name\":\"Galicia ha perdido 931 aut\\u00f3nomos en enero - El Digital de Asturias\",\"headline\":\"Galicia ha perdido 931 aut\\u00f3nomos en enero\",\"author\":{\"@id\":\"https:\\\/\\\/www.eldigitaldeasturias.com\\\/noticias\\\/author\\\/admin\\\/#author\"},\"publisher\":{\"@id\":\"https:\\\/\\\/www.eldigitaldeasturias.com\\\/noticias\\\/#organization\"},\"image\":{\"@type\":\"ImageObject\",\"url\":483662},\"datePublished\":\"2014-02-05T00:50:30+01:00\",\"dateModified\":\"2014-02-05T00:50:30+01:00\",\"inLanguage\":\"es-ES\",\"mainEntityOfPage\":{\"@id\":\"https:\\\/\\\/www.eldigitaldeasturias.com\\\/noticias\\\/galicia-ha-perdido-931-autonomos-en-enero\\\/#webpage\"},\"isPartOf\":{\"@id\":\"https:\\\/\\\/www.eldigitaldeasturias.com\\\/noticias\\\/galicia-ha-perdido-931-autonomos-en-enero\\\/#webpage\"},\"articleSection\":\"Actualidad\"},{\"@type\":\"BreadcrumbList\",\"@id\":\"https:\\\/\\\/www.eldigitaldeasturias.com\\\/noticias\\\/galicia-ha-perdido-931-autonomos-en-enero\\\/#breadcrumblist\",\"itemListElement\":[{\"@type\":\"ListItem\",\"@id\":\"https:\\\/\\\/www.eldigitaldeasturias.com\\\/noticias#listItem\",\"position\":1,\"name\":\"Home\",\"item\":\"https:\\\/\\\/www.eldigitaldeasturias.com\\\/noticias\",\"nextItem\":{\"@type\":\"ListItem\",\"@id\":\"https:\\\/\\\/www.eldigitaldeasturias.com\\\/noticias\\\/category\\\/actualidad\\\/#listItem\",\"name\":\"Actualidad\"}},{\"@type\":\"ListItem\",\"@id\":\"https:\\\/\\\/www.eldigitaldeasturias.com\\\/noticias\\\/category\\\/actualidad\\\/#listItem\",\"position\":2,\"name\":\"Actualidad\",\"item\":\"https:\\\/\\\/www.eldigitaldeasturias.com\\\/noticias\\\/category\\\/actualidad\\\/\",\"nextItem\":{\"@type\":\"ListItem\",\"@id\":\"https:\\\/\\\/www.eldigitaldeasturias.com\\\/noticias\\\/galicia-ha-perdido-931-autonomos-en-enero\\\/#listItem\",\"name\":\"Galicia ha perdido 931 aut\\u00f3nomos en enero\"},\"previousItem\":{\"@type\":\"ListItem\",\"@id\":\"https:\\\/\\\/www.eldigitaldeasturias.com\\\/noticias#listItem\",\"name\":\"Home\"}},{\"@type\":\"ListItem\",\"@id\":\"https:\\\/\\\/www.eldigitaldeasturias.com\\\/noticias\\\/galicia-ha-perdido-931-autonomos-en-enero\\\/#listItem\",\"position\":3,\"name\":\"Galicia ha perdido 931 aut\\u00f3nomos en enero\",\"previousItem\":{\"@type\":\"ListItem\",\"@id\":\"https:\\\/\\\/www.eldigitaldeasturias.com\\\/noticias\\\/category\\\/actualidad\\\/#listItem\",\"name\":\"Actualidad\"}}]},{\"@type\":\"Organization\",\"@id\":\"https:\\\/\\\/www.eldigitaldeasturias.com\\\/noticias\\\/#organization\",\"name\":\"El Digital de Asturias\",\"description\":\"Hemeroteca\",\"url\":\"https:\\\/\\\/www.eldigitaldeasturias.com\\\/noticias\\\/\",\"email\":\"info@eldigitaldeasturias.com\",\"telephone\":\"+34652131393\",\"logo\":{\"@type\":\"ImageObject\",\"url\":\"https:\\\/\\\/www.eldigitaldeasturias.com\\\/noticias\\\/wp-content\\\/uploads\\\/2020\\\/12\\\/EDA.jpg\",\"@id\":\"https:\\\/\\\/www.eldigitaldeasturias.com\\\/noticias\\\/galicia-ha-perdido-931-autonomos-en-enero\\\/#organizationLogo\"},\"image\":{\"@id\":\"https:\\\/\\\/www.eldigitaldeasturias.com\\\/noticias\\\/galicia-ha-perdido-931-autonomos-en-enero\\\/#organizationLogo\"},\"sameAs\":[\"https:\\\/\\\/facebook.com\\\/eldigitaldeasturias\",\"https:\\\/\\\/www.youtube.com\\\/channel\\\/UCZP-2wLEB9Rv6erhFmqVnvg\"],\"address\":{\"@id\":\"https:\\\/\\\/www.eldigitaldeasturias.com\\\/noticias\\\/#postaladdress\",\"@type\":\"PostalAddress\",\"streetAddress\":\"san antonio 4\",\"postalCode\":\"33430\",\"addressLocality\":\"Cand\\u00e1s\",\"addressRegion\":\"Asturias\",\"addressCountry\":\"ES\"}},{\"@type\":\"Person\",\"@id\":\"https:\\\/\\\/www.eldigitaldeasturias.com\\\/noticias\\\/author\\\/admin\\\/#author\",\"url\":\"https:\\\/\\\/www.eldigitaldeasturias.com\\\/noticias\\\/author\\\/admin\\\/\",\"name\":\"El Digital de Asturias\",\"image\":{\"@type\":\"ImageObject\",\"@id\":\"https:\\\/\\\/www.eldigitaldeasturias.com\\\/noticias\\\/galicia-ha-perdido-931-autonomos-en-enero\\\/#authorImage\",\"url\":\"https:\\\/\\\/secure.gravatar.com\\\/avatar\\\/df2aeffc32bcd13f8d26072ef8a91b623d677766deac7f97ca815868cd41bf5e?s=96&d=mm&r=g\",\"width\":96,\"height\":96,\"caption\":\"El Digital de Asturias\"}},{\"@type\":\"WebPage\",\"@id\":\"https:\\\/\\\/www.eldigitaldeasturias.com\\\/noticias\\\/galicia-ha-perdido-931-autonomos-en-enero\\\/#webpage\",\"url\":\"https:\\\/\\\/www.eldigitaldeasturias.com\\\/noticias\\\/galicia-ha-perdido-931-autonomos-en-enero\\\/\",\"name\":\"Galicia ha perdido 931 aut\\u00f3nomos en enero - El Digital de Asturias\",\"description\":\"Santiago de Compostela, 4 feb (EFE).- Galicia ha perdido en el mes de enero un total de 931 aut\\u00f3nomos, un 0,4 por ciento, hasta situarse en 213.442, seg\\u00fan la Asociaci\\u00f3n de Trabajadores Aut\\u00f3nomos Galicia (ATA). Por provincias, Pontevedra es la que ha descendido m\\u00e1s su n\\u00famero de trabajadores por cuenta propia, con 376 menos (0,6%);\",\"inLanguage\":\"es-ES\",\"isPartOf\":{\"@id\":\"https:\\\/\\\/www.eldigitaldeasturias.com\\\/noticias\\\/#website\"},\"breadcrumb\":{\"@id\":\"https:\\\/\\\/www.eldigitaldeasturias.com\\\/noticias\\\/galicia-ha-perdido-931-autonomos-en-enero\\\/#breadcrumblist\"},\"author\":{\"@id\":\"https:\\\/\\\/www.eldigitaldeasturias.com\\\/noticias\\\/author\\\/admin\\\/#author\"},\"creator\":{\"@id\":\"https:\\\/\\\/www.eldigitaldeasturias.com\\\/noticias\\\/author\\\/admin\\\/#author\"},\"image\":{\"@type\":\"ImageObject\",\"url\":483662,\"@id\":\"https:\\\/\\\/www.eldigitaldeasturias.com\\\/noticias\\\/galicia-ha-perdido-931-autonomos-en-enero\\\/#mainImage\"},\"primaryImageOfPage\":{\"@id\":\"https:\\\/\\\/www.eldigitaldeasturias.com\\\/noticias\\\/galicia-ha-perdido-931-autonomos-en-enero\\\/#mainImage\"},\"datePublished\":\"2014-02-05T00:50:30+01:00\",\"dateModified\":\"2014-02-05T00:50:30+01:00\"},{\"@type\":\"WebSite\",\"@id\":\"https:\\\/\\\/www.eldigitaldeasturias.com\\\/noticias\\\/#website\",\"url\":\"https:\\\/\\\/www.eldigitaldeasturias.com\\\/noticias\\\/\",\"name\":\"El Digital de Asturias - Diario de actualidad y noticias\",\"alternateName\":\"El Digital de Asturias - Diario de actualidad y noticias\",\"description\":\"Hemeroteca\",\"inLanguage\":\"es-ES\",\"publisher\":{\"@id\":\"https:\\\/\\\/www.eldigitaldeasturias.com\\\/noticias\\\/#organization\"}}]}\n\t\t<\/script>\n\t\t<!-- All in One SEO Pro -->\r\n\t\t<title>Galicia ha perdido 931 aut\u00f3nomos en enero - El Digital de Asturias<\/title>\n\n","aioseo_head_json":{"title":"Galicia ha perdido 931 aut\u00f3nomos en enero - El Digital de Asturias","description":"Santiago de Compostela, 4 feb (EFE).- Galicia ha perdido en el mes de enero un total de 931 aut\u00f3nomos, un 0,4 por ciento, hasta situarse en 213.442, seg\u00fan la Asociaci\u00f3n de Trabajadores Aut\u00f3nomos Galicia (ATA). Por provincias, Pontevedra es la que ha descendido m\u00e1s su n\u00famero de trabajadores por cuenta propia, con 376 menos (0,6%);","canonical_url":"https:\/\/www.eldigitaldeasturias.com\/noticias\/galicia-ha-perdido-931-autonomos-en-enero\/","robots":"max-image-preview:large","keywords":"actualidad","webmasterTools":{"google-site-verification":"UA-38556648-1","msvalidate.01":"7dfe9f3f1b24437ab69f4f2559babe99","miscellaneous":""},"schema":{"@context":"https:\/\/schema.org","@graph":[{"@type":"BlogPosting","@id":"https:\/\/www.eldigitaldeasturias.com\/noticias\/galicia-ha-perdido-931-autonomos-en-enero\/#blogposting","name":"Galicia ha perdido 931 aut\u00f3nomos en enero - El Digital de Asturias","headline":"Galicia ha perdido 931 aut\u00f3nomos en enero","author":{"@id":"https:\/\/www.eldigitaldeasturias.com\/noticias\/author\/admin\/#author"},"publisher":{"@id":"https:\/\/www.eldigitaldeasturias.com\/noticias\/#organization"},"image":{"@type":"ImageObject","url":483662},"datePublished":"2014-02-05T00:50:30+01:00","dateModified":"2014-02-05T00:50:30+01:00","inLanguage":"es-ES","mainEntityOfPage":{"@id":"https:\/\/www.eldigitaldeasturias.com\/noticias\/galicia-ha-perdido-931-autonomos-en-enero\/#webpage"},"isPartOf":{"@id":"https:\/\/www.eldigitaldeasturias.com\/noticias\/galicia-ha-perdido-931-autonomos-en-enero\/#webpage"},"articleSection":"Actualidad"},{"@type":"BreadcrumbList","@id":"https:\/\/www.eldigitaldeasturias.com\/noticias\/galicia-ha-perdido-931-autonomos-en-enero\/#breadcrumblist","itemListElement":[{"@type":"ListItem","@id":"https:\/\/www.eldigitaldeasturias.com\/noticias#listItem","position":1,"name":"Home","item":"https:\/\/www.eldigitaldeasturias.com\/noticias","nextItem":{"@type":"ListItem","@id":"https:\/\/www.eldigitaldeasturias.com\/noticias\/category\/actualidad\/#listItem","name":"Actualidad"}},{"@type":"ListItem","@id":"https:\/\/www.eldigitaldeasturias.com\/noticias\/category\/actualidad\/#listItem","position":2,"name":"Actualidad","item":"https:\/\/www.eldigitaldeasturias.com\/noticias\/category\/actualidad\/","nextItem":{"@type":"ListItem","@id":"https:\/\/www.eldigitaldeasturias.com\/noticias\/galicia-ha-perdido-931-autonomos-en-enero\/#listItem","name":"Galicia ha perdido 931 aut\u00f3nomos en enero"},"previousItem":{"@type":"ListItem","@id":"https:\/\/www.eldigitaldeasturias.com\/noticias#listItem","name":"Home"}},{"@type":"ListItem","@id":"https:\/\/www.eldigitaldeasturias.com\/noticias\/galicia-ha-perdido-931-autonomos-en-enero\/#listItem","position":3,"name":"Galicia ha perdido 931 aut\u00f3nomos en enero","previousItem":{"@type":"ListItem","@id":"https:\/\/www.eldigitaldeasturias.com\/noticias\/category\/actualidad\/#listItem","name":"Actualidad"}}]},{"@type":"Organization","@id":"https:\/\/www.eldigitaldeasturias.com\/noticias\/#organization","name":"El Digital de Asturias","description":"Hemeroteca","url":"https:\/\/www.eldigitaldeasturias.com\/noticias\/","email":"info@eldigitaldeasturias.com","telephone":"+34652131393","logo":{"@type":"ImageObject","url":"https:\/\/www.eldigitaldeasturias.com\/noticias\/wp-content\/uploads\/2020\/12\/EDA.jpg","@id":"https:\/\/www.eldigitaldeasturias.com\/noticias\/galicia-ha-perdido-931-autonomos-en-enero\/#organizationLogo"},"image":{"@id":"https:\/\/www.eldigitaldeasturias.com\/noticias\/galicia-ha-perdido-931-autonomos-en-enero\/#organizationLogo"},"sameAs":["https:\/\/facebook.com\/eldigitaldeasturias","https:\/\/www.youtube.com\/channel\/UCZP-2wLEB9Rv6erhFmqVnvg"],"address":{"@id":"https:\/\/www.eldigitaldeasturias.com\/noticias\/#postaladdress","@type":"PostalAddress","streetAddress":"san antonio 4","postalCode":"33430","addressLocality":"Cand\u00e1s","addressRegion":"Asturias","addressCountry":"ES"}},{"@type":"Person","@id":"https:\/\/www.eldigitaldeasturias.com\/noticias\/author\/admin\/#author","url":"https:\/\/www.eldigitaldeasturias.com\/noticias\/author\/admin\/","name":"El Digital de Asturias","image":{"@type":"ImageObject","@id":"https:\/\/www.eldigitaldeasturias.com\/noticias\/galicia-ha-perdido-931-autonomos-en-enero\/#authorImage","url":"https:\/\/secure.gravatar.com\/avatar\/df2aeffc32bcd13f8d26072ef8a91b623d677766deac7f97ca815868cd41bf5e?s=96&d=mm&r=g","width":96,"height":96,"caption":"El Digital de Asturias"}},{"@type":"WebPage","@id":"https:\/\/www.eldigitaldeasturias.com\/noticias\/galicia-ha-perdido-931-autonomos-en-enero\/#webpage","url":"https:\/\/www.eldigitaldeasturias.com\/noticias\/galicia-ha-perdido-931-autonomos-en-enero\/","name":"Galicia ha perdido 931 aut\u00f3nomos en enero - El Digital de Asturias","description":"Santiago de Compostela, 4 feb (EFE).- Galicia ha perdido en el mes de enero un total de 931 aut\u00f3nomos, un 0,4 por ciento, hasta situarse en 213.442, seg\u00fan la Asociaci\u00f3n de Trabajadores Aut\u00f3nomos Galicia (ATA). Por provincias, Pontevedra es la que ha descendido m\u00e1s su n\u00famero de trabajadores por cuenta propia, con 376 menos (0,6%);","inLanguage":"es-ES","isPartOf":{"@id":"https:\/\/www.eldigitaldeasturias.com\/noticias\/#website"},"breadcrumb":{"@id":"https:\/\/www.eldigitaldeasturias.com\/noticias\/galicia-ha-perdido-931-autonomos-en-enero\/#breadcrumblist"},"author":{"@id":"https:\/\/www.eldigitaldeasturias.com\/noticias\/author\/admin\/#author"},"creator":{"@id":"https:\/\/www.eldigitaldeasturias.com\/noticias\/author\/admin\/#author"},"image":{"@type":"ImageObject","url":483662,"@id":"https:\/\/www.eldigitaldeasturias.com\/noticias\/galicia-ha-perdido-931-autonomos-en-enero\/#mainImage"},"primaryImageOfPage":{"@id":"https:\/\/www.eldigitaldeasturias.com\/noticias\/galicia-ha-perdido-931-autonomos-en-enero\/#mainImage"},"datePublished":"2014-02-05T00:50:30+01:00","dateModified":"2014-02-05T00:50:30+01:00"},{"@type":"WebSite","@id":"https:\/\/www.eldigitaldeasturias.com\/noticias\/#website","url":"https:\/\/www.eldigitaldeasturias.com\/noticias\/","name":"El Digital de Asturias - Diario de actualidad y noticias","alternateName":"El Digital de Asturias - Diario de actualidad y noticias","description":"Hemeroteca","inLanguage":"es-ES","publisher":{"@id":"https:\/\/www.eldigitaldeasturias.com\/noticias\/#organization"}}]},"og:locale":"es_ES","og:site_name":"El Digital de Asturias","og:type":"article","og:title":"Galicia ha perdido 931 aut\u00f3nomos en enero - El Digital de Asturias","og:description":"Santiago de Compostela, 4 feb (EFE).- Galicia ha perdido en el mes de enero un total de 931 aut\u00f3nomos, un 0,4 por ciento, hasta situarse en 213.442, seg\u00fan la Asociaci\u00f3n de Trabajadores Aut\u00f3nomos Galicia (ATA). Por provincias, Pontevedra es la que ha descendido m\u00e1s su n\u00famero de trabajadores por cuenta propia, con 376 menos (0,6%);","og:url":"https:\/\/www.eldigitaldeasturias.com\/noticias\/galicia-ha-perdido-931-autonomos-en-enero\/","article:tag":["actualidad"],"article:published_time":"2014-02-05T01:50:30+00:00","article:modified_time":"2014-02-05T01:50:30+00:00","article:publisher":"https:\/\/facebook.com\/eldigitaldeasturias","twitter:card":"summary_large_image","twitter:title":"Galicia ha perdido 931 aut\u00f3nomos en enero - El Digital de Asturias","twitter:description":"Santiago de Compostela, 4 feb (EFE).- Galicia ha perdido en el mes de enero un total de 931 aut\u00f3nomos, un 0,4 por ciento, hasta situarse en 213.442, seg\u00fan la Asociaci\u00f3n de Trabajadores Aut\u00f3nomos Galicia (ATA). Por provincias, Pontevedra es la que ha descendido m\u00e1s su n\u00famero de trabajadores por cuenta propia, con 376 menos (0,6%);","twitter:label1":"Escrito por","twitter:data1":"El Digital de Asturias","twitter:label2":"Tiempo de lectura estimado","twitter:data2":"1 minuto"},"aioseo_meta_data":{"post_id":"483661","title":null,"description":null,"keywords":null,"keyphrases":null,"primary_term":null,"canonical_url":null,"og_title":null,"og_description":null,"og_object_type":"default","og_image_type":"default","og_image_url":null,"og_image_width":null,"og_image_height":null,"og_image_custom_url":null,"og_image_custom_fields":null,"og_video":null,"og_custom_url":null,"og_article_section":null,"og_article_tags":null,"twitter_use_og":true,"twitter_card":"default","twitter_image_type":"default","twitter_image_url":null,"twitter_image_custom_url":null,"twitter_image_custom_fields":null,"twitter_title":null,"twitter_description":null,"schema":{"blockGraphs":[],"customGraphs":[],"default":{"data":{"Article":[],"Course":[],"Dataset":[],"FAQPage":[],"Movie":[],"Person":[],"Product":[],"ProductReview":[],"Car":[],"Recipe":[],"Service":[],"SoftwareApplication":[],"WebPage":[]},"graphName":"","isEnabled":true},"graphs":[],"defaultGraph":"","defaultPostTypeGraph":""},"schema_type":null,"schema_type_options":null,"pillar_content":false,"robots_default":true,"robots_noindex":false,"robots_noarchive":false,"robots_nosnippet":false,"robots_nofollow":false,"robots_noimageindex":false,"robots_noodp":false,"robots_notranslate":false,"robots_max_snippet":null,"robots_max_videopreview":null,"robots_max_imagepreview":"none","priority":null,"frequency":null,"local_seo":null,"seo_analyzer_scan_date":"2026-06-02 13:31:13","breadcrumb_settings":null,"limit_modified_date":false,"open_ai":null,"ai":null,"created":"2020-11-14 22:54:50","updated":"2026-06-02 13:31:13","focus_keyword":null,"additional_keywords":null,"truseo_locale":null},"aioseo_breadcrumb":"<div class=\"aioseo-breadcrumbs\"><span class=\"aioseo-breadcrumb\">\n\t<a href=\"https:\/\/www.eldigitaldeasturias.com\/noticias\" title=\"Home\">Home<\/a>\n<\/span><span class=\"aioseo-breadcrumb-separator\">\u2013<\/span><span class=\"aioseo-breadcrumb\">\n\t<a href=\"https:\/\/www.eldigitaldeasturias.com\/noticias\/category\/actualidad\/\" title=\"Actualidad\">Actualidad<\/a>\n<\/span><span class=\"aioseo-breadcrumb-separator\">\u2013<\/span><span class=\"aioseo-breadcrumb\">\n\t<a href=\"https:\/\/www.eldigitaldeasturias.com\/noticias\/galicia-ha-perdido-931-autonomos-en-enero\/\" title=\"Galicia ha perdido 931 aut\u00f3nomos en enero\">Galicia ha perdido 931 aut\u00f3nomos en enero<\/a>\n<\/span><\/div>","aioseo_breadcrumb_json":[{"label":"Home","link":"https:\/\/www.eldigitaldeasturias.com\/noticias"},{"label":"Actualidad","link":"https:\/\/www.eldigitaldeasturias.com\/noticias\/category\/actualidad\/"},{"label":"Galicia ha perdido 931 aut\u00f3nomos en enero","link":"https:\/\/www.eldigitaldeasturias.com\/noticias\/galicia-ha-perdido-931-autonomos-en-enero\/"}],"_links":{"self":[{"href":"https:\/\/www.eldigitaldeasturias.com\/noticias\/wp-json\/wp\/v2\/posts\/483661","targetHints":{"allow":["GET"]}}],"collection":[{"href":"https:\/\/www.eldigitaldeasturias.com\/noticias\/wp-json\/wp\/v2\/posts"}],"about":[{"href":"https:\/\/www.eldigitaldeasturias.com\/noticias\/wp-json\/wp\/v2\/types\/post"}],"author":[{"embeddable":true,"href":"https:\/\/www.eldigitaldeasturias.com\/noticias\/wp-json\/wp\/v2\/users\/1"}],"replies":[{"embeddable":true,"href":"https:\/\/www.eldigitaldeasturias.com\/noticias\/wp-json\/wp\/v2\/comments?post=483661"}],"version-history":[{"count":0,"href":"https:\/\/www.eldigitaldeasturias.com\/noticias\/wp-json\/wp\/v2\/posts\/483661\/revisions"}],"wp:attachment":[{"href":"https:\/\/www.eldigitaldeasturias.com\/noticias\/wp-json\/wp\/v2\/media?parent=483661"}],"wp:term":[{"taxonomy":"category","embeddable":true,"href":"https:\/\/www.eldigitaldeasturias.com\/noticias\/wp-json\/wp\/v2\/categories?post=483661"},{"taxonomy":"post_tag","embeddable":true,"href":"https:\/\/www.eldigitaldeasturias.com\/noticias\/wp-json\/wp\/v2\/tags?post=483661"}],"curies":[{"name":"wp","href":"https:\/\/api.w.org\/{rel}","templated":true}]}}