{"id":483658,"date":"2014-02-05T00:49:00","date_gmt":"2014-02-05T01:49:00","guid":{"rendered":"http:\/\/www.eldigitaldeasturias.com\/noticias\/?p=483658"},"modified":"2014-02-05T00:49:00","modified_gmt":"2014-02-05T01:49:00","slug":"el-principe-carlos-visita-la-zona-de-somerset-castigada-por-las-inundaciones","status":"publish","type":"post","link":"https:\/\/www.eldigitaldeasturias.com\/noticias\/el-principe-carlos-visita-la-zona-de-somerset-castigada-por-las-inundaciones\/","title":{"rendered":"El pr\u00edncipe Carlos visita la zona de Somerset, castigada por las inundaciones"},"content":{"rendered":"<p><img loading=\"lazy\" decoding=\"async\" class=\"alignleft size-medium wp-image-483659\" alt=\"5908967w\" src=\"https:\/\/www.eldigitaldeasturias.com\/noticias\/wp-content\/uploads\/2014\/02\/5908967w-360x239.jpg\" width=\"360\" height=\"239\" \/>Londres, 4 feb (EFE).- El pr\u00edncipe Carlos, heredero a la corona brit\u00e1nica, visit\u00f3 hoy el condado de Somerset (suroeste de Inglaterra), el m\u00e1s castigado por los temporales de viento e inundaciones que llevan azotando la zona desde hace m\u00e1s de un mes.<\/p>\n<p>El pr\u00edncipe de Gales visit\u00f3 el pueblo de Muchleney y convers\u00f3 con vecinos, agricultores y personal de los servicios de emergencia de la zona, donde miles de hect\u00e1reas de tierra permanecen todav\u00eda anegadas por el agua.<\/p>\n<p>Carlos de Inglaterra, de 65 a\u00f1os, lleg\u00f3 al lugar acompa\u00f1ado por miembros de la fundaci\u00f3n The Prince&#8217;s Countryside Fund, creada por \u00e9l para concienciar sobre la importancia de la campi\u00f1a brit\u00e1nica y que donar\u00e1 50.000 libras (60.300 euros) para ayudar a la zona.<\/p>\n<p>La visita del heredero al trono coincide con el creciente descontento entre la poblaci\u00f3n local por la gesti\u00f3n de la cat\u00e1strofe del gobierno del conservador David Cameron y por una oleada de robos y saqueos en propiedades afectadas por las inundaciones.<\/p>\n<p>Desde el pasado viernes, m\u00e1s de 87.000 viviendas en el Reino Unido se han visto afectadas por las inundaciones que han azotado, sobre todo, el sur de Inglaterra.<\/p>\n","protected":false},"excerpt":{"rendered":"<p>Londres, 4 feb (EFE).- El pr\u00edncipe Carlos, heredero a la corona brit\u00e1nica, visit\u00f3 hoy el condado de Somerset (suroeste de Inglaterra), el m\u00e1s castigado por los temporales de viento e inundaciones que llevan azotando la zona desde hace m\u00e1s de un mes. El pr\u00edncipe de Gales visit\u00f3 el pueblo de Muchleney y convers\u00f3 con vecinos, [&hellip;]<\/p>\n","protected":false},"author":1,"featured_media":483659,"comment_status":"closed","ping_status":"open","sticky":false,"template":"","format":"standard","meta":{"footnotes":""},"categories":[1],"tags":[],"class_list":["post-483658","post","type-post","status-publish","format-standard","has-post-thumbnail","hentry","category-actualidad"],"aioseo_notices":[],"aioseo_head":"\n\t\t<!-- All in One SEO Pro 5.0.1 - aioseo.com -->\n\t<meta name=\"description\" content=\"Londres, 4 feb (EFE).- El pr\u00edncipe Carlos, heredero a la corona brit\u00e1nica, visit\u00f3 hoy el condado de Somerset (suroeste de Inglaterra), el m\u00e1s castigado por los temporales de viento e inundaciones que llevan azotando la zona desde hace m\u00e1s de un mes. El pr\u00edncipe de Gales visit\u00f3 el pueblo de Muchleney y convers\u00f3 con vecinos,\" \/>\n\t<meta name=\"robots\" content=\"max-image-preview:large\" \/>\n\t<meta name=\"author\" content=\"El Digital de Asturias\"\/>\n\t<meta name=\"google-site-verification\" content=\"UA-38556648-1\" \/>\n\t<meta name=\"msvalidate.01\" content=\"7dfe9f3f1b24437ab69f4f2559babe99\" \/>\n\t<meta name=\"keywords\" content=\"actualidad\" \/>\n\t<link rel=\"canonical\" href=\"https:\/\/www.eldigitaldeasturias.com\/noticias\/el-principe-carlos-visita-la-zona-de-somerset-castigada-por-las-inundaciones\/\" \/>\n\t<meta name=\"generator\" content=\"All in One SEO Pro (AIOSEO) 5.0.1\" \/>\n\t\t<meta property=\"og:locale\" content=\"es_ES\" \/>\n\t\t<meta property=\"og:site_name\" content=\"El Digital de Asturias\" \/>\n\t\t<meta property=\"og:type\" content=\"article\" \/>\n\t\t<meta property=\"og:title\" content=\"El pr\u00edncipe Carlos visita la zona de Somerset, castigada por las inundaciones - El Digital de Asturias\" \/>\n\t\t<meta property=\"og:description\" content=\"Londres, 4 feb (EFE).- El pr\u00edncipe Carlos, heredero a la corona brit\u00e1nica, visit\u00f3 hoy el condado de Somerset (suroeste de Inglaterra), el m\u00e1s castigado por los temporales de viento e inundaciones que llevan azotando la zona desde hace m\u00e1s de un mes. El pr\u00edncipe de Gales visit\u00f3 el pueblo de Muchleney y convers\u00f3 con vecinos,\" \/>\n\t\t<meta property=\"og:url\" content=\"https:\/\/www.eldigitaldeasturias.com\/noticias\/el-principe-carlos-visita-la-zona-de-somerset-castigada-por-las-inundaciones\/\" \/>\n\t\t<meta property=\"article:tag\" content=\"actualidad\" \/>\n\t\t<meta property=\"article:published_time\" content=\"2014-02-05T01:49:00+00:00\" \/>\n\t\t<meta property=\"article:modified_time\" content=\"2014-02-05T01:49:00+00:00\" \/>\n\t\t<meta property=\"article:publisher\" content=\"https:\/\/facebook.com\/eldigitaldeasturias\" \/>\n\t\t<meta name=\"twitter:card\" content=\"summary_large_image\" \/>\n\t\t<meta name=\"twitter:title\" content=\"El pr\u00edncipe Carlos visita la zona de Somerset, castigada por las inundaciones - El Digital de Asturias\" \/>\n\t\t<meta name=\"twitter:description\" content=\"Londres, 4 feb (EFE).- El pr\u00edncipe Carlos, heredero a la corona brit\u00e1nica, visit\u00f3 hoy el condado de Somerset (suroeste de Inglaterra), el m\u00e1s castigado por los temporales de viento e inundaciones que llevan azotando la zona desde hace m\u00e1s de un mes. El pr\u00edncipe de Gales visit\u00f3 el pueblo de Muchleney y convers\u00f3 con vecinos,\" \/>\n\t\t<meta name=\"twitter:label1\" content=\"Escrito por\" \/>\n\t\t<meta name=\"twitter:data1\" content=\"El Digital de Asturias\" \/>\n\t\t<meta name=\"twitter:label2\" content=\"Tiempo de lectura estimado\" \/>\n\t\t<meta name=\"twitter:data2\" content=\"1 minuto\" \/>\n\t\t<script type=\"application\/ld+json\" class=\"aioseo-schema\">\n\t\t\t{\"@context\":\"https:\\\/\\\/schema.org\",\"@graph\":[{\"@type\":\"BlogPosting\",\"@id\":\"https:\\\/\\\/www.eldigitaldeasturias.com\\\/noticias\\\/el-principe-carlos-visita-la-zona-de-somerset-castigada-por-las-inundaciones\\\/#blogposting\",\"name\":\"El pr\\u00edncipe Carlos visita la zona de Somerset, castigada por las inundaciones - El Digital de Asturias\",\"headline\":\"El pr\\u00edncipe Carlos visita la zona de Somerset, castigada por las inundaciones\",\"author\":{\"@id\":\"https:\\\/\\\/www.eldigitaldeasturias.com\\\/noticias\\\/author\\\/admin\\\/#author\"},\"publisher\":{\"@id\":\"https:\\\/\\\/www.eldigitaldeasturias.com\\\/noticias\\\/#organization\"},\"image\":{\"@type\":\"ImageObject\",\"url\":483659},\"datePublished\":\"2014-02-05T00:49:00+01:00\",\"dateModified\":\"2014-02-05T00:49:00+01:00\",\"inLanguage\":\"es-ES\",\"mainEntityOfPage\":{\"@id\":\"https:\\\/\\\/www.eldigitaldeasturias.com\\\/noticias\\\/el-principe-carlos-visita-la-zona-de-somerset-castigada-por-las-inundaciones\\\/#webpage\"},\"isPartOf\":{\"@id\":\"https:\\\/\\\/www.eldigitaldeasturias.com\\\/noticias\\\/el-principe-carlos-visita-la-zona-de-somerset-castigada-por-las-inundaciones\\\/#webpage\"},\"articleSection\":\"Actualidad\"},{\"@type\":\"BreadcrumbList\",\"@id\":\"https:\\\/\\\/www.eldigitaldeasturias.com\\\/noticias\\\/el-principe-carlos-visita-la-zona-de-somerset-castigada-por-las-inundaciones\\\/#breadcrumblist\",\"itemListElement\":[{\"@type\":\"ListItem\",\"@id\":\"https:\\\/\\\/www.eldigitaldeasturias.com\\\/noticias#listItem\",\"position\":1,\"name\":\"Home\",\"item\":\"https:\\\/\\\/www.eldigitaldeasturias.com\\\/noticias\",\"nextItem\":{\"@type\":\"ListItem\",\"@id\":\"https:\\\/\\\/www.eldigitaldeasturias.com\\\/noticias\\\/category\\\/actualidad\\\/#listItem\",\"name\":\"Actualidad\"}},{\"@type\":\"ListItem\",\"@id\":\"https:\\\/\\\/www.eldigitaldeasturias.com\\\/noticias\\\/category\\\/actualidad\\\/#listItem\",\"position\":2,\"name\":\"Actualidad\",\"item\":\"https:\\\/\\\/www.eldigitaldeasturias.com\\\/noticias\\\/category\\\/actualidad\\\/\",\"nextItem\":{\"@type\":\"ListItem\",\"@id\":\"https:\\\/\\\/www.eldigitaldeasturias.com\\\/noticias\\\/el-principe-carlos-visita-la-zona-de-somerset-castigada-por-las-inundaciones\\\/#listItem\",\"name\":\"El pr\\u00edncipe Carlos visita la zona de Somerset, castigada por las inundaciones\"},\"previousItem\":{\"@type\":\"ListItem\",\"@id\":\"https:\\\/\\\/www.eldigitaldeasturias.com\\\/noticias#listItem\",\"name\":\"Home\"}},{\"@type\":\"ListItem\",\"@id\":\"https:\\\/\\\/www.eldigitaldeasturias.com\\\/noticias\\\/el-principe-carlos-visita-la-zona-de-somerset-castigada-por-las-inundaciones\\\/#listItem\",\"position\":3,\"name\":\"El pr\\u00edncipe Carlos visita la zona de Somerset, castigada por las inundaciones\",\"previousItem\":{\"@type\":\"ListItem\",\"@id\":\"https:\\\/\\\/www.eldigitaldeasturias.com\\\/noticias\\\/category\\\/actualidad\\\/#listItem\",\"name\":\"Actualidad\"}}]},{\"@type\":\"Organization\",\"@id\":\"https:\\\/\\\/www.eldigitaldeasturias.com\\\/noticias\\\/#organization\",\"name\":\"El Digital de Asturias\",\"description\":\"Hemeroteca\",\"url\":\"https:\\\/\\\/www.eldigitaldeasturias.com\\\/noticias\\\/\",\"email\":\"info@eldigitaldeasturias.com\",\"telephone\":\"+34652131393\",\"logo\":{\"@type\":\"ImageObject\",\"url\":\"https:\\\/\\\/www.eldigitaldeasturias.com\\\/noticias\\\/wp-content\\\/uploads\\\/2020\\\/12\\\/EDA.jpg\",\"@id\":\"https:\\\/\\\/www.eldigitaldeasturias.com\\\/noticias\\\/el-principe-carlos-visita-la-zona-de-somerset-castigada-por-las-inundaciones\\\/#organizationLogo\"},\"image\":{\"@id\":\"https:\\\/\\\/www.eldigitaldeasturias.com\\\/noticias\\\/el-principe-carlos-visita-la-zona-de-somerset-castigada-por-las-inundaciones\\\/#organizationLogo\"},\"sameAs\":[\"https:\\\/\\\/facebook.com\\\/eldigitaldeasturias\",\"https:\\\/\\\/www.youtube.com\\\/channel\\\/UCZP-2wLEB9Rv6erhFmqVnvg\"],\"address\":{\"@id\":\"https:\\\/\\\/www.eldigitaldeasturias.com\\\/noticias\\\/#postaladdress\",\"@type\":\"PostalAddress\",\"streetAddress\":\"san antonio 4\",\"postalCode\":\"33430\",\"addressLocality\":\"Cand\\u00e1s\",\"addressRegion\":\"Asturias\",\"addressCountry\":\"ES\"}},{\"@type\":\"Person\",\"@id\":\"https:\\\/\\\/www.eldigitaldeasturias.com\\\/noticias\\\/author\\\/admin\\\/#author\",\"url\":\"https:\\\/\\\/www.eldigitaldeasturias.com\\\/noticias\\\/author\\\/admin\\\/\",\"name\":\"El Digital de Asturias\",\"image\":{\"@type\":\"ImageObject\",\"@id\":\"https:\\\/\\\/www.eldigitaldeasturias.com\\\/noticias\\\/el-principe-carlos-visita-la-zona-de-somerset-castigada-por-las-inundaciones\\\/#authorImage\",\"url\":\"https:\\\/\\\/secure.gravatar.com\\\/avatar\\\/df2aeffc32bcd13f8d26072ef8a91b623d677766deac7f97ca815868cd41bf5e?s=96&d=mm&r=g\",\"width\":96,\"height\":96,\"caption\":\"El Digital de Asturias\"}},{\"@type\":\"WebPage\",\"@id\":\"https:\\\/\\\/www.eldigitaldeasturias.com\\\/noticias\\\/el-principe-carlos-visita-la-zona-de-somerset-castigada-por-las-inundaciones\\\/#webpage\",\"url\":\"https:\\\/\\\/www.eldigitaldeasturias.com\\\/noticias\\\/el-principe-carlos-visita-la-zona-de-somerset-castigada-por-las-inundaciones\\\/\",\"name\":\"El pr\\u00edncipe Carlos visita la zona de Somerset, castigada por las inundaciones - El Digital de Asturias\",\"description\":\"Londres, 4 feb (EFE).- El pr\\u00edncipe Carlos, heredero a la corona brit\\u00e1nica, visit\\u00f3 hoy el condado de Somerset (suroeste de Inglaterra), el m\\u00e1s castigado por los temporales de viento e inundaciones que llevan azotando la zona desde hace m\\u00e1s de un mes. El pr\\u00edncipe de Gales visit\\u00f3 el pueblo de Muchleney y convers\\u00f3 con vecinos,\",\"inLanguage\":\"es-ES\",\"isPartOf\":{\"@id\":\"https:\\\/\\\/www.eldigitaldeasturias.com\\\/noticias\\\/#website\"},\"breadcrumb\":{\"@id\":\"https:\\\/\\\/www.eldigitaldeasturias.com\\\/noticias\\\/el-principe-carlos-visita-la-zona-de-somerset-castigada-por-las-inundaciones\\\/#breadcrumblist\"},\"author\":{\"@id\":\"https:\\\/\\\/www.eldigitaldeasturias.com\\\/noticias\\\/author\\\/admin\\\/#author\"},\"creator\":{\"@id\":\"https:\\\/\\\/www.eldigitaldeasturias.com\\\/noticias\\\/author\\\/admin\\\/#author\"},\"image\":{\"@type\":\"ImageObject\",\"url\":483659,\"@id\":\"https:\\\/\\\/www.eldigitaldeasturias.com\\\/noticias\\\/el-principe-carlos-visita-la-zona-de-somerset-castigada-por-las-inundaciones\\\/#mainImage\"},\"primaryImageOfPage\":{\"@id\":\"https:\\\/\\\/www.eldigitaldeasturias.com\\\/noticias\\\/el-principe-carlos-visita-la-zona-de-somerset-castigada-por-las-inundaciones\\\/#mainImage\"},\"datePublished\":\"2014-02-05T00:49:00+01:00\",\"dateModified\":\"2014-02-05T00:49:00+01:00\"},{\"@type\":\"WebSite\",\"@id\":\"https:\\\/\\\/www.eldigitaldeasturias.com\\\/noticias\\\/#website\",\"url\":\"https:\\\/\\\/www.eldigitaldeasturias.com\\\/noticias\\\/\",\"name\":\"El Digital de Asturias - Diario de actualidad y noticias\",\"alternateName\":\"El Digital de Asturias - Diario de actualidad y noticias\",\"description\":\"Hemeroteca\",\"inLanguage\":\"es-ES\",\"publisher\":{\"@id\":\"https:\\\/\\\/www.eldigitaldeasturias.com\\\/noticias\\\/#organization\"}}]}\n\t\t<\/script>\n\t\t<!-- All in One SEO Pro -->\r\n\t\t<title>El pr\u00edncipe Carlos visita la zona de Somerset, castigada por las inundaciones - El Digital de Asturias<\/title>\n\n","aioseo_head_json":{"title":"El pr\u00edncipe Carlos visita la zona de Somerset, castigada por las inundaciones - El Digital de Asturias","description":"Londres, 4 feb (EFE).- El pr\u00edncipe Carlos, heredero a la corona brit\u00e1nica, visit\u00f3 hoy el condado de Somerset (suroeste de Inglaterra), el m\u00e1s castigado por los temporales de viento e inundaciones que llevan azotando la zona desde hace m\u00e1s de un mes. El pr\u00edncipe de Gales visit\u00f3 el pueblo de Muchleney y convers\u00f3 con vecinos,","canonical_url":"https:\/\/www.eldigitaldeasturias.com\/noticias\/el-principe-carlos-visita-la-zona-de-somerset-castigada-por-las-inundaciones\/","robots":"max-image-preview:large","keywords":"actualidad","webmasterTools":{"google-site-verification":"UA-38556648-1","msvalidate.01":"7dfe9f3f1b24437ab69f4f2559babe99","miscellaneous":""},"schema":{"@context":"https:\/\/schema.org","@graph":[{"@type":"BlogPosting","@id":"https:\/\/www.eldigitaldeasturias.com\/noticias\/el-principe-carlos-visita-la-zona-de-somerset-castigada-por-las-inundaciones\/#blogposting","name":"El pr\u00edncipe Carlos visita la zona de Somerset, castigada por las inundaciones - El Digital de Asturias","headline":"El pr\u00edncipe Carlos visita la zona de Somerset, castigada por las inundaciones","author":{"@id":"https:\/\/www.eldigitaldeasturias.com\/noticias\/author\/admin\/#author"},"publisher":{"@id":"https:\/\/www.eldigitaldeasturias.com\/noticias\/#organization"},"image":{"@type":"ImageObject","url":483659},"datePublished":"2014-02-05T00:49:00+01:00","dateModified":"2014-02-05T00:49:00+01:00","inLanguage":"es-ES","mainEntityOfPage":{"@id":"https:\/\/www.eldigitaldeasturias.com\/noticias\/el-principe-carlos-visita-la-zona-de-somerset-castigada-por-las-inundaciones\/#webpage"},"isPartOf":{"@id":"https:\/\/www.eldigitaldeasturias.com\/noticias\/el-principe-carlos-visita-la-zona-de-somerset-castigada-por-las-inundaciones\/#webpage"},"articleSection":"Actualidad"},{"@type":"BreadcrumbList","@id":"https:\/\/www.eldigitaldeasturias.com\/noticias\/el-principe-carlos-visita-la-zona-de-somerset-castigada-por-las-inundaciones\/#breadcrumblist","itemListElement":[{"@type":"ListItem","@id":"https:\/\/www.eldigitaldeasturias.com\/noticias#listItem","position":1,"name":"Home","item":"https:\/\/www.eldigitaldeasturias.com\/noticias","nextItem":{"@type":"ListItem","@id":"https:\/\/www.eldigitaldeasturias.com\/noticias\/category\/actualidad\/#listItem","name":"Actualidad"}},{"@type":"ListItem","@id":"https:\/\/www.eldigitaldeasturias.com\/noticias\/category\/actualidad\/#listItem","position":2,"name":"Actualidad","item":"https:\/\/www.eldigitaldeasturias.com\/noticias\/category\/actualidad\/","nextItem":{"@type":"ListItem","@id":"https:\/\/www.eldigitaldeasturias.com\/noticias\/el-principe-carlos-visita-la-zona-de-somerset-castigada-por-las-inundaciones\/#listItem","name":"El pr\u00edncipe Carlos visita la zona de Somerset, castigada por las inundaciones"},"previousItem":{"@type":"ListItem","@id":"https:\/\/www.eldigitaldeasturias.com\/noticias#listItem","name":"Home"}},{"@type":"ListItem","@id":"https:\/\/www.eldigitaldeasturias.com\/noticias\/el-principe-carlos-visita-la-zona-de-somerset-castigada-por-las-inundaciones\/#listItem","position":3,"name":"El pr\u00edncipe Carlos visita la zona de Somerset, castigada por las inundaciones","previousItem":{"@type":"ListItem","@id":"https:\/\/www.eldigitaldeasturias.com\/noticias\/category\/actualidad\/#listItem","name":"Actualidad"}}]},{"@type":"Organization","@id":"https:\/\/www.eldigitaldeasturias.com\/noticias\/#organization","name":"El Digital de Asturias","description":"Hemeroteca","url":"https:\/\/www.eldigitaldeasturias.com\/noticias\/","email":"info@eldigitaldeasturias.com","telephone":"+34652131393","logo":{"@type":"ImageObject","url":"https:\/\/www.eldigitaldeasturias.com\/noticias\/wp-content\/uploads\/2020\/12\/EDA.jpg","@id":"https:\/\/www.eldigitaldeasturias.com\/noticias\/el-principe-carlos-visita-la-zona-de-somerset-castigada-por-las-inundaciones\/#organizationLogo"},"image":{"@id":"https:\/\/www.eldigitaldeasturias.com\/noticias\/el-principe-carlos-visita-la-zona-de-somerset-castigada-por-las-inundaciones\/#organizationLogo"},"sameAs":["https:\/\/facebook.com\/eldigitaldeasturias","https:\/\/www.youtube.com\/channel\/UCZP-2wLEB9Rv6erhFmqVnvg"],"address":{"@id":"https:\/\/www.eldigitaldeasturias.com\/noticias\/#postaladdress","@type":"PostalAddress","streetAddress":"san antonio 4","postalCode":"33430","addressLocality":"Cand\u00e1s","addressRegion":"Asturias","addressCountry":"ES"}},{"@type":"Person","@id":"https:\/\/www.eldigitaldeasturias.com\/noticias\/author\/admin\/#author","url":"https:\/\/www.eldigitaldeasturias.com\/noticias\/author\/admin\/","name":"El Digital de Asturias","image":{"@type":"ImageObject","@id":"https:\/\/www.eldigitaldeasturias.com\/noticias\/el-principe-carlos-visita-la-zona-de-somerset-castigada-por-las-inundaciones\/#authorImage","url":"https:\/\/secure.gravatar.com\/avatar\/df2aeffc32bcd13f8d26072ef8a91b623d677766deac7f97ca815868cd41bf5e?s=96&d=mm&r=g","width":96,"height":96,"caption":"El Digital de Asturias"}},{"@type":"WebPage","@id":"https:\/\/www.eldigitaldeasturias.com\/noticias\/el-principe-carlos-visita-la-zona-de-somerset-castigada-por-las-inundaciones\/#webpage","url":"https:\/\/www.eldigitaldeasturias.com\/noticias\/el-principe-carlos-visita-la-zona-de-somerset-castigada-por-las-inundaciones\/","name":"El pr\u00edncipe Carlos visita la zona de Somerset, castigada por las inundaciones - El Digital de Asturias","description":"Londres, 4 feb (EFE).- El pr\u00edncipe Carlos, heredero a la corona brit\u00e1nica, visit\u00f3 hoy el condado de Somerset (suroeste de Inglaterra), el m\u00e1s castigado por los temporales de viento e inundaciones que llevan azotando la zona desde hace m\u00e1s de un mes. El pr\u00edncipe de Gales visit\u00f3 el pueblo de Muchleney y convers\u00f3 con vecinos,","inLanguage":"es-ES","isPartOf":{"@id":"https:\/\/www.eldigitaldeasturias.com\/noticias\/#website"},"breadcrumb":{"@id":"https:\/\/www.eldigitaldeasturias.com\/noticias\/el-principe-carlos-visita-la-zona-de-somerset-castigada-por-las-inundaciones\/#breadcrumblist"},"author":{"@id":"https:\/\/www.eldigitaldeasturias.com\/noticias\/author\/admin\/#author"},"creator":{"@id":"https:\/\/www.eldigitaldeasturias.com\/noticias\/author\/admin\/#author"},"image":{"@type":"ImageObject","url":483659,"@id":"https:\/\/www.eldigitaldeasturias.com\/noticias\/el-principe-carlos-visita-la-zona-de-somerset-castigada-por-las-inundaciones\/#mainImage"},"primaryImageOfPage":{"@id":"https:\/\/www.eldigitaldeasturias.com\/noticias\/el-principe-carlos-visita-la-zona-de-somerset-castigada-por-las-inundaciones\/#mainImage"},"datePublished":"2014-02-05T00:49:00+01:00","dateModified":"2014-02-05T00:49:00+01:00"},{"@type":"WebSite","@id":"https:\/\/www.eldigitaldeasturias.com\/noticias\/#website","url":"https:\/\/www.eldigitaldeasturias.com\/noticias\/","name":"El Digital de Asturias - Diario de actualidad y noticias","alternateName":"El Digital de Asturias - Diario de actualidad y noticias","description":"Hemeroteca","inLanguage":"es-ES","publisher":{"@id":"https:\/\/www.eldigitaldeasturias.com\/noticias\/#organization"}}]},"og:locale":"es_ES","og:site_name":"El Digital de Asturias","og:type":"article","og:title":"El pr\u00edncipe Carlos visita la zona de Somerset, castigada por las inundaciones - El Digital de Asturias","og:description":"Londres, 4 feb (EFE).- El pr\u00edncipe Carlos, heredero a la corona brit\u00e1nica, visit\u00f3 hoy el condado de Somerset (suroeste de Inglaterra), el m\u00e1s castigado por los temporales de viento e inundaciones que llevan azotando la zona desde hace m\u00e1s de un mes. El pr\u00edncipe de Gales visit\u00f3 el pueblo de Muchleney y convers\u00f3 con vecinos,","og:url":"https:\/\/www.eldigitaldeasturias.com\/noticias\/el-principe-carlos-visita-la-zona-de-somerset-castigada-por-las-inundaciones\/","article:tag":["actualidad"],"article:published_time":"2014-02-05T01:49:00+00:00","article:modified_time":"2014-02-05T01:49:00+00:00","article:publisher":"https:\/\/facebook.com\/eldigitaldeasturias","twitter:card":"summary_large_image","twitter:title":"El pr\u00edncipe Carlos visita la zona de Somerset, castigada por las inundaciones - El Digital de Asturias","twitter:description":"Londres, 4 feb (EFE).- El pr\u00edncipe Carlos, heredero a la corona brit\u00e1nica, visit\u00f3 hoy el condado de Somerset (suroeste de Inglaterra), el m\u00e1s castigado por los temporales de viento e inundaciones que llevan azotando la zona desde hace m\u00e1s de un mes. El pr\u00edncipe de Gales visit\u00f3 el pueblo de Muchleney y convers\u00f3 con vecinos,","twitter:label1":"Escrito por","twitter:data1":"El Digital de Asturias","twitter:label2":"Tiempo de lectura estimado","twitter:data2":"1 minuto"},"aioseo_meta_data":{"post_id":"483658","title":null,"description":null,"keywords":null,"keyphrases":null,"primary_term":null,"canonical_url":null,"og_title":null,"og_description":null,"og_object_type":"default","og_image_type":"default","og_image_url":null,"og_image_width":null,"og_image_height":null,"og_image_custom_url":null,"og_image_custom_fields":null,"og_video":null,"og_custom_url":null,"og_article_section":null,"og_article_tags":null,"twitter_use_og":true,"twitter_card":"default","twitter_image_type":"default","twitter_image_url":null,"twitter_image_custom_url":null,"twitter_image_custom_fields":null,"twitter_title":null,"twitter_description":null,"schema":{"blockGraphs":[],"customGraphs":[],"default":{"data":{"Article":[],"Course":[],"Dataset":[],"FAQPage":[],"Movie":[],"Person":[],"Product":[],"ProductReview":[],"Car":[],"Recipe":[],"Service":[],"SoftwareApplication":[],"WebPage":[]},"graphName":"","isEnabled":true},"graphs":[],"defaultGraph":"","defaultPostTypeGraph":""},"schema_type":null,"schema_type_options":null,"pillar_content":false,"robots_default":true,"robots_noindex":false,"robots_noarchive":false,"robots_nosnippet":false,"robots_nofollow":false,"robots_noimageindex":false,"robots_noodp":false,"robots_notranslate":false,"robots_max_snippet":null,"robots_max_videopreview":null,"robots_max_imagepreview":"none","priority":null,"frequency":null,"local_seo":null,"seo_analyzer_scan_date":"2026-06-02 13:31:12","breadcrumb_settings":null,"limit_modified_date":false,"open_ai":null,"ai":null,"created":"2020-11-14 22:54:50","updated":"2026-06-02 13:31:12","focus_keyword":null,"additional_keywords":null,"truseo_locale":null},"aioseo_breadcrumb":"<div class=\"aioseo-breadcrumbs\"><span class=\"aioseo-breadcrumb\">\n\t<a href=\"https:\/\/www.eldigitaldeasturias.com\/noticias\" title=\"Home\">Home<\/a>\n<\/span><span class=\"aioseo-breadcrumb-separator\">\u2013<\/span><span class=\"aioseo-breadcrumb\">\n\t<a href=\"https:\/\/www.eldigitaldeasturias.com\/noticias\/category\/actualidad\/\" title=\"Actualidad\">Actualidad<\/a>\n<\/span><span class=\"aioseo-breadcrumb-separator\">\u2013<\/span><span class=\"aioseo-breadcrumb\">\n\t<a href=\"https:\/\/www.eldigitaldeasturias.com\/noticias\/el-principe-carlos-visita-la-zona-de-somerset-castigada-por-las-inundaciones\/\" title=\"El pr\u00edncipe Carlos visita la zona de Somerset, castigada por las inundaciones\">El pr\u00edncipe Carlos visita la zona de Somerset, castigada por las inundaciones<\/a>\n<\/span><\/div>","aioseo_breadcrumb_json":[{"label":"Home","link":"https:\/\/www.eldigitaldeasturias.com\/noticias"},{"label":"Actualidad","link":"https:\/\/www.eldigitaldeasturias.com\/noticias\/category\/actualidad\/"},{"label":"El pr\u00edncipe Carlos visita la zona de Somerset, castigada por las inundaciones","link":"https:\/\/www.eldigitaldeasturias.com\/noticias\/el-principe-carlos-visita-la-zona-de-somerset-castigada-por-las-inundaciones\/"}],"_links":{"self":[{"href":"https:\/\/www.eldigitaldeasturias.com\/noticias\/wp-json\/wp\/v2\/posts\/483658","targetHints":{"allow":["GET"]}}],"collection":[{"href":"https:\/\/www.eldigitaldeasturias.com\/noticias\/wp-json\/wp\/v2\/posts"}],"about":[{"href":"https:\/\/www.eldigitaldeasturias.com\/noticias\/wp-json\/wp\/v2\/types\/post"}],"author":[{"embeddable":true,"href":"https:\/\/www.eldigitaldeasturias.com\/noticias\/wp-json\/wp\/v2\/users\/1"}],"replies":[{"embeddable":true,"href":"https:\/\/www.eldigitaldeasturias.com\/noticias\/wp-json\/wp\/v2\/comments?post=483658"}],"version-history":[{"count":0,"href":"https:\/\/www.eldigitaldeasturias.com\/noticias\/wp-json\/wp\/v2\/posts\/483658\/revisions"}],"wp:attachment":[{"href":"https:\/\/www.eldigitaldeasturias.com\/noticias\/wp-json\/wp\/v2\/media?parent=483658"}],"wp:term":[{"taxonomy":"category","embeddable":true,"href":"https:\/\/www.eldigitaldeasturias.com\/noticias\/wp-json\/wp\/v2\/categories?post=483658"},{"taxonomy":"post_tag","embeddable":true,"href":"https:\/\/www.eldigitaldeasturias.com\/noticias\/wp-json\/wp\/v2\/tags?post=483658"}],"curies":[{"name":"wp","href":"https:\/\/api.w.org\/{rel}","templated":true}]}}