{"id":483655,"date":"2014-02-05T00:46:54","date_gmt":"2014-02-05T01:46:54","guid":{"rendered":"http:\/\/www.eldigitaldeasturias.com\/noticias\/?p=483655"},"modified":"2014-02-05T00:46:54","modified_gmt":"2014-02-05T01:46:54","slug":"faes-dice-que-los-39-actos-que-cita-la-udef-fueron-financiados-por-educacion","status":"publish","type":"post","link":"https:\/\/www.eldigitaldeasturias.com\/noticias\/faes-dice-que-los-39-actos-que-cita-la-udef-fueron-financiados-por-educacion\/","title":{"rendered":"FAES dice que los 39 actos que cita la UDEF fueron financiados por Educaci\u00f3n"},"content":{"rendered":"<p><img loading=\"lazy\" decoding=\"async\" class=\"alignleft size-medium wp-image-483656\" alt=\"5908872w\" src=\"https:\/\/www.eldigitaldeasturias.com\/noticias\/wp-content\/uploads\/2014\/02\/5908872w-360x226.jpg\" width=\"360\" height=\"226\" \/>Madrid, 4 feb (EFE).- La Fundaci\u00f3n FAES, que preside Jos\u00e9 Mar\u00eda Aznar, ha afirmado hoy que los 39 actos a los que se refiere el informe de la Unidad de Delincuencia Econ\u00f3mica y Fiscal de la Polic\u00eda (UDEF) fueron financiados con cargo a una subvenci\u00f3n extraordinaria del Ministerio de Educaci\u00f3n, Cultura y Deporte.<\/p>\n<p>As\u00ed lo manifiesta FAES en un comunicado, con el que pretende aclarar las \u00abinformaciones referidas a sus actividades en la Comunidad de Madrid en el a\u00f1o 2003, supuestamente contenidas en un documento atribuido a la UDEF\u00bb.<\/p>\n<p>Seg\u00fan el citado informe, una de las empresas del cabecilla de la trama G\u00fcrtel, Francisco Correa, emiti\u00f3 39 facturas falsas a nombre de FAES por un importe de 1.230,76 euros cada una, por cada uno de los 39 actos celebrados en 2003 para la formaci\u00f3n de interventores y apoderados que iban a participar en las elecciones auton\u00f3micas en Madrid.<\/p>\n<p>El concepto que figuraba en estas facturas, seg\u00fan la UDEF, fue \u00abOrganizaci\u00f3n y montaje de escenario, luz, sonido y medios audiovisuales del curso &#8216;Principios y Valores Constitucionales'\u00bb.<\/p>\n<p>Estas facturas formaban parte de una \u00abdin\u00e1mica de actuaci\u00f3n\u00bb mediante la que se cargaba a FAES y a otras fundaciones vinculadas al PP el coste de actos de este partido organizados por empresas de Correa.<\/p>\n<p>Durante 2003, la Fundaci\u00f3n que preside Aznar realiz\u00f3, \u00abdentro de un programa de \u00e1mbito nacional\u00bb, 39 actos \u00abde formaci\u00f3n pol\u00edtica\u00bb en Madrid bajo el t\u00edtulo &#8216;Principios y valores constitucionales&#8217;.<\/p>\n<p>\u00abDichos actos fueron financiados con cargo a una subvenci\u00f3n extraordinaria del Ministerio de Educaci\u00f3n, Cultura y Deporte para actividades de promoci\u00f3n de los valores democr\u00e1ticos y principios constitucionales con motivo del 25 aniversario de la Constituci\u00f3n espa\u00f1ola (resoluci\u00f3n de 2 de junio de 2003 de la Secretar\u00eda de Estado de Cultura, BOE martes 15 de julio de 2003)\u00bb, a\u00f1ade la nota de la Fundaci\u00f3n FAES.<\/p>\n<p>Hace hincapi\u00e9 en que \u00abninguno de estos 39 actos se refiere a actividades de formaci\u00f3n t\u00e9cnica electoral para interventores y apoderados\u00bb.<\/p>\n<p>Asimismo, recalca que esas actividades, al igual que el resto de las que organiza FAES, y los fondos p\u00fablicos que emplea para ellas, \u00abfueron debidamente fiscalizados por la intervenci\u00f3n del Ministerio correspondiente, en este caso el de Educaci\u00f3n, Cultura y Deporte, y por la auditor\u00eda externa a la que se someten anualmente las cuentas de la Fundaci\u00f3n\u00bb.<\/p>\n<p>No obstante, FAES precisa que tiene encomendada la actividad de formaci\u00f3n del Partido Popular.<\/p>\n<p>\u00abLas actuaciones formativas se concretan en el desarrollo de cursos, preparaci\u00f3n en t\u00e9cnicas de comunicaci\u00f3n y organizaci\u00f3n pol\u00edtica y electoral, becas de investigaci\u00f3n y seminarios, cuyo alcance y difusi\u00f3n abarca todo el territorio nacional\u00bb, concluye.<\/p>\n","protected":false},"excerpt":{"rendered":"<p>Madrid, 4 feb (EFE).- La Fundaci\u00f3n FAES, que preside Jos\u00e9 Mar\u00eda Aznar, ha afirmado hoy que los 39 actos a los que se refiere el informe de la Unidad de Delincuencia Econ\u00f3mica y Fiscal de la Polic\u00eda (UDEF) fueron financiados con cargo a una subvenci\u00f3n extraordinaria del Ministerio de Educaci\u00f3n, Cultura y Deporte. As\u00ed lo [&hellip;]<\/p>\n","protected":false},"author":1,"featured_media":483656,"comment_status":"closed","ping_status":"open","sticky":false,"template":"","format":"standard","meta":{"footnotes":""},"categories":[1],"tags":[],"class_list":["post-483655","post","type-post","status-publish","format-standard","has-post-thumbnail","hentry","category-actualidad"],"aioseo_notices":[],"aioseo_head":"\n\t\t<!-- All in One SEO Pro 5.0.1 - aioseo.com -->\n\t<meta name=\"description\" content=\"Madrid, 4 feb (EFE).- La Fundaci\u00f3n FAES, que preside Jos\u00e9 Mar\u00eda Aznar, ha afirmado hoy que los 39 actos a los que se refiere el informe de la Unidad de Delincuencia Econ\u00f3mica y Fiscal de la Polic\u00eda (UDEF) fueron financiados con cargo a una subvenci\u00f3n extraordinaria del Ministerio de Educaci\u00f3n, Cultura y Deporte. As\u00ed lo\" \/>\n\t<meta name=\"robots\" content=\"max-image-preview:large\" \/>\n\t<meta name=\"author\" content=\"El Digital de Asturias\"\/>\n\t<meta name=\"google-site-verification\" content=\"UA-38556648-1\" \/>\n\t<meta name=\"msvalidate.01\" content=\"7dfe9f3f1b24437ab69f4f2559babe99\" \/>\n\t<meta name=\"keywords\" content=\"actualidad\" \/>\n\t<link rel=\"canonical\" href=\"https:\/\/www.eldigitaldeasturias.com\/noticias\/faes-dice-que-los-39-actos-que-cita-la-udef-fueron-financiados-por-educacion\/\" \/>\n\t<meta name=\"generator\" content=\"All in One SEO Pro (AIOSEO) 5.0.1\" \/>\n\t\t<meta property=\"og:locale\" content=\"es_ES\" \/>\n\t\t<meta property=\"og:site_name\" content=\"El Digital de Asturias\" \/>\n\t\t<meta property=\"og:type\" content=\"article\" \/>\n\t\t<meta property=\"og:title\" content=\"FAES dice que los 39 actos que cita la UDEF fueron financiados por Educaci\u00f3n - El Digital de Asturias\" \/>\n\t\t<meta property=\"og:description\" content=\"Madrid, 4 feb (EFE).- La Fundaci\u00f3n FAES, que preside Jos\u00e9 Mar\u00eda Aznar, ha afirmado hoy que los 39 actos a los que se refiere el informe de la Unidad de Delincuencia Econ\u00f3mica y Fiscal de la Polic\u00eda (UDEF) fueron financiados con cargo a una subvenci\u00f3n extraordinaria del Ministerio de Educaci\u00f3n, Cultura y Deporte. As\u00ed lo\" \/>\n\t\t<meta property=\"og:url\" content=\"https:\/\/www.eldigitaldeasturias.com\/noticias\/faes-dice-que-los-39-actos-que-cita-la-udef-fueron-financiados-por-educacion\/\" \/>\n\t\t<meta property=\"article:tag\" content=\"actualidad\" \/>\n\t\t<meta property=\"article:published_time\" content=\"2014-02-05T01:46:54+00:00\" \/>\n\t\t<meta property=\"article:modified_time\" content=\"2014-02-05T01:46:54+00:00\" \/>\n\t\t<meta property=\"article:publisher\" content=\"https:\/\/facebook.com\/eldigitaldeasturias\" \/>\n\t\t<meta name=\"twitter:card\" content=\"summary_large_image\" \/>\n\t\t<meta name=\"twitter:title\" content=\"FAES dice que los 39 actos que cita la UDEF fueron financiados por Educaci\u00f3n - El Digital de Asturias\" \/>\n\t\t<meta name=\"twitter:description\" content=\"Madrid, 4 feb (EFE).- La Fundaci\u00f3n FAES, que preside Jos\u00e9 Mar\u00eda Aznar, ha afirmado hoy que los 39 actos a los que se refiere el informe de la Unidad de Delincuencia Econ\u00f3mica y Fiscal de la Polic\u00eda (UDEF) fueron financiados con cargo a una subvenci\u00f3n extraordinaria del Ministerio de Educaci\u00f3n, Cultura y Deporte. As\u00ed lo\" \/>\n\t\t<meta name=\"twitter:label1\" content=\"Escrito por\" \/>\n\t\t<meta name=\"twitter:data1\" content=\"El Digital de Asturias\" \/>\n\t\t<meta name=\"twitter:label2\" content=\"Tiempo de lectura estimado\" \/>\n\t\t<meta name=\"twitter:data2\" content=\"2 minutos\" \/>\n\t\t<script type=\"application\/ld+json\" class=\"aioseo-schema\">\n\t\t\t{\"@context\":\"https:\\\/\\\/schema.org\",\"@graph\":[{\"@type\":\"BlogPosting\",\"@id\":\"https:\\\/\\\/www.eldigitaldeasturias.com\\\/noticias\\\/faes-dice-que-los-39-actos-que-cita-la-udef-fueron-financiados-por-educacion\\\/#blogposting\",\"name\":\"FAES dice que los 39 actos que cita la UDEF fueron financiados por Educaci\\u00f3n - El Digital de Asturias\",\"headline\":\"FAES dice que los 39 actos que cita la UDEF fueron financiados por Educaci\\u00f3n\",\"author\":{\"@id\":\"https:\\\/\\\/www.eldigitaldeasturias.com\\\/noticias\\\/author\\\/admin\\\/#author\"},\"publisher\":{\"@id\":\"https:\\\/\\\/www.eldigitaldeasturias.com\\\/noticias\\\/#organization\"},\"image\":{\"@type\":\"ImageObject\",\"url\":483656},\"datePublished\":\"2014-02-05T00:46:54+01:00\",\"dateModified\":\"2014-02-05T00:46:54+01:00\",\"inLanguage\":\"es-ES\",\"mainEntityOfPage\":{\"@id\":\"https:\\\/\\\/www.eldigitaldeasturias.com\\\/noticias\\\/faes-dice-que-los-39-actos-que-cita-la-udef-fueron-financiados-por-educacion\\\/#webpage\"},\"isPartOf\":{\"@id\":\"https:\\\/\\\/www.eldigitaldeasturias.com\\\/noticias\\\/faes-dice-que-los-39-actos-que-cita-la-udef-fueron-financiados-por-educacion\\\/#webpage\"},\"articleSection\":\"Actualidad\"},{\"@type\":\"BreadcrumbList\",\"@id\":\"https:\\\/\\\/www.eldigitaldeasturias.com\\\/noticias\\\/faes-dice-que-los-39-actos-que-cita-la-udef-fueron-financiados-por-educacion\\\/#breadcrumblist\",\"itemListElement\":[{\"@type\":\"ListItem\",\"@id\":\"https:\\\/\\\/www.eldigitaldeasturias.com\\\/noticias#listItem\",\"position\":1,\"name\":\"Home\",\"item\":\"https:\\\/\\\/www.eldigitaldeasturias.com\\\/noticias\",\"nextItem\":{\"@type\":\"ListItem\",\"@id\":\"https:\\\/\\\/www.eldigitaldeasturias.com\\\/noticias\\\/category\\\/actualidad\\\/#listItem\",\"name\":\"Actualidad\"}},{\"@type\":\"ListItem\",\"@id\":\"https:\\\/\\\/www.eldigitaldeasturias.com\\\/noticias\\\/category\\\/actualidad\\\/#listItem\",\"position\":2,\"name\":\"Actualidad\",\"item\":\"https:\\\/\\\/www.eldigitaldeasturias.com\\\/noticias\\\/category\\\/actualidad\\\/\",\"nextItem\":{\"@type\":\"ListItem\",\"@id\":\"https:\\\/\\\/www.eldigitaldeasturias.com\\\/noticias\\\/faes-dice-que-los-39-actos-que-cita-la-udef-fueron-financiados-por-educacion\\\/#listItem\",\"name\":\"FAES dice que los 39 actos que cita la UDEF fueron financiados por Educaci\\u00f3n\"},\"previousItem\":{\"@type\":\"ListItem\",\"@id\":\"https:\\\/\\\/www.eldigitaldeasturias.com\\\/noticias#listItem\",\"name\":\"Home\"}},{\"@type\":\"ListItem\",\"@id\":\"https:\\\/\\\/www.eldigitaldeasturias.com\\\/noticias\\\/faes-dice-que-los-39-actos-que-cita-la-udef-fueron-financiados-por-educacion\\\/#listItem\",\"position\":3,\"name\":\"FAES dice que los 39 actos que cita la UDEF fueron financiados por Educaci\\u00f3n\",\"previousItem\":{\"@type\":\"ListItem\",\"@id\":\"https:\\\/\\\/www.eldigitaldeasturias.com\\\/noticias\\\/category\\\/actualidad\\\/#listItem\",\"name\":\"Actualidad\"}}]},{\"@type\":\"Organization\",\"@id\":\"https:\\\/\\\/www.eldigitaldeasturias.com\\\/noticias\\\/#organization\",\"name\":\"El Digital de Asturias\",\"description\":\"Hemeroteca\",\"url\":\"https:\\\/\\\/www.eldigitaldeasturias.com\\\/noticias\\\/\",\"email\":\"info@eldigitaldeasturias.com\",\"telephone\":\"+34652131393\",\"logo\":{\"@type\":\"ImageObject\",\"url\":\"https:\\\/\\\/www.eldigitaldeasturias.com\\\/noticias\\\/wp-content\\\/uploads\\\/2020\\\/12\\\/EDA.jpg\",\"@id\":\"https:\\\/\\\/www.eldigitaldeasturias.com\\\/noticias\\\/faes-dice-que-los-39-actos-que-cita-la-udef-fueron-financiados-por-educacion\\\/#organizationLogo\"},\"image\":{\"@id\":\"https:\\\/\\\/www.eldigitaldeasturias.com\\\/noticias\\\/faes-dice-que-los-39-actos-que-cita-la-udef-fueron-financiados-por-educacion\\\/#organizationLogo\"},\"sameAs\":[\"https:\\\/\\\/facebook.com\\\/eldigitaldeasturias\",\"https:\\\/\\\/www.youtube.com\\\/channel\\\/UCZP-2wLEB9Rv6erhFmqVnvg\"],\"address\":{\"@id\":\"https:\\\/\\\/www.eldigitaldeasturias.com\\\/noticias\\\/#postaladdress\",\"@type\":\"PostalAddress\",\"streetAddress\":\"san antonio 4\",\"postalCode\":\"33430\",\"addressLocality\":\"Cand\\u00e1s\",\"addressRegion\":\"Asturias\",\"addressCountry\":\"ES\"}},{\"@type\":\"Person\",\"@id\":\"https:\\\/\\\/www.eldigitaldeasturias.com\\\/noticias\\\/author\\\/admin\\\/#author\",\"url\":\"https:\\\/\\\/www.eldigitaldeasturias.com\\\/noticias\\\/author\\\/admin\\\/\",\"name\":\"El Digital de Asturias\",\"image\":{\"@type\":\"ImageObject\",\"@id\":\"https:\\\/\\\/www.eldigitaldeasturias.com\\\/noticias\\\/faes-dice-que-los-39-actos-que-cita-la-udef-fueron-financiados-por-educacion\\\/#authorImage\",\"url\":\"https:\\\/\\\/secure.gravatar.com\\\/avatar\\\/df2aeffc32bcd13f8d26072ef8a91b623d677766deac7f97ca815868cd41bf5e?s=96&d=mm&r=g\",\"width\":96,\"height\":96,\"caption\":\"El Digital de Asturias\"}},{\"@type\":\"WebPage\",\"@id\":\"https:\\\/\\\/www.eldigitaldeasturias.com\\\/noticias\\\/faes-dice-que-los-39-actos-que-cita-la-udef-fueron-financiados-por-educacion\\\/#webpage\",\"url\":\"https:\\\/\\\/www.eldigitaldeasturias.com\\\/noticias\\\/faes-dice-que-los-39-actos-que-cita-la-udef-fueron-financiados-por-educacion\\\/\",\"name\":\"FAES dice que los 39 actos que cita la UDEF fueron financiados por Educaci\\u00f3n - El Digital de Asturias\",\"description\":\"Madrid, 4 feb (EFE).- La Fundaci\\u00f3n FAES, que preside Jos\\u00e9 Mar\\u00eda Aznar, ha afirmado hoy que los 39 actos a los que se refiere el informe de la Unidad de Delincuencia Econ\\u00f3mica y Fiscal de la Polic\\u00eda (UDEF) fueron financiados con cargo a una subvenci\\u00f3n extraordinaria del Ministerio de Educaci\\u00f3n, Cultura y Deporte. As\\u00ed lo\",\"inLanguage\":\"es-ES\",\"isPartOf\":{\"@id\":\"https:\\\/\\\/www.eldigitaldeasturias.com\\\/noticias\\\/#website\"},\"breadcrumb\":{\"@id\":\"https:\\\/\\\/www.eldigitaldeasturias.com\\\/noticias\\\/faes-dice-que-los-39-actos-que-cita-la-udef-fueron-financiados-por-educacion\\\/#breadcrumblist\"},\"author\":{\"@id\":\"https:\\\/\\\/www.eldigitaldeasturias.com\\\/noticias\\\/author\\\/admin\\\/#author\"},\"creator\":{\"@id\":\"https:\\\/\\\/www.eldigitaldeasturias.com\\\/noticias\\\/author\\\/admin\\\/#author\"},\"image\":{\"@type\":\"ImageObject\",\"url\":483656,\"@id\":\"https:\\\/\\\/www.eldigitaldeasturias.com\\\/noticias\\\/faes-dice-que-los-39-actos-que-cita-la-udef-fueron-financiados-por-educacion\\\/#mainImage\"},\"primaryImageOfPage\":{\"@id\":\"https:\\\/\\\/www.eldigitaldeasturias.com\\\/noticias\\\/faes-dice-que-los-39-actos-que-cita-la-udef-fueron-financiados-por-educacion\\\/#mainImage\"},\"datePublished\":\"2014-02-05T00:46:54+01:00\",\"dateModified\":\"2014-02-05T00:46:54+01:00\"},{\"@type\":\"WebSite\",\"@id\":\"https:\\\/\\\/www.eldigitaldeasturias.com\\\/noticias\\\/#website\",\"url\":\"https:\\\/\\\/www.eldigitaldeasturias.com\\\/noticias\\\/\",\"name\":\"El Digital de Asturias - Diario de actualidad y noticias\",\"alternateName\":\"El Digital de Asturias - Diario de actualidad y noticias\",\"description\":\"Hemeroteca\",\"inLanguage\":\"es-ES\",\"publisher\":{\"@id\":\"https:\\\/\\\/www.eldigitaldeasturias.com\\\/noticias\\\/#organization\"}}]}\n\t\t<\/script>\n\t\t<!-- All in One SEO Pro -->\r\n\t\t<title>FAES dice que los 39 actos que cita la UDEF fueron financiados por Educaci\u00f3n - El Digital de Asturias<\/title>\n\n","aioseo_head_json":{"title":"FAES dice que los 39 actos que cita la UDEF fueron financiados por Educaci\u00f3n - El Digital de Asturias","description":"Madrid, 4 feb (EFE).- La Fundaci\u00f3n FAES, que preside Jos\u00e9 Mar\u00eda Aznar, ha afirmado hoy que los 39 actos a los que se refiere el informe de la Unidad de Delincuencia Econ\u00f3mica y Fiscal de la Polic\u00eda (UDEF) fueron financiados con cargo a una subvenci\u00f3n extraordinaria del Ministerio de Educaci\u00f3n, Cultura y Deporte. As\u00ed lo","canonical_url":"https:\/\/www.eldigitaldeasturias.com\/noticias\/faes-dice-que-los-39-actos-que-cita-la-udef-fueron-financiados-por-educacion\/","robots":"max-image-preview:large","keywords":"actualidad","webmasterTools":{"google-site-verification":"UA-38556648-1","msvalidate.01":"7dfe9f3f1b24437ab69f4f2559babe99","miscellaneous":""},"schema":{"@context":"https:\/\/schema.org","@graph":[{"@type":"BlogPosting","@id":"https:\/\/www.eldigitaldeasturias.com\/noticias\/faes-dice-que-los-39-actos-que-cita-la-udef-fueron-financiados-por-educacion\/#blogposting","name":"FAES dice que los 39 actos que cita la UDEF fueron financiados por Educaci\u00f3n - El Digital de Asturias","headline":"FAES dice que los 39 actos que cita la UDEF fueron financiados por Educaci\u00f3n","author":{"@id":"https:\/\/www.eldigitaldeasturias.com\/noticias\/author\/admin\/#author"},"publisher":{"@id":"https:\/\/www.eldigitaldeasturias.com\/noticias\/#organization"},"image":{"@type":"ImageObject","url":483656},"datePublished":"2014-02-05T00:46:54+01:00","dateModified":"2014-02-05T00:46:54+01:00","inLanguage":"es-ES","mainEntityOfPage":{"@id":"https:\/\/www.eldigitaldeasturias.com\/noticias\/faes-dice-que-los-39-actos-que-cita-la-udef-fueron-financiados-por-educacion\/#webpage"},"isPartOf":{"@id":"https:\/\/www.eldigitaldeasturias.com\/noticias\/faes-dice-que-los-39-actos-que-cita-la-udef-fueron-financiados-por-educacion\/#webpage"},"articleSection":"Actualidad"},{"@type":"BreadcrumbList","@id":"https:\/\/www.eldigitaldeasturias.com\/noticias\/faes-dice-que-los-39-actos-que-cita-la-udef-fueron-financiados-por-educacion\/#breadcrumblist","itemListElement":[{"@type":"ListItem","@id":"https:\/\/www.eldigitaldeasturias.com\/noticias#listItem","position":1,"name":"Home","item":"https:\/\/www.eldigitaldeasturias.com\/noticias","nextItem":{"@type":"ListItem","@id":"https:\/\/www.eldigitaldeasturias.com\/noticias\/category\/actualidad\/#listItem","name":"Actualidad"}},{"@type":"ListItem","@id":"https:\/\/www.eldigitaldeasturias.com\/noticias\/category\/actualidad\/#listItem","position":2,"name":"Actualidad","item":"https:\/\/www.eldigitaldeasturias.com\/noticias\/category\/actualidad\/","nextItem":{"@type":"ListItem","@id":"https:\/\/www.eldigitaldeasturias.com\/noticias\/faes-dice-que-los-39-actos-que-cita-la-udef-fueron-financiados-por-educacion\/#listItem","name":"FAES dice que los 39 actos que cita la UDEF fueron financiados por Educaci\u00f3n"},"previousItem":{"@type":"ListItem","@id":"https:\/\/www.eldigitaldeasturias.com\/noticias#listItem","name":"Home"}},{"@type":"ListItem","@id":"https:\/\/www.eldigitaldeasturias.com\/noticias\/faes-dice-que-los-39-actos-que-cita-la-udef-fueron-financiados-por-educacion\/#listItem","position":3,"name":"FAES dice que los 39 actos que cita la UDEF fueron financiados por Educaci\u00f3n","previousItem":{"@type":"ListItem","@id":"https:\/\/www.eldigitaldeasturias.com\/noticias\/category\/actualidad\/#listItem","name":"Actualidad"}}]},{"@type":"Organization","@id":"https:\/\/www.eldigitaldeasturias.com\/noticias\/#organization","name":"El Digital de Asturias","description":"Hemeroteca","url":"https:\/\/www.eldigitaldeasturias.com\/noticias\/","email":"info@eldigitaldeasturias.com","telephone":"+34652131393","logo":{"@type":"ImageObject","url":"https:\/\/www.eldigitaldeasturias.com\/noticias\/wp-content\/uploads\/2020\/12\/EDA.jpg","@id":"https:\/\/www.eldigitaldeasturias.com\/noticias\/faes-dice-que-los-39-actos-que-cita-la-udef-fueron-financiados-por-educacion\/#organizationLogo"},"image":{"@id":"https:\/\/www.eldigitaldeasturias.com\/noticias\/faes-dice-que-los-39-actos-que-cita-la-udef-fueron-financiados-por-educacion\/#organizationLogo"},"sameAs":["https:\/\/facebook.com\/eldigitaldeasturias","https:\/\/www.youtube.com\/channel\/UCZP-2wLEB9Rv6erhFmqVnvg"],"address":{"@id":"https:\/\/www.eldigitaldeasturias.com\/noticias\/#postaladdress","@type":"PostalAddress","streetAddress":"san antonio 4","postalCode":"33430","addressLocality":"Cand\u00e1s","addressRegion":"Asturias","addressCountry":"ES"}},{"@type":"Person","@id":"https:\/\/www.eldigitaldeasturias.com\/noticias\/author\/admin\/#author","url":"https:\/\/www.eldigitaldeasturias.com\/noticias\/author\/admin\/","name":"El Digital de Asturias","image":{"@type":"ImageObject","@id":"https:\/\/www.eldigitaldeasturias.com\/noticias\/faes-dice-que-los-39-actos-que-cita-la-udef-fueron-financiados-por-educacion\/#authorImage","url":"https:\/\/secure.gravatar.com\/avatar\/df2aeffc32bcd13f8d26072ef8a91b623d677766deac7f97ca815868cd41bf5e?s=96&d=mm&r=g","width":96,"height":96,"caption":"El Digital de Asturias"}},{"@type":"WebPage","@id":"https:\/\/www.eldigitaldeasturias.com\/noticias\/faes-dice-que-los-39-actos-que-cita-la-udef-fueron-financiados-por-educacion\/#webpage","url":"https:\/\/www.eldigitaldeasturias.com\/noticias\/faes-dice-que-los-39-actos-que-cita-la-udef-fueron-financiados-por-educacion\/","name":"FAES dice que los 39 actos que cita la UDEF fueron financiados por Educaci\u00f3n - El Digital de Asturias","description":"Madrid, 4 feb (EFE).- La Fundaci\u00f3n FAES, que preside Jos\u00e9 Mar\u00eda Aznar, ha afirmado hoy que los 39 actos a los que se refiere el informe de la Unidad de Delincuencia Econ\u00f3mica y Fiscal de la Polic\u00eda (UDEF) fueron financiados con cargo a una subvenci\u00f3n extraordinaria del Ministerio de Educaci\u00f3n, Cultura y Deporte. As\u00ed lo","inLanguage":"es-ES","isPartOf":{"@id":"https:\/\/www.eldigitaldeasturias.com\/noticias\/#website"},"breadcrumb":{"@id":"https:\/\/www.eldigitaldeasturias.com\/noticias\/faes-dice-que-los-39-actos-que-cita-la-udef-fueron-financiados-por-educacion\/#breadcrumblist"},"author":{"@id":"https:\/\/www.eldigitaldeasturias.com\/noticias\/author\/admin\/#author"},"creator":{"@id":"https:\/\/www.eldigitaldeasturias.com\/noticias\/author\/admin\/#author"},"image":{"@type":"ImageObject","url":483656,"@id":"https:\/\/www.eldigitaldeasturias.com\/noticias\/faes-dice-que-los-39-actos-que-cita-la-udef-fueron-financiados-por-educacion\/#mainImage"},"primaryImageOfPage":{"@id":"https:\/\/www.eldigitaldeasturias.com\/noticias\/faes-dice-que-los-39-actos-que-cita-la-udef-fueron-financiados-por-educacion\/#mainImage"},"datePublished":"2014-02-05T00:46:54+01:00","dateModified":"2014-02-05T00:46:54+01:00"},{"@type":"WebSite","@id":"https:\/\/www.eldigitaldeasturias.com\/noticias\/#website","url":"https:\/\/www.eldigitaldeasturias.com\/noticias\/","name":"El Digital de Asturias - Diario de actualidad y noticias","alternateName":"El Digital de Asturias - Diario de actualidad y noticias","description":"Hemeroteca","inLanguage":"es-ES","publisher":{"@id":"https:\/\/www.eldigitaldeasturias.com\/noticias\/#organization"}}]},"og:locale":"es_ES","og:site_name":"El Digital de Asturias","og:type":"article","og:title":"FAES dice que los 39 actos que cita la UDEF fueron financiados por Educaci\u00f3n - El Digital de Asturias","og:description":"Madrid, 4 feb (EFE).- La Fundaci\u00f3n FAES, que preside Jos\u00e9 Mar\u00eda Aznar, ha afirmado hoy que los 39 actos a los que se refiere el informe de la Unidad de Delincuencia Econ\u00f3mica y Fiscal de la Polic\u00eda (UDEF) fueron financiados con cargo a una subvenci\u00f3n extraordinaria del Ministerio de Educaci\u00f3n, Cultura y Deporte. As\u00ed lo","og:url":"https:\/\/www.eldigitaldeasturias.com\/noticias\/faes-dice-que-los-39-actos-que-cita-la-udef-fueron-financiados-por-educacion\/","article:tag":["actualidad"],"article:published_time":"2014-02-05T01:46:54+00:00","article:modified_time":"2014-02-05T01:46:54+00:00","article:publisher":"https:\/\/facebook.com\/eldigitaldeasturias","twitter:card":"summary_large_image","twitter:title":"FAES dice que los 39 actos que cita la UDEF fueron financiados por Educaci\u00f3n - El Digital de Asturias","twitter:description":"Madrid, 4 feb (EFE).- La Fundaci\u00f3n FAES, que preside Jos\u00e9 Mar\u00eda Aznar, ha afirmado hoy que los 39 actos a los que se refiere el informe de la Unidad de Delincuencia Econ\u00f3mica y Fiscal de la Polic\u00eda (UDEF) fueron financiados con cargo a una subvenci\u00f3n extraordinaria del Ministerio de Educaci\u00f3n, Cultura y Deporte. As\u00ed lo","twitter:label1":"Escrito por","twitter:data1":"El Digital de Asturias","twitter:label2":"Tiempo de lectura estimado","twitter:data2":"2 minutos"},"aioseo_meta_data":{"post_id":"483655","title":null,"description":null,"keywords":null,"keyphrases":null,"primary_term":null,"canonical_url":null,"og_title":null,"og_description":null,"og_object_type":"default","og_image_type":"default","og_image_url":null,"og_image_width":null,"og_image_height":null,"og_image_custom_url":null,"og_image_custom_fields":null,"og_video":null,"og_custom_url":null,"og_article_section":null,"og_article_tags":null,"twitter_use_og":true,"twitter_card":"default","twitter_image_type":"default","twitter_image_url":null,"twitter_image_custom_url":null,"twitter_image_custom_fields":null,"twitter_title":null,"twitter_description":null,"schema":{"blockGraphs":[],"customGraphs":[],"default":{"data":{"Article":[],"Course":[],"Dataset":[],"FAQPage":[],"Movie":[],"Person":[],"Product":[],"ProductReview":[],"Car":[],"Recipe":[],"Service":[],"SoftwareApplication":[],"WebPage":[]},"graphName":"","isEnabled":true},"graphs":[],"defaultGraph":"","defaultPostTypeGraph":""},"schema_type":null,"schema_type_options":null,"pillar_content":false,"robots_default":true,"robots_noindex":false,"robots_noarchive":false,"robots_nosnippet":false,"robots_nofollow":false,"robots_noimageindex":false,"robots_noodp":false,"robots_notranslate":false,"robots_max_snippet":null,"robots_max_videopreview":null,"robots_max_imagepreview":"none","priority":null,"frequency":null,"local_seo":null,"seo_analyzer_scan_date":"2026-06-02 13:31:11","breadcrumb_settings":null,"limit_modified_date":false,"open_ai":null,"ai":null,"created":"2020-11-14 22:54:50","updated":"2026-06-02 13:31:11","focus_keyword":null,"additional_keywords":null,"truseo_locale":null},"aioseo_breadcrumb":"<div class=\"aioseo-breadcrumbs\"><span class=\"aioseo-breadcrumb\">\n\t<a href=\"https:\/\/www.eldigitaldeasturias.com\/noticias\" title=\"Home\">Home<\/a>\n<\/span><span class=\"aioseo-breadcrumb-separator\">\u2013<\/span><span class=\"aioseo-breadcrumb\">\n\t<a href=\"https:\/\/www.eldigitaldeasturias.com\/noticias\/category\/actualidad\/\" title=\"Actualidad\">Actualidad<\/a>\n<\/span><span class=\"aioseo-breadcrumb-separator\">\u2013<\/span><span class=\"aioseo-breadcrumb\">\n\t<a href=\"https:\/\/www.eldigitaldeasturias.com\/noticias\/faes-dice-que-los-39-actos-que-cita-la-udef-fueron-financiados-por-educacion\/\" title=\"FAES dice que los 39 actos que cita la UDEF fueron financiados por Educaci\u00f3n\">FAES dice que los 39 actos que cita la UDEF fueron financiados por Educaci\u00f3n<\/a>\n<\/span><\/div>","aioseo_breadcrumb_json":[{"label":"Home","link":"https:\/\/www.eldigitaldeasturias.com\/noticias"},{"label":"Actualidad","link":"https:\/\/www.eldigitaldeasturias.com\/noticias\/category\/actualidad\/"},{"label":"FAES dice que los 39 actos que cita la UDEF fueron financiados por Educaci\u00f3n","link":"https:\/\/www.eldigitaldeasturias.com\/noticias\/faes-dice-que-los-39-actos-que-cita-la-udef-fueron-financiados-por-educacion\/"}],"_links":{"self":[{"href":"https:\/\/www.eldigitaldeasturias.com\/noticias\/wp-json\/wp\/v2\/posts\/483655","targetHints":{"allow":["GET"]}}],"collection":[{"href":"https:\/\/www.eldigitaldeasturias.com\/noticias\/wp-json\/wp\/v2\/posts"}],"about":[{"href":"https:\/\/www.eldigitaldeasturias.com\/noticias\/wp-json\/wp\/v2\/types\/post"}],"author":[{"embeddable":true,"href":"https:\/\/www.eldigitaldeasturias.com\/noticias\/wp-json\/wp\/v2\/users\/1"}],"replies":[{"embeddable":true,"href":"https:\/\/www.eldigitaldeasturias.com\/noticias\/wp-json\/wp\/v2\/comments?post=483655"}],"version-history":[{"count":0,"href":"https:\/\/www.eldigitaldeasturias.com\/noticias\/wp-json\/wp\/v2\/posts\/483655\/revisions"}],"wp:attachment":[{"href":"https:\/\/www.eldigitaldeasturias.com\/noticias\/wp-json\/wp\/v2\/media?parent=483655"}],"wp:term":[{"taxonomy":"category","embeddable":true,"href":"https:\/\/www.eldigitaldeasturias.com\/noticias\/wp-json\/wp\/v2\/categories?post=483655"},{"taxonomy":"post_tag","embeddable":true,"href":"https:\/\/www.eldigitaldeasturias.com\/noticias\/wp-json\/wp\/v2\/tags?post=483655"}],"curies":[{"name":"wp","href":"https:\/\/api.w.org\/{rel}","templated":true}]}}