{"id":483643,"date":"2014-02-05T00:41:22","date_gmt":"2014-02-05T01:41:22","guid":{"rendered":"http:\/\/www.eldigitaldeasturias.com\/noticias\/?p=483643"},"modified":"2014-02-05T00:41:22","modified_gmt":"2014-02-05T01:41:22","slug":"un-grupo-armado-reivindica-el-atentado-contra-la-oficina-de-ministro-del-interior-griego","status":"publish","type":"post","link":"https:\/\/www.eldigitaldeasturias.com\/noticias\/un-grupo-armado-reivindica-el-atentado-contra-la-oficina-de-ministro-del-interior-griego\/","title":{"rendered":"Un grupo armado reivindica el atentado contra la oficina de ministro del Interior griego"},"content":{"rendered":"<p><img loading=\"lazy\" decoding=\"async\" class=\"alignleft size-medium wp-image-483644\" alt=\"5908893w\" src=\"https:\/\/www.eldigitaldeasturias.com\/noticias\/wp-content\/uploads\/2014\/02\/5908893w-360x239.jpg\" width=\"360\" height=\"239\" \/>Atenas, 4 feb (EFE).- El grupo armado anticapitalista \u00abTolerancia Cero\u00bb se atribuy\u00f3 hoy el ataque contra el despacho privado del ministro del Interior de Grecia, Yannis Mijelakis, perpetrado el pasado 14 de enero con un explosivo casero que no caus\u00f3 v\u00edctimas aunque s\u00ed da\u00f1os materiales.<\/p>\n<p>En una carta enviada al semanario \u00abTo Pontiki\u00bb, el grupo reivindica la acci\u00f3n, anima a la poblaci\u00f3n a la \u00abresistencia y a la desobediencia\u00bb y lanza amenazas contra los periodistas, adem\u00e1s de aceptar el llamamiento a intensificar la lucha armada hecha recientemente por un terrorista fugado.<\/p>\n<p>\u00abViolencia es la venta de los activos p\u00fablicos al capital local y extranjero (&#8230;), las fusiones de los bancos contra el pueblo, las ejecuciones hipotecarias, cortar la electricidad a los desempleados, (&#8230;) y los estudiantes desnutridos\u00bb, afirma la organizaci\u00f3n.<\/p>\n<p>Sobre las razones de su ataque a la oficina del ministro, el grupo argumenta que es no necesario dar razones pues Mijelakis es un \u00absirviente de los capitalistas\u00bb.<\/p>\n<p>\u00abTolerancia Cero\u00bb apareci\u00f3 por primera vez en junio 2009 y, desde entonces, ha llevado a cabo cerca de una veintena de peque\u00f1os atentados con explosivos caseros, sin que la Polic\u00eda haya conseguido detener a ning\u00fan militante.<\/p>\n<p>Sus objetivos principales han sido oficinas de miembros de los partidos de gobierno -el conservador Nueva Democracia y el socialdem\u00f3crata Pasok- y de ultraderecha -LAOS y Amanecer Dorado-, aunque tambi\u00e9n ha atentado contra la C\u00e1mara de Comercio Greco-China y altos funcionarios encargados de privatizaciones.<\/p>\n<p>En su comunicado de hoy, \u00abTolerancia Cero\u00bb asegura que acoge con satisfacci\u00f3n el regreso a la lucha armada de Jrist\u00f3dulos Xir\u00f3s, antiguo miembro de la organizaci\u00f3n \u00ab17 de Noviembre\u00bb (desarticulada en 2002) que, tras no regresar de un permiso penitenciario, el pasado 20 de enero anunci\u00f3 que volv\u00eda a tomar las armas.<\/p>\n<p>En un v\u00eddeo enviado a la web Indymedia, Xir\u00f3s llam\u00f3 a los militantes de extrema izquierda y anarquistas a superar sus divergencias y a unirse a la lucha, a organizarse contra los desahucios y a exigir la anulaci\u00f3n de la deuda de Grecia y su salida de la Uni\u00f3n Europea.<\/p>\n<p>La organizaci\u00f3n \u00ab17 de Noviembre\u00bb, la m\u00e1s violenta entre la multitud de grupos de extrema izquierda que operan en Grecia, perpetr\u00f3 numerosos actos terroristas en sus 27 a\u00f1os de actividad y asesin\u00f3 a 23 personas entre pol\u00edticos, militares, polic\u00edas, empresarios y diplom\u00e1ticos de diversos pa\u00edses.<\/p>\n<p>La Polic\u00eda griega se encuentra en estado de alerta tras el aumento de ataques de los \u00faltimos meses.<\/p>\n<p>Este fin de semana se descubrieron varias armas, entre ellas fusiles kalashnikov, misiles RPG y granadas de mano, en el maletero de un veh\u00edculo que se cree que iban a ser utilizadas en alg\u00fan atentado terrorista.<\/p>\n","protected":false},"excerpt":{"rendered":"<p>Atenas, 4 feb (EFE).- El grupo armado anticapitalista \u00abTolerancia Cero\u00bb se atribuy\u00f3 hoy el ataque contra el despacho privado del ministro del Interior de Grecia, Yannis Mijelakis, perpetrado el pasado 14 de enero con un explosivo casero que no caus\u00f3 v\u00edctimas aunque s\u00ed da\u00f1os materiales. En una carta enviada al semanario \u00abTo Pontiki\u00bb, el grupo [&hellip;]<\/p>\n","protected":false},"author":1,"featured_media":483644,"comment_status":"closed","ping_status":"open","sticky":false,"template":"","format":"standard","meta":{"footnotes":""},"categories":[1],"tags":[],"class_list":["post-483643","post","type-post","status-publish","format-standard","has-post-thumbnail","hentry","category-actualidad"],"aioseo_notices":[],"aioseo_head":"\n\t\t<!-- All in One SEO Pro 5.0.1 - aioseo.com -->\n\t<meta name=\"description\" content=\"Atenas, 4 feb (EFE).- El grupo armado anticapitalista &quot;Tolerancia Cero&quot; se atribuy\u00f3 hoy el ataque contra el despacho privado del ministro del Interior de Grecia, Yannis Mijelakis, perpetrado el pasado 14 de enero con un explosivo casero que no caus\u00f3 v\u00edctimas aunque s\u00ed da\u00f1os materiales. En una carta enviada al semanario &quot;To Pontiki&quot;, el grupo\" \/>\n\t<meta name=\"robots\" content=\"max-image-preview:large\" \/>\n\t<meta name=\"author\" content=\"El Digital de Asturias\"\/>\n\t<meta name=\"google-site-verification\" content=\"UA-38556648-1\" \/>\n\t<meta name=\"msvalidate.01\" content=\"7dfe9f3f1b24437ab69f4f2559babe99\" \/>\n\t<meta name=\"keywords\" content=\"actualidad\" \/>\n\t<link rel=\"canonical\" href=\"https:\/\/www.eldigitaldeasturias.com\/noticias\/un-grupo-armado-reivindica-el-atentado-contra-la-oficina-de-ministro-del-interior-griego\/\" \/>\n\t<meta name=\"generator\" content=\"All in One SEO Pro (AIOSEO) 5.0.1\" \/>\n\t\t<meta property=\"og:locale\" content=\"es_ES\" \/>\n\t\t<meta property=\"og:site_name\" content=\"El Digital de Asturias\" \/>\n\t\t<meta property=\"og:type\" content=\"article\" \/>\n\t\t<meta property=\"og:title\" content=\"Un grupo armado reivindica el atentado contra la oficina de ministro del Interior griego - El Digital de Asturias\" \/>\n\t\t<meta property=\"og:description\" content=\"Atenas, 4 feb (EFE).- El grupo armado anticapitalista &quot;Tolerancia Cero&quot; se atribuy\u00f3 hoy el ataque contra el despacho privado del ministro del Interior de Grecia, Yannis Mijelakis, perpetrado el pasado 14 de enero con un explosivo casero que no caus\u00f3 v\u00edctimas aunque s\u00ed da\u00f1os materiales. En una carta enviada al semanario &quot;To Pontiki&quot;, el grupo\" \/>\n\t\t<meta property=\"og:url\" content=\"https:\/\/www.eldigitaldeasturias.com\/noticias\/un-grupo-armado-reivindica-el-atentado-contra-la-oficina-de-ministro-del-interior-griego\/\" \/>\n\t\t<meta property=\"article:tag\" content=\"actualidad\" \/>\n\t\t<meta property=\"article:published_time\" content=\"2014-02-05T01:41:22+00:00\" \/>\n\t\t<meta property=\"article:modified_time\" content=\"2014-02-05T01:41:22+00:00\" \/>\n\t\t<meta property=\"article:publisher\" content=\"https:\/\/facebook.com\/eldigitaldeasturias\" \/>\n\t\t<meta name=\"twitter:card\" content=\"summary_large_image\" \/>\n\t\t<meta name=\"twitter:title\" content=\"Un grupo armado reivindica el atentado contra la oficina de ministro del Interior griego - El Digital de Asturias\" \/>\n\t\t<meta name=\"twitter:description\" content=\"Atenas, 4 feb (EFE).- El grupo armado anticapitalista &quot;Tolerancia Cero&quot; se atribuy\u00f3 hoy el ataque contra el despacho privado del ministro del Interior de Grecia, Yannis Mijelakis, perpetrado el pasado 14 de enero con un explosivo casero que no caus\u00f3 v\u00edctimas aunque s\u00ed da\u00f1os materiales. En una carta enviada al semanario &quot;To Pontiki&quot;, el grupo\" \/>\n\t\t<meta name=\"twitter:label1\" content=\"Escrito por\" \/>\n\t\t<meta name=\"twitter:data1\" content=\"El Digital de Asturias\" \/>\n\t\t<meta name=\"twitter:label2\" content=\"Tiempo de lectura estimado\" \/>\n\t\t<meta name=\"twitter:data2\" content=\"2 minutos\" \/>\n\t\t<script type=\"application\/ld+json\" class=\"aioseo-schema\">\n\t\t\t{\"@context\":\"https:\\\/\\\/schema.org\",\"@graph\":[{\"@type\":\"BlogPosting\",\"@id\":\"https:\\\/\\\/www.eldigitaldeasturias.com\\\/noticias\\\/un-grupo-armado-reivindica-el-atentado-contra-la-oficina-de-ministro-del-interior-griego\\\/#blogposting\",\"name\":\"Un grupo armado reivindica el atentado contra la oficina de ministro del Interior griego - El Digital de Asturias\",\"headline\":\"Un grupo armado reivindica el atentado contra la oficina de ministro del Interior griego\",\"author\":{\"@id\":\"https:\\\/\\\/www.eldigitaldeasturias.com\\\/noticias\\\/author\\\/admin\\\/#author\"},\"publisher\":{\"@id\":\"https:\\\/\\\/www.eldigitaldeasturias.com\\\/noticias\\\/#organization\"},\"image\":{\"@type\":\"ImageObject\",\"url\":483644},\"datePublished\":\"2014-02-05T00:41:22+01:00\",\"dateModified\":\"2014-02-05T00:41:22+01:00\",\"inLanguage\":\"es-ES\",\"mainEntityOfPage\":{\"@id\":\"https:\\\/\\\/www.eldigitaldeasturias.com\\\/noticias\\\/un-grupo-armado-reivindica-el-atentado-contra-la-oficina-de-ministro-del-interior-griego\\\/#webpage\"},\"isPartOf\":{\"@id\":\"https:\\\/\\\/www.eldigitaldeasturias.com\\\/noticias\\\/un-grupo-armado-reivindica-el-atentado-contra-la-oficina-de-ministro-del-interior-griego\\\/#webpage\"},\"articleSection\":\"Actualidad\"},{\"@type\":\"BreadcrumbList\",\"@id\":\"https:\\\/\\\/www.eldigitaldeasturias.com\\\/noticias\\\/un-grupo-armado-reivindica-el-atentado-contra-la-oficina-de-ministro-del-interior-griego\\\/#breadcrumblist\",\"itemListElement\":[{\"@type\":\"ListItem\",\"@id\":\"https:\\\/\\\/www.eldigitaldeasturias.com\\\/noticias#listItem\",\"position\":1,\"name\":\"Home\",\"item\":\"https:\\\/\\\/www.eldigitaldeasturias.com\\\/noticias\",\"nextItem\":{\"@type\":\"ListItem\",\"@id\":\"https:\\\/\\\/www.eldigitaldeasturias.com\\\/noticias\\\/category\\\/actualidad\\\/#listItem\",\"name\":\"Actualidad\"}},{\"@type\":\"ListItem\",\"@id\":\"https:\\\/\\\/www.eldigitaldeasturias.com\\\/noticias\\\/category\\\/actualidad\\\/#listItem\",\"position\":2,\"name\":\"Actualidad\",\"item\":\"https:\\\/\\\/www.eldigitaldeasturias.com\\\/noticias\\\/category\\\/actualidad\\\/\",\"nextItem\":{\"@type\":\"ListItem\",\"@id\":\"https:\\\/\\\/www.eldigitaldeasturias.com\\\/noticias\\\/un-grupo-armado-reivindica-el-atentado-contra-la-oficina-de-ministro-del-interior-griego\\\/#listItem\",\"name\":\"Un grupo armado reivindica el atentado contra la oficina de ministro del Interior griego\"},\"previousItem\":{\"@type\":\"ListItem\",\"@id\":\"https:\\\/\\\/www.eldigitaldeasturias.com\\\/noticias#listItem\",\"name\":\"Home\"}},{\"@type\":\"ListItem\",\"@id\":\"https:\\\/\\\/www.eldigitaldeasturias.com\\\/noticias\\\/un-grupo-armado-reivindica-el-atentado-contra-la-oficina-de-ministro-del-interior-griego\\\/#listItem\",\"position\":3,\"name\":\"Un grupo armado reivindica el atentado contra la oficina de ministro del Interior griego\",\"previousItem\":{\"@type\":\"ListItem\",\"@id\":\"https:\\\/\\\/www.eldigitaldeasturias.com\\\/noticias\\\/category\\\/actualidad\\\/#listItem\",\"name\":\"Actualidad\"}}]},{\"@type\":\"Organization\",\"@id\":\"https:\\\/\\\/www.eldigitaldeasturias.com\\\/noticias\\\/#organization\",\"name\":\"El Digital de Asturias\",\"description\":\"Hemeroteca\",\"url\":\"https:\\\/\\\/www.eldigitaldeasturias.com\\\/noticias\\\/\",\"email\":\"info@eldigitaldeasturias.com\",\"telephone\":\"+34652131393\",\"logo\":{\"@type\":\"ImageObject\",\"url\":\"https:\\\/\\\/www.eldigitaldeasturias.com\\\/noticias\\\/wp-content\\\/uploads\\\/2020\\\/12\\\/EDA.jpg\",\"@id\":\"https:\\\/\\\/www.eldigitaldeasturias.com\\\/noticias\\\/un-grupo-armado-reivindica-el-atentado-contra-la-oficina-de-ministro-del-interior-griego\\\/#organizationLogo\"},\"image\":{\"@id\":\"https:\\\/\\\/www.eldigitaldeasturias.com\\\/noticias\\\/un-grupo-armado-reivindica-el-atentado-contra-la-oficina-de-ministro-del-interior-griego\\\/#organizationLogo\"},\"sameAs\":[\"https:\\\/\\\/facebook.com\\\/eldigitaldeasturias\",\"https:\\\/\\\/www.youtube.com\\\/channel\\\/UCZP-2wLEB9Rv6erhFmqVnvg\"],\"address\":{\"@id\":\"https:\\\/\\\/www.eldigitaldeasturias.com\\\/noticias\\\/#postaladdress\",\"@type\":\"PostalAddress\",\"streetAddress\":\"san antonio 4\",\"postalCode\":\"33430\",\"addressLocality\":\"Cand\\u00e1s\",\"addressRegion\":\"Asturias\",\"addressCountry\":\"ES\"}},{\"@type\":\"Person\",\"@id\":\"https:\\\/\\\/www.eldigitaldeasturias.com\\\/noticias\\\/author\\\/admin\\\/#author\",\"url\":\"https:\\\/\\\/www.eldigitaldeasturias.com\\\/noticias\\\/author\\\/admin\\\/\",\"name\":\"El Digital de Asturias\",\"image\":{\"@type\":\"ImageObject\",\"@id\":\"https:\\\/\\\/www.eldigitaldeasturias.com\\\/noticias\\\/un-grupo-armado-reivindica-el-atentado-contra-la-oficina-de-ministro-del-interior-griego\\\/#authorImage\",\"url\":\"https:\\\/\\\/secure.gravatar.com\\\/avatar\\\/df2aeffc32bcd13f8d26072ef8a91b623d677766deac7f97ca815868cd41bf5e?s=96&d=mm&r=g\",\"width\":96,\"height\":96,\"caption\":\"El Digital de Asturias\"}},{\"@type\":\"WebPage\",\"@id\":\"https:\\\/\\\/www.eldigitaldeasturias.com\\\/noticias\\\/un-grupo-armado-reivindica-el-atentado-contra-la-oficina-de-ministro-del-interior-griego\\\/#webpage\",\"url\":\"https:\\\/\\\/www.eldigitaldeasturias.com\\\/noticias\\\/un-grupo-armado-reivindica-el-atentado-contra-la-oficina-de-ministro-del-interior-griego\\\/\",\"name\":\"Un grupo armado reivindica el atentado contra la oficina de ministro del Interior griego - El Digital de Asturias\",\"description\":\"Atenas, 4 feb (EFE).- El grupo armado anticapitalista \\\"Tolerancia Cero\\\" se atribuy\\u00f3 hoy el ataque contra el despacho privado del ministro del Interior de Grecia, Yannis Mijelakis, perpetrado el pasado 14 de enero con un explosivo casero que no caus\\u00f3 v\\u00edctimas aunque s\\u00ed da\\u00f1os materiales. En una carta enviada al semanario \\\"To Pontiki\\\", el grupo\",\"inLanguage\":\"es-ES\",\"isPartOf\":{\"@id\":\"https:\\\/\\\/www.eldigitaldeasturias.com\\\/noticias\\\/#website\"},\"breadcrumb\":{\"@id\":\"https:\\\/\\\/www.eldigitaldeasturias.com\\\/noticias\\\/un-grupo-armado-reivindica-el-atentado-contra-la-oficina-de-ministro-del-interior-griego\\\/#breadcrumblist\"},\"author\":{\"@id\":\"https:\\\/\\\/www.eldigitaldeasturias.com\\\/noticias\\\/author\\\/admin\\\/#author\"},\"creator\":{\"@id\":\"https:\\\/\\\/www.eldigitaldeasturias.com\\\/noticias\\\/author\\\/admin\\\/#author\"},\"image\":{\"@type\":\"ImageObject\",\"url\":483644,\"@id\":\"https:\\\/\\\/www.eldigitaldeasturias.com\\\/noticias\\\/un-grupo-armado-reivindica-el-atentado-contra-la-oficina-de-ministro-del-interior-griego\\\/#mainImage\"},\"primaryImageOfPage\":{\"@id\":\"https:\\\/\\\/www.eldigitaldeasturias.com\\\/noticias\\\/un-grupo-armado-reivindica-el-atentado-contra-la-oficina-de-ministro-del-interior-griego\\\/#mainImage\"},\"datePublished\":\"2014-02-05T00:41:22+01:00\",\"dateModified\":\"2014-02-05T00:41:22+01:00\"},{\"@type\":\"WebSite\",\"@id\":\"https:\\\/\\\/www.eldigitaldeasturias.com\\\/noticias\\\/#website\",\"url\":\"https:\\\/\\\/www.eldigitaldeasturias.com\\\/noticias\\\/\",\"name\":\"El Digital de Asturias - Diario de actualidad y noticias\",\"alternateName\":\"El Digital de Asturias - Diario de actualidad y noticias\",\"description\":\"Hemeroteca\",\"inLanguage\":\"es-ES\",\"publisher\":{\"@id\":\"https:\\\/\\\/www.eldigitaldeasturias.com\\\/noticias\\\/#organization\"}}]}\n\t\t<\/script>\n\t\t<!-- All in One SEO Pro -->\r\n\t\t<title>Un grupo armado reivindica el atentado contra la oficina de ministro del Interior griego - El Digital de Asturias<\/title>\n\n","aioseo_head_json":{"title":"Un grupo armado reivindica el atentado contra la oficina de ministro del Interior griego - El Digital de Asturias","description":"Atenas, 4 feb (EFE).- El grupo armado anticapitalista \"Tolerancia Cero\" se atribuy\u00f3 hoy el ataque contra el despacho privado del ministro del Interior de Grecia, Yannis Mijelakis, perpetrado el pasado 14 de enero con un explosivo casero que no caus\u00f3 v\u00edctimas aunque s\u00ed da\u00f1os materiales. En una carta enviada al semanario \"To Pontiki\", el grupo","canonical_url":"https:\/\/www.eldigitaldeasturias.com\/noticias\/un-grupo-armado-reivindica-el-atentado-contra-la-oficina-de-ministro-del-interior-griego\/","robots":"max-image-preview:large","keywords":"actualidad","webmasterTools":{"google-site-verification":"UA-38556648-1","msvalidate.01":"7dfe9f3f1b24437ab69f4f2559babe99","miscellaneous":""},"schema":{"@context":"https:\/\/schema.org","@graph":[{"@type":"BlogPosting","@id":"https:\/\/www.eldigitaldeasturias.com\/noticias\/un-grupo-armado-reivindica-el-atentado-contra-la-oficina-de-ministro-del-interior-griego\/#blogposting","name":"Un grupo armado reivindica el atentado contra la oficina de ministro del Interior griego - El Digital de Asturias","headline":"Un grupo armado reivindica el atentado contra la oficina de ministro del Interior griego","author":{"@id":"https:\/\/www.eldigitaldeasturias.com\/noticias\/author\/admin\/#author"},"publisher":{"@id":"https:\/\/www.eldigitaldeasturias.com\/noticias\/#organization"},"image":{"@type":"ImageObject","url":483644},"datePublished":"2014-02-05T00:41:22+01:00","dateModified":"2014-02-05T00:41:22+01:00","inLanguage":"es-ES","mainEntityOfPage":{"@id":"https:\/\/www.eldigitaldeasturias.com\/noticias\/un-grupo-armado-reivindica-el-atentado-contra-la-oficina-de-ministro-del-interior-griego\/#webpage"},"isPartOf":{"@id":"https:\/\/www.eldigitaldeasturias.com\/noticias\/un-grupo-armado-reivindica-el-atentado-contra-la-oficina-de-ministro-del-interior-griego\/#webpage"},"articleSection":"Actualidad"},{"@type":"BreadcrumbList","@id":"https:\/\/www.eldigitaldeasturias.com\/noticias\/un-grupo-armado-reivindica-el-atentado-contra-la-oficina-de-ministro-del-interior-griego\/#breadcrumblist","itemListElement":[{"@type":"ListItem","@id":"https:\/\/www.eldigitaldeasturias.com\/noticias#listItem","position":1,"name":"Home","item":"https:\/\/www.eldigitaldeasturias.com\/noticias","nextItem":{"@type":"ListItem","@id":"https:\/\/www.eldigitaldeasturias.com\/noticias\/category\/actualidad\/#listItem","name":"Actualidad"}},{"@type":"ListItem","@id":"https:\/\/www.eldigitaldeasturias.com\/noticias\/category\/actualidad\/#listItem","position":2,"name":"Actualidad","item":"https:\/\/www.eldigitaldeasturias.com\/noticias\/category\/actualidad\/","nextItem":{"@type":"ListItem","@id":"https:\/\/www.eldigitaldeasturias.com\/noticias\/un-grupo-armado-reivindica-el-atentado-contra-la-oficina-de-ministro-del-interior-griego\/#listItem","name":"Un grupo armado reivindica el atentado contra la oficina de ministro del Interior griego"},"previousItem":{"@type":"ListItem","@id":"https:\/\/www.eldigitaldeasturias.com\/noticias#listItem","name":"Home"}},{"@type":"ListItem","@id":"https:\/\/www.eldigitaldeasturias.com\/noticias\/un-grupo-armado-reivindica-el-atentado-contra-la-oficina-de-ministro-del-interior-griego\/#listItem","position":3,"name":"Un grupo armado reivindica el atentado contra la oficina de ministro del Interior griego","previousItem":{"@type":"ListItem","@id":"https:\/\/www.eldigitaldeasturias.com\/noticias\/category\/actualidad\/#listItem","name":"Actualidad"}}]},{"@type":"Organization","@id":"https:\/\/www.eldigitaldeasturias.com\/noticias\/#organization","name":"El Digital de Asturias","description":"Hemeroteca","url":"https:\/\/www.eldigitaldeasturias.com\/noticias\/","email":"info@eldigitaldeasturias.com","telephone":"+34652131393","logo":{"@type":"ImageObject","url":"https:\/\/www.eldigitaldeasturias.com\/noticias\/wp-content\/uploads\/2020\/12\/EDA.jpg","@id":"https:\/\/www.eldigitaldeasturias.com\/noticias\/un-grupo-armado-reivindica-el-atentado-contra-la-oficina-de-ministro-del-interior-griego\/#organizationLogo"},"image":{"@id":"https:\/\/www.eldigitaldeasturias.com\/noticias\/un-grupo-armado-reivindica-el-atentado-contra-la-oficina-de-ministro-del-interior-griego\/#organizationLogo"},"sameAs":["https:\/\/facebook.com\/eldigitaldeasturias","https:\/\/www.youtube.com\/channel\/UCZP-2wLEB9Rv6erhFmqVnvg"],"address":{"@id":"https:\/\/www.eldigitaldeasturias.com\/noticias\/#postaladdress","@type":"PostalAddress","streetAddress":"san antonio 4","postalCode":"33430","addressLocality":"Cand\u00e1s","addressRegion":"Asturias","addressCountry":"ES"}},{"@type":"Person","@id":"https:\/\/www.eldigitaldeasturias.com\/noticias\/author\/admin\/#author","url":"https:\/\/www.eldigitaldeasturias.com\/noticias\/author\/admin\/","name":"El Digital de Asturias","image":{"@type":"ImageObject","@id":"https:\/\/www.eldigitaldeasturias.com\/noticias\/un-grupo-armado-reivindica-el-atentado-contra-la-oficina-de-ministro-del-interior-griego\/#authorImage","url":"https:\/\/secure.gravatar.com\/avatar\/df2aeffc32bcd13f8d26072ef8a91b623d677766deac7f97ca815868cd41bf5e?s=96&d=mm&r=g","width":96,"height":96,"caption":"El Digital de Asturias"}},{"@type":"WebPage","@id":"https:\/\/www.eldigitaldeasturias.com\/noticias\/un-grupo-armado-reivindica-el-atentado-contra-la-oficina-de-ministro-del-interior-griego\/#webpage","url":"https:\/\/www.eldigitaldeasturias.com\/noticias\/un-grupo-armado-reivindica-el-atentado-contra-la-oficina-de-ministro-del-interior-griego\/","name":"Un grupo armado reivindica el atentado contra la oficina de ministro del Interior griego - El Digital de Asturias","description":"Atenas, 4 feb (EFE).- El grupo armado anticapitalista \"Tolerancia Cero\" se atribuy\u00f3 hoy el ataque contra el despacho privado del ministro del Interior de Grecia, Yannis Mijelakis, perpetrado el pasado 14 de enero con un explosivo casero que no caus\u00f3 v\u00edctimas aunque s\u00ed da\u00f1os materiales. En una carta enviada al semanario \"To Pontiki\", el grupo","inLanguage":"es-ES","isPartOf":{"@id":"https:\/\/www.eldigitaldeasturias.com\/noticias\/#website"},"breadcrumb":{"@id":"https:\/\/www.eldigitaldeasturias.com\/noticias\/un-grupo-armado-reivindica-el-atentado-contra-la-oficina-de-ministro-del-interior-griego\/#breadcrumblist"},"author":{"@id":"https:\/\/www.eldigitaldeasturias.com\/noticias\/author\/admin\/#author"},"creator":{"@id":"https:\/\/www.eldigitaldeasturias.com\/noticias\/author\/admin\/#author"},"image":{"@type":"ImageObject","url":483644,"@id":"https:\/\/www.eldigitaldeasturias.com\/noticias\/un-grupo-armado-reivindica-el-atentado-contra-la-oficina-de-ministro-del-interior-griego\/#mainImage"},"primaryImageOfPage":{"@id":"https:\/\/www.eldigitaldeasturias.com\/noticias\/un-grupo-armado-reivindica-el-atentado-contra-la-oficina-de-ministro-del-interior-griego\/#mainImage"},"datePublished":"2014-02-05T00:41:22+01:00","dateModified":"2014-02-05T00:41:22+01:00"},{"@type":"WebSite","@id":"https:\/\/www.eldigitaldeasturias.com\/noticias\/#website","url":"https:\/\/www.eldigitaldeasturias.com\/noticias\/","name":"El Digital de Asturias - Diario de actualidad y noticias","alternateName":"El Digital de Asturias - Diario de actualidad y noticias","description":"Hemeroteca","inLanguage":"es-ES","publisher":{"@id":"https:\/\/www.eldigitaldeasturias.com\/noticias\/#organization"}}]},"og:locale":"es_ES","og:site_name":"El Digital de Asturias","og:type":"article","og:title":"Un grupo armado reivindica el atentado contra la oficina de ministro del Interior griego - El Digital de Asturias","og:description":"Atenas, 4 feb (EFE).- El grupo armado anticapitalista &quot;Tolerancia Cero&quot; se atribuy\u00f3 hoy el ataque contra el despacho privado del ministro del Interior de Grecia, Yannis Mijelakis, perpetrado el pasado 14 de enero con un explosivo casero que no caus\u00f3 v\u00edctimas aunque s\u00ed da\u00f1os materiales. En una carta enviada al semanario &quot;To Pontiki&quot;, el grupo","og:url":"https:\/\/www.eldigitaldeasturias.com\/noticias\/un-grupo-armado-reivindica-el-atentado-contra-la-oficina-de-ministro-del-interior-griego\/","article:tag":["actualidad"],"article:published_time":"2014-02-05T01:41:22+00:00","article:modified_time":"2014-02-05T01:41:22+00:00","article:publisher":"https:\/\/facebook.com\/eldigitaldeasturias","twitter:card":"summary_large_image","twitter:title":"Un grupo armado reivindica el atentado contra la oficina de ministro del Interior griego - El Digital de Asturias","twitter:description":"Atenas, 4 feb (EFE).- El grupo armado anticapitalista &quot;Tolerancia Cero&quot; se atribuy\u00f3 hoy el ataque contra el despacho privado del ministro del Interior de Grecia, Yannis Mijelakis, perpetrado el pasado 14 de enero con un explosivo casero que no caus\u00f3 v\u00edctimas aunque s\u00ed da\u00f1os materiales. En una carta enviada al semanario &quot;To Pontiki&quot;, el grupo","twitter:label1":"Escrito por","twitter:data1":"El Digital de Asturias","twitter:label2":"Tiempo de lectura estimado","twitter:data2":"2 minutos"},"aioseo_meta_data":{"post_id":"483643","title":null,"description":null,"keywords":null,"keyphrases":null,"primary_term":null,"canonical_url":null,"og_title":null,"og_description":null,"og_object_type":"default","og_image_type":"default","og_image_url":null,"og_image_width":null,"og_image_height":null,"og_image_custom_url":null,"og_image_custom_fields":null,"og_video":null,"og_custom_url":null,"og_article_section":null,"og_article_tags":null,"twitter_use_og":true,"twitter_card":"default","twitter_image_type":"default","twitter_image_url":null,"twitter_image_custom_url":null,"twitter_image_custom_fields":null,"twitter_title":null,"twitter_description":null,"schema":{"blockGraphs":[],"customGraphs":[],"default":{"data":{"Article":[],"Course":[],"Dataset":[],"FAQPage":[],"Movie":[],"Person":[],"Product":[],"ProductReview":[],"Car":[],"Recipe":[],"Service":[],"SoftwareApplication":[],"WebPage":[]},"graphName":"","isEnabled":true},"graphs":[],"defaultGraph":"","defaultPostTypeGraph":""},"schema_type":null,"schema_type_options":null,"pillar_content":false,"robots_default":true,"robots_noindex":false,"robots_noarchive":false,"robots_nosnippet":false,"robots_nofollow":false,"robots_noimageindex":false,"robots_noodp":false,"robots_notranslate":false,"robots_max_snippet":null,"robots_max_videopreview":null,"robots_max_imagepreview":"none","priority":null,"frequency":null,"local_seo":null,"seo_analyzer_scan_date":"2026-06-02 13:29:06","breadcrumb_settings":null,"limit_modified_date":false,"open_ai":null,"ai":null,"created":"2020-11-14 22:54:50","updated":"2026-06-02 13:29:06","focus_keyword":null,"additional_keywords":null,"truseo_locale":null},"aioseo_breadcrumb":"<div class=\"aioseo-breadcrumbs\"><span class=\"aioseo-breadcrumb\">\n\t<a href=\"https:\/\/www.eldigitaldeasturias.com\/noticias\" title=\"Home\">Home<\/a>\n<\/span><span class=\"aioseo-breadcrumb-separator\">\u2013<\/span><span class=\"aioseo-breadcrumb\">\n\t<a href=\"https:\/\/www.eldigitaldeasturias.com\/noticias\/category\/actualidad\/\" title=\"Actualidad\">Actualidad<\/a>\n<\/span><span class=\"aioseo-breadcrumb-separator\">\u2013<\/span><span class=\"aioseo-breadcrumb\">\n\t<a href=\"https:\/\/www.eldigitaldeasturias.com\/noticias\/un-grupo-armado-reivindica-el-atentado-contra-la-oficina-de-ministro-del-interior-griego\/\" title=\"Un grupo armado reivindica el atentado contra la oficina de ministro del Interior griego\">Un grupo armado reivindica el atentado contra la oficina de ministro del Interior griego<\/a>\n<\/span><\/div>","aioseo_breadcrumb_json":[{"label":"Home","link":"https:\/\/www.eldigitaldeasturias.com\/noticias"},{"label":"Actualidad","link":"https:\/\/www.eldigitaldeasturias.com\/noticias\/category\/actualidad\/"},{"label":"Un grupo armado reivindica el atentado contra la oficina de ministro del Interior griego","link":"https:\/\/www.eldigitaldeasturias.com\/noticias\/un-grupo-armado-reivindica-el-atentado-contra-la-oficina-de-ministro-del-interior-griego\/"}],"_links":{"self":[{"href":"https:\/\/www.eldigitaldeasturias.com\/noticias\/wp-json\/wp\/v2\/posts\/483643","targetHints":{"allow":["GET"]}}],"collection":[{"href":"https:\/\/www.eldigitaldeasturias.com\/noticias\/wp-json\/wp\/v2\/posts"}],"about":[{"href":"https:\/\/www.eldigitaldeasturias.com\/noticias\/wp-json\/wp\/v2\/types\/post"}],"author":[{"embeddable":true,"href":"https:\/\/www.eldigitaldeasturias.com\/noticias\/wp-json\/wp\/v2\/users\/1"}],"replies":[{"embeddable":true,"href":"https:\/\/www.eldigitaldeasturias.com\/noticias\/wp-json\/wp\/v2\/comments?post=483643"}],"version-history":[{"count":0,"href":"https:\/\/www.eldigitaldeasturias.com\/noticias\/wp-json\/wp\/v2\/posts\/483643\/revisions"}],"wp:attachment":[{"href":"https:\/\/www.eldigitaldeasturias.com\/noticias\/wp-json\/wp\/v2\/media?parent=483643"}],"wp:term":[{"taxonomy":"category","embeddable":true,"href":"https:\/\/www.eldigitaldeasturias.com\/noticias\/wp-json\/wp\/v2\/categories?post=483643"},{"taxonomy":"post_tag","embeddable":true,"href":"https:\/\/www.eldigitaldeasturias.com\/noticias\/wp-json\/wp\/v2\/tags?post=483643"}],"curies":[{"name":"wp","href":"https:\/\/api.w.org\/{rel}","templated":true}]}}