{"id":483628,"date":"2014-02-05T00:30:20","date_gmt":"2014-02-05T01:30:20","guid":{"rendered":"http:\/\/www.eldigitaldeasturias.com\/noticias\/?p=483628"},"modified":"2014-02-05T00:30:20","modified_gmt":"2014-02-05T01:30:20","slug":"ccoo-pide-calma-ante-el-futuro-de-bankia-y-prioriza-acabar-su-reestructuracion","status":"publish","type":"post","link":"https:\/\/www.eldigitaldeasturias.com\/noticias\/ccoo-pide-calma-ante-el-futuro-de-bankia-y-prioriza-acabar-su-reestructuracion\/","title":{"rendered":"CCOO pide calma ante el futuro de Bankia y prioriza acabar su reestructuraci\u00f3n"},"content":{"rendered":"<p><img loading=\"lazy\" decoding=\"async\" class=\"alignleft size-medium wp-image-483629\" alt=\"5908799w\" src=\"https:\/\/www.eldigitaldeasturias.com\/noticias\/wp-content\/uploads\/2014\/02\/5908799w-360x239.jpg\" width=\"360\" height=\"239\" \/>Madrid, 4 feb (EFE).- El sindicato Comfia-CCOO ha reclamado hoy \u00abcalma\u00bb respecto al futuro de Bankia y ha se\u00f1alado que la prioridad es \u00abterminar ordenadamente la reestructuraci\u00f3n, recuperar la imagen y mejorar la gesti\u00f3n\u00bb de la entidad financiera, antes que iniciar su privatizaci\u00f3n y \u00abbuscarle destino\u00bb.<\/p>\n<p>En una nota publicada hoy, el sindicato ha asegurado que las \u00abprisas\u00bb por dar por iniciada la privatizaci\u00f3n de la entidad nacionalizada \u00abs\u00f3lo pueden acabar malbaratando el enorme esfuerzo que han hecho la plantilla, los clientes y en definitiva la ciudadan\u00eda\u00bb.<\/p>\n<p>Comfia-CCOO ha reclamado tambi\u00e9n que, al ser propiedad del Estado, hay que permitir que Bankia sea un instrumento \u00abeficaz para desbloquear las pol\u00edticas de cr\u00e9dito a la econom\u00eda productiva, a las pymes y a la creaci\u00f3n de empleo\u00bb, y un ejemplo del cumplimiento del fin social de las entidades financieras.<\/p>\n<p>Por otro lado, el sindicato ha afirmado que la parte positiva de los resultados de 2013 que Bankia present\u00f3 ayer -el grupo gan\u00f3 818 millones de euros y super\u00f3 sus propias expectativas-, se debe \u00aben gran medida\u00bb al \u00abenorme\u00bb sacrificio de la plantilla y a la responsabilidad de la representaci\u00f3n laboral.<\/p>\n","protected":false},"excerpt":{"rendered":"<p>Madrid, 4 feb (EFE).- El sindicato Comfia-CCOO ha reclamado hoy \u00abcalma\u00bb respecto al futuro de Bankia y ha se\u00f1alado que la prioridad es \u00abterminar ordenadamente la reestructuraci\u00f3n, recuperar la imagen y mejorar la gesti\u00f3n\u00bb de la entidad financiera, antes que iniciar su privatizaci\u00f3n y \u00abbuscarle destino\u00bb. En una nota publicada hoy, el sindicato ha asegurado [&hellip;]<\/p>\n","protected":false},"author":1,"featured_media":483629,"comment_status":"closed","ping_status":"open","sticky":false,"template":"","format":"standard","meta":{"footnotes":""},"categories":[1],"tags":[],"class_list":["post-483628","post","type-post","status-publish","format-standard","has-post-thumbnail","hentry","category-actualidad"],"aioseo_notices":[],"aioseo_head":"\n\t\t<!-- All in One SEO Pro 5.0.1 - aioseo.com -->\n\t<meta name=\"description\" content=\"Madrid, 4 feb (EFE).- El sindicato Comfia-CCOO ha reclamado hoy &quot;calma&quot; respecto al futuro de Bankia y ha se\u00f1alado que la prioridad es &quot;terminar ordenadamente la reestructuraci\u00f3n, recuperar la imagen y mejorar la gesti\u00f3n&quot; de la entidad financiera, antes que iniciar su privatizaci\u00f3n y &quot;buscarle destino&quot;. En una nota publicada hoy, el sindicato ha asegurado\" \/>\n\t<meta name=\"robots\" content=\"max-image-preview:large\" \/>\n\t<meta name=\"author\" content=\"El Digital de Asturias\"\/>\n\t<meta name=\"google-site-verification\" content=\"UA-38556648-1\" \/>\n\t<meta name=\"msvalidate.01\" content=\"7dfe9f3f1b24437ab69f4f2559babe99\" \/>\n\t<meta name=\"keywords\" content=\"actualidad\" \/>\n\t<link rel=\"canonical\" href=\"https:\/\/www.eldigitaldeasturias.com\/noticias\/ccoo-pide-calma-ante-el-futuro-de-bankia-y-prioriza-acabar-su-reestructuracion\/\" \/>\n\t<meta name=\"generator\" content=\"All in One SEO Pro (AIOSEO) 5.0.1\" \/>\n\t\t<meta property=\"og:locale\" content=\"es_ES\" \/>\n\t\t<meta property=\"og:site_name\" content=\"El Digital de Asturias\" \/>\n\t\t<meta property=\"og:type\" content=\"article\" \/>\n\t\t<meta property=\"og:title\" content=\"CCOO pide calma ante el futuro de Bankia y prioriza acabar su reestructuraci\u00f3n - El Digital de Asturias\" \/>\n\t\t<meta property=\"og:description\" content=\"Madrid, 4 feb (EFE).- El sindicato Comfia-CCOO ha reclamado hoy &quot;calma&quot; respecto al futuro de Bankia y ha se\u00f1alado que la prioridad es &quot;terminar ordenadamente la reestructuraci\u00f3n, recuperar la imagen y mejorar la gesti\u00f3n&quot; de la entidad financiera, antes que iniciar su privatizaci\u00f3n y &quot;buscarle destino&quot;. En una nota publicada hoy, el sindicato ha asegurado\" \/>\n\t\t<meta property=\"og:url\" content=\"https:\/\/www.eldigitaldeasturias.com\/noticias\/ccoo-pide-calma-ante-el-futuro-de-bankia-y-prioriza-acabar-su-reestructuracion\/\" \/>\n\t\t<meta property=\"article:tag\" content=\"actualidad\" \/>\n\t\t<meta property=\"article:published_time\" content=\"2014-02-05T01:30:20+00:00\" \/>\n\t\t<meta property=\"article:modified_time\" content=\"2014-02-05T01:30:20+00:00\" \/>\n\t\t<meta property=\"article:publisher\" content=\"https:\/\/facebook.com\/eldigitaldeasturias\" \/>\n\t\t<meta name=\"twitter:card\" content=\"summary_large_image\" \/>\n\t\t<meta name=\"twitter:title\" content=\"CCOO pide calma ante el futuro de Bankia y prioriza acabar su reestructuraci\u00f3n - El Digital de Asturias\" \/>\n\t\t<meta name=\"twitter:description\" content=\"Madrid, 4 feb (EFE).- El sindicato Comfia-CCOO ha reclamado hoy &quot;calma&quot; respecto al futuro de Bankia y ha se\u00f1alado que la prioridad es &quot;terminar ordenadamente la reestructuraci\u00f3n, recuperar la imagen y mejorar la gesti\u00f3n&quot; de la entidad financiera, antes que iniciar su privatizaci\u00f3n y &quot;buscarle destino&quot;. En una nota publicada hoy, el sindicato ha asegurado\" \/>\n\t\t<meta name=\"twitter:label1\" content=\"Escrito por\" \/>\n\t\t<meta name=\"twitter:data1\" content=\"El Digital de Asturias\" \/>\n\t\t<meta name=\"twitter:label2\" content=\"Tiempo de lectura estimado\" \/>\n\t\t<meta name=\"twitter:data2\" content=\"1 minuto\" \/>\n\t\t<script type=\"application\/ld+json\" class=\"aioseo-schema\">\n\t\t\t{\"@context\":\"https:\\\/\\\/schema.org\",\"@graph\":[{\"@type\":\"BlogPosting\",\"@id\":\"https:\\\/\\\/www.eldigitaldeasturias.com\\\/noticias\\\/ccoo-pide-calma-ante-el-futuro-de-bankia-y-prioriza-acabar-su-reestructuracion\\\/#blogposting\",\"name\":\"CCOO pide calma ante el futuro de Bankia y prioriza acabar su reestructuraci\\u00f3n - El Digital de Asturias\",\"headline\":\"CCOO pide calma ante el futuro de Bankia y prioriza acabar su reestructuraci\\u00f3n\",\"author\":{\"@id\":\"https:\\\/\\\/www.eldigitaldeasturias.com\\\/noticias\\\/author\\\/admin\\\/#author\"},\"publisher\":{\"@id\":\"https:\\\/\\\/www.eldigitaldeasturias.com\\\/noticias\\\/#organization\"},\"image\":{\"@type\":\"ImageObject\",\"url\":483629},\"datePublished\":\"2014-02-05T00:30:20+01:00\",\"dateModified\":\"2014-02-05T00:30:20+01:00\",\"inLanguage\":\"es-ES\",\"mainEntityOfPage\":{\"@id\":\"https:\\\/\\\/www.eldigitaldeasturias.com\\\/noticias\\\/ccoo-pide-calma-ante-el-futuro-de-bankia-y-prioriza-acabar-su-reestructuracion\\\/#webpage\"},\"isPartOf\":{\"@id\":\"https:\\\/\\\/www.eldigitaldeasturias.com\\\/noticias\\\/ccoo-pide-calma-ante-el-futuro-de-bankia-y-prioriza-acabar-su-reestructuracion\\\/#webpage\"},\"articleSection\":\"Actualidad\"},{\"@type\":\"BreadcrumbList\",\"@id\":\"https:\\\/\\\/www.eldigitaldeasturias.com\\\/noticias\\\/ccoo-pide-calma-ante-el-futuro-de-bankia-y-prioriza-acabar-su-reestructuracion\\\/#breadcrumblist\",\"itemListElement\":[{\"@type\":\"ListItem\",\"@id\":\"https:\\\/\\\/www.eldigitaldeasturias.com\\\/noticias#listItem\",\"position\":1,\"name\":\"Home\",\"item\":\"https:\\\/\\\/www.eldigitaldeasturias.com\\\/noticias\",\"nextItem\":{\"@type\":\"ListItem\",\"@id\":\"https:\\\/\\\/www.eldigitaldeasturias.com\\\/noticias\\\/category\\\/actualidad\\\/#listItem\",\"name\":\"Actualidad\"}},{\"@type\":\"ListItem\",\"@id\":\"https:\\\/\\\/www.eldigitaldeasturias.com\\\/noticias\\\/category\\\/actualidad\\\/#listItem\",\"position\":2,\"name\":\"Actualidad\",\"item\":\"https:\\\/\\\/www.eldigitaldeasturias.com\\\/noticias\\\/category\\\/actualidad\\\/\",\"nextItem\":{\"@type\":\"ListItem\",\"@id\":\"https:\\\/\\\/www.eldigitaldeasturias.com\\\/noticias\\\/ccoo-pide-calma-ante-el-futuro-de-bankia-y-prioriza-acabar-su-reestructuracion\\\/#listItem\",\"name\":\"CCOO pide calma ante el futuro de Bankia y prioriza acabar su reestructuraci\\u00f3n\"},\"previousItem\":{\"@type\":\"ListItem\",\"@id\":\"https:\\\/\\\/www.eldigitaldeasturias.com\\\/noticias#listItem\",\"name\":\"Home\"}},{\"@type\":\"ListItem\",\"@id\":\"https:\\\/\\\/www.eldigitaldeasturias.com\\\/noticias\\\/ccoo-pide-calma-ante-el-futuro-de-bankia-y-prioriza-acabar-su-reestructuracion\\\/#listItem\",\"position\":3,\"name\":\"CCOO pide calma ante el futuro de Bankia y prioriza acabar su reestructuraci\\u00f3n\",\"previousItem\":{\"@type\":\"ListItem\",\"@id\":\"https:\\\/\\\/www.eldigitaldeasturias.com\\\/noticias\\\/category\\\/actualidad\\\/#listItem\",\"name\":\"Actualidad\"}}]},{\"@type\":\"Organization\",\"@id\":\"https:\\\/\\\/www.eldigitaldeasturias.com\\\/noticias\\\/#organization\",\"name\":\"El Digital de Asturias\",\"description\":\"Hemeroteca\",\"url\":\"https:\\\/\\\/www.eldigitaldeasturias.com\\\/noticias\\\/\",\"email\":\"info@eldigitaldeasturias.com\",\"telephone\":\"+34652131393\",\"logo\":{\"@type\":\"ImageObject\",\"url\":\"https:\\\/\\\/www.eldigitaldeasturias.com\\\/noticias\\\/wp-content\\\/uploads\\\/2020\\\/12\\\/EDA.jpg\",\"@id\":\"https:\\\/\\\/www.eldigitaldeasturias.com\\\/noticias\\\/ccoo-pide-calma-ante-el-futuro-de-bankia-y-prioriza-acabar-su-reestructuracion\\\/#organizationLogo\"},\"image\":{\"@id\":\"https:\\\/\\\/www.eldigitaldeasturias.com\\\/noticias\\\/ccoo-pide-calma-ante-el-futuro-de-bankia-y-prioriza-acabar-su-reestructuracion\\\/#organizationLogo\"},\"sameAs\":[\"https:\\\/\\\/facebook.com\\\/eldigitaldeasturias\",\"https:\\\/\\\/www.youtube.com\\\/channel\\\/UCZP-2wLEB9Rv6erhFmqVnvg\"],\"address\":{\"@id\":\"https:\\\/\\\/www.eldigitaldeasturias.com\\\/noticias\\\/#postaladdress\",\"@type\":\"PostalAddress\",\"streetAddress\":\"san antonio 4\",\"postalCode\":\"33430\",\"addressLocality\":\"Cand\\u00e1s\",\"addressRegion\":\"Asturias\",\"addressCountry\":\"ES\"}},{\"@type\":\"Person\",\"@id\":\"https:\\\/\\\/www.eldigitaldeasturias.com\\\/noticias\\\/author\\\/admin\\\/#author\",\"url\":\"https:\\\/\\\/www.eldigitaldeasturias.com\\\/noticias\\\/author\\\/admin\\\/\",\"name\":\"El Digital de Asturias\",\"image\":{\"@type\":\"ImageObject\",\"@id\":\"https:\\\/\\\/www.eldigitaldeasturias.com\\\/noticias\\\/ccoo-pide-calma-ante-el-futuro-de-bankia-y-prioriza-acabar-su-reestructuracion\\\/#authorImage\",\"url\":\"https:\\\/\\\/secure.gravatar.com\\\/avatar\\\/df2aeffc32bcd13f8d26072ef8a91b623d677766deac7f97ca815868cd41bf5e?s=96&d=mm&r=g\",\"width\":96,\"height\":96,\"caption\":\"El Digital de Asturias\"}},{\"@type\":\"WebPage\",\"@id\":\"https:\\\/\\\/www.eldigitaldeasturias.com\\\/noticias\\\/ccoo-pide-calma-ante-el-futuro-de-bankia-y-prioriza-acabar-su-reestructuracion\\\/#webpage\",\"url\":\"https:\\\/\\\/www.eldigitaldeasturias.com\\\/noticias\\\/ccoo-pide-calma-ante-el-futuro-de-bankia-y-prioriza-acabar-su-reestructuracion\\\/\",\"name\":\"CCOO pide calma ante el futuro de Bankia y prioriza acabar su reestructuraci\\u00f3n - El Digital de Asturias\",\"description\":\"Madrid, 4 feb (EFE).- El sindicato Comfia-CCOO ha reclamado hoy \\\"calma\\\" respecto al futuro de Bankia y ha se\\u00f1alado que la prioridad es \\\"terminar ordenadamente la reestructuraci\\u00f3n, recuperar la imagen y mejorar la gesti\\u00f3n\\\" de la entidad financiera, antes que iniciar su privatizaci\\u00f3n y \\\"buscarle destino\\\". En una nota publicada hoy, el sindicato ha asegurado\",\"inLanguage\":\"es-ES\",\"isPartOf\":{\"@id\":\"https:\\\/\\\/www.eldigitaldeasturias.com\\\/noticias\\\/#website\"},\"breadcrumb\":{\"@id\":\"https:\\\/\\\/www.eldigitaldeasturias.com\\\/noticias\\\/ccoo-pide-calma-ante-el-futuro-de-bankia-y-prioriza-acabar-su-reestructuracion\\\/#breadcrumblist\"},\"author\":{\"@id\":\"https:\\\/\\\/www.eldigitaldeasturias.com\\\/noticias\\\/author\\\/admin\\\/#author\"},\"creator\":{\"@id\":\"https:\\\/\\\/www.eldigitaldeasturias.com\\\/noticias\\\/author\\\/admin\\\/#author\"},\"image\":{\"@type\":\"ImageObject\",\"url\":483629,\"@id\":\"https:\\\/\\\/www.eldigitaldeasturias.com\\\/noticias\\\/ccoo-pide-calma-ante-el-futuro-de-bankia-y-prioriza-acabar-su-reestructuracion\\\/#mainImage\"},\"primaryImageOfPage\":{\"@id\":\"https:\\\/\\\/www.eldigitaldeasturias.com\\\/noticias\\\/ccoo-pide-calma-ante-el-futuro-de-bankia-y-prioriza-acabar-su-reestructuracion\\\/#mainImage\"},\"datePublished\":\"2014-02-05T00:30:20+01:00\",\"dateModified\":\"2014-02-05T00:30:20+01:00\"},{\"@type\":\"WebSite\",\"@id\":\"https:\\\/\\\/www.eldigitaldeasturias.com\\\/noticias\\\/#website\",\"url\":\"https:\\\/\\\/www.eldigitaldeasturias.com\\\/noticias\\\/\",\"name\":\"El Digital de Asturias - Diario de actualidad y noticias\",\"alternateName\":\"El Digital de Asturias - Diario de actualidad y noticias\",\"description\":\"Hemeroteca\",\"inLanguage\":\"es-ES\",\"publisher\":{\"@id\":\"https:\\\/\\\/www.eldigitaldeasturias.com\\\/noticias\\\/#organization\"}}]}\n\t\t<\/script>\n\t\t<!-- All in One SEO Pro -->\r\n\t\t<title>CCOO pide calma ante el futuro de Bankia y prioriza acabar su reestructuraci\u00f3n - El Digital de Asturias<\/title>\n\n","aioseo_head_json":{"title":"CCOO pide calma ante el futuro de Bankia y prioriza acabar su reestructuraci\u00f3n - El Digital de Asturias","description":"Madrid, 4 feb (EFE).- El sindicato Comfia-CCOO ha reclamado hoy \"calma\" respecto al futuro de Bankia y ha se\u00f1alado que la prioridad es \"terminar ordenadamente la reestructuraci\u00f3n, recuperar la imagen y mejorar la gesti\u00f3n\" de la entidad financiera, antes que iniciar su privatizaci\u00f3n y \"buscarle destino\". En una nota publicada hoy, el sindicato ha asegurado","canonical_url":"https:\/\/www.eldigitaldeasturias.com\/noticias\/ccoo-pide-calma-ante-el-futuro-de-bankia-y-prioriza-acabar-su-reestructuracion\/","robots":"max-image-preview:large","keywords":"actualidad","webmasterTools":{"google-site-verification":"UA-38556648-1","msvalidate.01":"7dfe9f3f1b24437ab69f4f2559babe99","miscellaneous":""},"schema":{"@context":"https:\/\/schema.org","@graph":[{"@type":"BlogPosting","@id":"https:\/\/www.eldigitaldeasturias.com\/noticias\/ccoo-pide-calma-ante-el-futuro-de-bankia-y-prioriza-acabar-su-reestructuracion\/#blogposting","name":"CCOO pide calma ante el futuro de Bankia y prioriza acabar su reestructuraci\u00f3n - El Digital de Asturias","headline":"CCOO pide calma ante el futuro de Bankia y prioriza acabar su reestructuraci\u00f3n","author":{"@id":"https:\/\/www.eldigitaldeasturias.com\/noticias\/author\/admin\/#author"},"publisher":{"@id":"https:\/\/www.eldigitaldeasturias.com\/noticias\/#organization"},"image":{"@type":"ImageObject","url":483629},"datePublished":"2014-02-05T00:30:20+01:00","dateModified":"2014-02-05T00:30:20+01:00","inLanguage":"es-ES","mainEntityOfPage":{"@id":"https:\/\/www.eldigitaldeasturias.com\/noticias\/ccoo-pide-calma-ante-el-futuro-de-bankia-y-prioriza-acabar-su-reestructuracion\/#webpage"},"isPartOf":{"@id":"https:\/\/www.eldigitaldeasturias.com\/noticias\/ccoo-pide-calma-ante-el-futuro-de-bankia-y-prioriza-acabar-su-reestructuracion\/#webpage"},"articleSection":"Actualidad"},{"@type":"BreadcrumbList","@id":"https:\/\/www.eldigitaldeasturias.com\/noticias\/ccoo-pide-calma-ante-el-futuro-de-bankia-y-prioriza-acabar-su-reestructuracion\/#breadcrumblist","itemListElement":[{"@type":"ListItem","@id":"https:\/\/www.eldigitaldeasturias.com\/noticias#listItem","position":1,"name":"Home","item":"https:\/\/www.eldigitaldeasturias.com\/noticias","nextItem":{"@type":"ListItem","@id":"https:\/\/www.eldigitaldeasturias.com\/noticias\/category\/actualidad\/#listItem","name":"Actualidad"}},{"@type":"ListItem","@id":"https:\/\/www.eldigitaldeasturias.com\/noticias\/category\/actualidad\/#listItem","position":2,"name":"Actualidad","item":"https:\/\/www.eldigitaldeasturias.com\/noticias\/category\/actualidad\/","nextItem":{"@type":"ListItem","@id":"https:\/\/www.eldigitaldeasturias.com\/noticias\/ccoo-pide-calma-ante-el-futuro-de-bankia-y-prioriza-acabar-su-reestructuracion\/#listItem","name":"CCOO pide calma ante el futuro de Bankia y prioriza acabar su reestructuraci\u00f3n"},"previousItem":{"@type":"ListItem","@id":"https:\/\/www.eldigitaldeasturias.com\/noticias#listItem","name":"Home"}},{"@type":"ListItem","@id":"https:\/\/www.eldigitaldeasturias.com\/noticias\/ccoo-pide-calma-ante-el-futuro-de-bankia-y-prioriza-acabar-su-reestructuracion\/#listItem","position":3,"name":"CCOO pide calma ante el futuro de Bankia y prioriza acabar su reestructuraci\u00f3n","previousItem":{"@type":"ListItem","@id":"https:\/\/www.eldigitaldeasturias.com\/noticias\/category\/actualidad\/#listItem","name":"Actualidad"}}]},{"@type":"Organization","@id":"https:\/\/www.eldigitaldeasturias.com\/noticias\/#organization","name":"El Digital de Asturias","description":"Hemeroteca","url":"https:\/\/www.eldigitaldeasturias.com\/noticias\/","email":"info@eldigitaldeasturias.com","telephone":"+34652131393","logo":{"@type":"ImageObject","url":"https:\/\/www.eldigitaldeasturias.com\/noticias\/wp-content\/uploads\/2020\/12\/EDA.jpg","@id":"https:\/\/www.eldigitaldeasturias.com\/noticias\/ccoo-pide-calma-ante-el-futuro-de-bankia-y-prioriza-acabar-su-reestructuracion\/#organizationLogo"},"image":{"@id":"https:\/\/www.eldigitaldeasturias.com\/noticias\/ccoo-pide-calma-ante-el-futuro-de-bankia-y-prioriza-acabar-su-reestructuracion\/#organizationLogo"},"sameAs":["https:\/\/facebook.com\/eldigitaldeasturias","https:\/\/www.youtube.com\/channel\/UCZP-2wLEB9Rv6erhFmqVnvg"],"address":{"@id":"https:\/\/www.eldigitaldeasturias.com\/noticias\/#postaladdress","@type":"PostalAddress","streetAddress":"san antonio 4","postalCode":"33430","addressLocality":"Cand\u00e1s","addressRegion":"Asturias","addressCountry":"ES"}},{"@type":"Person","@id":"https:\/\/www.eldigitaldeasturias.com\/noticias\/author\/admin\/#author","url":"https:\/\/www.eldigitaldeasturias.com\/noticias\/author\/admin\/","name":"El Digital de Asturias","image":{"@type":"ImageObject","@id":"https:\/\/www.eldigitaldeasturias.com\/noticias\/ccoo-pide-calma-ante-el-futuro-de-bankia-y-prioriza-acabar-su-reestructuracion\/#authorImage","url":"https:\/\/secure.gravatar.com\/avatar\/df2aeffc32bcd13f8d26072ef8a91b623d677766deac7f97ca815868cd41bf5e?s=96&d=mm&r=g","width":96,"height":96,"caption":"El Digital de Asturias"}},{"@type":"WebPage","@id":"https:\/\/www.eldigitaldeasturias.com\/noticias\/ccoo-pide-calma-ante-el-futuro-de-bankia-y-prioriza-acabar-su-reestructuracion\/#webpage","url":"https:\/\/www.eldigitaldeasturias.com\/noticias\/ccoo-pide-calma-ante-el-futuro-de-bankia-y-prioriza-acabar-su-reestructuracion\/","name":"CCOO pide calma ante el futuro de Bankia y prioriza acabar su reestructuraci\u00f3n - El Digital de Asturias","description":"Madrid, 4 feb (EFE).- El sindicato Comfia-CCOO ha reclamado hoy \"calma\" respecto al futuro de Bankia y ha se\u00f1alado que la prioridad es \"terminar ordenadamente la reestructuraci\u00f3n, recuperar la imagen y mejorar la gesti\u00f3n\" de la entidad financiera, antes que iniciar su privatizaci\u00f3n y \"buscarle destino\". En una nota publicada hoy, el sindicato ha asegurado","inLanguage":"es-ES","isPartOf":{"@id":"https:\/\/www.eldigitaldeasturias.com\/noticias\/#website"},"breadcrumb":{"@id":"https:\/\/www.eldigitaldeasturias.com\/noticias\/ccoo-pide-calma-ante-el-futuro-de-bankia-y-prioriza-acabar-su-reestructuracion\/#breadcrumblist"},"author":{"@id":"https:\/\/www.eldigitaldeasturias.com\/noticias\/author\/admin\/#author"},"creator":{"@id":"https:\/\/www.eldigitaldeasturias.com\/noticias\/author\/admin\/#author"},"image":{"@type":"ImageObject","url":483629,"@id":"https:\/\/www.eldigitaldeasturias.com\/noticias\/ccoo-pide-calma-ante-el-futuro-de-bankia-y-prioriza-acabar-su-reestructuracion\/#mainImage"},"primaryImageOfPage":{"@id":"https:\/\/www.eldigitaldeasturias.com\/noticias\/ccoo-pide-calma-ante-el-futuro-de-bankia-y-prioriza-acabar-su-reestructuracion\/#mainImage"},"datePublished":"2014-02-05T00:30:20+01:00","dateModified":"2014-02-05T00:30:20+01:00"},{"@type":"WebSite","@id":"https:\/\/www.eldigitaldeasturias.com\/noticias\/#website","url":"https:\/\/www.eldigitaldeasturias.com\/noticias\/","name":"El Digital de Asturias - Diario de actualidad y noticias","alternateName":"El Digital de Asturias - Diario de actualidad y noticias","description":"Hemeroteca","inLanguage":"es-ES","publisher":{"@id":"https:\/\/www.eldigitaldeasturias.com\/noticias\/#organization"}}]},"og:locale":"es_ES","og:site_name":"El Digital de Asturias","og:type":"article","og:title":"CCOO pide calma ante el futuro de Bankia y prioriza acabar su reestructuraci\u00f3n - El Digital de Asturias","og:description":"Madrid, 4 feb (EFE).- El sindicato Comfia-CCOO ha reclamado hoy &quot;calma&quot; respecto al futuro de Bankia y ha se\u00f1alado que la prioridad es &quot;terminar ordenadamente la reestructuraci\u00f3n, recuperar la imagen y mejorar la gesti\u00f3n&quot; de la entidad financiera, antes que iniciar su privatizaci\u00f3n y &quot;buscarle destino&quot;. En una nota publicada hoy, el sindicato ha asegurado","og:url":"https:\/\/www.eldigitaldeasturias.com\/noticias\/ccoo-pide-calma-ante-el-futuro-de-bankia-y-prioriza-acabar-su-reestructuracion\/","article:tag":["actualidad"],"article:published_time":"2014-02-05T01:30:20+00:00","article:modified_time":"2014-02-05T01:30:20+00:00","article:publisher":"https:\/\/facebook.com\/eldigitaldeasturias","twitter:card":"summary_large_image","twitter:title":"CCOO pide calma ante el futuro de Bankia y prioriza acabar su reestructuraci\u00f3n - El Digital de Asturias","twitter:description":"Madrid, 4 feb (EFE).- El sindicato Comfia-CCOO ha reclamado hoy &quot;calma&quot; respecto al futuro de Bankia y ha se\u00f1alado que la prioridad es &quot;terminar ordenadamente la reestructuraci\u00f3n, recuperar la imagen y mejorar la gesti\u00f3n&quot; de la entidad financiera, antes que iniciar su privatizaci\u00f3n y &quot;buscarle destino&quot;. En una nota publicada hoy, el sindicato ha asegurado","twitter:label1":"Escrito por","twitter:data1":"El Digital de Asturias","twitter:label2":"Tiempo de lectura estimado","twitter:data2":"1 minuto"},"aioseo_meta_data":{"post_id":"483628","title":null,"description":null,"keywords":null,"keyphrases":null,"primary_term":null,"canonical_url":null,"og_title":null,"og_description":null,"og_object_type":"default","og_image_type":"default","og_image_url":null,"og_image_width":null,"og_image_height":null,"og_image_custom_url":null,"og_image_custom_fields":null,"og_video":null,"og_custom_url":null,"og_article_section":null,"og_article_tags":null,"twitter_use_og":true,"twitter_card":"default","twitter_image_type":"default","twitter_image_url":null,"twitter_image_custom_url":null,"twitter_image_custom_fields":null,"twitter_title":null,"twitter_description":null,"schema":{"blockGraphs":[],"customGraphs":[],"default":{"data":{"Article":[],"Course":[],"Dataset":[],"FAQPage":[],"Movie":[],"Person":[],"Product":[],"ProductReview":[],"Car":[],"Recipe":[],"Service":[],"SoftwareApplication":[],"WebPage":[]},"graphName":"","isEnabled":true},"graphs":[],"defaultGraph":"","defaultPostTypeGraph":""},"schema_type":null,"schema_type_options":null,"pillar_content":false,"robots_default":true,"robots_noindex":false,"robots_noarchive":false,"robots_nosnippet":false,"robots_nofollow":false,"robots_noimageindex":false,"robots_noodp":false,"robots_notranslate":false,"robots_max_snippet":null,"robots_max_videopreview":null,"robots_max_imagepreview":"none","priority":null,"frequency":null,"local_seo":null,"seo_analyzer_scan_date":"2026-06-02 13:26:50","breadcrumb_settings":null,"limit_modified_date":false,"open_ai":null,"ai":null,"created":"2020-11-14 22:54:46","updated":"2026-06-02 13:26:50","focus_keyword":null,"additional_keywords":null,"truseo_locale":null},"aioseo_breadcrumb":"<div class=\"aioseo-breadcrumbs\"><span class=\"aioseo-breadcrumb\">\n\t<a href=\"https:\/\/www.eldigitaldeasturias.com\/noticias\" title=\"Home\">Home<\/a>\n<\/span><span class=\"aioseo-breadcrumb-separator\">\u2013<\/span><span class=\"aioseo-breadcrumb\">\n\t<a href=\"https:\/\/www.eldigitaldeasturias.com\/noticias\/category\/actualidad\/\" title=\"Actualidad\">Actualidad<\/a>\n<\/span><span class=\"aioseo-breadcrumb-separator\">\u2013<\/span><span class=\"aioseo-breadcrumb\">\n\t<a href=\"https:\/\/www.eldigitaldeasturias.com\/noticias\/ccoo-pide-calma-ante-el-futuro-de-bankia-y-prioriza-acabar-su-reestructuracion\/\" title=\"CCOO pide calma ante el futuro de Bankia y prioriza acabar su reestructuraci\u00f3n\">CCOO pide calma ante el futuro de Bankia y prioriza acabar su reestructuraci\u00f3n<\/a>\n<\/span><\/div>","aioseo_breadcrumb_json":[{"label":"Home","link":"https:\/\/www.eldigitaldeasturias.com\/noticias"},{"label":"Actualidad","link":"https:\/\/www.eldigitaldeasturias.com\/noticias\/category\/actualidad\/"},{"label":"CCOO pide calma ante el futuro de Bankia y prioriza acabar su reestructuraci\u00f3n","link":"https:\/\/www.eldigitaldeasturias.com\/noticias\/ccoo-pide-calma-ante-el-futuro-de-bankia-y-prioriza-acabar-su-reestructuracion\/"}],"_links":{"self":[{"href":"https:\/\/www.eldigitaldeasturias.com\/noticias\/wp-json\/wp\/v2\/posts\/483628","targetHints":{"allow":["GET"]}}],"collection":[{"href":"https:\/\/www.eldigitaldeasturias.com\/noticias\/wp-json\/wp\/v2\/posts"}],"about":[{"href":"https:\/\/www.eldigitaldeasturias.com\/noticias\/wp-json\/wp\/v2\/types\/post"}],"author":[{"embeddable":true,"href":"https:\/\/www.eldigitaldeasturias.com\/noticias\/wp-json\/wp\/v2\/users\/1"}],"replies":[{"embeddable":true,"href":"https:\/\/www.eldigitaldeasturias.com\/noticias\/wp-json\/wp\/v2\/comments?post=483628"}],"version-history":[{"count":0,"href":"https:\/\/www.eldigitaldeasturias.com\/noticias\/wp-json\/wp\/v2\/posts\/483628\/revisions"}],"wp:attachment":[{"href":"https:\/\/www.eldigitaldeasturias.com\/noticias\/wp-json\/wp\/v2\/media?parent=483628"}],"wp:term":[{"taxonomy":"category","embeddable":true,"href":"https:\/\/www.eldigitaldeasturias.com\/noticias\/wp-json\/wp\/v2\/categories?post=483628"},{"taxonomy":"post_tag","embeddable":true,"href":"https:\/\/www.eldigitaldeasturias.com\/noticias\/wp-json\/wp\/v2\/tags?post=483628"}],"curies":[{"name":"wp","href":"https:\/\/api.w.org\/{rel}","templated":true}]}}