{"id":483619,"date":"2014-02-05T00:19:30","date_gmt":"2014-02-05T01:19:30","guid":{"rendered":"http:\/\/www.eldigitaldeasturias.com\/noticias\/?p=483619"},"modified":"2014-02-05T00:19:30","modified_gmt":"2014-02-05T01:19:30","slug":"el-gobierno-argentino-busca-en-el-futbol-un-cambio-de-su-imagen-publica","status":"publish","type":"post","link":"https:\/\/www.eldigitaldeasturias.com\/noticias\/el-gobierno-argentino-busca-en-el-futbol-un-cambio-de-su-imagen-publica\/","title":{"rendered":"El Gobierno argentino busca en el f\u00fatbol un cambio de su imagen p\u00fablica"},"content":{"rendered":"<p><img loading=\"lazy\" decoding=\"async\" class=\"alignleft size-medium wp-image-483620\" alt=\"5908547w\" src=\"https:\/\/www.eldigitaldeasturias.com\/noticias\/wp-content\/uploads\/2014\/02\/5908547w-360x233.jpg\" width=\"360\" height=\"233\" \/>Buenos Aires, 4 feb (EFE).- El Gobierno argentino presentar\u00e1 ma\u00f1ana una &#8216;refundaci\u00f3n&#8217; de las transmisiones de los encuentros de la liga local de f\u00fatbol tras las reiteradas cr\u00edticas que recibi\u00f3 por los montos de la inversi\u00f3n p\u00fablica y su est\u00e9tica, que inclu\u00eda s\u00f3lo propaganda oficial.<\/p>\n<p>Con el empresario y conductor televisivo Marcelo Tinelli como nuevo jefe de producci\u00f3n, el Gobierno pretende que, en un a\u00f1o mundialista, el f\u00fatbol sea un aliado y no un enemigo.<\/p>\n<p>Desde el 11 de agosto de 2009, la Asociaci\u00f3n del F\u00fatbol Argentino suspendi\u00f3 un contrato vigente con la empresa Torneos y Competencias y, a cambio de 600 millones de pesos (unos 75 millones de d\u00f3lares) -m\u00e1s del doble que el anterior-, le ced\u00eda los derechos de transmisi\u00f3n al Estado argentino.<\/p>\n<p>Con esta decisi\u00f3n, el gobierno nacional estableci\u00f3 que el f\u00fatbol era un \u00abbien cultural y social\u00bb que deb\u00eda estar al alcance de todos los argentinos en forma gratuita.<\/p>\n<p>Por lo tanto, todos los encuentros de la primera divisi\u00f3n del f\u00fatbol argentino y algunos de la segunda pasaron de los canales de los cableoperadores a las se\u00f1ales abiertas de radiodifusi\u00f3n.<\/p>\n<p>No obstante, a lo largo de estos cuatro a\u00f1os de &#8216;F\u00fatbol para Todos&#8217; el gobierno recibi\u00f3 numerosas cr\u00edticas, en primer lugar, por el gasto p\u00fablico que creci\u00f3 de aquellos 600 millones iniciales a 1.512 millones de pesos (168 millones de d\u00f3lares) en 2013.<\/p>\n<p>Por otra parte, desde marzo de 2010 el gobierno nacional determin\u00f3 que en las tandas publicitarias de las transmisiones del f\u00fatbol argentino se incluya s\u00f3lo publicidad institucional de la Presidencia de la Naci\u00f3n.<\/p>\n<p>La oposici\u00f3n acus\u00f3 al gobierno de utilizar las tandas publicitarias del f\u00fatbol como \u00abveh\u00edculo propagand\u00edstico partidario y oficial\u00bb, adem\u00e1s de \u00abdesestimar los ingresos de privados para solventar los excesivos gastos de derechos y producci\u00f3n\u00bb.<\/p>\n<p>Ante este escenario, el nuevo Jefe de Gabinete, Jorge Capitanich, se propuso un cambio de est\u00e9tica, formato, nombres y sustento econ\u00f3mico del &#8216;F\u00fatbol para Todos&#8217;.<\/p>\n<p>A tal fin, fue convocado el productor y conductor televisivo Marcelo Tinelli, junto con su productora Ideas del Sur, para encabezar esta transformaci\u00f3n que tiene por objetivo mejorar la imagen p\u00fablica del &#8216;F\u00fatbol para Todos&#8217; y, por car\u00e1cter transitivo del Gobierno Nacional.<\/p>\n<p>Esta nueva conducci\u00f3n, en asociaci\u00f3n con la empresa Torneos y Competencias, para el torneo Final, que se inicia el viernes, cambiar\u00e1 los principales relatores y comentaristas de las transmisiones televisivas del f\u00fatbol argentino.<\/p>\n<p>El lanzamiento de una nueva se\u00f1al como AFATV, la inclusi\u00f3n de pauta publicitaria de privados y el lanzamiento de un proyecto de apuestas en l\u00ednea conforman el nuevo escenario pre-mundialista que proyect\u00f3 el Gobierno para que el f\u00fatbol sea un aliado en busca de un cambio de imagen.<\/p>\n","protected":false},"excerpt":{"rendered":"<p>Buenos Aires, 4 feb (EFE).- El Gobierno argentino presentar\u00e1 ma\u00f1ana una &#8216;refundaci\u00f3n&#8217; de las transmisiones de los encuentros de la liga local de f\u00fatbol tras las reiteradas cr\u00edticas que recibi\u00f3 por los montos de la inversi\u00f3n p\u00fablica y su est\u00e9tica, que inclu\u00eda s\u00f3lo propaganda oficial. Con el empresario y conductor televisivo Marcelo Tinelli como nuevo [&hellip;]<\/p>\n","protected":false},"author":1,"featured_media":483620,"comment_status":"closed","ping_status":"open","sticky":false,"template":"","format":"standard","meta":{"footnotes":""},"categories":[1],"tags":[],"class_list":["post-483619","post","type-post","status-publish","format-standard","has-post-thumbnail","hentry","category-actualidad"],"aioseo_notices":[],"aioseo_head":"\n\t\t<!-- All in One SEO Pro 5.0.1 - aioseo.com -->\n\t<meta name=\"description\" content=\"Buenos Aires, 4 feb (EFE).- El Gobierno argentino presentar\u00e1 ma\u00f1ana una &#039;refundaci\u00f3n&#039; de las transmisiones de los encuentros de la liga local de f\u00fatbol tras las reiteradas cr\u00edticas que recibi\u00f3 por los montos de la inversi\u00f3n p\u00fablica y su est\u00e9tica, que inclu\u00eda s\u00f3lo propaganda oficial. Con el empresario y conductor televisivo Marcelo Tinelli como nuevo\" \/>\n\t<meta name=\"robots\" content=\"max-image-preview:large\" \/>\n\t<meta name=\"author\" content=\"El Digital de Asturias\"\/>\n\t<meta name=\"google-site-verification\" content=\"UA-38556648-1\" \/>\n\t<meta name=\"msvalidate.01\" content=\"7dfe9f3f1b24437ab69f4f2559babe99\" \/>\n\t<meta name=\"keywords\" content=\"actualidad\" \/>\n\t<link rel=\"canonical\" href=\"https:\/\/www.eldigitaldeasturias.com\/noticias\/el-gobierno-argentino-busca-en-el-futbol-un-cambio-de-su-imagen-publica\/\" \/>\n\t<meta name=\"generator\" content=\"All in One SEO Pro (AIOSEO) 5.0.1\" \/>\n\t\t<meta property=\"og:locale\" content=\"es_ES\" \/>\n\t\t<meta property=\"og:site_name\" content=\"El Digital de Asturias\" \/>\n\t\t<meta property=\"og:type\" content=\"article\" \/>\n\t\t<meta property=\"og:title\" content=\"El Gobierno argentino busca en el f\u00fatbol un cambio de su imagen p\u00fablica - El Digital de Asturias\" \/>\n\t\t<meta property=\"og:description\" content=\"Buenos Aires, 4 feb (EFE).- El Gobierno argentino presentar\u00e1 ma\u00f1ana una &#039;refundaci\u00f3n&#039; de las transmisiones de los encuentros de la liga local de f\u00fatbol tras las reiteradas cr\u00edticas que recibi\u00f3 por los montos de la inversi\u00f3n p\u00fablica y su est\u00e9tica, que inclu\u00eda s\u00f3lo propaganda oficial. Con el empresario y conductor televisivo Marcelo Tinelli como nuevo\" \/>\n\t\t<meta property=\"og:url\" content=\"https:\/\/www.eldigitaldeasturias.com\/noticias\/el-gobierno-argentino-busca-en-el-futbol-un-cambio-de-su-imagen-publica\/\" \/>\n\t\t<meta property=\"article:tag\" content=\"actualidad\" \/>\n\t\t<meta property=\"article:published_time\" content=\"2014-02-05T01:19:30+00:00\" \/>\n\t\t<meta property=\"article:modified_time\" content=\"2014-02-05T01:19:30+00:00\" \/>\n\t\t<meta property=\"article:publisher\" content=\"https:\/\/facebook.com\/eldigitaldeasturias\" \/>\n\t\t<meta name=\"twitter:card\" content=\"summary_large_image\" \/>\n\t\t<meta name=\"twitter:title\" content=\"El Gobierno argentino busca en el f\u00fatbol un cambio de su imagen p\u00fablica - El Digital de Asturias\" \/>\n\t\t<meta name=\"twitter:description\" content=\"Buenos Aires, 4 feb (EFE).- El Gobierno argentino presentar\u00e1 ma\u00f1ana una &#039;refundaci\u00f3n&#039; de las transmisiones de los encuentros de la liga local de f\u00fatbol tras las reiteradas cr\u00edticas que recibi\u00f3 por los montos de la inversi\u00f3n p\u00fablica y su est\u00e9tica, que inclu\u00eda s\u00f3lo propaganda oficial. Con el empresario y conductor televisivo Marcelo Tinelli como nuevo\" \/>\n\t\t<meta name=\"twitter:label1\" content=\"Escrito por\" \/>\n\t\t<meta name=\"twitter:data1\" content=\"El Digital de Asturias\" \/>\n\t\t<meta name=\"twitter:label2\" content=\"Tiempo de lectura estimado\" \/>\n\t\t<meta name=\"twitter:data2\" content=\"2 minutos\" \/>\n\t\t<script type=\"application\/ld+json\" class=\"aioseo-schema\">\n\t\t\t{\"@context\":\"https:\\\/\\\/schema.org\",\"@graph\":[{\"@type\":\"BlogPosting\",\"@id\":\"https:\\\/\\\/www.eldigitaldeasturias.com\\\/noticias\\\/el-gobierno-argentino-busca-en-el-futbol-un-cambio-de-su-imagen-publica\\\/#blogposting\",\"name\":\"El Gobierno argentino busca en el f\\u00fatbol un cambio de su imagen p\\u00fablica - El Digital de Asturias\",\"headline\":\"El Gobierno argentino busca en el f\\u00fatbol un cambio de su imagen p\\u00fablica\",\"author\":{\"@id\":\"https:\\\/\\\/www.eldigitaldeasturias.com\\\/noticias\\\/author\\\/admin\\\/#author\"},\"publisher\":{\"@id\":\"https:\\\/\\\/www.eldigitaldeasturias.com\\\/noticias\\\/#organization\"},\"image\":{\"@type\":\"ImageObject\",\"url\":483620},\"datePublished\":\"2014-02-05T00:19:30+01:00\",\"dateModified\":\"2014-02-05T00:19:30+01:00\",\"inLanguage\":\"es-ES\",\"mainEntityOfPage\":{\"@id\":\"https:\\\/\\\/www.eldigitaldeasturias.com\\\/noticias\\\/el-gobierno-argentino-busca-en-el-futbol-un-cambio-de-su-imagen-publica\\\/#webpage\"},\"isPartOf\":{\"@id\":\"https:\\\/\\\/www.eldigitaldeasturias.com\\\/noticias\\\/el-gobierno-argentino-busca-en-el-futbol-un-cambio-de-su-imagen-publica\\\/#webpage\"},\"articleSection\":\"Actualidad\"},{\"@type\":\"BreadcrumbList\",\"@id\":\"https:\\\/\\\/www.eldigitaldeasturias.com\\\/noticias\\\/el-gobierno-argentino-busca-en-el-futbol-un-cambio-de-su-imagen-publica\\\/#breadcrumblist\",\"itemListElement\":[{\"@type\":\"ListItem\",\"@id\":\"https:\\\/\\\/www.eldigitaldeasturias.com\\\/noticias#listItem\",\"position\":1,\"name\":\"Home\",\"item\":\"https:\\\/\\\/www.eldigitaldeasturias.com\\\/noticias\",\"nextItem\":{\"@type\":\"ListItem\",\"@id\":\"https:\\\/\\\/www.eldigitaldeasturias.com\\\/noticias\\\/category\\\/actualidad\\\/#listItem\",\"name\":\"Actualidad\"}},{\"@type\":\"ListItem\",\"@id\":\"https:\\\/\\\/www.eldigitaldeasturias.com\\\/noticias\\\/category\\\/actualidad\\\/#listItem\",\"position\":2,\"name\":\"Actualidad\",\"item\":\"https:\\\/\\\/www.eldigitaldeasturias.com\\\/noticias\\\/category\\\/actualidad\\\/\",\"nextItem\":{\"@type\":\"ListItem\",\"@id\":\"https:\\\/\\\/www.eldigitaldeasturias.com\\\/noticias\\\/el-gobierno-argentino-busca-en-el-futbol-un-cambio-de-su-imagen-publica\\\/#listItem\",\"name\":\"El Gobierno argentino busca en el f\\u00fatbol un cambio de su imagen p\\u00fablica\"},\"previousItem\":{\"@type\":\"ListItem\",\"@id\":\"https:\\\/\\\/www.eldigitaldeasturias.com\\\/noticias#listItem\",\"name\":\"Home\"}},{\"@type\":\"ListItem\",\"@id\":\"https:\\\/\\\/www.eldigitaldeasturias.com\\\/noticias\\\/el-gobierno-argentino-busca-en-el-futbol-un-cambio-de-su-imagen-publica\\\/#listItem\",\"position\":3,\"name\":\"El Gobierno argentino busca en el f\\u00fatbol un cambio de su imagen p\\u00fablica\",\"previousItem\":{\"@type\":\"ListItem\",\"@id\":\"https:\\\/\\\/www.eldigitaldeasturias.com\\\/noticias\\\/category\\\/actualidad\\\/#listItem\",\"name\":\"Actualidad\"}}]},{\"@type\":\"Organization\",\"@id\":\"https:\\\/\\\/www.eldigitaldeasturias.com\\\/noticias\\\/#organization\",\"name\":\"El Digital de Asturias\",\"description\":\"Hemeroteca\",\"url\":\"https:\\\/\\\/www.eldigitaldeasturias.com\\\/noticias\\\/\",\"email\":\"info@eldigitaldeasturias.com\",\"telephone\":\"+34652131393\",\"logo\":{\"@type\":\"ImageObject\",\"url\":\"https:\\\/\\\/www.eldigitaldeasturias.com\\\/noticias\\\/wp-content\\\/uploads\\\/2020\\\/12\\\/EDA.jpg\",\"@id\":\"https:\\\/\\\/www.eldigitaldeasturias.com\\\/noticias\\\/el-gobierno-argentino-busca-en-el-futbol-un-cambio-de-su-imagen-publica\\\/#organizationLogo\"},\"image\":{\"@id\":\"https:\\\/\\\/www.eldigitaldeasturias.com\\\/noticias\\\/el-gobierno-argentino-busca-en-el-futbol-un-cambio-de-su-imagen-publica\\\/#organizationLogo\"},\"sameAs\":[\"https:\\\/\\\/facebook.com\\\/eldigitaldeasturias\",\"https:\\\/\\\/www.youtube.com\\\/channel\\\/UCZP-2wLEB9Rv6erhFmqVnvg\"],\"address\":{\"@id\":\"https:\\\/\\\/www.eldigitaldeasturias.com\\\/noticias\\\/#postaladdress\",\"@type\":\"PostalAddress\",\"streetAddress\":\"san antonio 4\",\"postalCode\":\"33430\",\"addressLocality\":\"Cand\\u00e1s\",\"addressRegion\":\"Asturias\",\"addressCountry\":\"ES\"}},{\"@type\":\"Person\",\"@id\":\"https:\\\/\\\/www.eldigitaldeasturias.com\\\/noticias\\\/author\\\/admin\\\/#author\",\"url\":\"https:\\\/\\\/www.eldigitaldeasturias.com\\\/noticias\\\/author\\\/admin\\\/\",\"name\":\"El Digital de Asturias\",\"image\":{\"@type\":\"ImageObject\",\"@id\":\"https:\\\/\\\/www.eldigitaldeasturias.com\\\/noticias\\\/el-gobierno-argentino-busca-en-el-futbol-un-cambio-de-su-imagen-publica\\\/#authorImage\",\"url\":\"https:\\\/\\\/secure.gravatar.com\\\/avatar\\\/df2aeffc32bcd13f8d26072ef8a91b623d677766deac7f97ca815868cd41bf5e?s=96&d=mm&r=g\",\"width\":96,\"height\":96,\"caption\":\"El Digital de Asturias\"}},{\"@type\":\"WebPage\",\"@id\":\"https:\\\/\\\/www.eldigitaldeasturias.com\\\/noticias\\\/el-gobierno-argentino-busca-en-el-futbol-un-cambio-de-su-imagen-publica\\\/#webpage\",\"url\":\"https:\\\/\\\/www.eldigitaldeasturias.com\\\/noticias\\\/el-gobierno-argentino-busca-en-el-futbol-un-cambio-de-su-imagen-publica\\\/\",\"name\":\"El Gobierno argentino busca en el f\\u00fatbol un cambio de su imagen p\\u00fablica - El Digital de Asturias\",\"description\":\"Buenos Aires, 4 feb (EFE).- El Gobierno argentino presentar\\u00e1 ma\\u00f1ana una 'refundaci\\u00f3n' de las transmisiones de los encuentros de la liga local de f\\u00fatbol tras las reiteradas cr\\u00edticas que recibi\\u00f3 por los montos de la inversi\\u00f3n p\\u00fablica y su est\\u00e9tica, que inclu\\u00eda s\\u00f3lo propaganda oficial. Con el empresario y conductor televisivo Marcelo Tinelli como nuevo\",\"inLanguage\":\"es-ES\",\"isPartOf\":{\"@id\":\"https:\\\/\\\/www.eldigitaldeasturias.com\\\/noticias\\\/#website\"},\"breadcrumb\":{\"@id\":\"https:\\\/\\\/www.eldigitaldeasturias.com\\\/noticias\\\/el-gobierno-argentino-busca-en-el-futbol-un-cambio-de-su-imagen-publica\\\/#breadcrumblist\"},\"author\":{\"@id\":\"https:\\\/\\\/www.eldigitaldeasturias.com\\\/noticias\\\/author\\\/admin\\\/#author\"},\"creator\":{\"@id\":\"https:\\\/\\\/www.eldigitaldeasturias.com\\\/noticias\\\/author\\\/admin\\\/#author\"},\"image\":{\"@type\":\"ImageObject\",\"url\":483620,\"@id\":\"https:\\\/\\\/www.eldigitaldeasturias.com\\\/noticias\\\/el-gobierno-argentino-busca-en-el-futbol-un-cambio-de-su-imagen-publica\\\/#mainImage\"},\"primaryImageOfPage\":{\"@id\":\"https:\\\/\\\/www.eldigitaldeasturias.com\\\/noticias\\\/el-gobierno-argentino-busca-en-el-futbol-un-cambio-de-su-imagen-publica\\\/#mainImage\"},\"datePublished\":\"2014-02-05T00:19:30+01:00\",\"dateModified\":\"2014-02-05T00:19:30+01:00\"},{\"@type\":\"WebSite\",\"@id\":\"https:\\\/\\\/www.eldigitaldeasturias.com\\\/noticias\\\/#website\",\"url\":\"https:\\\/\\\/www.eldigitaldeasturias.com\\\/noticias\\\/\",\"name\":\"El Digital de Asturias - Diario de actualidad y noticias\",\"alternateName\":\"El Digital de Asturias - Diario de actualidad y noticias\",\"description\":\"Hemeroteca\",\"inLanguage\":\"es-ES\",\"publisher\":{\"@id\":\"https:\\\/\\\/www.eldigitaldeasturias.com\\\/noticias\\\/#organization\"}}]}\n\t\t<\/script>\n\t\t<!-- All in One SEO Pro -->\r\n\t\t<title>El Gobierno argentino busca en el f\u00fatbol un cambio de su imagen p\u00fablica - El Digital de Asturias<\/title>\n\n","aioseo_head_json":{"title":"El Gobierno argentino busca en el f\u00fatbol un cambio de su imagen p\u00fablica - El Digital de Asturias","description":"Buenos Aires, 4 feb (EFE).- El Gobierno argentino presentar\u00e1 ma\u00f1ana una 'refundaci\u00f3n' de las transmisiones de los encuentros de la liga local de f\u00fatbol tras las reiteradas cr\u00edticas que recibi\u00f3 por los montos de la inversi\u00f3n p\u00fablica y su est\u00e9tica, que inclu\u00eda s\u00f3lo propaganda oficial. Con el empresario y conductor televisivo Marcelo Tinelli como nuevo","canonical_url":"https:\/\/www.eldigitaldeasturias.com\/noticias\/el-gobierno-argentino-busca-en-el-futbol-un-cambio-de-su-imagen-publica\/","robots":"max-image-preview:large","keywords":"actualidad","webmasterTools":{"google-site-verification":"UA-38556648-1","msvalidate.01":"7dfe9f3f1b24437ab69f4f2559babe99","miscellaneous":""},"schema":{"@context":"https:\/\/schema.org","@graph":[{"@type":"BlogPosting","@id":"https:\/\/www.eldigitaldeasturias.com\/noticias\/el-gobierno-argentino-busca-en-el-futbol-un-cambio-de-su-imagen-publica\/#blogposting","name":"El Gobierno argentino busca en el f\u00fatbol un cambio de su imagen p\u00fablica - El Digital de Asturias","headline":"El Gobierno argentino busca en el f\u00fatbol un cambio de su imagen p\u00fablica","author":{"@id":"https:\/\/www.eldigitaldeasturias.com\/noticias\/author\/admin\/#author"},"publisher":{"@id":"https:\/\/www.eldigitaldeasturias.com\/noticias\/#organization"},"image":{"@type":"ImageObject","url":483620},"datePublished":"2014-02-05T00:19:30+01:00","dateModified":"2014-02-05T00:19:30+01:00","inLanguage":"es-ES","mainEntityOfPage":{"@id":"https:\/\/www.eldigitaldeasturias.com\/noticias\/el-gobierno-argentino-busca-en-el-futbol-un-cambio-de-su-imagen-publica\/#webpage"},"isPartOf":{"@id":"https:\/\/www.eldigitaldeasturias.com\/noticias\/el-gobierno-argentino-busca-en-el-futbol-un-cambio-de-su-imagen-publica\/#webpage"},"articleSection":"Actualidad"},{"@type":"BreadcrumbList","@id":"https:\/\/www.eldigitaldeasturias.com\/noticias\/el-gobierno-argentino-busca-en-el-futbol-un-cambio-de-su-imagen-publica\/#breadcrumblist","itemListElement":[{"@type":"ListItem","@id":"https:\/\/www.eldigitaldeasturias.com\/noticias#listItem","position":1,"name":"Home","item":"https:\/\/www.eldigitaldeasturias.com\/noticias","nextItem":{"@type":"ListItem","@id":"https:\/\/www.eldigitaldeasturias.com\/noticias\/category\/actualidad\/#listItem","name":"Actualidad"}},{"@type":"ListItem","@id":"https:\/\/www.eldigitaldeasturias.com\/noticias\/category\/actualidad\/#listItem","position":2,"name":"Actualidad","item":"https:\/\/www.eldigitaldeasturias.com\/noticias\/category\/actualidad\/","nextItem":{"@type":"ListItem","@id":"https:\/\/www.eldigitaldeasturias.com\/noticias\/el-gobierno-argentino-busca-en-el-futbol-un-cambio-de-su-imagen-publica\/#listItem","name":"El Gobierno argentino busca en el f\u00fatbol un cambio de su imagen p\u00fablica"},"previousItem":{"@type":"ListItem","@id":"https:\/\/www.eldigitaldeasturias.com\/noticias#listItem","name":"Home"}},{"@type":"ListItem","@id":"https:\/\/www.eldigitaldeasturias.com\/noticias\/el-gobierno-argentino-busca-en-el-futbol-un-cambio-de-su-imagen-publica\/#listItem","position":3,"name":"El Gobierno argentino busca en el f\u00fatbol un cambio de su imagen p\u00fablica","previousItem":{"@type":"ListItem","@id":"https:\/\/www.eldigitaldeasturias.com\/noticias\/category\/actualidad\/#listItem","name":"Actualidad"}}]},{"@type":"Organization","@id":"https:\/\/www.eldigitaldeasturias.com\/noticias\/#organization","name":"El Digital de Asturias","description":"Hemeroteca","url":"https:\/\/www.eldigitaldeasturias.com\/noticias\/","email":"info@eldigitaldeasturias.com","telephone":"+34652131393","logo":{"@type":"ImageObject","url":"https:\/\/www.eldigitaldeasturias.com\/noticias\/wp-content\/uploads\/2020\/12\/EDA.jpg","@id":"https:\/\/www.eldigitaldeasturias.com\/noticias\/el-gobierno-argentino-busca-en-el-futbol-un-cambio-de-su-imagen-publica\/#organizationLogo"},"image":{"@id":"https:\/\/www.eldigitaldeasturias.com\/noticias\/el-gobierno-argentino-busca-en-el-futbol-un-cambio-de-su-imagen-publica\/#organizationLogo"},"sameAs":["https:\/\/facebook.com\/eldigitaldeasturias","https:\/\/www.youtube.com\/channel\/UCZP-2wLEB9Rv6erhFmqVnvg"],"address":{"@id":"https:\/\/www.eldigitaldeasturias.com\/noticias\/#postaladdress","@type":"PostalAddress","streetAddress":"san antonio 4","postalCode":"33430","addressLocality":"Cand\u00e1s","addressRegion":"Asturias","addressCountry":"ES"}},{"@type":"Person","@id":"https:\/\/www.eldigitaldeasturias.com\/noticias\/author\/admin\/#author","url":"https:\/\/www.eldigitaldeasturias.com\/noticias\/author\/admin\/","name":"El Digital de Asturias","image":{"@type":"ImageObject","@id":"https:\/\/www.eldigitaldeasturias.com\/noticias\/el-gobierno-argentino-busca-en-el-futbol-un-cambio-de-su-imagen-publica\/#authorImage","url":"https:\/\/secure.gravatar.com\/avatar\/df2aeffc32bcd13f8d26072ef8a91b623d677766deac7f97ca815868cd41bf5e?s=96&d=mm&r=g","width":96,"height":96,"caption":"El Digital de Asturias"}},{"@type":"WebPage","@id":"https:\/\/www.eldigitaldeasturias.com\/noticias\/el-gobierno-argentino-busca-en-el-futbol-un-cambio-de-su-imagen-publica\/#webpage","url":"https:\/\/www.eldigitaldeasturias.com\/noticias\/el-gobierno-argentino-busca-en-el-futbol-un-cambio-de-su-imagen-publica\/","name":"El Gobierno argentino busca en el f\u00fatbol un cambio de su imagen p\u00fablica - El Digital de Asturias","description":"Buenos Aires, 4 feb (EFE).- El Gobierno argentino presentar\u00e1 ma\u00f1ana una 'refundaci\u00f3n' de las transmisiones de los encuentros de la liga local de f\u00fatbol tras las reiteradas cr\u00edticas que recibi\u00f3 por los montos de la inversi\u00f3n p\u00fablica y su est\u00e9tica, que inclu\u00eda s\u00f3lo propaganda oficial. Con el empresario y conductor televisivo Marcelo Tinelli como nuevo","inLanguage":"es-ES","isPartOf":{"@id":"https:\/\/www.eldigitaldeasturias.com\/noticias\/#website"},"breadcrumb":{"@id":"https:\/\/www.eldigitaldeasturias.com\/noticias\/el-gobierno-argentino-busca-en-el-futbol-un-cambio-de-su-imagen-publica\/#breadcrumblist"},"author":{"@id":"https:\/\/www.eldigitaldeasturias.com\/noticias\/author\/admin\/#author"},"creator":{"@id":"https:\/\/www.eldigitaldeasturias.com\/noticias\/author\/admin\/#author"},"image":{"@type":"ImageObject","url":483620,"@id":"https:\/\/www.eldigitaldeasturias.com\/noticias\/el-gobierno-argentino-busca-en-el-futbol-un-cambio-de-su-imagen-publica\/#mainImage"},"primaryImageOfPage":{"@id":"https:\/\/www.eldigitaldeasturias.com\/noticias\/el-gobierno-argentino-busca-en-el-futbol-un-cambio-de-su-imagen-publica\/#mainImage"},"datePublished":"2014-02-05T00:19:30+01:00","dateModified":"2014-02-05T00:19:30+01:00"},{"@type":"WebSite","@id":"https:\/\/www.eldigitaldeasturias.com\/noticias\/#website","url":"https:\/\/www.eldigitaldeasturias.com\/noticias\/","name":"El Digital de Asturias - Diario de actualidad y noticias","alternateName":"El Digital de Asturias - Diario de actualidad y noticias","description":"Hemeroteca","inLanguage":"es-ES","publisher":{"@id":"https:\/\/www.eldigitaldeasturias.com\/noticias\/#organization"}}]},"og:locale":"es_ES","og:site_name":"El Digital de Asturias","og:type":"article","og:title":"El Gobierno argentino busca en el f\u00fatbol un cambio de su imagen p\u00fablica - El Digital de Asturias","og:description":"Buenos Aires, 4 feb (EFE).- El Gobierno argentino presentar\u00e1 ma\u00f1ana una 'refundaci\u00f3n' de las transmisiones de los encuentros de la liga local de f\u00fatbol tras las reiteradas cr\u00edticas que recibi\u00f3 por los montos de la inversi\u00f3n p\u00fablica y su est\u00e9tica, que inclu\u00eda s\u00f3lo propaganda oficial. Con el empresario y conductor televisivo Marcelo Tinelli como nuevo","og:url":"https:\/\/www.eldigitaldeasturias.com\/noticias\/el-gobierno-argentino-busca-en-el-futbol-un-cambio-de-su-imagen-publica\/","article:tag":["actualidad"],"article:published_time":"2014-02-05T01:19:30+00:00","article:modified_time":"2014-02-05T01:19:30+00:00","article:publisher":"https:\/\/facebook.com\/eldigitaldeasturias","twitter:card":"summary_large_image","twitter:title":"El Gobierno argentino busca en el f\u00fatbol un cambio de su imagen p\u00fablica - El Digital de Asturias","twitter:description":"Buenos Aires, 4 feb (EFE).- El Gobierno argentino presentar\u00e1 ma\u00f1ana una 'refundaci\u00f3n' de las transmisiones de los encuentros de la liga local de f\u00fatbol tras las reiteradas cr\u00edticas que recibi\u00f3 por los montos de la inversi\u00f3n p\u00fablica y su est\u00e9tica, que inclu\u00eda s\u00f3lo propaganda oficial. Con el empresario y conductor televisivo Marcelo Tinelli como nuevo","twitter:label1":"Escrito por","twitter:data1":"El Digital de Asturias","twitter:label2":"Tiempo de lectura estimado","twitter:data2":"2 minutos"},"aioseo_meta_data":{"post_id":"483619","title":null,"description":null,"keywords":null,"keyphrases":null,"primary_term":null,"canonical_url":null,"og_title":null,"og_description":null,"og_object_type":"default","og_image_type":"default","og_image_url":null,"og_image_width":null,"og_image_height":null,"og_image_custom_url":null,"og_image_custom_fields":null,"og_video":null,"og_custom_url":null,"og_article_section":null,"og_article_tags":null,"twitter_use_og":true,"twitter_card":"default","twitter_image_type":"default","twitter_image_url":null,"twitter_image_custom_url":null,"twitter_image_custom_fields":null,"twitter_title":null,"twitter_description":null,"schema":{"blockGraphs":[],"customGraphs":[],"default":{"data":{"Article":[],"Course":[],"Dataset":[],"FAQPage":[],"Movie":[],"Person":[],"Product":[],"ProductReview":[],"Car":[],"Recipe":[],"Service":[],"SoftwareApplication":[],"WebPage":[]},"graphName":"","isEnabled":true},"graphs":[],"defaultGraph":"","defaultPostTypeGraph":""},"schema_type":null,"schema_type_options":null,"pillar_content":false,"robots_default":true,"robots_noindex":false,"robots_noarchive":false,"robots_nosnippet":false,"robots_nofollow":false,"robots_noimageindex":false,"robots_noodp":false,"robots_notranslate":false,"robots_max_snippet":null,"robots_max_videopreview":null,"robots_max_imagepreview":"none","priority":null,"frequency":null,"local_seo":null,"seo_analyzer_scan_date":"2026-06-02 13:24:48","breadcrumb_settings":null,"limit_modified_date":false,"open_ai":null,"ai":null,"created":"2020-11-14 22:54:46","updated":"2026-06-02 13:24:48","focus_keyword":null,"additional_keywords":null,"truseo_locale":null},"aioseo_breadcrumb":"<div class=\"aioseo-breadcrumbs\"><span class=\"aioseo-breadcrumb\">\n\t<a href=\"https:\/\/www.eldigitaldeasturias.com\/noticias\" title=\"Home\">Home<\/a>\n<\/span><span class=\"aioseo-breadcrumb-separator\">\u2013<\/span><span class=\"aioseo-breadcrumb\">\n\t<a href=\"https:\/\/www.eldigitaldeasturias.com\/noticias\/category\/actualidad\/\" title=\"Actualidad\">Actualidad<\/a>\n<\/span><span class=\"aioseo-breadcrumb-separator\">\u2013<\/span><span class=\"aioseo-breadcrumb\">\n\t<a href=\"https:\/\/www.eldigitaldeasturias.com\/noticias\/el-gobierno-argentino-busca-en-el-futbol-un-cambio-de-su-imagen-publica\/\" title=\"El Gobierno argentino busca en el f\u00fatbol un cambio de su imagen p\u00fablica\">El Gobierno argentino busca en el f\u00fatbol un cambio de su imagen p\u00fablica<\/a>\n<\/span><\/div>","aioseo_breadcrumb_json":[{"label":"Home","link":"https:\/\/www.eldigitaldeasturias.com\/noticias"},{"label":"Actualidad","link":"https:\/\/www.eldigitaldeasturias.com\/noticias\/category\/actualidad\/"},{"label":"El Gobierno argentino busca en el f\u00fatbol un cambio de su imagen p\u00fablica","link":"https:\/\/www.eldigitaldeasturias.com\/noticias\/el-gobierno-argentino-busca-en-el-futbol-un-cambio-de-su-imagen-publica\/"}],"_links":{"self":[{"href":"https:\/\/www.eldigitaldeasturias.com\/noticias\/wp-json\/wp\/v2\/posts\/483619","targetHints":{"allow":["GET"]}}],"collection":[{"href":"https:\/\/www.eldigitaldeasturias.com\/noticias\/wp-json\/wp\/v2\/posts"}],"about":[{"href":"https:\/\/www.eldigitaldeasturias.com\/noticias\/wp-json\/wp\/v2\/types\/post"}],"author":[{"embeddable":true,"href":"https:\/\/www.eldigitaldeasturias.com\/noticias\/wp-json\/wp\/v2\/users\/1"}],"replies":[{"embeddable":true,"href":"https:\/\/www.eldigitaldeasturias.com\/noticias\/wp-json\/wp\/v2\/comments?post=483619"}],"version-history":[{"count":0,"href":"https:\/\/www.eldigitaldeasturias.com\/noticias\/wp-json\/wp\/v2\/posts\/483619\/revisions"}],"wp:attachment":[{"href":"https:\/\/www.eldigitaldeasturias.com\/noticias\/wp-json\/wp\/v2\/media?parent=483619"}],"wp:term":[{"taxonomy":"category","embeddable":true,"href":"https:\/\/www.eldigitaldeasturias.com\/noticias\/wp-json\/wp\/v2\/categories?post=483619"},{"taxonomy":"post_tag","embeddable":true,"href":"https:\/\/www.eldigitaldeasturias.com\/noticias\/wp-json\/wp\/v2\/tags?post=483619"}],"curies":[{"name":"wp","href":"https:\/\/api.w.org\/{rel}","templated":true}]}}