{"id":483613,"date":"2014-02-05T00:13:51","date_gmt":"2014-02-05T01:13:51","guid":{"rendered":"http:\/\/www.eldigitaldeasturias.com\/noticias\/?p=483613"},"modified":"2014-02-05T00:13:51","modified_gmt":"2014-02-05T01:13:51","slug":"lorenzo-afirma-que-siempre-es-dificil-regresar-en-forma-tras-el-invierno","status":"publish","type":"post","link":"https:\/\/www.eldigitaldeasturias.com\/noticias\/lorenzo-afirma-que-siempre-es-dificil-regresar-en-forma-tras-el-invierno\/","title":{"rendered":"Lorenzo afirma que \u00absiempre es dif\u00edcil regresar en forma tras el invierno\u00bb"},"content":{"rendered":"<p><img loading=\"lazy\" decoding=\"async\" class=\"alignleft size-medium wp-image-483614\" alt=\"5908708w\" src=\"https:\/\/www.eldigitaldeasturias.com\/noticias\/wp-content\/uploads\/2014\/02\/5908708w-360x228.jpg\" width=\"360\" height=\"228\" \/>Madrid, 4 feb (EFE).- El piloto espa\u00f1ol Jorge Lorenzo, actual subcampe\u00f3n de MotoGP, justific\u00f3 su cuarto puesto en la tabla de tiempos de la primera jornada de entrenamientos de Sepang (Malasia) en que \u00absiempre es dif\u00edcil regresar en forma tras el invierno\u00bb.<\/p>\n<p>Lorenzo dio 47 vueltas al circuito de Sepang en esta primera sesi\u00f3n, la m\u00e1s r\u00e1pida en 2:01.082, a 796 mil\u00e9simas de su compatriota Marc M\u00e1rquez, el m\u00e1s veloz de la jornada.<\/p>\n<p>\u00abSiempre es dif\u00edcil regresar en forma tras el invierno. Varios meses sin entrenar te cambia mucho, as\u00ed que el primer d\u00eda siempre es duro\u00bb, afirm\u00f3 en un comunicado de Yamaha.<\/p>\n<p>Lorenzo observ\u00f3 que \u00abla moto ha cambiado bastante con respecto al a\u00f1o pasado\u00bb. \u00abLa nueva regulaci\u00f3n de 20 litros de fuel obliga a cambiar bastante la electr\u00f3nica, por lo que la moto no funciona exactamente como nos gustar\u00eda, pero s\u00e9 que encontraremos una soluci\u00f3n en los dos pr\u00f3ximos d\u00edas\u00bb, asegur\u00f3.<\/p>\n","protected":false},"excerpt":{"rendered":"<p>Madrid, 4 feb (EFE).- El piloto espa\u00f1ol Jorge Lorenzo, actual subcampe\u00f3n de MotoGP, justific\u00f3 su cuarto puesto en la tabla de tiempos de la primera jornada de entrenamientos de Sepang (Malasia) en que \u00absiempre es dif\u00edcil regresar en forma tras el invierno\u00bb. Lorenzo dio 47 vueltas al circuito de Sepang en esta primera sesi\u00f3n, la [&hellip;]<\/p>\n","protected":false},"author":1,"featured_media":483614,"comment_status":"closed","ping_status":"open","sticky":false,"template":"","format":"standard","meta":{"footnotes":""},"categories":[1],"tags":[],"class_list":["post-483613","post","type-post","status-publish","format-standard","has-post-thumbnail","hentry","category-actualidad"],"aioseo_notices":[],"aioseo_head":"\n\t\t<!-- All in One SEO Pro 5.0.1 - aioseo.com -->\n\t<meta name=\"description\" content=\"Madrid, 4 feb (EFE).- El piloto espa\u00f1ol Jorge Lorenzo, actual subcampe\u00f3n de MotoGP, justific\u00f3 su cuarto puesto en la tabla de tiempos de la primera jornada de entrenamientos de Sepang (Malasia) en que &quot;siempre es dif\u00edcil regresar en forma tras el invierno&quot;. Lorenzo dio 47 vueltas al circuito de Sepang en esta primera sesi\u00f3n, la\" \/>\n\t<meta name=\"robots\" content=\"max-image-preview:large\" \/>\n\t<meta name=\"author\" content=\"El Digital de Asturias\"\/>\n\t<meta name=\"google-site-verification\" content=\"UA-38556648-1\" \/>\n\t<meta name=\"msvalidate.01\" content=\"7dfe9f3f1b24437ab69f4f2559babe99\" \/>\n\t<meta name=\"keywords\" content=\"actualidad\" \/>\n\t<link rel=\"canonical\" href=\"https:\/\/www.eldigitaldeasturias.com\/noticias\/lorenzo-afirma-que-siempre-es-dificil-regresar-en-forma-tras-el-invierno\/\" \/>\n\t<meta name=\"generator\" content=\"All in One SEO Pro (AIOSEO) 5.0.1\" \/>\n\t\t<meta property=\"og:locale\" content=\"es_ES\" \/>\n\t\t<meta property=\"og:site_name\" content=\"El Digital de Asturias\" \/>\n\t\t<meta property=\"og:type\" content=\"article\" \/>\n\t\t<meta property=\"og:title\" content=\"Lorenzo afirma que \u00absiempre es dif\u00edcil regresar en forma tras el invierno\u00bb - El Digital de Asturias\" \/>\n\t\t<meta property=\"og:description\" content=\"Madrid, 4 feb (EFE).- El piloto espa\u00f1ol Jorge Lorenzo, actual subcampe\u00f3n de MotoGP, justific\u00f3 su cuarto puesto en la tabla de tiempos de la primera jornada de entrenamientos de Sepang (Malasia) en que &quot;siempre es dif\u00edcil regresar en forma tras el invierno&quot;. Lorenzo dio 47 vueltas al circuito de Sepang en esta primera sesi\u00f3n, la\" \/>\n\t\t<meta property=\"og:url\" content=\"https:\/\/www.eldigitaldeasturias.com\/noticias\/lorenzo-afirma-que-siempre-es-dificil-regresar-en-forma-tras-el-invierno\/\" \/>\n\t\t<meta property=\"article:tag\" content=\"actualidad\" \/>\n\t\t<meta property=\"article:published_time\" content=\"2014-02-05T01:13:51+00:00\" \/>\n\t\t<meta property=\"article:modified_time\" content=\"2014-02-05T01:13:51+00:00\" \/>\n\t\t<meta property=\"article:publisher\" content=\"https:\/\/facebook.com\/eldigitaldeasturias\" \/>\n\t\t<meta name=\"twitter:card\" content=\"summary_large_image\" \/>\n\t\t<meta name=\"twitter:title\" content=\"Lorenzo afirma que \u00absiempre es dif\u00edcil regresar en forma tras el invierno\u00bb - El Digital de Asturias\" \/>\n\t\t<meta name=\"twitter:description\" content=\"Madrid, 4 feb (EFE).- El piloto espa\u00f1ol Jorge Lorenzo, actual subcampe\u00f3n de MotoGP, justific\u00f3 su cuarto puesto en la tabla de tiempos de la primera jornada de entrenamientos de Sepang (Malasia) en que &quot;siempre es dif\u00edcil regresar en forma tras el invierno&quot;. Lorenzo dio 47 vueltas al circuito de Sepang en esta primera sesi\u00f3n, la\" \/>\n\t\t<meta name=\"twitter:label1\" content=\"Escrito por\" \/>\n\t\t<meta name=\"twitter:data1\" content=\"El Digital de Asturias\" \/>\n\t\t<meta name=\"twitter:label2\" content=\"Tiempo de lectura estimado\" \/>\n\t\t<meta name=\"twitter:data2\" content=\"1 minuto\" \/>\n\t\t<script type=\"application\/ld+json\" class=\"aioseo-schema\">\n\t\t\t{\"@context\":\"https:\\\/\\\/schema.org\",\"@graph\":[{\"@type\":\"BlogPosting\",\"@id\":\"https:\\\/\\\/www.eldigitaldeasturias.com\\\/noticias\\\/lorenzo-afirma-que-siempre-es-dificil-regresar-en-forma-tras-el-invierno\\\/#blogposting\",\"name\":\"Lorenzo afirma que \\u00absiempre es dif\\u00edcil regresar en forma tras el invierno\\u00bb - El Digital de Asturias\",\"headline\":\"Lorenzo afirma que \\u00absiempre es dif\\u00edcil regresar en forma tras el invierno\\u00bb\",\"author\":{\"@id\":\"https:\\\/\\\/www.eldigitaldeasturias.com\\\/noticias\\\/author\\\/admin\\\/#author\"},\"publisher\":{\"@id\":\"https:\\\/\\\/www.eldigitaldeasturias.com\\\/noticias\\\/#organization\"},\"image\":{\"@type\":\"ImageObject\",\"url\":483614},\"datePublished\":\"2014-02-05T00:13:51+01:00\",\"dateModified\":\"2014-02-05T00:13:51+01:00\",\"inLanguage\":\"es-ES\",\"mainEntityOfPage\":{\"@id\":\"https:\\\/\\\/www.eldigitaldeasturias.com\\\/noticias\\\/lorenzo-afirma-que-siempre-es-dificil-regresar-en-forma-tras-el-invierno\\\/#webpage\"},\"isPartOf\":{\"@id\":\"https:\\\/\\\/www.eldigitaldeasturias.com\\\/noticias\\\/lorenzo-afirma-que-siempre-es-dificil-regresar-en-forma-tras-el-invierno\\\/#webpage\"},\"articleSection\":\"Actualidad\"},{\"@type\":\"BreadcrumbList\",\"@id\":\"https:\\\/\\\/www.eldigitaldeasturias.com\\\/noticias\\\/lorenzo-afirma-que-siempre-es-dificil-regresar-en-forma-tras-el-invierno\\\/#breadcrumblist\",\"itemListElement\":[{\"@type\":\"ListItem\",\"@id\":\"https:\\\/\\\/www.eldigitaldeasturias.com\\\/noticias#listItem\",\"position\":1,\"name\":\"Home\",\"item\":\"https:\\\/\\\/www.eldigitaldeasturias.com\\\/noticias\",\"nextItem\":{\"@type\":\"ListItem\",\"@id\":\"https:\\\/\\\/www.eldigitaldeasturias.com\\\/noticias\\\/category\\\/actualidad\\\/#listItem\",\"name\":\"Actualidad\"}},{\"@type\":\"ListItem\",\"@id\":\"https:\\\/\\\/www.eldigitaldeasturias.com\\\/noticias\\\/category\\\/actualidad\\\/#listItem\",\"position\":2,\"name\":\"Actualidad\",\"item\":\"https:\\\/\\\/www.eldigitaldeasturias.com\\\/noticias\\\/category\\\/actualidad\\\/\",\"nextItem\":{\"@type\":\"ListItem\",\"@id\":\"https:\\\/\\\/www.eldigitaldeasturias.com\\\/noticias\\\/lorenzo-afirma-que-siempre-es-dificil-regresar-en-forma-tras-el-invierno\\\/#listItem\",\"name\":\"Lorenzo afirma que \\u00absiempre es dif\\u00edcil regresar en forma tras el invierno\\u00bb\"},\"previousItem\":{\"@type\":\"ListItem\",\"@id\":\"https:\\\/\\\/www.eldigitaldeasturias.com\\\/noticias#listItem\",\"name\":\"Home\"}},{\"@type\":\"ListItem\",\"@id\":\"https:\\\/\\\/www.eldigitaldeasturias.com\\\/noticias\\\/lorenzo-afirma-que-siempre-es-dificil-regresar-en-forma-tras-el-invierno\\\/#listItem\",\"position\":3,\"name\":\"Lorenzo afirma que \\u00absiempre es dif\\u00edcil regresar en forma tras el invierno\\u00bb\",\"previousItem\":{\"@type\":\"ListItem\",\"@id\":\"https:\\\/\\\/www.eldigitaldeasturias.com\\\/noticias\\\/category\\\/actualidad\\\/#listItem\",\"name\":\"Actualidad\"}}]},{\"@type\":\"Organization\",\"@id\":\"https:\\\/\\\/www.eldigitaldeasturias.com\\\/noticias\\\/#organization\",\"name\":\"El Digital de Asturias\",\"description\":\"Hemeroteca\",\"url\":\"https:\\\/\\\/www.eldigitaldeasturias.com\\\/noticias\\\/\",\"email\":\"info@eldigitaldeasturias.com\",\"telephone\":\"+34652131393\",\"logo\":{\"@type\":\"ImageObject\",\"url\":\"https:\\\/\\\/www.eldigitaldeasturias.com\\\/noticias\\\/wp-content\\\/uploads\\\/2020\\\/12\\\/EDA.jpg\",\"@id\":\"https:\\\/\\\/www.eldigitaldeasturias.com\\\/noticias\\\/lorenzo-afirma-que-siempre-es-dificil-regresar-en-forma-tras-el-invierno\\\/#organizationLogo\"},\"image\":{\"@id\":\"https:\\\/\\\/www.eldigitaldeasturias.com\\\/noticias\\\/lorenzo-afirma-que-siempre-es-dificil-regresar-en-forma-tras-el-invierno\\\/#organizationLogo\"},\"sameAs\":[\"https:\\\/\\\/facebook.com\\\/eldigitaldeasturias\",\"https:\\\/\\\/www.youtube.com\\\/channel\\\/UCZP-2wLEB9Rv6erhFmqVnvg\"],\"address\":{\"@id\":\"https:\\\/\\\/www.eldigitaldeasturias.com\\\/noticias\\\/#postaladdress\",\"@type\":\"PostalAddress\",\"streetAddress\":\"san antonio 4\",\"postalCode\":\"33430\",\"addressLocality\":\"Cand\\u00e1s\",\"addressRegion\":\"Asturias\",\"addressCountry\":\"ES\"}},{\"@type\":\"Person\",\"@id\":\"https:\\\/\\\/www.eldigitaldeasturias.com\\\/noticias\\\/author\\\/admin\\\/#author\",\"url\":\"https:\\\/\\\/www.eldigitaldeasturias.com\\\/noticias\\\/author\\\/admin\\\/\",\"name\":\"El Digital de Asturias\",\"image\":{\"@type\":\"ImageObject\",\"@id\":\"https:\\\/\\\/www.eldigitaldeasturias.com\\\/noticias\\\/lorenzo-afirma-que-siempre-es-dificil-regresar-en-forma-tras-el-invierno\\\/#authorImage\",\"url\":\"https:\\\/\\\/secure.gravatar.com\\\/avatar\\\/df2aeffc32bcd13f8d26072ef8a91b623d677766deac7f97ca815868cd41bf5e?s=96&d=mm&r=g\",\"width\":96,\"height\":96,\"caption\":\"El Digital de Asturias\"}},{\"@type\":\"WebPage\",\"@id\":\"https:\\\/\\\/www.eldigitaldeasturias.com\\\/noticias\\\/lorenzo-afirma-que-siempre-es-dificil-regresar-en-forma-tras-el-invierno\\\/#webpage\",\"url\":\"https:\\\/\\\/www.eldigitaldeasturias.com\\\/noticias\\\/lorenzo-afirma-que-siempre-es-dificil-regresar-en-forma-tras-el-invierno\\\/\",\"name\":\"Lorenzo afirma que \\u00absiempre es dif\\u00edcil regresar en forma tras el invierno\\u00bb - El Digital de Asturias\",\"description\":\"Madrid, 4 feb (EFE).- El piloto espa\\u00f1ol Jorge Lorenzo, actual subcampe\\u00f3n de MotoGP, justific\\u00f3 su cuarto puesto en la tabla de tiempos de la primera jornada de entrenamientos de Sepang (Malasia) en que \\\"siempre es dif\\u00edcil regresar en forma tras el invierno\\\". Lorenzo dio 47 vueltas al circuito de Sepang en esta primera sesi\\u00f3n, la\",\"inLanguage\":\"es-ES\",\"isPartOf\":{\"@id\":\"https:\\\/\\\/www.eldigitaldeasturias.com\\\/noticias\\\/#website\"},\"breadcrumb\":{\"@id\":\"https:\\\/\\\/www.eldigitaldeasturias.com\\\/noticias\\\/lorenzo-afirma-que-siempre-es-dificil-regresar-en-forma-tras-el-invierno\\\/#breadcrumblist\"},\"author\":{\"@id\":\"https:\\\/\\\/www.eldigitaldeasturias.com\\\/noticias\\\/author\\\/admin\\\/#author\"},\"creator\":{\"@id\":\"https:\\\/\\\/www.eldigitaldeasturias.com\\\/noticias\\\/author\\\/admin\\\/#author\"},\"image\":{\"@type\":\"ImageObject\",\"url\":483614,\"@id\":\"https:\\\/\\\/www.eldigitaldeasturias.com\\\/noticias\\\/lorenzo-afirma-que-siempre-es-dificil-regresar-en-forma-tras-el-invierno\\\/#mainImage\"},\"primaryImageOfPage\":{\"@id\":\"https:\\\/\\\/www.eldigitaldeasturias.com\\\/noticias\\\/lorenzo-afirma-que-siempre-es-dificil-regresar-en-forma-tras-el-invierno\\\/#mainImage\"},\"datePublished\":\"2014-02-05T00:13:51+01:00\",\"dateModified\":\"2014-02-05T00:13:51+01:00\"},{\"@type\":\"WebSite\",\"@id\":\"https:\\\/\\\/www.eldigitaldeasturias.com\\\/noticias\\\/#website\",\"url\":\"https:\\\/\\\/www.eldigitaldeasturias.com\\\/noticias\\\/\",\"name\":\"El Digital de Asturias - Diario de actualidad y noticias\",\"alternateName\":\"El Digital de Asturias - Diario de actualidad y noticias\",\"description\":\"Hemeroteca\",\"inLanguage\":\"es-ES\",\"publisher\":{\"@id\":\"https:\\\/\\\/www.eldigitaldeasturias.com\\\/noticias\\\/#organization\"}}]}\n\t\t<\/script>\n\t\t<!-- All in One SEO Pro -->\r\n\t\t<title>Lorenzo afirma que \u00absiempre es dif\u00edcil regresar en forma tras el invierno\u00bb - El Digital de Asturias<\/title>\n\n","aioseo_head_json":{"title":"Lorenzo afirma que \u00absiempre es dif\u00edcil regresar en forma tras el invierno\u00bb - El Digital de Asturias","description":"Madrid, 4 feb (EFE).- El piloto espa\u00f1ol Jorge Lorenzo, actual subcampe\u00f3n de MotoGP, justific\u00f3 su cuarto puesto en la tabla de tiempos de la primera jornada de entrenamientos de Sepang (Malasia) en que \"siempre es dif\u00edcil regresar en forma tras el invierno\". Lorenzo dio 47 vueltas al circuito de Sepang en esta primera sesi\u00f3n, la","canonical_url":"https:\/\/www.eldigitaldeasturias.com\/noticias\/lorenzo-afirma-que-siempre-es-dificil-regresar-en-forma-tras-el-invierno\/","robots":"max-image-preview:large","keywords":"actualidad","webmasterTools":{"google-site-verification":"UA-38556648-1","msvalidate.01":"7dfe9f3f1b24437ab69f4f2559babe99","miscellaneous":""},"schema":{"@context":"https:\/\/schema.org","@graph":[{"@type":"BlogPosting","@id":"https:\/\/www.eldigitaldeasturias.com\/noticias\/lorenzo-afirma-que-siempre-es-dificil-regresar-en-forma-tras-el-invierno\/#blogposting","name":"Lorenzo afirma que \u00absiempre es dif\u00edcil regresar en forma tras el invierno\u00bb - El Digital de Asturias","headline":"Lorenzo afirma que \u00absiempre es dif\u00edcil regresar en forma tras el invierno\u00bb","author":{"@id":"https:\/\/www.eldigitaldeasturias.com\/noticias\/author\/admin\/#author"},"publisher":{"@id":"https:\/\/www.eldigitaldeasturias.com\/noticias\/#organization"},"image":{"@type":"ImageObject","url":483614},"datePublished":"2014-02-05T00:13:51+01:00","dateModified":"2014-02-05T00:13:51+01:00","inLanguage":"es-ES","mainEntityOfPage":{"@id":"https:\/\/www.eldigitaldeasturias.com\/noticias\/lorenzo-afirma-que-siempre-es-dificil-regresar-en-forma-tras-el-invierno\/#webpage"},"isPartOf":{"@id":"https:\/\/www.eldigitaldeasturias.com\/noticias\/lorenzo-afirma-que-siempre-es-dificil-regresar-en-forma-tras-el-invierno\/#webpage"},"articleSection":"Actualidad"},{"@type":"BreadcrumbList","@id":"https:\/\/www.eldigitaldeasturias.com\/noticias\/lorenzo-afirma-que-siempre-es-dificil-regresar-en-forma-tras-el-invierno\/#breadcrumblist","itemListElement":[{"@type":"ListItem","@id":"https:\/\/www.eldigitaldeasturias.com\/noticias#listItem","position":1,"name":"Home","item":"https:\/\/www.eldigitaldeasturias.com\/noticias","nextItem":{"@type":"ListItem","@id":"https:\/\/www.eldigitaldeasturias.com\/noticias\/category\/actualidad\/#listItem","name":"Actualidad"}},{"@type":"ListItem","@id":"https:\/\/www.eldigitaldeasturias.com\/noticias\/category\/actualidad\/#listItem","position":2,"name":"Actualidad","item":"https:\/\/www.eldigitaldeasturias.com\/noticias\/category\/actualidad\/","nextItem":{"@type":"ListItem","@id":"https:\/\/www.eldigitaldeasturias.com\/noticias\/lorenzo-afirma-que-siempre-es-dificil-regresar-en-forma-tras-el-invierno\/#listItem","name":"Lorenzo afirma que \u00absiempre es dif\u00edcil regresar en forma tras el invierno\u00bb"},"previousItem":{"@type":"ListItem","@id":"https:\/\/www.eldigitaldeasturias.com\/noticias#listItem","name":"Home"}},{"@type":"ListItem","@id":"https:\/\/www.eldigitaldeasturias.com\/noticias\/lorenzo-afirma-que-siempre-es-dificil-regresar-en-forma-tras-el-invierno\/#listItem","position":3,"name":"Lorenzo afirma que \u00absiempre es dif\u00edcil regresar en forma tras el invierno\u00bb","previousItem":{"@type":"ListItem","@id":"https:\/\/www.eldigitaldeasturias.com\/noticias\/category\/actualidad\/#listItem","name":"Actualidad"}}]},{"@type":"Organization","@id":"https:\/\/www.eldigitaldeasturias.com\/noticias\/#organization","name":"El Digital de Asturias","description":"Hemeroteca","url":"https:\/\/www.eldigitaldeasturias.com\/noticias\/","email":"info@eldigitaldeasturias.com","telephone":"+34652131393","logo":{"@type":"ImageObject","url":"https:\/\/www.eldigitaldeasturias.com\/noticias\/wp-content\/uploads\/2020\/12\/EDA.jpg","@id":"https:\/\/www.eldigitaldeasturias.com\/noticias\/lorenzo-afirma-que-siempre-es-dificil-regresar-en-forma-tras-el-invierno\/#organizationLogo"},"image":{"@id":"https:\/\/www.eldigitaldeasturias.com\/noticias\/lorenzo-afirma-que-siempre-es-dificil-regresar-en-forma-tras-el-invierno\/#organizationLogo"},"sameAs":["https:\/\/facebook.com\/eldigitaldeasturias","https:\/\/www.youtube.com\/channel\/UCZP-2wLEB9Rv6erhFmqVnvg"],"address":{"@id":"https:\/\/www.eldigitaldeasturias.com\/noticias\/#postaladdress","@type":"PostalAddress","streetAddress":"san antonio 4","postalCode":"33430","addressLocality":"Cand\u00e1s","addressRegion":"Asturias","addressCountry":"ES"}},{"@type":"Person","@id":"https:\/\/www.eldigitaldeasturias.com\/noticias\/author\/admin\/#author","url":"https:\/\/www.eldigitaldeasturias.com\/noticias\/author\/admin\/","name":"El Digital de Asturias","image":{"@type":"ImageObject","@id":"https:\/\/www.eldigitaldeasturias.com\/noticias\/lorenzo-afirma-que-siempre-es-dificil-regresar-en-forma-tras-el-invierno\/#authorImage","url":"https:\/\/secure.gravatar.com\/avatar\/df2aeffc32bcd13f8d26072ef8a91b623d677766deac7f97ca815868cd41bf5e?s=96&d=mm&r=g","width":96,"height":96,"caption":"El Digital de Asturias"}},{"@type":"WebPage","@id":"https:\/\/www.eldigitaldeasturias.com\/noticias\/lorenzo-afirma-que-siempre-es-dificil-regresar-en-forma-tras-el-invierno\/#webpage","url":"https:\/\/www.eldigitaldeasturias.com\/noticias\/lorenzo-afirma-que-siempre-es-dificil-regresar-en-forma-tras-el-invierno\/","name":"Lorenzo afirma que \u00absiempre es dif\u00edcil regresar en forma tras el invierno\u00bb - El Digital de Asturias","description":"Madrid, 4 feb (EFE).- El piloto espa\u00f1ol Jorge Lorenzo, actual subcampe\u00f3n de MotoGP, justific\u00f3 su cuarto puesto en la tabla de tiempos de la primera jornada de entrenamientos de Sepang (Malasia) en que \"siempre es dif\u00edcil regresar en forma tras el invierno\". Lorenzo dio 47 vueltas al circuito de Sepang en esta primera sesi\u00f3n, la","inLanguage":"es-ES","isPartOf":{"@id":"https:\/\/www.eldigitaldeasturias.com\/noticias\/#website"},"breadcrumb":{"@id":"https:\/\/www.eldigitaldeasturias.com\/noticias\/lorenzo-afirma-que-siempre-es-dificil-regresar-en-forma-tras-el-invierno\/#breadcrumblist"},"author":{"@id":"https:\/\/www.eldigitaldeasturias.com\/noticias\/author\/admin\/#author"},"creator":{"@id":"https:\/\/www.eldigitaldeasturias.com\/noticias\/author\/admin\/#author"},"image":{"@type":"ImageObject","url":483614,"@id":"https:\/\/www.eldigitaldeasturias.com\/noticias\/lorenzo-afirma-que-siempre-es-dificil-regresar-en-forma-tras-el-invierno\/#mainImage"},"primaryImageOfPage":{"@id":"https:\/\/www.eldigitaldeasturias.com\/noticias\/lorenzo-afirma-que-siempre-es-dificil-regresar-en-forma-tras-el-invierno\/#mainImage"},"datePublished":"2014-02-05T00:13:51+01:00","dateModified":"2014-02-05T00:13:51+01:00"},{"@type":"WebSite","@id":"https:\/\/www.eldigitaldeasturias.com\/noticias\/#website","url":"https:\/\/www.eldigitaldeasturias.com\/noticias\/","name":"El Digital de Asturias - Diario de actualidad y noticias","alternateName":"El Digital de Asturias - Diario de actualidad y noticias","description":"Hemeroteca","inLanguage":"es-ES","publisher":{"@id":"https:\/\/www.eldigitaldeasturias.com\/noticias\/#organization"}}]},"og:locale":"es_ES","og:site_name":"El Digital de Asturias","og:type":"article","og:title":"Lorenzo afirma que \u00absiempre es dif\u00edcil regresar en forma tras el invierno\u00bb - El Digital de Asturias","og:description":"Madrid, 4 feb (EFE).- El piloto espa\u00f1ol Jorge Lorenzo, actual subcampe\u00f3n de MotoGP, justific\u00f3 su cuarto puesto en la tabla de tiempos de la primera jornada de entrenamientos de Sepang (Malasia) en que &quot;siempre es dif\u00edcil regresar en forma tras el invierno&quot;. Lorenzo dio 47 vueltas al circuito de Sepang en esta primera sesi\u00f3n, la","og:url":"https:\/\/www.eldigitaldeasturias.com\/noticias\/lorenzo-afirma-que-siempre-es-dificil-regresar-en-forma-tras-el-invierno\/","article:tag":["actualidad"],"article:published_time":"2014-02-05T01:13:51+00:00","article:modified_time":"2014-02-05T01:13:51+00:00","article:publisher":"https:\/\/facebook.com\/eldigitaldeasturias","twitter:card":"summary_large_image","twitter:title":"Lorenzo afirma que \u00absiempre es dif\u00edcil regresar en forma tras el invierno\u00bb - El Digital de Asturias","twitter:description":"Madrid, 4 feb (EFE).- El piloto espa\u00f1ol Jorge Lorenzo, actual subcampe\u00f3n de MotoGP, justific\u00f3 su cuarto puesto en la tabla de tiempos de la primera jornada de entrenamientos de Sepang (Malasia) en que &quot;siempre es dif\u00edcil regresar en forma tras el invierno&quot;. Lorenzo dio 47 vueltas al circuito de Sepang en esta primera sesi\u00f3n, la","twitter:label1":"Escrito por","twitter:data1":"El Digital de Asturias","twitter:label2":"Tiempo de lectura estimado","twitter:data2":"1 minuto"},"aioseo_meta_data":{"post_id":"483613","title":null,"description":null,"keywords":null,"keyphrases":null,"primary_term":null,"canonical_url":null,"og_title":null,"og_description":null,"og_object_type":"default","og_image_type":"default","og_image_url":null,"og_image_width":null,"og_image_height":null,"og_image_custom_url":null,"og_image_custom_fields":null,"og_video":null,"og_custom_url":null,"og_article_section":null,"og_article_tags":null,"twitter_use_og":true,"twitter_card":"default","twitter_image_type":"default","twitter_image_url":null,"twitter_image_custom_url":null,"twitter_image_custom_fields":null,"twitter_title":null,"twitter_description":null,"schema":{"blockGraphs":[],"customGraphs":[],"default":{"data":{"Article":[],"Course":[],"Dataset":[],"FAQPage":[],"Movie":[],"Person":[],"Product":[],"ProductReview":[],"Car":[],"Recipe":[],"Service":[],"SoftwareApplication":[],"WebPage":[]},"graphName":"","isEnabled":true},"graphs":[],"defaultGraph":"","defaultPostTypeGraph":""},"schema_type":null,"schema_type_options":null,"pillar_content":false,"robots_default":true,"robots_noindex":false,"robots_noarchive":false,"robots_nosnippet":false,"robots_nofollow":false,"robots_noimageindex":false,"robots_noodp":false,"robots_notranslate":false,"robots_max_snippet":null,"robots_max_videopreview":null,"robots_max_imagepreview":"none","priority":null,"frequency":null,"local_seo":null,"seo_analyzer_scan_date":"2026-06-02 13:21:48","breadcrumb_settings":null,"limit_modified_date":false,"open_ai":null,"ai":null,"created":"2020-11-14 22:54:46","updated":"2026-06-02 13:21:48","focus_keyword":null,"additional_keywords":null,"truseo_locale":null},"aioseo_breadcrumb":"<div class=\"aioseo-breadcrumbs\"><span class=\"aioseo-breadcrumb\">\n\t<a href=\"https:\/\/www.eldigitaldeasturias.com\/noticias\" title=\"Home\">Home<\/a>\n<\/span><span class=\"aioseo-breadcrumb-separator\">\u2013<\/span><span class=\"aioseo-breadcrumb\">\n\t<a href=\"https:\/\/www.eldigitaldeasturias.com\/noticias\/category\/actualidad\/\" title=\"Actualidad\">Actualidad<\/a>\n<\/span><span class=\"aioseo-breadcrumb-separator\">\u2013<\/span><span class=\"aioseo-breadcrumb\">\n\t<a href=\"https:\/\/www.eldigitaldeasturias.com\/noticias\/lorenzo-afirma-que-siempre-es-dificil-regresar-en-forma-tras-el-invierno\/\" title=\"Lorenzo afirma que \u00absiempre es dif\u00edcil regresar en forma tras el invierno\u00bb\">Lorenzo afirma que \u00absiempre es dif\u00edcil regresar en forma tras el invierno\u00bb<\/a>\n<\/span><\/div>","aioseo_breadcrumb_json":[{"label":"Home","link":"https:\/\/www.eldigitaldeasturias.com\/noticias"},{"label":"Actualidad","link":"https:\/\/www.eldigitaldeasturias.com\/noticias\/category\/actualidad\/"},{"label":"Lorenzo afirma que \u00absiempre es dif\u00edcil regresar en forma tras el invierno\u00bb","link":"https:\/\/www.eldigitaldeasturias.com\/noticias\/lorenzo-afirma-que-siempre-es-dificil-regresar-en-forma-tras-el-invierno\/"}],"_links":{"self":[{"href":"https:\/\/www.eldigitaldeasturias.com\/noticias\/wp-json\/wp\/v2\/posts\/483613","targetHints":{"allow":["GET"]}}],"collection":[{"href":"https:\/\/www.eldigitaldeasturias.com\/noticias\/wp-json\/wp\/v2\/posts"}],"about":[{"href":"https:\/\/www.eldigitaldeasturias.com\/noticias\/wp-json\/wp\/v2\/types\/post"}],"author":[{"embeddable":true,"href":"https:\/\/www.eldigitaldeasturias.com\/noticias\/wp-json\/wp\/v2\/users\/1"}],"replies":[{"embeddable":true,"href":"https:\/\/www.eldigitaldeasturias.com\/noticias\/wp-json\/wp\/v2\/comments?post=483613"}],"version-history":[{"count":0,"href":"https:\/\/www.eldigitaldeasturias.com\/noticias\/wp-json\/wp\/v2\/posts\/483613\/revisions"}],"wp:attachment":[{"href":"https:\/\/www.eldigitaldeasturias.com\/noticias\/wp-json\/wp\/v2\/media?parent=483613"}],"wp:term":[{"taxonomy":"category","embeddable":true,"href":"https:\/\/www.eldigitaldeasturias.com\/noticias\/wp-json\/wp\/v2\/categories?post=483613"},{"taxonomy":"post_tag","embeddable":true,"href":"https:\/\/www.eldigitaldeasturias.com\/noticias\/wp-json\/wp\/v2\/tags?post=483613"}],"curies":[{"name":"wp","href":"https:\/\/api.w.org\/{rel}","templated":true}]}}