{"id":483601,"date":"2014-02-05T00:09:06","date_gmt":"2014-02-05T01:09:06","guid":{"rendered":"http:\/\/www.eldigitaldeasturias.com\/noticias\/?p=483601"},"modified":"2014-02-05T00:09:06","modified_gmt":"2014-02-05T01:09:06","slug":"dante-rivas-nuevo-ministro-de-comercio-de-venezuela","status":"publish","type":"post","link":"https:\/\/www.eldigitaldeasturias.com\/noticias\/dante-rivas-nuevo-ministro-de-comercio-de-venezuela\/","title":{"rendered":"Dante Rivas, nuevo ministro de Comercio de Venezuela"},"content":{"rendered":"<p><img loading=\"lazy\" decoding=\"async\" class=\"alignleft size-medium wp-image-483602\" alt=\"5908517w\" src=\"https:\/\/www.eldigitaldeasturias.com\/noticias\/wp-content\/uploads\/2014\/02\/5908517w-360x238.jpg\" width=\"360\" height=\"238\" \/>Caracas, 4 feb (EFE).- El presidente de Venezuela, Nicol\u00e1s Maduro, nombr\u00f3 nuevo ministro de Comercio a Dante Rivas, quien sustituye a Jos\u00e9 Khan un d\u00eda despu\u00e9s de la entrada en vigor de la Ley de Precios y Costes Justos, seg\u00fan public\u00f3 hoy la Gaceta Oficial.<\/p>\n<p>El nombramiento de Rivas refleja la voluntad de Maduro, seg\u00fan se lee en el decreto respectivo, \u00abde lograr la mayor eficacia pol\u00edtica y calidad revolucionaria en la construcci\u00f3n del socialismo\u00bb.<\/p>\n<p>Rivas dej\u00f3 en agosto pasado el cargo de ministro de Ambiente para presentarse a las elecciones municipales de diciembre como candidato oficialista a la alcald\u00eda de la ciudad de Porlamar (Isla Margarita), pero no fue elegido.<\/p>\n<p>Antes de dirigir el Ministerio de Ambiente, Rivas fue director del Instituto Nacional de Tr\u00e1nsito Transporte Terrestre (INTTT) y del Servicio Administrativo de Identificaci\u00f3n, Migraci\u00f3n y Extranjer\u00eda (Saime).<\/p>\n<p>En el Ministerio de Comercio Rivas sustituye a Jos\u00e9 Khan, un d\u00eda despu\u00e9s de entrar en vigor la Ley de Precios y Costos Justos que limita el margen m\u00e1ximo de ganancias empresariales a un 30 %, primera norma dictada por Maduro luego de que el pasado noviembre recibi\u00f3 poderes especiales para legislar sin control del Parlamento.<\/p>\n<p>Khan form\u00f3 parte de los 29 ministros y 107 viceministros que Maduro jurament\u00f3 el pasado 21 de enero.<\/p>\n<p>La econom\u00eda venezolana cerr\u00f3 2013 con una inflaci\u00f3n que super\u00f3 el 56 %, un masivo agudizamiento de la escasez de productos de consumo masivo y el reconocimiento gubernamental de que el control estatal de divisas en vigor desde 2003 fue \u00abperforado\u00bb por un masivo fraude que solo en 2012 registr\u00f3 un desfalco de 20.000 millones de d\u00f3lares.<\/p>\n","protected":false},"excerpt":{"rendered":"<p>Caracas, 4 feb (EFE).- El presidente de Venezuela, Nicol\u00e1s Maduro, nombr\u00f3 nuevo ministro de Comercio a Dante Rivas, quien sustituye a Jos\u00e9 Khan un d\u00eda despu\u00e9s de la entrada en vigor de la Ley de Precios y Costes Justos, seg\u00fan public\u00f3 hoy la Gaceta Oficial. El nombramiento de Rivas refleja la voluntad de Maduro, seg\u00fan [&hellip;]<\/p>\n","protected":false},"author":1,"featured_media":483602,"comment_status":"closed","ping_status":"open","sticky":false,"template":"","format":"standard","meta":{"footnotes":""},"categories":[1],"tags":[],"class_list":["post-483601","post","type-post","status-publish","format-standard","has-post-thumbnail","hentry","category-actualidad"],"aioseo_notices":[],"aioseo_head":"\n\t\t<!-- All in One SEO Pro 5.0.1 - aioseo.com -->\n\t<meta name=\"description\" content=\"Caracas, 4 feb (EFE).- El presidente de Venezuela, Nicol\u00e1s Maduro, nombr\u00f3 nuevo ministro de Comercio a Dante Rivas, quien sustituye a Jos\u00e9 Khan un d\u00eda despu\u00e9s de la entrada en vigor de la Ley de Precios y Costes Justos, seg\u00fan public\u00f3 hoy la Gaceta Oficial. El nombramiento de Rivas refleja la voluntad de Maduro, seg\u00fan\" \/>\n\t<meta name=\"robots\" content=\"max-image-preview:large\" \/>\n\t<meta name=\"author\" content=\"El Digital de Asturias\"\/>\n\t<meta name=\"google-site-verification\" content=\"UA-38556648-1\" \/>\n\t<meta name=\"msvalidate.01\" content=\"7dfe9f3f1b24437ab69f4f2559babe99\" \/>\n\t<meta name=\"keywords\" content=\"actualidad\" \/>\n\t<link rel=\"canonical\" href=\"https:\/\/www.eldigitaldeasturias.com\/noticias\/dante-rivas-nuevo-ministro-de-comercio-de-venezuela\/\" \/>\n\t<meta name=\"generator\" content=\"All in One SEO Pro (AIOSEO) 5.0.1\" \/>\n\t\t<meta property=\"og:locale\" content=\"es_ES\" \/>\n\t\t<meta property=\"og:site_name\" content=\"El Digital de Asturias\" \/>\n\t\t<meta property=\"og:type\" content=\"article\" \/>\n\t\t<meta property=\"og:title\" content=\"Dante Rivas, nuevo ministro de Comercio de Venezuela - El Digital de Asturias\" \/>\n\t\t<meta property=\"og:description\" content=\"Caracas, 4 feb (EFE).- El presidente de Venezuela, Nicol\u00e1s Maduro, nombr\u00f3 nuevo ministro de Comercio a Dante Rivas, quien sustituye a Jos\u00e9 Khan un d\u00eda despu\u00e9s de la entrada en vigor de la Ley de Precios y Costes Justos, seg\u00fan public\u00f3 hoy la Gaceta Oficial. El nombramiento de Rivas refleja la voluntad de Maduro, seg\u00fan\" \/>\n\t\t<meta property=\"og:url\" content=\"https:\/\/www.eldigitaldeasturias.com\/noticias\/dante-rivas-nuevo-ministro-de-comercio-de-venezuela\/\" \/>\n\t\t<meta property=\"article:tag\" content=\"actualidad\" \/>\n\t\t<meta property=\"article:published_time\" content=\"2014-02-05T01:09:06+00:00\" \/>\n\t\t<meta property=\"article:modified_time\" content=\"2014-02-05T01:09:06+00:00\" \/>\n\t\t<meta property=\"article:publisher\" content=\"https:\/\/facebook.com\/eldigitaldeasturias\" \/>\n\t\t<meta name=\"twitter:card\" content=\"summary_large_image\" \/>\n\t\t<meta name=\"twitter:title\" content=\"Dante Rivas, nuevo ministro de Comercio de Venezuela - El Digital de Asturias\" \/>\n\t\t<meta name=\"twitter:description\" content=\"Caracas, 4 feb (EFE).- El presidente de Venezuela, Nicol\u00e1s Maduro, nombr\u00f3 nuevo ministro de Comercio a Dante Rivas, quien sustituye a Jos\u00e9 Khan un d\u00eda despu\u00e9s de la entrada en vigor de la Ley de Precios y Costes Justos, seg\u00fan public\u00f3 hoy la Gaceta Oficial. El nombramiento de Rivas refleja la voluntad de Maduro, seg\u00fan\" \/>\n\t\t<meta name=\"twitter:label1\" content=\"Escrito por\" \/>\n\t\t<meta name=\"twitter:data1\" content=\"El Digital de Asturias\" \/>\n\t\t<meta name=\"twitter:label2\" content=\"Tiempo de lectura estimado\" \/>\n\t\t<meta name=\"twitter:data2\" content=\"1 minuto\" \/>\n\t\t<script type=\"application\/ld+json\" class=\"aioseo-schema\">\n\t\t\t{\"@context\":\"https:\\\/\\\/schema.org\",\"@graph\":[{\"@type\":\"BlogPosting\",\"@id\":\"https:\\\/\\\/www.eldigitaldeasturias.com\\\/noticias\\\/dante-rivas-nuevo-ministro-de-comercio-de-venezuela\\\/#blogposting\",\"name\":\"Dante Rivas, nuevo ministro de Comercio de Venezuela - El Digital de Asturias\",\"headline\":\"Dante Rivas, nuevo ministro de Comercio de Venezuela\",\"author\":{\"@id\":\"https:\\\/\\\/www.eldigitaldeasturias.com\\\/noticias\\\/author\\\/admin\\\/#author\"},\"publisher\":{\"@id\":\"https:\\\/\\\/www.eldigitaldeasturias.com\\\/noticias\\\/#organization\"},\"image\":{\"@type\":\"ImageObject\",\"url\":483602},\"datePublished\":\"2014-02-05T00:09:06+01:00\",\"dateModified\":\"2014-02-05T00:09:06+01:00\",\"inLanguage\":\"es-ES\",\"mainEntityOfPage\":{\"@id\":\"https:\\\/\\\/www.eldigitaldeasturias.com\\\/noticias\\\/dante-rivas-nuevo-ministro-de-comercio-de-venezuela\\\/#webpage\"},\"isPartOf\":{\"@id\":\"https:\\\/\\\/www.eldigitaldeasturias.com\\\/noticias\\\/dante-rivas-nuevo-ministro-de-comercio-de-venezuela\\\/#webpage\"},\"articleSection\":\"Actualidad\"},{\"@type\":\"BreadcrumbList\",\"@id\":\"https:\\\/\\\/www.eldigitaldeasturias.com\\\/noticias\\\/dante-rivas-nuevo-ministro-de-comercio-de-venezuela\\\/#breadcrumblist\",\"itemListElement\":[{\"@type\":\"ListItem\",\"@id\":\"https:\\\/\\\/www.eldigitaldeasturias.com\\\/noticias#listItem\",\"position\":1,\"name\":\"Home\",\"item\":\"https:\\\/\\\/www.eldigitaldeasturias.com\\\/noticias\",\"nextItem\":{\"@type\":\"ListItem\",\"@id\":\"https:\\\/\\\/www.eldigitaldeasturias.com\\\/noticias\\\/category\\\/actualidad\\\/#listItem\",\"name\":\"Actualidad\"}},{\"@type\":\"ListItem\",\"@id\":\"https:\\\/\\\/www.eldigitaldeasturias.com\\\/noticias\\\/category\\\/actualidad\\\/#listItem\",\"position\":2,\"name\":\"Actualidad\",\"item\":\"https:\\\/\\\/www.eldigitaldeasturias.com\\\/noticias\\\/category\\\/actualidad\\\/\",\"nextItem\":{\"@type\":\"ListItem\",\"@id\":\"https:\\\/\\\/www.eldigitaldeasturias.com\\\/noticias\\\/dante-rivas-nuevo-ministro-de-comercio-de-venezuela\\\/#listItem\",\"name\":\"Dante Rivas, nuevo ministro de Comercio de Venezuela\"},\"previousItem\":{\"@type\":\"ListItem\",\"@id\":\"https:\\\/\\\/www.eldigitaldeasturias.com\\\/noticias#listItem\",\"name\":\"Home\"}},{\"@type\":\"ListItem\",\"@id\":\"https:\\\/\\\/www.eldigitaldeasturias.com\\\/noticias\\\/dante-rivas-nuevo-ministro-de-comercio-de-venezuela\\\/#listItem\",\"position\":3,\"name\":\"Dante Rivas, nuevo ministro de Comercio de Venezuela\",\"previousItem\":{\"@type\":\"ListItem\",\"@id\":\"https:\\\/\\\/www.eldigitaldeasturias.com\\\/noticias\\\/category\\\/actualidad\\\/#listItem\",\"name\":\"Actualidad\"}}]},{\"@type\":\"Organization\",\"@id\":\"https:\\\/\\\/www.eldigitaldeasturias.com\\\/noticias\\\/#organization\",\"name\":\"El Digital de Asturias\",\"description\":\"Hemeroteca\",\"url\":\"https:\\\/\\\/www.eldigitaldeasturias.com\\\/noticias\\\/\",\"email\":\"info@eldigitaldeasturias.com\",\"telephone\":\"+34652131393\",\"logo\":{\"@type\":\"ImageObject\",\"url\":\"https:\\\/\\\/www.eldigitaldeasturias.com\\\/noticias\\\/wp-content\\\/uploads\\\/2020\\\/12\\\/EDA.jpg\",\"@id\":\"https:\\\/\\\/www.eldigitaldeasturias.com\\\/noticias\\\/dante-rivas-nuevo-ministro-de-comercio-de-venezuela\\\/#organizationLogo\"},\"image\":{\"@id\":\"https:\\\/\\\/www.eldigitaldeasturias.com\\\/noticias\\\/dante-rivas-nuevo-ministro-de-comercio-de-venezuela\\\/#organizationLogo\"},\"sameAs\":[\"https:\\\/\\\/facebook.com\\\/eldigitaldeasturias\",\"https:\\\/\\\/www.youtube.com\\\/channel\\\/UCZP-2wLEB9Rv6erhFmqVnvg\"],\"address\":{\"@id\":\"https:\\\/\\\/www.eldigitaldeasturias.com\\\/noticias\\\/#postaladdress\",\"@type\":\"PostalAddress\",\"streetAddress\":\"san antonio 4\",\"postalCode\":\"33430\",\"addressLocality\":\"Cand\\u00e1s\",\"addressRegion\":\"Asturias\",\"addressCountry\":\"ES\"}},{\"@type\":\"Person\",\"@id\":\"https:\\\/\\\/www.eldigitaldeasturias.com\\\/noticias\\\/author\\\/admin\\\/#author\",\"url\":\"https:\\\/\\\/www.eldigitaldeasturias.com\\\/noticias\\\/author\\\/admin\\\/\",\"name\":\"El Digital de Asturias\",\"image\":{\"@type\":\"ImageObject\",\"@id\":\"https:\\\/\\\/www.eldigitaldeasturias.com\\\/noticias\\\/dante-rivas-nuevo-ministro-de-comercio-de-venezuela\\\/#authorImage\",\"url\":\"https:\\\/\\\/secure.gravatar.com\\\/avatar\\\/df2aeffc32bcd13f8d26072ef8a91b623d677766deac7f97ca815868cd41bf5e?s=96&d=mm&r=g\",\"width\":96,\"height\":96,\"caption\":\"El Digital de Asturias\"}},{\"@type\":\"WebPage\",\"@id\":\"https:\\\/\\\/www.eldigitaldeasturias.com\\\/noticias\\\/dante-rivas-nuevo-ministro-de-comercio-de-venezuela\\\/#webpage\",\"url\":\"https:\\\/\\\/www.eldigitaldeasturias.com\\\/noticias\\\/dante-rivas-nuevo-ministro-de-comercio-de-venezuela\\\/\",\"name\":\"Dante Rivas, nuevo ministro de Comercio de Venezuela - El Digital de Asturias\",\"description\":\"Caracas, 4 feb (EFE).- El presidente de Venezuela, Nicol\\u00e1s Maduro, nombr\\u00f3 nuevo ministro de Comercio a Dante Rivas, quien sustituye a Jos\\u00e9 Khan un d\\u00eda despu\\u00e9s de la entrada en vigor de la Ley de Precios y Costes Justos, seg\\u00fan public\\u00f3 hoy la Gaceta Oficial. El nombramiento de Rivas refleja la voluntad de Maduro, seg\\u00fan\",\"inLanguage\":\"es-ES\",\"isPartOf\":{\"@id\":\"https:\\\/\\\/www.eldigitaldeasturias.com\\\/noticias\\\/#website\"},\"breadcrumb\":{\"@id\":\"https:\\\/\\\/www.eldigitaldeasturias.com\\\/noticias\\\/dante-rivas-nuevo-ministro-de-comercio-de-venezuela\\\/#breadcrumblist\"},\"author\":{\"@id\":\"https:\\\/\\\/www.eldigitaldeasturias.com\\\/noticias\\\/author\\\/admin\\\/#author\"},\"creator\":{\"@id\":\"https:\\\/\\\/www.eldigitaldeasturias.com\\\/noticias\\\/author\\\/admin\\\/#author\"},\"image\":{\"@type\":\"ImageObject\",\"url\":483602,\"@id\":\"https:\\\/\\\/www.eldigitaldeasturias.com\\\/noticias\\\/dante-rivas-nuevo-ministro-de-comercio-de-venezuela\\\/#mainImage\"},\"primaryImageOfPage\":{\"@id\":\"https:\\\/\\\/www.eldigitaldeasturias.com\\\/noticias\\\/dante-rivas-nuevo-ministro-de-comercio-de-venezuela\\\/#mainImage\"},\"datePublished\":\"2014-02-05T00:09:06+01:00\",\"dateModified\":\"2014-02-05T00:09:06+01:00\"},{\"@type\":\"WebSite\",\"@id\":\"https:\\\/\\\/www.eldigitaldeasturias.com\\\/noticias\\\/#website\",\"url\":\"https:\\\/\\\/www.eldigitaldeasturias.com\\\/noticias\\\/\",\"name\":\"El Digital de Asturias - Diario de actualidad y noticias\",\"alternateName\":\"El Digital de Asturias - Diario de actualidad y noticias\",\"description\":\"Hemeroteca\",\"inLanguage\":\"es-ES\",\"publisher\":{\"@id\":\"https:\\\/\\\/www.eldigitaldeasturias.com\\\/noticias\\\/#organization\"}}]}\n\t\t<\/script>\n\t\t<!-- All in One SEO Pro -->\r\n\t\t<title>Dante Rivas, nuevo ministro de Comercio de Venezuela - El Digital de Asturias<\/title>\n\n","aioseo_head_json":{"title":"Dante Rivas, nuevo ministro de Comercio de Venezuela - El Digital de Asturias","description":"Caracas, 4 feb (EFE).- El presidente de Venezuela, Nicol\u00e1s Maduro, nombr\u00f3 nuevo ministro de Comercio a Dante Rivas, quien sustituye a Jos\u00e9 Khan un d\u00eda despu\u00e9s de la entrada en vigor de la Ley de Precios y Costes Justos, seg\u00fan public\u00f3 hoy la Gaceta Oficial. El nombramiento de Rivas refleja la voluntad de Maduro, seg\u00fan","canonical_url":"https:\/\/www.eldigitaldeasturias.com\/noticias\/dante-rivas-nuevo-ministro-de-comercio-de-venezuela\/","robots":"max-image-preview:large","keywords":"actualidad","webmasterTools":{"google-site-verification":"UA-38556648-1","msvalidate.01":"7dfe9f3f1b24437ab69f4f2559babe99","miscellaneous":""},"schema":{"@context":"https:\/\/schema.org","@graph":[{"@type":"BlogPosting","@id":"https:\/\/www.eldigitaldeasturias.com\/noticias\/dante-rivas-nuevo-ministro-de-comercio-de-venezuela\/#blogposting","name":"Dante Rivas, nuevo ministro de Comercio de Venezuela - El Digital de Asturias","headline":"Dante Rivas, nuevo ministro de Comercio de Venezuela","author":{"@id":"https:\/\/www.eldigitaldeasturias.com\/noticias\/author\/admin\/#author"},"publisher":{"@id":"https:\/\/www.eldigitaldeasturias.com\/noticias\/#organization"},"image":{"@type":"ImageObject","url":483602},"datePublished":"2014-02-05T00:09:06+01:00","dateModified":"2014-02-05T00:09:06+01:00","inLanguage":"es-ES","mainEntityOfPage":{"@id":"https:\/\/www.eldigitaldeasturias.com\/noticias\/dante-rivas-nuevo-ministro-de-comercio-de-venezuela\/#webpage"},"isPartOf":{"@id":"https:\/\/www.eldigitaldeasturias.com\/noticias\/dante-rivas-nuevo-ministro-de-comercio-de-venezuela\/#webpage"},"articleSection":"Actualidad"},{"@type":"BreadcrumbList","@id":"https:\/\/www.eldigitaldeasturias.com\/noticias\/dante-rivas-nuevo-ministro-de-comercio-de-venezuela\/#breadcrumblist","itemListElement":[{"@type":"ListItem","@id":"https:\/\/www.eldigitaldeasturias.com\/noticias#listItem","position":1,"name":"Home","item":"https:\/\/www.eldigitaldeasturias.com\/noticias","nextItem":{"@type":"ListItem","@id":"https:\/\/www.eldigitaldeasturias.com\/noticias\/category\/actualidad\/#listItem","name":"Actualidad"}},{"@type":"ListItem","@id":"https:\/\/www.eldigitaldeasturias.com\/noticias\/category\/actualidad\/#listItem","position":2,"name":"Actualidad","item":"https:\/\/www.eldigitaldeasturias.com\/noticias\/category\/actualidad\/","nextItem":{"@type":"ListItem","@id":"https:\/\/www.eldigitaldeasturias.com\/noticias\/dante-rivas-nuevo-ministro-de-comercio-de-venezuela\/#listItem","name":"Dante Rivas, nuevo ministro de Comercio de Venezuela"},"previousItem":{"@type":"ListItem","@id":"https:\/\/www.eldigitaldeasturias.com\/noticias#listItem","name":"Home"}},{"@type":"ListItem","@id":"https:\/\/www.eldigitaldeasturias.com\/noticias\/dante-rivas-nuevo-ministro-de-comercio-de-venezuela\/#listItem","position":3,"name":"Dante Rivas, nuevo ministro de Comercio de Venezuela","previousItem":{"@type":"ListItem","@id":"https:\/\/www.eldigitaldeasturias.com\/noticias\/category\/actualidad\/#listItem","name":"Actualidad"}}]},{"@type":"Organization","@id":"https:\/\/www.eldigitaldeasturias.com\/noticias\/#organization","name":"El Digital de Asturias","description":"Hemeroteca","url":"https:\/\/www.eldigitaldeasturias.com\/noticias\/","email":"info@eldigitaldeasturias.com","telephone":"+34652131393","logo":{"@type":"ImageObject","url":"https:\/\/www.eldigitaldeasturias.com\/noticias\/wp-content\/uploads\/2020\/12\/EDA.jpg","@id":"https:\/\/www.eldigitaldeasturias.com\/noticias\/dante-rivas-nuevo-ministro-de-comercio-de-venezuela\/#organizationLogo"},"image":{"@id":"https:\/\/www.eldigitaldeasturias.com\/noticias\/dante-rivas-nuevo-ministro-de-comercio-de-venezuela\/#organizationLogo"},"sameAs":["https:\/\/facebook.com\/eldigitaldeasturias","https:\/\/www.youtube.com\/channel\/UCZP-2wLEB9Rv6erhFmqVnvg"],"address":{"@id":"https:\/\/www.eldigitaldeasturias.com\/noticias\/#postaladdress","@type":"PostalAddress","streetAddress":"san antonio 4","postalCode":"33430","addressLocality":"Cand\u00e1s","addressRegion":"Asturias","addressCountry":"ES"}},{"@type":"Person","@id":"https:\/\/www.eldigitaldeasturias.com\/noticias\/author\/admin\/#author","url":"https:\/\/www.eldigitaldeasturias.com\/noticias\/author\/admin\/","name":"El Digital de Asturias","image":{"@type":"ImageObject","@id":"https:\/\/www.eldigitaldeasturias.com\/noticias\/dante-rivas-nuevo-ministro-de-comercio-de-venezuela\/#authorImage","url":"https:\/\/secure.gravatar.com\/avatar\/df2aeffc32bcd13f8d26072ef8a91b623d677766deac7f97ca815868cd41bf5e?s=96&d=mm&r=g","width":96,"height":96,"caption":"El Digital de Asturias"}},{"@type":"WebPage","@id":"https:\/\/www.eldigitaldeasturias.com\/noticias\/dante-rivas-nuevo-ministro-de-comercio-de-venezuela\/#webpage","url":"https:\/\/www.eldigitaldeasturias.com\/noticias\/dante-rivas-nuevo-ministro-de-comercio-de-venezuela\/","name":"Dante Rivas, nuevo ministro de Comercio de Venezuela - El Digital de Asturias","description":"Caracas, 4 feb (EFE).- El presidente de Venezuela, Nicol\u00e1s Maduro, nombr\u00f3 nuevo ministro de Comercio a Dante Rivas, quien sustituye a Jos\u00e9 Khan un d\u00eda despu\u00e9s de la entrada en vigor de la Ley de Precios y Costes Justos, seg\u00fan public\u00f3 hoy la Gaceta Oficial. El nombramiento de Rivas refleja la voluntad de Maduro, seg\u00fan","inLanguage":"es-ES","isPartOf":{"@id":"https:\/\/www.eldigitaldeasturias.com\/noticias\/#website"},"breadcrumb":{"@id":"https:\/\/www.eldigitaldeasturias.com\/noticias\/dante-rivas-nuevo-ministro-de-comercio-de-venezuela\/#breadcrumblist"},"author":{"@id":"https:\/\/www.eldigitaldeasturias.com\/noticias\/author\/admin\/#author"},"creator":{"@id":"https:\/\/www.eldigitaldeasturias.com\/noticias\/author\/admin\/#author"},"image":{"@type":"ImageObject","url":483602,"@id":"https:\/\/www.eldigitaldeasturias.com\/noticias\/dante-rivas-nuevo-ministro-de-comercio-de-venezuela\/#mainImage"},"primaryImageOfPage":{"@id":"https:\/\/www.eldigitaldeasturias.com\/noticias\/dante-rivas-nuevo-ministro-de-comercio-de-venezuela\/#mainImage"},"datePublished":"2014-02-05T00:09:06+01:00","dateModified":"2014-02-05T00:09:06+01:00"},{"@type":"WebSite","@id":"https:\/\/www.eldigitaldeasturias.com\/noticias\/#website","url":"https:\/\/www.eldigitaldeasturias.com\/noticias\/","name":"El Digital de Asturias - Diario de actualidad y noticias","alternateName":"El Digital de Asturias - Diario de actualidad y noticias","description":"Hemeroteca","inLanguage":"es-ES","publisher":{"@id":"https:\/\/www.eldigitaldeasturias.com\/noticias\/#organization"}}]},"og:locale":"es_ES","og:site_name":"El Digital de Asturias","og:type":"article","og:title":"Dante Rivas, nuevo ministro de Comercio de Venezuela - El Digital de Asturias","og:description":"Caracas, 4 feb (EFE).- El presidente de Venezuela, Nicol\u00e1s Maduro, nombr\u00f3 nuevo ministro de Comercio a Dante Rivas, quien sustituye a Jos\u00e9 Khan un d\u00eda despu\u00e9s de la entrada en vigor de la Ley de Precios y Costes Justos, seg\u00fan public\u00f3 hoy la Gaceta Oficial. El nombramiento de Rivas refleja la voluntad de Maduro, seg\u00fan","og:url":"https:\/\/www.eldigitaldeasturias.com\/noticias\/dante-rivas-nuevo-ministro-de-comercio-de-venezuela\/","article:tag":["actualidad"],"article:published_time":"2014-02-05T01:09:06+00:00","article:modified_time":"2014-02-05T01:09:06+00:00","article:publisher":"https:\/\/facebook.com\/eldigitaldeasturias","twitter:card":"summary_large_image","twitter:title":"Dante Rivas, nuevo ministro de Comercio de Venezuela - El Digital de Asturias","twitter:description":"Caracas, 4 feb (EFE).- El presidente de Venezuela, Nicol\u00e1s Maduro, nombr\u00f3 nuevo ministro de Comercio a Dante Rivas, quien sustituye a Jos\u00e9 Khan un d\u00eda despu\u00e9s de la entrada en vigor de la Ley de Precios y Costes Justos, seg\u00fan public\u00f3 hoy la Gaceta Oficial. El nombramiento de Rivas refleja la voluntad de Maduro, seg\u00fan","twitter:label1":"Escrito por","twitter:data1":"El Digital de Asturias","twitter:label2":"Tiempo de lectura estimado","twitter:data2":"1 minuto"},"aioseo_meta_data":{"post_id":"483601","title":null,"description":null,"keywords":null,"keyphrases":null,"primary_term":null,"canonical_url":null,"og_title":null,"og_description":null,"og_object_type":"default","og_image_type":"default","og_image_url":null,"og_image_width":null,"og_image_height":null,"og_image_custom_url":null,"og_image_custom_fields":null,"og_video":null,"og_custom_url":null,"og_article_section":null,"og_article_tags":null,"twitter_use_og":true,"twitter_card":"default","twitter_image_type":"default","twitter_image_url":null,"twitter_image_custom_url":null,"twitter_image_custom_fields":null,"twitter_title":null,"twitter_description":null,"schema":{"blockGraphs":[],"customGraphs":[],"default":{"data":{"Article":[],"Course":[],"Dataset":[],"FAQPage":[],"Movie":[],"Person":[],"Product":[],"ProductReview":[],"Car":[],"Recipe":[],"Service":[],"SoftwareApplication":[],"WebPage":[]},"graphName":"","isEnabled":true},"graphs":[],"defaultGraph":"","defaultPostTypeGraph":""},"schema_type":null,"schema_type_options":null,"pillar_content":false,"robots_default":true,"robots_noindex":false,"robots_noarchive":false,"robots_nosnippet":false,"robots_nofollow":false,"robots_noimageindex":false,"robots_noodp":false,"robots_notranslate":false,"robots_max_snippet":null,"robots_max_videopreview":null,"robots_max_imagepreview":"none","priority":null,"frequency":null,"local_seo":null,"seo_analyzer_scan_date":"2026-06-02 13:20:12","breadcrumb_settings":null,"limit_modified_date":false,"open_ai":null,"ai":null,"created":"2020-11-14 22:54:46","updated":"2026-06-02 13:20:12","focus_keyword":null,"additional_keywords":null,"truseo_locale":null},"aioseo_breadcrumb":"<div class=\"aioseo-breadcrumbs\"><span class=\"aioseo-breadcrumb\">\n\t<a href=\"https:\/\/www.eldigitaldeasturias.com\/noticias\" title=\"Home\">Home<\/a>\n<\/span><span class=\"aioseo-breadcrumb-separator\">\u2013<\/span><span class=\"aioseo-breadcrumb\">\n\t<a href=\"https:\/\/www.eldigitaldeasturias.com\/noticias\/category\/actualidad\/\" title=\"Actualidad\">Actualidad<\/a>\n<\/span><span class=\"aioseo-breadcrumb-separator\">\u2013<\/span><span class=\"aioseo-breadcrumb\">\n\t<a href=\"https:\/\/www.eldigitaldeasturias.com\/noticias\/dante-rivas-nuevo-ministro-de-comercio-de-venezuela\/\" title=\"Dante Rivas, nuevo ministro de Comercio de Venezuela\">Dante Rivas, nuevo ministro de Comercio de Venezuela<\/a>\n<\/span><\/div>","aioseo_breadcrumb_json":[{"label":"Home","link":"https:\/\/www.eldigitaldeasturias.com\/noticias"},{"label":"Actualidad","link":"https:\/\/www.eldigitaldeasturias.com\/noticias\/category\/actualidad\/"},{"label":"Dante Rivas, nuevo ministro de Comercio de Venezuela","link":"https:\/\/www.eldigitaldeasturias.com\/noticias\/dante-rivas-nuevo-ministro-de-comercio-de-venezuela\/"}],"_links":{"self":[{"href":"https:\/\/www.eldigitaldeasturias.com\/noticias\/wp-json\/wp\/v2\/posts\/483601","targetHints":{"allow":["GET"]}}],"collection":[{"href":"https:\/\/www.eldigitaldeasturias.com\/noticias\/wp-json\/wp\/v2\/posts"}],"about":[{"href":"https:\/\/www.eldigitaldeasturias.com\/noticias\/wp-json\/wp\/v2\/types\/post"}],"author":[{"embeddable":true,"href":"https:\/\/www.eldigitaldeasturias.com\/noticias\/wp-json\/wp\/v2\/users\/1"}],"replies":[{"embeddable":true,"href":"https:\/\/www.eldigitaldeasturias.com\/noticias\/wp-json\/wp\/v2\/comments?post=483601"}],"version-history":[{"count":0,"href":"https:\/\/www.eldigitaldeasturias.com\/noticias\/wp-json\/wp\/v2\/posts\/483601\/revisions"}],"wp:attachment":[{"href":"https:\/\/www.eldigitaldeasturias.com\/noticias\/wp-json\/wp\/v2\/media?parent=483601"}],"wp:term":[{"taxonomy":"category","embeddable":true,"href":"https:\/\/www.eldigitaldeasturias.com\/noticias\/wp-json\/wp\/v2\/categories?post=483601"},{"taxonomy":"post_tag","embeddable":true,"href":"https:\/\/www.eldigitaldeasturias.com\/noticias\/wp-json\/wp\/v2\/tags?post=483601"}],"curies":[{"name":"wp","href":"https:\/\/api.w.org\/{rel}","templated":true}]}}