{"id":483595,"date":"2014-02-05T00:06:14","date_gmt":"2014-02-05T01:06:14","guid":{"rendered":"http:\/\/www.eldigitaldeasturias.com\/noticias\/?p=483595"},"modified":"2014-02-05T00:06:14","modified_gmt":"2014-02-05T01:06:14","slug":"el-govern-asegura-que-no-se-movera-ni-una-coma-del-modelo-de-inmersion","status":"publish","type":"post","link":"https:\/\/www.eldigitaldeasturias.com\/noticias\/el-govern-asegura-que-no-se-movera-ni-una-coma-del-modelo-de-inmersion\/","title":{"rendered":"El Govern asegura que no se mover\u00e1 \u00abni una coma\u00bb del modelo de inmersi\u00f3n"},"content":{"rendered":"<p><img loading=\"lazy\" decoding=\"async\" class=\"alignleft size-medium wp-image-483596\" alt=\"5907251w\" src=\"https:\/\/www.eldigitaldeasturias.com\/noticias\/wp-content\/uploads\/2014\/02\/5907251w-360x239.jpg\" width=\"360\" height=\"239\" \/>Barcelona, 4 feb (EFE).- El conseller de Presidencia, Francesc Homs, ha asegurado hoy que el Govern no mover\u00e1 \u00abni una coma\u00bb del modelo de inmersi\u00f3n ling\u00fc\u00edstica en las escuelas catalanas, avalado por la Ley de Educaci\u00f3n de Catalu\u00f1a (LEC), que no ha sido impugnada y que es la que se continuar\u00e1 aplicando.<\/p>\n<p>En la rueda de prensa tras la reuni\u00f3n del Govern, en la que se ha analizado los autos de Tribunal Superior de Justicia de Catalu\u00f1a que obliga a cinco escuelas a ofrecer el 25 % de las clases en castellano, Homs ha afirmado que se interpondr\u00e1n los recursos judiciales que \u00absean necesarios\u00bb en defensa del \u00abinter\u00e9s general\u00bb y garantizando el aprendizaje del catal\u00e1n y el castellano.<\/p>\n<p>Homs ha denunciado que \u00abalguien quiere, por la puerta de atr\u00e1s, imponer algo que es clar\u00edsimamente minoritario y al margen de la ley\u00bb educativa catalana, poniendo \u00aben riesgo\u00bb un modelo educativo que \u00abtiene resultado y garantiza la cohesi\u00f3n\u00bb.<\/p>\n<p>Ante esta situaci\u00f3n, ha recalcado el portavoz, el Govern no se va a mover \u00abni una coma\u00bb en su apuesta por el sistema de inmersi\u00f3n ling\u00fc\u00edstica con el catal\u00e1n como lengua vehicular porque es \u00ablegal\u00bb, \u00abdemocr\u00e1tico\u00bb y se dise\u00f1\u00f3 \u00abentre todos\u00bb cuando se aprob\u00f3 la LEC.<\/p>\n<p>La reuni\u00f3n del gobierno catal\u00e1n ha servido para apoyar la estrategia de la consellera de Ense\u00f1anza, Irene Rigau, ante los cinco autos del TSJC que fijan un 25 % de las horas lectivas en castellano para sendos casos particulares.<\/p>\n<p>Homs ha asegurado que el gobierno catal\u00e1n \u00abcumplir\u00e1 con la ley\u00bb pero \u00abpara todos los alumnos\u00bb, haciendo hincapi\u00e9 en que la LEC, que ampara el sistema de inmersi\u00f3n ling\u00fc\u00edstica, est\u00e1 en vigor y nadie la ha impugnado.<\/p>\n<p>Ante los autos del TSJC, el ejecutivo catal\u00e1n presentar\u00e1 los recursos que sea necesarios, atender\u00e1 el \u00abinter\u00e9s general\u00bb de los alumnos para preservar sus derechos y aplicar\u00e1 la LEC, que est\u00e1 avalada por el Tribunal Constitucional, ha afirmado el portavoz.<\/p>\n<p>Homs ha remarcado que el actual sistema educativo con el catal\u00e1n como lengua vehicular garantiza un conocimiento del castellano de los alumnos catalanes que est\u00e1 \u00abpor encima de la media\u00bb del resto de escolares espa\u00f1oles.<\/p>\n","protected":false},"excerpt":{"rendered":"<p>Barcelona, 4 feb (EFE).- El conseller de Presidencia, Francesc Homs, ha asegurado hoy que el Govern no mover\u00e1 \u00abni una coma\u00bb del modelo de inmersi\u00f3n ling\u00fc\u00edstica en las escuelas catalanas, avalado por la Ley de Educaci\u00f3n de Catalu\u00f1a (LEC), que no ha sido impugnada y que es la que se continuar\u00e1 aplicando. En la rueda [&hellip;]<\/p>\n","protected":false},"author":1,"featured_media":483596,"comment_status":"closed","ping_status":"open","sticky":false,"template":"","format":"standard","meta":{"footnotes":""},"categories":[1],"tags":[],"class_list":["post-483595","post","type-post","status-publish","format-standard","has-post-thumbnail","hentry","category-actualidad"],"aioseo_notices":[],"aioseo_head":"\n\t\t<!-- All in One SEO Pro 5.0.1 - aioseo.com -->\n\t<meta name=\"description\" content=\"Barcelona, 4 feb (EFE).- El conseller de Presidencia, Francesc Homs, ha asegurado hoy que el Govern no mover\u00e1 &quot;ni una coma&quot; del modelo de inmersi\u00f3n ling\u00fc\u00edstica en las escuelas catalanas, avalado por la Ley de Educaci\u00f3n de Catalu\u00f1a (LEC), que no ha sido impugnada y que es la que se continuar\u00e1 aplicando. En la rueda\" \/>\n\t<meta name=\"robots\" content=\"max-image-preview:large\" \/>\n\t<meta name=\"author\" content=\"El Digital de Asturias\"\/>\n\t<meta name=\"google-site-verification\" content=\"UA-38556648-1\" \/>\n\t<meta name=\"msvalidate.01\" content=\"7dfe9f3f1b24437ab69f4f2559babe99\" \/>\n\t<meta name=\"keywords\" content=\"actualidad\" \/>\n\t<link rel=\"canonical\" href=\"https:\/\/www.eldigitaldeasturias.com\/noticias\/el-govern-asegura-que-no-se-movera-ni-una-coma-del-modelo-de-inmersion\/\" \/>\n\t<meta name=\"generator\" content=\"All in One SEO Pro (AIOSEO) 5.0.1\" \/>\n\t\t<meta property=\"og:locale\" content=\"es_ES\" \/>\n\t\t<meta property=\"og:site_name\" content=\"El Digital de Asturias\" \/>\n\t\t<meta property=\"og:type\" content=\"article\" \/>\n\t\t<meta property=\"og:title\" content=\"El Govern asegura que no se mover\u00e1 \u00abni una coma\u00bb del modelo de inmersi\u00f3n - El Digital de Asturias\" \/>\n\t\t<meta property=\"og:description\" content=\"Barcelona, 4 feb (EFE).- El conseller de Presidencia, Francesc Homs, ha asegurado hoy que el Govern no mover\u00e1 &quot;ni una coma&quot; del modelo de inmersi\u00f3n ling\u00fc\u00edstica en las escuelas catalanas, avalado por la Ley de Educaci\u00f3n de Catalu\u00f1a (LEC), que no ha sido impugnada y que es la que se continuar\u00e1 aplicando. En la rueda\" \/>\n\t\t<meta property=\"og:url\" content=\"https:\/\/www.eldigitaldeasturias.com\/noticias\/el-govern-asegura-que-no-se-movera-ni-una-coma-del-modelo-de-inmersion\/\" \/>\n\t\t<meta property=\"article:tag\" content=\"actualidad\" \/>\n\t\t<meta property=\"article:published_time\" content=\"2014-02-05T01:06:14+00:00\" \/>\n\t\t<meta property=\"article:modified_time\" content=\"2014-02-05T01:06:14+00:00\" \/>\n\t\t<meta property=\"article:publisher\" content=\"https:\/\/facebook.com\/eldigitaldeasturias\" \/>\n\t\t<meta name=\"twitter:card\" content=\"summary_large_image\" \/>\n\t\t<meta name=\"twitter:title\" content=\"El Govern asegura que no se mover\u00e1 \u00abni una coma\u00bb del modelo de inmersi\u00f3n - El Digital de Asturias\" \/>\n\t\t<meta name=\"twitter:description\" content=\"Barcelona, 4 feb (EFE).- El conseller de Presidencia, Francesc Homs, ha asegurado hoy que el Govern no mover\u00e1 &quot;ni una coma&quot; del modelo de inmersi\u00f3n ling\u00fc\u00edstica en las escuelas catalanas, avalado por la Ley de Educaci\u00f3n de Catalu\u00f1a (LEC), que no ha sido impugnada y que es la que se continuar\u00e1 aplicando. En la rueda\" \/>\n\t\t<meta name=\"twitter:label1\" content=\"Escrito por\" \/>\n\t\t<meta name=\"twitter:data1\" content=\"El Digital de Asturias\" \/>\n\t\t<meta name=\"twitter:label2\" content=\"Tiempo de lectura estimado\" \/>\n\t\t<meta name=\"twitter:data2\" content=\"2 minutos\" \/>\n\t\t<script type=\"application\/ld+json\" class=\"aioseo-schema\">\n\t\t\t{\"@context\":\"https:\\\/\\\/schema.org\",\"@graph\":[{\"@type\":\"BlogPosting\",\"@id\":\"https:\\\/\\\/www.eldigitaldeasturias.com\\\/noticias\\\/el-govern-asegura-que-no-se-movera-ni-una-coma-del-modelo-de-inmersion\\\/#blogposting\",\"name\":\"El Govern asegura que no se mover\\u00e1 \\u00abni una coma\\u00bb del modelo de inmersi\\u00f3n - El Digital de Asturias\",\"headline\":\"El Govern asegura que no se mover\\u00e1 \\u00abni una coma\\u00bb del modelo de inmersi\\u00f3n\",\"author\":{\"@id\":\"https:\\\/\\\/www.eldigitaldeasturias.com\\\/noticias\\\/author\\\/admin\\\/#author\"},\"publisher\":{\"@id\":\"https:\\\/\\\/www.eldigitaldeasturias.com\\\/noticias\\\/#organization\"},\"image\":{\"@type\":\"ImageObject\",\"url\":483596},\"datePublished\":\"2014-02-05T00:06:14+01:00\",\"dateModified\":\"2014-02-05T00:06:14+01:00\",\"inLanguage\":\"es-ES\",\"mainEntityOfPage\":{\"@id\":\"https:\\\/\\\/www.eldigitaldeasturias.com\\\/noticias\\\/el-govern-asegura-que-no-se-movera-ni-una-coma-del-modelo-de-inmersion\\\/#webpage\"},\"isPartOf\":{\"@id\":\"https:\\\/\\\/www.eldigitaldeasturias.com\\\/noticias\\\/el-govern-asegura-que-no-se-movera-ni-una-coma-del-modelo-de-inmersion\\\/#webpage\"},\"articleSection\":\"Actualidad\"},{\"@type\":\"BreadcrumbList\",\"@id\":\"https:\\\/\\\/www.eldigitaldeasturias.com\\\/noticias\\\/el-govern-asegura-que-no-se-movera-ni-una-coma-del-modelo-de-inmersion\\\/#breadcrumblist\",\"itemListElement\":[{\"@type\":\"ListItem\",\"@id\":\"https:\\\/\\\/www.eldigitaldeasturias.com\\\/noticias#listItem\",\"position\":1,\"name\":\"Home\",\"item\":\"https:\\\/\\\/www.eldigitaldeasturias.com\\\/noticias\",\"nextItem\":{\"@type\":\"ListItem\",\"@id\":\"https:\\\/\\\/www.eldigitaldeasturias.com\\\/noticias\\\/category\\\/actualidad\\\/#listItem\",\"name\":\"Actualidad\"}},{\"@type\":\"ListItem\",\"@id\":\"https:\\\/\\\/www.eldigitaldeasturias.com\\\/noticias\\\/category\\\/actualidad\\\/#listItem\",\"position\":2,\"name\":\"Actualidad\",\"item\":\"https:\\\/\\\/www.eldigitaldeasturias.com\\\/noticias\\\/category\\\/actualidad\\\/\",\"nextItem\":{\"@type\":\"ListItem\",\"@id\":\"https:\\\/\\\/www.eldigitaldeasturias.com\\\/noticias\\\/el-govern-asegura-que-no-se-movera-ni-una-coma-del-modelo-de-inmersion\\\/#listItem\",\"name\":\"El Govern asegura que no se mover\\u00e1 \\u00abni una coma\\u00bb del modelo de inmersi\\u00f3n\"},\"previousItem\":{\"@type\":\"ListItem\",\"@id\":\"https:\\\/\\\/www.eldigitaldeasturias.com\\\/noticias#listItem\",\"name\":\"Home\"}},{\"@type\":\"ListItem\",\"@id\":\"https:\\\/\\\/www.eldigitaldeasturias.com\\\/noticias\\\/el-govern-asegura-que-no-se-movera-ni-una-coma-del-modelo-de-inmersion\\\/#listItem\",\"position\":3,\"name\":\"El Govern asegura que no se mover\\u00e1 \\u00abni una coma\\u00bb del modelo de inmersi\\u00f3n\",\"previousItem\":{\"@type\":\"ListItem\",\"@id\":\"https:\\\/\\\/www.eldigitaldeasturias.com\\\/noticias\\\/category\\\/actualidad\\\/#listItem\",\"name\":\"Actualidad\"}}]},{\"@type\":\"Organization\",\"@id\":\"https:\\\/\\\/www.eldigitaldeasturias.com\\\/noticias\\\/#organization\",\"name\":\"El Digital de Asturias\",\"description\":\"Hemeroteca\",\"url\":\"https:\\\/\\\/www.eldigitaldeasturias.com\\\/noticias\\\/\",\"email\":\"info@eldigitaldeasturias.com\",\"telephone\":\"+34652131393\",\"logo\":{\"@type\":\"ImageObject\",\"url\":\"https:\\\/\\\/www.eldigitaldeasturias.com\\\/noticias\\\/wp-content\\\/uploads\\\/2020\\\/12\\\/EDA.jpg\",\"@id\":\"https:\\\/\\\/www.eldigitaldeasturias.com\\\/noticias\\\/el-govern-asegura-que-no-se-movera-ni-una-coma-del-modelo-de-inmersion\\\/#organizationLogo\"},\"image\":{\"@id\":\"https:\\\/\\\/www.eldigitaldeasturias.com\\\/noticias\\\/el-govern-asegura-que-no-se-movera-ni-una-coma-del-modelo-de-inmersion\\\/#organizationLogo\"},\"sameAs\":[\"https:\\\/\\\/facebook.com\\\/eldigitaldeasturias\",\"https:\\\/\\\/www.youtube.com\\\/channel\\\/UCZP-2wLEB9Rv6erhFmqVnvg\"],\"address\":{\"@id\":\"https:\\\/\\\/www.eldigitaldeasturias.com\\\/noticias\\\/#postaladdress\",\"@type\":\"PostalAddress\",\"streetAddress\":\"san antonio 4\",\"postalCode\":\"33430\",\"addressLocality\":\"Cand\\u00e1s\",\"addressRegion\":\"Asturias\",\"addressCountry\":\"ES\"}},{\"@type\":\"Person\",\"@id\":\"https:\\\/\\\/www.eldigitaldeasturias.com\\\/noticias\\\/author\\\/admin\\\/#author\",\"url\":\"https:\\\/\\\/www.eldigitaldeasturias.com\\\/noticias\\\/author\\\/admin\\\/\",\"name\":\"El Digital de Asturias\",\"image\":{\"@type\":\"ImageObject\",\"@id\":\"https:\\\/\\\/www.eldigitaldeasturias.com\\\/noticias\\\/el-govern-asegura-que-no-se-movera-ni-una-coma-del-modelo-de-inmersion\\\/#authorImage\",\"url\":\"https:\\\/\\\/secure.gravatar.com\\\/avatar\\\/df2aeffc32bcd13f8d26072ef8a91b623d677766deac7f97ca815868cd41bf5e?s=96&d=mm&r=g\",\"width\":96,\"height\":96,\"caption\":\"El Digital de Asturias\"}},{\"@type\":\"WebPage\",\"@id\":\"https:\\\/\\\/www.eldigitaldeasturias.com\\\/noticias\\\/el-govern-asegura-que-no-se-movera-ni-una-coma-del-modelo-de-inmersion\\\/#webpage\",\"url\":\"https:\\\/\\\/www.eldigitaldeasturias.com\\\/noticias\\\/el-govern-asegura-que-no-se-movera-ni-una-coma-del-modelo-de-inmersion\\\/\",\"name\":\"El Govern asegura que no se mover\\u00e1 \\u00abni una coma\\u00bb del modelo de inmersi\\u00f3n - El Digital de Asturias\",\"description\":\"Barcelona, 4 feb (EFE).- El conseller de Presidencia, Francesc Homs, ha asegurado hoy que el Govern no mover\\u00e1 \\\"ni una coma\\\" del modelo de inmersi\\u00f3n ling\\u00fc\\u00edstica en las escuelas catalanas, avalado por la Ley de Educaci\\u00f3n de Catalu\\u00f1a (LEC), que no ha sido impugnada y que es la que se continuar\\u00e1 aplicando. En la rueda\",\"inLanguage\":\"es-ES\",\"isPartOf\":{\"@id\":\"https:\\\/\\\/www.eldigitaldeasturias.com\\\/noticias\\\/#website\"},\"breadcrumb\":{\"@id\":\"https:\\\/\\\/www.eldigitaldeasturias.com\\\/noticias\\\/el-govern-asegura-que-no-se-movera-ni-una-coma-del-modelo-de-inmersion\\\/#breadcrumblist\"},\"author\":{\"@id\":\"https:\\\/\\\/www.eldigitaldeasturias.com\\\/noticias\\\/author\\\/admin\\\/#author\"},\"creator\":{\"@id\":\"https:\\\/\\\/www.eldigitaldeasturias.com\\\/noticias\\\/author\\\/admin\\\/#author\"},\"image\":{\"@type\":\"ImageObject\",\"url\":483596,\"@id\":\"https:\\\/\\\/www.eldigitaldeasturias.com\\\/noticias\\\/el-govern-asegura-que-no-se-movera-ni-una-coma-del-modelo-de-inmersion\\\/#mainImage\"},\"primaryImageOfPage\":{\"@id\":\"https:\\\/\\\/www.eldigitaldeasturias.com\\\/noticias\\\/el-govern-asegura-que-no-se-movera-ni-una-coma-del-modelo-de-inmersion\\\/#mainImage\"},\"datePublished\":\"2014-02-05T00:06:14+01:00\",\"dateModified\":\"2014-02-05T00:06:14+01:00\"},{\"@type\":\"WebSite\",\"@id\":\"https:\\\/\\\/www.eldigitaldeasturias.com\\\/noticias\\\/#website\",\"url\":\"https:\\\/\\\/www.eldigitaldeasturias.com\\\/noticias\\\/\",\"name\":\"El Digital de Asturias - Diario de actualidad y noticias\",\"alternateName\":\"El Digital de Asturias - Diario de actualidad y noticias\",\"description\":\"Hemeroteca\",\"inLanguage\":\"es-ES\",\"publisher\":{\"@id\":\"https:\\\/\\\/www.eldigitaldeasturias.com\\\/noticias\\\/#organization\"}}]}\n\t\t<\/script>\n\t\t<!-- All in One SEO Pro -->\r\n\t\t<title>El Govern asegura que no se mover\u00e1 \u00abni una coma\u00bb del modelo de inmersi\u00f3n - El Digital de Asturias<\/title>\n\n","aioseo_head_json":{"title":"El Govern asegura que no se mover\u00e1 \u00abni una coma\u00bb del modelo de inmersi\u00f3n - El Digital de Asturias","description":"Barcelona, 4 feb (EFE).- El conseller de Presidencia, Francesc Homs, ha asegurado hoy que el Govern no mover\u00e1 \"ni una coma\" del modelo de inmersi\u00f3n ling\u00fc\u00edstica en las escuelas catalanas, avalado por la Ley de Educaci\u00f3n de Catalu\u00f1a (LEC), que no ha sido impugnada y que es la que se continuar\u00e1 aplicando. En la rueda","canonical_url":"https:\/\/www.eldigitaldeasturias.com\/noticias\/el-govern-asegura-que-no-se-movera-ni-una-coma-del-modelo-de-inmersion\/","robots":"max-image-preview:large","keywords":"actualidad","webmasterTools":{"google-site-verification":"UA-38556648-1","msvalidate.01":"7dfe9f3f1b24437ab69f4f2559babe99","miscellaneous":""},"schema":{"@context":"https:\/\/schema.org","@graph":[{"@type":"BlogPosting","@id":"https:\/\/www.eldigitaldeasturias.com\/noticias\/el-govern-asegura-que-no-se-movera-ni-una-coma-del-modelo-de-inmersion\/#blogposting","name":"El Govern asegura que no se mover\u00e1 \u00abni una coma\u00bb del modelo de inmersi\u00f3n - El Digital de Asturias","headline":"El Govern asegura que no se mover\u00e1 \u00abni una coma\u00bb del modelo de inmersi\u00f3n","author":{"@id":"https:\/\/www.eldigitaldeasturias.com\/noticias\/author\/admin\/#author"},"publisher":{"@id":"https:\/\/www.eldigitaldeasturias.com\/noticias\/#organization"},"image":{"@type":"ImageObject","url":483596},"datePublished":"2014-02-05T00:06:14+01:00","dateModified":"2014-02-05T00:06:14+01:00","inLanguage":"es-ES","mainEntityOfPage":{"@id":"https:\/\/www.eldigitaldeasturias.com\/noticias\/el-govern-asegura-que-no-se-movera-ni-una-coma-del-modelo-de-inmersion\/#webpage"},"isPartOf":{"@id":"https:\/\/www.eldigitaldeasturias.com\/noticias\/el-govern-asegura-que-no-se-movera-ni-una-coma-del-modelo-de-inmersion\/#webpage"},"articleSection":"Actualidad"},{"@type":"BreadcrumbList","@id":"https:\/\/www.eldigitaldeasturias.com\/noticias\/el-govern-asegura-que-no-se-movera-ni-una-coma-del-modelo-de-inmersion\/#breadcrumblist","itemListElement":[{"@type":"ListItem","@id":"https:\/\/www.eldigitaldeasturias.com\/noticias#listItem","position":1,"name":"Home","item":"https:\/\/www.eldigitaldeasturias.com\/noticias","nextItem":{"@type":"ListItem","@id":"https:\/\/www.eldigitaldeasturias.com\/noticias\/category\/actualidad\/#listItem","name":"Actualidad"}},{"@type":"ListItem","@id":"https:\/\/www.eldigitaldeasturias.com\/noticias\/category\/actualidad\/#listItem","position":2,"name":"Actualidad","item":"https:\/\/www.eldigitaldeasturias.com\/noticias\/category\/actualidad\/","nextItem":{"@type":"ListItem","@id":"https:\/\/www.eldigitaldeasturias.com\/noticias\/el-govern-asegura-que-no-se-movera-ni-una-coma-del-modelo-de-inmersion\/#listItem","name":"El Govern asegura que no se mover\u00e1 \u00abni una coma\u00bb del modelo de inmersi\u00f3n"},"previousItem":{"@type":"ListItem","@id":"https:\/\/www.eldigitaldeasturias.com\/noticias#listItem","name":"Home"}},{"@type":"ListItem","@id":"https:\/\/www.eldigitaldeasturias.com\/noticias\/el-govern-asegura-que-no-se-movera-ni-una-coma-del-modelo-de-inmersion\/#listItem","position":3,"name":"El Govern asegura que no se mover\u00e1 \u00abni una coma\u00bb del modelo de inmersi\u00f3n","previousItem":{"@type":"ListItem","@id":"https:\/\/www.eldigitaldeasturias.com\/noticias\/category\/actualidad\/#listItem","name":"Actualidad"}}]},{"@type":"Organization","@id":"https:\/\/www.eldigitaldeasturias.com\/noticias\/#organization","name":"El Digital de Asturias","description":"Hemeroteca","url":"https:\/\/www.eldigitaldeasturias.com\/noticias\/","email":"info@eldigitaldeasturias.com","telephone":"+34652131393","logo":{"@type":"ImageObject","url":"https:\/\/www.eldigitaldeasturias.com\/noticias\/wp-content\/uploads\/2020\/12\/EDA.jpg","@id":"https:\/\/www.eldigitaldeasturias.com\/noticias\/el-govern-asegura-que-no-se-movera-ni-una-coma-del-modelo-de-inmersion\/#organizationLogo"},"image":{"@id":"https:\/\/www.eldigitaldeasturias.com\/noticias\/el-govern-asegura-que-no-se-movera-ni-una-coma-del-modelo-de-inmersion\/#organizationLogo"},"sameAs":["https:\/\/facebook.com\/eldigitaldeasturias","https:\/\/www.youtube.com\/channel\/UCZP-2wLEB9Rv6erhFmqVnvg"],"address":{"@id":"https:\/\/www.eldigitaldeasturias.com\/noticias\/#postaladdress","@type":"PostalAddress","streetAddress":"san antonio 4","postalCode":"33430","addressLocality":"Cand\u00e1s","addressRegion":"Asturias","addressCountry":"ES"}},{"@type":"Person","@id":"https:\/\/www.eldigitaldeasturias.com\/noticias\/author\/admin\/#author","url":"https:\/\/www.eldigitaldeasturias.com\/noticias\/author\/admin\/","name":"El Digital de Asturias","image":{"@type":"ImageObject","@id":"https:\/\/www.eldigitaldeasturias.com\/noticias\/el-govern-asegura-que-no-se-movera-ni-una-coma-del-modelo-de-inmersion\/#authorImage","url":"https:\/\/secure.gravatar.com\/avatar\/df2aeffc32bcd13f8d26072ef8a91b623d677766deac7f97ca815868cd41bf5e?s=96&d=mm&r=g","width":96,"height":96,"caption":"El Digital de Asturias"}},{"@type":"WebPage","@id":"https:\/\/www.eldigitaldeasturias.com\/noticias\/el-govern-asegura-que-no-se-movera-ni-una-coma-del-modelo-de-inmersion\/#webpage","url":"https:\/\/www.eldigitaldeasturias.com\/noticias\/el-govern-asegura-que-no-se-movera-ni-una-coma-del-modelo-de-inmersion\/","name":"El Govern asegura que no se mover\u00e1 \u00abni una coma\u00bb del modelo de inmersi\u00f3n - El Digital de Asturias","description":"Barcelona, 4 feb (EFE).- El conseller de Presidencia, Francesc Homs, ha asegurado hoy que el Govern no mover\u00e1 \"ni una coma\" del modelo de inmersi\u00f3n ling\u00fc\u00edstica en las escuelas catalanas, avalado por la Ley de Educaci\u00f3n de Catalu\u00f1a (LEC), que no ha sido impugnada y que es la que se continuar\u00e1 aplicando. En la rueda","inLanguage":"es-ES","isPartOf":{"@id":"https:\/\/www.eldigitaldeasturias.com\/noticias\/#website"},"breadcrumb":{"@id":"https:\/\/www.eldigitaldeasturias.com\/noticias\/el-govern-asegura-que-no-se-movera-ni-una-coma-del-modelo-de-inmersion\/#breadcrumblist"},"author":{"@id":"https:\/\/www.eldigitaldeasturias.com\/noticias\/author\/admin\/#author"},"creator":{"@id":"https:\/\/www.eldigitaldeasturias.com\/noticias\/author\/admin\/#author"},"image":{"@type":"ImageObject","url":483596,"@id":"https:\/\/www.eldigitaldeasturias.com\/noticias\/el-govern-asegura-que-no-se-movera-ni-una-coma-del-modelo-de-inmersion\/#mainImage"},"primaryImageOfPage":{"@id":"https:\/\/www.eldigitaldeasturias.com\/noticias\/el-govern-asegura-que-no-se-movera-ni-una-coma-del-modelo-de-inmersion\/#mainImage"},"datePublished":"2014-02-05T00:06:14+01:00","dateModified":"2014-02-05T00:06:14+01:00"},{"@type":"WebSite","@id":"https:\/\/www.eldigitaldeasturias.com\/noticias\/#website","url":"https:\/\/www.eldigitaldeasturias.com\/noticias\/","name":"El Digital de Asturias - Diario de actualidad y noticias","alternateName":"El Digital de Asturias - Diario de actualidad y noticias","description":"Hemeroteca","inLanguage":"es-ES","publisher":{"@id":"https:\/\/www.eldigitaldeasturias.com\/noticias\/#organization"}}]},"og:locale":"es_ES","og:site_name":"El Digital de Asturias","og:type":"article","og:title":"El Govern asegura que no se mover\u00e1 \u00abni una coma\u00bb del modelo de inmersi\u00f3n - El Digital de Asturias","og:description":"Barcelona, 4 feb (EFE).- El conseller de Presidencia, Francesc Homs, ha asegurado hoy que el Govern no mover\u00e1 &quot;ni una coma&quot; del modelo de inmersi\u00f3n ling\u00fc\u00edstica en las escuelas catalanas, avalado por la Ley de Educaci\u00f3n de Catalu\u00f1a (LEC), que no ha sido impugnada y que es la que se continuar\u00e1 aplicando. En la rueda","og:url":"https:\/\/www.eldigitaldeasturias.com\/noticias\/el-govern-asegura-que-no-se-movera-ni-una-coma-del-modelo-de-inmersion\/","article:tag":["actualidad"],"article:published_time":"2014-02-05T01:06:14+00:00","article:modified_time":"2014-02-05T01:06:14+00:00","article:publisher":"https:\/\/facebook.com\/eldigitaldeasturias","twitter:card":"summary_large_image","twitter:title":"El Govern asegura que no se mover\u00e1 \u00abni una coma\u00bb del modelo de inmersi\u00f3n - El Digital de Asturias","twitter:description":"Barcelona, 4 feb (EFE).- El conseller de Presidencia, Francesc Homs, ha asegurado hoy que el Govern no mover\u00e1 &quot;ni una coma&quot; del modelo de inmersi\u00f3n ling\u00fc\u00edstica en las escuelas catalanas, avalado por la Ley de Educaci\u00f3n de Catalu\u00f1a (LEC), que no ha sido impugnada y que es la que se continuar\u00e1 aplicando. En la rueda","twitter:label1":"Escrito por","twitter:data1":"El Digital de Asturias","twitter:label2":"Tiempo de lectura estimado","twitter:data2":"2 minutos"},"aioseo_meta_data":{"post_id":"483595","title":null,"description":null,"keywords":null,"keyphrases":null,"primary_term":null,"canonical_url":null,"og_title":null,"og_description":null,"og_object_type":"default","og_image_type":"default","og_image_url":null,"og_image_width":null,"og_image_height":null,"og_image_custom_url":null,"og_image_custom_fields":null,"og_video":null,"og_custom_url":null,"og_article_section":null,"og_article_tags":null,"twitter_use_og":true,"twitter_card":"default","twitter_image_type":"default","twitter_image_url":null,"twitter_image_custom_url":null,"twitter_image_custom_fields":null,"twitter_title":null,"twitter_description":null,"schema":{"blockGraphs":[],"customGraphs":[],"default":{"data":{"Article":[],"Course":[],"Dataset":[],"FAQPage":[],"Movie":[],"Person":[],"Product":[],"ProductReview":[],"Car":[],"Recipe":[],"Service":[],"SoftwareApplication":[],"WebPage":[]},"graphName":"","isEnabled":true},"graphs":[],"defaultGraph":"","defaultPostTypeGraph":""},"schema_type":null,"schema_type_options":null,"pillar_content":false,"robots_default":true,"robots_noindex":false,"robots_noarchive":false,"robots_nosnippet":false,"robots_nofollow":false,"robots_noimageindex":false,"robots_noodp":false,"robots_notranslate":false,"robots_max_snippet":null,"robots_max_videopreview":null,"robots_max_imagepreview":"none","priority":null,"frequency":null,"local_seo":null,"seo_analyzer_scan_date":"2026-06-02 13:20:09","breadcrumb_settings":null,"limit_modified_date":false,"open_ai":null,"ai":null,"created":"2020-11-14 22:54:46","updated":"2026-06-02 13:20:09","focus_keyword":null,"additional_keywords":null,"truseo_locale":null},"aioseo_breadcrumb":"<div class=\"aioseo-breadcrumbs\"><span class=\"aioseo-breadcrumb\">\n\t<a href=\"https:\/\/www.eldigitaldeasturias.com\/noticias\" title=\"Home\">Home<\/a>\n<\/span><span class=\"aioseo-breadcrumb-separator\">\u2013<\/span><span class=\"aioseo-breadcrumb\">\n\t<a href=\"https:\/\/www.eldigitaldeasturias.com\/noticias\/category\/actualidad\/\" title=\"Actualidad\">Actualidad<\/a>\n<\/span><span class=\"aioseo-breadcrumb-separator\">\u2013<\/span><span class=\"aioseo-breadcrumb\">\n\t<a href=\"https:\/\/www.eldigitaldeasturias.com\/noticias\/el-govern-asegura-que-no-se-movera-ni-una-coma-del-modelo-de-inmersion\/\" title=\"El Govern asegura que no se mover\u00e1 \u00abni una coma\u00bb del modelo de inmersi\u00f3n\">El Govern asegura que no se mover\u00e1 \u00abni una coma\u00bb del modelo de inmersi\u00f3n<\/a>\n<\/span><\/div>","aioseo_breadcrumb_json":[{"label":"Home","link":"https:\/\/www.eldigitaldeasturias.com\/noticias"},{"label":"Actualidad","link":"https:\/\/www.eldigitaldeasturias.com\/noticias\/category\/actualidad\/"},{"label":"El Govern asegura que no se mover\u00e1 \u00abni una coma\u00bb del modelo de inmersi\u00f3n","link":"https:\/\/www.eldigitaldeasturias.com\/noticias\/el-govern-asegura-que-no-se-movera-ni-una-coma-del-modelo-de-inmersion\/"}],"_links":{"self":[{"href":"https:\/\/www.eldigitaldeasturias.com\/noticias\/wp-json\/wp\/v2\/posts\/483595","targetHints":{"allow":["GET"]}}],"collection":[{"href":"https:\/\/www.eldigitaldeasturias.com\/noticias\/wp-json\/wp\/v2\/posts"}],"about":[{"href":"https:\/\/www.eldigitaldeasturias.com\/noticias\/wp-json\/wp\/v2\/types\/post"}],"author":[{"embeddable":true,"href":"https:\/\/www.eldigitaldeasturias.com\/noticias\/wp-json\/wp\/v2\/users\/1"}],"replies":[{"embeddable":true,"href":"https:\/\/www.eldigitaldeasturias.com\/noticias\/wp-json\/wp\/v2\/comments?post=483595"}],"version-history":[{"count":0,"href":"https:\/\/www.eldigitaldeasturias.com\/noticias\/wp-json\/wp\/v2\/posts\/483595\/revisions"}],"wp:attachment":[{"href":"https:\/\/www.eldigitaldeasturias.com\/noticias\/wp-json\/wp\/v2\/media?parent=483595"}],"wp:term":[{"taxonomy":"category","embeddable":true,"href":"https:\/\/www.eldigitaldeasturias.com\/noticias\/wp-json\/wp\/v2\/categories?post=483595"},{"taxonomy":"post_tag","embeddable":true,"href":"https:\/\/www.eldigitaldeasturias.com\/noticias\/wp-json\/wp\/v2\/tags?post=483595"}],"curies":[{"name":"wp","href":"https:\/\/api.w.org\/{rel}","templated":true}]}}