{"id":483586,"date":"2014-02-05T00:02:51","date_gmt":"2014-02-05T01:02:51","guid":{"rendered":"http:\/\/www.eldigitaldeasturias.com\/noticias\/?p=483586"},"modified":"2014-02-05T00:02:51","modified_gmt":"2014-02-05T01:02:51","slug":"el-pp-ve-en-los-datos-del-paro-que-la-recesion-ha-acabado-pero-la-crisis-no","status":"publish","type":"post","link":"https:\/\/www.eldigitaldeasturias.com\/noticias\/el-pp-ve-en-los-datos-del-paro-que-la-recesion-ha-acabado-pero-la-crisis-no\/","title":{"rendered":"El PP ve en los datos del paro que la recesi\u00f3n ha acabado pero la crisis no"},"content":{"rendered":"<p><img loading=\"lazy\" decoding=\"async\" class=\"alignleft size-medium wp-image-483587\" alt=\"5907199w\" src=\"https:\/\/www.eldigitaldeasturias.com\/noticias\/wp-content\/uploads\/2014\/02\/5907199w-360x239.jpg\" width=\"360\" height=\"239\" \/>Madrid, 4 feb (EFE).- El portavoz del PP en el Congreso, Alfonso Alonso, ha considerado hoy que la subida del paro registrado en enero demuestra que \u00abla recesi\u00f3n ha acabado pero la crisis no\u00bb, y por eso ha apostado por que el Gobierno siga \u00abdando la batalla\u00bb, haciendo reformas y \u00abapretando\u00bb para que este a\u00f1os se cree empleo.<\/p>\n<p>En declaraciones a los periodistas en el Congreso, Alonso ha admitido que el aumento del desempleo en enero es \u00abun mal dato\u00bb, pero tambi\u00e9n \u00abel menos malo\u00bb en este mes \u00abdesde que empez\u00f3 la crisis\u00bb<\/p>\n<p>Ha pedido observar estas cifras \u00abcon perspectiva\u00bb y ha se\u00f1alado que en un a\u00f1o el desempleo ha ca\u00eddo en 166.000 personas y la afiliaci\u00f3n no ha variado, lo que es \u00abreal y significativo\u00bb.<\/p>\n<p>En cualquier caso ha se\u00f1alado que en 2013 se detuvo la \u00absangr\u00eda del paro\u00bb, que hab\u00eda sido \u00abmuy negativa y permanente\u00bb.<\/p>\n","protected":false},"excerpt":{"rendered":"<p>Madrid, 4 feb (EFE).- El portavoz del PP en el Congreso, Alfonso Alonso, ha considerado hoy que la subida del paro registrado en enero demuestra que \u00abla recesi\u00f3n ha acabado pero la crisis no\u00bb, y por eso ha apostado por que el Gobierno siga \u00abdando la batalla\u00bb, haciendo reformas y \u00abapretando\u00bb para que este a\u00f1os [&hellip;]<\/p>\n","protected":false},"author":1,"featured_media":483587,"comment_status":"closed","ping_status":"open","sticky":false,"template":"","format":"standard","meta":{"footnotes":""},"categories":[1],"tags":[],"class_list":["post-483586","post","type-post","status-publish","format-standard","has-post-thumbnail","hentry","category-actualidad"],"aioseo_notices":[],"aioseo_head":"\n\t\t<!-- All in One SEO Pro 5.0.1 - aioseo.com -->\n\t<meta name=\"description\" content=\"Madrid, 4 feb (EFE).- El portavoz del PP en el Congreso, Alfonso Alonso, ha considerado hoy que la subida del paro registrado en enero demuestra que &quot;la recesi\u00f3n ha acabado pero la crisis no&quot;, y por eso ha apostado por que el Gobierno siga &quot;dando la batalla&quot;, haciendo reformas y &quot;apretando&quot; para que este a\u00f1os\" \/>\n\t<meta name=\"robots\" content=\"max-image-preview:large\" \/>\n\t<meta name=\"author\" content=\"El Digital de Asturias\"\/>\n\t<meta name=\"google-site-verification\" content=\"UA-38556648-1\" \/>\n\t<meta name=\"msvalidate.01\" content=\"7dfe9f3f1b24437ab69f4f2559babe99\" \/>\n\t<meta name=\"keywords\" content=\"actualidad\" \/>\n\t<link rel=\"canonical\" href=\"https:\/\/www.eldigitaldeasturias.com\/noticias\/el-pp-ve-en-los-datos-del-paro-que-la-recesion-ha-acabado-pero-la-crisis-no\/\" \/>\n\t<meta name=\"generator\" content=\"All in One SEO Pro (AIOSEO) 5.0.1\" \/>\n\t\t<meta property=\"og:locale\" content=\"es_ES\" \/>\n\t\t<meta property=\"og:site_name\" content=\"El Digital de Asturias\" \/>\n\t\t<meta property=\"og:type\" content=\"article\" \/>\n\t\t<meta property=\"og:title\" content=\"El PP ve en los datos del paro que la recesi\u00f3n ha acabado pero la crisis no - El Digital de Asturias\" \/>\n\t\t<meta property=\"og:description\" content=\"Madrid, 4 feb (EFE).- El portavoz del PP en el Congreso, Alfonso Alonso, ha considerado hoy que la subida del paro registrado en enero demuestra que &quot;la recesi\u00f3n ha acabado pero la crisis no&quot;, y por eso ha apostado por que el Gobierno siga &quot;dando la batalla&quot;, haciendo reformas y &quot;apretando&quot; para que este a\u00f1os\" \/>\n\t\t<meta property=\"og:url\" content=\"https:\/\/www.eldigitaldeasturias.com\/noticias\/el-pp-ve-en-los-datos-del-paro-que-la-recesion-ha-acabado-pero-la-crisis-no\/\" \/>\n\t\t<meta property=\"article:tag\" content=\"actualidad\" \/>\n\t\t<meta property=\"article:published_time\" content=\"2014-02-05T01:02:51+00:00\" \/>\n\t\t<meta property=\"article:modified_time\" content=\"2014-02-05T01:02:51+00:00\" \/>\n\t\t<meta property=\"article:publisher\" content=\"https:\/\/facebook.com\/eldigitaldeasturias\" \/>\n\t\t<meta name=\"twitter:card\" content=\"summary_large_image\" \/>\n\t\t<meta name=\"twitter:title\" content=\"El PP ve en los datos del paro que la recesi\u00f3n ha acabado pero la crisis no - El Digital de Asturias\" \/>\n\t\t<meta name=\"twitter:description\" content=\"Madrid, 4 feb (EFE).- El portavoz del PP en el Congreso, Alfonso Alonso, ha considerado hoy que la subida del paro registrado en enero demuestra que &quot;la recesi\u00f3n ha acabado pero la crisis no&quot;, y por eso ha apostado por que el Gobierno siga &quot;dando la batalla&quot;, haciendo reformas y &quot;apretando&quot; para que este a\u00f1os\" \/>\n\t\t<meta name=\"twitter:label1\" content=\"Escrito por\" \/>\n\t\t<meta name=\"twitter:data1\" content=\"El Digital de Asturias\" \/>\n\t\t<meta name=\"twitter:label2\" content=\"Tiempo de lectura estimado\" \/>\n\t\t<meta name=\"twitter:data2\" content=\"1 minuto\" \/>\n\t\t<script type=\"application\/ld+json\" class=\"aioseo-schema\">\n\t\t\t{\"@context\":\"https:\\\/\\\/schema.org\",\"@graph\":[{\"@type\":\"BlogPosting\",\"@id\":\"https:\\\/\\\/www.eldigitaldeasturias.com\\\/noticias\\\/el-pp-ve-en-los-datos-del-paro-que-la-recesion-ha-acabado-pero-la-crisis-no\\\/#blogposting\",\"name\":\"El PP ve en los datos del paro que la recesi\\u00f3n ha acabado pero la crisis no - El Digital de Asturias\",\"headline\":\"El PP ve en los datos del paro que la recesi\\u00f3n ha acabado pero la crisis no\",\"author\":{\"@id\":\"https:\\\/\\\/www.eldigitaldeasturias.com\\\/noticias\\\/author\\\/admin\\\/#author\"},\"publisher\":{\"@id\":\"https:\\\/\\\/www.eldigitaldeasturias.com\\\/noticias\\\/#organization\"},\"image\":{\"@type\":\"ImageObject\",\"url\":483587},\"datePublished\":\"2014-02-05T00:02:51+01:00\",\"dateModified\":\"2014-02-05T00:02:51+01:00\",\"inLanguage\":\"es-ES\",\"mainEntityOfPage\":{\"@id\":\"https:\\\/\\\/www.eldigitaldeasturias.com\\\/noticias\\\/el-pp-ve-en-los-datos-del-paro-que-la-recesion-ha-acabado-pero-la-crisis-no\\\/#webpage\"},\"isPartOf\":{\"@id\":\"https:\\\/\\\/www.eldigitaldeasturias.com\\\/noticias\\\/el-pp-ve-en-los-datos-del-paro-que-la-recesion-ha-acabado-pero-la-crisis-no\\\/#webpage\"},\"articleSection\":\"Actualidad\"},{\"@type\":\"BreadcrumbList\",\"@id\":\"https:\\\/\\\/www.eldigitaldeasturias.com\\\/noticias\\\/el-pp-ve-en-los-datos-del-paro-que-la-recesion-ha-acabado-pero-la-crisis-no\\\/#breadcrumblist\",\"itemListElement\":[{\"@type\":\"ListItem\",\"@id\":\"https:\\\/\\\/www.eldigitaldeasturias.com\\\/noticias#listItem\",\"position\":1,\"name\":\"Home\",\"item\":\"https:\\\/\\\/www.eldigitaldeasturias.com\\\/noticias\",\"nextItem\":{\"@type\":\"ListItem\",\"@id\":\"https:\\\/\\\/www.eldigitaldeasturias.com\\\/noticias\\\/category\\\/actualidad\\\/#listItem\",\"name\":\"Actualidad\"}},{\"@type\":\"ListItem\",\"@id\":\"https:\\\/\\\/www.eldigitaldeasturias.com\\\/noticias\\\/category\\\/actualidad\\\/#listItem\",\"position\":2,\"name\":\"Actualidad\",\"item\":\"https:\\\/\\\/www.eldigitaldeasturias.com\\\/noticias\\\/category\\\/actualidad\\\/\",\"nextItem\":{\"@type\":\"ListItem\",\"@id\":\"https:\\\/\\\/www.eldigitaldeasturias.com\\\/noticias\\\/el-pp-ve-en-los-datos-del-paro-que-la-recesion-ha-acabado-pero-la-crisis-no\\\/#listItem\",\"name\":\"El PP ve en los datos del paro que la recesi\\u00f3n ha acabado pero la crisis no\"},\"previousItem\":{\"@type\":\"ListItem\",\"@id\":\"https:\\\/\\\/www.eldigitaldeasturias.com\\\/noticias#listItem\",\"name\":\"Home\"}},{\"@type\":\"ListItem\",\"@id\":\"https:\\\/\\\/www.eldigitaldeasturias.com\\\/noticias\\\/el-pp-ve-en-los-datos-del-paro-que-la-recesion-ha-acabado-pero-la-crisis-no\\\/#listItem\",\"position\":3,\"name\":\"El PP ve en los datos del paro que la recesi\\u00f3n ha acabado pero la crisis no\",\"previousItem\":{\"@type\":\"ListItem\",\"@id\":\"https:\\\/\\\/www.eldigitaldeasturias.com\\\/noticias\\\/category\\\/actualidad\\\/#listItem\",\"name\":\"Actualidad\"}}]},{\"@type\":\"Organization\",\"@id\":\"https:\\\/\\\/www.eldigitaldeasturias.com\\\/noticias\\\/#organization\",\"name\":\"El Digital de Asturias\",\"description\":\"Hemeroteca\",\"url\":\"https:\\\/\\\/www.eldigitaldeasturias.com\\\/noticias\\\/\",\"email\":\"info@eldigitaldeasturias.com\",\"telephone\":\"+34652131393\",\"logo\":{\"@type\":\"ImageObject\",\"url\":\"https:\\\/\\\/www.eldigitaldeasturias.com\\\/noticias\\\/wp-content\\\/uploads\\\/2020\\\/12\\\/EDA.jpg\",\"@id\":\"https:\\\/\\\/www.eldigitaldeasturias.com\\\/noticias\\\/el-pp-ve-en-los-datos-del-paro-que-la-recesion-ha-acabado-pero-la-crisis-no\\\/#organizationLogo\"},\"image\":{\"@id\":\"https:\\\/\\\/www.eldigitaldeasturias.com\\\/noticias\\\/el-pp-ve-en-los-datos-del-paro-que-la-recesion-ha-acabado-pero-la-crisis-no\\\/#organizationLogo\"},\"sameAs\":[\"https:\\\/\\\/facebook.com\\\/eldigitaldeasturias\",\"https:\\\/\\\/www.youtube.com\\\/channel\\\/UCZP-2wLEB9Rv6erhFmqVnvg\"],\"address\":{\"@id\":\"https:\\\/\\\/www.eldigitaldeasturias.com\\\/noticias\\\/#postaladdress\",\"@type\":\"PostalAddress\",\"streetAddress\":\"san antonio 4\",\"postalCode\":\"33430\",\"addressLocality\":\"Cand\\u00e1s\",\"addressRegion\":\"Asturias\",\"addressCountry\":\"ES\"}},{\"@type\":\"Person\",\"@id\":\"https:\\\/\\\/www.eldigitaldeasturias.com\\\/noticias\\\/author\\\/admin\\\/#author\",\"url\":\"https:\\\/\\\/www.eldigitaldeasturias.com\\\/noticias\\\/author\\\/admin\\\/\",\"name\":\"El Digital de Asturias\",\"image\":{\"@type\":\"ImageObject\",\"@id\":\"https:\\\/\\\/www.eldigitaldeasturias.com\\\/noticias\\\/el-pp-ve-en-los-datos-del-paro-que-la-recesion-ha-acabado-pero-la-crisis-no\\\/#authorImage\",\"url\":\"https:\\\/\\\/secure.gravatar.com\\\/avatar\\\/df2aeffc32bcd13f8d26072ef8a91b623d677766deac7f97ca815868cd41bf5e?s=96&d=mm&r=g\",\"width\":96,\"height\":96,\"caption\":\"El Digital de Asturias\"}},{\"@type\":\"WebPage\",\"@id\":\"https:\\\/\\\/www.eldigitaldeasturias.com\\\/noticias\\\/el-pp-ve-en-los-datos-del-paro-que-la-recesion-ha-acabado-pero-la-crisis-no\\\/#webpage\",\"url\":\"https:\\\/\\\/www.eldigitaldeasturias.com\\\/noticias\\\/el-pp-ve-en-los-datos-del-paro-que-la-recesion-ha-acabado-pero-la-crisis-no\\\/\",\"name\":\"El PP ve en los datos del paro que la recesi\\u00f3n ha acabado pero la crisis no - El Digital de Asturias\",\"description\":\"Madrid, 4 feb (EFE).- El portavoz del PP en el Congreso, Alfonso Alonso, ha considerado hoy que la subida del paro registrado en enero demuestra que \\\"la recesi\\u00f3n ha acabado pero la crisis no\\\", y por eso ha apostado por que el Gobierno siga \\\"dando la batalla\\\", haciendo reformas y \\\"apretando\\\" para que este a\\u00f1os\",\"inLanguage\":\"es-ES\",\"isPartOf\":{\"@id\":\"https:\\\/\\\/www.eldigitaldeasturias.com\\\/noticias\\\/#website\"},\"breadcrumb\":{\"@id\":\"https:\\\/\\\/www.eldigitaldeasturias.com\\\/noticias\\\/el-pp-ve-en-los-datos-del-paro-que-la-recesion-ha-acabado-pero-la-crisis-no\\\/#breadcrumblist\"},\"author\":{\"@id\":\"https:\\\/\\\/www.eldigitaldeasturias.com\\\/noticias\\\/author\\\/admin\\\/#author\"},\"creator\":{\"@id\":\"https:\\\/\\\/www.eldigitaldeasturias.com\\\/noticias\\\/author\\\/admin\\\/#author\"},\"image\":{\"@type\":\"ImageObject\",\"url\":483587,\"@id\":\"https:\\\/\\\/www.eldigitaldeasturias.com\\\/noticias\\\/el-pp-ve-en-los-datos-del-paro-que-la-recesion-ha-acabado-pero-la-crisis-no\\\/#mainImage\"},\"primaryImageOfPage\":{\"@id\":\"https:\\\/\\\/www.eldigitaldeasturias.com\\\/noticias\\\/el-pp-ve-en-los-datos-del-paro-que-la-recesion-ha-acabado-pero-la-crisis-no\\\/#mainImage\"},\"datePublished\":\"2014-02-05T00:02:51+01:00\",\"dateModified\":\"2014-02-05T00:02:51+01:00\"},{\"@type\":\"WebSite\",\"@id\":\"https:\\\/\\\/www.eldigitaldeasturias.com\\\/noticias\\\/#website\",\"url\":\"https:\\\/\\\/www.eldigitaldeasturias.com\\\/noticias\\\/\",\"name\":\"El Digital de Asturias - Diario de actualidad y noticias\",\"alternateName\":\"El Digital de Asturias - Diario de actualidad y noticias\",\"description\":\"Hemeroteca\",\"inLanguage\":\"es-ES\",\"publisher\":{\"@id\":\"https:\\\/\\\/www.eldigitaldeasturias.com\\\/noticias\\\/#organization\"}}]}\n\t\t<\/script>\n\t\t<!-- All in One SEO Pro -->\r\n\t\t<title>El PP ve en los datos del paro que la recesi\u00f3n ha acabado pero la crisis no - El Digital de Asturias<\/title>\n\n","aioseo_head_json":{"title":"El PP ve en los datos del paro que la recesi\u00f3n ha acabado pero la crisis no - El Digital de Asturias","description":"Madrid, 4 feb (EFE).- El portavoz del PP en el Congreso, Alfonso Alonso, ha considerado hoy que la subida del paro registrado en enero demuestra que \"la recesi\u00f3n ha acabado pero la crisis no\", y por eso ha apostado por que el Gobierno siga \"dando la batalla\", haciendo reformas y \"apretando\" para que este a\u00f1os","canonical_url":"https:\/\/www.eldigitaldeasturias.com\/noticias\/el-pp-ve-en-los-datos-del-paro-que-la-recesion-ha-acabado-pero-la-crisis-no\/","robots":"max-image-preview:large","keywords":"actualidad","webmasterTools":{"google-site-verification":"UA-38556648-1","msvalidate.01":"7dfe9f3f1b24437ab69f4f2559babe99","miscellaneous":""},"schema":{"@context":"https:\/\/schema.org","@graph":[{"@type":"BlogPosting","@id":"https:\/\/www.eldigitaldeasturias.com\/noticias\/el-pp-ve-en-los-datos-del-paro-que-la-recesion-ha-acabado-pero-la-crisis-no\/#blogposting","name":"El PP ve en los datos del paro que la recesi\u00f3n ha acabado pero la crisis no - El Digital de Asturias","headline":"El PP ve en los datos del paro que la recesi\u00f3n ha acabado pero la crisis no","author":{"@id":"https:\/\/www.eldigitaldeasturias.com\/noticias\/author\/admin\/#author"},"publisher":{"@id":"https:\/\/www.eldigitaldeasturias.com\/noticias\/#organization"},"image":{"@type":"ImageObject","url":483587},"datePublished":"2014-02-05T00:02:51+01:00","dateModified":"2014-02-05T00:02:51+01:00","inLanguage":"es-ES","mainEntityOfPage":{"@id":"https:\/\/www.eldigitaldeasturias.com\/noticias\/el-pp-ve-en-los-datos-del-paro-que-la-recesion-ha-acabado-pero-la-crisis-no\/#webpage"},"isPartOf":{"@id":"https:\/\/www.eldigitaldeasturias.com\/noticias\/el-pp-ve-en-los-datos-del-paro-que-la-recesion-ha-acabado-pero-la-crisis-no\/#webpage"},"articleSection":"Actualidad"},{"@type":"BreadcrumbList","@id":"https:\/\/www.eldigitaldeasturias.com\/noticias\/el-pp-ve-en-los-datos-del-paro-que-la-recesion-ha-acabado-pero-la-crisis-no\/#breadcrumblist","itemListElement":[{"@type":"ListItem","@id":"https:\/\/www.eldigitaldeasturias.com\/noticias#listItem","position":1,"name":"Home","item":"https:\/\/www.eldigitaldeasturias.com\/noticias","nextItem":{"@type":"ListItem","@id":"https:\/\/www.eldigitaldeasturias.com\/noticias\/category\/actualidad\/#listItem","name":"Actualidad"}},{"@type":"ListItem","@id":"https:\/\/www.eldigitaldeasturias.com\/noticias\/category\/actualidad\/#listItem","position":2,"name":"Actualidad","item":"https:\/\/www.eldigitaldeasturias.com\/noticias\/category\/actualidad\/","nextItem":{"@type":"ListItem","@id":"https:\/\/www.eldigitaldeasturias.com\/noticias\/el-pp-ve-en-los-datos-del-paro-que-la-recesion-ha-acabado-pero-la-crisis-no\/#listItem","name":"El PP ve en los datos del paro que la recesi\u00f3n ha acabado pero la crisis no"},"previousItem":{"@type":"ListItem","@id":"https:\/\/www.eldigitaldeasturias.com\/noticias#listItem","name":"Home"}},{"@type":"ListItem","@id":"https:\/\/www.eldigitaldeasturias.com\/noticias\/el-pp-ve-en-los-datos-del-paro-que-la-recesion-ha-acabado-pero-la-crisis-no\/#listItem","position":3,"name":"El PP ve en los datos del paro que la recesi\u00f3n ha acabado pero la crisis no","previousItem":{"@type":"ListItem","@id":"https:\/\/www.eldigitaldeasturias.com\/noticias\/category\/actualidad\/#listItem","name":"Actualidad"}}]},{"@type":"Organization","@id":"https:\/\/www.eldigitaldeasturias.com\/noticias\/#organization","name":"El Digital de Asturias","description":"Hemeroteca","url":"https:\/\/www.eldigitaldeasturias.com\/noticias\/","email":"info@eldigitaldeasturias.com","telephone":"+34652131393","logo":{"@type":"ImageObject","url":"https:\/\/www.eldigitaldeasturias.com\/noticias\/wp-content\/uploads\/2020\/12\/EDA.jpg","@id":"https:\/\/www.eldigitaldeasturias.com\/noticias\/el-pp-ve-en-los-datos-del-paro-que-la-recesion-ha-acabado-pero-la-crisis-no\/#organizationLogo"},"image":{"@id":"https:\/\/www.eldigitaldeasturias.com\/noticias\/el-pp-ve-en-los-datos-del-paro-que-la-recesion-ha-acabado-pero-la-crisis-no\/#organizationLogo"},"sameAs":["https:\/\/facebook.com\/eldigitaldeasturias","https:\/\/www.youtube.com\/channel\/UCZP-2wLEB9Rv6erhFmqVnvg"],"address":{"@id":"https:\/\/www.eldigitaldeasturias.com\/noticias\/#postaladdress","@type":"PostalAddress","streetAddress":"san antonio 4","postalCode":"33430","addressLocality":"Cand\u00e1s","addressRegion":"Asturias","addressCountry":"ES"}},{"@type":"Person","@id":"https:\/\/www.eldigitaldeasturias.com\/noticias\/author\/admin\/#author","url":"https:\/\/www.eldigitaldeasturias.com\/noticias\/author\/admin\/","name":"El Digital de Asturias","image":{"@type":"ImageObject","@id":"https:\/\/www.eldigitaldeasturias.com\/noticias\/el-pp-ve-en-los-datos-del-paro-que-la-recesion-ha-acabado-pero-la-crisis-no\/#authorImage","url":"https:\/\/secure.gravatar.com\/avatar\/df2aeffc32bcd13f8d26072ef8a91b623d677766deac7f97ca815868cd41bf5e?s=96&d=mm&r=g","width":96,"height":96,"caption":"El Digital de Asturias"}},{"@type":"WebPage","@id":"https:\/\/www.eldigitaldeasturias.com\/noticias\/el-pp-ve-en-los-datos-del-paro-que-la-recesion-ha-acabado-pero-la-crisis-no\/#webpage","url":"https:\/\/www.eldigitaldeasturias.com\/noticias\/el-pp-ve-en-los-datos-del-paro-que-la-recesion-ha-acabado-pero-la-crisis-no\/","name":"El PP ve en los datos del paro que la recesi\u00f3n ha acabado pero la crisis no - El Digital de Asturias","description":"Madrid, 4 feb (EFE).- El portavoz del PP en el Congreso, Alfonso Alonso, ha considerado hoy que la subida del paro registrado en enero demuestra que \"la recesi\u00f3n ha acabado pero la crisis no\", y por eso ha apostado por que el Gobierno siga \"dando la batalla\", haciendo reformas y \"apretando\" para que este a\u00f1os","inLanguage":"es-ES","isPartOf":{"@id":"https:\/\/www.eldigitaldeasturias.com\/noticias\/#website"},"breadcrumb":{"@id":"https:\/\/www.eldigitaldeasturias.com\/noticias\/el-pp-ve-en-los-datos-del-paro-que-la-recesion-ha-acabado-pero-la-crisis-no\/#breadcrumblist"},"author":{"@id":"https:\/\/www.eldigitaldeasturias.com\/noticias\/author\/admin\/#author"},"creator":{"@id":"https:\/\/www.eldigitaldeasturias.com\/noticias\/author\/admin\/#author"},"image":{"@type":"ImageObject","url":483587,"@id":"https:\/\/www.eldigitaldeasturias.com\/noticias\/el-pp-ve-en-los-datos-del-paro-que-la-recesion-ha-acabado-pero-la-crisis-no\/#mainImage"},"primaryImageOfPage":{"@id":"https:\/\/www.eldigitaldeasturias.com\/noticias\/el-pp-ve-en-los-datos-del-paro-que-la-recesion-ha-acabado-pero-la-crisis-no\/#mainImage"},"datePublished":"2014-02-05T00:02:51+01:00","dateModified":"2014-02-05T00:02:51+01:00"},{"@type":"WebSite","@id":"https:\/\/www.eldigitaldeasturias.com\/noticias\/#website","url":"https:\/\/www.eldigitaldeasturias.com\/noticias\/","name":"El Digital de Asturias - Diario de actualidad y noticias","alternateName":"El Digital de Asturias - Diario de actualidad y noticias","description":"Hemeroteca","inLanguage":"es-ES","publisher":{"@id":"https:\/\/www.eldigitaldeasturias.com\/noticias\/#organization"}}]},"og:locale":"es_ES","og:site_name":"El Digital de Asturias","og:type":"article","og:title":"El PP ve en los datos del paro que la recesi\u00f3n ha acabado pero la crisis no - El Digital de Asturias","og:description":"Madrid, 4 feb (EFE).- El portavoz del PP en el Congreso, Alfonso Alonso, ha considerado hoy que la subida del paro registrado en enero demuestra que &quot;la recesi\u00f3n ha acabado pero la crisis no&quot;, y por eso ha apostado por que el Gobierno siga &quot;dando la batalla&quot;, haciendo reformas y &quot;apretando&quot; para que este a\u00f1os","og:url":"https:\/\/www.eldigitaldeasturias.com\/noticias\/el-pp-ve-en-los-datos-del-paro-que-la-recesion-ha-acabado-pero-la-crisis-no\/","article:tag":["actualidad"],"article:published_time":"2014-02-05T01:02:51+00:00","article:modified_time":"2014-02-05T01:02:51+00:00","article:publisher":"https:\/\/facebook.com\/eldigitaldeasturias","twitter:card":"summary_large_image","twitter:title":"El PP ve en los datos del paro que la recesi\u00f3n ha acabado pero la crisis no - El Digital de Asturias","twitter:description":"Madrid, 4 feb (EFE).- El portavoz del PP en el Congreso, Alfonso Alonso, ha considerado hoy que la subida del paro registrado en enero demuestra que &quot;la recesi\u00f3n ha acabado pero la crisis no&quot;, y por eso ha apostado por que el Gobierno siga &quot;dando la batalla&quot;, haciendo reformas y &quot;apretando&quot; para que este a\u00f1os","twitter:label1":"Escrito por","twitter:data1":"El Digital de Asturias","twitter:label2":"Tiempo de lectura estimado","twitter:data2":"1 minuto"},"aioseo_meta_data":{"post_id":"483586","title":null,"description":null,"keywords":null,"keyphrases":null,"primary_term":null,"canonical_url":null,"og_title":null,"og_description":null,"og_object_type":"default","og_image_type":"default","og_image_url":null,"og_image_width":null,"og_image_height":null,"og_image_custom_url":null,"og_image_custom_fields":null,"og_video":null,"og_custom_url":null,"og_article_section":null,"og_article_tags":null,"twitter_use_og":true,"twitter_card":"default","twitter_image_type":"default","twitter_image_url":null,"twitter_image_custom_url":null,"twitter_image_custom_fields":null,"twitter_title":null,"twitter_description":null,"schema":{"blockGraphs":[],"customGraphs":[],"default":{"data":{"Article":[],"Course":[],"Dataset":[],"FAQPage":[],"Movie":[],"Person":[],"Product":[],"ProductReview":[],"Car":[],"Recipe":[],"Service":[],"SoftwareApplication":[],"WebPage":[]},"graphName":"","isEnabled":true},"graphs":[],"defaultGraph":"","defaultPostTypeGraph":""},"schema_type":null,"schema_type_options":null,"pillar_content":false,"robots_default":true,"robots_noindex":false,"robots_noarchive":false,"robots_nosnippet":false,"robots_nofollow":false,"robots_noimageindex":false,"robots_noodp":false,"robots_notranslate":false,"robots_max_snippet":null,"robots_max_videopreview":null,"robots_max_imagepreview":"none","priority":null,"frequency":null,"local_seo":null,"seo_analyzer_scan_date":"2026-06-02 13:17:45","breadcrumb_settings":null,"limit_modified_date":false,"open_ai":null,"ai":null,"created":"2020-11-14 22:54:46","updated":"2026-06-02 13:17:45","focus_keyword":null,"additional_keywords":null,"truseo_locale":null},"aioseo_breadcrumb":"<div class=\"aioseo-breadcrumbs\"><span class=\"aioseo-breadcrumb\">\n\t<a href=\"https:\/\/www.eldigitaldeasturias.com\/noticias\" title=\"Home\">Home<\/a>\n<\/span><span class=\"aioseo-breadcrumb-separator\">\u2013<\/span><span class=\"aioseo-breadcrumb\">\n\t<a href=\"https:\/\/www.eldigitaldeasturias.com\/noticias\/category\/actualidad\/\" title=\"Actualidad\">Actualidad<\/a>\n<\/span><span class=\"aioseo-breadcrumb-separator\">\u2013<\/span><span class=\"aioseo-breadcrumb\">\n\t<a href=\"https:\/\/www.eldigitaldeasturias.com\/noticias\/el-pp-ve-en-los-datos-del-paro-que-la-recesion-ha-acabado-pero-la-crisis-no\/\" title=\"El PP ve en los datos del paro que la recesi\u00f3n ha acabado pero la crisis no\">El PP ve en los datos del paro que la recesi\u00f3n ha acabado pero la crisis no<\/a>\n<\/span><\/div>","aioseo_breadcrumb_json":[{"label":"Home","link":"https:\/\/www.eldigitaldeasturias.com\/noticias"},{"label":"Actualidad","link":"https:\/\/www.eldigitaldeasturias.com\/noticias\/category\/actualidad\/"},{"label":"El PP ve en los datos del paro que la recesi\u00f3n ha acabado pero la crisis no","link":"https:\/\/www.eldigitaldeasturias.com\/noticias\/el-pp-ve-en-los-datos-del-paro-que-la-recesion-ha-acabado-pero-la-crisis-no\/"}],"_links":{"self":[{"href":"https:\/\/www.eldigitaldeasturias.com\/noticias\/wp-json\/wp\/v2\/posts\/483586","targetHints":{"allow":["GET"]}}],"collection":[{"href":"https:\/\/www.eldigitaldeasturias.com\/noticias\/wp-json\/wp\/v2\/posts"}],"about":[{"href":"https:\/\/www.eldigitaldeasturias.com\/noticias\/wp-json\/wp\/v2\/types\/post"}],"author":[{"embeddable":true,"href":"https:\/\/www.eldigitaldeasturias.com\/noticias\/wp-json\/wp\/v2\/users\/1"}],"replies":[{"embeddable":true,"href":"https:\/\/www.eldigitaldeasturias.com\/noticias\/wp-json\/wp\/v2\/comments?post=483586"}],"version-history":[{"count":0,"href":"https:\/\/www.eldigitaldeasturias.com\/noticias\/wp-json\/wp\/v2\/posts\/483586\/revisions"}],"wp:attachment":[{"href":"https:\/\/www.eldigitaldeasturias.com\/noticias\/wp-json\/wp\/v2\/media?parent=483586"}],"wp:term":[{"taxonomy":"category","embeddable":true,"href":"https:\/\/www.eldigitaldeasturias.com\/noticias\/wp-json\/wp\/v2\/categories?post=483586"},{"taxonomy":"post_tag","embeddable":true,"href":"https:\/\/www.eldigitaldeasturias.com\/noticias\/wp-json\/wp\/v2\/tags?post=483586"}],"curies":[{"name":"wp","href":"https:\/\/api.w.org\/{rel}","templated":true}]}}