{"id":483567,"date":"2014-02-04T23:36:25","date_gmt":"2014-02-05T00:36:25","guid":{"rendered":"http:\/\/www.eldigitaldeasturias.com\/noticias\/?p=483567"},"modified":"2014-02-04T23:36:25","modified_gmt":"2014-02-05T00:36:25","slug":"un-temporal-como-el-del-pasado-fin-de-semana-se-produce-solo-cada-40-anos","status":"publish","type":"post","link":"https:\/\/www.eldigitaldeasturias.com\/noticias\/un-temporal-como-el-del-pasado-fin-de-semana-se-produce-solo-cada-40-anos\/","title":{"rendered":"Un temporal como el del pasado fin de semana se produce s\u00f3lo cada 40 a\u00f1os"},"content":{"rendered":"<p><img loading=\"lazy\" decoding=\"async\" class=\"alignleft size-medium wp-image-483568\" alt=\"olas\" src=\"https:\/\/www.eldigitaldeasturias.com\/noticias\/wp-content\/uploads\/2014\/02\/olas-360x269.jpg\" width=\"360\" height=\"269\" \/>Santander, 4 feb (EFE).- El temporal que el pasado fin de semana golpe\u00f3 la costa del Cant\u00e1brico y llen\u00f3 de destrozos el litoral no es un fen\u00f3meno habitual, porque un oleaje de esa intensidad y una marea tan alta no suelen coincidir y, de hecho, es algo que se produce s\u00f3lo cada 40 a\u00f1os.<\/p>\n<p>Seg\u00fan ha explicado a Efe el investigador C\u00e9sar Vidal, del Instituto de Hidr\u00e1ulica de Cantabria, el temporal mar\u00edtimo en s\u00ed no fue \u00abespecialmente extraordinario\u00bb. Aproximadamente cada cuatro a\u00f1os se registra uno de esas caracter\u00edsticas.<\/p>\n<p>Lo singular es que en este caso ha coincidido con una cota de marea muy alta, tambi\u00e9n poco frecuente, que ha llegado a niveles que se producen cada diez a\u00f1os.<\/p>\n<p>El hecho de que dos fen\u00f3menos tan poco frecuentes coincidan al tiempo, como ha ocurrido esta vez, reduce la probabilidad de que se produzcan sucesos como el del fin de semana, que pueden ocurrir con una periodicidad de unos 40 a\u00f1os.<\/p>\n<p>Echando la vista atr\u00e1s, este investigador, catedr\u00e1tico de Ingenier\u00eda Hidr\u00e1ulica de la Universidad de Cantabria, recuerda otro suceso parecido, en la d\u00e9cada de los 60, cuando el mar se llev\u00f3 un balneario de madera que hab\u00eda entonces en la segunda playa del Sardinero, en Santander.<\/p>\n<p>O sin ir tan lejos, hace 20 a\u00f1os el agua entr\u00f3 de lleno en La Concha y destroz\u00f3 tambi\u00e9n el balneario de esta playa santanderina.<\/p>\n<p>No es, por tanto, la primera vez que el mar golpea con fuerza la costa, ni ser\u00e1 la \u00faltima, porque, seg\u00fan dice, estos sucesos se van a seguir repitiendo, los temporales van a ser cada vez m\u00e1s frecuentes y, adem\u00e1s, cada vez \u00abm\u00e1s da\u00f1inos\u00bb.<\/p>\n<p>En eso tiene mucho que ver el cambio clim\u00e1tico y la subida del nivel del mar. Se calcula que cada a\u00f1o ese nivel aumenta cinco mil\u00edmetros, y como el fen\u00f3meno no es nuevo, porque viene de atr\u00e1s, en los \u00faltimos 40 a\u00f1os habr\u00e1 crecido unos 20 cent\u00edmetros, con lo cual, las cotas m\u00e1ximas de marea son m\u00e1s altas.<\/p>\n<p>En los pr\u00f3ximos a\u00f1os seguir\u00e1 esa tendencia y, en opini\u00f3n de Vidal, lo que habr\u00e1 que hacer para afrontar los temporales es tomar medidas preventivas.<\/p>\n<p>La ventaja es que se pueden predecir, y eso da tiempo para alertar a la poblaci\u00f3n y adoptar medidas que \u00abmitiguen\u00bb los da\u00f1os, por ejemplo, cerrando al tr\u00e1fico las zonas inundables, retirando los coches o colocando sacos que frenen el avance del agua.<\/p>\n<p>Tambi\u00e9n es importante cerrar el acceso a diques y paseos para que no se adentren los ciudadanos, ya que unas olas como las del fin de semana pueden adentrarse en tierra a una velocidad de entre 35 y 40 kil\u00f3metros por hora, y no hay quien pueda escapar a pie de su avance.<\/p>\n","protected":false},"excerpt":{"rendered":"<p>Santander, 4 feb (EFE).- El temporal que el pasado fin de semana golpe\u00f3 la costa del Cant\u00e1brico y llen\u00f3 de destrozos el litoral no es un fen\u00f3meno habitual, porque un oleaje de esa intensidad y una marea tan alta no suelen coincidir y, de hecho, es algo que se produce s\u00f3lo cada 40 a\u00f1os. Seg\u00fan [&hellip;]<\/p>\n","protected":false},"author":1,"featured_media":483568,"comment_status":"closed","ping_status":"open","sticky":false,"template":"","format":"standard","meta":{"footnotes":""},"categories":[1],"tags":[],"class_list":["post-483567","post","type-post","status-publish","format-standard","has-post-thumbnail","hentry","category-actualidad"],"aioseo_notices":[],"aioseo_head":"\n\t\t<!-- All in One SEO Pro 5.0.1 - aioseo.com -->\n\t<meta name=\"description\" content=\"Santander, 4 feb (EFE).- El temporal que el pasado fin de semana golpe\u00f3 la costa del Cant\u00e1brico y llen\u00f3 de destrozos el litoral no es un fen\u00f3meno habitual, porque un oleaje de esa intensidad y una marea tan alta no suelen coincidir y, de hecho, es algo que se produce s\u00f3lo cada 40 a\u00f1os. Seg\u00fan\" \/>\n\t<meta name=\"robots\" content=\"max-image-preview:large\" \/>\n\t<meta name=\"author\" content=\"El Digital de Asturias\"\/>\n\t<meta name=\"google-site-verification\" content=\"UA-38556648-1\" \/>\n\t<meta name=\"msvalidate.01\" content=\"7dfe9f3f1b24437ab69f4f2559babe99\" \/>\n\t<meta name=\"keywords\" content=\"actualidad\" \/>\n\t<link rel=\"canonical\" href=\"https:\/\/www.eldigitaldeasturias.com\/noticias\/un-temporal-como-el-del-pasado-fin-de-semana-se-produce-solo-cada-40-anos\/\" \/>\n\t<meta name=\"generator\" content=\"All in One SEO Pro (AIOSEO) 5.0.1\" \/>\n\t\t<meta property=\"og:locale\" content=\"es_ES\" \/>\n\t\t<meta property=\"og:site_name\" content=\"El Digital de Asturias\" \/>\n\t\t<meta property=\"og:type\" content=\"article\" \/>\n\t\t<meta property=\"og:title\" content=\"Un temporal como el del pasado fin de semana se produce s\u00f3lo cada 40 a\u00f1os - El Digital de Asturias\" \/>\n\t\t<meta property=\"og:description\" content=\"Santander, 4 feb (EFE).- El temporal que el pasado fin de semana golpe\u00f3 la costa del Cant\u00e1brico y llen\u00f3 de destrozos el litoral no es un fen\u00f3meno habitual, porque un oleaje de esa intensidad y una marea tan alta no suelen coincidir y, de hecho, es algo que se produce s\u00f3lo cada 40 a\u00f1os. Seg\u00fan\" \/>\n\t\t<meta property=\"og:url\" content=\"https:\/\/www.eldigitaldeasturias.com\/noticias\/un-temporal-como-el-del-pasado-fin-de-semana-se-produce-solo-cada-40-anos\/\" \/>\n\t\t<meta property=\"article:tag\" content=\"actualidad\" \/>\n\t\t<meta property=\"article:published_time\" content=\"2014-02-05T00:36:25+00:00\" \/>\n\t\t<meta property=\"article:modified_time\" content=\"2014-02-05T00:36:25+00:00\" \/>\n\t\t<meta property=\"article:publisher\" content=\"https:\/\/facebook.com\/eldigitaldeasturias\" \/>\n\t\t<meta name=\"twitter:card\" content=\"summary_large_image\" \/>\n\t\t<meta name=\"twitter:title\" content=\"Un temporal como el del pasado fin de semana se produce s\u00f3lo cada 40 a\u00f1os - El Digital de Asturias\" \/>\n\t\t<meta name=\"twitter:description\" content=\"Santander, 4 feb (EFE).- El temporal que el pasado fin de semana golpe\u00f3 la costa del Cant\u00e1brico y llen\u00f3 de destrozos el litoral no es un fen\u00f3meno habitual, porque un oleaje de esa intensidad y una marea tan alta no suelen coincidir y, de hecho, es algo que se produce s\u00f3lo cada 40 a\u00f1os. Seg\u00fan\" \/>\n\t\t<meta name=\"twitter:label1\" content=\"Escrito por\" \/>\n\t\t<meta name=\"twitter:data1\" content=\"El Digital de Asturias\" \/>\n\t\t<meta name=\"twitter:label2\" content=\"Tiempo de lectura estimado\" \/>\n\t\t<meta name=\"twitter:data2\" content=\"2 minutos\" \/>\n\t\t<script type=\"application\/ld+json\" class=\"aioseo-schema\">\n\t\t\t{\"@context\":\"https:\\\/\\\/schema.org\",\"@graph\":[{\"@type\":\"BlogPosting\",\"@id\":\"https:\\\/\\\/www.eldigitaldeasturias.com\\\/noticias\\\/un-temporal-como-el-del-pasado-fin-de-semana-se-produce-solo-cada-40-anos\\\/#blogposting\",\"name\":\"Un temporal como el del pasado fin de semana se produce s\\u00f3lo cada 40 a\\u00f1os - El Digital de Asturias\",\"headline\":\"Un temporal como el del pasado fin de semana se produce s\\u00f3lo cada 40 a\\u00f1os\",\"author\":{\"@id\":\"https:\\\/\\\/www.eldigitaldeasturias.com\\\/noticias\\\/author\\\/admin\\\/#author\"},\"publisher\":{\"@id\":\"https:\\\/\\\/www.eldigitaldeasturias.com\\\/noticias\\\/#organization\"},\"image\":{\"@type\":\"ImageObject\",\"url\":483568},\"datePublished\":\"2014-02-04T23:36:25+01:00\",\"dateModified\":\"2014-02-04T23:36:25+01:00\",\"inLanguage\":\"es-ES\",\"mainEntityOfPage\":{\"@id\":\"https:\\\/\\\/www.eldigitaldeasturias.com\\\/noticias\\\/un-temporal-como-el-del-pasado-fin-de-semana-se-produce-solo-cada-40-anos\\\/#webpage\"},\"isPartOf\":{\"@id\":\"https:\\\/\\\/www.eldigitaldeasturias.com\\\/noticias\\\/un-temporal-como-el-del-pasado-fin-de-semana-se-produce-solo-cada-40-anos\\\/#webpage\"},\"articleSection\":\"Actualidad\"},{\"@type\":\"BreadcrumbList\",\"@id\":\"https:\\\/\\\/www.eldigitaldeasturias.com\\\/noticias\\\/un-temporal-como-el-del-pasado-fin-de-semana-se-produce-solo-cada-40-anos\\\/#breadcrumblist\",\"itemListElement\":[{\"@type\":\"ListItem\",\"@id\":\"https:\\\/\\\/www.eldigitaldeasturias.com\\\/noticias#listItem\",\"position\":1,\"name\":\"Home\",\"item\":\"https:\\\/\\\/www.eldigitaldeasturias.com\\\/noticias\",\"nextItem\":{\"@type\":\"ListItem\",\"@id\":\"https:\\\/\\\/www.eldigitaldeasturias.com\\\/noticias\\\/category\\\/actualidad\\\/#listItem\",\"name\":\"Actualidad\"}},{\"@type\":\"ListItem\",\"@id\":\"https:\\\/\\\/www.eldigitaldeasturias.com\\\/noticias\\\/category\\\/actualidad\\\/#listItem\",\"position\":2,\"name\":\"Actualidad\",\"item\":\"https:\\\/\\\/www.eldigitaldeasturias.com\\\/noticias\\\/category\\\/actualidad\\\/\",\"nextItem\":{\"@type\":\"ListItem\",\"@id\":\"https:\\\/\\\/www.eldigitaldeasturias.com\\\/noticias\\\/un-temporal-como-el-del-pasado-fin-de-semana-se-produce-solo-cada-40-anos\\\/#listItem\",\"name\":\"Un temporal como el del pasado fin de semana se produce s\\u00f3lo cada 40 a\\u00f1os\"},\"previousItem\":{\"@type\":\"ListItem\",\"@id\":\"https:\\\/\\\/www.eldigitaldeasturias.com\\\/noticias#listItem\",\"name\":\"Home\"}},{\"@type\":\"ListItem\",\"@id\":\"https:\\\/\\\/www.eldigitaldeasturias.com\\\/noticias\\\/un-temporal-como-el-del-pasado-fin-de-semana-se-produce-solo-cada-40-anos\\\/#listItem\",\"position\":3,\"name\":\"Un temporal como el del pasado fin de semana se produce s\\u00f3lo cada 40 a\\u00f1os\",\"previousItem\":{\"@type\":\"ListItem\",\"@id\":\"https:\\\/\\\/www.eldigitaldeasturias.com\\\/noticias\\\/category\\\/actualidad\\\/#listItem\",\"name\":\"Actualidad\"}}]},{\"@type\":\"Organization\",\"@id\":\"https:\\\/\\\/www.eldigitaldeasturias.com\\\/noticias\\\/#organization\",\"name\":\"El Digital de Asturias\",\"description\":\"Hemeroteca\",\"url\":\"https:\\\/\\\/www.eldigitaldeasturias.com\\\/noticias\\\/\",\"email\":\"info@eldigitaldeasturias.com\",\"telephone\":\"+34652131393\",\"logo\":{\"@type\":\"ImageObject\",\"url\":\"https:\\\/\\\/www.eldigitaldeasturias.com\\\/noticias\\\/wp-content\\\/uploads\\\/2020\\\/12\\\/EDA.jpg\",\"@id\":\"https:\\\/\\\/www.eldigitaldeasturias.com\\\/noticias\\\/un-temporal-como-el-del-pasado-fin-de-semana-se-produce-solo-cada-40-anos\\\/#organizationLogo\"},\"image\":{\"@id\":\"https:\\\/\\\/www.eldigitaldeasturias.com\\\/noticias\\\/un-temporal-como-el-del-pasado-fin-de-semana-se-produce-solo-cada-40-anos\\\/#organizationLogo\"},\"sameAs\":[\"https:\\\/\\\/facebook.com\\\/eldigitaldeasturias\",\"https:\\\/\\\/www.youtube.com\\\/channel\\\/UCZP-2wLEB9Rv6erhFmqVnvg\"],\"address\":{\"@id\":\"https:\\\/\\\/www.eldigitaldeasturias.com\\\/noticias\\\/#postaladdress\",\"@type\":\"PostalAddress\",\"streetAddress\":\"san antonio 4\",\"postalCode\":\"33430\",\"addressLocality\":\"Cand\\u00e1s\",\"addressRegion\":\"Asturias\",\"addressCountry\":\"ES\"}},{\"@type\":\"Person\",\"@id\":\"https:\\\/\\\/www.eldigitaldeasturias.com\\\/noticias\\\/author\\\/admin\\\/#author\",\"url\":\"https:\\\/\\\/www.eldigitaldeasturias.com\\\/noticias\\\/author\\\/admin\\\/\",\"name\":\"El Digital de Asturias\",\"image\":{\"@type\":\"ImageObject\",\"@id\":\"https:\\\/\\\/www.eldigitaldeasturias.com\\\/noticias\\\/un-temporal-como-el-del-pasado-fin-de-semana-se-produce-solo-cada-40-anos\\\/#authorImage\",\"url\":\"https:\\\/\\\/secure.gravatar.com\\\/avatar\\\/df2aeffc32bcd13f8d26072ef8a91b623d677766deac7f97ca815868cd41bf5e?s=96&d=mm&r=g\",\"width\":96,\"height\":96,\"caption\":\"El Digital de Asturias\"}},{\"@type\":\"WebPage\",\"@id\":\"https:\\\/\\\/www.eldigitaldeasturias.com\\\/noticias\\\/un-temporal-como-el-del-pasado-fin-de-semana-se-produce-solo-cada-40-anos\\\/#webpage\",\"url\":\"https:\\\/\\\/www.eldigitaldeasturias.com\\\/noticias\\\/un-temporal-como-el-del-pasado-fin-de-semana-se-produce-solo-cada-40-anos\\\/\",\"name\":\"Un temporal como el del pasado fin de semana se produce s\\u00f3lo cada 40 a\\u00f1os - El Digital de Asturias\",\"description\":\"Santander, 4 feb (EFE).- El temporal que el pasado fin de semana golpe\\u00f3 la costa del Cant\\u00e1brico y llen\\u00f3 de destrozos el litoral no es un fen\\u00f3meno habitual, porque un oleaje de esa intensidad y una marea tan alta no suelen coincidir y, de hecho, es algo que se produce s\\u00f3lo cada 40 a\\u00f1os. Seg\\u00fan\",\"inLanguage\":\"es-ES\",\"isPartOf\":{\"@id\":\"https:\\\/\\\/www.eldigitaldeasturias.com\\\/noticias\\\/#website\"},\"breadcrumb\":{\"@id\":\"https:\\\/\\\/www.eldigitaldeasturias.com\\\/noticias\\\/un-temporal-como-el-del-pasado-fin-de-semana-se-produce-solo-cada-40-anos\\\/#breadcrumblist\"},\"author\":{\"@id\":\"https:\\\/\\\/www.eldigitaldeasturias.com\\\/noticias\\\/author\\\/admin\\\/#author\"},\"creator\":{\"@id\":\"https:\\\/\\\/www.eldigitaldeasturias.com\\\/noticias\\\/author\\\/admin\\\/#author\"},\"image\":{\"@type\":\"ImageObject\",\"url\":483568,\"@id\":\"https:\\\/\\\/www.eldigitaldeasturias.com\\\/noticias\\\/un-temporal-como-el-del-pasado-fin-de-semana-se-produce-solo-cada-40-anos\\\/#mainImage\"},\"primaryImageOfPage\":{\"@id\":\"https:\\\/\\\/www.eldigitaldeasturias.com\\\/noticias\\\/un-temporal-como-el-del-pasado-fin-de-semana-se-produce-solo-cada-40-anos\\\/#mainImage\"},\"datePublished\":\"2014-02-04T23:36:25+01:00\",\"dateModified\":\"2014-02-04T23:36:25+01:00\"},{\"@type\":\"WebSite\",\"@id\":\"https:\\\/\\\/www.eldigitaldeasturias.com\\\/noticias\\\/#website\",\"url\":\"https:\\\/\\\/www.eldigitaldeasturias.com\\\/noticias\\\/\",\"name\":\"El Digital de Asturias - Diario de actualidad y noticias\",\"alternateName\":\"El Digital de Asturias - Diario de actualidad y noticias\",\"description\":\"Hemeroteca\",\"inLanguage\":\"es-ES\",\"publisher\":{\"@id\":\"https:\\\/\\\/www.eldigitaldeasturias.com\\\/noticias\\\/#organization\"}}]}\n\t\t<\/script>\n\t\t<!-- All in One SEO Pro -->\r\n\t\t<title>Un temporal como el del pasado fin de semana se produce s\u00f3lo cada 40 a\u00f1os - El Digital de Asturias<\/title>\n\n","aioseo_head_json":{"title":"Un temporal como el del pasado fin de semana se produce s\u00f3lo cada 40 a\u00f1os - El Digital de Asturias","description":"Santander, 4 feb (EFE).- El temporal que el pasado fin de semana golpe\u00f3 la costa del Cant\u00e1brico y llen\u00f3 de destrozos el litoral no es un fen\u00f3meno habitual, porque un oleaje de esa intensidad y una marea tan alta no suelen coincidir y, de hecho, es algo que se produce s\u00f3lo cada 40 a\u00f1os. Seg\u00fan","canonical_url":"https:\/\/www.eldigitaldeasturias.com\/noticias\/un-temporal-como-el-del-pasado-fin-de-semana-se-produce-solo-cada-40-anos\/","robots":"max-image-preview:large","keywords":"actualidad","webmasterTools":{"google-site-verification":"UA-38556648-1","msvalidate.01":"7dfe9f3f1b24437ab69f4f2559babe99","miscellaneous":""},"schema":{"@context":"https:\/\/schema.org","@graph":[{"@type":"BlogPosting","@id":"https:\/\/www.eldigitaldeasturias.com\/noticias\/un-temporal-como-el-del-pasado-fin-de-semana-se-produce-solo-cada-40-anos\/#blogposting","name":"Un temporal como el del pasado fin de semana se produce s\u00f3lo cada 40 a\u00f1os - El Digital de Asturias","headline":"Un temporal como el del pasado fin de semana se produce s\u00f3lo cada 40 a\u00f1os","author":{"@id":"https:\/\/www.eldigitaldeasturias.com\/noticias\/author\/admin\/#author"},"publisher":{"@id":"https:\/\/www.eldigitaldeasturias.com\/noticias\/#organization"},"image":{"@type":"ImageObject","url":483568},"datePublished":"2014-02-04T23:36:25+01:00","dateModified":"2014-02-04T23:36:25+01:00","inLanguage":"es-ES","mainEntityOfPage":{"@id":"https:\/\/www.eldigitaldeasturias.com\/noticias\/un-temporal-como-el-del-pasado-fin-de-semana-se-produce-solo-cada-40-anos\/#webpage"},"isPartOf":{"@id":"https:\/\/www.eldigitaldeasturias.com\/noticias\/un-temporal-como-el-del-pasado-fin-de-semana-se-produce-solo-cada-40-anos\/#webpage"},"articleSection":"Actualidad"},{"@type":"BreadcrumbList","@id":"https:\/\/www.eldigitaldeasturias.com\/noticias\/un-temporal-como-el-del-pasado-fin-de-semana-se-produce-solo-cada-40-anos\/#breadcrumblist","itemListElement":[{"@type":"ListItem","@id":"https:\/\/www.eldigitaldeasturias.com\/noticias#listItem","position":1,"name":"Home","item":"https:\/\/www.eldigitaldeasturias.com\/noticias","nextItem":{"@type":"ListItem","@id":"https:\/\/www.eldigitaldeasturias.com\/noticias\/category\/actualidad\/#listItem","name":"Actualidad"}},{"@type":"ListItem","@id":"https:\/\/www.eldigitaldeasturias.com\/noticias\/category\/actualidad\/#listItem","position":2,"name":"Actualidad","item":"https:\/\/www.eldigitaldeasturias.com\/noticias\/category\/actualidad\/","nextItem":{"@type":"ListItem","@id":"https:\/\/www.eldigitaldeasturias.com\/noticias\/un-temporal-como-el-del-pasado-fin-de-semana-se-produce-solo-cada-40-anos\/#listItem","name":"Un temporal como el del pasado fin de semana se produce s\u00f3lo cada 40 a\u00f1os"},"previousItem":{"@type":"ListItem","@id":"https:\/\/www.eldigitaldeasturias.com\/noticias#listItem","name":"Home"}},{"@type":"ListItem","@id":"https:\/\/www.eldigitaldeasturias.com\/noticias\/un-temporal-como-el-del-pasado-fin-de-semana-se-produce-solo-cada-40-anos\/#listItem","position":3,"name":"Un temporal como el del pasado fin de semana se produce s\u00f3lo cada 40 a\u00f1os","previousItem":{"@type":"ListItem","@id":"https:\/\/www.eldigitaldeasturias.com\/noticias\/category\/actualidad\/#listItem","name":"Actualidad"}}]},{"@type":"Organization","@id":"https:\/\/www.eldigitaldeasturias.com\/noticias\/#organization","name":"El Digital de Asturias","description":"Hemeroteca","url":"https:\/\/www.eldigitaldeasturias.com\/noticias\/","email":"info@eldigitaldeasturias.com","telephone":"+34652131393","logo":{"@type":"ImageObject","url":"https:\/\/www.eldigitaldeasturias.com\/noticias\/wp-content\/uploads\/2020\/12\/EDA.jpg","@id":"https:\/\/www.eldigitaldeasturias.com\/noticias\/un-temporal-como-el-del-pasado-fin-de-semana-se-produce-solo-cada-40-anos\/#organizationLogo"},"image":{"@id":"https:\/\/www.eldigitaldeasturias.com\/noticias\/un-temporal-como-el-del-pasado-fin-de-semana-se-produce-solo-cada-40-anos\/#organizationLogo"},"sameAs":["https:\/\/facebook.com\/eldigitaldeasturias","https:\/\/www.youtube.com\/channel\/UCZP-2wLEB9Rv6erhFmqVnvg"],"address":{"@id":"https:\/\/www.eldigitaldeasturias.com\/noticias\/#postaladdress","@type":"PostalAddress","streetAddress":"san antonio 4","postalCode":"33430","addressLocality":"Cand\u00e1s","addressRegion":"Asturias","addressCountry":"ES"}},{"@type":"Person","@id":"https:\/\/www.eldigitaldeasturias.com\/noticias\/author\/admin\/#author","url":"https:\/\/www.eldigitaldeasturias.com\/noticias\/author\/admin\/","name":"El Digital de Asturias","image":{"@type":"ImageObject","@id":"https:\/\/www.eldigitaldeasturias.com\/noticias\/un-temporal-como-el-del-pasado-fin-de-semana-se-produce-solo-cada-40-anos\/#authorImage","url":"https:\/\/secure.gravatar.com\/avatar\/df2aeffc32bcd13f8d26072ef8a91b623d677766deac7f97ca815868cd41bf5e?s=96&d=mm&r=g","width":96,"height":96,"caption":"El Digital de Asturias"}},{"@type":"WebPage","@id":"https:\/\/www.eldigitaldeasturias.com\/noticias\/un-temporal-como-el-del-pasado-fin-de-semana-se-produce-solo-cada-40-anos\/#webpage","url":"https:\/\/www.eldigitaldeasturias.com\/noticias\/un-temporal-como-el-del-pasado-fin-de-semana-se-produce-solo-cada-40-anos\/","name":"Un temporal como el del pasado fin de semana se produce s\u00f3lo cada 40 a\u00f1os - El Digital de Asturias","description":"Santander, 4 feb (EFE).- El temporal que el pasado fin de semana golpe\u00f3 la costa del Cant\u00e1brico y llen\u00f3 de destrozos el litoral no es un fen\u00f3meno habitual, porque un oleaje de esa intensidad y una marea tan alta no suelen coincidir y, de hecho, es algo que se produce s\u00f3lo cada 40 a\u00f1os. Seg\u00fan","inLanguage":"es-ES","isPartOf":{"@id":"https:\/\/www.eldigitaldeasturias.com\/noticias\/#website"},"breadcrumb":{"@id":"https:\/\/www.eldigitaldeasturias.com\/noticias\/un-temporal-como-el-del-pasado-fin-de-semana-se-produce-solo-cada-40-anos\/#breadcrumblist"},"author":{"@id":"https:\/\/www.eldigitaldeasturias.com\/noticias\/author\/admin\/#author"},"creator":{"@id":"https:\/\/www.eldigitaldeasturias.com\/noticias\/author\/admin\/#author"},"image":{"@type":"ImageObject","url":483568,"@id":"https:\/\/www.eldigitaldeasturias.com\/noticias\/un-temporal-como-el-del-pasado-fin-de-semana-se-produce-solo-cada-40-anos\/#mainImage"},"primaryImageOfPage":{"@id":"https:\/\/www.eldigitaldeasturias.com\/noticias\/un-temporal-como-el-del-pasado-fin-de-semana-se-produce-solo-cada-40-anos\/#mainImage"},"datePublished":"2014-02-04T23:36:25+01:00","dateModified":"2014-02-04T23:36:25+01:00"},{"@type":"WebSite","@id":"https:\/\/www.eldigitaldeasturias.com\/noticias\/#website","url":"https:\/\/www.eldigitaldeasturias.com\/noticias\/","name":"El Digital de Asturias - Diario de actualidad y noticias","alternateName":"El Digital de Asturias - Diario de actualidad y noticias","description":"Hemeroteca","inLanguage":"es-ES","publisher":{"@id":"https:\/\/www.eldigitaldeasturias.com\/noticias\/#organization"}}]},"og:locale":"es_ES","og:site_name":"El Digital de Asturias","og:type":"article","og:title":"Un temporal como el del pasado fin de semana se produce s\u00f3lo cada 40 a\u00f1os - El Digital de Asturias","og:description":"Santander, 4 feb (EFE).- El temporal que el pasado fin de semana golpe\u00f3 la costa del Cant\u00e1brico y llen\u00f3 de destrozos el litoral no es un fen\u00f3meno habitual, porque un oleaje de esa intensidad y una marea tan alta no suelen coincidir y, de hecho, es algo que se produce s\u00f3lo cada 40 a\u00f1os. Seg\u00fan","og:url":"https:\/\/www.eldigitaldeasturias.com\/noticias\/un-temporal-como-el-del-pasado-fin-de-semana-se-produce-solo-cada-40-anos\/","article:tag":["actualidad"],"article:published_time":"2014-02-05T00:36:25+00:00","article:modified_time":"2014-02-05T00:36:25+00:00","article:publisher":"https:\/\/facebook.com\/eldigitaldeasturias","twitter:card":"summary_large_image","twitter:title":"Un temporal como el del pasado fin de semana se produce s\u00f3lo cada 40 a\u00f1os - El Digital de Asturias","twitter:description":"Santander, 4 feb (EFE).- El temporal que el pasado fin de semana golpe\u00f3 la costa del Cant\u00e1brico y llen\u00f3 de destrozos el litoral no es un fen\u00f3meno habitual, porque un oleaje de esa intensidad y una marea tan alta no suelen coincidir y, de hecho, es algo que se produce s\u00f3lo cada 40 a\u00f1os. Seg\u00fan","twitter:label1":"Escrito por","twitter:data1":"El Digital de Asturias","twitter:label2":"Tiempo de lectura estimado","twitter:data2":"2 minutos"},"aioseo_meta_data":{"post_id":"483567","title":null,"description":null,"keywords":null,"keyphrases":null,"primary_term":null,"canonical_url":null,"og_title":null,"og_description":null,"og_object_type":"default","og_image_type":"default","og_image_url":null,"og_image_width":null,"og_image_height":null,"og_image_custom_url":null,"og_image_custom_fields":null,"og_video":null,"og_custom_url":null,"og_article_section":null,"og_article_tags":null,"twitter_use_og":true,"twitter_card":"default","twitter_image_type":"default","twitter_image_url":null,"twitter_image_custom_url":null,"twitter_image_custom_fields":null,"twitter_title":null,"twitter_description":null,"schema":{"blockGraphs":[],"customGraphs":[],"default":{"data":{"Article":[],"Course":[],"Dataset":[],"FAQPage":[],"Movie":[],"Person":[],"Product":[],"ProductReview":[],"Car":[],"Recipe":[],"Service":[],"SoftwareApplication":[],"WebPage":[]},"graphName":"","isEnabled":true},"graphs":[],"defaultGraph":"","defaultPostTypeGraph":""},"schema_type":null,"schema_type_options":null,"pillar_content":false,"robots_default":true,"robots_noindex":false,"robots_noarchive":false,"robots_nosnippet":false,"robots_nofollow":false,"robots_noimageindex":false,"robots_noodp":false,"robots_notranslate":false,"robots_max_snippet":null,"robots_max_videopreview":null,"robots_max_imagepreview":"none","priority":null,"frequency":null,"local_seo":null,"seo_analyzer_scan_date":"2026-06-02 13:15:59","breadcrumb_settings":null,"limit_modified_date":false,"open_ai":null,"ai":null,"created":"2020-11-14 22:54:46","updated":"2026-06-02 13:15:59","focus_keyword":null,"additional_keywords":null,"truseo_locale":null},"aioseo_breadcrumb":"<div class=\"aioseo-breadcrumbs\"><span class=\"aioseo-breadcrumb\">\n\t<a href=\"https:\/\/www.eldigitaldeasturias.com\/noticias\" title=\"Home\">Home<\/a>\n<\/span><span class=\"aioseo-breadcrumb-separator\">\u2013<\/span><span class=\"aioseo-breadcrumb\">\n\t<a href=\"https:\/\/www.eldigitaldeasturias.com\/noticias\/category\/actualidad\/\" title=\"Actualidad\">Actualidad<\/a>\n<\/span><span class=\"aioseo-breadcrumb-separator\">\u2013<\/span><span class=\"aioseo-breadcrumb\">\n\t<a href=\"https:\/\/www.eldigitaldeasturias.com\/noticias\/un-temporal-como-el-del-pasado-fin-de-semana-se-produce-solo-cada-40-anos\/\" title=\"Un temporal como el del pasado fin de semana se produce s\u00f3lo cada 40 a\u00f1os\">Un temporal como el del pasado fin de semana se produce s\u00f3lo cada 40 a\u00f1os<\/a>\n<\/span><\/div>","aioseo_breadcrumb_json":[{"label":"Home","link":"https:\/\/www.eldigitaldeasturias.com\/noticias"},{"label":"Actualidad","link":"https:\/\/www.eldigitaldeasturias.com\/noticias\/category\/actualidad\/"},{"label":"Un temporal como el del pasado fin de semana se produce s\u00f3lo cada 40 a\u00f1os","link":"https:\/\/www.eldigitaldeasturias.com\/noticias\/un-temporal-como-el-del-pasado-fin-de-semana-se-produce-solo-cada-40-anos\/"}],"_links":{"self":[{"href":"https:\/\/www.eldigitaldeasturias.com\/noticias\/wp-json\/wp\/v2\/posts\/483567","targetHints":{"allow":["GET"]}}],"collection":[{"href":"https:\/\/www.eldigitaldeasturias.com\/noticias\/wp-json\/wp\/v2\/posts"}],"about":[{"href":"https:\/\/www.eldigitaldeasturias.com\/noticias\/wp-json\/wp\/v2\/types\/post"}],"author":[{"embeddable":true,"href":"https:\/\/www.eldigitaldeasturias.com\/noticias\/wp-json\/wp\/v2\/users\/1"}],"replies":[{"embeddable":true,"href":"https:\/\/www.eldigitaldeasturias.com\/noticias\/wp-json\/wp\/v2\/comments?post=483567"}],"version-history":[{"count":0,"href":"https:\/\/www.eldigitaldeasturias.com\/noticias\/wp-json\/wp\/v2\/posts\/483567\/revisions"}],"wp:attachment":[{"href":"https:\/\/www.eldigitaldeasturias.com\/noticias\/wp-json\/wp\/v2\/media?parent=483567"}],"wp:term":[{"taxonomy":"category","embeddable":true,"href":"https:\/\/www.eldigitaldeasturias.com\/noticias\/wp-json\/wp\/v2\/categories?post=483567"},{"taxonomy":"post_tag","embeddable":true,"href":"https:\/\/www.eldigitaldeasturias.com\/noticias\/wp-json\/wp\/v2\/tags?post=483567"}],"curies":[{"name":"wp","href":"https:\/\/api.w.org\/{rel}","templated":true}]}}