{"id":483564,"date":"2014-02-04T23:34:33","date_gmt":"2014-02-05T00:34:33","guid":{"rendered":"http:\/\/www.eldigitaldeasturias.com\/noticias\/?p=483564"},"modified":"2014-02-04T23:34:33","modified_gmt":"2014-02-05T00:34:33","slug":"el-norte-de-espana-a-la-espera-de-otro-temporal","status":"publish","type":"post","link":"https:\/\/www.eldigitaldeasturias.com\/noticias\/el-norte-de-espana-a-la-espera-de-otro-temporal\/","title":{"rendered":"El Norte de Espa\u00f1a a la espera de otro temporal."},"content":{"rendered":"<p><img loading=\"lazy\" decoding=\"async\" class=\"alignleft size-medium wp-image-483565\" alt=\"5907765w\" src=\"https:\/\/www.eldigitaldeasturias.com\/noticias\/wp-content\/uploads\/2014\/02\/5907765w-360x260.jpg\" width=\"360\" height=\"260\" \/>Madrid, 4 feb (EFE).- Las comunidades del norte peninsular han continuado hoy haciendo balance de los da\u00f1os ocasionados por el temporal en una jornada que ha tra\u00eddo vientos huracanados de hasta 140 kil\u00f3metros por hora y el cierre de parques y colegios, mientras se anuncia un nuevo frente con origen en \u00abciclog\u00e9nesis explosivas\u00bb.<\/p>\n<p>Y es que la Agencia Estatal de Meteorolog\u00eda (Aemet) prev\u00e9 para ma\u00f1ana alertas en 30 provincias por olas que podr\u00edan superar los 9 metros y vientos que podr\u00edan alcanzar los 110 kil\u00f3metros por hora.<\/p>\n<p>Cuatro de estas 30 provincias estar\u00e1n en alerta roja (m\u00e1xima): A Coru\u00f1a, Lugo, Pontevedra y Asturias, y el resto en alerta naranja.<\/p>\n<p>En Galicia, Cantabria, Asturias y Euskadi se ha repetido hoy una estampa parecida a la de estos d\u00edas, pero esta vez han estado m\u00e1s pendientes de los vientos de hasta 140 kil\u00f3metros por hora, que han obligado a cerrar parques, colegios e instituciones p\u00fablicas y han dificultado la b\u00fasqueda del joven desaparecido en Foz (Lugo).<\/p>\n<p>En Galicia, el mal tiempo ha condicionado la b\u00fasqueda de este joven desaparecido el pasado domingo: A primera hora de la ma\u00f1ana Salvamento Mar\u00edtimo ha movilizado un helic\u00f3ptero y una embarcaci\u00f3n para proseguir con el rastreo mientras el tiempo lo permita.<\/p>\n<p>Este joven es la cuarta persona que ha desaparecido en Galicia engullida por el mar desde el inicio de 2014 en una sucesi\u00f3n de borrascas y temporales que han convertido este invierno en el m\u00e1s lluvioso y ventoso desde 2001.<\/p>\n<p>Lo que s\u00ed ha sido posible hoy es el rescate de cinco tripulantes de un buque que se encontraba en apuros a unas 50 millas de A Coru\u00f1a y que han sido rescatados por el helic\u00f3ptero de Salvamento Pesca 2, que los ha trasladado a Viveiro (Lugo) en medio del fuerte temporal.<\/p>\n<p>En esta provincia se han decretado el cierre de varios parques urbanos, mientras que en Pontevedra, concretamente en Vigo, las fuertes r\u00e1fagas de viento han dejado multitud de incidencias, la mayor\u00eda relacionada con la ca\u00edda de \u00e1rboles a la calzada, carteles que se han descolgado y contenedores que se han desplazado.<\/p>\n<p>El campo tampoco se ha librado de los destrozos por lo que el Sindicato Labrego Galego ha registrado un escrito en la Xunta de Galicia para solicitar una reuni\u00f3n con la Conseller\u00eda de Medio Rural para tratar \u00abla crisis generada por los destrozos de los temporales en las \u00faltimas semanas\u00bb en los sectores de huerta, fruta y flor.<\/p>\n<p>En esta comunidad, la Conseller\u00eda de Cultura, Educaci\u00f3n y Ordenaci\u00f3n Universitaria, ha informado de que ma\u00f1ana todos los centros educativos de la Comunidad permanecer\u00e1n abiertos.<\/p>\n<p>En Cantabria, donde se ha cancelado un vuelo a Madrid, el Ayuntamiento de Santander ha cerrado tambi\u00e9n parques de la ciudad e instalaciones deportivas, incluido el Complejo de La Albericia, y ha aconsejado a los vecinos no salir a la calle.<\/p>\n<p>En la comunidad asturiana, donde se aprobar\u00e1n partidas extraordinarias para paliar los da\u00f1os, el Consistorio de Oviedo ha cortado el suministro de agua en las fuentes del casco urbano y ha ordenado la vigilancia en parques y zonas verdes del municipio.<\/p>\n<p>Adem\u00e1s, en Avil\u00e9s ha habido restricciones a la circulaci\u00f3n de personas en los parques de Las Meanas y El Muelle y el cierre del de Ferrera.<\/p>\n<p>En una primera estimaci\u00f3n efectuada por el Consorcio de Compensaci\u00f3n de Seguros, los da\u00f1os ocasionados por el temporal tendr\u00e1n un coste de entre 18 y 20 millones de euros en indemnizaciones.<\/p>\n<p>El director de Operaciones del Consorcio, Alejandro Izuzquiza, ha informado a Efe de que se ha calculado que el n\u00famero de siniestros causados por el temporal en toda la cornisa cant\u00e1brica asciende a unos 1.600, de los que la mitad se registraron en el Pa\u00eds Vasco -500 en Gipuzkoa y 300 en Bizkaia-.<\/p>\n<p>El Consorcio trabaja con la previsi\u00f3n de que los desperfectos pueden superar los 20 millones de euros en todo el litoral del norte, y que en el Pa\u00eds Vasco, la zona m\u00e1s afectada, los da\u00f1os asegurados ascienden a entre 14 y 16 millones.<\/p>\n<p>Seg\u00fan la Aemet, como ya ha venido ocurriendo durante gran parte del mes de enero, es muy probable que durante esta semana y la que viene, se repita el paso sucesivo de frentes asociados a profundas borrascas atl\u00e1nticas, que est\u00e1n dejando precipitaciones principalmente en la vertiente atl\u00e1ntica peninsular y muy especialmente en Galicia.<\/p>\n<p>Estas borrascas se est\u00e1n caracterizando por una r\u00e1pida profundizaci\u00f3n y un r\u00e1pido desplazamiento hacia el este.<\/p>\n<p>Gran parte de ellas nacen a partir de \u00abciclog\u00e9nesis explosivas\u00bb y, aunque sus centros generalmente est\u00e1n muy alejados de la Pen\u00ednsula, est\u00e1n dando lugar a situaciones meteorol\u00f3gicas adversas, especialmente en el norte y noroeste, con vientos intensos y fuerte oleaje en las costas.<\/p>\n","protected":false},"excerpt":{"rendered":"<p>Madrid, 4 feb (EFE).- Las comunidades del norte peninsular han continuado hoy haciendo balance de los da\u00f1os ocasionados por el temporal en una jornada que ha tra\u00eddo vientos huracanados de hasta 140 kil\u00f3metros por hora y el cierre de parques y colegios, mientras se anuncia un nuevo frente con origen en \u00abciclog\u00e9nesis explosivas\u00bb. Y es [&hellip;]<\/p>\n","protected":false},"author":1,"featured_media":483565,"comment_status":"closed","ping_status":"open","sticky":false,"template":"","format":"standard","meta":{"footnotes":""},"categories":[1],"tags":[],"class_list":["post-483564","post","type-post","status-publish","format-standard","has-post-thumbnail","hentry","category-actualidad"],"aioseo_notices":[],"aioseo_head":"\n\t\t<!-- All in One SEO Pro 5.0.1 - aioseo.com -->\n\t<meta name=\"description\" content=\"Madrid, 4 feb (EFE).- Las comunidades del norte peninsular han continuado hoy haciendo balance de los da\u00f1os ocasionados por el temporal en una jornada que ha tra\u00eddo vientos huracanados de hasta 140 kil\u00f3metros por hora y el cierre de parques y colegios, mientras se anuncia un nuevo frente con origen en &quot;ciclog\u00e9nesis explosivas&quot;. Y es\" \/>\n\t<meta name=\"robots\" content=\"max-image-preview:large\" \/>\n\t<meta name=\"author\" content=\"El Digital de Asturias\"\/>\n\t<meta name=\"google-site-verification\" content=\"UA-38556648-1\" \/>\n\t<meta name=\"msvalidate.01\" content=\"7dfe9f3f1b24437ab69f4f2559babe99\" \/>\n\t<meta name=\"keywords\" content=\"actualidad\" \/>\n\t<link rel=\"canonical\" href=\"https:\/\/www.eldigitaldeasturias.com\/noticias\/el-norte-de-espana-a-la-espera-de-otro-temporal\/\" \/>\n\t<meta name=\"generator\" content=\"All in One SEO Pro (AIOSEO) 5.0.1\" \/>\n\t\t<meta property=\"og:locale\" content=\"es_ES\" \/>\n\t\t<meta property=\"og:site_name\" content=\"El Digital de Asturias\" \/>\n\t\t<meta property=\"og:type\" content=\"article\" \/>\n\t\t<meta property=\"og:title\" content=\"El Norte de Espa\u00f1a a la espera de otro temporal. - El Digital de Asturias\" \/>\n\t\t<meta property=\"og:description\" content=\"Madrid, 4 feb (EFE).- Las comunidades del norte peninsular han continuado hoy haciendo balance de los da\u00f1os ocasionados por el temporal en una jornada que ha tra\u00eddo vientos huracanados de hasta 140 kil\u00f3metros por hora y el cierre de parques y colegios, mientras se anuncia un nuevo frente con origen en &quot;ciclog\u00e9nesis explosivas&quot;. Y es\" \/>\n\t\t<meta property=\"og:url\" content=\"https:\/\/www.eldigitaldeasturias.com\/noticias\/el-norte-de-espana-a-la-espera-de-otro-temporal\/\" \/>\n\t\t<meta property=\"article:tag\" content=\"actualidad\" \/>\n\t\t<meta property=\"article:published_time\" content=\"2014-02-05T00:34:33+00:00\" \/>\n\t\t<meta property=\"article:modified_time\" content=\"2014-02-05T00:34:33+00:00\" \/>\n\t\t<meta property=\"article:publisher\" content=\"https:\/\/facebook.com\/eldigitaldeasturias\" \/>\n\t\t<meta name=\"twitter:card\" content=\"summary_large_image\" \/>\n\t\t<meta name=\"twitter:title\" content=\"El Norte de Espa\u00f1a a la espera de otro temporal. - El Digital de Asturias\" \/>\n\t\t<meta name=\"twitter:description\" content=\"Madrid, 4 feb (EFE).- Las comunidades del norte peninsular han continuado hoy haciendo balance de los da\u00f1os ocasionados por el temporal en una jornada que ha tra\u00eddo vientos huracanados de hasta 140 kil\u00f3metros por hora y el cierre de parques y colegios, mientras se anuncia un nuevo frente con origen en &quot;ciclog\u00e9nesis explosivas&quot;. Y es\" \/>\n\t\t<meta name=\"twitter:label1\" content=\"Escrito por\" \/>\n\t\t<meta name=\"twitter:data1\" content=\"El Digital de Asturias\" \/>\n\t\t<meta name=\"twitter:label2\" content=\"Tiempo de lectura estimado\" \/>\n\t\t<meta name=\"twitter:data2\" content=\"4 minutos\" \/>\n\t\t<script type=\"application\/ld+json\" class=\"aioseo-schema\">\n\t\t\t{\"@context\":\"https:\\\/\\\/schema.org\",\"@graph\":[{\"@type\":\"BlogPosting\",\"@id\":\"https:\\\/\\\/www.eldigitaldeasturias.com\\\/noticias\\\/el-norte-de-espana-a-la-espera-de-otro-temporal\\\/#blogposting\",\"name\":\"El Norte de Espa\\u00f1a a la espera de otro temporal. - El Digital de Asturias\",\"headline\":\"El Norte de Espa\\u00f1a a la espera de otro temporal.\",\"author\":{\"@id\":\"https:\\\/\\\/www.eldigitaldeasturias.com\\\/noticias\\\/author\\\/admin\\\/#author\"},\"publisher\":{\"@id\":\"https:\\\/\\\/www.eldigitaldeasturias.com\\\/noticias\\\/#organization\"},\"image\":{\"@type\":\"ImageObject\",\"url\":483565},\"datePublished\":\"2014-02-04T23:34:33+01:00\",\"dateModified\":\"2014-02-04T23:34:33+01:00\",\"inLanguage\":\"es-ES\",\"mainEntityOfPage\":{\"@id\":\"https:\\\/\\\/www.eldigitaldeasturias.com\\\/noticias\\\/el-norte-de-espana-a-la-espera-de-otro-temporal\\\/#webpage\"},\"isPartOf\":{\"@id\":\"https:\\\/\\\/www.eldigitaldeasturias.com\\\/noticias\\\/el-norte-de-espana-a-la-espera-de-otro-temporal\\\/#webpage\"},\"articleSection\":\"Actualidad\"},{\"@type\":\"BreadcrumbList\",\"@id\":\"https:\\\/\\\/www.eldigitaldeasturias.com\\\/noticias\\\/el-norte-de-espana-a-la-espera-de-otro-temporal\\\/#breadcrumblist\",\"itemListElement\":[{\"@type\":\"ListItem\",\"@id\":\"https:\\\/\\\/www.eldigitaldeasturias.com\\\/noticias#listItem\",\"position\":1,\"name\":\"Home\",\"item\":\"https:\\\/\\\/www.eldigitaldeasturias.com\\\/noticias\",\"nextItem\":{\"@type\":\"ListItem\",\"@id\":\"https:\\\/\\\/www.eldigitaldeasturias.com\\\/noticias\\\/category\\\/actualidad\\\/#listItem\",\"name\":\"Actualidad\"}},{\"@type\":\"ListItem\",\"@id\":\"https:\\\/\\\/www.eldigitaldeasturias.com\\\/noticias\\\/category\\\/actualidad\\\/#listItem\",\"position\":2,\"name\":\"Actualidad\",\"item\":\"https:\\\/\\\/www.eldigitaldeasturias.com\\\/noticias\\\/category\\\/actualidad\\\/\",\"nextItem\":{\"@type\":\"ListItem\",\"@id\":\"https:\\\/\\\/www.eldigitaldeasturias.com\\\/noticias\\\/el-norte-de-espana-a-la-espera-de-otro-temporal\\\/#listItem\",\"name\":\"El Norte de Espa\\u00f1a a la espera de otro temporal.\"},\"previousItem\":{\"@type\":\"ListItem\",\"@id\":\"https:\\\/\\\/www.eldigitaldeasturias.com\\\/noticias#listItem\",\"name\":\"Home\"}},{\"@type\":\"ListItem\",\"@id\":\"https:\\\/\\\/www.eldigitaldeasturias.com\\\/noticias\\\/el-norte-de-espana-a-la-espera-de-otro-temporal\\\/#listItem\",\"position\":3,\"name\":\"El Norte de Espa\\u00f1a a la espera de otro temporal.\",\"previousItem\":{\"@type\":\"ListItem\",\"@id\":\"https:\\\/\\\/www.eldigitaldeasturias.com\\\/noticias\\\/category\\\/actualidad\\\/#listItem\",\"name\":\"Actualidad\"}}]},{\"@type\":\"Organization\",\"@id\":\"https:\\\/\\\/www.eldigitaldeasturias.com\\\/noticias\\\/#organization\",\"name\":\"El Digital de Asturias\",\"description\":\"Hemeroteca\",\"url\":\"https:\\\/\\\/www.eldigitaldeasturias.com\\\/noticias\\\/\",\"email\":\"info@eldigitaldeasturias.com\",\"telephone\":\"+34652131393\",\"logo\":{\"@type\":\"ImageObject\",\"url\":\"https:\\\/\\\/www.eldigitaldeasturias.com\\\/noticias\\\/wp-content\\\/uploads\\\/2020\\\/12\\\/EDA.jpg\",\"@id\":\"https:\\\/\\\/www.eldigitaldeasturias.com\\\/noticias\\\/el-norte-de-espana-a-la-espera-de-otro-temporal\\\/#organizationLogo\"},\"image\":{\"@id\":\"https:\\\/\\\/www.eldigitaldeasturias.com\\\/noticias\\\/el-norte-de-espana-a-la-espera-de-otro-temporal\\\/#organizationLogo\"},\"sameAs\":[\"https:\\\/\\\/facebook.com\\\/eldigitaldeasturias\",\"https:\\\/\\\/www.youtube.com\\\/channel\\\/UCZP-2wLEB9Rv6erhFmqVnvg\"],\"address\":{\"@id\":\"https:\\\/\\\/www.eldigitaldeasturias.com\\\/noticias\\\/#postaladdress\",\"@type\":\"PostalAddress\",\"streetAddress\":\"san antonio 4\",\"postalCode\":\"33430\",\"addressLocality\":\"Cand\\u00e1s\",\"addressRegion\":\"Asturias\",\"addressCountry\":\"ES\"}},{\"@type\":\"Person\",\"@id\":\"https:\\\/\\\/www.eldigitaldeasturias.com\\\/noticias\\\/author\\\/admin\\\/#author\",\"url\":\"https:\\\/\\\/www.eldigitaldeasturias.com\\\/noticias\\\/author\\\/admin\\\/\",\"name\":\"El Digital de Asturias\",\"image\":{\"@type\":\"ImageObject\",\"@id\":\"https:\\\/\\\/www.eldigitaldeasturias.com\\\/noticias\\\/el-norte-de-espana-a-la-espera-de-otro-temporal\\\/#authorImage\",\"url\":\"https:\\\/\\\/secure.gravatar.com\\\/avatar\\\/df2aeffc32bcd13f8d26072ef8a91b623d677766deac7f97ca815868cd41bf5e?s=96&d=mm&r=g\",\"width\":96,\"height\":96,\"caption\":\"El Digital de Asturias\"}},{\"@type\":\"WebPage\",\"@id\":\"https:\\\/\\\/www.eldigitaldeasturias.com\\\/noticias\\\/el-norte-de-espana-a-la-espera-de-otro-temporal\\\/#webpage\",\"url\":\"https:\\\/\\\/www.eldigitaldeasturias.com\\\/noticias\\\/el-norte-de-espana-a-la-espera-de-otro-temporal\\\/\",\"name\":\"El Norte de Espa\\u00f1a a la espera de otro temporal. - El Digital de Asturias\",\"description\":\"Madrid, 4 feb (EFE).- Las comunidades del norte peninsular han continuado hoy haciendo balance de los da\\u00f1os ocasionados por el temporal en una jornada que ha tra\\u00eddo vientos huracanados de hasta 140 kil\\u00f3metros por hora y el cierre de parques y colegios, mientras se anuncia un nuevo frente con origen en \\\"ciclog\\u00e9nesis explosivas\\\". Y es\",\"inLanguage\":\"es-ES\",\"isPartOf\":{\"@id\":\"https:\\\/\\\/www.eldigitaldeasturias.com\\\/noticias\\\/#website\"},\"breadcrumb\":{\"@id\":\"https:\\\/\\\/www.eldigitaldeasturias.com\\\/noticias\\\/el-norte-de-espana-a-la-espera-de-otro-temporal\\\/#breadcrumblist\"},\"author\":{\"@id\":\"https:\\\/\\\/www.eldigitaldeasturias.com\\\/noticias\\\/author\\\/admin\\\/#author\"},\"creator\":{\"@id\":\"https:\\\/\\\/www.eldigitaldeasturias.com\\\/noticias\\\/author\\\/admin\\\/#author\"},\"image\":{\"@type\":\"ImageObject\",\"url\":483565,\"@id\":\"https:\\\/\\\/www.eldigitaldeasturias.com\\\/noticias\\\/el-norte-de-espana-a-la-espera-de-otro-temporal\\\/#mainImage\"},\"primaryImageOfPage\":{\"@id\":\"https:\\\/\\\/www.eldigitaldeasturias.com\\\/noticias\\\/el-norte-de-espana-a-la-espera-de-otro-temporal\\\/#mainImage\"},\"datePublished\":\"2014-02-04T23:34:33+01:00\",\"dateModified\":\"2014-02-04T23:34:33+01:00\"},{\"@type\":\"WebSite\",\"@id\":\"https:\\\/\\\/www.eldigitaldeasturias.com\\\/noticias\\\/#website\",\"url\":\"https:\\\/\\\/www.eldigitaldeasturias.com\\\/noticias\\\/\",\"name\":\"El Digital de Asturias - Diario de actualidad y noticias\",\"alternateName\":\"El Digital de Asturias - Diario de actualidad y noticias\",\"description\":\"Hemeroteca\",\"inLanguage\":\"es-ES\",\"publisher\":{\"@id\":\"https:\\\/\\\/www.eldigitaldeasturias.com\\\/noticias\\\/#organization\"}}]}\n\t\t<\/script>\n\t\t<!-- All in One SEO Pro -->\r\n\t\t<title>El Norte de Espa\u00f1a a la espera de otro temporal. - El Digital de Asturias<\/title>\n\n","aioseo_head_json":{"title":"El Norte de Espa\u00f1a a la espera de otro temporal. - El Digital de Asturias","description":"Madrid, 4 feb (EFE).- Las comunidades del norte peninsular han continuado hoy haciendo balance de los da\u00f1os ocasionados por el temporal en una jornada que ha tra\u00eddo vientos huracanados de hasta 140 kil\u00f3metros por hora y el cierre de parques y colegios, mientras se anuncia un nuevo frente con origen en \"ciclog\u00e9nesis explosivas\". Y es","canonical_url":"https:\/\/www.eldigitaldeasturias.com\/noticias\/el-norte-de-espana-a-la-espera-de-otro-temporal\/","robots":"max-image-preview:large","keywords":"actualidad","webmasterTools":{"google-site-verification":"UA-38556648-1","msvalidate.01":"7dfe9f3f1b24437ab69f4f2559babe99","miscellaneous":""},"schema":{"@context":"https:\/\/schema.org","@graph":[{"@type":"BlogPosting","@id":"https:\/\/www.eldigitaldeasturias.com\/noticias\/el-norte-de-espana-a-la-espera-de-otro-temporal\/#blogposting","name":"El Norte de Espa\u00f1a a la espera de otro temporal. - El Digital de Asturias","headline":"El Norte de Espa\u00f1a a la espera de otro temporal.","author":{"@id":"https:\/\/www.eldigitaldeasturias.com\/noticias\/author\/admin\/#author"},"publisher":{"@id":"https:\/\/www.eldigitaldeasturias.com\/noticias\/#organization"},"image":{"@type":"ImageObject","url":483565},"datePublished":"2014-02-04T23:34:33+01:00","dateModified":"2014-02-04T23:34:33+01:00","inLanguage":"es-ES","mainEntityOfPage":{"@id":"https:\/\/www.eldigitaldeasturias.com\/noticias\/el-norte-de-espana-a-la-espera-de-otro-temporal\/#webpage"},"isPartOf":{"@id":"https:\/\/www.eldigitaldeasturias.com\/noticias\/el-norte-de-espana-a-la-espera-de-otro-temporal\/#webpage"},"articleSection":"Actualidad"},{"@type":"BreadcrumbList","@id":"https:\/\/www.eldigitaldeasturias.com\/noticias\/el-norte-de-espana-a-la-espera-de-otro-temporal\/#breadcrumblist","itemListElement":[{"@type":"ListItem","@id":"https:\/\/www.eldigitaldeasturias.com\/noticias#listItem","position":1,"name":"Home","item":"https:\/\/www.eldigitaldeasturias.com\/noticias","nextItem":{"@type":"ListItem","@id":"https:\/\/www.eldigitaldeasturias.com\/noticias\/category\/actualidad\/#listItem","name":"Actualidad"}},{"@type":"ListItem","@id":"https:\/\/www.eldigitaldeasturias.com\/noticias\/category\/actualidad\/#listItem","position":2,"name":"Actualidad","item":"https:\/\/www.eldigitaldeasturias.com\/noticias\/category\/actualidad\/","nextItem":{"@type":"ListItem","@id":"https:\/\/www.eldigitaldeasturias.com\/noticias\/el-norte-de-espana-a-la-espera-de-otro-temporal\/#listItem","name":"El Norte de Espa\u00f1a a la espera de otro temporal."},"previousItem":{"@type":"ListItem","@id":"https:\/\/www.eldigitaldeasturias.com\/noticias#listItem","name":"Home"}},{"@type":"ListItem","@id":"https:\/\/www.eldigitaldeasturias.com\/noticias\/el-norte-de-espana-a-la-espera-de-otro-temporal\/#listItem","position":3,"name":"El Norte de Espa\u00f1a a la espera de otro temporal.","previousItem":{"@type":"ListItem","@id":"https:\/\/www.eldigitaldeasturias.com\/noticias\/category\/actualidad\/#listItem","name":"Actualidad"}}]},{"@type":"Organization","@id":"https:\/\/www.eldigitaldeasturias.com\/noticias\/#organization","name":"El Digital de Asturias","description":"Hemeroteca","url":"https:\/\/www.eldigitaldeasturias.com\/noticias\/","email":"info@eldigitaldeasturias.com","telephone":"+34652131393","logo":{"@type":"ImageObject","url":"https:\/\/www.eldigitaldeasturias.com\/noticias\/wp-content\/uploads\/2020\/12\/EDA.jpg","@id":"https:\/\/www.eldigitaldeasturias.com\/noticias\/el-norte-de-espana-a-la-espera-de-otro-temporal\/#organizationLogo"},"image":{"@id":"https:\/\/www.eldigitaldeasturias.com\/noticias\/el-norte-de-espana-a-la-espera-de-otro-temporal\/#organizationLogo"},"sameAs":["https:\/\/facebook.com\/eldigitaldeasturias","https:\/\/www.youtube.com\/channel\/UCZP-2wLEB9Rv6erhFmqVnvg"],"address":{"@id":"https:\/\/www.eldigitaldeasturias.com\/noticias\/#postaladdress","@type":"PostalAddress","streetAddress":"san antonio 4","postalCode":"33430","addressLocality":"Cand\u00e1s","addressRegion":"Asturias","addressCountry":"ES"}},{"@type":"Person","@id":"https:\/\/www.eldigitaldeasturias.com\/noticias\/author\/admin\/#author","url":"https:\/\/www.eldigitaldeasturias.com\/noticias\/author\/admin\/","name":"El Digital de Asturias","image":{"@type":"ImageObject","@id":"https:\/\/www.eldigitaldeasturias.com\/noticias\/el-norte-de-espana-a-la-espera-de-otro-temporal\/#authorImage","url":"https:\/\/secure.gravatar.com\/avatar\/df2aeffc32bcd13f8d26072ef8a91b623d677766deac7f97ca815868cd41bf5e?s=96&d=mm&r=g","width":96,"height":96,"caption":"El Digital de Asturias"}},{"@type":"WebPage","@id":"https:\/\/www.eldigitaldeasturias.com\/noticias\/el-norte-de-espana-a-la-espera-de-otro-temporal\/#webpage","url":"https:\/\/www.eldigitaldeasturias.com\/noticias\/el-norte-de-espana-a-la-espera-de-otro-temporal\/","name":"El Norte de Espa\u00f1a a la espera de otro temporal. - El Digital de Asturias","description":"Madrid, 4 feb (EFE).- Las comunidades del norte peninsular han continuado hoy haciendo balance de los da\u00f1os ocasionados por el temporal en una jornada que ha tra\u00eddo vientos huracanados de hasta 140 kil\u00f3metros por hora y el cierre de parques y colegios, mientras se anuncia un nuevo frente con origen en \"ciclog\u00e9nesis explosivas\". Y es","inLanguage":"es-ES","isPartOf":{"@id":"https:\/\/www.eldigitaldeasturias.com\/noticias\/#website"},"breadcrumb":{"@id":"https:\/\/www.eldigitaldeasturias.com\/noticias\/el-norte-de-espana-a-la-espera-de-otro-temporal\/#breadcrumblist"},"author":{"@id":"https:\/\/www.eldigitaldeasturias.com\/noticias\/author\/admin\/#author"},"creator":{"@id":"https:\/\/www.eldigitaldeasturias.com\/noticias\/author\/admin\/#author"},"image":{"@type":"ImageObject","url":483565,"@id":"https:\/\/www.eldigitaldeasturias.com\/noticias\/el-norte-de-espana-a-la-espera-de-otro-temporal\/#mainImage"},"primaryImageOfPage":{"@id":"https:\/\/www.eldigitaldeasturias.com\/noticias\/el-norte-de-espana-a-la-espera-de-otro-temporal\/#mainImage"},"datePublished":"2014-02-04T23:34:33+01:00","dateModified":"2014-02-04T23:34:33+01:00"},{"@type":"WebSite","@id":"https:\/\/www.eldigitaldeasturias.com\/noticias\/#website","url":"https:\/\/www.eldigitaldeasturias.com\/noticias\/","name":"El Digital de Asturias - Diario de actualidad y noticias","alternateName":"El Digital de Asturias - Diario de actualidad y noticias","description":"Hemeroteca","inLanguage":"es-ES","publisher":{"@id":"https:\/\/www.eldigitaldeasturias.com\/noticias\/#organization"}}]},"og:locale":"es_ES","og:site_name":"El Digital de Asturias","og:type":"article","og:title":"El Norte de Espa\u00f1a a la espera de otro temporal. - El Digital de Asturias","og:description":"Madrid, 4 feb (EFE).- Las comunidades del norte peninsular han continuado hoy haciendo balance de los da\u00f1os ocasionados por el temporal en una jornada que ha tra\u00eddo vientos huracanados de hasta 140 kil\u00f3metros por hora y el cierre de parques y colegios, mientras se anuncia un nuevo frente con origen en &quot;ciclog\u00e9nesis explosivas&quot;. Y es","og:url":"https:\/\/www.eldigitaldeasturias.com\/noticias\/el-norte-de-espana-a-la-espera-de-otro-temporal\/","article:tag":["actualidad"],"article:published_time":"2014-02-05T00:34:33+00:00","article:modified_time":"2014-02-05T00:34:33+00:00","article:publisher":"https:\/\/facebook.com\/eldigitaldeasturias","twitter:card":"summary_large_image","twitter:title":"El Norte de Espa\u00f1a a la espera de otro temporal. - El Digital de Asturias","twitter:description":"Madrid, 4 feb (EFE).- Las comunidades del norte peninsular han continuado hoy haciendo balance de los da\u00f1os ocasionados por el temporal en una jornada que ha tra\u00eddo vientos huracanados de hasta 140 kil\u00f3metros por hora y el cierre de parques y colegios, mientras se anuncia un nuevo frente con origen en &quot;ciclog\u00e9nesis explosivas&quot;. Y es","twitter:label1":"Escrito por","twitter:data1":"El Digital de Asturias","twitter:label2":"Tiempo de lectura estimado","twitter:data2":"4 minutos"},"aioseo_meta_data":{"post_id":"483564","title":null,"description":null,"keywords":null,"keyphrases":null,"primary_term":null,"canonical_url":null,"og_title":null,"og_description":null,"og_object_type":"default","og_image_type":"default","og_image_url":null,"og_image_width":null,"og_image_height":null,"og_image_custom_url":null,"og_image_custom_fields":null,"og_video":null,"og_custom_url":null,"og_article_section":null,"og_article_tags":null,"twitter_use_og":true,"twitter_card":"default","twitter_image_type":"default","twitter_image_url":null,"twitter_image_custom_url":null,"twitter_image_custom_fields":null,"twitter_title":null,"twitter_description":null,"schema":{"blockGraphs":[],"customGraphs":[],"default":{"data":{"Article":[],"Course":[],"Dataset":[],"FAQPage":[],"Movie":[],"Person":[],"Product":[],"ProductReview":[],"Car":[],"Recipe":[],"Service":[],"SoftwareApplication":[],"WebPage":[]},"graphName":"","isEnabled":true},"graphs":[],"defaultGraph":"","defaultPostTypeGraph":""},"schema_type":null,"schema_type_options":null,"pillar_content":false,"robots_default":true,"robots_noindex":false,"robots_noarchive":false,"robots_nosnippet":false,"robots_nofollow":false,"robots_noimageindex":false,"robots_noodp":false,"robots_notranslate":false,"robots_max_snippet":null,"robots_max_videopreview":null,"robots_max_imagepreview":"none","priority":null,"frequency":null,"local_seo":null,"seo_analyzer_scan_date":"2026-06-02 13:13:44","breadcrumb_settings":null,"limit_modified_date":false,"open_ai":null,"ai":null,"created":"2020-11-14 22:54:46","updated":"2026-06-02 13:13:44","focus_keyword":null,"additional_keywords":null,"truseo_locale":null},"aioseo_breadcrumb":"<div class=\"aioseo-breadcrumbs\"><span class=\"aioseo-breadcrumb\">\n\t<a href=\"https:\/\/www.eldigitaldeasturias.com\/noticias\" title=\"Home\">Home<\/a>\n<\/span><span class=\"aioseo-breadcrumb-separator\">\u2013<\/span><span class=\"aioseo-breadcrumb\">\n\t<a href=\"https:\/\/www.eldigitaldeasturias.com\/noticias\/category\/actualidad\/\" title=\"Actualidad\">Actualidad<\/a>\n<\/span><span class=\"aioseo-breadcrumb-separator\">\u2013<\/span><span class=\"aioseo-breadcrumb\">\n\t<a href=\"https:\/\/www.eldigitaldeasturias.com\/noticias\/el-norte-de-espana-a-la-espera-de-otro-temporal\/\" title=\"El Norte de Espa\u00f1a a la espera de otro temporal.\">El Norte de Espa\u00f1a a la espera de otro temporal.<\/a>\n<\/span><\/div>","aioseo_breadcrumb_json":[{"label":"Home","link":"https:\/\/www.eldigitaldeasturias.com\/noticias"},{"label":"Actualidad","link":"https:\/\/www.eldigitaldeasturias.com\/noticias\/category\/actualidad\/"},{"label":"El Norte de Espa\u00f1a a la espera de otro temporal.","link":"https:\/\/www.eldigitaldeasturias.com\/noticias\/el-norte-de-espana-a-la-espera-de-otro-temporal\/"}],"_links":{"self":[{"href":"https:\/\/www.eldigitaldeasturias.com\/noticias\/wp-json\/wp\/v2\/posts\/483564","targetHints":{"allow":["GET"]}}],"collection":[{"href":"https:\/\/www.eldigitaldeasturias.com\/noticias\/wp-json\/wp\/v2\/posts"}],"about":[{"href":"https:\/\/www.eldigitaldeasturias.com\/noticias\/wp-json\/wp\/v2\/types\/post"}],"author":[{"embeddable":true,"href":"https:\/\/www.eldigitaldeasturias.com\/noticias\/wp-json\/wp\/v2\/users\/1"}],"replies":[{"embeddable":true,"href":"https:\/\/www.eldigitaldeasturias.com\/noticias\/wp-json\/wp\/v2\/comments?post=483564"}],"version-history":[{"count":0,"href":"https:\/\/www.eldigitaldeasturias.com\/noticias\/wp-json\/wp\/v2\/posts\/483564\/revisions"}],"wp:attachment":[{"href":"https:\/\/www.eldigitaldeasturias.com\/noticias\/wp-json\/wp\/v2\/media?parent=483564"}],"wp:term":[{"taxonomy":"category","embeddable":true,"href":"https:\/\/www.eldigitaldeasturias.com\/noticias\/wp-json\/wp\/v2\/categories?post=483564"},{"taxonomy":"post_tag","embeddable":true,"href":"https:\/\/www.eldigitaldeasturias.com\/noticias\/wp-json\/wp\/v2\/tags?post=483564"}],"curies":[{"name":"wp","href":"https:\/\/api.w.org\/{rel}","templated":true}]}}