{"id":483557,"date":"2014-02-04T22:26:41","date_gmt":"2014-02-04T23:26:41","guid":{"rendered":"http:\/\/www.eldigitaldeasturias.com\/noticias\/?p=483557"},"modified":"2014-02-04T22:26:41","modified_gmt":"2014-02-04T23:26:41","slug":"el-kirchnerismo-niega-un-fin-anticipado-del-gobierno-no-se-ilusionen","status":"publish","type":"post","link":"https:\/\/www.eldigitaldeasturias.com\/noticias\/el-kirchnerismo-niega-un-fin-anticipado-del-gobierno-no-se-ilusionen\/","title":{"rendered":"El Kirchnerismo niega un fin anticipado del gobierno : \u00abNo se ilusionen\u00bb"},"content":{"rendered":"<p><img loading=\"lazy\" decoding=\"async\" class=\"alignleft size-medium wp-image-459962\" alt=\"5783018wcristina\" src=\"https:\/\/www.eldigitaldeasturias.com\/noticias\/wp-content\/uploads\/2013\/12\/5783018w-360x274.jpg\" width=\"360\" height=\"274\" \/>Buenos Aires, 4 feb (dpa) &#8211; El gobierno argentino descalific\u00f3 hoy las versiones acerca de un posible fin anticipado del mandato de la presidenta Cristina Fern\u00e1ndez de Kirchner.<\/p>\n<p>\u00abNo se ilusionen, no nos vamos a ir antes\u00bb, asegur\u00f3 el ministro del Interior y Transporte, Florencio Randazzo, en declaraciones a radio Rock Nacional. Descart\u00f3 as\u00ed que el gobierno kirchnerista enfrente un escenario similar al que llev\u00f3 en 1989 a una salida anticipada del entonces presidente Ra\u00fal Alfons\u00edn (1983-1989) o a la crisis en la que renunci\u00f3 en 2001 Fernando de la R\u00faa (1999-2001).<\/p>\n<p>\u00abSi hay algo que le caracteriza a Cristina es que estamos dispuestos a dar esta pelea. No para quedarnos nosotros, sino para que la Argentina siga en este proceso de transformaci\u00f3n\u00bb, afirm\u00f3 Randazzo.<\/p>\n<p>La semana pasada, el gobernador kirchnerista de la provincia de Misiones, Maurice Closs, hab\u00eda llamado a un acuerdo multisectorial para \u00abno terminar como en 2001\u00bb. Closs se\u00f1al\u00f3 d\u00edas despu\u00e9s que existen \u00abactores que est\u00e1n trabajando fuerte para que Cristina se vaya antes\u00bb.<\/p>\n<p>En el mismo sentido se manifest\u00f3 este lunes el dirigente socialista y diputado Hermes Binner, quien admiti\u00f3 que \u00abseguramente\u00bb hay sectores que especulan con el fin anticipado del gobierno de Fern\u00e1ndez de Kirchner.<\/p>\n<p>El ministro del Interior apunt\u00f3 contra grupos econ\u00f3micos \u00abque no se bancan (soportan) que la pol\u00edtica sea independiente de las corporaciones medi\u00e1ticas y econ\u00f3micas\u00bb. Estos grupos \u00abtienen candidatos dentro del oficialismo y de la oposici\u00f3n\u00bb para las elecciones presidenciales de 2015, advirti\u00f3 Randazzo.<\/p>\n<p>\u00abNo tenemos que permitir que quieran utilizar al peronismo al servicio de intereses diferentes de los que ha representado el peronismo hist\u00f3ricamente\u00bb, alert\u00f3 el ministro, quien reiter\u00f3 su voluntad de postularse a \u00abjugar cualquier partido\u00bb en las pr\u00f3ximas elecciones.<\/p>\n","protected":false},"excerpt":{"rendered":"<p>Buenos Aires, 4 feb (dpa) &#8211; El gobierno argentino descalific\u00f3 hoy las versiones acerca de un posible fin anticipado del mandato de la presidenta Cristina Fern\u00e1ndez de Kirchner. \u00abNo se ilusionen, no nos vamos a ir antes\u00bb, asegur\u00f3 el ministro del Interior y Transporte, Florencio Randazzo, en declaraciones a radio Rock Nacional. Descart\u00f3 as\u00ed que [&hellip;]<\/p>\n","protected":false},"author":1,"featured_media":459962,"comment_status":"closed","ping_status":"open","sticky":false,"template":"","format":"standard","meta":{"footnotes":""},"categories":[1],"tags":[],"class_list":["post-483557","post","type-post","status-publish","format-standard","has-post-thumbnail","hentry","category-actualidad"],"aioseo_notices":[],"aioseo_head":"\n\t\t<!-- All in One SEO Pro 5.0.1 - aioseo.com -->\n\t<meta name=\"description\" content=\"Buenos Aires, 4 feb (dpa) - El gobierno argentino descalific\u00f3 hoy las versiones acerca de un posible fin anticipado del mandato de la presidenta Cristina Fern\u00e1ndez de Kirchner. &quot;No se ilusionen, no nos vamos a ir antes&quot;, asegur\u00f3 el ministro del Interior y Transporte, Florencio Randazzo, en declaraciones a radio Rock Nacional. Descart\u00f3 as\u00ed que\" \/>\n\t<meta name=\"robots\" content=\"max-image-preview:large\" \/>\n\t<meta name=\"author\" content=\"El Digital de Asturias\"\/>\n\t<meta name=\"google-site-verification\" content=\"UA-38556648-1\" \/>\n\t<meta name=\"msvalidate.01\" content=\"7dfe9f3f1b24437ab69f4f2559babe99\" \/>\n\t<meta name=\"keywords\" content=\"actualidad\" \/>\n\t<link rel=\"canonical\" href=\"https:\/\/www.eldigitaldeasturias.com\/noticias\/el-kirchnerismo-niega-un-fin-anticipado-del-gobierno-no-se-ilusionen\/\" \/>\n\t<meta name=\"generator\" content=\"All in One SEO Pro (AIOSEO) 5.0.1\" \/>\n\t\t<meta property=\"og:locale\" content=\"es_ES\" \/>\n\t\t<meta property=\"og:site_name\" content=\"El Digital de Asturias\" \/>\n\t\t<meta property=\"og:type\" content=\"article\" \/>\n\t\t<meta property=\"og:title\" content=\"El Kirchnerismo niega un fin anticipado del gobierno : \u00abNo se ilusionen\u00bb - El Digital de Asturias\" \/>\n\t\t<meta property=\"og:description\" content=\"Buenos Aires, 4 feb (dpa) - El gobierno argentino descalific\u00f3 hoy las versiones acerca de un posible fin anticipado del mandato de la presidenta Cristina Fern\u00e1ndez de Kirchner. &quot;No se ilusionen, no nos vamos a ir antes&quot;, asegur\u00f3 el ministro del Interior y Transporte, Florencio Randazzo, en declaraciones a radio Rock Nacional. Descart\u00f3 as\u00ed que\" \/>\n\t\t<meta property=\"og:url\" content=\"https:\/\/www.eldigitaldeasturias.com\/noticias\/el-kirchnerismo-niega-un-fin-anticipado-del-gobierno-no-se-ilusionen\/\" \/>\n\t\t<meta property=\"article:tag\" content=\"actualidad\" \/>\n\t\t<meta property=\"article:published_time\" content=\"2014-02-04T23:26:41+00:00\" \/>\n\t\t<meta property=\"article:modified_time\" content=\"2014-02-04T23:26:41+00:00\" \/>\n\t\t<meta property=\"article:publisher\" content=\"https:\/\/facebook.com\/eldigitaldeasturias\" \/>\n\t\t<meta name=\"twitter:card\" content=\"summary_large_image\" \/>\n\t\t<meta name=\"twitter:title\" content=\"El Kirchnerismo niega un fin anticipado del gobierno : \u00abNo se ilusionen\u00bb - El Digital de Asturias\" \/>\n\t\t<meta name=\"twitter:description\" content=\"Buenos Aires, 4 feb (dpa) - El gobierno argentino descalific\u00f3 hoy las versiones acerca de un posible fin anticipado del mandato de la presidenta Cristina Fern\u00e1ndez de Kirchner. &quot;No se ilusionen, no nos vamos a ir antes&quot;, asegur\u00f3 el ministro del Interior y Transporte, Florencio Randazzo, en declaraciones a radio Rock Nacional. Descart\u00f3 as\u00ed que\" \/>\n\t\t<meta name=\"twitter:label1\" content=\"Escrito por\" \/>\n\t\t<meta name=\"twitter:data1\" content=\"El Digital de Asturias\" \/>\n\t\t<meta name=\"twitter:label2\" content=\"Tiempo de lectura estimado\" \/>\n\t\t<meta name=\"twitter:data2\" content=\"1 minuto\" \/>\n\t\t<script type=\"application\/ld+json\" class=\"aioseo-schema\">\n\t\t\t{\"@context\":\"https:\\\/\\\/schema.org\",\"@graph\":[{\"@type\":\"BlogPosting\",\"@id\":\"https:\\\/\\\/www.eldigitaldeasturias.com\\\/noticias\\\/el-kirchnerismo-niega-un-fin-anticipado-del-gobierno-no-se-ilusionen\\\/#blogposting\",\"name\":\"El Kirchnerismo niega un fin anticipado del gobierno : \\u00abNo se ilusionen\\u00bb - El Digital de Asturias\",\"headline\":\"El Kirchnerismo niega un fin anticipado del gobierno : \\u00abNo se ilusionen\\u00bb\",\"author\":{\"@id\":\"https:\\\/\\\/www.eldigitaldeasturias.com\\\/noticias\\\/author\\\/admin\\\/#author\"},\"publisher\":{\"@id\":\"https:\\\/\\\/www.eldigitaldeasturias.com\\\/noticias\\\/#organization\"},\"image\":{\"@type\":\"ImageObject\",\"url\":459962},\"datePublished\":\"2014-02-04T22:26:41+01:00\",\"dateModified\":\"2014-02-04T22:26:41+01:00\",\"inLanguage\":\"es-ES\",\"mainEntityOfPage\":{\"@id\":\"https:\\\/\\\/www.eldigitaldeasturias.com\\\/noticias\\\/el-kirchnerismo-niega-un-fin-anticipado-del-gobierno-no-se-ilusionen\\\/#webpage\"},\"isPartOf\":{\"@id\":\"https:\\\/\\\/www.eldigitaldeasturias.com\\\/noticias\\\/el-kirchnerismo-niega-un-fin-anticipado-del-gobierno-no-se-ilusionen\\\/#webpage\"},\"articleSection\":\"Actualidad\"},{\"@type\":\"BreadcrumbList\",\"@id\":\"https:\\\/\\\/www.eldigitaldeasturias.com\\\/noticias\\\/el-kirchnerismo-niega-un-fin-anticipado-del-gobierno-no-se-ilusionen\\\/#breadcrumblist\",\"itemListElement\":[{\"@type\":\"ListItem\",\"@id\":\"https:\\\/\\\/www.eldigitaldeasturias.com\\\/noticias#listItem\",\"position\":1,\"name\":\"Home\",\"item\":\"https:\\\/\\\/www.eldigitaldeasturias.com\\\/noticias\",\"nextItem\":{\"@type\":\"ListItem\",\"@id\":\"https:\\\/\\\/www.eldigitaldeasturias.com\\\/noticias\\\/category\\\/actualidad\\\/#listItem\",\"name\":\"Actualidad\"}},{\"@type\":\"ListItem\",\"@id\":\"https:\\\/\\\/www.eldigitaldeasturias.com\\\/noticias\\\/category\\\/actualidad\\\/#listItem\",\"position\":2,\"name\":\"Actualidad\",\"item\":\"https:\\\/\\\/www.eldigitaldeasturias.com\\\/noticias\\\/category\\\/actualidad\\\/\",\"nextItem\":{\"@type\":\"ListItem\",\"@id\":\"https:\\\/\\\/www.eldigitaldeasturias.com\\\/noticias\\\/el-kirchnerismo-niega-un-fin-anticipado-del-gobierno-no-se-ilusionen\\\/#listItem\",\"name\":\"El Kirchnerismo niega un fin anticipado del gobierno : \\u00abNo se ilusionen\\u00bb\"},\"previousItem\":{\"@type\":\"ListItem\",\"@id\":\"https:\\\/\\\/www.eldigitaldeasturias.com\\\/noticias#listItem\",\"name\":\"Home\"}},{\"@type\":\"ListItem\",\"@id\":\"https:\\\/\\\/www.eldigitaldeasturias.com\\\/noticias\\\/el-kirchnerismo-niega-un-fin-anticipado-del-gobierno-no-se-ilusionen\\\/#listItem\",\"position\":3,\"name\":\"El Kirchnerismo niega un fin anticipado del gobierno : \\u00abNo se ilusionen\\u00bb\",\"previousItem\":{\"@type\":\"ListItem\",\"@id\":\"https:\\\/\\\/www.eldigitaldeasturias.com\\\/noticias\\\/category\\\/actualidad\\\/#listItem\",\"name\":\"Actualidad\"}}]},{\"@type\":\"Organization\",\"@id\":\"https:\\\/\\\/www.eldigitaldeasturias.com\\\/noticias\\\/#organization\",\"name\":\"El Digital de Asturias\",\"description\":\"Hemeroteca\",\"url\":\"https:\\\/\\\/www.eldigitaldeasturias.com\\\/noticias\\\/\",\"email\":\"info@eldigitaldeasturias.com\",\"telephone\":\"+34652131393\",\"logo\":{\"@type\":\"ImageObject\",\"url\":\"https:\\\/\\\/www.eldigitaldeasturias.com\\\/noticias\\\/wp-content\\\/uploads\\\/2020\\\/12\\\/EDA.jpg\",\"@id\":\"https:\\\/\\\/www.eldigitaldeasturias.com\\\/noticias\\\/el-kirchnerismo-niega-un-fin-anticipado-del-gobierno-no-se-ilusionen\\\/#organizationLogo\"},\"image\":{\"@id\":\"https:\\\/\\\/www.eldigitaldeasturias.com\\\/noticias\\\/el-kirchnerismo-niega-un-fin-anticipado-del-gobierno-no-se-ilusionen\\\/#organizationLogo\"},\"sameAs\":[\"https:\\\/\\\/facebook.com\\\/eldigitaldeasturias\",\"https:\\\/\\\/www.youtube.com\\\/channel\\\/UCZP-2wLEB9Rv6erhFmqVnvg\"],\"address\":{\"@id\":\"https:\\\/\\\/www.eldigitaldeasturias.com\\\/noticias\\\/#postaladdress\",\"@type\":\"PostalAddress\",\"streetAddress\":\"san antonio 4\",\"postalCode\":\"33430\",\"addressLocality\":\"Cand\\u00e1s\",\"addressRegion\":\"Asturias\",\"addressCountry\":\"ES\"}},{\"@type\":\"Person\",\"@id\":\"https:\\\/\\\/www.eldigitaldeasturias.com\\\/noticias\\\/author\\\/admin\\\/#author\",\"url\":\"https:\\\/\\\/www.eldigitaldeasturias.com\\\/noticias\\\/author\\\/admin\\\/\",\"name\":\"El Digital de Asturias\",\"image\":{\"@type\":\"ImageObject\",\"@id\":\"https:\\\/\\\/www.eldigitaldeasturias.com\\\/noticias\\\/el-kirchnerismo-niega-un-fin-anticipado-del-gobierno-no-se-ilusionen\\\/#authorImage\",\"url\":\"https:\\\/\\\/secure.gravatar.com\\\/avatar\\\/df2aeffc32bcd13f8d26072ef8a91b623d677766deac7f97ca815868cd41bf5e?s=96&d=mm&r=g\",\"width\":96,\"height\":96,\"caption\":\"El Digital de Asturias\"}},{\"@type\":\"WebPage\",\"@id\":\"https:\\\/\\\/www.eldigitaldeasturias.com\\\/noticias\\\/el-kirchnerismo-niega-un-fin-anticipado-del-gobierno-no-se-ilusionen\\\/#webpage\",\"url\":\"https:\\\/\\\/www.eldigitaldeasturias.com\\\/noticias\\\/el-kirchnerismo-niega-un-fin-anticipado-del-gobierno-no-se-ilusionen\\\/\",\"name\":\"El Kirchnerismo niega un fin anticipado del gobierno : \\u00abNo se ilusionen\\u00bb - El Digital de Asturias\",\"description\":\"Buenos Aires, 4 feb (dpa) - El gobierno argentino descalific\\u00f3 hoy las versiones acerca de un posible fin anticipado del mandato de la presidenta Cristina Fern\\u00e1ndez de Kirchner. \\\"No se ilusionen, no nos vamos a ir antes\\\", asegur\\u00f3 el ministro del Interior y Transporte, Florencio Randazzo, en declaraciones a radio Rock Nacional. Descart\\u00f3 as\\u00ed que\",\"inLanguage\":\"es-ES\",\"isPartOf\":{\"@id\":\"https:\\\/\\\/www.eldigitaldeasturias.com\\\/noticias\\\/#website\"},\"breadcrumb\":{\"@id\":\"https:\\\/\\\/www.eldigitaldeasturias.com\\\/noticias\\\/el-kirchnerismo-niega-un-fin-anticipado-del-gobierno-no-se-ilusionen\\\/#breadcrumblist\"},\"author\":{\"@id\":\"https:\\\/\\\/www.eldigitaldeasturias.com\\\/noticias\\\/author\\\/admin\\\/#author\"},\"creator\":{\"@id\":\"https:\\\/\\\/www.eldigitaldeasturias.com\\\/noticias\\\/author\\\/admin\\\/#author\"},\"image\":{\"@type\":\"ImageObject\",\"url\":459962,\"@id\":\"https:\\\/\\\/www.eldigitaldeasturias.com\\\/noticias\\\/el-kirchnerismo-niega-un-fin-anticipado-del-gobierno-no-se-ilusionen\\\/#mainImage\"},\"primaryImageOfPage\":{\"@id\":\"https:\\\/\\\/www.eldigitaldeasturias.com\\\/noticias\\\/el-kirchnerismo-niega-un-fin-anticipado-del-gobierno-no-se-ilusionen\\\/#mainImage\"},\"datePublished\":\"2014-02-04T22:26:41+01:00\",\"dateModified\":\"2014-02-04T22:26:41+01:00\"},{\"@type\":\"WebSite\",\"@id\":\"https:\\\/\\\/www.eldigitaldeasturias.com\\\/noticias\\\/#website\",\"url\":\"https:\\\/\\\/www.eldigitaldeasturias.com\\\/noticias\\\/\",\"name\":\"El Digital de Asturias - Diario de actualidad y noticias\",\"alternateName\":\"El Digital de Asturias - Diario de actualidad y noticias\",\"description\":\"Hemeroteca\",\"inLanguage\":\"es-ES\",\"publisher\":{\"@id\":\"https:\\\/\\\/www.eldigitaldeasturias.com\\\/noticias\\\/#organization\"}}]}\n\t\t<\/script>\n\t\t<!-- All in One SEO Pro -->\r\n\t\t<title>El Kirchnerismo niega un fin anticipado del gobierno : \u00abNo se ilusionen\u00bb - El Digital de Asturias<\/title>\n\n","aioseo_head_json":{"title":"El Kirchnerismo niega un fin anticipado del gobierno : \u00abNo se ilusionen\u00bb - El Digital de Asturias","description":"Buenos Aires, 4 feb (dpa) - El gobierno argentino descalific\u00f3 hoy las versiones acerca de un posible fin anticipado del mandato de la presidenta Cristina Fern\u00e1ndez de Kirchner. \"No se ilusionen, no nos vamos a ir antes\", asegur\u00f3 el ministro del Interior y Transporte, Florencio Randazzo, en declaraciones a radio Rock Nacional. Descart\u00f3 as\u00ed que","canonical_url":"https:\/\/www.eldigitaldeasturias.com\/noticias\/el-kirchnerismo-niega-un-fin-anticipado-del-gobierno-no-se-ilusionen\/","robots":"max-image-preview:large","keywords":"actualidad","webmasterTools":{"google-site-verification":"UA-38556648-1","msvalidate.01":"7dfe9f3f1b24437ab69f4f2559babe99","miscellaneous":""},"schema":{"@context":"https:\/\/schema.org","@graph":[{"@type":"BlogPosting","@id":"https:\/\/www.eldigitaldeasturias.com\/noticias\/el-kirchnerismo-niega-un-fin-anticipado-del-gobierno-no-se-ilusionen\/#blogposting","name":"El Kirchnerismo niega un fin anticipado del gobierno : \u00abNo se ilusionen\u00bb - El Digital de Asturias","headline":"El Kirchnerismo niega un fin anticipado del gobierno : \u00abNo se ilusionen\u00bb","author":{"@id":"https:\/\/www.eldigitaldeasturias.com\/noticias\/author\/admin\/#author"},"publisher":{"@id":"https:\/\/www.eldigitaldeasturias.com\/noticias\/#organization"},"image":{"@type":"ImageObject","url":459962},"datePublished":"2014-02-04T22:26:41+01:00","dateModified":"2014-02-04T22:26:41+01:00","inLanguage":"es-ES","mainEntityOfPage":{"@id":"https:\/\/www.eldigitaldeasturias.com\/noticias\/el-kirchnerismo-niega-un-fin-anticipado-del-gobierno-no-se-ilusionen\/#webpage"},"isPartOf":{"@id":"https:\/\/www.eldigitaldeasturias.com\/noticias\/el-kirchnerismo-niega-un-fin-anticipado-del-gobierno-no-se-ilusionen\/#webpage"},"articleSection":"Actualidad"},{"@type":"BreadcrumbList","@id":"https:\/\/www.eldigitaldeasturias.com\/noticias\/el-kirchnerismo-niega-un-fin-anticipado-del-gobierno-no-se-ilusionen\/#breadcrumblist","itemListElement":[{"@type":"ListItem","@id":"https:\/\/www.eldigitaldeasturias.com\/noticias#listItem","position":1,"name":"Home","item":"https:\/\/www.eldigitaldeasturias.com\/noticias","nextItem":{"@type":"ListItem","@id":"https:\/\/www.eldigitaldeasturias.com\/noticias\/category\/actualidad\/#listItem","name":"Actualidad"}},{"@type":"ListItem","@id":"https:\/\/www.eldigitaldeasturias.com\/noticias\/category\/actualidad\/#listItem","position":2,"name":"Actualidad","item":"https:\/\/www.eldigitaldeasturias.com\/noticias\/category\/actualidad\/","nextItem":{"@type":"ListItem","@id":"https:\/\/www.eldigitaldeasturias.com\/noticias\/el-kirchnerismo-niega-un-fin-anticipado-del-gobierno-no-se-ilusionen\/#listItem","name":"El Kirchnerismo niega un fin anticipado del gobierno : \u00abNo se ilusionen\u00bb"},"previousItem":{"@type":"ListItem","@id":"https:\/\/www.eldigitaldeasturias.com\/noticias#listItem","name":"Home"}},{"@type":"ListItem","@id":"https:\/\/www.eldigitaldeasturias.com\/noticias\/el-kirchnerismo-niega-un-fin-anticipado-del-gobierno-no-se-ilusionen\/#listItem","position":3,"name":"El Kirchnerismo niega un fin anticipado del gobierno : \u00abNo se ilusionen\u00bb","previousItem":{"@type":"ListItem","@id":"https:\/\/www.eldigitaldeasturias.com\/noticias\/category\/actualidad\/#listItem","name":"Actualidad"}}]},{"@type":"Organization","@id":"https:\/\/www.eldigitaldeasturias.com\/noticias\/#organization","name":"El Digital de Asturias","description":"Hemeroteca","url":"https:\/\/www.eldigitaldeasturias.com\/noticias\/","email":"info@eldigitaldeasturias.com","telephone":"+34652131393","logo":{"@type":"ImageObject","url":"https:\/\/www.eldigitaldeasturias.com\/noticias\/wp-content\/uploads\/2020\/12\/EDA.jpg","@id":"https:\/\/www.eldigitaldeasturias.com\/noticias\/el-kirchnerismo-niega-un-fin-anticipado-del-gobierno-no-se-ilusionen\/#organizationLogo"},"image":{"@id":"https:\/\/www.eldigitaldeasturias.com\/noticias\/el-kirchnerismo-niega-un-fin-anticipado-del-gobierno-no-se-ilusionen\/#organizationLogo"},"sameAs":["https:\/\/facebook.com\/eldigitaldeasturias","https:\/\/www.youtube.com\/channel\/UCZP-2wLEB9Rv6erhFmqVnvg"],"address":{"@id":"https:\/\/www.eldigitaldeasturias.com\/noticias\/#postaladdress","@type":"PostalAddress","streetAddress":"san antonio 4","postalCode":"33430","addressLocality":"Cand\u00e1s","addressRegion":"Asturias","addressCountry":"ES"}},{"@type":"Person","@id":"https:\/\/www.eldigitaldeasturias.com\/noticias\/author\/admin\/#author","url":"https:\/\/www.eldigitaldeasturias.com\/noticias\/author\/admin\/","name":"El Digital de Asturias","image":{"@type":"ImageObject","@id":"https:\/\/www.eldigitaldeasturias.com\/noticias\/el-kirchnerismo-niega-un-fin-anticipado-del-gobierno-no-se-ilusionen\/#authorImage","url":"https:\/\/secure.gravatar.com\/avatar\/df2aeffc32bcd13f8d26072ef8a91b623d677766deac7f97ca815868cd41bf5e?s=96&d=mm&r=g","width":96,"height":96,"caption":"El Digital de Asturias"}},{"@type":"WebPage","@id":"https:\/\/www.eldigitaldeasturias.com\/noticias\/el-kirchnerismo-niega-un-fin-anticipado-del-gobierno-no-se-ilusionen\/#webpage","url":"https:\/\/www.eldigitaldeasturias.com\/noticias\/el-kirchnerismo-niega-un-fin-anticipado-del-gobierno-no-se-ilusionen\/","name":"El Kirchnerismo niega un fin anticipado del gobierno : \u00abNo se ilusionen\u00bb - El Digital de Asturias","description":"Buenos Aires, 4 feb (dpa) - El gobierno argentino descalific\u00f3 hoy las versiones acerca de un posible fin anticipado del mandato de la presidenta Cristina Fern\u00e1ndez de Kirchner. \"No se ilusionen, no nos vamos a ir antes\", asegur\u00f3 el ministro del Interior y Transporte, Florencio Randazzo, en declaraciones a radio Rock Nacional. Descart\u00f3 as\u00ed que","inLanguage":"es-ES","isPartOf":{"@id":"https:\/\/www.eldigitaldeasturias.com\/noticias\/#website"},"breadcrumb":{"@id":"https:\/\/www.eldigitaldeasturias.com\/noticias\/el-kirchnerismo-niega-un-fin-anticipado-del-gobierno-no-se-ilusionen\/#breadcrumblist"},"author":{"@id":"https:\/\/www.eldigitaldeasturias.com\/noticias\/author\/admin\/#author"},"creator":{"@id":"https:\/\/www.eldigitaldeasturias.com\/noticias\/author\/admin\/#author"},"image":{"@type":"ImageObject","url":459962,"@id":"https:\/\/www.eldigitaldeasturias.com\/noticias\/el-kirchnerismo-niega-un-fin-anticipado-del-gobierno-no-se-ilusionen\/#mainImage"},"primaryImageOfPage":{"@id":"https:\/\/www.eldigitaldeasturias.com\/noticias\/el-kirchnerismo-niega-un-fin-anticipado-del-gobierno-no-se-ilusionen\/#mainImage"},"datePublished":"2014-02-04T22:26:41+01:00","dateModified":"2014-02-04T22:26:41+01:00"},{"@type":"WebSite","@id":"https:\/\/www.eldigitaldeasturias.com\/noticias\/#website","url":"https:\/\/www.eldigitaldeasturias.com\/noticias\/","name":"El Digital de Asturias - Diario de actualidad y noticias","alternateName":"El Digital de Asturias - Diario de actualidad y noticias","description":"Hemeroteca","inLanguage":"es-ES","publisher":{"@id":"https:\/\/www.eldigitaldeasturias.com\/noticias\/#organization"}}]},"og:locale":"es_ES","og:site_name":"El Digital de Asturias","og:type":"article","og:title":"El Kirchnerismo niega un fin anticipado del gobierno : \u00abNo se ilusionen\u00bb - El Digital de Asturias","og:description":"Buenos Aires, 4 feb (dpa) - El gobierno argentino descalific\u00f3 hoy las versiones acerca de un posible fin anticipado del mandato de la presidenta Cristina Fern\u00e1ndez de Kirchner. &quot;No se ilusionen, no nos vamos a ir antes&quot;, asegur\u00f3 el ministro del Interior y Transporte, Florencio Randazzo, en declaraciones a radio Rock Nacional. Descart\u00f3 as\u00ed que","og:url":"https:\/\/www.eldigitaldeasturias.com\/noticias\/el-kirchnerismo-niega-un-fin-anticipado-del-gobierno-no-se-ilusionen\/","article:tag":["actualidad"],"article:published_time":"2014-02-04T23:26:41+00:00","article:modified_time":"2014-02-04T23:26:41+00:00","article:publisher":"https:\/\/facebook.com\/eldigitaldeasturias","twitter:card":"summary_large_image","twitter:title":"El Kirchnerismo niega un fin anticipado del gobierno : \u00abNo se ilusionen\u00bb - El Digital de Asturias","twitter:description":"Buenos Aires, 4 feb (dpa) - El gobierno argentino descalific\u00f3 hoy las versiones acerca de un posible fin anticipado del mandato de la presidenta Cristina Fern\u00e1ndez de Kirchner. &quot;No se ilusionen, no nos vamos a ir antes&quot;, asegur\u00f3 el ministro del Interior y Transporte, Florencio Randazzo, en declaraciones a radio Rock Nacional. Descart\u00f3 as\u00ed que","twitter:label1":"Escrito por","twitter:data1":"El Digital de Asturias","twitter:label2":"Tiempo de lectura estimado","twitter:data2":"1 minuto"},"aioseo_meta_data":{"post_id":"483557","title":null,"description":null,"keywords":null,"keyphrases":null,"primary_term":null,"canonical_url":null,"og_title":null,"og_description":null,"og_object_type":"default","og_image_type":"default","og_image_url":null,"og_image_width":null,"og_image_height":null,"og_image_custom_url":null,"og_image_custom_fields":null,"og_video":null,"og_custom_url":null,"og_article_section":null,"og_article_tags":null,"twitter_use_og":true,"twitter_card":"default","twitter_image_type":"default","twitter_image_url":null,"twitter_image_custom_url":null,"twitter_image_custom_fields":null,"twitter_title":null,"twitter_description":null,"schema":{"blockGraphs":[],"customGraphs":[],"default":{"data":{"Article":[],"Course":[],"Dataset":[],"FAQPage":[],"Movie":[],"Person":[],"Product":[],"ProductReview":[],"Car":[],"Recipe":[],"Service":[],"SoftwareApplication":[],"WebPage":[]},"graphName":"","isEnabled":true},"graphs":[],"defaultGraph":"","defaultPostTypeGraph":""},"schema_type":null,"schema_type_options":null,"pillar_content":false,"robots_default":true,"robots_noindex":false,"robots_noarchive":false,"robots_nosnippet":false,"robots_nofollow":false,"robots_noimageindex":false,"robots_noodp":false,"robots_notranslate":false,"robots_max_snippet":null,"robots_max_videopreview":null,"robots_max_imagepreview":"none","priority":null,"frequency":null,"local_seo":null,"seo_analyzer_scan_date":"2026-06-02 13:13:43","breadcrumb_settings":null,"limit_modified_date":false,"open_ai":null,"ai":null,"created":"2020-11-14 22:54:46","updated":"2026-06-02 13:13:43","focus_keyword":null,"additional_keywords":null,"truseo_locale":null},"aioseo_breadcrumb":"<div class=\"aioseo-breadcrumbs\"><span class=\"aioseo-breadcrumb\">\n\t<a href=\"https:\/\/www.eldigitaldeasturias.com\/noticias\" title=\"Home\">Home<\/a>\n<\/span><span class=\"aioseo-breadcrumb-separator\">\u2013<\/span><span class=\"aioseo-breadcrumb\">\n\t<a href=\"https:\/\/www.eldigitaldeasturias.com\/noticias\/category\/actualidad\/\" title=\"Actualidad\">Actualidad<\/a>\n<\/span><span class=\"aioseo-breadcrumb-separator\">\u2013<\/span><span class=\"aioseo-breadcrumb\">\n\t<a href=\"https:\/\/www.eldigitaldeasturias.com\/noticias\/el-kirchnerismo-niega-un-fin-anticipado-del-gobierno-no-se-ilusionen\/\" title=\"El Kirchnerismo niega un fin anticipado del gobierno : \u00abNo se ilusionen\u00bb\">El Kirchnerismo niega un fin anticipado del gobierno : \u00abNo se ilusionen\u00bb<\/a>\n<\/span><\/div>","aioseo_breadcrumb_json":[{"label":"Home","link":"https:\/\/www.eldigitaldeasturias.com\/noticias"},{"label":"Actualidad","link":"https:\/\/www.eldigitaldeasturias.com\/noticias\/category\/actualidad\/"},{"label":"El Kirchnerismo niega un fin anticipado del gobierno : \u00abNo se ilusionen\u00bb","link":"https:\/\/www.eldigitaldeasturias.com\/noticias\/el-kirchnerismo-niega-un-fin-anticipado-del-gobierno-no-se-ilusionen\/"}],"_links":{"self":[{"href":"https:\/\/www.eldigitaldeasturias.com\/noticias\/wp-json\/wp\/v2\/posts\/483557","targetHints":{"allow":["GET"]}}],"collection":[{"href":"https:\/\/www.eldigitaldeasturias.com\/noticias\/wp-json\/wp\/v2\/posts"}],"about":[{"href":"https:\/\/www.eldigitaldeasturias.com\/noticias\/wp-json\/wp\/v2\/types\/post"}],"author":[{"embeddable":true,"href":"https:\/\/www.eldigitaldeasturias.com\/noticias\/wp-json\/wp\/v2\/users\/1"}],"replies":[{"embeddable":true,"href":"https:\/\/www.eldigitaldeasturias.com\/noticias\/wp-json\/wp\/v2\/comments?post=483557"}],"version-history":[{"count":0,"href":"https:\/\/www.eldigitaldeasturias.com\/noticias\/wp-json\/wp\/v2\/posts\/483557\/revisions"}],"wp:attachment":[{"href":"https:\/\/www.eldigitaldeasturias.com\/noticias\/wp-json\/wp\/v2\/media?parent=483557"}],"wp:term":[{"taxonomy":"category","embeddable":true,"href":"https:\/\/www.eldigitaldeasturias.com\/noticias\/wp-json\/wp\/v2\/categories?post=483557"},{"taxonomy":"post_tag","embeddable":true,"href":"https:\/\/www.eldigitaldeasturias.com\/noticias\/wp-json\/wp\/v2\/tags?post=483557"}],"curies":[{"name":"wp","href":"https:\/\/api.w.org\/{rel}","templated":true}]}}