{"id":483553,"date":"2014-02-04T22:00:43","date_gmt":"2014-02-04T23:00:43","guid":{"rendered":"http:\/\/www.eldigitaldeasturias.com\/noticias\/?p=483553"},"modified":"2014-02-04T23:38:53","modified_gmt":"2014-02-05T00:38:53","slug":"el-desempleo-vuelve-a-crecer-en-espana","status":"publish","type":"post","link":"https:\/\/www.eldigitaldeasturias.com\/noticias\/el-desempleo-vuelve-a-crecer-en-espana\/","title":{"rendered":"El desempleo vuelve a crecer en Espa\u00f1a"},"content":{"rendered":"<p><img loading=\"lazy\" decoding=\"async\" class=\"alignleft size-medium wp-image-483537\" alt=\"5907438w\" src=\"https:\/\/www.eldigitaldeasturias.com\/noticias\/wp-content\/uploads\/2014\/02\/5907438w-360x243.jpg\" width=\"360\" height=\"243\" \/>Madrid, 4 feb (dpa) &#8211; El n\u00famero de personas sin trabajo volvi\u00f3 a crecer en Espa\u00f1a en el mes de enero y el empleo cay\u00f3 a su nivel m\u00e1s bajo en los \u00faltimos 12 a\u00f1os, seg\u00fan los datos publicados hoy por el Ministerio de Empleo espa\u00f1ol.<\/p>\n<p>El primer mes del a\u00f1o, tradicionalmente malo para la b\u00fasqueda de trabajo tras la campa\u00f1a de Navidad, se cerr\u00f3 con 113.000 desempleados m\u00e1s que en diciembre. El n\u00famero total de personas sin trabajo asciende a 4,8 millones, seg\u00fan estos datos.<\/p>\n<p>El n\u00famero de afiliados al sistema de la seguridad social cay\u00f3 un 1,13 por ciento en enero (184.000 personas menos) y, en total, los adscritos son 16,1 millones, el nivel m\u00e1s bajo desde 2002.<\/p>\n<p>El gobierno de Mariano Rajoy conserv\u00f3 su discurso optimista y afirm\u00f3 tambi\u00e9n que el dato de desempleo es \u00absignificativamente mejor\u00bb porque \u00e9ste creci\u00f3 menos que la media de los \u00faltimos cinco a\u00f1os, lo que confirma una \u00abtendencia favorable\u00bb.<\/p>\n<p>El ministro espa\u00f1ol de Econom\u00eda, Luis de Guindos, vaticin\u00f3 hace unos d\u00edas en Bruselas que por primera vez desde el inicio de la crisis se crear\u00e1 empleo neto en Espa\u00f1a en 2014.<\/p>\n<p>El sindicato CC.OO, uno de los m\u00e1s importantes de Espa\u00f1a, advirti\u00f3 hoy de que har\u00e1n falta al menos 15 a\u00f1os para recuperar los empleos perdidos en los \u00faltimos a\u00f1os y alert\u00f3 de que aumenta el trabajo precario y disminuyen los sueldos.<\/p>\n<p>Record\u00f3 tambi\u00e9n que casi el 40 por ciento de los desempleados espa\u00f1oles no tienen ya prestaciones y que la mitad solo recibe una ayuda asistencial.<\/p>\n<p>La Encuesta de Poblaci\u00f3n Activa (EPA), considerada como el mejor indicador en materia de desempleo en Espa\u00f1a, fij\u00f3 a finales de 2013 en el 26,03 por ciento la tasa de desempleo en el pa\u00eds, con 5,89 millones de personas sin trabajo.<\/p>\n","protected":false},"excerpt":{"rendered":"<p>Madrid, 4 feb (dpa) &#8211; El n\u00famero de personas sin trabajo volvi\u00f3 a crecer en Espa\u00f1a en el mes de enero y el empleo cay\u00f3 a su nivel m\u00e1s bajo en los \u00faltimos 12 a\u00f1os, seg\u00fan los datos publicados hoy por el Ministerio de Empleo espa\u00f1ol. El primer mes del a\u00f1o, tradicionalmente malo para la [&hellip;]<\/p>\n","protected":false},"author":1,"featured_media":483537,"comment_status":"closed","ping_status":"open","sticky":false,"template":"","format":"standard","meta":{"footnotes":""},"categories":[1],"tags":[],"class_list":["post-483553","post","type-post","status-publish","format-standard","has-post-thumbnail","hentry","category-actualidad"],"aioseo_notices":[],"aioseo_head":"\n\t\t<!-- All in One SEO Pro 5.0.1 - aioseo.com -->\n\t<meta name=\"description\" content=\"Madrid, 4 feb (dpa) - El n\u00famero de personas sin trabajo volvi\u00f3 a crecer en Espa\u00f1a en el mes de enero y el empleo cay\u00f3 a su nivel m\u00e1s bajo en los \u00faltimos 12 a\u00f1os, seg\u00fan los datos publicados hoy por el Ministerio de Empleo espa\u00f1ol. El primer mes del a\u00f1o, tradicionalmente malo para la\" \/>\n\t<meta name=\"robots\" content=\"max-image-preview:large\" \/>\n\t<meta name=\"author\" content=\"El Digital de Asturias\"\/>\n\t<meta name=\"google-site-verification\" content=\"UA-38556648-1\" \/>\n\t<meta name=\"msvalidate.01\" content=\"7dfe9f3f1b24437ab69f4f2559babe99\" \/>\n\t<meta name=\"keywords\" content=\"actualidad\" \/>\n\t<link rel=\"canonical\" href=\"https:\/\/www.eldigitaldeasturias.com\/noticias\/el-desempleo-vuelve-a-crecer-en-espana\/\" \/>\n\t<meta name=\"generator\" content=\"All in One SEO Pro (AIOSEO) 5.0.1\" \/>\n\t\t<meta property=\"og:locale\" content=\"es_ES\" \/>\n\t\t<meta property=\"og:site_name\" content=\"El Digital de Asturias\" \/>\n\t\t<meta property=\"og:type\" content=\"article\" \/>\n\t\t<meta property=\"og:title\" content=\"El desempleo vuelve a crecer en Espa\u00f1a - El Digital de Asturias\" \/>\n\t\t<meta property=\"og:description\" content=\"Madrid, 4 feb (dpa) - El n\u00famero de personas sin trabajo volvi\u00f3 a crecer en Espa\u00f1a en el mes de enero y el empleo cay\u00f3 a su nivel m\u00e1s bajo en los \u00faltimos 12 a\u00f1os, seg\u00fan los datos publicados hoy por el Ministerio de Empleo espa\u00f1ol. El primer mes del a\u00f1o, tradicionalmente malo para la\" \/>\n\t\t<meta property=\"og:url\" content=\"https:\/\/www.eldigitaldeasturias.com\/noticias\/el-desempleo-vuelve-a-crecer-en-espana\/\" \/>\n\t\t<meta property=\"article:tag\" content=\"actualidad\" \/>\n\t\t<meta property=\"article:published_time\" content=\"2014-02-04T23:00:43+00:00\" \/>\n\t\t<meta property=\"article:modified_time\" content=\"2014-02-05T00:38:53+00:00\" \/>\n\t\t<meta property=\"article:publisher\" content=\"https:\/\/facebook.com\/eldigitaldeasturias\" \/>\n\t\t<meta name=\"twitter:card\" content=\"summary_large_image\" \/>\n\t\t<meta name=\"twitter:title\" content=\"El desempleo vuelve a crecer en Espa\u00f1a - El Digital de Asturias\" \/>\n\t\t<meta name=\"twitter:description\" content=\"Madrid, 4 feb (dpa) - El n\u00famero de personas sin trabajo volvi\u00f3 a crecer en Espa\u00f1a en el mes de enero y el empleo cay\u00f3 a su nivel m\u00e1s bajo en los \u00faltimos 12 a\u00f1os, seg\u00fan los datos publicados hoy por el Ministerio de Empleo espa\u00f1ol. El primer mes del a\u00f1o, tradicionalmente malo para la\" \/>\n\t\t<meta name=\"twitter:label1\" content=\"Escrito por\" \/>\n\t\t<meta name=\"twitter:data1\" content=\"El Digital de Asturias\" \/>\n\t\t<meta name=\"twitter:label2\" content=\"Tiempo de lectura estimado\" \/>\n\t\t<meta name=\"twitter:data2\" content=\"2 minutos\" \/>\n\t\t<script type=\"application\/ld+json\" class=\"aioseo-schema\">\n\t\t\t{\"@context\":\"https:\\\/\\\/schema.org\",\"@graph\":[{\"@type\":\"BlogPosting\",\"@id\":\"https:\\\/\\\/www.eldigitaldeasturias.com\\\/noticias\\\/el-desempleo-vuelve-a-crecer-en-espana\\\/#blogposting\",\"name\":\"El desempleo vuelve a crecer en Espa\\u00f1a - El Digital de Asturias\",\"headline\":\"El desempleo vuelve a crecer en Espa\\u00f1a\",\"author\":{\"@id\":\"https:\\\/\\\/www.eldigitaldeasturias.com\\\/noticias\\\/author\\\/admin\\\/#author\"},\"publisher\":{\"@id\":\"https:\\\/\\\/www.eldigitaldeasturias.com\\\/noticias\\\/#organization\"},\"image\":{\"@type\":\"ImageObject\",\"url\":483537},\"datePublished\":\"2014-02-04T22:00:43+01:00\",\"dateModified\":\"2014-02-04T23:38:53+01:00\",\"inLanguage\":\"es-ES\",\"mainEntityOfPage\":{\"@id\":\"https:\\\/\\\/www.eldigitaldeasturias.com\\\/noticias\\\/el-desempleo-vuelve-a-crecer-en-espana\\\/#webpage\"},\"isPartOf\":{\"@id\":\"https:\\\/\\\/www.eldigitaldeasturias.com\\\/noticias\\\/el-desempleo-vuelve-a-crecer-en-espana\\\/#webpage\"},\"articleSection\":\"Actualidad\"},{\"@type\":\"BreadcrumbList\",\"@id\":\"https:\\\/\\\/www.eldigitaldeasturias.com\\\/noticias\\\/el-desempleo-vuelve-a-crecer-en-espana\\\/#breadcrumblist\",\"itemListElement\":[{\"@type\":\"ListItem\",\"@id\":\"https:\\\/\\\/www.eldigitaldeasturias.com\\\/noticias#listItem\",\"position\":1,\"name\":\"Home\",\"item\":\"https:\\\/\\\/www.eldigitaldeasturias.com\\\/noticias\",\"nextItem\":{\"@type\":\"ListItem\",\"@id\":\"https:\\\/\\\/www.eldigitaldeasturias.com\\\/noticias\\\/category\\\/actualidad\\\/#listItem\",\"name\":\"Actualidad\"}},{\"@type\":\"ListItem\",\"@id\":\"https:\\\/\\\/www.eldigitaldeasturias.com\\\/noticias\\\/category\\\/actualidad\\\/#listItem\",\"position\":2,\"name\":\"Actualidad\",\"item\":\"https:\\\/\\\/www.eldigitaldeasturias.com\\\/noticias\\\/category\\\/actualidad\\\/\",\"nextItem\":{\"@type\":\"ListItem\",\"@id\":\"https:\\\/\\\/www.eldigitaldeasturias.com\\\/noticias\\\/el-desempleo-vuelve-a-crecer-en-espana\\\/#listItem\",\"name\":\"El desempleo vuelve a crecer en Espa\\u00f1a\"},\"previousItem\":{\"@type\":\"ListItem\",\"@id\":\"https:\\\/\\\/www.eldigitaldeasturias.com\\\/noticias#listItem\",\"name\":\"Home\"}},{\"@type\":\"ListItem\",\"@id\":\"https:\\\/\\\/www.eldigitaldeasturias.com\\\/noticias\\\/el-desempleo-vuelve-a-crecer-en-espana\\\/#listItem\",\"position\":3,\"name\":\"El desempleo vuelve a crecer en Espa\\u00f1a\",\"previousItem\":{\"@type\":\"ListItem\",\"@id\":\"https:\\\/\\\/www.eldigitaldeasturias.com\\\/noticias\\\/category\\\/actualidad\\\/#listItem\",\"name\":\"Actualidad\"}}]},{\"@type\":\"Organization\",\"@id\":\"https:\\\/\\\/www.eldigitaldeasturias.com\\\/noticias\\\/#organization\",\"name\":\"El Digital de Asturias\",\"description\":\"Hemeroteca\",\"url\":\"https:\\\/\\\/www.eldigitaldeasturias.com\\\/noticias\\\/\",\"email\":\"info@eldigitaldeasturias.com\",\"telephone\":\"+34652131393\",\"logo\":{\"@type\":\"ImageObject\",\"url\":\"https:\\\/\\\/www.eldigitaldeasturias.com\\\/noticias\\\/wp-content\\\/uploads\\\/2020\\\/12\\\/EDA.jpg\",\"@id\":\"https:\\\/\\\/www.eldigitaldeasturias.com\\\/noticias\\\/el-desempleo-vuelve-a-crecer-en-espana\\\/#organizationLogo\"},\"image\":{\"@id\":\"https:\\\/\\\/www.eldigitaldeasturias.com\\\/noticias\\\/el-desempleo-vuelve-a-crecer-en-espana\\\/#organizationLogo\"},\"sameAs\":[\"https:\\\/\\\/facebook.com\\\/eldigitaldeasturias\",\"https:\\\/\\\/www.youtube.com\\\/channel\\\/UCZP-2wLEB9Rv6erhFmqVnvg\"],\"address\":{\"@id\":\"https:\\\/\\\/www.eldigitaldeasturias.com\\\/noticias\\\/#postaladdress\",\"@type\":\"PostalAddress\",\"streetAddress\":\"san antonio 4\",\"postalCode\":\"33430\",\"addressLocality\":\"Cand\\u00e1s\",\"addressRegion\":\"Asturias\",\"addressCountry\":\"ES\"}},{\"@type\":\"Person\",\"@id\":\"https:\\\/\\\/www.eldigitaldeasturias.com\\\/noticias\\\/author\\\/admin\\\/#author\",\"url\":\"https:\\\/\\\/www.eldigitaldeasturias.com\\\/noticias\\\/author\\\/admin\\\/\",\"name\":\"El Digital de Asturias\",\"image\":{\"@type\":\"ImageObject\",\"@id\":\"https:\\\/\\\/www.eldigitaldeasturias.com\\\/noticias\\\/el-desempleo-vuelve-a-crecer-en-espana\\\/#authorImage\",\"url\":\"https:\\\/\\\/secure.gravatar.com\\\/avatar\\\/df2aeffc32bcd13f8d26072ef8a91b623d677766deac7f97ca815868cd41bf5e?s=96&d=mm&r=g\",\"width\":96,\"height\":96,\"caption\":\"El Digital de Asturias\"}},{\"@type\":\"WebPage\",\"@id\":\"https:\\\/\\\/www.eldigitaldeasturias.com\\\/noticias\\\/el-desempleo-vuelve-a-crecer-en-espana\\\/#webpage\",\"url\":\"https:\\\/\\\/www.eldigitaldeasturias.com\\\/noticias\\\/el-desempleo-vuelve-a-crecer-en-espana\\\/\",\"name\":\"El desempleo vuelve a crecer en Espa\\u00f1a - El Digital de Asturias\",\"description\":\"Madrid, 4 feb (dpa) - El n\\u00famero de personas sin trabajo volvi\\u00f3 a crecer en Espa\\u00f1a en el mes de enero y el empleo cay\\u00f3 a su nivel m\\u00e1s bajo en los \\u00faltimos 12 a\\u00f1os, seg\\u00fan los datos publicados hoy por el Ministerio de Empleo espa\\u00f1ol. El primer mes del a\\u00f1o, tradicionalmente malo para la\",\"inLanguage\":\"es-ES\",\"isPartOf\":{\"@id\":\"https:\\\/\\\/www.eldigitaldeasturias.com\\\/noticias\\\/#website\"},\"breadcrumb\":{\"@id\":\"https:\\\/\\\/www.eldigitaldeasturias.com\\\/noticias\\\/el-desempleo-vuelve-a-crecer-en-espana\\\/#breadcrumblist\"},\"author\":{\"@id\":\"https:\\\/\\\/www.eldigitaldeasturias.com\\\/noticias\\\/author\\\/admin\\\/#author\"},\"creator\":{\"@id\":\"https:\\\/\\\/www.eldigitaldeasturias.com\\\/noticias\\\/author\\\/admin\\\/#author\"},\"image\":{\"@type\":\"ImageObject\",\"url\":483537,\"@id\":\"https:\\\/\\\/www.eldigitaldeasturias.com\\\/noticias\\\/el-desempleo-vuelve-a-crecer-en-espana\\\/#mainImage\"},\"primaryImageOfPage\":{\"@id\":\"https:\\\/\\\/www.eldigitaldeasturias.com\\\/noticias\\\/el-desempleo-vuelve-a-crecer-en-espana\\\/#mainImage\"},\"datePublished\":\"2014-02-04T22:00:43+01:00\",\"dateModified\":\"2014-02-04T23:38:53+01:00\"},{\"@type\":\"WebSite\",\"@id\":\"https:\\\/\\\/www.eldigitaldeasturias.com\\\/noticias\\\/#website\",\"url\":\"https:\\\/\\\/www.eldigitaldeasturias.com\\\/noticias\\\/\",\"name\":\"El Digital de Asturias - Diario de actualidad y noticias\",\"alternateName\":\"El Digital de Asturias - Diario de actualidad y noticias\",\"description\":\"Hemeroteca\",\"inLanguage\":\"es-ES\",\"publisher\":{\"@id\":\"https:\\\/\\\/www.eldigitaldeasturias.com\\\/noticias\\\/#organization\"}}]}\n\t\t<\/script>\n\t\t<!-- All in One SEO Pro -->\r\n\t\t<title>El desempleo vuelve a crecer en Espa\u00f1a - El Digital de Asturias<\/title>\n\n","aioseo_head_json":{"title":"El desempleo vuelve a crecer en Espa\u00f1a - El Digital de Asturias","description":"Madrid, 4 feb (dpa) - El n\u00famero de personas sin trabajo volvi\u00f3 a crecer en Espa\u00f1a en el mes de enero y el empleo cay\u00f3 a su nivel m\u00e1s bajo en los \u00faltimos 12 a\u00f1os, seg\u00fan los datos publicados hoy por el Ministerio de Empleo espa\u00f1ol. El primer mes del a\u00f1o, tradicionalmente malo para la","canonical_url":"https:\/\/www.eldigitaldeasturias.com\/noticias\/el-desempleo-vuelve-a-crecer-en-espana\/","robots":"max-image-preview:large","keywords":"actualidad","webmasterTools":{"google-site-verification":"UA-38556648-1","msvalidate.01":"7dfe9f3f1b24437ab69f4f2559babe99","miscellaneous":""},"schema":{"@context":"https:\/\/schema.org","@graph":[{"@type":"BlogPosting","@id":"https:\/\/www.eldigitaldeasturias.com\/noticias\/el-desempleo-vuelve-a-crecer-en-espana\/#blogposting","name":"El desempleo vuelve a crecer en Espa\u00f1a - El Digital de Asturias","headline":"El desempleo vuelve a crecer en Espa\u00f1a","author":{"@id":"https:\/\/www.eldigitaldeasturias.com\/noticias\/author\/admin\/#author"},"publisher":{"@id":"https:\/\/www.eldigitaldeasturias.com\/noticias\/#organization"},"image":{"@type":"ImageObject","url":483537},"datePublished":"2014-02-04T22:00:43+01:00","dateModified":"2014-02-04T23:38:53+01:00","inLanguage":"es-ES","mainEntityOfPage":{"@id":"https:\/\/www.eldigitaldeasturias.com\/noticias\/el-desempleo-vuelve-a-crecer-en-espana\/#webpage"},"isPartOf":{"@id":"https:\/\/www.eldigitaldeasturias.com\/noticias\/el-desempleo-vuelve-a-crecer-en-espana\/#webpage"},"articleSection":"Actualidad"},{"@type":"BreadcrumbList","@id":"https:\/\/www.eldigitaldeasturias.com\/noticias\/el-desempleo-vuelve-a-crecer-en-espana\/#breadcrumblist","itemListElement":[{"@type":"ListItem","@id":"https:\/\/www.eldigitaldeasturias.com\/noticias#listItem","position":1,"name":"Home","item":"https:\/\/www.eldigitaldeasturias.com\/noticias","nextItem":{"@type":"ListItem","@id":"https:\/\/www.eldigitaldeasturias.com\/noticias\/category\/actualidad\/#listItem","name":"Actualidad"}},{"@type":"ListItem","@id":"https:\/\/www.eldigitaldeasturias.com\/noticias\/category\/actualidad\/#listItem","position":2,"name":"Actualidad","item":"https:\/\/www.eldigitaldeasturias.com\/noticias\/category\/actualidad\/","nextItem":{"@type":"ListItem","@id":"https:\/\/www.eldigitaldeasturias.com\/noticias\/el-desempleo-vuelve-a-crecer-en-espana\/#listItem","name":"El desempleo vuelve a crecer en Espa\u00f1a"},"previousItem":{"@type":"ListItem","@id":"https:\/\/www.eldigitaldeasturias.com\/noticias#listItem","name":"Home"}},{"@type":"ListItem","@id":"https:\/\/www.eldigitaldeasturias.com\/noticias\/el-desempleo-vuelve-a-crecer-en-espana\/#listItem","position":3,"name":"El desempleo vuelve a crecer en Espa\u00f1a","previousItem":{"@type":"ListItem","@id":"https:\/\/www.eldigitaldeasturias.com\/noticias\/category\/actualidad\/#listItem","name":"Actualidad"}}]},{"@type":"Organization","@id":"https:\/\/www.eldigitaldeasturias.com\/noticias\/#organization","name":"El Digital de Asturias","description":"Hemeroteca","url":"https:\/\/www.eldigitaldeasturias.com\/noticias\/","email":"info@eldigitaldeasturias.com","telephone":"+34652131393","logo":{"@type":"ImageObject","url":"https:\/\/www.eldigitaldeasturias.com\/noticias\/wp-content\/uploads\/2020\/12\/EDA.jpg","@id":"https:\/\/www.eldigitaldeasturias.com\/noticias\/el-desempleo-vuelve-a-crecer-en-espana\/#organizationLogo"},"image":{"@id":"https:\/\/www.eldigitaldeasturias.com\/noticias\/el-desempleo-vuelve-a-crecer-en-espana\/#organizationLogo"},"sameAs":["https:\/\/facebook.com\/eldigitaldeasturias","https:\/\/www.youtube.com\/channel\/UCZP-2wLEB9Rv6erhFmqVnvg"],"address":{"@id":"https:\/\/www.eldigitaldeasturias.com\/noticias\/#postaladdress","@type":"PostalAddress","streetAddress":"san antonio 4","postalCode":"33430","addressLocality":"Cand\u00e1s","addressRegion":"Asturias","addressCountry":"ES"}},{"@type":"Person","@id":"https:\/\/www.eldigitaldeasturias.com\/noticias\/author\/admin\/#author","url":"https:\/\/www.eldigitaldeasturias.com\/noticias\/author\/admin\/","name":"El Digital de Asturias","image":{"@type":"ImageObject","@id":"https:\/\/www.eldigitaldeasturias.com\/noticias\/el-desempleo-vuelve-a-crecer-en-espana\/#authorImage","url":"https:\/\/secure.gravatar.com\/avatar\/df2aeffc32bcd13f8d26072ef8a91b623d677766deac7f97ca815868cd41bf5e?s=96&d=mm&r=g","width":96,"height":96,"caption":"El Digital de Asturias"}},{"@type":"WebPage","@id":"https:\/\/www.eldigitaldeasturias.com\/noticias\/el-desempleo-vuelve-a-crecer-en-espana\/#webpage","url":"https:\/\/www.eldigitaldeasturias.com\/noticias\/el-desempleo-vuelve-a-crecer-en-espana\/","name":"El desempleo vuelve a crecer en Espa\u00f1a - El Digital de Asturias","description":"Madrid, 4 feb (dpa) - El n\u00famero de personas sin trabajo volvi\u00f3 a crecer en Espa\u00f1a en el mes de enero y el empleo cay\u00f3 a su nivel m\u00e1s bajo en los \u00faltimos 12 a\u00f1os, seg\u00fan los datos publicados hoy por el Ministerio de Empleo espa\u00f1ol. El primer mes del a\u00f1o, tradicionalmente malo para la","inLanguage":"es-ES","isPartOf":{"@id":"https:\/\/www.eldigitaldeasturias.com\/noticias\/#website"},"breadcrumb":{"@id":"https:\/\/www.eldigitaldeasturias.com\/noticias\/el-desempleo-vuelve-a-crecer-en-espana\/#breadcrumblist"},"author":{"@id":"https:\/\/www.eldigitaldeasturias.com\/noticias\/author\/admin\/#author"},"creator":{"@id":"https:\/\/www.eldigitaldeasturias.com\/noticias\/author\/admin\/#author"},"image":{"@type":"ImageObject","url":483537,"@id":"https:\/\/www.eldigitaldeasturias.com\/noticias\/el-desempleo-vuelve-a-crecer-en-espana\/#mainImage"},"primaryImageOfPage":{"@id":"https:\/\/www.eldigitaldeasturias.com\/noticias\/el-desempleo-vuelve-a-crecer-en-espana\/#mainImage"},"datePublished":"2014-02-04T22:00:43+01:00","dateModified":"2014-02-04T23:38:53+01:00"},{"@type":"WebSite","@id":"https:\/\/www.eldigitaldeasturias.com\/noticias\/#website","url":"https:\/\/www.eldigitaldeasturias.com\/noticias\/","name":"El Digital de Asturias - Diario de actualidad y noticias","alternateName":"El Digital de Asturias - Diario de actualidad y noticias","description":"Hemeroteca","inLanguage":"es-ES","publisher":{"@id":"https:\/\/www.eldigitaldeasturias.com\/noticias\/#organization"}}]},"og:locale":"es_ES","og:site_name":"El Digital de Asturias","og:type":"article","og:title":"El desempleo vuelve a crecer en Espa\u00f1a - El Digital de Asturias","og:description":"Madrid, 4 feb (dpa) - El n\u00famero de personas sin trabajo volvi\u00f3 a crecer en Espa\u00f1a en el mes de enero y el empleo cay\u00f3 a su nivel m\u00e1s bajo en los \u00faltimos 12 a\u00f1os, seg\u00fan los datos publicados hoy por el Ministerio de Empleo espa\u00f1ol. El primer mes del a\u00f1o, tradicionalmente malo para la","og:url":"https:\/\/www.eldigitaldeasturias.com\/noticias\/el-desempleo-vuelve-a-crecer-en-espana\/","article:tag":["actualidad"],"article:published_time":"2014-02-04T23:00:43+00:00","article:modified_time":"2014-02-05T00:38:53+00:00","article:publisher":"https:\/\/facebook.com\/eldigitaldeasturias","twitter:card":"summary_large_image","twitter:title":"El desempleo vuelve a crecer en Espa\u00f1a - El Digital de Asturias","twitter:description":"Madrid, 4 feb (dpa) - El n\u00famero de personas sin trabajo volvi\u00f3 a crecer en Espa\u00f1a en el mes de enero y el empleo cay\u00f3 a su nivel m\u00e1s bajo en los \u00faltimos 12 a\u00f1os, seg\u00fan los datos publicados hoy por el Ministerio de Empleo espa\u00f1ol. El primer mes del a\u00f1o, tradicionalmente malo para la","twitter:label1":"Escrito por","twitter:data1":"El Digital de Asturias","twitter:label2":"Tiempo de lectura estimado","twitter:data2":"2 minutos"},"aioseo_meta_data":{"post_id":"483553","title":null,"description":null,"keywords":null,"keyphrases":null,"primary_term":null,"canonical_url":null,"og_title":null,"og_description":null,"og_object_type":"default","og_image_type":"default","og_image_url":null,"og_image_width":null,"og_image_height":null,"og_image_custom_url":null,"og_image_custom_fields":null,"og_video":null,"og_custom_url":null,"og_article_section":null,"og_article_tags":null,"twitter_use_og":true,"twitter_card":"default","twitter_image_type":"default","twitter_image_url":null,"twitter_image_custom_url":null,"twitter_image_custom_fields":null,"twitter_title":null,"twitter_description":null,"schema":{"blockGraphs":[],"customGraphs":[],"default":{"data":{"Article":[],"Course":[],"Dataset":[],"FAQPage":[],"Movie":[],"Person":[],"Product":[],"ProductReview":[],"Car":[],"Recipe":[],"Service":[],"SoftwareApplication":[],"WebPage":[]},"graphName":"","isEnabled":true},"graphs":[],"defaultGraph":"","defaultPostTypeGraph":""},"schema_type":null,"schema_type_options":null,"pillar_content":false,"robots_default":true,"robots_noindex":false,"robots_noarchive":false,"robots_nosnippet":false,"robots_nofollow":false,"robots_noimageindex":false,"robots_noodp":false,"robots_notranslate":false,"robots_max_snippet":null,"robots_max_videopreview":null,"robots_max_imagepreview":"none","priority":null,"frequency":null,"local_seo":null,"seo_analyzer_scan_date":"2026-06-02 13:11:47","breadcrumb_settings":null,"limit_modified_date":false,"open_ai":null,"ai":null,"created":"2020-11-14 22:54:46","updated":"2026-06-02 13:11:47","focus_keyword":null,"additional_keywords":null,"truseo_locale":null},"aioseo_breadcrumb":"<div class=\"aioseo-breadcrumbs\"><span class=\"aioseo-breadcrumb\">\n\t<a href=\"https:\/\/www.eldigitaldeasturias.com\/noticias\" title=\"Home\">Home<\/a>\n<\/span><span class=\"aioseo-breadcrumb-separator\">\u2013<\/span><span class=\"aioseo-breadcrumb\">\n\t<a href=\"https:\/\/www.eldigitaldeasturias.com\/noticias\/category\/actualidad\/\" title=\"Actualidad\">Actualidad<\/a>\n<\/span><span class=\"aioseo-breadcrumb-separator\">\u2013<\/span><span class=\"aioseo-breadcrumb\">\n\t<a href=\"https:\/\/www.eldigitaldeasturias.com\/noticias\/el-desempleo-vuelve-a-crecer-en-espana\/\" title=\"El desempleo vuelve a crecer en Espa\u00f1a\">El desempleo vuelve a crecer en Espa\u00f1a<\/a>\n<\/span><\/div>","aioseo_breadcrumb_json":[{"label":"Home","link":"https:\/\/www.eldigitaldeasturias.com\/noticias"},{"label":"Actualidad","link":"https:\/\/www.eldigitaldeasturias.com\/noticias\/category\/actualidad\/"},{"label":"El desempleo vuelve a crecer en Espa\u00f1a","link":"https:\/\/www.eldigitaldeasturias.com\/noticias\/el-desempleo-vuelve-a-crecer-en-espana\/"}],"_links":{"self":[{"href":"https:\/\/www.eldigitaldeasturias.com\/noticias\/wp-json\/wp\/v2\/posts\/483553","targetHints":{"allow":["GET"]}}],"collection":[{"href":"https:\/\/www.eldigitaldeasturias.com\/noticias\/wp-json\/wp\/v2\/posts"}],"about":[{"href":"https:\/\/www.eldigitaldeasturias.com\/noticias\/wp-json\/wp\/v2\/types\/post"}],"author":[{"embeddable":true,"href":"https:\/\/www.eldigitaldeasturias.com\/noticias\/wp-json\/wp\/v2\/users\/1"}],"replies":[{"embeddable":true,"href":"https:\/\/www.eldigitaldeasturias.com\/noticias\/wp-json\/wp\/v2\/comments?post=483553"}],"version-history":[{"count":0,"href":"https:\/\/www.eldigitaldeasturias.com\/noticias\/wp-json\/wp\/v2\/posts\/483553\/revisions"}],"wp:attachment":[{"href":"https:\/\/www.eldigitaldeasturias.com\/noticias\/wp-json\/wp\/v2\/media?parent=483553"}],"wp:term":[{"taxonomy":"category","embeddable":true,"href":"https:\/\/www.eldigitaldeasturias.com\/noticias\/wp-json\/wp\/v2\/categories?post=483553"},{"taxonomy":"post_tag","embeddable":true,"href":"https:\/\/www.eldigitaldeasturias.com\/noticias\/wp-json\/wp\/v2\/tags?post=483553"}],"curies":[{"name":"wp","href":"https:\/\/api.w.org\/{rel}","templated":true}]}}