{"id":483518,"date":"2014-02-04T21:22:59","date_gmt":"2014-02-04T22:22:59","guid":{"rendered":"http:\/\/www.eldigitaldeasturias.com\/noticias\/?p=483518"},"modified":"2014-02-04T21:22:59","modified_gmt":"2014-02-04T22:22:59","slug":"morenes-recibe-con-honores-de-ordenanza-a-su-homologa-de-sudafrica","status":"publish","type":"post","link":"https:\/\/www.eldigitaldeasturias.com\/noticias\/morenes-recibe-con-honores-de-ordenanza-a-su-homologa-de-sudafrica\/","title":{"rendered":"Moren\u00e9s recibe con honores de ordenanza a su hom\u00f3loga de Sud\u00e1frica"},"content":{"rendered":"<p><img loading=\"lazy\" decoding=\"async\" class=\"alignleft size-medium wp-image-483519\" alt=\"5908105w\" src=\"https:\/\/www.eldigitaldeasturias.com\/noticias\/wp-content\/uploads\/2014\/02\/5908105w-360x210.jpg\" width=\"360\" height=\"210\" \/>Madrid, 4 feb (EFE).- El ministro de Defensa, Pedro Moren\u00e9s, ha recibido hoy con honores de ordenanza a su hom\u00f3loga de la Rep\u00fablica de Sud\u00e1frica, Nosiviwe N. Mapisa-Nqakula, en un acto que cierra su viaje oficial a Espa\u00f1a en el que ha visitado la factor\u00eda de Airbus Military en Sevilla, y las sedes de Indra y Navantia en Madrid.<\/p>\n<p>Seg\u00fan informa Defensa, la ministra sudafricana, acompa\u00f1ada por veteranos de guerra de este pa\u00eds, ha llegado a la sede del Ministerio, donde ha sido recibidos por Moren\u00e9s.<\/p>\n<p>Ambos ministros, junto a sus respectivas delegaciones, se han reunido para tratar asuntos de car\u00e1cter bilateral, centrados en la cooperaci\u00f3n industrial y tecnol\u00f3gica, y para intercambiar puntos de vista sobre cuestiones estrat\u00e9gicas de inter\u00e9s mutuo, como los conflictos del Sahel y \u00c1frica Central, as\u00ed como la lucha contra la pirater\u00eda en el Indico.<\/p>\n<p>Esta reuni\u00f3n culmina el viaje que la ministra sudafricana est\u00e1 realizando a Espa\u00f1a, por invitaci\u00f3n de Moren\u00e9s, durante el cual visit\u00f3 ayer la factor\u00eda de Airbus Military en San Pablo (Sevilla), en la que se le mostraron las cadenas de montaje de los aviones de transporte A-400, C-295 y C-235.<\/p>\n<p>Por la tarde, la ministra sudafricana fue recibida en la sede de Indra en Madrid, donde se le inform\u00f3 sobre los sistemas electr\u00f3nicos de control de fronteras elaborados por dicha empresa.<\/p>\n<p>Antes de acudir esta ma\u00f1ana al Ministerio de Defensa, la delegaci\u00f3n sudafricana ha visitado la sede de Navantia en Madrid, donde se le han presentado los proyectos con los que esta empresa concursa para proveer de nuevos patrulleros y de un buque oceanogr\u00e1fico a la Marina sudafricana, seg\u00fan Defensa.<\/p>\n<p>Para el departamento de Moren\u00e9s, el viaje de la ministra sudafricana a Espa\u00f1a representa una reactivaci\u00f3n de alto nivel de los contactos bilaterales celebrados desde que los gobiernos de ambos pa\u00edses suscribieron un acuerdo de cooperaci\u00f3n en materia de Defensa en abril de 2007, tras una relaci\u00f3n iniciada diez a\u00f1os antes de llegar a dicho acuerdo.<\/p>\n","protected":false},"excerpt":{"rendered":"<p>Madrid, 4 feb (EFE).- El ministro de Defensa, Pedro Moren\u00e9s, ha recibido hoy con honores de ordenanza a su hom\u00f3loga de la Rep\u00fablica de Sud\u00e1frica, Nosiviwe N. Mapisa-Nqakula, en un acto que cierra su viaje oficial a Espa\u00f1a en el que ha visitado la factor\u00eda de Airbus Military en Sevilla, y las sedes de Indra [&hellip;]<\/p>\n","protected":false},"author":1,"featured_media":483519,"comment_status":"closed","ping_status":"open","sticky":false,"template":"","format":"standard","meta":{"footnotes":""},"categories":[1],"tags":[],"class_list":["post-483518","post","type-post","status-publish","format-standard","has-post-thumbnail","hentry","category-actualidad"],"aioseo_notices":[],"aioseo_head":"\n\t\t<!-- All in One SEO Pro 5.0.1 - aioseo.com -->\n\t<meta name=\"description\" content=\"Madrid, 4 feb (EFE).- El ministro de Defensa, Pedro Moren\u00e9s, ha recibido hoy con honores de ordenanza a su hom\u00f3loga de la Rep\u00fablica de Sud\u00e1frica, Nosiviwe N. Mapisa-Nqakula, en un acto que cierra su viaje oficial a Espa\u00f1a en el que ha visitado la factor\u00eda de Airbus Military en Sevilla, y las sedes de Indra\" \/>\n\t<meta name=\"robots\" content=\"max-image-preview:large\" \/>\n\t<meta name=\"author\" content=\"El Digital de Asturias\"\/>\n\t<meta name=\"google-site-verification\" content=\"UA-38556648-1\" \/>\n\t<meta name=\"msvalidate.01\" content=\"7dfe9f3f1b24437ab69f4f2559babe99\" \/>\n\t<meta name=\"keywords\" content=\"actualidad\" \/>\n\t<link rel=\"canonical\" href=\"https:\/\/www.eldigitaldeasturias.com\/noticias\/morenes-recibe-con-honores-de-ordenanza-a-su-homologa-de-sudafrica\/\" \/>\n\t<meta name=\"generator\" content=\"All in One SEO Pro (AIOSEO) 5.0.1\" \/>\n\t\t<meta property=\"og:locale\" content=\"es_ES\" \/>\n\t\t<meta property=\"og:site_name\" content=\"El Digital de Asturias\" \/>\n\t\t<meta property=\"og:type\" content=\"article\" \/>\n\t\t<meta property=\"og:title\" content=\"Moren\u00e9s recibe con honores de ordenanza a su hom\u00f3loga de Sud\u00e1frica - El Digital de Asturias\" \/>\n\t\t<meta property=\"og:description\" content=\"Madrid, 4 feb (EFE).- El ministro de Defensa, Pedro Moren\u00e9s, ha recibido hoy con honores de ordenanza a su hom\u00f3loga de la Rep\u00fablica de Sud\u00e1frica, Nosiviwe N. Mapisa-Nqakula, en un acto que cierra su viaje oficial a Espa\u00f1a en el que ha visitado la factor\u00eda de Airbus Military en Sevilla, y las sedes de Indra\" \/>\n\t\t<meta property=\"og:url\" content=\"https:\/\/www.eldigitaldeasturias.com\/noticias\/morenes-recibe-con-honores-de-ordenanza-a-su-homologa-de-sudafrica\/\" \/>\n\t\t<meta property=\"article:tag\" content=\"actualidad\" \/>\n\t\t<meta property=\"article:published_time\" content=\"2014-02-04T22:22:59+00:00\" \/>\n\t\t<meta property=\"article:modified_time\" content=\"2014-02-04T22:22:59+00:00\" \/>\n\t\t<meta property=\"article:publisher\" content=\"https:\/\/facebook.com\/eldigitaldeasturias\" \/>\n\t\t<meta name=\"twitter:card\" content=\"summary_large_image\" \/>\n\t\t<meta name=\"twitter:title\" content=\"Moren\u00e9s recibe con honores de ordenanza a su hom\u00f3loga de Sud\u00e1frica - El Digital de Asturias\" \/>\n\t\t<meta name=\"twitter:description\" content=\"Madrid, 4 feb (EFE).- El ministro de Defensa, Pedro Moren\u00e9s, ha recibido hoy con honores de ordenanza a su hom\u00f3loga de la Rep\u00fablica de Sud\u00e1frica, Nosiviwe N. Mapisa-Nqakula, en un acto que cierra su viaje oficial a Espa\u00f1a en el que ha visitado la factor\u00eda de Airbus Military en Sevilla, y las sedes de Indra\" \/>\n\t\t<meta name=\"twitter:label1\" content=\"Escrito por\" \/>\n\t\t<meta name=\"twitter:data1\" content=\"El Digital de Asturias\" \/>\n\t\t<meta name=\"twitter:label2\" content=\"Tiempo de lectura estimado\" \/>\n\t\t<meta name=\"twitter:data2\" content=\"2 minutos\" \/>\n\t\t<script type=\"application\/ld+json\" class=\"aioseo-schema\">\n\t\t\t{\"@context\":\"https:\\\/\\\/schema.org\",\"@graph\":[{\"@type\":\"BlogPosting\",\"@id\":\"https:\\\/\\\/www.eldigitaldeasturias.com\\\/noticias\\\/morenes-recibe-con-honores-de-ordenanza-a-su-homologa-de-sudafrica\\\/#blogposting\",\"name\":\"Moren\\u00e9s recibe con honores de ordenanza a su hom\\u00f3loga de Sud\\u00e1frica - El Digital de Asturias\",\"headline\":\"Moren\\u00e9s recibe con honores de ordenanza a su hom\\u00f3loga de Sud\\u00e1frica\",\"author\":{\"@id\":\"https:\\\/\\\/www.eldigitaldeasturias.com\\\/noticias\\\/author\\\/admin\\\/#author\"},\"publisher\":{\"@id\":\"https:\\\/\\\/www.eldigitaldeasturias.com\\\/noticias\\\/#organization\"},\"image\":{\"@type\":\"ImageObject\",\"url\":483519},\"datePublished\":\"2014-02-04T21:22:59+01:00\",\"dateModified\":\"2014-02-04T21:22:59+01:00\",\"inLanguage\":\"es-ES\",\"mainEntityOfPage\":{\"@id\":\"https:\\\/\\\/www.eldigitaldeasturias.com\\\/noticias\\\/morenes-recibe-con-honores-de-ordenanza-a-su-homologa-de-sudafrica\\\/#webpage\"},\"isPartOf\":{\"@id\":\"https:\\\/\\\/www.eldigitaldeasturias.com\\\/noticias\\\/morenes-recibe-con-honores-de-ordenanza-a-su-homologa-de-sudafrica\\\/#webpage\"},\"articleSection\":\"Actualidad\"},{\"@type\":\"BreadcrumbList\",\"@id\":\"https:\\\/\\\/www.eldigitaldeasturias.com\\\/noticias\\\/morenes-recibe-con-honores-de-ordenanza-a-su-homologa-de-sudafrica\\\/#breadcrumblist\",\"itemListElement\":[{\"@type\":\"ListItem\",\"@id\":\"https:\\\/\\\/www.eldigitaldeasturias.com\\\/noticias#listItem\",\"position\":1,\"name\":\"Home\",\"item\":\"https:\\\/\\\/www.eldigitaldeasturias.com\\\/noticias\",\"nextItem\":{\"@type\":\"ListItem\",\"@id\":\"https:\\\/\\\/www.eldigitaldeasturias.com\\\/noticias\\\/category\\\/actualidad\\\/#listItem\",\"name\":\"Actualidad\"}},{\"@type\":\"ListItem\",\"@id\":\"https:\\\/\\\/www.eldigitaldeasturias.com\\\/noticias\\\/category\\\/actualidad\\\/#listItem\",\"position\":2,\"name\":\"Actualidad\",\"item\":\"https:\\\/\\\/www.eldigitaldeasturias.com\\\/noticias\\\/category\\\/actualidad\\\/\",\"nextItem\":{\"@type\":\"ListItem\",\"@id\":\"https:\\\/\\\/www.eldigitaldeasturias.com\\\/noticias\\\/morenes-recibe-con-honores-de-ordenanza-a-su-homologa-de-sudafrica\\\/#listItem\",\"name\":\"Moren\\u00e9s recibe con honores de ordenanza a su hom\\u00f3loga de Sud\\u00e1frica\"},\"previousItem\":{\"@type\":\"ListItem\",\"@id\":\"https:\\\/\\\/www.eldigitaldeasturias.com\\\/noticias#listItem\",\"name\":\"Home\"}},{\"@type\":\"ListItem\",\"@id\":\"https:\\\/\\\/www.eldigitaldeasturias.com\\\/noticias\\\/morenes-recibe-con-honores-de-ordenanza-a-su-homologa-de-sudafrica\\\/#listItem\",\"position\":3,\"name\":\"Moren\\u00e9s recibe con honores de ordenanza a su hom\\u00f3loga de Sud\\u00e1frica\",\"previousItem\":{\"@type\":\"ListItem\",\"@id\":\"https:\\\/\\\/www.eldigitaldeasturias.com\\\/noticias\\\/category\\\/actualidad\\\/#listItem\",\"name\":\"Actualidad\"}}]},{\"@type\":\"Organization\",\"@id\":\"https:\\\/\\\/www.eldigitaldeasturias.com\\\/noticias\\\/#organization\",\"name\":\"El Digital de Asturias\",\"description\":\"Hemeroteca\",\"url\":\"https:\\\/\\\/www.eldigitaldeasturias.com\\\/noticias\\\/\",\"email\":\"info@eldigitaldeasturias.com\",\"telephone\":\"+34652131393\",\"logo\":{\"@type\":\"ImageObject\",\"url\":\"https:\\\/\\\/www.eldigitaldeasturias.com\\\/noticias\\\/wp-content\\\/uploads\\\/2020\\\/12\\\/EDA.jpg\",\"@id\":\"https:\\\/\\\/www.eldigitaldeasturias.com\\\/noticias\\\/morenes-recibe-con-honores-de-ordenanza-a-su-homologa-de-sudafrica\\\/#organizationLogo\"},\"image\":{\"@id\":\"https:\\\/\\\/www.eldigitaldeasturias.com\\\/noticias\\\/morenes-recibe-con-honores-de-ordenanza-a-su-homologa-de-sudafrica\\\/#organizationLogo\"},\"sameAs\":[\"https:\\\/\\\/facebook.com\\\/eldigitaldeasturias\",\"https:\\\/\\\/www.youtube.com\\\/channel\\\/UCZP-2wLEB9Rv6erhFmqVnvg\"],\"address\":{\"@id\":\"https:\\\/\\\/www.eldigitaldeasturias.com\\\/noticias\\\/#postaladdress\",\"@type\":\"PostalAddress\",\"streetAddress\":\"san antonio 4\",\"postalCode\":\"33430\",\"addressLocality\":\"Cand\\u00e1s\",\"addressRegion\":\"Asturias\",\"addressCountry\":\"ES\"}},{\"@type\":\"Person\",\"@id\":\"https:\\\/\\\/www.eldigitaldeasturias.com\\\/noticias\\\/author\\\/admin\\\/#author\",\"url\":\"https:\\\/\\\/www.eldigitaldeasturias.com\\\/noticias\\\/author\\\/admin\\\/\",\"name\":\"El Digital de Asturias\",\"image\":{\"@type\":\"ImageObject\",\"@id\":\"https:\\\/\\\/www.eldigitaldeasturias.com\\\/noticias\\\/morenes-recibe-con-honores-de-ordenanza-a-su-homologa-de-sudafrica\\\/#authorImage\",\"url\":\"https:\\\/\\\/secure.gravatar.com\\\/avatar\\\/df2aeffc32bcd13f8d26072ef8a91b623d677766deac7f97ca815868cd41bf5e?s=96&d=mm&r=g\",\"width\":96,\"height\":96,\"caption\":\"El Digital de Asturias\"}},{\"@type\":\"WebPage\",\"@id\":\"https:\\\/\\\/www.eldigitaldeasturias.com\\\/noticias\\\/morenes-recibe-con-honores-de-ordenanza-a-su-homologa-de-sudafrica\\\/#webpage\",\"url\":\"https:\\\/\\\/www.eldigitaldeasturias.com\\\/noticias\\\/morenes-recibe-con-honores-de-ordenanza-a-su-homologa-de-sudafrica\\\/\",\"name\":\"Moren\\u00e9s recibe con honores de ordenanza a su hom\\u00f3loga de Sud\\u00e1frica - El Digital de Asturias\",\"description\":\"Madrid, 4 feb (EFE).- El ministro de Defensa, Pedro Moren\\u00e9s, ha recibido hoy con honores de ordenanza a su hom\\u00f3loga de la Rep\\u00fablica de Sud\\u00e1frica, Nosiviwe N. Mapisa-Nqakula, en un acto que cierra su viaje oficial a Espa\\u00f1a en el que ha visitado la factor\\u00eda de Airbus Military en Sevilla, y las sedes de Indra\",\"inLanguage\":\"es-ES\",\"isPartOf\":{\"@id\":\"https:\\\/\\\/www.eldigitaldeasturias.com\\\/noticias\\\/#website\"},\"breadcrumb\":{\"@id\":\"https:\\\/\\\/www.eldigitaldeasturias.com\\\/noticias\\\/morenes-recibe-con-honores-de-ordenanza-a-su-homologa-de-sudafrica\\\/#breadcrumblist\"},\"author\":{\"@id\":\"https:\\\/\\\/www.eldigitaldeasturias.com\\\/noticias\\\/author\\\/admin\\\/#author\"},\"creator\":{\"@id\":\"https:\\\/\\\/www.eldigitaldeasturias.com\\\/noticias\\\/author\\\/admin\\\/#author\"},\"image\":{\"@type\":\"ImageObject\",\"url\":483519,\"@id\":\"https:\\\/\\\/www.eldigitaldeasturias.com\\\/noticias\\\/morenes-recibe-con-honores-de-ordenanza-a-su-homologa-de-sudafrica\\\/#mainImage\"},\"primaryImageOfPage\":{\"@id\":\"https:\\\/\\\/www.eldigitaldeasturias.com\\\/noticias\\\/morenes-recibe-con-honores-de-ordenanza-a-su-homologa-de-sudafrica\\\/#mainImage\"},\"datePublished\":\"2014-02-04T21:22:59+01:00\",\"dateModified\":\"2014-02-04T21:22:59+01:00\"},{\"@type\":\"WebSite\",\"@id\":\"https:\\\/\\\/www.eldigitaldeasturias.com\\\/noticias\\\/#website\",\"url\":\"https:\\\/\\\/www.eldigitaldeasturias.com\\\/noticias\\\/\",\"name\":\"El Digital de Asturias - Diario de actualidad y noticias\",\"alternateName\":\"El Digital de Asturias - Diario de actualidad y noticias\",\"description\":\"Hemeroteca\",\"inLanguage\":\"es-ES\",\"publisher\":{\"@id\":\"https:\\\/\\\/www.eldigitaldeasturias.com\\\/noticias\\\/#organization\"}}]}\n\t\t<\/script>\n\t\t<!-- All in One SEO Pro -->\r\n\t\t<title>Moren\u00e9s recibe con honores de ordenanza a su hom\u00f3loga de Sud\u00e1frica - El Digital de Asturias<\/title>\n\n","aioseo_head_json":{"title":"Moren\u00e9s recibe con honores de ordenanza a su hom\u00f3loga de Sud\u00e1frica - El Digital de Asturias","description":"Madrid, 4 feb (EFE).- El ministro de Defensa, Pedro Moren\u00e9s, ha recibido hoy con honores de ordenanza a su hom\u00f3loga de la Rep\u00fablica de Sud\u00e1frica, Nosiviwe N. Mapisa-Nqakula, en un acto que cierra su viaje oficial a Espa\u00f1a en el que ha visitado la factor\u00eda de Airbus Military en Sevilla, y las sedes de Indra","canonical_url":"https:\/\/www.eldigitaldeasturias.com\/noticias\/morenes-recibe-con-honores-de-ordenanza-a-su-homologa-de-sudafrica\/","robots":"max-image-preview:large","keywords":"actualidad","webmasterTools":{"google-site-verification":"UA-38556648-1","msvalidate.01":"7dfe9f3f1b24437ab69f4f2559babe99","miscellaneous":""},"schema":{"@context":"https:\/\/schema.org","@graph":[{"@type":"BlogPosting","@id":"https:\/\/www.eldigitaldeasturias.com\/noticias\/morenes-recibe-con-honores-de-ordenanza-a-su-homologa-de-sudafrica\/#blogposting","name":"Moren\u00e9s recibe con honores de ordenanza a su hom\u00f3loga de Sud\u00e1frica - El Digital de Asturias","headline":"Moren\u00e9s recibe con honores de ordenanza a su hom\u00f3loga de Sud\u00e1frica","author":{"@id":"https:\/\/www.eldigitaldeasturias.com\/noticias\/author\/admin\/#author"},"publisher":{"@id":"https:\/\/www.eldigitaldeasturias.com\/noticias\/#organization"},"image":{"@type":"ImageObject","url":483519},"datePublished":"2014-02-04T21:22:59+01:00","dateModified":"2014-02-04T21:22:59+01:00","inLanguage":"es-ES","mainEntityOfPage":{"@id":"https:\/\/www.eldigitaldeasturias.com\/noticias\/morenes-recibe-con-honores-de-ordenanza-a-su-homologa-de-sudafrica\/#webpage"},"isPartOf":{"@id":"https:\/\/www.eldigitaldeasturias.com\/noticias\/morenes-recibe-con-honores-de-ordenanza-a-su-homologa-de-sudafrica\/#webpage"},"articleSection":"Actualidad"},{"@type":"BreadcrumbList","@id":"https:\/\/www.eldigitaldeasturias.com\/noticias\/morenes-recibe-con-honores-de-ordenanza-a-su-homologa-de-sudafrica\/#breadcrumblist","itemListElement":[{"@type":"ListItem","@id":"https:\/\/www.eldigitaldeasturias.com\/noticias#listItem","position":1,"name":"Home","item":"https:\/\/www.eldigitaldeasturias.com\/noticias","nextItem":{"@type":"ListItem","@id":"https:\/\/www.eldigitaldeasturias.com\/noticias\/category\/actualidad\/#listItem","name":"Actualidad"}},{"@type":"ListItem","@id":"https:\/\/www.eldigitaldeasturias.com\/noticias\/category\/actualidad\/#listItem","position":2,"name":"Actualidad","item":"https:\/\/www.eldigitaldeasturias.com\/noticias\/category\/actualidad\/","nextItem":{"@type":"ListItem","@id":"https:\/\/www.eldigitaldeasturias.com\/noticias\/morenes-recibe-con-honores-de-ordenanza-a-su-homologa-de-sudafrica\/#listItem","name":"Moren\u00e9s recibe con honores de ordenanza a su hom\u00f3loga de Sud\u00e1frica"},"previousItem":{"@type":"ListItem","@id":"https:\/\/www.eldigitaldeasturias.com\/noticias#listItem","name":"Home"}},{"@type":"ListItem","@id":"https:\/\/www.eldigitaldeasturias.com\/noticias\/morenes-recibe-con-honores-de-ordenanza-a-su-homologa-de-sudafrica\/#listItem","position":3,"name":"Moren\u00e9s recibe con honores de ordenanza a su hom\u00f3loga de Sud\u00e1frica","previousItem":{"@type":"ListItem","@id":"https:\/\/www.eldigitaldeasturias.com\/noticias\/category\/actualidad\/#listItem","name":"Actualidad"}}]},{"@type":"Organization","@id":"https:\/\/www.eldigitaldeasturias.com\/noticias\/#organization","name":"El Digital de Asturias","description":"Hemeroteca","url":"https:\/\/www.eldigitaldeasturias.com\/noticias\/","email":"info@eldigitaldeasturias.com","telephone":"+34652131393","logo":{"@type":"ImageObject","url":"https:\/\/www.eldigitaldeasturias.com\/noticias\/wp-content\/uploads\/2020\/12\/EDA.jpg","@id":"https:\/\/www.eldigitaldeasturias.com\/noticias\/morenes-recibe-con-honores-de-ordenanza-a-su-homologa-de-sudafrica\/#organizationLogo"},"image":{"@id":"https:\/\/www.eldigitaldeasturias.com\/noticias\/morenes-recibe-con-honores-de-ordenanza-a-su-homologa-de-sudafrica\/#organizationLogo"},"sameAs":["https:\/\/facebook.com\/eldigitaldeasturias","https:\/\/www.youtube.com\/channel\/UCZP-2wLEB9Rv6erhFmqVnvg"],"address":{"@id":"https:\/\/www.eldigitaldeasturias.com\/noticias\/#postaladdress","@type":"PostalAddress","streetAddress":"san antonio 4","postalCode":"33430","addressLocality":"Cand\u00e1s","addressRegion":"Asturias","addressCountry":"ES"}},{"@type":"Person","@id":"https:\/\/www.eldigitaldeasturias.com\/noticias\/author\/admin\/#author","url":"https:\/\/www.eldigitaldeasturias.com\/noticias\/author\/admin\/","name":"El Digital de Asturias","image":{"@type":"ImageObject","@id":"https:\/\/www.eldigitaldeasturias.com\/noticias\/morenes-recibe-con-honores-de-ordenanza-a-su-homologa-de-sudafrica\/#authorImage","url":"https:\/\/secure.gravatar.com\/avatar\/df2aeffc32bcd13f8d26072ef8a91b623d677766deac7f97ca815868cd41bf5e?s=96&d=mm&r=g","width":96,"height":96,"caption":"El Digital de Asturias"}},{"@type":"WebPage","@id":"https:\/\/www.eldigitaldeasturias.com\/noticias\/morenes-recibe-con-honores-de-ordenanza-a-su-homologa-de-sudafrica\/#webpage","url":"https:\/\/www.eldigitaldeasturias.com\/noticias\/morenes-recibe-con-honores-de-ordenanza-a-su-homologa-de-sudafrica\/","name":"Moren\u00e9s recibe con honores de ordenanza a su hom\u00f3loga de Sud\u00e1frica - El Digital de Asturias","description":"Madrid, 4 feb (EFE).- El ministro de Defensa, Pedro Moren\u00e9s, ha recibido hoy con honores de ordenanza a su hom\u00f3loga de la Rep\u00fablica de Sud\u00e1frica, Nosiviwe N. Mapisa-Nqakula, en un acto que cierra su viaje oficial a Espa\u00f1a en el que ha visitado la factor\u00eda de Airbus Military en Sevilla, y las sedes de Indra","inLanguage":"es-ES","isPartOf":{"@id":"https:\/\/www.eldigitaldeasturias.com\/noticias\/#website"},"breadcrumb":{"@id":"https:\/\/www.eldigitaldeasturias.com\/noticias\/morenes-recibe-con-honores-de-ordenanza-a-su-homologa-de-sudafrica\/#breadcrumblist"},"author":{"@id":"https:\/\/www.eldigitaldeasturias.com\/noticias\/author\/admin\/#author"},"creator":{"@id":"https:\/\/www.eldigitaldeasturias.com\/noticias\/author\/admin\/#author"},"image":{"@type":"ImageObject","url":483519,"@id":"https:\/\/www.eldigitaldeasturias.com\/noticias\/morenes-recibe-con-honores-de-ordenanza-a-su-homologa-de-sudafrica\/#mainImage"},"primaryImageOfPage":{"@id":"https:\/\/www.eldigitaldeasturias.com\/noticias\/morenes-recibe-con-honores-de-ordenanza-a-su-homologa-de-sudafrica\/#mainImage"},"datePublished":"2014-02-04T21:22:59+01:00","dateModified":"2014-02-04T21:22:59+01:00"},{"@type":"WebSite","@id":"https:\/\/www.eldigitaldeasturias.com\/noticias\/#website","url":"https:\/\/www.eldigitaldeasturias.com\/noticias\/","name":"El Digital de Asturias - Diario de actualidad y noticias","alternateName":"El Digital de Asturias - Diario de actualidad y noticias","description":"Hemeroteca","inLanguage":"es-ES","publisher":{"@id":"https:\/\/www.eldigitaldeasturias.com\/noticias\/#organization"}}]},"og:locale":"es_ES","og:site_name":"El Digital de Asturias","og:type":"article","og:title":"Moren\u00e9s recibe con honores de ordenanza a su hom\u00f3loga de Sud\u00e1frica - El Digital de Asturias","og:description":"Madrid, 4 feb (EFE).- El ministro de Defensa, Pedro Moren\u00e9s, ha recibido hoy con honores de ordenanza a su hom\u00f3loga de la Rep\u00fablica de Sud\u00e1frica, Nosiviwe N. Mapisa-Nqakula, en un acto que cierra su viaje oficial a Espa\u00f1a en el que ha visitado la factor\u00eda de Airbus Military en Sevilla, y las sedes de Indra","og:url":"https:\/\/www.eldigitaldeasturias.com\/noticias\/morenes-recibe-con-honores-de-ordenanza-a-su-homologa-de-sudafrica\/","article:tag":["actualidad"],"article:published_time":"2014-02-04T22:22:59+00:00","article:modified_time":"2014-02-04T22:22:59+00:00","article:publisher":"https:\/\/facebook.com\/eldigitaldeasturias","twitter:card":"summary_large_image","twitter:title":"Moren\u00e9s recibe con honores de ordenanza a su hom\u00f3loga de Sud\u00e1frica - El Digital de Asturias","twitter:description":"Madrid, 4 feb (EFE).- El ministro de Defensa, Pedro Moren\u00e9s, ha recibido hoy con honores de ordenanza a su hom\u00f3loga de la Rep\u00fablica de Sud\u00e1frica, Nosiviwe N. Mapisa-Nqakula, en un acto que cierra su viaje oficial a Espa\u00f1a en el que ha visitado la factor\u00eda de Airbus Military en Sevilla, y las sedes de Indra","twitter:label1":"Escrito por","twitter:data1":"El Digital de Asturias","twitter:label2":"Tiempo de lectura estimado","twitter:data2":"2 minutos"},"aioseo_meta_data":{"post_id":"483518","title":null,"description":null,"keywords":null,"keyphrases":null,"primary_term":null,"canonical_url":null,"og_title":null,"og_description":null,"og_object_type":"default","og_image_type":"default","og_image_url":null,"og_image_width":null,"og_image_height":null,"og_image_custom_url":null,"og_image_custom_fields":null,"og_video":null,"og_custom_url":null,"og_article_section":null,"og_article_tags":null,"twitter_use_og":true,"twitter_card":"default","twitter_image_type":"default","twitter_image_url":null,"twitter_image_custom_url":null,"twitter_image_custom_fields":null,"twitter_title":null,"twitter_description":null,"schema":{"blockGraphs":[],"customGraphs":[],"default":{"data":{"Article":[],"Course":[],"Dataset":[],"FAQPage":[],"Movie":[],"Person":[],"Product":[],"ProductReview":[],"Car":[],"Recipe":[],"Service":[],"SoftwareApplication":[],"WebPage":[]},"graphName":"","isEnabled":true},"graphs":[],"defaultGraph":"","defaultPostTypeGraph":""},"schema_type":null,"schema_type_options":null,"pillar_content":false,"robots_default":true,"robots_noindex":false,"robots_noarchive":false,"robots_nosnippet":false,"robots_nofollow":false,"robots_noimageindex":false,"robots_noodp":false,"robots_notranslate":false,"robots_max_snippet":null,"robots_max_videopreview":null,"robots_max_imagepreview":"none","priority":null,"frequency":null,"local_seo":null,"seo_analyzer_scan_date":"2026-06-02 13:05:53","breadcrumb_settings":null,"limit_modified_date":false,"open_ai":null,"ai":null,"created":"2020-11-14 22:54:46","updated":"2026-06-02 13:05:53","focus_keyword":null,"additional_keywords":null,"truseo_locale":null},"aioseo_breadcrumb":"<div class=\"aioseo-breadcrumbs\"><span class=\"aioseo-breadcrumb\">\n\t<a href=\"https:\/\/www.eldigitaldeasturias.com\/noticias\" title=\"Home\">Home<\/a>\n<\/span><span class=\"aioseo-breadcrumb-separator\">\u2013<\/span><span class=\"aioseo-breadcrumb\">\n\t<a href=\"https:\/\/www.eldigitaldeasturias.com\/noticias\/category\/actualidad\/\" title=\"Actualidad\">Actualidad<\/a>\n<\/span><span class=\"aioseo-breadcrumb-separator\">\u2013<\/span><span class=\"aioseo-breadcrumb\">\n\t<a href=\"https:\/\/www.eldigitaldeasturias.com\/noticias\/morenes-recibe-con-honores-de-ordenanza-a-su-homologa-de-sudafrica\/\" title=\"Moren\u00e9s recibe con honores de ordenanza a su hom\u00f3loga de Sud\u00e1frica\">Moren\u00e9s recibe con honores de ordenanza a su hom\u00f3loga de Sud\u00e1frica<\/a>\n<\/span><\/div>","aioseo_breadcrumb_json":[{"label":"Home","link":"https:\/\/www.eldigitaldeasturias.com\/noticias"},{"label":"Actualidad","link":"https:\/\/www.eldigitaldeasturias.com\/noticias\/category\/actualidad\/"},{"label":"Moren\u00e9s recibe con honores de ordenanza a su hom\u00f3loga de Sud\u00e1frica","link":"https:\/\/www.eldigitaldeasturias.com\/noticias\/morenes-recibe-con-honores-de-ordenanza-a-su-homologa-de-sudafrica\/"}],"_links":{"self":[{"href":"https:\/\/www.eldigitaldeasturias.com\/noticias\/wp-json\/wp\/v2\/posts\/483518","targetHints":{"allow":["GET"]}}],"collection":[{"href":"https:\/\/www.eldigitaldeasturias.com\/noticias\/wp-json\/wp\/v2\/posts"}],"about":[{"href":"https:\/\/www.eldigitaldeasturias.com\/noticias\/wp-json\/wp\/v2\/types\/post"}],"author":[{"embeddable":true,"href":"https:\/\/www.eldigitaldeasturias.com\/noticias\/wp-json\/wp\/v2\/users\/1"}],"replies":[{"embeddable":true,"href":"https:\/\/www.eldigitaldeasturias.com\/noticias\/wp-json\/wp\/v2\/comments?post=483518"}],"version-history":[{"count":0,"href":"https:\/\/www.eldigitaldeasturias.com\/noticias\/wp-json\/wp\/v2\/posts\/483518\/revisions"}],"wp:attachment":[{"href":"https:\/\/www.eldigitaldeasturias.com\/noticias\/wp-json\/wp\/v2\/media?parent=483518"}],"wp:term":[{"taxonomy":"category","embeddable":true,"href":"https:\/\/www.eldigitaldeasturias.com\/noticias\/wp-json\/wp\/v2\/categories?post=483518"},{"taxonomy":"post_tag","embeddable":true,"href":"https:\/\/www.eldigitaldeasturias.com\/noticias\/wp-json\/wp\/v2\/tags?post=483518"}],"curies":[{"name":"wp","href":"https:\/\/api.w.org\/{rel}","templated":true}]}}