{"id":483503,"date":"2014-02-04T21:15:19","date_gmt":"2014-02-04T22:15:19","guid":{"rendered":"http:\/\/www.eldigitaldeasturias.com\/noticias\/?p=483503"},"modified":"2014-02-04T21:15:19","modified_gmt":"2014-02-04T22:15:19","slug":"la-liga-norte-increpa-a-napolitano-durante-su-discurso-europeista-en-el-pe","status":"publish","type":"post","link":"https:\/\/www.eldigitaldeasturias.com\/noticias\/la-liga-norte-increpa-a-napolitano-durante-su-discurso-europeista-en-el-pe\/","title":{"rendered":"La Liga Norte increpa a Napolitano durante su discurso europe\u00edsta en el PE"},"content":{"rendered":"<p><img loading=\"lazy\" decoding=\"async\" class=\"alignleft size-medium wp-image-483504\" alt=\"5907968w\" src=\"https:\/\/www.eldigitaldeasturias.com\/noticias\/wp-content\/uploads\/2014\/02\/5907968w-242x320.jpg\" width=\"242\" height=\"320\" \/>Estrasburgo (Francia), 4 feb (EFE).- Los eurodiputados de la Liga Norte increparon hoy al presidente italiano, Giorgio Napolitano, cuando interven\u00eda ante el pleno de la Euroc\u00e1mara, donde lanz\u00f3 un mensaje en defensa del proyecto europeo y en contra de los movimientos euroesc\u00e9pticos alentados por la crisis econ\u00f3mica.<\/p>\n<p>Durante el discurso de Napolitano ante el pleno del hemiciclo, los eurodiputados de la Liga Norte Mario Borghezio y Mara Bizzotto, entre otros, han gritado la consigna \u00abBasta del euro\u00bb interrumpiendo su alocuci\u00f3n, que ha retomado una vez la seguridad ha acallado a los parlamentarios.<\/p>\n<p>Napolitano ha afirmado en el hemiciclo que la crisis ha contribuido a la desafecci\u00f3n ciudadana hacia Europa pero que \u00abuna mayor integraci\u00f3n europea es necesaria para un crecimiento sostenible en la UE\u00bb.<\/p>\n<p>\u00abLos que creen en la causa de la Europa unida pueden ir adelante con su causa, ser\u00e1n los abanderados del cambio\u00bb, pronostic\u00f3 el veterano pol\u00edtico italiano, quien ech\u00f3 en falta en la Europa de hoy \u00abdirigentes que hagan pol\u00edticas con vistas a largo plazo\u00bb como los fundadores de la Uni\u00f3n.<\/p>\n<p>\u00abNecesitamos una Europa m\u00e1s unida, fuerte y democr\u00e1tica\u00bb, dijo Napolitano, que se mostr\u00f3 honrado de volver a la c\u00e1mara despu\u00e9s de haber sido eurodiputado italiano.<\/p>\n<p>Advirti\u00f3 que la estrategia por el crecimiento econ\u00f3mico de la crisis solo podr\u00e1 calificarse de \u00ab\u00e9xito\u00bb si va a acompa\u00f1ada de creaci\u00f3n de empleo juvenil.<\/p>\n<p>\u00abNo podemos hacer cargar el peso de las decisiones de los dirigentes europeos sobre las espaldas de la nueva generaci\u00f3n\u00bb, clam\u00f3.<\/p>\n<p>El presidente italiano critic\u00f3 que ante \u00abla dram\u00e1tica situaci\u00f3n vivida con la crisis, las instituciones comunitarias \u00abse han mostrado a veces lentas y dudosas\u00bb aunque \u00abtambi\u00e9n han sabido mostrar su capacidad correctiva\u00bb.<\/p>\n<p>Para el presidente de la Rep\u00fablica italiana, \u00abla gravedad de la crisis ha tra\u00eddo consigo mayor integraci\u00f3n\u00bb, si bien \u00abtodav\u00eda es necesario dar nuevas pasos en la direcci\u00f3n de una aut\u00e9ntica uni\u00f3n econ\u00f3mica y monetaria\u00bb.<\/p>\n","protected":false},"excerpt":{"rendered":"<p>Estrasburgo (Francia), 4 feb (EFE).- Los eurodiputados de la Liga Norte increparon hoy al presidente italiano, Giorgio Napolitano, cuando interven\u00eda ante el pleno de la Euroc\u00e1mara, donde lanz\u00f3 un mensaje en defensa del proyecto europeo y en contra de los movimientos euroesc\u00e9pticos alentados por la crisis econ\u00f3mica. Durante el discurso de Napolitano ante el pleno [&hellip;]<\/p>\n","protected":false},"author":1,"featured_media":483504,"comment_status":"closed","ping_status":"open","sticky":false,"template":"","format":"standard","meta":{"footnotes":""},"categories":[1],"tags":[],"class_list":["post-483503","post","type-post","status-publish","format-standard","has-post-thumbnail","hentry","category-actualidad"],"aioseo_notices":[],"aioseo_head":"\n\t\t<!-- All in One SEO Pro 5.0.1 - aioseo.com -->\n\t<meta name=\"description\" content=\"Estrasburgo (Francia), 4 feb (EFE).- Los eurodiputados de la Liga Norte increparon hoy al presidente italiano, Giorgio Napolitano, cuando interven\u00eda ante el pleno de la Euroc\u00e1mara, donde lanz\u00f3 un mensaje en defensa del proyecto europeo y en contra de los movimientos euroesc\u00e9pticos alentados por la crisis econ\u00f3mica. Durante el discurso de Napolitano ante el pleno\" \/>\n\t<meta name=\"robots\" content=\"max-image-preview:large\" \/>\n\t<meta name=\"author\" content=\"El Digital de Asturias\"\/>\n\t<meta name=\"google-site-verification\" content=\"UA-38556648-1\" \/>\n\t<meta name=\"msvalidate.01\" content=\"7dfe9f3f1b24437ab69f4f2559babe99\" \/>\n\t<meta name=\"keywords\" content=\"actualidad\" \/>\n\t<link rel=\"canonical\" href=\"https:\/\/www.eldigitaldeasturias.com\/noticias\/la-liga-norte-increpa-a-napolitano-durante-su-discurso-europeista-en-el-pe\/\" \/>\n\t<meta name=\"generator\" content=\"All in One SEO Pro (AIOSEO) 5.0.1\" \/>\n\t\t<meta property=\"og:locale\" content=\"es_ES\" \/>\n\t\t<meta property=\"og:site_name\" content=\"El Digital de Asturias\" \/>\n\t\t<meta property=\"og:type\" content=\"article\" \/>\n\t\t<meta property=\"og:title\" content=\"La Liga Norte increpa a Napolitano durante su discurso europe\u00edsta en el PE - El Digital de Asturias\" \/>\n\t\t<meta property=\"og:description\" content=\"Estrasburgo (Francia), 4 feb (EFE).- Los eurodiputados de la Liga Norte increparon hoy al presidente italiano, Giorgio Napolitano, cuando interven\u00eda ante el pleno de la Euroc\u00e1mara, donde lanz\u00f3 un mensaje en defensa del proyecto europeo y en contra de los movimientos euroesc\u00e9pticos alentados por la crisis econ\u00f3mica. Durante el discurso de Napolitano ante el pleno\" \/>\n\t\t<meta property=\"og:url\" content=\"https:\/\/www.eldigitaldeasturias.com\/noticias\/la-liga-norte-increpa-a-napolitano-durante-su-discurso-europeista-en-el-pe\/\" \/>\n\t\t<meta property=\"article:tag\" content=\"actualidad\" \/>\n\t\t<meta property=\"article:published_time\" content=\"2014-02-04T22:15:19+00:00\" \/>\n\t\t<meta property=\"article:modified_time\" content=\"2014-02-04T22:15:19+00:00\" \/>\n\t\t<meta property=\"article:publisher\" content=\"https:\/\/facebook.com\/eldigitaldeasturias\" \/>\n\t\t<meta name=\"twitter:card\" content=\"summary_large_image\" \/>\n\t\t<meta name=\"twitter:title\" content=\"La Liga Norte increpa a Napolitano durante su discurso europe\u00edsta en el PE - El Digital de Asturias\" \/>\n\t\t<meta name=\"twitter:description\" content=\"Estrasburgo (Francia), 4 feb (EFE).- Los eurodiputados de la Liga Norte increparon hoy al presidente italiano, Giorgio Napolitano, cuando interven\u00eda ante el pleno de la Euroc\u00e1mara, donde lanz\u00f3 un mensaje en defensa del proyecto europeo y en contra de los movimientos euroesc\u00e9pticos alentados por la crisis econ\u00f3mica. Durante el discurso de Napolitano ante el pleno\" \/>\n\t\t<meta name=\"twitter:label1\" content=\"Escrito por\" \/>\n\t\t<meta name=\"twitter:data1\" content=\"El Digital de Asturias\" \/>\n\t\t<meta name=\"twitter:label2\" content=\"Tiempo de lectura estimado\" \/>\n\t\t<meta name=\"twitter:data2\" content=\"2 minutos\" \/>\n\t\t<script type=\"application\/ld+json\" class=\"aioseo-schema\">\n\t\t\t{\"@context\":\"https:\\\/\\\/schema.org\",\"@graph\":[{\"@type\":\"BlogPosting\",\"@id\":\"https:\\\/\\\/www.eldigitaldeasturias.com\\\/noticias\\\/la-liga-norte-increpa-a-napolitano-durante-su-discurso-europeista-en-el-pe\\\/#blogposting\",\"name\":\"La Liga Norte increpa a Napolitano durante su discurso europe\\u00edsta en el PE - El Digital de Asturias\",\"headline\":\"La Liga Norte increpa a Napolitano durante su discurso europe\\u00edsta en el PE\",\"author\":{\"@id\":\"https:\\\/\\\/www.eldigitaldeasturias.com\\\/noticias\\\/author\\\/admin\\\/#author\"},\"publisher\":{\"@id\":\"https:\\\/\\\/www.eldigitaldeasturias.com\\\/noticias\\\/#organization\"},\"image\":{\"@type\":\"ImageObject\",\"url\":483504},\"datePublished\":\"2014-02-04T21:15:19+01:00\",\"dateModified\":\"2014-02-04T21:15:19+01:00\",\"inLanguage\":\"es-ES\",\"mainEntityOfPage\":{\"@id\":\"https:\\\/\\\/www.eldigitaldeasturias.com\\\/noticias\\\/la-liga-norte-increpa-a-napolitano-durante-su-discurso-europeista-en-el-pe\\\/#webpage\"},\"isPartOf\":{\"@id\":\"https:\\\/\\\/www.eldigitaldeasturias.com\\\/noticias\\\/la-liga-norte-increpa-a-napolitano-durante-su-discurso-europeista-en-el-pe\\\/#webpage\"},\"articleSection\":\"Actualidad\"},{\"@type\":\"BreadcrumbList\",\"@id\":\"https:\\\/\\\/www.eldigitaldeasturias.com\\\/noticias\\\/la-liga-norte-increpa-a-napolitano-durante-su-discurso-europeista-en-el-pe\\\/#breadcrumblist\",\"itemListElement\":[{\"@type\":\"ListItem\",\"@id\":\"https:\\\/\\\/www.eldigitaldeasturias.com\\\/noticias#listItem\",\"position\":1,\"name\":\"Home\",\"item\":\"https:\\\/\\\/www.eldigitaldeasturias.com\\\/noticias\",\"nextItem\":{\"@type\":\"ListItem\",\"@id\":\"https:\\\/\\\/www.eldigitaldeasturias.com\\\/noticias\\\/category\\\/actualidad\\\/#listItem\",\"name\":\"Actualidad\"}},{\"@type\":\"ListItem\",\"@id\":\"https:\\\/\\\/www.eldigitaldeasturias.com\\\/noticias\\\/category\\\/actualidad\\\/#listItem\",\"position\":2,\"name\":\"Actualidad\",\"item\":\"https:\\\/\\\/www.eldigitaldeasturias.com\\\/noticias\\\/category\\\/actualidad\\\/\",\"nextItem\":{\"@type\":\"ListItem\",\"@id\":\"https:\\\/\\\/www.eldigitaldeasturias.com\\\/noticias\\\/la-liga-norte-increpa-a-napolitano-durante-su-discurso-europeista-en-el-pe\\\/#listItem\",\"name\":\"La Liga Norte increpa a Napolitano durante su discurso europe\\u00edsta en el PE\"},\"previousItem\":{\"@type\":\"ListItem\",\"@id\":\"https:\\\/\\\/www.eldigitaldeasturias.com\\\/noticias#listItem\",\"name\":\"Home\"}},{\"@type\":\"ListItem\",\"@id\":\"https:\\\/\\\/www.eldigitaldeasturias.com\\\/noticias\\\/la-liga-norte-increpa-a-napolitano-durante-su-discurso-europeista-en-el-pe\\\/#listItem\",\"position\":3,\"name\":\"La Liga Norte increpa a Napolitano durante su discurso europe\\u00edsta en el PE\",\"previousItem\":{\"@type\":\"ListItem\",\"@id\":\"https:\\\/\\\/www.eldigitaldeasturias.com\\\/noticias\\\/category\\\/actualidad\\\/#listItem\",\"name\":\"Actualidad\"}}]},{\"@type\":\"Organization\",\"@id\":\"https:\\\/\\\/www.eldigitaldeasturias.com\\\/noticias\\\/#organization\",\"name\":\"El Digital de Asturias\",\"description\":\"Hemeroteca\",\"url\":\"https:\\\/\\\/www.eldigitaldeasturias.com\\\/noticias\\\/\",\"email\":\"info@eldigitaldeasturias.com\",\"telephone\":\"+34652131393\",\"logo\":{\"@type\":\"ImageObject\",\"url\":\"https:\\\/\\\/www.eldigitaldeasturias.com\\\/noticias\\\/wp-content\\\/uploads\\\/2020\\\/12\\\/EDA.jpg\",\"@id\":\"https:\\\/\\\/www.eldigitaldeasturias.com\\\/noticias\\\/la-liga-norte-increpa-a-napolitano-durante-su-discurso-europeista-en-el-pe\\\/#organizationLogo\"},\"image\":{\"@id\":\"https:\\\/\\\/www.eldigitaldeasturias.com\\\/noticias\\\/la-liga-norte-increpa-a-napolitano-durante-su-discurso-europeista-en-el-pe\\\/#organizationLogo\"},\"sameAs\":[\"https:\\\/\\\/facebook.com\\\/eldigitaldeasturias\",\"https:\\\/\\\/www.youtube.com\\\/channel\\\/UCZP-2wLEB9Rv6erhFmqVnvg\"],\"address\":{\"@id\":\"https:\\\/\\\/www.eldigitaldeasturias.com\\\/noticias\\\/#postaladdress\",\"@type\":\"PostalAddress\",\"streetAddress\":\"san antonio 4\",\"postalCode\":\"33430\",\"addressLocality\":\"Cand\\u00e1s\",\"addressRegion\":\"Asturias\",\"addressCountry\":\"ES\"}},{\"@type\":\"Person\",\"@id\":\"https:\\\/\\\/www.eldigitaldeasturias.com\\\/noticias\\\/author\\\/admin\\\/#author\",\"url\":\"https:\\\/\\\/www.eldigitaldeasturias.com\\\/noticias\\\/author\\\/admin\\\/\",\"name\":\"El Digital de Asturias\",\"image\":{\"@type\":\"ImageObject\",\"@id\":\"https:\\\/\\\/www.eldigitaldeasturias.com\\\/noticias\\\/la-liga-norte-increpa-a-napolitano-durante-su-discurso-europeista-en-el-pe\\\/#authorImage\",\"url\":\"https:\\\/\\\/secure.gravatar.com\\\/avatar\\\/df2aeffc32bcd13f8d26072ef8a91b623d677766deac7f97ca815868cd41bf5e?s=96&d=mm&r=g\",\"width\":96,\"height\":96,\"caption\":\"El Digital de Asturias\"}},{\"@type\":\"WebPage\",\"@id\":\"https:\\\/\\\/www.eldigitaldeasturias.com\\\/noticias\\\/la-liga-norte-increpa-a-napolitano-durante-su-discurso-europeista-en-el-pe\\\/#webpage\",\"url\":\"https:\\\/\\\/www.eldigitaldeasturias.com\\\/noticias\\\/la-liga-norte-increpa-a-napolitano-durante-su-discurso-europeista-en-el-pe\\\/\",\"name\":\"La Liga Norte increpa a Napolitano durante su discurso europe\\u00edsta en el PE - El Digital de Asturias\",\"description\":\"Estrasburgo (Francia), 4 feb (EFE).- Los eurodiputados de la Liga Norte increparon hoy al presidente italiano, Giorgio Napolitano, cuando interven\\u00eda ante el pleno de la Euroc\\u00e1mara, donde lanz\\u00f3 un mensaje en defensa del proyecto europeo y en contra de los movimientos euroesc\\u00e9pticos alentados por la crisis econ\\u00f3mica. Durante el discurso de Napolitano ante el pleno\",\"inLanguage\":\"es-ES\",\"isPartOf\":{\"@id\":\"https:\\\/\\\/www.eldigitaldeasturias.com\\\/noticias\\\/#website\"},\"breadcrumb\":{\"@id\":\"https:\\\/\\\/www.eldigitaldeasturias.com\\\/noticias\\\/la-liga-norte-increpa-a-napolitano-durante-su-discurso-europeista-en-el-pe\\\/#breadcrumblist\"},\"author\":{\"@id\":\"https:\\\/\\\/www.eldigitaldeasturias.com\\\/noticias\\\/author\\\/admin\\\/#author\"},\"creator\":{\"@id\":\"https:\\\/\\\/www.eldigitaldeasturias.com\\\/noticias\\\/author\\\/admin\\\/#author\"},\"image\":{\"@type\":\"ImageObject\",\"url\":483504,\"@id\":\"https:\\\/\\\/www.eldigitaldeasturias.com\\\/noticias\\\/la-liga-norte-increpa-a-napolitano-durante-su-discurso-europeista-en-el-pe\\\/#mainImage\"},\"primaryImageOfPage\":{\"@id\":\"https:\\\/\\\/www.eldigitaldeasturias.com\\\/noticias\\\/la-liga-norte-increpa-a-napolitano-durante-su-discurso-europeista-en-el-pe\\\/#mainImage\"},\"datePublished\":\"2014-02-04T21:15:19+01:00\",\"dateModified\":\"2014-02-04T21:15:19+01:00\"},{\"@type\":\"WebSite\",\"@id\":\"https:\\\/\\\/www.eldigitaldeasturias.com\\\/noticias\\\/#website\",\"url\":\"https:\\\/\\\/www.eldigitaldeasturias.com\\\/noticias\\\/\",\"name\":\"El Digital de Asturias - Diario de actualidad y noticias\",\"alternateName\":\"El Digital de Asturias - Diario de actualidad y noticias\",\"description\":\"Hemeroteca\",\"inLanguage\":\"es-ES\",\"publisher\":{\"@id\":\"https:\\\/\\\/www.eldigitaldeasturias.com\\\/noticias\\\/#organization\"}}]}\n\t\t<\/script>\n\t\t<!-- All in One SEO Pro -->\r\n\t\t<title>La Liga Norte increpa a Napolitano durante su discurso europe\u00edsta en el PE - El Digital de Asturias<\/title>\n\n","aioseo_head_json":{"title":"La Liga Norte increpa a Napolitano durante su discurso europe\u00edsta en el PE - El Digital de Asturias","description":"Estrasburgo (Francia), 4 feb (EFE).- Los eurodiputados de la Liga Norte increparon hoy al presidente italiano, Giorgio Napolitano, cuando interven\u00eda ante el pleno de la Euroc\u00e1mara, donde lanz\u00f3 un mensaje en defensa del proyecto europeo y en contra de los movimientos euroesc\u00e9pticos alentados por la crisis econ\u00f3mica. Durante el discurso de Napolitano ante el pleno","canonical_url":"https:\/\/www.eldigitaldeasturias.com\/noticias\/la-liga-norte-increpa-a-napolitano-durante-su-discurso-europeista-en-el-pe\/","robots":"max-image-preview:large","keywords":"actualidad","webmasterTools":{"google-site-verification":"UA-38556648-1","msvalidate.01":"7dfe9f3f1b24437ab69f4f2559babe99","miscellaneous":""},"schema":{"@context":"https:\/\/schema.org","@graph":[{"@type":"BlogPosting","@id":"https:\/\/www.eldigitaldeasturias.com\/noticias\/la-liga-norte-increpa-a-napolitano-durante-su-discurso-europeista-en-el-pe\/#blogposting","name":"La Liga Norte increpa a Napolitano durante su discurso europe\u00edsta en el PE - El Digital de Asturias","headline":"La Liga Norte increpa a Napolitano durante su discurso europe\u00edsta en el PE","author":{"@id":"https:\/\/www.eldigitaldeasturias.com\/noticias\/author\/admin\/#author"},"publisher":{"@id":"https:\/\/www.eldigitaldeasturias.com\/noticias\/#organization"},"image":{"@type":"ImageObject","url":483504},"datePublished":"2014-02-04T21:15:19+01:00","dateModified":"2014-02-04T21:15:19+01:00","inLanguage":"es-ES","mainEntityOfPage":{"@id":"https:\/\/www.eldigitaldeasturias.com\/noticias\/la-liga-norte-increpa-a-napolitano-durante-su-discurso-europeista-en-el-pe\/#webpage"},"isPartOf":{"@id":"https:\/\/www.eldigitaldeasturias.com\/noticias\/la-liga-norte-increpa-a-napolitano-durante-su-discurso-europeista-en-el-pe\/#webpage"},"articleSection":"Actualidad"},{"@type":"BreadcrumbList","@id":"https:\/\/www.eldigitaldeasturias.com\/noticias\/la-liga-norte-increpa-a-napolitano-durante-su-discurso-europeista-en-el-pe\/#breadcrumblist","itemListElement":[{"@type":"ListItem","@id":"https:\/\/www.eldigitaldeasturias.com\/noticias#listItem","position":1,"name":"Home","item":"https:\/\/www.eldigitaldeasturias.com\/noticias","nextItem":{"@type":"ListItem","@id":"https:\/\/www.eldigitaldeasturias.com\/noticias\/category\/actualidad\/#listItem","name":"Actualidad"}},{"@type":"ListItem","@id":"https:\/\/www.eldigitaldeasturias.com\/noticias\/category\/actualidad\/#listItem","position":2,"name":"Actualidad","item":"https:\/\/www.eldigitaldeasturias.com\/noticias\/category\/actualidad\/","nextItem":{"@type":"ListItem","@id":"https:\/\/www.eldigitaldeasturias.com\/noticias\/la-liga-norte-increpa-a-napolitano-durante-su-discurso-europeista-en-el-pe\/#listItem","name":"La Liga Norte increpa a Napolitano durante su discurso europe\u00edsta en el PE"},"previousItem":{"@type":"ListItem","@id":"https:\/\/www.eldigitaldeasturias.com\/noticias#listItem","name":"Home"}},{"@type":"ListItem","@id":"https:\/\/www.eldigitaldeasturias.com\/noticias\/la-liga-norte-increpa-a-napolitano-durante-su-discurso-europeista-en-el-pe\/#listItem","position":3,"name":"La Liga Norte increpa a Napolitano durante su discurso europe\u00edsta en el PE","previousItem":{"@type":"ListItem","@id":"https:\/\/www.eldigitaldeasturias.com\/noticias\/category\/actualidad\/#listItem","name":"Actualidad"}}]},{"@type":"Organization","@id":"https:\/\/www.eldigitaldeasturias.com\/noticias\/#organization","name":"El Digital de Asturias","description":"Hemeroteca","url":"https:\/\/www.eldigitaldeasturias.com\/noticias\/","email":"info@eldigitaldeasturias.com","telephone":"+34652131393","logo":{"@type":"ImageObject","url":"https:\/\/www.eldigitaldeasturias.com\/noticias\/wp-content\/uploads\/2020\/12\/EDA.jpg","@id":"https:\/\/www.eldigitaldeasturias.com\/noticias\/la-liga-norte-increpa-a-napolitano-durante-su-discurso-europeista-en-el-pe\/#organizationLogo"},"image":{"@id":"https:\/\/www.eldigitaldeasturias.com\/noticias\/la-liga-norte-increpa-a-napolitano-durante-su-discurso-europeista-en-el-pe\/#organizationLogo"},"sameAs":["https:\/\/facebook.com\/eldigitaldeasturias","https:\/\/www.youtube.com\/channel\/UCZP-2wLEB9Rv6erhFmqVnvg"],"address":{"@id":"https:\/\/www.eldigitaldeasturias.com\/noticias\/#postaladdress","@type":"PostalAddress","streetAddress":"san antonio 4","postalCode":"33430","addressLocality":"Cand\u00e1s","addressRegion":"Asturias","addressCountry":"ES"}},{"@type":"Person","@id":"https:\/\/www.eldigitaldeasturias.com\/noticias\/author\/admin\/#author","url":"https:\/\/www.eldigitaldeasturias.com\/noticias\/author\/admin\/","name":"El Digital de Asturias","image":{"@type":"ImageObject","@id":"https:\/\/www.eldigitaldeasturias.com\/noticias\/la-liga-norte-increpa-a-napolitano-durante-su-discurso-europeista-en-el-pe\/#authorImage","url":"https:\/\/secure.gravatar.com\/avatar\/df2aeffc32bcd13f8d26072ef8a91b623d677766deac7f97ca815868cd41bf5e?s=96&d=mm&r=g","width":96,"height":96,"caption":"El Digital de Asturias"}},{"@type":"WebPage","@id":"https:\/\/www.eldigitaldeasturias.com\/noticias\/la-liga-norte-increpa-a-napolitano-durante-su-discurso-europeista-en-el-pe\/#webpage","url":"https:\/\/www.eldigitaldeasturias.com\/noticias\/la-liga-norte-increpa-a-napolitano-durante-su-discurso-europeista-en-el-pe\/","name":"La Liga Norte increpa a Napolitano durante su discurso europe\u00edsta en el PE - El Digital de Asturias","description":"Estrasburgo (Francia), 4 feb (EFE).- Los eurodiputados de la Liga Norte increparon hoy al presidente italiano, Giorgio Napolitano, cuando interven\u00eda ante el pleno de la Euroc\u00e1mara, donde lanz\u00f3 un mensaje en defensa del proyecto europeo y en contra de los movimientos euroesc\u00e9pticos alentados por la crisis econ\u00f3mica. Durante el discurso de Napolitano ante el pleno","inLanguage":"es-ES","isPartOf":{"@id":"https:\/\/www.eldigitaldeasturias.com\/noticias\/#website"},"breadcrumb":{"@id":"https:\/\/www.eldigitaldeasturias.com\/noticias\/la-liga-norte-increpa-a-napolitano-durante-su-discurso-europeista-en-el-pe\/#breadcrumblist"},"author":{"@id":"https:\/\/www.eldigitaldeasturias.com\/noticias\/author\/admin\/#author"},"creator":{"@id":"https:\/\/www.eldigitaldeasturias.com\/noticias\/author\/admin\/#author"},"image":{"@type":"ImageObject","url":483504,"@id":"https:\/\/www.eldigitaldeasturias.com\/noticias\/la-liga-norte-increpa-a-napolitano-durante-su-discurso-europeista-en-el-pe\/#mainImage"},"primaryImageOfPage":{"@id":"https:\/\/www.eldigitaldeasturias.com\/noticias\/la-liga-norte-increpa-a-napolitano-durante-su-discurso-europeista-en-el-pe\/#mainImage"},"datePublished":"2014-02-04T21:15:19+01:00","dateModified":"2014-02-04T21:15:19+01:00"},{"@type":"WebSite","@id":"https:\/\/www.eldigitaldeasturias.com\/noticias\/#website","url":"https:\/\/www.eldigitaldeasturias.com\/noticias\/","name":"El Digital de Asturias - Diario de actualidad y noticias","alternateName":"El Digital de Asturias - Diario de actualidad y noticias","description":"Hemeroteca","inLanguage":"es-ES","publisher":{"@id":"https:\/\/www.eldigitaldeasturias.com\/noticias\/#organization"}}]},"og:locale":"es_ES","og:site_name":"El Digital de Asturias","og:type":"article","og:title":"La Liga Norte increpa a Napolitano durante su discurso europe\u00edsta en el PE - El Digital de Asturias","og:description":"Estrasburgo (Francia), 4 feb (EFE).- Los eurodiputados de la Liga Norte increparon hoy al presidente italiano, Giorgio Napolitano, cuando interven\u00eda ante el pleno de la Euroc\u00e1mara, donde lanz\u00f3 un mensaje en defensa del proyecto europeo y en contra de los movimientos euroesc\u00e9pticos alentados por la crisis econ\u00f3mica. Durante el discurso de Napolitano ante el pleno","og:url":"https:\/\/www.eldigitaldeasturias.com\/noticias\/la-liga-norte-increpa-a-napolitano-durante-su-discurso-europeista-en-el-pe\/","article:tag":["actualidad"],"article:published_time":"2014-02-04T22:15:19+00:00","article:modified_time":"2014-02-04T22:15:19+00:00","article:publisher":"https:\/\/facebook.com\/eldigitaldeasturias","twitter:card":"summary_large_image","twitter:title":"La Liga Norte increpa a Napolitano durante su discurso europe\u00edsta en el PE - El Digital de Asturias","twitter:description":"Estrasburgo (Francia), 4 feb (EFE).- Los eurodiputados de la Liga Norte increparon hoy al presidente italiano, Giorgio Napolitano, cuando interven\u00eda ante el pleno de la Euroc\u00e1mara, donde lanz\u00f3 un mensaje en defensa del proyecto europeo y en contra de los movimientos euroesc\u00e9pticos alentados por la crisis econ\u00f3mica. Durante el discurso de Napolitano ante el pleno","twitter:label1":"Escrito por","twitter:data1":"El Digital de Asturias","twitter:label2":"Tiempo de lectura estimado","twitter:data2":"2 minutos"},"aioseo_meta_data":{"post_id":"483503","title":null,"description":null,"keywords":null,"keyphrases":null,"primary_term":null,"canonical_url":null,"og_title":null,"og_description":null,"og_object_type":"default","og_image_type":"default","og_image_url":null,"og_image_width":null,"og_image_height":null,"og_image_custom_url":null,"og_image_custom_fields":null,"og_video":null,"og_custom_url":null,"og_article_section":null,"og_article_tags":null,"twitter_use_og":true,"twitter_card":"default","twitter_image_type":"default","twitter_image_url":null,"twitter_image_custom_url":null,"twitter_image_custom_fields":null,"twitter_title":null,"twitter_description":null,"schema":{"blockGraphs":[],"customGraphs":[],"default":{"data":{"Article":[],"Course":[],"Dataset":[],"FAQPage":[],"Movie":[],"Person":[],"Product":[],"ProductReview":[],"Car":[],"Recipe":[],"Service":[],"SoftwareApplication":[],"WebPage":[]},"graphName":"","isEnabled":true},"graphs":[],"defaultGraph":"","defaultPostTypeGraph":""},"schema_type":null,"schema_type_options":null,"pillar_content":false,"robots_default":true,"robots_noindex":false,"robots_noarchive":false,"robots_nosnippet":false,"robots_nofollow":false,"robots_noimageindex":false,"robots_noodp":false,"robots_notranslate":false,"robots_max_snippet":null,"robots_max_videopreview":null,"robots_max_imagepreview":"none","priority":null,"frequency":null,"local_seo":null,"seo_analyzer_scan_date":"2026-06-02 13:03:57","breadcrumb_settings":null,"limit_modified_date":false,"open_ai":null,"ai":null,"created":"2020-11-14 22:54:46","updated":"2026-06-02 13:03:57","focus_keyword":null,"additional_keywords":null,"truseo_locale":null},"aioseo_breadcrumb":"<div class=\"aioseo-breadcrumbs\"><span class=\"aioseo-breadcrumb\">\n\t<a href=\"https:\/\/www.eldigitaldeasturias.com\/noticias\" title=\"Home\">Home<\/a>\n<\/span><span class=\"aioseo-breadcrumb-separator\">\u2013<\/span><span class=\"aioseo-breadcrumb\">\n\t<a href=\"https:\/\/www.eldigitaldeasturias.com\/noticias\/category\/actualidad\/\" title=\"Actualidad\">Actualidad<\/a>\n<\/span><span class=\"aioseo-breadcrumb-separator\">\u2013<\/span><span class=\"aioseo-breadcrumb\">\n\t<a href=\"https:\/\/www.eldigitaldeasturias.com\/noticias\/la-liga-norte-increpa-a-napolitano-durante-su-discurso-europeista-en-el-pe\/\" title=\"La Liga Norte increpa a Napolitano durante su discurso europe\u00edsta en el PE\">La Liga Norte increpa a Napolitano durante su discurso europe\u00edsta en el PE<\/a>\n<\/span><\/div>","aioseo_breadcrumb_json":[{"label":"Home","link":"https:\/\/www.eldigitaldeasturias.com\/noticias"},{"label":"Actualidad","link":"https:\/\/www.eldigitaldeasturias.com\/noticias\/category\/actualidad\/"},{"label":"La Liga Norte increpa a Napolitano durante su discurso europe\u00edsta en el PE","link":"https:\/\/www.eldigitaldeasturias.com\/noticias\/la-liga-norte-increpa-a-napolitano-durante-su-discurso-europeista-en-el-pe\/"}],"_links":{"self":[{"href":"https:\/\/www.eldigitaldeasturias.com\/noticias\/wp-json\/wp\/v2\/posts\/483503","targetHints":{"allow":["GET"]}}],"collection":[{"href":"https:\/\/www.eldigitaldeasturias.com\/noticias\/wp-json\/wp\/v2\/posts"}],"about":[{"href":"https:\/\/www.eldigitaldeasturias.com\/noticias\/wp-json\/wp\/v2\/types\/post"}],"author":[{"embeddable":true,"href":"https:\/\/www.eldigitaldeasturias.com\/noticias\/wp-json\/wp\/v2\/users\/1"}],"replies":[{"embeddable":true,"href":"https:\/\/www.eldigitaldeasturias.com\/noticias\/wp-json\/wp\/v2\/comments?post=483503"}],"version-history":[{"count":0,"href":"https:\/\/www.eldigitaldeasturias.com\/noticias\/wp-json\/wp\/v2\/posts\/483503\/revisions"}],"wp:attachment":[{"href":"https:\/\/www.eldigitaldeasturias.com\/noticias\/wp-json\/wp\/v2\/media?parent=483503"}],"wp:term":[{"taxonomy":"category","embeddable":true,"href":"https:\/\/www.eldigitaldeasturias.com\/noticias\/wp-json\/wp\/v2\/categories?post=483503"},{"taxonomy":"post_tag","embeddable":true,"href":"https:\/\/www.eldigitaldeasturias.com\/noticias\/wp-json\/wp\/v2\/tags?post=483503"}],"curies":[{"name":"wp","href":"https:\/\/api.w.org\/{rel}","templated":true}]}}