{"id":483487,"date":"2014-02-04T21:03:57","date_gmt":"2014-02-04T22:03:57","guid":{"rendered":"http:\/\/www.eldigitaldeasturias.com\/noticias\/?p=483487"},"modified":"2014-02-04T21:03:57","modified_gmt":"2014-02-04T22:03:57","slug":"bale-se-entrena-a-tope-y-esta-listo-para-volver-de-titular","status":"publish","type":"post","link":"https:\/\/www.eldigitaldeasturias.com\/noticias\/bale-se-entrena-a-tope-y-esta-listo-para-volver-de-titular\/","title":{"rendered":"Bale se entrena a tope y est\u00e1 listo para volver de titular"},"content":{"rendered":"<p><img loading=\"lazy\" decoding=\"async\" class=\"alignleft size-medium wp-image-483488\" alt=\"5907532w\" src=\"https:\/\/www.eldigitaldeasturias.com\/noticias\/wp-content\/uploads\/2014\/02\/5907532w-360x239.jpg\" width=\"360\" height=\"239\" \/>Madrid, 4 feb (EFE).- El gal\u00e9s Gareth Bale se entren\u00f3 hoy por segundo d\u00eda consecutivo junto al resto de sus compa\u00f1eros, mostrando que ha superado totalmente las molestias que arrastraba en el gemelo izquierdo y que est\u00e1 preparado para regresar al once ante el Atl\u00e9tico de Madrid en la semifinal copera.<\/p>\n<p>\u00abBale est\u00e1 disponible, se ha recuperado bien y se entren\u00f3 bien estos dos d\u00edas con el equipo. Est\u00e1 bien para jugar\u00bb, confirm\u00f3 el t\u00e9cnico madridista, Carlo Ancelotti, en su rueda de prensa en la ciudad deportiva de Valdebebas tras dirigir la \u00faltima sesi\u00f3n.<\/p>\n<p>Bale ser\u00e1 la novedad en la convocatoria y tambi\u00e9n en el equipo titular de Ancelotti para el partido de ida de las semifinales de Copa del Rey, en el que confirm\u00f3 un cambio de los laterales y la titularidad de \u00c1lvaro Arbeloa en la derecha y el portugu\u00e9s Fabio Coentrao en la izquierda.<\/p>\n<p>El entrenador madridista ya podr\u00eda haber contado con Bale el domingo en el nuevo San Mam\u00e9s, pero decidi\u00f3 no arriesgar y reservarle para el derbi madrile\u00f1o copero. El gal\u00e9s no juega desde que fue sustituido en el descanso del partido ante el Granada, el pasado 25 de enero, por molestias en el gemelo izquierdo que ya le tuvieron de baja con anterioridad. Ya se ha perdido diez encuentros por peque\u00f1as lesiones que le han cortado la continuidad en el juego.<\/p>\n","protected":false},"excerpt":{"rendered":"<p>Madrid, 4 feb (EFE).- El gal\u00e9s Gareth Bale se entren\u00f3 hoy por segundo d\u00eda consecutivo junto al resto de sus compa\u00f1eros, mostrando que ha superado totalmente las molestias que arrastraba en el gemelo izquierdo y que est\u00e1 preparado para regresar al once ante el Atl\u00e9tico de Madrid en la semifinal copera. \u00abBale est\u00e1 disponible, se [&hellip;]<\/p>\n","protected":false},"author":1,"featured_media":483488,"comment_status":"closed","ping_status":"open","sticky":false,"template":"","format":"standard","meta":{"footnotes":""},"categories":[1],"tags":[],"class_list":["post-483487","post","type-post","status-publish","format-standard","has-post-thumbnail","hentry","category-actualidad"],"aioseo_notices":[],"aioseo_head":"\n\t\t<!-- All in One SEO Pro 5.0.1 - aioseo.com -->\n\t<meta name=\"description\" content=\"Madrid, 4 feb (EFE).- El gal\u00e9s Gareth Bale se entren\u00f3 hoy por segundo d\u00eda consecutivo junto al resto de sus compa\u00f1eros, mostrando que ha superado totalmente las molestias que arrastraba en el gemelo izquierdo y que est\u00e1 preparado para regresar al once ante el Atl\u00e9tico de Madrid en la semifinal copera. &quot;Bale est\u00e1 disponible, se\" \/>\n\t<meta name=\"robots\" content=\"max-image-preview:large\" \/>\n\t<meta name=\"author\" content=\"El Digital de Asturias\"\/>\n\t<meta name=\"google-site-verification\" content=\"UA-38556648-1\" \/>\n\t<meta name=\"msvalidate.01\" content=\"7dfe9f3f1b24437ab69f4f2559babe99\" \/>\n\t<meta name=\"keywords\" content=\"actualidad\" \/>\n\t<link rel=\"canonical\" href=\"https:\/\/www.eldigitaldeasturias.com\/noticias\/bale-se-entrena-a-tope-y-esta-listo-para-volver-de-titular\/\" \/>\n\t<meta name=\"generator\" content=\"All in One SEO Pro (AIOSEO) 5.0.1\" \/>\n\t\t<meta property=\"og:locale\" content=\"es_ES\" \/>\n\t\t<meta property=\"og:site_name\" content=\"El Digital de Asturias\" \/>\n\t\t<meta property=\"og:type\" content=\"article\" \/>\n\t\t<meta property=\"og:title\" content=\"Bale se entrena a tope y est\u00e1 listo para volver de titular - El Digital de Asturias\" \/>\n\t\t<meta property=\"og:description\" content=\"Madrid, 4 feb (EFE).- El gal\u00e9s Gareth Bale se entren\u00f3 hoy por segundo d\u00eda consecutivo junto al resto de sus compa\u00f1eros, mostrando que ha superado totalmente las molestias que arrastraba en el gemelo izquierdo y que est\u00e1 preparado para regresar al once ante el Atl\u00e9tico de Madrid en la semifinal copera. &quot;Bale est\u00e1 disponible, se\" \/>\n\t\t<meta property=\"og:url\" content=\"https:\/\/www.eldigitaldeasturias.com\/noticias\/bale-se-entrena-a-tope-y-esta-listo-para-volver-de-titular\/\" \/>\n\t\t<meta property=\"article:tag\" content=\"actualidad\" \/>\n\t\t<meta property=\"article:published_time\" content=\"2014-02-04T22:03:57+00:00\" \/>\n\t\t<meta property=\"article:modified_time\" content=\"2014-02-04T22:03:57+00:00\" \/>\n\t\t<meta property=\"article:publisher\" content=\"https:\/\/facebook.com\/eldigitaldeasturias\" \/>\n\t\t<meta name=\"twitter:card\" content=\"summary_large_image\" \/>\n\t\t<meta name=\"twitter:title\" content=\"Bale se entrena a tope y est\u00e1 listo para volver de titular - El Digital de Asturias\" \/>\n\t\t<meta name=\"twitter:description\" content=\"Madrid, 4 feb (EFE).- El gal\u00e9s Gareth Bale se entren\u00f3 hoy por segundo d\u00eda consecutivo junto al resto de sus compa\u00f1eros, mostrando que ha superado totalmente las molestias que arrastraba en el gemelo izquierdo y que est\u00e1 preparado para regresar al once ante el Atl\u00e9tico de Madrid en la semifinal copera. &quot;Bale est\u00e1 disponible, se\" \/>\n\t\t<meta name=\"twitter:label1\" content=\"Escrito por\" \/>\n\t\t<meta name=\"twitter:data1\" content=\"El Digital de Asturias\" \/>\n\t\t<meta name=\"twitter:label2\" content=\"Tiempo de lectura estimado\" \/>\n\t\t<meta name=\"twitter:data2\" content=\"1 minuto\" \/>\n\t\t<script type=\"application\/ld+json\" class=\"aioseo-schema\">\n\t\t\t{\"@context\":\"https:\\\/\\\/schema.org\",\"@graph\":[{\"@type\":\"BlogPosting\",\"@id\":\"https:\\\/\\\/www.eldigitaldeasturias.com\\\/noticias\\\/bale-se-entrena-a-tope-y-esta-listo-para-volver-de-titular\\\/#blogposting\",\"name\":\"Bale se entrena a tope y est\\u00e1 listo para volver de titular - El Digital de Asturias\",\"headline\":\"Bale se entrena a tope y est\\u00e1 listo para volver de titular\",\"author\":{\"@id\":\"https:\\\/\\\/www.eldigitaldeasturias.com\\\/noticias\\\/author\\\/admin\\\/#author\"},\"publisher\":{\"@id\":\"https:\\\/\\\/www.eldigitaldeasturias.com\\\/noticias\\\/#organization\"},\"image\":{\"@type\":\"ImageObject\",\"url\":483488},\"datePublished\":\"2014-02-04T21:03:57+01:00\",\"dateModified\":\"2014-02-04T21:03:57+01:00\",\"inLanguage\":\"es-ES\",\"mainEntityOfPage\":{\"@id\":\"https:\\\/\\\/www.eldigitaldeasturias.com\\\/noticias\\\/bale-se-entrena-a-tope-y-esta-listo-para-volver-de-titular\\\/#webpage\"},\"isPartOf\":{\"@id\":\"https:\\\/\\\/www.eldigitaldeasturias.com\\\/noticias\\\/bale-se-entrena-a-tope-y-esta-listo-para-volver-de-titular\\\/#webpage\"},\"articleSection\":\"Actualidad\"},{\"@type\":\"BreadcrumbList\",\"@id\":\"https:\\\/\\\/www.eldigitaldeasturias.com\\\/noticias\\\/bale-se-entrena-a-tope-y-esta-listo-para-volver-de-titular\\\/#breadcrumblist\",\"itemListElement\":[{\"@type\":\"ListItem\",\"@id\":\"https:\\\/\\\/www.eldigitaldeasturias.com\\\/noticias#listItem\",\"position\":1,\"name\":\"Home\",\"item\":\"https:\\\/\\\/www.eldigitaldeasturias.com\\\/noticias\",\"nextItem\":{\"@type\":\"ListItem\",\"@id\":\"https:\\\/\\\/www.eldigitaldeasturias.com\\\/noticias\\\/category\\\/actualidad\\\/#listItem\",\"name\":\"Actualidad\"}},{\"@type\":\"ListItem\",\"@id\":\"https:\\\/\\\/www.eldigitaldeasturias.com\\\/noticias\\\/category\\\/actualidad\\\/#listItem\",\"position\":2,\"name\":\"Actualidad\",\"item\":\"https:\\\/\\\/www.eldigitaldeasturias.com\\\/noticias\\\/category\\\/actualidad\\\/\",\"nextItem\":{\"@type\":\"ListItem\",\"@id\":\"https:\\\/\\\/www.eldigitaldeasturias.com\\\/noticias\\\/bale-se-entrena-a-tope-y-esta-listo-para-volver-de-titular\\\/#listItem\",\"name\":\"Bale se entrena a tope y est\\u00e1 listo para volver de titular\"},\"previousItem\":{\"@type\":\"ListItem\",\"@id\":\"https:\\\/\\\/www.eldigitaldeasturias.com\\\/noticias#listItem\",\"name\":\"Home\"}},{\"@type\":\"ListItem\",\"@id\":\"https:\\\/\\\/www.eldigitaldeasturias.com\\\/noticias\\\/bale-se-entrena-a-tope-y-esta-listo-para-volver-de-titular\\\/#listItem\",\"position\":3,\"name\":\"Bale se entrena a tope y est\\u00e1 listo para volver de titular\",\"previousItem\":{\"@type\":\"ListItem\",\"@id\":\"https:\\\/\\\/www.eldigitaldeasturias.com\\\/noticias\\\/category\\\/actualidad\\\/#listItem\",\"name\":\"Actualidad\"}}]},{\"@type\":\"Organization\",\"@id\":\"https:\\\/\\\/www.eldigitaldeasturias.com\\\/noticias\\\/#organization\",\"name\":\"El Digital de Asturias\",\"description\":\"Hemeroteca\",\"url\":\"https:\\\/\\\/www.eldigitaldeasturias.com\\\/noticias\\\/\",\"email\":\"info@eldigitaldeasturias.com\",\"telephone\":\"+34652131393\",\"logo\":{\"@type\":\"ImageObject\",\"url\":\"https:\\\/\\\/www.eldigitaldeasturias.com\\\/noticias\\\/wp-content\\\/uploads\\\/2020\\\/12\\\/EDA.jpg\",\"@id\":\"https:\\\/\\\/www.eldigitaldeasturias.com\\\/noticias\\\/bale-se-entrena-a-tope-y-esta-listo-para-volver-de-titular\\\/#organizationLogo\"},\"image\":{\"@id\":\"https:\\\/\\\/www.eldigitaldeasturias.com\\\/noticias\\\/bale-se-entrena-a-tope-y-esta-listo-para-volver-de-titular\\\/#organizationLogo\"},\"sameAs\":[\"https:\\\/\\\/facebook.com\\\/eldigitaldeasturias\",\"https:\\\/\\\/www.youtube.com\\\/channel\\\/UCZP-2wLEB9Rv6erhFmqVnvg\"],\"address\":{\"@id\":\"https:\\\/\\\/www.eldigitaldeasturias.com\\\/noticias\\\/#postaladdress\",\"@type\":\"PostalAddress\",\"streetAddress\":\"san antonio 4\",\"postalCode\":\"33430\",\"addressLocality\":\"Cand\\u00e1s\",\"addressRegion\":\"Asturias\",\"addressCountry\":\"ES\"}},{\"@type\":\"Person\",\"@id\":\"https:\\\/\\\/www.eldigitaldeasturias.com\\\/noticias\\\/author\\\/admin\\\/#author\",\"url\":\"https:\\\/\\\/www.eldigitaldeasturias.com\\\/noticias\\\/author\\\/admin\\\/\",\"name\":\"El Digital de Asturias\",\"image\":{\"@type\":\"ImageObject\",\"@id\":\"https:\\\/\\\/www.eldigitaldeasturias.com\\\/noticias\\\/bale-se-entrena-a-tope-y-esta-listo-para-volver-de-titular\\\/#authorImage\",\"url\":\"https:\\\/\\\/secure.gravatar.com\\\/avatar\\\/df2aeffc32bcd13f8d26072ef8a91b623d677766deac7f97ca815868cd41bf5e?s=96&d=mm&r=g\",\"width\":96,\"height\":96,\"caption\":\"El Digital de Asturias\"}},{\"@type\":\"WebPage\",\"@id\":\"https:\\\/\\\/www.eldigitaldeasturias.com\\\/noticias\\\/bale-se-entrena-a-tope-y-esta-listo-para-volver-de-titular\\\/#webpage\",\"url\":\"https:\\\/\\\/www.eldigitaldeasturias.com\\\/noticias\\\/bale-se-entrena-a-tope-y-esta-listo-para-volver-de-titular\\\/\",\"name\":\"Bale se entrena a tope y est\\u00e1 listo para volver de titular - El Digital de Asturias\",\"description\":\"Madrid, 4 feb (EFE).- El gal\\u00e9s Gareth Bale se entren\\u00f3 hoy por segundo d\\u00eda consecutivo junto al resto de sus compa\\u00f1eros, mostrando que ha superado totalmente las molestias que arrastraba en el gemelo izquierdo y que est\\u00e1 preparado para regresar al once ante el Atl\\u00e9tico de Madrid en la semifinal copera. \\\"Bale est\\u00e1 disponible, se\",\"inLanguage\":\"es-ES\",\"isPartOf\":{\"@id\":\"https:\\\/\\\/www.eldigitaldeasturias.com\\\/noticias\\\/#website\"},\"breadcrumb\":{\"@id\":\"https:\\\/\\\/www.eldigitaldeasturias.com\\\/noticias\\\/bale-se-entrena-a-tope-y-esta-listo-para-volver-de-titular\\\/#breadcrumblist\"},\"author\":{\"@id\":\"https:\\\/\\\/www.eldigitaldeasturias.com\\\/noticias\\\/author\\\/admin\\\/#author\"},\"creator\":{\"@id\":\"https:\\\/\\\/www.eldigitaldeasturias.com\\\/noticias\\\/author\\\/admin\\\/#author\"},\"image\":{\"@type\":\"ImageObject\",\"url\":483488,\"@id\":\"https:\\\/\\\/www.eldigitaldeasturias.com\\\/noticias\\\/bale-se-entrena-a-tope-y-esta-listo-para-volver-de-titular\\\/#mainImage\"},\"primaryImageOfPage\":{\"@id\":\"https:\\\/\\\/www.eldigitaldeasturias.com\\\/noticias\\\/bale-se-entrena-a-tope-y-esta-listo-para-volver-de-titular\\\/#mainImage\"},\"datePublished\":\"2014-02-04T21:03:57+01:00\",\"dateModified\":\"2014-02-04T21:03:57+01:00\"},{\"@type\":\"WebSite\",\"@id\":\"https:\\\/\\\/www.eldigitaldeasturias.com\\\/noticias\\\/#website\",\"url\":\"https:\\\/\\\/www.eldigitaldeasturias.com\\\/noticias\\\/\",\"name\":\"El Digital de Asturias - Diario de actualidad y noticias\",\"alternateName\":\"El Digital de Asturias - Diario de actualidad y noticias\",\"description\":\"Hemeroteca\",\"inLanguage\":\"es-ES\",\"publisher\":{\"@id\":\"https:\\\/\\\/www.eldigitaldeasturias.com\\\/noticias\\\/#organization\"}}]}\n\t\t<\/script>\n\t\t<!-- All in One SEO Pro -->\r\n\t\t<title>Bale se entrena a tope y est\u00e1 listo para volver de titular - El Digital de Asturias<\/title>\n\n","aioseo_head_json":{"title":"Bale se entrena a tope y est\u00e1 listo para volver de titular - El Digital de Asturias","description":"Madrid, 4 feb (EFE).- El gal\u00e9s Gareth Bale se entren\u00f3 hoy por segundo d\u00eda consecutivo junto al resto de sus compa\u00f1eros, mostrando que ha superado totalmente las molestias que arrastraba en el gemelo izquierdo y que est\u00e1 preparado para regresar al once ante el Atl\u00e9tico de Madrid en la semifinal copera. \"Bale est\u00e1 disponible, se","canonical_url":"https:\/\/www.eldigitaldeasturias.com\/noticias\/bale-se-entrena-a-tope-y-esta-listo-para-volver-de-titular\/","robots":"max-image-preview:large","keywords":"actualidad","webmasterTools":{"google-site-verification":"UA-38556648-1","msvalidate.01":"7dfe9f3f1b24437ab69f4f2559babe99","miscellaneous":""},"schema":{"@context":"https:\/\/schema.org","@graph":[{"@type":"BlogPosting","@id":"https:\/\/www.eldigitaldeasturias.com\/noticias\/bale-se-entrena-a-tope-y-esta-listo-para-volver-de-titular\/#blogposting","name":"Bale se entrena a tope y est\u00e1 listo para volver de titular - El Digital de Asturias","headline":"Bale se entrena a tope y est\u00e1 listo para volver de titular","author":{"@id":"https:\/\/www.eldigitaldeasturias.com\/noticias\/author\/admin\/#author"},"publisher":{"@id":"https:\/\/www.eldigitaldeasturias.com\/noticias\/#organization"},"image":{"@type":"ImageObject","url":483488},"datePublished":"2014-02-04T21:03:57+01:00","dateModified":"2014-02-04T21:03:57+01:00","inLanguage":"es-ES","mainEntityOfPage":{"@id":"https:\/\/www.eldigitaldeasturias.com\/noticias\/bale-se-entrena-a-tope-y-esta-listo-para-volver-de-titular\/#webpage"},"isPartOf":{"@id":"https:\/\/www.eldigitaldeasturias.com\/noticias\/bale-se-entrena-a-tope-y-esta-listo-para-volver-de-titular\/#webpage"},"articleSection":"Actualidad"},{"@type":"BreadcrumbList","@id":"https:\/\/www.eldigitaldeasturias.com\/noticias\/bale-se-entrena-a-tope-y-esta-listo-para-volver-de-titular\/#breadcrumblist","itemListElement":[{"@type":"ListItem","@id":"https:\/\/www.eldigitaldeasturias.com\/noticias#listItem","position":1,"name":"Home","item":"https:\/\/www.eldigitaldeasturias.com\/noticias","nextItem":{"@type":"ListItem","@id":"https:\/\/www.eldigitaldeasturias.com\/noticias\/category\/actualidad\/#listItem","name":"Actualidad"}},{"@type":"ListItem","@id":"https:\/\/www.eldigitaldeasturias.com\/noticias\/category\/actualidad\/#listItem","position":2,"name":"Actualidad","item":"https:\/\/www.eldigitaldeasturias.com\/noticias\/category\/actualidad\/","nextItem":{"@type":"ListItem","@id":"https:\/\/www.eldigitaldeasturias.com\/noticias\/bale-se-entrena-a-tope-y-esta-listo-para-volver-de-titular\/#listItem","name":"Bale se entrena a tope y est\u00e1 listo para volver de titular"},"previousItem":{"@type":"ListItem","@id":"https:\/\/www.eldigitaldeasturias.com\/noticias#listItem","name":"Home"}},{"@type":"ListItem","@id":"https:\/\/www.eldigitaldeasturias.com\/noticias\/bale-se-entrena-a-tope-y-esta-listo-para-volver-de-titular\/#listItem","position":3,"name":"Bale se entrena a tope y est\u00e1 listo para volver de titular","previousItem":{"@type":"ListItem","@id":"https:\/\/www.eldigitaldeasturias.com\/noticias\/category\/actualidad\/#listItem","name":"Actualidad"}}]},{"@type":"Organization","@id":"https:\/\/www.eldigitaldeasturias.com\/noticias\/#organization","name":"El Digital de Asturias","description":"Hemeroteca","url":"https:\/\/www.eldigitaldeasturias.com\/noticias\/","email":"info@eldigitaldeasturias.com","telephone":"+34652131393","logo":{"@type":"ImageObject","url":"https:\/\/www.eldigitaldeasturias.com\/noticias\/wp-content\/uploads\/2020\/12\/EDA.jpg","@id":"https:\/\/www.eldigitaldeasturias.com\/noticias\/bale-se-entrena-a-tope-y-esta-listo-para-volver-de-titular\/#organizationLogo"},"image":{"@id":"https:\/\/www.eldigitaldeasturias.com\/noticias\/bale-se-entrena-a-tope-y-esta-listo-para-volver-de-titular\/#organizationLogo"},"sameAs":["https:\/\/facebook.com\/eldigitaldeasturias","https:\/\/www.youtube.com\/channel\/UCZP-2wLEB9Rv6erhFmqVnvg"],"address":{"@id":"https:\/\/www.eldigitaldeasturias.com\/noticias\/#postaladdress","@type":"PostalAddress","streetAddress":"san antonio 4","postalCode":"33430","addressLocality":"Cand\u00e1s","addressRegion":"Asturias","addressCountry":"ES"}},{"@type":"Person","@id":"https:\/\/www.eldigitaldeasturias.com\/noticias\/author\/admin\/#author","url":"https:\/\/www.eldigitaldeasturias.com\/noticias\/author\/admin\/","name":"El Digital de Asturias","image":{"@type":"ImageObject","@id":"https:\/\/www.eldigitaldeasturias.com\/noticias\/bale-se-entrena-a-tope-y-esta-listo-para-volver-de-titular\/#authorImage","url":"https:\/\/secure.gravatar.com\/avatar\/df2aeffc32bcd13f8d26072ef8a91b623d677766deac7f97ca815868cd41bf5e?s=96&d=mm&r=g","width":96,"height":96,"caption":"El Digital de Asturias"}},{"@type":"WebPage","@id":"https:\/\/www.eldigitaldeasturias.com\/noticias\/bale-se-entrena-a-tope-y-esta-listo-para-volver-de-titular\/#webpage","url":"https:\/\/www.eldigitaldeasturias.com\/noticias\/bale-se-entrena-a-tope-y-esta-listo-para-volver-de-titular\/","name":"Bale se entrena a tope y est\u00e1 listo para volver de titular - El Digital de Asturias","description":"Madrid, 4 feb (EFE).- El gal\u00e9s Gareth Bale se entren\u00f3 hoy por segundo d\u00eda consecutivo junto al resto de sus compa\u00f1eros, mostrando que ha superado totalmente las molestias que arrastraba en el gemelo izquierdo y que est\u00e1 preparado para regresar al once ante el Atl\u00e9tico de Madrid en la semifinal copera. \"Bale est\u00e1 disponible, se","inLanguage":"es-ES","isPartOf":{"@id":"https:\/\/www.eldigitaldeasturias.com\/noticias\/#website"},"breadcrumb":{"@id":"https:\/\/www.eldigitaldeasturias.com\/noticias\/bale-se-entrena-a-tope-y-esta-listo-para-volver-de-titular\/#breadcrumblist"},"author":{"@id":"https:\/\/www.eldigitaldeasturias.com\/noticias\/author\/admin\/#author"},"creator":{"@id":"https:\/\/www.eldigitaldeasturias.com\/noticias\/author\/admin\/#author"},"image":{"@type":"ImageObject","url":483488,"@id":"https:\/\/www.eldigitaldeasturias.com\/noticias\/bale-se-entrena-a-tope-y-esta-listo-para-volver-de-titular\/#mainImage"},"primaryImageOfPage":{"@id":"https:\/\/www.eldigitaldeasturias.com\/noticias\/bale-se-entrena-a-tope-y-esta-listo-para-volver-de-titular\/#mainImage"},"datePublished":"2014-02-04T21:03:57+01:00","dateModified":"2014-02-04T21:03:57+01:00"},{"@type":"WebSite","@id":"https:\/\/www.eldigitaldeasturias.com\/noticias\/#website","url":"https:\/\/www.eldigitaldeasturias.com\/noticias\/","name":"El Digital de Asturias - Diario de actualidad y noticias","alternateName":"El Digital de Asturias - Diario de actualidad y noticias","description":"Hemeroteca","inLanguage":"es-ES","publisher":{"@id":"https:\/\/www.eldigitaldeasturias.com\/noticias\/#organization"}}]},"og:locale":"es_ES","og:site_name":"El Digital de Asturias","og:type":"article","og:title":"Bale se entrena a tope y est\u00e1 listo para volver de titular - El Digital de Asturias","og:description":"Madrid, 4 feb (EFE).- El gal\u00e9s Gareth Bale se entren\u00f3 hoy por segundo d\u00eda consecutivo junto al resto de sus compa\u00f1eros, mostrando que ha superado totalmente las molestias que arrastraba en el gemelo izquierdo y que est\u00e1 preparado para regresar al once ante el Atl\u00e9tico de Madrid en la semifinal copera. &quot;Bale est\u00e1 disponible, se","og:url":"https:\/\/www.eldigitaldeasturias.com\/noticias\/bale-se-entrena-a-tope-y-esta-listo-para-volver-de-titular\/","article:tag":["actualidad"],"article:published_time":"2014-02-04T22:03:57+00:00","article:modified_time":"2014-02-04T22:03:57+00:00","article:publisher":"https:\/\/facebook.com\/eldigitaldeasturias","twitter:card":"summary_large_image","twitter:title":"Bale se entrena a tope y est\u00e1 listo para volver de titular - El Digital de Asturias","twitter:description":"Madrid, 4 feb (EFE).- El gal\u00e9s Gareth Bale se entren\u00f3 hoy por segundo d\u00eda consecutivo junto al resto de sus compa\u00f1eros, mostrando que ha superado totalmente las molestias que arrastraba en el gemelo izquierdo y que est\u00e1 preparado para regresar al once ante el Atl\u00e9tico de Madrid en la semifinal copera. &quot;Bale est\u00e1 disponible, se","twitter:label1":"Escrito por","twitter:data1":"El Digital de Asturias","twitter:label2":"Tiempo de lectura estimado","twitter:data2":"1 minuto"},"aioseo_meta_data":{"post_id":"483487","title":null,"description":null,"keywords":null,"keyphrases":null,"primary_term":null,"canonical_url":null,"og_title":null,"og_description":null,"og_object_type":"default","og_image_type":"default","og_image_url":null,"og_image_width":null,"og_image_height":null,"og_image_custom_url":null,"og_image_custom_fields":null,"og_video":null,"og_custom_url":null,"og_article_section":null,"og_article_tags":null,"twitter_use_og":true,"twitter_card":"default","twitter_image_type":"default","twitter_image_url":null,"twitter_image_custom_url":null,"twitter_image_custom_fields":null,"twitter_title":null,"twitter_description":null,"schema":{"blockGraphs":[],"customGraphs":[],"default":{"data":{"Article":[],"Course":[],"Dataset":[],"FAQPage":[],"Movie":[],"Person":[],"Product":[],"ProductReview":[],"Car":[],"Recipe":[],"Service":[],"SoftwareApplication":[],"WebPage":[]},"graphName":"","isEnabled":true},"graphs":[],"defaultGraph":"","defaultPostTypeGraph":""},"schema_type":null,"schema_type_options":null,"pillar_content":false,"robots_default":true,"robots_noindex":false,"robots_noarchive":false,"robots_nosnippet":false,"robots_nofollow":false,"robots_noimageindex":false,"robots_noodp":false,"robots_notranslate":false,"robots_max_snippet":null,"robots_max_videopreview":null,"robots_max_imagepreview":"none","priority":null,"frequency":null,"local_seo":null,"seo_analyzer_scan_date":"2026-06-02 12:59:54","breadcrumb_settings":null,"limit_modified_date":false,"open_ai":null,"ai":null,"created":"2020-11-14 22:54:45","updated":"2026-06-02 12:59:54","focus_keyword":null,"additional_keywords":null,"truseo_locale":null},"aioseo_breadcrumb":"<div class=\"aioseo-breadcrumbs\"><span class=\"aioseo-breadcrumb\">\n\t<a href=\"https:\/\/www.eldigitaldeasturias.com\/noticias\" title=\"Home\">Home<\/a>\n<\/span><span class=\"aioseo-breadcrumb-separator\">\u2013<\/span><span class=\"aioseo-breadcrumb\">\n\t<a href=\"https:\/\/www.eldigitaldeasturias.com\/noticias\/category\/actualidad\/\" title=\"Actualidad\">Actualidad<\/a>\n<\/span><span class=\"aioseo-breadcrumb-separator\">\u2013<\/span><span class=\"aioseo-breadcrumb\">\n\t<a href=\"https:\/\/www.eldigitaldeasturias.com\/noticias\/bale-se-entrena-a-tope-y-esta-listo-para-volver-de-titular\/\" title=\"Bale se entrena a tope y est\u00e1 listo para volver de titular\">Bale se entrena a tope y est\u00e1 listo para volver de titular<\/a>\n<\/span><\/div>","aioseo_breadcrumb_json":[{"label":"Home","link":"https:\/\/www.eldigitaldeasturias.com\/noticias"},{"label":"Actualidad","link":"https:\/\/www.eldigitaldeasturias.com\/noticias\/category\/actualidad\/"},{"label":"Bale se entrena a tope y est\u00e1 listo para volver de titular","link":"https:\/\/www.eldigitaldeasturias.com\/noticias\/bale-se-entrena-a-tope-y-esta-listo-para-volver-de-titular\/"}],"_links":{"self":[{"href":"https:\/\/www.eldigitaldeasturias.com\/noticias\/wp-json\/wp\/v2\/posts\/483487","targetHints":{"allow":["GET"]}}],"collection":[{"href":"https:\/\/www.eldigitaldeasturias.com\/noticias\/wp-json\/wp\/v2\/posts"}],"about":[{"href":"https:\/\/www.eldigitaldeasturias.com\/noticias\/wp-json\/wp\/v2\/types\/post"}],"author":[{"embeddable":true,"href":"https:\/\/www.eldigitaldeasturias.com\/noticias\/wp-json\/wp\/v2\/users\/1"}],"replies":[{"embeddable":true,"href":"https:\/\/www.eldigitaldeasturias.com\/noticias\/wp-json\/wp\/v2\/comments?post=483487"}],"version-history":[{"count":0,"href":"https:\/\/www.eldigitaldeasturias.com\/noticias\/wp-json\/wp\/v2\/posts\/483487\/revisions"}],"wp:attachment":[{"href":"https:\/\/www.eldigitaldeasturias.com\/noticias\/wp-json\/wp\/v2\/media?parent=483487"}],"wp:term":[{"taxonomy":"category","embeddable":true,"href":"https:\/\/www.eldigitaldeasturias.com\/noticias\/wp-json\/wp\/v2\/categories?post=483487"},{"taxonomy":"post_tag","embeddable":true,"href":"https:\/\/www.eldigitaldeasturias.com\/noticias\/wp-json\/wp\/v2\/tags?post=483487"}],"curies":[{"name":"wp","href":"https:\/\/api.w.org\/{rel}","templated":true}]}}