{"id":483478,"date":"2014-02-04T20:59:42","date_gmt":"2014-02-04T21:59:42","guid":{"rendered":"http:\/\/www.eldigitaldeasturias.com\/noticias\/?p=483478"},"modified":"2014-02-04T20:59:42","modified_gmt":"2014-02-04T21:59:42","slug":"iu-pide-a-rajoy-explicaciones-por-la-corrupcion-porque-cascos-solo-es-uno-mas","status":"publish","type":"post","link":"https:\/\/www.eldigitaldeasturias.com\/noticias\/iu-pide-a-rajoy-explicaciones-por-la-corrupcion-porque-cascos-solo-es-uno-mas\/","title":{"rendered":"IU pide a Rajoy explicaciones por la corrupci\u00f3n porque Cascos s\u00f3lo es uno m\u00e1s"},"content":{"rendered":"<p><img loading=\"lazy\" decoding=\"async\" class=\"alignleft size-medium wp-image-483479\" alt=\"5907898w\" src=\"https:\/\/www.eldigitaldeasturias.com\/noticias\/wp-content\/uploads\/2014\/02\/5907898w-360x251.jpg\" width=\"360\" height=\"251\" \/>Madrid, 4 feb (EFE).- El portavoz de la Izquierda Plural, Jos\u00e9 Luis Centella, ha insistido en que el presidente del Gobierno, Mariano Rajoy, como \u00abresponsable n\u00famero uno del PP\u00bb, tiene que ir al Congreso a dar explicaciones sobre la corrupci\u00f3n que afecta a su partido porque Francisco \u00c1lvarez-Casco es s\u00f3lo uno m\u00e1s de la lista.<\/p>\n<p>Jos\u00e9 Luis Centella, en una rueda de prensa en el Congreso, se ha referido a los \u00faltimos informes policiales que apuntan a que la trama G\u00fcrtel manej\u00f3 m\u00e1s de 25 millones de euros en dinero negro desde 1996 hasta 2009 e identifican a Francisco \u00c1lvarez Cascos como uno de los mayores perceptores \u00aben la distribuci\u00f3n de los fondos\u00bb.<\/p>\n<p>\u00abEs evidente que Cascos particip\u00f3 de la misma pol\u00edtica que otros dirigentes del PP\u00bb, ha subrayado Centella, pero es Rajoy \u00abel que tiene que venir a dar cuentas y lleva neg\u00e1ndose mucho tiempo\u00bb.<\/p>\n<p>Tambi\u00e9n el portavoz de la Chunta Aragonesista, Ches\u00fas Yuste, en esta misma l\u00ednea, ha dicho que el PP deber\u00eda aceptar el pleno monogr\u00e1fico sobre la corrupci\u00f3n que reclama la Izquierda Plural porque, adem\u00e1s, las investigaciones judiciales \u00abson cada vez m\u00e1s concluyentes\u00bb y revelan que existe una \u00abactitud corrupta\u00bb en la c\u00fapula del partido del gobierno.<\/p>\n<p>\u00abNo vale echar la culpa al que ya no est\u00e1\u00bb, ha afirmado Yuste sobre Cascos porque de lo que se est\u00e1 hablando es de la \u00abestructura\u00bb del partido que est\u00e1 gobernando Espa\u00f1a con mayor\u00eda absoluta.<\/p>\n<p>Tambi\u00e9n sobre corrupci\u00f3n, el diputado de ERC Joan Tard\u00e0 ha se\u00f1alado que \u00abser\u00eda bueno\u00bb que los partidos que promueven acuerdos e iniciativas contra la corrupci\u00f3n, en clara alusi\u00f3n al PP y al PSOE, \u00abdejaran de robar\u00bb.<\/p>\n","protected":false},"excerpt":{"rendered":"<p>Madrid, 4 feb (EFE).- El portavoz de la Izquierda Plural, Jos\u00e9 Luis Centella, ha insistido en que el presidente del Gobierno, Mariano Rajoy, como \u00abresponsable n\u00famero uno del PP\u00bb, tiene que ir al Congreso a dar explicaciones sobre la corrupci\u00f3n que afecta a su partido porque Francisco \u00c1lvarez-Casco es s\u00f3lo uno m\u00e1s de la lista. [&hellip;]<\/p>\n","protected":false},"author":1,"featured_media":483479,"comment_status":"closed","ping_status":"open","sticky":false,"template":"","format":"standard","meta":{"footnotes":""},"categories":[1],"tags":[],"class_list":["post-483478","post","type-post","status-publish","format-standard","has-post-thumbnail","hentry","category-actualidad"],"aioseo_notices":[],"aioseo_head":"\n\t\t<!-- All in One SEO Pro 5.0.1 - aioseo.com -->\n\t<meta name=\"description\" content=\"Madrid, 4 feb (EFE).- El portavoz de la Izquierda Plural, Jos\u00e9 Luis Centella, ha insistido en que el presidente del Gobierno, Mariano Rajoy, como &quot;responsable n\u00famero uno del PP&quot;, tiene que ir al Congreso a dar explicaciones sobre la corrupci\u00f3n que afecta a su partido porque Francisco \u00c1lvarez-Casco es s\u00f3lo uno m\u00e1s de la lista.\" \/>\n\t<meta name=\"robots\" content=\"max-image-preview:large\" \/>\n\t<meta name=\"author\" content=\"El Digital de Asturias\"\/>\n\t<meta name=\"google-site-verification\" content=\"UA-38556648-1\" \/>\n\t<meta name=\"msvalidate.01\" content=\"7dfe9f3f1b24437ab69f4f2559babe99\" \/>\n\t<meta name=\"keywords\" content=\"actualidad\" \/>\n\t<link rel=\"canonical\" href=\"https:\/\/www.eldigitaldeasturias.com\/noticias\/iu-pide-a-rajoy-explicaciones-por-la-corrupcion-porque-cascos-solo-es-uno-mas\/\" \/>\n\t<meta name=\"generator\" content=\"All in One SEO Pro (AIOSEO) 5.0.1\" \/>\n\t\t<meta property=\"og:locale\" content=\"es_ES\" \/>\n\t\t<meta property=\"og:site_name\" content=\"El Digital de Asturias\" \/>\n\t\t<meta property=\"og:type\" content=\"article\" \/>\n\t\t<meta property=\"og:title\" content=\"IU pide a Rajoy explicaciones por la corrupci\u00f3n porque Cascos s\u00f3lo es uno m\u00e1s - El Digital de Asturias\" \/>\n\t\t<meta property=\"og:description\" content=\"Madrid, 4 feb (EFE).- El portavoz de la Izquierda Plural, Jos\u00e9 Luis Centella, ha insistido en que el presidente del Gobierno, Mariano Rajoy, como &quot;responsable n\u00famero uno del PP&quot;, tiene que ir al Congreso a dar explicaciones sobre la corrupci\u00f3n que afecta a su partido porque Francisco \u00c1lvarez-Casco es s\u00f3lo uno m\u00e1s de la lista.\" \/>\n\t\t<meta property=\"og:url\" content=\"https:\/\/www.eldigitaldeasturias.com\/noticias\/iu-pide-a-rajoy-explicaciones-por-la-corrupcion-porque-cascos-solo-es-uno-mas\/\" \/>\n\t\t<meta property=\"article:tag\" content=\"actualidad\" \/>\n\t\t<meta property=\"article:published_time\" content=\"2014-02-04T21:59:42+00:00\" \/>\n\t\t<meta property=\"article:modified_time\" content=\"2014-02-04T21:59:42+00:00\" \/>\n\t\t<meta property=\"article:publisher\" content=\"https:\/\/facebook.com\/eldigitaldeasturias\" \/>\n\t\t<meta name=\"twitter:card\" content=\"summary_large_image\" \/>\n\t\t<meta name=\"twitter:title\" content=\"IU pide a Rajoy explicaciones por la corrupci\u00f3n porque Cascos s\u00f3lo es uno m\u00e1s - El Digital de Asturias\" \/>\n\t\t<meta name=\"twitter:description\" content=\"Madrid, 4 feb (EFE).- El portavoz de la Izquierda Plural, Jos\u00e9 Luis Centella, ha insistido en que el presidente del Gobierno, Mariano Rajoy, como &quot;responsable n\u00famero uno del PP&quot;, tiene que ir al Congreso a dar explicaciones sobre la corrupci\u00f3n que afecta a su partido porque Francisco \u00c1lvarez-Casco es s\u00f3lo uno m\u00e1s de la lista.\" \/>\n\t\t<meta name=\"twitter:label1\" content=\"Escrito por\" \/>\n\t\t<meta name=\"twitter:data1\" content=\"El Digital de Asturias\" \/>\n\t\t<meta name=\"twitter:label2\" content=\"Tiempo de lectura estimado\" \/>\n\t\t<meta name=\"twitter:data2\" content=\"1 minuto\" \/>\n\t\t<script type=\"application\/ld+json\" class=\"aioseo-schema\">\n\t\t\t{\"@context\":\"https:\\\/\\\/schema.org\",\"@graph\":[{\"@type\":\"BlogPosting\",\"@id\":\"https:\\\/\\\/www.eldigitaldeasturias.com\\\/noticias\\\/iu-pide-a-rajoy-explicaciones-por-la-corrupcion-porque-cascos-solo-es-uno-mas\\\/#blogposting\",\"name\":\"IU pide a Rajoy explicaciones por la corrupci\\u00f3n porque Cascos s\\u00f3lo es uno m\\u00e1s - El Digital de Asturias\",\"headline\":\"IU pide a Rajoy explicaciones por la corrupci\\u00f3n porque Cascos s\\u00f3lo es uno m\\u00e1s\",\"author\":{\"@id\":\"https:\\\/\\\/www.eldigitaldeasturias.com\\\/noticias\\\/author\\\/admin\\\/#author\"},\"publisher\":{\"@id\":\"https:\\\/\\\/www.eldigitaldeasturias.com\\\/noticias\\\/#organization\"},\"image\":{\"@type\":\"ImageObject\",\"url\":483479},\"datePublished\":\"2014-02-04T20:59:42+01:00\",\"dateModified\":\"2014-02-04T20:59:42+01:00\",\"inLanguage\":\"es-ES\",\"mainEntityOfPage\":{\"@id\":\"https:\\\/\\\/www.eldigitaldeasturias.com\\\/noticias\\\/iu-pide-a-rajoy-explicaciones-por-la-corrupcion-porque-cascos-solo-es-uno-mas\\\/#webpage\"},\"isPartOf\":{\"@id\":\"https:\\\/\\\/www.eldigitaldeasturias.com\\\/noticias\\\/iu-pide-a-rajoy-explicaciones-por-la-corrupcion-porque-cascos-solo-es-uno-mas\\\/#webpage\"},\"articleSection\":\"Actualidad\"},{\"@type\":\"BreadcrumbList\",\"@id\":\"https:\\\/\\\/www.eldigitaldeasturias.com\\\/noticias\\\/iu-pide-a-rajoy-explicaciones-por-la-corrupcion-porque-cascos-solo-es-uno-mas\\\/#breadcrumblist\",\"itemListElement\":[{\"@type\":\"ListItem\",\"@id\":\"https:\\\/\\\/www.eldigitaldeasturias.com\\\/noticias#listItem\",\"position\":1,\"name\":\"Home\",\"item\":\"https:\\\/\\\/www.eldigitaldeasturias.com\\\/noticias\",\"nextItem\":{\"@type\":\"ListItem\",\"@id\":\"https:\\\/\\\/www.eldigitaldeasturias.com\\\/noticias\\\/category\\\/actualidad\\\/#listItem\",\"name\":\"Actualidad\"}},{\"@type\":\"ListItem\",\"@id\":\"https:\\\/\\\/www.eldigitaldeasturias.com\\\/noticias\\\/category\\\/actualidad\\\/#listItem\",\"position\":2,\"name\":\"Actualidad\",\"item\":\"https:\\\/\\\/www.eldigitaldeasturias.com\\\/noticias\\\/category\\\/actualidad\\\/\",\"nextItem\":{\"@type\":\"ListItem\",\"@id\":\"https:\\\/\\\/www.eldigitaldeasturias.com\\\/noticias\\\/iu-pide-a-rajoy-explicaciones-por-la-corrupcion-porque-cascos-solo-es-uno-mas\\\/#listItem\",\"name\":\"IU pide a Rajoy explicaciones por la corrupci\\u00f3n porque Cascos s\\u00f3lo es uno m\\u00e1s\"},\"previousItem\":{\"@type\":\"ListItem\",\"@id\":\"https:\\\/\\\/www.eldigitaldeasturias.com\\\/noticias#listItem\",\"name\":\"Home\"}},{\"@type\":\"ListItem\",\"@id\":\"https:\\\/\\\/www.eldigitaldeasturias.com\\\/noticias\\\/iu-pide-a-rajoy-explicaciones-por-la-corrupcion-porque-cascos-solo-es-uno-mas\\\/#listItem\",\"position\":3,\"name\":\"IU pide a Rajoy explicaciones por la corrupci\\u00f3n porque Cascos s\\u00f3lo es uno m\\u00e1s\",\"previousItem\":{\"@type\":\"ListItem\",\"@id\":\"https:\\\/\\\/www.eldigitaldeasturias.com\\\/noticias\\\/category\\\/actualidad\\\/#listItem\",\"name\":\"Actualidad\"}}]},{\"@type\":\"Organization\",\"@id\":\"https:\\\/\\\/www.eldigitaldeasturias.com\\\/noticias\\\/#organization\",\"name\":\"El Digital de Asturias\",\"description\":\"Hemeroteca\",\"url\":\"https:\\\/\\\/www.eldigitaldeasturias.com\\\/noticias\\\/\",\"email\":\"info@eldigitaldeasturias.com\",\"telephone\":\"+34652131393\",\"logo\":{\"@type\":\"ImageObject\",\"url\":\"https:\\\/\\\/www.eldigitaldeasturias.com\\\/noticias\\\/wp-content\\\/uploads\\\/2020\\\/12\\\/EDA.jpg\",\"@id\":\"https:\\\/\\\/www.eldigitaldeasturias.com\\\/noticias\\\/iu-pide-a-rajoy-explicaciones-por-la-corrupcion-porque-cascos-solo-es-uno-mas\\\/#organizationLogo\"},\"image\":{\"@id\":\"https:\\\/\\\/www.eldigitaldeasturias.com\\\/noticias\\\/iu-pide-a-rajoy-explicaciones-por-la-corrupcion-porque-cascos-solo-es-uno-mas\\\/#organizationLogo\"},\"sameAs\":[\"https:\\\/\\\/facebook.com\\\/eldigitaldeasturias\",\"https:\\\/\\\/www.youtube.com\\\/channel\\\/UCZP-2wLEB9Rv6erhFmqVnvg\"],\"address\":{\"@id\":\"https:\\\/\\\/www.eldigitaldeasturias.com\\\/noticias\\\/#postaladdress\",\"@type\":\"PostalAddress\",\"streetAddress\":\"san antonio 4\",\"postalCode\":\"33430\",\"addressLocality\":\"Cand\\u00e1s\",\"addressRegion\":\"Asturias\",\"addressCountry\":\"ES\"}},{\"@type\":\"Person\",\"@id\":\"https:\\\/\\\/www.eldigitaldeasturias.com\\\/noticias\\\/author\\\/admin\\\/#author\",\"url\":\"https:\\\/\\\/www.eldigitaldeasturias.com\\\/noticias\\\/author\\\/admin\\\/\",\"name\":\"El Digital de Asturias\",\"image\":{\"@type\":\"ImageObject\",\"@id\":\"https:\\\/\\\/www.eldigitaldeasturias.com\\\/noticias\\\/iu-pide-a-rajoy-explicaciones-por-la-corrupcion-porque-cascos-solo-es-uno-mas\\\/#authorImage\",\"url\":\"https:\\\/\\\/secure.gravatar.com\\\/avatar\\\/df2aeffc32bcd13f8d26072ef8a91b623d677766deac7f97ca815868cd41bf5e?s=96&d=mm&r=g\",\"width\":96,\"height\":96,\"caption\":\"El Digital de Asturias\"}},{\"@type\":\"WebPage\",\"@id\":\"https:\\\/\\\/www.eldigitaldeasturias.com\\\/noticias\\\/iu-pide-a-rajoy-explicaciones-por-la-corrupcion-porque-cascos-solo-es-uno-mas\\\/#webpage\",\"url\":\"https:\\\/\\\/www.eldigitaldeasturias.com\\\/noticias\\\/iu-pide-a-rajoy-explicaciones-por-la-corrupcion-porque-cascos-solo-es-uno-mas\\\/\",\"name\":\"IU pide a Rajoy explicaciones por la corrupci\\u00f3n porque Cascos s\\u00f3lo es uno m\\u00e1s - El Digital de Asturias\",\"description\":\"Madrid, 4 feb (EFE).- El portavoz de la Izquierda Plural, Jos\\u00e9 Luis Centella, ha insistido en que el presidente del Gobierno, Mariano Rajoy, como \\\"responsable n\\u00famero uno del PP\\\", tiene que ir al Congreso a dar explicaciones sobre la corrupci\\u00f3n que afecta a su partido porque Francisco \\u00c1lvarez-Casco es s\\u00f3lo uno m\\u00e1s de la lista.\",\"inLanguage\":\"es-ES\",\"isPartOf\":{\"@id\":\"https:\\\/\\\/www.eldigitaldeasturias.com\\\/noticias\\\/#website\"},\"breadcrumb\":{\"@id\":\"https:\\\/\\\/www.eldigitaldeasturias.com\\\/noticias\\\/iu-pide-a-rajoy-explicaciones-por-la-corrupcion-porque-cascos-solo-es-uno-mas\\\/#breadcrumblist\"},\"author\":{\"@id\":\"https:\\\/\\\/www.eldigitaldeasturias.com\\\/noticias\\\/author\\\/admin\\\/#author\"},\"creator\":{\"@id\":\"https:\\\/\\\/www.eldigitaldeasturias.com\\\/noticias\\\/author\\\/admin\\\/#author\"},\"image\":{\"@type\":\"ImageObject\",\"url\":483479,\"@id\":\"https:\\\/\\\/www.eldigitaldeasturias.com\\\/noticias\\\/iu-pide-a-rajoy-explicaciones-por-la-corrupcion-porque-cascos-solo-es-uno-mas\\\/#mainImage\"},\"primaryImageOfPage\":{\"@id\":\"https:\\\/\\\/www.eldigitaldeasturias.com\\\/noticias\\\/iu-pide-a-rajoy-explicaciones-por-la-corrupcion-porque-cascos-solo-es-uno-mas\\\/#mainImage\"},\"datePublished\":\"2014-02-04T20:59:42+01:00\",\"dateModified\":\"2014-02-04T20:59:42+01:00\"},{\"@type\":\"WebSite\",\"@id\":\"https:\\\/\\\/www.eldigitaldeasturias.com\\\/noticias\\\/#website\",\"url\":\"https:\\\/\\\/www.eldigitaldeasturias.com\\\/noticias\\\/\",\"name\":\"El Digital de Asturias - Diario de actualidad y noticias\",\"alternateName\":\"El Digital de Asturias - Diario de actualidad y noticias\",\"description\":\"Hemeroteca\",\"inLanguage\":\"es-ES\",\"publisher\":{\"@id\":\"https:\\\/\\\/www.eldigitaldeasturias.com\\\/noticias\\\/#organization\"}}]}\n\t\t<\/script>\n\t\t<!-- All in One SEO Pro -->\r\n\t\t<title>IU pide a Rajoy explicaciones por la corrupci\u00f3n porque Cascos s\u00f3lo es uno m\u00e1s - El Digital de Asturias<\/title>\n\n","aioseo_head_json":{"title":"IU pide a Rajoy explicaciones por la corrupci\u00f3n porque Cascos s\u00f3lo es uno m\u00e1s - El Digital de Asturias","description":"Madrid, 4 feb (EFE).- El portavoz de la Izquierda Plural, Jos\u00e9 Luis Centella, ha insistido en que el presidente del Gobierno, Mariano Rajoy, como \"responsable n\u00famero uno del PP\", tiene que ir al Congreso a dar explicaciones sobre la corrupci\u00f3n que afecta a su partido porque Francisco \u00c1lvarez-Casco es s\u00f3lo uno m\u00e1s de la lista.","canonical_url":"https:\/\/www.eldigitaldeasturias.com\/noticias\/iu-pide-a-rajoy-explicaciones-por-la-corrupcion-porque-cascos-solo-es-uno-mas\/","robots":"max-image-preview:large","keywords":"actualidad","webmasterTools":{"google-site-verification":"UA-38556648-1","msvalidate.01":"7dfe9f3f1b24437ab69f4f2559babe99","miscellaneous":""},"schema":{"@context":"https:\/\/schema.org","@graph":[{"@type":"BlogPosting","@id":"https:\/\/www.eldigitaldeasturias.com\/noticias\/iu-pide-a-rajoy-explicaciones-por-la-corrupcion-porque-cascos-solo-es-uno-mas\/#blogposting","name":"IU pide a Rajoy explicaciones por la corrupci\u00f3n porque Cascos s\u00f3lo es uno m\u00e1s - El Digital de Asturias","headline":"IU pide a Rajoy explicaciones por la corrupci\u00f3n porque Cascos s\u00f3lo es uno m\u00e1s","author":{"@id":"https:\/\/www.eldigitaldeasturias.com\/noticias\/author\/admin\/#author"},"publisher":{"@id":"https:\/\/www.eldigitaldeasturias.com\/noticias\/#organization"},"image":{"@type":"ImageObject","url":483479},"datePublished":"2014-02-04T20:59:42+01:00","dateModified":"2014-02-04T20:59:42+01:00","inLanguage":"es-ES","mainEntityOfPage":{"@id":"https:\/\/www.eldigitaldeasturias.com\/noticias\/iu-pide-a-rajoy-explicaciones-por-la-corrupcion-porque-cascos-solo-es-uno-mas\/#webpage"},"isPartOf":{"@id":"https:\/\/www.eldigitaldeasturias.com\/noticias\/iu-pide-a-rajoy-explicaciones-por-la-corrupcion-porque-cascos-solo-es-uno-mas\/#webpage"},"articleSection":"Actualidad"},{"@type":"BreadcrumbList","@id":"https:\/\/www.eldigitaldeasturias.com\/noticias\/iu-pide-a-rajoy-explicaciones-por-la-corrupcion-porque-cascos-solo-es-uno-mas\/#breadcrumblist","itemListElement":[{"@type":"ListItem","@id":"https:\/\/www.eldigitaldeasturias.com\/noticias#listItem","position":1,"name":"Home","item":"https:\/\/www.eldigitaldeasturias.com\/noticias","nextItem":{"@type":"ListItem","@id":"https:\/\/www.eldigitaldeasturias.com\/noticias\/category\/actualidad\/#listItem","name":"Actualidad"}},{"@type":"ListItem","@id":"https:\/\/www.eldigitaldeasturias.com\/noticias\/category\/actualidad\/#listItem","position":2,"name":"Actualidad","item":"https:\/\/www.eldigitaldeasturias.com\/noticias\/category\/actualidad\/","nextItem":{"@type":"ListItem","@id":"https:\/\/www.eldigitaldeasturias.com\/noticias\/iu-pide-a-rajoy-explicaciones-por-la-corrupcion-porque-cascos-solo-es-uno-mas\/#listItem","name":"IU pide a Rajoy explicaciones por la corrupci\u00f3n porque Cascos s\u00f3lo es uno m\u00e1s"},"previousItem":{"@type":"ListItem","@id":"https:\/\/www.eldigitaldeasturias.com\/noticias#listItem","name":"Home"}},{"@type":"ListItem","@id":"https:\/\/www.eldigitaldeasturias.com\/noticias\/iu-pide-a-rajoy-explicaciones-por-la-corrupcion-porque-cascos-solo-es-uno-mas\/#listItem","position":3,"name":"IU pide a Rajoy explicaciones por la corrupci\u00f3n porque Cascos s\u00f3lo es uno m\u00e1s","previousItem":{"@type":"ListItem","@id":"https:\/\/www.eldigitaldeasturias.com\/noticias\/category\/actualidad\/#listItem","name":"Actualidad"}}]},{"@type":"Organization","@id":"https:\/\/www.eldigitaldeasturias.com\/noticias\/#organization","name":"El Digital de Asturias","description":"Hemeroteca","url":"https:\/\/www.eldigitaldeasturias.com\/noticias\/","email":"info@eldigitaldeasturias.com","telephone":"+34652131393","logo":{"@type":"ImageObject","url":"https:\/\/www.eldigitaldeasturias.com\/noticias\/wp-content\/uploads\/2020\/12\/EDA.jpg","@id":"https:\/\/www.eldigitaldeasturias.com\/noticias\/iu-pide-a-rajoy-explicaciones-por-la-corrupcion-porque-cascos-solo-es-uno-mas\/#organizationLogo"},"image":{"@id":"https:\/\/www.eldigitaldeasturias.com\/noticias\/iu-pide-a-rajoy-explicaciones-por-la-corrupcion-porque-cascos-solo-es-uno-mas\/#organizationLogo"},"sameAs":["https:\/\/facebook.com\/eldigitaldeasturias","https:\/\/www.youtube.com\/channel\/UCZP-2wLEB9Rv6erhFmqVnvg"],"address":{"@id":"https:\/\/www.eldigitaldeasturias.com\/noticias\/#postaladdress","@type":"PostalAddress","streetAddress":"san antonio 4","postalCode":"33430","addressLocality":"Cand\u00e1s","addressRegion":"Asturias","addressCountry":"ES"}},{"@type":"Person","@id":"https:\/\/www.eldigitaldeasturias.com\/noticias\/author\/admin\/#author","url":"https:\/\/www.eldigitaldeasturias.com\/noticias\/author\/admin\/","name":"El Digital de Asturias","image":{"@type":"ImageObject","@id":"https:\/\/www.eldigitaldeasturias.com\/noticias\/iu-pide-a-rajoy-explicaciones-por-la-corrupcion-porque-cascos-solo-es-uno-mas\/#authorImage","url":"https:\/\/secure.gravatar.com\/avatar\/df2aeffc32bcd13f8d26072ef8a91b623d677766deac7f97ca815868cd41bf5e?s=96&d=mm&r=g","width":96,"height":96,"caption":"El Digital de Asturias"}},{"@type":"WebPage","@id":"https:\/\/www.eldigitaldeasturias.com\/noticias\/iu-pide-a-rajoy-explicaciones-por-la-corrupcion-porque-cascos-solo-es-uno-mas\/#webpage","url":"https:\/\/www.eldigitaldeasturias.com\/noticias\/iu-pide-a-rajoy-explicaciones-por-la-corrupcion-porque-cascos-solo-es-uno-mas\/","name":"IU pide a Rajoy explicaciones por la corrupci\u00f3n porque Cascos s\u00f3lo es uno m\u00e1s - El Digital de Asturias","description":"Madrid, 4 feb (EFE).- El portavoz de la Izquierda Plural, Jos\u00e9 Luis Centella, ha insistido en que el presidente del Gobierno, Mariano Rajoy, como \"responsable n\u00famero uno del PP\", tiene que ir al Congreso a dar explicaciones sobre la corrupci\u00f3n que afecta a su partido porque Francisco \u00c1lvarez-Casco es s\u00f3lo uno m\u00e1s de la lista.","inLanguage":"es-ES","isPartOf":{"@id":"https:\/\/www.eldigitaldeasturias.com\/noticias\/#website"},"breadcrumb":{"@id":"https:\/\/www.eldigitaldeasturias.com\/noticias\/iu-pide-a-rajoy-explicaciones-por-la-corrupcion-porque-cascos-solo-es-uno-mas\/#breadcrumblist"},"author":{"@id":"https:\/\/www.eldigitaldeasturias.com\/noticias\/author\/admin\/#author"},"creator":{"@id":"https:\/\/www.eldigitaldeasturias.com\/noticias\/author\/admin\/#author"},"image":{"@type":"ImageObject","url":483479,"@id":"https:\/\/www.eldigitaldeasturias.com\/noticias\/iu-pide-a-rajoy-explicaciones-por-la-corrupcion-porque-cascos-solo-es-uno-mas\/#mainImage"},"primaryImageOfPage":{"@id":"https:\/\/www.eldigitaldeasturias.com\/noticias\/iu-pide-a-rajoy-explicaciones-por-la-corrupcion-porque-cascos-solo-es-uno-mas\/#mainImage"},"datePublished":"2014-02-04T20:59:42+01:00","dateModified":"2014-02-04T20:59:42+01:00"},{"@type":"WebSite","@id":"https:\/\/www.eldigitaldeasturias.com\/noticias\/#website","url":"https:\/\/www.eldigitaldeasturias.com\/noticias\/","name":"El Digital de Asturias - Diario de actualidad y noticias","alternateName":"El Digital de Asturias - Diario de actualidad y noticias","description":"Hemeroteca","inLanguage":"es-ES","publisher":{"@id":"https:\/\/www.eldigitaldeasturias.com\/noticias\/#organization"}}]},"og:locale":"es_ES","og:site_name":"El Digital de Asturias","og:type":"article","og:title":"IU pide a Rajoy explicaciones por la corrupci\u00f3n porque Cascos s\u00f3lo es uno m\u00e1s - El Digital de Asturias","og:description":"Madrid, 4 feb (EFE).- El portavoz de la Izquierda Plural, Jos\u00e9 Luis Centella, ha insistido en que el presidente del Gobierno, Mariano Rajoy, como &quot;responsable n\u00famero uno del PP&quot;, tiene que ir al Congreso a dar explicaciones sobre la corrupci\u00f3n que afecta a su partido porque Francisco \u00c1lvarez-Casco es s\u00f3lo uno m\u00e1s de la lista.","og:url":"https:\/\/www.eldigitaldeasturias.com\/noticias\/iu-pide-a-rajoy-explicaciones-por-la-corrupcion-porque-cascos-solo-es-uno-mas\/","article:tag":["actualidad"],"article:published_time":"2014-02-04T21:59:42+00:00","article:modified_time":"2014-02-04T21:59:42+00:00","article:publisher":"https:\/\/facebook.com\/eldigitaldeasturias","twitter:card":"summary_large_image","twitter:title":"IU pide a Rajoy explicaciones por la corrupci\u00f3n porque Cascos s\u00f3lo es uno m\u00e1s - El Digital de Asturias","twitter:description":"Madrid, 4 feb (EFE).- El portavoz de la Izquierda Plural, Jos\u00e9 Luis Centella, ha insistido en que el presidente del Gobierno, Mariano Rajoy, como &quot;responsable n\u00famero uno del PP&quot;, tiene que ir al Congreso a dar explicaciones sobre la corrupci\u00f3n que afecta a su partido porque Francisco \u00c1lvarez-Casco es s\u00f3lo uno m\u00e1s de la lista.","twitter:label1":"Escrito por","twitter:data1":"El Digital de Asturias","twitter:label2":"Tiempo de lectura estimado","twitter:data2":"1 minuto"},"aioseo_meta_data":{"post_id":"483478","title":null,"description":null,"keywords":null,"keyphrases":null,"primary_term":null,"canonical_url":null,"og_title":null,"og_description":null,"og_object_type":"default","og_image_type":"default","og_image_url":null,"og_image_width":null,"og_image_height":null,"og_image_custom_url":null,"og_image_custom_fields":null,"og_video":null,"og_custom_url":null,"og_article_section":null,"og_article_tags":null,"twitter_use_og":true,"twitter_card":"default","twitter_image_type":"default","twitter_image_url":null,"twitter_image_custom_url":null,"twitter_image_custom_fields":null,"twitter_title":null,"twitter_description":null,"schema":{"blockGraphs":[],"customGraphs":[],"default":{"data":{"Article":[],"Course":[],"Dataset":[],"FAQPage":[],"Movie":[],"Person":[],"Product":[],"ProductReview":[],"Car":[],"Recipe":[],"Service":[],"SoftwareApplication":[],"WebPage":[]},"graphName":"","isEnabled":true},"graphs":[],"defaultGraph":"","defaultPostTypeGraph":""},"schema_type":null,"schema_type_options":null,"pillar_content":false,"robots_default":true,"robots_noindex":false,"robots_noarchive":false,"robots_nosnippet":false,"robots_nofollow":false,"robots_noimageindex":false,"robots_noodp":false,"robots_notranslate":false,"robots_max_snippet":null,"robots_max_videopreview":null,"robots_max_imagepreview":"none","priority":null,"frequency":null,"local_seo":null,"seo_analyzer_scan_date":"2026-06-02 12:59:51","breadcrumb_settings":null,"limit_modified_date":false,"open_ai":null,"ai":null,"created":"2020-11-14 22:54:45","updated":"2026-06-02 12:59:51","focus_keyword":null,"additional_keywords":null,"truseo_locale":null},"aioseo_breadcrumb":"<div class=\"aioseo-breadcrumbs\"><span class=\"aioseo-breadcrumb\">\n\t<a href=\"https:\/\/www.eldigitaldeasturias.com\/noticias\" title=\"Home\">Home<\/a>\n<\/span><span class=\"aioseo-breadcrumb-separator\">\u2013<\/span><span class=\"aioseo-breadcrumb\">\n\t<a href=\"https:\/\/www.eldigitaldeasturias.com\/noticias\/category\/actualidad\/\" title=\"Actualidad\">Actualidad<\/a>\n<\/span><span class=\"aioseo-breadcrumb-separator\">\u2013<\/span><span class=\"aioseo-breadcrumb\">\n\t<a href=\"https:\/\/www.eldigitaldeasturias.com\/noticias\/iu-pide-a-rajoy-explicaciones-por-la-corrupcion-porque-cascos-solo-es-uno-mas\/\" title=\"IU pide a Rajoy explicaciones por la corrupci\u00f3n porque Cascos s\u00f3lo es uno m\u00e1s\">IU pide a Rajoy explicaciones por la corrupci\u00f3n porque Cascos s\u00f3lo es uno m\u00e1s<\/a>\n<\/span><\/div>","aioseo_breadcrumb_json":[{"label":"Home","link":"https:\/\/www.eldigitaldeasturias.com\/noticias"},{"label":"Actualidad","link":"https:\/\/www.eldigitaldeasturias.com\/noticias\/category\/actualidad\/"},{"label":"IU pide a Rajoy explicaciones por la corrupci\u00f3n porque Cascos s\u00f3lo es uno m\u00e1s","link":"https:\/\/www.eldigitaldeasturias.com\/noticias\/iu-pide-a-rajoy-explicaciones-por-la-corrupcion-porque-cascos-solo-es-uno-mas\/"}],"_links":{"self":[{"href":"https:\/\/www.eldigitaldeasturias.com\/noticias\/wp-json\/wp\/v2\/posts\/483478","targetHints":{"allow":["GET"]}}],"collection":[{"href":"https:\/\/www.eldigitaldeasturias.com\/noticias\/wp-json\/wp\/v2\/posts"}],"about":[{"href":"https:\/\/www.eldigitaldeasturias.com\/noticias\/wp-json\/wp\/v2\/types\/post"}],"author":[{"embeddable":true,"href":"https:\/\/www.eldigitaldeasturias.com\/noticias\/wp-json\/wp\/v2\/users\/1"}],"replies":[{"embeddable":true,"href":"https:\/\/www.eldigitaldeasturias.com\/noticias\/wp-json\/wp\/v2\/comments?post=483478"}],"version-history":[{"count":0,"href":"https:\/\/www.eldigitaldeasturias.com\/noticias\/wp-json\/wp\/v2\/posts\/483478\/revisions"}],"wp:attachment":[{"href":"https:\/\/www.eldigitaldeasturias.com\/noticias\/wp-json\/wp\/v2\/media?parent=483478"}],"wp:term":[{"taxonomy":"category","embeddable":true,"href":"https:\/\/www.eldigitaldeasturias.com\/noticias\/wp-json\/wp\/v2\/categories?post=483478"},{"taxonomy":"post_tag","embeddable":true,"href":"https:\/\/www.eldigitaldeasturias.com\/noticias\/wp-json\/wp\/v2\/tags?post=483478"}],"curies":[{"name":"wp","href":"https:\/\/api.w.org\/{rel}","templated":true}]}}