{"id":483469,"date":"2014-02-04T20:55:03","date_gmt":"2014-02-04T21:55:03","guid":{"rendered":"http:\/\/www.eldigitaldeasturias.com\/noticias\/?p=483469"},"modified":"2014-02-04T21:06:42","modified_gmt":"2014-02-04T22:06:42","slug":"la-sareb-garantiza-a-todo-el-que-reservo-una-vivienda-su-compra-al-precio-fijado","status":"publish","type":"post","link":"https:\/\/www.eldigitaldeasturias.com\/noticias\/la-sareb-garantiza-a-todo-el-que-reservo-una-vivienda-su-compra-al-precio-fijado\/","title":{"rendered":"La Sareb garantiza a todo el que reserv\u00f3 una vivienda su compra al precio fijado"},"content":{"rendered":"<p><img loading=\"lazy\" decoding=\"async\" class=\"alignleft size-medium wp-image-483470\" alt=\"5907866w\" src=\"https:\/\/www.eldigitaldeasturias.com\/noticias\/wp-content\/uploads\/2014\/02\/5907866w-360x281.jpg\" width=\"360\" height=\"281\" \/>Madrid, 4 feb (EFE).- La Sareb ha garantizado hoy que todas las personas que realizaron una reserva sobre alguna de las viviendas incluidas en la cartera Teide -formada por m\u00e1s de un millar de viviendas residenciales, obra en curso y suelos-, podr\u00e1n completar la adquisici\u00f3n del inmueble al precio acordado.<\/p>\n<p>En un comunicado, la Sociedad de Gesti\u00f3n de Activos procedentes de la Reestructuraci\u00f3n Financiera (Sareb) ha insistido en que \u00abhar\u00e1 todo lo necesario para que las transacciones que estaban pendientes puedan ser finalizadas seg\u00fan los t\u00e9rminos acordados previamente\u00bb.<\/p>\n<p>El pasado mes de diciembre, Sareb traspas\u00f3 la cartera Teide -valorada en 146 millones de euros y formada por m\u00e1s de un millar de viviendas residenciales ubicadas en Madrid, Andaluc\u00eda, Castilla y Le\u00f3n, Catalu\u00f1a y Galicia, adem\u00e1s de obra en curso y suelos- a un Fondo de Activos Bancarios (FAB) controlado mayoritariamente por Fortress y Grupo Lar.<\/p>\n<p>Algunas de estas viviendas estaban siendo comercializadas hasta ese momento por las entidades financieras que colaboran con Sareb en la venta minorista, seg\u00fan ha a\u00f1adido la Sociedad.<\/p>\n<p>En este sentido, ha explicado que en los \u00faltimos d\u00edas, el FAB Teide ha tenido constancia de la existencia de 135 casos en los que exist\u00eda una reserva previa sobre uno de los inmuebles traspasados al fondo, de los que 52 han seguido su curso de manera favorable y 83 estaban paralizadas.<\/p>\n<p>Ante esta situaci\u00f3n y la preocupaci\u00f3n que han manifestado algunos de los inversores particulares interesados, Sareb ha querido resaltar que har\u00e1 todo lo necesario para que las transacciones que estaban pendientes puedan finalizar seg\u00fan los t\u00e9rminos que se acordaron previamente.<\/p>\n","protected":false},"excerpt":{"rendered":"<p>Madrid, 4 feb (EFE).- La Sareb ha garantizado hoy que todas las personas que realizaron una reserva sobre alguna de las viviendas incluidas en la cartera Teide -formada por m\u00e1s de un millar de viviendas residenciales, obra en curso y suelos-, podr\u00e1n completar la adquisici\u00f3n del inmueble al precio acordado. En un comunicado, la Sociedad [&hellip;]<\/p>\n","protected":false},"author":1,"featured_media":483470,"comment_status":"closed","ping_status":"open","sticky":false,"template":"","format":"standard","meta":{"footnotes":""},"categories":[1],"tags":[],"class_list":["post-483469","post","type-post","status-publish","format-standard","has-post-thumbnail","hentry","category-actualidad"],"aioseo_notices":[],"aioseo_head":"\n\t\t<!-- All in One SEO Pro 5.0.1 - aioseo.com -->\n\t<meta name=\"description\" content=\"Madrid, 4 feb (EFE).- La Sareb ha garantizado hoy que todas las personas que realizaron una reserva sobre alguna de las viviendas incluidas en la cartera Teide -formada por m\u00e1s de un millar de viviendas residenciales, obra en curso y suelos-, podr\u00e1n completar la adquisici\u00f3n del inmueble al precio acordado. En un comunicado, la Sociedad\" \/>\n\t<meta name=\"robots\" content=\"max-image-preview:large\" \/>\n\t<meta name=\"author\" content=\"El Digital de Asturias\"\/>\n\t<meta name=\"google-site-verification\" content=\"UA-38556648-1\" \/>\n\t<meta name=\"msvalidate.01\" content=\"7dfe9f3f1b24437ab69f4f2559babe99\" \/>\n\t<meta name=\"keywords\" content=\"actualidad\" \/>\n\t<link rel=\"canonical\" href=\"https:\/\/www.eldigitaldeasturias.com\/noticias\/la-sareb-garantiza-a-todo-el-que-reservo-una-vivienda-su-compra-al-precio-fijado\/\" \/>\n\t<meta name=\"generator\" content=\"All in One SEO Pro (AIOSEO) 5.0.1\" \/>\n\t\t<meta property=\"og:locale\" content=\"es_ES\" \/>\n\t\t<meta property=\"og:site_name\" content=\"El Digital de Asturias\" \/>\n\t\t<meta property=\"og:type\" content=\"article\" \/>\n\t\t<meta property=\"og:title\" content=\"La Sareb garantiza a todo el que reserv\u00f3 una vivienda su compra al precio fijado - El Digital de Asturias\" \/>\n\t\t<meta property=\"og:description\" content=\"Madrid, 4 feb (EFE).- La Sareb ha garantizado hoy que todas las personas que realizaron una reserva sobre alguna de las viviendas incluidas en la cartera Teide -formada por m\u00e1s de un millar de viviendas residenciales, obra en curso y suelos-, podr\u00e1n completar la adquisici\u00f3n del inmueble al precio acordado. En un comunicado, la Sociedad\" \/>\n\t\t<meta property=\"og:url\" content=\"https:\/\/www.eldigitaldeasturias.com\/noticias\/la-sareb-garantiza-a-todo-el-que-reservo-una-vivienda-su-compra-al-precio-fijado\/\" \/>\n\t\t<meta property=\"article:tag\" content=\"actualidad\" \/>\n\t\t<meta property=\"article:published_time\" content=\"2014-02-04T21:55:03+00:00\" \/>\n\t\t<meta property=\"article:modified_time\" content=\"2014-02-04T22:06:42+00:00\" \/>\n\t\t<meta property=\"article:publisher\" content=\"https:\/\/facebook.com\/eldigitaldeasturias\" \/>\n\t\t<meta name=\"twitter:card\" content=\"summary_large_image\" \/>\n\t\t<meta name=\"twitter:title\" content=\"La Sareb garantiza a todo el que reserv\u00f3 una vivienda su compra al precio fijado - El Digital de Asturias\" \/>\n\t\t<meta name=\"twitter:description\" content=\"Madrid, 4 feb (EFE).- La Sareb ha garantizado hoy que todas las personas que realizaron una reserva sobre alguna de las viviendas incluidas en la cartera Teide -formada por m\u00e1s de un millar de viviendas residenciales, obra en curso y suelos-, podr\u00e1n completar la adquisici\u00f3n del inmueble al precio acordado. En un comunicado, la Sociedad\" \/>\n\t\t<meta name=\"twitter:label1\" content=\"Escrito por\" \/>\n\t\t<meta name=\"twitter:data1\" content=\"El Digital de Asturias\" \/>\n\t\t<meta name=\"twitter:label2\" content=\"Tiempo de lectura estimado\" \/>\n\t\t<meta name=\"twitter:data2\" content=\"1 minuto\" \/>\n\t\t<script type=\"application\/ld+json\" class=\"aioseo-schema\">\n\t\t\t{\"@context\":\"https:\\\/\\\/schema.org\",\"@graph\":[{\"@type\":\"BlogPosting\",\"@id\":\"https:\\\/\\\/www.eldigitaldeasturias.com\\\/noticias\\\/la-sareb-garantiza-a-todo-el-que-reservo-una-vivienda-su-compra-al-precio-fijado\\\/#blogposting\",\"name\":\"La Sareb garantiza a todo el que reserv\\u00f3 una vivienda su compra al precio fijado - El Digital de Asturias\",\"headline\":\"La Sareb garantiza a todo el que reserv\\u00f3 una vivienda su compra al precio fijado\",\"author\":{\"@id\":\"https:\\\/\\\/www.eldigitaldeasturias.com\\\/noticias\\\/author\\\/admin\\\/#author\"},\"publisher\":{\"@id\":\"https:\\\/\\\/www.eldigitaldeasturias.com\\\/noticias\\\/#organization\"},\"image\":{\"@type\":\"ImageObject\",\"url\":483470},\"datePublished\":\"2014-02-04T20:55:03+01:00\",\"dateModified\":\"2014-02-04T21:06:42+01:00\",\"inLanguage\":\"es-ES\",\"mainEntityOfPage\":{\"@id\":\"https:\\\/\\\/www.eldigitaldeasturias.com\\\/noticias\\\/la-sareb-garantiza-a-todo-el-que-reservo-una-vivienda-su-compra-al-precio-fijado\\\/#webpage\"},\"isPartOf\":{\"@id\":\"https:\\\/\\\/www.eldigitaldeasturias.com\\\/noticias\\\/la-sareb-garantiza-a-todo-el-que-reservo-una-vivienda-su-compra-al-precio-fijado\\\/#webpage\"},\"articleSection\":\"Actualidad\"},{\"@type\":\"BreadcrumbList\",\"@id\":\"https:\\\/\\\/www.eldigitaldeasturias.com\\\/noticias\\\/la-sareb-garantiza-a-todo-el-que-reservo-una-vivienda-su-compra-al-precio-fijado\\\/#breadcrumblist\",\"itemListElement\":[{\"@type\":\"ListItem\",\"@id\":\"https:\\\/\\\/www.eldigitaldeasturias.com\\\/noticias#listItem\",\"position\":1,\"name\":\"Home\",\"item\":\"https:\\\/\\\/www.eldigitaldeasturias.com\\\/noticias\",\"nextItem\":{\"@type\":\"ListItem\",\"@id\":\"https:\\\/\\\/www.eldigitaldeasturias.com\\\/noticias\\\/category\\\/actualidad\\\/#listItem\",\"name\":\"Actualidad\"}},{\"@type\":\"ListItem\",\"@id\":\"https:\\\/\\\/www.eldigitaldeasturias.com\\\/noticias\\\/category\\\/actualidad\\\/#listItem\",\"position\":2,\"name\":\"Actualidad\",\"item\":\"https:\\\/\\\/www.eldigitaldeasturias.com\\\/noticias\\\/category\\\/actualidad\\\/\",\"nextItem\":{\"@type\":\"ListItem\",\"@id\":\"https:\\\/\\\/www.eldigitaldeasturias.com\\\/noticias\\\/la-sareb-garantiza-a-todo-el-que-reservo-una-vivienda-su-compra-al-precio-fijado\\\/#listItem\",\"name\":\"La Sareb garantiza a todo el que reserv\\u00f3 una vivienda su compra al precio fijado\"},\"previousItem\":{\"@type\":\"ListItem\",\"@id\":\"https:\\\/\\\/www.eldigitaldeasturias.com\\\/noticias#listItem\",\"name\":\"Home\"}},{\"@type\":\"ListItem\",\"@id\":\"https:\\\/\\\/www.eldigitaldeasturias.com\\\/noticias\\\/la-sareb-garantiza-a-todo-el-que-reservo-una-vivienda-su-compra-al-precio-fijado\\\/#listItem\",\"position\":3,\"name\":\"La Sareb garantiza a todo el que reserv\\u00f3 una vivienda su compra al precio fijado\",\"previousItem\":{\"@type\":\"ListItem\",\"@id\":\"https:\\\/\\\/www.eldigitaldeasturias.com\\\/noticias\\\/category\\\/actualidad\\\/#listItem\",\"name\":\"Actualidad\"}}]},{\"@type\":\"Organization\",\"@id\":\"https:\\\/\\\/www.eldigitaldeasturias.com\\\/noticias\\\/#organization\",\"name\":\"El Digital de Asturias\",\"description\":\"Hemeroteca\",\"url\":\"https:\\\/\\\/www.eldigitaldeasturias.com\\\/noticias\\\/\",\"email\":\"info@eldigitaldeasturias.com\",\"telephone\":\"+34652131393\",\"logo\":{\"@type\":\"ImageObject\",\"url\":\"https:\\\/\\\/www.eldigitaldeasturias.com\\\/noticias\\\/wp-content\\\/uploads\\\/2020\\\/12\\\/EDA.jpg\",\"@id\":\"https:\\\/\\\/www.eldigitaldeasturias.com\\\/noticias\\\/la-sareb-garantiza-a-todo-el-que-reservo-una-vivienda-su-compra-al-precio-fijado\\\/#organizationLogo\"},\"image\":{\"@id\":\"https:\\\/\\\/www.eldigitaldeasturias.com\\\/noticias\\\/la-sareb-garantiza-a-todo-el-que-reservo-una-vivienda-su-compra-al-precio-fijado\\\/#organizationLogo\"},\"sameAs\":[\"https:\\\/\\\/facebook.com\\\/eldigitaldeasturias\",\"https:\\\/\\\/www.youtube.com\\\/channel\\\/UCZP-2wLEB9Rv6erhFmqVnvg\"],\"address\":{\"@id\":\"https:\\\/\\\/www.eldigitaldeasturias.com\\\/noticias\\\/#postaladdress\",\"@type\":\"PostalAddress\",\"streetAddress\":\"san antonio 4\",\"postalCode\":\"33430\",\"addressLocality\":\"Cand\\u00e1s\",\"addressRegion\":\"Asturias\",\"addressCountry\":\"ES\"}},{\"@type\":\"Person\",\"@id\":\"https:\\\/\\\/www.eldigitaldeasturias.com\\\/noticias\\\/author\\\/admin\\\/#author\",\"url\":\"https:\\\/\\\/www.eldigitaldeasturias.com\\\/noticias\\\/author\\\/admin\\\/\",\"name\":\"El Digital de Asturias\",\"image\":{\"@type\":\"ImageObject\",\"@id\":\"https:\\\/\\\/www.eldigitaldeasturias.com\\\/noticias\\\/la-sareb-garantiza-a-todo-el-que-reservo-una-vivienda-su-compra-al-precio-fijado\\\/#authorImage\",\"url\":\"https:\\\/\\\/secure.gravatar.com\\\/avatar\\\/df2aeffc32bcd13f8d26072ef8a91b623d677766deac7f97ca815868cd41bf5e?s=96&d=mm&r=g\",\"width\":96,\"height\":96,\"caption\":\"El Digital de Asturias\"}},{\"@type\":\"WebPage\",\"@id\":\"https:\\\/\\\/www.eldigitaldeasturias.com\\\/noticias\\\/la-sareb-garantiza-a-todo-el-que-reservo-una-vivienda-su-compra-al-precio-fijado\\\/#webpage\",\"url\":\"https:\\\/\\\/www.eldigitaldeasturias.com\\\/noticias\\\/la-sareb-garantiza-a-todo-el-que-reservo-una-vivienda-su-compra-al-precio-fijado\\\/\",\"name\":\"La Sareb garantiza a todo el que reserv\\u00f3 una vivienda su compra al precio fijado - El Digital de Asturias\",\"description\":\"Madrid, 4 feb (EFE).- La Sareb ha garantizado hoy que todas las personas que realizaron una reserva sobre alguna de las viviendas incluidas en la cartera Teide -formada por m\\u00e1s de un millar de viviendas residenciales, obra en curso y suelos-, podr\\u00e1n completar la adquisici\\u00f3n del inmueble al precio acordado. En un comunicado, la Sociedad\",\"inLanguage\":\"es-ES\",\"isPartOf\":{\"@id\":\"https:\\\/\\\/www.eldigitaldeasturias.com\\\/noticias\\\/#website\"},\"breadcrumb\":{\"@id\":\"https:\\\/\\\/www.eldigitaldeasturias.com\\\/noticias\\\/la-sareb-garantiza-a-todo-el-que-reservo-una-vivienda-su-compra-al-precio-fijado\\\/#breadcrumblist\"},\"author\":{\"@id\":\"https:\\\/\\\/www.eldigitaldeasturias.com\\\/noticias\\\/author\\\/admin\\\/#author\"},\"creator\":{\"@id\":\"https:\\\/\\\/www.eldigitaldeasturias.com\\\/noticias\\\/author\\\/admin\\\/#author\"},\"image\":{\"@type\":\"ImageObject\",\"url\":483470,\"@id\":\"https:\\\/\\\/www.eldigitaldeasturias.com\\\/noticias\\\/la-sareb-garantiza-a-todo-el-que-reservo-una-vivienda-su-compra-al-precio-fijado\\\/#mainImage\"},\"primaryImageOfPage\":{\"@id\":\"https:\\\/\\\/www.eldigitaldeasturias.com\\\/noticias\\\/la-sareb-garantiza-a-todo-el-que-reservo-una-vivienda-su-compra-al-precio-fijado\\\/#mainImage\"},\"datePublished\":\"2014-02-04T20:55:03+01:00\",\"dateModified\":\"2014-02-04T21:06:42+01:00\"},{\"@type\":\"WebSite\",\"@id\":\"https:\\\/\\\/www.eldigitaldeasturias.com\\\/noticias\\\/#website\",\"url\":\"https:\\\/\\\/www.eldigitaldeasturias.com\\\/noticias\\\/\",\"name\":\"El Digital de Asturias - Diario de actualidad y noticias\",\"alternateName\":\"El Digital de Asturias - Diario de actualidad y noticias\",\"description\":\"Hemeroteca\",\"inLanguage\":\"es-ES\",\"publisher\":{\"@id\":\"https:\\\/\\\/www.eldigitaldeasturias.com\\\/noticias\\\/#organization\"}}]}\n\t\t<\/script>\n\t\t<!-- All in One SEO Pro -->\r\n\t\t<title>La Sareb garantiza a todo el que reserv\u00f3 una vivienda su compra al precio fijado - El Digital de Asturias<\/title>\n\n","aioseo_head_json":{"title":"La Sareb garantiza a todo el que reserv\u00f3 una vivienda su compra al precio fijado - El Digital de Asturias","description":"Madrid, 4 feb (EFE).- La Sareb ha garantizado hoy que todas las personas que realizaron una reserva sobre alguna de las viviendas incluidas en la cartera Teide -formada por m\u00e1s de un millar de viviendas residenciales, obra en curso y suelos-, podr\u00e1n completar la adquisici\u00f3n del inmueble al precio acordado. En un comunicado, la Sociedad","canonical_url":"https:\/\/www.eldigitaldeasturias.com\/noticias\/la-sareb-garantiza-a-todo-el-que-reservo-una-vivienda-su-compra-al-precio-fijado\/","robots":"max-image-preview:large","keywords":"actualidad","webmasterTools":{"google-site-verification":"UA-38556648-1","msvalidate.01":"7dfe9f3f1b24437ab69f4f2559babe99","miscellaneous":""},"schema":{"@context":"https:\/\/schema.org","@graph":[{"@type":"BlogPosting","@id":"https:\/\/www.eldigitaldeasturias.com\/noticias\/la-sareb-garantiza-a-todo-el-que-reservo-una-vivienda-su-compra-al-precio-fijado\/#blogposting","name":"La Sareb garantiza a todo el que reserv\u00f3 una vivienda su compra al precio fijado - El Digital de Asturias","headline":"La Sareb garantiza a todo el que reserv\u00f3 una vivienda su compra al precio fijado","author":{"@id":"https:\/\/www.eldigitaldeasturias.com\/noticias\/author\/admin\/#author"},"publisher":{"@id":"https:\/\/www.eldigitaldeasturias.com\/noticias\/#organization"},"image":{"@type":"ImageObject","url":483470},"datePublished":"2014-02-04T20:55:03+01:00","dateModified":"2014-02-04T21:06:42+01:00","inLanguage":"es-ES","mainEntityOfPage":{"@id":"https:\/\/www.eldigitaldeasturias.com\/noticias\/la-sareb-garantiza-a-todo-el-que-reservo-una-vivienda-su-compra-al-precio-fijado\/#webpage"},"isPartOf":{"@id":"https:\/\/www.eldigitaldeasturias.com\/noticias\/la-sareb-garantiza-a-todo-el-que-reservo-una-vivienda-su-compra-al-precio-fijado\/#webpage"},"articleSection":"Actualidad"},{"@type":"BreadcrumbList","@id":"https:\/\/www.eldigitaldeasturias.com\/noticias\/la-sareb-garantiza-a-todo-el-que-reservo-una-vivienda-su-compra-al-precio-fijado\/#breadcrumblist","itemListElement":[{"@type":"ListItem","@id":"https:\/\/www.eldigitaldeasturias.com\/noticias#listItem","position":1,"name":"Home","item":"https:\/\/www.eldigitaldeasturias.com\/noticias","nextItem":{"@type":"ListItem","@id":"https:\/\/www.eldigitaldeasturias.com\/noticias\/category\/actualidad\/#listItem","name":"Actualidad"}},{"@type":"ListItem","@id":"https:\/\/www.eldigitaldeasturias.com\/noticias\/category\/actualidad\/#listItem","position":2,"name":"Actualidad","item":"https:\/\/www.eldigitaldeasturias.com\/noticias\/category\/actualidad\/","nextItem":{"@type":"ListItem","@id":"https:\/\/www.eldigitaldeasturias.com\/noticias\/la-sareb-garantiza-a-todo-el-que-reservo-una-vivienda-su-compra-al-precio-fijado\/#listItem","name":"La Sareb garantiza a todo el que reserv\u00f3 una vivienda su compra al precio fijado"},"previousItem":{"@type":"ListItem","@id":"https:\/\/www.eldigitaldeasturias.com\/noticias#listItem","name":"Home"}},{"@type":"ListItem","@id":"https:\/\/www.eldigitaldeasturias.com\/noticias\/la-sareb-garantiza-a-todo-el-que-reservo-una-vivienda-su-compra-al-precio-fijado\/#listItem","position":3,"name":"La Sareb garantiza a todo el que reserv\u00f3 una vivienda su compra al precio fijado","previousItem":{"@type":"ListItem","@id":"https:\/\/www.eldigitaldeasturias.com\/noticias\/category\/actualidad\/#listItem","name":"Actualidad"}}]},{"@type":"Organization","@id":"https:\/\/www.eldigitaldeasturias.com\/noticias\/#organization","name":"El Digital de Asturias","description":"Hemeroteca","url":"https:\/\/www.eldigitaldeasturias.com\/noticias\/","email":"info@eldigitaldeasturias.com","telephone":"+34652131393","logo":{"@type":"ImageObject","url":"https:\/\/www.eldigitaldeasturias.com\/noticias\/wp-content\/uploads\/2020\/12\/EDA.jpg","@id":"https:\/\/www.eldigitaldeasturias.com\/noticias\/la-sareb-garantiza-a-todo-el-que-reservo-una-vivienda-su-compra-al-precio-fijado\/#organizationLogo"},"image":{"@id":"https:\/\/www.eldigitaldeasturias.com\/noticias\/la-sareb-garantiza-a-todo-el-que-reservo-una-vivienda-su-compra-al-precio-fijado\/#organizationLogo"},"sameAs":["https:\/\/facebook.com\/eldigitaldeasturias","https:\/\/www.youtube.com\/channel\/UCZP-2wLEB9Rv6erhFmqVnvg"],"address":{"@id":"https:\/\/www.eldigitaldeasturias.com\/noticias\/#postaladdress","@type":"PostalAddress","streetAddress":"san antonio 4","postalCode":"33430","addressLocality":"Cand\u00e1s","addressRegion":"Asturias","addressCountry":"ES"}},{"@type":"Person","@id":"https:\/\/www.eldigitaldeasturias.com\/noticias\/author\/admin\/#author","url":"https:\/\/www.eldigitaldeasturias.com\/noticias\/author\/admin\/","name":"El Digital de Asturias","image":{"@type":"ImageObject","@id":"https:\/\/www.eldigitaldeasturias.com\/noticias\/la-sareb-garantiza-a-todo-el-que-reservo-una-vivienda-su-compra-al-precio-fijado\/#authorImage","url":"https:\/\/secure.gravatar.com\/avatar\/df2aeffc32bcd13f8d26072ef8a91b623d677766deac7f97ca815868cd41bf5e?s=96&d=mm&r=g","width":96,"height":96,"caption":"El Digital de Asturias"}},{"@type":"WebPage","@id":"https:\/\/www.eldigitaldeasturias.com\/noticias\/la-sareb-garantiza-a-todo-el-que-reservo-una-vivienda-su-compra-al-precio-fijado\/#webpage","url":"https:\/\/www.eldigitaldeasturias.com\/noticias\/la-sareb-garantiza-a-todo-el-que-reservo-una-vivienda-su-compra-al-precio-fijado\/","name":"La Sareb garantiza a todo el que reserv\u00f3 una vivienda su compra al precio fijado - El Digital de Asturias","description":"Madrid, 4 feb (EFE).- La Sareb ha garantizado hoy que todas las personas que realizaron una reserva sobre alguna de las viviendas incluidas en la cartera Teide -formada por m\u00e1s de un millar de viviendas residenciales, obra en curso y suelos-, podr\u00e1n completar la adquisici\u00f3n del inmueble al precio acordado. En un comunicado, la Sociedad","inLanguage":"es-ES","isPartOf":{"@id":"https:\/\/www.eldigitaldeasturias.com\/noticias\/#website"},"breadcrumb":{"@id":"https:\/\/www.eldigitaldeasturias.com\/noticias\/la-sareb-garantiza-a-todo-el-que-reservo-una-vivienda-su-compra-al-precio-fijado\/#breadcrumblist"},"author":{"@id":"https:\/\/www.eldigitaldeasturias.com\/noticias\/author\/admin\/#author"},"creator":{"@id":"https:\/\/www.eldigitaldeasturias.com\/noticias\/author\/admin\/#author"},"image":{"@type":"ImageObject","url":483470,"@id":"https:\/\/www.eldigitaldeasturias.com\/noticias\/la-sareb-garantiza-a-todo-el-que-reservo-una-vivienda-su-compra-al-precio-fijado\/#mainImage"},"primaryImageOfPage":{"@id":"https:\/\/www.eldigitaldeasturias.com\/noticias\/la-sareb-garantiza-a-todo-el-que-reservo-una-vivienda-su-compra-al-precio-fijado\/#mainImage"},"datePublished":"2014-02-04T20:55:03+01:00","dateModified":"2014-02-04T21:06:42+01:00"},{"@type":"WebSite","@id":"https:\/\/www.eldigitaldeasturias.com\/noticias\/#website","url":"https:\/\/www.eldigitaldeasturias.com\/noticias\/","name":"El Digital de Asturias - Diario de actualidad y noticias","alternateName":"El Digital de Asturias - Diario de actualidad y noticias","description":"Hemeroteca","inLanguage":"es-ES","publisher":{"@id":"https:\/\/www.eldigitaldeasturias.com\/noticias\/#organization"}}]},"og:locale":"es_ES","og:site_name":"El Digital de Asturias","og:type":"article","og:title":"La Sareb garantiza a todo el que reserv\u00f3 una vivienda su compra al precio fijado - El Digital de Asturias","og:description":"Madrid, 4 feb (EFE).- La Sareb ha garantizado hoy que todas las personas que realizaron una reserva sobre alguna de las viviendas incluidas en la cartera Teide -formada por m\u00e1s de un millar de viviendas residenciales, obra en curso y suelos-, podr\u00e1n completar la adquisici\u00f3n del inmueble al precio acordado. En un comunicado, la Sociedad","og:url":"https:\/\/www.eldigitaldeasturias.com\/noticias\/la-sareb-garantiza-a-todo-el-que-reservo-una-vivienda-su-compra-al-precio-fijado\/","article:tag":["actualidad"],"article:published_time":"2014-02-04T21:55:03+00:00","article:modified_time":"2014-02-04T22:06:42+00:00","article:publisher":"https:\/\/facebook.com\/eldigitaldeasturias","twitter:card":"summary_large_image","twitter:title":"La Sareb garantiza a todo el que reserv\u00f3 una vivienda su compra al precio fijado - El Digital de Asturias","twitter:description":"Madrid, 4 feb (EFE).- La Sareb ha garantizado hoy que todas las personas que realizaron una reserva sobre alguna de las viviendas incluidas en la cartera Teide -formada por m\u00e1s de un millar de viviendas residenciales, obra en curso y suelos-, podr\u00e1n completar la adquisici\u00f3n del inmueble al precio acordado. En un comunicado, la Sociedad","twitter:label1":"Escrito por","twitter:data1":"El Digital de Asturias","twitter:label2":"Tiempo de lectura estimado","twitter:data2":"1 minuto"},"aioseo_meta_data":{"post_id":"483469","title":null,"description":null,"keywords":null,"keyphrases":null,"primary_term":null,"canonical_url":null,"og_title":null,"og_description":null,"og_object_type":"default","og_image_type":"default","og_image_url":null,"og_image_width":null,"og_image_height":null,"og_image_custom_url":null,"og_image_custom_fields":null,"og_video":null,"og_custom_url":null,"og_article_section":null,"og_article_tags":null,"twitter_use_og":true,"twitter_card":"default","twitter_image_type":"default","twitter_image_url":null,"twitter_image_custom_url":null,"twitter_image_custom_fields":null,"twitter_title":null,"twitter_description":null,"schema":{"blockGraphs":[],"customGraphs":[],"default":{"data":{"Article":[],"Course":[],"Dataset":[],"FAQPage":[],"Movie":[],"Person":[],"Product":[],"ProductReview":[],"Car":[],"Recipe":[],"Service":[],"SoftwareApplication":[],"WebPage":[]},"graphName":"","isEnabled":true},"graphs":[],"defaultGraph":"","defaultPostTypeGraph":""},"schema_type":null,"schema_type_options":null,"pillar_content":false,"robots_default":true,"robots_noindex":false,"robots_noarchive":false,"robots_nosnippet":false,"robots_nofollow":false,"robots_noimageindex":false,"robots_noodp":false,"robots_notranslate":false,"robots_max_snippet":null,"robots_max_videopreview":null,"robots_max_imagepreview":"none","priority":null,"frequency":null,"local_seo":null,"seo_analyzer_scan_date":"2026-06-02 12:57:50","breadcrumb_settings":null,"limit_modified_date":false,"open_ai":null,"ai":null,"created":"2020-11-14 22:54:45","updated":"2026-06-02 12:57:50","focus_keyword":null,"additional_keywords":null,"truseo_locale":null},"aioseo_breadcrumb":"<div class=\"aioseo-breadcrumbs\"><span class=\"aioseo-breadcrumb\">\n\t<a href=\"https:\/\/www.eldigitaldeasturias.com\/noticias\" title=\"Home\">Home<\/a>\n<\/span><span class=\"aioseo-breadcrumb-separator\">\u2013<\/span><span class=\"aioseo-breadcrumb\">\n\t<a href=\"https:\/\/www.eldigitaldeasturias.com\/noticias\/category\/actualidad\/\" title=\"Actualidad\">Actualidad<\/a>\n<\/span><span class=\"aioseo-breadcrumb-separator\">\u2013<\/span><span class=\"aioseo-breadcrumb\">\n\t<a href=\"https:\/\/www.eldigitaldeasturias.com\/noticias\/la-sareb-garantiza-a-todo-el-que-reservo-una-vivienda-su-compra-al-precio-fijado\/\" title=\"La Sareb garantiza a todo el que reserv\u00f3 una vivienda su compra al precio fijado\">La Sareb garantiza a todo el que reserv\u00f3 una vivienda su compra al precio fijado<\/a>\n<\/span><\/div>","aioseo_breadcrumb_json":[{"label":"Home","link":"https:\/\/www.eldigitaldeasturias.com\/noticias"},{"label":"Actualidad","link":"https:\/\/www.eldigitaldeasturias.com\/noticias\/category\/actualidad\/"},{"label":"La Sareb garantiza a todo el que reserv\u00f3 una vivienda su compra al precio fijado","link":"https:\/\/www.eldigitaldeasturias.com\/noticias\/la-sareb-garantiza-a-todo-el-que-reservo-una-vivienda-su-compra-al-precio-fijado\/"}],"_links":{"self":[{"href":"https:\/\/www.eldigitaldeasturias.com\/noticias\/wp-json\/wp\/v2\/posts\/483469","targetHints":{"allow":["GET"]}}],"collection":[{"href":"https:\/\/www.eldigitaldeasturias.com\/noticias\/wp-json\/wp\/v2\/posts"}],"about":[{"href":"https:\/\/www.eldigitaldeasturias.com\/noticias\/wp-json\/wp\/v2\/types\/post"}],"author":[{"embeddable":true,"href":"https:\/\/www.eldigitaldeasturias.com\/noticias\/wp-json\/wp\/v2\/users\/1"}],"replies":[{"embeddable":true,"href":"https:\/\/www.eldigitaldeasturias.com\/noticias\/wp-json\/wp\/v2\/comments?post=483469"}],"version-history":[{"count":0,"href":"https:\/\/www.eldigitaldeasturias.com\/noticias\/wp-json\/wp\/v2\/posts\/483469\/revisions"}],"wp:attachment":[{"href":"https:\/\/www.eldigitaldeasturias.com\/noticias\/wp-json\/wp\/v2\/media?parent=483469"}],"wp:term":[{"taxonomy":"category","embeddable":true,"href":"https:\/\/www.eldigitaldeasturias.com\/noticias\/wp-json\/wp\/v2\/categories?post=483469"},{"taxonomy":"post_tag","embeddable":true,"href":"https:\/\/www.eldigitaldeasturias.com\/noticias\/wp-json\/wp\/v2\/tags?post=483469"}],"curies":[{"name":"wp","href":"https:\/\/api.w.org\/{rel}","templated":true}]}}