{"id":483466,"date":"2014-02-04T20:53:43","date_gmt":"2014-02-04T21:53:43","guid":{"rendered":"http:\/\/www.eldigitaldeasturias.com\/noticias\/?p=483466"},"modified":"2014-02-04T20:53:43","modified_gmt":"2014-02-04T21:53:43","slug":"arias-canete-anuncia-mejoras-en-la-gestion-del-agua-de-uso-urbano","status":"publish","type":"post","link":"https:\/\/www.eldigitaldeasturias.com\/noticias\/arias-canete-anuncia-mejoras-en-la-gestion-del-agua-de-uso-urbano\/","title":{"rendered":"Arias Ca\u00f1ete anuncia mejoras en la gesti\u00f3n del agua de uso urbano"},"content":{"rendered":"<p><img loading=\"lazy\" decoding=\"async\" class=\"alignleft size-medium wp-image-483467\" alt=\"5907842w\" src=\"https:\/\/www.eldigitaldeasturias.com\/noticias\/wp-content\/uploads\/2014\/02\/5907842w-360x171.jpg\" width=\"360\" height=\"171\" \/>Madrid, 4 feb (EFE).- El ministro de Agricultura, Alimentaci\u00f3n y Medio Ambiente, Miguel Arias Ca\u00f1ete, ha anunciado hoy un anteproyecto de ley relativo al ciclo integral del agua de uso urbano que mejorar\u00e1 su gesti\u00f3n y que remitir\u00e1 \u00aben los pr\u00f3ximos meses\u00bb al Consejo de Ministros.<\/p>\n<p>Seg\u00fan el ministro, que ha participado esta ma\u00f1ana en la apertura de la jornada \u00abLa gesti\u00f3n del agua en Espa\u00f1a: presente y retos futuros\u00bb, ser\u00e1 una \u00abnormativa b\u00e1sica\u00bb para regular \u00abde forma conjunta\u00bb el abastecimiento, saneamiento y la depuraci\u00f3n de este recurso.<\/p>\n<p>Tambi\u00e9n ha avanzado que el Estado prev\u00e9 invertir en este ejercicio m\u00e1s de 1.420 millones de euros en el programa de Gesti\u00f3n de infraestructuras del agua para obras destinadas a garantizar el suministro en toda Espa\u00f1a, todas ellas previstas en los planes hidrol\u00f3gicos.<\/p>\n<p>En este sentido, el presidente de Acciona, Jos\u00e9 Manuel Entrecanales, que tambi\u00e9n participa en esta jornada, ha advertido de que \u00abel sector del agua carece a\u00fan de suficientes infraestructuras\u00bb y, sin un sector s\u00f3lido, es imposible \u00abexpandirse internacionalmente\u00bb.<\/p>\n<p>En Espa\u00f1a, sectores como el turismo, la energ\u00eda o la agricultura hacen un uso intensivo del agua, por lo que seg\u00fan Arias Ca\u00f1ete se hace necesario construir una pol\u00edtica con \u00abamplio acuerdo social\u00bb y una gesti\u00f3n eficiente del agua, lo que no se consigui\u00f3 en la legislatura anterior.<\/p>\n<p>El ministro critic\u00f3 las pol\u00edticas del anterior gobierno socialista al aseverar que en los \u00ab\u00faltimos tiempos se ha prescindido de una planificaci\u00f3n seria y se han incumplido normativas en depuraci\u00f3n de aguas que acarrear\u00e1n sanciones de unos 100 millones de euros a Espa\u00f1a\u00bb.<\/p>\n<p>As\u00ed, revel\u00f3 que, de los veinticinco planes de cuencas que deb\u00edan haberse completado antes de 2010, a d\u00eda de hoy s\u00f3lo se ha podido culminar uno.<\/p>\n<p>El ministro ha recordado que su departamento ha aprobado trece planes de cuenca y \u00abde los restantes que son responsabilidad del Gobierno, los del Ebro, Tajo y Segura ya han recibido un informe favorable del Consejo Nacional del Agua, mientras que el del J\u00facar est\u00e1 en informaci\u00f3n p\u00fablica\u00bb.<\/p>\n<p>En esta jornada tambi\u00e9n se ha presentado un informe elaborado por la consultora Price Water House (PWC) sobre \u00abLa gesti\u00f3n del agua en Espa\u00f1a, an\u00e1lisis de la situaci\u00f3n actual del sector y retos de futuro\u00bb.<\/p>\n<p>Este documento, que explic\u00f3 el socio de PWC Antonio Mart\u00ednez Dalmau, propone desarrollar un nuevo modelo de gesti\u00f3n del agua que aporte estabilidad al sector y permita tanto atraer las inversiones que se necesitan como facilitar que el consumo sea econ\u00f3micamente eficiente y sostenible con el medio ambiente.<\/p>\n<p>El nuevo modelo presenta cuatro premisas fundamentales: metodolog\u00eda nacional para el c\u00e1lculo de las tarifas del agua; incentivos econ\u00f3micos para su aplicaci\u00f3n; definici\u00f3n de las competencias municipales; establecimiento del principio de separaci\u00f3n de actividades e incremento de las competencias de las comisiones de precios.<\/p>\n<p>Aplicado en Espa\u00f1a, este sistema generar\u00eda un impacto agregado en el PIB de 12.600 millones de euros, as\u00ed como la creaci\u00f3n de 23.7600 nuevos empleos y un incremento de la recaudaci\u00f3n tributaria de 6.900 millones de euros.<\/p>\n<p>El plan tambi\u00e9n permitir\u00eda ahorrar 13.300 millones en costes de suministro por la mejora de la eficiencia en la red y la reducci\u00f3n de las p\u00e9rdidas de agua, adem\u00e1s de eliminar ineficiencias derivadas del derroche por valor de otros 2.500 millones.<\/p>\n<p>Mart\u00ednez Dalmau ha insistido en la idea de gestionar el agua como un bien escaso, ya que en Espa\u00f1a el porcentaje de superficie desertificada ha pasado \u00abdel 31 al 37 por ciento\u00bb en el periodo de 2003 a 2007.<\/p>\n","protected":false},"excerpt":{"rendered":"<p>Madrid, 4 feb (EFE).- El ministro de Agricultura, Alimentaci\u00f3n y Medio Ambiente, Miguel Arias Ca\u00f1ete, ha anunciado hoy un anteproyecto de ley relativo al ciclo integral del agua de uso urbano que mejorar\u00e1 su gesti\u00f3n y que remitir\u00e1 \u00aben los pr\u00f3ximos meses\u00bb al Consejo de Ministros. Seg\u00fan el ministro, que ha participado esta ma\u00f1ana en [&hellip;]<\/p>\n","protected":false},"author":1,"featured_media":483467,"comment_status":"closed","ping_status":"open","sticky":false,"template":"","format":"standard","meta":{"footnotes":""},"categories":[1],"tags":[],"class_list":["post-483466","post","type-post","status-publish","format-standard","has-post-thumbnail","hentry","category-actualidad"],"aioseo_notices":[],"aioseo_head":"\n\t\t<!-- All in One SEO Pro 5.0.1 - aioseo.com -->\n\t<meta name=\"description\" content=\"Madrid, 4 feb (EFE).- El ministro de Agricultura, Alimentaci\u00f3n y Medio Ambiente, Miguel Arias Ca\u00f1ete, ha anunciado hoy un anteproyecto de ley relativo al ciclo integral del agua de uso urbano que mejorar\u00e1 su gesti\u00f3n y que remitir\u00e1 &quot;en los pr\u00f3ximos meses&quot; al Consejo de Ministros. Seg\u00fan el ministro, que ha participado esta ma\u00f1ana en\" \/>\n\t<meta name=\"robots\" content=\"max-image-preview:large\" \/>\n\t<meta name=\"author\" content=\"El Digital de Asturias\"\/>\n\t<meta name=\"google-site-verification\" content=\"UA-38556648-1\" \/>\n\t<meta name=\"msvalidate.01\" content=\"7dfe9f3f1b24437ab69f4f2559babe99\" \/>\n\t<meta name=\"keywords\" content=\"actualidad\" \/>\n\t<link rel=\"canonical\" href=\"https:\/\/www.eldigitaldeasturias.com\/noticias\/arias-canete-anuncia-mejoras-en-la-gestion-del-agua-de-uso-urbano\/\" \/>\n\t<meta name=\"generator\" content=\"All in One SEO Pro (AIOSEO) 5.0.1\" \/>\n\t\t<meta property=\"og:locale\" content=\"es_ES\" \/>\n\t\t<meta property=\"og:site_name\" content=\"El Digital de Asturias\" \/>\n\t\t<meta property=\"og:type\" content=\"article\" \/>\n\t\t<meta property=\"og:title\" content=\"Arias Ca\u00f1ete anuncia mejoras en la gesti\u00f3n del agua de uso urbano - El Digital de Asturias\" \/>\n\t\t<meta property=\"og:description\" content=\"Madrid, 4 feb (EFE).- El ministro de Agricultura, Alimentaci\u00f3n y Medio Ambiente, Miguel Arias Ca\u00f1ete, ha anunciado hoy un anteproyecto de ley relativo al ciclo integral del agua de uso urbano que mejorar\u00e1 su gesti\u00f3n y que remitir\u00e1 &quot;en los pr\u00f3ximos meses&quot; al Consejo de Ministros. Seg\u00fan el ministro, que ha participado esta ma\u00f1ana en\" \/>\n\t\t<meta property=\"og:url\" content=\"https:\/\/www.eldigitaldeasturias.com\/noticias\/arias-canete-anuncia-mejoras-en-la-gestion-del-agua-de-uso-urbano\/\" \/>\n\t\t<meta property=\"article:tag\" content=\"actualidad\" \/>\n\t\t<meta property=\"article:published_time\" content=\"2014-02-04T21:53:43+00:00\" \/>\n\t\t<meta property=\"article:modified_time\" content=\"2014-02-04T21:53:43+00:00\" \/>\n\t\t<meta property=\"article:publisher\" content=\"https:\/\/facebook.com\/eldigitaldeasturias\" \/>\n\t\t<meta name=\"twitter:card\" content=\"summary_large_image\" \/>\n\t\t<meta name=\"twitter:title\" content=\"Arias Ca\u00f1ete anuncia mejoras en la gesti\u00f3n del agua de uso urbano - El Digital de Asturias\" \/>\n\t\t<meta name=\"twitter:description\" content=\"Madrid, 4 feb (EFE).- El ministro de Agricultura, Alimentaci\u00f3n y Medio Ambiente, Miguel Arias Ca\u00f1ete, ha anunciado hoy un anteproyecto de ley relativo al ciclo integral del agua de uso urbano que mejorar\u00e1 su gesti\u00f3n y que remitir\u00e1 &quot;en los pr\u00f3ximos meses&quot; al Consejo de Ministros. Seg\u00fan el ministro, que ha participado esta ma\u00f1ana en\" \/>\n\t\t<meta name=\"twitter:label1\" content=\"Escrito por\" \/>\n\t\t<meta name=\"twitter:data1\" content=\"El Digital de Asturias\" \/>\n\t\t<meta name=\"twitter:label2\" content=\"Tiempo de lectura estimado\" \/>\n\t\t<meta name=\"twitter:data2\" content=\"3 minutos\" \/>\n\t\t<script type=\"application\/ld+json\" class=\"aioseo-schema\">\n\t\t\t{\"@context\":\"https:\\\/\\\/schema.org\",\"@graph\":[{\"@type\":\"BlogPosting\",\"@id\":\"https:\\\/\\\/www.eldigitaldeasturias.com\\\/noticias\\\/arias-canete-anuncia-mejoras-en-la-gestion-del-agua-de-uso-urbano\\\/#blogposting\",\"name\":\"Arias Ca\\u00f1ete anuncia mejoras en la gesti\\u00f3n del agua de uso urbano - El Digital de Asturias\",\"headline\":\"Arias Ca\\u00f1ete anuncia mejoras en la gesti\\u00f3n del agua de uso urbano\",\"author\":{\"@id\":\"https:\\\/\\\/www.eldigitaldeasturias.com\\\/noticias\\\/author\\\/admin\\\/#author\"},\"publisher\":{\"@id\":\"https:\\\/\\\/www.eldigitaldeasturias.com\\\/noticias\\\/#organization\"},\"image\":{\"@type\":\"ImageObject\",\"url\":483467},\"datePublished\":\"2014-02-04T20:53:43+01:00\",\"dateModified\":\"2014-02-04T20:53:43+01:00\",\"inLanguage\":\"es-ES\",\"mainEntityOfPage\":{\"@id\":\"https:\\\/\\\/www.eldigitaldeasturias.com\\\/noticias\\\/arias-canete-anuncia-mejoras-en-la-gestion-del-agua-de-uso-urbano\\\/#webpage\"},\"isPartOf\":{\"@id\":\"https:\\\/\\\/www.eldigitaldeasturias.com\\\/noticias\\\/arias-canete-anuncia-mejoras-en-la-gestion-del-agua-de-uso-urbano\\\/#webpage\"},\"articleSection\":\"Actualidad\"},{\"@type\":\"BreadcrumbList\",\"@id\":\"https:\\\/\\\/www.eldigitaldeasturias.com\\\/noticias\\\/arias-canete-anuncia-mejoras-en-la-gestion-del-agua-de-uso-urbano\\\/#breadcrumblist\",\"itemListElement\":[{\"@type\":\"ListItem\",\"@id\":\"https:\\\/\\\/www.eldigitaldeasturias.com\\\/noticias#listItem\",\"position\":1,\"name\":\"Home\",\"item\":\"https:\\\/\\\/www.eldigitaldeasturias.com\\\/noticias\",\"nextItem\":{\"@type\":\"ListItem\",\"@id\":\"https:\\\/\\\/www.eldigitaldeasturias.com\\\/noticias\\\/category\\\/actualidad\\\/#listItem\",\"name\":\"Actualidad\"}},{\"@type\":\"ListItem\",\"@id\":\"https:\\\/\\\/www.eldigitaldeasturias.com\\\/noticias\\\/category\\\/actualidad\\\/#listItem\",\"position\":2,\"name\":\"Actualidad\",\"item\":\"https:\\\/\\\/www.eldigitaldeasturias.com\\\/noticias\\\/category\\\/actualidad\\\/\",\"nextItem\":{\"@type\":\"ListItem\",\"@id\":\"https:\\\/\\\/www.eldigitaldeasturias.com\\\/noticias\\\/arias-canete-anuncia-mejoras-en-la-gestion-del-agua-de-uso-urbano\\\/#listItem\",\"name\":\"Arias Ca\\u00f1ete anuncia mejoras en la gesti\\u00f3n del agua de uso urbano\"},\"previousItem\":{\"@type\":\"ListItem\",\"@id\":\"https:\\\/\\\/www.eldigitaldeasturias.com\\\/noticias#listItem\",\"name\":\"Home\"}},{\"@type\":\"ListItem\",\"@id\":\"https:\\\/\\\/www.eldigitaldeasturias.com\\\/noticias\\\/arias-canete-anuncia-mejoras-en-la-gestion-del-agua-de-uso-urbano\\\/#listItem\",\"position\":3,\"name\":\"Arias Ca\\u00f1ete anuncia mejoras en la gesti\\u00f3n del agua de uso urbano\",\"previousItem\":{\"@type\":\"ListItem\",\"@id\":\"https:\\\/\\\/www.eldigitaldeasturias.com\\\/noticias\\\/category\\\/actualidad\\\/#listItem\",\"name\":\"Actualidad\"}}]},{\"@type\":\"Organization\",\"@id\":\"https:\\\/\\\/www.eldigitaldeasturias.com\\\/noticias\\\/#organization\",\"name\":\"El Digital de Asturias\",\"description\":\"Hemeroteca\",\"url\":\"https:\\\/\\\/www.eldigitaldeasturias.com\\\/noticias\\\/\",\"email\":\"info@eldigitaldeasturias.com\",\"telephone\":\"+34652131393\",\"logo\":{\"@type\":\"ImageObject\",\"url\":\"https:\\\/\\\/www.eldigitaldeasturias.com\\\/noticias\\\/wp-content\\\/uploads\\\/2020\\\/12\\\/EDA.jpg\",\"@id\":\"https:\\\/\\\/www.eldigitaldeasturias.com\\\/noticias\\\/arias-canete-anuncia-mejoras-en-la-gestion-del-agua-de-uso-urbano\\\/#organizationLogo\"},\"image\":{\"@id\":\"https:\\\/\\\/www.eldigitaldeasturias.com\\\/noticias\\\/arias-canete-anuncia-mejoras-en-la-gestion-del-agua-de-uso-urbano\\\/#organizationLogo\"},\"sameAs\":[\"https:\\\/\\\/facebook.com\\\/eldigitaldeasturias\",\"https:\\\/\\\/www.youtube.com\\\/channel\\\/UCZP-2wLEB9Rv6erhFmqVnvg\"],\"address\":{\"@id\":\"https:\\\/\\\/www.eldigitaldeasturias.com\\\/noticias\\\/#postaladdress\",\"@type\":\"PostalAddress\",\"streetAddress\":\"san antonio 4\",\"postalCode\":\"33430\",\"addressLocality\":\"Cand\\u00e1s\",\"addressRegion\":\"Asturias\",\"addressCountry\":\"ES\"}},{\"@type\":\"Person\",\"@id\":\"https:\\\/\\\/www.eldigitaldeasturias.com\\\/noticias\\\/author\\\/admin\\\/#author\",\"url\":\"https:\\\/\\\/www.eldigitaldeasturias.com\\\/noticias\\\/author\\\/admin\\\/\",\"name\":\"El Digital de Asturias\",\"image\":{\"@type\":\"ImageObject\",\"@id\":\"https:\\\/\\\/www.eldigitaldeasturias.com\\\/noticias\\\/arias-canete-anuncia-mejoras-en-la-gestion-del-agua-de-uso-urbano\\\/#authorImage\",\"url\":\"https:\\\/\\\/secure.gravatar.com\\\/avatar\\\/df2aeffc32bcd13f8d26072ef8a91b623d677766deac7f97ca815868cd41bf5e?s=96&d=mm&r=g\",\"width\":96,\"height\":96,\"caption\":\"El Digital de Asturias\"}},{\"@type\":\"WebPage\",\"@id\":\"https:\\\/\\\/www.eldigitaldeasturias.com\\\/noticias\\\/arias-canete-anuncia-mejoras-en-la-gestion-del-agua-de-uso-urbano\\\/#webpage\",\"url\":\"https:\\\/\\\/www.eldigitaldeasturias.com\\\/noticias\\\/arias-canete-anuncia-mejoras-en-la-gestion-del-agua-de-uso-urbano\\\/\",\"name\":\"Arias Ca\\u00f1ete anuncia mejoras en la gesti\\u00f3n del agua de uso urbano - El Digital de Asturias\",\"description\":\"Madrid, 4 feb (EFE).- El ministro de Agricultura, Alimentaci\\u00f3n y Medio Ambiente, Miguel Arias Ca\\u00f1ete, ha anunciado hoy un anteproyecto de ley relativo al ciclo integral del agua de uso urbano que mejorar\\u00e1 su gesti\\u00f3n y que remitir\\u00e1 \\\"en los pr\\u00f3ximos meses\\\" al Consejo de Ministros. Seg\\u00fan el ministro, que ha participado esta ma\\u00f1ana en\",\"inLanguage\":\"es-ES\",\"isPartOf\":{\"@id\":\"https:\\\/\\\/www.eldigitaldeasturias.com\\\/noticias\\\/#website\"},\"breadcrumb\":{\"@id\":\"https:\\\/\\\/www.eldigitaldeasturias.com\\\/noticias\\\/arias-canete-anuncia-mejoras-en-la-gestion-del-agua-de-uso-urbano\\\/#breadcrumblist\"},\"author\":{\"@id\":\"https:\\\/\\\/www.eldigitaldeasturias.com\\\/noticias\\\/author\\\/admin\\\/#author\"},\"creator\":{\"@id\":\"https:\\\/\\\/www.eldigitaldeasturias.com\\\/noticias\\\/author\\\/admin\\\/#author\"},\"image\":{\"@type\":\"ImageObject\",\"url\":483467,\"@id\":\"https:\\\/\\\/www.eldigitaldeasturias.com\\\/noticias\\\/arias-canete-anuncia-mejoras-en-la-gestion-del-agua-de-uso-urbano\\\/#mainImage\"},\"primaryImageOfPage\":{\"@id\":\"https:\\\/\\\/www.eldigitaldeasturias.com\\\/noticias\\\/arias-canete-anuncia-mejoras-en-la-gestion-del-agua-de-uso-urbano\\\/#mainImage\"},\"datePublished\":\"2014-02-04T20:53:43+01:00\",\"dateModified\":\"2014-02-04T20:53:43+01:00\"},{\"@type\":\"WebSite\",\"@id\":\"https:\\\/\\\/www.eldigitaldeasturias.com\\\/noticias\\\/#website\",\"url\":\"https:\\\/\\\/www.eldigitaldeasturias.com\\\/noticias\\\/\",\"name\":\"El Digital de Asturias - Diario de actualidad y noticias\",\"alternateName\":\"El Digital de Asturias - Diario de actualidad y noticias\",\"description\":\"Hemeroteca\",\"inLanguage\":\"es-ES\",\"publisher\":{\"@id\":\"https:\\\/\\\/www.eldigitaldeasturias.com\\\/noticias\\\/#organization\"}}]}\n\t\t<\/script>\n\t\t<!-- All in One SEO Pro -->\r\n\t\t<title>Arias Ca\u00f1ete anuncia mejoras en la gesti\u00f3n del agua de uso urbano - El Digital de Asturias<\/title>\n\n","aioseo_head_json":{"title":"Arias Ca\u00f1ete anuncia mejoras en la gesti\u00f3n del agua de uso urbano - El Digital de Asturias","description":"Madrid, 4 feb (EFE).- El ministro de Agricultura, Alimentaci\u00f3n y Medio Ambiente, Miguel Arias Ca\u00f1ete, ha anunciado hoy un anteproyecto de ley relativo al ciclo integral del agua de uso urbano que mejorar\u00e1 su gesti\u00f3n y que remitir\u00e1 \"en los pr\u00f3ximos meses\" al Consejo de Ministros. Seg\u00fan el ministro, que ha participado esta ma\u00f1ana en","canonical_url":"https:\/\/www.eldigitaldeasturias.com\/noticias\/arias-canete-anuncia-mejoras-en-la-gestion-del-agua-de-uso-urbano\/","robots":"max-image-preview:large","keywords":"actualidad","webmasterTools":{"google-site-verification":"UA-38556648-1","msvalidate.01":"7dfe9f3f1b24437ab69f4f2559babe99","miscellaneous":""},"schema":{"@context":"https:\/\/schema.org","@graph":[{"@type":"BlogPosting","@id":"https:\/\/www.eldigitaldeasturias.com\/noticias\/arias-canete-anuncia-mejoras-en-la-gestion-del-agua-de-uso-urbano\/#blogposting","name":"Arias Ca\u00f1ete anuncia mejoras en la gesti\u00f3n del agua de uso urbano - El Digital de Asturias","headline":"Arias Ca\u00f1ete anuncia mejoras en la gesti\u00f3n del agua de uso urbano","author":{"@id":"https:\/\/www.eldigitaldeasturias.com\/noticias\/author\/admin\/#author"},"publisher":{"@id":"https:\/\/www.eldigitaldeasturias.com\/noticias\/#organization"},"image":{"@type":"ImageObject","url":483467},"datePublished":"2014-02-04T20:53:43+01:00","dateModified":"2014-02-04T20:53:43+01:00","inLanguage":"es-ES","mainEntityOfPage":{"@id":"https:\/\/www.eldigitaldeasturias.com\/noticias\/arias-canete-anuncia-mejoras-en-la-gestion-del-agua-de-uso-urbano\/#webpage"},"isPartOf":{"@id":"https:\/\/www.eldigitaldeasturias.com\/noticias\/arias-canete-anuncia-mejoras-en-la-gestion-del-agua-de-uso-urbano\/#webpage"},"articleSection":"Actualidad"},{"@type":"BreadcrumbList","@id":"https:\/\/www.eldigitaldeasturias.com\/noticias\/arias-canete-anuncia-mejoras-en-la-gestion-del-agua-de-uso-urbano\/#breadcrumblist","itemListElement":[{"@type":"ListItem","@id":"https:\/\/www.eldigitaldeasturias.com\/noticias#listItem","position":1,"name":"Home","item":"https:\/\/www.eldigitaldeasturias.com\/noticias","nextItem":{"@type":"ListItem","@id":"https:\/\/www.eldigitaldeasturias.com\/noticias\/category\/actualidad\/#listItem","name":"Actualidad"}},{"@type":"ListItem","@id":"https:\/\/www.eldigitaldeasturias.com\/noticias\/category\/actualidad\/#listItem","position":2,"name":"Actualidad","item":"https:\/\/www.eldigitaldeasturias.com\/noticias\/category\/actualidad\/","nextItem":{"@type":"ListItem","@id":"https:\/\/www.eldigitaldeasturias.com\/noticias\/arias-canete-anuncia-mejoras-en-la-gestion-del-agua-de-uso-urbano\/#listItem","name":"Arias Ca\u00f1ete anuncia mejoras en la gesti\u00f3n del agua de uso urbano"},"previousItem":{"@type":"ListItem","@id":"https:\/\/www.eldigitaldeasturias.com\/noticias#listItem","name":"Home"}},{"@type":"ListItem","@id":"https:\/\/www.eldigitaldeasturias.com\/noticias\/arias-canete-anuncia-mejoras-en-la-gestion-del-agua-de-uso-urbano\/#listItem","position":3,"name":"Arias Ca\u00f1ete anuncia mejoras en la gesti\u00f3n del agua de uso urbano","previousItem":{"@type":"ListItem","@id":"https:\/\/www.eldigitaldeasturias.com\/noticias\/category\/actualidad\/#listItem","name":"Actualidad"}}]},{"@type":"Organization","@id":"https:\/\/www.eldigitaldeasturias.com\/noticias\/#organization","name":"El Digital de Asturias","description":"Hemeroteca","url":"https:\/\/www.eldigitaldeasturias.com\/noticias\/","email":"info@eldigitaldeasturias.com","telephone":"+34652131393","logo":{"@type":"ImageObject","url":"https:\/\/www.eldigitaldeasturias.com\/noticias\/wp-content\/uploads\/2020\/12\/EDA.jpg","@id":"https:\/\/www.eldigitaldeasturias.com\/noticias\/arias-canete-anuncia-mejoras-en-la-gestion-del-agua-de-uso-urbano\/#organizationLogo"},"image":{"@id":"https:\/\/www.eldigitaldeasturias.com\/noticias\/arias-canete-anuncia-mejoras-en-la-gestion-del-agua-de-uso-urbano\/#organizationLogo"},"sameAs":["https:\/\/facebook.com\/eldigitaldeasturias","https:\/\/www.youtube.com\/channel\/UCZP-2wLEB9Rv6erhFmqVnvg"],"address":{"@id":"https:\/\/www.eldigitaldeasturias.com\/noticias\/#postaladdress","@type":"PostalAddress","streetAddress":"san antonio 4","postalCode":"33430","addressLocality":"Cand\u00e1s","addressRegion":"Asturias","addressCountry":"ES"}},{"@type":"Person","@id":"https:\/\/www.eldigitaldeasturias.com\/noticias\/author\/admin\/#author","url":"https:\/\/www.eldigitaldeasturias.com\/noticias\/author\/admin\/","name":"El Digital de Asturias","image":{"@type":"ImageObject","@id":"https:\/\/www.eldigitaldeasturias.com\/noticias\/arias-canete-anuncia-mejoras-en-la-gestion-del-agua-de-uso-urbano\/#authorImage","url":"https:\/\/secure.gravatar.com\/avatar\/df2aeffc32bcd13f8d26072ef8a91b623d677766deac7f97ca815868cd41bf5e?s=96&d=mm&r=g","width":96,"height":96,"caption":"El Digital de Asturias"}},{"@type":"WebPage","@id":"https:\/\/www.eldigitaldeasturias.com\/noticias\/arias-canete-anuncia-mejoras-en-la-gestion-del-agua-de-uso-urbano\/#webpage","url":"https:\/\/www.eldigitaldeasturias.com\/noticias\/arias-canete-anuncia-mejoras-en-la-gestion-del-agua-de-uso-urbano\/","name":"Arias Ca\u00f1ete anuncia mejoras en la gesti\u00f3n del agua de uso urbano - El Digital de Asturias","description":"Madrid, 4 feb (EFE).- El ministro de Agricultura, Alimentaci\u00f3n y Medio Ambiente, Miguel Arias Ca\u00f1ete, ha anunciado hoy un anteproyecto de ley relativo al ciclo integral del agua de uso urbano que mejorar\u00e1 su gesti\u00f3n y que remitir\u00e1 \"en los pr\u00f3ximos meses\" al Consejo de Ministros. Seg\u00fan el ministro, que ha participado esta ma\u00f1ana en","inLanguage":"es-ES","isPartOf":{"@id":"https:\/\/www.eldigitaldeasturias.com\/noticias\/#website"},"breadcrumb":{"@id":"https:\/\/www.eldigitaldeasturias.com\/noticias\/arias-canete-anuncia-mejoras-en-la-gestion-del-agua-de-uso-urbano\/#breadcrumblist"},"author":{"@id":"https:\/\/www.eldigitaldeasturias.com\/noticias\/author\/admin\/#author"},"creator":{"@id":"https:\/\/www.eldigitaldeasturias.com\/noticias\/author\/admin\/#author"},"image":{"@type":"ImageObject","url":483467,"@id":"https:\/\/www.eldigitaldeasturias.com\/noticias\/arias-canete-anuncia-mejoras-en-la-gestion-del-agua-de-uso-urbano\/#mainImage"},"primaryImageOfPage":{"@id":"https:\/\/www.eldigitaldeasturias.com\/noticias\/arias-canete-anuncia-mejoras-en-la-gestion-del-agua-de-uso-urbano\/#mainImage"},"datePublished":"2014-02-04T20:53:43+01:00","dateModified":"2014-02-04T20:53:43+01:00"},{"@type":"WebSite","@id":"https:\/\/www.eldigitaldeasturias.com\/noticias\/#website","url":"https:\/\/www.eldigitaldeasturias.com\/noticias\/","name":"El Digital de Asturias - Diario de actualidad y noticias","alternateName":"El Digital de Asturias - Diario de actualidad y noticias","description":"Hemeroteca","inLanguage":"es-ES","publisher":{"@id":"https:\/\/www.eldigitaldeasturias.com\/noticias\/#organization"}}]},"og:locale":"es_ES","og:site_name":"El Digital de Asturias","og:type":"article","og:title":"Arias Ca\u00f1ete anuncia mejoras en la gesti\u00f3n del agua de uso urbano - El Digital de Asturias","og:description":"Madrid, 4 feb (EFE).- El ministro de Agricultura, Alimentaci\u00f3n y Medio Ambiente, Miguel Arias Ca\u00f1ete, ha anunciado hoy un anteproyecto de ley relativo al ciclo integral del agua de uso urbano que mejorar\u00e1 su gesti\u00f3n y que remitir\u00e1 &quot;en los pr\u00f3ximos meses&quot; al Consejo de Ministros. Seg\u00fan el ministro, que ha participado esta ma\u00f1ana en","og:url":"https:\/\/www.eldigitaldeasturias.com\/noticias\/arias-canete-anuncia-mejoras-en-la-gestion-del-agua-de-uso-urbano\/","article:tag":["actualidad"],"article:published_time":"2014-02-04T21:53:43+00:00","article:modified_time":"2014-02-04T21:53:43+00:00","article:publisher":"https:\/\/facebook.com\/eldigitaldeasturias","twitter:card":"summary_large_image","twitter:title":"Arias Ca\u00f1ete anuncia mejoras en la gesti\u00f3n del agua de uso urbano - El Digital de Asturias","twitter:description":"Madrid, 4 feb (EFE).- El ministro de Agricultura, Alimentaci\u00f3n y Medio Ambiente, Miguel Arias Ca\u00f1ete, ha anunciado hoy un anteproyecto de ley relativo al ciclo integral del agua de uso urbano que mejorar\u00e1 su gesti\u00f3n y que remitir\u00e1 &quot;en los pr\u00f3ximos meses&quot; al Consejo de Ministros. Seg\u00fan el ministro, que ha participado esta ma\u00f1ana en","twitter:label1":"Escrito por","twitter:data1":"El Digital de Asturias","twitter:label2":"Tiempo de lectura estimado","twitter:data2":"3 minutos"},"aioseo_meta_data":{"post_id":"483466","title":null,"description":null,"keywords":null,"keyphrases":null,"primary_term":null,"canonical_url":null,"og_title":null,"og_description":null,"og_object_type":"default","og_image_type":"default","og_image_url":null,"og_image_width":null,"og_image_height":null,"og_image_custom_url":null,"og_image_custom_fields":null,"og_video":null,"og_custom_url":null,"og_article_section":null,"og_article_tags":null,"twitter_use_og":true,"twitter_card":"default","twitter_image_type":"default","twitter_image_url":null,"twitter_image_custom_url":null,"twitter_image_custom_fields":null,"twitter_title":null,"twitter_description":null,"schema":{"blockGraphs":[],"customGraphs":[],"default":{"data":{"Article":[],"Course":[],"Dataset":[],"FAQPage":[],"Movie":[],"Person":[],"Product":[],"ProductReview":[],"Car":[],"Recipe":[],"Service":[],"SoftwareApplication":[],"WebPage":[]},"graphName":"","isEnabled":true},"graphs":[],"defaultGraph":"","defaultPostTypeGraph":""},"schema_type":null,"schema_type_options":null,"pillar_content":false,"robots_default":true,"robots_noindex":false,"robots_noarchive":false,"robots_nosnippet":false,"robots_nofollow":false,"robots_noimageindex":false,"robots_noodp":false,"robots_notranslate":false,"robots_max_snippet":null,"robots_max_videopreview":null,"robots_max_imagepreview":"none","priority":null,"frequency":null,"local_seo":null,"seo_analyzer_scan_date":"2026-06-02 12:57:49","breadcrumb_settings":null,"limit_modified_date":false,"open_ai":null,"ai":null,"created":"2020-11-14 22:54:45","updated":"2026-06-02 12:57:49","focus_keyword":null,"additional_keywords":null,"truseo_locale":null},"aioseo_breadcrumb":"<div class=\"aioseo-breadcrumbs\"><span class=\"aioseo-breadcrumb\">\n\t<a href=\"https:\/\/www.eldigitaldeasturias.com\/noticias\" title=\"Home\">Home<\/a>\n<\/span><span class=\"aioseo-breadcrumb-separator\">\u2013<\/span><span class=\"aioseo-breadcrumb\">\n\t<a href=\"https:\/\/www.eldigitaldeasturias.com\/noticias\/category\/actualidad\/\" title=\"Actualidad\">Actualidad<\/a>\n<\/span><span class=\"aioseo-breadcrumb-separator\">\u2013<\/span><span class=\"aioseo-breadcrumb\">\n\t<a href=\"https:\/\/www.eldigitaldeasturias.com\/noticias\/arias-canete-anuncia-mejoras-en-la-gestion-del-agua-de-uso-urbano\/\" title=\"Arias Ca\u00f1ete anuncia mejoras en la gesti\u00f3n del agua de uso urbano\">Arias Ca\u00f1ete anuncia mejoras en la gesti\u00f3n del agua de uso urbano<\/a>\n<\/span><\/div>","aioseo_breadcrumb_json":[{"label":"Home","link":"https:\/\/www.eldigitaldeasturias.com\/noticias"},{"label":"Actualidad","link":"https:\/\/www.eldigitaldeasturias.com\/noticias\/category\/actualidad\/"},{"label":"Arias Ca\u00f1ete anuncia mejoras en la gesti\u00f3n del agua de uso urbano","link":"https:\/\/www.eldigitaldeasturias.com\/noticias\/arias-canete-anuncia-mejoras-en-la-gestion-del-agua-de-uso-urbano\/"}],"_links":{"self":[{"href":"https:\/\/www.eldigitaldeasturias.com\/noticias\/wp-json\/wp\/v2\/posts\/483466","targetHints":{"allow":["GET"]}}],"collection":[{"href":"https:\/\/www.eldigitaldeasturias.com\/noticias\/wp-json\/wp\/v2\/posts"}],"about":[{"href":"https:\/\/www.eldigitaldeasturias.com\/noticias\/wp-json\/wp\/v2\/types\/post"}],"author":[{"embeddable":true,"href":"https:\/\/www.eldigitaldeasturias.com\/noticias\/wp-json\/wp\/v2\/users\/1"}],"replies":[{"embeddable":true,"href":"https:\/\/www.eldigitaldeasturias.com\/noticias\/wp-json\/wp\/v2\/comments?post=483466"}],"version-history":[{"count":0,"href":"https:\/\/www.eldigitaldeasturias.com\/noticias\/wp-json\/wp\/v2\/posts\/483466\/revisions"}],"wp:attachment":[{"href":"https:\/\/www.eldigitaldeasturias.com\/noticias\/wp-json\/wp\/v2\/media?parent=483466"}],"wp:term":[{"taxonomy":"category","embeddable":true,"href":"https:\/\/www.eldigitaldeasturias.com\/noticias\/wp-json\/wp\/v2\/categories?post=483466"},{"taxonomy":"post_tag","embeddable":true,"href":"https:\/\/www.eldigitaldeasturias.com\/noticias\/wp-json\/wp\/v2\/tags?post=483466"}],"curies":[{"name":"wp","href":"https:\/\/api.w.org\/{rel}","templated":true}]}}