{"id":483454,"date":"2014-02-04T20:47:40","date_gmt":"2014-02-04T21:47:40","guid":{"rendered":"http:\/\/www.eldigitaldeasturias.com\/noticias\/?p=483454"},"modified":"2014-02-04T20:47:40","modified_gmt":"2014-02-04T21:47:40","slug":"marc-marquez-el-mas-rapido-en-los-entrenamientos-de-sepang","status":"publish","type":"post","link":"https:\/\/www.eldigitaldeasturias.com\/noticias\/marc-marquez-el-mas-rapido-en-los-entrenamientos-de-sepang\/","title":{"rendered":"Marc M\u00e1rquez, el m\u00e1s r\u00e1pido en los entrenamientos de Sepang"},"content":{"rendered":"<p><img loading=\"lazy\" decoding=\"async\" class=\"alignleft size-medium wp-image-483455\" alt=\"5907091w\" src=\"https:\/\/www.eldigitaldeasturias.com\/noticias\/wp-content\/uploads\/2014\/02\/5907091w-360x242.jpg\" width=\"360\" height=\"242\" \/>Madrid, 4 feb (EFE).- El espa\u00f1ol Marc M\u00e1rquez, campe\u00f3n mundial de MotoGP, comenz\u00f3 la pretemporada con el mejor tiempo en la primera de las tres jornadas de entrenamientos que se desarrollan en el circuito malayo de Sepang.<\/p>\n<p>M\u00e1rquez marc\u00f3 con su Honda un crono de 2:00.286 en su mejor giro, medio segundo m\u00e1s r\u00e1pido que el italiano Valentino Rossi (Yamaha). A continuaci\u00f3n se situaron otros tres espa\u00f1oles: Dani Pedrosa (Honda), que hizo 620 mil\u00e9simas m\u00e1s, Jorge Lorenzo (Yamaha), que tard\u00f3 796 mil\u00e9simas m\u00e1s, y \u00c1lvaro Bautista (GO&amp;FUn Honda), que termin\u00f3 a casi un segundo (+954).<\/p>\n<p>Aleix Espargar\u00f3, que debutaba con su nueva Yamaha del equipo NGM Mobile Forward Racing, logr\u00f3 el s\u00e9ptimo mejor registro, a 1.133 de M\u00e1rquez, y su hermano Paul (Monster Yamaha) el noveno (+1.348).<\/p>\n<p>Todos los equipos del Mundial, con la \u00fanica excepci\u00f3n del IodaRacing, estuvieron presentes en los ensayos, que en el primer d\u00eda se han desarrollado con tiempo seco.<\/p>\n<p>&nbsp;<\/p>\n<p>&#8212; Tiempos de la primera jornada de entrenamientos en Sepang:<\/p>\n<p>.1. MARQUEZ M. (Repsol Honda) 2:00.286<\/p>\n<p>.2. ROSSI V. (Yamaha) +0.518<\/p>\n<p>.3. PEDROSA D (Repsol Honda) +0.620<\/p>\n<p>.4. LORENZO J. (Yamaha) +0.796<\/p>\n<p>.5. BAUTISTA A. (GO&amp;FUN Honda) +0.954<\/p>\n<p>.6. BRADL S. (LCR Honda) +1.034<\/p>\n<p>.7. ESPARGAR\u00d3 A. (NGM Mobile) +1.133<\/p>\n<p>.8. IANNONE A. (Pramac Racing) +1.252<\/p>\n<p>.9. ESPARGARO Paul (Monster Yamaha) +1.348<\/p>\n<p>10. SMITH B. (Monster Yamaha) +1.590<\/p>\n<p>11. EDWARDS C. (NGM Mobile) +2.197<\/p>\n<p>12. DOVIZIOSO A. (Ducati) +2.211<\/p>\n<p>13. PIRRO M. (Ducati) +2.266<\/p>\n","protected":false},"excerpt":{"rendered":"<p>Madrid, 4 feb (EFE).- El espa\u00f1ol Marc M\u00e1rquez, campe\u00f3n mundial de MotoGP, comenz\u00f3 la pretemporada con el mejor tiempo en la primera de las tres jornadas de entrenamientos que se desarrollan en el circuito malayo de Sepang. M\u00e1rquez marc\u00f3 con su Honda un crono de 2:00.286 en su mejor giro, medio segundo m\u00e1s r\u00e1pido que [&hellip;]<\/p>\n","protected":false},"author":1,"featured_media":483455,"comment_status":"closed","ping_status":"open","sticky":false,"template":"","format":"standard","meta":{"footnotes":""},"categories":[1],"tags":[],"class_list":["post-483454","post","type-post","status-publish","format-standard","has-post-thumbnail","hentry","category-actualidad"],"aioseo_notices":[],"aioseo_head":"\n\t\t<!-- All in One SEO Pro 5.0.1 - aioseo.com -->\n\t<meta name=\"description\" content=\"Madrid, 4 feb (EFE).- El espa\u00f1ol Marc M\u00e1rquez, campe\u00f3n mundial de MotoGP, comenz\u00f3 la pretemporada con el mejor tiempo en la primera de las tres jornadas de entrenamientos que se desarrollan en el circuito malayo de Sepang. M\u00e1rquez marc\u00f3 con su Honda un crono de 2:00.286 en su mejor giro, medio segundo m\u00e1s r\u00e1pido que\" \/>\n\t<meta name=\"robots\" content=\"max-image-preview:large\" \/>\n\t<meta name=\"author\" content=\"El Digital de Asturias\"\/>\n\t<meta name=\"google-site-verification\" content=\"UA-38556648-1\" \/>\n\t<meta name=\"msvalidate.01\" content=\"7dfe9f3f1b24437ab69f4f2559babe99\" \/>\n\t<meta name=\"keywords\" content=\"actualidad\" \/>\n\t<link rel=\"canonical\" href=\"https:\/\/www.eldigitaldeasturias.com\/noticias\/marc-marquez-el-mas-rapido-en-los-entrenamientos-de-sepang\/\" \/>\n\t<meta name=\"generator\" content=\"All in One SEO Pro (AIOSEO) 5.0.1\" \/>\n\t\t<meta property=\"og:locale\" content=\"es_ES\" \/>\n\t\t<meta property=\"og:site_name\" content=\"El Digital de Asturias\" \/>\n\t\t<meta property=\"og:type\" content=\"article\" \/>\n\t\t<meta property=\"og:title\" content=\"Marc M\u00e1rquez, el m\u00e1s r\u00e1pido en los entrenamientos de Sepang - El Digital de Asturias\" \/>\n\t\t<meta property=\"og:description\" content=\"Madrid, 4 feb (EFE).- El espa\u00f1ol Marc M\u00e1rquez, campe\u00f3n mundial de MotoGP, comenz\u00f3 la pretemporada con el mejor tiempo en la primera de las tres jornadas de entrenamientos que se desarrollan en el circuito malayo de Sepang. M\u00e1rquez marc\u00f3 con su Honda un crono de 2:00.286 en su mejor giro, medio segundo m\u00e1s r\u00e1pido que\" \/>\n\t\t<meta property=\"og:url\" content=\"https:\/\/www.eldigitaldeasturias.com\/noticias\/marc-marquez-el-mas-rapido-en-los-entrenamientos-de-sepang\/\" \/>\n\t\t<meta property=\"article:tag\" content=\"actualidad\" \/>\n\t\t<meta property=\"article:published_time\" content=\"2014-02-04T21:47:40+00:00\" \/>\n\t\t<meta property=\"article:modified_time\" content=\"2014-02-04T21:47:40+00:00\" \/>\n\t\t<meta property=\"article:publisher\" content=\"https:\/\/facebook.com\/eldigitaldeasturias\" \/>\n\t\t<meta name=\"twitter:card\" content=\"summary_large_image\" \/>\n\t\t<meta name=\"twitter:title\" content=\"Marc M\u00e1rquez, el m\u00e1s r\u00e1pido en los entrenamientos de Sepang - El Digital de Asturias\" \/>\n\t\t<meta name=\"twitter:description\" content=\"Madrid, 4 feb (EFE).- El espa\u00f1ol Marc M\u00e1rquez, campe\u00f3n mundial de MotoGP, comenz\u00f3 la pretemporada con el mejor tiempo en la primera de las tres jornadas de entrenamientos que se desarrollan en el circuito malayo de Sepang. M\u00e1rquez marc\u00f3 con su Honda un crono de 2:00.286 en su mejor giro, medio segundo m\u00e1s r\u00e1pido que\" \/>\n\t\t<meta name=\"twitter:label1\" content=\"Escrito por\" \/>\n\t\t<meta name=\"twitter:data1\" content=\"El Digital de Asturias\" \/>\n\t\t<meta name=\"twitter:label2\" content=\"Tiempo de lectura estimado\" \/>\n\t\t<meta name=\"twitter:data2\" content=\"1 minuto\" \/>\n\t\t<script type=\"application\/ld+json\" class=\"aioseo-schema\">\n\t\t\t{\"@context\":\"https:\\\/\\\/schema.org\",\"@graph\":[{\"@type\":\"BlogPosting\",\"@id\":\"https:\\\/\\\/www.eldigitaldeasturias.com\\\/noticias\\\/marc-marquez-el-mas-rapido-en-los-entrenamientos-de-sepang\\\/#blogposting\",\"name\":\"Marc M\\u00e1rquez, el m\\u00e1s r\\u00e1pido en los entrenamientos de Sepang - El Digital de Asturias\",\"headline\":\"Marc M\\u00e1rquez, el m\\u00e1s r\\u00e1pido en los entrenamientos de Sepang\",\"author\":{\"@id\":\"https:\\\/\\\/www.eldigitaldeasturias.com\\\/noticias\\\/author\\\/admin\\\/#author\"},\"publisher\":{\"@id\":\"https:\\\/\\\/www.eldigitaldeasturias.com\\\/noticias\\\/#organization\"},\"image\":{\"@type\":\"ImageObject\",\"url\":483455},\"datePublished\":\"2014-02-04T20:47:40+01:00\",\"dateModified\":\"2014-02-04T20:47:40+01:00\",\"inLanguage\":\"es-ES\",\"mainEntityOfPage\":{\"@id\":\"https:\\\/\\\/www.eldigitaldeasturias.com\\\/noticias\\\/marc-marquez-el-mas-rapido-en-los-entrenamientos-de-sepang\\\/#webpage\"},\"isPartOf\":{\"@id\":\"https:\\\/\\\/www.eldigitaldeasturias.com\\\/noticias\\\/marc-marquez-el-mas-rapido-en-los-entrenamientos-de-sepang\\\/#webpage\"},\"articleSection\":\"Actualidad\"},{\"@type\":\"BreadcrumbList\",\"@id\":\"https:\\\/\\\/www.eldigitaldeasturias.com\\\/noticias\\\/marc-marquez-el-mas-rapido-en-los-entrenamientos-de-sepang\\\/#breadcrumblist\",\"itemListElement\":[{\"@type\":\"ListItem\",\"@id\":\"https:\\\/\\\/www.eldigitaldeasturias.com\\\/noticias#listItem\",\"position\":1,\"name\":\"Home\",\"item\":\"https:\\\/\\\/www.eldigitaldeasturias.com\\\/noticias\",\"nextItem\":{\"@type\":\"ListItem\",\"@id\":\"https:\\\/\\\/www.eldigitaldeasturias.com\\\/noticias\\\/category\\\/actualidad\\\/#listItem\",\"name\":\"Actualidad\"}},{\"@type\":\"ListItem\",\"@id\":\"https:\\\/\\\/www.eldigitaldeasturias.com\\\/noticias\\\/category\\\/actualidad\\\/#listItem\",\"position\":2,\"name\":\"Actualidad\",\"item\":\"https:\\\/\\\/www.eldigitaldeasturias.com\\\/noticias\\\/category\\\/actualidad\\\/\",\"nextItem\":{\"@type\":\"ListItem\",\"@id\":\"https:\\\/\\\/www.eldigitaldeasturias.com\\\/noticias\\\/marc-marquez-el-mas-rapido-en-los-entrenamientos-de-sepang\\\/#listItem\",\"name\":\"Marc M\\u00e1rquez, el m\\u00e1s r\\u00e1pido en los entrenamientos de Sepang\"},\"previousItem\":{\"@type\":\"ListItem\",\"@id\":\"https:\\\/\\\/www.eldigitaldeasturias.com\\\/noticias#listItem\",\"name\":\"Home\"}},{\"@type\":\"ListItem\",\"@id\":\"https:\\\/\\\/www.eldigitaldeasturias.com\\\/noticias\\\/marc-marquez-el-mas-rapido-en-los-entrenamientos-de-sepang\\\/#listItem\",\"position\":3,\"name\":\"Marc M\\u00e1rquez, el m\\u00e1s r\\u00e1pido en los entrenamientos de Sepang\",\"previousItem\":{\"@type\":\"ListItem\",\"@id\":\"https:\\\/\\\/www.eldigitaldeasturias.com\\\/noticias\\\/category\\\/actualidad\\\/#listItem\",\"name\":\"Actualidad\"}}]},{\"@type\":\"Organization\",\"@id\":\"https:\\\/\\\/www.eldigitaldeasturias.com\\\/noticias\\\/#organization\",\"name\":\"El Digital de Asturias\",\"description\":\"Hemeroteca\",\"url\":\"https:\\\/\\\/www.eldigitaldeasturias.com\\\/noticias\\\/\",\"email\":\"info@eldigitaldeasturias.com\",\"telephone\":\"+34652131393\",\"logo\":{\"@type\":\"ImageObject\",\"url\":\"https:\\\/\\\/www.eldigitaldeasturias.com\\\/noticias\\\/wp-content\\\/uploads\\\/2020\\\/12\\\/EDA.jpg\",\"@id\":\"https:\\\/\\\/www.eldigitaldeasturias.com\\\/noticias\\\/marc-marquez-el-mas-rapido-en-los-entrenamientos-de-sepang\\\/#organizationLogo\"},\"image\":{\"@id\":\"https:\\\/\\\/www.eldigitaldeasturias.com\\\/noticias\\\/marc-marquez-el-mas-rapido-en-los-entrenamientos-de-sepang\\\/#organizationLogo\"},\"sameAs\":[\"https:\\\/\\\/facebook.com\\\/eldigitaldeasturias\",\"https:\\\/\\\/www.youtube.com\\\/channel\\\/UCZP-2wLEB9Rv6erhFmqVnvg\"],\"address\":{\"@id\":\"https:\\\/\\\/www.eldigitaldeasturias.com\\\/noticias\\\/#postaladdress\",\"@type\":\"PostalAddress\",\"streetAddress\":\"san antonio 4\",\"postalCode\":\"33430\",\"addressLocality\":\"Cand\\u00e1s\",\"addressRegion\":\"Asturias\",\"addressCountry\":\"ES\"}},{\"@type\":\"Person\",\"@id\":\"https:\\\/\\\/www.eldigitaldeasturias.com\\\/noticias\\\/author\\\/admin\\\/#author\",\"url\":\"https:\\\/\\\/www.eldigitaldeasturias.com\\\/noticias\\\/author\\\/admin\\\/\",\"name\":\"El Digital de Asturias\",\"image\":{\"@type\":\"ImageObject\",\"@id\":\"https:\\\/\\\/www.eldigitaldeasturias.com\\\/noticias\\\/marc-marquez-el-mas-rapido-en-los-entrenamientos-de-sepang\\\/#authorImage\",\"url\":\"https:\\\/\\\/secure.gravatar.com\\\/avatar\\\/df2aeffc32bcd13f8d26072ef8a91b623d677766deac7f97ca815868cd41bf5e?s=96&d=mm&r=g\",\"width\":96,\"height\":96,\"caption\":\"El Digital de Asturias\"}},{\"@type\":\"WebPage\",\"@id\":\"https:\\\/\\\/www.eldigitaldeasturias.com\\\/noticias\\\/marc-marquez-el-mas-rapido-en-los-entrenamientos-de-sepang\\\/#webpage\",\"url\":\"https:\\\/\\\/www.eldigitaldeasturias.com\\\/noticias\\\/marc-marquez-el-mas-rapido-en-los-entrenamientos-de-sepang\\\/\",\"name\":\"Marc M\\u00e1rquez, el m\\u00e1s r\\u00e1pido en los entrenamientos de Sepang - El Digital de Asturias\",\"description\":\"Madrid, 4 feb (EFE).- El espa\\u00f1ol Marc M\\u00e1rquez, campe\\u00f3n mundial de MotoGP, comenz\\u00f3 la pretemporada con el mejor tiempo en la primera de las tres jornadas de entrenamientos que se desarrollan en el circuito malayo de Sepang. M\\u00e1rquez marc\\u00f3 con su Honda un crono de 2:00.286 en su mejor giro, medio segundo m\\u00e1s r\\u00e1pido que\",\"inLanguage\":\"es-ES\",\"isPartOf\":{\"@id\":\"https:\\\/\\\/www.eldigitaldeasturias.com\\\/noticias\\\/#website\"},\"breadcrumb\":{\"@id\":\"https:\\\/\\\/www.eldigitaldeasturias.com\\\/noticias\\\/marc-marquez-el-mas-rapido-en-los-entrenamientos-de-sepang\\\/#breadcrumblist\"},\"author\":{\"@id\":\"https:\\\/\\\/www.eldigitaldeasturias.com\\\/noticias\\\/author\\\/admin\\\/#author\"},\"creator\":{\"@id\":\"https:\\\/\\\/www.eldigitaldeasturias.com\\\/noticias\\\/author\\\/admin\\\/#author\"},\"image\":{\"@type\":\"ImageObject\",\"url\":483455,\"@id\":\"https:\\\/\\\/www.eldigitaldeasturias.com\\\/noticias\\\/marc-marquez-el-mas-rapido-en-los-entrenamientos-de-sepang\\\/#mainImage\"},\"primaryImageOfPage\":{\"@id\":\"https:\\\/\\\/www.eldigitaldeasturias.com\\\/noticias\\\/marc-marquez-el-mas-rapido-en-los-entrenamientos-de-sepang\\\/#mainImage\"},\"datePublished\":\"2014-02-04T20:47:40+01:00\",\"dateModified\":\"2014-02-04T20:47:40+01:00\"},{\"@type\":\"WebSite\",\"@id\":\"https:\\\/\\\/www.eldigitaldeasturias.com\\\/noticias\\\/#website\",\"url\":\"https:\\\/\\\/www.eldigitaldeasturias.com\\\/noticias\\\/\",\"name\":\"El Digital de Asturias - Diario de actualidad y noticias\",\"alternateName\":\"El Digital de Asturias - Diario de actualidad y noticias\",\"description\":\"Hemeroteca\",\"inLanguage\":\"es-ES\",\"publisher\":{\"@id\":\"https:\\\/\\\/www.eldigitaldeasturias.com\\\/noticias\\\/#organization\"}}]}\n\t\t<\/script>\n\t\t<!-- All in One SEO Pro -->\r\n\t\t<title>Marc M\u00e1rquez, el m\u00e1s r\u00e1pido en los entrenamientos de Sepang - El Digital de Asturias<\/title>\n\n","aioseo_head_json":{"title":"Marc M\u00e1rquez, el m\u00e1s r\u00e1pido en los entrenamientos de Sepang - El Digital de Asturias","description":"Madrid, 4 feb (EFE).- El espa\u00f1ol Marc M\u00e1rquez, campe\u00f3n mundial de MotoGP, comenz\u00f3 la pretemporada con el mejor tiempo en la primera de las tres jornadas de entrenamientos que se desarrollan en el circuito malayo de Sepang. M\u00e1rquez marc\u00f3 con su Honda un crono de 2:00.286 en su mejor giro, medio segundo m\u00e1s r\u00e1pido que","canonical_url":"https:\/\/www.eldigitaldeasturias.com\/noticias\/marc-marquez-el-mas-rapido-en-los-entrenamientos-de-sepang\/","robots":"max-image-preview:large","keywords":"actualidad","webmasterTools":{"google-site-verification":"UA-38556648-1","msvalidate.01":"7dfe9f3f1b24437ab69f4f2559babe99","miscellaneous":""},"schema":{"@context":"https:\/\/schema.org","@graph":[{"@type":"BlogPosting","@id":"https:\/\/www.eldigitaldeasturias.com\/noticias\/marc-marquez-el-mas-rapido-en-los-entrenamientos-de-sepang\/#blogposting","name":"Marc M\u00e1rquez, el m\u00e1s r\u00e1pido en los entrenamientos de Sepang - El Digital de Asturias","headline":"Marc M\u00e1rquez, el m\u00e1s r\u00e1pido en los entrenamientos de Sepang","author":{"@id":"https:\/\/www.eldigitaldeasturias.com\/noticias\/author\/admin\/#author"},"publisher":{"@id":"https:\/\/www.eldigitaldeasturias.com\/noticias\/#organization"},"image":{"@type":"ImageObject","url":483455},"datePublished":"2014-02-04T20:47:40+01:00","dateModified":"2014-02-04T20:47:40+01:00","inLanguage":"es-ES","mainEntityOfPage":{"@id":"https:\/\/www.eldigitaldeasturias.com\/noticias\/marc-marquez-el-mas-rapido-en-los-entrenamientos-de-sepang\/#webpage"},"isPartOf":{"@id":"https:\/\/www.eldigitaldeasturias.com\/noticias\/marc-marquez-el-mas-rapido-en-los-entrenamientos-de-sepang\/#webpage"},"articleSection":"Actualidad"},{"@type":"BreadcrumbList","@id":"https:\/\/www.eldigitaldeasturias.com\/noticias\/marc-marquez-el-mas-rapido-en-los-entrenamientos-de-sepang\/#breadcrumblist","itemListElement":[{"@type":"ListItem","@id":"https:\/\/www.eldigitaldeasturias.com\/noticias#listItem","position":1,"name":"Home","item":"https:\/\/www.eldigitaldeasturias.com\/noticias","nextItem":{"@type":"ListItem","@id":"https:\/\/www.eldigitaldeasturias.com\/noticias\/category\/actualidad\/#listItem","name":"Actualidad"}},{"@type":"ListItem","@id":"https:\/\/www.eldigitaldeasturias.com\/noticias\/category\/actualidad\/#listItem","position":2,"name":"Actualidad","item":"https:\/\/www.eldigitaldeasturias.com\/noticias\/category\/actualidad\/","nextItem":{"@type":"ListItem","@id":"https:\/\/www.eldigitaldeasturias.com\/noticias\/marc-marquez-el-mas-rapido-en-los-entrenamientos-de-sepang\/#listItem","name":"Marc M\u00e1rquez, el m\u00e1s r\u00e1pido en los entrenamientos de Sepang"},"previousItem":{"@type":"ListItem","@id":"https:\/\/www.eldigitaldeasturias.com\/noticias#listItem","name":"Home"}},{"@type":"ListItem","@id":"https:\/\/www.eldigitaldeasturias.com\/noticias\/marc-marquez-el-mas-rapido-en-los-entrenamientos-de-sepang\/#listItem","position":3,"name":"Marc M\u00e1rquez, el m\u00e1s r\u00e1pido en los entrenamientos de Sepang","previousItem":{"@type":"ListItem","@id":"https:\/\/www.eldigitaldeasturias.com\/noticias\/category\/actualidad\/#listItem","name":"Actualidad"}}]},{"@type":"Organization","@id":"https:\/\/www.eldigitaldeasturias.com\/noticias\/#organization","name":"El Digital de Asturias","description":"Hemeroteca","url":"https:\/\/www.eldigitaldeasturias.com\/noticias\/","email":"info@eldigitaldeasturias.com","telephone":"+34652131393","logo":{"@type":"ImageObject","url":"https:\/\/www.eldigitaldeasturias.com\/noticias\/wp-content\/uploads\/2020\/12\/EDA.jpg","@id":"https:\/\/www.eldigitaldeasturias.com\/noticias\/marc-marquez-el-mas-rapido-en-los-entrenamientos-de-sepang\/#organizationLogo"},"image":{"@id":"https:\/\/www.eldigitaldeasturias.com\/noticias\/marc-marquez-el-mas-rapido-en-los-entrenamientos-de-sepang\/#organizationLogo"},"sameAs":["https:\/\/facebook.com\/eldigitaldeasturias","https:\/\/www.youtube.com\/channel\/UCZP-2wLEB9Rv6erhFmqVnvg"],"address":{"@id":"https:\/\/www.eldigitaldeasturias.com\/noticias\/#postaladdress","@type":"PostalAddress","streetAddress":"san antonio 4","postalCode":"33430","addressLocality":"Cand\u00e1s","addressRegion":"Asturias","addressCountry":"ES"}},{"@type":"Person","@id":"https:\/\/www.eldigitaldeasturias.com\/noticias\/author\/admin\/#author","url":"https:\/\/www.eldigitaldeasturias.com\/noticias\/author\/admin\/","name":"El Digital de Asturias","image":{"@type":"ImageObject","@id":"https:\/\/www.eldigitaldeasturias.com\/noticias\/marc-marquez-el-mas-rapido-en-los-entrenamientos-de-sepang\/#authorImage","url":"https:\/\/secure.gravatar.com\/avatar\/df2aeffc32bcd13f8d26072ef8a91b623d677766deac7f97ca815868cd41bf5e?s=96&d=mm&r=g","width":96,"height":96,"caption":"El Digital de Asturias"}},{"@type":"WebPage","@id":"https:\/\/www.eldigitaldeasturias.com\/noticias\/marc-marquez-el-mas-rapido-en-los-entrenamientos-de-sepang\/#webpage","url":"https:\/\/www.eldigitaldeasturias.com\/noticias\/marc-marquez-el-mas-rapido-en-los-entrenamientos-de-sepang\/","name":"Marc M\u00e1rquez, el m\u00e1s r\u00e1pido en los entrenamientos de Sepang - El Digital de Asturias","description":"Madrid, 4 feb (EFE).- El espa\u00f1ol Marc M\u00e1rquez, campe\u00f3n mundial de MotoGP, comenz\u00f3 la pretemporada con el mejor tiempo en la primera de las tres jornadas de entrenamientos que se desarrollan en el circuito malayo de Sepang. M\u00e1rquez marc\u00f3 con su Honda un crono de 2:00.286 en su mejor giro, medio segundo m\u00e1s r\u00e1pido que","inLanguage":"es-ES","isPartOf":{"@id":"https:\/\/www.eldigitaldeasturias.com\/noticias\/#website"},"breadcrumb":{"@id":"https:\/\/www.eldigitaldeasturias.com\/noticias\/marc-marquez-el-mas-rapido-en-los-entrenamientos-de-sepang\/#breadcrumblist"},"author":{"@id":"https:\/\/www.eldigitaldeasturias.com\/noticias\/author\/admin\/#author"},"creator":{"@id":"https:\/\/www.eldigitaldeasturias.com\/noticias\/author\/admin\/#author"},"image":{"@type":"ImageObject","url":483455,"@id":"https:\/\/www.eldigitaldeasturias.com\/noticias\/marc-marquez-el-mas-rapido-en-los-entrenamientos-de-sepang\/#mainImage"},"primaryImageOfPage":{"@id":"https:\/\/www.eldigitaldeasturias.com\/noticias\/marc-marquez-el-mas-rapido-en-los-entrenamientos-de-sepang\/#mainImage"},"datePublished":"2014-02-04T20:47:40+01:00","dateModified":"2014-02-04T20:47:40+01:00"},{"@type":"WebSite","@id":"https:\/\/www.eldigitaldeasturias.com\/noticias\/#website","url":"https:\/\/www.eldigitaldeasturias.com\/noticias\/","name":"El Digital de Asturias - Diario de actualidad y noticias","alternateName":"El Digital de Asturias - Diario de actualidad y noticias","description":"Hemeroteca","inLanguage":"es-ES","publisher":{"@id":"https:\/\/www.eldigitaldeasturias.com\/noticias\/#organization"}}]},"og:locale":"es_ES","og:site_name":"El Digital de Asturias","og:type":"article","og:title":"Marc M\u00e1rquez, el m\u00e1s r\u00e1pido en los entrenamientos de Sepang - El Digital de Asturias","og:description":"Madrid, 4 feb (EFE).- El espa\u00f1ol Marc M\u00e1rquez, campe\u00f3n mundial de MotoGP, comenz\u00f3 la pretemporada con el mejor tiempo en la primera de las tres jornadas de entrenamientos que se desarrollan en el circuito malayo de Sepang. M\u00e1rquez marc\u00f3 con su Honda un crono de 2:00.286 en su mejor giro, medio segundo m\u00e1s r\u00e1pido que","og:url":"https:\/\/www.eldigitaldeasturias.com\/noticias\/marc-marquez-el-mas-rapido-en-los-entrenamientos-de-sepang\/","article:tag":["actualidad"],"article:published_time":"2014-02-04T21:47:40+00:00","article:modified_time":"2014-02-04T21:47:40+00:00","article:publisher":"https:\/\/facebook.com\/eldigitaldeasturias","twitter:card":"summary_large_image","twitter:title":"Marc M\u00e1rquez, el m\u00e1s r\u00e1pido en los entrenamientos de Sepang - El Digital de Asturias","twitter:description":"Madrid, 4 feb (EFE).- El espa\u00f1ol Marc M\u00e1rquez, campe\u00f3n mundial de MotoGP, comenz\u00f3 la pretemporada con el mejor tiempo en la primera de las tres jornadas de entrenamientos que se desarrollan en el circuito malayo de Sepang. M\u00e1rquez marc\u00f3 con su Honda un crono de 2:00.286 en su mejor giro, medio segundo m\u00e1s r\u00e1pido que","twitter:label1":"Escrito por","twitter:data1":"El Digital de Asturias","twitter:label2":"Tiempo de lectura estimado","twitter:data2":"1 minuto"},"aioseo_meta_data":{"post_id":"483454","title":null,"description":null,"keywords":null,"keyphrases":null,"primary_term":null,"canonical_url":null,"og_title":null,"og_description":null,"og_object_type":"default","og_image_type":"default","og_image_url":null,"og_image_width":null,"og_image_height":null,"og_image_custom_url":null,"og_image_custom_fields":null,"og_video":null,"og_custom_url":null,"og_article_section":null,"og_article_tags":null,"twitter_use_og":true,"twitter_card":"default","twitter_image_type":"default","twitter_image_url":null,"twitter_image_custom_url":null,"twitter_image_custom_fields":null,"twitter_title":null,"twitter_description":null,"schema":{"blockGraphs":[],"customGraphs":[],"default":{"data":{"Article":[],"Course":[],"Dataset":[],"FAQPage":[],"Movie":[],"Person":[],"Product":[],"ProductReview":[],"Car":[],"Recipe":[],"Service":[],"SoftwareApplication":[],"WebPage":[]},"graphName":"","isEnabled":true},"graphs":[],"defaultGraph":"","defaultPostTypeGraph":""},"schema_type":null,"schema_type_options":null,"pillar_content":false,"robots_default":true,"robots_noindex":false,"robots_noarchive":false,"robots_nosnippet":false,"robots_nofollow":false,"robots_noimageindex":false,"robots_noodp":false,"robots_notranslate":false,"robots_max_snippet":null,"robots_max_videopreview":null,"robots_max_imagepreview":"none","priority":null,"frequency":null,"local_seo":null,"seo_analyzer_scan_date":"2026-06-02 12:55:56","breadcrumb_settings":null,"limit_modified_date":false,"open_ai":null,"ai":null,"created":"2020-11-14 22:54:45","updated":"2026-06-02 12:55:56","focus_keyword":null,"additional_keywords":null,"truseo_locale":null},"aioseo_breadcrumb":"<div class=\"aioseo-breadcrumbs\"><span class=\"aioseo-breadcrumb\">\n\t<a href=\"https:\/\/www.eldigitaldeasturias.com\/noticias\" title=\"Home\">Home<\/a>\n<\/span><span class=\"aioseo-breadcrumb-separator\">\u2013<\/span><span class=\"aioseo-breadcrumb\">\n\t<a href=\"https:\/\/www.eldigitaldeasturias.com\/noticias\/category\/actualidad\/\" title=\"Actualidad\">Actualidad<\/a>\n<\/span><span class=\"aioseo-breadcrumb-separator\">\u2013<\/span><span class=\"aioseo-breadcrumb\">\n\t<a href=\"https:\/\/www.eldigitaldeasturias.com\/noticias\/marc-marquez-el-mas-rapido-en-los-entrenamientos-de-sepang\/\" title=\"Marc M\u00e1rquez, el m\u00e1s r\u00e1pido en los entrenamientos de Sepang\">Marc M\u00e1rquez, el m\u00e1s r\u00e1pido en los entrenamientos de Sepang<\/a>\n<\/span><\/div>","aioseo_breadcrumb_json":[{"label":"Home","link":"https:\/\/www.eldigitaldeasturias.com\/noticias"},{"label":"Actualidad","link":"https:\/\/www.eldigitaldeasturias.com\/noticias\/category\/actualidad\/"},{"label":"Marc M\u00e1rquez, el m\u00e1s r\u00e1pido en los entrenamientos de Sepang","link":"https:\/\/www.eldigitaldeasturias.com\/noticias\/marc-marquez-el-mas-rapido-en-los-entrenamientos-de-sepang\/"}],"_links":{"self":[{"href":"https:\/\/www.eldigitaldeasturias.com\/noticias\/wp-json\/wp\/v2\/posts\/483454","targetHints":{"allow":["GET"]}}],"collection":[{"href":"https:\/\/www.eldigitaldeasturias.com\/noticias\/wp-json\/wp\/v2\/posts"}],"about":[{"href":"https:\/\/www.eldigitaldeasturias.com\/noticias\/wp-json\/wp\/v2\/types\/post"}],"author":[{"embeddable":true,"href":"https:\/\/www.eldigitaldeasturias.com\/noticias\/wp-json\/wp\/v2\/users\/1"}],"replies":[{"embeddable":true,"href":"https:\/\/www.eldigitaldeasturias.com\/noticias\/wp-json\/wp\/v2\/comments?post=483454"}],"version-history":[{"count":0,"href":"https:\/\/www.eldigitaldeasturias.com\/noticias\/wp-json\/wp\/v2\/posts\/483454\/revisions"}],"wp:attachment":[{"href":"https:\/\/www.eldigitaldeasturias.com\/noticias\/wp-json\/wp\/v2\/media?parent=483454"}],"wp:term":[{"taxonomy":"category","embeddable":true,"href":"https:\/\/www.eldigitaldeasturias.com\/noticias\/wp-json\/wp\/v2\/categories?post=483454"},{"taxonomy":"post_tag","embeddable":true,"href":"https:\/\/www.eldigitaldeasturias.com\/noticias\/wp-json\/wp\/v2\/tags?post=483454"}],"curies":[{"name":"wp","href":"https:\/\/api.w.org\/{rel}","templated":true}]}}