{"id":483448,"date":"2014-02-04T20:45:25","date_gmt":"2014-02-04T21:45:25","guid":{"rendered":"http:\/\/www.eldigitaldeasturias.com\/noticias\/?p=483448"},"modified":"2014-02-04T20:45:25","modified_gmt":"2014-02-04T21:45:25","slug":"la-patronal-catalana-plantea-bajar-el-irpf-y-las-cotizaciones-para-crear-empleo","status":"publish","type":"post","link":"https:\/\/www.eldigitaldeasturias.com\/noticias\/la-patronal-catalana-plantea-bajar-el-irpf-y-las-cotizaciones-para-crear-empleo\/","title":{"rendered":"La patronal catalana plantea bajar el IRPF y las cotizaciones para crear empleo"},"content":{"rendered":"<p><img loading=\"lazy\" decoding=\"async\" class=\"alignleft size-medium wp-image-483449\" alt=\"5907812w\" src=\"https:\/\/www.eldigitaldeasturias.com\/noticias\/wp-content\/uploads\/2014\/02\/5907812w-360x320.jpg\" width=\"360\" height=\"320\" \/>Barcelona, 4 feb (EFE).- La patronal catalana Foment del Treball ha propuesto hoy la rebaja del Impuesto de Sociedades, del IRPF y las cotizaciones sociales, entre otras cargas fiscales, como f\u00f3rmula para dinamizar la econom\u00eda espa\u00f1ola y crear empleo.<\/p>\n<p>La principal patronal catalana ha presentado hoy su alternativa a la reforma fiscal que prepara el Gobierno espa\u00f1ol, un documento en el que reclama tambi\u00e9n suprimir el Impuesto de Patrimonio, el de Sucesiones y Donaciones y que el Impuesto de Transmisiones Patrimoniales, que grava la compraventa de vivienda de segunda mano, no sea superior al 5 %.<\/p>\n<p>\u00abEste escenario de reducci\u00f3n paulatina de impuestos actuar\u00eda como elemento dinamizador de la econom\u00eda. No se trata de una rebaja de impuestos para pagar menos impuestos, sino para dinamizar la econom\u00eda y crear empleo\u00bb, ha sentenciado el presidente de la Comisi\u00f3n de Econom\u00eda y Fiscalidad de Foment, Ramon Adell, que ha remarcado que crecer es la \u00abmejor v\u00eda\u00bb para evitar nuevos recortes.<\/p>\n<p>Asimismo, Adell ha alertado de que el sistema fiscal espa\u00f1ol se caracteriza por su incertidumbre, por lo que ha apelado a \u00absimplificar\u00bb el sistema y a hacerlo \u00abprevisible\u00bb, al tiempo que ha reivindicado la lucha contra el fraude fiscal.<\/p>\n<p>En cuanto al Impuesto de Sociedades, situado actualmente en el 30 %, Foment plantea reducirlo \u00aba los est\u00e1ndares europeos con car\u00e1cter prioritario\u00bb y que se extienda a todas las compa\u00f1\u00edas la deducci\u00f3n por inversi\u00f3n de beneficios aprobada para empresas de peque\u00f1o tama\u00f1o en 2013.<\/p>\n<p>A juicio del presidente del Consejo General de Economistas de Espa\u00f1a, Valent\u00ed Pich, el tipo nominal de Sociedades en Espa\u00f1a es \u00abdemasiado elevado\u00bb.<\/p>\n<p>Respecto al IRPF, esta organizaci\u00f3n reclama una reducci\u00f3n \u00absustancial\u00bb de los tipos impositivos de forma \u00abprioritaria\u00bb, entre ellos el tipo marginal m\u00e1ximo, aunque tampoco hace en este caso una propuesta en porcentajes.<\/p>\n<p>Mantener temporalmente la deducci\u00f3n por rehabilitaci\u00f3n de edificios y viviendas, y que se puedan deducir los seguros m\u00e9dicos privados son otras de las propuestas de Foment.<\/p>\n<p>Respecto a las contribuciones a la Seguridad Social, Foment cree que \u00abEspa\u00f1a tiene un gravamen excesivo sobre el empleo\u00bb, a pesar de su elevada tasa de paro, y por ello apremia al Gobierno a llevar a cabo de forma \u00abinmediata la anunciada reducci\u00f3n de cotizaciones sociales\u00bb.<\/p>\n<p>En este punto, Foment ha vuelto a lamentar que el Gobierno espa\u00f1ol pretenda que las empresas coticen ahora por las llamadas retribuciones en especie.<\/p>\n<p>En cuanto al IVA, entiende que Espa\u00f1a ya est\u00e1 homologada al resto de la UE despu\u00e9s de la reciente subida de este impuesto, por lo que \u00abno caben variaciones\u00bb.<\/p>\n<p>A partir del an\u00e1lisis de una relaci\u00f3n de pa\u00edses, principalmente Reino Unido, Italia, Francia, Espa\u00f1a y Alemania, Foment concluye que el tipo m\u00e1ximo del IRPF y el tipo nominal del Impuesto de Sociedades se sit\u00faan en la banda alta de los pa\u00edses europeos.<\/p>\n","protected":false},"excerpt":{"rendered":"<p>Barcelona, 4 feb (EFE).- La patronal catalana Foment del Treball ha propuesto hoy la rebaja del Impuesto de Sociedades, del IRPF y las cotizaciones sociales, entre otras cargas fiscales, como f\u00f3rmula para dinamizar la econom\u00eda espa\u00f1ola y crear empleo. La principal patronal catalana ha presentado hoy su alternativa a la reforma fiscal que prepara el [&hellip;]<\/p>\n","protected":false},"author":1,"featured_media":483449,"comment_status":"closed","ping_status":"open","sticky":false,"template":"","format":"standard","meta":{"footnotes":""},"categories":[1],"tags":[],"class_list":["post-483448","post","type-post","status-publish","format-standard","has-post-thumbnail","hentry","category-actualidad"],"aioseo_notices":[],"aioseo_head":"\n\t\t<!-- All in One SEO Pro 5.0.1 - aioseo.com -->\n\t<meta name=\"description\" content=\"Barcelona, 4 feb (EFE).- La patronal catalana Foment del Treball ha propuesto hoy la rebaja del Impuesto de Sociedades, del IRPF y las cotizaciones sociales, entre otras cargas fiscales, como f\u00f3rmula para dinamizar la econom\u00eda espa\u00f1ola y crear empleo. La principal patronal catalana ha presentado hoy su alternativa a la reforma fiscal que prepara el\" \/>\n\t<meta name=\"robots\" content=\"max-image-preview:large\" \/>\n\t<meta name=\"author\" content=\"El Digital de Asturias\"\/>\n\t<meta name=\"google-site-verification\" content=\"UA-38556648-1\" \/>\n\t<meta name=\"msvalidate.01\" content=\"7dfe9f3f1b24437ab69f4f2559babe99\" \/>\n\t<meta name=\"keywords\" content=\"actualidad\" \/>\n\t<link rel=\"canonical\" href=\"https:\/\/www.eldigitaldeasturias.com\/noticias\/la-patronal-catalana-plantea-bajar-el-irpf-y-las-cotizaciones-para-crear-empleo\/\" \/>\n\t<meta name=\"generator\" content=\"All in One SEO Pro (AIOSEO) 5.0.1\" \/>\n\t\t<meta property=\"og:locale\" content=\"es_ES\" \/>\n\t\t<meta property=\"og:site_name\" content=\"El Digital de Asturias\" \/>\n\t\t<meta property=\"og:type\" content=\"article\" \/>\n\t\t<meta property=\"og:title\" content=\"La patronal catalana plantea bajar el IRPF y las cotizaciones para crear empleo - El Digital de Asturias\" \/>\n\t\t<meta property=\"og:description\" content=\"Barcelona, 4 feb (EFE).- La patronal catalana Foment del Treball ha propuesto hoy la rebaja del Impuesto de Sociedades, del IRPF y las cotizaciones sociales, entre otras cargas fiscales, como f\u00f3rmula para dinamizar la econom\u00eda espa\u00f1ola y crear empleo. La principal patronal catalana ha presentado hoy su alternativa a la reforma fiscal que prepara el\" \/>\n\t\t<meta property=\"og:url\" content=\"https:\/\/www.eldigitaldeasturias.com\/noticias\/la-patronal-catalana-plantea-bajar-el-irpf-y-las-cotizaciones-para-crear-empleo\/\" \/>\n\t\t<meta property=\"article:tag\" content=\"actualidad\" \/>\n\t\t<meta property=\"article:published_time\" content=\"2014-02-04T21:45:25+00:00\" \/>\n\t\t<meta property=\"article:modified_time\" content=\"2014-02-04T21:45:25+00:00\" \/>\n\t\t<meta property=\"article:publisher\" content=\"https:\/\/facebook.com\/eldigitaldeasturias\" \/>\n\t\t<meta name=\"twitter:card\" content=\"summary_large_image\" \/>\n\t\t<meta name=\"twitter:title\" content=\"La patronal catalana plantea bajar el IRPF y las cotizaciones para crear empleo - El Digital de Asturias\" \/>\n\t\t<meta name=\"twitter:description\" content=\"Barcelona, 4 feb (EFE).- La patronal catalana Foment del Treball ha propuesto hoy la rebaja del Impuesto de Sociedades, del IRPF y las cotizaciones sociales, entre otras cargas fiscales, como f\u00f3rmula para dinamizar la econom\u00eda espa\u00f1ola y crear empleo. La principal patronal catalana ha presentado hoy su alternativa a la reforma fiscal que prepara el\" \/>\n\t\t<meta name=\"twitter:label1\" content=\"Escrito por\" \/>\n\t\t<meta name=\"twitter:data1\" content=\"El Digital de Asturias\" \/>\n\t\t<meta name=\"twitter:label2\" content=\"Tiempo de lectura estimado\" \/>\n\t\t<meta name=\"twitter:data2\" content=\"2 minutos\" \/>\n\t\t<script type=\"application\/ld+json\" class=\"aioseo-schema\">\n\t\t\t{\"@context\":\"https:\\\/\\\/schema.org\",\"@graph\":[{\"@type\":\"BlogPosting\",\"@id\":\"https:\\\/\\\/www.eldigitaldeasturias.com\\\/noticias\\\/la-patronal-catalana-plantea-bajar-el-irpf-y-las-cotizaciones-para-crear-empleo\\\/#blogposting\",\"name\":\"La patronal catalana plantea bajar el IRPF y las cotizaciones para crear empleo - El Digital de Asturias\",\"headline\":\"La patronal catalana plantea bajar el IRPF y las cotizaciones para crear empleo\",\"author\":{\"@id\":\"https:\\\/\\\/www.eldigitaldeasturias.com\\\/noticias\\\/author\\\/admin\\\/#author\"},\"publisher\":{\"@id\":\"https:\\\/\\\/www.eldigitaldeasturias.com\\\/noticias\\\/#organization\"},\"image\":{\"@type\":\"ImageObject\",\"url\":483449},\"datePublished\":\"2014-02-04T20:45:25+01:00\",\"dateModified\":\"2014-02-04T20:45:25+01:00\",\"inLanguage\":\"es-ES\",\"mainEntityOfPage\":{\"@id\":\"https:\\\/\\\/www.eldigitaldeasturias.com\\\/noticias\\\/la-patronal-catalana-plantea-bajar-el-irpf-y-las-cotizaciones-para-crear-empleo\\\/#webpage\"},\"isPartOf\":{\"@id\":\"https:\\\/\\\/www.eldigitaldeasturias.com\\\/noticias\\\/la-patronal-catalana-plantea-bajar-el-irpf-y-las-cotizaciones-para-crear-empleo\\\/#webpage\"},\"articleSection\":\"Actualidad\"},{\"@type\":\"BreadcrumbList\",\"@id\":\"https:\\\/\\\/www.eldigitaldeasturias.com\\\/noticias\\\/la-patronal-catalana-plantea-bajar-el-irpf-y-las-cotizaciones-para-crear-empleo\\\/#breadcrumblist\",\"itemListElement\":[{\"@type\":\"ListItem\",\"@id\":\"https:\\\/\\\/www.eldigitaldeasturias.com\\\/noticias#listItem\",\"position\":1,\"name\":\"Home\",\"item\":\"https:\\\/\\\/www.eldigitaldeasturias.com\\\/noticias\",\"nextItem\":{\"@type\":\"ListItem\",\"@id\":\"https:\\\/\\\/www.eldigitaldeasturias.com\\\/noticias\\\/category\\\/actualidad\\\/#listItem\",\"name\":\"Actualidad\"}},{\"@type\":\"ListItem\",\"@id\":\"https:\\\/\\\/www.eldigitaldeasturias.com\\\/noticias\\\/category\\\/actualidad\\\/#listItem\",\"position\":2,\"name\":\"Actualidad\",\"item\":\"https:\\\/\\\/www.eldigitaldeasturias.com\\\/noticias\\\/category\\\/actualidad\\\/\",\"nextItem\":{\"@type\":\"ListItem\",\"@id\":\"https:\\\/\\\/www.eldigitaldeasturias.com\\\/noticias\\\/la-patronal-catalana-plantea-bajar-el-irpf-y-las-cotizaciones-para-crear-empleo\\\/#listItem\",\"name\":\"La patronal catalana plantea bajar el IRPF y las cotizaciones para crear empleo\"},\"previousItem\":{\"@type\":\"ListItem\",\"@id\":\"https:\\\/\\\/www.eldigitaldeasturias.com\\\/noticias#listItem\",\"name\":\"Home\"}},{\"@type\":\"ListItem\",\"@id\":\"https:\\\/\\\/www.eldigitaldeasturias.com\\\/noticias\\\/la-patronal-catalana-plantea-bajar-el-irpf-y-las-cotizaciones-para-crear-empleo\\\/#listItem\",\"position\":3,\"name\":\"La patronal catalana plantea bajar el IRPF y las cotizaciones para crear empleo\",\"previousItem\":{\"@type\":\"ListItem\",\"@id\":\"https:\\\/\\\/www.eldigitaldeasturias.com\\\/noticias\\\/category\\\/actualidad\\\/#listItem\",\"name\":\"Actualidad\"}}]},{\"@type\":\"Organization\",\"@id\":\"https:\\\/\\\/www.eldigitaldeasturias.com\\\/noticias\\\/#organization\",\"name\":\"El Digital de Asturias\",\"description\":\"Hemeroteca\",\"url\":\"https:\\\/\\\/www.eldigitaldeasturias.com\\\/noticias\\\/\",\"email\":\"info@eldigitaldeasturias.com\",\"telephone\":\"+34652131393\",\"logo\":{\"@type\":\"ImageObject\",\"url\":\"https:\\\/\\\/www.eldigitaldeasturias.com\\\/noticias\\\/wp-content\\\/uploads\\\/2020\\\/12\\\/EDA.jpg\",\"@id\":\"https:\\\/\\\/www.eldigitaldeasturias.com\\\/noticias\\\/la-patronal-catalana-plantea-bajar-el-irpf-y-las-cotizaciones-para-crear-empleo\\\/#organizationLogo\"},\"image\":{\"@id\":\"https:\\\/\\\/www.eldigitaldeasturias.com\\\/noticias\\\/la-patronal-catalana-plantea-bajar-el-irpf-y-las-cotizaciones-para-crear-empleo\\\/#organizationLogo\"},\"sameAs\":[\"https:\\\/\\\/facebook.com\\\/eldigitaldeasturias\",\"https:\\\/\\\/www.youtube.com\\\/channel\\\/UCZP-2wLEB9Rv6erhFmqVnvg\"],\"address\":{\"@id\":\"https:\\\/\\\/www.eldigitaldeasturias.com\\\/noticias\\\/#postaladdress\",\"@type\":\"PostalAddress\",\"streetAddress\":\"san antonio 4\",\"postalCode\":\"33430\",\"addressLocality\":\"Cand\\u00e1s\",\"addressRegion\":\"Asturias\",\"addressCountry\":\"ES\"}},{\"@type\":\"Person\",\"@id\":\"https:\\\/\\\/www.eldigitaldeasturias.com\\\/noticias\\\/author\\\/admin\\\/#author\",\"url\":\"https:\\\/\\\/www.eldigitaldeasturias.com\\\/noticias\\\/author\\\/admin\\\/\",\"name\":\"El Digital de Asturias\",\"image\":{\"@type\":\"ImageObject\",\"@id\":\"https:\\\/\\\/www.eldigitaldeasturias.com\\\/noticias\\\/la-patronal-catalana-plantea-bajar-el-irpf-y-las-cotizaciones-para-crear-empleo\\\/#authorImage\",\"url\":\"https:\\\/\\\/secure.gravatar.com\\\/avatar\\\/df2aeffc32bcd13f8d26072ef8a91b623d677766deac7f97ca815868cd41bf5e?s=96&d=mm&r=g\",\"width\":96,\"height\":96,\"caption\":\"El Digital de Asturias\"}},{\"@type\":\"WebPage\",\"@id\":\"https:\\\/\\\/www.eldigitaldeasturias.com\\\/noticias\\\/la-patronal-catalana-plantea-bajar-el-irpf-y-las-cotizaciones-para-crear-empleo\\\/#webpage\",\"url\":\"https:\\\/\\\/www.eldigitaldeasturias.com\\\/noticias\\\/la-patronal-catalana-plantea-bajar-el-irpf-y-las-cotizaciones-para-crear-empleo\\\/\",\"name\":\"La patronal catalana plantea bajar el IRPF y las cotizaciones para crear empleo - El Digital de Asturias\",\"description\":\"Barcelona, 4 feb (EFE).- La patronal catalana Foment del Treball ha propuesto hoy la rebaja del Impuesto de Sociedades, del IRPF y las cotizaciones sociales, entre otras cargas fiscales, como f\\u00f3rmula para dinamizar la econom\\u00eda espa\\u00f1ola y crear empleo. La principal patronal catalana ha presentado hoy su alternativa a la reforma fiscal que prepara el\",\"inLanguage\":\"es-ES\",\"isPartOf\":{\"@id\":\"https:\\\/\\\/www.eldigitaldeasturias.com\\\/noticias\\\/#website\"},\"breadcrumb\":{\"@id\":\"https:\\\/\\\/www.eldigitaldeasturias.com\\\/noticias\\\/la-patronal-catalana-plantea-bajar-el-irpf-y-las-cotizaciones-para-crear-empleo\\\/#breadcrumblist\"},\"author\":{\"@id\":\"https:\\\/\\\/www.eldigitaldeasturias.com\\\/noticias\\\/author\\\/admin\\\/#author\"},\"creator\":{\"@id\":\"https:\\\/\\\/www.eldigitaldeasturias.com\\\/noticias\\\/author\\\/admin\\\/#author\"},\"image\":{\"@type\":\"ImageObject\",\"url\":483449,\"@id\":\"https:\\\/\\\/www.eldigitaldeasturias.com\\\/noticias\\\/la-patronal-catalana-plantea-bajar-el-irpf-y-las-cotizaciones-para-crear-empleo\\\/#mainImage\"},\"primaryImageOfPage\":{\"@id\":\"https:\\\/\\\/www.eldigitaldeasturias.com\\\/noticias\\\/la-patronal-catalana-plantea-bajar-el-irpf-y-las-cotizaciones-para-crear-empleo\\\/#mainImage\"},\"datePublished\":\"2014-02-04T20:45:25+01:00\",\"dateModified\":\"2014-02-04T20:45:25+01:00\"},{\"@type\":\"WebSite\",\"@id\":\"https:\\\/\\\/www.eldigitaldeasturias.com\\\/noticias\\\/#website\",\"url\":\"https:\\\/\\\/www.eldigitaldeasturias.com\\\/noticias\\\/\",\"name\":\"El Digital de Asturias - Diario de actualidad y noticias\",\"alternateName\":\"El Digital de Asturias - Diario de actualidad y noticias\",\"description\":\"Hemeroteca\",\"inLanguage\":\"es-ES\",\"publisher\":{\"@id\":\"https:\\\/\\\/www.eldigitaldeasturias.com\\\/noticias\\\/#organization\"}}]}\n\t\t<\/script>\n\t\t<!-- All in One SEO Pro -->\r\n\t\t<title>La patronal catalana plantea bajar el IRPF y las cotizaciones para crear empleo - El Digital de Asturias<\/title>\n\n","aioseo_head_json":{"title":"La patronal catalana plantea bajar el IRPF y las cotizaciones para crear empleo - El Digital de Asturias","description":"Barcelona, 4 feb (EFE).- La patronal catalana Foment del Treball ha propuesto hoy la rebaja del Impuesto de Sociedades, del IRPF y las cotizaciones sociales, entre otras cargas fiscales, como f\u00f3rmula para dinamizar la econom\u00eda espa\u00f1ola y crear empleo. La principal patronal catalana ha presentado hoy su alternativa a la reforma fiscal que prepara el","canonical_url":"https:\/\/www.eldigitaldeasturias.com\/noticias\/la-patronal-catalana-plantea-bajar-el-irpf-y-las-cotizaciones-para-crear-empleo\/","robots":"max-image-preview:large","keywords":"actualidad","webmasterTools":{"google-site-verification":"UA-38556648-1","msvalidate.01":"7dfe9f3f1b24437ab69f4f2559babe99","miscellaneous":""},"schema":{"@context":"https:\/\/schema.org","@graph":[{"@type":"BlogPosting","@id":"https:\/\/www.eldigitaldeasturias.com\/noticias\/la-patronal-catalana-plantea-bajar-el-irpf-y-las-cotizaciones-para-crear-empleo\/#blogposting","name":"La patronal catalana plantea bajar el IRPF y las cotizaciones para crear empleo - El Digital de Asturias","headline":"La patronal catalana plantea bajar el IRPF y las cotizaciones para crear empleo","author":{"@id":"https:\/\/www.eldigitaldeasturias.com\/noticias\/author\/admin\/#author"},"publisher":{"@id":"https:\/\/www.eldigitaldeasturias.com\/noticias\/#organization"},"image":{"@type":"ImageObject","url":483449},"datePublished":"2014-02-04T20:45:25+01:00","dateModified":"2014-02-04T20:45:25+01:00","inLanguage":"es-ES","mainEntityOfPage":{"@id":"https:\/\/www.eldigitaldeasturias.com\/noticias\/la-patronal-catalana-plantea-bajar-el-irpf-y-las-cotizaciones-para-crear-empleo\/#webpage"},"isPartOf":{"@id":"https:\/\/www.eldigitaldeasturias.com\/noticias\/la-patronal-catalana-plantea-bajar-el-irpf-y-las-cotizaciones-para-crear-empleo\/#webpage"},"articleSection":"Actualidad"},{"@type":"BreadcrumbList","@id":"https:\/\/www.eldigitaldeasturias.com\/noticias\/la-patronal-catalana-plantea-bajar-el-irpf-y-las-cotizaciones-para-crear-empleo\/#breadcrumblist","itemListElement":[{"@type":"ListItem","@id":"https:\/\/www.eldigitaldeasturias.com\/noticias#listItem","position":1,"name":"Home","item":"https:\/\/www.eldigitaldeasturias.com\/noticias","nextItem":{"@type":"ListItem","@id":"https:\/\/www.eldigitaldeasturias.com\/noticias\/category\/actualidad\/#listItem","name":"Actualidad"}},{"@type":"ListItem","@id":"https:\/\/www.eldigitaldeasturias.com\/noticias\/category\/actualidad\/#listItem","position":2,"name":"Actualidad","item":"https:\/\/www.eldigitaldeasturias.com\/noticias\/category\/actualidad\/","nextItem":{"@type":"ListItem","@id":"https:\/\/www.eldigitaldeasturias.com\/noticias\/la-patronal-catalana-plantea-bajar-el-irpf-y-las-cotizaciones-para-crear-empleo\/#listItem","name":"La patronal catalana plantea bajar el IRPF y las cotizaciones para crear empleo"},"previousItem":{"@type":"ListItem","@id":"https:\/\/www.eldigitaldeasturias.com\/noticias#listItem","name":"Home"}},{"@type":"ListItem","@id":"https:\/\/www.eldigitaldeasturias.com\/noticias\/la-patronal-catalana-plantea-bajar-el-irpf-y-las-cotizaciones-para-crear-empleo\/#listItem","position":3,"name":"La patronal catalana plantea bajar el IRPF y las cotizaciones para crear empleo","previousItem":{"@type":"ListItem","@id":"https:\/\/www.eldigitaldeasturias.com\/noticias\/category\/actualidad\/#listItem","name":"Actualidad"}}]},{"@type":"Organization","@id":"https:\/\/www.eldigitaldeasturias.com\/noticias\/#organization","name":"El Digital de Asturias","description":"Hemeroteca","url":"https:\/\/www.eldigitaldeasturias.com\/noticias\/","email":"info@eldigitaldeasturias.com","telephone":"+34652131393","logo":{"@type":"ImageObject","url":"https:\/\/www.eldigitaldeasturias.com\/noticias\/wp-content\/uploads\/2020\/12\/EDA.jpg","@id":"https:\/\/www.eldigitaldeasturias.com\/noticias\/la-patronal-catalana-plantea-bajar-el-irpf-y-las-cotizaciones-para-crear-empleo\/#organizationLogo"},"image":{"@id":"https:\/\/www.eldigitaldeasturias.com\/noticias\/la-patronal-catalana-plantea-bajar-el-irpf-y-las-cotizaciones-para-crear-empleo\/#organizationLogo"},"sameAs":["https:\/\/facebook.com\/eldigitaldeasturias","https:\/\/www.youtube.com\/channel\/UCZP-2wLEB9Rv6erhFmqVnvg"],"address":{"@id":"https:\/\/www.eldigitaldeasturias.com\/noticias\/#postaladdress","@type":"PostalAddress","streetAddress":"san antonio 4","postalCode":"33430","addressLocality":"Cand\u00e1s","addressRegion":"Asturias","addressCountry":"ES"}},{"@type":"Person","@id":"https:\/\/www.eldigitaldeasturias.com\/noticias\/author\/admin\/#author","url":"https:\/\/www.eldigitaldeasturias.com\/noticias\/author\/admin\/","name":"El Digital de Asturias","image":{"@type":"ImageObject","@id":"https:\/\/www.eldigitaldeasturias.com\/noticias\/la-patronal-catalana-plantea-bajar-el-irpf-y-las-cotizaciones-para-crear-empleo\/#authorImage","url":"https:\/\/secure.gravatar.com\/avatar\/df2aeffc32bcd13f8d26072ef8a91b623d677766deac7f97ca815868cd41bf5e?s=96&d=mm&r=g","width":96,"height":96,"caption":"El Digital de Asturias"}},{"@type":"WebPage","@id":"https:\/\/www.eldigitaldeasturias.com\/noticias\/la-patronal-catalana-plantea-bajar-el-irpf-y-las-cotizaciones-para-crear-empleo\/#webpage","url":"https:\/\/www.eldigitaldeasturias.com\/noticias\/la-patronal-catalana-plantea-bajar-el-irpf-y-las-cotizaciones-para-crear-empleo\/","name":"La patronal catalana plantea bajar el IRPF y las cotizaciones para crear empleo - El Digital de Asturias","description":"Barcelona, 4 feb (EFE).- La patronal catalana Foment del Treball ha propuesto hoy la rebaja del Impuesto de Sociedades, del IRPF y las cotizaciones sociales, entre otras cargas fiscales, como f\u00f3rmula para dinamizar la econom\u00eda espa\u00f1ola y crear empleo. La principal patronal catalana ha presentado hoy su alternativa a la reforma fiscal que prepara el","inLanguage":"es-ES","isPartOf":{"@id":"https:\/\/www.eldigitaldeasturias.com\/noticias\/#website"},"breadcrumb":{"@id":"https:\/\/www.eldigitaldeasturias.com\/noticias\/la-patronal-catalana-plantea-bajar-el-irpf-y-las-cotizaciones-para-crear-empleo\/#breadcrumblist"},"author":{"@id":"https:\/\/www.eldigitaldeasturias.com\/noticias\/author\/admin\/#author"},"creator":{"@id":"https:\/\/www.eldigitaldeasturias.com\/noticias\/author\/admin\/#author"},"image":{"@type":"ImageObject","url":483449,"@id":"https:\/\/www.eldigitaldeasturias.com\/noticias\/la-patronal-catalana-plantea-bajar-el-irpf-y-las-cotizaciones-para-crear-empleo\/#mainImage"},"primaryImageOfPage":{"@id":"https:\/\/www.eldigitaldeasturias.com\/noticias\/la-patronal-catalana-plantea-bajar-el-irpf-y-las-cotizaciones-para-crear-empleo\/#mainImage"},"datePublished":"2014-02-04T20:45:25+01:00","dateModified":"2014-02-04T20:45:25+01:00"},{"@type":"WebSite","@id":"https:\/\/www.eldigitaldeasturias.com\/noticias\/#website","url":"https:\/\/www.eldigitaldeasturias.com\/noticias\/","name":"El Digital de Asturias - Diario de actualidad y noticias","alternateName":"El Digital de Asturias - Diario de actualidad y noticias","description":"Hemeroteca","inLanguage":"es-ES","publisher":{"@id":"https:\/\/www.eldigitaldeasturias.com\/noticias\/#organization"}}]},"og:locale":"es_ES","og:site_name":"El Digital de Asturias","og:type":"article","og:title":"La patronal catalana plantea bajar el IRPF y las cotizaciones para crear empleo - El Digital de Asturias","og:description":"Barcelona, 4 feb (EFE).- La patronal catalana Foment del Treball ha propuesto hoy la rebaja del Impuesto de Sociedades, del IRPF y las cotizaciones sociales, entre otras cargas fiscales, como f\u00f3rmula para dinamizar la econom\u00eda espa\u00f1ola y crear empleo. La principal patronal catalana ha presentado hoy su alternativa a la reforma fiscal que prepara el","og:url":"https:\/\/www.eldigitaldeasturias.com\/noticias\/la-patronal-catalana-plantea-bajar-el-irpf-y-las-cotizaciones-para-crear-empleo\/","article:tag":["actualidad"],"article:published_time":"2014-02-04T21:45:25+00:00","article:modified_time":"2014-02-04T21:45:25+00:00","article:publisher":"https:\/\/facebook.com\/eldigitaldeasturias","twitter:card":"summary_large_image","twitter:title":"La patronal catalana plantea bajar el IRPF y las cotizaciones para crear empleo - El Digital de Asturias","twitter:description":"Barcelona, 4 feb (EFE).- La patronal catalana Foment del Treball ha propuesto hoy la rebaja del Impuesto de Sociedades, del IRPF y las cotizaciones sociales, entre otras cargas fiscales, como f\u00f3rmula para dinamizar la econom\u00eda espa\u00f1ola y crear empleo. La principal patronal catalana ha presentado hoy su alternativa a la reforma fiscal que prepara el","twitter:label1":"Escrito por","twitter:data1":"El Digital de Asturias","twitter:label2":"Tiempo de lectura estimado","twitter:data2":"2 minutos"},"aioseo_meta_data":{"post_id":"483448","title":null,"description":null,"keywords":null,"keyphrases":null,"primary_term":null,"canonical_url":null,"og_title":null,"og_description":null,"og_object_type":"default","og_image_type":"default","og_image_url":null,"og_image_width":null,"og_image_height":null,"og_image_custom_url":null,"og_image_custom_fields":null,"og_video":null,"og_custom_url":null,"og_article_section":null,"og_article_tags":null,"twitter_use_og":true,"twitter_card":"default","twitter_image_type":"default","twitter_image_url":null,"twitter_image_custom_url":null,"twitter_image_custom_fields":null,"twitter_title":null,"twitter_description":null,"schema":{"blockGraphs":[],"customGraphs":[],"default":{"data":{"Article":[],"Course":[],"Dataset":[],"FAQPage":[],"Movie":[],"Person":[],"Product":[],"ProductReview":[],"Car":[],"Recipe":[],"Service":[],"SoftwareApplication":[],"WebPage":[]},"graphName":"","isEnabled":true},"graphs":[],"defaultGraph":"","defaultPostTypeGraph":""},"schema_type":null,"schema_type_options":null,"pillar_content":false,"robots_default":true,"robots_noindex":false,"robots_noarchive":false,"robots_nosnippet":false,"robots_nofollow":false,"robots_noimageindex":false,"robots_noodp":false,"robots_notranslate":false,"robots_max_snippet":null,"robots_max_videopreview":null,"robots_max_imagepreview":"none","priority":null,"frequency":null,"local_seo":null,"seo_analyzer_scan_date":"2026-06-02 12:53:54","breadcrumb_settings":null,"limit_modified_date":false,"open_ai":null,"ai":null,"created":"2020-11-14 22:54:45","updated":"2026-06-02 12:53:54","focus_keyword":null,"additional_keywords":null,"truseo_locale":null},"aioseo_breadcrumb":"<div class=\"aioseo-breadcrumbs\"><span class=\"aioseo-breadcrumb\">\n\t<a href=\"https:\/\/www.eldigitaldeasturias.com\/noticias\" title=\"Home\">Home<\/a>\n<\/span><span class=\"aioseo-breadcrumb-separator\">\u2013<\/span><span class=\"aioseo-breadcrumb\">\n\t<a href=\"https:\/\/www.eldigitaldeasturias.com\/noticias\/category\/actualidad\/\" title=\"Actualidad\">Actualidad<\/a>\n<\/span><span class=\"aioseo-breadcrumb-separator\">\u2013<\/span><span class=\"aioseo-breadcrumb\">\n\t<a href=\"https:\/\/www.eldigitaldeasturias.com\/noticias\/la-patronal-catalana-plantea-bajar-el-irpf-y-las-cotizaciones-para-crear-empleo\/\" title=\"La patronal catalana plantea bajar el IRPF y las cotizaciones para crear empleo\">La patronal catalana plantea bajar el IRPF y las cotizaciones para crear empleo<\/a>\n<\/span><\/div>","aioseo_breadcrumb_json":[{"label":"Home","link":"https:\/\/www.eldigitaldeasturias.com\/noticias"},{"label":"Actualidad","link":"https:\/\/www.eldigitaldeasturias.com\/noticias\/category\/actualidad\/"},{"label":"La patronal catalana plantea bajar el IRPF y las cotizaciones para crear empleo","link":"https:\/\/www.eldigitaldeasturias.com\/noticias\/la-patronal-catalana-plantea-bajar-el-irpf-y-las-cotizaciones-para-crear-empleo\/"}],"_links":{"self":[{"href":"https:\/\/www.eldigitaldeasturias.com\/noticias\/wp-json\/wp\/v2\/posts\/483448","targetHints":{"allow":["GET"]}}],"collection":[{"href":"https:\/\/www.eldigitaldeasturias.com\/noticias\/wp-json\/wp\/v2\/posts"}],"about":[{"href":"https:\/\/www.eldigitaldeasturias.com\/noticias\/wp-json\/wp\/v2\/types\/post"}],"author":[{"embeddable":true,"href":"https:\/\/www.eldigitaldeasturias.com\/noticias\/wp-json\/wp\/v2\/users\/1"}],"replies":[{"embeddable":true,"href":"https:\/\/www.eldigitaldeasturias.com\/noticias\/wp-json\/wp\/v2\/comments?post=483448"}],"version-history":[{"count":0,"href":"https:\/\/www.eldigitaldeasturias.com\/noticias\/wp-json\/wp\/v2\/posts\/483448\/revisions"}],"wp:attachment":[{"href":"https:\/\/www.eldigitaldeasturias.com\/noticias\/wp-json\/wp\/v2\/media?parent=483448"}],"wp:term":[{"taxonomy":"category","embeddable":true,"href":"https:\/\/www.eldigitaldeasturias.com\/noticias\/wp-json\/wp\/v2\/categories?post=483448"},{"taxonomy":"post_tag","embeddable":true,"href":"https:\/\/www.eldigitaldeasturias.com\/noticias\/wp-json\/wp\/v2\/tags?post=483448"}],"curies":[{"name":"wp","href":"https:\/\/api.w.org\/{rel}","templated":true}]}}