{"id":483445,"date":"2014-02-04T20:44:17","date_gmt":"2014-02-04T21:44:17","guid":{"rendered":"http:\/\/www.eldigitaldeasturias.com\/noticias\/?p=483445"},"modified":"2014-02-04T20:44:17","modified_gmt":"2014-02-04T21:44:17","slug":"iu-asegura-que-pp-ha-encontrado-la-formula-para-acabar-con-los-trabajadores","status":"publish","type":"post","link":"https:\/\/www.eldigitaldeasturias.com\/noticias\/iu-asegura-que-pp-ha-encontrado-la-formula-para-acabar-con-los-trabajadores\/","title":{"rendered":"IU asegura que PP ha encontrado \u00abla f\u00f3rmula para acabar con los trabajadores\u00bb"},"content":{"rendered":"<p><img loading=\"lazy\" decoding=\"async\" class=\"alignleft size-medium wp-image-483446\" alt=\"5907810w\" src=\"https:\/\/www.eldigitaldeasturias.com\/noticias\/wp-content\/uploads\/2014\/02\/5907810w-360x252.jpg\" width=\"360\" height=\"252\" \/>Madrid, 4 feb (EFE).- El portavoz de IU en el Congreso, Jos\u00e9 Luis Centella, ha asegurado que las cifras de desempleo publicadas hoy por el Ministerio de Empleo y Seguridad Social reflejan que el Gobierno del PP ha encontrado la \u00abf\u00f3rmula para acabar con los trabajadores\u00bb.<\/p>\n<p>En rueda de prensa en el Congreso, Centella ha asegurado que \u00ablo m\u00e1s importante\u00bb es la p\u00e9rdida de afiliados a la Seguridad Social, 184.031 menos en enero respecto a diciembre, en \u00abniveles del a\u00f1os 2002\u00bb.<\/p>\n<p>Esto significa, ha dicho, que el objetivo de la reforma laboral es \u00abexpulsar a los trabajadores y aumentar los beneficios empresariales\u00bb, y que la prioridad del PP, m\u00e1s all\u00e1 \u00abde su campa\u00f1a de imagen\u00bb, no es acabar con el paro.<\/p>\n<p>Por ello, Centella ha asegurado que su grupo cree necesario la celebraci\u00f3n de un pleno monogr\u00e1fico sobre empleo \u00aben un momento grave\u00bb en el que se est\u00e1 produciendo \u00abuna p\u00e9rdida de empleo real\u00bb.<\/p>\n<p>Tambi\u00e9n se ha referido a la posibilidad de que la ministra de Empleo, F\u00e1tima B\u00e1\u00f1ez sea la candidata del PP a la Junta de Andaluc\u00eda.<\/p>\n<p>Centella cree que B\u00e1\u00f1ez est\u00e1 \u00abdescalificada\u00bb por las cifras de desempleo y porque \u00abno cumple con su obligaci\u00f3n de frenar el paro, sino que contribuye a que se pierda empleo real\u00bb.<\/p>\n<p>En cuanto al ERE planteado por Coca-Cola, el portavoz parlamentario de IU lo ha achacado a la anterior reforma laboral del PSOE, que le permite ampararse en ella para despedir trabajadores en base a criterios de \u00aborganizaci\u00f3n y productividad\u00bb a pesar de que tiene beneficios.<\/p>\n<p>Sobre este asunto, ha asegurado que su partido va a reunirse con los trabajadores de las plantas embotelladoras a los que va a trasladar su apoyo y \u00absolidaridad activa\u00bb para evitar el cierre.<\/p>\n<p>Ha asegurad que el Gobierno no puede \u00abser neutral y mirar para otro lado\u00bb, porque no es un problema laboral, sino \u00abde personas\u00bb, y que el Ejecutivo adem\u00e1s de defender a las multinacionales en el extranjero tiene que hablar con ellas \u00abpara defender a los trabajadores\u00bb.<\/p>\n<p>En cuanto al anuncio del presidente del Gobierno, Mariano Rajoy, de que a partir de 2015 habr\u00e1 una serie de bajadas sucesivas de impuestos, Centella ha pedido que la lleve al Parlamento porque \u00ablo dem\u00e1s es simple propaganda electoral\u00bb.<\/p>\n<p>Ha asegurado que Rajoy tiene que llevar al Congreso una reforma \u00abnecesaria\u00bb y ha insistido en que lo contrario es \u00absolo propaganda\u00bb y que hacer un anuncio as\u00ed antes de las elecciones europeas \u00abes algo bochornoso para el Gobierno\u00bb.<\/p>\n<p>El diputado de CHA Ches\u00fas Yuste, que ha comparecido junto a Centella en rueda de prensa, ha coincidido en tachar el anuncio como una medida electoralista, y ambos han pedido que la reforma fiscal afecte a las grandes fortunas.<\/p>\n","protected":false},"excerpt":{"rendered":"<p>Madrid, 4 feb (EFE).- El portavoz de IU en el Congreso, Jos\u00e9 Luis Centella, ha asegurado que las cifras de desempleo publicadas hoy por el Ministerio de Empleo y Seguridad Social reflejan que el Gobierno del PP ha encontrado la \u00abf\u00f3rmula para acabar con los trabajadores\u00bb. En rueda de prensa en el Congreso, Centella ha [&hellip;]<\/p>\n","protected":false},"author":1,"featured_media":483446,"comment_status":"closed","ping_status":"open","sticky":false,"template":"","format":"standard","meta":{"footnotes":""},"categories":[1],"tags":[],"class_list":["post-483445","post","type-post","status-publish","format-standard","has-post-thumbnail","hentry","category-actualidad"],"aioseo_notices":[],"aioseo_head":"\n\t\t<!-- All in One SEO Pro 5.0.1 - aioseo.com -->\n\t<meta name=\"description\" content=\"Madrid, 4 feb (EFE).- El portavoz de IU en el Congreso, Jos\u00e9 Luis Centella, ha asegurado que las cifras de desempleo publicadas hoy por el Ministerio de Empleo y Seguridad Social reflejan que el Gobierno del PP ha encontrado la &quot;f\u00f3rmula para acabar con los trabajadores&quot;. En rueda de prensa en el Congreso, Centella ha\" \/>\n\t<meta name=\"robots\" content=\"max-image-preview:large\" \/>\n\t<meta name=\"author\" content=\"El Digital de Asturias\"\/>\n\t<meta name=\"google-site-verification\" content=\"UA-38556648-1\" \/>\n\t<meta name=\"msvalidate.01\" content=\"7dfe9f3f1b24437ab69f4f2559babe99\" \/>\n\t<meta name=\"keywords\" content=\"actualidad\" \/>\n\t<link rel=\"canonical\" href=\"https:\/\/www.eldigitaldeasturias.com\/noticias\/iu-asegura-que-pp-ha-encontrado-la-formula-para-acabar-con-los-trabajadores\/\" \/>\n\t<meta name=\"generator\" content=\"All in One SEO Pro (AIOSEO) 5.0.1\" \/>\n\t\t<meta property=\"og:locale\" content=\"es_ES\" \/>\n\t\t<meta property=\"og:site_name\" content=\"El Digital de Asturias\" \/>\n\t\t<meta property=\"og:type\" content=\"article\" \/>\n\t\t<meta property=\"og:title\" content=\"IU asegura que PP ha encontrado \u00abla f\u00f3rmula para acabar con los trabajadores\u00bb - El Digital de Asturias\" \/>\n\t\t<meta property=\"og:description\" content=\"Madrid, 4 feb (EFE).- El portavoz de IU en el Congreso, Jos\u00e9 Luis Centella, ha asegurado que las cifras de desempleo publicadas hoy por el Ministerio de Empleo y Seguridad Social reflejan que el Gobierno del PP ha encontrado la &quot;f\u00f3rmula para acabar con los trabajadores&quot;. En rueda de prensa en el Congreso, Centella ha\" \/>\n\t\t<meta property=\"og:url\" content=\"https:\/\/www.eldigitaldeasturias.com\/noticias\/iu-asegura-que-pp-ha-encontrado-la-formula-para-acabar-con-los-trabajadores\/\" \/>\n\t\t<meta property=\"article:tag\" content=\"actualidad\" \/>\n\t\t<meta property=\"article:published_time\" content=\"2014-02-04T21:44:17+00:00\" \/>\n\t\t<meta property=\"article:modified_time\" content=\"2014-02-04T21:44:17+00:00\" \/>\n\t\t<meta property=\"article:publisher\" content=\"https:\/\/facebook.com\/eldigitaldeasturias\" \/>\n\t\t<meta name=\"twitter:card\" content=\"summary_large_image\" \/>\n\t\t<meta name=\"twitter:title\" content=\"IU asegura que PP ha encontrado \u00abla f\u00f3rmula para acabar con los trabajadores\u00bb - El Digital de Asturias\" \/>\n\t\t<meta name=\"twitter:description\" content=\"Madrid, 4 feb (EFE).- El portavoz de IU en el Congreso, Jos\u00e9 Luis Centella, ha asegurado que las cifras de desempleo publicadas hoy por el Ministerio de Empleo y Seguridad Social reflejan que el Gobierno del PP ha encontrado la &quot;f\u00f3rmula para acabar con los trabajadores&quot;. En rueda de prensa en el Congreso, Centella ha\" \/>\n\t\t<meta name=\"twitter:label1\" content=\"Escrito por\" \/>\n\t\t<meta name=\"twitter:data1\" content=\"El Digital de Asturias\" \/>\n\t\t<meta name=\"twitter:label2\" content=\"Tiempo de lectura estimado\" \/>\n\t\t<meta name=\"twitter:data2\" content=\"2 minutos\" \/>\n\t\t<script type=\"application\/ld+json\" class=\"aioseo-schema\">\n\t\t\t{\"@context\":\"https:\\\/\\\/schema.org\",\"@graph\":[{\"@type\":\"BlogPosting\",\"@id\":\"https:\\\/\\\/www.eldigitaldeasturias.com\\\/noticias\\\/iu-asegura-que-pp-ha-encontrado-la-formula-para-acabar-con-los-trabajadores\\\/#blogposting\",\"name\":\"IU asegura que PP ha encontrado \\u00abla f\\u00f3rmula para acabar con los trabajadores\\u00bb - El Digital de Asturias\",\"headline\":\"IU asegura que PP ha encontrado \\u00abla f\\u00f3rmula para acabar con los trabajadores\\u00bb\",\"author\":{\"@id\":\"https:\\\/\\\/www.eldigitaldeasturias.com\\\/noticias\\\/author\\\/admin\\\/#author\"},\"publisher\":{\"@id\":\"https:\\\/\\\/www.eldigitaldeasturias.com\\\/noticias\\\/#organization\"},\"image\":{\"@type\":\"ImageObject\",\"url\":483446},\"datePublished\":\"2014-02-04T20:44:17+01:00\",\"dateModified\":\"2014-02-04T20:44:17+01:00\",\"inLanguage\":\"es-ES\",\"mainEntityOfPage\":{\"@id\":\"https:\\\/\\\/www.eldigitaldeasturias.com\\\/noticias\\\/iu-asegura-que-pp-ha-encontrado-la-formula-para-acabar-con-los-trabajadores\\\/#webpage\"},\"isPartOf\":{\"@id\":\"https:\\\/\\\/www.eldigitaldeasturias.com\\\/noticias\\\/iu-asegura-que-pp-ha-encontrado-la-formula-para-acabar-con-los-trabajadores\\\/#webpage\"},\"articleSection\":\"Actualidad\"},{\"@type\":\"BreadcrumbList\",\"@id\":\"https:\\\/\\\/www.eldigitaldeasturias.com\\\/noticias\\\/iu-asegura-que-pp-ha-encontrado-la-formula-para-acabar-con-los-trabajadores\\\/#breadcrumblist\",\"itemListElement\":[{\"@type\":\"ListItem\",\"@id\":\"https:\\\/\\\/www.eldigitaldeasturias.com\\\/noticias#listItem\",\"position\":1,\"name\":\"Home\",\"item\":\"https:\\\/\\\/www.eldigitaldeasturias.com\\\/noticias\",\"nextItem\":{\"@type\":\"ListItem\",\"@id\":\"https:\\\/\\\/www.eldigitaldeasturias.com\\\/noticias\\\/category\\\/actualidad\\\/#listItem\",\"name\":\"Actualidad\"}},{\"@type\":\"ListItem\",\"@id\":\"https:\\\/\\\/www.eldigitaldeasturias.com\\\/noticias\\\/category\\\/actualidad\\\/#listItem\",\"position\":2,\"name\":\"Actualidad\",\"item\":\"https:\\\/\\\/www.eldigitaldeasturias.com\\\/noticias\\\/category\\\/actualidad\\\/\",\"nextItem\":{\"@type\":\"ListItem\",\"@id\":\"https:\\\/\\\/www.eldigitaldeasturias.com\\\/noticias\\\/iu-asegura-que-pp-ha-encontrado-la-formula-para-acabar-con-los-trabajadores\\\/#listItem\",\"name\":\"IU asegura que PP ha encontrado \\u00abla f\\u00f3rmula para acabar con los trabajadores\\u00bb\"},\"previousItem\":{\"@type\":\"ListItem\",\"@id\":\"https:\\\/\\\/www.eldigitaldeasturias.com\\\/noticias#listItem\",\"name\":\"Home\"}},{\"@type\":\"ListItem\",\"@id\":\"https:\\\/\\\/www.eldigitaldeasturias.com\\\/noticias\\\/iu-asegura-que-pp-ha-encontrado-la-formula-para-acabar-con-los-trabajadores\\\/#listItem\",\"position\":3,\"name\":\"IU asegura que PP ha encontrado \\u00abla f\\u00f3rmula para acabar con los trabajadores\\u00bb\",\"previousItem\":{\"@type\":\"ListItem\",\"@id\":\"https:\\\/\\\/www.eldigitaldeasturias.com\\\/noticias\\\/category\\\/actualidad\\\/#listItem\",\"name\":\"Actualidad\"}}]},{\"@type\":\"Organization\",\"@id\":\"https:\\\/\\\/www.eldigitaldeasturias.com\\\/noticias\\\/#organization\",\"name\":\"El Digital de Asturias\",\"description\":\"Hemeroteca\",\"url\":\"https:\\\/\\\/www.eldigitaldeasturias.com\\\/noticias\\\/\",\"email\":\"info@eldigitaldeasturias.com\",\"telephone\":\"+34652131393\",\"logo\":{\"@type\":\"ImageObject\",\"url\":\"https:\\\/\\\/www.eldigitaldeasturias.com\\\/noticias\\\/wp-content\\\/uploads\\\/2020\\\/12\\\/EDA.jpg\",\"@id\":\"https:\\\/\\\/www.eldigitaldeasturias.com\\\/noticias\\\/iu-asegura-que-pp-ha-encontrado-la-formula-para-acabar-con-los-trabajadores\\\/#organizationLogo\"},\"image\":{\"@id\":\"https:\\\/\\\/www.eldigitaldeasturias.com\\\/noticias\\\/iu-asegura-que-pp-ha-encontrado-la-formula-para-acabar-con-los-trabajadores\\\/#organizationLogo\"},\"sameAs\":[\"https:\\\/\\\/facebook.com\\\/eldigitaldeasturias\",\"https:\\\/\\\/www.youtube.com\\\/channel\\\/UCZP-2wLEB9Rv6erhFmqVnvg\"],\"address\":{\"@id\":\"https:\\\/\\\/www.eldigitaldeasturias.com\\\/noticias\\\/#postaladdress\",\"@type\":\"PostalAddress\",\"streetAddress\":\"san antonio 4\",\"postalCode\":\"33430\",\"addressLocality\":\"Cand\\u00e1s\",\"addressRegion\":\"Asturias\",\"addressCountry\":\"ES\"}},{\"@type\":\"Person\",\"@id\":\"https:\\\/\\\/www.eldigitaldeasturias.com\\\/noticias\\\/author\\\/admin\\\/#author\",\"url\":\"https:\\\/\\\/www.eldigitaldeasturias.com\\\/noticias\\\/author\\\/admin\\\/\",\"name\":\"El Digital de Asturias\",\"image\":{\"@type\":\"ImageObject\",\"@id\":\"https:\\\/\\\/www.eldigitaldeasturias.com\\\/noticias\\\/iu-asegura-que-pp-ha-encontrado-la-formula-para-acabar-con-los-trabajadores\\\/#authorImage\",\"url\":\"https:\\\/\\\/secure.gravatar.com\\\/avatar\\\/df2aeffc32bcd13f8d26072ef8a91b623d677766deac7f97ca815868cd41bf5e?s=96&d=mm&r=g\",\"width\":96,\"height\":96,\"caption\":\"El Digital de Asturias\"}},{\"@type\":\"WebPage\",\"@id\":\"https:\\\/\\\/www.eldigitaldeasturias.com\\\/noticias\\\/iu-asegura-que-pp-ha-encontrado-la-formula-para-acabar-con-los-trabajadores\\\/#webpage\",\"url\":\"https:\\\/\\\/www.eldigitaldeasturias.com\\\/noticias\\\/iu-asegura-que-pp-ha-encontrado-la-formula-para-acabar-con-los-trabajadores\\\/\",\"name\":\"IU asegura que PP ha encontrado \\u00abla f\\u00f3rmula para acabar con los trabajadores\\u00bb - El Digital de Asturias\",\"description\":\"Madrid, 4 feb (EFE).- El portavoz de IU en el Congreso, Jos\\u00e9 Luis Centella, ha asegurado que las cifras de desempleo publicadas hoy por el Ministerio de Empleo y Seguridad Social reflejan que el Gobierno del PP ha encontrado la \\\"f\\u00f3rmula para acabar con los trabajadores\\\". En rueda de prensa en el Congreso, Centella ha\",\"inLanguage\":\"es-ES\",\"isPartOf\":{\"@id\":\"https:\\\/\\\/www.eldigitaldeasturias.com\\\/noticias\\\/#website\"},\"breadcrumb\":{\"@id\":\"https:\\\/\\\/www.eldigitaldeasturias.com\\\/noticias\\\/iu-asegura-que-pp-ha-encontrado-la-formula-para-acabar-con-los-trabajadores\\\/#breadcrumblist\"},\"author\":{\"@id\":\"https:\\\/\\\/www.eldigitaldeasturias.com\\\/noticias\\\/author\\\/admin\\\/#author\"},\"creator\":{\"@id\":\"https:\\\/\\\/www.eldigitaldeasturias.com\\\/noticias\\\/author\\\/admin\\\/#author\"},\"image\":{\"@type\":\"ImageObject\",\"url\":483446,\"@id\":\"https:\\\/\\\/www.eldigitaldeasturias.com\\\/noticias\\\/iu-asegura-que-pp-ha-encontrado-la-formula-para-acabar-con-los-trabajadores\\\/#mainImage\"},\"primaryImageOfPage\":{\"@id\":\"https:\\\/\\\/www.eldigitaldeasturias.com\\\/noticias\\\/iu-asegura-que-pp-ha-encontrado-la-formula-para-acabar-con-los-trabajadores\\\/#mainImage\"},\"datePublished\":\"2014-02-04T20:44:17+01:00\",\"dateModified\":\"2014-02-04T20:44:17+01:00\"},{\"@type\":\"WebSite\",\"@id\":\"https:\\\/\\\/www.eldigitaldeasturias.com\\\/noticias\\\/#website\",\"url\":\"https:\\\/\\\/www.eldigitaldeasturias.com\\\/noticias\\\/\",\"name\":\"El Digital de Asturias - Diario de actualidad y noticias\",\"alternateName\":\"El Digital de Asturias - Diario de actualidad y noticias\",\"description\":\"Hemeroteca\",\"inLanguage\":\"es-ES\",\"publisher\":{\"@id\":\"https:\\\/\\\/www.eldigitaldeasturias.com\\\/noticias\\\/#organization\"}}]}\n\t\t<\/script>\n\t\t<!-- All in One SEO Pro -->\r\n\t\t<title>IU asegura que PP ha encontrado \u00abla f\u00f3rmula para acabar con los trabajadores\u00bb - El Digital de Asturias<\/title>\n\n","aioseo_head_json":{"title":"IU asegura que PP ha encontrado \u00abla f\u00f3rmula para acabar con los trabajadores\u00bb - El Digital de Asturias","description":"Madrid, 4 feb (EFE).- El portavoz de IU en el Congreso, Jos\u00e9 Luis Centella, ha asegurado que las cifras de desempleo publicadas hoy por el Ministerio de Empleo y Seguridad Social reflejan que el Gobierno del PP ha encontrado la \"f\u00f3rmula para acabar con los trabajadores\". En rueda de prensa en el Congreso, Centella ha","canonical_url":"https:\/\/www.eldigitaldeasturias.com\/noticias\/iu-asegura-que-pp-ha-encontrado-la-formula-para-acabar-con-los-trabajadores\/","robots":"max-image-preview:large","keywords":"actualidad","webmasterTools":{"google-site-verification":"UA-38556648-1","msvalidate.01":"7dfe9f3f1b24437ab69f4f2559babe99","miscellaneous":""},"schema":{"@context":"https:\/\/schema.org","@graph":[{"@type":"BlogPosting","@id":"https:\/\/www.eldigitaldeasturias.com\/noticias\/iu-asegura-que-pp-ha-encontrado-la-formula-para-acabar-con-los-trabajadores\/#blogposting","name":"IU asegura que PP ha encontrado \u00abla f\u00f3rmula para acabar con los trabajadores\u00bb - El Digital de Asturias","headline":"IU asegura que PP ha encontrado \u00abla f\u00f3rmula para acabar con los trabajadores\u00bb","author":{"@id":"https:\/\/www.eldigitaldeasturias.com\/noticias\/author\/admin\/#author"},"publisher":{"@id":"https:\/\/www.eldigitaldeasturias.com\/noticias\/#organization"},"image":{"@type":"ImageObject","url":483446},"datePublished":"2014-02-04T20:44:17+01:00","dateModified":"2014-02-04T20:44:17+01:00","inLanguage":"es-ES","mainEntityOfPage":{"@id":"https:\/\/www.eldigitaldeasturias.com\/noticias\/iu-asegura-que-pp-ha-encontrado-la-formula-para-acabar-con-los-trabajadores\/#webpage"},"isPartOf":{"@id":"https:\/\/www.eldigitaldeasturias.com\/noticias\/iu-asegura-que-pp-ha-encontrado-la-formula-para-acabar-con-los-trabajadores\/#webpage"},"articleSection":"Actualidad"},{"@type":"BreadcrumbList","@id":"https:\/\/www.eldigitaldeasturias.com\/noticias\/iu-asegura-que-pp-ha-encontrado-la-formula-para-acabar-con-los-trabajadores\/#breadcrumblist","itemListElement":[{"@type":"ListItem","@id":"https:\/\/www.eldigitaldeasturias.com\/noticias#listItem","position":1,"name":"Home","item":"https:\/\/www.eldigitaldeasturias.com\/noticias","nextItem":{"@type":"ListItem","@id":"https:\/\/www.eldigitaldeasturias.com\/noticias\/category\/actualidad\/#listItem","name":"Actualidad"}},{"@type":"ListItem","@id":"https:\/\/www.eldigitaldeasturias.com\/noticias\/category\/actualidad\/#listItem","position":2,"name":"Actualidad","item":"https:\/\/www.eldigitaldeasturias.com\/noticias\/category\/actualidad\/","nextItem":{"@type":"ListItem","@id":"https:\/\/www.eldigitaldeasturias.com\/noticias\/iu-asegura-que-pp-ha-encontrado-la-formula-para-acabar-con-los-trabajadores\/#listItem","name":"IU asegura que PP ha encontrado \u00abla f\u00f3rmula para acabar con los trabajadores\u00bb"},"previousItem":{"@type":"ListItem","@id":"https:\/\/www.eldigitaldeasturias.com\/noticias#listItem","name":"Home"}},{"@type":"ListItem","@id":"https:\/\/www.eldigitaldeasturias.com\/noticias\/iu-asegura-que-pp-ha-encontrado-la-formula-para-acabar-con-los-trabajadores\/#listItem","position":3,"name":"IU asegura que PP ha encontrado \u00abla f\u00f3rmula para acabar con los trabajadores\u00bb","previousItem":{"@type":"ListItem","@id":"https:\/\/www.eldigitaldeasturias.com\/noticias\/category\/actualidad\/#listItem","name":"Actualidad"}}]},{"@type":"Organization","@id":"https:\/\/www.eldigitaldeasturias.com\/noticias\/#organization","name":"El Digital de Asturias","description":"Hemeroteca","url":"https:\/\/www.eldigitaldeasturias.com\/noticias\/","email":"info@eldigitaldeasturias.com","telephone":"+34652131393","logo":{"@type":"ImageObject","url":"https:\/\/www.eldigitaldeasturias.com\/noticias\/wp-content\/uploads\/2020\/12\/EDA.jpg","@id":"https:\/\/www.eldigitaldeasturias.com\/noticias\/iu-asegura-que-pp-ha-encontrado-la-formula-para-acabar-con-los-trabajadores\/#organizationLogo"},"image":{"@id":"https:\/\/www.eldigitaldeasturias.com\/noticias\/iu-asegura-que-pp-ha-encontrado-la-formula-para-acabar-con-los-trabajadores\/#organizationLogo"},"sameAs":["https:\/\/facebook.com\/eldigitaldeasturias","https:\/\/www.youtube.com\/channel\/UCZP-2wLEB9Rv6erhFmqVnvg"],"address":{"@id":"https:\/\/www.eldigitaldeasturias.com\/noticias\/#postaladdress","@type":"PostalAddress","streetAddress":"san antonio 4","postalCode":"33430","addressLocality":"Cand\u00e1s","addressRegion":"Asturias","addressCountry":"ES"}},{"@type":"Person","@id":"https:\/\/www.eldigitaldeasturias.com\/noticias\/author\/admin\/#author","url":"https:\/\/www.eldigitaldeasturias.com\/noticias\/author\/admin\/","name":"El Digital de Asturias","image":{"@type":"ImageObject","@id":"https:\/\/www.eldigitaldeasturias.com\/noticias\/iu-asegura-que-pp-ha-encontrado-la-formula-para-acabar-con-los-trabajadores\/#authorImage","url":"https:\/\/secure.gravatar.com\/avatar\/df2aeffc32bcd13f8d26072ef8a91b623d677766deac7f97ca815868cd41bf5e?s=96&d=mm&r=g","width":96,"height":96,"caption":"El Digital de Asturias"}},{"@type":"WebPage","@id":"https:\/\/www.eldigitaldeasturias.com\/noticias\/iu-asegura-que-pp-ha-encontrado-la-formula-para-acabar-con-los-trabajadores\/#webpage","url":"https:\/\/www.eldigitaldeasturias.com\/noticias\/iu-asegura-que-pp-ha-encontrado-la-formula-para-acabar-con-los-trabajadores\/","name":"IU asegura que PP ha encontrado \u00abla f\u00f3rmula para acabar con los trabajadores\u00bb - El Digital de Asturias","description":"Madrid, 4 feb (EFE).- El portavoz de IU en el Congreso, Jos\u00e9 Luis Centella, ha asegurado que las cifras de desempleo publicadas hoy por el Ministerio de Empleo y Seguridad Social reflejan que el Gobierno del PP ha encontrado la \"f\u00f3rmula para acabar con los trabajadores\". En rueda de prensa en el Congreso, Centella ha","inLanguage":"es-ES","isPartOf":{"@id":"https:\/\/www.eldigitaldeasturias.com\/noticias\/#website"},"breadcrumb":{"@id":"https:\/\/www.eldigitaldeasturias.com\/noticias\/iu-asegura-que-pp-ha-encontrado-la-formula-para-acabar-con-los-trabajadores\/#breadcrumblist"},"author":{"@id":"https:\/\/www.eldigitaldeasturias.com\/noticias\/author\/admin\/#author"},"creator":{"@id":"https:\/\/www.eldigitaldeasturias.com\/noticias\/author\/admin\/#author"},"image":{"@type":"ImageObject","url":483446,"@id":"https:\/\/www.eldigitaldeasturias.com\/noticias\/iu-asegura-que-pp-ha-encontrado-la-formula-para-acabar-con-los-trabajadores\/#mainImage"},"primaryImageOfPage":{"@id":"https:\/\/www.eldigitaldeasturias.com\/noticias\/iu-asegura-que-pp-ha-encontrado-la-formula-para-acabar-con-los-trabajadores\/#mainImage"},"datePublished":"2014-02-04T20:44:17+01:00","dateModified":"2014-02-04T20:44:17+01:00"},{"@type":"WebSite","@id":"https:\/\/www.eldigitaldeasturias.com\/noticias\/#website","url":"https:\/\/www.eldigitaldeasturias.com\/noticias\/","name":"El Digital de Asturias - Diario de actualidad y noticias","alternateName":"El Digital de Asturias - Diario de actualidad y noticias","description":"Hemeroteca","inLanguage":"es-ES","publisher":{"@id":"https:\/\/www.eldigitaldeasturias.com\/noticias\/#organization"}}]},"og:locale":"es_ES","og:site_name":"El Digital de Asturias","og:type":"article","og:title":"IU asegura que PP ha encontrado \u00abla f\u00f3rmula para acabar con los trabajadores\u00bb - El Digital de Asturias","og:description":"Madrid, 4 feb (EFE).- El portavoz de IU en el Congreso, Jos\u00e9 Luis Centella, ha asegurado que las cifras de desempleo publicadas hoy por el Ministerio de Empleo y Seguridad Social reflejan que el Gobierno del PP ha encontrado la &quot;f\u00f3rmula para acabar con los trabajadores&quot;. En rueda de prensa en el Congreso, Centella ha","og:url":"https:\/\/www.eldigitaldeasturias.com\/noticias\/iu-asegura-que-pp-ha-encontrado-la-formula-para-acabar-con-los-trabajadores\/","article:tag":["actualidad"],"article:published_time":"2014-02-04T21:44:17+00:00","article:modified_time":"2014-02-04T21:44:17+00:00","article:publisher":"https:\/\/facebook.com\/eldigitaldeasturias","twitter:card":"summary_large_image","twitter:title":"IU asegura que PP ha encontrado \u00abla f\u00f3rmula para acabar con los trabajadores\u00bb - El Digital de Asturias","twitter:description":"Madrid, 4 feb (EFE).- El portavoz de IU en el Congreso, Jos\u00e9 Luis Centella, ha asegurado que las cifras de desempleo publicadas hoy por el Ministerio de Empleo y Seguridad Social reflejan que el Gobierno del PP ha encontrado la &quot;f\u00f3rmula para acabar con los trabajadores&quot;. En rueda de prensa en el Congreso, Centella ha","twitter:label1":"Escrito por","twitter:data1":"El Digital de Asturias","twitter:label2":"Tiempo de lectura estimado","twitter:data2":"2 minutos"},"aioseo_meta_data":{"post_id":"483445","title":null,"description":null,"keywords":null,"keyphrases":null,"primary_term":null,"canonical_url":null,"og_title":null,"og_description":null,"og_object_type":"default","og_image_type":"default","og_image_url":null,"og_image_width":null,"og_image_height":null,"og_image_custom_url":null,"og_image_custom_fields":null,"og_video":null,"og_custom_url":null,"og_article_section":null,"og_article_tags":null,"twitter_use_og":true,"twitter_card":"default","twitter_image_type":"default","twitter_image_url":null,"twitter_image_custom_url":null,"twitter_image_custom_fields":null,"twitter_title":null,"twitter_description":null,"schema":{"blockGraphs":[],"customGraphs":[],"default":{"data":{"Article":[],"Course":[],"Dataset":[],"FAQPage":[],"Movie":[],"Person":[],"Product":[],"ProductReview":[],"Car":[],"Recipe":[],"Service":[],"SoftwareApplication":[],"WebPage":[]},"graphName":"","isEnabled":true},"graphs":[],"defaultGraph":"","defaultPostTypeGraph":""},"schema_type":null,"schema_type_options":null,"pillar_content":false,"robots_default":true,"robots_noindex":false,"robots_noarchive":false,"robots_nosnippet":false,"robots_nofollow":false,"robots_noimageindex":false,"robots_noodp":false,"robots_notranslate":false,"robots_max_snippet":null,"robots_max_videopreview":null,"robots_max_imagepreview":"none","priority":null,"frequency":null,"local_seo":null,"seo_analyzer_scan_date":"2026-06-02 12:53:53","breadcrumb_settings":null,"limit_modified_date":false,"open_ai":null,"ai":null,"created":"2020-11-14 22:54:45","updated":"2026-06-02 12:53:53","focus_keyword":null,"additional_keywords":null,"truseo_locale":null},"aioseo_breadcrumb":"<div class=\"aioseo-breadcrumbs\"><span class=\"aioseo-breadcrumb\">\n\t<a href=\"https:\/\/www.eldigitaldeasturias.com\/noticias\" title=\"Home\">Home<\/a>\n<\/span><span class=\"aioseo-breadcrumb-separator\">\u2013<\/span><span class=\"aioseo-breadcrumb\">\n\t<a href=\"https:\/\/www.eldigitaldeasturias.com\/noticias\/category\/actualidad\/\" title=\"Actualidad\">Actualidad<\/a>\n<\/span><span class=\"aioseo-breadcrumb-separator\">\u2013<\/span><span class=\"aioseo-breadcrumb\">\n\t<a href=\"https:\/\/www.eldigitaldeasturias.com\/noticias\/iu-asegura-que-pp-ha-encontrado-la-formula-para-acabar-con-los-trabajadores\/\" title=\"IU asegura que PP ha encontrado \u00abla f\u00f3rmula para acabar con los trabajadores\u00bb\">IU asegura que PP ha encontrado \u00abla f\u00f3rmula para acabar con los trabajadores\u00bb<\/a>\n<\/span><\/div>","aioseo_breadcrumb_json":[{"label":"Home","link":"https:\/\/www.eldigitaldeasturias.com\/noticias"},{"label":"Actualidad","link":"https:\/\/www.eldigitaldeasturias.com\/noticias\/category\/actualidad\/"},{"label":"IU asegura que PP ha encontrado \u00abla f\u00f3rmula para acabar con los trabajadores\u00bb","link":"https:\/\/www.eldigitaldeasturias.com\/noticias\/iu-asegura-que-pp-ha-encontrado-la-formula-para-acabar-con-los-trabajadores\/"}],"_links":{"self":[{"href":"https:\/\/www.eldigitaldeasturias.com\/noticias\/wp-json\/wp\/v2\/posts\/483445","targetHints":{"allow":["GET"]}}],"collection":[{"href":"https:\/\/www.eldigitaldeasturias.com\/noticias\/wp-json\/wp\/v2\/posts"}],"about":[{"href":"https:\/\/www.eldigitaldeasturias.com\/noticias\/wp-json\/wp\/v2\/types\/post"}],"author":[{"embeddable":true,"href":"https:\/\/www.eldigitaldeasturias.com\/noticias\/wp-json\/wp\/v2\/users\/1"}],"replies":[{"embeddable":true,"href":"https:\/\/www.eldigitaldeasturias.com\/noticias\/wp-json\/wp\/v2\/comments?post=483445"}],"version-history":[{"count":0,"href":"https:\/\/www.eldigitaldeasturias.com\/noticias\/wp-json\/wp\/v2\/posts\/483445\/revisions"}],"wp:attachment":[{"href":"https:\/\/www.eldigitaldeasturias.com\/noticias\/wp-json\/wp\/v2\/media?parent=483445"}],"wp:term":[{"taxonomy":"category","embeddable":true,"href":"https:\/\/www.eldigitaldeasturias.com\/noticias\/wp-json\/wp\/v2\/categories?post=483445"},{"taxonomy":"post_tag","embeddable":true,"href":"https:\/\/www.eldigitaldeasturias.com\/noticias\/wp-json\/wp\/v2\/tags?post=483445"}],"curies":[{"name":"wp","href":"https:\/\/api.w.org\/{rel}","templated":true}]}}