{"id":483442,"date":"2014-02-04T20:43:26","date_gmt":"2014-02-04T21:43:26","guid":{"rendered":"http:\/\/www.eldigitaldeasturias.com\/noticias\/?p=483442"},"modified":"2014-02-04T20:43:26","modified_gmt":"2014-02-04T21:43:26","slug":"ugt-asegura-que-la-ue-solo-ha-suspendido-la-ayuda-a-un-programa","status":"publish","type":"post","link":"https:\/\/www.eldigitaldeasturias.com\/noticias\/ugt-asegura-que-la-ue-solo-ha-suspendido-la-ayuda-a-un-programa\/","title":{"rendered":"UGT asegura que la UE solo ha suspendido la ayuda a un programa"},"content":{"rendered":"<p><img loading=\"lazy\" decoding=\"async\" class=\"alignleft size-medium wp-image-483443\" alt=\"5907804w\" src=\"https:\/\/www.eldigitaldeasturias.com\/noticias\/wp-content\/uploads\/2014\/02\/5907804w-360x312.jpg\" width=\"360\" height=\"312\" \/>Sevilla, 4 feb (EFE).- UGT ha asegurado hoy que ha recibido una carta del comisario de Pol\u00edtica Regional, Johannes Hahn, en la que \u00abaclara\u00bb que la UE no ha suspendido las ayudas al sindicato, sino de manera preventiva solo las correspondientes a un programa concreto, el de Cooperaci\u00f3n Intersindical Andaluc\u00eda Algarve 2008-2010.<\/p>\n<p>Este es un programa a cargo de cinco beneficiarios y que todav\u00eda est\u00e1 en proceso de verificaci\u00f3n, seg\u00fan ha explicado el sindicato en un comunicado, en el que a\u00f1ade que pese a la nota aclaratoria del sindicato al respecto, el pasado 15 de enero, desde algunos medios se afirma que las ayudas a UGT est\u00e1n suspendidas o bloqueadas.<\/p>\n<p>El comisario aclara en su misiva que en relaci\u00f3n con el proyecto de Cooperaci\u00f3n Intersindical Andaluc\u00eda Algarve 2008-2010, uno de cuyos beneficiarios es UGT, la \u00abautoridad de gesti\u00f3n del programa inici\u00f3 el procedimiento de verificaci\u00f3n inmediatamente despu\u00e9s de la publicaci\u00f3n en la prensa\u00bb.<\/p>\n<p>De la misma forma, suspendi\u00f3 los pagos a UGT y est\u00e1 efectuando una investigaci\u00f3n administrativa para comprobar si se ha producido cualquier irregularidad u otra infracci\u00f3n con objeto de evaluar su posible impacto econ\u00f3mico, apunta el comisario, que a\u00f1ade que su respuesta se basa en la informaci\u00f3n proporcionada por la Direcci\u00f3n General de Fondos Comunitarios del Ministerio de Hacienda y Administraciones P\u00fablicas.<\/p>\n<p>\u00abTras recibir dicha informaci\u00f3n y con car\u00e1cter preventivo, la Comisi\u00f3n ha solicitado a la autoridad de gesti\u00f3n retirar los gastos declarados en relaci\u00f3n con dicho proyecto, hasta que se verifique si se han producido o no irregularidades\u00bb, se\u00f1ala UGT.<\/p>\n","protected":false},"excerpt":{"rendered":"<p>Sevilla, 4 feb (EFE).- UGT ha asegurado hoy que ha recibido una carta del comisario de Pol\u00edtica Regional, Johannes Hahn, en la que \u00abaclara\u00bb que la UE no ha suspendido las ayudas al sindicato, sino de manera preventiva solo las correspondientes a un programa concreto, el de Cooperaci\u00f3n Intersindical Andaluc\u00eda Algarve 2008-2010. Este es un [&hellip;]<\/p>\n","protected":false},"author":1,"featured_media":483443,"comment_status":"closed","ping_status":"open","sticky":false,"template":"","format":"standard","meta":{"footnotes":""},"categories":[1],"tags":[],"class_list":["post-483442","post","type-post","status-publish","format-standard","has-post-thumbnail","hentry","category-actualidad"],"aioseo_notices":[],"aioseo_head":"\n\t\t<!-- All in One SEO Pro 5.0.1 - aioseo.com -->\n\t<meta name=\"description\" content=\"Sevilla, 4 feb (EFE).- UGT ha asegurado hoy que ha recibido una carta del comisario de Pol\u00edtica Regional, Johannes Hahn, en la que &quot;aclara&quot; que la UE no ha suspendido las ayudas al sindicato, sino de manera preventiva solo las correspondientes a un programa concreto, el de Cooperaci\u00f3n Intersindical Andaluc\u00eda Algarve 2008-2010. Este es un\" \/>\n\t<meta name=\"robots\" content=\"max-image-preview:large\" \/>\n\t<meta name=\"author\" content=\"El Digital de Asturias\"\/>\n\t<meta name=\"google-site-verification\" content=\"UA-38556648-1\" \/>\n\t<meta name=\"msvalidate.01\" content=\"7dfe9f3f1b24437ab69f4f2559babe99\" \/>\n\t<meta name=\"keywords\" content=\"actualidad\" \/>\n\t<link rel=\"canonical\" href=\"https:\/\/www.eldigitaldeasturias.com\/noticias\/ugt-asegura-que-la-ue-solo-ha-suspendido-la-ayuda-a-un-programa\/\" \/>\n\t<meta name=\"generator\" content=\"All in One SEO Pro (AIOSEO) 5.0.1\" \/>\n\t\t<meta property=\"og:locale\" content=\"es_ES\" \/>\n\t\t<meta property=\"og:site_name\" content=\"El Digital de Asturias\" \/>\n\t\t<meta property=\"og:type\" content=\"article\" \/>\n\t\t<meta property=\"og:title\" content=\"UGT asegura que la UE solo ha suspendido la ayuda a un programa - El Digital de Asturias\" \/>\n\t\t<meta property=\"og:description\" content=\"Sevilla, 4 feb (EFE).- UGT ha asegurado hoy que ha recibido una carta del comisario de Pol\u00edtica Regional, Johannes Hahn, en la que &quot;aclara&quot; que la UE no ha suspendido las ayudas al sindicato, sino de manera preventiva solo las correspondientes a un programa concreto, el de Cooperaci\u00f3n Intersindical Andaluc\u00eda Algarve 2008-2010. Este es un\" \/>\n\t\t<meta property=\"og:url\" content=\"https:\/\/www.eldigitaldeasturias.com\/noticias\/ugt-asegura-que-la-ue-solo-ha-suspendido-la-ayuda-a-un-programa\/\" \/>\n\t\t<meta property=\"article:tag\" content=\"actualidad\" \/>\n\t\t<meta property=\"article:published_time\" content=\"2014-02-04T21:43:26+00:00\" \/>\n\t\t<meta property=\"article:modified_time\" content=\"2014-02-04T21:43:26+00:00\" \/>\n\t\t<meta property=\"article:publisher\" content=\"https:\/\/facebook.com\/eldigitaldeasturias\" \/>\n\t\t<meta name=\"twitter:card\" content=\"summary_large_image\" \/>\n\t\t<meta name=\"twitter:title\" content=\"UGT asegura que la UE solo ha suspendido la ayuda a un programa - El Digital de Asturias\" \/>\n\t\t<meta name=\"twitter:description\" content=\"Sevilla, 4 feb (EFE).- UGT ha asegurado hoy que ha recibido una carta del comisario de Pol\u00edtica Regional, Johannes Hahn, en la que &quot;aclara&quot; que la UE no ha suspendido las ayudas al sindicato, sino de manera preventiva solo las correspondientes a un programa concreto, el de Cooperaci\u00f3n Intersindical Andaluc\u00eda Algarve 2008-2010. Este es un\" \/>\n\t\t<meta name=\"twitter:label1\" content=\"Escrito por\" \/>\n\t\t<meta name=\"twitter:data1\" content=\"El Digital de Asturias\" \/>\n\t\t<meta name=\"twitter:label2\" content=\"Tiempo de lectura estimado\" \/>\n\t\t<meta name=\"twitter:data2\" content=\"1 minuto\" \/>\n\t\t<script type=\"application\/ld+json\" class=\"aioseo-schema\">\n\t\t\t{\"@context\":\"https:\\\/\\\/schema.org\",\"@graph\":[{\"@type\":\"BlogPosting\",\"@id\":\"https:\\\/\\\/www.eldigitaldeasturias.com\\\/noticias\\\/ugt-asegura-que-la-ue-solo-ha-suspendido-la-ayuda-a-un-programa\\\/#blogposting\",\"name\":\"UGT asegura que la UE solo ha suspendido la ayuda a un programa - El Digital de Asturias\",\"headline\":\"UGT asegura que la UE solo ha suspendido la ayuda a un programa\",\"author\":{\"@id\":\"https:\\\/\\\/www.eldigitaldeasturias.com\\\/noticias\\\/author\\\/admin\\\/#author\"},\"publisher\":{\"@id\":\"https:\\\/\\\/www.eldigitaldeasturias.com\\\/noticias\\\/#organization\"},\"image\":{\"@type\":\"ImageObject\",\"url\":483443},\"datePublished\":\"2014-02-04T20:43:26+01:00\",\"dateModified\":\"2014-02-04T20:43:26+01:00\",\"inLanguage\":\"es-ES\",\"mainEntityOfPage\":{\"@id\":\"https:\\\/\\\/www.eldigitaldeasturias.com\\\/noticias\\\/ugt-asegura-que-la-ue-solo-ha-suspendido-la-ayuda-a-un-programa\\\/#webpage\"},\"isPartOf\":{\"@id\":\"https:\\\/\\\/www.eldigitaldeasturias.com\\\/noticias\\\/ugt-asegura-que-la-ue-solo-ha-suspendido-la-ayuda-a-un-programa\\\/#webpage\"},\"articleSection\":\"Actualidad\"},{\"@type\":\"BreadcrumbList\",\"@id\":\"https:\\\/\\\/www.eldigitaldeasturias.com\\\/noticias\\\/ugt-asegura-que-la-ue-solo-ha-suspendido-la-ayuda-a-un-programa\\\/#breadcrumblist\",\"itemListElement\":[{\"@type\":\"ListItem\",\"@id\":\"https:\\\/\\\/www.eldigitaldeasturias.com\\\/noticias#listItem\",\"position\":1,\"name\":\"Home\",\"item\":\"https:\\\/\\\/www.eldigitaldeasturias.com\\\/noticias\",\"nextItem\":{\"@type\":\"ListItem\",\"@id\":\"https:\\\/\\\/www.eldigitaldeasturias.com\\\/noticias\\\/category\\\/actualidad\\\/#listItem\",\"name\":\"Actualidad\"}},{\"@type\":\"ListItem\",\"@id\":\"https:\\\/\\\/www.eldigitaldeasturias.com\\\/noticias\\\/category\\\/actualidad\\\/#listItem\",\"position\":2,\"name\":\"Actualidad\",\"item\":\"https:\\\/\\\/www.eldigitaldeasturias.com\\\/noticias\\\/category\\\/actualidad\\\/\",\"nextItem\":{\"@type\":\"ListItem\",\"@id\":\"https:\\\/\\\/www.eldigitaldeasturias.com\\\/noticias\\\/ugt-asegura-que-la-ue-solo-ha-suspendido-la-ayuda-a-un-programa\\\/#listItem\",\"name\":\"UGT asegura que la UE solo ha suspendido la ayuda a un programa\"},\"previousItem\":{\"@type\":\"ListItem\",\"@id\":\"https:\\\/\\\/www.eldigitaldeasturias.com\\\/noticias#listItem\",\"name\":\"Home\"}},{\"@type\":\"ListItem\",\"@id\":\"https:\\\/\\\/www.eldigitaldeasturias.com\\\/noticias\\\/ugt-asegura-que-la-ue-solo-ha-suspendido-la-ayuda-a-un-programa\\\/#listItem\",\"position\":3,\"name\":\"UGT asegura que la UE solo ha suspendido la ayuda a un programa\",\"previousItem\":{\"@type\":\"ListItem\",\"@id\":\"https:\\\/\\\/www.eldigitaldeasturias.com\\\/noticias\\\/category\\\/actualidad\\\/#listItem\",\"name\":\"Actualidad\"}}]},{\"@type\":\"Organization\",\"@id\":\"https:\\\/\\\/www.eldigitaldeasturias.com\\\/noticias\\\/#organization\",\"name\":\"El Digital de Asturias\",\"description\":\"Hemeroteca\",\"url\":\"https:\\\/\\\/www.eldigitaldeasturias.com\\\/noticias\\\/\",\"email\":\"info@eldigitaldeasturias.com\",\"telephone\":\"+34652131393\",\"logo\":{\"@type\":\"ImageObject\",\"url\":\"https:\\\/\\\/www.eldigitaldeasturias.com\\\/noticias\\\/wp-content\\\/uploads\\\/2020\\\/12\\\/EDA.jpg\",\"@id\":\"https:\\\/\\\/www.eldigitaldeasturias.com\\\/noticias\\\/ugt-asegura-que-la-ue-solo-ha-suspendido-la-ayuda-a-un-programa\\\/#organizationLogo\"},\"image\":{\"@id\":\"https:\\\/\\\/www.eldigitaldeasturias.com\\\/noticias\\\/ugt-asegura-que-la-ue-solo-ha-suspendido-la-ayuda-a-un-programa\\\/#organizationLogo\"},\"sameAs\":[\"https:\\\/\\\/facebook.com\\\/eldigitaldeasturias\",\"https:\\\/\\\/www.youtube.com\\\/channel\\\/UCZP-2wLEB9Rv6erhFmqVnvg\"],\"address\":{\"@id\":\"https:\\\/\\\/www.eldigitaldeasturias.com\\\/noticias\\\/#postaladdress\",\"@type\":\"PostalAddress\",\"streetAddress\":\"san antonio 4\",\"postalCode\":\"33430\",\"addressLocality\":\"Cand\\u00e1s\",\"addressRegion\":\"Asturias\",\"addressCountry\":\"ES\"}},{\"@type\":\"Person\",\"@id\":\"https:\\\/\\\/www.eldigitaldeasturias.com\\\/noticias\\\/author\\\/admin\\\/#author\",\"url\":\"https:\\\/\\\/www.eldigitaldeasturias.com\\\/noticias\\\/author\\\/admin\\\/\",\"name\":\"El Digital de Asturias\",\"image\":{\"@type\":\"ImageObject\",\"@id\":\"https:\\\/\\\/www.eldigitaldeasturias.com\\\/noticias\\\/ugt-asegura-que-la-ue-solo-ha-suspendido-la-ayuda-a-un-programa\\\/#authorImage\",\"url\":\"https:\\\/\\\/secure.gravatar.com\\\/avatar\\\/df2aeffc32bcd13f8d26072ef8a91b623d677766deac7f97ca815868cd41bf5e?s=96&d=mm&r=g\",\"width\":96,\"height\":96,\"caption\":\"El Digital de Asturias\"}},{\"@type\":\"WebPage\",\"@id\":\"https:\\\/\\\/www.eldigitaldeasturias.com\\\/noticias\\\/ugt-asegura-que-la-ue-solo-ha-suspendido-la-ayuda-a-un-programa\\\/#webpage\",\"url\":\"https:\\\/\\\/www.eldigitaldeasturias.com\\\/noticias\\\/ugt-asegura-que-la-ue-solo-ha-suspendido-la-ayuda-a-un-programa\\\/\",\"name\":\"UGT asegura que la UE solo ha suspendido la ayuda a un programa - El Digital de Asturias\",\"description\":\"Sevilla, 4 feb (EFE).- UGT ha asegurado hoy que ha recibido una carta del comisario de Pol\\u00edtica Regional, Johannes Hahn, en la que \\\"aclara\\\" que la UE no ha suspendido las ayudas al sindicato, sino de manera preventiva solo las correspondientes a un programa concreto, el de Cooperaci\\u00f3n Intersindical Andaluc\\u00eda Algarve 2008-2010. Este es un\",\"inLanguage\":\"es-ES\",\"isPartOf\":{\"@id\":\"https:\\\/\\\/www.eldigitaldeasturias.com\\\/noticias\\\/#website\"},\"breadcrumb\":{\"@id\":\"https:\\\/\\\/www.eldigitaldeasturias.com\\\/noticias\\\/ugt-asegura-que-la-ue-solo-ha-suspendido-la-ayuda-a-un-programa\\\/#breadcrumblist\"},\"author\":{\"@id\":\"https:\\\/\\\/www.eldigitaldeasturias.com\\\/noticias\\\/author\\\/admin\\\/#author\"},\"creator\":{\"@id\":\"https:\\\/\\\/www.eldigitaldeasturias.com\\\/noticias\\\/author\\\/admin\\\/#author\"},\"image\":{\"@type\":\"ImageObject\",\"url\":483443,\"@id\":\"https:\\\/\\\/www.eldigitaldeasturias.com\\\/noticias\\\/ugt-asegura-que-la-ue-solo-ha-suspendido-la-ayuda-a-un-programa\\\/#mainImage\"},\"primaryImageOfPage\":{\"@id\":\"https:\\\/\\\/www.eldigitaldeasturias.com\\\/noticias\\\/ugt-asegura-que-la-ue-solo-ha-suspendido-la-ayuda-a-un-programa\\\/#mainImage\"},\"datePublished\":\"2014-02-04T20:43:26+01:00\",\"dateModified\":\"2014-02-04T20:43:26+01:00\"},{\"@type\":\"WebSite\",\"@id\":\"https:\\\/\\\/www.eldigitaldeasturias.com\\\/noticias\\\/#website\",\"url\":\"https:\\\/\\\/www.eldigitaldeasturias.com\\\/noticias\\\/\",\"name\":\"El Digital de Asturias - Diario de actualidad y noticias\",\"alternateName\":\"El Digital de Asturias - Diario de actualidad y noticias\",\"description\":\"Hemeroteca\",\"inLanguage\":\"es-ES\",\"publisher\":{\"@id\":\"https:\\\/\\\/www.eldigitaldeasturias.com\\\/noticias\\\/#organization\"}}]}\n\t\t<\/script>\n\t\t<!-- All in One SEO Pro -->\r\n\t\t<title>UGT asegura que la UE solo ha suspendido la ayuda a un programa - El Digital de Asturias<\/title>\n\n","aioseo_head_json":{"title":"UGT asegura que la UE solo ha suspendido la ayuda a un programa - El Digital de Asturias","description":"Sevilla, 4 feb (EFE).- UGT ha asegurado hoy que ha recibido una carta del comisario de Pol\u00edtica Regional, Johannes Hahn, en la que \"aclara\" que la UE no ha suspendido las ayudas al sindicato, sino de manera preventiva solo las correspondientes a un programa concreto, el de Cooperaci\u00f3n Intersindical Andaluc\u00eda Algarve 2008-2010. Este es un","canonical_url":"https:\/\/www.eldigitaldeasturias.com\/noticias\/ugt-asegura-que-la-ue-solo-ha-suspendido-la-ayuda-a-un-programa\/","robots":"max-image-preview:large","keywords":"actualidad","webmasterTools":{"google-site-verification":"UA-38556648-1","msvalidate.01":"7dfe9f3f1b24437ab69f4f2559babe99","miscellaneous":""},"schema":{"@context":"https:\/\/schema.org","@graph":[{"@type":"BlogPosting","@id":"https:\/\/www.eldigitaldeasturias.com\/noticias\/ugt-asegura-que-la-ue-solo-ha-suspendido-la-ayuda-a-un-programa\/#blogposting","name":"UGT asegura que la UE solo ha suspendido la ayuda a un programa - El Digital de Asturias","headline":"UGT asegura que la UE solo ha suspendido la ayuda a un programa","author":{"@id":"https:\/\/www.eldigitaldeasturias.com\/noticias\/author\/admin\/#author"},"publisher":{"@id":"https:\/\/www.eldigitaldeasturias.com\/noticias\/#organization"},"image":{"@type":"ImageObject","url":483443},"datePublished":"2014-02-04T20:43:26+01:00","dateModified":"2014-02-04T20:43:26+01:00","inLanguage":"es-ES","mainEntityOfPage":{"@id":"https:\/\/www.eldigitaldeasturias.com\/noticias\/ugt-asegura-que-la-ue-solo-ha-suspendido-la-ayuda-a-un-programa\/#webpage"},"isPartOf":{"@id":"https:\/\/www.eldigitaldeasturias.com\/noticias\/ugt-asegura-que-la-ue-solo-ha-suspendido-la-ayuda-a-un-programa\/#webpage"},"articleSection":"Actualidad"},{"@type":"BreadcrumbList","@id":"https:\/\/www.eldigitaldeasturias.com\/noticias\/ugt-asegura-que-la-ue-solo-ha-suspendido-la-ayuda-a-un-programa\/#breadcrumblist","itemListElement":[{"@type":"ListItem","@id":"https:\/\/www.eldigitaldeasturias.com\/noticias#listItem","position":1,"name":"Home","item":"https:\/\/www.eldigitaldeasturias.com\/noticias","nextItem":{"@type":"ListItem","@id":"https:\/\/www.eldigitaldeasturias.com\/noticias\/category\/actualidad\/#listItem","name":"Actualidad"}},{"@type":"ListItem","@id":"https:\/\/www.eldigitaldeasturias.com\/noticias\/category\/actualidad\/#listItem","position":2,"name":"Actualidad","item":"https:\/\/www.eldigitaldeasturias.com\/noticias\/category\/actualidad\/","nextItem":{"@type":"ListItem","@id":"https:\/\/www.eldigitaldeasturias.com\/noticias\/ugt-asegura-que-la-ue-solo-ha-suspendido-la-ayuda-a-un-programa\/#listItem","name":"UGT asegura que la UE solo ha suspendido la ayuda a un programa"},"previousItem":{"@type":"ListItem","@id":"https:\/\/www.eldigitaldeasturias.com\/noticias#listItem","name":"Home"}},{"@type":"ListItem","@id":"https:\/\/www.eldigitaldeasturias.com\/noticias\/ugt-asegura-que-la-ue-solo-ha-suspendido-la-ayuda-a-un-programa\/#listItem","position":3,"name":"UGT asegura que la UE solo ha suspendido la ayuda a un programa","previousItem":{"@type":"ListItem","@id":"https:\/\/www.eldigitaldeasturias.com\/noticias\/category\/actualidad\/#listItem","name":"Actualidad"}}]},{"@type":"Organization","@id":"https:\/\/www.eldigitaldeasturias.com\/noticias\/#organization","name":"El Digital de Asturias","description":"Hemeroteca","url":"https:\/\/www.eldigitaldeasturias.com\/noticias\/","email":"info@eldigitaldeasturias.com","telephone":"+34652131393","logo":{"@type":"ImageObject","url":"https:\/\/www.eldigitaldeasturias.com\/noticias\/wp-content\/uploads\/2020\/12\/EDA.jpg","@id":"https:\/\/www.eldigitaldeasturias.com\/noticias\/ugt-asegura-que-la-ue-solo-ha-suspendido-la-ayuda-a-un-programa\/#organizationLogo"},"image":{"@id":"https:\/\/www.eldigitaldeasturias.com\/noticias\/ugt-asegura-que-la-ue-solo-ha-suspendido-la-ayuda-a-un-programa\/#organizationLogo"},"sameAs":["https:\/\/facebook.com\/eldigitaldeasturias","https:\/\/www.youtube.com\/channel\/UCZP-2wLEB9Rv6erhFmqVnvg"],"address":{"@id":"https:\/\/www.eldigitaldeasturias.com\/noticias\/#postaladdress","@type":"PostalAddress","streetAddress":"san antonio 4","postalCode":"33430","addressLocality":"Cand\u00e1s","addressRegion":"Asturias","addressCountry":"ES"}},{"@type":"Person","@id":"https:\/\/www.eldigitaldeasturias.com\/noticias\/author\/admin\/#author","url":"https:\/\/www.eldigitaldeasturias.com\/noticias\/author\/admin\/","name":"El Digital de Asturias","image":{"@type":"ImageObject","@id":"https:\/\/www.eldigitaldeasturias.com\/noticias\/ugt-asegura-que-la-ue-solo-ha-suspendido-la-ayuda-a-un-programa\/#authorImage","url":"https:\/\/secure.gravatar.com\/avatar\/df2aeffc32bcd13f8d26072ef8a91b623d677766deac7f97ca815868cd41bf5e?s=96&d=mm&r=g","width":96,"height":96,"caption":"El Digital de Asturias"}},{"@type":"WebPage","@id":"https:\/\/www.eldigitaldeasturias.com\/noticias\/ugt-asegura-que-la-ue-solo-ha-suspendido-la-ayuda-a-un-programa\/#webpage","url":"https:\/\/www.eldigitaldeasturias.com\/noticias\/ugt-asegura-que-la-ue-solo-ha-suspendido-la-ayuda-a-un-programa\/","name":"UGT asegura que la UE solo ha suspendido la ayuda a un programa - El Digital de Asturias","description":"Sevilla, 4 feb (EFE).- UGT ha asegurado hoy que ha recibido una carta del comisario de Pol\u00edtica Regional, Johannes Hahn, en la que \"aclara\" que la UE no ha suspendido las ayudas al sindicato, sino de manera preventiva solo las correspondientes a un programa concreto, el de Cooperaci\u00f3n Intersindical Andaluc\u00eda Algarve 2008-2010. Este es un","inLanguage":"es-ES","isPartOf":{"@id":"https:\/\/www.eldigitaldeasturias.com\/noticias\/#website"},"breadcrumb":{"@id":"https:\/\/www.eldigitaldeasturias.com\/noticias\/ugt-asegura-que-la-ue-solo-ha-suspendido-la-ayuda-a-un-programa\/#breadcrumblist"},"author":{"@id":"https:\/\/www.eldigitaldeasturias.com\/noticias\/author\/admin\/#author"},"creator":{"@id":"https:\/\/www.eldigitaldeasturias.com\/noticias\/author\/admin\/#author"},"image":{"@type":"ImageObject","url":483443,"@id":"https:\/\/www.eldigitaldeasturias.com\/noticias\/ugt-asegura-que-la-ue-solo-ha-suspendido-la-ayuda-a-un-programa\/#mainImage"},"primaryImageOfPage":{"@id":"https:\/\/www.eldigitaldeasturias.com\/noticias\/ugt-asegura-que-la-ue-solo-ha-suspendido-la-ayuda-a-un-programa\/#mainImage"},"datePublished":"2014-02-04T20:43:26+01:00","dateModified":"2014-02-04T20:43:26+01:00"},{"@type":"WebSite","@id":"https:\/\/www.eldigitaldeasturias.com\/noticias\/#website","url":"https:\/\/www.eldigitaldeasturias.com\/noticias\/","name":"El Digital de Asturias - Diario de actualidad y noticias","alternateName":"El Digital de Asturias - Diario de actualidad y noticias","description":"Hemeroteca","inLanguage":"es-ES","publisher":{"@id":"https:\/\/www.eldigitaldeasturias.com\/noticias\/#organization"}}]},"og:locale":"es_ES","og:site_name":"El Digital de Asturias","og:type":"article","og:title":"UGT asegura que la UE solo ha suspendido la ayuda a un programa - El Digital de Asturias","og:description":"Sevilla, 4 feb (EFE).- UGT ha asegurado hoy que ha recibido una carta del comisario de Pol\u00edtica Regional, Johannes Hahn, en la que &quot;aclara&quot; que la UE no ha suspendido las ayudas al sindicato, sino de manera preventiva solo las correspondientes a un programa concreto, el de Cooperaci\u00f3n Intersindical Andaluc\u00eda Algarve 2008-2010. Este es un","og:url":"https:\/\/www.eldigitaldeasturias.com\/noticias\/ugt-asegura-que-la-ue-solo-ha-suspendido-la-ayuda-a-un-programa\/","article:tag":["actualidad"],"article:published_time":"2014-02-04T21:43:26+00:00","article:modified_time":"2014-02-04T21:43:26+00:00","article:publisher":"https:\/\/facebook.com\/eldigitaldeasturias","twitter:card":"summary_large_image","twitter:title":"UGT asegura que la UE solo ha suspendido la ayuda a un programa - El Digital de Asturias","twitter:description":"Sevilla, 4 feb (EFE).- UGT ha asegurado hoy que ha recibido una carta del comisario de Pol\u00edtica Regional, Johannes Hahn, en la que &quot;aclara&quot; que la UE no ha suspendido las ayudas al sindicato, sino de manera preventiva solo las correspondientes a un programa concreto, el de Cooperaci\u00f3n Intersindical Andaluc\u00eda Algarve 2008-2010. Este es un","twitter:label1":"Escrito por","twitter:data1":"El Digital de Asturias","twitter:label2":"Tiempo de lectura estimado","twitter:data2":"1 minuto"},"aioseo_meta_data":{"post_id":"483442","title":null,"description":null,"keywords":null,"keyphrases":null,"primary_term":null,"canonical_url":null,"og_title":null,"og_description":null,"og_object_type":"default","og_image_type":"default","og_image_url":null,"og_image_width":null,"og_image_height":null,"og_image_custom_url":null,"og_image_custom_fields":null,"og_video":null,"og_custom_url":null,"og_article_section":null,"og_article_tags":null,"twitter_use_og":true,"twitter_card":"default","twitter_image_type":"default","twitter_image_url":null,"twitter_image_custom_url":null,"twitter_image_custom_fields":null,"twitter_title":null,"twitter_description":null,"schema":{"blockGraphs":[],"customGraphs":[],"default":{"data":{"Article":[],"Course":[],"Dataset":[],"FAQPage":[],"Movie":[],"Person":[],"Product":[],"ProductReview":[],"Car":[],"Recipe":[],"Service":[],"SoftwareApplication":[],"WebPage":[]},"graphName":"","isEnabled":true},"graphs":[],"defaultGraph":"","defaultPostTypeGraph":""},"schema_type":null,"schema_type_options":null,"pillar_content":false,"robots_default":true,"robots_noindex":false,"robots_noarchive":false,"robots_nosnippet":false,"robots_nofollow":false,"robots_noimageindex":false,"robots_noodp":false,"robots_notranslate":false,"robots_max_snippet":null,"robots_max_videopreview":null,"robots_max_imagepreview":"none","priority":null,"frequency":null,"local_seo":null,"seo_analyzer_scan_date":"2026-06-02 12:53:52","breadcrumb_settings":null,"limit_modified_date":false,"open_ai":null,"ai":null,"created":"2020-11-14 22:54:45","updated":"2026-06-02 12:53:52","focus_keyword":null,"additional_keywords":null,"truseo_locale":null},"aioseo_breadcrumb":"<div class=\"aioseo-breadcrumbs\"><span class=\"aioseo-breadcrumb\">\n\t<a href=\"https:\/\/www.eldigitaldeasturias.com\/noticias\" title=\"Home\">Home<\/a>\n<\/span><span class=\"aioseo-breadcrumb-separator\">\u2013<\/span><span class=\"aioseo-breadcrumb\">\n\t<a href=\"https:\/\/www.eldigitaldeasturias.com\/noticias\/category\/actualidad\/\" title=\"Actualidad\">Actualidad<\/a>\n<\/span><span class=\"aioseo-breadcrumb-separator\">\u2013<\/span><span class=\"aioseo-breadcrumb\">\n\t<a href=\"https:\/\/www.eldigitaldeasturias.com\/noticias\/ugt-asegura-que-la-ue-solo-ha-suspendido-la-ayuda-a-un-programa\/\" title=\"UGT asegura que la UE solo ha suspendido la ayuda a un programa\">UGT asegura que la UE solo ha suspendido la ayuda a un programa<\/a>\n<\/span><\/div>","aioseo_breadcrumb_json":[{"label":"Home","link":"https:\/\/www.eldigitaldeasturias.com\/noticias"},{"label":"Actualidad","link":"https:\/\/www.eldigitaldeasturias.com\/noticias\/category\/actualidad\/"},{"label":"UGT asegura que la UE solo ha suspendido la ayuda a un programa","link":"https:\/\/www.eldigitaldeasturias.com\/noticias\/ugt-asegura-que-la-ue-solo-ha-suspendido-la-ayuda-a-un-programa\/"}],"_links":{"self":[{"href":"https:\/\/www.eldigitaldeasturias.com\/noticias\/wp-json\/wp\/v2\/posts\/483442","targetHints":{"allow":["GET"]}}],"collection":[{"href":"https:\/\/www.eldigitaldeasturias.com\/noticias\/wp-json\/wp\/v2\/posts"}],"about":[{"href":"https:\/\/www.eldigitaldeasturias.com\/noticias\/wp-json\/wp\/v2\/types\/post"}],"author":[{"embeddable":true,"href":"https:\/\/www.eldigitaldeasturias.com\/noticias\/wp-json\/wp\/v2\/users\/1"}],"replies":[{"embeddable":true,"href":"https:\/\/www.eldigitaldeasturias.com\/noticias\/wp-json\/wp\/v2\/comments?post=483442"}],"version-history":[{"count":0,"href":"https:\/\/www.eldigitaldeasturias.com\/noticias\/wp-json\/wp\/v2\/posts\/483442\/revisions"}],"wp:attachment":[{"href":"https:\/\/www.eldigitaldeasturias.com\/noticias\/wp-json\/wp\/v2\/media?parent=483442"}],"wp:term":[{"taxonomy":"category","embeddable":true,"href":"https:\/\/www.eldigitaldeasturias.com\/noticias\/wp-json\/wp\/v2\/categories?post=483442"},{"taxonomy":"post_tag","embeddable":true,"href":"https:\/\/www.eldigitaldeasturias.com\/noticias\/wp-json\/wp\/v2\/tags?post=483442"}],"curies":[{"name":"wp","href":"https:\/\/api.w.org\/{rel}","templated":true}]}}