{"id":483430,"date":"2014-02-04T20:38:23","date_gmt":"2014-02-04T21:38:23","guid":{"rendered":"http:\/\/www.eldigitaldeasturias.com\/noticias\/?p=483430"},"modified":"2014-02-04T20:38:23","modified_gmt":"2014-02-04T21:38:23","slug":"el-estado-mayor-pide-un-presupuesto-estable-y-consecuente-para-la-defensa-de-espana","status":"publish","type":"post","link":"https:\/\/www.eldigitaldeasturias.com\/noticias\/el-estado-mayor-pide-un-presupuesto-estable-y-consecuente-para-la-defensa-de-espana\/","title":{"rendered":"El Estado Mayor pide un presupuesto estable y consecuente para la defensa de Espa\u00f1a"},"content":{"rendered":"<p><img loading=\"lazy\" decoding=\"async\" class=\"alignleft size-medium wp-image-483431\" alt=\"5907753w\" src=\"https:\/\/www.eldigitaldeasturias.com\/noticias\/wp-content\/uploads\/2014\/02\/5907753w-360x220.jpg\" width=\"360\" height=\"220\" \/>Madrid, 4 feb (EFE).- El Estado Mayor de la Defensa considera que la defensa de Espa\u00f1a es \u00abtarea de todos\u00bb y requiere un compromiso responsable de la sociedad y de sus representantes, y \u00abuna asignaci\u00f3n de recursos estable y consecuente\u00bb.<\/p>\n<p>As\u00ed consta en el documento \u00abEl Estado Mayor de la Defensa. Motor de la transformaci\u00f3n de las Fuerzas Armadas\u00bb, difundido en su web, que informa y justifica el proceso de cambios en los ej\u00e9rcitos acometido por el Estado Mayor y el Ministerio de Defensa.<\/p>\n<p>En dicho documento, se afirma que \u00abla defensa de Espa\u00f1a es tarea de todos y requiere de un compromiso responsable por parte de la sociedad y de sus representantes, que no s\u00f3lo permita seguir definiendo unas necesidades realistas y adecuadas, sino tambi\u00e9n una asignaci\u00f3n de recursos estable y consecuente que garantice que \u00e9stas puedan ser cubiertas permanentemente\u00bb.<\/p>\n<p>El jefe de Estado Mayor de la Defensa (JEMAD), almirante general Fernando Garc\u00eda S\u00e1nchez, afirma que el objetivo de la transformaci\u00f3n \u00abno es otro que conseguir, hoy, unas Fuerzas Armadas mejores, m\u00e1s eficaces, m\u00e1s eficientes que las de ayer\u00bb.<\/p>\n<p>Recalca que se lleva a cabo \u00abcon la firme voluntad de garantizar su capacidad operativa en los escenarios de actuaci\u00f3n m\u00e1s probables del presente y del futuro\u00bb.<\/p>\n<p>Advierte de que el proceso de transformaci\u00f3n exigir\u00e1, adem\u00e1s de una serie de modificaciones org\u00e1nicas y estructurales, un cambio de mentalidad.<\/p>\n<p>El documento del Estado Mayor explica que la transformaci\u00f3n se rige por la acci\u00f3n conjunta, la agilidad y velocidad de mando, la especificidad como ventaja competitiva, las capacidades necesarias y el compromiso presupuestaria a largo plazo.<\/p>\n<p>Apunta asimismo como \u00abelementos clave\u00bb la Fuerza Conjunta, la ciberdefensa, la inteligencia, las operaciones especiales y la ense\u00f1anza.<\/p>\n<p>El almirante general Garc\u00eda S\u00e1nchez, present\u00f3 el pasado 28 de enero \u00abEl proceso de transformaci\u00f3n de las Fuerzas Armadas\u00bb, una profunda revisi\u00f3n de las estructuras militares que persigue conseguir equilibrio entre el empleo de la Fuerza y su estructura y financiaci\u00f3n para adaptar la instituci\u00f3n militar a la situaci\u00f3n actual.<\/p>\n","protected":false},"excerpt":{"rendered":"<p>Madrid, 4 feb (EFE).- El Estado Mayor de la Defensa considera que la defensa de Espa\u00f1a es \u00abtarea de todos\u00bb y requiere un compromiso responsable de la sociedad y de sus representantes, y \u00abuna asignaci\u00f3n de recursos estable y consecuente\u00bb. As\u00ed consta en el documento \u00abEl Estado Mayor de la Defensa. Motor de la transformaci\u00f3n [&hellip;]<\/p>\n","protected":false},"author":1,"featured_media":483431,"comment_status":"closed","ping_status":"open","sticky":false,"template":"","format":"standard","meta":{"footnotes":""},"categories":[1],"tags":[],"class_list":["post-483430","post","type-post","status-publish","format-standard","has-post-thumbnail","hentry","category-actualidad"],"aioseo_notices":[],"aioseo_head":"\n\t\t<!-- All in One SEO Pro 5.0.1 - aioseo.com -->\n\t<meta name=\"description\" content=\"Madrid, 4 feb (EFE).- El Estado Mayor de la Defensa considera que la defensa de Espa\u00f1a es &quot;tarea de todos&quot; y requiere un compromiso responsable de la sociedad y de sus representantes, y &quot;una asignaci\u00f3n de recursos estable y consecuente&quot;. As\u00ed consta en el documento &quot;El Estado Mayor de la Defensa. Motor de la transformaci\u00f3n\" \/>\n\t<meta name=\"robots\" content=\"max-image-preview:large\" \/>\n\t<meta name=\"author\" content=\"El Digital de Asturias\"\/>\n\t<meta name=\"google-site-verification\" content=\"UA-38556648-1\" \/>\n\t<meta name=\"msvalidate.01\" content=\"7dfe9f3f1b24437ab69f4f2559babe99\" \/>\n\t<meta name=\"keywords\" content=\"actualidad\" \/>\n\t<link rel=\"canonical\" href=\"https:\/\/www.eldigitaldeasturias.com\/noticias\/el-estado-mayor-pide-un-presupuesto-estable-y-consecuente-para-la-defensa-de-espana\/\" \/>\n\t<meta name=\"generator\" content=\"All in One SEO Pro (AIOSEO) 5.0.1\" \/>\n\t\t<meta property=\"og:locale\" content=\"es_ES\" \/>\n\t\t<meta property=\"og:site_name\" content=\"El Digital de Asturias\" \/>\n\t\t<meta property=\"og:type\" content=\"article\" \/>\n\t\t<meta property=\"og:title\" content=\"El Estado Mayor pide un presupuesto estable y consecuente para la defensa de Espa\u00f1a - El Digital de Asturias\" \/>\n\t\t<meta property=\"og:description\" content=\"Madrid, 4 feb (EFE).- El Estado Mayor de la Defensa considera que la defensa de Espa\u00f1a es &quot;tarea de todos&quot; y requiere un compromiso responsable de la sociedad y de sus representantes, y &quot;una asignaci\u00f3n de recursos estable y consecuente&quot;. As\u00ed consta en el documento &quot;El Estado Mayor de la Defensa. Motor de la transformaci\u00f3n\" \/>\n\t\t<meta property=\"og:url\" content=\"https:\/\/www.eldigitaldeasturias.com\/noticias\/el-estado-mayor-pide-un-presupuesto-estable-y-consecuente-para-la-defensa-de-espana\/\" \/>\n\t\t<meta property=\"article:tag\" content=\"actualidad\" \/>\n\t\t<meta property=\"article:published_time\" content=\"2014-02-04T21:38:23+00:00\" \/>\n\t\t<meta property=\"article:modified_time\" content=\"2014-02-04T21:38:23+00:00\" \/>\n\t\t<meta property=\"article:publisher\" content=\"https:\/\/facebook.com\/eldigitaldeasturias\" \/>\n\t\t<meta name=\"twitter:card\" content=\"summary_large_image\" \/>\n\t\t<meta name=\"twitter:title\" content=\"El Estado Mayor pide un presupuesto estable y consecuente para la defensa de Espa\u00f1a - El Digital de Asturias\" \/>\n\t\t<meta name=\"twitter:description\" content=\"Madrid, 4 feb (EFE).- El Estado Mayor de la Defensa considera que la defensa de Espa\u00f1a es &quot;tarea de todos&quot; y requiere un compromiso responsable de la sociedad y de sus representantes, y &quot;una asignaci\u00f3n de recursos estable y consecuente&quot;. As\u00ed consta en el documento &quot;El Estado Mayor de la Defensa. Motor de la transformaci\u00f3n\" \/>\n\t\t<meta name=\"twitter:label1\" content=\"Escrito por\" \/>\n\t\t<meta name=\"twitter:data1\" content=\"El Digital de Asturias\" \/>\n\t\t<meta name=\"twitter:label2\" content=\"Tiempo de lectura estimado\" \/>\n\t\t<meta name=\"twitter:data2\" content=\"2 minutos\" \/>\n\t\t<script type=\"application\/ld+json\" class=\"aioseo-schema\">\n\t\t\t{\"@context\":\"https:\\\/\\\/schema.org\",\"@graph\":[{\"@type\":\"BlogPosting\",\"@id\":\"https:\\\/\\\/www.eldigitaldeasturias.com\\\/noticias\\\/el-estado-mayor-pide-un-presupuesto-estable-y-consecuente-para-la-defensa-de-espana\\\/#blogposting\",\"name\":\"El Estado Mayor pide un presupuesto estable y consecuente para la defensa de Espa\\u00f1a - El Digital de Asturias\",\"headline\":\"El Estado Mayor pide un presupuesto estable y consecuente para la defensa de Espa\\u00f1a\",\"author\":{\"@id\":\"https:\\\/\\\/www.eldigitaldeasturias.com\\\/noticias\\\/author\\\/admin\\\/#author\"},\"publisher\":{\"@id\":\"https:\\\/\\\/www.eldigitaldeasturias.com\\\/noticias\\\/#organization\"},\"image\":{\"@type\":\"ImageObject\",\"url\":483431},\"datePublished\":\"2014-02-04T20:38:23+01:00\",\"dateModified\":\"2014-02-04T20:38:23+01:00\",\"inLanguage\":\"es-ES\",\"mainEntityOfPage\":{\"@id\":\"https:\\\/\\\/www.eldigitaldeasturias.com\\\/noticias\\\/el-estado-mayor-pide-un-presupuesto-estable-y-consecuente-para-la-defensa-de-espana\\\/#webpage\"},\"isPartOf\":{\"@id\":\"https:\\\/\\\/www.eldigitaldeasturias.com\\\/noticias\\\/el-estado-mayor-pide-un-presupuesto-estable-y-consecuente-para-la-defensa-de-espana\\\/#webpage\"},\"articleSection\":\"Actualidad\"},{\"@type\":\"BreadcrumbList\",\"@id\":\"https:\\\/\\\/www.eldigitaldeasturias.com\\\/noticias\\\/el-estado-mayor-pide-un-presupuesto-estable-y-consecuente-para-la-defensa-de-espana\\\/#breadcrumblist\",\"itemListElement\":[{\"@type\":\"ListItem\",\"@id\":\"https:\\\/\\\/www.eldigitaldeasturias.com\\\/noticias#listItem\",\"position\":1,\"name\":\"Home\",\"item\":\"https:\\\/\\\/www.eldigitaldeasturias.com\\\/noticias\",\"nextItem\":{\"@type\":\"ListItem\",\"@id\":\"https:\\\/\\\/www.eldigitaldeasturias.com\\\/noticias\\\/category\\\/actualidad\\\/#listItem\",\"name\":\"Actualidad\"}},{\"@type\":\"ListItem\",\"@id\":\"https:\\\/\\\/www.eldigitaldeasturias.com\\\/noticias\\\/category\\\/actualidad\\\/#listItem\",\"position\":2,\"name\":\"Actualidad\",\"item\":\"https:\\\/\\\/www.eldigitaldeasturias.com\\\/noticias\\\/category\\\/actualidad\\\/\",\"nextItem\":{\"@type\":\"ListItem\",\"@id\":\"https:\\\/\\\/www.eldigitaldeasturias.com\\\/noticias\\\/el-estado-mayor-pide-un-presupuesto-estable-y-consecuente-para-la-defensa-de-espana\\\/#listItem\",\"name\":\"El Estado Mayor pide un presupuesto estable y consecuente para la defensa de Espa\\u00f1a\"},\"previousItem\":{\"@type\":\"ListItem\",\"@id\":\"https:\\\/\\\/www.eldigitaldeasturias.com\\\/noticias#listItem\",\"name\":\"Home\"}},{\"@type\":\"ListItem\",\"@id\":\"https:\\\/\\\/www.eldigitaldeasturias.com\\\/noticias\\\/el-estado-mayor-pide-un-presupuesto-estable-y-consecuente-para-la-defensa-de-espana\\\/#listItem\",\"position\":3,\"name\":\"El Estado Mayor pide un presupuesto estable y consecuente para la defensa de Espa\\u00f1a\",\"previousItem\":{\"@type\":\"ListItem\",\"@id\":\"https:\\\/\\\/www.eldigitaldeasturias.com\\\/noticias\\\/category\\\/actualidad\\\/#listItem\",\"name\":\"Actualidad\"}}]},{\"@type\":\"Organization\",\"@id\":\"https:\\\/\\\/www.eldigitaldeasturias.com\\\/noticias\\\/#organization\",\"name\":\"El Digital de Asturias\",\"description\":\"Hemeroteca\",\"url\":\"https:\\\/\\\/www.eldigitaldeasturias.com\\\/noticias\\\/\",\"email\":\"info@eldigitaldeasturias.com\",\"telephone\":\"+34652131393\",\"logo\":{\"@type\":\"ImageObject\",\"url\":\"https:\\\/\\\/www.eldigitaldeasturias.com\\\/noticias\\\/wp-content\\\/uploads\\\/2020\\\/12\\\/EDA.jpg\",\"@id\":\"https:\\\/\\\/www.eldigitaldeasturias.com\\\/noticias\\\/el-estado-mayor-pide-un-presupuesto-estable-y-consecuente-para-la-defensa-de-espana\\\/#organizationLogo\"},\"image\":{\"@id\":\"https:\\\/\\\/www.eldigitaldeasturias.com\\\/noticias\\\/el-estado-mayor-pide-un-presupuesto-estable-y-consecuente-para-la-defensa-de-espana\\\/#organizationLogo\"},\"sameAs\":[\"https:\\\/\\\/facebook.com\\\/eldigitaldeasturias\",\"https:\\\/\\\/www.youtube.com\\\/channel\\\/UCZP-2wLEB9Rv6erhFmqVnvg\"],\"address\":{\"@id\":\"https:\\\/\\\/www.eldigitaldeasturias.com\\\/noticias\\\/#postaladdress\",\"@type\":\"PostalAddress\",\"streetAddress\":\"san antonio 4\",\"postalCode\":\"33430\",\"addressLocality\":\"Cand\\u00e1s\",\"addressRegion\":\"Asturias\",\"addressCountry\":\"ES\"}},{\"@type\":\"Person\",\"@id\":\"https:\\\/\\\/www.eldigitaldeasturias.com\\\/noticias\\\/author\\\/admin\\\/#author\",\"url\":\"https:\\\/\\\/www.eldigitaldeasturias.com\\\/noticias\\\/author\\\/admin\\\/\",\"name\":\"El Digital de Asturias\",\"image\":{\"@type\":\"ImageObject\",\"@id\":\"https:\\\/\\\/www.eldigitaldeasturias.com\\\/noticias\\\/el-estado-mayor-pide-un-presupuesto-estable-y-consecuente-para-la-defensa-de-espana\\\/#authorImage\",\"url\":\"https:\\\/\\\/secure.gravatar.com\\\/avatar\\\/df2aeffc32bcd13f8d26072ef8a91b623d677766deac7f97ca815868cd41bf5e?s=96&d=mm&r=g\",\"width\":96,\"height\":96,\"caption\":\"El Digital de Asturias\"}},{\"@type\":\"WebPage\",\"@id\":\"https:\\\/\\\/www.eldigitaldeasturias.com\\\/noticias\\\/el-estado-mayor-pide-un-presupuesto-estable-y-consecuente-para-la-defensa-de-espana\\\/#webpage\",\"url\":\"https:\\\/\\\/www.eldigitaldeasturias.com\\\/noticias\\\/el-estado-mayor-pide-un-presupuesto-estable-y-consecuente-para-la-defensa-de-espana\\\/\",\"name\":\"El Estado Mayor pide un presupuesto estable y consecuente para la defensa de Espa\\u00f1a - El Digital de Asturias\",\"description\":\"Madrid, 4 feb (EFE).- El Estado Mayor de la Defensa considera que la defensa de Espa\\u00f1a es \\\"tarea de todos\\\" y requiere un compromiso responsable de la sociedad y de sus representantes, y \\\"una asignaci\\u00f3n de recursos estable y consecuente\\\". As\\u00ed consta en el documento \\\"El Estado Mayor de la Defensa. Motor de la transformaci\\u00f3n\",\"inLanguage\":\"es-ES\",\"isPartOf\":{\"@id\":\"https:\\\/\\\/www.eldigitaldeasturias.com\\\/noticias\\\/#website\"},\"breadcrumb\":{\"@id\":\"https:\\\/\\\/www.eldigitaldeasturias.com\\\/noticias\\\/el-estado-mayor-pide-un-presupuesto-estable-y-consecuente-para-la-defensa-de-espana\\\/#breadcrumblist\"},\"author\":{\"@id\":\"https:\\\/\\\/www.eldigitaldeasturias.com\\\/noticias\\\/author\\\/admin\\\/#author\"},\"creator\":{\"@id\":\"https:\\\/\\\/www.eldigitaldeasturias.com\\\/noticias\\\/author\\\/admin\\\/#author\"},\"image\":{\"@type\":\"ImageObject\",\"url\":483431,\"@id\":\"https:\\\/\\\/www.eldigitaldeasturias.com\\\/noticias\\\/el-estado-mayor-pide-un-presupuesto-estable-y-consecuente-para-la-defensa-de-espana\\\/#mainImage\"},\"primaryImageOfPage\":{\"@id\":\"https:\\\/\\\/www.eldigitaldeasturias.com\\\/noticias\\\/el-estado-mayor-pide-un-presupuesto-estable-y-consecuente-para-la-defensa-de-espana\\\/#mainImage\"},\"datePublished\":\"2014-02-04T20:38:23+01:00\",\"dateModified\":\"2014-02-04T20:38:23+01:00\"},{\"@type\":\"WebSite\",\"@id\":\"https:\\\/\\\/www.eldigitaldeasturias.com\\\/noticias\\\/#website\",\"url\":\"https:\\\/\\\/www.eldigitaldeasturias.com\\\/noticias\\\/\",\"name\":\"El Digital de Asturias - Diario de actualidad y noticias\",\"alternateName\":\"El Digital de Asturias - Diario de actualidad y noticias\",\"description\":\"Hemeroteca\",\"inLanguage\":\"es-ES\",\"publisher\":{\"@id\":\"https:\\\/\\\/www.eldigitaldeasturias.com\\\/noticias\\\/#organization\"}}]}\n\t\t<\/script>\n\t\t<!-- All in One SEO Pro -->\r\n\t\t<title>El Estado Mayor pide un presupuesto estable y consecuente para la defensa de Espa\u00f1a - El Digital de Asturias<\/title>\n\n","aioseo_head_json":{"title":"El Estado Mayor pide un presupuesto estable y consecuente para la defensa de Espa\u00f1a - El Digital de Asturias","description":"Madrid, 4 feb (EFE).- El Estado Mayor de la Defensa considera que la defensa de Espa\u00f1a es \"tarea de todos\" y requiere un compromiso responsable de la sociedad y de sus representantes, y \"una asignaci\u00f3n de recursos estable y consecuente\". As\u00ed consta en el documento \"El Estado Mayor de la Defensa. Motor de la transformaci\u00f3n","canonical_url":"https:\/\/www.eldigitaldeasturias.com\/noticias\/el-estado-mayor-pide-un-presupuesto-estable-y-consecuente-para-la-defensa-de-espana\/","robots":"max-image-preview:large","keywords":"actualidad","webmasterTools":{"google-site-verification":"UA-38556648-1","msvalidate.01":"7dfe9f3f1b24437ab69f4f2559babe99","miscellaneous":""},"schema":{"@context":"https:\/\/schema.org","@graph":[{"@type":"BlogPosting","@id":"https:\/\/www.eldigitaldeasturias.com\/noticias\/el-estado-mayor-pide-un-presupuesto-estable-y-consecuente-para-la-defensa-de-espana\/#blogposting","name":"El Estado Mayor pide un presupuesto estable y consecuente para la defensa de Espa\u00f1a - El Digital de Asturias","headline":"El Estado Mayor pide un presupuesto estable y consecuente para la defensa de Espa\u00f1a","author":{"@id":"https:\/\/www.eldigitaldeasturias.com\/noticias\/author\/admin\/#author"},"publisher":{"@id":"https:\/\/www.eldigitaldeasturias.com\/noticias\/#organization"},"image":{"@type":"ImageObject","url":483431},"datePublished":"2014-02-04T20:38:23+01:00","dateModified":"2014-02-04T20:38:23+01:00","inLanguage":"es-ES","mainEntityOfPage":{"@id":"https:\/\/www.eldigitaldeasturias.com\/noticias\/el-estado-mayor-pide-un-presupuesto-estable-y-consecuente-para-la-defensa-de-espana\/#webpage"},"isPartOf":{"@id":"https:\/\/www.eldigitaldeasturias.com\/noticias\/el-estado-mayor-pide-un-presupuesto-estable-y-consecuente-para-la-defensa-de-espana\/#webpage"},"articleSection":"Actualidad"},{"@type":"BreadcrumbList","@id":"https:\/\/www.eldigitaldeasturias.com\/noticias\/el-estado-mayor-pide-un-presupuesto-estable-y-consecuente-para-la-defensa-de-espana\/#breadcrumblist","itemListElement":[{"@type":"ListItem","@id":"https:\/\/www.eldigitaldeasturias.com\/noticias#listItem","position":1,"name":"Home","item":"https:\/\/www.eldigitaldeasturias.com\/noticias","nextItem":{"@type":"ListItem","@id":"https:\/\/www.eldigitaldeasturias.com\/noticias\/category\/actualidad\/#listItem","name":"Actualidad"}},{"@type":"ListItem","@id":"https:\/\/www.eldigitaldeasturias.com\/noticias\/category\/actualidad\/#listItem","position":2,"name":"Actualidad","item":"https:\/\/www.eldigitaldeasturias.com\/noticias\/category\/actualidad\/","nextItem":{"@type":"ListItem","@id":"https:\/\/www.eldigitaldeasturias.com\/noticias\/el-estado-mayor-pide-un-presupuesto-estable-y-consecuente-para-la-defensa-de-espana\/#listItem","name":"El Estado Mayor pide un presupuesto estable y consecuente para la defensa de Espa\u00f1a"},"previousItem":{"@type":"ListItem","@id":"https:\/\/www.eldigitaldeasturias.com\/noticias#listItem","name":"Home"}},{"@type":"ListItem","@id":"https:\/\/www.eldigitaldeasturias.com\/noticias\/el-estado-mayor-pide-un-presupuesto-estable-y-consecuente-para-la-defensa-de-espana\/#listItem","position":3,"name":"El Estado Mayor pide un presupuesto estable y consecuente para la defensa de Espa\u00f1a","previousItem":{"@type":"ListItem","@id":"https:\/\/www.eldigitaldeasturias.com\/noticias\/category\/actualidad\/#listItem","name":"Actualidad"}}]},{"@type":"Organization","@id":"https:\/\/www.eldigitaldeasturias.com\/noticias\/#organization","name":"El Digital de Asturias","description":"Hemeroteca","url":"https:\/\/www.eldigitaldeasturias.com\/noticias\/","email":"info@eldigitaldeasturias.com","telephone":"+34652131393","logo":{"@type":"ImageObject","url":"https:\/\/www.eldigitaldeasturias.com\/noticias\/wp-content\/uploads\/2020\/12\/EDA.jpg","@id":"https:\/\/www.eldigitaldeasturias.com\/noticias\/el-estado-mayor-pide-un-presupuesto-estable-y-consecuente-para-la-defensa-de-espana\/#organizationLogo"},"image":{"@id":"https:\/\/www.eldigitaldeasturias.com\/noticias\/el-estado-mayor-pide-un-presupuesto-estable-y-consecuente-para-la-defensa-de-espana\/#organizationLogo"},"sameAs":["https:\/\/facebook.com\/eldigitaldeasturias","https:\/\/www.youtube.com\/channel\/UCZP-2wLEB9Rv6erhFmqVnvg"],"address":{"@id":"https:\/\/www.eldigitaldeasturias.com\/noticias\/#postaladdress","@type":"PostalAddress","streetAddress":"san antonio 4","postalCode":"33430","addressLocality":"Cand\u00e1s","addressRegion":"Asturias","addressCountry":"ES"}},{"@type":"Person","@id":"https:\/\/www.eldigitaldeasturias.com\/noticias\/author\/admin\/#author","url":"https:\/\/www.eldigitaldeasturias.com\/noticias\/author\/admin\/","name":"El Digital de Asturias","image":{"@type":"ImageObject","@id":"https:\/\/www.eldigitaldeasturias.com\/noticias\/el-estado-mayor-pide-un-presupuesto-estable-y-consecuente-para-la-defensa-de-espana\/#authorImage","url":"https:\/\/secure.gravatar.com\/avatar\/df2aeffc32bcd13f8d26072ef8a91b623d677766deac7f97ca815868cd41bf5e?s=96&d=mm&r=g","width":96,"height":96,"caption":"El Digital de Asturias"}},{"@type":"WebPage","@id":"https:\/\/www.eldigitaldeasturias.com\/noticias\/el-estado-mayor-pide-un-presupuesto-estable-y-consecuente-para-la-defensa-de-espana\/#webpage","url":"https:\/\/www.eldigitaldeasturias.com\/noticias\/el-estado-mayor-pide-un-presupuesto-estable-y-consecuente-para-la-defensa-de-espana\/","name":"El Estado Mayor pide un presupuesto estable y consecuente para la defensa de Espa\u00f1a - El Digital de Asturias","description":"Madrid, 4 feb (EFE).- El Estado Mayor de la Defensa considera que la defensa de Espa\u00f1a es \"tarea de todos\" y requiere un compromiso responsable de la sociedad y de sus representantes, y \"una asignaci\u00f3n de recursos estable y consecuente\". As\u00ed consta en el documento \"El Estado Mayor de la Defensa. Motor de la transformaci\u00f3n","inLanguage":"es-ES","isPartOf":{"@id":"https:\/\/www.eldigitaldeasturias.com\/noticias\/#website"},"breadcrumb":{"@id":"https:\/\/www.eldigitaldeasturias.com\/noticias\/el-estado-mayor-pide-un-presupuesto-estable-y-consecuente-para-la-defensa-de-espana\/#breadcrumblist"},"author":{"@id":"https:\/\/www.eldigitaldeasturias.com\/noticias\/author\/admin\/#author"},"creator":{"@id":"https:\/\/www.eldigitaldeasturias.com\/noticias\/author\/admin\/#author"},"image":{"@type":"ImageObject","url":483431,"@id":"https:\/\/www.eldigitaldeasturias.com\/noticias\/el-estado-mayor-pide-un-presupuesto-estable-y-consecuente-para-la-defensa-de-espana\/#mainImage"},"primaryImageOfPage":{"@id":"https:\/\/www.eldigitaldeasturias.com\/noticias\/el-estado-mayor-pide-un-presupuesto-estable-y-consecuente-para-la-defensa-de-espana\/#mainImage"},"datePublished":"2014-02-04T20:38:23+01:00","dateModified":"2014-02-04T20:38:23+01:00"},{"@type":"WebSite","@id":"https:\/\/www.eldigitaldeasturias.com\/noticias\/#website","url":"https:\/\/www.eldigitaldeasturias.com\/noticias\/","name":"El Digital de Asturias - Diario de actualidad y noticias","alternateName":"El Digital de Asturias - Diario de actualidad y noticias","description":"Hemeroteca","inLanguage":"es-ES","publisher":{"@id":"https:\/\/www.eldigitaldeasturias.com\/noticias\/#organization"}}]},"og:locale":"es_ES","og:site_name":"El Digital de Asturias","og:type":"article","og:title":"El Estado Mayor pide un presupuesto estable y consecuente para la defensa de Espa\u00f1a - El Digital de Asturias","og:description":"Madrid, 4 feb (EFE).- El Estado Mayor de la Defensa considera que la defensa de Espa\u00f1a es &quot;tarea de todos&quot; y requiere un compromiso responsable de la sociedad y de sus representantes, y &quot;una asignaci\u00f3n de recursos estable y consecuente&quot;. As\u00ed consta en el documento &quot;El Estado Mayor de la Defensa. Motor de la transformaci\u00f3n","og:url":"https:\/\/www.eldigitaldeasturias.com\/noticias\/el-estado-mayor-pide-un-presupuesto-estable-y-consecuente-para-la-defensa-de-espana\/","article:tag":["actualidad"],"article:published_time":"2014-02-04T21:38:23+00:00","article:modified_time":"2014-02-04T21:38:23+00:00","article:publisher":"https:\/\/facebook.com\/eldigitaldeasturias","twitter:card":"summary_large_image","twitter:title":"El Estado Mayor pide un presupuesto estable y consecuente para la defensa de Espa\u00f1a - El Digital de Asturias","twitter:description":"Madrid, 4 feb (EFE).- El Estado Mayor de la Defensa considera que la defensa de Espa\u00f1a es &quot;tarea de todos&quot; y requiere un compromiso responsable de la sociedad y de sus representantes, y &quot;una asignaci\u00f3n de recursos estable y consecuente&quot;. As\u00ed consta en el documento &quot;El Estado Mayor de la Defensa. Motor de la transformaci\u00f3n","twitter:label1":"Escrito por","twitter:data1":"El Digital de Asturias","twitter:label2":"Tiempo de lectura estimado","twitter:data2":"2 minutos"},"aioseo_meta_data":{"post_id":"483430","title":null,"description":null,"keywords":null,"keyphrases":null,"primary_term":null,"canonical_url":null,"og_title":null,"og_description":null,"og_object_type":"default","og_image_type":"default","og_image_url":null,"og_image_width":null,"og_image_height":null,"og_image_custom_url":null,"og_image_custom_fields":null,"og_video":null,"og_custom_url":null,"og_article_section":null,"og_article_tags":null,"twitter_use_og":true,"twitter_card":"default","twitter_image_type":"default","twitter_image_url":null,"twitter_image_custom_url":null,"twitter_image_custom_fields":null,"twitter_title":null,"twitter_description":null,"schema":{"blockGraphs":[],"customGraphs":[],"default":{"data":{"Article":[],"Course":[],"Dataset":[],"FAQPage":[],"Movie":[],"Person":[],"Product":[],"ProductReview":[],"Car":[],"Recipe":[],"Service":[],"SoftwareApplication":[],"WebPage":[]},"graphName":"","isEnabled":true},"graphs":[],"defaultGraph":"","defaultPostTypeGraph":""},"schema_type":null,"schema_type_options":null,"pillar_content":false,"robots_default":true,"robots_noindex":false,"robots_noarchive":false,"robots_nosnippet":false,"robots_nofollow":false,"robots_noimageindex":false,"robots_noodp":false,"robots_notranslate":false,"robots_max_snippet":null,"robots_max_videopreview":null,"robots_max_imagepreview":"none","priority":null,"frequency":null,"local_seo":null,"seo_analyzer_scan_date":"2026-06-02 12:51:50","breadcrumb_settings":null,"limit_modified_date":false,"open_ai":null,"ai":null,"created":"2020-11-14 22:54:45","updated":"2026-06-02 12:51:50","focus_keyword":null,"additional_keywords":null,"truseo_locale":null},"aioseo_breadcrumb":"<div class=\"aioseo-breadcrumbs\"><span class=\"aioseo-breadcrumb\">\n\t<a href=\"https:\/\/www.eldigitaldeasturias.com\/noticias\" title=\"Home\">Home<\/a>\n<\/span><span class=\"aioseo-breadcrumb-separator\">\u2013<\/span><span class=\"aioseo-breadcrumb\">\n\t<a href=\"https:\/\/www.eldigitaldeasturias.com\/noticias\/category\/actualidad\/\" title=\"Actualidad\">Actualidad<\/a>\n<\/span><span class=\"aioseo-breadcrumb-separator\">\u2013<\/span><span class=\"aioseo-breadcrumb\">\n\t<a href=\"https:\/\/www.eldigitaldeasturias.com\/noticias\/el-estado-mayor-pide-un-presupuesto-estable-y-consecuente-para-la-defensa-de-espana\/\" title=\"El Estado Mayor pide un presupuesto estable y consecuente para la defensa de Espa\u00f1a\">El Estado Mayor pide un presupuesto estable y consecuente para la defensa de Espa\u00f1a<\/a>\n<\/span><\/div>","aioseo_breadcrumb_json":[{"label":"Home","link":"https:\/\/www.eldigitaldeasturias.com\/noticias"},{"label":"Actualidad","link":"https:\/\/www.eldigitaldeasturias.com\/noticias\/category\/actualidad\/"},{"label":"El Estado Mayor pide un presupuesto estable y consecuente para la defensa de Espa\u00f1a","link":"https:\/\/www.eldigitaldeasturias.com\/noticias\/el-estado-mayor-pide-un-presupuesto-estable-y-consecuente-para-la-defensa-de-espana\/"}],"_links":{"self":[{"href":"https:\/\/www.eldigitaldeasturias.com\/noticias\/wp-json\/wp\/v2\/posts\/483430","targetHints":{"allow":["GET"]}}],"collection":[{"href":"https:\/\/www.eldigitaldeasturias.com\/noticias\/wp-json\/wp\/v2\/posts"}],"about":[{"href":"https:\/\/www.eldigitaldeasturias.com\/noticias\/wp-json\/wp\/v2\/types\/post"}],"author":[{"embeddable":true,"href":"https:\/\/www.eldigitaldeasturias.com\/noticias\/wp-json\/wp\/v2\/users\/1"}],"replies":[{"embeddable":true,"href":"https:\/\/www.eldigitaldeasturias.com\/noticias\/wp-json\/wp\/v2\/comments?post=483430"}],"version-history":[{"count":0,"href":"https:\/\/www.eldigitaldeasturias.com\/noticias\/wp-json\/wp\/v2\/posts\/483430\/revisions"}],"wp:attachment":[{"href":"https:\/\/www.eldigitaldeasturias.com\/noticias\/wp-json\/wp\/v2\/media?parent=483430"}],"wp:term":[{"taxonomy":"category","embeddable":true,"href":"https:\/\/www.eldigitaldeasturias.com\/noticias\/wp-json\/wp\/v2\/categories?post=483430"},{"taxonomy":"post_tag","embeddable":true,"href":"https:\/\/www.eldigitaldeasturias.com\/noticias\/wp-json\/wp\/v2\/tags?post=483430"}],"curies":[{"name":"wp","href":"https:\/\/api.w.org\/{rel}","templated":true}]}}