{"id":483424,"date":"2014-02-04T20:35:59","date_gmt":"2014-02-04T21:35:59","guid":{"rendered":"http:\/\/www.eldigitaldeasturias.com\/noticias\/?p=483424"},"modified":"2014-02-04T20:35:59","modified_gmt":"2014-02-04T21:35:59","slug":"la-plantilla-de-la-naval-ve-poco-compromiso-en-la-empresa-para-contratar-barcos","status":"publish","type":"post","link":"https:\/\/www.eldigitaldeasturias.com\/noticias\/la-plantilla-de-la-naval-ve-poco-compromiso-en-la-empresa-para-contratar-barcos\/","title":{"rendered":"La plantilla de La Naval ve poco compromiso en la empresa para contratar barcos"},"content":{"rendered":"<p><img loading=\"lazy\" decoding=\"async\" class=\"alignleft size-medium wp-image-483425\" alt=\"5907723w\" src=\"https:\/\/www.eldigitaldeasturias.com\/noticias\/wp-content\/uploads\/2014\/02\/5907723w-360x218.jpg\" width=\"360\" height=\"218\" \/>Sestao (Bizkaia), 4 feb (EFE).- El comit\u00e9 de empresa de La Naval ha afirmado hoy que la falta de \u00abuna buena gesti\u00f3n\u00bb de la direcci\u00f3n de la empresa y de \u00abcompromiso real\u00bb de los propietarios de la compa\u00f1\u00eda hacen que el astillero no tengan contratada la construcci\u00f3n de ning\u00fan barco.<\/p>\n<p>Los trabajadores de La Naval de Sestao se han concentrado en la entrada del astillero tras una pancarta con el lema \u00abLa Naval soluci\u00f3n. Carga de Trabajo ya\u00bb acompa\u00f1ados por los alcaldes de Barakaldo, Alfonso Garc\u00eda, y Portugalete, Mikel Torres, del PSE, y de Sestao, Josu Bergara, y Santurtzi, Ricardo Ituarte, del PNV.<\/p>\n<p>El presidente del comit\u00e9 de empresa, Jose Pedro Gonz\u00e1lez, ha le\u00eddo un comunicado en el que se afirma que no existe ning\u00fan motivo para que el astillero \u00abno contrate ning\u00fan barco\u00bb y que la falta de pedidos har\u00e1 que deje de haber trabajo en marzo.<\/p>\n<p>Los sindicatos destacan que otros astilleros vascos \u00abcontratan buques con la nueva modalidad de &#8216;tax lease&#8217; (sistema de financiaci\u00f3n) o realizan contratos de manera directa, mientras que La Naval de Sestao no llega a consolidar ning\u00fan contrato\u00bb.<\/p>\n<p>\u00abLa falta de una buena gesti\u00f3n por parte de la direcci\u00f3n de la empresa, as\u00ed como la falta de compromiso real por parte de los propietarios de la compa\u00f1\u00eda hacen que hoy no tengamos contratado ning\u00fan barco\u00bb, lamenta el comit\u00e9 de empresa.<\/p>\n<p>La Comisi\u00f3n Europea ech\u00f3 por tierra el anterior sistema de \u00abtax lease\u00bb el pasado julio y oblig\u00f3 a devolver a los inversores las ayudas ilegales de las que se beneficiaron.<\/p>\n<p>No obstante, a\u00fan no hay acuerdo entre el Gobierno espa\u00f1ol y la UE sobre la cantidad de dinero que se debe devolver y qui\u00e9nes tienen que hacerlo, lo que est\u00e1 dando pie a una situaci\u00f3n de incertidumbre que, seg\u00fan el gobierno vasco, est\u00e1 afectando especialmente a La Naval.<\/p>\n<p>Antes de la concentraci\u00f3n, los sindicatos se han reunido con la empresa, que les ha comunicado que se est\u00e1 \u00abmuy cerca de conseguir alg\u00fan contrato\u00bb, y que el problema que existe es que mientras no se cierre el \u00abtax lease\u00bb antiguo \u00ablos inversores no se atreven a venir aqu\u00ed\u00bb.<\/p>\n<p>\u00abEs m\u00e1s de lo mismo. Nosotros creemos que tambi\u00e9n es un problema, pero tambi\u00e9n creemos que pueden contratar y lo tienen que hacer\u00bb, ha remarcado.<\/p>\n<p>Gonz\u00e1lez ha se\u00f1alado que los trabajadores, que llevan en situaci\u00f3n de ERE desde 2010, seguir\u00e1n moviliz\u00e1ndose \u00abpor el futuro\u00bb de La Naval y ha afirmado que la \u00fanica manera de consolidar ese futuro es \u00abcon carga de trabajo\u00bb.<\/p>\n<p>El comit\u00e9 cree que no se debe permitir que una empresa hist\u00f3rica \u00abcon un potencial industrial importante, con una capacidad profesional y humana altamente reconocida a nivel europeo y mundial y la m\u00e1s importante en cuanto al volumen en la creaci\u00f3n de empleo en la Margen Izquierda siga sin contratar ning\u00fan barco\u00bb.<\/p>\n<p>Adem\u00e1s, recuerda que el pr\u00f3ximo mes de marzo se entregar\u00e1 el \u00faltimo buque y que el astillero se encuentra \u00aben una situaci\u00f3n muy grave, que puede acabar con el desmantelamiento del \u00faltimo basti\u00f3n industrial que da empleo a m\u00e1s de 1.500 personas entre empleo fijo y eventual\u00bb.<\/p>\n","protected":false},"excerpt":{"rendered":"<p>Sestao (Bizkaia), 4 feb (EFE).- El comit\u00e9 de empresa de La Naval ha afirmado hoy que la falta de \u00abuna buena gesti\u00f3n\u00bb de la direcci\u00f3n de la empresa y de \u00abcompromiso real\u00bb de los propietarios de la compa\u00f1\u00eda hacen que el astillero no tengan contratada la construcci\u00f3n de ning\u00fan barco. Los trabajadores de La Naval [&hellip;]<\/p>\n","protected":false},"author":1,"featured_media":483425,"comment_status":"closed","ping_status":"open","sticky":false,"template":"","format":"standard","meta":{"footnotes":""},"categories":[1],"tags":[],"class_list":["post-483424","post","type-post","status-publish","format-standard","has-post-thumbnail","hentry","category-actualidad"],"aioseo_notices":[],"aioseo_head":"\n\t\t<!-- All in One SEO Pro 5.0.1 - aioseo.com -->\n\t<meta name=\"description\" content=\"Sestao (Bizkaia), 4 feb (EFE).- El comit\u00e9 de empresa de La Naval ha afirmado hoy que la falta de &quot;una buena gesti\u00f3n&quot; de la direcci\u00f3n de la empresa y de &quot;compromiso real&quot; de los propietarios de la compa\u00f1\u00eda hacen que el astillero no tengan contratada la construcci\u00f3n de ning\u00fan barco. Los trabajadores de La Naval\" \/>\n\t<meta name=\"robots\" content=\"max-image-preview:large\" \/>\n\t<meta name=\"author\" content=\"El Digital de Asturias\"\/>\n\t<meta name=\"google-site-verification\" content=\"UA-38556648-1\" \/>\n\t<meta name=\"msvalidate.01\" content=\"7dfe9f3f1b24437ab69f4f2559babe99\" \/>\n\t<meta name=\"keywords\" content=\"actualidad\" \/>\n\t<link rel=\"canonical\" href=\"https:\/\/www.eldigitaldeasturias.com\/noticias\/la-plantilla-de-la-naval-ve-poco-compromiso-en-la-empresa-para-contratar-barcos\/\" \/>\n\t<meta name=\"generator\" content=\"All in One SEO Pro (AIOSEO) 5.0.1\" \/>\n\t\t<meta property=\"og:locale\" content=\"es_ES\" \/>\n\t\t<meta property=\"og:site_name\" content=\"El Digital de Asturias\" \/>\n\t\t<meta property=\"og:type\" content=\"article\" \/>\n\t\t<meta property=\"og:title\" content=\"La plantilla de La Naval ve poco compromiso en la empresa para contratar barcos - El Digital de Asturias\" \/>\n\t\t<meta property=\"og:description\" content=\"Sestao (Bizkaia), 4 feb (EFE).- El comit\u00e9 de empresa de La Naval ha afirmado hoy que la falta de &quot;una buena gesti\u00f3n&quot; de la direcci\u00f3n de la empresa y de &quot;compromiso real&quot; de los propietarios de la compa\u00f1\u00eda hacen que el astillero no tengan contratada la construcci\u00f3n de ning\u00fan barco. Los trabajadores de La Naval\" \/>\n\t\t<meta property=\"og:url\" content=\"https:\/\/www.eldigitaldeasturias.com\/noticias\/la-plantilla-de-la-naval-ve-poco-compromiso-en-la-empresa-para-contratar-barcos\/\" \/>\n\t\t<meta property=\"article:tag\" content=\"actualidad\" \/>\n\t\t<meta property=\"article:published_time\" content=\"2014-02-04T21:35:59+00:00\" \/>\n\t\t<meta property=\"article:modified_time\" content=\"2014-02-04T21:35:59+00:00\" \/>\n\t\t<meta property=\"article:publisher\" content=\"https:\/\/facebook.com\/eldigitaldeasturias\" \/>\n\t\t<meta name=\"twitter:card\" content=\"summary_large_image\" \/>\n\t\t<meta name=\"twitter:title\" content=\"La plantilla de La Naval ve poco compromiso en la empresa para contratar barcos - El Digital de Asturias\" \/>\n\t\t<meta name=\"twitter:description\" content=\"Sestao (Bizkaia), 4 feb (EFE).- El comit\u00e9 de empresa de La Naval ha afirmado hoy que la falta de &quot;una buena gesti\u00f3n&quot; de la direcci\u00f3n de la empresa y de &quot;compromiso real&quot; de los propietarios de la compa\u00f1\u00eda hacen que el astillero no tengan contratada la construcci\u00f3n de ning\u00fan barco. Los trabajadores de La Naval\" \/>\n\t\t<meta name=\"twitter:label1\" content=\"Escrito por\" \/>\n\t\t<meta name=\"twitter:data1\" content=\"El Digital de Asturias\" \/>\n\t\t<meta name=\"twitter:label2\" content=\"Tiempo de lectura estimado\" \/>\n\t\t<meta name=\"twitter:data2\" content=\"3 minutos\" \/>\n\t\t<script type=\"application\/ld+json\" class=\"aioseo-schema\">\n\t\t\t{\"@context\":\"https:\\\/\\\/schema.org\",\"@graph\":[{\"@type\":\"BlogPosting\",\"@id\":\"https:\\\/\\\/www.eldigitaldeasturias.com\\\/noticias\\\/la-plantilla-de-la-naval-ve-poco-compromiso-en-la-empresa-para-contratar-barcos\\\/#blogposting\",\"name\":\"La plantilla de La Naval ve poco compromiso en la empresa para contratar barcos - El Digital de Asturias\",\"headline\":\"La plantilla de La Naval ve poco compromiso en la empresa para contratar barcos\",\"author\":{\"@id\":\"https:\\\/\\\/www.eldigitaldeasturias.com\\\/noticias\\\/author\\\/admin\\\/#author\"},\"publisher\":{\"@id\":\"https:\\\/\\\/www.eldigitaldeasturias.com\\\/noticias\\\/#organization\"},\"image\":{\"@type\":\"ImageObject\",\"url\":483425},\"datePublished\":\"2014-02-04T20:35:59+01:00\",\"dateModified\":\"2014-02-04T20:35:59+01:00\",\"inLanguage\":\"es-ES\",\"mainEntityOfPage\":{\"@id\":\"https:\\\/\\\/www.eldigitaldeasturias.com\\\/noticias\\\/la-plantilla-de-la-naval-ve-poco-compromiso-en-la-empresa-para-contratar-barcos\\\/#webpage\"},\"isPartOf\":{\"@id\":\"https:\\\/\\\/www.eldigitaldeasturias.com\\\/noticias\\\/la-plantilla-de-la-naval-ve-poco-compromiso-en-la-empresa-para-contratar-barcos\\\/#webpage\"},\"articleSection\":\"Actualidad\"},{\"@type\":\"BreadcrumbList\",\"@id\":\"https:\\\/\\\/www.eldigitaldeasturias.com\\\/noticias\\\/la-plantilla-de-la-naval-ve-poco-compromiso-en-la-empresa-para-contratar-barcos\\\/#breadcrumblist\",\"itemListElement\":[{\"@type\":\"ListItem\",\"@id\":\"https:\\\/\\\/www.eldigitaldeasturias.com\\\/noticias#listItem\",\"position\":1,\"name\":\"Home\",\"item\":\"https:\\\/\\\/www.eldigitaldeasturias.com\\\/noticias\",\"nextItem\":{\"@type\":\"ListItem\",\"@id\":\"https:\\\/\\\/www.eldigitaldeasturias.com\\\/noticias\\\/category\\\/actualidad\\\/#listItem\",\"name\":\"Actualidad\"}},{\"@type\":\"ListItem\",\"@id\":\"https:\\\/\\\/www.eldigitaldeasturias.com\\\/noticias\\\/category\\\/actualidad\\\/#listItem\",\"position\":2,\"name\":\"Actualidad\",\"item\":\"https:\\\/\\\/www.eldigitaldeasturias.com\\\/noticias\\\/category\\\/actualidad\\\/\",\"nextItem\":{\"@type\":\"ListItem\",\"@id\":\"https:\\\/\\\/www.eldigitaldeasturias.com\\\/noticias\\\/la-plantilla-de-la-naval-ve-poco-compromiso-en-la-empresa-para-contratar-barcos\\\/#listItem\",\"name\":\"La plantilla de La Naval ve poco compromiso en la empresa para contratar barcos\"},\"previousItem\":{\"@type\":\"ListItem\",\"@id\":\"https:\\\/\\\/www.eldigitaldeasturias.com\\\/noticias#listItem\",\"name\":\"Home\"}},{\"@type\":\"ListItem\",\"@id\":\"https:\\\/\\\/www.eldigitaldeasturias.com\\\/noticias\\\/la-plantilla-de-la-naval-ve-poco-compromiso-en-la-empresa-para-contratar-barcos\\\/#listItem\",\"position\":3,\"name\":\"La plantilla de La Naval ve poco compromiso en la empresa para contratar barcos\",\"previousItem\":{\"@type\":\"ListItem\",\"@id\":\"https:\\\/\\\/www.eldigitaldeasturias.com\\\/noticias\\\/category\\\/actualidad\\\/#listItem\",\"name\":\"Actualidad\"}}]},{\"@type\":\"Organization\",\"@id\":\"https:\\\/\\\/www.eldigitaldeasturias.com\\\/noticias\\\/#organization\",\"name\":\"El Digital de Asturias\",\"description\":\"Hemeroteca\",\"url\":\"https:\\\/\\\/www.eldigitaldeasturias.com\\\/noticias\\\/\",\"email\":\"info@eldigitaldeasturias.com\",\"telephone\":\"+34652131393\",\"logo\":{\"@type\":\"ImageObject\",\"url\":\"https:\\\/\\\/www.eldigitaldeasturias.com\\\/noticias\\\/wp-content\\\/uploads\\\/2020\\\/12\\\/EDA.jpg\",\"@id\":\"https:\\\/\\\/www.eldigitaldeasturias.com\\\/noticias\\\/la-plantilla-de-la-naval-ve-poco-compromiso-en-la-empresa-para-contratar-barcos\\\/#organizationLogo\"},\"image\":{\"@id\":\"https:\\\/\\\/www.eldigitaldeasturias.com\\\/noticias\\\/la-plantilla-de-la-naval-ve-poco-compromiso-en-la-empresa-para-contratar-barcos\\\/#organizationLogo\"},\"sameAs\":[\"https:\\\/\\\/facebook.com\\\/eldigitaldeasturias\",\"https:\\\/\\\/www.youtube.com\\\/channel\\\/UCZP-2wLEB9Rv6erhFmqVnvg\"],\"address\":{\"@id\":\"https:\\\/\\\/www.eldigitaldeasturias.com\\\/noticias\\\/#postaladdress\",\"@type\":\"PostalAddress\",\"streetAddress\":\"san antonio 4\",\"postalCode\":\"33430\",\"addressLocality\":\"Cand\\u00e1s\",\"addressRegion\":\"Asturias\",\"addressCountry\":\"ES\"}},{\"@type\":\"Person\",\"@id\":\"https:\\\/\\\/www.eldigitaldeasturias.com\\\/noticias\\\/author\\\/admin\\\/#author\",\"url\":\"https:\\\/\\\/www.eldigitaldeasturias.com\\\/noticias\\\/author\\\/admin\\\/\",\"name\":\"El Digital de Asturias\",\"image\":{\"@type\":\"ImageObject\",\"@id\":\"https:\\\/\\\/www.eldigitaldeasturias.com\\\/noticias\\\/la-plantilla-de-la-naval-ve-poco-compromiso-en-la-empresa-para-contratar-barcos\\\/#authorImage\",\"url\":\"https:\\\/\\\/secure.gravatar.com\\\/avatar\\\/df2aeffc32bcd13f8d26072ef8a91b623d677766deac7f97ca815868cd41bf5e?s=96&d=mm&r=g\",\"width\":96,\"height\":96,\"caption\":\"El Digital de Asturias\"}},{\"@type\":\"WebPage\",\"@id\":\"https:\\\/\\\/www.eldigitaldeasturias.com\\\/noticias\\\/la-plantilla-de-la-naval-ve-poco-compromiso-en-la-empresa-para-contratar-barcos\\\/#webpage\",\"url\":\"https:\\\/\\\/www.eldigitaldeasturias.com\\\/noticias\\\/la-plantilla-de-la-naval-ve-poco-compromiso-en-la-empresa-para-contratar-barcos\\\/\",\"name\":\"La plantilla de La Naval ve poco compromiso en la empresa para contratar barcos - El Digital de Asturias\",\"description\":\"Sestao (Bizkaia), 4 feb (EFE).- El comit\\u00e9 de empresa de La Naval ha afirmado hoy que la falta de \\\"una buena gesti\\u00f3n\\\" de la direcci\\u00f3n de la empresa y de \\\"compromiso real\\\" de los propietarios de la compa\\u00f1\\u00eda hacen que el astillero no tengan contratada la construcci\\u00f3n de ning\\u00fan barco. Los trabajadores de La Naval\",\"inLanguage\":\"es-ES\",\"isPartOf\":{\"@id\":\"https:\\\/\\\/www.eldigitaldeasturias.com\\\/noticias\\\/#website\"},\"breadcrumb\":{\"@id\":\"https:\\\/\\\/www.eldigitaldeasturias.com\\\/noticias\\\/la-plantilla-de-la-naval-ve-poco-compromiso-en-la-empresa-para-contratar-barcos\\\/#breadcrumblist\"},\"author\":{\"@id\":\"https:\\\/\\\/www.eldigitaldeasturias.com\\\/noticias\\\/author\\\/admin\\\/#author\"},\"creator\":{\"@id\":\"https:\\\/\\\/www.eldigitaldeasturias.com\\\/noticias\\\/author\\\/admin\\\/#author\"},\"image\":{\"@type\":\"ImageObject\",\"url\":483425,\"@id\":\"https:\\\/\\\/www.eldigitaldeasturias.com\\\/noticias\\\/la-plantilla-de-la-naval-ve-poco-compromiso-en-la-empresa-para-contratar-barcos\\\/#mainImage\"},\"primaryImageOfPage\":{\"@id\":\"https:\\\/\\\/www.eldigitaldeasturias.com\\\/noticias\\\/la-plantilla-de-la-naval-ve-poco-compromiso-en-la-empresa-para-contratar-barcos\\\/#mainImage\"},\"datePublished\":\"2014-02-04T20:35:59+01:00\",\"dateModified\":\"2014-02-04T20:35:59+01:00\"},{\"@type\":\"WebSite\",\"@id\":\"https:\\\/\\\/www.eldigitaldeasturias.com\\\/noticias\\\/#website\",\"url\":\"https:\\\/\\\/www.eldigitaldeasturias.com\\\/noticias\\\/\",\"name\":\"El Digital de Asturias - Diario de actualidad y noticias\",\"alternateName\":\"El Digital de Asturias - Diario de actualidad y noticias\",\"description\":\"Hemeroteca\",\"inLanguage\":\"es-ES\",\"publisher\":{\"@id\":\"https:\\\/\\\/www.eldigitaldeasturias.com\\\/noticias\\\/#organization\"}}]}\n\t\t<\/script>\n\t\t<!-- All in One SEO Pro -->\r\n\t\t<title>La plantilla de La Naval ve poco compromiso en la empresa para contratar barcos - El Digital de Asturias<\/title>\n\n","aioseo_head_json":{"title":"La plantilla de La Naval ve poco compromiso en la empresa para contratar barcos - El Digital de Asturias","description":"Sestao (Bizkaia), 4 feb (EFE).- El comit\u00e9 de empresa de La Naval ha afirmado hoy que la falta de \"una buena gesti\u00f3n\" de la direcci\u00f3n de la empresa y de \"compromiso real\" de los propietarios de la compa\u00f1\u00eda hacen que el astillero no tengan contratada la construcci\u00f3n de ning\u00fan barco. Los trabajadores de La Naval","canonical_url":"https:\/\/www.eldigitaldeasturias.com\/noticias\/la-plantilla-de-la-naval-ve-poco-compromiso-en-la-empresa-para-contratar-barcos\/","robots":"max-image-preview:large","keywords":"actualidad","webmasterTools":{"google-site-verification":"UA-38556648-1","msvalidate.01":"7dfe9f3f1b24437ab69f4f2559babe99","miscellaneous":""},"schema":{"@context":"https:\/\/schema.org","@graph":[{"@type":"BlogPosting","@id":"https:\/\/www.eldigitaldeasturias.com\/noticias\/la-plantilla-de-la-naval-ve-poco-compromiso-en-la-empresa-para-contratar-barcos\/#blogposting","name":"La plantilla de La Naval ve poco compromiso en la empresa para contratar barcos - El Digital de Asturias","headline":"La plantilla de La Naval ve poco compromiso en la empresa para contratar barcos","author":{"@id":"https:\/\/www.eldigitaldeasturias.com\/noticias\/author\/admin\/#author"},"publisher":{"@id":"https:\/\/www.eldigitaldeasturias.com\/noticias\/#organization"},"image":{"@type":"ImageObject","url":483425},"datePublished":"2014-02-04T20:35:59+01:00","dateModified":"2014-02-04T20:35:59+01:00","inLanguage":"es-ES","mainEntityOfPage":{"@id":"https:\/\/www.eldigitaldeasturias.com\/noticias\/la-plantilla-de-la-naval-ve-poco-compromiso-en-la-empresa-para-contratar-barcos\/#webpage"},"isPartOf":{"@id":"https:\/\/www.eldigitaldeasturias.com\/noticias\/la-plantilla-de-la-naval-ve-poco-compromiso-en-la-empresa-para-contratar-barcos\/#webpage"},"articleSection":"Actualidad"},{"@type":"BreadcrumbList","@id":"https:\/\/www.eldigitaldeasturias.com\/noticias\/la-plantilla-de-la-naval-ve-poco-compromiso-en-la-empresa-para-contratar-barcos\/#breadcrumblist","itemListElement":[{"@type":"ListItem","@id":"https:\/\/www.eldigitaldeasturias.com\/noticias#listItem","position":1,"name":"Home","item":"https:\/\/www.eldigitaldeasturias.com\/noticias","nextItem":{"@type":"ListItem","@id":"https:\/\/www.eldigitaldeasturias.com\/noticias\/category\/actualidad\/#listItem","name":"Actualidad"}},{"@type":"ListItem","@id":"https:\/\/www.eldigitaldeasturias.com\/noticias\/category\/actualidad\/#listItem","position":2,"name":"Actualidad","item":"https:\/\/www.eldigitaldeasturias.com\/noticias\/category\/actualidad\/","nextItem":{"@type":"ListItem","@id":"https:\/\/www.eldigitaldeasturias.com\/noticias\/la-plantilla-de-la-naval-ve-poco-compromiso-en-la-empresa-para-contratar-barcos\/#listItem","name":"La plantilla de La Naval ve poco compromiso en la empresa para contratar barcos"},"previousItem":{"@type":"ListItem","@id":"https:\/\/www.eldigitaldeasturias.com\/noticias#listItem","name":"Home"}},{"@type":"ListItem","@id":"https:\/\/www.eldigitaldeasturias.com\/noticias\/la-plantilla-de-la-naval-ve-poco-compromiso-en-la-empresa-para-contratar-barcos\/#listItem","position":3,"name":"La plantilla de La Naval ve poco compromiso en la empresa para contratar barcos","previousItem":{"@type":"ListItem","@id":"https:\/\/www.eldigitaldeasturias.com\/noticias\/category\/actualidad\/#listItem","name":"Actualidad"}}]},{"@type":"Organization","@id":"https:\/\/www.eldigitaldeasturias.com\/noticias\/#organization","name":"El Digital de Asturias","description":"Hemeroteca","url":"https:\/\/www.eldigitaldeasturias.com\/noticias\/","email":"info@eldigitaldeasturias.com","telephone":"+34652131393","logo":{"@type":"ImageObject","url":"https:\/\/www.eldigitaldeasturias.com\/noticias\/wp-content\/uploads\/2020\/12\/EDA.jpg","@id":"https:\/\/www.eldigitaldeasturias.com\/noticias\/la-plantilla-de-la-naval-ve-poco-compromiso-en-la-empresa-para-contratar-barcos\/#organizationLogo"},"image":{"@id":"https:\/\/www.eldigitaldeasturias.com\/noticias\/la-plantilla-de-la-naval-ve-poco-compromiso-en-la-empresa-para-contratar-barcos\/#organizationLogo"},"sameAs":["https:\/\/facebook.com\/eldigitaldeasturias","https:\/\/www.youtube.com\/channel\/UCZP-2wLEB9Rv6erhFmqVnvg"],"address":{"@id":"https:\/\/www.eldigitaldeasturias.com\/noticias\/#postaladdress","@type":"PostalAddress","streetAddress":"san antonio 4","postalCode":"33430","addressLocality":"Cand\u00e1s","addressRegion":"Asturias","addressCountry":"ES"}},{"@type":"Person","@id":"https:\/\/www.eldigitaldeasturias.com\/noticias\/author\/admin\/#author","url":"https:\/\/www.eldigitaldeasturias.com\/noticias\/author\/admin\/","name":"El Digital de Asturias","image":{"@type":"ImageObject","@id":"https:\/\/www.eldigitaldeasturias.com\/noticias\/la-plantilla-de-la-naval-ve-poco-compromiso-en-la-empresa-para-contratar-barcos\/#authorImage","url":"https:\/\/secure.gravatar.com\/avatar\/df2aeffc32bcd13f8d26072ef8a91b623d677766deac7f97ca815868cd41bf5e?s=96&d=mm&r=g","width":96,"height":96,"caption":"El Digital de Asturias"}},{"@type":"WebPage","@id":"https:\/\/www.eldigitaldeasturias.com\/noticias\/la-plantilla-de-la-naval-ve-poco-compromiso-en-la-empresa-para-contratar-barcos\/#webpage","url":"https:\/\/www.eldigitaldeasturias.com\/noticias\/la-plantilla-de-la-naval-ve-poco-compromiso-en-la-empresa-para-contratar-barcos\/","name":"La plantilla de La Naval ve poco compromiso en la empresa para contratar barcos - El Digital de Asturias","description":"Sestao (Bizkaia), 4 feb (EFE).- El comit\u00e9 de empresa de La Naval ha afirmado hoy que la falta de \"una buena gesti\u00f3n\" de la direcci\u00f3n de la empresa y de \"compromiso real\" de los propietarios de la compa\u00f1\u00eda hacen que el astillero no tengan contratada la construcci\u00f3n de ning\u00fan barco. Los trabajadores de La Naval","inLanguage":"es-ES","isPartOf":{"@id":"https:\/\/www.eldigitaldeasturias.com\/noticias\/#website"},"breadcrumb":{"@id":"https:\/\/www.eldigitaldeasturias.com\/noticias\/la-plantilla-de-la-naval-ve-poco-compromiso-en-la-empresa-para-contratar-barcos\/#breadcrumblist"},"author":{"@id":"https:\/\/www.eldigitaldeasturias.com\/noticias\/author\/admin\/#author"},"creator":{"@id":"https:\/\/www.eldigitaldeasturias.com\/noticias\/author\/admin\/#author"},"image":{"@type":"ImageObject","url":483425,"@id":"https:\/\/www.eldigitaldeasturias.com\/noticias\/la-plantilla-de-la-naval-ve-poco-compromiso-en-la-empresa-para-contratar-barcos\/#mainImage"},"primaryImageOfPage":{"@id":"https:\/\/www.eldigitaldeasturias.com\/noticias\/la-plantilla-de-la-naval-ve-poco-compromiso-en-la-empresa-para-contratar-barcos\/#mainImage"},"datePublished":"2014-02-04T20:35:59+01:00","dateModified":"2014-02-04T20:35:59+01:00"},{"@type":"WebSite","@id":"https:\/\/www.eldigitaldeasturias.com\/noticias\/#website","url":"https:\/\/www.eldigitaldeasturias.com\/noticias\/","name":"El Digital de Asturias - Diario de actualidad y noticias","alternateName":"El Digital de Asturias - Diario de actualidad y noticias","description":"Hemeroteca","inLanguage":"es-ES","publisher":{"@id":"https:\/\/www.eldigitaldeasturias.com\/noticias\/#organization"}}]},"og:locale":"es_ES","og:site_name":"El Digital de Asturias","og:type":"article","og:title":"La plantilla de La Naval ve poco compromiso en la empresa para contratar barcos - El Digital de Asturias","og:description":"Sestao (Bizkaia), 4 feb (EFE).- El comit\u00e9 de empresa de La Naval ha afirmado hoy que la falta de &quot;una buena gesti\u00f3n&quot; de la direcci\u00f3n de la empresa y de &quot;compromiso real&quot; de los propietarios de la compa\u00f1\u00eda hacen que el astillero no tengan contratada la construcci\u00f3n de ning\u00fan barco. Los trabajadores de La Naval","og:url":"https:\/\/www.eldigitaldeasturias.com\/noticias\/la-plantilla-de-la-naval-ve-poco-compromiso-en-la-empresa-para-contratar-barcos\/","article:tag":["actualidad"],"article:published_time":"2014-02-04T21:35:59+00:00","article:modified_time":"2014-02-04T21:35:59+00:00","article:publisher":"https:\/\/facebook.com\/eldigitaldeasturias","twitter:card":"summary_large_image","twitter:title":"La plantilla de La Naval ve poco compromiso en la empresa para contratar barcos - El Digital de Asturias","twitter:description":"Sestao (Bizkaia), 4 feb (EFE).- El comit\u00e9 de empresa de La Naval ha afirmado hoy que la falta de &quot;una buena gesti\u00f3n&quot; de la direcci\u00f3n de la empresa y de &quot;compromiso real&quot; de los propietarios de la compa\u00f1\u00eda hacen que el astillero no tengan contratada la construcci\u00f3n de ning\u00fan barco. Los trabajadores de La Naval","twitter:label1":"Escrito por","twitter:data1":"El Digital de Asturias","twitter:label2":"Tiempo de lectura estimado","twitter:data2":"3 minutos"},"aioseo_meta_data":{"post_id":"483424","title":null,"description":null,"keywords":null,"keyphrases":null,"primary_term":null,"canonical_url":null,"og_title":null,"og_description":null,"og_object_type":"default","og_image_type":"default","og_image_url":null,"og_image_width":null,"og_image_height":null,"og_image_custom_url":null,"og_image_custom_fields":null,"og_video":null,"og_custom_url":null,"og_article_section":null,"og_article_tags":null,"twitter_use_og":true,"twitter_card":"default","twitter_image_type":"default","twitter_image_url":null,"twitter_image_custom_url":null,"twitter_image_custom_fields":null,"twitter_title":null,"twitter_description":null,"schema":{"blockGraphs":[],"customGraphs":[],"default":{"data":{"Article":[],"Course":[],"Dataset":[],"FAQPage":[],"Movie":[],"Person":[],"Product":[],"ProductReview":[],"Car":[],"Recipe":[],"Service":[],"SoftwareApplication":[],"WebPage":[]},"graphName":"","isEnabled":true},"graphs":[],"defaultGraph":"","defaultPostTypeGraph":""},"schema_type":null,"schema_type_options":null,"pillar_content":false,"robots_default":true,"robots_noindex":false,"robots_noarchive":false,"robots_nosnippet":false,"robots_nofollow":false,"robots_noimageindex":false,"robots_noodp":false,"robots_notranslate":false,"robots_max_snippet":null,"robots_max_videopreview":null,"robots_max_imagepreview":"none","priority":null,"frequency":null,"local_seo":null,"seo_analyzer_scan_date":"2026-06-02 12:50:07","breadcrumb_settings":null,"limit_modified_date":false,"open_ai":null,"ai":null,"created":"2020-11-14 22:54:45","updated":"2026-06-02 12:50:07","focus_keyword":null,"additional_keywords":null,"truseo_locale":null},"aioseo_breadcrumb":"<div class=\"aioseo-breadcrumbs\"><span class=\"aioseo-breadcrumb\">\n\t<a href=\"https:\/\/www.eldigitaldeasturias.com\/noticias\" title=\"Home\">Home<\/a>\n<\/span><span class=\"aioseo-breadcrumb-separator\">\u2013<\/span><span class=\"aioseo-breadcrumb\">\n\t<a href=\"https:\/\/www.eldigitaldeasturias.com\/noticias\/category\/actualidad\/\" title=\"Actualidad\">Actualidad<\/a>\n<\/span><span class=\"aioseo-breadcrumb-separator\">\u2013<\/span><span class=\"aioseo-breadcrumb\">\n\t<a href=\"https:\/\/www.eldigitaldeasturias.com\/noticias\/la-plantilla-de-la-naval-ve-poco-compromiso-en-la-empresa-para-contratar-barcos\/\" title=\"La plantilla de La Naval ve poco compromiso en la empresa para contratar barcos\">La plantilla de La Naval ve poco compromiso en la empresa para contratar barcos<\/a>\n<\/span><\/div>","aioseo_breadcrumb_json":[{"label":"Home","link":"https:\/\/www.eldigitaldeasturias.com\/noticias"},{"label":"Actualidad","link":"https:\/\/www.eldigitaldeasturias.com\/noticias\/category\/actualidad\/"},{"label":"La plantilla de La Naval ve poco compromiso en la empresa para contratar barcos","link":"https:\/\/www.eldigitaldeasturias.com\/noticias\/la-plantilla-de-la-naval-ve-poco-compromiso-en-la-empresa-para-contratar-barcos\/"}],"_links":{"self":[{"href":"https:\/\/www.eldigitaldeasturias.com\/noticias\/wp-json\/wp\/v2\/posts\/483424","targetHints":{"allow":["GET"]}}],"collection":[{"href":"https:\/\/www.eldigitaldeasturias.com\/noticias\/wp-json\/wp\/v2\/posts"}],"about":[{"href":"https:\/\/www.eldigitaldeasturias.com\/noticias\/wp-json\/wp\/v2\/types\/post"}],"author":[{"embeddable":true,"href":"https:\/\/www.eldigitaldeasturias.com\/noticias\/wp-json\/wp\/v2\/users\/1"}],"replies":[{"embeddable":true,"href":"https:\/\/www.eldigitaldeasturias.com\/noticias\/wp-json\/wp\/v2\/comments?post=483424"}],"version-history":[{"count":0,"href":"https:\/\/www.eldigitaldeasturias.com\/noticias\/wp-json\/wp\/v2\/posts\/483424\/revisions"}],"wp:attachment":[{"href":"https:\/\/www.eldigitaldeasturias.com\/noticias\/wp-json\/wp\/v2\/media?parent=483424"}],"wp:term":[{"taxonomy":"category","embeddable":true,"href":"https:\/\/www.eldigitaldeasturias.com\/noticias\/wp-json\/wp\/v2\/categories?post=483424"},{"taxonomy":"post_tag","embeddable":true,"href":"https:\/\/www.eldigitaldeasturias.com\/noticias\/wp-json\/wp\/v2\/tags?post=483424"}],"curies":[{"name":"wp","href":"https:\/\/api.w.org\/{rel}","templated":true}]}}