{"id":483418,"date":"2014-02-04T20:33:34","date_gmt":"2014-02-04T21:33:34","guid":{"rendered":"http:\/\/www.eldigitaldeasturias.com\/noticias\/?p=483418"},"modified":"2014-02-04T20:33:34","modified_gmt":"2014-02-04T21:33:34","slug":"cayo-lara-dice-que-los-datos-del-paro-desmontan-el-mensaje-lanzado-por-el-pp-en-su-convencion","status":"publish","type":"post","link":"https:\/\/www.eldigitaldeasturias.com\/noticias\/cayo-lara-dice-que-los-datos-del-paro-desmontan-el-mensaje-lanzado-por-el-pp-en-su-convencion\/","title":{"rendered":"Cayo Lara dice que los datos del paro desmontan el mensaje lanzado por el PP en su convenci\u00f3n"},"content":{"rendered":"<p><img loading=\"lazy\" decoding=\"async\" class=\"alignleft size-medium wp-image-483419\" alt=\"5907633w\" src=\"https:\/\/www.eldigitaldeasturias.com\/noticias\/wp-content\/uploads\/2014\/02\/5907633w-360x266.jpg\" width=\"360\" height=\"266\" \/>Murcia, 4 feb (EFE).- El coordinador federal de IU, Cayo Lara, ha dicho hoy en rueda de prensa que los datos del paro dados a conocer hoy por el gobierno \u00abdesmontan el mensaje lanzado el pasado fin de semana por el Partido Popular en su convenci\u00f3n de Valladolid\u00bb, y dijo que el Gobierno es \u00abcorresponsable directo\u00bb de la destrucci\u00f3n de empleo.<\/p>\n<p>Lara afirm\u00f3 que se equivocan aquellos que dicen que IU se alegra de que se destruya empleo, ya que esta formaci\u00f3n, seg\u00fan dijo, forma parte de las gente que sufre las consecuencias del paro y, por lo tanto, les gustar\u00eda que las noticias fueran que cada mes se crease m\u00e1s empleo.<\/p>\n<p>Los datos facilitados hoy, entre los que destac\u00f3 los 184.031 cotizantes menos a la Seguridad Social y 113.000 desempleados m\u00e1s, demuestran que se sigue destruyendo empleo estable en Espa\u00f1a y que el \u00fanico que se crea es \u00abprecario, parcial o basura\u00bb.<\/p>\n<p>Lament\u00f3 asimismo que aparezca en el panorama espa\u00f1ol \u00abuna nueva figura que es la del trabajador pobre con contrato gracias a la nueva metodolog\u00eda de contratos basura\u00bb, y critic\u00f3 que la reforma laboral \u00absiga haciendo estragos\u00bb.<\/p>\n<p>Puso como ejemplo el caso de la multinacional Coca Cola que afecta a 1.300 trabajadores en Espa\u00f1a a\u00fan cuando esta empresa tiene beneficios, \u00ablo que atenta al sentido com\u00fan\u00bb, por lo que presentar\u00e1n una iniciativa parlamentaria para que se convierta en \u00abdelito social\u00bb el despido de empleados en empresas con beneficios.<\/p>\n<p>Por su parte, el coordinador regional de IU, Jos\u00e9 Antonio Pujante, ha dicho que el paro registrado en enero ofrece \u00abmalos y negativos datos\u00bb y crea una situaci\u00f3n \u00abinasumible\u00bb cuando \u00abdeber\u00eda producirse una inflexi\u00f3n\u00bb en el empleo en la que se tocase el techo de la destrucci\u00f3n de puestos de trabajo.<\/p>\n<p>Al mismo tiempo critic\u00f3 la \u00abeuforia de la convenci\u00f3n del PP\u00bb celebrada en Valladolid, que consider\u00f3 \u00abinapropiada\u00bb en los momentos que se viven.<\/p>\n","protected":false},"excerpt":{"rendered":"<p>Murcia, 4 feb (EFE).- El coordinador federal de IU, Cayo Lara, ha dicho hoy en rueda de prensa que los datos del paro dados a conocer hoy por el gobierno \u00abdesmontan el mensaje lanzado el pasado fin de semana por el Partido Popular en su convenci\u00f3n de Valladolid\u00bb, y dijo que el Gobierno es \u00abcorresponsable [&hellip;]<\/p>\n","protected":false},"author":1,"featured_media":483419,"comment_status":"closed","ping_status":"open","sticky":false,"template":"","format":"standard","meta":{"footnotes":""},"categories":[1],"tags":[],"class_list":["post-483418","post","type-post","status-publish","format-standard","has-post-thumbnail","hentry","category-actualidad"],"aioseo_notices":[],"aioseo_head":"\n\t\t<!-- All in One SEO Pro 5.0.1 - aioseo.com -->\n\t<meta name=\"description\" content=\"Murcia, 4 feb (EFE).- El coordinador federal de IU, Cayo Lara, ha dicho hoy en rueda de prensa que los datos del paro dados a conocer hoy por el gobierno &quot;desmontan el mensaje lanzado el pasado fin de semana por el Partido Popular en su convenci\u00f3n de Valladolid&quot;, y dijo que el Gobierno es &quot;corresponsable\" \/>\n\t<meta name=\"robots\" content=\"max-image-preview:large\" \/>\n\t<meta name=\"author\" content=\"El Digital de Asturias\"\/>\n\t<meta name=\"google-site-verification\" content=\"UA-38556648-1\" \/>\n\t<meta name=\"msvalidate.01\" content=\"7dfe9f3f1b24437ab69f4f2559babe99\" \/>\n\t<meta name=\"keywords\" content=\"actualidad\" \/>\n\t<link rel=\"canonical\" href=\"https:\/\/www.eldigitaldeasturias.com\/noticias\/cayo-lara-dice-que-los-datos-del-paro-desmontan-el-mensaje-lanzado-por-el-pp-en-su-convencion\/\" \/>\n\t<meta name=\"generator\" content=\"All in One SEO Pro (AIOSEO) 5.0.1\" \/>\n\t\t<meta property=\"og:locale\" content=\"es_ES\" \/>\n\t\t<meta property=\"og:site_name\" content=\"El Digital de Asturias\" \/>\n\t\t<meta property=\"og:type\" content=\"article\" \/>\n\t\t<meta property=\"og:title\" content=\"Cayo Lara dice que los datos del paro desmontan el mensaje lanzado por el PP en su convenci\u00f3n - El Digital de Asturias\" \/>\n\t\t<meta property=\"og:description\" content=\"Murcia, 4 feb (EFE).- El coordinador federal de IU, Cayo Lara, ha dicho hoy en rueda de prensa que los datos del paro dados a conocer hoy por el gobierno &quot;desmontan el mensaje lanzado el pasado fin de semana por el Partido Popular en su convenci\u00f3n de Valladolid&quot;, y dijo que el Gobierno es &quot;corresponsable\" \/>\n\t\t<meta property=\"og:url\" content=\"https:\/\/www.eldigitaldeasturias.com\/noticias\/cayo-lara-dice-que-los-datos-del-paro-desmontan-el-mensaje-lanzado-por-el-pp-en-su-convencion\/\" \/>\n\t\t<meta property=\"article:tag\" content=\"actualidad\" \/>\n\t\t<meta property=\"article:published_time\" content=\"2014-02-04T21:33:34+00:00\" \/>\n\t\t<meta property=\"article:modified_time\" content=\"2014-02-04T21:33:34+00:00\" \/>\n\t\t<meta property=\"article:publisher\" content=\"https:\/\/facebook.com\/eldigitaldeasturias\" \/>\n\t\t<meta name=\"twitter:card\" content=\"summary_large_image\" \/>\n\t\t<meta name=\"twitter:title\" content=\"Cayo Lara dice que los datos del paro desmontan el mensaje lanzado por el PP en su convenci\u00f3n - El Digital de Asturias\" \/>\n\t\t<meta name=\"twitter:description\" content=\"Murcia, 4 feb (EFE).- El coordinador federal de IU, Cayo Lara, ha dicho hoy en rueda de prensa que los datos del paro dados a conocer hoy por el gobierno &quot;desmontan el mensaje lanzado el pasado fin de semana por el Partido Popular en su convenci\u00f3n de Valladolid&quot;, y dijo que el Gobierno es &quot;corresponsable\" \/>\n\t\t<meta name=\"twitter:label1\" content=\"Escrito por\" \/>\n\t\t<meta name=\"twitter:data1\" content=\"El Digital de Asturias\" \/>\n\t\t<meta name=\"twitter:label2\" content=\"Tiempo de lectura estimado\" \/>\n\t\t<meta name=\"twitter:data2\" content=\"2 minutos\" \/>\n\t\t<script type=\"application\/ld+json\" class=\"aioseo-schema\">\n\t\t\t{\"@context\":\"https:\\\/\\\/schema.org\",\"@graph\":[{\"@type\":\"BlogPosting\",\"@id\":\"https:\\\/\\\/www.eldigitaldeasturias.com\\\/noticias\\\/cayo-lara-dice-que-los-datos-del-paro-desmontan-el-mensaje-lanzado-por-el-pp-en-su-convencion\\\/#blogposting\",\"name\":\"Cayo Lara dice que los datos del paro desmontan el mensaje lanzado por el PP en su convenci\\u00f3n - El Digital de Asturias\",\"headline\":\"Cayo Lara dice que los datos del paro desmontan el mensaje lanzado por el PP en su convenci\\u00f3n\",\"author\":{\"@id\":\"https:\\\/\\\/www.eldigitaldeasturias.com\\\/noticias\\\/author\\\/admin\\\/#author\"},\"publisher\":{\"@id\":\"https:\\\/\\\/www.eldigitaldeasturias.com\\\/noticias\\\/#organization\"},\"image\":{\"@type\":\"ImageObject\",\"url\":483419},\"datePublished\":\"2014-02-04T20:33:34+01:00\",\"dateModified\":\"2014-02-04T20:33:34+01:00\",\"inLanguage\":\"es-ES\",\"mainEntityOfPage\":{\"@id\":\"https:\\\/\\\/www.eldigitaldeasturias.com\\\/noticias\\\/cayo-lara-dice-que-los-datos-del-paro-desmontan-el-mensaje-lanzado-por-el-pp-en-su-convencion\\\/#webpage\"},\"isPartOf\":{\"@id\":\"https:\\\/\\\/www.eldigitaldeasturias.com\\\/noticias\\\/cayo-lara-dice-que-los-datos-del-paro-desmontan-el-mensaje-lanzado-por-el-pp-en-su-convencion\\\/#webpage\"},\"articleSection\":\"Actualidad\"},{\"@type\":\"BreadcrumbList\",\"@id\":\"https:\\\/\\\/www.eldigitaldeasturias.com\\\/noticias\\\/cayo-lara-dice-que-los-datos-del-paro-desmontan-el-mensaje-lanzado-por-el-pp-en-su-convencion\\\/#breadcrumblist\",\"itemListElement\":[{\"@type\":\"ListItem\",\"@id\":\"https:\\\/\\\/www.eldigitaldeasturias.com\\\/noticias#listItem\",\"position\":1,\"name\":\"Home\",\"item\":\"https:\\\/\\\/www.eldigitaldeasturias.com\\\/noticias\",\"nextItem\":{\"@type\":\"ListItem\",\"@id\":\"https:\\\/\\\/www.eldigitaldeasturias.com\\\/noticias\\\/category\\\/actualidad\\\/#listItem\",\"name\":\"Actualidad\"}},{\"@type\":\"ListItem\",\"@id\":\"https:\\\/\\\/www.eldigitaldeasturias.com\\\/noticias\\\/category\\\/actualidad\\\/#listItem\",\"position\":2,\"name\":\"Actualidad\",\"item\":\"https:\\\/\\\/www.eldigitaldeasturias.com\\\/noticias\\\/category\\\/actualidad\\\/\",\"nextItem\":{\"@type\":\"ListItem\",\"@id\":\"https:\\\/\\\/www.eldigitaldeasturias.com\\\/noticias\\\/cayo-lara-dice-que-los-datos-del-paro-desmontan-el-mensaje-lanzado-por-el-pp-en-su-convencion\\\/#listItem\",\"name\":\"Cayo Lara dice que los datos del paro desmontan el mensaje lanzado por el PP en su convenci\\u00f3n\"},\"previousItem\":{\"@type\":\"ListItem\",\"@id\":\"https:\\\/\\\/www.eldigitaldeasturias.com\\\/noticias#listItem\",\"name\":\"Home\"}},{\"@type\":\"ListItem\",\"@id\":\"https:\\\/\\\/www.eldigitaldeasturias.com\\\/noticias\\\/cayo-lara-dice-que-los-datos-del-paro-desmontan-el-mensaje-lanzado-por-el-pp-en-su-convencion\\\/#listItem\",\"position\":3,\"name\":\"Cayo Lara dice que los datos del paro desmontan el mensaje lanzado por el PP en su convenci\\u00f3n\",\"previousItem\":{\"@type\":\"ListItem\",\"@id\":\"https:\\\/\\\/www.eldigitaldeasturias.com\\\/noticias\\\/category\\\/actualidad\\\/#listItem\",\"name\":\"Actualidad\"}}]},{\"@type\":\"Organization\",\"@id\":\"https:\\\/\\\/www.eldigitaldeasturias.com\\\/noticias\\\/#organization\",\"name\":\"El Digital de Asturias\",\"description\":\"Hemeroteca\",\"url\":\"https:\\\/\\\/www.eldigitaldeasturias.com\\\/noticias\\\/\",\"email\":\"info@eldigitaldeasturias.com\",\"telephone\":\"+34652131393\",\"logo\":{\"@type\":\"ImageObject\",\"url\":\"https:\\\/\\\/www.eldigitaldeasturias.com\\\/noticias\\\/wp-content\\\/uploads\\\/2020\\\/12\\\/EDA.jpg\",\"@id\":\"https:\\\/\\\/www.eldigitaldeasturias.com\\\/noticias\\\/cayo-lara-dice-que-los-datos-del-paro-desmontan-el-mensaje-lanzado-por-el-pp-en-su-convencion\\\/#organizationLogo\"},\"image\":{\"@id\":\"https:\\\/\\\/www.eldigitaldeasturias.com\\\/noticias\\\/cayo-lara-dice-que-los-datos-del-paro-desmontan-el-mensaje-lanzado-por-el-pp-en-su-convencion\\\/#organizationLogo\"},\"sameAs\":[\"https:\\\/\\\/facebook.com\\\/eldigitaldeasturias\",\"https:\\\/\\\/www.youtube.com\\\/channel\\\/UCZP-2wLEB9Rv6erhFmqVnvg\"],\"address\":{\"@id\":\"https:\\\/\\\/www.eldigitaldeasturias.com\\\/noticias\\\/#postaladdress\",\"@type\":\"PostalAddress\",\"streetAddress\":\"san antonio 4\",\"postalCode\":\"33430\",\"addressLocality\":\"Cand\\u00e1s\",\"addressRegion\":\"Asturias\",\"addressCountry\":\"ES\"}},{\"@type\":\"Person\",\"@id\":\"https:\\\/\\\/www.eldigitaldeasturias.com\\\/noticias\\\/author\\\/admin\\\/#author\",\"url\":\"https:\\\/\\\/www.eldigitaldeasturias.com\\\/noticias\\\/author\\\/admin\\\/\",\"name\":\"El Digital de Asturias\",\"image\":{\"@type\":\"ImageObject\",\"@id\":\"https:\\\/\\\/www.eldigitaldeasturias.com\\\/noticias\\\/cayo-lara-dice-que-los-datos-del-paro-desmontan-el-mensaje-lanzado-por-el-pp-en-su-convencion\\\/#authorImage\",\"url\":\"https:\\\/\\\/secure.gravatar.com\\\/avatar\\\/df2aeffc32bcd13f8d26072ef8a91b623d677766deac7f97ca815868cd41bf5e?s=96&d=mm&r=g\",\"width\":96,\"height\":96,\"caption\":\"El Digital de Asturias\"}},{\"@type\":\"WebPage\",\"@id\":\"https:\\\/\\\/www.eldigitaldeasturias.com\\\/noticias\\\/cayo-lara-dice-que-los-datos-del-paro-desmontan-el-mensaje-lanzado-por-el-pp-en-su-convencion\\\/#webpage\",\"url\":\"https:\\\/\\\/www.eldigitaldeasturias.com\\\/noticias\\\/cayo-lara-dice-que-los-datos-del-paro-desmontan-el-mensaje-lanzado-por-el-pp-en-su-convencion\\\/\",\"name\":\"Cayo Lara dice que los datos del paro desmontan el mensaje lanzado por el PP en su convenci\\u00f3n - El Digital de Asturias\",\"description\":\"Murcia, 4 feb (EFE).- El coordinador federal de IU, Cayo Lara, ha dicho hoy en rueda de prensa que los datos del paro dados a conocer hoy por el gobierno \\\"desmontan el mensaje lanzado el pasado fin de semana por el Partido Popular en su convenci\\u00f3n de Valladolid\\\", y dijo que el Gobierno es \\\"corresponsable\",\"inLanguage\":\"es-ES\",\"isPartOf\":{\"@id\":\"https:\\\/\\\/www.eldigitaldeasturias.com\\\/noticias\\\/#website\"},\"breadcrumb\":{\"@id\":\"https:\\\/\\\/www.eldigitaldeasturias.com\\\/noticias\\\/cayo-lara-dice-que-los-datos-del-paro-desmontan-el-mensaje-lanzado-por-el-pp-en-su-convencion\\\/#breadcrumblist\"},\"author\":{\"@id\":\"https:\\\/\\\/www.eldigitaldeasturias.com\\\/noticias\\\/author\\\/admin\\\/#author\"},\"creator\":{\"@id\":\"https:\\\/\\\/www.eldigitaldeasturias.com\\\/noticias\\\/author\\\/admin\\\/#author\"},\"image\":{\"@type\":\"ImageObject\",\"url\":483419,\"@id\":\"https:\\\/\\\/www.eldigitaldeasturias.com\\\/noticias\\\/cayo-lara-dice-que-los-datos-del-paro-desmontan-el-mensaje-lanzado-por-el-pp-en-su-convencion\\\/#mainImage\"},\"primaryImageOfPage\":{\"@id\":\"https:\\\/\\\/www.eldigitaldeasturias.com\\\/noticias\\\/cayo-lara-dice-que-los-datos-del-paro-desmontan-el-mensaje-lanzado-por-el-pp-en-su-convencion\\\/#mainImage\"},\"datePublished\":\"2014-02-04T20:33:34+01:00\",\"dateModified\":\"2014-02-04T20:33:34+01:00\"},{\"@type\":\"WebSite\",\"@id\":\"https:\\\/\\\/www.eldigitaldeasturias.com\\\/noticias\\\/#website\",\"url\":\"https:\\\/\\\/www.eldigitaldeasturias.com\\\/noticias\\\/\",\"name\":\"El Digital de Asturias - Diario de actualidad y noticias\",\"alternateName\":\"El Digital de Asturias - Diario de actualidad y noticias\",\"description\":\"Hemeroteca\",\"inLanguage\":\"es-ES\",\"publisher\":{\"@id\":\"https:\\\/\\\/www.eldigitaldeasturias.com\\\/noticias\\\/#organization\"}}]}\n\t\t<\/script>\n\t\t<!-- All in One SEO Pro -->\r\n\t\t<title>Cayo Lara dice que los datos del paro desmontan el mensaje lanzado por el PP en su convenci\u00f3n - El Digital de Asturias<\/title>\n\n","aioseo_head_json":{"title":"Cayo Lara dice que los datos del paro desmontan el mensaje lanzado por el PP en su convenci\u00f3n - El Digital de Asturias","description":"Murcia, 4 feb (EFE).- El coordinador federal de IU, Cayo Lara, ha dicho hoy en rueda de prensa que los datos del paro dados a conocer hoy por el gobierno \"desmontan el mensaje lanzado el pasado fin de semana por el Partido Popular en su convenci\u00f3n de Valladolid\", y dijo que el Gobierno es \"corresponsable","canonical_url":"https:\/\/www.eldigitaldeasturias.com\/noticias\/cayo-lara-dice-que-los-datos-del-paro-desmontan-el-mensaje-lanzado-por-el-pp-en-su-convencion\/","robots":"max-image-preview:large","keywords":"actualidad","webmasterTools":{"google-site-verification":"UA-38556648-1","msvalidate.01":"7dfe9f3f1b24437ab69f4f2559babe99","miscellaneous":""},"schema":{"@context":"https:\/\/schema.org","@graph":[{"@type":"BlogPosting","@id":"https:\/\/www.eldigitaldeasturias.com\/noticias\/cayo-lara-dice-que-los-datos-del-paro-desmontan-el-mensaje-lanzado-por-el-pp-en-su-convencion\/#blogposting","name":"Cayo Lara dice que los datos del paro desmontan el mensaje lanzado por el PP en su convenci\u00f3n - El Digital de Asturias","headline":"Cayo Lara dice que los datos del paro desmontan el mensaje lanzado por el PP en su convenci\u00f3n","author":{"@id":"https:\/\/www.eldigitaldeasturias.com\/noticias\/author\/admin\/#author"},"publisher":{"@id":"https:\/\/www.eldigitaldeasturias.com\/noticias\/#organization"},"image":{"@type":"ImageObject","url":483419},"datePublished":"2014-02-04T20:33:34+01:00","dateModified":"2014-02-04T20:33:34+01:00","inLanguage":"es-ES","mainEntityOfPage":{"@id":"https:\/\/www.eldigitaldeasturias.com\/noticias\/cayo-lara-dice-que-los-datos-del-paro-desmontan-el-mensaje-lanzado-por-el-pp-en-su-convencion\/#webpage"},"isPartOf":{"@id":"https:\/\/www.eldigitaldeasturias.com\/noticias\/cayo-lara-dice-que-los-datos-del-paro-desmontan-el-mensaje-lanzado-por-el-pp-en-su-convencion\/#webpage"},"articleSection":"Actualidad"},{"@type":"BreadcrumbList","@id":"https:\/\/www.eldigitaldeasturias.com\/noticias\/cayo-lara-dice-que-los-datos-del-paro-desmontan-el-mensaje-lanzado-por-el-pp-en-su-convencion\/#breadcrumblist","itemListElement":[{"@type":"ListItem","@id":"https:\/\/www.eldigitaldeasturias.com\/noticias#listItem","position":1,"name":"Home","item":"https:\/\/www.eldigitaldeasturias.com\/noticias","nextItem":{"@type":"ListItem","@id":"https:\/\/www.eldigitaldeasturias.com\/noticias\/category\/actualidad\/#listItem","name":"Actualidad"}},{"@type":"ListItem","@id":"https:\/\/www.eldigitaldeasturias.com\/noticias\/category\/actualidad\/#listItem","position":2,"name":"Actualidad","item":"https:\/\/www.eldigitaldeasturias.com\/noticias\/category\/actualidad\/","nextItem":{"@type":"ListItem","@id":"https:\/\/www.eldigitaldeasturias.com\/noticias\/cayo-lara-dice-que-los-datos-del-paro-desmontan-el-mensaje-lanzado-por-el-pp-en-su-convencion\/#listItem","name":"Cayo Lara dice que los datos del paro desmontan el mensaje lanzado por el PP en su convenci\u00f3n"},"previousItem":{"@type":"ListItem","@id":"https:\/\/www.eldigitaldeasturias.com\/noticias#listItem","name":"Home"}},{"@type":"ListItem","@id":"https:\/\/www.eldigitaldeasturias.com\/noticias\/cayo-lara-dice-que-los-datos-del-paro-desmontan-el-mensaje-lanzado-por-el-pp-en-su-convencion\/#listItem","position":3,"name":"Cayo Lara dice que los datos del paro desmontan el mensaje lanzado por el PP en su convenci\u00f3n","previousItem":{"@type":"ListItem","@id":"https:\/\/www.eldigitaldeasturias.com\/noticias\/category\/actualidad\/#listItem","name":"Actualidad"}}]},{"@type":"Organization","@id":"https:\/\/www.eldigitaldeasturias.com\/noticias\/#organization","name":"El Digital de Asturias","description":"Hemeroteca","url":"https:\/\/www.eldigitaldeasturias.com\/noticias\/","email":"info@eldigitaldeasturias.com","telephone":"+34652131393","logo":{"@type":"ImageObject","url":"https:\/\/www.eldigitaldeasturias.com\/noticias\/wp-content\/uploads\/2020\/12\/EDA.jpg","@id":"https:\/\/www.eldigitaldeasturias.com\/noticias\/cayo-lara-dice-que-los-datos-del-paro-desmontan-el-mensaje-lanzado-por-el-pp-en-su-convencion\/#organizationLogo"},"image":{"@id":"https:\/\/www.eldigitaldeasturias.com\/noticias\/cayo-lara-dice-que-los-datos-del-paro-desmontan-el-mensaje-lanzado-por-el-pp-en-su-convencion\/#organizationLogo"},"sameAs":["https:\/\/facebook.com\/eldigitaldeasturias","https:\/\/www.youtube.com\/channel\/UCZP-2wLEB9Rv6erhFmqVnvg"],"address":{"@id":"https:\/\/www.eldigitaldeasturias.com\/noticias\/#postaladdress","@type":"PostalAddress","streetAddress":"san antonio 4","postalCode":"33430","addressLocality":"Cand\u00e1s","addressRegion":"Asturias","addressCountry":"ES"}},{"@type":"Person","@id":"https:\/\/www.eldigitaldeasturias.com\/noticias\/author\/admin\/#author","url":"https:\/\/www.eldigitaldeasturias.com\/noticias\/author\/admin\/","name":"El Digital de Asturias","image":{"@type":"ImageObject","@id":"https:\/\/www.eldigitaldeasturias.com\/noticias\/cayo-lara-dice-que-los-datos-del-paro-desmontan-el-mensaje-lanzado-por-el-pp-en-su-convencion\/#authorImage","url":"https:\/\/secure.gravatar.com\/avatar\/df2aeffc32bcd13f8d26072ef8a91b623d677766deac7f97ca815868cd41bf5e?s=96&d=mm&r=g","width":96,"height":96,"caption":"El Digital de Asturias"}},{"@type":"WebPage","@id":"https:\/\/www.eldigitaldeasturias.com\/noticias\/cayo-lara-dice-que-los-datos-del-paro-desmontan-el-mensaje-lanzado-por-el-pp-en-su-convencion\/#webpage","url":"https:\/\/www.eldigitaldeasturias.com\/noticias\/cayo-lara-dice-que-los-datos-del-paro-desmontan-el-mensaje-lanzado-por-el-pp-en-su-convencion\/","name":"Cayo Lara dice que los datos del paro desmontan el mensaje lanzado por el PP en su convenci\u00f3n - El Digital de Asturias","description":"Murcia, 4 feb (EFE).- El coordinador federal de IU, Cayo Lara, ha dicho hoy en rueda de prensa que los datos del paro dados a conocer hoy por el gobierno \"desmontan el mensaje lanzado el pasado fin de semana por el Partido Popular en su convenci\u00f3n de Valladolid\", y dijo que el Gobierno es \"corresponsable","inLanguage":"es-ES","isPartOf":{"@id":"https:\/\/www.eldigitaldeasturias.com\/noticias\/#website"},"breadcrumb":{"@id":"https:\/\/www.eldigitaldeasturias.com\/noticias\/cayo-lara-dice-que-los-datos-del-paro-desmontan-el-mensaje-lanzado-por-el-pp-en-su-convencion\/#breadcrumblist"},"author":{"@id":"https:\/\/www.eldigitaldeasturias.com\/noticias\/author\/admin\/#author"},"creator":{"@id":"https:\/\/www.eldigitaldeasturias.com\/noticias\/author\/admin\/#author"},"image":{"@type":"ImageObject","url":483419,"@id":"https:\/\/www.eldigitaldeasturias.com\/noticias\/cayo-lara-dice-que-los-datos-del-paro-desmontan-el-mensaje-lanzado-por-el-pp-en-su-convencion\/#mainImage"},"primaryImageOfPage":{"@id":"https:\/\/www.eldigitaldeasturias.com\/noticias\/cayo-lara-dice-que-los-datos-del-paro-desmontan-el-mensaje-lanzado-por-el-pp-en-su-convencion\/#mainImage"},"datePublished":"2014-02-04T20:33:34+01:00","dateModified":"2014-02-04T20:33:34+01:00"},{"@type":"WebSite","@id":"https:\/\/www.eldigitaldeasturias.com\/noticias\/#website","url":"https:\/\/www.eldigitaldeasturias.com\/noticias\/","name":"El Digital de Asturias - Diario de actualidad y noticias","alternateName":"El Digital de Asturias - Diario de actualidad y noticias","description":"Hemeroteca","inLanguage":"es-ES","publisher":{"@id":"https:\/\/www.eldigitaldeasturias.com\/noticias\/#organization"}}]},"og:locale":"es_ES","og:site_name":"El Digital de Asturias","og:type":"article","og:title":"Cayo Lara dice que los datos del paro desmontan el mensaje lanzado por el PP en su convenci\u00f3n - El Digital de Asturias","og:description":"Murcia, 4 feb (EFE).- El coordinador federal de IU, Cayo Lara, ha dicho hoy en rueda de prensa que los datos del paro dados a conocer hoy por el gobierno &quot;desmontan el mensaje lanzado el pasado fin de semana por el Partido Popular en su convenci\u00f3n de Valladolid&quot;, y dijo que el Gobierno es &quot;corresponsable","og:url":"https:\/\/www.eldigitaldeasturias.com\/noticias\/cayo-lara-dice-que-los-datos-del-paro-desmontan-el-mensaje-lanzado-por-el-pp-en-su-convencion\/","article:tag":["actualidad"],"article:published_time":"2014-02-04T21:33:34+00:00","article:modified_time":"2014-02-04T21:33:34+00:00","article:publisher":"https:\/\/facebook.com\/eldigitaldeasturias","twitter:card":"summary_large_image","twitter:title":"Cayo Lara dice que los datos del paro desmontan el mensaje lanzado por el PP en su convenci\u00f3n - El Digital de Asturias","twitter:description":"Murcia, 4 feb (EFE).- El coordinador federal de IU, Cayo Lara, ha dicho hoy en rueda de prensa que los datos del paro dados a conocer hoy por el gobierno &quot;desmontan el mensaje lanzado el pasado fin de semana por el Partido Popular en su convenci\u00f3n de Valladolid&quot;, y dijo que el Gobierno es &quot;corresponsable","twitter:label1":"Escrito por","twitter:data1":"El Digital de Asturias","twitter:label2":"Tiempo de lectura estimado","twitter:data2":"2 minutos"},"aioseo_meta_data":{"post_id":"483418","title":null,"description":null,"keywords":null,"keyphrases":null,"primary_term":null,"canonical_url":null,"og_title":null,"og_description":null,"og_object_type":"default","og_image_type":"default","og_image_url":null,"og_image_width":null,"og_image_height":null,"og_image_custom_url":null,"og_image_custom_fields":null,"og_video":null,"og_custom_url":null,"og_article_section":null,"og_article_tags":null,"twitter_use_og":true,"twitter_card":"default","twitter_image_type":"default","twitter_image_url":null,"twitter_image_custom_url":null,"twitter_image_custom_fields":null,"twitter_title":null,"twitter_description":null,"schema":{"blockGraphs":[],"customGraphs":[],"default":{"data":{"Article":[],"Course":[],"Dataset":[],"FAQPage":[],"Movie":[],"Person":[],"Product":[],"ProductReview":[],"Car":[],"Recipe":[],"Service":[],"SoftwareApplication":[],"WebPage":[]},"graphName":"","isEnabled":true},"graphs":[],"defaultGraph":"","defaultPostTypeGraph":""},"schema_type":null,"schema_type_options":null,"pillar_content":false,"robots_default":true,"robots_noindex":false,"robots_noarchive":false,"robots_nosnippet":false,"robots_nofollow":false,"robots_noimageindex":false,"robots_noodp":false,"robots_notranslate":false,"robots_max_snippet":null,"robots_max_videopreview":null,"robots_max_imagepreview":"none","priority":null,"frequency":null,"local_seo":null,"seo_analyzer_scan_date":"2026-06-02 12:50:05","breadcrumb_settings":null,"limit_modified_date":false,"open_ai":null,"ai":null,"created":"2020-11-14 22:54:45","updated":"2026-06-02 12:50:05","focus_keyword":null,"additional_keywords":null,"truseo_locale":null},"aioseo_breadcrumb":"<div class=\"aioseo-breadcrumbs\"><span class=\"aioseo-breadcrumb\">\n\t<a href=\"https:\/\/www.eldigitaldeasturias.com\/noticias\" title=\"Home\">Home<\/a>\n<\/span><span class=\"aioseo-breadcrumb-separator\">\u2013<\/span><span class=\"aioseo-breadcrumb\">\n\t<a href=\"https:\/\/www.eldigitaldeasturias.com\/noticias\/category\/actualidad\/\" title=\"Actualidad\">Actualidad<\/a>\n<\/span><span class=\"aioseo-breadcrumb-separator\">\u2013<\/span><span class=\"aioseo-breadcrumb\">\n\t<a href=\"https:\/\/www.eldigitaldeasturias.com\/noticias\/cayo-lara-dice-que-los-datos-del-paro-desmontan-el-mensaje-lanzado-por-el-pp-en-su-convencion\/\" title=\"Cayo Lara dice que los datos del paro desmontan el mensaje lanzado por el PP en su convenci\u00f3n\">Cayo Lara dice que los datos del paro desmontan el mensaje lanzado por el PP en su convenci\u00f3n<\/a>\n<\/span><\/div>","aioseo_breadcrumb_json":[{"label":"Home","link":"https:\/\/www.eldigitaldeasturias.com\/noticias"},{"label":"Actualidad","link":"https:\/\/www.eldigitaldeasturias.com\/noticias\/category\/actualidad\/"},{"label":"Cayo Lara dice que los datos del paro desmontan el mensaje lanzado por el PP en su convenci\u00f3n","link":"https:\/\/www.eldigitaldeasturias.com\/noticias\/cayo-lara-dice-que-los-datos-del-paro-desmontan-el-mensaje-lanzado-por-el-pp-en-su-convencion\/"}],"_links":{"self":[{"href":"https:\/\/www.eldigitaldeasturias.com\/noticias\/wp-json\/wp\/v2\/posts\/483418","targetHints":{"allow":["GET"]}}],"collection":[{"href":"https:\/\/www.eldigitaldeasturias.com\/noticias\/wp-json\/wp\/v2\/posts"}],"about":[{"href":"https:\/\/www.eldigitaldeasturias.com\/noticias\/wp-json\/wp\/v2\/types\/post"}],"author":[{"embeddable":true,"href":"https:\/\/www.eldigitaldeasturias.com\/noticias\/wp-json\/wp\/v2\/users\/1"}],"replies":[{"embeddable":true,"href":"https:\/\/www.eldigitaldeasturias.com\/noticias\/wp-json\/wp\/v2\/comments?post=483418"}],"version-history":[{"count":0,"href":"https:\/\/www.eldigitaldeasturias.com\/noticias\/wp-json\/wp\/v2\/posts\/483418\/revisions"}],"wp:attachment":[{"href":"https:\/\/www.eldigitaldeasturias.com\/noticias\/wp-json\/wp\/v2\/media?parent=483418"}],"wp:term":[{"taxonomy":"category","embeddable":true,"href":"https:\/\/www.eldigitaldeasturias.com\/noticias\/wp-json\/wp\/v2\/categories?post=483418"},{"taxonomy":"post_tag","embeddable":true,"href":"https:\/\/www.eldigitaldeasturias.com\/noticias\/wp-json\/wp\/v2\/tags?post=483418"}],"curies":[{"name":"wp","href":"https:\/\/api.w.org\/{rel}","templated":true}]}}