{"id":483403,"date":"2014-02-04T20:25:17","date_gmt":"2014-02-04T21:25:17","guid":{"rendered":"http:\/\/www.eldigitaldeasturias.com\/noticias\/?p=483403"},"modified":"2014-02-04T20:25:17","modified_gmt":"2014-02-04T21:25:17","slug":"ogier-a-apuntalar-su-liderato-en-la-nieve-de-suecia","status":"publish","type":"post","link":"https:\/\/www.eldigitaldeasturias.com\/noticias\/ogier-a-apuntalar-su-liderato-en-la-nieve-de-suecia\/","title":{"rendered":"Ogier, a apuntalar su liderato en la nieve de Suecia"},"content":{"rendered":"<p><img loading=\"lazy\" decoding=\"async\" class=\"alignleft size-medium wp-image-483404\" alt=\"5907540w\" src=\"https:\/\/www.eldigitaldeasturias.com\/noticias\/wp-content\/uploads\/2014\/02\/5907540w-360x239.jpg\" width=\"360\" height=\"239\" \/>Redacci\u00f3n deportes, 4 feb (EFE).- El franc\u00e9s Sebastien Ogier (Volkswagen Polo R WRC), campe\u00f3n mundial y l\u00edder del presente certamen tras su triunfo en Montecarlo, afronta esta semana el Rally de Suecia, segunda prueba puntuable, con el objetivo de afianzarse al frente del campeonato.<\/p>\n<p>Ogier comenz\u00f3 a mediados de enero la defensa del t\u00edtulo con una victoria en el Rally de Montecarlo. Y llega a Suecia con el objetivo de repetir el triunfo que logr\u00f3 el a\u00f1o pasado y que lo convirti\u00f3 en el segundo piloto no escandinavo de la historia en ganar esta prueba. El anterior fue, en 2004, su compatriota y nueve veces campe\u00f3n del mundo, Sebastien Loeb.<\/p>\n<p>La tradici\u00f3n convierte siempre a los pilotos n\u00f3rdicos en los favoritos, entre ellos el compa\u00f1ero de Ogier en Volkswagen, el finland\u00e9s Jari-Matti Latvala, vencedor en 2008 y 2012. Habr\u00e1 un tercer Polo R, del equipo sat\u00e9lite, para el noruego Andreas Mikkelsen.<\/p>\n<p>Citroen estar\u00e1 representada en las pistas de nieve suecas por sus dos titulares, el brit\u00e1nico Kris Meeke, tercero en Montecarlo, y el noruego Mads Ostberg, que ha estado en el podio sueco en las tres \u00faltimas ediciones. El emirat\u00ed Khalid Al-Qassimi har\u00e1 su debut esta temporada al volante de un tercer DS3 WRC.<\/p>\n<p>El finland\u00e9s Mikko Hirvonen, vencedor de esta prueba en 2011, encabeza las opciones de Ford, cuyo segundo Fiesta RS WRC ser\u00e1 para el segundo de sus pilotos titulares, el brit\u00e1nico Elfyn Evans. El polaco Robert Kubica y el checo Martin Prokop dispondr\u00e1n tambi\u00e9n de sendos Fiesta RS WRC de equipos paralelos.<\/p>\n<p>El belga Thierry Neuville, primer piloto de Hyundai, tratar\u00e1 de resarcirse de su r\u00e1pido abandono en Montecarlo con un buen resultado en Suecia. Esta vez tendr\u00e1 como compa\u00f1ero al finland\u00e9s Juho Hanninen con el segundo i20 WRC oficial, tras la presencia del espa\u00f1ol Dani Sordo en Montecarlo y que regresar\u00e1 al campeonato en Portugal.<\/p>\n<p>El Rally de Suecia es la \u00fanica prueba del Mundial que se disputa sobre nieve y hielo y es una de las m\u00e1s r\u00e1pidas del calendario.<\/p>\n<p>La carrera, cuyo centro neur\u00e1lgico est\u00e1 situado en la ciudad de Karlstad, se disputa entre el mi\u00e9rcoles y el s\u00e1bado. El primer d\u00eda se disputar\u00e1 tan s\u00f3lo una superespecial de 1,9 kil\u00f3metros en el hip\u00f3dromo de la ciudad, y el jueves arrancar\u00e1 la verdadera carrera con seis tramos cronometrados.<\/p>\n<p>El viernes est\u00e1n programadas nueve especiales m\u00e1s, y el s\u00e1bado, \u00faltimo d\u00eda del rally, se disputar\u00e1n los ocho \u00faltimos.<\/p>\n<p>Ser\u00e1n en total 1.583 kil\u00f3metros, 324 de los divididos en 24 especiales cronometradas.<\/p>\n","protected":false},"excerpt":{"rendered":"<p>Redacci\u00f3n deportes, 4 feb (EFE).- El franc\u00e9s Sebastien Ogier (Volkswagen Polo R WRC), campe\u00f3n mundial y l\u00edder del presente certamen tras su triunfo en Montecarlo, afronta esta semana el Rally de Suecia, segunda prueba puntuable, con el objetivo de afianzarse al frente del campeonato. Ogier comenz\u00f3 a mediados de enero la defensa del t\u00edtulo con [&hellip;]<\/p>\n","protected":false},"author":1,"featured_media":483404,"comment_status":"closed","ping_status":"open","sticky":false,"template":"","format":"standard","meta":{"footnotes":""},"categories":[1],"tags":[],"class_list":["post-483403","post","type-post","status-publish","format-standard","has-post-thumbnail","hentry","category-actualidad"],"aioseo_notices":[],"aioseo_head":"\n\t\t<!-- All in One SEO Pro 5.0.1 - aioseo.com -->\n\t<meta name=\"description\" content=\"Redacci\u00f3n deportes, 4 feb (EFE).- El franc\u00e9s Sebastien Ogier (Volkswagen Polo R WRC), campe\u00f3n mundial y l\u00edder del presente certamen tras su triunfo en Montecarlo, afronta esta semana el Rally de Suecia, segunda prueba puntuable, con el objetivo de afianzarse al frente del campeonato. Ogier comenz\u00f3 a mediados de enero la defensa del t\u00edtulo con\" \/>\n\t<meta name=\"robots\" content=\"max-image-preview:large\" \/>\n\t<meta name=\"author\" content=\"El Digital de Asturias\"\/>\n\t<meta name=\"google-site-verification\" content=\"UA-38556648-1\" \/>\n\t<meta name=\"msvalidate.01\" content=\"7dfe9f3f1b24437ab69f4f2559babe99\" \/>\n\t<meta name=\"keywords\" content=\"actualidad\" \/>\n\t<link rel=\"canonical\" href=\"https:\/\/www.eldigitaldeasturias.com\/noticias\/ogier-a-apuntalar-su-liderato-en-la-nieve-de-suecia\/\" \/>\n\t<meta name=\"generator\" content=\"All in One SEO Pro (AIOSEO) 5.0.1\" \/>\n\t\t<meta property=\"og:locale\" content=\"es_ES\" \/>\n\t\t<meta property=\"og:site_name\" content=\"El Digital de Asturias\" \/>\n\t\t<meta property=\"og:type\" content=\"article\" \/>\n\t\t<meta property=\"og:title\" content=\"Ogier, a apuntalar su liderato en la nieve de Suecia - El Digital de Asturias\" \/>\n\t\t<meta property=\"og:description\" content=\"Redacci\u00f3n deportes, 4 feb (EFE).- El franc\u00e9s Sebastien Ogier (Volkswagen Polo R WRC), campe\u00f3n mundial y l\u00edder del presente certamen tras su triunfo en Montecarlo, afronta esta semana el Rally de Suecia, segunda prueba puntuable, con el objetivo de afianzarse al frente del campeonato. Ogier comenz\u00f3 a mediados de enero la defensa del t\u00edtulo con\" \/>\n\t\t<meta property=\"og:url\" content=\"https:\/\/www.eldigitaldeasturias.com\/noticias\/ogier-a-apuntalar-su-liderato-en-la-nieve-de-suecia\/\" \/>\n\t\t<meta property=\"article:tag\" content=\"actualidad\" \/>\n\t\t<meta property=\"article:published_time\" content=\"2014-02-04T21:25:17+00:00\" \/>\n\t\t<meta property=\"article:modified_time\" content=\"2014-02-04T21:25:17+00:00\" \/>\n\t\t<meta property=\"article:publisher\" content=\"https:\/\/facebook.com\/eldigitaldeasturias\" \/>\n\t\t<meta name=\"twitter:card\" content=\"summary_large_image\" \/>\n\t\t<meta name=\"twitter:title\" content=\"Ogier, a apuntalar su liderato en la nieve de Suecia - El Digital de Asturias\" \/>\n\t\t<meta name=\"twitter:description\" content=\"Redacci\u00f3n deportes, 4 feb (EFE).- El franc\u00e9s Sebastien Ogier (Volkswagen Polo R WRC), campe\u00f3n mundial y l\u00edder del presente certamen tras su triunfo en Montecarlo, afronta esta semana el Rally de Suecia, segunda prueba puntuable, con el objetivo de afianzarse al frente del campeonato. Ogier comenz\u00f3 a mediados de enero la defensa del t\u00edtulo con\" \/>\n\t\t<meta name=\"twitter:label1\" content=\"Escrito por\" \/>\n\t\t<meta name=\"twitter:data1\" content=\"El Digital de Asturias\" \/>\n\t\t<meta name=\"twitter:label2\" content=\"Tiempo de lectura estimado\" \/>\n\t\t<meta name=\"twitter:data2\" content=\"2 minutos\" \/>\n\t\t<script type=\"application\/ld+json\" class=\"aioseo-schema\">\n\t\t\t{\"@context\":\"https:\\\/\\\/schema.org\",\"@graph\":[{\"@type\":\"BlogPosting\",\"@id\":\"https:\\\/\\\/www.eldigitaldeasturias.com\\\/noticias\\\/ogier-a-apuntalar-su-liderato-en-la-nieve-de-suecia\\\/#blogposting\",\"name\":\"Ogier, a apuntalar su liderato en la nieve de Suecia - El Digital de Asturias\",\"headline\":\"Ogier, a apuntalar su liderato en la nieve de Suecia\",\"author\":{\"@id\":\"https:\\\/\\\/www.eldigitaldeasturias.com\\\/noticias\\\/author\\\/admin\\\/#author\"},\"publisher\":{\"@id\":\"https:\\\/\\\/www.eldigitaldeasturias.com\\\/noticias\\\/#organization\"},\"image\":{\"@type\":\"ImageObject\",\"url\":483404},\"datePublished\":\"2014-02-04T20:25:17+01:00\",\"dateModified\":\"2014-02-04T20:25:17+01:00\",\"inLanguage\":\"es-ES\",\"mainEntityOfPage\":{\"@id\":\"https:\\\/\\\/www.eldigitaldeasturias.com\\\/noticias\\\/ogier-a-apuntalar-su-liderato-en-la-nieve-de-suecia\\\/#webpage\"},\"isPartOf\":{\"@id\":\"https:\\\/\\\/www.eldigitaldeasturias.com\\\/noticias\\\/ogier-a-apuntalar-su-liderato-en-la-nieve-de-suecia\\\/#webpage\"},\"articleSection\":\"Actualidad\"},{\"@type\":\"BreadcrumbList\",\"@id\":\"https:\\\/\\\/www.eldigitaldeasturias.com\\\/noticias\\\/ogier-a-apuntalar-su-liderato-en-la-nieve-de-suecia\\\/#breadcrumblist\",\"itemListElement\":[{\"@type\":\"ListItem\",\"@id\":\"https:\\\/\\\/www.eldigitaldeasturias.com\\\/noticias#listItem\",\"position\":1,\"name\":\"Home\",\"item\":\"https:\\\/\\\/www.eldigitaldeasturias.com\\\/noticias\",\"nextItem\":{\"@type\":\"ListItem\",\"@id\":\"https:\\\/\\\/www.eldigitaldeasturias.com\\\/noticias\\\/category\\\/actualidad\\\/#listItem\",\"name\":\"Actualidad\"}},{\"@type\":\"ListItem\",\"@id\":\"https:\\\/\\\/www.eldigitaldeasturias.com\\\/noticias\\\/category\\\/actualidad\\\/#listItem\",\"position\":2,\"name\":\"Actualidad\",\"item\":\"https:\\\/\\\/www.eldigitaldeasturias.com\\\/noticias\\\/category\\\/actualidad\\\/\",\"nextItem\":{\"@type\":\"ListItem\",\"@id\":\"https:\\\/\\\/www.eldigitaldeasturias.com\\\/noticias\\\/ogier-a-apuntalar-su-liderato-en-la-nieve-de-suecia\\\/#listItem\",\"name\":\"Ogier, a apuntalar su liderato en la nieve de Suecia\"},\"previousItem\":{\"@type\":\"ListItem\",\"@id\":\"https:\\\/\\\/www.eldigitaldeasturias.com\\\/noticias#listItem\",\"name\":\"Home\"}},{\"@type\":\"ListItem\",\"@id\":\"https:\\\/\\\/www.eldigitaldeasturias.com\\\/noticias\\\/ogier-a-apuntalar-su-liderato-en-la-nieve-de-suecia\\\/#listItem\",\"position\":3,\"name\":\"Ogier, a apuntalar su liderato en la nieve de Suecia\",\"previousItem\":{\"@type\":\"ListItem\",\"@id\":\"https:\\\/\\\/www.eldigitaldeasturias.com\\\/noticias\\\/category\\\/actualidad\\\/#listItem\",\"name\":\"Actualidad\"}}]},{\"@type\":\"Organization\",\"@id\":\"https:\\\/\\\/www.eldigitaldeasturias.com\\\/noticias\\\/#organization\",\"name\":\"El Digital de Asturias\",\"description\":\"Hemeroteca\",\"url\":\"https:\\\/\\\/www.eldigitaldeasturias.com\\\/noticias\\\/\",\"email\":\"info@eldigitaldeasturias.com\",\"telephone\":\"+34652131393\",\"logo\":{\"@type\":\"ImageObject\",\"url\":\"https:\\\/\\\/www.eldigitaldeasturias.com\\\/noticias\\\/wp-content\\\/uploads\\\/2020\\\/12\\\/EDA.jpg\",\"@id\":\"https:\\\/\\\/www.eldigitaldeasturias.com\\\/noticias\\\/ogier-a-apuntalar-su-liderato-en-la-nieve-de-suecia\\\/#organizationLogo\"},\"image\":{\"@id\":\"https:\\\/\\\/www.eldigitaldeasturias.com\\\/noticias\\\/ogier-a-apuntalar-su-liderato-en-la-nieve-de-suecia\\\/#organizationLogo\"},\"sameAs\":[\"https:\\\/\\\/facebook.com\\\/eldigitaldeasturias\",\"https:\\\/\\\/www.youtube.com\\\/channel\\\/UCZP-2wLEB9Rv6erhFmqVnvg\"],\"address\":{\"@id\":\"https:\\\/\\\/www.eldigitaldeasturias.com\\\/noticias\\\/#postaladdress\",\"@type\":\"PostalAddress\",\"streetAddress\":\"san antonio 4\",\"postalCode\":\"33430\",\"addressLocality\":\"Cand\\u00e1s\",\"addressRegion\":\"Asturias\",\"addressCountry\":\"ES\"}},{\"@type\":\"Person\",\"@id\":\"https:\\\/\\\/www.eldigitaldeasturias.com\\\/noticias\\\/author\\\/admin\\\/#author\",\"url\":\"https:\\\/\\\/www.eldigitaldeasturias.com\\\/noticias\\\/author\\\/admin\\\/\",\"name\":\"El Digital de Asturias\",\"image\":{\"@type\":\"ImageObject\",\"@id\":\"https:\\\/\\\/www.eldigitaldeasturias.com\\\/noticias\\\/ogier-a-apuntalar-su-liderato-en-la-nieve-de-suecia\\\/#authorImage\",\"url\":\"https:\\\/\\\/secure.gravatar.com\\\/avatar\\\/df2aeffc32bcd13f8d26072ef8a91b623d677766deac7f97ca815868cd41bf5e?s=96&d=mm&r=g\",\"width\":96,\"height\":96,\"caption\":\"El Digital de Asturias\"}},{\"@type\":\"WebPage\",\"@id\":\"https:\\\/\\\/www.eldigitaldeasturias.com\\\/noticias\\\/ogier-a-apuntalar-su-liderato-en-la-nieve-de-suecia\\\/#webpage\",\"url\":\"https:\\\/\\\/www.eldigitaldeasturias.com\\\/noticias\\\/ogier-a-apuntalar-su-liderato-en-la-nieve-de-suecia\\\/\",\"name\":\"Ogier, a apuntalar su liderato en la nieve de Suecia - El Digital de Asturias\",\"description\":\"Redacci\\u00f3n deportes, 4 feb (EFE).- El franc\\u00e9s Sebastien Ogier (Volkswagen Polo R WRC), campe\\u00f3n mundial y l\\u00edder del presente certamen tras su triunfo en Montecarlo, afronta esta semana el Rally de Suecia, segunda prueba puntuable, con el objetivo de afianzarse al frente del campeonato. Ogier comenz\\u00f3 a mediados de enero la defensa del t\\u00edtulo con\",\"inLanguage\":\"es-ES\",\"isPartOf\":{\"@id\":\"https:\\\/\\\/www.eldigitaldeasturias.com\\\/noticias\\\/#website\"},\"breadcrumb\":{\"@id\":\"https:\\\/\\\/www.eldigitaldeasturias.com\\\/noticias\\\/ogier-a-apuntalar-su-liderato-en-la-nieve-de-suecia\\\/#breadcrumblist\"},\"author\":{\"@id\":\"https:\\\/\\\/www.eldigitaldeasturias.com\\\/noticias\\\/author\\\/admin\\\/#author\"},\"creator\":{\"@id\":\"https:\\\/\\\/www.eldigitaldeasturias.com\\\/noticias\\\/author\\\/admin\\\/#author\"},\"image\":{\"@type\":\"ImageObject\",\"url\":483404,\"@id\":\"https:\\\/\\\/www.eldigitaldeasturias.com\\\/noticias\\\/ogier-a-apuntalar-su-liderato-en-la-nieve-de-suecia\\\/#mainImage\"},\"primaryImageOfPage\":{\"@id\":\"https:\\\/\\\/www.eldigitaldeasturias.com\\\/noticias\\\/ogier-a-apuntalar-su-liderato-en-la-nieve-de-suecia\\\/#mainImage\"},\"datePublished\":\"2014-02-04T20:25:17+01:00\",\"dateModified\":\"2014-02-04T20:25:17+01:00\"},{\"@type\":\"WebSite\",\"@id\":\"https:\\\/\\\/www.eldigitaldeasturias.com\\\/noticias\\\/#website\",\"url\":\"https:\\\/\\\/www.eldigitaldeasturias.com\\\/noticias\\\/\",\"name\":\"El Digital de Asturias - Diario de actualidad y noticias\",\"alternateName\":\"El Digital de Asturias - Diario de actualidad y noticias\",\"description\":\"Hemeroteca\",\"inLanguage\":\"es-ES\",\"publisher\":{\"@id\":\"https:\\\/\\\/www.eldigitaldeasturias.com\\\/noticias\\\/#organization\"}}]}\n\t\t<\/script>\n\t\t<!-- All in One SEO Pro -->\r\n\t\t<title>Ogier, a apuntalar su liderato en la nieve de Suecia - El Digital de Asturias<\/title>\n\n","aioseo_head_json":{"title":"Ogier, a apuntalar su liderato en la nieve de Suecia - El Digital de Asturias","description":"Redacci\u00f3n deportes, 4 feb (EFE).- El franc\u00e9s Sebastien Ogier (Volkswagen Polo R WRC), campe\u00f3n mundial y l\u00edder del presente certamen tras su triunfo en Montecarlo, afronta esta semana el Rally de Suecia, segunda prueba puntuable, con el objetivo de afianzarse al frente del campeonato. Ogier comenz\u00f3 a mediados de enero la defensa del t\u00edtulo con","canonical_url":"https:\/\/www.eldigitaldeasturias.com\/noticias\/ogier-a-apuntalar-su-liderato-en-la-nieve-de-suecia\/","robots":"max-image-preview:large","keywords":"actualidad","webmasterTools":{"google-site-verification":"UA-38556648-1","msvalidate.01":"7dfe9f3f1b24437ab69f4f2559babe99","miscellaneous":""},"schema":{"@context":"https:\/\/schema.org","@graph":[{"@type":"BlogPosting","@id":"https:\/\/www.eldigitaldeasturias.com\/noticias\/ogier-a-apuntalar-su-liderato-en-la-nieve-de-suecia\/#blogposting","name":"Ogier, a apuntalar su liderato en la nieve de Suecia - El Digital de Asturias","headline":"Ogier, a apuntalar su liderato en la nieve de Suecia","author":{"@id":"https:\/\/www.eldigitaldeasturias.com\/noticias\/author\/admin\/#author"},"publisher":{"@id":"https:\/\/www.eldigitaldeasturias.com\/noticias\/#organization"},"image":{"@type":"ImageObject","url":483404},"datePublished":"2014-02-04T20:25:17+01:00","dateModified":"2014-02-04T20:25:17+01:00","inLanguage":"es-ES","mainEntityOfPage":{"@id":"https:\/\/www.eldigitaldeasturias.com\/noticias\/ogier-a-apuntalar-su-liderato-en-la-nieve-de-suecia\/#webpage"},"isPartOf":{"@id":"https:\/\/www.eldigitaldeasturias.com\/noticias\/ogier-a-apuntalar-su-liderato-en-la-nieve-de-suecia\/#webpage"},"articleSection":"Actualidad"},{"@type":"BreadcrumbList","@id":"https:\/\/www.eldigitaldeasturias.com\/noticias\/ogier-a-apuntalar-su-liderato-en-la-nieve-de-suecia\/#breadcrumblist","itemListElement":[{"@type":"ListItem","@id":"https:\/\/www.eldigitaldeasturias.com\/noticias#listItem","position":1,"name":"Home","item":"https:\/\/www.eldigitaldeasturias.com\/noticias","nextItem":{"@type":"ListItem","@id":"https:\/\/www.eldigitaldeasturias.com\/noticias\/category\/actualidad\/#listItem","name":"Actualidad"}},{"@type":"ListItem","@id":"https:\/\/www.eldigitaldeasturias.com\/noticias\/category\/actualidad\/#listItem","position":2,"name":"Actualidad","item":"https:\/\/www.eldigitaldeasturias.com\/noticias\/category\/actualidad\/","nextItem":{"@type":"ListItem","@id":"https:\/\/www.eldigitaldeasturias.com\/noticias\/ogier-a-apuntalar-su-liderato-en-la-nieve-de-suecia\/#listItem","name":"Ogier, a apuntalar su liderato en la nieve de Suecia"},"previousItem":{"@type":"ListItem","@id":"https:\/\/www.eldigitaldeasturias.com\/noticias#listItem","name":"Home"}},{"@type":"ListItem","@id":"https:\/\/www.eldigitaldeasturias.com\/noticias\/ogier-a-apuntalar-su-liderato-en-la-nieve-de-suecia\/#listItem","position":3,"name":"Ogier, a apuntalar su liderato en la nieve de Suecia","previousItem":{"@type":"ListItem","@id":"https:\/\/www.eldigitaldeasturias.com\/noticias\/category\/actualidad\/#listItem","name":"Actualidad"}}]},{"@type":"Organization","@id":"https:\/\/www.eldigitaldeasturias.com\/noticias\/#organization","name":"El Digital de Asturias","description":"Hemeroteca","url":"https:\/\/www.eldigitaldeasturias.com\/noticias\/","email":"info@eldigitaldeasturias.com","telephone":"+34652131393","logo":{"@type":"ImageObject","url":"https:\/\/www.eldigitaldeasturias.com\/noticias\/wp-content\/uploads\/2020\/12\/EDA.jpg","@id":"https:\/\/www.eldigitaldeasturias.com\/noticias\/ogier-a-apuntalar-su-liderato-en-la-nieve-de-suecia\/#organizationLogo"},"image":{"@id":"https:\/\/www.eldigitaldeasturias.com\/noticias\/ogier-a-apuntalar-su-liderato-en-la-nieve-de-suecia\/#organizationLogo"},"sameAs":["https:\/\/facebook.com\/eldigitaldeasturias","https:\/\/www.youtube.com\/channel\/UCZP-2wLEB9Rv6erhFmqVnvg"],"address":{"@id":"https:\/\/www.eldigitaldeasturias.com\/noticias\/#postaladdress","@type":"PostalAddress","streetAddress":"san antonio 4","postalCode":"33430","addressLocality":"Cand\u00e1s","addressRegion":"Asturias","addressCountry":"ES"}},{"@type":"Person","@id":"https:\/\/www.eldigitaldeasturias.com\/noticias\/author\/admin\/#author","url":"https:\/\/www.eldigitaldeasturias.com\/noticias\/author\/admin\/","name":"El Digital de Asturias","image":{"@type":"ImageObject","@id":"https:\/\/www.eldigitaldeasturias.com\/noticias\/ogier-a-apuntalar-su-liderato-en-la-nieve-de-suecia\/#authorImage","url":"https:\/\/secure.gravatar.com\/avatar\/df2aeffc32bcd13f8d26072ef8a91b623d677766deac7f97ca815868cd41bf5e?s=96&d=mm&r=g","width":96,"height":96,"caption":"El Digital de Asturias"}},{"@type":"WebPage","@id":"https:\/\/www.eldigitaldeasturias.com\/noticias\/ogier-a-apuntalar-su-liderato-en-la-nieve-de-suecia\/#webpage","url":"https:\/\/www.eldigitaldeasturias.com\/noticias\/ogier-a-apuntalar-su-liderato-en-la-nieve-de-suecia\/","name":"Ogier, a apuntalar su liderato en la nieve de Suecia - El Digital de Asturias","description":"Redacci\u00f3n deportes, 4 feb (EFE).- El franc\u00e9s Sebastien Ogier (Volkswagen Polo R WRC), campe\u00f3n mundial y l\u00edder del presente certamen tras su triunfo en Montecarlo, afronta esta semana el Rally de Suecia, segunda prueba puntuable, con el objetivo de afianzarse al frente del campeonato. Ogier comenz\u00f3 a mediados de enero la defensa del t\u00edtulo con","inLanguage":"es-ES","isPartOf":{"@id":"https:\/\/www.eldigitaldeasturias.com\/noticias\/#website"},"breadcrumb":{"@id":"https:\/\/www.eldigitaldeasturias.com\/noticias\/ogier-a-apuntalar-su-liderato-en-la-nieve-de-suecia\/#breadcrumblist"},"author":{"@id":"https:\/\/www.eldigitaldeasturias.com\/noticias\/author\/admin\/#author"},"creator":{"@id":"https:\/\/www.eldigitaldeasturias.com\/noticias\/author\/admin\/#author"},"image":{"@type":"ImageObject","url":483404,"@id":"https:\/\/www.eldigitaldeasturias.com\/noticias\/ogier-a-apuntalar-su-liderato-en-la-nieve-de-suecia\/#mainImage"},"primaryImageOfPage":{"@id":"https:\/\/www.eldigitaldeasturias.com\/noticias\/ogier-a-apuntalar-su-liderato-en-la-nieve-de-suecia\/#mainImage"},"datePublished":"2014-02-04T20:25:17+01:00","dateModified":"2014-02-04T20:25:17+01:00"},{"@type":"WebSite","@id":"https:\/\/www.eldigitaldeasturias.com\/noticias\/#website","url":"https:\/\/www.eldigitaldeasturias.com\/noticias\/","name":"El Digital de Asturias - Diario de actualidad y noticias","alternateName":"El Digital de Asturias - Diario de actualidad y noticias","description":"Hemeroteca","inLanguage":"es-ES","publisher":{"@id":"https:\/\/www.eldigitaldeasturias.com\/noticias\/#organization"}}]},"og:locale":"es_ES","og:site_name":"El Digital de Asturias","og:type":"article","og:title":"Ogier, a apuntalar su liderato en la nieve de Suecia - El Digital de Asturias","og:description":"Redacci\u00f3n deportes, 4 feb (EFE).- El franc\u00e9s Sebastien Ogier (Volkswagen Polo R WRC), campe\u00f3n mundial y l\u00edder del presente certamen tras su triunfo en Montecarlo, afronta esta semana el Rally de Suecia, segunda prueba puntuable, con el objetivo de afianzarse al frente del campeonato. Ogier comenz\u00f3 a mediados de enero la defensa del t\u00edtulo con","og:url":"https:\/\/www.eldigitaldeasturias.com\/noticias\/ogier-a-apuntalar-su-liderato-en-la-nieve-de-suecia\/","article:tag":["actualidad"],"article:published_time":"2014-02-04T21:25:17+00:00","article:modified_time":"2014-02-04T21:25:17+00:00","article:publisher":"https:\/\/facebook.com\/eldigitaldeasturias","twitter:card":"summary_large_image","twitter:title":"Ogier, a apuntalar su liderato en la nieve de Suecia - El Digital de Asturias","twitter:description":"Redacci\u00f3n deportes, 4 feb (EFE).- El franc\u00e9s Sebastien Ogier (Volkswagen Polo R WRC), campe\u00f3n mundial y l\u00edder del presente certamen tras su triunfo en Montecarlo, afronta esta semana el Rally de Suecia, segunda prueba puntuable, con el objetivo de afianzarse al frente del campeonato. Ogier comenz\u00f3 a mediados de enero la defensa del t\u00edtulo con","twitter:label1":"Escrito por","twitter:data1":"El Digital de Asturias","twitter:label2":"Tiempo de lectura estimado","twitter:data2":"2 minutos"},"aioseo_meta_data":{"post_id":"483403","title":null,"description":null,"keywords":null,"keyphrases":null,"primary_term":null,"canonical_url":null,"og_title":null,"og_description":null,"og_object_type":"default","og_image_type":"default","og_image_url":null,"og_image_width":null,"og_image_height":null,"og_image_custom_url":null,"og_image_custom_fields":null,"og_video":null,"og_custom_url":null,"og_article_section":null,"og_article_tags":null,"twitter_use_og":true,"twitter_card":"default","twitter_image_type":"default","twitter_image_url":null,"twitter_image_custom_url":null,"twitter_image_custom_fields":null,"twitter_title":null,"twitter_description":null,"schema":{"blockGraphs":[],"customGraphs":[],"default":{"data":{"Article":[],"Course":[],"Dataset":[],"FAQPage":[],"Movie":[],"Person":[],"Product":[],"ProductReview":[],"Car":[],"Recipe":[],"Service":[],"SoftwareApplication":[],"WebPage":[]},"graphName":"","isEnabled":true},"graphs":[],"defaultGraph":"","defaultPostTypeGraph":""},"schema_type":null,"schema_type_options":null,"pillar_content":false,"robots_default":true,"robots_noindex":false,"robots_noarchive":false,"robots_nosnippet":false,"robots_nofollow":false,"robots_noimageindex":false,"robots_noodp":false,"robots_notranslate":false,"robots_max_snippet":null,"robots_max_videopreview":null,"robots_max_imagepreview":"none","priority":null,"frequency":null,"local_seo":null,"seo_analyzer_scan_date":"2026-06-02 12:46:03","breadcrumb_settings":null,"limit_modified_date":false,"open_ai":null,"ai":null,"created":"2020-11-14 22:54:45","updated":"2026-06-02 12:46:03","focus_keyword":null,"additional_keywords":null,"truseo_locale":null},"aioseo_breadcrumb":"<div class=\"aioseo-breadcrumbs\"><span class=\"aioseo-breadcrumb\">\n\t<a href=\"https:\/\/www.eldigitaldeasturias.com\/noticias\" title=\"Home\">Home<\/a>\n<\/span><span class=\"aioseo-breadcrumb-separator\">\u2013<\/span><span class=\"aioseo-breadcrumb\">\n\t<a href=\"https:\/\/www.eldigitaldeasturias.com\/noticias\/category\/actualidad\/\" title=\"Actualidad\">Actualidad<\/a>\n<\/span><span class=\"aioseo-breadcrumb-separator\">\u2013<\/span><span class=\"aioseo-breadcrumb\">\n\t<a href=\"https:\/\/www.eldigitaldeasturias.com\/noticias\/ogier-a-apuntalar-su-liderato-en-la-nieve-de-suecia\/\" title=\"Ogier, a apuntalar su liderato en la nieve de Suecia\">Ogier, a apuntalar su liderato en la nieve de Suecia<\/a>\n<\/span><\/div>","aioseo_breadcrumb_json":[{"label":"Home","link":"https:\/\/www.eldigitaldeasturias.com\/noticias"},{"label":"Actualidad","link":"https:\/\/www.eldigitaldeasturias.com\/noticias\/category\/actualidad\/"},{"label":"Ogier, a apuntalar su liderato en la nieve de Suecia","link":"https:\/\/www.eldigitaldeasturias.com\/noticias\/ogier-a-apuntalar-su-liderato-en-la-nieve-de-suecia\/"}],"_links":{"self":[{"href":"https:\/\/www.eldigitaldeasturias.com\/noticias\/wp-json\/wp\/v2\/posts\/483403","targetHints":{"allow":["GET"]}}],"collection":[{"href":"https:\/\/www.eldigitaldeasturias.com\/noticias\/wp-json\/wp\/v2\/posts"}],"about":[{"href":"https:\/\/www.eldigitaldeasturias.com\/noticias\/wp-json\/wp\/v2\/types\/post"}],"author":[{"embeddable":true,"href":"https:\/\/www.eldigitaldeasturias.com\/noticias\/wp-json\/wp\/v2\/users\/1"}],"replies":[{"embeddable":true,"href":"https:\/\/www.eldigitaldeasturias.com\/noticias\/wp-json\/wp\/v2\/comments?post=483403"}],"version-history":[{"count":0,"href":"https:\/\/www.eldigitaldeasturias.com\/noticias\/wp-json\/wp\/v2\/posts\/483403\/revisions"}],"wp:attachment":[{"href":"https:\/\/www.eldigitaldeasturias.com\/noticias\/wp-json\/wp\/v2\/media?parent=483403"}],"wp:term":[{"taxonomy":"category","embeddable":true,"href":"https:\/\/www.eldigitaldeasturias.com\/noticias\/wp-json\/wp\/v2\/categories?post=483403"},{"taxonomy":"post_tag","embeddable":true,"href":"https:\/\/www.eldigitaldeasturias.com\/noticias\/wp-json\/wp\/v2\/tags?post=483403"}],"curies":[{"name":"wp","href":"https:\/\/api.w.org\/{rel}","templated":true}]}}