{"id":483397,"date":"2014-02-04T20:23:04","date_gmt":"2014-02-04T21:23:04","guid":{"rendered":"http:\/\/www.eldigitaldeasturias.com\/noticias\/?p=483397"},"modified":"2014-02-04T20:23:04","modified_gmt":"2014-02-04T21:23:04","slug":"la-reforma-de-la-ley-del-aborto-llega-al-primer-pleno-ordinario-del-congreso","status":"publish","type":"post","link":"https:\/\/www.eldigitaldeasturias.com\/noticias\/la-reforma-de-la-ley-del-aborto-llega-al-primer-pleno-ordinario-del-congreso\/","title":{"rendered":"La reforma de la ley del aborto llega al primer pleno ordinario del Congreso"},"content":{"rendered":"<p><img loading=\"lazy\" decoding=\"async\" class=\"alignleft size-medium wp-image-483398\" alt=\"5907209w\" src=\"https:\/\/www.eldigitaldeasturias.com\/noticias\/wp-content\/uploads\/2014\/02\/5907209w-360x244.jpg\" width=\"360\" height=\"244\" \/>Madrid, 4 feb (EFE).- El primer pleno ordinario del Congreso en el nuevo periodo de sesiones debatir\u00e1 la proposici\u00f3n no de ley del PSOE en la que pide al Gobierno que retire el anteproyecto de ley de reforma de la interrupci\u00f3n voluntaria del embarazo, que los socialistas quieren que se vote de forma secreta.<\/p>\n<p>La portavoz del PSOE en el Congreso, Soraya Rodr\u00edguez, ha explicado en rueda de prensa que esta iniciativa ser\u00e1 debatida el pr\u00f3ximo martes, de acuerdo con el orden del d\u00eda previsto por la Mesa de la C\u00e1mara y la Junta de Portavoces.<\/p>\n<p>Rodr\u00edguez ha recordado que la idea de su partido es reclamar el voto secreto de los diputados, algo permitido en el caso de las proposiciones no de ley, a fin de que los diputados del PP que han manifestado su disconformidad con la reforma de la ley puedan expresarse \u00aben libertad\u00bb.<\/p>\n<p>Con esta proposici\u00f3n, el PSOE emplaza al Ejecutivo a que desista de su intenci\u00f3n de reformar la ley del aborto y a que retire el anteproyecto legislativo.<\/p>\n<p>Dado que la oposici\u00f3n no tiene la mayor\u00eda necesaria para sacar adelante esta propuesta, los socialistas quieren que el voto sea secreto para que puedan sumarse parlamentarios del PP y, as\u00ed, que prospere.<\/p>\n<p>Seg\u00fan Rodr\u00edguez, ese es el deseo \u00abmayoritario\u00bb de la sociedad espa\u00f1ola.<\/p>\n<p>Los socialistas se han volcado desde el primer momento contra la reforma anunciada por el ministro de Justicia, Alberto Ruiz-Gallard\u00f3n, por considerar que va contra los derechos y las libertades de las mujeres.<\/p>\n","protected":false},"excerpt":{"rendered":"<p>Madrid, 4 feb (EFE).- El primer pleno ordinario del Congreso en el nuevo periodo de sesiones debatir\u00e1 la proposici\u00f3n no de ley del PSOE en la que pide al Gobierno que retire el anteproyecto de ley de reforma de la interrupci\u00f3n voluntaria del embarazo, que los socialistas quieren que se vote de forma secreta. La [&hellip;]<\/p>\n","protected":false},"author":1,"featured_media":483398,"comment_status":"closed","ping_status":"open","sticky":false,"template":"","format":"standard","meta":{"footnotes":""},"categories":[1],"tags":[],"class_list":["post-483397","post","type-post","status-publish","format-standard","has-post-thumbnail","hentry","category-actualidad"],"aioseo_notices":[],"aioseo_head":"\n\t\t<!-- All in One SEO Pro 5.0.1 - aioseo.com -->\n\t<meta name=\"description\" content=\"Madrid, 4 feb (EFE).- El primer pleno ordinario del Congreso en el nuevo periodo de sesiones debatir\u00e1 la proposici\u00f3n no de ley del PSOE en la que pide al Gobierno que retire el anteproyecto de ley de reforma de la interrupci\u00f3n voluntaria del embarazo, que los socialistas quieren que se vote de forma secreta. La\" \/>\n\t<meta name=\"robots\" content=\"max-image-preview:large\" \/>\n\t<meta name=\"author\" content=\"El Digital de Asturias\"\/>\n\t<meta name=\"google-site-verification\" content=\"UA-38556648-1\" \/>\n\t<meta name=\"msvalidate.01\" content=\"7dfe9f3f1b24437ab69f4f2559babe99\" \/>\n\t<meta name=\"keywords\" content=\"actualidad\" \/>\n\t<link rel=\"canonical\" href=\"https:\/\/www.eldigitaldeasturias.com\/noticias\/la-reforma-de-la-ley-del-aborto-llega-al-primer-pleno-ordinario-del-congreso\/\" \/>\n\t<meta name=\"generator\" content=\"All in One SEO Pro (AIOSEO) 5.0.1\" \/>\n\t\t<meta property=\"og:locale\" content=\"es_ES\" \/>\n\t\t<meta property=\"og:site_name\" content=\"El Digital de Asturias\" \/>\n\t\t<meta property=\"og:type\" content=\"article\" \/>\n\t\t<meta property=\"og:title\" content=\"La reforma de la ley del aborto llega al primer pleno ordinario del Congreso - El Digital de Asturias\" \/>\n\t\t<meta property=\"og:description\" content=\"Madrid, 4 feb (EFE).- El primer pleno ordinario del Congreso en el nuevo periodo de sesiones debatir\u00e1 la proposici\u00f3n no de ley del PSOE en la que pide al Gobierno que retire el anteproyecto de ley de reforma de la interrupci\u00f3n voluntaria del embarazo, que los socialistas quieren que se vote de forma secreta. La\" \/>\n\t\t<meta property=\"og:url\" content=\"https:\/\/www.eldigitaldeasturias.com\/noticias\/la-reforma-de-la-ley-del-aborto-llega-al-primer-pleno-ordinario-del-congreso\/\" \/>\n\t\t<meta property=\"article:tag\" content=\"actualidad\" \/>\n\t\t<meta property=\"article:published_time\" content=\"2014-02-04T21:23:04+00:00\" \/>\n\t\t<meta property=\"article:modified_time\" content=\"2014-02-04T21:23:04+00:00\" \/>\n\t\t<meta property=\"article:publisher\" content=\"https:\/\/facebook.com\/eldigitaldeasturias\" \/>\n\t\t<meta name=\"twitter:card\" content=\"summary_large_image\" \/>\n\t\t<meta name=\"twitter:title\" content=\"La reforma de la ley del aborto llega al primer pleno ordinario del Congreso - El Digital de Asturias\" \/>\n\t\t<meta name=\"twitter:description\" content=\"Madrid, 4 feb (EFE).- El primer pleno ordinario del Congreso en el nuevo periodo de sesiones debatir\u00e1 la proposici\u00f3n no de ley del PSOE en la que pide al Gobierno que retire el anteproyecto de ley de reforma de la interrupci\u00f3n voluntaria del embarazo, que los socialistas quieren que se vote de forma secreta. La\" \/>\n\t\t<meta name=\"twitter:label1\" content=\"Escrito por\" \/>\n\t\t<meta name=\"twitter:data1\" content=\"El Digital de Asturias\" \/>\n\t\t<meta name=\"twitter:label2\" content=\"Tiempo de lectura estimado\" \/>\n\t\t<meta name=\"twitter:data2\" content=\"1 minuto\" \/>\n\t\t<script type=\"application\/ld+json\" class=\"aioseo-schema\">\n\t\t\t{\"@context\":\"https:\\\/\\\/schema.org\",\"@graph\":[{\"@type\":\"BlogPosting\",\"@id\":\"https:\\\/\\\/www.eldigitaldeasturias.com\\\/noticias\\\/la-reforma-de-la-ley-del-aborto-llega-al-primer-pleno-ordinario-del-congreso\\\/#blogposting\",\"name\":\"La reforma de la ley del aborto llega al primer pleno ordinario del Congreso - El Digital de Asturias\",\"headline\":\"La reforma de la ley del aborto llega al primer pleno ordinario del Congreso\",\"author\":{\"@id\":\"https:\\\/\\\/www.eldigitaldeasturias.com\\\/noticias\\\/author\\\/admin\\\/#author\"},\"publisher\":{\"@id\":\"https:\\\/\\\/www.eldigitaldeasturias.com\\\/noticias\\\/#organization\"},\"image\":{\"@type\":\"ImageObject\",\"url\":483398},\"datePublished\":\"2014-02-04T20:23:04+01:00\",\"dateModified\":\"2014-02-04T20:23:04+01:00\",\"inLanguage\":\"es-ES\",\"mainEntityOfPage\":{\"@id\":\"https:\\\/\\\/www.eldigitaldeasturias.com\\\/noticias\\\/la-reforma-de-la-ley-del-aborto-llega-al-primer-pleno-ordinario-del-congreso\\\/#webpage\"},\"isPartOf\":{\"@id\":\"https:\\\/\\\/www.eldigitaldeasturias.com\\\/noticias\\\/la-reforma-de-la-ley-del-aborto-llega-al-primer-pleno-ordinario-del-congreso\\\/#webpage\"},\"articleSection\":\"Actualidad\"},{\"@type\":\"BreadcrumbList\",\"@id\":\"https:\\\/\\\/www.eldigitaldeasturias.com\\\/noticias\\\/la-reforma-de-la-ley-del-aborto-llega-al-primer-pleno-ordinario-del-congreso\\\/#breadcrumblist\",\"itemListElement\":[{\"@type\":\"ListItem\",\"@id\":\"https:\\\/\\\/www.eldigitaldeasturias.com\\\/noticias#listItem\",\"position\":1,\"name\":\"Home\",\"item\":\"https:\\\/\\\/www.eldigitaldeasturias.com\\\/noticias\",\"nextItem\":{\"@type\":\"ListItem\",\"@id\":\"https:\\\/\\\/www.eldigitaldeasturias.com\\\/noticias\\\/category\\\/actualidad\\\/#listItem\",\"name\":\"Actualidad\"}},{\"@type\":\"ListItem\",\"@id\":\"https:\\\/\\\/www.eldigitaldeasturias.com\\\/noticias\\\/category\\\/actualidad\\\/#listItem\",\"position\":2,\"name\":\"Actualidad\",\"item\":\"https:\\\/\\\/www.eldigitaldeasturias.com\\\/noticias\\\/category\\\/actualidad\\\/\",\"nextItem\":{\"@type\":\"ListItem\",\"@id\":\"https:\\\/\\\/www.eldigitaldeasturias.com\\\/noticias\\\/la-reforma-de-la-ley-del-aborto-llega-al-primer-pleno-ordinario-del-congreso\\\/#listItem\",\"name\":\"La reforma de la ley del aborto llega al primer pleno ordinario del Congreso\"},\"previousItem\":{\"@type\":\"ListItem\",\"@id\":\"https:\\\/\\\/www.eldigitaldeasturias.com\\\/noticias#listItem\",\"name\":\"Home\"}},{\"@type\":\"ListItem\",\"@id\":\"https:\\\/\\\/www.eldigitaldeasturias.com\\\/noticias\\\/la-reforma-de-la-ley-del-aborto-llega-al-primer-pleno-ordinario-del-congreso\\\/#listItem\",\"position\":3,\"name\":\"La reforma de la ley del aborto llega al primer pleno ordinario del Congreso\",\"previousItem\":{\"@type\":\"ListItem\",\"@id\":\"https:\\\/\\\/www.eldigitaldeasturias.com\\\/noticias\\\/category\\\/actualidad\\\/#listItem\",\"name\":\"Actualidad\"}}]},{\"@type\":\"Organization\",\"@id\":\"https:\\\/\\\/www.eldigitaldeasturias.com\\\/noticias\\\/#organization\",\"name\":\"El Digital de Asturias\",\"description\":\"Hemeroteca\",\"url\":\"https:\\\/\\\/www.eldigitaldeasturias.com\\\/noticias\\\/\",\"email\":\"info@eldigitaldeasturias.com\",\"telephone\":\"+34652131393\",\"logo\":{\"@type\":\"ImageObject\",\"url\":\"https:\\\/\\\/www.eldigitaldeasturias.com\\\/noticias\\\/wp-content\\\/uploads\\\/2020\\\/12\\\/EDA.jpg\",\"@id\":\"https:\\\/\\\/www.eldigitaldeasturias.com\\\/noticias\\\/la-reforma-de-la-ley-del-aborto-llega-al-primer-pleno-ordinario-del-congreso\\\/#organizationLogo\"},\"image\":{\"@id\":\"https:\\\/\\\/www.eldigitaldeasturias.com\\\/noticias\\\/la-reforma-de-la-ley-del-aborto-llega-al-primer-pleno-ordinario-del-congreso\\\/#organizationLogo\"},\"sameAs\":[\"https:\\\/\\\/facebook.com\\\/eldigitaldeasturias\",\"https:\\\/\\\/www.youtube.com\\\/channel\\\/UCZP-2wLEB9Rv6erhFmqVnvg\"],\"address\":{\"@id\":\"https:\\\/\\\/www.eldigitaldeasturias.com\\\/noticias\\\/#postaladdress\",\"@type\":\"PostalAddress\",\"streetAddress\":\"san antonio 4\",\"postalCode\":\"33430\",\"addressLocality\":\"Cand\\u00e1s\",\"addressRegion\":\"Asturias\",\"addressCountry\":\"ES\"}},{\"@type\":\"Person\",\"@id\":\"https:\\\/\\\/www.eldigitaldeasturias.com\\\/noticias\\\/author\\\/admin\\\/#author\",\"url\":\"https:\\\/\\\/www.eldigitaldeasturias.com\\\/noticias\\\/author\\\/admin\\\/\",\"name\":\"El Digital de Asturias\",\"image\":{\"@type\":\"ImageObject\",\"@id\":\"https:\\\/\\\/www.eldigitaldeasturias.com\\\/noticias\\\/la-reforma-de-la-ley-del-aborto-llega-al-primer-pleno-ordinario-del-congreso\\\/#authorImage\",\"url\":\"https:\\\/\\\/secure.gravatar.com\\\/avatar\\\/df2aeffc32bcd13f8d26072ef8a91b623d677766deac7f97ca815868cd41bf5e?s=96&d=mm&r=g\",\"width\":96,\"height\":96,\"caption\":\"El Digital de Asturias\"}},{\"@type\":\"WebPage\",\"@id\":\"https:\\\/\\\/www.eldigitaldeasturias.com\\\/noticias\\\/la-reforma-de-la-ley-del-aborto-llega-al-primer-pleno-ordinario-del-congreso\\\/#webpage\",\"url\":\"https:\\\/\\\/www.eldigitaldeasturias.com\\\/noticias\\\/la-reforma-de-la-ley-del-aborto-llega-al-primer-pleno-ordinario-del-congreso\\\/\",\"name\":\"La reforma de la ley del aborto llega al primer pleno ordinario del Congreso - El Digital de Asturias\",\"description\":\"Madrid, 4 feb (EFE).- El primer pleno ordinario del Congreso en el nuevo periodo de sesiones debatir\\u00e1 la proposici\\u00f3n no de ley del PSOE en la que pide al Gobierno que retire el anteproyecto de ley de reforma de la interrupci\\u00f3n voluntaria del embarazo, que los socialistas quieren que se vote de forma secreta. La\",\"inLanguage\":\"es-ES\",\"isPartOf\":{\"@id\":\"https:\\\/\\\/www.eldigitaldeasturias.com\\\/noticias\\\/#website\"},\"breadcrumb\":{\"@id\":\"https:\\\/\\\/www.eldigitaldeasturias.com\\\/noticias\\\/la-reforma-de-la-ley-del-aborto-llega-al-primer-pleno-ordinario-del-congreso\\\/#breadcrumblist\"},\"author\":{\"@id\":\"https:\\\/\\\/www.eldigitaldeasturias.com\\\/noticias\\\/author\\\/admin\\\/#author\"},\"creator\":{\"@id\":\"https:\\\/\\\/www.eldigitaldeasturias.com\\\/noticias\\\/author\\\/admin\\\/#author\"},\"image\":{\"@type\":\"ImageObject\",\"url\":483398,\"@id\":\"https:\\\/\\\/www.eldigitaldeasturias.com\\\/noticias\\\/la-reforma-de-la-ley-del-aborto-llega-al-primer-pleno-ordinario-del-congreso\\\/#mainImage\"},\"primaryImageOfPage\":{\"@id\":\"https:\\\/\\\/www.eldigitaldeasturias.com\\\/noticias\\\/la-reforma-de-la-ley-del-aborto-llega-al-primer-pleno-ordinario-del-congreso\\\/#mainImage\"},\"datePublished\":\"2014-02-04T20:23:04+01:00\",\"dateModified\":\"2014-02-04T20:23:04+01:00\"},{\"@type\":\"WebSite\",\"@id\":\"https:\\\/\\\/www.eldigitaldeasturias.com\\\/noticias\\\/#website\",\"url\":\"https:\\\/\\\/www.eldigitaldeasturias.com\\\/noticias\\\/\",\"name\":\"El Digital de Asturias - Diario de actualidad y noticias\",\"alternateName\":\"El Digital de Asturias - Diario de actualidad y noticias\",\"description\":\"Hemeroteca\",\"inLanguage\":\"es-ES\",\"publisher\":{\"@id\":\"https:\\\/\\\/www.eldigitaldeasturias.com\\\/noticias\\\/#organization\"}}]}\n\t\t<\/script>\n\t\t<!-- All in One SEO Pro -->\r\n\t\t<title>La reforma de la ley del aborto llega al primer pleno ordinario del Congreso - El Digital de Asturias<\/title>\n\n","aioseo_head_json":{"title":"La reforma de la ley del aborto llega al primer pleno ordinario del Congreso - El Digital de Asturias","description":"Madrid, 4 feb (EFE).- El primer pleno ordinario del Congreso en el nuevo periodo de sesiones debatir\u00e1 la proposici\u00f3n no de ley del PSOE en la que pide al Gobierno que retire el anteproyecto de ley de reforma de la interrupci\u00f3n voluntaria del embarazo, que los socialistas quieren que se vote de forma secreta. La","canonical_url":"https:\/\/www.eldigitaldeasturias.com\/noticias\/la-reforma-de-la-ley-del-aborto-llega-al-primer-pleno-ordinario-del-congreso\/","robots":"max-image-preview:large","keywords":"actualidad","webmasterTools":{"google-site-verification":"UA-38556648-1","msvalidate.01":"7dfe9f3f1b24437ab69f4f2559babe99","miscellaneous":""},"schema":{"@context":"https:\/\/schema.org","@graph":[{"@type":"BlogPosting","@id":"https:\/\/www.eldigitaldeasturias.com\/noticias\/la-reforma-de-la-ley-del-aborto-llega-al-primer-pleno-ordinario-del-congreso\/#blogposting","name":"La reforma de la ley del aborto llega al primer pleno ordinario del Congreso - El Digital de Asturias","headline":"La reforma de la ley del aborto llega al primer pleno ordinario del Congreso","author":{"@id":"https:\/\/www.eldigitaldeasturias.com\/noticias\/author\/admin\/#author"},"publisher":{"@id":"https:\/\/www.eldigitaldeasturias.com\/noticias\/#organization"},"image":{"@type":"ImageObject","url":483398},"datePublished":"2014-02-04T20:23:04+01:00","dateModified":"2014-02-04T20:23:04+01:00","inLanguage":"es-ES","mainEntityOfPage":{"@id":"https:\/\/www.eldigitaldeasturias.com\/noticias\/la-reforma-de-la-ley-del-aborto-llega-al-primer-pleno-ordinario-del-congreso\/#webpage"},"isPartOf":{"@id":"https:\/\/www.eldigitaldeasturias.com\/noticias\/la-reforma-de-la-ley-del-aborto-llega-al-primer-pleno-ordinario-del-congreso\/#webpage"},"articleSection":"Actualidad"},{"@type":"BreadcrumbList","@id":"https:\/\/www.eldigitaldeasturias.com\/noticias\/la-reforma-de-la-ley-del-aborto-llega-al-primer-pleno-ordinario-del-congreso\/#breadcrumblist","itemListElement":[{"@type":"ListItem","@id":"https:\/\/www.eldigitaldeasturias.com\/noticias#listItem","position":1,"name":"Home","item":"https:\/\/www.eldigitaldeasturias.com\/noticias","nextItem":{"@type":"ListItem","@id":"https:\/\/www.eldigitaldeasturias.com\/noticias\/category\/actualidad\/#listItem","name":"Actualidad"}},{"@type":"ListItem","@id":"https:\/\/www.eldigitaldeasturias.com\/noticias\/category\/actualidad\/#listItem","position":2,"name":"Actualidad","item":"https:\/\/www.eldigitaldeasturias.com\/noticias\/category\/actualidad\/","nextItem":{"@type":"ListItem","@id":"https:\/\/www.eldigitaldeasturias.com\/noticias\/la-reforma-de-la-ley-del-aborto-llega-al-primer-pleno-ordinario-del-congreso\/#listItem","name":"La reforma de la ley del aborto llega al primer pleno ordinario del Congreso"},"previousItem":{"@type":"ListItem","@id":"https:\/\/www.eldigitaldeasturias.com\/noticias#listItem","name":"Home"}},{"@type":"ListItem","@id":"https:\/\/www.eldigitaldeasturias.com\/noticias\/la-reforma-de-la-ley-del-aborto-llega-al-primer-pleno-ordinario-del-congreso\/#listItem","position":3,"name":"La reforma de la ley del aborto llega al primer pleno ordinario del Congreso","previousItem":{"@type":"ListItem","@id":"https:\/\/www.eldigitaldeasturias.com\/noticias\/category\/actualidad\/#listItem","name":"Actualidad"}}]},{"@type":"Organization","@id":"https:\/\/www.eldigitaldeasturias.com\/noticias\/#organization","name":"El Digital de Asturias","description":"Hemeroteca","url":"https:\/\/www.eldigitaldeasturias.com\/noticias\/","email":"info@eldigitaldeasturias.com","telephone":"+34652131393","logo":{"@type":"ImageObject","url":"https:\/\/www.eldigitaldeasturias.com\/noticias\/wp-content\/uploads\/2020\/12\/EDA.jpg","@id":"https:\/\/www.eldigitaldeasturias.com\/noticias\/la-reforma-de-la-ley-del-aborto-llega-al-primer-pleno-ordinario-del-congreso\/#organizationLogo"},"image":{"@id":"https:\/\/www.eldigitaldeasturias.com\/noticias\/la-reforma-de-la-ley-del-aborto-llega-al-primer-pleno-ordinario-del-congreso\/#organizationLogo"},"sameAs":["https:\/\/facebook.com\/eldigitaldeasturias","https:\/\/www.youtube.com\/channel\/UCZP-2wLEB9Rv6erhFmqVnvg"],"address":{"@id":"https:\/\/www.eldigitaldeasturias.com\/noticias\/#postaladdress","@type":"PostalAddress","streetAddress":"san antonio 4","postalCode":"33430","addressLocality":"Cand\u00e1s","addressRegion":"Asturias","addressCountry":"ES"}},{"@type":"Person","@id":"https:\/\/www.eldigitaldeasturias.com\/noticias\/author\/admin\/#author","url":"https:\/\/www.eldigitaldeasturias.com\/noticias\/author\/admin\/","name":"El Digital de Asturias","image":{"@type":"ImageObject","@id":"https:\/\/www.eldigitaldeasturias.com\/noticias\/la-reforma-de-la-ley-del-aborto-llega-al-primer-pleno-ordinario-del-congreso\/#authorImage","url":"https:\/\/secure.gravatar.com\/avatar\/df2aeffc32bcd13f8d26072ef8a91b623d677766deac7f97ca815868cd41bf5e?s=96&d=mm&r=g","width":96,"height":96,"caption":"El Digital de Asturias"}},{"@type":"WebPage","@id":"https:\/\/www.eldigitaldeasturias.com\/noticias\/la-reforma-de-la-ley-del-aborto-llega-al-primer-pleno-ordinario-del-congreso\/#webpage","url":"https:\/\/www.eldigitaldeasturias.com\/noticias\/la-reforma-de-la-ley-del-aborto-llega-al-primer-pleno-ordinario-del-congreso\/","name":"La reforma de la ley del aborto llega al primer pleno ordinario del Congreso - El Digital de Asturias","description":"Madrid, 4 feb (EFE).- El primer pleno ordinario del Congreso en el nuevo periodo de sesiones debatir\u00e1 la proposici\u00f3n no de ley del PSOE en la que pide al Gobierno que retire el anteproyecto de ley de reforma de la interrupci\u00f3n voluntaria del embarazo, que los socialistas quieren que se vote de forma secreta. La","inLanguage":"es-ES","isPartOf":{"@id":"https:\/\/www.eldigitaldeasturias.com\/noticias\/#website"},"breadcrumb":{"@id":"https:\/\/www.eldigitaldeasturias.com\/noticias\/la-reforma-de-la-ley-del-aborto-llega-al-primer-pleno-ordinario-del-congreso\/#breadcrumblist"},"author":{"@id":"https:\/\/www.eldigitaldeasturias.com\/noticias\/author\/admin\/#author"},"creator":{"@id":"https:\/\/www.eldigitaldeasturias.com\/noticias\/author\/admin\/#author"},"image":{"@type":"ImageObject","url":483398,"@id":"https:\/\/www.eldigitaldeasturias.com\/noticias\/la-reforma-de-la-ley-del-aborto-llega-al-primer-pleno-ordinario-del-congreso\/#mainImage"},"primaryImageOfPage":{"@id":"https:\/\/www.eldigitaldeasturias.com\/noticias\/la-reforma-de-la-ley-del-aborto-llega-al-primer-pleno-ordinario-del-congreso\/#mainImage"},"datePublished":"2014-02-04T20:23:04+01:00","dateModified":"2014-02-04T20:23:04+01:00"},{"@type":"WebSite","@id":"https:\/\/www.eldigitaldeasturias.com\/noticias\/#website","url":"https:\/\/www.eldigitaldeasturias.com\/noticias\/","name":"El Digital de Asturias - Diario de actualidad y noticias","alternateName":"El Digital de Asturias - Diario de actualidad y noticias","description":"Hemeroteca","inLanguage":"es-ES","publisher":{"@id":"https:\/\/www.eldigitaldeasturias.com\/noticias\/#organization"}}]},"og:locale":"es_ES","og:site_name":"El Digital de Asturias","og:type":"article","og:title":"La reforma de la ley del aborto llega al primer pleno ordinario del Congreso - El Digital de Asturias","og:description":"Madrid, 4 feb (EFE).- El primer pleno ordinario del Congreso en el nuevo periodo de sesiones debatir\u00e1 la proposici\u00f3n no de ley del PSOE en la que pide al Gobierno que retire el anteproyecto de ley de reforma de la interrupci\u00f3n voluntaria del embarazo, que los socialistas quieren que se vote de forma secreta. La","og:url":"https:\/\/www.eldigitaldeasturias.com\/noticias\/la-reforma-de-la-ley-del-aborto-llega-al-primer-pleno-ordinario-del-congreso\/","article:tag":["actualidad"],"article:published_time":"2014-02-04T21:23:04+00:00","article:modified_time":"2014-02-04T21:23:04+00:00","article:publisher":"https:\/\/facebook.com\/eldigitaldeasturias","twitter:card":"summary_large_image","twitter:title":"La reforma de la ley del aborto llega al primer pleno ordinario del Congreso - El Digital de Asturias","twitter:description":"Madrid, 4 feb (EFE).- El primer pleno ordinario del Congreso en el nuevo periodo de sesiones debatir\u00e1 la proposici\u00f3n no de ley del PSOE en la que pide al Gobierno que retire el anteproyecto de ley de reforma de la interrupci\u00f3n voluntaria del embarazo, que los socialistas quieren que se vote de forma secreta. La","twitter:label1":"Escrito por","twitter:data1":"El Digital de Asturias","twitter:label2":"Tiempo de lectura estimado","twitter:data2":"1 minuto"},"aioseo_meta_data":{"post_id":"483397","title":null,"description":null,"keywords":null,"keyphrases":null,"primary_term":null,"canonical_url":null,"og_title":null,"og_description":null,"og_object_type":"default","og_image_type":"default","og_image_url":null,"og_image_width":null,"og_image_height":null,"og_image_custom_url":null,"og_image_custom_fields":null,"og_video":null,"og_custom_url":null,"og_article_section":null,"og_article_tags":null,"twitter_use_og":true,"twitter_card":"default","twitter_image_type":"default","twitter_image_url":null,"twitter_image_custom_url":null,"twitter_image_custom_fields":null,"twitter_title":null,"twitter_description":null,"schema":{"blockGraphs":[],"customGraphs":[],"default":{"data":{"Article":[],"Course":[],"Dataset":[],"FAQPage":[],"Movie":[],"Person":[],"Product":[],"ProductReview":[],"Car":[],"Recipe":[],"Service":[],"SoftwareApplication":[],"WebPage":[]},"graphName":"","isEnabled":true},"graphs":[],"defaultGraph":"","defaultPostTypeGraph":""},"schema_type":null,"schema_type_options":null,"pillar_content":false,"robots_default":true,"robots_noindex":false,"robots_noarchive":false,"robots_nosnippet":false,"robots_nofollow":false,"robots_noimageindex":false,"robots_noodp":false,"robots_notranslate":false,"robots_max_snippet":null,"robots_max_videopreview":null,"robots_max_imagepreview":"none","priority":null,"frequency":null,"local_seo":null,"seo_analyzer_scan_date":"2026-06-02 12:46:00","breadcrumb_settings":null,"limit_modified_date":false,"open_ai":null,"ai":null,"created":"2020-11-14 22:54:45","updated":"2026-06-02 12:46:00","focus_keyword":null,"additional_keywords":null,"truseo_locale":null},"aioseo_breadcrumb":"<div class=\"aioseo-breadcrumbs\"><span class=\"aioseo-breadcrumb\">\n\t<a href=\"https:\/\/www.eldigitaldeasturias.com\/noticias\" title=\"Home\">Home<\/a>\n<\/span><span class=\"aioseo-breadcrumb-separator\">\u2013<\/span><span class=\"aioseo-breadcrumb\">\n\t<a href=\"https:\/\/www.eldigitaldeasturias.com\/noticias\/category\/actualidad\/\" title=\"Actualidad\">Actualidad<\/a>\n<\/span><span class=\"aioseo-breadcrumb-separator\">\u2013<\/span><span class=\"aioseo-breadcrumb\">\n\t<a href=\"https:\/\/www.eldigitaldeasturias.com\/noticias\/la-reforma-de-la-ley-del-aborto-llega-al-primer-pleno-ordinario-del-congreso\/\" title=\"La reforma de la ley del aborto llega al primer pleno ordinario del Congreso\">La reforma de la ley del aborto llega al primer pleno ordinario del Congreso<\/a>\n<\/span><\/div>","aioseo_breadcrumb_json":[{"label":"Home","link":"https:\/\/www.eldigitaldeasturias.com\/noticias"},{"label":"Actualidad","link":"https:\/\/www.eldigitaldeasturias.com\/noticias\/category\/actualidad\/"},{"label":"La reforma de la ley del aborto llega al primer pleno ordinario del Congreso","link":"https:\/\/www.eldigitaldeasturias.com\/noticias\/la-reforma-de-la-ley-del-aborto-llega-al-primer-pleno-ordinario-del-congreso\/"}],"_links":{"self":[{"href":"https:\/\/www.eldigitaldeasturias.com\/noticias\/wp-json\/wp\/v2\/posts\/483397","targetHints":{"allow":["GET"]}}],"collection":[{"href":"https:\/\/www.eldigitaldeasturias.com\/noticias\/wp-json\/wp\/v2\/posts"}],"about":[{"href":"https:\/\/www.eldigitaldeasturias.com\/noticias\/wp-json\/wp\/v2\/types\/post"}],"author":[{"embeddable":true,"href":"https:\/\/www.eldigitaldeasturias.com\/noticias\/wp-json\/wp\/v2\/users\/1"}],"replies":[{"embeddable":true,"href":"https:\/\/www.eldigitaldeasturias.com\/noticias\/wp-json\/wp\/v2\/comments?post=483397"}],"version-history":[{"count":0,"href":"https:\/\/www.eldigitaldeasturias.com\/noticias\/wp-json\/wp\/v2\/posts\/483397\/revisions"}],"wp:attachment":[{"href":"https:\/\/www.eldigitaldeasturias.com\/noticias\/wp-json\/wp\/v2\/media?parent=483397"}],"wp:term":[{"taxonomy":"category","embeddable":true,"href":"https:\/\/www.eldigitaldeasturias.com\/noticias\/wp-json\/wp\/v2\/categories?post=483397"},{"taxonomy":"post_tag","embeddable":true,"href":"https:\/\/www.eldigitaldeasturias.com\/noticias\/wp-json\/wp\/v2\/tags?post=483397"}],"curies":[{"name":"wp","href":"https:\/\/api.w.org\/{rel}","templated":true}]}}