{"id":483370,"date":"2014-02-04T20:12:48","date_gmt":"2014-02-04T21:12:48","guid":{"rendered":"http:\/\/www.eldigitaldeasturias.com\/noticias\/?p=483370"},"modified":"2014-02-04T20:12:48","modified_gmt":"2014-02-04T21:12:48","slug":"la-ce-pide-a-georgia-que-cuide-el-pluralismo-politico-y-la-libertad-de-prensa","status":"publish","type":"post","link":"https:\/\/www.eldigitaldeasturias.com\/noticias\/la-ce-pide-a-georgia-que-cuide-el-pluralismo-politico-y-la-libertad-de-prensa\/","title":{"rendered":"La CE pide a Georgia que cuide el pluralismo pol\u00edtico y la libertad de prensa"},"content":{"rendered":"<p><img loading=\"lazy\" decoding=\"async\" class=\"alignleft size-medium wp-image-483371\" alt=\"5907226w\" src=\"https:\/\/www.eldigitaldeasturias.com\/noticias\/wp-content\/uploads\/2014\/02\/5907226w-360x257.jpg\" width=\"360\" height=\"257\" \/>Bruselas, 4 feb (EFE).- El presidente del Consejo Europeo, Herman Van Rompuy, inst\u00f3 hoy al nuevo primer ministro de Georgia, Irakli Garibashvili, a que su pa\u00eds respete el pluralismo pol\u00edtico y la libertad de prensa en sus esfuerzos por aproximarse a la Uni\u00f3n Europea (UE).<\/p>\n<p>\u00abLa asociaci\u00f3n entre la UE y Georgia es fuerte\u00bb, enfatiz\u00f3 Van Rompuy en unas declaraciones a la prensa tras reunirse con Garibashvili, con quien repas\u00f3 las relaciones bilaterales entre las dos partes, que esperan firmar un acuerdo de asociaci\u00f3n el pr\u00f3ximo verano.<\/p>\n<p>El responsable comunitario aprovech\u00f3 la ocasi\u00f3n para animar a ese pa\u00eds a \u00abseguir prestando atenci\u00f3n al pluralismo pol\u00edtico y a la libertad de medios\u00bb, as\u00ed como para se\u00f1alar que los procesamientos penales deben estar \u00abbasados en pruebas y ser imparciales y completamente en l\u00ednea con los valores democr\u00e1ticos\u00bb.<\/p>\n<p>Van Rompuy hizo hincapi\u00e9 asimismo en que la UE da \u00abgran importancia a los derechos de las minor\u00edas\u00bb, y destac\u00f3 la importancia de la adopci\u00f3n en ese pa\u00eds de la \u00abley antidiscriminaci\u00f3n\u00bb de cara a \u00abhacer progresos en el di\u00e1logo de liberalizaci\u00f3n de visados\u00bb con la UE.<\/p>\n<p>Por su parte, Garibashvili asegur\u00f3 que Georgia \u00abest\u00e1 siguiendo de manera irreversible el curso de la integraci\u00f3n europea, que es la piedra angular tanto de nuestra pol\u00edtica interior como exterior\u00bb, y apunt\u00f3 que es un planteamiento \u00abapoyado por la mayor\u00eda del pueblo georgiano as\u00ed como por los principales partidos pol\u00edticos\u00bb.<\/p>\n<p>Tambi\u00e9n se mostr\u00f3 convencido de que las reformas previstas en la agenda de integraci\u00f3n son \u00abesenciales para una verdadera modernizaci\u00f3n y europeizaci\u00f3n\u00bb del pa\u00eds.<\/p>\n<p>En ese sentido, afirm\u00f3 que la Asociaci\u00f3n Oriental es un \u00abmarco pol\u00edtico muy eficaz\u00bb para que Georgia consiga aproximarse a la UE, y confirm\u00f3 la disposici\u00f3n del pa\u00eds a firmar el acuerdo de asociaci\u00f3n que ha negociado con el bloque europeo el pr\u00f3ximo agosto.<\/p>\n<p>Van Rompuy tambi\u00e9n celebr\u00f3 la firma de un acuerdo marco para que Georgia participe en las operaciones de gesti\u00f3n de crisis de la UE, en el contexto de su Pol\u00edtica Com\u00fan de Seguridad y Defensa de la Uni\u00f3n.<\/p>\n<p>Adem\u00e1s, mostr\u00f3 su buena acogida a los contactos diplom\u00e1ticos entre Georgia y Rusia, que consider\u00f3 una \u00abimportante contribuci\u00f3n para garantizar la estabilidad y la seguridad en la regi\u00f3n\u00bb, aunque expres\u00f3 la preocupaci\u00f3n de la UE por las barreras f\u00edsicas que siguen levant\u00e1ndose dentro del territorio georgiano y que dificultan la libertad de movimiento de los ciudadanos.<\/p>\n","protected":false},"excerpt":{"rendered":"<p>Bruselas, 4 feb (EFE).- El presidente del Consejo Europeo, Herman Van Rompuy, inst\u00f3 hoy al nuevo primer ministro de Georgia, Irakli Garibashvili, a que su pa\u00eds respete el pluralismo pol\u00edtico y la libertad de prensa en sus esfuerzos por aproximarse a la Uni\u00f3n Europea (UE). \u00abLa asociaci\u00f3n entre la UE y Georgia es fuerte\u00bb, enfatiz\u00f3 [&hellip;]<\/p>\n","protected":false},"author":1,"featured_media":483371,"comment_status":"closed","ping_status":"open","sticky":false,"template":"","format":"standard","meta":{"footnotes":""},"categories":[1],"tags":[],"class_list":["post-483370","post","type-post","status-publish","format-standard","has-post-thumbnail","hentry","category-actualidad"],"aioseo_notices":[],"aioseo_head":"\n\t\t<!-- All in One SEO Pro 5.0.1 - aioseo.com -->\n\t<meta name=\"description\" content=\"Bruselas, 4 feb (EFE).- El presidente del Consejo Europeo, Herman Van Rompuy, inst\u00f3 hoy al nuevo primer ministro de Georgia, Irakli Garibashvili, a que su pa\u00eds respete el pluralismo pol\u00edtico y la libertad de prensa en sus esfuerzos por aproximarse a la Uni\u00f3n Europea (UE). &quot;La asociaci\u00f3n entre la UE y Georgia es fuerte&quot;, enfatiz\u00f3\" \/>\n\t<meta name=\"robots\" content=\"max-image-preview:large\" \/>\n\t<meta name=\"author\" content=\"El Digital de Asturias\"\/>\n\t<meta name=\"google-site-verification\" content=\"UA-38556648-1\" \/>\n\t<meta name=\"msvalidate.01\" content=\"7dfe9f3f1b24437ab69f4f2559babe99\" \/>\n\t<meta name=\"keywords\" content=\"actualidad\" \/>\n\t<link rel=\"canonical\" href=\"https:\/\/www.eldigitaldeasturias.com\/noticias\/la-ce-pide-a-georgia-que-cuide-el-pluralismo-politico-y-la-libertad-de-prensa\/\" \/>\n\t<meta name=\"generator\" content=\"All in One SEO Pro (AIOSEO) 5.0.1\" \/>\n\t\t<meta property=\"og:locale\" content=\"es_ES\" \/>\n\t\t<meta property=\"og:site_name\" content=\"El Digital de Asturias\" \/>\n\t\t<meta property=\"og:type\" content=\"article\" \/>\n\t\t<meta property=\"og:title\" content=\"La CE pide a Georgia que cuide el pluralismo pol\u00edtico y la libertad de prensa - El Digital de Asturias\" \/>\n\t\t<meta property=\"og:description\" content=\"Bruselas, 4 feb (EFE).- El presidente del Consejo Europeo, Herman Van Rompuy, inst\u00f3 hoy al nuevo primer ministro de Georgia, Irakli Garibashvili, a que su pa\u00eds respete el pluralismo pol\u00edtico y la libertad de prensa en sus esfuerzos por aproximarse a la Uni\u00f3n Europea (UE). &quot;La asociaci\u00f3n entre la UE y Georgia es fuerte&quot;, enfatiz\u00f3\" \/>\n\t\t<meta property=\"og:url\" content=\"https:\/\/www.eldigitaldeasturias.com\/noticias\/la-ce-pide-a-georgia-que-cuide-el-pluralismo-politico-y-la-libertad-de-prensa\/\" \/>\n\t\t<meta property=\"article:tag\" content=\"actualidad\" \/>\n\t\t<meta property=\"article:published_time\" content=\"2014-02-04T21:12:48+00:00\" \/>\n\t\t<meta property=\"article:modified_time\" content=\"2014-02-04T21:12:48+00:00\" \/>\n\t\t<meta property=\"article:publisher\" content=\"https:\/\/facebook.com\/eldigitaldeasturias\" \/>\n\t\t<meta name=\"twitter:card\" content=\"summary_large_image\" \/>\n\t\t<meta name=\"twitter:title\" content=\"La CE pide a Georgia que cuide el pluralismo pol\u00edtico y la libertad de prensa - El Digital de Asturias\" \/>\n\t\t<meta name=\"twitter:description\" content=\"Bruselas, 4 feb (EFE).- El presidente del Consejo Europeo, Herman Van Rompuy, inst\u00f3 hoy al nuevo primer ministro de Georgia, Irakli Garibashvili, a que su pa\u00eds respete el pluralismo pol\u00edtico y la libertad de prensa en sus esfuerzos por aproximarse a la Uni\u00f3n Europea (UE). &quot;La asociaci\u00f3n entre la UE y Georgia es fuerte&quot;, enfatiz\u00f3\" \/>\n\t\t<meta name=\"twitter:label1\" content=\"Escrito por\" \/>\n\t\t<meta name=\"twitter:data1\" content=\"El Digital de Asturias\" \/>\n\t\t<meta name=\"twitter:label2\" content=\"Tiempo de lectura estimado\" \/>\n\t\t<meta name=\"twitter:data2\" content=\"2 minutos\" \/>\n\t\t<script type=\"application\/ld+json\" class=\"aioseo-schema\">\n\t\t\t{\"@context\":\"https:\\\/\\\/schema.org\",\"@graph\":[{\"@type\":\"BlogPosting\",\"@id\":\"https:\\\/\\\/www.eldigitaldeasturias.com\\\/noticias\\\/la-ce-pide-a-georgia-que-cuide-el-pluralismo-politico-y-la-libertad-de-prensa\\\/#blogposting\",\"name\":\"La CE pide a Georgia que cuide el pluralismo pol\\u00edtico y la libertad de prensa - El Digital de Asturias\",\"headline\":\"La CE pide a Georgia que cuide el pluralismo pol\\u00edtico y la libertad de prensa\",\"author\":{\"@id\":\"https:\\\/\\\/www.eldigitaldeasturias.com\\\/noticias\\\/author\\\/admin\\\/#author\"},\"publisher\":{\"@id\":\"https:\\\/\\\/www.eldigitaldeasturias.com\\\/noticias\\\/#organization\"},\"image\":{\"@type\":\"ImageObject\",\"url\":483371},\"datePublished\":\"2014-02-04T20:12:48+01:00\",\"dateModified\":\"2014-02-04T20:12:48+01:00\",\"inLanguage\":\"es-ES\",\"mainEntityOfPage\":{\"@id\":\"https:\\\/\\\/www.eldigitaldeasturias.com\\\/noticias\\\/la-ce-pide-a-georgia-que-cuide-el-pluralismo-politico-y-la-libertad-de-prensa\\\/#webpage\"},\"isPartOf\":{\"@id\":\"https:\\\/\\\/www.eldigitaldeasturias.com\\\/noticias\\\/la-ce-pide-a-georgia-que-cuide-el-pluralismo-politico-y-la-libertad-de-prensa\\\/#webpage\"},\"articleSection\":\"Actualidad\"},{\"@type\":\"BreadcrumbList\",\"@id\":\"https:\\\/\\\/www.eldigitaldeasturias.com\\\/noticias\\\/la-ce-pide-a-georgia-que-cuide-el-pluralismo-politico-y-la-libertad-de-prensa\\\/#breadcrumblist\",\"itemListElement\":[{\"@type\":\"ListItem\",\"@id\":\"https:\\\/\\\/www.eldigitaldeasturias.com\\\/noticias#listItem\",\"position\":1,\"name\":\"Home\",\"item\":\"https:\\\/\\\/www.eldigitaldeasturias.com\\\/noticias\",\"nextItem\":{\"@type\":\"ListItem\",\"@id\":\"https:\\\/\\\/www.eldigitaldeasturias.com\\\/noticias\\\/category\\\/actualidad\\\/#listItem\",\"name\":\"Actualidad\"}},{\"@type\":\"ListItem\",\"@id\":\"https:\\\/\\\/www.eldigitaldeasturias.com\\\/noticias\\\/category\\\/actualidad\\\/#listItem\",\"position\":2,\"name\":\"Actualidad\",\"item\":\"https:\\\/\\\/www.eldigitaldeasturias.com\\\/noticias\\\/category\\\/actualidad\\\/\",\"nextItem\":{\"@type\":\"ListItem\",\"@id\":\"https:\\\/\\\/www.eldigitaldeasturias.com\\\/noticias\\\/la-ce-pide-a-georgia-que-cuide-el-pluralismo-politico-y-la-libertad-de-prensa\\\/#listItem\",\"name\":\"La CE pide a Georgia que cuide el pluralismo pol\\u00edtico y la libertad de prensa\"},\"previousItem\":{\"@type\":\"ListItem\",\"@id\":\"https:\\\/\\\/www.eldigitaldeasturias.com\\\/noticias#listItem\",\"name\":\"Home\"}},{\"@type\":\"ListItem\",\"@id\":\"https:\\\/\\\/www.eldigitaldeasturias.com\\\/noticias\\\/la-ce-pide-a-georgia-que-cuide-el-pluralismo-politico-y-la-libertad-de-prensa\\\/#listItem\",\"position\":3,\"name\":\"La CE pide a Georgia que cuide el pluralismo pol\\u00edtico y la libertad de prensa\",\"previousItem\":{\"@type\":\"ListItem\",\"@id\":\"https:\\\/\\\/www.eldigitaldeasturias.com\\\/noticias\\\/category\\\/actualidad\\\/#listItem\",\"name\":\"Actualidad\"}}]},{\"@type\":\"Organization\",\"@id\":\"https:\\\/\\\/www.eldigitaldeasturias.com\\\/noticias\\\/#organization\",\"name\":\"El Digital de Asturias\",\"description\":\"Hemeroteca\",\"url\":\"https:\\\/\\\/www.eldigitaldeasturias.com\\\/noticias\\\/\",\"email\":\"info@eldigitaldeasturias.com\",\"telephone\":\"+34652131393\",\"logo\":{\"@type\":\"ImageObject\",\"url\":\"https:\\\/\\\/www.eldigitaldeasturias.com\\\/noticias\\\/wp-content\\\/uploads\\\/2020\\\/12\\\/EDA.jpg\",\"@id\":\"https:\\\/\\\/www.eldigitaldeasturias.com\\\/noticias\\\/la-ce-pide-a-georgia-que-cuide-el-pluralismo-politico-y-la-libertad-de-prensa\\\/#organizationLogo\"},\"image\":{\"@id\":\"https:\\\/\\\/www.eldigitaldeasturias.com\\\/noticias\\\/la-ce-pide-a-georgia-que-cuide-el-pluralismo-politico-y-la-libertad-de-prensa\\\/#organizationLogo\"},\"sameAs\":[\"https:\\\/\\\/facebook.com\\\/eldigitaldeasturias\",\"https:\\\/\\\/www.youtube.com\\\/channel\\\/UCZP-2wLEB9Rv6erhFmqVnvg\"],\"address\":{\"@id\":\"https:\\\/\\\/www.eldigitaldeasturias.com\\\/noticias\\\/#postaladdress\",\"@type\":\"PostalAddress\",\"streetAddress\":\"san antonio 4\",\"postalCode\":\"33430\",\"addressLocality\":\"Cand\\u00e1s\",\"addressRegion\":\"Asturias\",\"addressCountry\":\"ES\"}},{\"@type\":\"Person\",\"@id\":\"https:\\\/\\\/www.eldigitaldeasturias.com\\\/noticias\\\/author\\\/admin\\\/#author\",\"url\":\"https:\\\/\\\/www.eldigitaldeasturias.com\\\/noticias\\\/author\\\/admin\\\/\",\"name\":\"El Digital de Asturias\",\"image\":{\"@type\":\"ImageObject\",\"@id\":\"https:\\\/\\\/www.eldigitaldeasturias.com\\\/noticias\\\/la-ce-pide-a-georgia-que-cuide-el-pluralismo-politico-y-la-libertad-de-prensa\\\/#authorImage\",\"url\":\"https:\\\/\\\/secure.gravatar.com\\\/avatar\\\/df2aeffc32bcd13f8d26072ef8a91b623d677766deac7f97ca815868cd41bf5e?s=96&d=mm&r=g\",\"width\":96,\"height\":96,\"caption\":\"El Digital de Asturias\"}},{\"@type\":\"WebPage\",\"@id\":\"https:\\\/\\\/www.eldigitaldeasturias.com\\\/noticias\\\/la-ce-pide-a-georgia-que-cuide-el-pluralismo-politico-y-la-libertad-de-prensa\\\/#webpage\",\"url\":\"https:\\\/\\\/www.eldigitaldeasturias.com\\\/noticias\\\/la-ce-pide-a-georgia-que-cuide-el-pluralismo-politico-y-la-libertad-de-prensa\\\/\",\"name\":\"La CE pide a Georgia que cuide el pluralismo pol\\u00edtico y la libertad de prensa - El Digital de Asturias\",\"description\":\"Bruselas, 4 feb (EFE).- El presidente del Consejo Europeo, Herman Van Rompuy, inst\\u00f3 hoy al nuevo primer ministro de Georgia, Irakli Garibashvili, a que su pa\\u00eds respete el pluralismo pol\\u00edtico y la libertad de prensa en sus esfuerzos por aproximarse a la Uni\\u00f3n Europea (UE). \\\"La asociaci\\u00f3n entre la UE y Georgia es fuerte\\\", enfatiz\\u00f3\",\"inLanguage\":\"es-ES\",\"isPartOf\":{\"@id\":\"https:\\\/\\\/www.eldigitaldeasturias.com\\\/noticias\\\/#website\"},\"breadcrumb\":{\"@id\":\"https:\\\/\\\/www.eldigitaldeasturias.com\\\/noticias\\\/la-ce-pide-a-georgia-que-cuide-el-pluralismo-politico-y-la-libertad-de-prensa\\\/#breadcrumblist\"},\"author\":{\"@id\":\"https:\\\/\\\/www.eldigitaldeasturias.com\\\/noticias\\\/author\\\/admin\\\/#author\"},\"creator\":{\"@id\":\"https:\\\/\\\/www.eldigitaldeasturias.com\\\/noticias\\\/author\\\/admin\\\/#author\"},\"image\":{\"@type\":\"ImageObject\",\"url\":483371,\"@id\":\"https:\\\/\\\/www.eldigitaldeasturias.com\\\/noticias\\\/la-ce-pide-a-georgia-que-cuide-el-pluralismo-politico-y-la-libertad-de-prensa\\\/#mainImage\"},\"primaryImageOfPage\":{\"@id\":\"https:\\\/\\\/www.eldigitaldeasturias.com\\\/noticias\\\/la-ce-pide-a-georgia-que-cuide-el-pluralismo-politico-y-la-libertad-de-prensa\\\/#mainImage\"},\"datePublished\":\"2014-02-04T20:12:48+01:00\",\"dateModified\":\"2014-02-04T20:12:48+01:00\"},{\"@type\":\"WebSite\",\"@id\":\"https:\\\/\\\/www.eldigitaldeasturias.com\\\/noticias\\\/#website\",\"url\":\"https:\\\/\\\/www.eldigitaldeasturias.com\\\/noticias\\\/\",\"name\":\"El Digital de Asturias - Diario de actualidad y noticias\",\"alternateName\":\"El Digital de Asturias - Diario de actualidad y noticias\",\"description\":\"Hemeroteca\",\"inLanguage\":\"es-ES\",\"publisher\":{\"@id\":\"https:\\\/\\\/www.eldigitaldeasturias.com\\\/noticias\\\/#organization\"}}]}\n\t\t<\/script>\n\t\t<!-- All in One SEO Pro -->\r\n\t\t<title>La CE pide a Georgia que cuide el pluralismo pol\u00edtico y la libertad de prensa - El Digital de Asturias<\/title>\n\n","aioseo_head_json":{"title":"La CE pide a Georgia que cuide el pluralismo pol\u00edtico y la libertad de prensa - El Digital de Asturias","description":"Bruselas, 4 feb (EFE).- El presidente del Consejo Europeo, Herman Van Rompuy, inst\u00f3 hoy al nuevo primer ministro de Georgia, Irakli Garibashvili, a que su pa\u00eds respete el pluralismo pol\u00edtico y la libertad de prensa en sus esfuerzos por aproximarse a la Uni\u00f3n Europea (UE). \"La asociaci\u00f3n entre la UE y Georgia es fuerte\", enfatiz\u00f3","canonical_url":"https:\/\/www.eldigitaldeasturias.com\/noticias\/la-ce-pide-a-georgia-que-cuide-el-pluralismo-politico-y-la-libertad-de-prensa\/","robots":"max-image-preview:large","keywords":"actualidad","webmasterTools":{"google-site-verification":"UA-38556648-1","msvalidate.01":"7dfe9f3f1b24437ab69f4f2559babe99","miscellaneous":""},"schema":{"@context":"https:\/\/schema.org","@graph":[{"@type":"BlogPosting","@id":"https:\/\/www.eldigitaldeasturias.com\/noticias\/la-ce-pide-a-georgia-que-cuide-el-pluralismo-politico-y-la-libertad-de-prensa\/#blogposting","name":"La CE pide a Georgia que cuide el pluralismo pol\u00edtico y la libertad de prensa - El Digital de Asturias","headline":"La CE pide a Georgia que cuide el pluralismo pol\u00edtico y la libertad de prensa","author":{"@id":"https:\/\/www.eldigitaldeasturias.com\/noticias\/author\/admin\/#author"},"publisher":{"@id":"https:\/\/www.eldigitaldeasturias.com\/noticias\/#organization"},"image":{"@type":"ImageObject","url":483371},"datePublished":"2014-02-04T20:12:48+01:00","dateModified":"2014-02-04T20:12:48+01:00","inLanguage":"es-ES","mainEntityOfPage":{"@id":"https:\/\/www.eldigitaldeasturias.com\/noticias\/la-ce-pide-a-georgia-que-cuide-el-pluralismo-politico-y-la-libertad-de-prensa\/#webpage"},"isPartOf":{"@id":"https:\/\/www.eldigitaldeasturias.com\/noticias\/la-ce-pide-a-georgia-que-cuide-el-pluralismo-politico-y-la-libertad-de-prensa\/#webpage"},"articleSection":"Actualidad"},{"@type":"BreadcrumbList","@id":"https:\/\/www.eldigitaldeasturias.com\/noticias\/la-ce-pide-a-georgia-que-cuide-el-pluralismo-politico-y-la-libertad-de-prensa\/#breadcrumblist","itemListElement":[{"@type":"ListItem","@id":"https:\/\/www.eldigitaldeasturias.com\/noticias#listItem","position":1,"name":"Home","item":"https:\/\/www.eldigitaldeasturias.com\/noticias","nextItem":{"@type":"ListItem","@id":"https:\/\/www.eldigitaldeasturias.com\/noticias\/category\/actualidad\/#listItem","name":"Actualidad"}},{"@type":"ListItem","@id":"https:\/\/www.eldigitaldeasturias.com\/noticias\/category\/actualidad\/#listItem","position":2,"name":"Actualidad","item":"https:\/\/www.eldigitaldeasturias.com\/noticias\/category\/actualidad\/","nextItem":{"@type":"ListItem","@id":"https:\/\/www.eldigitaldeasturias.com\/noticias\/la-ce-pide-a-georgia-que-cuide-el-pluralismo-politico-y-la-libertad-de-prensa\/#listItem","name":"La CE pide a Georgia que cuide el pluralismo pol\u00edtico y la libertad de prensa"},"previousItem":{"@type":"ListItem","@id":"https:\/\/www.eldigitaldeasturias.com\/noticias#listItem","name":"Home"}},{"@type":"ListItem","@id":"https:\/\/www.eldigitaldeasturias.com\/noticias\/la-ce-pide-a-georgia-que-cuide-el-pluralismo-politico-y-la-libertad-de-prensa\/#listItem","position":3,"name":"La CE pide a Georgia que cuide el pluralismo pol\u00edtico y la libertad de prensa","previousItem":{"@type":"ListItem","@id":"https:\/\/www.eldigitaldeasturias.com\/noticias\/category\/actualidad\/#listItem","name":"Actualidad"}}]},{"@type":"Organization","@id":"https:\/\/www.eldigitaldeasturias.com\/noticias\/#organization","name":"El Digital de Asturias","description":"Hemeroteca","url":"https:\/\/www.eldigitaldeasturias.com\/noticias\/","email":"info@eldigitaldeasturias.com","telephone":"+34652131393","logo":{"@type":"ImageObject","url":"https:\/\/www.eldigitaldeasturias.com\/noticias\/wp-content\/uploads\/2020\/12\/EDA.jpg","@id":"https:\/\/www.eldigitaldeasturias.com\/noticias\/la-ce-pide-a-georgia-que-cuide-el-pluralismo-politico-y-la-libertad-de-prensa\/#organizationLogo"},"image":{"@id":"https:\/\/www.eldigitaldeasturias.com\/noticias\/la-ce-pide-a-georgia-que-cuide-el-pluralismo-politico-y-la-libertad-de-prensa\/#organizationLogo"},"sameAs":["https:\/\/facebook.com\/eldigitaldeasturias","https:\/\/www.youtube.com\/channel\/UCZP-2wLEB9Rv6erhFmqVnvg"],"address":{"@id":"https:\/\/www.eldigitaldeasturias.com\/noticias\/#postaladdress","@type":"PostalAddress","streetAddress":"san antonio 4","postalCode":"33430","addressLocality":"Cand\u00e1s","addressRegion":"Asturias","addressCountry":"ES"}},{"@type":"Person","@id":"https:\/\/www.eldigitaldeasturias.com\/noticias\/author\/admin\/#author","url":"https:\/\/www.eldigitaldeasturias.com\/noticias\/author\/admin\/","name":"El Digital de Asturias","image":{"@type":"ImageObject","@id":"https:\/\/www.eldigitaldeasturias.com\/noticias\/la-ce-pide-a-georgia-que-cuide-el-pluralismo-politico-y-la-libertad-de-prensa\/#authorImage","url":"https:\/\/secure.gravatar.com\/avatar\/df2aeffc32bcd13f8d26072ef8a91b623d677766deac7f97ca815868cd41bf5e?s=96&d=mm&r=g","width":96,"height":96,"caption":"El Digital de Asturias"}},{"@type":"WebPage","@id":"https:\/\/www.eldigitaldeasturias.com\/noticias\/la-ce-pide-a-georgia-que-cuide-el-pluralismo-politico-y-la-libertad-de-prensa\/#webpage","url":"https:\/\/www.eldigitaldeasturias.com\/noticias\/la-ce-pide-a-georgia-que-cuide-el-pluralismo-politico-y-la-libertad-de-prensa\/","name":"La CE pide a Georgia que cuide el pluralismo pol\u00edtico y la libertad de prensa - El Digital de Asturias","description":"Bruselas, 4 feb (EFE).- El presidente del Consejo Europeo, Herman Van Rompuy, inst\u00f3 hoy al nuevo primer ministro de Georgia, Irakli Garibashvili, a que su pa\u00eds respete el pluralismo pol\u00edtico y la libertad de prensa en sus esfuerzos por aproximarse a la Uni\u00f3n Europea (UE). \"La asociaci\u00f3n entre la UE y Georgia es fuerte\", enfatiz\u00f3","inLanguage":"es-ES","isPartOf":{"@id":"https:\/\/www.eldigitaldeasturias.com\/noticias\/#website"},"breadcrumb":{"@id":"https:\/\/www.eldigitaldeasturias.com\/noticias\/la-ce-pide-a-georgia-que-cuide-el-pluralismo-politico-y-la-libertad-de-prensa\/#breadcrumblist"},"author":{"@id":"https:\/\/www.eldigitaldeasturias.com\/noticias\/author\/admin\/#author"},"creator":{"@id":"https:\/\/www.eldigitaldeasturias.com\/noticias\/author\/admin\/#author"},"image":{"@type":"ImageObject","url":483371,"@id":"https:\/\/www.eldigitaldeasturias.com\/noticias\/la-ce-pide-a-georgia-que-cuide-el-pluralismo-politico-y-la-libertad-de-prensa\/#mainImage"},"primaryImageOfPage":{"@id":"https:\/\/www.eldigitaldeasturias.com\/noticias\/la-ce-pide-a-georgia-que-cuide-el-pluralismo-politico-y-la-libertad-de-prensa\/#mainImage"},"datePublished":"2014-02-04T20:12:48+01:00","dateModified":"2014-02-04T20:12:48+01:00"},{"@type":"WebSite","@id":"https:\/\/www.eldigitaldeasturias.com\/noticias\/#website","url":"https:\/\/www.eldigitaldeasturias.com\/noticias\/","name":"El Digital de Asturias - Diario de actualidad y noticias","alternateName":"El Digital de Asturias - Diario de actualidad y noticias","description":"Hemeroteca","inLanguage":"es-ES","publisher":{"@id":"https:\/\/www.eldigitaldeasturias.com\/noticias\/#organization"}}]},"og:locale":"es_ES","og:site_name":"El Digital de Asturias","og:type":"article","og:title":"La CE pide a Georgia que cuide el pluralismo pol\u00edtico y la libertad de prensa - El Digital de Asturias","og:description":"Bruselas, 4 feb (EFE).- El presidente del Consejo Europeo, Herman Van Rompuy, inst\u00f3 hoy al nuevo primer ministro de Georgia, Irakli Garibashvili, a que su pa\u00eds respete el pluralismo pol\u00edtico y la libertad de prensa en sus esfuerzos por aproximarse a la Uni\u00f3n Europea (UE). &quot;La asociaci\u00f3n entre la UE y Georgia es fuerte&quot;, enfatiz\u00f3","og:url":"https:\/\/www.eldigitaldeasturias.com\/noticias\/la-ce-pide-a-georgia-que-cuide-el-pluralismo-politico-y-la-libertad-de-prensa\/","article:tag":["actualidad"],"article:published_time":"2014-02-04T21:12:48+00:00","article:modified_time":"2014-02-04T21:12:48+00:00","article:publisher":"https:\/\/facebook.com\/eldigitaldeasturias","twitter:card":"summary_large_image","twitter:title":"La CE pide a Georgia que cuide el pluralismo pol\u00edtico y la libertad de prensa - El Digital de Asturias","twitter:description":"Bruselas, 4 feb (EFE).- El presidente del Consejo Europeo, Herman Van Rompuy, inst\u00f3 hoy al nuevo primer ministro de Georgia, Irakli Garibashvili, a que su pa\u00eds respete el pluralismo pol\u00edtico y la libertad de prensa en sus esfuerzos por aproximarse a la Uni\u00f3n Europea (UE). &quot;La asociaci\u00f3n entre la UE y Georgia es fuerte&quot;, enfatiz\u00f3","twitter:label1":"Escrito por","twitter:data1":"El Digital de Asturias","twitter:label2":"Tiempo de lectura estimado","twitter:data2":"2 minutos"},"aioseo_meta_data":{"post_id":"483370","title":null,"description":null,"keywords":null,"keyphrases":null,"primary_term":null,"canonical_url":null,"og_title":null,"og_description":null,"og_object_type":"default","og_image_type":"default","og_image_url":null,"og_image_width":null,"og_image_height":null,"og_image_custom_url":null,"og_image_custom_fields":null,"og_video":null,"og_custom_url":null,"og_article_section":null,"og_article_tags":null,"twitter_use_og":true,"twitter_card":"default","twitter_image_type":"default","twitter_image_url":null,"twitter_image_custom_url":null,"twitter_image_custom_fields":null,"twitter_title":null,"twitter_description":null,"schema":{"blockGraphs":[],"customGraphs":[],"default":{"data":{"Article":[],"Course":[],"Dataset":[],"FAQPage":[],"Movie":[],"Person":[],"Product":[],"ProductReview":[],"Car":[],"Recipe":[],"Service":[],"SoftwareApplication":[],"WebPage":[]},"graphName":"","isEnabled":true},"graphs":[],"defaultGraph":"","defaultPostTypeGraph":""},"schema_type":null,"schema_type_options":null,"pillar_content":false,"robots_default":true,"robots_noindex":false,"robots_noarchive":false,"robots_nosnippet":false,"robots_nofollow":false,"robots_noimageindex":false,"robots_noodp":false,"robots_notranslate":false,"robots_max_snippet":null,"robots_max_videopreview":null,"robots_max_imagepreview":"none","priority":null,"frequency":null,"local_seo":null,"seo_analyzer_scan_date":"2026-06-02 12:41:48","breadcrumb_settings":null,"limit_modified_date":false,"open_ai":null,"ai":null,"created":"2020-11-14 22:54:45","updated":"2026-06-02 12:41:48","focus_keyword":null,"additional_keywords":null,"truseo_locale":null},"aioseo_breadcrumb":"<div class=\"aioseo-breadcrumbs\"><span class=\"aioseo-breadcrumb\">\n\t<a href=\"https:\/\/www.eldigitaldeasturias.com\/noticias\" title=\"Home\">Home<\/a>\n<\/span><span class=\"aioseo-breadcrumb-separator\">\u2013<\/span><span class=\"aioseo-breadcrumb\">\n\t<a href=\"https:\/\/www.eldigitaldeasturias.com\/noticias\/category\/actualidad\/\" title=\"Actualidad\">Actualidad<\/a>\n<\/span><span class=\"aioseo-breadcrumb-separator\">\u2013<\/span><span class=\"aioseo-breadcrumb\">\n\t<a href=\"https:\/\/www.eldigitaldeasturias.com\/noticias\/la-ce-pide-a-georgia-que-cuide-el-pluralismo-politico-y-la-libertad-de-prensa\/\" title=\"La CE pide a Georgia que cuide el pluralismo pol\u00edtico y la libertad de prensa\">La CE pide a Georgia que cuide el pluralismo pol\u00edtico y la libertad de prensa<\/a>\n<\/span><\/div>","aioseo_breadcrumb_json":[{"label":"Home","link":"https:\/\/www.eldigitaldeasturias.com\/noticias"},{"label":"Actualidad","link":"https:\/\/www.eldigitaldeasturias.com\/noticias\/category\/actualidad\/"},{"label":"La CE pide a Georgia que cuide el pluralismo pol\u00edtico y la libertad de prensa","link":"https:\/\/www.eldigitaldeasturias.com\/noticias\/la-ce-pide-a-georgia-que-cuide-el-pluralismo-politico-y-la-libertad-de-prensa\/"}],"_links":{"self":[{"href":"https:\/\/www.eldigitaldeasturias.com\/noticias\/wp-json\/wp\/v2\/posts\/483370","targetHints":{"allow":["GET"]}}],"collection":[{"href":"https:\/\/www.eldigitaldeasturias.com\/noticias\/wp-json\/wp\/v2\/posts"}],"about":[{"href":"https:\/\/www.eldigitaldeasturias.com\/noticias\/wp-json\/wp\/v2\/types\/post"}],"author":[{"embeddable":true,"href":"https:\/\/www.eldigitaldeasturias.com\/noticias\/wp-json\/wp\/v2\/users\/1"}],"replies":[{"embeddable":true,"href":"https:\/\/www.eldigitaldeasturias.com\/noticias\/wp-json\/wp\/v2\/comments?post=483370"}],"version-history":[{"count":0,"href":"https:\/\/www.eldigitaldeasturias.com\/noticias\/wp-json\/wp\/v2\/posts\/483370\/revisions"}],"wp:attachment":[{"href":"https:\/\/www.eldigitaldeasturias.com\/noticias\/wp-json\/wp\/v2\/media?parent=483370"}],"wp:term":[{"taxonomy":"category","embeddable":true,"href":"https:\/\/www.eldigitaldeasturias.com\/noticias\/wp-json\/wp\/v2\/categories?post=483370"},{"taxonomy":"post_tag","embeddable":true,"href":"https:\/\/www.eldigitaldeasturias.com\/noticias\/wp-json\/wp\/v2\/tags?post=483370"}],"curies":[{"name":"wp","href":"https:\/\/api.w.org\/{rel}","templated":true}]}}