{"id":483364,"date":"2014-02-04T20:10:09","date_gmt":"2014-02-04T21:10:09","guid":{"rendered":"http:\/\/www.eldigitaldeasturias.com\/noticias\/?p=483364"},"modified":"2014-02-04T20:10:09","modified_gmt":"2014-02-04T21:10:09","slug":"ccoo-cree-que-apostar-por-empleos-precarios-no-soluciona-el-problema-del-paro","status":"publish","type":"post","link":"https:\/\/www.eldigitaldeasturias.com\/noticias\/ccoo-cree-que-apostar-por-empleos-precarios-no-soluciona-el-problema-del-paro\/","title":{"rendered":"CCOO cree que apostar por empleos precarios no soluciona el problema del paro"},"content":{"rendered":"<p><img loading=\"lazy\" decoding=\"async\" class=\"alignleft size-medium wp-image-483365\" alt=\"5907120w\" src=\"https:\/\/www.eldigitaldeasturias.com\/noticias\/wp-content\/uploads\/2014\/02\/5907120w-360x265.jpg\" width=\"360\" height=\"265\" \/>Madrid, 4 feb (EFE).- CCOO cree que los datos de paro registrado conocidos hoy no son buenos y asegura que apostar por empleos precarios y mal retribuidos no va a solucionar el \u00abgrave\u00bb problema de desempleo que padece Espa\u00f1a.<\/p>\n<p>En un comunicado, la central sindical asegura que har\u00e1n falta al menos 15 a\u00f1os para recuperar los empleos perdidos, al tiempo que reclama que los salarios suban para dinamizar la demanda interna.<\/p>\n<p>A juicio de CCOO, es \u00abincomprensible\u00bb que una persona con empleo pueda vivir en unas condiciones cercanas a la pobreza.<\/p>\n<p>Por otra parte, alerta de que el 39 % de los desempleados no tiene prestaciones y el 50 % de los beneficiarios recibe una prestaci\u00f3n asistencial, algo \u00abmuy preocupante\u00bb.<\/p>\n<p>En este contexto, CCOO asegura que es necesario adoptar otras pol\u00edticas, hacer una reforma fiscal, mejorar los ingresos de la Seguridad Social, subir salarios e implantar una renta m\u00ednima para las personas en riesgo de exclusi\u00f3n.<\/p>\n<p>Por su parte, la Uni\u00f3n Sindical Obrera (USO) afirma en otra nota que los datos de hoy muestran la realidad que trata de ocultar la \u00abpropaganda oficial\u00bb, al tiempo que explica que el leve crecimiento econ\u00f3mico no es suficiente para absorber los parados.<\/p>\n<p>Asimismo, USO hace hincapi\u00e9 en que s\u00f3lo se crean empleos temporales y la afiliaci\u00f3n a la Seguridad Social contin\u00faa descendiendo, lo que pone en riesgo el sistema.<\/p>\n","protected":false},"excerpt":{"rendered":"<p>Madrid, 4 feb (EFE).- CCOO cree que los datos de paro registrado conocidos hoy no son buenos y asegura que apostar por empleos precarios y mal retribuidos no va a solucionar el \u00abgrave\u00bb problema de desempleo que padece Espa\u00f1a. En un comunicado, la central sindical asegura que har\u00e1n falta al menos 15 a\u00f1os para recuperar [&hellip;]<\/p>\n","protected":false},"author":1,"featured_media":483365,"comment_status":"closed","ping_status":"open","sticky":false,"template":"","format":"standard","meta":{"footnotes":""},"categories":[1],"tags":[],"class_list":["post-483364","post","type-post","status-publish","format-standard","has-post-thumbnail","hentry","category-actualidad"],"aioseo_notices":[],"aioseo_head":"\n\t\t<!-- All in One SEO Pro 5.0.1 - aioseo.com -->\n\t<meta name=\"description\" content=\"Madrid, 4 feb (EFE).- CCOO cree que los datos de paro registrado conocidos hoy no son buenos y asegura que apostar por empleos precarios y mal retribuidos no va a solucionar el &quot;grave&quot; problema de desempleo que padece Espa\u00f1a. En un comunicado, la central sindical asegura que har\u00e1n falta al menos 15 a\u00f1os para recuperar\" \/>\n\t<meta name=\"robots\" content=\"max-image-preview:large\" \/>\n\t<meta name=\"author\" content=\"El Digital de Asturias\"\/>\n\t<meta name=\"google-site-verification\" content=\"UA-38556648-1\" \/>\n\t<meta name=\"msvalidate.01\" content=\"7dfe9f3f1b24437ab69f4f2559babe99\" \/>\n\t<meta name=\"keywords\" content=\"actualidad\" \/>\n\t<link rel=\"canonical\" href=\"https:\/\/www.eldigitaldeasturias.com\/noticias\/ccoo-cree-que-apostar-por-empleos-precarios-no-soluciona-el-problema-del-paro\/\" \/>\n\t<meta name=\"generator\" content=\"All in One SEO Pro (AIOSEO) 5.0.1\" \/>\n\t\t<meta property=\"og:locale\" content=\"es_ES\" \/>\n\t\t<meta property=\"og:site_name\" content=\"El Digital de Asturias\" \/>\n\t\t<meta property=\"og:type\" content=\"article\" \/>\n\t\t<meta property=\"og:title\" content=\"CCOO cree que apostar por empleos precarios no soluciona el problema del paro - El Digital de Asturias\" \/>\n\t\t<meta property=\"og:description\" content=\"Madrid, 4 feb (EFE).- CCOO cree que los datos de paro registrado conocidos hoy no son buenos y asegura que apostar por empleos precarios y mal retribuidos no va a solucionar el &quot;grave&quot; problema de desempleo que padece Espa\u00f1a. En un comunicado, la central sindical asegura que har\u00e1n falta al menos 15 a\u00f1os para recuperar\" \/>\n\t\t<meta property=\"og:url\" content=\"https:\/\/www.eldigitaldeasturias.com\/noticias\/ccoo-cree-que-apostar-por-empleos-precarios-no-soluciona-el-problema-del-paro\/\" \/>\n\t\t<meta property=\"article:tag\" content=\"actualidad\" \/>\n\t\t<meta property=\"article:published_time\" content=\"2014-02-04T21:10:09+00:00\" \/>\n\t\t<meta property=\"article:modified_time\" content=\"2014-02-04T21:10:09+00:00\" \/>\n\t\t<meta property=\"article:publisher\" content=\"https:\/\/facebook.com\/eldigitaldeasturias\" \/>\n\t\t<meta name=\"twitter:card\" content=\"summary_large_image\" \/>\n\t\t<meta name=\"twitter:title\" content=\"CCOO cree que apostar por empleos precarios no soluciona el problema del paro - El Digital de Asturias\" \/>\n\t\t<meta name=\"twitter:description\" content=\"Madrid, 4 feb (EFE).- CCOO cree que los datos de paro registrado conocidos hoy no son buenos y asegura que apostar por empleos precarios y mal retribuidos no va a solucionar el &quot;grave&quot; problema de desempleo que padece Espa\u00f1a. En un comunicado, la central sindical asegura que har\u00e1n falta al menos 15 a\u00f1os para recuperar\" \/>\n\t\t<meta name=\"twitter:label1\" content=\"Escrito por\" \/>\n\t\t<meta name=\"twitter:data1\" content=\"El Digital de Asturias\" \/>\n\t\t<meta name=\"twitter:label2\" content=\"Tiempo de lectura estimado\" \/>\n\t\t<meta name=\"twitter:data2\" content=\"1 minuto\" \/>\n\t\t<script type=\"application\/ld+json\" class=\"aioseo-schema\">\n\t\t\t{\"@context\":\"https:\\\/\\\/schema.org\",\"@graph\":[{\"@type\":\"BlogPosting\",\"@id\":\"https:\\\/\\\/www.eldigitaldeasturias.com\\\/noticias\\\/ccoo-cree-que-apostar-por-empleos-precarios-no-soluciona-el-problema-del-paro\\\/#blogposting\",\"name\":\"CCOO cree que apostar por empleos precarios no soluciona el problema del paro - El Digital de Asturias\",\"headline\":\"CCOO cree que apostar por empleos precarios no soluciona el problema del paro\",\"author\":{\"@id\":\"https:\\\/\\\/www.eldigitaldeasturias.com\\\/noticias\\\/author\\\/admin\\\/#author\"},\"publisher\":{\"@id\":\"https:\\\/\\\/www.eldigitaldeasturias.com\\\/noticias\\\/#organization\"},\"image\":{\"@type\":\"ImageObject\",\"url\":483365},\"datePublished\":\"2014-02-04T20:10:09+01:00\",\"dateModified\":\"2014-02-04T20:10:09+01:00\",\"inLanguage\":\"es-ES\",\"mainEntityOfPage\":{\"@id\":\"https:\\\/\\\/www.eldigitaldeasturias.com\\\/noticias\\\/ccoo-cree-que-apostar-por-empleos-precarios-no-soluciona-el-problema-del-paro\\\/#webpage\"},\"isPartOf\":{\"@id\":\"https:\\\/\\\/www.eldigitaldeasturias.com\\\/noticias\\\/ccoo-cree-que-apostar-por-empleos-precarios-no-soluciona-el-problema-del-paro\\\/#webpage\"},\"articleSection\":\"Actualidad\"},{\"@type\":\"BreadcrumbList\",\"@id\":\"https:\\\/\\\/www.eldigitaldeasturias.com\\\/noticias\\\/ccoo-cree-que-apostar-por-empleos-precarios-no-soluciona-el-problema-del-paro\\\/#breadcrumblist\",\"itemListElement\":[{\"@type\":\"ListItem\",\"@id\":\"https:\\\/\\\/www.eldigitaldeasturias.com\\\/noticias#listItem\",\"position\":1,\"name\":\"Home\",\"item\":\"https:\\\/\\\/www.eldigitaldeasturias.com\\\/noticias\",\"nextItem\":{\"@type\":\"ListItem\",\"@id\":\"https:\\\/\\\/www.eldigitaldeasturias.com\\\/noticias\\\/category\\\/actualidad\\\/#listItem\",\"name\":\"Actualidad\"}},{\"@type\":\"ListItem\",\"@id\":\"https:\\\/\\\/www.eldigitaldeasturias.com\\\/noticias\\\/category\\\/actualidad\\\/#listItem\",\"position\":2,\"name\":\"Actualidad\",\"item\":\"https:\\\/\\\/www.eldigitaldeasturias.com\\\/noticias\\\/category\\\/actualidad\\\/\",\"nextItem\":{\"@type\":\"ListItem\",\"@id\":\"https:\\\/\\\/www.eldigitaldeasturias.com\\\/noticias\\\/ccoo-cree-que-apostar-por-empleos-precarios-no-soluciona-el-problema-del-paro\\\/#listItem\",\"name\":\"CCOO cree que apostar por empleos precarios no soluciona el problema del paro\"},\"previousItem\":{\"@type\":\"ListItem\",\"@id\":\"https:\\\/\\\/www.eldigitaldeasturias.com\\\/noticias#listItem\",\"name\":\"Home\"}},{\"@type\":\"ListItem\",\"@id\":\"https:\\\/\\\/www.eldigitaldeasturias.com\\\/noticias\\\/ccoo-cree-que-apostar-por-empleos-precarios-no-soluciona-el-problema-del-paro\\\/#listItem\",\"position\":3,\"name\":\"CCOO cree que apostar por empleos precarios no soluciona el problema del paro\",\"previousItem\":{\"@type\":\"ListItem\",\"@id\":\"https:\\\/\\\/www.eldigitaldeasturias.com\\\/noticias\\\/category\\\/actualidad\\\/#listItem\",\"name\":\"Actualidad\"}}]},{\"@type\":\"Organization\",\"@id\":\"https:\\\/\\\/www.eldigitaldeasturias.com\\\/noticias\\\/#organization\",\"name\":\"El Digital de Asturias\",\"description\":\"Hemeroteca\",\"url\":\"https:\\\/\\\/www.eldigitaldeasturias.com\\\/noticias\\\/\",\"email\":\"info@eldigitaldeasturias.com\",\"telephone\":\"+34652131393\",\"logo\":{\"@type\":\"ImageObject\",\"url\":\"https:\\\/\\\/www.eldigitaldeasturias.com\\\/noticias\\\/wp-content\\\/uploads\\\/2020\\\/12\\\/EDA.jpg\",\"@id\":\"https:\\\/\\\/www.eldigitaldeasturias.com\\\/noticias\\\/ccoo-cree-que-apostar-por-empleos-precarios-no-soluciona-el-problema-del-paro\\\/#organizationLogo\"},\"image\":{\"@id\":\"https:\\\/\\\/www.eldigitaldeasturias.com\\\/noticias\\\/ccoo-cree-que-apostar-por-empleos-precarios-no-soluciona-el-problema-del-paro\\\/#organizationLogo\"},\"sameAs\":[\"https:\\\/\\\/facebook.com\\\/eldigitaldeasturias\",\"https:\\\/\\\/www.youtube.com\\\/channel\\\/UCZP-2wLEB9Rv6erhFmqVnvg\"],\"address\":{\"@id\":\"https:\\\/\\\/www.eldigitaldeasturias.com\\\/noticias\\\/#postaladdress\",\"@type\":\"PostalAddress\",\"streetAddress\":\"san antonio 4\",\"postalCode\":\"33430\",\"addressLocality\":\"Cand\\u00e1s\",\"addressRegion\":\"Asturias\",\"addressCountry\":\"ES\"}},{\"@type\":\"Person\",\"@id\":\"https:\\\/\\\/www.eldigitaldeasturias.com\\\/noticias\\\/author\\\/admin\\\/#author\",\"url\":\"https:\\\/\\\/www.eldigitaldeasturias.com\\\/noticias\\\/author\\\/admin\\\/\",\"name\":\"El Digital de Asturias\",\"image\":{\"@type\":\"ImageObject\",\"@id\":\"https:\\\/\\\/www.eldigitaldeasturias.com\\\/noticias\\\/ccoo-cree-que-apostar-por-empleos-precarios-no-soluciona-el-problema-del-paro\\\/#authorImage\",\"url\":\"https:\\\/\\\/secure.gravatar.com\\\/avatar\\\/df2aeffc32bcd13f8d26072ef8a91b623d677766deac7f97ca815868cd41bf5e?s=96&d=mm&r=g\",\"width\":96,\"height\":96,\"caption\":\"El Digital de Asturias\"}},{\"@type\":\"WebPage\",\"@id\":\"https:\\\/\\\/www.eldigitaldeasturias.com\\\/noticias\\\/ccoo-cree-que-apostar-por-empleos-precarios-no-soluciona-el-problema-del-paro\\\/#webpage\",\"url\":\"https:\\\/\\\/www.eldigitaldeasturias.com\\\/noticias\\\/ccoo-cree-que-apostar-por-empleos-precarios-no-soluciona-el-problema-del-paro\\\/\",\"name\":\"CCOO cree que apostar por empleos precarios no soluciona el problema del paro - El Digital de Asturias\",\"description\":\"Madrid, 4 feb (EFE).- CCOO cree que los datos de paro registrado conocidos hoy no son buenos y asegura que apostar por empleos precarios y mal retribuidos no va a solucionar el \\\"grave\\\" problema de desempleo que padece Espa\\u00f1a. En un comunicado, la central sindical asegura que har\\u00e1n falta al menos 15 a\\u00f1os para recuperar\",\"inLanguage\":\"es-ES\",\"isPartOf\":{\"@id\":\"https:\\\/\\\/www.eldigitaldeasturias.com\\\/noticias\\\/#website\"},\"breadcrumb\":{\"@id\":\"https:\\\/\\\/www.eldigitaldeasturias.com\\\/noticias\\\/ccoo-cree-que-apostar-por-empleos-precarios-no-soluciona-el-problema-del-paro\\\/#breadcrumblist\"},\"author\":{\"@id\":\"https:\\\/\\\/www.eldigitaldeasturias.com\\\/noticias\\\/author\\\/admin\\\/#author\"},\"creator\":{\"@id\":\"https:\\\/\\\/www.eldigitaldeasturias.com\\\/noticias\\\/author\\\/admin\\\/#author\"},\"image\":{\"@type\":\"ImageObject\",\"url\":483365,\"@id\":\"https:\\\/\\\/www.eldigitaldeasturias.com\\\/noticias\\\/ccoo-cree-que-apostar-por-empleos-precarios-no-soluciona-el-problema-del-paro\\\/#mainImage\"},\"primaryImageOfPage\":{\"@id\":\"https:\\\/\\\/www.eldigitaldeasturias.com\\\/noticias\\\/ccoo-cree-que-apostar-por-empleos-precarios-no-soluciona-el-problema-del-paro\\\/#mainImage\"},\"datePublished\":\"2014-02-04T20:10:09+01:00\",\"dateModified\":\"2014-02-04T20:10:09+01:00\"},{\"@type\":\"WebSite\",\"@id\":\"https:\\\/\\\/www.eldigitaldeasturias.com\\\/noticias\\\/#website\",\"url\":\"https:\\\/\\\/www.eldigitaldeasturias.com\\\/noticias\\\/\",\"name\":\"El Digital de Asturias - Diario de actualidad y noticias\",\"alternateName\":\"El Digital de Asturias - Diario de actualidad y noticias\",\"description\":\"Hemeroteca\",\"inLanguage\":\"es-ES\",\"publisher\":{\"@id\":\"https:\\\/\\\/www.eldigitaldeasturias.com\\\/noticias\\\/#organization\"}}]}\n\t\t<\/script>\n\t\t<!-- All in One SEO Pro -->\r\n\t\t<title>CCOO cree que apostar por empleos precarios no soluciona el problema del paro - El Digital de Asturias<\/title>\n\n","aioseo_head_json":{"title":"CCOO cree que apostar por empleos precarios no soluciona el problema del paro - El Digital de Asturias","description":"Madrid, 4 feb (EFE).- CCOO cree que los datos de paro registrado conocidos hoy no son buenos y asegura que apostar por empleos precarios y mal retribuidos no va a solucionar el \"grave\" problema de desempleo que padece Espa\u00f1a. En un comunicado, la central sindical asegura que har\u00e1n falta al menos 15 a\u00f1os para recuperar","canonical_url":"https:\/\/www.eldigitaldeasturias.com\/noticias\/ccoo-cree-que-apostar-por-empleos-precarios-no-soluciona-el-problema-del-paro\/","robots":"max-image-preview:large","keywords":"actualidad","webmasterTools":{"google-site-verification":"UA-38556648-1","msvalidate.01":"7dfe9f3f1b24437ab69f4f2559babe99","miscellaneous":""},"schema":{"@context":"https:\/\/schema.org","@graph":[{"@type":"BlogPosting","@id":"https:\/\/www.eldigitaldeasturias.com\/noticias\/ccoo-cree-que-apostar-por-empleos-precarios-no-soluciona-el-problema-del-paro\/#blogposting","name":"CCOO cree que apostar por empleos precarios no soluciona el problema del paro - El Digital de Asturias","headline":"CCOO cree que apostar por empleos precarios no soluciona el problema del paro","author":{"@id":"https:\/\/www.eldigitaldeasturias.com\/noticias\/author\/admin\/#author"},"publisher":{"@id":"https:\/\/www.eldigitaldeasturias.com\/noticias\/#organization"},"image":{"@type":"ImageObject","url":483365},"datePublished":"2014-02-04T20:10:09+01:00","dateModified":"2014-02-04T20:10:09+01:00","inLanguage":"es-ES","mainEntityOfPage":{"@id":"https:\/\/www.eldigitaldeasturias.com\/noticias\/ccoo-cree-que-apostar-por-empleos-precarios-no-soluciona-el-problema-del-paro\/#webpage"},"isPartOf":{"@id":"https:\/\/www.eldigitaldeasturias.com\/noticias\/ccoo-cree-que-apostar-por-empleos-precarios-no-soluciona-el-problema-del-paro\/#webpage"},"articleSection":"Actualidad"},{"@type":"BreadcrumbList","@id":"https:\/\/www.eldigitaldeasturias.com\/noticias\/ccoo-cree-que-apostar-por-empleos-precarios-no-soluciona-el-problema-del-paro\/#breadcrumblist","itemListElement":[{"@type":"ListItem","@id":"https:\/\/www.eldigitaldeasturias.com\/noticias#listItem","position":1,"name":"Home","item":"https:\/\/www.eldigitaldeasturias.com\/noticias","nextItem":{"@type":"ListItem","@id":"https:\/\/www.eldigitaldeasturias.com\/noticias\/category\/actualidad\/#listItem","name":"Actualidad"}},{"@type":"ListItem","@id":"https:\/\/www.eldigitaldeasturias.com\/noticias\/category\/actualidad\/#listItem","position":2,"name":"Actualidad","item":"https:\/\/www.eldigitaldeasturias.com\/noticias\/category\/actualidad\/","nextItem":{"@type":"ListItem","@id":"https:\/\/www.eldigitaldeasturias.com\/noticias\/ccoo-cree-que-apostar-por-empleos-precarios-no-soluciona-el-problema-del-paro\/#listItem","name":"CCOO cree que apostar por empleos precarios no soluciona el problema del paro"},"previousItem":{"@type":"ListItem","@id":"https:\/\/www.eldigitaldeasturias.com\/noticias#listItem","name":"Home"}},{"@type":"ListItem","@id":"https:\/\/www.eldigitaldeasturias.com\/noticias\/ccoo-cree-que-apostar-por-empleos-precarios-no-soluciona-el-problema-del-paro\/#listItem","position":3,"name":"CCOO cree que apostar por empleos precarios no soluciona el problema del paro","previousItem":{"@type":"ListItem","@id":"https:\/\/www.eldigitaldeasturias.com\/noticias\/category\/actualidad\/#listItem","name":"Actualidad"}}]},{"@type":"Organization","@id":"https:\/\/www.eldigitaldeasturias.com\/noticias\/#organization","name":"El Digital de Asturias","description":"Hemeroteca","url":"https:\/\/www.eldigitaldeasturias.com\/noticias\/","email":"info@eldigitaldeasturias.com","telephone":"+34652131393","logo":{"@type":"ImageObject","url":"https:\/\/www.eldigitaldeasturias.com\/noticias\/wp-content\/uploads\/2020\/12\/EDA.jpg","@id":"https:\/\/www.eldigitaldeasturias.com\/noticias\/ccoo-cree-que-apostar-por-empleos-precarios-no-soluciona-el-problema-del-paro\/#organizationLogo"},"image":{"@id":"https:\/\/www.eldigitaldeasturias.com\/noticias\/ccoo-cree-que-apostar-por-empleos-precarios-no-soluciona-el-problema-del-paro\/#organizationLogo"},"sameAs":["https:\/\/facebook.com\/eldigitaldeasturias","https:\/\/www.youtube.com\/channel\/UCZP-2wLEB9Rv6erhFmqVnvg"],"address":{"@id":"https:\/\/www.eldigitaldeasturias.com\/noticias\/#postaladdress","@type":"PostalAddress","streetAddress":"san antonio 4","postalCode":"33430","addressLocality":"Cand\u00e1s","addressRegion":"Asturias","addressCountry":"ES"}},{"@type":"Person","@id":"https:\/\/www.eldigitaldeasturias.com\/noticias\/author\/admin\/#author","url":"https:\/\/www.eldigitaldeasturias.com\/noticias\/author\/admin\/","name":"El Digital de Asturias","image":{"@type":"ImageObject","@id":"https:\/\/www.eldigitaldeasturias.com\/noticias\/ccoo-cree-que-apostar-por-empleos-precarios-no-soluciona-el-problema-del-paro\/#authorImage","url":"https:\/\/secure.gravatar.com\/avatar\/df2aeffc32bcd13f8d26072ef8a91b623d677766deac7f97ca815868cd41bf5e?s=96&d=mm&r=g","width":96,"height":96,"caption":"El Digital de Asturias"}},{"@type":"WebPage","@id":"https:\/\/www.eldigitaldeasturias.com\/noticias\/ccoo-cree-que-apostar-por-empleos-precarios-no-soluciona-el-problema-del-paro\/#webpage","url":"https:\/\/www.eldigitaldeasturias.com\/noticias\/ccoo-cree-que-apostar-por-empleos-precarios-no-soluciona-el-problema-del-paro\/","name":"CCOO cree que apostar por empleos precarios no soluciona el problema del paro - El Digital de Asturias","description":"Madrid, 4 feb (EFE).- CCOO cree que los datos de paro registrado conocidos hoy no son buenos y asegura que apostar por empleos precarios y mal retribuidos no va a solucionar el \"grave\" problema de desempleo que padece Espa\u00f1a. En un comunicado, la central sindical asegura que har\u00e1n falta al menos 15 a\u00f1os para recuperar","inLanguage":"es-ES","isPartOf":{"@id":"https:\/\/www.eldigitaldeasturias.com\/noticias\/#website"},"breadcrumb":{"@id":"https:\/\/www.eldigitaldeasturias.com\/noticias\/ccoo-cree-que-apostar-por-empleos-precarios-no-soluciona-el-problema-del-paro\/#breadcrumblist"},"author":{"@id":"https:\/\/www.eldigitaldeasturias.com\/noticias\/author\/admin\/#author"},"creator":{"@id":"https:\/\/www.eldigitaldeasturias.com\/noticias\/author\/admin\/#author"},"image":{"@type":"ImageObject","url":483365,"@id":"https:\/\/www.eldigitaldeasturias.com\/noticias\/ccoo-cree-que-apostar-por-empleos-precarios-no-soluciona-el-problema-del-paro\/#mainImage"},"primaryImageOfPage":{"@id":"https:\/\/www.eldigitaldeasturias.com\/noticias\/ccoo-cree-que-apostar-por-empleos-precarios-no-soluciona-el-problema-del-paro\/#mainImage"},"datePublished":"2014-02-04T20:10:09+01:00","dateModified":"2014-02-04T20:10:09+01:00"},{"@type":"WebSite","@id":"https:\/\/www.eldigitaldeasturias.com\/noticias\/#website","url":"https:\/\/www.eldigitaldeasturias.com\/noticias\/","name":"El Digital de Asturias - Diario de actualidad y noticias","alternateName":"El Digital de Asturias - Diario de actualidad y noticias","description":"Hemeroteca","inLanguage":"es-ES","publisher":{"@id":"https:\/\/www.eldigitaldeasturias.com\/noticias\/#organization"}}]},"og:locale":"es_ES","og:site_name":"El Digital de Asturias","og:type":"article","og:title":"CCOO cree que apostar por empleos precarios no soluciona el problema del paro - El Digital de Asturias","og:description":"Madrid, 4 feb (EFE).- CCOO cree que los datos de paro registrado conocidos hoy no son buenos y asegura que apostar por empleos precarios y mal retribuidos no va a solucionar el &quot;grave&quot; problema de desempleo que padece Espa\u00f1a. En un comunicado, la central sindical asegura que har\u00e1n falta al menos 15 a\u00f1os para recuperar","og:url":"https:\/\/www.eldigitaldeasturias.com\/noticias\/ccoo-cree-que-apostar-por-empleos-precarios-no-soluciona-el-problema-del-paro\/","article:tag":["actualidad"],"article:published_time":"2014-02-04T21:10:09+00:00","article:modified_time":"2014-02-04T21:10:09+00:00","article:publisher":"https:\/\/facebook.com\/eldigitaldeasturias","twitter:card":"summary_large_image","twitter:title":"CCOO cree que apostar por empleos precarios no soluciona el problema del paro - El Digital de Asturias","twitter:description":"Madrid, 4 feb (EFE).- CCOO cree que los datos de paro registrado conocidos hoy no son buenos y asegura que apostar por empleos precarios y mal retribuidos no va a solucionar el &quot;grave&quot; problema de desempleo que padece Espa\u00f1a. En un comunicado, la central sindical asegura que har\u00e1n falta al menos 15 a\u00f1os para recuperar","twitter:label1":"Escrito por","twitter:data1":"El Digital de Asturias","twitter:label2":"Tiempo de lectura estimado","twitter:data2":"1 minuto"},"aioseo_meta_data":{"post_id":"483364","title":null,"description":null,"keywords":null,"keyphrases":null,"primary_term":null,"canonical_url":null,"og_title":null,"og_description":null,"og_object_type":"default","og_image_type":"default","og_image_url":null,"og_image_width":null,"og_image_height":null,"og_image_custom_url":null,"og_image_custom_fields":null,"og_video":null,"og_custom_url":null,"og_article_section":null,"og_article_tags":null,"twitter_use_og":true,"twitter_card":"default","twitter_image_type":"default","twitter_image_url":null,"twitter_image_custom_url":null,"twitter_image_custom_fields":null,"twitter_title":null,"twitter_description":null,"schema":{"blockGraphs":[],"customGraphs":[],"default":{"data":{"Article":[],"Course":[],"Dataset":[],"FAQPage":[],"Movie":[],"Person":[],"Product":[],"ProductReview":[],"Car":[],"Recipe":[],"Service":[],"SoftwareApplication":[],"WebPage":[]},"graphName":"","isEnabled":true},"graphs":[],"defaultGraph":"","defaultPostTypeGraph":""},"schema_type":null,"schema_type_options":null,"pillar_content":false,"robots_default":true,"robots_noindex":false,"robots_noarchive":false,"robots_nosnippet":false,"robots_nofollow":false,"robots_noimageindex":false,"robots_noodp":false,"robots_notranslate":false,"robots_max_snippet":null,"robots_max_videopreview":null,"robots_max_imagepreview":"none","priority":null,"frequency":null,"local_seo":null,"seo_analyzer_scan_date":"2026-06-02 12:39:49","breadcrumb_settings":null,"limit_modified_date":false,"open_ai":null,"ai":null,"created":"2020-11-14 22:54:45","updated":"2026-06-02 12:39:49","focus_keyword":null,"additional_keywords":null,"truseo_locale":null},"aioseo_breadcrumb":"<div class=\"aioseo-breadcrumbs\"><span class=\"aioseo-breadcrumb\">\n\t<a href=\"https:\/\/www.eldigitaldeasturias.com\/noticias\" title=\"Home\">Home<\/a>\n<\/span><span class=\"aioseo-breadcrumb-separator\">\u2013<\/span><span class=\"aioseo-breadcrumb\">\n\t<a href=\"https:\/\/www.eldigitaldeasturias.com\/noticias\/category\/actualidad\/\" title=\"Actualidad\">Actualidad<\/a>\n<\/span><span class=\"aioseo-breadcrumb-separator\">\u2013<\/span><span class=\"aioseo-breadcrumb\">\n\t<a href=\"https:\/\/www.eldigitaldeasturias.com\/noticias\/ccoo-cree-que-apostar-por-empleos-precarios-no-soluciona-el-problema-del-paro\/\" title=\"CCOO cree que apostar por empleos precarios no soluciona el problema del paro\">CCOO cree que apostar por empleos precarios no soluciona el problema del paro<\/a>\n<\/span><\/div>","aioseo_breadcrumb_json":[{"label":"Home","link":"https:\/\/www.eldigitaldeasturias.com\/noticias"},{"label":"Actualidad","link":"https:\/\/www.eldigitaldeasturias.com\/noticias\/category\/actualidad\/"},{"label":"CCOO cree que apostar por empleos precarios no soluciona el problema del paro","link":"https:\/\/www.eldigitaldeasturias.com\/noticias\/ccoo-cree-que-apostar-por-empleos-precarios-no-soluciona-el-problema-del-paro\/"}],"_links":{"self":[{"href":"https:\/\/www.eldigitaldeasturias.com\/noticias\/wp-json\/wp\/v2\/posts\/483364","targetHints":{"allow":["GET"]}}],"collection":[{"href":"https:\/\/www.eldigitaldeasturias.com\/noticias\/wp-json\/wp\/v2\/posts"}],"about":[{"href":"https:\/\/www.eldigitaldeasturias.com\/noticias\/wp-json\/wp\/v2\/types\/post"}],"author":[{"embeddable":true,"href":"https:\/\/www.eldigitaldeasturias.com\/noticias\/wp-json\/wp\/v2\/users\/1"}],"replies":[{"embeddable":true,"href":"https:\/\/www.eldigitaldeasturias.com\/noticias\/wp-json\/wp\/v2\/comments?post=483364"}],"version-history":[{"count":0,"href":"https:\/\/www.eldigitaldeasturias.com\/noticias\/wp-json\/wp\/v2\/posts\/483364\/revisions"}],"wp:attachment":[{"href":"https:\/\/www.eldigitaldeasturias.com\/noticias\/wp-json\/wp\/v2\/media?parent=483364"}],"wp:term":[{"taxonomy":"category","embeddable":true,"href":"https:\/\/www.eldigitaldeasturias.com\/noticias\/wp-json\/wp\/v2\/categories?post=483364"},{"taxonomy":"post_tag","embeddable":true,"href":"https:\/\/www.eldigitaldeasturias.com\/noticias\/wp-json\/wp\/v2\/tags?post=483364"}],"curies":[{"name":"wp","href":"https:\/\/api.w.org\/{rel}","templated":true}]}}