{"id":483346,"date":"2014-02-04T20:01:21","date_gmt":"2014-02-04T21:01:21","guid":{"rendered":"http:\/\/www.eldigitaldeasturias.com\/noticias\/?p=483346"},"modified":"2014-02-04T20:01:21","modified_gmt":"2014-02-04T21:01:21","slug":"upyd-interpreta-los-datos-del-paro-como-doce-anos-perdidos","status":"publish","type":"post","link":"https:\/\/www.eldigitaldeasturias.com\/noticias\/upyd-interpreta-los-datos-del-paro-como-doce-anos-perdidos\/","title":{"rendered":"UPyD interpreta los datos del paro como \u00abdoce a\u00f1os perdidos\u00bb"},"content":{"rendered":"<p><img loading=\"lazy\" decoding=\"async\" class=\"alignleft size-medium wp-image-483347\" alt=\"5907077w\" src=\"https:\/\/www.eldigitaldeasturias.com\/noticias\/wp-content\/uploads\/2014\/02\/5907077w-360x242.jpg\" width=\"360\" height=\"242\" \/>Madrid, 4 feb (EFE).- El diputado de UPyD Carlos Mart\u00ednez Gorriar\u00e1n, ha considerado hoy que el dato del paro del mes de enero -con un crecimiento de 113.097 desempleados- es una \u00abcertificaci\u00f3n del fracaso\u00bb de la reforma laboral que demuestra que ha habido \u00abdoce a\u00f1os perdidos econ\u00f3micamente como pa\u00eds\u00bb.<\/p>\n<p>Gorriar\u00e1n, en declaraciones a los periodistas en el Congreso, ha afirmado que, \u00abpese a lo que dice el Gobierno y Rajoy\u00bb, se ha destruido empleo y tenemos el mismo n\u00famero de empleados que en 2002.<\/p>\n<p>\u00abSon doce a\u00f1os perdidos, y no solo doce a\u00f1os perdidos en el empleo, sino adem\u00e1s son empleos peor pagados que en el a\u00f1o 2002 respecto al coste de la vida\u00bb, ha recalcado tras se\u00f1alar que \u00abestamos empobreci\u00e9ndonos a una gran velocidad\u00bb con puestos de trabajo peor pagados y m\u00e1s precarios.<\/p>\n<p>Asimismo, se ha mostrado de acuerdo con la interpretaci\u00f3n de la Organizaci\u00f3n Internacional del Trabajo (OIT) sobre que se ha destruido en Espa\u00f1a mucho tejido social.<\/p>\n<p>En este sentido, ha subrayado que adem\u00e1s de una crisis econ\u00f3mica, lo que se ha producido es una crisis social muy importante con sectores profesionales y la clase media \u00abcayendo en la precariedad m\u00e1s absoluta y la marginaci\u00f3n\u00bb.<\/p>\n","protected":false},"excerpt":{"rendered":"<p>Madrid, 4 feb (EFE).- El diputado de UPyD Carlos Mart\u00ednez Gorriar\u00e1n, ha considerado hoy que el dato del paro del mes de enero -con un crecimiento de 113.097 desempleados- es una \u00abcertificaci\u00f3n del fracaso\u00bb de la reforma laboral que demuestra que ha habido \u00abdoce a\u00f1os perdidos econ\u00f3micamente como pa\u00eds\u00bb. Gorriar\u00e1n, en declaraciones a los periodistas [&hellip;]<\/p>\n","protected":false},"author":1,"featured_media":483347,"comment_status":"closed","ping_status":"open","sticky":false,"template":"","format":"standard","meta":{"footnotes":""},"categories":[1],"tags":[],"class_list":["post-483346","post","type-post","status-publish","format-standard","has-post-thumbnail","hentry","category-actualidad"],"aioseo_notices":[],"aioseo_head":"\n\t\t<!-- All in One SEO Pro 5.0.1 - aioseo.com -->\n\t<meta name=\"description\" content=\"Madrid, 4 feb (EFE).- El diputado de UPyD Carlos Mart\u00ednez Gorriar\u00e1n, ha considerado hoy que el dato del paro del mes de enero -con un crecimiento de 113.097 desempleados- es una &quot;certificaci\u00f3n del fracaso&quot; de la reforma laboral que demuestra que ha habido &quot;doce a\u00f1os perdidos econ\u00f3micamente como pa\u00eds&quot;. Gorriar\u00e1n, en declaraciones a los periodistas\" \/>\n\t<meta name=\"robots\" content=\"max-image-preview:large\" \/>\n\t<meta name=\"author\" content=\"El Digital de Asturias\"\/>\n\t<meta name=\"google-site-verification\" content=\"UA-38556648-1\" \/>\n\t<meta name=\"msvalidate.01\" content=\"7dfe9f3f1b24437ab69f4f2559babe99\" \/>\n\t<meta name=\"keywords\" content=\"actualidad\" \/>\n\t<link rel=\"canonical\" href=\"https:\/\/www.eldigitaldeasturias.com\/noticias\/upyd-interpreta-los-datos-del-paro-como-doce-anos-perdidos\/\" \/>\n\t<meta name=\"generator\" content=\"All in One SEO Pro (AIOSEO) 5.0.1\" \/>\n\t\t<meta property=\"og:locale\" content=\"es_ES\" \/>\n\t\t<meta property=\"og:site_name\" content=\"El Digital de Asturias\" \/>\n\t\t<meta property=\"og:type\" content=\"article\" \/>\n\t\t<meta property=\"og:title\" content=\"UPyD interpreta los datos del paro como \u00abdoce a\u00f1os perdidos\u00bb - El Digital de Asturias\" \/>\n\t\t<meta property=\"og:description\" content=\"Madrid, 4 feb (EFE).- El diputado de UPyD Carlos Mart\u00ednez Gorriar\u00e1n, ha considerado hoy que el dato del paro del mes de enero -con un crecimiento de 113.097 desempleados- es una &quot;certificaci\u00f3n del fracaso&quot; de la reforma laboral que demuestra que ha habido &quot;doce a\u00f1os perdidos econ\u00f3micamente como pa\u00eds&quot;. Gorriar\u00e1n, en declaraciones a los periodistas\" \/>\n\t\t<meta property=\"og:url\" content=\"https:\/\/www.eldigitaldeasturias.com\/noticias\/upyd-interpreta-los-datos-del-paro-como-doce-anos-perdidos\/\" \/>\n\t\t<meta property=\"article:tag\" content=\"actualidad\" \/>\n\t\t<meta property=\"article:published_time\" content=\"2014-02-04T21:01:21+00:00\" \/>\n\t\t<meta property=\"article:modified_time\" content=\"2014-02-04T21:01:21+00:00\" \/>\n\t\t<meta property=\"article:publisher\" content=\"https:\/\/facebook.com\/eldigitaldeasturias\" \/>\n\t\t<meta name=\"twitter:card\" content=\"summary_large_image\" \/>\n\t\t<meta name=\"twitter:title\" content=\"UPyD interpreta los datos del paro como \u00abdoce a\u00f1os perdidos\u00bb - El Digital de Asturias\" \/>\n\t\t<meta name=\"twitter:description\" content=\"Madrid, 4 feb (EFE).- El diputado de UPyD Carlos Mart\u00ednez Gorriar\u00e1n, ha considerado hoy que el dato del paro del mes de enero -con un crecimiento de 113.097 desempleados- es una &quot;certificaci\u00f3n del fracaso&quot; de la reforma laboral que demuestra que ha habido &quot;doce a\u00f1os perdidos econ\u00f3micamente como pa\u00eds&quot;. Gorriar\u00e1n, en declaraciones a los periodistas\" \/>\n\t\t<meta name=\"twitter:label1\" content=\"Escrito por\" \/>\n\t\t<meta name=\"twitter:data1\" content=\"El Digital de Asturias\" \/>\n\t\t<meta name=\"twitter:label2\" content=\"Tiempo de lectura estimado\" \/>\n\t\t<meta name=\"twitter:data2\" content=\"1 minuto\" \/>\n\t\t<script type=\"application\/ld+json\" class=\"aioseo-schema\">\n\t\t\t{\"@context\":\"https:\\\/\\\/schema.org\",\"@graph\":[{\"@type\":\"BlogPosting\",\"@id\":\"https:\\\/\\\/www.eldigitaldeasturias.com\\\/noticias\\\/upyd-interpreta-los-datos-del-paro-como-doce-anos-perdidos\\\/#blogposting\",\"name\":\"UPyD interpreta los datos del paro como \\u00abdoce a\\u00f1os perdidos\\u00bb - El Digital de Asturias\",\"headline\":\"UPyD interpreta los datos del paro como \\u00abdoce a\\u00f1os perdidos\\u00bb\",\"author\":{\"@id\":\"https:\\\/\\\/www.eldigitaldeasturias.com\\\/noticias\\\/author\\\/admin\\\/#author\"},\"publisher\":{\"@id\":\"https:\\\/\\\/www.eldigitaldeasturias.com\\\/noticias\\\/#organization\"},\"image\":{\"@type\":\"ImageObject\",\"url\":483347},\"datePublished\":\"2014-02-04T20:01:21+01:00\",\"dateModified\":\"2014-02-04T20:01:21+01:00\",\"inLanguage\":\"es-ES\",\"mainEntityOfPage\":{\"@id\":\"https:\\\/\\\/www.eldigitaldeasturias.com\\\/noticias\\\/upyd-interpreta-los-datos-del-paro-como-doce-anos-perdidos\\\/#webpage\"},\"isPartOf\":{\"@id\":\"https:\\\/\\\/www.eldigitaldeasturias.com\\\/noticias\\\/upyd-interpreta-los-datos-del-paro-como-doce-anos-perdidos\\\/#webpage\"},\"articleSection\":\"Actualidad\"},{\"@type\":\"BreadcrumbList\",\"@id\":\"https:\\\/\\\/www.eldigitaldeasturias.com\\\/noticias\\\/upyd-interpreta-los-datos-del-paro-como-doce-anos-perdidos\\\/#breadcrumblist\",\"itemListElement\":[{\"@type\":\"ListItem\",\"@id\":\"https:\\\/\\\/www.eldigitaldeasturias.com\\\/noticias#listItem\",\"position\":1,\"name\":\"Home\",\"item\":\"https:\\\/\\\/www.eldigitaldeasturias.com\\\/noticias\",\"nextItem\":{\"@type\":\"ListItem\",\"@id\":\"https:\\\/\\\/www.eldigitaldeasturias.com\\\/noticias\\\/category\\\/actualidad\\\/#listItem\",\"name\":\"Actualidad\"}},{\"@type\":\"ListItem\",\"@id\":\"https:\\\/\\\/www.eldigitaldeasturias.com\\\/noticias\\\/category\\\/actualidad\\\/#listItem\",\"position\":2,\"name\":\"Actualidad\",\"item\":\"https:\\\/\\\/www.eldigitaldeasturias.com\\\/noticias\\\/category\\\/actualidad\\\/\",\"nextItem\":{\"@type\":\"ListItem\",\"@id\":\"https:\\\/\\\/www.eldigitaldeasturias.com\\\/noticias\\\/upyd-interpreta-los-datos-del-paro-como-doce-anos-perdidos\\\/#listItem\",\"name\":\"UPyD interpreta los datos del paro como \\u00abdoce a\\u00f1os perdidos\\u00bb\"},\"previousItem\":{\"@type\":\"ListItem\",\"@id\":\"https:\\\/\\\/www.eldigitaldeasturias.com\\\/noticias#listItem\",\"name\":\"Home\"}},{\"@type\":\"ListItem\",\"@id\":\"https:\\\/\\\/www.eldigitaldeasturias.com\\\/noticias\\\/upyd-interpreta-los-datos-del-paro-como-doce-anos-perdidos\\\/#listItem\",\"position\":3,\"name\":\"UPyD interpreta los datos del paro como \\u00abdoce a\\u00f1os perdidos\\u00bb\",\"previousItem\":{\"@type\":\"ListItem\",\"@id\":\"https:\\\/\\\/www.eldigitaldeasturias.com\\\/noticias\\\/category\\\/actualidad\\\/#listItem\",\"name\":\"Actualidad\"}}]},{\"@type\":\"Organization\",\"@id\":\"https:\\\/\\\/www.eldigitaldeasturias.com\\\/noticias\\\/#organization\",\"name\":\"El Digital de Asturias\",\"description\":\"Hemeroteca\",\"url\":\"https:\\\/\\\/www.eldigitaldeasturias.com\\\/noticias\\\/\",\"email\":\"info@eldigitaldeasturias.com\",\"telephone\":\"+34652131393\",\"logo\":{\"@type\":\"ImageObject\",\"url\":\"https:\\\/\\\/www.eldigitaldeasturias.com\\\/noticias\\\/wp-content\\\/uploads\\\/2020\\\/12\\\/EDA.jpg\",\"@id\":\"https:\\\/\\\/www.eldigitaldeasturias.com\\\/noticias\\\/upyd-interpreta-los-datos-del-paro-como-doce-anos-perdidos\\\/#organizationLogo\"},\"image\":{\"@id\":\"https:\\\/\\\/www.eldigitaldeasturias.com\\\/noticias\\\/upyd-interpreta-los-datos-del-paro-como-doce-anos-perdidos\\\/#organizationLogo\"},\"sameAs\":[\"https:\\\/\\\/facebook.com\\\/eldigitaldeasturias\",\"https:\\\/\\\/www.youtube.com\\\/channel\\\/UCZP-2wLEB9Rv6erhFmqVnvg\"],\"address\":{\"@id\":\"https:\\\/\\\/www.eldigitaldeasturias.com\\\/noticias\\\/#postaladdress\",\"@type\":\"PostalAddress\",\"streetAddress\":\"san antonio 4\",\"postalCode\":\"33430\",\"addressLocality\":\"Cand\\u00e1s\",\"addressRegion\":\"Asturias\",\"addressCountry\":\"ES\"}},{\"@type\":\"Person\",\"@id\":\"https:\\\/\\\/www.eldigitaldeasturias.com\\\/noticias\\\/author\\\/admin\\\/#author\",\"url\":\"https:\\\/\\\/www.eldigitaldeasturias.com\\\/noticias\\\/author\\\/admin\\\/\",\"name\":\"El Digital de Asturias\",\"image\":{\"@type\":\"ImageObject\",\"@id\":\"https:\\\/\\\/www.eldigitaldeasturias.com\\\/noticias\\\/upyd-interpreta-los-datos-del-paro-como-doce-anos-perdidos\\\/#authorImage\",\"url\":\"https:\\\/\\\/secure.gravatar.com\\\/avatar\\\/df2aeffc32bcd13f8d26072ef8a91b623d677766deac7f97ca815868cd41bf5e?s=96&d=mm&r=g\",\"width\":96,\"height\":96,\"caption\":\"El Digital de Asturias\"}},{\"@type\":\"WebPage\",\"@id\":\"https:\\\/\\\/www.eldigitaldeasturias.com\\\/noticias\\\/upyd-interpreta-los-datos-del-paro-como-doce-anos-perdidos\\\/#webpage\",\"url\":\"https:\\\/\\\/www.eldigitaldeasturias.com\\\/noticias\\\/upyd-interpreta-los-datos-del-paro-como-doce-anos-perdidos\\\/\",\"name\":\"UPyD interpreta los datos del paro como \\u00abdoce a\\u00f1os perdidos\\u00bb - El Digital de Asturias\",\"description\":\"Madrid, 4 feb (EFE).- El diputado de UPyD Carlos Mart\\u00ednez Gorriar\\u00e1n, ha considerado hoy que el dato del paro del mes de enero -con un crecimiento de 113.097 desempleados- es una \\\"certificaci\\u00f3n del fracaso\\\" de la reforma laboral que demuestra que ha habido \\\"doce a\\u00f1os perdidos econ\\u00f3micamente como pa\\u00eds\\\". Gorriar\\u00e1n, en declaraciones a los periodistas\",\"inLanguage\":\"es-ES\",\"isPartOf\":{\"@id\":\"https:\\\/\\\/www.eldigitaldeasturias.com\\\/noticias\\\/#website\"},\"breadcrumb\":{\"@id\":\"https:\\\/\\\/www.eldigitaldeasturias.com\\\/noticias\\\/upyd-interpreta-los-datos-del-paro-como-doce-anos-perdidos\\\/#breadcrumblist\"},\"author\":{\"@id\":\"https:\\\/\\\/www.eldigitaldeasturias.com\\\/noticias\\\/author\\\/admin\\\/#author\"},\"creator\":{\"@id\":\"https:\\\/\\\/www.eldigitaldeasturias.com\\\/noticias\\\/author\\\/admin\\\/#author\"},\"image\":{\"@type\":\"ImageObject\",\"url\":483347,\"@id\":\"https:\\\/\\\/www.eldigitaldeasturias.com\\\/noticias\\\/upyd-interpreta-los-datos-del-paro-como-doce-anos-perdidos\\\/#mainImage\"},\"primaryImageOfPage\":{\"@id\":\"https:\\\/\\\/www.eldigitaldeasturias.com\\\/noticias\\\/upyd-interpreta-los-datos-del-paro-como-doce-anos-perdidos\\\/#mainImage\"},\"datePublished\":\"2014-02-04T20:01:21+01:00\",\"dateModified\":\"2014-02-04T20:01:21+01:00\"},{\"@type\":\"WebSite\",\"@id\":\"https:\\\/\\\/www.eldigitaldeasturias.com\\\/noticias\\\/#website\",\"url\":\"https:\\\/\\\/www.eldigitaldeasturias.com\\\/noticias\\\/\",\"name\":\"El Digital de Asturias - Diario de actualidad y noticias\",\"alternateName\":\"El Digital de Asturias - Diario de actualidad y noticias\",\"description\":\"Hemeroteca\",\"inLanguage\":\"es-ES\",\"publisher\":{\"@id\":\"https:\\\/\\\/www.eldigitaldeasturias.com\\\/noticias\\\/#organization\"}}]}\n\t\t<\/script>\n\t\t<!-- All in One SEO Pro -->\r\n\t\t<title>UPyD interpreta los datos del paro como \u00abdoce a\u00f1os perdidos\u00bb - El Digital de Asturias<\/title>\n\n","aioseo_head_json":{"title":"UPyD interpreta los datos del paro como \u00abdoce a\u00f1os perdidos\u00bb - El Digital de Asturias","description":"Madrid, 4 feb (EFE).- El diputado de UPyD Carlos Mart\u00ednez Gorriar\u00e1n, ha considerado hoy que el dato del paro del mes de enero -con un crecimiento de 113.097 desempleados- es una \"certificaci\u00f3n del fracaso\" de la reforma laboral que demuestra que ha habido \"doce a\u00f1os perdidos econ\u00f3micamente como pa\u00eds\". Gorriar\u00e1n, en declaraciones a los periodistas","canonical_url":"https:\/\/www.eldigitaldeasturias.com\/noticias\/upyd-interpreta-los-datos-del-paro-como-doce-anos-perdidos\/","robots":"max-image-preview:large","keywords":"actualidad","webmasterTools":{"google-site-verification":"UA-38556648-1","msvalidate.01":"7dfe9f3f1b24437ab69f4f2559babe99","miscellaneous":""},"schema":{"@context":"https:\/\/schema.org","@graph":[{"@type":"BlogPosting","@id":"https:\/\/www.eldigitaldeasturias.com\/noticias\/upyd-interpreta-los-datos-del-paro-como-doce-anos-perdidos\/#blogposting","name":"UPyD interpreta los datos del paro como \u00abdoce a\u00f1os perdidos\u00bb - El Digital de Asturias","headline":"UPyD interpreta los datos del paro como \u00abdoce a\u00f1os perdidos\u00bb","author":{"@id":"https:\/\/www.eldigitaldeasturias.com\/noticias\/author\/admin\/#author"},"publisher":{"@id":"https:\/\/www.eldigitaldeasturias.com\/noticias\/#organization"},"image":{"@type":"ImageObject","url":483347},"datePublished":"2014-02-04T20:01:21+01:00","dateModified":"2014-02-04T20:01:21+01:00","inLanguage":"es-ES","mainEntityOfPage":{"@id":"https:\/\/www.eldigitaldeasturias.com\/noticias\/upyd-interpreta-los-datos-del-paro-como-doce-anos-perdidos\/#webpage"},"isPartOf":{"@id":"https:\/\/www.eldigitaldeasturias.com\/noticias\/upyd-interpreta-los-datos-del-paro-como-doce-anos-perdidos\/#webpage"},"articleSection":"Actualidad"},{"@type":"BreadcrumbList","@id":"https:\/\/www.eldigitaldeasturias.com\/noticias\/upyd-interpreta-los-datos-del-paro-como-doce-anos-perdidos\/#breadcrumblist","itemListElement":[{"@type":"ListItem","@id":"https:\/\/www.eldigitaldeasturias.com\/noticias#listItem","position":1,"name":"Home","item":"https:\/\/www.eldigitaldeasturias.com\/noticias","nextItem":{"@type":"ListItem","@id":"https:\/\/www.eldigitaldeasturias.com\/noticias\/category\/actualidad\/#listItem","name":"Actualidad"}},{"@type":"ListItem","@id":"https:\/\/www.eldigitaldeasturias.com\/noticias\/category\/actualidad\/#listItem","position":2,"name":"Actualidad","item":"https:\/\/www.eldigitaldeasturias.com\/noticias\/category\/actualidad\/","nextItem":{"@type":"ListItem","@id":"https:\/\/www.eldigitaldeasturias.com\/noticias\/upyd-interpreta-los-datos-del-paro-como-doce-anos-perdidos\/#listItem","name":"UPyD interpreta los datos del paro como \u00abdoce a\u00f1os perdidos\u00bb"},"previousItem":{"@type":"ListItem","@id":"https:\/\/www.eldigitaldeasturias.com\/noticias#listItem","name":"Home"}},{"@type":"ListItem","@id":"https:\/\/www.eldigitaldeasturias.com\/noticias\/upyd-interpreta-los-datos-del-paro-como-doce-anos-perdidos\/#listItem","position":3,"name":"UPyD interpreta los datos del paro como \u00abdoce a\u00f1os perdidos\u00bb","previousItem":{"@type":"ListItem","@id":"https:\/\/www.eldigitaldeasturias.com\/noticias\/category\/actualidad\/#listItem","name":"Actualidad"}}]},{"@type":"Organization","@id":"https:\/\/www.eldigitaldeasturias.com\/noticias\/#organization","name":"El Digital de Asturias","description":"Hemeroteca","url":"https:\/\/www.eldigitaldeasturias.com\/noticias\/","email":"info@eldigitaldeasturias.com","telephone":"+34652131393","logo":{"@type":"ImageObject","url":"https:\/\/www.eldigitaldeasturias.com\/noticias\/wp-content\/uploads\/2020\/12\/EDA.jpg","@id":"https:\/\/www.eldigitaldeasturias.com\/noticias\/upyd-interpreta-los-datos-del-paro-como-doce-anos-perdidos\/#organizationLogo"},"image":{"@id":"https:\/\/www.eldigitaldeasturias.com\/noticias\/upyd-interpreta-los-datos-del-paro-como-doce-anos-perdidos\/#organizationLogo"},"sameAs":["https:\/\/facebook.com\/eldigitaldeasturias","https:\/\/www.youtube.com\/channel\/UCZP-2wLEB9Rv6erhFmqVnvg"],"address":{"@id":"https:\/\/www.eldigitaldeasturias.com\/noticias\/#postaladdress","@type":"PostalAddress","streetAddress":"san antonio 4","postalCode":"33430","addressLocality":"Cand\u00e1s","addressRegion":"Asturias","addressCountry":"ES"}},{"@type":"Person","@id":"https:\/\/www.eldigitaldeasturias.com\/noticias\/author\/admin\/#author","url":"https:\/\/www.eldigitaldeasturias.com\/noticias\/author\/admin\/","name":"El Digital de Asturias","image":{"@type":"ImageObject","@id":"https:\/\/www.eldigitaldeasturias.com\/noticias\/upyd-interpreta-los-datos-del-paro-como-doce-anos-perdidos\/#authorImage","url":"https:\/\/secure.gravatar.com\/avatar\/df2aeffc32bcd13f8d26072ef8a91b623d677766deac7f97ca815868cd41bf5e?s=96&d=mm&r=g","width":96,"height":96,"caption":"El Digital de Asturias"}},{"@type":"WebPage","@id":"https:\/\/www.eldigitaldeasturias.com\/noticias\/upyd-interpreta-los-datos-del-paro-como-doce-anos-perdidos\/#webpage","url":"https:\/\/www.eldigitaldeasturias.com\/noticias\/upyd-interpreta-los-datos-del-paro-como-doce-anos-perdidos\/","name":"UPyD interpreta los datos del paro como \u00abdoce a\u00f1os perdidos\u00bb - El Digital de Asturias","description":"Madrid, 4 feb (EFE).- El diputado de UPyD Carlos Mart\u00ednez Gorriar\u00e1n, ha considerado hoy que el dato del paro del mes de enero -con un crecimiento de 113.097 desempleados- es una \"certificaci\u00f3n del fracaso\" de la reforma laboral que demuestra que ha habido \"doce a\u00f1os perdidos econ\u00f3micamente como pa\u00eds\". Gorriar\u00e1n, en declaraciones a los periodistas","inLanguage":"es-ES","isPartOf":{"@id":"https:\/\/www.eldigitaldeasturias.com\/noticias\/#website"},"breadcrumb":{"@id":"https:\/\/www.eldigitaldeasturias.com\/noticias\/upyd-interpreta-los-datos-del-paro-como-doce-anos-perdidos\/#breadcrumblist"},"author":{"@id":"https:\/\/www.eldigitaldeasturias.com\/noticias\/author\/admin\/#author"},"creator":{"@id":"https:\/\/www.eldigitaldeasturias.com\/noticias\/author\/admin\/#author"},"image":{"@type":"ImageObject","url":483347,"@id":"https:\/\/www.eldigitaldeasturias.com\/noticias\/upyd-interpreta-los-datos-del-paro-como-doce-anos-perdidos\/#mainImage"},"primaryImageOfPage":{"@id":"https:\/\/www.eldigitaldeasturias.com\/noticias\/upyd-interpreta-los-datos-del-paro-como-doce-anos-perdidos\/#mainImage"},"datePublished":"2014-02-04T20:01:21+01:00","dateModified":"2014-02-04T20:01:21+01:00"},{"@type":"WebSite","@id":"https:\/\/www.eldigitaldeasturias.com\/noticias\/#website","url":"https:\/\/www.eldigitaldeasturias.com\/noticias\/","name":"El Digital de Asturias - Diario de actualidad y noticias","alternateName":"El Digital de Asturias - Diario de actualidad y noticias","description":"Hemeroteca","inLanguage":"es-ES","publisher":{"@id":"https:\/\/www.eldigitaldeasturias.com\/noticias\/#organization"}}]},"og:locale":"es_ES","og:site_name":"El Digital de Asturias","og:type":"article","og:title":"UPyD interpreta los datos del paro como \u00abdoce a\u00f1os perdidos\u00bb - El Digital de Asturias","og:description":"Madrid, 4 feb (EFE).- El diputado de UPyD Carlos Mart\u00ednez Gorriar\u00e1n, ha considerado hoy que el dato del paro del mes de enero -con un crecimiento de 113.097 desempleados- es una &quot;certificaci\u00f3n del fracaso&quot; de la reforma laboral que demuestra que ha habido &quot;doce a\u00f1os perdidos econ\u00f3micamente como pa\u00eds&quot;. Gorriar\u00e1n, en declaraciones a los periodistas","og:url":"https:\/\/www.eldigitaldeasturias.com\/noticias\/upyd-interpreta-los-datos-del-paro-como-doce-anos-perdidos\/","article:tag":["actualidad"],"article:published_time":"2014-02-04T21:01:21+00:00","article:modified_time":"2014-02-04T21:01:21+00:00","article:publisher":"https:\/\/facebook.com\/eldigitaldeasturias","twitter:card":"summary_large_image","twitter:title":"UPyD interpreta los datos del paro como \u00abdoce a\u00f1os perdidos\u00bb - El Digital de Asturias","twitter:description":"Madrid, 4 feb (EFE).- El diputado de UPyD Carlos Mart\u00ednez Gorriar\u00e1n, ha considerado hoy que el dato del paro del mes de enero -con un crecimiento de 113.097 desempleados- es una &quot;certificaci\u00f3n del fracaso&quot; de la reforma laboral que demuestra que ha habido &quot;doce a\u00f1os perdidos econ\u00f3micamente como pa\u00eds&quot;. Gorriar\u00e1n, en declaraciones a los periodistas","twitter:label1":"Escrito por","twitter:data1":"El Digital de Asturias","twitter:label2":"Tiempo de lectura estimado","twitter:data2":"1 minuto"},"aioseo_meta_data":{"post_id":"483346","title":null,"description":null,"keywords":null,"keyphrases":null,"primary_term":null,"canonical_url":null,"og_title":null,"og_description":null,"og_object_type":"default","og_image_type":"default","og_image_url":null,"og_image_width":null,"og_image_height":null,"og_image_custom_url":null,"og_image_custom_fields":null,"og_video":null,"og_custom_url":null,"og_article_section":null,"og_article_tags":null,"twitter_use_og":true,"twitter_card":"default","twitter_image_type":"default","twitter_image_url":null,"twitter_image_custom_url":null,"twitter_image_custom_fields":null,"twitter_title":null,"twitter_description":null,"schema":{"blockGraphs":[],"customGraphs":[],"default":{"data":{"Article":[],"Course":[],"Dataset":[],"FAQPage":[],"Movie":[],"Person":[],"Product":[],"ProductReview":[],"Car":[],"Recipe":[],"Service":[],"SoftwareApplication":[],"WebPage":[]},"graphName":"","isEnabled":true},"graphs":[],"defaultGraph":"","defaultPostTypeGraph":""},"schema_type":null,"schema_type_options":null,"pillar_content":false,"robots_default":true,"robots_noindex":false,"robots_noarchive":false,"robots_nosnippet":false,"robots_nofollow":false,"robots_noimageindex":false,"robots_noodp":false,"robots_notranslate":false,"robots_max_snippet":null,"robots_max_videopreview":null,"robots_max_imagepreview":"none","priority":null,"frequency":null,"local_seo":null,"seo_analyzer_scan_date":"2026-06-02 12:37:54","breadcrumb_settings":null,"limit_modified_date":false,"open_ai":null,"ai":null,"created":"2020-11-14 22:54:45","updated":"2026-06-02 12:37:54","focus_keyword":null,"additional_keywords":null,"truseo_locale":null},"aioseo_breadcrumb":"<div class=\"aioseo-breadcrumbs\"><span class=\"aioseo-breadcrumb\">\n\t<a href=\"https:\/\/www.eldigitaldeasturias.com\/noticias\" title=\"Home\">Home<\/a>\n<\/span><span class=\"aioseo-breadcrumb-separator\">\u2013<\/span><span class=\"aioseo-breadcrumb\">\n\t<a href=\"https:\/\/www.eldigitaldeasturias.com\/noticias\/category\/actualidad\/\" title=\"Actualidad\">Actualidad<\/a>\n<\/span><span class=\"aioseo-breadcrumb-separator\">\u2013<\/span><span class=\"aioseo-breadcrumb\">\n\t<a href=\"https:\/\/www.eldigitaldeasturias.com\/noticias\/upyd-interpreta-los-datos-del-paro-como-doce-anos-perdidos\/\" title=\"UPyD interpreta los datos del paro como \u00abdoce a\u00f1os perdidos\u00bb\">UPyD interpreta los datos del paro como \u00abdoce a\u00f1os perdidos\u00bb<\/a>\n<\/span><\/div>","aioseo_breadcrumb_json":[{"label":"Home","link":"https:\/\/www.eldigitaldeasturias.com\/noticias"},{"label":"Actualidad","link":"https:\/\/www.eldigitaldeasturias.com\/noticias\/category\/actualidad\/"},{"label":"UPyD interpreta los datos del paro como \u00abdoce a\u00f1os perdidos\u00bb","link":"https:\/\/www.eldigitaldeasturias.com\/noticias\/upyd-interpreta-los-datos-del-paro-como-doce-anos-perdidos\/"}],"_links":{"self":[{"href":"https:\/\/www.eldigitaldeasturias.com\/noticias\/wp-json\/wp\/v2\/posts\/483346","targetHints":{"allow":["GET"]}}],"collection":[{"href":"https:\/\/www.eldigitaldeasturias.com\/noticias\/wp-json\/wp\/v2\/posts"}],"about":[{"href":"https:\/\/www.eldigitaldeasturias.com\/noticias\/wp-json\/wp\/v2\/types\/post"}],"author":[{"embeddable":true,"href":"https:\/\/www.eldigitaldeasturias.com\/noticias\/wp-json\/wp\/v2\/users\/1"}],"replies":[{"embeddable":true,"href":"https:\/\/www.eldigitaldeasturias.com\/noticias\/wp-json\/wp\/v2\/comments?post=483346"}],"version-history":[{"count":0,"href":"https:\/\/www.eldigitaldeasturias.com\/noticias\/wp-json\/wp\/v2\/posts\/483346\/revisions"}],"wp:attachment":[{"href":"https:\/\/www.eldigitaldeasturias.com\/noticias\/wp-json\/wp\/v2\/media?parent=483346"}],"wp:term":[{"taxonomy":"category","embeddable":true,"href":"https:\/\/www.eldigitaldeasturias.com\/noticias\/wp-json\/wp\/v2\/categories?post=483346"},{"taxonomy":"post_tag","embeddable":true,"href":"https:\/\/www.eldigitaldeasturias.com\/noticias\/wp-json\/wp\/v2\/tags?post=483346"}],"curies":[{"name":"wp","href":"https:\/\/api.w.org\/{rel}","templated":true}]}}