{"id":483341,"date":"2014-02-04T19:56:01","date_gmt":"2014-02-04T20:56:01","guid":{"rendered":"http:\/\/www.eldigitaldeasturias.com\/noticias\/?p=483341"},"modified":"2014-02-04T19:56:01","modified_gmt":"2014-02-04T20:56:01","slug":"scepovic-y-lekic-dejan-de-ocupar-plaza-de-extranjeros-en-el-sporting","status":"publish","type":"post","link":"https:\/\/www.eldigitaldeasturias.com\/noticias\/scepovic-y-lekic-dejan-de-ocupar-plaza-de-extranjeros-en-el-sporting\/","title":{"rendered":"Scepovic y Lekic dejan de ocupar plaza de extranjeros en el Sporting"},"content":{"rendered":"<p><img loading=\"lazy\" decoding=\"async\" class=\"alignleft size-medium wp-image-438679\" alt=\"sandoval\" src=\"https:\/\/www.eldigitaldeasturias.com\/noticias\/wp-content\/uploads\/2013\/10\/sandoval-360x183.jpg\" width=\"360\" height=\"183\" \/>Gij\u00f3n, 4 feb (EFE).- Los dos delanteros serbios del Sporting, Stefan Scepovic y Dejan Lekic, dejan desde hoy de ocupar plaza de extranjeros al aceptar la Federaci\u00f3n Espa\u00f1ola de F\u00fatbol la solicitud que en ese sentido hab\u00eda remitido el club gijon\u00e9s.<\/p>\n<p>El Sporting realiz\u00f3 la petici\u00f3n acogi\u00e9ndose al art\u00edculo 49 del acuerdo de estabilizaci\u00f3n y asociaci\u00f3n entre las Comunidades Europeas y sus estados miembros por una parte y la Rep\u00fablica de Serbia por la otra y que en una de sus cl\u00e1usulas recoge la igualdad legal de los trabajadores serbios en Espa\u00f1a.<\/p>\n<p>La Federaci\u00f3n Espa\u00f1ola de F\u00fatbol remiti\u00f3 esta tarde un comunicado al Sporting en el que autoriza \u00abla expedici\u00f3n de licencia deportiva a favor de los jugadores Lekic y Scepovic para la competici\u00f3n oficial de \u00e1mbito estatal y car\u00e1cter profesional en id\u00e9nticas condiciones que las de cualquier jugador de nacionalidad espa\u00f1ola, comunitaria o de un Estado miembro del Espacio Econ\u00f3mico Europeo\u00bb.<\/p>\n<p>En la pr\u00e1ctica esta medida no tendr\u00e1 consecuencias a la hora de realizar las alineaciones ya que el Sporting s\u00f3lo cuenta con tres jugadores no nacidos en Espa\u00f1a que ya pod\u00edan ser alineados juntos sin infringir la normativa vigente.<\/p>\n<p>La victoria del Sporting en el campo del Mallorca ha animado mucho a los seguidores rojiblancos ya que el equipo ha jugado uno de los partidos m\u00e1s s\u00f3lidos de toda la temporada demostrando que es un serio candidato a la lucha por el ascenso directo.<\/p>\n<p>Los aficionados est\u00e1n moviliz\u00e1ndose a trav\u00e9s de las redes sociales para concentrarse en las inmediaciones de El Molin\u00f3n un par de horas antes del inicio del partido del pr\u00f3ximo domingo ante la Ponferradina como apoyo a los jugadores que vienen de realizar uno de los mejores partidos de la temporada.<\/p>\n<p>El club espera un gran ambiente en este encuentro porque adem\u00e1s de la buena marcha del equipo se tiene la certeza que el conjunto leon\u00e9s tambi\u00e9n vendr\u00e1 acompa\u00f1ado de varios cientos de aficionados.<\/p>\n<p>Una movilizaci\u00f3n que ser\u00e1 multitudinaria en la jornada de la semana que viene cuando el Sporting jugar\u00e1 en Riazor ante el Deportivo de La Coru\u00f1a en un partido en el que los rojiblancos estar\u00e1n arropados por unos 5.000 seguidores.<\/p>\n<p>El club gallego envi\u00f3 la pasada semana 4.000 entradas para su venta en Gij\u00f3n que se agotaron en muy poco tiempo y muchos aficionados est\u00e1n a la espera de que la nueva directiva del Deportivo acceda a enviar m\u00e1s entradas, alrededor de otras 500, ante la gran demanda existente.<\/p>\n<p>Sin embargo en el seno de la plantilla se apuesta por ir paso a paso y los jugadores recomiendan que antes de pensar en La Coru\u00f1a la afici\u00f3n se centre en el partido del domingo ante la Ponferradina, un equipo que est\u00e1 en puestos de la zona alta y al que le tienen mucho respeto.<\/p>\n","protected":false},"excerpt":{"rendered":"<p>Gij\u00f3n, 4 feb (EFE).- Los dos delanteros serbios del Sporting, Stefan Scepovic y Dejan Lekic, dejan desde hoy de ocupar plaza de extranjeros al aceptar la Federaci\u00f3n Espa\u00f1ola de F\u00fatbol la solicitud que en ese sentido hab\u00eda remitido el club gijon\u00e9s. El Sporting realiz\u00f3 la petici\u00f3n acogi\u00e9ndose al art\u00edculo 49 del acuerdo de estabilizaci\u00f3n y [&hellip;]<\/p>\n","protected":false},"author":1,"featured_media":1132184,"comment_status":"closed","ping_status":"open","sticky":false,"template":"","format":"standard","meta":{"footnotes":""},"categories":[1],"tags":[],"class_list":["post-483341","post","type-post","status-publish","format-standard","has-post-thumbnail","hentry","category-actualidad"],"aioseo_notices":[],"aioseo_head":"\n\t\t<!-- All in One SEO Pro 5.0.1 - aioseo.com -->\n\t<meta name=\"description\" content=\"Gij\u00f3n, 4 feb (EFE).- Los dos delanteros serbios del Sporting, Stefan Scepovic y Dejan Lekic, dejan desde hoy de ocupar plaza de extranjeros al aceptar la Federaci\u00f3n Espa\u00f1ola de F\u00fatbol la solicitud que en ese sentido hab\u00eda remitido el club gijon\u00e9s. El Sporting realiz\u00f3 la petici\u00f3n acogi\u00e9ndose al art\u00edculo 49 del acuerdo de estabilizaci\u00f3n y\" \/>\n\t<meta name=\"robots\" content=\"max-image-preview:large\" \/>\n\t<meta name=\"author\" content=\"El Digital de Asturias\"\/>\n\t<meta name=\"google-site-verification\" content=\"UA-38556648-1\" \/>\n\t<meta name=\"msvalidate.01\" content=\"7dfe9f3f1b24437ab69f4f2559babe99\" \/>\n\t<meta name=\"keywords\" content=\"actualidad\" \/>\n\t<link rel=\"canonical\" href=\"https:\/\/www.eldigitaldeasturias.com\/noticias\/scepovic-y-lekic-dejan-de-ocupar-plaza-de-extranjeros-en-el-sporting\/\" \/>\n\t<meta name=\"generator\" content=\"All in One SEO Pro (AIOSEO) 5.0.1\" \/>\n\t\t<meta property=\"og:locale\" content=\"es_ES\" \/>\n\t\t<meta property=\"og:site_name\" content=\"El Digital de Asturias\" \/>\n\t\t<meta property=\"og:type\" content=\"article\" \/>\n\t\t<meta property=\"og:title\" content=\"Scepovic y Lekic dejan de ocupar plaza de extranjeros en el Sporting - El Digital de Asturias\" \/>\n\t\t<meta property=\"og:description\" content=\"Gij\u00f3n, 4 feb (EFE).- Los dos delanteros serbios del Sporting, Stefan Scepovic y Dejan Lekic, dejan desde hoy de ocupar plaza de extranjeros al aceptar la Federaci\u00f3n Espa\u00f1ola de F\u00fatbol la solicitud que en ese sentido hab\u00eda remitido el club gijon\u00e9s. El Sporting realiz\u00f3 la petici\u00f3n acogi\u00e9ndose al art\u00edculo 49 del acuerdo de estabilizaci\u00f3n y\" \/>\n\t\t<meta property=\"og:url\" content=\"https:\/\/www.eldigitaldeasturias.com\/noticias\/scepovic-y-lekic-dejan-de-ocupar-plaza-de-extranjeros-en-el-sporting\/\" \/>\n\t\t<meta property=\"og:image\" content=\"https:\/\/www.eldigitaldeasturias.com\/noticias\/wp-content\/uploads\/2026\/06\/Contenidos.jpg\" \/>\n\t\t<meta property=\"og:image:secure_url\" content=\"https:\/\/www.eldigitaldeasturias.com\/noticias\/wp-content\/uploads\/2026\/06\/Contenidos.jpg\" \/>\n\t\t<meta property=\"og:image:width\" content=\"1265\" \/>\n\t\t<meta property=\"og:image:height\" content=\"697\" \/>\n\t\t<meta property=\"article:tag\" content=\"actualidad\" \/>\n\t\t<meta property=\"article:published_time\" content=\"2014-02-04T20:56:01+00:00\" \/>\n\t\t<meta property=\"article:modified_time\" content=\"2014-02-04T20:56:01+00:00\" \/>\n\t\t<meta property=\"article:publisher\" content=\"https:\/\/facebook.com\/eldigitaldeasturias\" \/>\n\t\t<meta name=\"twitter:card\" content=\"summary_large_image\" \/>\n\t\t<meta name=\"twitter:title\" content=\"Scepovic y Lekic dejan de ocupar plaza de extranjeros en el Sporting - El Digital de Asturias\" \/>\n\t\t<meta name=\"twitter:description\" content=\"Gij\u00f3n, 4 feb (EFE).- Los dos delanteros serbios del Sporting, Stefan Scepovic y Dejan Lekic, dejan desde hoy de ocupar plaza de extranjeros al aceptar la Federaci\u00f3n Espa\u00f1ola de F\u00fatbol la solicitud que en ese sentido hab\u00eda remitido el club gijon\u00e9s. El Sporting realiz\u00f3 la petici\u00f3n acogi\u00e9ndose al art\u00edculo 49 del acuerdo de estabilizaci\u00f3n y\" \/>\n\t\t<meta name=\"twitter:image\" content=\"https:\/\/www.eldigitaldeasturias.com\/noticias\/wp-content\/uploads\/2026\/06\/Contenidos.jpg\" \/>\n\t\t<meta name=\"twitter:label1\" content=\"Escrito por\" \/>\n\t\t<meta name=\"twitter:data1\" content=\"El Digital de Asturias\" \/>\n\t\t<meta name=\"twitter:label2\" content=\"Tiempo de lectura estimado\" \/>\n\t\t<meta name=\"twitter:data2\" content=\"3 minutos\" \/>\n\t\t<script type=\"application\/ld+json\" class=\"aioseo-schema\">\n\t\t\t{\"@context\":\"https:\\\/\\\/schema.org\",\"@graph\":[{\"@type\":\"BlogPosting\",\"@id\":\"https:\\\/\\\/www.eldigitaldeasturias.com\\\/noticias\\\/scepovic-y-lekic-dejan-de-ocupar-plaza-de-extranjeros-en-el-sporting\\\/#blogposting\",\"name\":\"Scepovic y Lekic dejan de ocupar plaza de extranjeros en el Sporting - El Digital de Asturias\",\"headline\":\"Scepovic y Lekic dejan de ocupar plaza de extranjeros en el Sporting\",\"author\":{\"@id\":\"https:\\\/\\\/www.eldigitaldeasturias.com\\\/noticias\\\/author\\\/admin\\\/#author\"},\"publisher\":{\"@id\":\"https:\\\/\\\/www.eldigitaldeasturias.com\\\/noticias\\\/#organization\"},\"image\":{\"@type\":\"ImageObject\",\"url\":\"https:\\\/\\\/www.eldigitaldeasturias.com\\\/noticias\\\/wp-content\\\/uploads\\\/2026\\\/06\\\/Contenidos.jpg\",\"width\":1265,\"height\":697,\"caption\":\"Contenidos\"},\"datePublished\":\"2014-02-04T19:56:01+01:00\",\"dateModified\":\"2014-02-04T19:56:01+01:00\",\"inLanguage\":\"es-ES\",\"mainEntityOfPage\":{\"@id\":\"https:\\\/\\\/www.eldigitaldeasturias.com\\\/noticias\\\/scepovic-y-lekic-dejan-de-ocupar-plaza-de-extranjeros-en-el-sporting\\\/#webpage\"},\"isPartOf\":{\"@id\":\"https:\\\/\\\/www.eldigitaldeasturias.com\\\/noticias\\\/scepovic-y-lekic-dejan-de-ocupar-plaza-de-extranjeros-en-el-sporting\\\/#webpage\"},\"articleSection\":\"Actualidad\"},{\"@type\":\"BreadcrumbList\",\"@id\":\"https:\\\/\\\/www.eldigitaldeasturias.com\\\/noticias\\\/scepovic-y-lekic-dejan-de-ocupar-plaza-de-extranjeros-en-el-sporting\\\/#breadcrumblist\",\"itemListElement\":[{\"@type\":\"ListItem\",\"@id\":\"https:\\\/\\\/www.eldigitaldeasturias.com\\\/noticias#listItem\",\"position\":1,\"name\":\"Home\",\"item\":\"https:\\\/\\\/www.eldigitaldeasturias.com\\\/noticias\",\"nextItem\":{\"@type\":\"ListItem\",\"@id\":\"https:\\\/\\\/www.eldigitaldeasturias.com\\\/noticias\\\/category\\\/actualidad\\\/#listItem\",\"name\":\"Actualidad\"}},{\"@type\":\"ListItem\",\"@id\":\"https:\\\/\\\/www.eldigitaldeasturias.com\\\/noticias\\\/category\\\/actualidad\\\/#listItem\",\"position\":2,\"name\":\"Actualidad\",\"item\":\"https:\\\/\\\/www.eldigitaldeasturias.com\\\/noticias\\\/category\\\/actualidad\\\/\",\"nextItem\":{\"@type\":\"ListItem\",\"@id\":\"https:\\\/\\\/www.eldigitaldeasturias.com\\\/noticias\\\/scepovic-y-lekic-dejan-de-ocupar-plaza-de-extranjeros-en-el-sporting\\\/#listItem\",\"name\":\"Scepovic y Lekic dejan de ocupar plaza de extranjeros en el Sporting\"},\"previousItem\":{\"@type\":\"ListItem\",\"@id\":\"https:\\\/\\\/www.eldigitaldeasturias.com\\\/noticias#listItem\",\"name\":\"Home\"}},{\"@type\":\"ListItem\",\"@id\":\"https:\\\/\\\/www.eldigitaldeasturias.com\\\/noticias\\\/scepovic-y-lekic-dejan-de-ocupar-plaza-de-extranjeros-en-el-sporting\\\/#listItem\",\"position\":3,\"name\":\"Scepovic y Lekic dejan de ocupar plaza de extranjeros en el Sporting\",\"previousItem\":{\"@type\":\"ListItem\",\"@id\":\"https:\\\/\\\/www.eldigitaldeasturias.com\\\/noticias\\\/category\\\/actualidad\\\/#listItem\",\"name\":\"Actualidad\"}}]},{\"@type\":\"Organization\",\"@id\":\"https:\\\/\\\/www.eldigitaldeasturias.com\\\/noticias\\\/#organization\",\"name\":\"El Digital de Asturias\",\"description\":\"Hemeroteca\",\"url\":\"https:\\\/\\\/www.eldigitaldeasturias.com\\\/noticias\\\/\",\"email\":\"info@eldigitaldeasturias.com\",\"telephone\":\"+34652131393\",\"logo\":{\"@type\":\"ImageObject\",\"url\":\"https:\\\/\\\/www.eldigitaldeasturias.com\\\/noticias\\\/wp-content\\\/uploads\\\/2020\\\/12\\\/EDA.jpg\",\"@id\":\"https:\\\/\\\/www.eldigitaldeasturias.com\\\/noticias\\\/scepovic-y-lekic-dejan-de-ocupar-plaza-de-extranjeros-en-el-sporting\\\/#organizationLogo\"},\"image\":{\"@id\":\"https:\\\/\\\/www.eldigitaldeasturias.com\\\/noticias\\\/scepovic-y-lekic-dejan-de-ocupar-plaza-de-extranjeros-en-el-sporting\\\/#organizationLogo\"},\"sameAs\":[\"https:\\\/\\\/facebook.com\\\/eldigitaldeasturias\",\"https:\\\/\\\/www.youtube.com\\\/channel\\\/UCZP-2wLEB9Rv6erhFmqVnvg\"],\"address\":{\"@id\":\"https:\\\/\\\/www.eldigitaldeasturias.com\\\/noticias\\\/#postaladdress\",\"@type\":\"PostalAddress\",\"streetAddress\":\"san antonio 4\",\"postalCode\":\"33430\",\"addressLocality\":\"Cand\\u00e1s\",\"addressRegion\":\"Asturias\",\"addressCountry\":\"ES\"}},{\"@type\":\"Person\",\"@id\":\"https:\\\/\\\/www.eldigitaldeasturias.com\\\/noticias\\\/author\\\/admin\\\/#author\",\"url\":\"https:\\\/\\\/www.eldigitaldeasturias.com\\\/noticias\\\/author\\\/admin\\\/\",\"name\":\"El Digital de Asturias\",\"image\":{\"@type\":\"ImageObject\",\"@id\":\"https:\\\/\\\/www.eldigitaldeasturias.com\\\/noticias\\\/scepovic-y-lekic-dejan-de-ocupar-plaza-de-extranjeros-en-el-sporting\\\/#authorImage\",\"url\":\"https:\\\/\\\/secure.gravatar.com\\\/avatar\\\/df2aeffc32bcd13f8d26072ef8a91b623d677766deac7f97ca815868cd41bf5e?s=96&d=mm&r=g\",\"width\":96,\"height\":96,\"caption\":\"El Digital de Asturias\"}},{\"@type\":\"WebPage\",\"@id\":\"https:\\\/\\\/www.eldigitaldeasturias.com\\\/noticias\\\/scepovic-y-lekic-dejan-de-ocupar-plaza-de-extranjeros-en-el-sporting\\\/#webpage\",\"url\":\"https:\\\/\\\/www.eldigitaldeasturias.com\\\/noticias\\\/scepovic-y-lekic-dejan-de-ocupar-plaza-de-extranjeros-en-el-sporting\\\/\",\"name\":\"Scepovic y Lekic dejan de ocupar plaza de extranjeros en el Sporting - El Digital de Asturias\",\"description\":\"Gij\\u00f3n, 4 feb (EFE).- Los dos delanteros serbios del Sporting, Stefan Scepovic y Dejan Lekic, dejan desde hoy de ocupar plaza de extranjeros al aceptar la Federaci\\u00f3n Espa\\u00f1ola de F\\u00fatbol la solicitud que en ese sentido hab\\u00eda remitido el club gijon\\u00e9s. El Sporting realiz\\u00f3 la petici\\u00f3n acogi\\u00e9ndose al art\\u00edculo 49 del acuerdo de estabilizaci\\u00f3n y\",\"inLanguage\":\"es-ES\",\"isPartOf\":{\"@id\":\"https:\\\/\\\/www.eldigitaldeasturias.com\\\/noticias\\\/#website\"},\"breadcrumb\":{\"@id\":\"https:\\\/\\\/www.eldigitaldeasturias.com\\\/noticias\\\/scepovic-y-lekic-dejan-de-ocupar-plaza-de-extranjeros-en-el-sporting\\\/#breadcrumblist\"},\"author\":{\"@id\":\"https:\\\/\\\/www.eldigitaldeasturias.com\\\/noticias\\\/author\\\/admin\\\/#author\"},\"creator\":{\"@id\":\"https:\\\/\\\/www.eldigitaldeasturias.com\\\/noticias\\\/author\\\/admin\\\/#author\"},\"image\":{\"@type\":\"ImageObject\",\"url\":\"https:\\\/\\\/www.eldigitaldeasturias.com\\\/noticias\\\/wp-content\\\/uploads\\\/2026\\\/06\\\/Contenidos.jpg\",\"@id\":\"https:\\\/\\\/www.eldigitaldeasturias.com\\\/noticias\\\/scepovic-y-lekic-dejan-de-ocupar-plaza-de-extranjeros-en-el-sporting\\\/#mainImage\",\"width\":1265,\"height\":697,\"caption\":\"Contenidos\"},\"primaryImageOfPage\":{\"@id\":\"https:\\\/\\\/www.eldigitaldeasturias.com\\\/noticias\\\/scepovic-y-lekic-dejan-de-ocupar-plaza-de-extranjeros-en-el-sporting\\\/#mainImage\"},\"datePublished\":\"2014-02-04T19:56:01+01:00\",\"dateModified\":\"2014-02-04T19:56:01+01:00\"},{\"@type\":\"WebSite\",\"@id\":\"https:\\\/\\\/www.eldigitaldeasturias.com\\\/noticias\\\/#website\",\"url\":\"https:\\\/\\\/www.eldigitaldeasturias.com\\\/noticias\\\/\",\"name\":\"El Digital de Asturias - Diario de actualidad y noticias\",\"alternateName\":\"El Digital de Asturias - Diario de actualidad y noticias\",\"description\":\"Hemeroteca\",\"inLanguage\":\"es-ES\",\"publisher\":{\"@id\":\"https:\\\/\\\/www.eldigitaldeasturias.com\\\/noticias\\\/#organization\"}}]}\n\t\t<\/script>\n\t\t<!-- All in One SEO Pro -->\r\n\t\t<title>Scepovic y Lekic dejan de ocupar plaza de extranjeros en el Sporting - El Digital de Asturias<\/title>\n\n","aioseo_head_json":{"title":"Scepovic y Lekic dejan de ocupar plaza de extranjeros en el Sporting - El Digital de Asturias","description":"Gij\u00f3n, 4 feb (EFE).- Los dos delanteros serbios del Sporting, Stefan Scepovic y Dejan Lekic, dejan desde hoy de ocupar plaza de extranjeros al aceptar la Federaci\u00f3n Espa\u00f1ola de F\u00fatbol la solicitud que en ese sentido hab\u00eda remitido el club gijon\u00e9s. El Sporting realiz\u00f3 la petici\u00f3n acogi\u00e9ndose al art\u00edculo 49 del acuerdo de estabilizaci\u00f3n y","canonical_url":"https:\/\/www.eldigitaldeasturias.com\/noticias\/scepovic-y-lekic-dejan-de-ocupar-plaza-de-extranjeros-en-el-sporting\/","robots":"max-image-preview:large","keywords":"actualidad","webmasterTools":{"google-site-verification":"UA-38556648-1","msvalidate.01":"7dfe9f3f1b24437ab69f4f2559babe99","miscellaneous":""},"schema":{"@context":"https:\/\/schema.org","@graph":[{"@type":"BlogPosting","@id":"https:\/\/www.eldigitaldeasturias.com\/noticias\/scepovic-y-lekic-dejan-de-ocupar-plaza-de-extranjeros-en-el-sporting\/#blogposting","name":"Scepovic y Lekic dejan de ocupar plaza de extranjeros en el Sporting - El Digital de Asturias","headline":"Scepovic y Lekic dejan de ocupar plaza de extranjeros en el Sporting","author":{"@id":"https:\/\/www.eldigitaldeasturias.com\/noticias\/author\/admin\/#author"},"publisher":{"@id":"https:\/\/www.eldigitaldeasturias.com\/noticias\/#organization"},"image":{"@type":"ImageObject","url":"https:\/\/www.eldigitaldeasturias.com\/noticias\/wp-content\/uploads\/2026\/06\/Contenidos.jpg","width":1265,"height":697,"caption":"Contenidos"},"datePublished":"2014-02-04T19:56:01+01:00","dateModified":"2014-02-04T19:56:01+01:00","inLanguage":"es-ES","mainEntityOfPage":{"@id":"https:\/\/www.eldigitaldeasturias.com\/noticias\/scepovic-y-lekic-dejan-de-ocupar-plaza-de-extranjeros-en-el-sporting\/#webpage"},"isPartOf":{"@id":"https:\/\/www.eldigitaldeasturias.com\/noticias\/scepovic-y-lekic-dejan-de-ocupar-plaza-de-extranjeros-en-el-sporting\/#webpage"},"articleSection":"Actualidad"},{"@type":"BreadcrumbList","@id":"https:\/\/www.eldigitaldeasturias.com\/noticias\/scepovic-y-lekic-dejan-de-ocupar-plaza-de-extranjeros-en-el-sporting\/#breadcrumblist","itemListElement":[{"@type":"ListItem","@id":"https:\/\/www.eldigitaldeasturias.com\/noticias#listItem","position":1,"name":"Home","item":"https:\/\/www.eldigitaldeasturias.com\/noticias","nextItem":{"@type":"ListItem","@id":"https:\/\/www.eldigitaldeasturias.com\/noticias\/category\/actualidad\/#listItem","name":"Actualidad"}},{"@type":"ListItem","@id":"https:\/\/www.eldigitaldeasturias.com\/noticias\/category\/actualidad\/#listItem","position":2,"name":"Actualidad","item":"https:\/\/www.eldigitaldeasturias.com\/noticias\/category\/actualidad\/","nextItem":{"@type":"ListItem","@id":"https:\/\/www.eldigitaldeasturias.com\/noticias\/scepovic-y-lekic-dejan-de-ocupar-plaza-de-extranjeros-en-el-sporting\/#listItem","name":"Scepovic y Lekic dejan de ocupar plaza de extranjeros en el Sporting"},"previousItem":{"@type":"ListItem","@id":"https:\/\/www.eldigitaldeasturias.com\/noticias#listItem","name":"Home"}},{"@type":"ListItem","@id":"https:\/\/www.eldigitaldeasturias.com\/noticias\/scepovic-y-lekic-dejan-de-ocupar-plaza-de-extranjeros-en-el-sporting\/#listItem","position":3,"name":"Scepovic y Lekic dejan de ocupar plaza de extranjeros en el Sporting","previousItem":{"@type":"ListItem","@id":"https:\/\/www.eldigitaldeasturias.com\/noticias\/category\/actualidad\/#listItem","name":"Actualidad"}}]},{"@type":"Organization","@id":"https:\/\/www.eldigitaldeasturias.com\/noticias\/#organization","name":"El Digital de Asturias","description":"Hemeroteca","url":"https:\/\/www.eldigitaldeasturias.com\/noticias\/","email":"info@eldigitaldeasturias.com","telephone":"+34652131393","logo":{"@type":"ImageObject","url":"https:\/\/www.eldigitaldeasturias.com\/noticias\/wp-content\/uploads\/2020\/12\/EDA.jpg","@id":"https:\/\/www.eldigitaldeasturias.com\/noticias\/scepovic-y-lekic-dejan-de-ocupar-plaza-de-extranjeros-en-el-sporting\/#organizationLogo"},"image":{"@id":"https:\/\/www.eldigitaldeasturias.com\/noticias\/scepovic-y-lekic-dejan-de-ocupar-plaza-de-extranjeros-en-el-sporting\/#organizationLogo"},"sameAs":["https:\/\/facebook.com\/eldigitaldeasturias","https:\/\/www.youtube.com\/channel\/UCZP-2wLEB9Rv6erhFmqVnvg"],"address":{"@id":"https:\/\/www.eldigitaldeasturias.com\/noticias\/#postaladdress","@type":"PostalAddress","streetAddress":"san antonio 4","postalCode":"33430","addressLocality":"Cand\u00e1s","addressRegion":"Asturias","addressCountry":"ES"}},{"@type":"Person","@id":"https:\/\/www.eldigitaldeasturias.com\/noticias\/author\/admin\/#author","url":"https:\/\/www.eldigitaldeasturias.com\/noticias\/author\/admin\/","name":"El Digital de Asturias","image":{"@type":"ImageObject","@id":"https:\/\/www.eldigitaldeasturias.com\/noticias\/scepovic-y-lekic-dejan-de-ocupar-plaza-de-extranjeros-en-el-sporting\/#authorImage","url":"https:\/\/secure.gravatar.com\/avatar\/df2aeffc32bcd13f8d26072ef8a91b623d677766deac7f97ca815868cd41bf5e?s=96&d=mm&r=g","width":96,"height":96,"caption":"El Digital de Asturias"}},{"@type":"WebPage","@id":"https:\/\/www.eldigitaldeasturias.com\/noticias\/scepovic-y-lekic-dejan-de-ocupar-plaza-de-extranjeros-en-el-sporting\/#webpage","url":"https:\/\/www.eldigitaldeasturias.com\/noticias\/scepovic-y-lekic-dejan-de-ocupar-plaza-de-extranjeros-en-el-sporting\/","name":"Scepovic y Lekic dejan de ocupar plaza de extranjeros en el Sporting - El Digital de Asturias","description":"Gij\u00f3n, 4 feb (EFE).- Los dos delanteros serbios del Sporting, Stefan Scepovic y Dejan Lekic, dejan desde hoy de ocupar plaza de extranjeros al aceptar la Federaci\u00f3n Espa\u00f1ola de F\u00fatbol la solicitud que en ese sentido hab\u00eda remitido el club gijon\u00e9s. El Sporting realiz\u00f3 la petici\u00f3n acogi\u00e9ndose al art\u00edculo 49 del acuerdo de estabilizaci\u00f3n y","inLanguage":"es-ES","isPartOf":{"@id":"https:\/\/www.eldigitaldeasturias.com\/noticias\/#website"},"breadcrumb":{"@id":"https:\/\/www.eldigitaldeasturias.com\/noticias\/scepovic-y-lekic-dejan-de-ocupar-plaza-de-extranjeros-en-el-sporting\/#breadcrumblist"},"author":{"@id":"https:\/\/www.eldigitaldeasturias.com\/noticias\/author\/admin\/#author"},"creator":{"@id":"https:\/\/www.eldigitaldeasturias.com\/noticias\/author\/admin\/#author"},"image":{"@type":"ImageObject","url":"https:\/\/www.eldigitaldeasturias.com\/noticias\/wp-content\/uploads\/2026\/06\/Contenidos.jpg","@id":"https:\/\/www.eldigitaldeasturias.com\/noticias\/scepovic-y-lekic-dejan-de-ocupar-plaza-de-extranjeros-en-el-sporting\/#mainImage","width":1265,"height":697,"caption":"Contenidos"},"primaryImageOfPage":{"@id":"https:\/\/www.eldigitaldeasturias.com\/noticias\/scepovic-y-lekic-dejan-de-ocupar-plaza-de-extranjeros-en-el-sporting\/#mainImage"},"datePublished":"2014-02-04T19:56:01+01:00","dateModified":"2014-02-04T19:56:01+01:00"},{"@type":"WebSite","@id":"https:\/\/www.eldigitaldeasturias.com\/noticias\/#website","url":"https:\/\/www.eldigitaldeasturias.com\/noticias\/","name":"El Digital de Asturias - Diario de actualidad y noticias","alternateName":"El Digital de Asturias - Diario de actualidad y noticias","description":"Hemeroteca","inLanguage":"es-ES","publisher":{"@id":"https:\/\/www.eldigitaldeasturias.com\/noticias\/#organization"}}]},"og:locale":"es_ES","og:site_name":"El Digital de Asturias","og:type":"article","og:title":"Scepovic y Lekic dejan de ocupar plaza de extranjeros en el Sporting - El Digital de Asturias","og:description":"Gij\u00f3n, 4 feb (EFE).- Los dos delanteros serbios del Sporting, Stefan Scepovic y Dejan Lekic, dejan desde hoy de ocupar plaza de extranjeros al aceptar la Federaci\u00f3n Espa\u00f1ola de F\u00fatbol la solicitud que en ese sentido hab\u00eda remitido el club gijon\u00e9s. El Sporting realiz\u00f3 la petici\u00f3n acogi\u00e9ndose al art\u00edculo 49 del acuerdo de estabilizaci\u00f3n y","og:url":"https:\/\/www.eldigitaldeasturias.com\/noticias\/scepovic-y-lekic-dejan-de-ocupar-plaza-de-extranjeros-en-el-sporting\/","og:image":"https:\/\/www.eldigitaldeasturias.com\/noticias\/wp-content\/uploads\/2026\/06\/Contenidos.jpg","og:image:secure_url":"https:\/\/www.eldigitaldeasturias.com\/noticias\/wp-content\/uploads\/2026\/06\/Contenidos.jpg","og:image:width":1265,"og:image:height":697,"article:tag":["actualidad"],"article:published_time":"2014-02-04T20:56:01+00:00","article:modified_time":"2014-02-04T20:56:01+00:00","article:publisher":"https:\/\/facebook.com\/eldigitaldeasturias","twitter:card":"summary_large_image","twitter:title":"Scepovic y Lekic dejan de ocupar plaza de extranjeros en el Sporting - El Digital de Asturias","twitter:description":"Gij\u00f3n, 4 feb (EFE).- Los dos delanteros serbios del Sporting, Stefan Scepovic y Dejan Lekic, dejan desde hoy de ocupar plaza de extranjeros al aceptar la Federaci\u00f3n Espa\u00f1ola de F\u00fatbol la solicitud que en ese sentido hab\u00eda remitido el club gijon\u00e9s. El Sporting realiz\u00f3 la petici\u00f3n acogi\u00e9ndose al art\u00edculo 49 del acuerdo de estabilizaci\u00f3n y","twitter:image":"https:\/\/www.eldigitaldeasturias.com\/noticias\/wp-content\/uploads\/2026\/06\/Contenidos.jpg","twitter:label1":"Escrito por","twitter:data1":"El Digital de Asturias","twitter:label2":"Tiempo de lectura estimado","twitter:data2":"3 minutos"},"aioseo_meta_data":{"post_id":"483341","title":null,"description":null,"keywords":null,"keyphrases":null,"primary_term":null,"canonical_url":null,"og_title":null,"og_description":null,"og_object_type":"default","og_image_type":"default","og_image_url":null,"og_image_width":null,"og_image_height":null,"og_image_custom_url":null,"og_image_custom_fields":null,"og_video":null,"og_custom_url":null,"og_article_section":null,"og_article_tags":null,"twitter_use_og":true,"twitter_card":"default","twitter_image_type":"default","twitter_image_url":null,"twitter_image_custom_url":null,"twitter_image_custom_fields":null,"twitter_title":null,"twitter_description":null,"schema":{"blockGraphs":[],"customGraphs":[],"default":{"data":{"Article":[],"Course":[],"Dataset":[],"FAQPage":[],"Movie":[],"Person":[],"Product":[],"ProductReview":[],"Car":[],"Recipe":[],"Service":[],"SoftwareApplication":[],"WebPage":[]},"graphName":"","isEnabled":true},"graphs":[],"defaultGraph":"","defaultPostTypeGraph":""},"schema_type":null,"schema_type_options":null,"pillar_content":false,"robots_default":true,"robots_noindex":false,"robots_noarchive":false,"robots_nosnippet":false,"robots_nofollow":false,"robots_noimageindex":false,"robots_noodp":false,"robots_notranslate":false,"robots_max_snippet":null,"robots_max_videopreview":null,"robots_max_imagepreview":"none","priority":null,"frequency":null,"local_seo":null,"seo_analyzer_scan_date":"2026-06-02 12:35:46","breadcrumb_settings":null,"limit_modified_date":false,"open_ai":null,"ai":null,"created":"2020-11-14 22:54:45","updated":"2026-06-02 12:35:46","focus_keyword":null,"additional_keywords":null,"truseo_locale":null},"aioseo_breadcrumb":"<div class=\"aioseo-breadcrumbs\"><span class=\"aioseo-breadcrumb\">\n\t<a href=\"https:\/\/www.eldigitaldeasturias.com\/noticias\" title=\"Home\">Home<\/a>\n<\/span><span class=\"aioseo-breadcrumb-separator\">\u2013<\/span><span class=\"aioseo-breadcrumb\">\n\t<a href=\"https:\/\/www.eldigitaldeasturias.com\/noticias\/category\/actualidad\/\" title=\"Actualidad\">Actualidad<\/a>\n<\/span><span class=\"aioseo-breadcrumb-separator\">\u2013<\/span><span class=\"aioseo-breadcrumb\">\n\t<a href=\"https:\/\/www.eldigitaldeasturias.com\/noticias\/scepovic-y-lekic-dejan-de-ocupar-plaza-de-extranjeros-en-el-sporting\/\" title=\"Scepovic y Lekic dejan de ocupar plaza de extranjeros en el Sporting\">Scepovic y Lekic dejan de ocupar plaza de extranjeros en el Sporting<\/a>\n<\/span><\/div>","aioseo_breadcrumb_json":[{"label":"Home","link":"https:\/\/www.eldigitaldeasturias.com\/noticias"},{"label":"Actualidad","link":"https:\/\/www.eldigitaldeasturias.com\/noticias\/category\/actualidad\/"},{"label":"Scepovic y Lekic dejan de ocupar plaza de extranjeros en el Sporting","link":"https:\/\/www.eldigitaldeasturias.com\/noticias\/scepovic-y-lekic-dejan-de-ocupar-plaza-de-extranjeros-en-el-sporting\/"}],"_links":{"self":[{"href":"https:\/\/www.eldigitaldeasturias.com\/noticias\/wp-json\/wp\/v2\/posts\/483341","targetHints":{"allow":["GET"]}}],"collection":[{"href":"https:\/\/www.eldigitaldeasturias.com\/noticias\/wp-json\/wp\/v2\/posts"}],"about":[{"href":"https:\/\/www.eldigitaldeasturias.com\/noticias\/wp-json\/wp\/v2\/types\/post"}],"author":[{"embeddable":true,"href":"https:\/\/www.eldigitaldeasturias.com\/noticias\/wp-json\/wp\/v2\/users\/1"}],"replies":[{"embeddable":true,"href":"https:\/\/www.eldigitaldeasturias.com\/noticias\/wp-json\/wp\/v2\/comments?post=483341"}],"version-history":[{"count":0,"href":"https:\/\/www.eldigitaldeasturias.com\/noticias\/wp-json\/wp\/v2\/posts\/483341\/revisions"}],"wp:featuredmedia":[{"embeddable":true,"href":"https:\/\/www.eldigitaldeasturias.com\/noticias\/wp-json\/wp\/v2\/media\/1132184"}],"wp:attachment":[{"href":"https:\/\/www.eldigitaldeasturias.com\/noticias\/wp-json\/wp\/v2\/media?parent=483341"}],"wp:term":[{"taxonomy":"category","embeddable":true,"href":"https:\/\/www.eldigitaldeasturias.com\/noticias\/wp-json\/wp\/v2\/categories?post=483341"},{"taxonomy":"post_tag","embeddable":true,"href":"https:\/\/www.eldigitaldeasturias.com\/noticias\/wp-json\/wp\/v2\/tags?post=483341"}],"curies":[{"name":"wp","href":"https:\/\/api.w.org\/{rel}","templated":true}]}}